{"id":61761,"date":"2023-10-24T17:49:18","date_gmt":"2023-10-24T20:49:18","guid":{"rendered":"https:\/\/vocesdelacomuna15.com.ar\/?p=61761"},"modified":"2023-10-24T17:49:20","modified_gmt":"2023-10-24T20:49:20","slug":"derrota-de-argentinos-ante-gimnasia-en-un-flojo-partido-en-lo-defensivo","status":"publish","type":"post","link":"https:\/\/vocesdelacomuna15.com.ar\/press\/derrota-de-argentinos-ante-gimnasia-en-un-flojo-partido-en-lo-defensivo\/","title":{"rendered":"Derrota de Argentinos ante Gimnasia en un flojo partido en lo defensivo"},"content":{"rendered":"\n<p>Fue ca\u00edda 3-2 en el \u201cBosque\u201d de La Plata<\/p>\n\n\n\n<p>El \u201cBicho\u201d cay\u00f3 el pasado jueves en su visita a Gimnasia de La Plata por 3 a 2 en un muy mal partido en la fase defensiva. Argentinos comenz\u00f3 ganando a los 35 minutos con gol de cabeza de Luciano Gondou, pero enseguida igual\u00f3 Leonardo Morales tambi\u00e9n con un testazo tras un tiro libre desde la banda derecha. En tiempo de descuento de la primera etapa, puso en ventaja al \u201cLobo\u201d Eric Ram\u00edrez, con una mediavuelta.<\/p>\n\n\n\n<p>En el segundo tiempo, nuevamente Ram\u00edrez marc\u00f3 para el 3-1, definiendo ante la marca de Lucas Villalba que tuvo algo de mala fortuna al defender, aunque como en el segundo gol, la zaga del \u201cBicho\u201d qued\u00f3 muy mal parada. Ya cerca del cierre, a los 84 minutos, Gabriel \u00c1valos descont\u00f3 para el 2-3 definitivo.<\/p>\n\n\n\n<p>Con el resultado, Argentinos Juniors qued\u00f3 en la 10\u00b0 posici\u00f3n de la Zona A de la Copa de la Liga con 12 unidades. El l\u00edder de este grupo es Independiente con 18 puntos mientras que la Zona B est\u00e1 comandada por Belgrano de C\u00f3rdoba con 17 puntos. Hoy, en el D\u00eda del Hincha de Argentinos Juniors (en esta fecha de 1985 el \u201cBicho\u201d ganaba la Copa Libertadores), Argentinos recibir\u00e1 a Hurac\u00e1n en La Paternal a las 21.30 horas.<\/p>\n\n\n\n<p>Ante Gimnasia, el \u201cBicho\u201d form\u00f3 con Mart\u00edn Arias; Galv\u00e1n, Torr\u00e9n, Villalba; Cabrera, Redondo, Alan Rodr\u00edguez, Montiel; Gonz\u00e1lez Metilli; Gondou y Heredia. En el equipo dirigido por Pablo Guede ingresaron Moyano por Cabrera, \u00c1valos por Montiel y Rom\u00e1n Vega por Redondo a los 45 minutos, Lescano por Heredia a los 57 y Vera por Vilallba a los 73.<\/p>\n\n\n\n<p>Resumen del Partido (Fuente: Liga Profesional de F\u00fatbol de la AFA- You Tube):<\/p>\n\n\n\n<figure class=\"wp-block-embed is-type-video is-provider-youtube wp-block-embed-youtube wp-embed-aspect-16-9 wp-has-aspect-ratio\"><div class=\"wp-block-embed__wrapper\">\n<iframe loading=\"lazy\" title=\"#CopaSurFinanzas 2023 | Fecha 9 | resumen de Gimnasia - Argentinos\" width=\"1080\" height=\"608\" src=\"https:\/\/www.youtube.com\/embed\/BXUueUGOuO0?start=191&#038;feature=oembed\" frameborder=\"0\" allow=\"accelerometer; autoplay; clipboard-write; encrypted-media; gyroscope; picture-in-picture; web-share\" allowfullscreen><\/iframe>\n<\/div><\/figure>\n\n\n\n<p>Conferencia de Prensa (Fuente: Argentinos Juniors- You Tube):<\/p>\n\n\n\n<figure class=\"wp-block-embed is-type-video is-provider-youtube wp-block-embed-youtube wp-embed-aspect-16-9 wp-has-aspect-ratio\"><div class=\"wp-block-embed__wrapper\">\n<iframe loading=\"lazy\" title=\"CONFERENCIA: Pablo GUEDE vs. Gimnasia de La Plata \/ Copa Liga 2023 \ud83c\udfc6\" width=\"1080\" height=\"608\" src=\"https:\/\/www.youtube.com\/embed\/lcuJTnbmj14?start=5&#038;feature=oembed\" frameborder=\"0\" allow=\"accelerometer; autoplay; clipboard-write; encrypted-media; gyroscope; picture-in-picture; web-share\" allowfullscreen><\/iframe>\n<\/div><\/figure>\n\n\n\n<p><\/p>\n\n\n\n<p><strong>ATLANTA CERR\u00d3 SU PARTICIPACI\u00d3N EN LA TEMPORADA CON UNA DERROTA<\/strong><\/p>\n\n\n\n<p>El \u201cBohemio\u201d cay\u00f3 como visitante el domingo 15 de octubre por la \u00faltima fecha de la Primera Nacional. Patricio Vidal marc\u00f3 a los 15 minutos y Rodrigo Sayavedra a los 41 para los locales mientras que Federico Bisanz descont\u00f3 a los 63 para los de Villa Crespo, dirigidos por Nicol\u00e1s Barrero.<\/p>\n\n\n\n<p>Con la ca\u00edda, Atlanta qued\u00f3 en la 15\u00b0 posici\u00f3n de la Zona B de la Primera Nacional con 35 puntos, sobre 18 equipos, en una campa\u00f1a muy floja. Independiente Rivadavia gan\u00f3 esta zona con 68 puntos (uno mas que Chacarita, al que pas\u00f3 en la \u00faltima fecha) y jugar\u00e1 la final por el ascenso a Primera ante Almirante Brown, que gan\u00f3 la Zona A con 61 unidades. Villa D\u00e1lmine y Flandria descendieron a la B Metro, mientras que por el reducido por el segundo ascenso se enfrentar\u00e1n: San Mart\u00edn de Tucum\u00e1n- Riestra, Chacarita-Temperley, Agropecuario-Ferro, Quilmes-Gimnasia de Mendoza, Deportivo Maip\u00fa de Mendoza- San Mart\u00edn de San Juan, Estudiantes de R\u00edo Cuarto- Mitre de Santiago del Estero y Atl\u00e9tico Rafaela- Defensores de Belgrano.<\/p>\n\n\n\n<figure class=\"wp-block-image size-large\"><img loading=\"lazy\" decoding=\"async\" width=\"1024\" height=\"768\" src=\"https:\/\/vocesdelacomuna15.com.ar\/wp-content\/uploads\/2023\/10\/atlanta-brown-1024x768.jpg\" alt=\"\" class=\"wp-image-61763\" srcset=\"https:\/\/vocesdelacomuna15.com.ar\/wp-content\/uploads\/2023\/10\/atlanta-brown-1024x768.jpg 1024w, https:\/\/vocesdelacomuna15.com.ar\/wp-content\/uploads\/2023\/10\/atlanta-brown-300x225.jpg 300w, https:\/\/vocesdelacomuna15.com.ar\/wp-content\/uploads\/2023\/10\/atlanta-brown-768x576.jpg 768w, https:\/\/vocesdelacomuna15.com.ar\/wp-content\/uploads\/2023\/10\/atlanta-brown-1536x1152.jpg 1536w, https:\/\/vocesdelacomuna15.com.ar\/wp-content\/uploads\/2023\/10\/atlanta-brown-2048x1536.jpg 2048w, https:\/\/vocesdelacomuna15.com.ar\/wp-content\/uploads\/2023\/10\/atlanta-brown-1080x810.jpg 1080w\" sizes=\"(max-width: 1024px) 100vw, 1024px\" \/><\/figure>\n\n\n\n<p><em>Derrota del &#8220;Bohemio&#8221; en Adrogu\u00e9 para cerrar una floja campa\u00f1a<\/em><\/p>\n\n\n\n<p><\/p>\n\n\n\n<p><strong>COMUNICACIONES IGUAL\u00d3 SIN GOLES POR LOS CUARTOS DEL REDUCIDO<\/strong><\/p>\n\n\n\n<p>El s\u00e1bado 14 de octubre \u201cComu\u201d empat\u00f3 0 a 0 como visitante ante Deportivo Armenio por los cuartos de final del reducido por el segundo ascenso a la Primera Nacional (por el primer ascenso jugar\u00e1n el partido de vuelta San Miguel contra Talleres de Remedios de Escalada, completando la serie despu\u00e9s del 0-0 en el partido de ida en Escalada). El \u201cCartero\u201d, en tanto jugar\u00e1 el partido de vuelta por su serie este s\u00e1bado a las 15.30 horas en Agronom\u00eda.<\/p>\n\n\n\n<figure class=\"wp-block-image size-large\"><img loading=\"lazy\" decoding=\"async\" width=\"1024\" height=\"1024\" src=\"https:\/\/vocesdelacomuna15.com.ar\/wp-content\/uploads\/2023\/10\/comu-dep-1024x1024.jpg\" alt=\"\" class=\"wp-image-61764\" srcset=\"https:\/\/vocesdelacomuna15.com.ar\/wp-content\/uploads\/2023\/10\/comu-dep-1024x1024.jpg 1024w, https:\/\/vocesdelacomuna15.com.ar\/wp-content\/uploads\/2023\/10\/comu-dep-300x300.jpg 300w, https:\/\/vocesdelacomuna15.com.ar\/wp-content\/uploads\/2023\/10\/comu-dep-150x150.jpg 150w, https:\/\/vocesdelacomuna15.com.ar\/wp-content\/uploads\/2023\/10\/comu-dep-768x768.jpg 768w, https:\/\/vocesdelacomuna15.com.ar\/wp-content\/uploads\/2023\/10\/comu-dep-440x440.jpg 440w, https:\/\/vocesdelacomuna15.com.ar\/wp-content\/uploads\/2023\/10\/comu-dep.jpg 1080w\" sizes=\"(max-width: 1024px) 100vw, 1024px\" \/><\/figure>\n\n\n\n<p><em>Comunicaciones empat\u00f3 como visitante y definir\u00e1 la serie en Agronom\u00eda<\/em><\/p>\n\n\n\n<p><\/p>\n\n\n\n<p>Caracteres: 3.303<\/p>\n\n\n\n<p><\/p>\n\n\n\n<p>Foto Argentinos: Prensa AAAJ<\/p>\n\n\n\n<p>Foto Atlanta: X @atlantaoficial<\/p>\n\n\n\n<p>Foto Comunicaciones: X @prensacomu<\/p>\n<div class=\"pvc_clear\"><\/div><p id=\"pvc_stats_61761\" class=\"pvc_stats all  \" data-element-id=\"61761\" style=\"\"><i class=\"pvc-stats-icon small\" aria-hidden=\"true\"><svg aria-hidden=\"true\" focusable=\"false\" data-prefix=\"far\" data-icon=\"chart-bar\" role=\"img\" xmlns=\"http:\/\/www.w3.org\/2000\/svg\" viewBox=\"0 0 512 512\" class=\"svg-inline--fa fa-chart-bar fa-w-16 fa-2x\"><path fill=\"currentColor\" d=\"M396.8 352h22.4c6.4 0 12.8-6.4 12.8-12.8V108.8c0-6.4-6.4-12.8-12.8-12.8h-22.4c-6.4 0-12.8 6.4-12.8 12.8v230.4c0 6.4 6.4 12.8 12.8 12.8zm-192 0h22.4c6.4 0 12.8-6.4 12.8-12.8V140.8c0-6.4-6.4-12.8-12.8-12.8h-22.4c-6.4 0-12.8 6.4-12.8 12.8v198.4c0 6.4 6.4 12.8 12.8 12.8zm96 0h22.4c6.4 0 12.8-6.4 12.8-12.8V204.8c0-6.4-6.4-12.8-12.8-12.8h-22.4c-6.4 0-12.8 6.4-12.8 12.8v134.4c0 6.4 6.4 12.8 12.8 12.8zM496 400H48V80c0-8.84-7.16-16-16-16H16C7.16 64 0 71.16 0 80v336c0 17.67 14.33 32 32 32h464c8.84 0 16-7.16 16-16v-16c0-8.84-7.16-16-16-16zm-387.2-48h22.4c6.4 0 12.8-6.4 12.8-12.8v-70.4c0-6.4-6.4-12.8-12.8-12.8h-22.4c-6.4 0-12.8 6.4-12.8 12.8v70.4c0 6.4 6.4 12.8 12.8 12.8z\" class=\"\"><\/path><\/svg><\/i> <img loading=\"lazy\" decoding=\"async\" width=\"16\" height=\"16\" alt=\"Loading\" src=\"https:\/\/vocesdelacomuna15.com.ar\/wp-content\/plugins\/page-views-count\/ajax-loader-2x.gif\" border=0 \/><\/p><div class=\"pvc_clear\"><\/div>","protected":false},"excerpt":{"rendered":"<p>Fue ca\u00edda 3-2 en el \u201cBosque\u201d de La Plata El \u201cBicho\u201d cay\u00f3 el pasado jueves en su visita a Gimnasia de La Plata por 3 a 2 en un muy mal partido en la fase defensiva. Argentinos comenz\u00f3 ganando a los 35 minutos con gol de cabeza de Luciano Gondou, pero enseguida igual\u00f3 Leonardo Morales [&hellip;]<\/p>\n<div class=\"pvc_clear\"><\/div>\n<p id=\"pvc_stats_61761\" class=\"pvc_stats all  \" data-element-id=\"61761\" style=\"\"><i class=\"pvc-stats-icon small\" aria-hidden=\"true\"><svg aria-hidden=\"true\" focusable=\"false\" data-prefix=\"far\" data-icon=\"chart-bar\" role=\"img\" xmlns=\"http:\/\/www.w3.org\/2000\/svg\" viewBox=\"0 0 512 512\" class=\"svg-inline--fa fa-chart-bar fa-w-16 fa-2x\"><path fill=\"currentColor\" d=\"M396.8 352h22.4c6.4 0 12.8-6.4 12.8-12.8V108.8c0-6.4-6.4-12.8-12.8-12.8h-22.4c-6.4 0-12.8 6.4-12.8 12.8v230.4c0 6.4 6.4 12.8 12.8 12.8zm-192 0h22.4c6.4 0 12.8-6.4 12.8-12.8V140.8c0-6.4-6.4-12.8-12.8-12.8h-22.4c-6.4 0-12.8 6.4-12.8 12.8v198.4c0 6.4 6.4 12.8 12.8 12.8zm96 0h22.4c6.4 0 12.8-6.4 12.8-12.8V204.8c0-6.4-6.4-12.8-12.8-12.8h-22.4c-6.4 0-12.8 6.4-12.8 12.8v134.4c0 6.4 6.4 12.8 12.8 12.8zM496 400H48V80c0-8.84-7.16-16-16-16H16C7.16 64 0 71.16 0 80v336c0 17.67 14.33 32 32 32h464c8.84 0 16-7.16 16-16v-16c0-8.84-7.16-16-16-16zm-387.2-48h22.4c6.4 0 12.8-6.4 12.8-12.8v-70.4c0-6.4-6.4-12.8-12.8-12.8h-22.4c-6.4 0-12.8 6.4-12.8 12.8v70.4c0 6.4 6.4 12.8 12.8 12.8z\" class=\"\"><\/path><\/svg><\/i> <img loading=\"lazy\" decoding=\"async\" width=\"16\" height=\"16\" alt=\"Loading\" src=\"https:\/\/vocesdelacomuna15.com.ar\/wp-content\/plugins\/page-views-count\/ajax-loader-2x.gif\" border=0 \/><\/p>\n<div class=\"pvc_clear\"><\/div>\n","protected":false},"author":2,"featured_media":61762,"comment_status":"open","ping_status":"open","sticky":false,"template":"","format":"standard","meta":{"_et_pb_use_builder":"off","_et_pb_old_content":"","_et_gb_content_width":"","footnotes":""},"categories":[6,27,29,32],"tags":[],"class_list":["post-61761","post","type-post","status-publish","format-standard","has-post-thumbnail","hentry","category-agro","category-deportes","category-lapa","category-vcre","et-has-post-format-content","et_post_format-et-post-format-standard"],"a3_pvc":{"activated":true,"total_views":34,"today_views":0},"yoast_head":"<!-- This site is optimized with the Yoast SEO plugin v27.5 - https:\/\/yoast.com\/product\/yoast-seo-wordpress\/ -->\n<title>Derrota de Argentinos ante Gimnasia en un flojo partido en lo defensivo - Voces de la Comuna 15<\/title>\n<meta name=\"description\" content=\"Voces de la Comuna 15\" \/>\n<meta name=\"robots\" content=\"index, follow, max-snippet:-1, max-image-preview:large, max-video-preview:-1\" \/>\n<link rel=\"canonical\" href=\"https:\/\/vocesdelacomuna15.com.ar\/press\/derrota-de-argentinos-ante-gimnasia-en-un-flojo-partido-en-lo-defensivo\/\" \/>\n<meta property=\"og:locale\" content=\"es_ES\" \/>\n<meta property=\"og:type\" content=\"article\" \/>\n<meta property=\"og:title\" content=\"Derrota de Argentinos ante Gimnasia en un flojo partido en lo defensivo - Voces de la Comuna 15\" \/>\n<meta property=\"og:description\" content=\"Voces de la Comuna 15\" \/>\n<meta property=\"og:url\" content=\"https:\/\/vocesdelacomuna15.com.ar\/press\/derrota-de-argentinos-ante-gimnasia-en-un-flojo-partido-en-lo-defensivo\/\" \/>\n<meta property=\"og:site_name\" content=\"Voces de la Comuna 15\" \/>\n<meta property=\"article:publisher\" content=\"https:\/\/www.facebook.com\/VocesComuna15\/\" \/>\n<meta property=\"article:published_time\" content=\"2023-10-24T20:49:18+00:00\" \/>\n<meta property=\"article:modified_time\" content=\"2023-10-24T20:49:20+00:00\" \/>\n<meta property=\"og:image\" content=\"https:\/\/vocesdelacomuna15.com.ar\/wp-content\/uploads\/2023\/10\/metilli.jpg\" \/>\n\t<meta property=\"og:image:width\" content=\"1509\" \/>\n\t<meta property=\"og:image:height\" content=\"1006\" \/>\n\t<meta property=\"og:image:type\" content=\"image\/jpeg\" \/>\n<meta name=\"author\" content=\"Federico Arguto\" \/>\n<meta name=\"twitter:card\" content=\"summary_large_image\" \/>\n<meta name=\"twitter:creator\" content=\"@vocescomuna15\" \/>\n<meta name=\"twitter:site\" content=\"@vocescomuna15\" \/>\n<meta name=\"twitter:label1\" content=\"Escrito por\" \/>\n\t<meta name=\"twitter:data1\" content=\"Federico Arguto\" \/>\n\t<meta name=\"twitter:label2\" content=\"Tiempo de lectura\" \/>\n\t<meta name=\"twitter:data2\" content=\"3 minutos\" \/>\n<script type=\"application\/ld+json\" class=\"yoast-schema-graph\">{\"@context\":\"https:\\\/\\\/schema.org\",\"@graph\":[{\"@type\":\"Article\",\"@id\":\"https:\\\/\\\/vocesdelacomuna15.com.ar\\\/press\\\/derrota-de-argentinos-ante-gimnasia-en-un-flojo-partido-en-lo-defensivo\\\/#article\",\"isPartOf\":{\"@id\":\"https:\\\/\\\/vocesdelacomuna15.com.ar\\\/press\\\/derrota-de-argentinos-ante-gimnasia-en-un-flojo-partido-en-lo-defensivo\\\/\"},\"author\":{\"name\":\"Federico Arguto\",\"@id\":\"https:\\\/\\\/vocesdelacomuna15.com.ar\\\/press\\\/#\\\/schema\\\/person\\\/4739e109db25d799cd3d139eeb509e43\"},\"headline\":\"Derrota de Argentinos ante Gimnasia en un flojo partido en lo defensivo\",\"datePublished\":\"2023-10-24T20:49:18+00:00\",\"dateModified\":\"2023-10-24T20:49:20+00:00\",\"mainEntityOfPage\":{\"@id\":\"https:\\\/\\\/vocesdelacomuna15.com.ar\\\/press\\\/derrota-de-argentinos-ante-gimnasia-en-un-flojo-partido-en-lo-defensivo\\\/\"},\"wordCount\":640,\"commentCount\":0,\"publisher\":{\"@id\":\"https:\\\/\\\/vocesdelacomuna15.com.ar\\\/press\\\/#organization\"},\"image\":{\"@id\":\"https:\\\/\\\/vocesdelacomuna15.com.ar\\\/press\\\/derrota-de-argentinos-ante-gimnasia-en-un-flojo-partido-en-lo-defensivo\\\/#primaryimage\"},\"thumbnailUrl\":\"https:\\\/\\\/vocesdelacomuna15.com.ar\\\/wp-content\\\/uploads\\\/2023\\\/10\\\/metilli.jpg\",\"articleSection\":[\"Agronom\u00eda\",\"Deportes\",\"La Paternal\",\"Villa Crespo\"],\"inLanguage\":\"es-AR\",\"potentialAction\":[{\"@type\":\"CommentAction\",\"name\":\"Comment\",\"target\":[\"https:\\\/\\\/vocesdelacomuna15.com.ar\\\/press\\\/derrota-de-argentinos-ante-gimnasia-en-un-flojo-partido-en-lo-defensivo\\\/#respond\"]}]},{\"@type\":\"WebPage\",\"@id\":\"https:\\\/\\\/vocesdelacomuna15.com.ar\\\/press\\\/derrota-de-argentinos-ante-gimnasia-en-un-flojo-partido-en-lo-defensivo\\\/\",\"url\":\"https:\\\/\\\/vocesdelacomuna15.com.ar\\\/press\\\/derrota-de-argentinos-ante-gimnasia-en-un-flojo-partido-en-lo-defensivo\\\/\",\"name\":\"Derrota de Argentinos ante Gimnasia en un flojo partido en lo defensivo - Voces de la Comuna 15\",\"isPartOf\":{\"@id\":\"https:\\\/\\\/vocesdelacomuna15.com.ar\\\/press\\\/#website\"},\"primaryImageOfPage\":{\"@id\":\"https:\\\/\\\/vocesdelacomuna15.com.ar\\\/press\\\/derrota-de-argentinos-ante-gimnasia-en-un-flojo-partido-en-lo-defensivo\\\/#primaryimage\"},\"image\":{\"@id\":\"https:\\\/\\\/vocesdelacomuna15.com.ar\\\/press\\\/derrota-de-argentinos-ante-gimnasia-en-un-flojo-partido-en-lo-defensivo\\\/#primaryimage\"},\"thumbnailUrl\":\"https:\\\/\\\/vocesdelacomuna15.com.ar\\\/wp-content\\\/uploads\\\/2023\\\/10\\\/metilli.jpg\",\"datePublished\":\"2023-10-24T20:49:18+00:00\",\"dateModified\":\"2023-10-24T20:49:20+00:00\",\"description\":\"Voces de la Comuna 15\",\"breadcrumb\":{\"@id\":\"https:\\\/\\\/vocesdelacomuna15.com.ar\\\/press\\\/derrota-de-argentinos-ante-gimnasia-en-un-flojo-partido-en-lo-defensivo\\\/#breadcrumb\"},\"inLanguage\":\"es-AR\",\"potentialAction\":[{\"@type\":\"ReadAction\",\"target\":[\"https:\\\/\\\/vocesdelacomuna15.com.ar\\\/press\\\/derrota-de-argentinos-ante-gimnasia-en-un-flojo-partido-en-lo-defensivo\\\/\"]}]},{\"@type\":\"ImageObject\",\"inLanguage\":\"es-AR\",\"@id\":\"https:\\\/\\\/vocesdelacomuna15.com.ar\\\/press\\\/derrota-de-argentinos-ante-gimnasia-en-un-flojo-partido-en-lo-defensivo\\\/#primaryimage\",\"url\":\"https:\\\/\\\/vocesdelacomuna15.com.ar\\\/wp-content\\\/uploads\\\/2023\\\/10\\\/metilli.jpg\",\"contentUrl\":\"https:\\\/\\\/vocesdelacomuna15.com.ar\\\/wp-content\\\/uploads\\\/2023\\\/10\\\/metilli.jpg\",\"width\":1509,\"height\":1006},{\"@type\":\"BreadcrumbList\",\"@id\":\"https:\\\/\\\/vocesdelacomuna15.com.ar\\\/press\\\/derrota-de-argentinos-ante-gimnasia-en-un-flojo-partido-en-lo-defensivo\\\/#breadcrumb\",\"itemListElement\":[{\"@type\":\"ListItem\",\"position\":1,\"name\":\"Inicio\",\"item\":\"https:\\\/\\\/vocesdelacomuna15.com.ar\\\/press\\\/\"},{\"@type\":\"ListItem\",\"position\":2,\"name\":\"Derrota de Argentinos ante Gimnasia en un flojo partido en lo defensivo\"}]},{\"@type\":\"WebSite\",\"@id\":\"https:\\\/\\\/vocesdelacomuna15.com.ar\\\/press\\\/#website\",\"url\":\"https:\\\/\\\/vocesdelacomuna15.com.ar\\\/press\\\/\",\"name\":\"Voces de la Comuna 15\",\"description\":\"Sitio web de noticias\",\"publisher\":{\"@id\":\"https:\\\/\\\/vocesdelacomuna15.com.ar\\\/press\\\/#organization\"},\"potentialAction\":[{\"@type\":\"SearchAction\",\"target\":{\"@type\":\"EntryPoint\",\"urlTemplate\":\"https:\\\/\\\/vocesdelacomuna15.com.ar\\\/press\\\/?s={search_term_string}\"},\"query-input\":{\"@type\":\"PropertyValueSpecification\",\"valueRequired\":true,\"valueName\":\"search_term_string\"}}],\"inLanguage\":\"es-AR\"},{\"@type\":\"Organization\",\"@id\":\"https:\\\/\\\/vocesdelacomuna15.com.ar\\\/press\\\/#organization\",\"name\":\"Voces de la Comuna 15\",\"url\":\"https:\\\/\\\/vocesdelacomuna15.com.ar\\\/press\\\/\",\"logo\":{\"@type\":\"ImageObject\",\"inLanguage\":\"es-AR\",\"@id\":\"https:\\\/\\\/vocesdelacomuna15.com.ar\\\/press\\\/#\\\/schema\\\/logo\\\/image\\\/\",\"url\":\"https:\\\/\\\/vocesdelacomuna15.com.ar\\\/wp-content\\\/uploads\\\/2024\\\/12\\\/cropped-logo_voces.jpg\",\"contentUrl\":\"https:\\\/\\\/vocesdelacomuna15.com.ar\\\/wp-content\\\/uploads\\\/2024\\\/12\\\/cropped-logo_voces.jpg\",\"width\":512,\"height\":512,\"caption\":\"Voces de la Comuna 15\"},\"image\":{\"@id\":\"https:\\\/\\\/vocesdelacomuna15.com.ar\\\/press\\\/#\\\/schema\\\/logo\\\/image\\\/\"},\"sameAs\":[\"https:\\\/\\\/www.facebook.com\\\/VocesComuna15\\\/\",\"https:\\\/\\\/x.com\\\/vocescomuna15\"]},{\"@type\":\"Person\",\"@id\":\"https:\\\/\\\/vocesdelacomuna15.com.ar\\\/press\\\/#\\\/schema\\\/person\\\/4739e109db25d799cd3d139eeb509e43\",\"name\":\"Federico Arguto\",\"image\":{\"@type\":\"ImageObject\",\"inLanguage\":\"es-AR\",\"@id\":\"https:\\\/\\\/vocesdelacomuna15.com.ar\\\/wp-content\\\/litespeed\\\/avatar\\\/82faf979976f1bae889b8b71f8a0a7e5.jpg?ver=1777419741\",\"url\":\"https:\\\/\\\/vocesdelacomuna15.com.ar\\\/wp-content\\\/litespeed\\\/avatar\\\/82faf979976f1bae889b8b71f8a0a7e5.jpg?ver=1777419741\",\"contentUrl\":\"https:\\\/\\\/vocesdelacomuna15.com.ar\\\/wp-content\\\/litespeed\\\/avatar\\\/82faf979976f1bae889b8b71f8a0a7e5.jpg?ver=1777419741\",\"caption\":\"Federico Arguto\"},\"url\":\"https:\\\/\\\/vocesdelacomuna15.com.ar\\\/press\\\/author\\\/fede\\\/\"}]}<\/script>\n<!-- \/ Yoast SEO plugin. -->","yoast_head_json":{"title":"Derrota de Argentinos ante Gimnasia en un flojo partido en lo defensivo - Voces de la Comuna 15","description":"Voces de la Comuna 15","robots":{"index":"index","follow":"follow","max-snippet":"max-snippet:-1","max-image-preview":"max-image-preview:large","max-video-preview":"max-video-preview:-1"},"canonical":"https:\/\/vocesdelacomuna15.com.ar\/press\/derrota-de-argentinos-ante-gimnasia-en-un-flojo-partido-en-lo-defensivo\/","og_locale":"es_ES","og_type":"article","og_title":"Derrota de Argentinos ante Gimnasia en un flojo partido en lo defensivo - Voces de la Comuna 15","og_description":"Voces de la Comuna 15","og_url":"https:\/\/vocesdelacomuna15.com.ar\/press\/derrota-de-argentinos-ante-gimnasia-en-un-flojo-partido-en-lo-defensivo\/","og_site_name":"Voces de la Comuna 15","article_publisher":"https:\/\/www.facebook.com\/VocesComuna15\/","article_published_time":"2023-10-24T20:49:18+00:00","article_modified_time":"2023-10-24T20:49:20+00:00","og_image":[{"width":1509,"height":1006,"url":"https:\/\/vocesdelacomuna15.com.ar\/wp-content\/uploads\/2023\/10\/metilli.jpg","type":"image\/jpeg"}],"author":"Federico Arguto","twitter_card":"summary_large_image","twitter_creator":"@vocescomuna15","twitter_site":"@vocescomuna15","twitter_misc":{"Escrito por":"Federico Arguto","Tiempo de lectura":"3 minutos"},"schema":{"@context":"https:\/\/schema.org","@graph":[{"@type":"Article","@id":"https:\/\/vocesdelacomuna15.com.ar\/press\/derrota-de-argentinos-ante-gimnasia-en-un-flojo-partido-en-lo-defensivo\/#article","isPartOf":{"@id":"https:\/\/vocesdelacomuna15.com.ar\/press\/derrota-de-argentinos-ante-gimnasia-en-un-flojo-partido-en-lo-defensivo\/"},"author":{"name":"Federico Arguto","@id":"https:\/\/vocesdelacomuna15.com.ar\/press\/#\/schema\/person\/4739e109db25d799cd3d139eeb509e43"},"headline":"Derrota de Argentinos ante Gimnasia en un flojo partido en lo defensivo","datePublished":"2023-10-24T20:49:18+00:00","dateModified":"2023-10-24T20:49:20+00:00","mainEntityOfPage":{"@id":"https:\/\/vocesdelacomuna15.com.ar\/press\/derrota-de-argentinos-ante-gimnasia-en-un-flojo-partido-en-lo-defensivo\/"},"wordCount":640,"commentCount":0,"publisher":{"@id":"https:\/\/vocesdelacomuna15.com.ar\/press\/#organization"},"image":{"@id":"https:\/\/vocesdelacomuna15.com.ar\/press\/derrota-de-argentinos-ante-gimnasia-en-un-flojo-partido-en-lo-defensivo\/#primaryimage"},"thumbnailUrl":"https:\/\/vocesdelacomuna15.com.ar\/wp-content\/uploads\/2023\/10\/metilli.jpg","articleSection":["Agronom\u00eda","Deportes","La Paternal","Villa Crespo"],"inLanguage":"es-AR","potentialAction":[{"@type":"CommentAction","name":"Comment","target":["https:\/\/vocesdelacomuna15.com.ar\/press\/derrota-de-argentinos-ante-gimnasia-en-un-flojo-partido-en-lo-defensivo\/#respond"]}]},{"@type":"WebPage","@id":"https:\/\/vocesdelacomuna15.com.ar\/press\/derrota-de-argentinos-ante-gimnasia-en-un-flojo-partido-en-lo-defensivo\/","url":"https:\/\/vocesdelacomuna15.com.ar\/press\/derrota-de-argentinos-ante-gimnasia-en-un-flojo-partido-en-lo-defensivo\/","name":"Derrota de Argentinos ante Gimnasia en un flojo partido en lo defensivo - Voces de la Comuna 15","isPartOf":{"@id":"https:\/\/vocesdelacomuna15.com.ar\/press\/#website"},"primaryImageOfPage":{"@id":"https:\/\/vocesdelacomuna15.com.ar\/press\/derrota-de-argentinos-ante-gimnasia-en-un-flojo-partido-en-lo-defensivo\/#primaryimage"},"image":{"@id":"https:\/\/vocesdelacomuna15.com.ar\/press\/derrota-de-argentinos-ante-gimnasia-en-un-flojo-partido-en-lo-defensivo\/#primaryimage"},"thumbnailUrl":"https:\/\/vocesdelacomuna15.com.ar\/wp-content\/uploads\/2023\/10\/metilli.jpg","datePublished":"2023-10-24T20:49:18+00:00","dateModified":"2023-10-24T20:49:20+00:00","description":"Voces de la Comuna 15","breadcrumb":{"@id":"https:\/\/vocesdelacomuna15.com.ar\/press\/derrota-de-argentinos-ante-gimnasia-en-un-flojo-partido-en-lo-defensivo\/#breadcrumb"},"inLanguage":"es-AR","potentialAction":[{"@type":"ReadAction","target":["https:\/\/vocesdelacomuna15.com.ar\/press\/derrota-de-argentinos-ante-gimnasia-en-un-flojo-partido-en-lo-defensivo\/"]}]},{"@type":"ImageObject","inLanguage":"es-AR","@id":"https:\/\/vocesdelacomuna15.com.ar\/press\/derrota-de-argentinos-ante-gimnasia-en-un-flojo-partido-en-lo-defensivo\/#primaryimage","url":"https:\/\/vocesdelacomuna15.com.ar\/wp-content\/uploads\/2023\/10\/metilli.jpg","contentUrl":"https:\/\/vocesdelacomuna15.com.ar\/wp-content\/uploads\/2023\/10\/metilli.jpg","width":1509,"height":1006},{"@type":"BreadcrumbList","@id":"https:\/\/vocesdelacomuna15.com.ar\/press\/derrota-de-argentinos-ante-gimnasia-en-un-flojo-partido-en-lo-defensivo\/#breadcrumb","itemListElement":[{"@type":"ListItem","position":1,"name":"Inicio","item":"https:\/\/vocesdelacomuna15.com.ar\/press\/"},{"@type":"ListItem","position":2,"name":"Derrota de Argentinos ante Gimnasia en un flojo partido en lo defensivo"}]},{"@type":"WebSite","@id":"https:\/\/vocesdelacomuna15.com.ar\/press\/#website","url":"https:\/\/vocesdelacomuna15.com.ar\/press\/","name":"Voces de la Comuna 15","description":"Sitio web de noticias","publisher":{"@id":"https:\/\/vocesdelacomuna15.com.ar\/press\/#organization"},"potentialAction":[{"@type":"SearchAction","target":{"@type":"EntryPoint","urlTemplate":"https:\/\/vocesdelacomuna15.com.ar\/press\/?s={search_term_string}"},"query-input":{"@type":"PropertyValueSpecification","valueRequired":true,"valueName":"search_term_string"}}],"inLanguage":"es-AR"},{"@type":"Organization","@id":"https:\/\/vocesdelacomuna15.com.ar\/press\/#organization","name":"Voces de la Comuna 15","url":"https:\/\/vocesdelacomuna15.com.ar\/press\/","logo":{"@type":"ImageObject","inLanguage":"es-AR","@id":"https:\/\/vocesdelacomuna15.com.ar\/press\/#\/schema\/logo\/image\/","url":"https:\/\/vocesdelacomuna15.com.ar\/wp-content\/uploads\/2024\/12\/cropped-logo_voces.jpg","contentUrl":"https:\/\/vocesdelacomuna15.com.ar\/wp-content\/uploads\/2024\/12\/cropped-logo_voces.jpg","width":512,"height":512,"caption":"Voces de la Comuna 15"},"image":{"@id":"https:\/\/vocesdelacomuna15.com.ar\/press\/#\/schema\/logo\/image\/"},"sameAs":["https:\/\/www.facebook.com\/VocesComuna15\/","https:\/\/x.com\/vocescomuna15"]},{"@type":"Person","@id":"https:\/\/vocesdelacomuna15.com.ar\/press\/#\/schema\/person\/4739e109db25d799cd3d139eeb509e43","name":"Federico Arguto","image":{"@type":"ImageObject","inLanguage":"es-AR","@id":"https:\/\/vocesdelacomuna15.com.ar\/wp-content\/litespeed\/avatar\/82faf979976f1bae889b8b71f8a0a7e5.jpg?ver=1777419741","url":"https:\/\/vocesdelacomuna15.com.ar\/wp-content\/litespeed\/avatar\/82faf979976f1bae889b8b71f8a0a7e5.jpg?ver=1777419741","contentUrl":"https:\/\/vocesdelacomuna15.com.ar\/wp-content\/litespeed\/avatar\/82faf979976f1bae889b8b71f8a0a7e5.jpg?ver=1777419741","caption":"Federico Arguto"},"url":"https:\/\/vocesdelacomuna15.com.ar\/press\/author\/fede\/"}]}},"_links":{"self":[{"href":"https:\/\/vocesdelacomuna15.com.ar\/press\/wp-json\/wp\/v2\/posts\/61761","targetHints":{"allow":["GET"]}}],"collection":[{"href":"https:\/\/vocesdelacomuna15.com.ar\/press\/wp-json\/wp\/v2\/posts"}],"about":[{"href":"https:\/\/vocesdelacomuna15.com.ar\/press\/wp-json\/wp\/v2\/types\/post"}],"author":[{"embeddable":true,"href":"https:\/\/vocesdelacomuna15.com.ar\/press\/wp-json\/wp\/v2\/users\/2"}],"replies":[{"embeddable":true,"href":"https:\/\/vocesdelacomuna15.com.ar\/press\/wp-json\/wp\/v2\/comments?post=61761"}],"version-history":[{"count":1,"href":"https:\/\/vocesdelacomuna15.com.ar\/press\/wp-json\/wp\/v2\/posts\/61761\/revisions"}],"predecessor-version":[{"id":61765,"href":"https:\/\/vocesdelacomuna15.com.ar\/press\/wp-json\/wp\/v2\/posts\/61761\/revisions\/61765"}],"wp:featuredmedia":[{"embeddable":true,"href":"https:\/\/vocesdelacomuna15.com.ar\/press\/wp-json\/wp\/v2\/media\/61762"}],"wp:attachment":[{"href":"https:\/\/vocesdelacomuna15.com.ar\/press\/wp-json\/wp\/v2\/media?parent=61761"}],"wp:term":[{"taxonomy":"category","embeddable":true,"href":"https:\/\/vocesdelacomuna15.com.ar\/press\/wp-json\/wp\/v2\/categories?post=61761"},{"taxonomy":"post_tag","embeddable":true,"href":"https:\/\/vocesdelacomuna15.com.ar\/press\/wp-json\/wp\/v2\/tags?post=61761"}],"curies":[{"name":"wp","href":"https:\/\/api.w.org\/{rel}","templated":true}]}}