{"id":61758,"date":"2023-10-24T15:46:41","date_gmt":"2023-10-24T18:46:41","guid":{"rendered":"https:\/\/vocesdelacomuna15.com.ar\/?p=61758"},"modified":"2023-10-24T15:46:43","modified_gmt":"2023-10-24T18:46:43","slug":"sergio-massa-gano-las-elecciones-y-se-medira-con-milei-en-el-balotaje","status":"publish","type":"post","link":"https:\/\/vocesdelacomuna15.com.ar\/press\/sergio-massa-gano-las-elecciones-y-se-medira-con-milei-en-el-balotaje\/","title":{"rendered":"Sergio Massa gan\u00f3 las elecciones y se medir\u00e1 con Milei en el balotaje"},"content":{"rendered":"\n<p>Fuente: Diario Popular<\/p>\n\n\n\n<p>Link a nota original: <a href=\"https:\/\/www.diariopopular.com.ar\/politica\/sergio-massa-gano-las-elecciones-y-se-medira-milei-el-balotaje-n749833\">https:\/\/www.diariopopular.com.ar\/politica\/sergio-massa-gano-las-elecciones-y-se-medira-milei-el-balotaje-n749833<\/a><\/p>\n\n\n\n<p>Escrutados el 97,56% de los votos, el candidato de <strong>Uni\u00f3n por la Patria (UxP), Sergio Massa,<\/strong> result\u00f3 el ganador de las elecciones presidenciales -con el <strong>36,62%<\/strong> de los votos. celebradas este domingo y se medir\u00e1 con<strong> Javier Milei <\/strong>de <strong>La Libertad Avanza <\/strong>con el <strong>30,03%<\/strong> y se medir\u00e1n en el balotaje el 19 de noviembre pr\u00f3ximo. <strong>Patricia Bullrich,<\/strong> de Juntos por el Cambio, obtuvo el <strong>23,83%. <\/strong>Unos 35 millones de argentinos votaron<strong> este domingo un nuevo Gobierno<\/strong> en unas <strong>elecciones <\/strong>con cinco candidatos presidenciales, con el antecedente del escenario de paridad entre los primeros tres postulantes registrado en las PASO y en un clima de incertidumbre<\/p>\n\n\n\n<p>A la hora del cierre de los comicios hab\u00edan votado el 74 por ciento de los ciudadanos habilitados, pero el porcentaje puede variar cuando se sumen los sufragios de quienes estaban dentro de los centros de votaci\u00f3n en ese momento.<\/p>\n\n\n\n<p>Adem\u00e1s de <strong>Massa, Milei y Patricia Bullrich, tambi\u00e9n compitieron por la presidencia Myriam Bregman (Frente de Izquierda y los Trabajadores-Unidad, FIT-U) y Juan Schiaretti (Hacemos por Nuestro Pa\u00eds, HpNP)<\/strong>.<\/p>\n\n\n\n<p>En las primarias abiertas, simult\u00e1neas y obligatorias (PASO) de agosto \u00faltimo, <strong>Milei obtuvo el 29,8% de los sufragios, Bullrich sum\u00f3 28% (con la suma de los votos de su contrincante en la interna Horacio Rodr\u00edguez Larreta) y Massa alcanz\u00f3 el 27,2% (con los apoyos recibidos por Juan Grabois)<\/strong>.<\/p>\n\n\n\n<p>Muy lejos se posicionaron las otras dos fuerzas que superaron el piso del 1,5% necesario para competir en las generales: <strong>Schiaretti logr\u00f3 3,71 puntos y Bregman se qued\u00f3 con un 2,61%<\/strong>.<\/p>\n\n\n\n<p>Esta semana, poco antes de la veda electoral que se inici\u00f3 el viernes, los partidos y frentes pusieron punto final a sus actividades de campa\u00f1a, tras una intensa actividad proselitista desarrollada en todo el pa\u00eds -en algo m\u00e1s de dos meses luego de las PASO-, que incluy\u00f3 dos debates obligatorios entre los cinco aspirantes a la Casa Rosada.<\/p>\n\n\n\n<p>Elecciones 2023: cu\u00e1les son los cargos eligidos<\/p>\n\n\n\n<p>Adem\u00e1s de Presidente y Vicepresidente, <strong>este domingo se eligieron 130 diputados nacionales, 24 senadores nacionales en ocho provincias, 19 parlamentarios del Mercosur por distrito nacional y 24 parlamentarios del Mercosur<\/strong> por distrito regional.<\/p>\n\n\n\n<p>Como sucede cada dos a\u00f1os, el electorado vot\u00f3 para <strong>renovar la mitad de la C\u00e1mara de Diputados (130 bancas) y un tercio del Senado<\/strong> (en esta oportunidad las 24 bancas que representan a Buenos Aires, Formosa, Jujuy, La Rioja, Misiones, San Juan, San Luis y Santa Cruz).<\/p>\n\n\n\n<p>Los resultados de las elecciones indican que <strong>ninguna fuerza pol\u00edtica logr\u00f3 tener qu\u00f3rum propio en ambas c\u00e1maras<\/strong> (se necesitan 129 esca\u00f1os en Diputados y 37 en el Senado).<\/p>\n\n\n\n<p>Tambi\u00e9n hubo comicios para elegir gobernador y otras categor\u00edas provinciales y municipales en <strong>Buenos Aires, Catamarca y Entre R\u00edos<\/strong>; jefe de Gobierno y diputados porte\u00f1os en la Ciudad Aut\u00f3noma de Buenos Aires, adem\u00e1s de cargos municipales en Santa Cruz, C\u00f3rdoba, R\u00edo Negro y Neuqu\u00e9n.<\/p>\n<div class=\"pvc_clear\"><\/div><p id=\"pvc_stats_61758\" class=\"pvc_stats all  \" data-element-id=\"61758\" style=\"\"><i class=\"pvc-stats-icon small\" aria-hidden=\"true\"><svg aria-hidden=\"true\" focusable=\"false\" data-prefix=\"far\" data-icon=\"chart-bar\" role=\"img\" xmlns=\"http:\/\/www.w3.org\/2000\/svg\" viewBox=\"0 0 512 512\" class=\"svg-inline--fa fa-chart-bar fa-w-16 fa-2x\"><path fill=\"currentColor\" d=\"M396.8 352h22.4c6.4 0 12.8-6.4 12.8-12.8V108.8c0-6.4-6.4-12.8-12.8-12.8h-22.4c-6.4 0-12.8 6.4-12.8 12.8v230.4c0 6.4 6.4 12.8 12.8 12.8zm-192 0h22.4c6.4 0 12.8-6.4 12.8-12.8V140.8c0-6.4-6.4-12.8-12.8-12.8h-22.4c-6.4 0-12.8 6.4-12.8 12.8v198.4c0 6.4 6.4 12.8 12.8 12.8zm96 0h22.4c6.4 0 12.8-6.4 12.8-12.8V204.8c0-6.4-6.4-12.8-12.8-12.8h-22.4c-6.4 0-12.8 6.4-12.8 12.8v134.4c0 6.4 6.4 12.8 12.8 12.8zM496 400H48V80c0-8.84-7.16-16-16-16H16C7.16 64 0 71.16 0 80v336c0 17.67 14.33 32 32 32h464c8.84 0 16-7.16 16-16v-16c0-8.84-7.16-16-16-16zm-387.2-48h22.4c6.4 0 12.8-6.4 12.8-12.8v-70.4c0-6.4-6.4-12.8-12.8-12.8h-22.4c-6.4 0-12.8 6.4-12.8 12.8v70.4c0 6.4 6.4 12.8 12.8 12.8z\" class=\"\"><\/path><\/svg><\/i> <img loading=\"lazy\" decoding=\"async\" width=\"16\" height=\"16\" alt=\"Loading\" src=\"https:\/\/vocesdelacomuna15.com.ar\/wp-content\/plugins\/page-views-count\/ajax-loader-2x.gif\" border=0 \/><\/p><div class=\"pvc_clear\"><\/div>","protected":false},"excerpt":{"rendered":"<p>Fuente: Diario Popular Link a nota original: https:\/\/www.diariopopular.com.ar\/politica\/sergio-massa-gano-las-elecciones-y-se-medira-milei-el-balotaje-n749833 Escrutados el 97,56% de los votos, el candidato de Uni\u00f3n por la Patria (UxP), Sergio Massa, result\u00f3 el ganador de las elecciones presidenciales -con el 36,62% de los votos. celebradas este domingo y se medir\u00e1 con Javier Milei de La Libertad Avanza con el 30,03% y se [&hellip;]<\/p>\n<div class=\"pvc_clear\"><\/div>\n<p id=\"pvc_stats_61758\" class=\"pvc_stats all  \" data-element-id=\"61758\" style=\"\"><i class=\"pvc-stats-icon small\" aria-hidden=\"true\"><svg aria-hidden=\"true\" focusable=\"false\" data-prefix=\"far\" data-icon=\"chart-bar\" role=\"img\" xmlns=\"http:\/\/www.w3.org\/2000\/svg\" viewBox=\"0 0 512 512\" class=\"svg-inline--fa fa-chart-bar fa-w-16 fa-2x\"><path fill=\"currentColor\" d=\"M396.8 352h22.4c6.4 0 12.8-6.4 12.8-12.8V108.8c0-6.4-6.4-12.8-12.8-12.8h-22.4c-6.4 0-12.8 6.4-12.8 12.8v230.4c0 6.4 6.4 12.8 12.8 12.8zm-192 0h22.4c6.4 0 12.8-6.4 12.8-12.8V140.8c0-6.4-6.4-12.8-12.8-12.8h-22.4c-6.4 0-12.8 6.4-12.8 12.8v198.4c0 6.4 6.4 12.8 12.8 12.8zm96 0h22.4c6.4 0 12.8-6.4 12.8-12.8V204.8c0-6.4-6.4-12.8-12.8-12.8h-22.4c-6.4 0-12.8 6.4-12.8 12.8v134.4c0 6.4 6.4 12.8 12.8 12.8zM496 400H48V80c0-8.84-7.16-16-16-16H16C7.16 64 0 71.16 0 80v336c0 17.67 14.33 32 32 32h464c8.84 0 16-7.16 16-16v-16c0-8.84-7.16-16-16-16zm-387.2-48h22.4c6.4 0 12.8-6.4 12.8-12.8v-70.4c0-6.4-6.4-12.8-12.8-12.8h-22.4c-6.4 0-12.8 6.4-12.8 12.8v70.4c0 6.4 6.4 12.8 12.8 12.8z\" class=\"\"><\/path><\/svg><\/i> <img loading=\"lazy\" decoding=\"async\" width=\"16\" height=\"16\" alt=\"Loading\" src=\"https:\/\/vocesdelacomuna15.com.ar\/wp-content\/plugins\/page-views-count\/ajax-loader-2x.gif\" border=0 \/><\/p>\n<div class=\"pvc_clear\"><\/div>\n","protected":false},"author":2,"featured_media":61759,"comment_status":"open","ping_status":"open","sticky":false,"template":"","format":"standard","meta":{"_et_pb_use_builder":"off","_et_pb_old_content":"","_et_gb_content_width":"","footnotes":""},"categories":[31],"tags":[],"class_list":["post-61758","post","type-post","status-publish","format-standard","has-post-thumbnail","hentry","category-politica","et-has-post-format-content","et_post_format-et-post-format-standard"],"a3_pvc":{"activated":true,"total_views":277,"today_views":0},"yoast_head":"<!-- This site is optimized with the Yoast SEO plugin v27.5 - https:\/\/yoast.com\/product\/yoast-seo-wordpress\/ -->\n<title>Sergio Massa gan\u00f3 las elecciones y se medir\u00e1 con Milei en el balotaje - Voces de la Comuna 15<\/title>\n<meta name=\"description\" content=\"Voces de la Comuna 15\" \/>\n<meta name=\"robots\" content=\"index, follow, max-snippet:-1, max-image-preview:large, max-video-preview:-1\" \/>\n<link rel=\"canonical\" href=\"https:\/\/vocesdelacomuna15.com.ar\/press\/sergio-massa-gano-las-elecciones-y-se-medira-con-milei-en-el-balotaje\/\" \/>\n<meta property=\"og:locale\" content=\"es_ES\" \/>\n<meta property=\"og:type\" content=\"article\" \/>\n<meta property=\"og:title\" content=\"Sergio Massa gan\u00f3 las elecciones y se medir\u00e1 con Milei en el balotaje - Voces de la Comuna 15\" \/>\n<meta property=\"og:description\" content=\"Voces de la Comuna 15\" \/>\n<meta property=\"og:url\" content=\"https:\/\/vocesdelacomuna15.com.ar\/press\/sergio-massa-gano-las-elecciones-y-se-medira-con-milei-en-el-balotaje\/\" \/>\n<meta property=\"og:site_name\" content=\"Voces de la Comuna 15\" \/>\n<meta property=\"article:publisher\" content=\"https:\/\/www.facebook.com\/VocesComuna15\/\" \/>\n<meta property=\"article:published_time\" content=\"2023-10-24T18:46:41+00:00\" \/>\n<meta property=\"article:modified_time\" content=\"2023-10-24T18:46:43+00:00\" \/>\n<meta property=\"og:image\" content=\"https:\/\/vocesdelacomuna15.com.ar\/wp-content\/uploads\/2023\/10\/massavotandojpg.jpg\" \/>\n\t<meta property=\"og:image:width\" content=\"1140\" \/>\n\t<meta property=\"og:image:height\" content=\"639\" \/>\n\t<meta property=\"og:image:type\" content=\"image\/jpeg\" \/>\n<meta name=\"author\" content=\"Federico Arguto\" \/>\n<meta name=\"twitter:card\" content=\"summary_large_image\" \/>\n<meta name=\"twitter:creator\" content=\"@vocescomuna15\" \/>\n<meta name=\"twitter:site\" content=\"@vocescomuna15\" \/>\n<meta name=\"twitter:label1\" content=\"Escrito por\" \/>\n\t<meta name=\"twitter:data1\" content=\"Federico Arguto\" \/>\n\t<meta name=\"twitter:label2\" content=\"Tiempo de lectura\" \/>\n\t<meta name=\"twitter:data2\" content=\"2 minutos\" \/>\n<script type=\"application\/ld+json\" class=\"yoast-schema-graph\">{\"@context\":\"https:\\\/\\\/schema.org\",\"@graph\":[{\"@type\":\"Article\",\"@id\":\"https:\\\/\\\/vocesdelacomuna15.com.ar\\\/press\\\/sergio-massa-gano-las-elecciones-y-se-medira-con-milei-en-el-balotaje\\\/#article\",\"isPartOf\":{\"@id\":\"https:\\\/\\\/vocesdelacomuna15.com.ar\\\/press\\\/sergio-massa-gano-las-elecciones-y-se-medira-con-milei-en-el-balotaje\\\/\"},\"author\":{\"name\":\"Federico Arguto\",\"@id\":\"https:\\\/\\\/vocesdelacomuna15.com.ar\\\/press\\\/#\\\/schema\\\/person\\\/4739e109db25d799cd3d139eeb509e43\"},\"headline\":\"Sergio Massa gan\u00f3 las elecciones y se medir\u00e1 con Milei en el balotaje\",\"datePublished\":\"2023-10-24T18:46:41+00:00\",\"dateModified\":\"2023-10-24T18:46:43+00:00\",\"mainEntityOfPage\":{\"@id\":\"https:\\\/\\\/vocesdelacomuna15.com.ar\\\/press\\\/sergio-massa-gano-las-elecciones-y-se-medira-con-milei-en-el-balotaje\\\/\"},\"wordCount\":506,\"commentCount\":0,\"publisher\":{\"@id\":\"https:\\\/\\\/vocesdelacomuna15.com.ar\\\/press\\\/#organization\"},\"image\":{\"@id\":\"https:\\\/\\\/vocesdelacomuna15.com.ar\\\/press\\\/sergio-massa-gano-las-elecciones-y-se-medira-con-milei-en-el-balotaje\\\/#primaryimage\"},\"thumbnailUrl\":\"https:\\\/\\\/vocesdelacomuna15.com.ar\\\/wp-content\\\/uploads\\\/2023\\\/10\\\/massavotandojpg.jpg\",\"articleSection\":[\"Pol\u00edtica\"],\"inLanguage\":\"es-AR\",\"potentialAction\":[{\"@type\":\"CommentAction\",\"name\":\"Comment\",\"target\":[\"https:\\\/\\\/vocesdelacomuna15.com.ar\\\/press\\\/sergio-massa-gano-las-elecciones-y-se-medira-con-milei-en-el-balotaje\\\/#respond\"]}]},{\"@type\":\"WebPage\",\"@id\":\"https:\\\/\\\/vocesdelacomuna15.com.ar\\\/press\\\/sergio-massa-gano-las-elecciones-y-se-medira-con-milei-en-el-balotaje\\\/\",\"url\":\"https:\\\/\\\/vocesdelacomuna15.com.ar\\\/press\\\/sergio-massa-gano-las-elecciones-y-se-medira-con-milei-en-el-balotaje\\\/\",\"name\":\"Sergio Massa gan\u00f3 las elecciones y se medir\u00e1 con Milei en el balotaje - Voces de la Comuna 15\",\"isPartOf\":{\"@id\":\"https:\\\/\\\/vocesdelacomuna15.com.ar\\\/press\\\/#website\"},\"primaryImageOfPage\":{\"@id\":\"https:\\\/\\\/vocesdelacomuna15.com.ar\\\/press\\\/sergio-massa-gano-las-elecciones-y-se-medira-con-milei-en-el-balotaje\\\/#primaryimage\"},\"image\":{\"@id\":\"https:\\\/\\\/vocesdelacomuna15.com.ar\\\/press\\\/sergio-massa-gano-las-elecciones-y-se-medira-con-milei-en-el-balotaje\\\/#primaryimage\"},\"thumbnailUrl\":\"https:\\\/\\\/vocesdelacomuna15.com.ar\\\/wp-content\\\/uploads\\\/2023\\\/10\\\/massavotandojpg.jpg\",\"datePublished\":\"2023-10-24T18:46:41+00:00\",\"dateModified\":\"2023-10-24T18:46:43+00:00\",\"description\":\"Voces de la Comuna 15\",\"breadcrumb\":{\"@id\":\"https:\\\/\\\/vocesdelacomuna15.com.ar\\\/press\\\/sergio-massa-gano-las-elecciones-y-se-medira-con-milei-en-el-balotaje\\\/#breadcrumb\"},\"inLanguage\":\"es-AR\",\"potentialAction\":[{\"@type\":\"ReadAction\",\"target\":[\"https:\\\/\\\/vocesdelacomuna15.com.ar\\\/press\\\/sergio-massa-gano-las-elecciones-y-se-medira-con-milei-en-el-balotaje\\\/\"]}]},{\"@type\":\"ImageObject\",\"inLanguage\":\"es-AR\",\"@id\":\"https:\\\/\\\/vocesdelacomuna15.com.ar\\\/press\\\/sergio-massa-gano-las-elecciones-y-se-medira-con-milei-en-el-balotaje\\\/#primaryimage\",\"url\":\"https:\\\/\\\/vocesdelacomuna15.com.ar\\\/wp-content\\\/uploads\\\/2023\\\/10\\\/massavotandojpg.jpg\",\"contentUrl\":\"https:\\\/\\\/vocesdelacomuna15.com.ar\\\/wp-content\\\/uploads\\\/2023\\\/10\\\/massavotandojpg.jpg\",\"width\":1140,\"height\":639},{\"@type\":\"BreadcrumbList\",\"@id\":\"https:\\\/\\\/vocesdelacomuna15.com.ar\\\/press\\\/sergio-massa-gano-las-elecciones-y-se-medira-con-milei-en-el-balotaje\\\/#breadcrumb\",\"itemListElement\":[{\"@type\":\"ListItem\",\"position\":1,\"name\":\"Inicio\",\"item\":\"https:\\\/\\\/vocesdelacomuna15.com.ar\\\/press\\\/\"},{\"@type\":\"ListItem\",\"position\":2,\"name\":\"Sergio Massa gan\u00f3 las elecciones y se medir\u00e1 con Milei en el balotaje\"}]},{\"@type\":\"WebSite\",\"@id\":\"https:\\\/\\\/vocesdelacomuna15.com.ar\\\/press\\\/#website\",\"url\":\"https:\\\/\\\/vocesdelacomuna15.com.ar\\\/press\\\/\",\"name\":\"Voces de la Comuna 15\",\"description\":\"Sitio web de noticias\",\"publisher\":{\"@id\":\"https:\\\/\\\/vocesdelacomuna15.com.ar\\\/press\\\/#organization\"},\"potentialAction\":[{\"@type\":\"SearchAction\",\"target\":{\"@type\":\"EntryPoint\",\"urlTemplate\":\"https:\\\/\\\/vocesdelacomuna15.com.ar\\\/press\\\/?s={search_term_string}\"},\"query-input\":{\"@type\":\"PropertyValueSpecification\",\"valueRequired\":true,\"valueName\":\"search_term_string\"}}],\"inLanguage\":\"es-AR\"},{\"@type\":\"Organization\",\"@id\":\"https:\\\/\\\/vocesdelacomuna15.com.ar\\\/press\\\/#organization\",\"name\":\"Voces de la Comuna 15\",\"url\":\"https:\\\/\\\/vocesdelacomuna15.com.ar\\\/press\\\/\",\"logo\":{\"@type\":\"ImageObject\",\"inLanguage\":\"es-AR\",\"@id\":\"https:\\\/\\\/vocesdelacomuna15.com.ar\\\/press\\\/#\\\/schema\\\/logo\\\/image\\\/\",\"url\":\"https:\\\/\\\/vocesdelacomuna15.com.ar\\\/wp-content\\\/uploads\\\/2024\\\/12\\\/cropped-logo_voces.jpg\",\"contentUrl\":\"https:\\\/\\\/vocesdelacomuna15.com.ar\\\/wp-content\\\/uploads\\\/2024\\\/12\\\/cropped-logo_voces.jpg\",\"width\":512,\"height\":512,\"caption\":\"Voces de la Comuna 15\"},\"image\":{\"@id\":\"https:\\\/\\\/vocesdelacomuna15.com.ar\\\/press\\\/#\\\/schema\\\/logo\\\/image\\\/\"},\"sameAs\":[\"https:\\\/\\\/www.facebook.com\\\/VocesComuna15\\\/\",\"https:\\\/\\\/x.com\\\/vocescomuna15\"]},{\"@type\":\"Person\",\"@id\":\"https:\\\/\\\/vocesdelacomuna15.com.ar\\\/press\\\/#\\\/schema\\\/person\\\/4739e109db25d799cd3d139eeb509e43\",\"name\":\"Federico Arguto\",\"image\":{\"@type\":\"ImageObject\",\"inLanguage\":\"es-AR\",\"@id\":\"https:\\\/\\\/vocesdelacomuna15.com.ar\\\/wp-content\\\/litespeed\\\/avatar\\\/82faf979976f1bae889b8b71f8a0a7e5.jpg?ver=1777419741\",\"url\":\"https:\\\/\\\/vocesdelacomuna15.com.ar\\\/wp-content\\\/litespeed\\\/avatar\\\/82faf979976f1bae889b8b71f8a0a7e5.jpg?ver=1777419741\",\"contentUrl\":\"https:\\\/\\\/vocesdelacomuna15.com.ar\\\/wp-content\\\/litespeed\\\/avatar\\\/82faf979976f1bae889b8b71f8a0a7e5.jpg?ver=1777419741\",\"caption\":\"Federico Arguto\"},\"url\":\"https:\\\/\\\/vocesdelacomuna15.com.ar\\\/press\\\/author\\\/fede\\\/\"}]}<\/script>\n<!-- \/ Yoast SEO plugin. -->","yoast_head_json":{"title":"Sergio Massa gan\u00f3 las elecciones y se medir\u00e1 con Milei en el balotaje - Voces de la Comuna 15","description":"Voces de la Comuna 15","robots":{"index":"index","follow":"follow","max-snippet":"max-snippet:-1","max-image-preview":"max-image-preview:large","max-video-preview":"max-video-preview:-1"},"canonical":"https:\/\/vocesdelacomuna15.com.ar\/press\/sergio-massa-gano-las-elecciones-y-se-medira-con-milei-en-el-balotaje\/","og_locale":"es_ES","og_type":"article","og_title":"Sergio Massa gan\u00f3 las elecciones y se medir\u00e1 con Milei en el balotaje - Voces de la Comuna 15","og_description":"Voces de la Comuna 15","og_url":"https:\/\/vocesdelacomuna15.com.ar\/press\/sergio-massa-gano-las-elecciones-y-se-medira-con-milei-en-el-balotaje\/","og_site_name":"Voces de la Comuna 15","article_publisher":"https:\/\/www.facebook.com\/VocesComuna15\/","article_published_time":"2023-10-24T18:46:41+00:00","article_modified_time":"2023-10-24T18:46:43+00:00","og_image":[{"width":1140,"height":639,"url":"https:\/\/vocesdelacomuna15.com.ar\/wp-content\/uploads\/2023\/10\/massavotandojpg.jpg","type":"image\/jpeg"}],"author":"Federico Arguto","twitter_card":"summary_large_image","twitter_creator":"@vocescomuna15","twitter_site":"@vocescomuna15","twitter_misc":{"Escrito por":"Federico Arguto","Tiempo de lectura":"2 minutos"},"schema":{"@context":"https:\/\/schema.org","@graph":[{"@type":"Article","@id":"https:\/\/vocesdelacomuna15.com.ar\/press\/sergio-massa-gano-las-elecciones-y-se-medira-con-milei-en-el-balotaje\/#article","isPartOf":{"@id":"https:\/\/vocesdelacomuna15.com.ar\/press\/sergio-massa-gano-las-elecciones-y-se-medira-con-milei-en-el-balotaje\/"},"author":{"name":"Federico Arguto","@id":"https:\/\/vocesdelacomuna15.com.ar\/press\/#\/schema\/person\/4739e109db25d799cd3d139eeb509e43"},"headline":"Sergio Massa gan\u00f3 las elecciones y se medir\u00e1 con Milei en el balotaje","datePublished":"2023-10-24T18:46:41+00:00","dateModified":"2023-10-24T18:46:43+00:00","mainEntityOfPage":{"@id":"https:\/\/vocesdelacomuna15.com.ar\/press\/sergio-massa-gano-las-elecciones-y-se-medira-con-milei-en-el-balotaje\/"},"wordCount":506,"commentCount":0,"publisher":{"@id":"https:\/\/vocesdelacomuna15.com.ar\/press\/#organization"},"image":{"@id":"https:\/\/vocesdelacomuna15.com.ar\/press\/sergio-massa-gano-las-elecciones-y-se-medira-con-milei-en-el-balotaje\/#primaryimage"},"thumbnailUrl":"https:\/\/vocesdelacomuna15.com.ar\/wp-content\/uploads\/2023\/10\/massavotandojpg.jpg","articleSection":["Pol\u00edtica"],"inLanguage":"es-AR","potentialAction":[{"@type":"CommentAction","name":"Comment","target":["https:\/\/vocesdelacomuna15.com.ar\/press\/sergio-massa-gano-las-elecciones-y-se-medira-con-milei-en-el-balotaje\/#respond"]}]},{"@type":"WebPage","@id":"https:\/\/vocesdelacomuna15.com.ar\/press\/sergio-massa-gano-las-elecciones-y-se-medira-con-milei-en-el-balotaje\/","url":"https:\/\/vocesdelacomuna15.com.ar\/press\/sergio-massa-gano-las-elecciones-y-se-medira-con-milei-en-el-balotaje\/","name":"Sergio Massa gan\u00f3 las elecciones y se medir\u00e1 con Milei en el balotaje - Voces de la Comuna 15","isPartOf":{"@id":"https:\/\/vocesdelacomuna15.com.ar\/press\/#website"},"primaryImageOfPage":{"@id":"https:\/\/vocesdelacomuna15.com.ar\/press\/sergio-massa-gano-las-elecciones-y-se-medira-con-milei-en-el-balotaje\/#primaryimage"},"image":{"@id":"https:\/\/vocesdelacomuna15.com.ar\/press\/sergio-massa-gano-las-elecciones-y-se-medira-con-milei-en-el-balotaje\/#primaryimage"},"thumbnailUrl":"https:\/\/vocesdelacomuna15.com.ar\/wp-content\/uploads\/2023\/10\/massavotandojpg.jpg","datePublished":"2023-10-24T18:46:41+00:00","dateModified":"2023-10-24T18:46:43+00:00","description":"Voces de la Comuna 15","breadcrumb":{"@id":"https:\/\/vocesdelacomuna15.com.ar\/press\/sergio-massa-gano-las-elecciones-y-se-medira-con-milei-en-el-balotaje\/#breadcrumb"},"inLanguage":"es-AR","potentialAction":[{"@type":"ReadAction","target":["https:\/\/vocesdelacomuna15.com.ar\/press\/sergio-massa-gano-las-elecciones-y-se-medira-con-milei-en-el-balotaje\/"]}]},{"@type":"ImageObject","inLanguage":"es-AR","@id":"https:\/\/vocesdelacomuna15.com.ar\/press\/sergio-massa-gano-las-elecciones-y-se-medira-con-milei-en-el-balotaje\/#primaryimage","url":"https:\/\/vocesdelacomuna15.com.ar\/wp-content\/uploads\/2023\/10\/massavotandojpg.jpg","contentUrl":"https:\/\/vocesdelacomuna15.com.ar\/wp-content\/uploads\/2023\/10\/massavotandojpg.jpg","width":1140,"height":639},{"@type":"BreadcrumbList","@id":"https:\/\/vocesdelacomuna15.com.ar\/press\/sergio-massa-gano-las-elecciones-y-se-medira-con-milei-en-el-balotaje\/#breadcrumb","itemListElement":[{"@type":"ListItem","position":1,"name":"Inicio","item":"https:\/\/vocesdelacomuna15.com.ar\/press\/"},{"@type":"ListItem","position":2,"name":"Sergio Massa gan\u00f3 las elecciones y se medir\u00e1 con Milei en el balotaje"}]},{"@type":"WebSite","@id":"https:\/\/vocesdelacomuna15.com.ar\/press\/#website","url":"https:\/\/vocesdelacomuna15.com.ar\/press\/","name":"Voces de la Comuna 15","description":"Sitio web de noticias","publisher":{"@id":"https:\/\/vocesdelacomuna15.com.ar\/press\/#organization"},"potentialAction":[{"@type":"SearchAction","target":{"@type":"EntryPoint","urlTemplate":"https:\/\/vocesdelacomuna15.com.ar\/press\/?s={search_term_string}"},"query-input":{"@type":"PropertyValueSpecification","valueRequired":true,"valueName":"search_term_string"}}],"inLanguage":"es-AR"},{"@type":"Organization","@id":"https:\/\/vocesdelacomuna15.com.ar\/press\/#organization","name":"Voces de la Comuna 15","url":"https:\/\/vocesdelacomuna15.com.ar\/press\/","logo":{"@type":"ImageObject","inLanguage":"es-AR","@id":"https:\/\/vocesdelacomuna15.com.ar\/press\/#\/schema\/logo\/image\/","url":"https:\/\/vocesdelacomuna15.com.ar\/wp-content\/uploads\/2024\/12\/cropped-logo_voces.jpg","contentUrl":"https:\/\/vocesdelacomuna15.com.ar\/wp-content\/uploads\/2024\/12\/cropped-logo_voces.jpg","width":512,"height":512,"caption":"Voces de la Comuna 15"},"image":{"@id":"https:\/\/vocesdelacomuna15.com.ar\/press\/#\/schema\/logo\/image\/"},"sameAs":["https:\/\/www.facebook.com\/VocesComuna15\/","https:\/\/x.com\/vocescomuna15"]},{"@type":"Person","@id":"https:\/\/vocesdelacomuna15.com.ar\/press\/#\/schema\/person\/4739e109db25d799cd3d139eeb509e43","name":"Federico Arguto","image":{"@type":"ImageObject","inLanguage":"es-AR","@id":"https:\/\/vocesdelacomuna15.com.ar\/wp-content\/litespeed\/avatar\/82faf979976f1bae889b8b71f8a0a7e5.jpg?ver=1777419741","url":"https:\/\/vocesdelacomuna15.com.ar\/wp-content\/litespeed\/avatar\/82faf979976f1bae889b8b71f8a0a7e5.jpg?ver=1777419741","contentUrl":"https:\/\/vocesdelacomuna15.com.ar\/wp-content\/litespeed\/avatar\/82faf979976f1bae889b8b71f8a0a7e5.jpg?ver=1777419741","caption":"Federico Arguto"},"url":"https:\/\/vocesdelacomuna15.com.ar\/press\/author\/fede\/"}]}},"_links":{"self":[{"href":"https:\/\/vocesdelacomuna15.com.ar\/press\/wp-json\/wp\/v2\/posts\/61758","targetHints":{"allow":["GET"]}}],"collection":[{"href":"https:\/\/vocesdelacomuna15.com.ar\/press\/wp-json\/wp\/v2\/posts"}],"about":[{"href":"https:\/\/vocesdelacomuna15.com.ar\/press\/wp-json\/wp\/v2\/types\/post"}],"author":[{"embeddable":true,"href":"https:\/\/vocesdelacomuna15.com.ar\/press\/wp-json\/wp\/v2\/users\/2"}],"replies":[{"embeddable":true,"href":"https:\/\/vocesdelacomuna15.com.ar\/press\/wp-json\/wp\/v2\/comments?post=61758"}],"version-history":[{"count":1,"href":"https:\/\/vocesdelacomuna15.com.ar\/press\/wp-json\/wp\/v2\/posts\/61758\/revisions"}],"predecessor-version":[{"id":61760,"href":"https:\/\/vocesdelacomuna15.com.ar\/press\/wp-json\/wp\/v2\/posts\/61758\/revisions\/61760"}],"wp:featuredmedia":[{"embeddable":true,"href":"https:\/\/vocesdelacomuna15.com.ar\/press\/wp-json\/wp\/v2\/media\/61759"}],"wp:attachment":[{"href":"https:\/\/vocesdelacomuna15.com.ar\/press\/wp-json\/wp\/v2\/media?parent=61758"}],"wp:term":[{"taxonomy":"category","embeddable":true,"href":"https:\/\/vocesdelacomuna15.com.ar\/press\/wp-json\/wp\/v2\/categories?post=61758"},{"taxonomy":"post_tag","embeddable":true,"href":"https:\/\/vocesdelacomuna15.com.ar\/press\/wp-json\/wp\/v2\/tags?post=61758"}],"curies":[{"name":"wp","href":"https:\/\/api.w.org\/{rel}","templated":true}]}}