{"id":61755,"date":"2023-10-24T14:52:39","date_gmt":"2023-10-24T17:52:39","guid":{"rendered":"https:\/\/vocesdelacomuna15.com.ar\/?p=61755"},"modified":"2023-10-24T14:52:40","modified_gmt":"2023-10-24T17:52:40","slug":"leandro-santoro-se-bajo-del-balotaje-y-jorge-macri-sera-el-nuevo-jefe-de-gobierno","status":"publish","type":"post","link":"https:\/\/vocesdelacomuna15.com.ar\/press\/leandro-santoro-se-bajo-del-balotaje-y-jorge-macri-sera-el-nuevo-jefe-de-gobierno\/","title":{"rendered":"Leandro Santoro se baj\u00f3 del balotaje y Jorge Macri ser\u00e1 el nuevo jefe de Gobierno"},"content":{"rendered":"\n<p>A trav\u00e9s de un comunicado, Uni\u00f3n por la Ciudad inform\u00f3 que el candidato no se presentar\u00e1 a una segunda vuelta contra el oficialismo porte\u00f1o. &#8220;Consideramos que la estrategia correcta es concentrar nuestros esfuerzos en defender la democracia frente a la amenaza autoritaria, contribuyendo a que Sergio Massa gane en la Ciudad de Buenos Aires y sea electo presidente de la Naci\u00f3n&#8221;, afirmaron.<\/p>\n\n\n\n<p>Fuente: P\u00e1gina 12<\/p>\n\n\n\n<p>El candidato a jefe de Gobierno de la Ciudad de Buenos Aires de Uni\u00f3n por la Patria (UP),&nbsp;Leandro Santoro, finalmente&nbsp;decidi\u00f3 bajarse del balotaje&nbsp;en el que competir\u00eda con Jorge Macri, el postulante de Juntos por el Cambio (JxC).<\/p>\n\n\n\n<p>&#8220;Consideramos que&nbsp;la estrategia correcta es concentrar nuestros esfuerzos en defender la democracia frente a la amenaza autoritaria, contribuyendo a que Sergio Massa gane en la Ciudad de Buenos Aires y sea electo presidente de la Naci\u00f3n&#8221;, afirm\u00f3 UP Ciudad en un comunicado que difundi\u00f3 en redes sociales.<\/p>\n\n\n\n<p>Este lunes, el entorno de Santoro hab\u00eda adelantado a&nbsp;P\u00e1gina\/12&nbsp;que esperar\u00eda hasta el escrutinio definitivo para comunicar la decisi\u00f3n.<\/p>\n\n\n\n<p>Con el 98.7% de los votos escrutados,&nbsp;el primo del expresidente hab\u00eda quedado en primer lugar con 49,6%, apenas a 0,4 puntos \u2013poco menos de 10 mil votos\u2013 de ganar en primera vuelta. Santoro, en tanto, hab\u00eda quedado en segundo lugar&nbsp;con&nbsp;32,2%.<\/p>\n\n\n\n<p>El equipo de Macri estaba a la expectativa de la decisi\u00f3n de Santoro. \u201cTodav\u00eda falta el recuento final de votos y veremos si alcanzamos el 50. Tambi\u00e9n hay que esperar a ver qu\u00e9 definici\u00f3n toma Santoro, si decide forzar un balotaje con estos n\u00fameros o le evita a los porte\u00f1os un gasto innecesario con una nueva elecci\u00f3n que pareciera estar ya definida\u201d, hab\u00edan dicho este lunes.<\/p>\n\n\n\n<p>&#8220;La estrategia correcta&#8221;<\/p>\n\n\n\n<p>El comunicado con el que UP Ciudad oficializ\u00f3 la baja de Santoro, publicado a las 14.03 de este martes, comenz\u00f3 con un&nbsp;agradecimiento &#8220;a los casi 600.000 porte\u00f1os y porte\u00f1as que nos dieron su confianza a trav\u00e9s del voto&#8221;&nbsp;ya que &#8220;el resultado alcanzado nos impulsa a seguir construyendo una alternativa al macrismo en la Ciudad&#8221;, dice el texto.<\/p>\n\n\n\n<p>&#8220;A pocas horas de comenzar el escrutinio definitivo,&nbsp;nuestras actas registran que el resultado que obtendr\u00e1 Jorge Macri estar\u00e1 a muy pocos votos de alcanzar el n\u00famero establecido por la Constituci\u00f3n de la CABA para ser electo Jefe de Gobierno&#8221;, explica el documento.&nbsp;<\/p>\n\n\n\n<p>Es por ello, sigue el comunicado, que &#8220;una lectura realista del resultado electoral, sumado al&nbsp;apoyo expl\u00edcito de Javier Milei a Jorge Macri, nos dan la pauta de que&nbsp;ser\u00eda insensato forzar un ballotage&#8221;.<\/p>\n\n\n\n<p>En ese marco, &#8220;consideramos que la estrategia correcta que nos demanda este momento hist\u00f3rico es concentrar nuestros esfuerzos en defender la democracia frente a la amenaza autoritaria,&nbsp;contribuyendo a que Sergio Massa gane en la Ciudad de Buenos Aires y sea electo Presidente de la Naci\u00f3n&#8221;, concluye el documento, donde se ratifica el compromiso de Uni\u00f3n por la Patria&nbsp;&#8220;de seguir trabajando para lograr una Ciudad m\u00e1s justa, sensible y humana&#8221;.<\/p>\n\n\n\n<p>El comunicado lleva la firma de Santoro, B\u00e1rbara Rossen, y los dirigentes e integrantes de la lista Paula Penacca, Eduardo Vald\u00e9s, Lorena Pokoik, Ita\u00ed Hagman, Mat\u00edas Lammens, Mar\u00eda Bielli, Mat\u00edas Barroetave\u00f1a, Claudia Neira, Alejandro Grillo, Victoria Freire, Claudio Ferre\u00f1o, Graciana Pe\u00f1afort, Andr\u00e9s Lablunda, Delfina Vel\u00e1zquez, Mariano Recalde, Juan Manuel Olmos y V\u00edctor Santa Mar\u00eda.<\/p>\n<div class=\"pvc_clear\"><\/div><p id=\"pvc_stats_61755\" class=\"pvc_stats all  \" data-element-id=\"61755\" style=\"\"><i class=\"pvc-stats-icon small\" aria-hidden=\"true\"><svg aria-hidden=\"true\" focusable=\"false\" data-prefix=\"far\" data-icon=\"chart-bar\" role=\"img\" xmlns=\"http:\/\/www.w3.org\/2000\/svg\" viewBox=\"0 0 512 512\" class=\"svg-inline--fa fa-chart-bar fa-w-16 fa-2x\"><path fill=\"currentColor\" d=\"M396.8 352h22.4c6.4 0 12.8-6.4 12.8-12.8V108.8c0-6.4-6.4-12.8-12.8-12.8h-22.4c-6.4 0-12.8 6.4-12.8 12.8v230.4c0 6.4 6.4 12.8 12.8 12.8zm-192 0h22.4c6.4 0 12.8-6.4 12.8-12.8V140.8c0-6.4-6.4-12.8-12.8-12.8h-22.4c-6.4 0-12.8 6.4-12.8 12.8v198.4c0 6.4 6.4 12.8 12.8 12.8zm96 0h22.4c6.4 0 12.8-6.4 12.8-12.8V204.8c0-6.4-6.4-12.8-12.8-12.8h-22.4c-6.4 0-12.8 6.4-12.8 12.8v134.4c0 6.4 6.4 12.8 12.8 12.8zM496 400H48V80c0-8.84-7.16-16-16-16H16C7.16 64 0 71.16 0 80v336c0 17.67 14.33 32 32 32h464c8.84 0 16-7.16 16-16v-16c0-8.84-7.16-16-16-16zm-387.2-48h22.4c6.4 0 12.8-6.4 12.8-12.8v-70.4c0-6.4-6.4-12.8-12.8-12.8h-22.4c-6.4 0-12.8 6.4-12.8 12.8v70.4c0 6.4 6.4 12.8 12.8 12.8z\" class=\"\"><\/path><\/svg><\/i> <img loading=\"lazy\" decoding=\"async\" width=\"16\" height=\"16\" alt=\"Loading\" src=\"https:\/\/vocesdelacomuna15.com.ar\/wp-content\/plugins\/page-views-count\/ajax-loader-2x.gif\" border=0 \/><\/p><div class=\"pvc_clear\"><\/div>","protected":false},"excerpt":{"rendered":"<p>A trav\u00e9s de un comunicado, Uni\u00f3n por la Ciudad inform\u00f3 que el candidato no se presentar\u00e1 a una segunda vuelta contra el oficialismo porte\u00f1o. &#8220;Consideramos que la estrategia correcta es concentrar nuestros esfuerzos en defender la democracia frente a la amenaza autoritaria, contribuyendo a que Sergio Massa gane en la Ciudad de Buenos Aires y [&hellip;]<\/p>\n<div class=\"pvc_clear\"><\/div>\n<p id=\"pvc_stats_61755\" class=\"pvc_stats all  \" data-element-id=\"61755\" style=\"\"><i class=\"pvc-stats-icon small\" aria-hidden=\"true\"><svg aria-hidden=\"true\" focusable=\"false\" data-prefix=\"far\" data-icon=\"chart-bar\" role=\"img\" xmlns=\"http:\/\/www.w3.org\/2000\/svg\" viewBox=\"0 0 512 512\" class=\"svg-inline--fa fa-chart-bar fa-w-16 fa-2x\"><path fill=\"currentColor\" d=\"M396.8 352h22.4c6.4 0 12.8-6.4 12.8-12.8V108.8c0-6.4-6.4-12.8-12.8-12.8h-22.4c-6.4 0-12.8 6.4-12.8 12.8v230.4c0 6.4 6.4 12.8 12.8 12.8zm-192 0h22.4c6.4 0 12.8-6.4 12.8-12.8V140.8c0-6.4-6.4-12.8-12.8-12.8h-22.4c-6.4 0-12.8 6.4-12.8 12.8v198.4c0 6.4 6.4 12.8 12.8 12.8zm96 0h22.4c6.4 0 12.8-6.4 12.8-12.8V204.8c0-6.4-6.4-12.8-12.8-12.8h-22.4c-6.4 0-12.8 6.4-12.8 12.8v134.4c0 6.4 6.4 12.8 12.8 12.8zM496 400H48V80c0-8.84-7.16-16-16-16H16C7.16 64 0 71.16 0 80v336c0 17.67 14.33 32 32 32h464c8.84 0 16-7.16 16-16v-16c0-8.84-7.16-16-16-16zm-387.2-48h22.4c6.4 0 12.8-6.4 12.8-12.8v-70.4c0-6.4-6.4-12.8-12.8-12.8h-22.4c-6.4 0-12.8 6.4-12.8 12.8v70.4c0 6.4 6.4 12.8 12.8 12.8z\" class=\"\"><\/path><\/svg><\/i> <img loading=\"lazy\" decoding=\"async\" width=\"16\" height=\"16\" alt=\"Loading\" src=\"https:\/\/vocesdelacomuna15.com.ar\/wp-content\/plugins\/page-views-count\/ajax-loader-2x.gif\" border=0 \/><\/p>\n<div class=\"pvc_clear\"><\/div>\n","protected":false},"author":2,"featured_media":61756,"comment_status":"open","ping_status":"open","sticky":false,"template":"","format":"standard","meta":{"_et_pb_use_builder":"off","_et_pb_old_content":"","_et_gb_content_width":"","footnotes":""},"categories":[31],"tags":[],"class_list":["post-61755","post","type-post","status-publish","format-standard","has-post-thumbnail","hentry","category-politica","et-has-post-format-content","et_post_format-et-post-format-standard"],"a3_pvc":{"activated":true,"total_views":19,"today_views":0},"yoast_head":"<!-- This site is optimized with the Yoast SEO plugin v27.5 - https:\/\/yoast.com\/product\/yoast-seo-wordpress\/ -->\n<title>Leandro Santoro se baj\u00f3 del balotaje y Jorge Macri ser\u00e1 el nuevo jefe de Gobierno - Voces de la Comuna 15<\/title>\n<meta name=\"description\" content=\"Voces de la Comuna 15\" \/>\n<meta name=\"robots\" content=\"index, follow, max-snippet:-1, max-image-preview:large, max-video-preview:-1\" \/>\n<link rel=\"canonical\" href=\"https:\/\/vocesdelacomuna15.com.ar\/press\/leandro-santoro-se-bajo-del-balotaje-y-jorge-macri-sera-el-nuevo-jefe-de-gobierno\/\" \/>\n<meta property=\"og:locale\" content=\"es_ES\" \/>\n<meta property=\"og:type\" content=\"article\" \/>\n<meta property=\"og:title\" content=\"Leandro Santoro se baj\u00f3 del balotaje y Jorge Macri ser\u00e1 el nuevo jefe de Gobierno - Voces de la Comuna 15\" \/>\n<meta property=\"og:description\" content=\"Voces de la Comuna 15\" \/>\n<meta property=\"og:url\" content=\"https:\/\/vocesdelacomuna15.com.ar\/press\/leandro-santoro-se-bajo-del-balotaje-y-jorge-macri-sera-el-nuevo-jefe-de-gobierno\/\" \/>\n<meta property=\"og:site_name\" content=\"Voces de la Comuna 15\" \/>\n<meta property=\"article:publisher\" content=\"https:\/\/www.facebook.com\/VocesComuna15\/\" \/>\n<meta property=\"article:published_time\" content=\"2023-10-24T17:52:39+00:00\" \/>\n<meta property=\"article:modified_time\" content=\"2023-10-24T17:52:40+00:00\" \/>\n<meta property=\"og:image\" content=\"https:\/\/vocesdelacomuna15.com.ar\/wp-content\/uploads\/2023\/10\/782052-whatsapp-20image-202023-10-24-20at-2013-49-37.jpeg\" \/>\n\t<meta property=\"og:image:width\" content=\"960\" \/>\n\t<meta property=\"og:image:height\" content=\"640\" \/>\n\t<meta property=\"og:image:type\" content=\"image\/jpeg\" \/>\n<meta name=\"author\" content=\"Federico Arguto\" \/>\n<meta name=\"twitter:card\" content=\"summary_large_image\" \/>\n<meta name=\"twitter:creator\" content=\"@vocescomuna15\" \/>\n<meta name=\"twitter:site\" content=\"@vocescomuna15\" \/>\n<meta name=\"twitter:label1\" content=\"Escrito por\" \/>\n\t<meta name=\"twitter:data1\" content=\"Federico Arguto\" \/>\n\t<meta name=\"twitter:label2\" content=\"Tiempo de lectura\" \/>\n\t<meta name=\"twitter:data2\" content=\"3 minutos\" \/>\n<script type=\"application\/ld+json\" class=\"yoast-schema-graph\">{\"@context\":\"https:\\\/\\\/schema.org\",\"@graph\":[{\"@type\":\"Article\",\"@id\":\"https:\\\/\\\/vocesdelacomuna15.com.ar\\\/press\\\/leandro-santoro-se-bajo-del-balotaje-y-jorge-macri-sera-el-nuevo-jefe-de-gobierno\\\/#article\",\"isPartOf\":{\"@id\":\"https:\\\/\\\/vocesdelacomuna15.com.ar\\\/press\\\/leandro-santoro-se-bajo-del-balotaje-y-jorge-macri-sera-el-nuevo-jefe-de-gobierno\\\/\"},\"author\":{\"name\":\"Federico Arguto\",\"@id\":\"https:\\\/\\\/vocesdelacomuna15.com.ar\\\/press\\\/#\\\/schema\\\/person\\\/4739e109db25d799cd3d139eeb509e43\"},\"headline\":\"Leandro Santoro se baj\u00f3 del balotaje y Jorge Macri ser\u00e1 el nuevo jefe de Gobierno\",\"datePublished\":\"2023-10-24T17:52:39+00:00\",\"dateModified\":\"2023-10-24T17:52:40+00:00\",\"mainEntityOfPage\":{\"@id\":\"https:\\\/\\\/vocesdelacomuna15.com.ar\\\/press\\\/leandro-santoro-se-bajo-del-balotaje-y-jorge-macri-sera-el-nuevo-jefe-de-gobierno\\\/\"},\"wordCount\":614,\"commentCount\":0,\"publisher\":{\"@id\":\"https:\\\/\\\/vocesdelacomuna15.com.ar\\\/press\\\/#organization\"},\"image\":{\"@id\":\"https:\\\/\\\/vocesdelacomuna15.com.ar\\\/press\\\/leandro-santoro-se-bajo-del-balotaje-y-jorge-macri-sera-el-nuevo-jefe-de-gobierno\\\/#primaryimage\"},\"thumbnailUrl\":\"https:\\\/\\\/vocesdelacomuna15.com.ar\\\/wp-content\\\/uploads\\\/2023\\\/10\\\/782052-whatsapp-20image-202023-10-24-20at-2013-49-37.jpeg\",\"articleSection\":[\"Pol\u00edtica\"],\"inLanguage\":\"es-AR\",\"potentialAction\":[{\"@type\":\"CommentAction\",\"name\":\"Comment\",\"target\":[\"https:\\\/\\\/vocesdelacomuna15.com.ar\\\/press\\\/leandro-santoro-se-bajo-del-balotaje-y-jorge-macri-sera-el-nuevo-jefe-de-gobierno\\\/#respond\"]}]},{\"@type\":\"WebPage\",\"@id\":\"https:\\\/\\\/vocesdelacomuna15.com.ar\\\/press\\\/leandro-santoro-se-bajo-del-balotaje-y-jorge-macri-sera-el-nuevo-jefe-de-gobierno\\\/\",\"url\":\"https:\\\/\\\/vocesdelacomuna15.com.ar\\\/press\\\/leandro-santoro-se-bajo-del-balotaje-y-jorge-macri-sera-el-nuevo-jefe-de-gobierno\\\/\",\"name\":\"Leandro Santoro se baj\u00f3 del balotaje y Jorge Macri ser\u00e1 el nuevo jefe de Gobierno - Voces de la Comuna 15\",\"isPartOf\":{\"@id\":\"https:\\\/\\\/vocesdelacomuna15.com.ar\\\/press\\\/#website\"},\"primaryImageOfPage\":{\"@id\":\"https:\\\/\\\/vocesdelacomuna15.com.ar\\\/press\\\/leandro-santoro-se-bajo-del-balotaje-y-jorge-macri-sera-el-nuevo-jefe-de-gobierno\\\/#primaryimage\"},\"image\":{\"@id\":\"https:\\\/\\\/vocesdelacomuna15.com.ar\\\/press\\\/leandro-santoro-se-bajo-del-balotaje-y-jorge-macri-sera-el-nuevo-jefe-de-gobierno\\\/#primaryimage\"},\"thumbnailUrl\":\"https:\\\/\\\/vocesdelacomuna15.com.ar\\\/wp-content\\\/uploads\\\/2023\\\/10\\\/782052-whatsapp-20image-202023-10-24-20at-2013-49-37.jpeg\",\"datePublished\":\"2023-10-24T17:52:39+00:00\",\"dateModified\":\"2023-10-24T17:52:40+00:00\",\"description\":\"Voces de la Comuna 15\",\"breadcrumb\":{\"@id\":\"https:\\\/\\\/vocesdelacomuna15.com.ar\\\/press\\\/leandro-santoro-se-bajo-del-balotaje-y-jorge-macri-sera-el-nuevo-jefe-de-gobierno\\\/#breadcrumb\"},\"inLanguage\":\"es-AR\",\"potentialAction\":[{\"@type\":\"ReadAction\",\"target\":[\"https:\\\/\\\/vocesdelacomuna15.com.ar\\\/press\\\/leandro-santoro-se-bajo-del-balotaje-y-jorge-macri-sera-el-nuevo-jefe-de-gobierno\\\/\"]}]},{\"@type\":\"ImageObject\",\"inLanguage\":\"es-AR\",\"@id\":\"https:\\\/\\\/vocesdelacomuna15.com.ar\\\/press\\\/leandro-santoro-se-bajo-del-balotaje-y-jorge-macri-sera-el-nuevo-jefe-de-gobierno\\\/#primaryimage\",\"url\":\"https:\\\/\\\/vocesdelacomuna15.com.ar\\\/wp-content\\\/uploads\\\/2023\\\/10\\\/782052-whatsapp-20image-202023-10-24-20at-2013-49-37.jpeg\",\"contentUrl\":\"https:\\\/\\\/vocesdelacomuna15.com.ar\\\/wp-content\\\/uploads\\\/2023\\\/10\\\/782052-whatsapp-20image-202023-10-24-20at-2013-49-37.jpeg\",\"width\":960,\"height\":640},{\"@type\":\"BreadcrumbList\",\"@id\":\"https:\\\/\\\/vocesdelacomuna15.com.ar\\\/press\\\/leandro-santoro-se-bajo-del-balotaje-y-jorge-macri-sera-el-nuevo-jefe-de-gobierno\\\/#breadcrumb\",\"itemListElement\":[{\"@type\":\"ListItem\",\"position\":1,\"name\":\"Inicio\",\"item\":\"https:\\\/\\\/vocesdelacomuna15.com.ar\\\/press\\\/\"},{\"@type\":\"ListItem\",\"position\":2,\"name\":\"Leandro Santoro se baj\u00f3 del balotaje y Jorge Macri ser\u00e1 el nuevo jefe de Gobierno\"}]},{\"@type\":\"WebSite\",\"@id\":\"https:\\\/\\\/vocesdelacomuna15.com.ar\\\/press\\\/#website\",\"url\":\"https:\\\/\\\/vocesdelacomuna15.com.ar\\\/press\\\/\",\"name\":\"Voces de la Comuna 15\",\"description\":\"Sitio web de noticias\",\"publisher\":{\"@id\":\"https:\\\/\\\/vocesdelacomuna15.com.ar\\\/press\\\/#organization\"},\"potentialAction\":[{\"@type\":\"SearchAction\",\"target\":{\"@type\":\"EntryPoint\",\"urlTemplate\":\"https:\\\/\\\/vocesdelacomuna15.com.ar\\\/press\\\/?s={search_term_string}\"},\"query-input\":{\"@type\":\"PropertyValueSpecification\",\"valueRequired\":true,\"valueName\":\"search_term_string\"}}],\"inLanguage\":\"es-AR\"},{\"@type\":\"Organization\",\"@id\":\"https:\\\/\\\/vocesdelacomuna15.com.ar\\\/press\\\/#organization\",\"name\":\"Voces de la Comuna 15\",\"url\":\"https:\\\/\\\/vocesdelacomuna15.com.ar\\\/press\\\/\",\"logo\":{\"@type\":\"ImageObject\",\"inLanguage\":\"es-AR\",\"@id\":\"https:\\\/\\\/vocesdelacomuna15.com.ar\\\/press\\\/#\\\/schema\\\/logo\\\/image\\\/\",\"url\":\"https:\\\/\\\/vocesdelacomuna15.com.ar\\\/wp-content\\\/uploads\\\/2024\\\/12\\\/cropped-logo_voces.jpg\",\"contentUrl\":\"https:\\\/\\\/vocesdelacomuna15.com.ar\\\/wp-content\\\/uploads\\\/2024\\\/12\\\/cropped-logo_voces.jpg\",\"width\":512,\"height\":512,\"caption\":\"Voces de la Comuna 15\"},\"image\":{\"@id\":\"https:\\\/\\\/vocesdelacomuna15.com.ar\\\/press\\\/#\\\/schema\\\/logo\\\/image\\\/\"},\"sameAs\":[\"https:\\\/\\\/www.facebook.com\\\/VocesComuna15\\\/\",\"https:\\\/\\\/x.com\\\/vocescomuna15\"]},{\"@type\":\"Person\",\"@id\":\"https:\\\/\\\/vocesdelacomuna15.com.ar\\\/press\\\/#\\\/schema\\\/person\\\/4739e109db25d799cd3d139eeb509e43\",\"name\":\"Federico Arguto\",\"image\":{\"@type\":\"ImageObject\",\"inLanguage\":\"es-AR\",\"@id\":\"https:\\\/\\\/vocesdelacomuna15.com.ar\\\/wp-content\\\/litespeed\\\/avatar\\\/82faf979976f1bae889b8b71f8a0a7e5.jpg?ver=1777419741\",\"url\":\"https:\\\/\\\/vocesdelacomuna15.com.ar\\\/wp-content\\\/litespeed\\\/avatar\\\/82faf979976f1bae889b8b71f8a0a7e5.jpg?ver=1777419741\",\"contentUrl\":\"https:\\\/\\\/vocesdelacomuna15.com.ar\\\/wp-content\\\/litespeed\\\/avatar\\\/82faf979976f1bae889b8b71f8a0a7e5.jpg?ver=1777419741\",\"caption\":\"Federico Arguto\"},\"url\":\"https:\\\/\\\/vocesdelacomuna15.com.ar\\\/press\\\/author\\\/fede\\\/\"}]}<\/script>\n<!-- \/ Yoast SEO plugin. -->","yoast_head_json":{"title":"Leandro Santoro se baj\u00f3 del balotaje y Jorge Macri ser\u00e1 el nuevo jefe de Gobierno - Voces de la Comuna 15","description":"Voces de la Comuna 15","robots":{"index":"index","follow":"follow","max-snippet":"max-snippet:-1","max-image-preview":"max-image-preview:large","max-video-preview":"max-video-preview:-1"},"canonical":"https:\/\/vocesdelacomuna15.com.ar\/press\/leandro-santoro-se-bajo-del-balotaje-y-jorge-macri-sera-el-nuevo-jefe-de-gobierno\/","og_locale":"es_ES","og_type":"article","og_title":"Leandro Santoro se baj\u00f3 del balotaje y Jorge Macri ser\u00e1 el nuevo jefe de Gobierno - Voces de la Comuna 15","og_description":"Voces de la Comuna 15","og_url":"https:\/\/vocesdelacomuna15.com.ar\/press\/leandro-santoro-se-bajo-del-balotaje-y-jorge-macri-sera-el-nuevo-jefe-de-gobierno\/","og_site_name":"Voces de la Comuna 15","article_publisher":"https:\/\/www.facebook.com\/VocesComuna15\/","article_published_time":"2023-10-24T17:52:39+00:00","article_modified_time":"2023-10-24T17:52:40+00:00","og_image":[{"width":960,"height":640,"url":"https:\/\/vocesdelacomuna15.com.ar\/wp-content\/uploads\/2023\/10\/782052-whatsapp-20image-202023-10-24-20at-2013-49-37.jpeg","type":"image\/jpeg"}],"author":"Federico Arguto","twitter_card":"summary_large_image","twitter_creator":"@vocescomuna15","twitter_site":"@vocescomuna15","twitter_misc":{"Escrito por":"Federico Arguto","Tiempo de lectura":"3 minutos"},"schema":{"@context":"https:\/\/schema.org","@graph":[{"@type":"Article","@id":"https:\/\/vocesdelacomuna15.com.ar\/press\/leandro-santoro-se-bajo-del-balotaje-y-jorge-macri-sera-el-nuevo-jefe-de-gobierno\/#article","isPartOf":{"@id":"https:\/\/vocesdelacomuna15.com.ar\/press\/leandro-santoro-se-bajo-del-balotaje-y-jorge-macri-sera-el-nuevo-jefe-de-gobierno\/"},"author":{"name":"Federico Arguto","@id":"https:\/\/vocesdelacomuna15.com.ar\/press\/#\/schema\/person\/4739e109db25d799cd3d139eeb509e43"},"headline":"Leandro Santoro se baj\u00f3 del balotaje y Jorge Macri ser\u00e1 el nuevo jefe de Gobierno","datePublished":"2023-10-24T17:52:39+00:00","dateModified":"2023-10-24T17:52:40+00:00","mainEntityOfPage":{"@id":"https:\/\/vocesdelacomuna15.com.ar\/press\/leandro-santoro-se-bajo-del-balotaje-y-jorge-macri-sera-el-nuevo-jefe-de-gobierno\/"},"wordCount":614,"commentCount":0,"publisher":{"@id":"https:\/\/vocesdelacomuna15.com.ar\/press\/#organization"},"image":{"@id":"https:\/\/vocesdelacomuna15.com.ar\/press\/leandro-santoro-se-bajo-del-balotaje-y-jorge-macri-sera-el-nuevo-jefe-de-gobierno\/#primaryimage"},"thumbnailUrl":"https:\/\/vocesdelacomuna15.com.ar\/wp-content\/uploads\/2023\/10\/782052-whatsapp-20image-202023-10-24-20at-2013-49-37.jpeg","articleSection":["Pol\u00edtica"],"inLanguage":"es-AR","potentialAction":[{"@type":"CommentAction","name":"Comment","target":["https:\/\/vocesdelacomuna15.com.ar\/press\/leandro-santoro-se-bajo-del-balotaje-y-jorge-macri-sera-el-nuevo-jefe-de-gobierno\/#respond"]}]},{"@type":"WebPage","@id":"https:\/\/vocesdelacomuna15.com.ar\/press\/leandro-santoro-se-bajo-del-balotaje-y-jorge-macri-sera-el-nuevo-jefe-de-gobierno\/","url":"https:\/\/vocesdelacomuna15.com.ar\/press\/leandro-santoro-se-bajo-del-balotaje-y-jorge-macri-sera-el-nuevo-jefe-de-gobierno\/","name":"Leandro Santoro se baj\u00f3 del balotaje y Jorge Macri ser\u00e1 el nuevo jefe de Gobierno - Voces de la Comuna 15","isPartOf":{"@id":"https:\/\/vocesdelacomuna15.com.ar\/press\/#website"},"primaryImageOfPage":{"@id":"https:\/\/vocesdelacomuna15.com.ar\/press\/leandro-santoro-se-bajo-del-balotaje-y-jorge-macri-sera-el-nuevo-jefe-de-gobierno\/#primaryimage"},"image":{"@id":"https:\/\/vocesdelacomuna15.com.ar\/press\/leandro-santoro-se-bajo-del-balotaje-y-jorge-macri-sera-el-nuevo-jefe-de-gobierno\/#primaryimage"},"thumbnailUrl":"https:\/\/vocesdelacomuna15.com.ar\/wp-content\/uploads\/2023\/10\/782052-whatsapp-20image-202023-10-24-20at-2013-49-37.jpeg","datePublished":"2023-10-24T17:52:39+00:00","dateModified":"2023-10-24T17:52:40+00:00","description":"Voces de la Comuna 15","breadcrumb":{"@id":"https:\/\/vocesdelacomuna15.com.ar\/press\/leandro-santoro-se-bajo-del-balotaje-y-jorge-macri-sera-el-nuevo-jefe-de-gobierno\/#breadcrumb"},"inLanguage":"es-AR","potentialAction":[{"@type":"ReadAction","target":["https:\/\/vocesdelacomuna15.com.ar\/press\/leandro-santoro-se-bajo-del-balotaje-y-jorge-macri-sera-el-nuevo-jefe-de-gobierno\/"]}]},{"@type":"ImageObject","inLanguage":"es-AR","@id":"https:\/\/vocesdelacomuna15.com.ar\/press\/leandro-santoro-se-bajo-del-balotaje-y-jorge-macri-sera-el-nuevo-jefe-de-gobierno\/#primaryimage","url":"https:\/\/vocesdelacomuna15.com.ar\/wp-content\/uploads\/2023\/10\/782052-whatsapp-20image-202023-10-24-20at-2013-49-37.jpeg","contentUrl":"https:\/\/vocesdelacomuna15.com.ar\/wp-content\/uploads\/2023\/10\/782052-whatsapp-20image-202023-10-24-20at-2013-49-37.jpeg","width":960,"height":640},{"@type":"BreadcrumbList","@id":"https:\/\/vocesdelacomuna15.com.ar\/press\/leandro-santoro-se-bajo-del-balotaje-y-jorge-macri-sera-el-nuevo-jefe-de-gobierno\/#breadcrumb","itemListElement":[{"@type":"ListItem","position":1,"name":"Inicio","item":"https:\/\/vocesdelacomuna15.com.ar\/press\/"},{"@type":"ListItem","position":2,"name":"Leandro Santoro se baj\u00f3 del balotaje y Jorge Macri ser\u00e1 el nuevo jefe de Gobierno"}]},{"@type":"WebSite","@id":"https:\/\/vocesdelacomuna15.com.ar\/press\/#website","url":"https:\/\/vocesdelacomuna15.com.ar\/press\/","name":"Voces de la Comuna 15","description":"Sitio web de noticias","publisher":{"@id":"https:\/\/vocesdelacomuna15.com.ar\/press\/#organization"},"potentialAction":[{"@type":"SearchAction","target":{"@type":"EntryPoint","urlTemplate":"https:\/\/vocesdelacomuna15.com.ar\/press\/?s={search_term_string}"},"query-input":{"@type":"PropertyValueSpecification","valueRequired":true,"valueName":"search_term_string"}}],"inLanguage":"es-AR"},{"@type":"Organization","@id":"https:\/\/vocesdelacomuna15.com.ar\/press\/#organization","name":"Voces de la Comuna 15","url":"https:\/\/vocesdelacomuna15.com.ar\/press\/","logo":{"@type":"ImageObject","inLanguage":"es-AR","@id":"https:\/\/vocesdelacomuna15.com.ar\/press\/#\/schema\/logo\/image\/","url":"https:\/\/vocesdelacomuna15.com.ar\/wp-content\/uploads\/2024\/12\/cropped-logo_voces.jpg","contentUrl":"https:\/\/vocesdelacomuna15.com.ar\/wp-content\/uploads\/2024\/12\/cropped-logo_voces.jpg","width":512,"height":512,"caption":"Voces de la Comuna 15"},"image":{"@id":"https:\/\/vocesdelacomuna15.com.ar\/press\/#\/schema\/logo\/image\/"},"sameAs":["https:\/\/www.facebook.com\/VocesComuna15\/","https:\/\/x.com\/vocescomuna15"]},{"@type":"Person","@id":"https:\/\/vocesdelacomuna15.com.ar\/press\/#\/schema\/person\/4739e109db25d799cd3d139eeb509e43","name":"Federico Arguto","image":{"@type":"ImageObject","inLanguage":"es-AR","@id":"https:\/\/vocesdelacomuna15.com.ar\/wp-content\/litespeed\/avatar\/82faf979976f1bae889b8b71f8a0a7e5.jpg?ver=1777419741","url":"https:\/\/vocesdelacomuna15.com.ar\/wp-content\/litespeed\/avatar\/82faf979976f1bae889b8b71f8a0a7e5.jpg?ver=1777419741","contentUrl":"https:\/\/vocesdelacomuna15.com.ar\/wp-content\/litespeed\/avatar\/82faf979976f1bae889b8b71f8a0a7e5.jpg?ver=1777419741","caption":"Federico Arguto"},"url":"https:\/\/vocesdelacomuna15.com.ar\/press\/author\/fede\/"}]}},"_links":{"self":[{"href":"https:\/\/vocesdelacomuna15.com.ar\/press\/wp-json\/wp\/v2\/posts\/61755","targetHints":{"allow":["GET"]}}],"collection":[{"href":"https:\/\/vocesdelacomuna15.com.ar\/press\/wp-json\/wp\/v2\/posts"}],"about":[{"href":"https:\/\/vocesdelacomuna15.com.ar\/press\/wp-json\/wp\/v2\/types\/post"}],"author":[{"embeddable":true,"href":"https:\/\/vocesdelacomuna15.com.ar\/press\/wp-json\/wp\/v2\/users\/2"}],"replies":[{"embeddable":true,"href":"https:\/\/vocesdelacomuna15.com.ar\/press\/wp-json\/wp\/v2\/comments?post=61755"}],"version-history":[{"count":1,"href":"https:\/\/vocesdelacomuna15.com.ar\/press\/wp-json\/wp\/v2\/posts\/61755\/revisions"}],"predecessor-version":[{"id":61757,"href":"https:\/\/vocesdelacomuna15.com.ar\/press\/wp-json\/wp\/v2\/posts\/61755\/revisions\/61757"}],"wp:featuredmedia":[{"embeddable":true,"href":"https:\/\/vocesdelacomuna15.com.ar\/press\/wp-json\/wp\/v2\/media\/61756"}],"wp:attachment":[{"href":"https:\/\/vocesdelacomuna15.com.ar\/press\/wp-json\/wp\/v2\/media?parent=61755"}],"wp:term":[{"taxonomy":"category","embeddable":true,"href":"https:\/\/vocesdelacomuna15.com.ar\/press\/wp-json\/wp\/v2\/categories?post=61755"},{"taxonomy":"post_tag","embeddable":true,"href":"https:\/\/vocesdelacomuna15.com.ar\/press\/wp-json\/wp\/v2\/tags?post=61755"}],"curies":[{"name":"wp","href":"https:\/\/api.w.org\/{rel}","templated":true}]}}