{"id":61744,"date":"2023-10-24T13:47:05","date_gmt":"2023-10-24T16:47:05","guid":{"rendered":"https:\/\/vocesdelacomuna15.com.ar\/?p=61744"},"modified":"2023-10-24T13:56:44","modified_gmt":"2023-10-24T16:56:44","slug":"la-alfabetizacion-compromiso-y-prioridad-del-proximo-presidente","status":"publish","type":"post","link":"https:\/\/vocesdelacomuna15.com.ar\/press\/la-alfabetizacion-compromiso-y-prioridad-del-proximo-presidente\/","title":{"rendered":"La alfabetizaci\u00f3n, compromiso y prioridad del pr\u00f3ximo presidente\u00a0"},"content":{"rendered":"\n<p><strong><em>Los candidatos a presidente, Sergio Massa y Javier Milei, firmaron un documento antes de las PASO, en el marco de la Campa\u00f1a Nacional por la Alfabetizaci\u00f3n, impulsada por m\u00e1s de 150 organizaciones de la sociedad civil, expertos y personalidades de distintos \u00e1mbitos. Quien resulte electo, har\u00eda de la alfabetizaci\u00f3n inicial una prioridad en su gobierno.<\/em><\/strong> <\/p>\n\n\n\n<p>&nbsp;Fuente: Prensa Argentinos por la Educaci\u00f3n<\/p>\n\n\n\n<p><em>Link a nota original:  https:\/\/prensa.argentinosporlaeducacion.org\/la-alfabetizacion-compromiso-y-prioridad-del-proximo-presidente<\/em><\/p>\n\n\n\n<p>Argentinos por la Educaci\u00f3n y distintas ONGs se reunieron con&nbsp;<strong>Sergio Massa<\/strong>, de Uni\u00f3n por la Patria, y&nbsp;<strong>Javier Milei<\/strong>, de La Libertad Avanza, quienes adhirieron al compromiso y destacaron la importancia de lograr que todas y todos los estudiantes de 3er grado alcancen niveles satisfactorios de comprensi\u00f3n lectora.&nbsp;<\/p>\n\n\n\n<p>El documento firmado por ambos candidatos tiene el prop\u00f3sito de que la alfabetizaci\u00f3n inicial sea una prioridad en todo el pa\u00eds, y compromete a quien sea el pr\u00f3ximo presidente de la Argentina a impulsar una pol\u00edtica nacional de alfabetizaci\u00f3n que incluya brindar apoyo t\u00e9cnico a las provincias e implementar pruebas que eval\u00faen la comprensi\u00f3n lectora. \u200b&nbsp;<\/p>\n\n\n\n<p>La necesidad de tomar acci\u00f3n en alfabetizaci\u00f3n se desprende del dato surgido en la evaluaci\u00f3n regional ERCE, que muestra que en Argentina el 46% de los alumnos de tercer grado de primaria no alcanzan el nivel m\u00ednimo de lectura. Este dato motiv\u00f3 que el pasado 4 de mayo, bajo la consigna&nbsp;<strong>#NoEntiendenLoQueLeen<\/strong>, m\u00e1s de 150 organizaciones de la sociedad civil lanzaran una campa\u00f1a para visibilizar la situaci\u00f3n cr\u00edtica de la comprensi\u00f3n lectora en Argentina y promover la prioridad de la alfabetizaci\u00f3n en la agenda educativa.&nbsp;<\/p>\n\n\n\n<p><strong>Ignacio Ibarzabal<\/strong>, director ejecutivo de Argentinos por la Educaci\u00f3n, explica que \u201cestas firmas representan tres novedades. Primero, un punto de convergencia entre las principales figuras pol\u00edticas, trascendiendo la polarizaci\u00f3n que domina la escena pol\u00edtica. Segundo, que la alfabetizaci\u00f3n deber\u00eda ser una prioridad en la pr\u00f3xima gesti\u00f3n nacional. Tercero, que deber\u00edan implementarse pruebas censales de comprensi\u00f3n lectora en 3er grado de la primaria\u201d.<\/p>\n\n\n\n<p><strong>Mariano Narodowski<\/strong>, exministro de Educaci\u00f3n de la Ciudad de Buenos Aires y referente de Argentinos por la Educaci\u00f3n, expresa que \u201cla buena noticia es que en 2024 arranca el plan Nacional de alfabetizaci\u00f3n para que todos lean y escriban en la edad correcta ya que los candidatos se comprometieron a implementarlo: uno lo va a llevar adelante y los dem\u00e1s est\u00e1n comprometidos a apoyarlo\u201d. Adem\u00e1s, destaca que \u201ces la primera vez que se construye un consenso tan importante para una pol\u00edtica educativa concreta. Ahora les toca a los ciudadanos y a la dirigencia pol\u00edtica empujar para que este compromiso escrito se haga realidad\u201d.&nbsp;<\/p>\n\n\n\n<p>Por su parte, el exministro de Educaci\u00f3n de la Naci\u00f3n,&nbsp;<strong>Nicol\u00e1s Trotta<\/strong>, considera que \u201cla educaci\u00f3n argentina requiere de intervenciones urgentes, creativas y audaces, como as\u00ed tambi\u00e9n planificaciones estrat\u00e9gicas y progresivas, basadas en consensos que superen los l\u00edmites temporales de gobiernos y gestiones, con una mirada federal del sistema\u201d y expres\u00f3: \u201cCelebro la decisi\u00f3n de los candidatos de asumir el compromiso por la alfabetizaci\u00f3n, un componente fundamental para garantizar el derecho a la educaci\u00f3n\u201d.<\/p>\n\n\n\n<p>En el marco de esta campa\u00f1a, tambi\u00e9n se est\u00e1 realizando una Gira Federal, que incluye actividades y reuniones con organizaciones, referentes educativos, docentes y acad\u00e9micos, autoridades y familias de las provincias. En estos \u00faltimos meses, Argentinos por la Educaci\u00f3n pas\u00f3 por Chaco, Corrientes, Misiones, Entre R\u00edos, Santa Fe, Salta, Jujuy, Tucum\u00e1n, Santiago del Estero, San Juan y San Luis. Adem\u00e1s, los actuales gobernadores de Santa Fe, Omar Perotti y de Chaco, Jorge Capitanich, y los electos mandatarios de Santa Fe, Maximiliano Pullaro, de Chaco, Leandro Zdero, de Misiones, Hugo Passalacqua, de San Luis, Claudio Poggi, de Tierra del Fuego, Gustavo Melella, de R\u00edo Negro, Alberto Werentileck, de San Juan, Marcelo Orrego, de C\u00f3rdoba, Mart\u00edn Llaryora,&nbsp;\u200b y de Chubut, Ignacio Torres, tambi\u00e9n adhirieron al compromiso por la alfabetizaci\u00f3n.&nbsp;<\/p>\n\n\n\n<p>En noviembre, la Gira Nacional por la Alfabetizaci\u00f3n continuar\u00e1 en La Rioja y Catamarca, en donde se buscar\u00e1 impulsar el compromiso por parte de las autoridades de ambas provincias.<\/p>\n<div class=\"pvc_clear\"><\/div><p id=\"pvc_stats_61744\" class=\"pvc_stats all  \" data-element-id=\"61744\" style=\"\"><i class=\"pvc-stats-icon small\" aria-hidden=\"true\"><svg aria-hidden=\"true\" focusable=\"false\" data-prefix=\"far\" data-icon=\"chart-bar\" role=\"img\" xmlns=\"http:\/\/www.w3.org\/2000\/svg\" viewBox=\"0 0 512 512\" class=\"svg-inline--fa fa-chart-bar fa-w-16 fa-2x\"><path fill=\"currentColor\" d=\"M396.8 352h22.4c6.4 0 12.8-6.4 12.8-12.8V108.8c0-6.4-6.4-12.8-12.8-12.8h-22.4c-6.4 0-12.8 6.4-12.8 12.8v230.4c0 6.4 6.4 12.8 12.8 12.8zm-192 0h22.4c6.4 0 12.8-6.4 12.8-12.8V140.8c0-6.4-6.4-12.8-12.8-12.8h-22.4c-6.4 0-12.8 6.4-12.8 12.8v198.4c0 6.4 6.4 12.8 12.8 12.8zm96 0h22.4c6.4 0 12.8-6.4 12.8-12.8V204.8c0-6.4-6.4-12.8-12.8-12.8h-22.4c-6.4 0-12.8 6.4-12.8 12.8v134.4c0 6.4 6.4 12.8 12.8 12.8zM496 400H48V80c0-8.84-7.16-16-16-16H16C7.16 64 0 71.16 0 80v336c0 17.67 14.33 32 32 32h464c8.84 0 16-7.16 16-16v-16c0-8.84-7.16-16-16-16zm-387.2-48h22.4c6.4 0 12.8-6.4 12.8-12.8v-70.4c0-6.4-6.4-12.8-12.8-12.8h-22.4c-6.4 0-12.8 6.4-12.8 12.8v70.4c0 6.4 6.4 12.8 12.8 12.8z\" class=\"\"><\/path><\/svg><\/i> <img loading=\"lazy\" decoding=\"async\" width=\"16\" height=\"16\" alt=\"Loading\" src=\"https:\/\/vocesdelacomuna15.com.ar\/wp-content\/plugins\/page-views-count\/ajax-loader-2x.gif\" border=0 \/><\/p><div class=\"pvc_clear\"><\/div>","protected":false},"excerpt":{"rendered":"<p>Los candidatos a presidente, Sergio Massa y Javier Milei, firmaron un documento antes de las PASO, en el marco de la Campa\u00f1a Nacional por la Alfabetizaci\u00f3n, impulsada por m\u00e1s de 150 organizaciones de la sociedad civil, expertos y personalidades de distintos \u00e1mbitos. Quien resulte electo, har\u00eda de la alfabetizaci\u00f3n inicial una prioridad en su gobierno. [&hellip;]<\/p>\n<div class=\"pvc_clear\"><\/div>\n<p id=\"pvc_stats_61744\" class=\"pvc_stats all  \" data-element-id=\"61744\" style=\"\"><i class=\"pvc-stats-icon small\" aria-hidden=\"true\"><svg aria-hidden=\"true\" focusable=\"false\" data-prefix=\"far\" data-icon=\"chart-bar\" role=\"img\" xmlns=\"http:\/\/www.w3.org\/2000\/svg\" viewBox=\"0 0 512 512\" class=\"svg-inline--fa fa-chart-bar fa-w-16 fa-2x\"><path fill=\"currentColor\" d=\"M396.8 352h22.4c6.4 0 12.8-6.4 12.8-12.8V108.8c0-6.4-6.4-12.8-12.8-12.8h-22.4c-6.4 0-12.8 6.4-12.8 12.8v230.4c0 6.4 6.4 12.8 12.8 12.8zm-192 0h22.4c6.4 0 12.8-6.4 12.8-12.8V140.8c0-6.4-6.4-12.8-12.8-12.8h-22.4c-6.4 0-12.8 6.4-12.8 12.8v198.4c0 6.4 6.4 12.8 12.8 12.8zm96 0h22.4c6.4 0 12.8-6.4 12.8-12.8V204.8c0-6.4-6.4-12.8-12.8-12.8h-22.4c-6.4 0-12.8 6.4-12.8 12.8v134.4c0 6.4 6.4 12.8 12.8 12.8zM496 400H48V80c0-8.84-7.16-16-16-16H16C7.16 64 0 71.16 0 80v336c0 17.67 14.33 32 32 32h464c8.84 0 16-7.16 16-16v-16c0-8.84-7.16-16-16-16zm-387.2-48h22.4c6.4 0 12.8-6.4 12.8-12.8v-70.4c0-6.4-6.4-12.8-12.8-12.8h-22.4c-6.4 0-12.8 6.4-12.8 12.8v70.4c0 6.4 6.4 12.8 12.8 12.8z\" class=\"\"><\/path><\/svg><\/i> <img loading=\"lazy\" decoding=\"async\" width=\"16\" height=\"16\" alt=\"Loading\" src=\"https:\/\/vocesdelacomuna15.com.ar\/wp-content\/plugins\/page-views-count\/ajax-loader-2x.gif\" border=0 \/><\/p>\n<div class=\"pvc_clear\"><\/div>\n","protected":false},"author":2,"featured_media":61752,"comment_status":"open","ping_status":"open","sticky":false,"template":"","format":"standard","meta":{"_et_pb_use_builder":"off","_et_pb_old_content":"<!-- wp:paragraph -->\n<p><strong><em>Los candidatos a presidente, Sergio Massa y Javier Milei, firmaron un documento antes de las PASO, en el marco de la Campa\u00f1a Nacional por la Alfabetizaci\u00f3n, impulsada por m\u00e1s de 150 organizaciones de la sociedad civil, expertos y personalidades de distintos \u00e1mbitos. Quien resulte electo, har\u00eda de la alfabetizaci\u00f3n inicial una prioridad en su gobierno.<\/em><\/strong> <\/p>\n<!-- \/wp:paragraph -->\n\n<!-- wp:paragraph -->\n<p>&nbsp;Fuente: Prensa Argentinos por la Educaci\u00f3n<\/p>\n<!-- \/wp:paragraph -->\n\n<!-- wp:paragraph -->\n<p><em>Link a nota original:  https:\/\/prensa.argentinosporlaeducacion.org\/la-alfabetizacion-compromiso-y-prioridad-del-proximo-presidente<\/em><\/p>\n<!-- \/wp:paragraph -->\n\n<!-- wp:paragraph -->\n<p>Argentinos por la Educaci\u00f3n y distintas ONGs se reunieron con&nbsp;<strong>Sergio Massa<\/strong>, de Uni\u00f3n por la Patria, y&nbsp;<strong>Javier Milei<\/strong>, de La Libertad Avanza, quienes adhirieron al compromiso y destacaron la importancia de lograr que todas y todos los estudiantes de 3er grado alcancen niveles satisfactorios de comprensi\u00f3n lectora.&nbsp;<\/p>\n<!-- \/wp:paragraph -->\n\n<!-- wp:paragraph -->\n<p>El documento firmado por ambos candidatos tiene el prop\u00f3sito de que la alfabetizaci\u00f3n inicial sea una prioridad en todo el pa\u00eds, y compromete a quien sea el pr\u00f3ximo presidente de la Argentina a impulsar una pol\u00edtica nacional de alfabetizaci\u00f3n que incluya brindar apoyo t\u00e9cnico a las provincias e implementar pruebas que eval\u00faen la comprensi\u00f3n lectora. \u200b&nbsp;<\/p>\n<!-- \/wp:paragraph -->\n\n<!-- wp:paragraph -->\n<p>La necesidad de tomar acci\u00f3n en alfabetizaci\u00f3n se desprende del dato surgido en la evaluaci\u00f3n regional ERCE, que muestra que en Argentina el 46% de los alumnos de tercer grado de primaria no alcanzan el nivel m\u00ednimo de lectura. Este dato motiv\u00f3 que el pasado 4 de mayo, bajo la consigna&nbsp;<strong>#NoEntiendenLoQueLeen<\/strong>, m\u00e1s de 150 organizaciones de la sociedad civil lanzaran una campa\u00f1a para visibilizar la situaci\u00f3n cr\u00edtica de la comprensi\u00f3n lectora en Argentina y promover la prioridad de la alfabetizaci\u00f3n en la agenda educativa.&nbsp;<\/p>\n<!-- \/wp:paragraph -->\n\n<!-- wp:paragraph -->\n<p><strong>Ignacio Ibarzabal<\/strong>, director ejecutivo de Argentinos por la Educaci\u00f3n, explica que \u201cestas firmas representan tres novedades. Primero, un punto de convergencia entre las principales figuras pol\u00edticas, trascendiendo la polarizaci\u00f3n que domina la escena pol\u00edtica. Segundo, que la alfabetizaci\u00f3n deber\u00eda ser una prioridad en la pr\u00f3xima gesti\u00f3n nacional. Tercero, que deber\u00edan implementarse pruebas censales de comprensi\u00f3n lectora en 3er grado de la primaria\u201d.<\/p>\n<!-- \/wp:paragraph -->\n\n<!-- wp:paragraph -->\n<p><strong>Mariano Narodowski<\/strong>, exministro de Educaci\u00f3n de la Ciudad de Buenos Aires y referente de Argentinos por la Educaci\u00f3n, expresa que \u201cla buena noticia es que en 2024 arranca el plan Nacional de alfabetizaci\u00f3n para que todos lean y escriban en la edad correcta ya que los candidatos se comprometieron a implementarlo: uno lo va a llevar adelante y los dem\u00e1s est\u00e1n comprometidos a apoyarlo\u201d. Adem\u00e1s, destaca que \u201ces la primera vez que se construye un consenso tan importante para una pol\u00edtica educativa concreta. Ahora les toca a los ciudadanos y a la dirigencia pol\u00edtica empujar para que este compromiso escrito se haga realidad\u201d.&nbsp;<\/p>\n<!-- \/wp:paragraph -->\n\n<!-- wp:paragraph -->\n<p>Por su parte, el exministro de Educaci\u00f3n de la Naci\u00f3n,&nbsp;<strong>Nicol\u00e1s Trotta<\/strong>, considera que \u201cla educaci\u00f3n argentina requiere de intervenciones urgentes, creativas y audaces, como as\u00ed tambi\u00e9n planificaciones estrat\u00e9gicas y progresivas, basadas en consensos que superen los l\u00edmites temporales de gobiernos y gestiones, con una mirada federal del sistema\u201d y expres\u00f3: \u201cCelebro la decisi\u00f3n de los candidatos de asumir el compromiso por la alfabetizaci\u00f3n, un componente fundamental para garantizar el derecho a la educaci\u00f3n\u201d.<\/p>\n<!-- \/wp:paragraph -->\n\n<!-- wp:paragraph -->\n<p>En el marco de esta campa\u00f1a, tambi\u00e9n se est\u00e1 realizando una Gira Federal, que incluye actividades y reuniones con organizaciones, referentes educativos, docentes y acad\u00e9micos, autoridades y familias de las provincias. En estos \u00faltimos meses, Argentinos por la Educaci\u00f3n pas\u00f3 por Chaco, Corrientes, Misiones, Entre R\u00edos, Santa Fe, Salta, Jujuy, Tucum\u00e1n, Santiago del Estero, San Juan y San Luis. Adem\u00e1s, los actuales gobernadores de Santa Fe, Omar Perotti y de Chaco, Jorge Capitanich, y los electos mandatarios de Santa Fe, Maximiliano Pullaro, de Chaco, Leandro Zdero, de Misiones, Hugo Passalacqua, de San Luis, Claudio Poggi, de Tierra del Fuego, Gustavo Melella, de R\u00edo Negro, Alberto Werentileck, de San Juan, Marcelo Orrego, de C\u00f3rdoba, Mart\u00edn Llaryora,&nbsp;\u200b y de Chubut, Ignacio Torres, tambi\u00e9n adhirieron al compromiso por la alfabetizaci\u00f3n.&nbsp;<\/p>\n<!-- \/wp:paragraph -->\n\n<!-- wp:paragraph -->\n<p>En noviembre, la Gira Nacional por la Alfabetizaci\u00f3n continuar\u00e1 en La Rioja y Catamarca, en donde se buscar\u00e1 impulsar el compromiso por parte de las autoridades de ambas provincias.<\/p>\n<!-- \/wp:paragraph -->","_et_gb_content_width":"","footnotes":""},"categories":[26],"tags":[],"class_list":["post-61744","post","type-post","status-publish","format-standard","has-post-thumbnail","hentry","category-ciudad","et-has-post-format-content","et_post_format-et-post-format-standard"],"a3_pvc":{"activated":true,"total_views":18,"today_views":0},"yoast_head":"<!-- This site is optimized with the Yoast SEO plugin v27.5 - https:\/\/yoast.com\/product\/yoast-seo-wordpress\/ -->\n<title>La alfabetizaci\u00f3n, compromiso y prioridad del pr\u00f3ximo presidente\u00a0 - Voces de la Comuna 15<\/title>\n<meta name=\"description\" content=\"Voces de la Comuna 15\" \/>\n<meta name=\"robots\" content=\"index, follow, max-snippet:-1, max-image-preview:large, max-video-preview:-1\" \/>\n<link rel=\"canonical\" href=\"https:\/\/vocesdelacomuna15.com.ar\/press\/la-alfabetizacion-compromiso-y-prioridad-del-proximo-presidente\/\" \/>\n<meta property=\"og:locale\" content=\"es_ES\" \/>\n<meta property=\"og:type\" content=\"article\" \/>\n<meta property=\"og:title\" content=\"La alfabetizaci\u00f3n, compromiso y prioridad del pr\u00f3ximo presidente\u00a0 - Voces de la Comuna 15\" \/>\n<meta property=\"og:description\" content=\"Voces de la Comuna 15\" \/>\n<meta property=\"og:url\" content=\"https:\/\/vocesdelacomuna15.com.ar\/press\/la-alfabetizacion-compromiso-y-prioridad-del-proximo-presidente\/\" \/>\n<meta property=\"og:site_name\" content=\"Voces de la Comuna 15\" \/>\n<meta property=\"article:publisher\" content=\"https:\/\/www.facebook.com\/VocesComuna15\/\" \/>\n<meta property=\"article:published_time\" content=\"2023-10-24T16:47:05+00:00\" \/>\n<meta property=\"article:modified_time\" content=\"2023-10-24T16:56:44+00:00\" \/>\n<meta property=\"og:image\" content=\"https:\/\/vocesdelacomuna15.com.ar\/wp-content\/uploads\/2023\/10\/img_8-1.jpg\" \/>\n\t<meta property=\"og:image:width\" content=\"600\" \/>\n\t<meta property=\"og:image:height\" content=\"750\" \/>\n\t<meta property=\"og:image:type\" content=\"image\/jpeg\" \/>\n<meta name=\"author\" content=\"Federico Arguto\" \/>\n<meta name=\"twitter:card\" content=\"summary_large_image\" \/>\n<meta name=\"twitter:creator\" content=\"@vocescomuna15\" \/>\n<meta name=\"twitter:site\" content=\"@vocescomuna15\" \/>\n<meta name=\"twitter:label1\" content=\"Escrito por\" \/>\n\t<meta name=\"twitter:data1\" content=\"Federico Arguto\" \/>\n\t<meta name=\"twitter:label2\" content=\"Tiempo de lectura\" \/>\n\t<meta name=\"twitter:data2\" content=\"4 minutos\" \/>\n<script type=\"application\/ld+json\" class=\"yoast-schema-graph\">{\"@context\":\"https:\\\/\\\/schema.org\",\"@graph\":[{\"@type\":\"Article\",\"@id\":\"https:\\\/\\\/vocesdelacomuna15.com.ar\\\/press\\\/la-alfabetizacion-compromiso-y-prioridad-del-proximo-presidente\\\/#article\",\"isPartOf\":{\"@id\":\"https:\\\/\\\/vocesdelacomuna15.com.ar\\\/press\\\/la-alfabetizacion-compromiso-y-prioridad-del-proximo-presidente\\\/\"},\"author\":{\"name\":\"Federico Arguto\",\"@id\":\"https:\\\/\\\/vocesdelacomuna15.com.ar\\\/press\\\/#\\\/schema\\\/person\\\/4739e109db25d799cd3d139eeb509e43\"},\"headline\":\"La alfabetizaci\u00f3n, compromiso y prioridad del pr\u00f3ximo presidente\u00a0\",\"datePublished\":\"2023-10-24T16:47:05+00:00\",\"dateModified\":\"2023-10-24T16:56:44+00:00\",\"mainEntityOfPage\":{\"@id\":\"https:\\\/\\\/vocesdelacomuna15.com.ar\\\/press\\\/la-alfabetizacion-compromiso-y-prioridad-del-proximo-presidente\\\/\"},\"wordCount\":739,\"commentCount\":0,\"publisher\":{\"@id\":\"https:\\\/\\\/vocesdelacomuna15.com.ar\\\/press\\\/#organization\"},\"image\":{\"@id\":\"https:\\\/\\\/vocesdelacomuna15.com.ar\\\/press\\\/la-alfabetizacion-compromiso-y-prioridad-del-proximo-presidente\\\/#primaryimage\"},\"thumbnailUrl\":\"https:\\\/\\\/vocesdelacomuna15.com.ar\\\/wp-content\\\/uploads\\\/2023\\\/10\\\/img_8-1.jpg\",\"articleSection\":[\"Ciudad\"],\"inLanguage\":\"es-AR\",\"potentialAction\":[{\"@type\":\"CommentAction\",\"name\":\"Comment\",\"target\":[\"https:\\\/\\\/vocesdelacomuna15.com.ar\\\/press\\\/la-alfabetizacion-compromiso-y-prioridad-del-proximo-presidente\\\/#respond\"]}]},{\"@type\":\"WebPage\",\"@id\":\"https:\\\/\\\/vocesdelacomuna15.com.ar\\\/press\\\/la-alfabetizacion-compromiso-y-prioridad-del-proximo-presidente\\\/\",\"url\":\"https:\\\/\\\/vocesdelacomuna15.com.ar\\\/press\\\/la-alfabetizacion-compromiso-y-prioridad-del-proximo-presidente\\\/\",\"name\":\"La alfabetizaci\u00f3n, compromiso y prioridad del pr\u00f3ximo presidente\u00a0 - Voces de la Comuna 15\",\"isPartOf\":{\"@id\":\"https:\\\/\\\/vocesdelacomuna15.com.ar\\\/press\\\/#website\"},\"primaryImageOfPage\":{\"@id\":\"https:\\\/\\\/vocesdelacomuna15.com.ar\\\/press\\\/la-alfabetizacion-compromiso-y-prioridad-del-proximo-presidente\\\/#primaryimage\"},\"image\":{\"@id\":\"https:\\\/\\\/vocesdelacomuna15.com.ar\\\/press\\\/la-alfabetizacion-compromiso-y-prioridad-del-proximo-presidente\\\/#primaryimage\"},\"thumbnailUrl\":\"https:\\\/\\\/vocesdelacomuna15.com.ar\\\/wp-content\\\/uploads\\\/2023\\\/10\\\/img_8-1.jpg\",\"datePublished\":\"2023-10-24T16:47:05+00:00\",\"dateModified\":\"2023-10-24T16:56:44+00:00\",\"description\":\"Voces de la Comuna 15\",\"breadcrumb\":{\"@id\":\"https:\\\/\\\/vocesdelacomuna15.com.ar\\\/press\\\/la-alfabetizacion-compromiso-y-prioridad-del-proximo-presidente\\\/#breadcrumb\"},\"inLanguage\":\"es-AR\",\"potentialAction\":[{\"@type\":\"ReadAction\",\"target\":[\"https:\\\/\\\/vocesdelacomuna15.com.ar\\\/press\\\/la-alfabetizacion-compromiso-y-prioridad-del-proximo-presidente\\\/\"]}]},{\"@type\":\"ImageObject\",\"inLanguage\":\"es-AR\",\"@id\":\"https:\\\/\\\/vocesdelacomuna15.com.ar\\\/press\\\/la-alfabetizacion-compromiso-y-prioridad-del-proximo-presidente\\\/#primaryimage\",\"url\":\"https:\\\/\\\/vocesdelacomuna15.com.ar\\\/wp-content\\\/uploads\\\/2023\\\/10\\\/img_8-1.jpg\",\"contentUrl\":\"https:\\\/\\\/vocesdelacomuna15.com.ar\\\/wp-content\\\/uploads\\\/2023\\\/10\\\/img_8-1.jpg\",\"width\":600,\"height\":750},{\"@type\":\"BreadcrumbList\",\"@id\":\"https:\\\/\\\/vocesdelacomuna15.com.ar\\\/press\\\/la-alfabetizacion-compromiso-y-prioridad-del-proximo-presidente\\\/#breadcrumb\",\"itemListElement\":[{\"@type\":\"ListItem\",\"position\":1,\"name\":\"Inicio\",\"item\":\"https:\\\/\\\/vocesdelacomuna15.com.ar\\\/press\\\/\"},{\"@type\":\"ListItem\",\"position\":2,\"name\":\"La alfabetizaci\u00f3n, compromiso y prioridad del pr\u00f3ximo presidente\u00a0\"}]},{\"@type\":\"WebSite\",\"@id\":\"https:\\\/\\\/vocesdelacomuna15.com.ar\\\/press\\\/#website\",\"url\":\"https:\\\/\\\/vocesdelacomuna15.com.ar\\\/press\\\/\",\"name\":\"Voces de la Comuna 15\",\"description\":\"Sitio web de noticias\",\"publisher\":{\"@id\":\"https:\\\/\\\/vocesdelacomuna15.com.ar\\\/press\\\/#organization\"},\"potentialAction\":[{\"@type\":\"SearchAction\",\"target\":{\"@type\":\"EntryPoint\",\"urlTemplate\":\"https:\\\/\\\/vocesdelacomuna15.com.ar\\\/press\\\/?s={search_term_string}\"},\"query-input\":{\"@type\":\"PropertyValueSpecification\",\"valueRequired\":true,\"valueName\":\"search_term_string\"}}],\"inLanguage\":\"es-AR\"},{\"@type\":\"Organization\",\"@id\":\"https:\\\/\\\/vocesdelacomuna15.com.ar\\\/press\\\/#organization\",\"name\":\"Voces de la Comuna 15\",\"url\":\"https:\\\/\\\/vocesdelacomuna15.com.ar\\\/press\\\/\",\"logo\":{\"@type\":\"ImageObject\",\"inLanguage\":\"es-AR\",\"@id\":\"https:\\\/\\\/vocesdelacomuna15.com.ar\\\/press\\\/#\\\/schema\\\/logo\\\/image\\\/\",\"url\":\"https:\\\/\\\/vocesdelacomuna15.com.ar\\\/wp-content\\\/uploads\\\/2024\\\/12\\\/cropped-logo_voces.jpg\",\"contentUrl\":\"https:\\\/\\\/vocesdelacomuna15.com.ar\\\/wp-content\\\/uploads\\\/2024\\\/12\\\/cropped-logo_voces.jpg\",\"width\":512,\"height\":512,\"caption\":\"Voces de la Comuna 15\"},\"image\":{\"@id\":\"https:\\\/\\\/vocesdelacomuna15.com.ar\\\/press\\\/#\\\/schema\\\/logo\\\/image\\\/\"},\"sameAs\":[\"https:\\\/\\\/www.facebook.com\\\/VocesComuna15\\\/\",\"https:\\\/\\\/x.com\\\/vocescomuna15\"]},{\"@type\":\"Person\",\"@id\":\"https:\\\/\\\/vocesdelacomuna15.com.ar\\\/press\\\/#\\\/schema\\\/person\\\/4739e109db25d799cd3d139eeb509e43\",\"name\":\"Federico Arguto\",\"image\":{\"@type\":\"ImageObject\",\"inLanguage\":\"es-AR\",\"@id\":\"https:\\\/\\\/vocesdelacomuna15.com.ar\\\/wp-content\\\/litespeed\\\/avatar\\\/82faf979976f1bae889b8b71f8a0a7e5.jpg?ver=1777419741\",\"url\":\"https:\\\/\\\/vocesdelacomuna15.com.ar\\\/wp-content\\\/litespeed\\\/avatar\\\/82faf979976f1bae889b8b71f8a0a7e5.jpg?ver=1777419741\",\"contentUrl\":\"https:\\\/\\\/vocesdelacomuna15.com.ar\\\/wp-content\\\/litespeed\\\/avatar\\\/82faf979976f1bae889b8b71f8a0a7e5.jpg?ver=1777419741\",\"caption\":\"Federico Arguto\"},\"url\":\"https:\\\/\\\/vocesdelacomuna15.com.ar\\\/press\\\/author\\\/fede\\\/\"}]}<\/script>\n<!-- \/ Yoast SEO plugin. -->","yoast_head_json":{"title":"La alfabetizaci\u00f3n, compromiso y prioridad del pr\u00f3ximo presidente\u00a0 - Voces de la Comuna 15","description":"Voces de la Comuna 15","robots":{"index":"index","follow":"follow","max-snippet":"max-snippet:-1","max-image-preview":"max-image-preview:large","max-video-preview":"max-video-preview:-1"},"canonical":"https:\/\/vocesdelacomuna15.com.ar\/press\/la-alfabetizacion-compromiso-y-prioridad-del-proximo-presidente\/","og_locale":"es_ES","og_type":"article","og_title":"La alfabetizaci\u00f3n, compromiso y prioridad del pr\u00f3ximo presidente\u00a0 - Voces de la Comuna 15","og_description":"Voces de la Comuna 15","og_url":"https:\/\/vocesdelacomuna15.com.ar\/press\/la-alfabetizacion-compromiso-y-prioridad-del-proximo-presidente\/","og_site_name":"Voces de la Comuna 15","article_publisher":"https:\/\/www.facebook.com\/VocesComuna15\/","article_published_time":"2023-10-24T16:47:05+00:00","article_modified_time":"2023-10-24T16:56:44+00:00","og_image":[{"width":600,"height":750,"url":"https:\/\/vocesdelacomuna15.com.ar\/wp-content\/uploads\/2023\/10\/img_8-1.jpg","type":"image\/jpeg"}],"author":"Federico Arguto","twitter_card":"summary_large_image","twitter_creator":"@vocescomuna15","twitter_site":"@vocescomuna15","twitter_misc":{"Escrito por":"Federico Arguto","Tiempo de lectura":"4 minutos"},"schema":{"@context":"https:\/\/schema.org","@graph":[{"@type":"Article","@id":"https:\/\/vocesdelacomuna15.com.ar\/press\/la-alfabetizacion-compromiso-y-prioridad-del-proximo-presidente\/#article","isPartOf":{"@id":"https:\/\/vocesdelacomuna15.com.ar\/press\/la-alfabetizacion-compromiso-y-prioridad-del-proximo-presidente\/"},"author":{"name":"Federico Arguto","@id":"https:\/\/vocesdelacomuna15.com.ar\/press\/#\/schema\/person\/4739e109db25d799cd3d139eeb509e43"},"headline":"La alfabetizaci\u00f3n, compromiso y prioridad del pr\u00f3ximo presidente\u00a0","datePublished":"2023-10-24T16:47:05+00:00","dateModified":"2023-10-24T16:56:44+00:00","mainEntityOfPage":{"@id":"https:\/\/vocesdelacomuna15.com.ar\/press\/la-alfabetizacion-compromiso-y-prioridad-del-proximo-presidente\/"},"wordCount":739,"commentCount":0,"publisher":{"@id":"https:\/\/vocesdelacomuna15.com.ar\/press\/#organization"},"image":{"@id":"https:\/\/vocesdelacomuna15.com.ar\/press\/la-alfabetizacion-compromiso-y-prioridad-del-proximo-presidente\/#primaryimage"},"thumbnailUrl":"https:\/\/vocesdelacomuna15.com.ar\/wp-content\/uploads\/2023\/10\/img_8-1.jpg","articleSection":["Ciudad"],"inLanguage":"es-AR","potentialAction":[{"@type":"CommentAction","name":"Comment","target":["https:\/\/vocesdelacomuna15.com.ar\/press\/la-alfabetizacion-compromiso-y-prioridad-del-proximo-presidente\/#respond"]}]},{"@type":"WebPage","@id":"https:\/\/vocesdelacomuna15.com.ar\/press\/la-alfabetizacion-compromiso-y-prioridad-del-proximo-presidente\/","url":"https:\/\/vocesdelacomuna15.com.ar\/press\/la-alfabetizacion-compromiso-y-prioridad-del-proximo-presidente\/","name":"La alfabetizaci\u00f3n, compromiso y prioridad del pr\u00f3ximo presidente\u00a0 - Voces de la Comuna 15","isPartOf":{"@id":"https:\/\/vocesdelacomuna15.com.ar\/press\/#website"},"primaryImageOfPage":{"@id":"https:\/\/vocesdelacomuna15.com.ar\/press\/la-alfabetizacion-compromiso-y-prioridad-del-proximo-presidente\/#primaryimage"},"image":{"@id":"https:\/\/vocesdelacomuna15.com.ar\/press\/la-alfabetizacion-compromiso-y-prioridad-del-proximo-presidente\/#primaryimage"},"thumbnailUrl":"https:\/\/vocesdelacomuna15.com.ar\/wp-content\/uploads\/2023\/10\/img_8-1.jpg","datePublished":"2023-10-24T16:47:05+00:00","dateModified":"2023-10-24T16:56:44+00:00","description":"Voces de la Comuna 15","breadcrumb":{"@id":"https:\/\/vocesdelacomuna15.com.ar\/press\/la-alfabetizacion-compromiso-y-prioridad-del-proximo-presidente\/#breadcrumb"},"inLanguage":"es-AR","potentialAction":[{"@type":"ReadAction","target":["https:\/\/vocesdelacomuna15.com.ar\/press\/la-alfabetizacion-compromiso-y-prioridad-del-proximo-presidente\/"]}]},{"@type":"ImageObject","inLanguage":"es-AR","@id":"https:\/\/vocesdelacomuna15.com.ar\/press\/la-alfabetizacion-compromiso-y-prioridad-del-proximo-presidente\/#primaryimage","url":"https:\/\/vocesdelacomuna15.com.ar\/wp-content\/uploads\/2023\/10\/img_8-1.jpg","contentUrl":"https:\/\/vocesdelacomuna15.com.ar\/wp-content\/uploads\/2023\/10\/img_8-1.jpg","width":600,"height":750},{"@type":"BreadcrumbList","@id":"https:\/\/vocesdelacomuna15.com.ar\/press\/la-alfabetizacion-compromiso-y-prioridad-del-proximo-presidente\/#breadcrumb","itemListElement":[{"@type":"ListItem","position":1,"name":"Inicio","item":"https:\/\/vocesdelacomuna15.com.ar\/press\/"},{"@type":"ListItem","position":2,"name":"La alfabetizaci\u00f3n, compromiso y prioridad del pr\u00f3ximo presidente\u00a0"}]},{"@type":"WebSite","@id":"https:\/\/vocesdelacomuna15.com.ar\/press\/#website","url":"https:\/\/vocesdelacomuna15.com.ar\/press\/","name":"Voces de la Comuna 15","description":"Sitio web de noticias","publisher":{"@id":"https:\/\/vocesdelacomuna15.com.ar\/press\/#organization"},"potentialAction":[{"@type":"SearchAction","target":{"@type":"EntryPoint","urlTemplate":"https:\/\/vocesdelacomuna15.com.ar\/press\/?s={search_term_string}"},"query-input":{"@type":"PropertyValueSpecification","valueRequired":true,"valueName":"search_term_string"}}],"inLanguage":"es-AR"},{"@type":"Organization","@id":"https:\/\/vocesdelacomuna15.com.ar\/press\/#organization","name":"Voces de la Comuna 15","url":"https:\/\/vocesdelacomuna15.com.ar\/press\/","logo":{"@type":"ImageObject","inLanguage":"es-AR","@id":"https:\/\/vocesdelacomuna15.com.ar\/press\/#\/schema\/logo\/image\/","url":"https:\/\/vocesdelacomuna15.com.ar\/wp-content\/uploads\/2024\/12\/cropped-logo_voces.jpg","contentUrl":"https:\/\/vocesdelacomuna15.com.ar\/wp-content\/uploads\/2024\/12\/cropped-logo_voces.jpg","width":512,"height":512,"caption":"Voces de la Comuna 15"},"image":{"@id":"https:\/\/vocesdelacomuna15.com.ar\/press\/#\/schema\/logo\/image\/"},"sameAs":["https:\/\/www.facebook.com\/VocesComuna15\/","https:\/\/x.com\/vocescomuna15"]},{"@type":"Person","@id":"https:\/\/vocesdelacomuna15.com.ar\/press\/#\/schema\/person\/4739e109db25d799cd3d139eeb509e43","name":"Federico Arguto","image":{"@type":"ImageObject","inLanguage":"es-AR","@id":"https:\/\/vocesdelacomuna15.com.ar\/wp-content\/litespeed\/avatar\/82faf979976f1bae889b8b71f8a0a7e5.jpg?ver=1777419741","url":"https:\/\/vocesdelacomuna15.com.ar\/wp-content\/litespeed\/avatar\/82faf979976f1bae889b8b71f8a0a7e5.jpg?ver=1777419741","contentUrl":"https:\/\/vocesdelacomuna15.com.ar\/wp-content\/litespeed\/avatar\/82faf979976f1bae889b8b71f8a0a7e5.jpg?ver=1777419741","caption":"Federico Arguto"},"url":"https:\/\/vocesdelacomuna15.com.ar\/press\/author\/fede\/"}]}},"_links":{"self":[{"href":"https:\/\/vocesdelacomuna15.com.ar\/press\/wp-json\/wp\/v2\/posts\/61744","targetHints":{"allow":["GET"]}}],"collection":[{"href":"https:\/\/vocesdelacomuna15.com.ar\/press\/wp-json\/wp\/v2\/posts"}],"about":[{"href":"https:\/\/vocesdelacomuna15.com.ar\/press\/wp-json\/wp\/v2\/types\/post"}],"author":[{"embeddable":true,"href":"https:\/\/vocesdelacomuna15.com.ar\/press\/wp-json\/wp\/v2\/users\/2"}],"replies":[{"embeddable":true,"href":"https:\/\/vocesdelacomuna15.com.ar\/press\/wp-json\/wp\/v2\/comments?post=61744"}],"version-history":[{"count":3,"href":"https:\/\/vocesdelacomuna15.com.ar\/press\/wp-json\/wp\/v2\/posts\/61744\/revisions"}],"predecessor-version":[{"id":61754,"href":"https:\/\/vocesdelacomuna15.com.ar\/press\/wp-json\/wp\/v2\/posts\/61744\/revisions\/61754"}],"wp:featuredmedia":[{"embeddable":true,"href":"https:\/\/vocesdelacomuna15.com.ar\/press\/wp-json\/wp\/v2\/media\/61752"}],"wp:attachment":[{"href":"https:\/\/vocesdelacomuna15.com.ar\/press\/wp-json\/wp\/v2\/media?parent=61744"}],"wp:term":[{"taxonomy":"category","embeddable":true,"href":"https:\/\/vocesdelacomuna15.com.ar\/press\/wp-json\/wp\/v2\/categories?post=61744"},{"taxonomy":"post_tag","embeddable":true,"href":"https:\/\/vocesdelacomuna15.com.ar\/press\/wp-json\/wp\/v2\/tags?post=61744"}],"curies":[{"name":"wp","href":"https:\/\/api.w.org\/{rel}","templated":true}]}}