{"id":61695,"date":"2023-09-13T23:24:47","date_gmt":"2023-09-14T02:24:47","guid":{"rendered":"https:\/\/vocesdelacomuna15.com.ar\/?p=61695"},"modified":"2023-10-19T23:27:27","modified_gmt":"2023-10-20T02:27:27","slug":"homenaje-a-la-cantina-don-chicho-en-villa-ortuzar","status":"publish","type":"post","link":"https:\/\/vocesdelacomuna15.com.ar\/press\/homenaje-a-la-cantina-don-chicho-en-villa-ortuzar\/","title":{"rendered":"Homenaje a la cantina \u201cDon Chicho\u201d en Villa Ort\u00fazar"},"content":{"rendered":"\n<p>Fue el mi\u00e9rcoles 6 de septiembre y la Legislatura porte\u00f1a coloc\u00f3 una placa en el restaurant, con motivo de haberla declarado \u201cSitio de Inter\u00e9s Cultural\u201d<\/p>\n\n\n\n<p>La Legislatura porte\u00f1a coloc\u00f3 el pasado mi\u00e9rcoles 6 de septiembre por la tarde, una placa en la Cantina Don Chicho, con motivo de haberla declarado \u201cSitio de Inter\u00e9s Cultural\u201d.<\/p>\n\n\n\n<p>El homenajeado restaurant es un tradicional bodeg\u00f3n con especialidad en pastas caseras, ubicado en Plaza 1411 (esquina Z\u00e1rraga, en el cruce con la Avenida \u00c1lvarez Thomas), que tiene ya 101 a\u00f1os de historia en el barrio de Villa Ort\u00fazar. La distinci\u00f3n se propuso en 2022, en el marco del centenario del local.<\/p>\n\n\n\n<p>El Dr. Maximiliano Rima, en conjunto con el Sr. Christian Comaschi llevaron adelante esta iniciativa a la Legislatura de la Ciudad de Buenos Aires y finalmente se hizo realidad la colocaci\u00f3n de la placa en la cantina, a cargo de la Legislatura porte\u00f1a.<\/p>\n\n\n\n<figure class=\"wp-block-image size-large\"><img loading=\"lazy\" decoding=\"async\" width=\"1024\" height=\"576\" src=\"https:\/\/vocesdelacomuna15.com.ar\/wp-content\/uploads\/2023\/10\/dc2-1024x576.jpeg\" alt=\"\" class=\"wp-image-61697\" srcset=\"https:\/\/vocesdelacomuna15.com.ar\/wp-content\/uploads\/2023\/10\/dc2-1024x576.jpeg 1024w, https:\/\/vocesdelacomuna15.com.ar\/wp-content\/uploads\/2023\/10\/dc2-300x169.jpeg 300w, https:\/\/vocesdelacomuna15.com.ar\/wp-content\/uploads\/2023\/10\/dc2-768x432.jpeg 768w, https:\/\/vocesdelacomuna15.com.ar\/wp-content\/uploads\/2023\/10\/dc2-1080x608.jpeg 1080w, https:\/\/vocesdelacomuna15.com.ar\/wp-content\/uploads\/2023\/10\/dc2.jpeg 1536w\" sizes=\"(max-width: 1024px) 100vw, 1024px\" \/><\/figure>\n\n\n\n<p>En la actividad estuvo presente la Diputada Carolina Estebarena, legisladora porte\u00f1a del Bloque Vamos Juntos (Interbloque Juntos por el Cambio), que tom\u00f3 la iniciativa en la Legislatura para proceder tras haber sido presentada por un particular (2 en este caso). Apoyaron la actividad \u201cEquipazo CABA\u201d y la Junta Hist\u00f3rica de Villa Ort\u00fazar. Se hizo presente la comunera de la Comuna 15 Victoria Pujolle (Juntos por el Cambio) y asistieron tambi\u00e9n varios integrantes de la Asociaci\u00f3n Civil Margarita Arriola, situada en el vecino barrio de Villa Urquiza.<\/p>\n\n\n\n<p>La diputada Estebarena manifest\u00f3 en el evento: \u201cSiempre que me ponen un desaf\u00edo yo le pongo toda la energ\u00eda para darle para adelante y lo importante es que se haya puesto no solo la placa en \u201cDon Chicho\u201d sino que haya sido nombrado Sitio de Inter\u00e9s Cultural. Podr\u00eda haber tenido otro tipo de declaraci\u00f3n pero esta es muy buena porque abarca todo, el hecho de que sea un sitio de inter\u00e9s cultural permite atraer a todo tipo de p\u00fablico y ahora podemos sumar a los de la Legislatura, a los de la cultura, a los del gobierno, posibilitando gracias a esa declaraci\u00f3n que reciba un subsidio o alg\u00fan tipo de asistencia porque al ser un sitio de inter\u00e9s hay un compromiso de la Ciudad por ponerse al hombro el lugar\u201d.\u00a0<\/p>\n\n\n\n<figure class=\"wp-block-image size-large\"><img loading=\"lazy\" decoding=\"async\" width=\"1024\" height=\"576\" src=\"https:\/\/vocesdelacomuna15.com.ar\/wp-content\/uploads\/2023\/10\/dc3-1024x576.jpeg\" alt=\"\" class=\"wp-image-61698\" srcset=\"https:\/\/vocesdelacomuna15.com.ar\/wp-content\/uploads\/2023\/10\/dc3-1024x576.jpeg 1024w, https:\/\/vocesdelacomuna15.com.ar\/wp-content\/uploads\/2023\/10\/dc3-300x169.jpeg 300w, https:\/\/vocesdelacomuna15.com.ar\/wp-content\/uploads\/2023\/10\/dc3-768x432.jpeg 768w, https:\/\/vocesdelacomuna15.com.ar\/wp-content\/uploads\/2023\/10\/dc3-1080x608.jpeg 1080w, https:\/\/vocesdelacomuna15.com.ar\/wp-content\/uploads\/2023\/10\/dc3.jpeg 1536w\" sizes=\"(max-width: 1024px) 100vw, 1024px\" \/><\/figure>\n\n\n\n<p>Por su parte, Maximiliano Rima, uno de los que ide\u00f3 este proyecto, declar\u00f3 ante los presentes: \u201cEsta es la cuarta generaci\u00f3n que trabaja en la Cantina Don Chicho. Y dense cuenta. En 1826, Rivadavia fue el primer presidente de los argentinos y dur\u00f3un a\u00f1o. Hoy en Argentina si no me equivoco tenemos 57 presidencias contando incluso los gobiernos de facto. Es decir que si en 1922 Don Chicho abri\u00f3 sus puertas han pasado 38 presidentes y Don Chicho sigue con las puertas abiertas. Este homenaje que hoy se formaliza a trav\u00e9s de la Legislatura es un homenaje merecido. Porque\u2026 \u00bfQui\u00e9n labura 100 a\u00f1os en este pa\u00eds ininterrumpidamente? \u00bfQui\u00e9n genera empleo durante 100 a\u00f1os ininterrumpidamente cuando los gobiernos lo primero que hacen es atacar al privado para el beneficio propio de los empleados p\u00fablicos? Esta placa que hoy vamos a descubrir es algo merecido y un ejemplo para todos los argentinos y para la Ciudad de Buenos Aires porque cada vez son menos aquellos que hacen de su trabajo su propia historia\u201d.<\/p>\n\n\n\n<p>Rima, que es oriundo de Villa Crespo y fue a la escuela secundaria en Villa Ort\u00fazar (al Instituto San Roque)&nbsp; junto con Christian Comaschi \u2013el otro autor del proyecto, que tambi\u00e9n estuvo all\u00ed presente- supo ser habitu\u00e9 de la Cantina Don Chicho en su adolescencia. Es destacable que pese a sus diferencias pol\u00edticas (Rima apoya a Juntos por el Cambio y Comaschi al peronismo) y futbol\u00edsticas (Rima es hincha de Atlanta y Comaschi de Chacarita), son amigos y trabajaron&nbsp; juntos en este hermoso proyecto que se hizo realidad para homenajear a un exquisito e hist\u00f3rico restaurant del barrio que los vio crecer, Villa Ort\u00fazar.<\/p>\n<div class=\"pvc_clear\"><\/div><p id=\"pvc_stats_61695\" class=\"pvc_stats all  \" data-element-id=\"61695\" style=\"\"><i class=\"pvc-stats-icon small\" aria-hidden=\"true\"><svg aria-hidden=\"true\" focusable=\"false\" data-prefix=\"far\" data-icon=\"chart-bar\" role=\"img\" xmlns=\"http:\/\/www.w3.org\/2000\/svg\" viewBox=\"0 0 512 512\" class=\"svg-inline--fa fa-chart-bar fa-w-16 fa-2x\"><path fill=\"currentColor\" d=\"M396.8 352h22.4c6.4 0 12.8-6.4 12.8-12.8V108.8c0-6.4-6.4-12.8-12.8-12.8h-22.4c-6.4 0-12.8 6.4-12.8 12.8v230.4c0 6.4 6.4 12.8 12.8 12.8zm-192 0h22.4c6.4 0 12.8-6.4 12.8-12.8V140.8c0-6.4-6.4-12.8-12.8-12.8h-22.4c-6.4 0-12.8 6.4-12.8 12.8v198.4c0 6.4 6.4 12.8 12.8 12.8zm96 0h22.4c6.4 0 12.8-6.4 12.8-12.8V204.8c0-6.4-6.4-12.8-12.8-12.8h-22.4c-6.4 0-12.8 6.4-12.8 12.8v134.4c0 6.4 6.4 12.8 12.8 12.8zM496 400H48V80c0-8.84-7.16-16-16-16H16C7.16 64 0 71.16 0 80v336c0 17.67 14.33 32 32 32h464c8.84 0 16-7.16 16-16v-16c0-8.84-7.16-16-16-16zm-387.2-48h22.4c6.4 0 12.8-6.4 12.8-12.8v-70.4c0-6.4-6.4-12.8-12.8-12.8h-22.4c-6.4 0-12.8 6.4-12.8 12.8v70.4c0 6.4 6.4 12.8 12.8 12.8z\" class=\"\"><\/path><\/svg><\/i> <img loading=\"lazy\" decoding=\"async\" width=\"16\" height=\"16\" alt=\"Loading\" src=\"https:\/\/vocesdelacomuna15.com.ar\/wp-content\/plugins\/page-views-count\/ajax-loader-2x.gif\" border=0 \/><\/p><div class=\"pvc_clear\"><\/div>","protected":false},"excerpt":{"rendered":"<p>Fue el mi\u00e9rcoles 6 de septiembre y la Legislatura porte\u00f1a coloc\u00f3 una placa en el restaurant, con motivo de haberla declarado \u201cSitio de Inter\u00e9s Cultural\u201d La Legislatura porte\u00f1a coloc\u00f3 el pasado mi\u00e9rcoles 6 de septiembre por la tarde, una placa en la Cantina Don Chicho, con motivo de haberla declarado \u201cSitio de Inter\u00e9s Cultural\u201d. El [&hellip;]<\/p>\n<div class=\"pvc_clear\"><\/div>\n<p id=\"pvc_stats_61695\" class=\"pvc_stats all  \" data-element-id=\"61695\" style=\"\"><i class=\"pvc-stats-icon small\" aria-hidden=\"true\"><svg aria-hidden=\"true\" focusable=\"false\" data-prefix=\"far\" data-icon=\"chart-bar\" role=\"img\" xmlns=\"http:\/\/www.w3.org\/2000\/svg\" viewBox=\"0 0 512 512\" class=\"svg-inline--fa fa-chart-bar fa-w-16 fa-2x\"><path fill=\"currentColor\" d=\"M396.8 352h22.4c6.4 0 12.8-6.4 12.8-12.8V108.8c0-6.4-6.4-12.8-12.8-12.8h-22.4c-6.4 0-12.8 6.4-12.8 12.8v230.4c0 6.4 6.4 12.8 12.8 12.8zm-192 0h22.4c6.4 0 12.8-6.4 12.8-12.8V140.8c0-6.4-6.4-12.8-12.8-12.8h-22.4c-6.4 0-12.8 6.4-12.8 12.8v198.4c0 6.4 6.4 12.8 12.8 12.8zm96 0h22.4c6.4 0 12.8-6.4 12.8-12.8V204.8c0-6.4-6.4-12.8-12.8-12.8h-22.4c-6.4 0-12.8 6.4-12.8 12.8v134.4c0 6.4 6.4 12.8 12.8 12.8zM496 400H48V80c0-8.84-7.16-16-16-16H16C7.16 64 0 71.16 0 80v336c0 17.67 14.33 32 32 32h464c8.84 0 16-7.16 16-16v-16c0-8.84-7.16-16-16-16zm-387.2-48h22.4c6.4 0 12.8-6.4 12.8-12.8v-70.4c0-6.4-6.4-12.8-12.8-12.8h-22.4c-6.4 0-12.8 6.4-12.8 12.8v70.4c0 6.4 6.4 12.8 12.8 12.8z\" class=\"\"><\/path><\/svg><\/i> <img loading=\"lazy\" decoding=\"async\" width=\"16\" height=\"16\" alt=\"Loading\" src=\"https:\/\/vocesdelacomuna15.com.ar\/wp-content\/plugins\/page-views-count\/ajax-loader-2x.gif\" border=0 \/><\/p>\n<div class=\"pvc_clear\"><\/div>\n","protected":false},"author":2,"featured_media":61696,"comment_status":"open","ping_status":"open","sticky":false,"template":"","format":"standard","meta":{"_et_pb_use_builder":"off","_et_pb_old_content":"","_et_gb_content_width":"","footnotes":""},"categories":[8,33],"tags":[],"class_list":["post-61695","post","type-post","status-publish","format-standard","has-post-thumbnail","hentry","category-sociedad","category-vort","et-has-post-format-content","et_post_format-et-post-format-standard"],"a3_pvc":{"activated":true,"total_views":107,"today_views":0},"yoast_head":"<!-- This site is optimized with the Yoast SEO plugin v27.5 - https:\/\/yoast.com\/product\/yoast-seo-wordpress\/ -->\n<title>Homenaje a la cantina \u201cDon Chicho\u201d en Villa Ort\u00fazar - Voces de la Comuna 15<\/title>\n<meta name=\"description\" content=\"Voces de la Comuna 15\" \/>\n<meta name=\"robots\" content=\"index, follow, max-snippet:-1, max-image-preview:large, max-video-preview:-1\" \/>\n<link rel=\"canonical\" href=\"https:\/\/vocesdelacomuna15.com.ar\/press\/homenaje-a-la-cantina-don-chicho-en-villa-ortuzar\/\" \/>\n<meta property=\"og:locale\" content=\"es_ES\" \/>\n<meta property=\"og:type\" content=\"article\" \/>\n<meta property=\"og:title\" content=\"Homenaje a la cantina \u201cDon Chicho\u201d en Villa Ort\u00fazar - Voces de la Comuna 15\" \/>\n<meta property=\"og:description\" content=\"Voces de la Comuna 15\" \/>\n<meta property=\"og:url\" content=\"https:\/\/vocesdelacomuna15.com.ar\/press\/homenaje-a-la-cantina-don-chicho-en-villa-ortuzar\/\" \/>\n<meta property=\"og:site_name\" content=\"Voces de la Comuna 15\" \/>\n<meta property=\"article:publisher\" content=\"https:\/\/www.facebook.com\/VocesComuna15\/\" \/>\n<meta property=\"article:published_time\" content=\"2023-09-14T02:24:47+00:00\" \/>\n<meta property=\"article:modified_time\" content=\"2023-10-20T02:27:27+00:00\" \/>\n<meta property=\"og:image\" content=\"https:\/\/vocesdelacomuna15.com.ar\/wp-content\/uploads\/2023\/10\/dc1.jpeg\" \/>\n\t<meta property=\"og:image:width\" content=\"1536\" \/>\n\t<meta property=\"og:image:height\" content=\"864\" \/>\n\t<meta property=\"og:image:type\" content=\"image\/jpeg\" \/>\n<meta name=\"author\" content=\"Federico Arguto\" \/>\n<meta name=\"twitter:card\" content=\"summary_large_image\" \/>\n<meta name=\"twitter:creator\" content=\"@vocescomuna15\" \/>\n<meta name=\"twitter:site\" content=\"@vocescomuna15\" \/>\n<meta name=\"twitter:label1\" content=\"Escrito por\" \/>\n\t<meta name=\"twitter:data1\" content=\"Federico Arguto\" \/>\n\t<meta name=\"twitter:label2\" content=\"Tiempo de lectura\" \/>\n\t<meta name=\"twitter:data2\" content=\"3 minutos\" \/>\n<script type=\"application\/ld+json\" class=\"yoast-schema-graph\">{\"@context\":\"https:\\\/\\\/schema.org\",\"@graph\":[{\"@type\":\"Article\",\"@id\":\"https:\\\/\\\/vocesdelacomuna15.com.ar\\\/press\\\/homenaje-a-la-cantina-don-chicho-en-villa-ortuzar\\\/#article\",\"isPartOf\":{\"@id\":\"https:\\\/\\\/vocesdelacomuna15.com.ar\\\/press\\\/homenaje-a-la-cantina-don-chicho-en-villa-ortuzar\\\/\"},\"author\":{\"name\":\"Federico Arguto\",\"@id\":\"https:\\\/\\\/vocesdelacomuna15.com.ar\\\/press\\\/#\\\/schema\\\/person\\\/4739e109db25d799cd3d139eeb509e43\"},\"headline\":\"Homenaje a la cantina \u201cDon Chicho\u201d en Villa Ort\u00fazar\",\"datePublished\":\"2023-09-14T02:24:47+00:00\",\"dateModified\":\"2023-10-20T02:27:27+00:00\",\"mainEntityOfPage\":{\"@id\":\"https:\\\/\\\/vocesdelacomuna15.com.ar\\\/press\\\/homenaje-a-la-cantina-don-chicho-en-villa-ortuzar\\\/\"},\"wordCount\":683,\"commentCount\":0,\"publisher\":{\"@id\":\"https:\\\/\\\/vocesdelacomuna15.com.ar\\\/press\\\/#organization\"},\"image\":{\"@id\":\"https:\\\/\\\/vocesdelacomuna15.com.ar\\\/press\\\/homenaje-a-la-cantina-don-chicho-en-villa-ortuzar\\\/#primaryimage\"},\"thumbnailUrl\":\"https:\\\/\\\/vocesdelacomuna15.com.ar\\\/wp-content\\\/uploads\\\/2023\\\/10\\\/dc1.jpeg\",\"articleSection\":[\"Sociedad\",\"Villa Ort\u00fazar\"],\"inLanguage\":\"es-AR\",\"potentialAction\":[{\"@type\":\"CommentAction\",\"name\":\"Comment\",\"target\":[\"https:\\\/\\\/vocesdelacomuna15.com.ar\\\/press\\\/homenaje-a-la-cantina-don-chicho-en-villa-ortuzar\\\/#respond\"]}]},{\"@type\":\"WebPage\",\"@id\":\"https:\\\/\\\/vocesdelacomuna15.com.ar\\\/press\\\/homenaje-a-la-cantina-don-chicho-en-villa-ortuzar\\\/\",\"url\":\"https:\\\/\\\/vocesdelacomuna15.com.ar\\\/press\\\/homenaje-a-la-cantina-don-chicho-en-villa-ortuzar\\\/\",\"name\":\"Homenaje a la cantina \u201cDon Chicho\u201d en Villa Ort\u00fazar - Voces de la Comuna 15\",\"isPartOf\":{\"@id\":\"https:\\\/\\\/vocesdelacomuna15.com.ar\\\/press\\\/#website\"},\"primaryImageOfPage\":{\"@id\":\"https:\\\/\\\/vocesdelacomuna15.com.ar\\\/press\\\/homenaje-a-la-cantina-don-chicho-en-villa-ortuzar\\\/#primaryimage\"},\"image\":{\"@id\":\"https:\\\/\\\/vocesdelacomuna15.com.ar\\\/press\\\/homenaje-a-la-cantina-don-chicho-en-villa-ortuzar\\\/#primaryimage\"},\"thumbnailUrl\":\"https:\\\/\\\/vocesdelacomuna15.com.ar\\\/wp-content\\\/uploads\\\/2023\\\/10\\\/dc1.jpeg\",\"datePublished\":\"2023-09-14T02:24:47+00:00\",\"dateModified\":\"2023-10-20T02:27:27+00:00\",\"description\":\"Voces de la Comuna 15\",\"breadcrumb\":{\"@id\":\"https:\\\/\\\/vocesdelacomuna15.com.ar\\\/press\\\/homenaje-a-la-cantina-don-chicho-en-villa-ortuzar\\\/#breadcrumb\"},\"inLanguage\":\"es-AR\",\"potentialAction\":[{\"@type\":\"ReadAction\",\"target\":[\"https:\\\/\\\/vocesdelacomuna15.com.ar\\\/press\\\/homenaje-a-la-cantina-don-chicho-en-villa-ortuzar\\\/\"]}]},{\"@type\":\"ImageObject\",\"inLanguage\":\"es-AR\",\"@id\":\"https:\\\/\\\/vocesdelacomuna15.com.ar\\\/press\\\/homenaje-a-la-cantina-don-chicho-en-villa-ortuzar\\\/#primaryimage\",\"url\":\"https:\\\/\\\/vocesdelacomuna15.com.ar\\\/wp-content\\\/uploads\\\/2023\\\/10\\\/dc1.jpeg\",\"contentUrl\":\"https:\\\/\\\/vocesdelacomuna15.com.ar\\\/wp-content\\\/uploads\\\/2023\\\/10\\\/dc1.jpeg\",\"width\":1536,\"height\":864},{\"@type\":\"BreadcrumbList\",\"@id\":\"https:\\\/\\\/vocesdelacomuna15.com.ar\\\/press\\\/homenaje-a-la-cantina-don-chicho-en-villa-ortuzar\\\/#breadcrumb\",\"itemListElement\":[{\"@type\":\"ListItem\",\"position\":1,\"name\":\"Inicio\",\"item\":\"https:\\\/\\\/vocesdelacomuna15.com.ar\\\/press\\\/\"},{\"@type\":\"ListItem\",\"position\":2,\"name\":\"Homenaje a la cantina \u201cDon Chicho\u201d en Villa Ort\u00fazar\"}]},{\"@type\":\"WebSite\",\"@id\":\"https:\\\/\\\/vocesdelacomuna15.com.ar\\\/press\\\/#website\",\"url\":\"https:\\\/\\\/vocesdelacomuna15.com.ar\\\/press\\\/\",\"name\":\"Voces de la Comuna 15\",\"description\":\"Sitio web de noticias\",\"publisher\":{\"@id\":\"https:\\\/\\\/vocesdelacomuna15.com.ar\\\/press\\\/#organization\"},\"potentialAction\":[{\"@type\":\"SearchAction\",\"target\":{\"@type\":\"EntryPoint\",\"urlTemplate\":\"https:\\\/\\\/vocesdelacomuna15.com.ar\\\/press\\\/?s={search_term_string}\"},\"query-input\":{\"@type\":\"PropertyValueSpecification\",\"valueRequired\":true,\"valueName\":\"search_term_string\"}}],\"inLanguage\":\"es-AR\"},{\"@type\":\"Organization\",\"@id\":\"https:\\\/\\\/vocesdelacomuna15.com.ar\\\/press\\\/#organization\",\"name\":\"Voces de la Comuna 15\",\"url\":\"https:\\\/\\\/vocesdelacomuna15.com.ar\\\/press\\\/\",\"logo\":{\"@type\":\"ImageObject\",\"inLanguage\":\"es-AR\",\"@id\":\"https:\\\/\\\/vocesdelacomuna15.com.ar\\\/press\\\/#\\\/schema\\\/logo\\\/image\\\/\",\"url\":\"https:\\\/\\\/vocesdelacomuna15.com.ar\\\/wp-content\\\/uploads\\\/2024\\\/12\\\/cropped-logo_voces.jpg\",\"contentUrl\":\"https:\\\/\\\/vocesdelacomuna15.com.ar\\\/wp-content\\\/uploads\\\/2024\\\/12\\\/cropped-logo_voces.jpg\",\"width\":512,\"height\":512,\"caption\":\"Voces de la Comuna 15\"},\"image\":{\"@id\":\"https:\\\/\\\/vocesdelacomuna15.com.ar\\\/press\\\/#\\\/schema\\\/logo\\\/image\\\/\"},\"sameAs\":[\"https:\\\/\\\/www.facebook.com\\\/VocesComuna15\\\/\",\"https:\\\/\\\/x.com\\\/vocescomuna15\"]},{\"@type\":\"Person\",\"@id\":\"https:\\\/\\\/vocesdelacomuna15.com.ar\\\/press\\\/#\\\/schema\\\/person\\\/4739e109db25d799cd3d139eeb509e43\",\"name\":\"Federico Arguto\",\"image\":{\"@type\":\"ImageObject\",\"inLanguage\":\"es-AR\",\"@id\":\"https:\\\/\\\/vocesdelacomuna15.com.ar\\\/wp-content\\\/litespeed\\\/avatar\\\/82faf979976f1bae889b8b71f8a0a7e5.jpg?ver=1777419741\",\"url\":\"https:\\\/\\\/vocesdelacomuna15.com.ar\\\/wp-content\\\/litespeed\\\/avatar\\\/82faf979976f1bae889b8b71f8a0a7e5.jpg?ver=1777419741\",\"contentUrl\":\"https:\\\/\\\/vocesdelacomuna15.com.ar\\\/wp-content\\\/litespeed\\\/avatar\\\/82faf979976f1bae889b8b71f8a0a7e5.jpg?ver=1777419741\",\"caption\":\"Federico Arguto\"},\"url\":\"https:\\\/\\\/vocesdelacomuna15.com.ar\\\/press\\\/author\\\/fede\\\/\"}]}<\/script>\n<!-- \/ Yoast SEO plugin. -->","yoast_head_json":{"title":"Homenaje a la cantina \u201cDon Chicho\u201d en Villa Ort\u00fazar - Voces de la Comuna 15","description":"Voces de la Comuna 15","robots":{"index":"index","follow":"follow","max-snippet":"max-snippet:-1","max-image-preview":"max-image-preview:large","max-video-preview":"max-video-preview:-1"},"canonical":"https:\/\/vocesdelacomuna15.com.ar\/press\/homenaje-a-la-cantina-don-chicho-en-villa-ortuzar\/","og_locale":"es_ES","og_type":"article","og_title":"Homenaje a la cantina \u201cDon Chicho\u201d en Villa Ort\u00fazar - Voces de la Comuna 15","og_description":"Voces de la Comuna 15","og_url":"https:\/\/vocesdelacomuna15.com.ar\/press\/homenaje-a-la-cantina-don-chicho-en-villa-ortuzar\/","og_site_name":"Voces de la Comuna 15","article_publisher":"https:\/\/www.facebook.com\/VocesComuna15\/","article_published_time":"2023-09-14T02:24:47+00:00","article_modified_time":"2023-10-20T02:27:27+00:00","og_image":[{"width":1536,"height":864,"url":"https:\/\/vocesdelacomuna15.com.ar\/wp-content\/uploads\/2023\/10\/dc1.jpeg","type":"image\/jpeg"}],"author":"Federico Arguto","twitter_card":"summary_large_image","twitter_creator":"@vocescomuna15","twitter_site":"@vocescomuna15","twitter_misc":{"Escrito por":"Federico Arguto","Tiempo de lectura":"3 minutos"},"schema":{"@context":"https:\/\/schema.org","@graph":[{"@type":"Article","@id":"https:\/\/vocesdelacomuna15.com.ar\/press\/homenaje-a-la-cantina-don-chicho-en-villa-ortuzar\/#article","isPartOf":{"@id":"https:\/\/vocesdelacomuna15.com.ar\/press\/homenaje-a-la-cantina-don-chicho-en-villa-ortuzar\/"},"author":{"name":"Federico Arguto","@id":"https:\/\/vocesdelacomuna15.com.ar\/press\/#\/schema\/person\/4739e109db25d799cd3d139eeb509e43"},"headline":"Homenaje a la cantina \u201cDon Chicho\u201d en Villa Ort\u00fazar","datePublished":"2023-09-14T02:24:47+00:00","dateModified":"2023-10-20T02:27:27+00:00","mainEntityOfPage":{"@id":"https:\/\/vocesdelacomuna15.com.ar\/press\/homenaje-a-la-cantina-don-chicho-en-villa-ortuzar\/"},"wordCount":683,"commentCount":0,"publisher":{"@id":"https:\/\/vocesdelacomuna15.com.ar\/press\/#organization"},"image":{"@id":"https:\/\/vocesdelacomuna15.com.ar\/press\/homenaje-a-la-cantina-don-chicho-en-villa-ortuzar\/#primaryimage"},"thumbnailUrl":"https:\/\/vocesdelacomuna15.com.ar\/wp-content\/uploads\/2023\/10\/dc1.jpeg","articleSection":["Sociedad","Villa Ort\u00fazar"],"inLanguage":"es-AR","potentialAction":[{"@type":"CommentAction","name":"Comment","target":["https:\/\/vocesdelacomuna15.com.ar\/press\/homenaje-a-la-cantina-don-chicho-en-villa-ortuzar\/#respond"]}]},{"@type":"WebPage","@id":"https:\/\/vocesdelacomuna15.com.ar\/press\/homenaje-a-la-cantina-don-chicho-en-villa-ortuzar\/","url":"https:\/\/vocesdelacomuna15.com.ar\/press\/homenaje-a-la-cantina-don-chicho-en-villa-ortuzar\/","name":"Homenaje a la cantina \u201cDon Chicho\u201d en Villa Ort\u00fazar - Voces de la Comuna 15","isPartOf":{"@id":"https:\/\/vocesdelacomuna15.com.ar\/press\/#website"},"primaryImageOfPage":{"@id":"https:\/\/vocesdelacomuna15.com.ar\/press\/homenaje-a-la-cantina-don-chicho-en-villa-ortuzar\/#primaryimage"},"image":{"@id":"https:\/\/vocesdelacomuna15.com.ar\/press\/homenaje-a-la-cantina-don-chicho-en-villa-ortuzar\/#primaryimage"},"thumbnailUrl":"https:\/\/vocesdelacomuna15.com.ar\/wp-content\/uploads\/2023\/10\/dc1.jpeg","datePublished":"2023-09-14T02:24:47+00:00","dateModified":"2023-10-20T02:27:27+00:00","description":"Voces de la Comuna 15","breadcrumb":{"@id":"https:\/\/vocesdelacomuna15.com.ar\/press\/homenaje-a-la-cantina-don-chicho-en-villa-ortuzar\/#breadcrumb"},"inLanguage":"es-AR","potentialAction":[{"@type":"ReadAction","target":["https:\/\/vocesdelacomuna15.com.ar\/press\/homenaje-a-la-cantina-don-chicho-en-villa-ortuzar\/"]}]},{"@type":"ImageObject","inLanguage":"es-AR","@id":"https:\/\/vocesdelacomuna15.com.ar\/press\/homenaje-a-la-cantina-don-chicho-en-villa-ortuzar\/#primaryimage","url":"https:\/\/vocesdelacomuna15.com.ar\/wp-content\/uploads\/2023\/10\/dc1.jpeg","contentUrl":"https:\/\/vocesdelacomuna15.com.ar\/wp-content\/uploads\/2023\/10\/dc1.jpeg","width":1536,"height":864},{"@type":"BreadcrumbList","@id":"https:\/\/vocesdelacomuna15.com.ar\/press\/homenaje-a-la-cantina-don-chicho-en-villa-ortuzar\/#breadcrumb","itemListElement":[{"@type":"ListItem","position":1,"name":"Inicio","item":"https:\/\/vocesdelacomuna15.com.ar\/press\/"},{"@type":"ListItem","position":2,"name":"Homenaje a la cantina \u201cDon Chicho\u201d en Villa Ort\u00fazar"}]},{"@type":"WebSite","@id":"https:\/\/vocesdelacomuna15.com.ar\/press\/#website","url":"https:\/\/vocesdelacomuna15.com.ar\/press\/","name":"Voces de la Comuna 15","description":"Sitio web de noticias","publisher":{"@id":"https:\/\/vocesdelacomuna15.com.ar\/press\/#organization"},"potentialAction":[{"@type":"SearchAction","target":{"@type":"EntryPoint","urlTemplate":"https:\/\/vocesdelacomuna15.com.ar\/press\/?s={search_term_string}"},"query-input":{"@type":"PropertyValueSpecification","valueRequired":true,"valueName":"search_term_string"}}],"inLanguage":"es-AR"},{"@type":"Organization","@id":"https:\/\/vocesdelacomuna15.com.ar\/press\/#organization","name":"Voces de la Comuna 15","url":"https:\/\/vocesdelacomuna15.com.ar\/press\/","logo":{"@type":"ImageObject","inLanguage":"es-AR","@id":"https:\/\/vocesdelacomuna15.com.ar\/press\/#\/schema\/logo\/image\/","url":"https:\/\/vocesdelacomuna15.com.ar\/wp-content\/uploads\/2024\/12\/cropped-logo_voces.jpg","contentUrl":"https:\/\/vocesdelacomuna15.com.ar\/wp-content\/uploads\/2024\/12\/cropped-logo_voces.jpg","width":512,"height":512,"caption":"Voces de la Comuna 15"},"image":{"@id":"https:\/\/vocesdelacomuna15.com.ar\/press\/#\/schema\/logo\/image\/"},"sameAs":["https:\/\/www.facebook.com\/VocesComuna15\/","https:\/\/x.com\/vocescomuna15"]},{"@type":"Person","@id":"https:\/\/vocesdelacomuna15.com.ar\/press\/#\/schema\/person\/4739e109db25d799cd3d139eeb509e43","name":"Federico Arguto","image":{"@type":"ImageObject","inLanguage":"es-AR","@id":"https:\/\/vocesdelacomuna15.com.ar\/wp-content\/litespeed\/avatar\/82faf979976f1bae889b8b71f8a0a7e5.jpg?ver=1777419741","url":"https:\/\/vocesdelacomuna15.com.ar\/wp-content\/litespeed\/avatar\/82faf979976f1bae889b8b71f8a0a7e5.jpg?ver=1777419741","contentUrl":"https:\/\/vocesdelacomuna15.com.ar\/wp-content\/litespeed\/avatar\/82faf979976f1bae889b8b71f8a0a7e5.jpg?ver=1777419741","caption":"Federico Arguto"},"url":"https:\/\/vocesdelacomuna15.com.ar\/press\/author\/fede\/"}]}},"_links":{"self":[{"href":"https:\/\/vocesdelacomuna15.com.ar\/press\/wp-json\/wp\/v2\/posts\/61695","targetHints":{"allow":["GET"]}}],"collection":[{"href":"https:\/\/vocesdelacomuna15.com.ar\/press\/wp-json\/wp\/v2\/posts"}],"about":[{"href":"https:\/\/vocesdelacomuna15.com.ar\/press\/wp-json\/wp\/v2\/types\/post"}],"author":[{"embeddable":true,"href":"https:\/\/vocesdelacomuna15.com.ar\/press\/wp-json\/wp\/v2\/users\/2"}],"replies":[{"embeddable":true,"href":"https:\/\/vocesdelacomuna15.com.ar\/press\/wp-json\/wp\/v2\/comments?post=61695"}],"version-history":[{"count":1,"href":"https:\/\/vocesdelacomuna15.com.ar\/press\/wp-json\/wp\/v2\/posts\/61695\/revisions"}],"predecessor-version":[{"id":61699,"href":"https:\/\/vocesdelacomuna15.com.ar\/press\/wp-json\/wp\/v2\/posts\/61695\/revisions\/61699"}],"wp:featuredmedia":[{"embeddable":true,"href":"https:\/\/vocesdelacomuna15.com.ar\/press\/wp-json\/wp\/v2\/media\/61696"}],"wp:attachment":[{"href":"https:\/\/vocesdelacomuna15.com.ar\/press\/wp-json\/wp\/v2\/media?parent=61695"}],"wp:term":[{"taxonomy":"category","embeddable":true,"href":"https:\/\/vocesdelacomuna15.com.ar\/press\/wp-json\/wp\/v2\/categories?post=61695"},{"taxonomy":"post_tag","embeddable":true,"href":"https:\/\/vocesdelacomuna15.com.ar\/press\/wp-json\/wp\/v2\/tags?post=61695"}],"curies":[{"name":"wp","href":"https:\/\/api.w.org\/{rel}","templated":true}]}}