{"id":61163,"date":"2023-09-14T18:50:15","date_gmt":"2023-09-14T21:50:15","guid":{"rendered":"https:\/\/vocesdelacomuna15.com.ar\/?p=61163"},"modified":"2023-09-14T18:50:28","modified_gmt":"2023-09-14T21:50:28","slug":"el-debate-de-los-cuatro-candidatos-a-jefe-de-gobierno-porteno-sera-el-27-de-septiembre","status":"publish","type":"post","link":"https:\/\/vocesdelacomuna15.com.ar\/press\/el-debate-de-los-cuatro-candidatos-a-jefe-de-gobierno-porteno-sera-el-27-de-septiembre\/","title":{"rendered":"El debate de los cuatro candidatos a jefe de Gobierno porte\u00f1o ser\u00e1 el 27 de septiembre"},"content":{"rendered":"\n<p>Un pedido para incluir un espacio del debate para el intercambio libre de los candidatos fue rechazado desde Juntos por el Cambio y La Libertad Avanza. Tambi\u00e9n\u00a0fue sugerida la incorporaci\u00f3n de preguntas de la ciudadan\u00eda, negada por los referentes del oficialismo de la Ciudad. Fuente: T\u00e9lam<\/p>\n\n\n\n<p>Link a nota original: <a href=\"https:\/\/www.telam.com.ar\/notas\/202309\/640015-debate-candidatos-portenios-27-de-septiembre.html\">https:\/\/www.telam.com.ar\/notas\/202309\/640015-debate-candidatos-portenios-27-de-septiembre.html<\/a><\/p>\n\n\n\n<p>Los candidatos a la Jefatura de Gobierno porte\u00f1o protagonizar\u00e1n el debate p\u00fablico el 27 de septiembre, donde abordar\u00e1n diversos ejes de propuestas relacionadas con el sistema pol\u00edtico, seguridad, justicia, salud, educaci\u00f3n, vivienda y c\u00f3digo urban\u00edstico, seg\u00fan acordaron este martes las fuerzas pol\u00edticas que participar\u00e1n de las elecciones.<br><br>El entendimiento se dio en una reuni\u00f3n en el Consejo de la Magistratura porte\u00f1a convocada por el Instituto de Gesti\u00f3n Electoral (IGE) para organizar el debate en el que expondr\u00e1n sus ideas&nbsp;<strong>Jorge Macri<\/strong>, de Juntos por el Cambio;&nbsp;<strong>Leandro Santoro<\/strong>, de Uni\u00f3n por la Patria;&nbsp;<strong>Ramiro Marra<\/strong>, de La Libertad Avanza, y&nbsp;<strong>Vanina Biasi<\/strong>, del Frente de Izquierda y de los Trabajadores.<br><br>Estuvieron tambi\u00e9n presentes autoridades del Tribunal Electoral porte\u00f1o, los representantes de los partidos pol\u00edticos que superaron la instancia de las PASO, los integrantes del Consejo Consultivo de Participaci\u00f3n C\u00edvico-Electoral, de la Defensor\u00eda del Pueblo y del Canal de la Ciudad.<br><br>Para la categor\u00eda de candidatos a jefe y jefa de Gobierno se acord\u00f3 la fecha del 27 de este mes a las 20, mientras que para los primeros postulantes a legisladores porte\u00f1os de cada lista har\u00e1n lo propio el 29, en el mismo horario, en los estudios televisivos de la calle Esparza, en el barrio de Balvanera.<\/p>\n\n\n\n<p><strong>Los ejes sobre los cuales hablar\u00e1n tanto los candidatos al Ejecutivo como al Legislativo ser\u00e1n cuatro:<\/strong>&nbsp;autonom\u00eda, sistema pol\u00edtico, justicia y seguridad; educaci\u00f3n, salud, cultura, desarrollo humano y g\u00e9nero y diversidad; vivienda, ambiente y desarrollo productivo; e infraestructura, gesti\u00f3n urbana y c\u00f3digo urban\u00edstico.<br><br>La modalidad estipula&nbsp;<strong>seis bloques<\/strong>: el primero de presentaci\u00f3n de los expositores; del segundo al quinto, los participantes contar\u00e1n con 90 segundos para referirse a los ejes tem\u00e1ticos, con la posibilidad de recibir una pregunta de otro candidato y un minuto para responder; y el restante segmento para el cierre sin interrupciones.<br><br>Seg\u00fan fuentes partidarias que estuvieron de la reuni\u00f3n, existi\u00f3 un pedido para&nbsp;<strong>incluir un espacio del debate<\/strong>&nbsp;para el intercambio libre de los candidatos, pero fue&nbsp;<strong>rechazado desde Juntos por el Cambio y La Libertad Avanza<\/strong>, as\u00ed como tambi\u00e9n&nbsp;<strong>fue sugerida la incorporaci\u00f3n de preguntas de la ciudadan\u00eda, que fue negada por los referentes del oficialismo porte\u00f1o<\/strong>.<br><br>La realizaci\u00f3n del debate de candidatos es obligatoria de acuerdo al C\u00f3digo Electoral porte\u00f1o, que tambi\u00e9n sostiene que el encuentro deber\u00e1 darse \u201cdentro de un marco democr\u00e1tico, republicano y neutral\u201d.<br><br>Por otra parte,&nbsp;<strong>el debate electoral entre candidatos a las 15 Juntas Comunales se har\u00e1 en cinco jornadas entre el 2 y el 6 de octubre<\/strong>&nbsp;y tendr\u00e1 como ejes la descentralizaci\u00f3n y competencias concurrentes; y obras, mantenimiento, espacios verdes y servicios a la comunidad.&nbsp;&nbsp;<br><br>Los siete debates ser\u00e1n producidos y transmitidos en directo por todos los medios p\u00fablicos audiovisuales y digitales en los que la Ciudad de Buenos Aires tenga participaci\u00f3n.<br><br>Se prev\u00e9 que las se\u00f1ales sean puestas a disposici\u00f3n de todos los servicios de comunicaci\u00f3n audiovisual p\u00fablicos o privados del pa\u00eds que deseen transmitir el debate de manera simult\u00e1nea, en forma libre y gratuita.<br><br>El Consejo Consultivo de Participaci\u00f3n C\u00edvico-Electoral est\u00e1 integrado por Alejandro Tullio (Colegio P\u00fablico de Abogados), Alejandra Pericola (Observatorio de Derecho Electoral UBA), Silvana Yazbek y Julio Teisera (IDEMOE), Facundo Galv\u00e1n (Cultura Democr\u00e1tica), Elsa Llenderozas e Ignacio Santoro (Direcci\u00f3n de la Carrera de Ciencia Pol\u00edtica de la UBA), Claudia Garc\u00eda y Claudio Bargach (Ser Fiscal), Eduardo Repilloza (Transparencia Electoral), Patricia De Vita (Argentina Election), Rosa Mui\u00f1os y Daniel Ingrassia (Defensor\u00eda del Pueblo).<\/p>\n<div class=\"pvc_clear\"><\/div><p id=\"pvc_stats_61163\" class=\"pvc_stats all  \" data-element-id=\"61163\" style=\"\"><i class=\"pvc-stats-icon small\" aria-hidden=\"true\"><svg aria-hidden=\"true\" focusable=\"false\" data-prefix=\"far\" data-icon=\"chart-bar\" role=\"img\" xmlns=\"http:\/\/www.w3.org\/2000\/svg\" viewBox=\"0 0 512 512\" class=\"svg-inline--fa fa-chart-bar fa-w-16 fa-2x\"><path fill=\"currentColor\" d=\"M396.8 352h22.4c6.4 0 12.8-6.4 12.8-12.8V108.8c0-6.4-6.4-12.8-12.8-12.8h-22.4c-6.4 0-12.8 6.4-12.8 12.8v230.4c0 6.4 6.4 12.8 12.8 12.8zm-192 0h22.4c6.4 0 12.8-6.4 12.8-12.8V140.8c0-6.4-6.4-12.8-12.8-12.8h-22.4c-6.4 0-12.8 6.4-12.8 12.8v198.4c0 6.4 6.4 12.8 12.8 12.8zm96 0h22.4c6.4 0 12.8-6.4 12.8-12.8V204.8c0-6.4-6.4-12.8-12.8-12.8h-22.4c-6.4 0-12.8 6.4-12.8 12.8v134.4c0 6.4 6.4 12.8 12.8 12.8zM496 400H48V80c0-8.84-7.16-16-16-16H16C7.16 64 0 71.16 0 80v336c0 17.67 14.33 32 32 32h464c8.84 0 16-7.16 16-16v-16c0-8.84-7.16-16-16-16zm-387.2-48h22.4c6.4 0 12.8-6.4 12.8-12.8v-70.4c0-6.4-6.4-12.8-12.8-12.8h-22.4c-6.4 0-12.8 6.4-12.8 12.8v70.4c0 6.4 6.4 12.8 12.8 12.8z\" class=\"\"><\/path><\/svg><\/i> <img loading=\"lazy\" decoding=\"async\" width=\"16\" height=\"16\" alt=\"Loading\" src=\"https:\/\/vocesdelacomuna15.com.ar\/wp-content\/plugins\/page-views-count\/ajax-loader-2x.gif\" border=0 \/><\/p><div class=\"pvc_clear\"><\/div>","protected":false},"excerpt":{"rendered":"<p>Un pedido para incluir un espacio del debate para el intercambio libre de los candidatos fue rechazado desde Juntos por el Cambio y La Libertad Avanza. Tambi\u00e9n\u00a0fue sugerida la incorporaci\u00f3n de preguntas de la ciudadan\u00eda, negada por los referentes del oficialismo de la Ciudad. Fuente: T\u00e9lam Link a nota original: https:\/\/www.telam.com.ar\/notas\/202309\/640015-debate-candidatos-portenios-27-de-septiembre.html Los candidatos a la [&hellip;]<\/p>\n<div class=\"pvc_clear\"><\/div>\n<p id=\"pvc_stats_61163\" class=\"pvc_stats all  \" data-element-id=\"61163\" style=\"\"><i class=\"pvc-stats-icon small\" aria-hidden=\"true\"><svg aria-hidden=\"true\" focusable=\"false\" data-prefix=\"far\" data-icon=\"chart-bar\" role=\"img\" xmlns=\"http:\/\/www.w3.org\/2000\/svg\" viewBox=\"0 0 512 512\" class=\"svg-inline--fa fa-chart-bar fa-w-16 fa-2x\"><path fill=\"currentColor\" d=\"M396.8 352h22.4c6.4 0 12.8-6.4 12.8-12.8V108.8c0-6.4-6.4-12.8-12.8-12.8h-22.4c-6.4 0-12.8 6.4-12.8 12.8v230.4c0 6.4 6.4 12.8 12.8 12.8zm-192 0h22.4c6.4 0 12.8-6.4 12.8-12.8V140.8c0-6.4-6.4-12.8-12.8-12.8h-22.4c-6.4 0-12.8 6.4-12.8 12.8v198.4c0 6.4 6.4 12.8 12.8 12.8zm96 0h22.4c6.4 0 12.8-6.4 12.8-12.8V204.8c0-6.4-6.4-12.8-12.8-12.8h-22.4c-6.4 0-12.8 6.4-12.8 12.8v134.4c0 6.4 6.4 12.8 12.8 12.8zM496 400H48V80c0-8.84-7.16-16-16-16H16C7.16 64 0 71.16 0 80v336c0 17.67 14.33 32 32 32h464c8.84 0 16-7.16 16-16v-16c0-8.84-7.16-16-16-16zm-387.2-48h22.4c6.4 0 12.8-6.4 12.8-12.8v-70.4c0-6.4-6.4-12.8-12.8-12.8h-22.4c-6.4 0-12.8 6.4-12.8 12.8v70.4c0 6.4 6.4 12.8 12.8 12.8z\" class=\"\"><\/path><\/svg><\/i> <img loading=\"lazy\" decoding=\"async\" width=\"16\" height=\"16\" alt=\"Loading\" src=\"https:\/\/vocesdelacomuna15.com.ar\/wp-content\/plugins\/page-views-count\/ajax-loader-2x.gif\" border=0 \/><\/p>\n<div class=\"pvc_clear\"><\/div>\n","protected":false},"author":2,"featured_media":61164,"comment_status":"open","ping_status":"open","sticky":false,"template":"","format":"standard","meta":{"_et_pb_use_builder":"off","_et_pb_old_content":"","_et_gb_content_width":"","footnotes":""},"categories":[31],"tags":[],"class_list":["post-61163","post","type-post","status-publish","format-standard","has-post-thumbnail","hentry","category-politica","et-has-post-format-content","et_post_format-et-post-format-standard"],"a3_pvc":{"activated":true,"total_views":45,"today_views":0},"yoast_head":"<!-- This site is optimized with the Yoast SEO plugin v27.5 - https:\/\/yoast.com\/product\/yoast-seo-wordpress\/ -->\n<title>El debate de los cuatro candidatos a jefe de Gobierno porte\u00f1o ser\u00e1 el 27 de septiembre - Voces de la Comuna 15<\/title>\n<meta name=\"description\" content=\"Voces de la Comuna 15\" \/>\n<meta name=\"robots\" content=\"index, follow, max-snippet:-1, max-image-preview:large, max-video-preview:-1\" \/>\n<link rel=\"canonical\" href=\"https:\/\/vocesdelacomuna15.com.ar\/press\/el-debate-de-los-cuatro-candidatos-a-jefe-de-gobierno-porteno-sera-el-27-de-septiembre\/\" \/>\n<meta property=\"og:locale\" content=\"es_ES\" \/>\n<meta property=\"og:type\" content=\"article\" \/>\n<meta property=\"og:title\" content=\"El debate de los cuatro candidatos a jefe de Gobierno porte\u00f1o ser\u00e1 el 27 de septiembre - Voces de la Comuna 15\" \/>\n<meta property=\"og:description\" content=\"Voces de la Comuna 15\" \/>\n<meta property=\"og:url\" content=\"https:\/\/vocesdelacomuna15.com.ar\/press\/el-debate-de-los-cuatro-candidatos-a-jefe-de-gobierno-porteno-sera-el-27-de-septiembre\/\" \/>\n<meta property=\"og:site_name\" content=\"Voces de la Comuna 15\" \/>\n<meta property=\"article:publisher\" content=\"https:\/\/www.facebook.com\/VocesComuna15\/\" \/>\n<meta property=\"article:published_time\" content=\"2023-09-14T21:50:15+00:00\" \/>\n<meta property=\"article:modified_time\" content=\"2023-09-14T21:50:28+00:00\" \/>\n<meta property=\"og:image\" content=\"https:\/\/vocesdelacomuna15.com.ar\/wp-content\/uploads\/2023\/09\/candidates.jpg\" \/>\n\t<meta property=\"og:image:width\" content=\"1200\" \/>\n\t<meta property=\"og:image:height\" content=\"675\" \/>\n\t<meta property=\"og:image:type\" content=\"image\/jpeg\" \/>\n<meta name=\"author\" content=\"Federico Arguto\" \/>\n<meta name=\"twitter:card\" content=\"summary_large_image\" \/>\n<meta name=\"twitter:creator\" content=\"@vocescomuna15\" \/>\n<meta name=\"twitter:site\" content=\"@vocescomuna15\" \/>\n<meta name=\"twitter:label1\" content=\"Escrito por\" \/>\n\t<meta name=\"twitter:data1\" content=\"Federico Arguto\" \/>\n\t<meta name=\"twitter:label2\" content=\"Tiempo de lectura\" \/>\n\t<meta name=\"twitter:data2\" content=\"4 minutos\" \/>\n<script type=\"application\/ld+json\" class=\"yoast-schema-graph\">{\"@context\":\"https:\\\/\\\/schema.org\",\"@graph\":[{\"@type\":\"Article\",\"@id\":\"https:\\\/\\\/vocesdelacomuna15.com.ar\\\/press\\\/el-debate-de-los-cuatro-candidatos-a-jefe-de-gobierno-porteno-sera-el-27-de-septiembre\\\/#article\",\"isPartOf\":{\"@id\":\"https:\\\/\\\/vocesdelacomuna15.com.ar\\\/press\\\/el-debate-de-los-cuatro-candidatos-a-jefe-de-gobierno-porteno-sera-el-27-de-septiembre\\\/\"},\"author\":{\"name\":\"Federico Arguto\",\"@id\":\"https:\\\/\\\/vocesdelacomuna15.com.ar\\\/press\\\/#\\\/schema\\\/person\\\/4739e109db25d799cd3d139eeb509e43\"},\"headline\":\"El debate de los cuatro candidatos a jefe de Gobierno porte\u00f1o ser\u00e1 el 27 de septiembre\",\"datePublished\":\"2023-09-14T21:50:15+00:00\",\"dateModified\":\"2023-09-14T21:50:28+00:00\",\"mainEntityOfPage\":{\"@id\":\"https:\\\/\\\/vocesdelacomuna15.com.ar\\\/press\\\/el-debate-de-los-cuatro-candidatos-a-jefe-de-gobierno-porteno-sera-el-27-de-septiembre\\\/\"},\"wordCount\":720,\"commentCount\":0,\"publisher\":{\"@id\":\"https:\\\/\\\/vocesdelacomuna15.com.ar\\\/press\\\/#organization\"},\"image\":{\"@id\":\"https:\\\/\\\/vocesdelacomuna15.com.ar\\\/press\\\/el-debate-de-los-cuatro-candidatos-a-jefe-de-gobierno-porteno-sera-el-27-de-septiembre\\\/#primaryimage\"},\"thumbnailUrl\":\"https:\\\/\\\/vocesdelacomuna15.com.ar\\\/wp-content\\\/uploads\\\/2023\\\/09\\\/candidates.jpg\",\"articleSection\":[\"Pol\u00edtica\"],\"inLanguage\":\"es-AR\",\"potentialAction\":[{\"@type\":\"CommentAction\",\"name\":\"Comment\",\"target\":[\"https:\\\/\\\/vocesdelacomuna15.com.ar\\\/press\\\/el-debate-de-los-cuatro-candidatos-a-jefe-de-gobierno-porteno-sera-el-27-de-septiembre\\\/#respond\"]}]},{\"@type\":\"WebPage\",\"@id\":\"https:\\\/\\\/vocesdelacomuna15.com.ar\\\/press\\\/el-debate-de-los-cuatro-candidatos-a-jefe-de-gobierno-porteno-sera-el-27-de-septiembre\\\/\",\"url\":\"https:\\\/\\\/vocesdelacomuna15.com.ar\\\/press\\\/el-debate-de-los-cuatro-candidatos-a-jefe-de-gobierno-porteno-sera-el-27-de-septiembre\\\/\",\"name\":\"El debate de los cuatro candidatos a jefe de Gobierno porte\u00f1o ser\u00e1 el 27 de septiembre - Voces de la Comuna 15\",\"isPartOf\":{\"@id\":\"https:\\\/\\\/vocesdelacomuna15.com.ar\\\/press\\\/#website\"},\"primaryImageOfPage\":{\"@id\":\"https:\\\/\\\/vocesdelacomuna15.com.ar\\\/press\\\/el-debate-de-los-cuatro-candidatos-a-jefe-de-gobierno-porteno-sera-el-27-de-septiembre\\\/#primaryimage\"},\"image\":{\"@id\":\"https:\\\/\\\/vocesdelacomuna15.com.ar\\\/press\\\/el-debate-de-los-cuatro-candidatos-a-jefe-de-gobierno-porteno-sera-el-27-de-septiembre\\\/#primaryimage\"},\"thumbnailUrl\":\"https:\\\/\\\/vocesdelacomuna15.com.ar\\\/wp-content\\\/uploads\\\/2023\\\/09\\\/candidates.jpg\",\"datePublished\":\"2023-09-14T21:50:15+00:00\",\"dateModified\":\"2023-09-14T21:50:28+00:00\",\"description\":\"Voces de la Comuna 15\",\"breadcrumb\":{\"@id\":\"https:\\\/\\\/vocesdelacomuna15.com.ar\\\/press\\\/el-debate-de-los-cuatro-candidatos-a-jefe-de-gobierno-porteno-sera-el-27-de-septiembre\\\/#breadcrumb\"},\"inLanguage\":\"es-AR\",\"potentialAction\":[{\"@type\":\"ReadAction\",\"target\":[\"https:\\\/\\\/vocesdelacomuna15.com.ar\\\/press\\\/el-debate-de-los-cuatro-candidatos-a-jefe-de-gobierno-porteno-sera-el-27-de-septiembre\\\/\"]}]},{\"@type\":\"ImageObject\",\"inLanguage\":\"es-AR\",\"@id\":\"https:\\\/\\\/vocesdelacomuna15.com.ar\\\/press\\\/el-debate-de-los-cuatro-candidatos-a-jefe-de-gobierno-porteno-sera-el-27-de-septiembre\\\/#primaryimage\",\"url\":\"https:\\\/\\\/vocesdelacomuna15.com.ar\\\/wp-content\\\/uploads\\\/2023\\\/09\\\/candidates.jpg\",\"contentUrl\":\"https:\\\/\\\/vocesdelacomuna15.com.ar\\\/wp-content\\\/uploads\\\/2023\\\/09\\\/candidates.jpg\",\"width\":1200,\"height\":675},{\"@type\":\"BreadcrumbList\",\"@id\":\"https:\\\/\\\/vocesdelacomuna15.com.ar\\\/press\\\/el-debate-de-los-cuatro-candidatos-a-jefe-de-gobierno-porteno-sera-el-27-de-septiembre\\\/#breadcrumb\",\"itemListElement\":[{\"@type\":\"ListItem\",\"position\":1,\"name\":\"Inicio\",\"item\":\"https:\\\/\\\/vocesdelacomuna15.com.ar\\\/press\\\/\"},{\"@type\":\"ListItem\",\"position\":2,\"name\":\"El debate de los cuatro candidatos a jefe de Gobierno porte\u00f1o ser\u00e1 el 27 de septiembre\"}]},{\"@type\":\"WebSite\",\"@id\":\"https:\\\/\\\/vocesdelacomuna15.com.ar\\\/press\\\/#website\",\"url\":\"https:\\\/\\\/vocesdelacomuna15.com.ar\\\/press\\\/\",\"name\":\"Voces de la Comuna 15\",\"description\":\"Sitio web de noticias\",\"publisher\":{\"@id\":\"https:\\\/\\\/vocesdelacomuna15.com.ar\\\/press\\\/#organization\"},\"potentialAction\":[{\"@type\":\"SearchAction\",\"target\":{\"@type\":\"EntryPoint\",\"urlTemplate\":\"https:\\\/\\\/vocesdelacomuna15.com.ar\\\/press\\\/?s={search_term_string}\"},\"query-input\":{\"@type\":\"PropertyValueSpecification\",\"valueRequired\":true,\"valueName\":\"search_term_string\"}}],\"inLanguage\":\"es-AR\"},{\"@type\":\"Organization\",\"@id\":\"https:\\\/\\\/vocesdelacomuna15.com.ar\\\/press\\\/#organization\",\"name\":\"Voces de la Comuna 15\",\"url\":\"https:\\\/\\\/vocesdelacomuna15.com.ar\\\/press\\\/\",\"logo\":{\"@type\":\"ImageObject\",\"inLanguage\":\"es-AR\",\"@id\":\"https:\\\/\\\/vocesdelacomuna15.com.ar\\\/press\\\/#\\\/schema\\\/logo\\\/image\\\/\",\"url\":\"https:\\\/\\\/vocesdelacomuna15.com.ar\\\/wp-content\\\/uploads\\\/2024\\\/12\\\/cropped-logo_voces.jpg\",\"contentUrl\":\"https:\\\/\\\/vocesdelacomuna15.com.ar\\\/wp-content\\\/uploads\\\/2024\\\/12\\\/cropped-logo_voces.jpg\",\"width\":512,\"height\":512,\"caption\":\"Voces de la Comuna 15\"},\"image\":{\"@id\":\"https:\\\/\\\/vocesdelacomuna15.com.ar\\\/press\\\/#\\\/schema\\\/logo\\\/image\\\/\"},\"sameAs\":[\"https:\\\/\\\/www.facebook.com\\\/VocesComuna15\\\/\",\"https:\\\/\\\/x.com\\\/vocescomuna15\"]},{\"@type\":\"Person\",\"@id\":\"https:\\\/\\\/vocesdelacomuna15.com.ar\\\/press\\\/#\\\/schema\\\/person\\\/4739e109db25d799cd3d139eeb509e43\",\"name\":\"Federico Arguto\",\"image\":{\"@type\":\"ImageObject\",\"inLanguage\":\"es-AR\",\"@id\":\"https:\\\/\\\/vocesdelacomuna15.com.ar\\\/wp-content\\\/litespeed\\\/avatar\\\/82faf979976f1bae889b8b71f8a0a7e5.jpg?ver=1777419741\",\"url\":\"https:\\\/\\\/vocesdelacomuna15.com.ar\\\/wp-content\\\/litespeed\\\/avatar\\\/82faf979976f1bae889b8b71f8a0a7e5.jpg?ver=1777419741\",\"contentUrl\":\"https:\\\/\\\/vocesdelacomuna15.com.ar\\\/wp-content\\\/litespeed\\\/avatar\\\/82faf979976f1bae889b8b71f8a0a7e5.jpg?ver=1777419741\",\"caption\":\"Federico Arguto\"},\"url\":\"https:\\\/\\\/vocesdelacomuna15.com.ar\\\/press\\\/author\\\/fede\\\/\"}]}<\/script>\n<!-- \/ Yoast SEO plugin. -->","yoast_head_json":{"title":"El debate de los cuatro candidatos a jefe de Gobierno porte\u00f1o ser\u00e1 el 27 de septiembre - Voces de la Comuna 15","description":"Voces de la Comuna 15","robots":{"index":"index","follow":"follow","max-snippet":"max-snippet:-1","max-image-preview":"max-image-preview:large","max-video-preview":"max-video-preview:-1"},"canonical":"https:\/\/vocesdelacomuna15.com.ar\/press\/el-debate-de-los-cuatro-candidatos-a-jefe-de-gobierno-porteno-sera-el-27-de-septiembre\/","og_locale":"es_ES","og_type":"article","og_title":"El debate de los cuatro candidatos a jefe de Gobierno porte\u00f1o ser\u00e1 el 27 de septiembre - Voces de la Comuna 15","og_description":"Voces de la Comuna 15","og_url":"https:\/\/vocesdelacomuna15.com.ar\/press\/el-debate-de-los-cuatro-candidatos-a-jefe-de-gobierno-porteno-sera-el-27-de-septiembre\/","og_site_name":"Voces de la Comuna 15","article_publisher":"https:\/\/www.facebook.com\/VocesComuna15\/","article_published_time":"2023-09-14T21:50:15+00:00","article_modified_time":"2023-09-14T21:50:28+00:00","og_image":[{"width":1200,"height":675,"url":"https:\/\/vocesdelacomuna15.com.ar\/wp-content\/uploads\/2023\/09\/candidates.jpg","type":"image\/jpeg"}],"author":"Federico Arguto","twitter_card":"summary_large_image","twitter_creator":"@vocescomuna15","twitter_site":"@vocescomuna15","twitter_misc":{"Escrito por":"Federico Arguto","Tiempo de lectura":"4 minutos"},"schema":{"@context":"https:\/\/schema.org","@graph":[{"@type":"Article","@id":"https:\/\/vocesdelacomuna15.com.ar\/press\/el-debate-de-los-cuatro-candidatos-a-jefe-de-gobierno-porteno-sera-el-27-de-septiembre\/#article","isPartOf":{"@id":"https:\/\/vocesdelacomuna15.com.ar\/press\/el-debate-de-los-cuatro-candidatos-a-jefe-de-gobierno-porteno-sera-el-27-de-septiembre\/"},"author":{"name":"Federico Arguto","@id":"https:\/\/vocesdelacomuna15.com.ar\/press\/#\/schema\/person\/4739e109db25d799cd3d139eeb509e43"},"headline":"El debate de los cuatro candidatos a jefe de Gobierno porte\u00f1o ser\u00e1 el 27 de septiembre","datePublished":"2023-09-14T21:50:15+00:00","dateModified":"2023-09-14T21:50:28+00:00","mainEntityOfPage":{"@id":"https:\/\/vocesdelacomuna15.com.ar\/press\/el-debate-de-los-cuatro-candidatos-a-jefe-de-gobierno-porteno-sera-el-27-de-septiembre\/"},"wordCount":720,"commentCount":0,"publisher":{"@id":"https:\/\/vocesdelacomuna15.com.ar\/press\/#organization"},"image":{"@id":"https:\/\/vocesdelacomuna15.com.ar\/press\/el-debate-de-los-cuatro-candidatos-a-jefe-de-gobierno-porteno-sera-el-27-de-septiembre\/#primaryimage"},"thumbnailUrl":"https:\/\/vocesdelacomuna15.com.ar\/wp-content\/uploads\/2023\/09\/candidates.jpg","articleSection":["Pol\u00edtica"],"inLanguage":"es-AR","potentialAction":[{"@type":"CommentAction","name":"Comment","target":["https:\/\/vocesdelacomuna15.com.ar\/press\/el-debate-de-los-cuatro-candidatos-a-jefe-de-gobierno-porteno-sera-el-27-de-septiembre\/#respond"]}]},{"@type":"WebPage","@id":"https:\/\/vocesdelacomuna15.com.ar\/press\/el-debate-de-los-cuatro-candidatos-a-jefe-de-gobierno-porteno-sera-el-27-de-septiembre\/","url":"https:\/\/vocesdelacomuna15.com.ar\/press\/el-debate-de-los-cuatro-candidatos-a-jefe-de-gobierno-porteno-sera-el-27-de-septiembre\/","name":"El debate de los cuatro candidatos a jefe de Gobierno porte\u00f1o ser\u00e1 el 27 de septiembre - Voces de la Comuna 15","isPartOf":{"@id":"https:\/\/vocesdelacomuna15.com.ar\/press\/#website"},"primaryImageOfPage":{"@id":"https:\/\/vocesdelacomuna15.com.ar\/press\/el-debate-de-los-cuatro-candidatos-a-jefe-de-gobierno-porteno-sera-el-27-de-septiembre\/#primaryimage"},"image":{"@id":"https:\/\/vocesdelacomuna15.com.ar\/press\/el-debate-de-los-cuatro-candidatos-a-jefe-de-gobierno-porteno-sera-el-27-de-septiembre\/#primaryimage"},"thumbnailUrl":"https:\/\/vocesdelacomuna15.com.ar\/wp-content\/uploads\/2023\/09\/candidates.jpg","datePublished":"2023-09-14T21:50:15+00:00","dateModified":"2023-09-14T21:50:28+00:00","description":"Voces de la Comuna 15","breadcrumb":{"@id":"https:\/\/vocesdelacomuna15.com.ar\/press\/el-debate-de-los-cuatro-candidatos-a-jefe-de-gobierno-porteno-sera-el-27-de-septiembre\/#breadcrumb"},"inLanguage":"es-AR","potentialAction":[{"@type":"ReadAction","target":["https:\/\/vocesdelacomuna15.com.ar\/press\/el-debate-de-los-cuatro-candidatos-a-jefe-de-gobierno-porteno-sera-el-27-de-septiembre\/"]}]},{"@type":"ImageObject","inLanguage":"es-AR","@id":"https:\/\/vocesdelacomuna15.com.ar\/press\/el-debate-de-los-cuatro-candidatos-a-jefe-de-gobierno-porteno-sera-el-27-de-septiembre\/#primaryimage","url":"https:\/\/vocesdelacomuna15.com.ar\/wp-content\/uploads\/2023\/09\/candidates.jpg","contentUrl":"https:\/\/vocesdelacomuna15.com.ar\/wp-content\/uploads\/2023\/09\/candidates.jpg","width":1200,"height":675},{"@type":"BreadcrumbList","@id":"https:\/\/vocesdelacomuna15.com.ar\/press\/el-debate-de-los-cuatro-candidatos-a-jefe-de-gobierno-porteno-sera-el-27-de-septiembre\/#breadcrumb","itemListElement":[{"@type":"ListItem","position":1,"name":"Inicio","item":"https:\/\/vocesdelacomuna15.com.ar\/press\/"},{"@type":"ListItem","position":2,"name":"El debate de los cuatro candidatos a jefe de Gobierno porte\u00f1o ser\u00e1 el 27 de septiembre"}]},{"@type":"WebSite","@id":"https:\/\/vocesdelacomuna15.com.ar\/press\/#website","url":"https:\/\/vocesdelacomuna15.com.ar\/press\/","name":"Voces de la Comuna 15","description":"Sitio web de noticias","publisher":{"@id":"https:\/\/vocesdelacomuna15.com.ar\/press\/#organization"},"potentialAction":[{"@type":"SearchAction","target":{"@type":"EntryPoint","urlTemplate":"https:\/\/vocesdelacomuna15.com.ar\/press\/?s={search_term_string}"},"query-input":{"@type":"PropertyValueSpecification","valueRequired":true,"valueName":"search_term_string"}}],"inLanguage":"es-AR"},{"@type":"Organization","@id":"https:\/\/vocesdelacomuna15.com.ar\/press\/#organization","name":"Voces de la Comuna 15","url":"https:\/\/vocesdelacomuna15.com.ar\/press\/","logo":{"@type":"ImageObject","inLanguage":"es-AR","@id":"https:\/\/vocesdelacomuna15.com.ar\/press\/#\/schema\/logo\/image\/","url":"https:\/\/vocesdelacomuna15.com.ar\/wp-content\/uploads\/2024\/12\/cropped-logo_voces.jpg","contentUrl":"https:\/\/vocesdelacomuna15.com.ar\/wp-content\/uploads\/2024\/12\/cropped-logo_voces.jpg","width":512,"height":512,"caption":"Voces de la Comuna 15"},"image":{"@id":"https:\/\/vocesdelacomuna15.com.ar\/press\/#\/schema\/logo\/image\/"},"sameAs":["https:\/\/www.facebook.com\/VocesComuna15\/","https:\/\/x.com\/vocescomuna15"]},{"@type":"Person","@id":"https:\/\/vocesdelacomuna15.com.ar\/press\/#\/schema\/person\/4739e109db25d799cd3d139eeb509e43","name":"Federico Arguto","image":{"@type":"ImageObject","inLanguage":"es-AR","@id":"https:\/\/vocesdelacomuna15.com.ar\/wp-content\/litespeed\/avatar\/82faf979976f1bae889b8b71f8a0a7e5.jpg?ver=1777419741","url":"https:\/\/vocesdelacomuna15.com.ar\/wp-content\/litespeed\/avatar\/82faf979976f1bae889b8b71f8a0a7e5.jpg?ver=1777419741","contentUrl":"https:\/\/vocesdelacomuna15.com.ar\/wp-content\/litespeed\/avatar\/82faf979976f1bae889b8b71f8a0a7e5.jpg?ver=1777419741","caption":"Federico Arguto"},"url":"https:\/\/vocesdelacomuna15.com.ar\/press\/author\/fede\/"}]}},"_links":{"self":[{"href":"https:\/\/vocesdelacomuna15.com.ar\/press\/wp-json\/wp\/v2\/posts\/61163","targetHints":{"allow":["GET"]}}],"collection":[{"href":"https:\/\/vocesdelacomuna15.com.ar\/press\/wp-json\/wp\/v2\/posts"}],"about":[{"href":"https:\/\/vocesdelacomuna15.com.ar\/press\/wp-json\/wp\/v2\/types\/post"}],"author":[{"embeddable":true,"href":"https:\/\/vocesdelacomuna15.com.ar\/press\/wp-json\/wp\/v2\/users\/2"}],"replies":[{"embeddable":true,"href":"https:\/\/vocesdelacomuna15.com.ar\/press\/wp-json\/wp\/v2\/comments?post=61163"}],"version-history":[{"count":1,"href":"https:\/\/vocesdelacomuna15.com.ar\/press\/wp-json\/wp\/v2\/posts\/61163\/revisions"}],"predecessor-version":[{"id":61165,"href":"https:\/\/vocesdelacomuna15.com.ar\/press\/wp-json\/wp\/v2\/posts\/61163\/revisions\/61165"}],"wp:featuredmedia":[{"embeddable":true,"href":"https:\/\/vocesdelacomuna15.com.ar\/press\/wp-json\/wp\/v2\/media\/61164"}],"wp:attachment":[{"href":"https:\/\/vocesdelacomuna15.com.ar\/press\/wp-json\/wp\/v2\/media?parent=61163"}],"wp:term":[{"taxonomy":"category","embeddable":true,"href":"https:\/\/vocesdelacomuna15.com.ar\/press\/wp-json\/wp\/v2\/categories?post=61163"},{"taxonomy":"post_tag","embeddable":true,"href":"https:\/\/vocesdelacomuna15.com.ar\/press\/wp-json\/wp\/v2\/tags?post=61163"}],"curies":[{"name":"wp","href":"https:\/\/api.w.org\/{rel}","templated":true}]}}