{"id":61160,"date":"2023-09-14T18:41:30","date_gmt":"2023-09-14T21:41:30","guid":{"rendered":"https:\/\/vocesdelacomuna15.com.ar\/?p=61160"},"modified":"2023-09-14T18:41:31","modified_gmt":"2023-09-14T21:41:31","slug":"punto-por-punto-como-sera-el-programa-compre-sin-iva-a-quienes-beneficia-y-cuando-entrara-en-vigencia","status":"publish","type":"post","link":"https:\/\/vocesdelacomuna15.com.ar\/press\/punto-por-punto-como-sera-el-programa-compre-sin-iva-a-quienes-beneficia-y-cuando-entrara-en-vigencia\/","title":{"rendered":"Punto por punto, c\u00f3mo ser\u00e1 el programa &#8220;Compre sin IVA&#8221;: a qui\u00e9nes beneficia y cu\u00e1ndo entrar\u00e1 en vigencia"},"content":{"rendered":"\n<p>Los beneficios aplicar\u00e1n de manera autom\u00e1tica en las operaciones realizadas con tarjeta de d\u00e9bito. En parelelo, el Gobierno enviar\u00e1 un proyecto de Ley al Congreso para incrementar el tope de devoluci\u00f3n del tributo. Fuente: Perfil<\/p>\n\n\n\n<p>Link a nota original: <a href=\"https:\/\/www.perfil.com\/noticias\/economia\/como-sera-compre-sin-iva-alimentos-sergio-massa.phtml\">https:\/\/www.perfil.com\/noticias\/economia\/como-sera-compre-sin-iva-alimentos-sergio-massa.phtml<\/a><\/p>\n\n\n\n<p>En el contexto del&nbsp;<a href=\"https:\/\/www.perfil.com\/noticias\/politica\/el-indec-dara-a-conocer-la-inflacion-de-agosto-seria-la-mas-alta-de-los-ultimos-21-anos.phtml\" target=\"_blank\" rel=\"noreferrer noopener\"><strong>pico inflacionario que alcanz\u00f3 el 12,4% en agosto<\/strong><\/a>, el Gobierno puso en marcha una serie de medidas que contemplan la creaci\u00f3n del&nbsp;<strong>programa &#8216;Compre sin IVA&#8217;<\/strong>, una iniciativa concebida para reducir la&nbsp;carga tributaria de los productos que componen&nbsp;la&nbsp;<a href=\"https:\/\/www.perfil.com\/noticias\/canal-e\/estiman-que-la-canasta-basica-perdio-un-15-de-poder-de-compra-desde-diciembre-del-2019.phtml\" target=\"_blank\" rel=\"noreferrer noopener\">Canasta B\u00e1sica Alimentaria<\/a>. La devoluci\u00f3n del IVA en la compra de alimentos beneficiar\u00e1 a&nbsp;jubilados, monotributistas y trabajadores que no pagan Ganancias.<\/p>\n\n\n\n<p>El programa &#8216;Compre sin IVA&#8217; comprender\u00e1&nbsp;<strong>dos instancias<\/strong>:<\/p>\n\n\n\n<p>1) A trav\u00e9s de una resoluci\u00f3n de la AFIP se dispuso que las medidas en cuesti\u00f3n&nbsp;se implementar\u00e1n&nbsp;a partir del pr\u00f3ximo lunes&nbsp;<strong>18 de septiembre<\/strong>&nbsp;hasta fin de a\u00f1o.<\/p>\n\n\n\n<p>2) Paralelamente, se enviar\u00e1 un proyecto de ley&nbsp;al Congreso a fin de darle continuidad a la aplicaci\u00f3n de los beneficios.<\/p>\n\n\n\n<p>La iniciativa se aplicar\u00e1&nbsp;<strong>de manera autom\u00e1tica en las operaciones realizadas con tarjeta de d\u00e9bito.<\/strong>&nbsp;Es decir, los beneficiarios no tendr\u00e1n que efectuar&nbsp;&#8216;ning\u00fan tr\u00e1mite&#8217;, seg\u00fan lo detallado por el titular&nbsp;de Econom\u00eda,&nbsp;<a href=\"https:\/\/www.perfil.com\/noticias\/economia\/sergio-massa-anuncia-el-nuevo-proyecto-deley-de-financiamiento-educativo.phtml\" target=\"_blank\" rel=\"noreferrer noopener\"><strong>Sergio Massa<\/strong><\/a>.<\/p>\n\n\n\n<p>&#8220;El&nbsp;<strong>sistema es autom\u00e1tico, se habilita de manera autom\u00e1tica a todos los comercios, supermercados y minimercados, verduler\u00edas, carnicer\u00edas, fruter\u00edas, que venden este tipo de productos<\/strong>, porque est\u00e1 concentrado para lo que es&nbsp;<strong>alimentos y bebidas, frutas y verduras y carne centralmente<\/strong>, as\u00ed como tambi\u00e9n los productos de higiene personal y de la canasta del hogar. De alguna manera con el objetivo de entender que la canasta b\u00e1sica est\u00e9 cubierta y compensada por este beneficio&#8221;, explic\u00f3 el titular del Palacio de Hacienda.<\/p>\n\n\n\n<p>El esquema de reintegro actual del tributo tiene un&nbsp;<strong>tope de devoluci\u00f3n que ronda los&nbsp;$18.800<\/strong>. Con el objeto de profundizar el mecanismo de devoluci\u00f3n, el Gobierno enviar\u00e1 a Diputados el proyecto de ley para que&nbsp;<strong>el beneficio se extienda hasta el pr\u00f3ximo a\u00f1o y para incrementar el tope de devoluci\u00f3n hasta&nbsp;$23.000 mensuales<\/strong>.<\/p>\n\n\n\n<p>Con la implementaci\u00f3n del programa,&nbsp;<strong>se devolver\u00e1 el 21% del monto de las operaciones de compra, &#8220;con un tope equivalente al 21% del valor de la Canasta&nbsp;B\u00e1sica Alimentaria para 4 integrantes&#8221;<\/strong>.<\/p>\n\n\n\n<p>Para calcular este gasto por grupo familiar, se tom\u00f3 como par\u00e1metro de referencia&nbsp;un hogar constituido&nbsp;por un var\u00f3n de 35 a\u00f1os, una mujer de 31 a\u00f1os, un hijo de 6 a\u00f1os y una hija de 8 a\u00f1os. El valor del gasto por familia&nbsp;se calcul\u00f3 en&nbsp;$111.642,&nbsp;lo que equivale a una devoluci\u00f3n de&nbsp;<strong>$23 mil mensuales por beneficiario.<\/strong><\/p>\n\n\n\n<p><strong>Beneficiarios de &#8216;Compre sin IVA&#8217;<\/strong><\/p>\n\n\n\n<p>Sergio Massa le pidi\u00f3 &#8220;a los&nbsp;<strong>comercios que utilicen la venta formal<\/strong>&nbsp;para no robarle el beneficio de la devoluci\u00f3n del IVA a la gente. Y a los trabajadores, monotributistas, beneficiarios de la Asignaci\u00f3n Universal, jubilados y pensionados usen su tarjeta de d\u00e9bito porque esto<strong>&nbsp;les devuelve poder de compra y a las 48 horas van a tener acreditado en su cuenta la plata de devoluci\u00f3n del IVA<\/strong>&nbsp;sin tener que hacer ning\u00fan tr\u00e1mite&#8221;.<\/p>\n\n\n\n<p>En cuanto a los beneficiarios del programa, el funcionario del Gobierno aclar\u00f3 que se mantiene &#8220;la devoluci\u00f3n a los 7 millones de jubilados y pensionados del Sistema de Seguridad Social de la Rep\u00fablica Argentina&#8221;.<\/p>\n\n\n\n<p>&#8220;Hemos incorporado, adem\u00e1s, al beneficio a los&nbsp;<strong>2,3 millones de monotributistas que no tienen otro ingreso<\/strong>, es decir, que son monotributistas puros, no importa la categor\u00eda de su aporte, tambi\u00e9n a este beneficio. Y hemos, adem\u00e1s, consolidado a la<strong>&nbsp;Asignaci\u00f3n Universal por Hijo<\/strong>&nbsp;como parte de los beneficiarios de este programa. Asimismo, las<strong>&nbsp;440 mil trabajadoras y trabajadores de casas particulares<\/strong>&nbsp;tambi\u00e9n van a estar incluidos en este beneficio&#8221;, anunci\u00f3 Massa.<\/p>\n\n\n\n<p>7 millones de Jubilados y Pensionados<\/p>\n\n\n\n<p>2,5 millones de personas con Asignaci\u00f3n Universal por hijo (AUH)<\/p>\n\n\n\n<p>2,7 millones de monotributistas&nbsp;de todas las categor\u00edas<\/p>\n\n\n\n<p>9 millones de&nbsp;empleados en relaci\u00f3n de dependencia con ingresos de hasta 6 SMVM (hoy en $ 118.000, por lo tanto con ingresos menores a $708.000)&nbsp;(son los que no fueron beneficiados por la suba del m\u00ednimo no imponible en el impuesto a las ganancias)<\/p>\n\n\n\n<p>440 mil&nbsp;trabajadores del R\u00e9gimen del Personal de Casas Particulares<\/p>\n<div class=\"pvc_clear\"><\/div><p id=\"pvc_stats_61160\" class=\"pvc_stats all  \" data-element-id=\"61160\" style=\"\"><i class=\"pvc-stats-icon small\" aria-hidden=\"true\"><svg aria-hidden=\"true\" focusable=\"false\" data-prefix=\"far\" data-icon=\"chart-bar\" role=\"img\" xmlns=\"http:\/\/www.w3.org\/2000\/svg\" viewBox=\"0 0 512 512\" class=\"svg-inline--fa fa-chart-bar fa-w-16 fa-2x\"><path fill=\"currentColor\" d=\"M396.8 352h22.4c6.4 0 12.8-6.4 12.8-12.8V108.8c0-6.4-6.4-12.8-12.8-12.8h-22.4c-6.4 0-12.8 6.4-12.8 12.8v230.4c0 6.4 6.4 12.8 12.8 12.8zm-192 0h22.4c6.4 0 12.8-6.4 12.8-12.8V140.8c0-6.4-6.4-12.8-12.8-12.8h-22.4c-6.4 0-12.8 6.4-12.8 12.8v198.4c0 6.4 6.4 12.8 12.8 12.8zm96 0h22.4c6.4 0 12.8-6.4 12.8-12.8V204.8c0-6.4-6.4-12.8-12.8-12.8h-22.4c-6.4 0-12.8 6.4-12.8 12.8v134.4c0 6.4 6.4 12.8 12.8 12.8zM496 400H48V80c0-8.84-7.16-16-16-16H16C7.16 64 0 71.16 0 80v336c0 17.67 14.33 32 32 32h464c8.84 0 16-7.16 16-16v-16c0-8.84-7.16-16-16-16zm-387.2-48h22.4c6.4 0 12.8-6.4 12.8-12.8v-70.4c0-6.4-6.4-12.8-12.8-12.8h-22.4c-6.4 0-12.8 6.4-12.8 12.8v70.4c0 6.4 6.4 12.8 12.8 12.8z\" class=\"\"><\/path><\/svg><\/i> <img loading=\"lazy\" decoding=\"async\" width=\"16\" height=\"16\" alt=\"Loading\" src=\"https:\/\/vocesdelacomuna15.com.ar\/wp-content\/plugins\/page-views-count\/ajax-loader-2x.gif\" border=0 \/><\/p><div class=\"pvc_clear\"><\/div>","protected":false},"excerpt":{"rendered":"<p>Los beneficios aplicar\u00e1n de manera autom\u00e1tica en las operaciones realizadas con tarjeta de d\u00e9bito. En parelelo, el Gobierno enviar\u00e1 un proyecto de Ley al Congreso para incrementar el tope de devoluci\u00f3n del tributo. Fuente: Perfil Link a nota original: https:\/\/www.perfil.com\/noticias\/economia\/como-sera-compre-sin-iva-alimentos-sergio-massa.phtml En el contexto del&nbsp;pico inflacionario que alcanz\u00f3 el 12,4% en agosto, el Gobierno puso en [&hellip;]<\/p>\n<div class=\"pvc_clear\"><\/div>\n<p id=\"pvc_stats_61160\" class=\"pvc_stats all  \" data-element-id=\"61160\" style=\"\"><i class=\"pvc-stats-icon small\" aria-hidden=\"true\"><svg aria-hidden=\"true\" focusable=\"false\" data-prefix=\"far\" data-icon=\"chart-bar\" role=\"img\" xmlns=\"http:\/\/www.w3.org\/2000\/svg\" viewBox=\"0 0 512 512\" class=\"svg-inline--fa fa-chart-bar fa-w-16 fa-2x\"><path fill=\"currentColor\" d=\"M396.8 352h22.4c6.4 0 12.8-6.4 12.8-12.8V108.8c0-6.4-6.4-12.8-12.8-12.8h-22.4c-6.4 0-12.8 6.4-12.8 12.8v230.4c0 6.4 6.4 12.8 12.8 12.8zm-192 0h22.4c6.4 0 12.8-6.4 12.8-12.8V140.8c0-6.4-6.4-12.8-12.8-12.8h-22.4c-6.4 0-12.8 6.4-12.8 12.8v198.4c0 6.4 6.4 12.8 12.8 12.8zm96 0h22.4c6.4 0 12.8-6.4 12.8-12.8V204.8c0-6.4-6.4-12.8-12.8-12.8h-22.4c-6.4 0-12.8 6.4-12.8 12.8v134.4c0 6.4 6.4 12.8 12.8 12.8zM496 400H48V80c0-8.84-7.16-16-16-16H16C7.16 64 0 71.16 0 80v336c0 17.67 14.33 32 32 32h464c8.84 0 16-7.16 16-16v-16c0-8.84-7.16-16-16-16zm-387.2-48h22.4c6.4 0 12.8-6.4 12.8-12.8v-70.4c0-6.4-6.4-12.8-12.8-12.8h-22.4c-6.4 0-12.8 6.4-12.8 12.8v70.4c0 6.4 6.4 12.8 12.8 12.8z\" class=\"\"><\/path><\/svg><\/i> <img loading=\"lazy\" decoding=\"async\" width=\"16\" height=\"16\" alt=\"Loading\" src=\"https:\/\/vocesdelacomuna15.com.ar\/wp-content\/plugins\/page-views-count\/ajax-loader-2x.gif\" border=0 \/><\/p>\n<div class=\"pvc_clear\"><\/div>\n","protected":false},"author":2,"featured_media":61161,"comment_status":"open","ping_status":"open","sticky":false,"template":"","format":"standard","meta":{"_et_pb_use_builder":"off","_et_pb_old_content":"","_et_gb_content_width":"","footnotes":""},"categories":[31],"tags":[],"class_list":["post-61160","post","type-post","status-publish","format-standard","has-post-thumbnail","hentry","category-politica","et-has-post-format-content","et_post_format-et-post-format-standard"],"a3_pvc":{"activated":true,"total_views":22,"today_views":0},"yoast_head":"<!-- This site is optimized with the Yoast SEO plugin v27.5 - https:\/\/yoast.com\/product\/yoast-seo-wordpress\/ -->\n<title>Punto por punto, c\u00f3mo ser\u00e1 el programa &quot;Compre sin IVA&quot;: a qui\u00e9nes beneficia y cu\u00e1ndo entrar\u00e1 en vigencia - Voces de la Comuna 15<\/title>\n<meta name=\"description\" content=\"Voces de la Comuna 15\" \/>\n<meta name=\"robots\" content=\"index, follow, max-snippet:-1, max-image-preview:large, max-video-preview:-1\" \/>\n<link rel=\"canonical\" href=\"https:\/\/vocesdelacomuna15.com.ar\/press\/punto-por-punto-como-sera-el-programa-compre-sin-iva-a-quienes-beneficia-y-cuando-entrara-en-vigencia\/\" \/>\n<meta property=\"og:locale\" content=\"es_ES\" \/>\n<meta property=\"og:type\" content=\"article\" \/>\n<meta property=\"og:title\" content=\"Punto por punto, c\u00f3mo ser\u00e1 el programa &quot;Compre sin IVA&quot;: a qui\u00e9nes beneficia y cu\u00e1ndo entrar\u00e1 en vigencia - Voces de la Comuna 15\" \/>\n<meta property=\"og:description\" content=\"Voces de la Comuna 15\" \/>\n<meta property=\"og:url\" content=\"https:\/\/vocesdelacomuna15.com.ar\/press\/punto-por-punto-como-sera-el-programa-compre-sin-iva-a-quienes-beneficia-y-cuando-entrara-en-vigencia\/\" \/>\n<meta property=\"og:site_name\" content=\"Voces de la Comuna 15\" \/>\n<meta property=\"article:publisher\" content=\"https:\/\/www.facebook.com\/VocesComuna15\/\" \/>\n<meta property=\"article:published_time\" content=\"2023-09-14T21:41:30+00:00\" \/>\n<meta property=\"article:modified_time\" content=\"2023-09-14T21:41:31+00:00\" \/>\n<meta property=\"og:image\" content=\"https:\/\/vocesdelacomuna15.com.ar\/wp-content\/uploads\/2023\/09\/massa-1.png\" \/>\n\t<meta property=\"og:image:width\" content=\"658\" \/>\n\t<meta property=\"og:image:height\" content=\"474\" \/>\n\t<meta property=\"og:image:type\" content=\"image\/png\" \/>\n<meta name=\"author\" content=\"Federico Arguto\" \/>\n<meta name=\"twitter:card\" content=\"summary_large_image\" \/>\n<meta name=\"twitter:creator\" content=\"@vocescomuna15\" \/>\n<meta name=\"twitter:site\" content=\"@vocescomuna15\" \/>\n<meta name=\"twitter:label1\" content=\"Escrito por\" \/>\n\t<meta name=\"twitter:data1\" content=\"Federico Arguto\" \/>\n\t<meta name=\"twitter:label2\" content=\"Tiempo de lectura\" \/>\n\t<meta name=\"twitter:data2\" content=\"4 minutos\" \/>\n<script type=\"application\/ld+json\" class=\"yoast-schema-graph\">{\"@context\":\"https:\\\/\\\/schema.org\",\"@graph\":[{\"@type\":\"Article\",\"@id\":\"https:\\\/\\\/vocesdelacomuna15.com.ar\\\/press\\\/punto-por-punto-como-sera-el-programa-compre-sin-iva-a-quienes-beneficia-y-cuando-entrara-en-vigencia\\\/#article\",\"isPartOf\":{\"@id\":\"https:\\\/\\\/vocesdelacomuna15.com.ar\\\/press\\\/punto-por-punto-como-sera-el-programa-compre-sin-iva-a-quienes-beneficia-y-cuando-entrara-en-vigencia\\\/\"},\"author\":{\"name\":\"Federico Arguto\",\"@id\":\"https:\\\/\\\/vocesdelacomuna15.com.ar\\\/press\\\/#\\\/schema\\\/person\\\/4739e109db25d799cd3d139eeb509e43\"},\"headline\":\"Punto por punto, c\u00f3mo ser\u00e1 el programa &#8220;Compre sin IVA&#8221;: a qui\u00e9nes beneficia y cu\u00e1ndo entrar\u00e1 en vigencia\",\"datePublished\":\"2023-09-14T21:41:30+00:00\",\"dateModified\":\"2023-09-14T21:41:31+00:00\",\"mainEntityOfPage\":{\"@id\":\"https:\\\/\\\/vocesdelacomuna15.com.ar\\\/press\\\/punto-por-punto-como-sera-el-programa-compre-sin-iva-a-quienes-beneficia-y-cuando-entrara-en-vigencia\\\/\"},\"wordCount\":795,\"commentCount\":0,\"publisher\":{\"@id\":\"https:\\\/\\\/vocesdelacomuna15.com.ar\\\/press\\\/#organization\"},\"image\":{\"@id\":\"https:\\\/\\\/vocesdelacomuna15.com.ar\\\/press\\\/punto-por-punto-como-sera-el-programa-compre-sin-iva-a-quienes-beneficia-y-cuando-entrara-en-vigencia\\\/#primaryimage\"},\"thumbnailUrl\":\"https:\\\/\\\/vocesdelacomuna15.com.ar\\\/wp-content\\\/uploads\\\/2023\\\/09\\\/massa-1.png\",\"articleSection\":[\"Pol\u00edtica\"],\"inLanguage\":\"es-AR\",\"potentialAction\":[{\"@type\":\"CommentAction\",\"name\":\"Comment\",\"target\":[\"https:\\\/\\\/vocesdelacomuna15.com.ar\\\/press\\\/punto-por-punto-como-sera-el-programa-compre-sin-iva-a-quienes-beneficia-y-cuando-entrara-en-vigencia\\\/#respond\"]}]},{\"@type\":\"WebPage\",\"@id\":\"https:\\\/\\\/vocesdelacomuna15.com.ar\\\/press\\\/punto-por-punto-como-sera-el-programa-compre-sin-iva-a-quienes-beneficia-y-cuando-entrara-en-vigencia\\\/\",\"url\":\"https:\\\/\\\/vocesdelacomuna15.com.ar\\\/press\\\/punto-por-punto-como-sera-el-programa-compre-sin-iva-a-quienes-beneficia-y-cuando-entrara-en-vigencia\\\/\",\"name\":\"Punto por punto, c\u00f3mo ser\u00e1 el programa \\\"Compre sin IVA\\\": a qui\u00e9nes beneficia y cu\u00e1ndo entrar\u00e1 en vigencia - Voces de la Comuna 15\",\"isPartOf\":{\"@id\":\"https:\\\/\\\/vocesdelacomuna15.com.ar\\\/press\\\/#website\"},\"primaryImageOfPage\":{\"@id\":\"https:\\\/\\\/vocesdelacomuna15.com.ar\\\/press\\\/punto-por-punto-como-sera-el-programa-compre-sin-iva-a-quienes-beneficia-y-cuando-entrara-en-vigencia\\\/#primaryimage\"},\"image\":{\"@id\":\"https:\\\/\\\/vocesdelacomuna15.com.ar\\\/press\\\/punto-por-punto-como-sera-el-programa-compre-sin-iva-a-quienes-beneficia-y-cuando-entrara-en-vigencia\\\/#primaryimage\"},\"thumbnailUrl\":\"https:\\\/\\\/vocesdelacomuna15.com.ar\\\/wp-content\\\/uploads\\\/2023\\\/09\\\/massa-1.png\",\"datePublished\":\"2023-09-14T21:41:30+00:00\",\"dateModified\":\"2023-09-14T21:41:31+00:00\",\"description\":\"Voces de la Comuna 15\",\"breadcrumb\":{\"@id\":\"https:\\\/\\\/vocesdelacomuna15.com.ar\\\/press\\\/punto-por-punto-como-sera-el-programa-compre-sin-iva-a-quienes-beneficia-y-cuando-entrara-en-vigencia\\\/#breadcrumb\"},\"inLanguage\":\"es-AR\",\"potentialAction\":[{\"@type\":\"ReadAction\",\"target\":[\"https:\\\/\\\/vocesdelacomuna15.com.ar\\\/press\\\/punto-por-punto-como-sera-el-programa-compre-sin-iva-a-quienes-beneficia-y-cuando-entrara-en-vigencia\\\/\"]}]},{\"@type\":\"ImageObject\",\"inLanguage\":\"es-AR\",\"@id\":\"https:\\\/\\\/vocesdelacomuna15.com.ar\\\/press\\\/punto-por-punto-como-sera-el-programa-compre-sin-iva-a-quienes-beneficia-y-cuando-entrara-en-vigencia\\\/#primaryimage\",\"url\":\"https:\\\/\\\/vocesdelacomuna15.com.ar\\\/wp-content\\\/uploads\\\/2023\\\/09\\\/massa-1.png\",\"contentUrl\":\"https:\\\/\\\/vocesdelacomuna15.com.ar\\\/wp-content\\\/uploads\\\/2023\\\/09\\\/massa-1.png\",\"width\":658,\"height\":474},{\"@type\":\"BreadcrumbList\",\"@id\":\"https:\\\/\\\/vocesdelacomuna15.com.ar\\\/press\\\/punto-por-punto-como-sera-el-programa-compre-sin-iva-a-quienes-beneficia-y-cuando-entrara-en-vigencia\\\/#breadcrumb\",\"itemListElement\":[{\"@type\":\"ListItem\",\"position\":1,\"name\":\"Inicio\",\"item\":\"https:\\\/\\\/vocesdelacomuna15.com.ar\\\/press\\\/\"},{\"@type\":\"ListItem\",\"position\":2,\"name\":\"Punto por punto, c\u00f3mo ser\u00e1 el programa &#8220;Compre sin IVA&#8221;: a qui\u00e9nes beneficia y cu\u00e1ndo entrar\u00e1 en vigencia\"}]},{\"@type\":\"WebSite\",\"@id\":\"https:\\\/\\\/vocesdelacomuna15.com.ar\\\/press\\\/#website\",\"url\":\"https:\\\/\\\/vocesdelacomuna15.com.ar\\\/press\\\/\",\"name\":\"Voces de la Comuna 15\",\"description\":\"Sitio web de noticias\",\"publisher\":{\"@id\":\"https:\\\/\\\/vocesdelacomuna15.com.ar\\\/press\\\/#organization\"},\"potentialAction\":[{\"@type\":\"SearchAction\",\"target\":{\"@type\":\"EntryPoint\",\"urlTemplate\":\"https:\\\/\\\/vocesdelacomuna15.com.ar\\\/press\\\/?s={search_term_string}\"},\"query-input\":{\"@type\":\"PropertyValueSpecification\",\"valueRequired\":true,\"valueName\":\"search_term_string\"}}],\"inLanguage\":\"es-AR\"},{\"@type\":\"Organization\",\"@id\":\"https:\\\/\\\/vocesdelacomuna15.com.ar\\\/press\\\/#organization\",\"name\":\"Voces de la Comuna 15\",\"url\":\"https:\\\/\\\/vocesdelacomuna15.com.ar\\\/press\\\/\",\"logo\":{\"@type\":\"ImageObject\",\"inLanguage\":\"es-AR\",\"@id\":\"https:\\\/\\\/vocesdelacomuna15.com.ar\\\/press\\\/#\\\/schema\\\/logo\\\/image\\\/\",\"url\":\"https:\\\/\\\/vocesdelacomuna15.com.ar\\\/wp-content\\\/uploads\\\/2024\\\/12\\\/cropped-logo_voces.jpg\",\"contentUrl\":\"https:\\\/\\\/vocesdelacomuna15.com.ar\\\/wp-content\\\/uploads\\\/2024\\\/12\\\/cropped-logo_voces.jpg\",\"width\":512,\"height\":512,\"caption\":\"Voces de la Comuna 15\"},\"image\":{\"@id\":\"https:\\\/\\\/vocesdelacomuna15.com.ar\\\/press\\\/#\\\/schema\\\/logo\\\/image\\\/\"},\"sameAs\":[\"https:\\\/\\\/www.facebook.com\\\/VocesComuna15\\\/\",\"https:\\\/\\\/x.com\\\/vocescomuna15\"]},{\"@type\":\"Person\",\"@id\":\"https:\\\/\\\/vocesdelacomuna15.com.ar\\\/press\\\/#\\\/schema\\\/person\\\/4739e109db25d799cd3d139eeb509e43\",\"name\":\"Federico Arguto\",\"image\":{\"@type\":\"ImageObject\",\"inLanguage\":\"es-AR\",\"@id\":\"https:\\\/\\\/vocesdelacomuna15.com.ar\\\/wp-content\\\/litespeed\\\/avatar\\\/82faf979976f1bae889b8b71f8a0a7e5.jpg?ver=1777419741\",\"url\":\"https:\\\/\\\/vocesdelacomuna15.com.ar\\\/wp-content\\\/litespeed\\\/avatar\\\/82faf979976f1bae889b8b71f8a0a7e5.jpg?ver=1777419741\",\"contentUrl\":\"https:\\\/\\\/vocesdelacomuna15.com.ar\\\/wp-content\\\/litespeed\\\/avatar\\\/82faf979976f1bae889b8b71f8a0a7e5.jpg?ver=1777419741\",\"caption\":\"Federico Arguto\"},\"url\":\"https:\\\/\\\/vocesdelacomuna15.com.ar\\\/press\\\/author\\\/fede\\\/\"}]}<\/script>\n<!-- \/ Yoast SEO plugin. -->","yoast_head_json":{"title":"Punto por punto, c\u00f3mo ser\u00e1 el programa \"Compre sin IVA\": a qui\u00e9nes beneficia y cu\u00e1ndo entrar\u00e1 en vigencia - Voces de la Comuna 15","description":"Voces de la Comuna 15","robots":{"index":"index","follow":"follow","max-snippet":"max-snippet:-1","max-image-preview":"max-image-preview:large","max-video-preview":"max-video-preview:-1"},"canonical":"https:\/\/vocesdelacomuna15.com.ar\/press\/punto-por-punto-como-sera-el-programa-compre-sin-iva-a-quienes-beneficia-y-cuando-entrara-en-vigencia\/","og_locale":"es_ES","og_type":"article","og_title":"Punto por punto, c\u00f3mo ser\u00e1 el programa \"Compre sin IVA\": a qui\u00e9nes beneficia y cu\u00e1ndo entrar\u00e1 en vigencia - Voces de la Comuna 15","og_description":"Voces de la Comuna 15","og_url":"https:\/\/vocesdelacomuna15.com.ar\/press\/punto-por-punto-como-sera-el-programa-compre-sin-iva-a-quienes-beneficia-y-cuando-entrara-en-vigencia\/","og_site_name":"Voces de la Comuna 15","article_publisher":"https:\/\/www.facebook.com\/VocesComuna15\/","article_published_time":"2023-09-14T21:41:30+00:00","article_modified_time":"2023-09-14T21:41:31+00:00","og_image":[{"width":658,"height":474,"url":"https:\/\/vocesdelacomuna15.com.ar\/wp-content\/uploads\/2023\/09\/massa-1.png","type":"image\/png"}],"author":"Federico Arguto","twitter_card":"summary_large_image","twitter_creator":"@vocescomuna15","twitter_site":"@vocescomuna15","twitter_misc":{"Escrito por":"Federico Arguto","Tiempo de lectura":"4 minutos"},"schema":{"@context":"https:\/\/schema.org","@graph":[{"@type":"Article","@id":"https:\/\/vocesdelacomuna15.com.ar\/press\/punto-por-punto-como-sera-el-programa-compre-sin-iva-a-quienes-beneficia-y-cuando-entrara-en-vigencia\/#article","isPartOf":{"@id":"https:\/\/vocesdelacomuna15.com.ar\/press\/punto-por-punto-como-sera-el-programa-compre-sin-iva-a-quienes-beneficia-y-cuando-entrara-en-vigencia\/"},"author":{"name":"Federico Arguto","@id":"https:\/\/vocesdelacomuna15.com.ar\/press\/#\/schema\/person\/4739e109db25d799cd3d139eeb509e43"},"headline":"Punto por punto, c\u00f3mo ser\u00e1 el programa &#8220;Compre sin IVA&#8221;: a qui\u00e9nes beneficia y cu\u00e1ndo entrar\u00e1 en vigencia","datePublished":"2023-09-14T21:41:30+00:00","dateModified":"2023-09-14T21:41:31+00:00","mainEntityOfPage":{"@id":"https:\/\/vocesdelacomuna15.com.ar\/press\/punto-por-punto-como-sera-el-programa-compre-sin-iva-a-quienes-beneficia-y-cuando-entrara-en-vigencia\/"},"wordCount":795,"commentCount":0,"publisher":{"@id":"https:\/\/vocesdelacomuna15.com.ar\/press\/#organization"},"image":{"@id":"https:\/\/vocesdelacomuna15.com.ar\/press\/punto-por-punto-como-sera-el-programa-compre-sin-iva-a-quienes-beneficia-y-cuando-entrara-en-vigencia\/#primaryimage"},"thumbnailUrl":"https:\/\/vocesdelacomuna15.com.ar\/wp-content\/uploads\/2023\/09\/massa-1.png","articleSection":["Pol\u00edtica"],"inLanguage":"es-AR","potentialAction":[{"@type":"CommentAction","name":"Comment","target":["https:\/\/vocesdelacomuna15.com.ar\/press\/punto-por-punto-como-sera-el-programa-compre-sin-iva-a-quienes-beneficia-y-cuando-entrara-en-vigencia\/#respond"]}]},{"@type":"WebPage","@id":"https:\/\/vocesdelacomuna15.com.ar\/press\/punto-por-punto-como-sera-el-programa-compre-sin-iva-a-quienes-beneficia-y-cuando-entrara-en-vigencia\/","url":"https:\/\/vocesdelacomuna15.com.ar\/press\/punto-por-punto-como-sera-el-programa-compre-sin-iva-a-quienes-beneficia-y-cuando-entrara-en-vigencia\/","name":"Punto por punto, c\u00f3mo ser\u00e1 el programa \"Compre sin IVA\": a qui\u00e9nes beneficia y cu\u00e1ndo entrar\u00e1 en vigencia - Voces de la Comuna 15","isPartOf":{"@id":"https:\/\/vocesdelacomuna15.com.ar\/press\/#website"},"primaryImageOfPage":{"@id":"https:\/\/vocesdelacomuna15.com.ar\/press\/punto-por-punto-como-sera-el-programa-compre-sin-iva-a-quienes-beneficia-y-cuando-entrara-en-vigencia\/#primaryimage"},"image":{"@id":"https:\/\/vocesdelacomuna15.com.ar\/press\/punto-por-punto-como-sera-el-programa-compre-sin-iva-a-quienes-beneficia-y-cuando-entrara-en-vigencia\/#primaryimage"},"thumbnailUrl":"https:\/\/vocesdelacomuna15.com.ar\/wp-content\/uploads\/2023\/09\/massa-1.png","datePublished":"2023-09-14T21:41:30+00:00","dateModified":"2023-09-14T21:41:31+00:00","description":"Voces de la Comuna 15","breadcrumb":{"@id":"https:\/\/vocesdelacomuna15.com.ar\/press\/punto-por-punto-como-sera-el-programa-compre-sin-iva-a-quienes-beneficia-y-cuando-entrara-en-vigencia\/#breadcrumb"},"inLanguage":"es-AR","potentialAction":[{"@type":"ReadAction","target":["https:\/\/vocesdelacomuna15.com.ar\/press\/punto-por-punto-como-sera-el-programa-compre-sin-iva-a-quienes-beneficia-y-cuando-entrara-en-vigencia\/"]}]},{"@type":"ImageObject","inLanguage":"es-AR","@id":"https:\/\/vocesdelacomuna15.com.ar\/press\/punto-por-punto-como-sera-el-programa-compre-sin-iva-a-quienes-beneficia-y-cuando-entrara-en-vigencia\/#primaryimage","url":"https:\/\/vocesdelacomuna15.com.ar\/wp-content\/uploads\/2023\/09\/massa-1.png","contentUrl":"https:\/\/vocesdelacomuna15.com.ar\/wp-content\/uploads\/2023\/09\/massa-1.png","width":658,"height":474},{"@type":"BreadcrumbList","@id":"https:\/\/vocesdelacomuna15.com.ar\/press\/punto-por-punto-como-sera-el-programa-compre-sin-iva-a-quienes-beneficia-y-cuando-entrara-en-vigencia\/#breadcrumb","itemListElement":[{"@type":"ListItem","position":1,"name":"Inicio","item":"https:\/\/vocesdelacomuna15.com.ar\/press\/"},{"@type":"ListItem","position":2,"name":"Punto por punto, c\u00f3mo ser\u00e1 el programa &#8220;Compre sin IVA&#8221;: a qui\u00e9nes beneficia y cu\u00e1ndo entrar\u00e1 en vigencia"}]},{"@type":"WebSite","@id":"https:\/\/vocesdelacomuna15.com.ar\/press\/#website","url":"https:\/\/vocesdelacomuna15.com.ar\/press\/","name":"Voces de la Comuna 15","description":"Sitio web de noticias","publisher":{"@id":"https:\/\/vocesdelacomuna15.com.ar\/press\/#organization"},"potentialAction":[{"@type":"SearchAction","target":{"@type":"EntryPoint","urlTemplate":"https:\/\/vocesdelacomuna15.com.ar\/press\/?s={search_term_string}"},"query-input":{"@type":"PropertyValueSpecification","valueRequired":true,"valueName":"search_term_string"}}],"inLanguage":"es-AR"},{"@type":"Organization","@id":"https:\/\/vocesdelacomuna15.com.ar\/press\/#organization","name":"Voces de la Comuna 15","url":"https:\/\/vocesdelacomuna15.com.ar\/press\/","logo":{"@type":"ImageObject","inLanguage":"es-AR","@id":"https:\/\/vocesdelacomuna15.com.ar\/press\/#\/schema\/logo\/image\/","url":"https:\/\/vocesdelacomuna15.com.ar\/wp-content\/uploads\/2024\/12\/cropped-logo_voces.jpg","contentUrl":"https:\/\/vocesdelacomuna15.com.ar\/wp-content\/uploads\/2024\/12\/cropped-logo_voces.jpg","width":512,"height":512,"caption":"Voces de la Comuna 15"},"image":{"@id":"https:\/\/vocesdelacomuna15.com.ar\/press\/#\/schema\/logo\/image\/"},"sameAs":["https:\/\/www.facebook.com\/VocesComuna15\/","https:\/\/x.com\/vocescomuna15"]},{"@type":"Person","@id":"https:\/\/vocesdelacomuna15.com.ar\/press\/#\/schema\/person\/4739e109db25d799cd3d139eeb509e43","name":"Federico Arguto","image":{"@type":"ImageObject","inLanguage":"es-AR","@id":"https:\/\/vocesdelacomuna15.com.ar\/wp-content\/litespeed\/avatar\/82faf979976f1bae889b8b71f8a0a7e5.jpg?ver=1777419741","url":"https:\/\/vocesdelacomuna15.com.ar\/wp-content\/litespeed\/avatar\/82faf979976f1bae889b8b71f8a0a7e5.jpg?ver=1777419741","contentUrl":"https:\/\/vocesdelacomuna15.com.ar\/wp-content\/litespeed\/avatar\/82faf979976f1bae889b8b71f8a0a7e5.jpg?ver=1777419741","caption":"Federico Arguto"},"url":"https:\/\/vocesdelacomuna15.com.ar\/press\/author\/fede\/"}]}},"_links":{"self":[{"href":"https:\/\/vocesdelacomuna15.com.ar\/press\/wp-json\/wp\/v2\/posts\/61160","targetHints":{"allow":["GET"]}}],"collection":[{"href":"https:\/\/vocesdelacomuna15.com.ar\/press\/wp-json\/wp\/v2\/posts"}],"about":[{"href":"https:\/\/vocesdelacomuna15.com.ar\/press\/wp-json\/wp\/v2\/types\/post"}],"author":[{"embeddable":true,"href":"https:\/\/vocesdelacomuna15.com.ar\/press\/wp-json\/wp\/v2\/users\/2"}],"replies":[{"embeddable":true,"href":"https:\/\/vocesdelacomuna15.com.ar\/press\/wp-json\/wp\/v2\/comments?post=61160"}],"version-history":[{"count":1,"href":"https:\/\/vocesdelacomuna15.com.ar\/press\/wp-json\/wp\/v2\/posts\/61160\/revisions"}],"predecessor-version":[{"id":61162,"href":"https:\/\/vocesdelacomuna15.com.ar\/press\/wp-json\/wp\/v2\/posts\/61160\/revisions\/61162"}],"wp:featuredmedia":[{"embeddable":true,"href":"https:\/\/vocesdelacomuna15.com.ar\/press\/wp-json\/wp\/v2\/media\/61161"}],"wp:attachment":[{"href":"https:\/\/vocesdelacomuna15.com.ar\/press\/wp-json\/wp\/v2\/media?parent=61160"}],"wp:term":[{"taxonomy":"category","embeddable":true,"href":"https:\/\/vocesdelacomuna15.com.ar\/press\/wp-json\/wp\/v2\/categories?post=61160"},{"taxonomy":"post_tag","embeddable":true,"href":"https:\/\/vocesdelacomuna15.com.ar\/press\/wp-json\/wp\/v2\/tags?post=61160"}],"curies":[{"name":"wp","href":"https:\/\/api.w.org\/{rel}","templated":true}]}}