{"id":61157,"date":"2023-09-14T18:24:08","date_gmt":"2023-09-14T21:24:08","guid":{"rendered":"https:\/\/vocesdelacomuna15.com.ar\/?p=61157"},"modified":"2023-09-14T18:24:10","modified_gmt":"2023-09-14T21:24:10","slug":"la-noche-de-la-educacion-por-primera-vez-recrean-a-sarmiento-con-inteligencia-artificial","status":"publish","type":"post","link":"https:\/\/vocesdelacomuna15.com.ar\/press\/la-noche-de-la-educacion-por-primera-vez-recrean-a-sarmiento-con-inteligencia-artificial\/","title":{"rendered":"La Noche de la Educaci\u00f3n: Por primera vez, recrean a Sarmiento con inteligencia artificial"},"content":{"rendered":"\n<p>Gracias a un trabajo t\u00e9cnico sin precedentes en el pa\u00eds, los participantes de La Noche de la Educaci\u00f3n, el evento organizado por Argentinos por la Educaci\u00f3n, escucharon \u201cen vivo\u201d al gran pr\u00f3cer de la educaci\u00f3n, que los interpel\u00f3 a comprometerse por la alfabetizaci\u00f3n. Por primera vez se \u201crevive\u201d a una figura hist\u00f3rica con asistencia de la inteligencia artificial.\u00a0Fuente: Prensa Argentinos por la Educaci\u00f3n<\/p>\n\n\n\n<p>Link a nota original: <a href=\"https:\/\/prensa.argentinosporlaeducacion.org\/por-primera-vez-recrean-a-sarmiento-con-inteligencia-artificial\">https:\/\/prensa.argentinosporlaeducacion.org\/por-primera-vez-recrean-a-sarmiento-con-inteligencia-artificial<\/a><\/p>\n\n\n\n<p>El pasado martes 12 de septiembre 250 funcionarios, l\u00edderes sociales, empresarios, referentes educativos, comunicadores y personalidades participaron de&nbsp;<strong>La Noche de la Educaci\u00f3n<\/strong>, el encuentro anual de Argentinos por la Educaci\u00f3n celebrado en el Museo de Arte Latinoamericano de Buenos Aires (Malba), en CABA.&nbsp;<\/p>\n\n\n\n<p>El evento transcurr\u00eda normalmente hasta que de repente hubo un apag\u00f3n. En el frente, progresivamente, comenz\u00f3 a aparecer una figura de otra \u00e9poca. De repente el misterio termin\u00f3. Enorme fue la sorpresa de los asistentes al ver que quien aparec\u00eda era el mism\u00edsimo&nbsp;<strong>Domingo F. Sarmiento<\/strong>, interpel\u00e1ndolos a trabajar por la alfabetizaci\u00f3n inicial en todo el pa\u00eds. Era un Sarmiento recreado por medio de inteligencia artificial.&nbsp;<\/p>\n\n\n\n<p>El proyecto comenz\u00f3 como una idea de&nbsp;<strong>Mario Pergolini<\/strong>, y bajo su liderazgo, implic\u00f3 un trabajo conjunto de Argentinos por la Educaci\u00f3n y el&nbsp;<strong>laboratorio GoLab del Grupo Octubre, en asociaci\u00f3n con Metabrain.com.&nbsp;<\/strong><\/p>\n\n\n\n<p>\u201cGracias a mi trabajo, la escuela p\u00fablica argentina maravill\u00f3 al mundo\u201d, se\u00f1al\u00f3 el Sarmiento recreado con IA, y record\u00f3 que, cuando \u00e9l impuls\u00f3 el primer censo nacional en 1869, m\u00e1s del 70% de la poblaci\u00f3n era analfabeta. La intervenci\u00f3n puede verse completa en&nbsp;<a href=\"https:\/\/www.youtube.com\/watch?v=KK6a50Myp0g\"><strong>este enlace<\/strong><\/a>, en el canal de Youtube de&nbsp;<strong>Argentinos por la Educaci\u00f3n.&nbsp;\u200b&nbsp;<\/strong><\/p>\n\n\n\n<p>El gui\u00f3n fue desarrollado realizando una investigaci\u00f3n hist\u00f3rica sobre distintas intervenciones del ex presidente. Desde Argentinos por la Educaci\u00f3n indicaron: \u201cComo parte del ejercicio creativo buscamos imaginar qu\u00e9 nos dir\u00eda el Sarmiento del siglo XIX a los argentinos en la actualidad. Nos inclinamos por construir su discurso con mayor\u00eda de citas textuales combinadas con unas pocas referencias al presente\u201d. Por su parte, el proceso de filmaci\u00f3n y producci\u00f3n necesario para \u201cdarle vida\u201d al pr\u00f3cer llev\u00f3 dos meses de trabajo y se realiz\u00f3 en el estudio Hangar 5 de GoLab bajo la direcci\u00f3n de Jorge Azambuya. La fisonom\u00eda de Sarmiento fue recreada en colaboraci\u00f3n con el actor y director Mario Moscoso.<\/p>\n\n\n\n<p>\u201cHoy en el 2023 me dicen que, a los 9 a\u00f1os, 1 de cada 2 estudiantes no entienden lo que leen. \u00a1Cu\u00e1nto hay por hacer! La demanda en educaci\u00f3n est\u00e1 en raz\u00f3n inversa a su necesidad\u201d, interpel\u00f3 Sarmiento a los presentes, con una marcada indignaci\u00f3n.. Y agreg\u00f3: \u201cSin educaci\u00f3n, la democracia es una supercher\u00eda. El pueblo, el Estado, la naci\u00f3n: todo est\u00e1 escrito en los humildes bancos de la escuela\u201d.<\/p>\n\n\n\n<p>Mariano Narodowski, profesor e investigador de Universidad Torcuato Di Tella, expres\u00f3: \u201cSarmiento no es cosa del pasado: viene del futuro a contagiarnos ideas para ser una sociedad mejor. No es una met\u00e1fora, en serio es un embajador del futuro, un \u201cloco\u201d como lo llamaban los necios. Para contagiarnos de futuro tenemos que dejar de ponernos la vacuna de la mediocridad pol\u00edtica. Dejemos que Sarmiento nos contagie\u201d.<\/p>\n\n\n\n<p>El encuentro, que se realiz\u00f3 por segundo a\u00f1o consecutivo, cont\u00f3 con la participaci\u00f3n de los gobernadores electos de C\u00f3rdoba, Mart\u00edn Llaryora; Tierra del Fuego, Gustavo Melella; San Luis, Claudio Poggi; y R\u00edo Negro, Alberto Weretilneck, quienes conversaron con la periodista Mai Pistiner sobre los desaf\u00edos de la educaci\u00f3n en sus pr\u00f3ximos mandatos y plantearon diferentes ideas para trabajar en la mejora de la alfabetizaci\u00f3n.<\/p>\n\n\n\n<p>En la apertura del evento intervinieron Jaime Saavedra, director de Desarrollo Humano para Am\u00e9rica Latina en el Banco Mundial, y Pablo Bartol, gerente de Desarrollo Social de CAF (Banco de Desarrollo de Am\u00e9rica Latina y el Caribe). La conducci\u00f3n estuvo a cargo de la actriz y presentadora Laura Fern\u00e1ndez.<\/p>\n\n\n\n<p>En el cierre, Ignacio Ibarz\u00e1bal, director ejecutivo de Argentinos por la Educaci\u00f3n, agradeci\u00f3 a todos los asistentes y sostuvo: \u201cEs fundamental que desde la sociedad civil sigamos trabajando para que la alfabetizaci\u00f3n inicial sea una prioridad estrat\u00e9gica \u200b en todo el pa\u00eds. Esta noche es una celebraci\u00f3n de los pasos que venimos dando en conjunto y una invitaci\u00f3n a redoblar esfuerzos\u201d.<\/p>\n<div class=\"pvc_clear\"><\/div><p id=\"pvc_stats_61157\" class=\"pvc_stats all  \" data-element-id=\"61157\" style=\"\"><i class=\"pvc-stats-icon small\" aria-hidden=\"true\"><svg aria-hidden=\"true\" focusable=\"false\" data-prefix=\"far\" data-icon=\"chart-bar\" role=\"img\" xmlns=\"http:\/\/www.w3.org\/2000\/svg\" viewBox=\"0 0 512 512\" class=\"svg-inline--fa fa-chart-bar fa-w-16 fa-2x\"><path fill=\"currentColor\" d=\"M396.8 352h22.4c6.4 0 12.8-6.4 12.8-12.8V108.8c0-6.4-6.4-12.8-12.8-12.8h-22.4c-6.4 0-12.8 6.4-12.8 12.8v230.4c0 6.4 6.4 12.8 12.8 12.8zm-192 0h22.4c6.4 0 12.8-6.4 12.8-12.8V140.8c0-6.4-6.4-12.8-12.8-12.8h-22.4c-6.4 0-12.8 6.4-12.8 12.8v198.4c0 6.4 6.4 12.8 12.8 12.8zm96 0h22.4c6.4 0 12.8-6.4 12.8-12.8V204.8c0-6.4-6.4-12.8-12.8-12.8h-22.4c-6.4 0-12.8 6.4-12.8 12.8v134.4c0 6.4 6.4 12.8 12.8 12.8zM496 400H48V80c0-8.84-7.16-16-16-16H16C7.16 64 0 71.16 0 80v336c0 17.67 14.33 32 32 32h464c8.84 0 16-7.16 16-16v-16c0-8.84-7.16-16-16-16zm-387.2-48h22.4c6.4 0 12.8-6.4 12.8-12.8v-70.4c0-6.4-6.4-12.8-12.8-12.8h-22.4c-6.4 0-12.8 6.4-12.8 12.8v70.4c0 6.4 6.4 12.8 12.8 12.8z\" class=\"\"><\/path><\/svg><\/i> <img loading=\"lazy\" decoding=\"async\" width=\"16\" height=\"16\" alt=\"Loading\" src=\"https:\/\/vocesdelacomuna15.com.ar\/wp-content\/plugins\/page-views-count\/ajax-loader-2x.gif\" border=0 \/><\/p><div class=\"pvc_clear\"><\/div>","protected":false},"excerpt":{"rendered":"<p>Gracias a un trabajo t\u00e9cnico sin precedentes en el pa\u00eds, los participantes de La Noche de la Educaci\u00f3n, el evento organizado por Argentinos por la Educaci\u00f3n, escucharon \u201cen vivo\u201d al gran pr\u00f3cer de la educaci\u00f3n, que los interpel\u00f3 a comprometerse por la alfabetizaci\u00f3n. Por primera vez se \u201crevive\u201d a una figura hist\u00f3rica con asistencia de [&hellip;]<\/p>\n<div class=\"pvc_clear\"><\/div>\n<p id=\"pvc_stats_61157\" class=\"pvc_stats all  \" data-element-id=\"61157\" style=\"\"><i class=\"pvc-stats-icon small\" aria-hidden=\"true\"><svg aria-hidden=\"true\" focusable=\"false\" data-prefix=\"far\" data-icon=\"chart-bar\" role=\"img\" xmlns=\"http:\/\/www.w3.org\/2000\/svg\" viewBox=\"0 0 512 512\" class=\"svg-inline--fa fa-chart-bar fa-w-16 fa-2x\"><path fill=\"currentColor\" d=\"M396.8 352h22.4c6.4 0 12.8-6.4 12.8-12.8V108.8c0-6.4-6.4-12.8-12.8-12.8h-22.4c-6.4 0-12.8 6.4-12.8 12.8v230.4c0 6.4 6.4 12.8 12.8 12.8zm-192 0h22.4c6.4 0 12.8-6.4 12.8-12.8V140.8c0-6.4-6.4-12.8-12.8-12.8h-22.4c-6.4 0-12.8 6.4-12.8 12.8v198.4c0 6.4 6.4 12.8 12.8 12.8zm96 0h22.4c6.4 0 12.8-6.4 12.8-12.8V204.8c0-6.4-6.4-12.8-12.8-12.8h-22.4c-6.4 0-12.8 6.4-12.8 12.8v134.4c0 6.4 6.4 12.8 12.8 12.8zM496 400H48V80c0-8.84-7.16-16-16-16H16C7.16 64 0 71.16 0 80v336c0 17.67 14.33 32 32 32h464c8.84 0 16-7.16 16-16v-16c0-8.84-7.16-16-16-16zm-387.2-48h22.4c6.4 0 12.8-6.4 12.8-12.8v-70.4c0-6.4-6.4-12.8-12.8-12.8h-22.4c-6.4 0-12.8 6.4-12.8 12.8v70.4c0 6.4 6.4 12.8 12.8 12.8z\" class=\"\"><\/path><\/svg><\/i> <img loading=\"lazy\" decoding=\"async\" width=\"16\" height=\"16\" alt=\"Loading\" src=\"https:\/\/vocesdelacomuna15.com.ar\/wp-content\/plugins\/page-views-count\/ajax-loader-2x.gif\" border=0 \/><\/p>\n<div class=\"pvc_clear\"><\/div>\n","protected":false},"author":2,"featured_media":61158,"comment_status":"open","ping_status":"open","sticky":false,"template":"","format":"standard","meta":{"_et_pb_use_builder":"off","_et_pb_old_content":"","_et_gb_content_width":"","footnotes":""},"categories":[8],"tags":[],"class_list":["post-61157","post","type-post","status-publish","format-standard","has-post-thumbnail","hentry","category-sociedad","et-has-post-format-content","et_post_format-et-post-format-standard"],"a3_pvc":{"activated":true,"total_views":244,"today_views":0},"yoast_head":"<!-- This site is optimized with the Yoast SEO plugin v27.5 - https:\/\/yoast.com\/product\/yoast-seo-wordpress\/ -->\n<title>La Noche de la Educaci\u00f3n: Por primera vez, recrean a Sarmiento con inteligencia artificial - Voces de la Comuna 15<\/title>\n<meta name=\"description\" content=\"Voces de la Comuna 15\" \/>\n<meta name=\"robots\" content=\"index, follow, max-snippet:-1, max-image-preview:large, max-video-preview:-1\" \/>\n<link rel=\"canonical\" href=\"https:\/\/vocesdelacomuna15.com.ar\/press\/la-noche-de-la-educacion-por-primera-vez-recrean-a-sarmiento-con-inteligencia-artificial\/\" \/>\n<meta property=\"og:locale\" content=\"es_ES\" \/>\n<meta property=\"og:type\" content=\"article\" \/>\n<meta property=\"og:title\" content=\"La Noche de la Educaci\u00f3n: Por primera vez, recrean a Sarmiento con inteligencia artificial - Voces de la Comuna 15\" \/>\n<meta property=\"og:description\" content=\"Voces de la Comuna 15\" \/>\n<meta property=\"og:url\" content=\"https:\/\/vocesdelacomuna15.com.ar\/press\/la-noche-de-la-educacion-por-primera-vez-recrean-a-sarmiento-con-inteligencia-artificial\/\" \/>\n<meta property=\"og:site_name\" content=\"Voces de la Comuna 15\" \/>\n<meta property=\"article:publisher\" content=\"https:\/\/www.facebook.com\/VocesComuna15\/\" \/>\n<meta property=\"article:published_time\" content=\"2023-09-14T21:24:08+00:00\" \/>\n<meta property=\"article:modified_time\" content=\"2023-09-14T21:24:10+00:00\" \/>\n<meta property=\"og:image\" content=\"https:\/\/vocesdelacomuna15.com.ar\/wp-content\/uploads\/2023\/09\/sarmiento.jpg\" \/>\n\t<meta property=\"og:image:width\" content=\"1200\" \/>\n\t<meta property=\"og:image:height\" content=\"800\" \/>\n\t<meta property=\"og:image:type\" content=\"image\/jpeg\" \/>\n<meta name=\"author\" content=\"Federico Arguto\" \/>\n<meta name=\"twitter:card\" content=\"summary_large_image\" \/>\n<meta name=\"twitter:creator\" content=\"@vocescomuna15\" \/>\n<meta name=\"twitter:site\" content=\"@vocescomuna15\" \/>\n<meta name=\"twitter:label1\" content=\"Escrito por\" \/>\n\t<meta name=\"twitter:data1\" content=\"Federico Arguto\" \/>\n\t<meta name=\"twitter:label2\" content=\"Tiempo de lectura\" \/>\n\t<meta name=\"twitter:data2\" content=\"4 minutos\" \/>\n<script type=\"application\/ld+json\" class=\"yoast-schema-graph\">{\"@context\":\"https:\\\/\\\/schema.org\",\"@graph\":[{\"@type\":\"Article\",\"@id\":\"https:\\\/\\\/vocesdelacomuna15.com.ar\\\/press\\\/la-noche-de-la-educacion-por-primera-vez-recrean-a-sarmiento-con-inteligencia-artificial\\\/#article\",\"isPartOf\":{\"@id\":\"https:\\\/\\\/vocesdelacomuna15.com.ar\\\/press\\\/la-noche-de-la-educacion-por-primera-vez-recrean-a-sarmiento-con-inteligencia-artificial\\\/\"},\"author\":{\"name\":\"Federico Arguto\",\"@id\":\"https:\\\/\\\/vocesdelacomuna15.com.ar\\\/press\\\/#\\\/schema\\\/person\\\/4739e109db25d799cd3d139eeb509e43\"},\"headline\":\"La Noche de la Educaci\u00f3n: Por primera vez, recrean a Sarmiento con inteligencia artificial\",\"datePublished\":\"2023-09-14T21:24:08+00:00\",\"dateModified\":\"2023-09-14T21:24:10+00:00\",\"mainEntityOfPage\":{\"@id\":\"https:\\\/\\\/vocesdelacomuna15.com.ar\\\/press\\\/la-noche-de-la-educacion-por-primera-vez-recrean-a-sarmiento-con-inteligencia-artificial\\\/\"},\"wordCount\":777,\"commentCount\":0,\"publisher\":{\"@id\":\"https:\\\/\\\/vocesdelacomuna15.com.ar\\\/press\\\/#organization\"},\"image\":{\"@id\":\"https:\\\/\\\/vocesdelacomuna15.com.ar\\\/press\\\/la-noche-de-la-educacion-por-primera-vez-recrean-a-sarmiento-con-inteligencia-artificial\\\/#primaryimage\"},\"thumbnailUrl\":\"https:\\\/\\\/vocesdelacomuna15.com.ar\\\/wp-content\\\/uploads\\\/2023\\\/09\\\/sarmiento.jpg\",\"articleSection\":[\"Sociedad\"],\"inLanguage\":\"es-AR\",\"potentialAction\":[{\"@type\":\"CommentAction\",\"name\":\"Comment\",\"target\":[\"https:\\\/\\\/vocesdelacomuna15.com.ar\\\/press\\\/la-noche-de-la-educacion-por-primera-vez-recrean-a-sarmiento-con-inteligencia-artificial\\\/#respond\"]}]},{\"@type\":\"WebPage\",\"@id\":\"https:\\\/\\\/vocesdelacomuna15.com.ar\\\/press\\\/la-noche-de-la-educacion-por-primera-vez-recrean-a-sarmiento-con-inteligencia-artificial\\\/\",\"url\":\"https:\\\/\\\/vocesdelacomuna15.com.ar\\\/press\\\/la-noche-de-la-educacion-por-primera-vez-recrean-a-sarmiento-con-inteligencia-artificial\\\/\",\"name\":\"La Noche de la Educaci\u00f3n: Por primera vez, recrean a Sarmiento con inteligencia artificial - Voces de la Comuna 15\",\"isPartOf\":{\"@id\":\"https:\\\/\\\/vocesdelacomuna15.com.ar\\\/press\\\/#website\"},\"primaryImageOfPage\":{\"@id\":\"https:\\\/\\\/vocesdelacomuna15.com.ar\\\/press\\\/la-noche-de-la-educacion-por-primera-vez-recrean-a-sarmiento-con-inteligencia-artificial\\\/#primaryimage\"},\"image\":{\"@id\":\"https:\\\/\\\/vocesdelacomuna15.com.ar\\\/press\\\/la-noche-de-la-educacion-por-primera-vez-recrean-a-sarmiento-con-inteligencia-artificial\\\/#primaryimage\"},\"thumbnailUrl\":\"https:\\\/\\\/vocesdelacomuna15.com.ar\\\/wp-content\\\/uploads\\\/2023\\\/09\\\/sarmiento.jpg\",\"datePublished\":\"2023-09-14T21:24:08+00:00\",\"dateModified\":\"2023-09-14T21:24:10+00:00\",\"description\":\"Voces de la Comuna 15\",\"breadcrumb\":{\"@id\":\"https:\\\/\\\/vocesdelacomuna15.com.ar\\\/press\\\/la-noche-de-la-educacion-por-primera-vez-recrean-a-sarmiento-con-inteligencia-artificial\\\/#breadcrumb\"},\"inLanguage\":\"es-AR\",\"potentialAction\":[{\"@type\":\"ReadAction\",\"target\":[\"https:\\\/\\\/vocesdelacomuna15.com.ar\\\/press\\\/la-noche-de-la-educacion-por-primera-vez-recrean-a-sarmiento-con-inteligencia-artificial\\\/\"]}]},{\"@type\":\"ImageObject\",\"inLanguage\":\"es-AR\",\"@id\":\"https:\\\/\\\/vocesdelacomuna15.com.ar\\\/press\\\/la-noche-de-la-educacion-por-primera-vez-recrean-a-sarmiento-con-inteligencia-artificial\\\/#primaryimage\",\"url\":\"https:\\\/\\\/vocesdelacomuna15.com.ar\\\/wp-content\\\/uploads\\\/2023\\\/09\\\/sarmiento.jpg\",\"contentUrl\":\"https:\\\/\\\/vocesdelacomuna15.com.ar\\\/wp-content\\\/uploads\\\/2023\\\/09\\\/sarmiento.jpg\",\"width\":1200,\"height\":800},{\"@type\":\"BreadcrumbList\",\"@id\":\"https:\\\/\\\/vocesdelacomuna15.com.ar\\\/press\\\/la-noche-de-la-educacion-por-primera-vez-recrean-a-sarmiento-con-inteligencia-artificial\\\/#breadcrumb\",\"itemListElement\":[{\"@type\":\"ListItem\",\"position\":1,\"name\":\"Inicio\",\"item\":\"https:\\\/\\\/vocesdelacomuna15.com.ar\\\/press\\\/\"},{\"@type\":\"ListItem\",\"position\":2,\"name\":\"La Noche de la Educaci\u00f3n: Por primera vez, recrean a Sarmiento con inteligencia artificial\"}]},{\"@type\":\"WebSite\",\"@id\":\"https:\\\/\\\/vocesdelacomuna15.com.ar\\\/press\\\/#website\",\"url\":\"https:\\\/\\\/vocesdelacomuna15.com.ar\\\/press\\\/\",\"name\":\"Voces de la Comuna 15\",\"description\":\"Sitio web de noticias\",\"publisher\":{\"@id\":\"https:\\\/\\\/vocesdelacomuna15.com.ar\\\/press\\\/#organization\"},\"potentialAction\":[{\"@type\":\"SearchAction\",\"target\":{\"@type\":\"EntryPoint\",\"urlTemplate\":\"https:\\\/\\\/vocesdelacomuna15.com.ar\\\/press\\\/?s={search_term_string}\"},\"query-input\":{\"@type\":\"PropertyValueSpecification\",\"valueRequired\":true,\"valueName\":\"search_term_string\"}}],\"inLanguage\":\"es-AR\"},{\"@type\":\"Organization\",\"@id\":\"https:\\\/\\\/vocesdelacomuna15.com.ar\\\/press\\\/#organization\",\"name\":\"Voces de la Comuna 15\",\"url\":\"https:\\\/\\\/vocesdelacomuna15.com.ar\\\/press\\\/\",\"logo\":{\"@type\":\"ImageObject\",\"inLanguage\":\"es-AR\",\"@id\":\"https:\\\/\\\/vocesdelacomuna15.com.ar\\\/press\\\/#\\\/schema\\\/logo\\\/image\\\/\",\"url\":\"https:\\\/\\\/vocesdelacomuna15.com.ar\\\/wp-content\\\/uploads\\\/2024\\\/12\\\/cropped-logo_voces.jpg\",\"contentUrl\":\"https:\\\/\\\/vocesdelacomuna15.com.ar\\\/wp-content\\\/uploads\\\/2024\\\/12\\\/cropped-logo_voces.jpg\",\"width\":512,\"height\":512,\"caption\":\"Voces de la Comuna 15\"},\"image\":{\"@id\":\"https:\\\/\\\/vocesdelacomuna15.com.ar\\\/press\\\/#\\\/schema\\\/logo\\\/image\\\/\"},\"sameAs\":[\"https:\\\/\\\/www.facebook.com\\\/VocesComuna15\\\/\",\"https:\\\/\\\/x.com\\\/vocescomuna15\"]},{\"@type\":\"Person\",\"@id\":\"https:\\\/\\\/vocesdelacomuna15.com.ar\\\/press\\\/#\\\/schema\\\/person\\\/4739e109db25d799cd3d139eeb509e43\",\"name\":\"Federico Arguto\",\"image\":{\"@type\":\"ImageObject\",\"inLanguage\":\"es-AR\",\"@id\":\"https:\\\/\\\/vocesdelacomuna15.com.ar\\\/wp-content\\\/litespeed\\\/avatar\\\/82faf979976f1bae889b8b71f8a0a7e5.jpg?ver=1777419741\",\"url\":\"https:\\\/\\\/vocesdelacomuna15.com.ar\\\/wp-content\\\/litespeed\\\/avatar\\\/82faf979976f1bae889b8b71f8a0a7e5.jpg?ver=1777419741\",\"contentUrl\":\"https:\\\/\\\/vocesdelacomuna15.com.ar\\\/wp-content\\\/litespeed\\\/avatar\\\/82faf979976f1bae889b8b71f8a0a7e5.jpg?ver=1777419741\",\"caption\":\"Federico Arguto\"},\"url\":\"https:\\\/\\\/vocesdelacomuna15.com.ar\\\/press\\\/author\\\/fede\\\/\"}]}<\/script>\n<!-- \/ Yoast SEO plugin. -->","yoast_head_json":{"title":"La Noche de la Educaci\u00f3n: Por primera vez, recrean a Sarmiento con inteligencia artificial - Voces de la Comuna 15","description":"Voces de la Comuna 15","robots":{"index":"index","follow":"follow","max-snippet":"max-snippet:-1","max-image-preview":"max-image-preview:large","max-video-preview":"max-video-preview:-1"},"canonical":"https:\/\/vocesdelacomuna15.com.ar\/press\/la-noche-de-la-educacion-por-primera-vez-recrean-a-sarmiento-con-inteligencia-artificial\/","og_locale":"es_ES","og_type":"article","og_title":"La Noche de la Educaci\u00f3n: Por primera vez, recrean a Sarmiento con inteligencia artificial - Voces de la Comuna 15","og_description":"Voces de la Comuna 15","og_url":"https:\/\/vocesdelacomuna15.com.ar\/press\/la-noche-de-la-educacion-por-primera-vez-recrean-a-sarmiento-con-inteligencia-artificial\/","og_site_name":"Voces de la Comuna 15","article_publisher":"https:\/\/www.facebook.com\/VocesComuna15\/","article_published_time":"2023-09-14T21:24:08+00:00","article_modified_time":"2023-09-14T21:24:10+00:00","og_image":[{"width":1200,"height":800,"url":"https:\/\/vocesdelacomuna15.com.ar\/wp-content\/uploads\/2023\/09\/sarmiento.jpg","type":"image\/jpeg"}],"author":"Federico Arguto","twitter_card":"summary_large_image","twitter_creator":"@vocescomuna15","twitter_site":"@vocescomuna15","twitter_misc":{"Escrito por":"Federico Arguto","Tiempo de lectura":"4 minutos"},"schema":{"@context":"https:\/\/schema.org","@graph":[{"@type":"Article","@id":"https:\/\/vocesdelacomuna15.com.ar\/press\/la-noche-de-la-educacion-por-primera-vez-recrean-a-sarmiento-con-inteligencia-artificial\/#article","isPartOf":{"@id":"https:\/\/vocesdelacomuna15.com.ar\/press\/la-noche-de-la-educacion-por-primera-vez-recrean-a-sarmiento-con-inteligencia-artificial\/"},"author":{"name":"Federico Arguto","@id":"https:\/\/vocesdelacomuna15.com.ar\/press\/#\/schema\/person\/4739e109db25d799cd3d139eeb509e43"},"headline":"La Noche de la Educaci\u00f3n: Por primera vez, recrean a Sarmiento con inteligencia artificial","datePublished":"2023-09-14T21:24:08+00:00","dateModified":"2023-09-14T21:24:10+00:00","mainEntityOfPage":{"@id":"https:\/\/vocesdelacomuna15.com.ar\/press\/la-noche-de-la-educacion-por-primera-vez-recrean-a-sarmiento-con-inteligencia-artificial\/"},"wordCount":777,"commentCount":0,"publisher":{"@id":"https:\/\/vocesdelacomuna15.com.ar\/press\/#organization"},"image":{"@id":"https:\/\/vocesdelacomuna15.com.ar\/press\/la-noche-de-la-educacion-por-primera-vez-recrean-a-sarmiento-con-inteligencia-artificial\/#primaryimage"},"thumbnailUrl":"https:\/\/vocesdelacomuna15.com.ar\/wp-content\/uploads\/2023\/09\/sarmiento.jpg","articleSection":["Sociedad"],"inLanguage":"es-AR","potentialAction":[{"@type":"CommentAction","name":"Comment","target":["https:\/\/vocesdelacomuna15.com.ar\/press\/la-noche-de-la-educacion-por-primera-vez-recrean-a-sarmiento-con-inteligencia-artificial\/#respond"]}]},{"@type":"WebPage","@id":"https:\/\/vocesdelacomuna15.com.ar\/press\/la-noche-de-la-educacion-por-primera-vez-recrean-a-sarmiento-con-inteligencia-artificial\/","url":"https:\/\/vocesdelacomuna15.com.ar\/press\/la-noche-de-la-educacion-por-primera-vez-recrean-a-sarmiento-con-inteligencia-artificial\/","name":"La Noche de la Educaci\u00f3n: Por primera vez, recrean a Sarmiento con inteligencia artificial - Voces de la Comuna 15","isPartOf":{"@id":"https:\/\/vocesdelacomuna15.com.ar\/press\/#website"},"primaryImageOfPage":{"@id":"https:\/\/vocesdelacomuna15.com.ar\/press\/la-noche-de-la-educacion-por-primera-vez-recrean-a-sarmiento-con-inteligencia-artificial\/#primaryimage"},"image":{"@id":"https:\/\/vocesdelacomuna15.com.ar\/press\/la-noche-de-la-educacion-por-primera-vez-recrean-a-sarmiento-con-inteligencia-artificial\/#primaryimage"},"thumbnailUrl":"https:\/\/vocesdelacomuna15.com.ar\/wp-content\/uploads\/2023\/09\/sarmiento.jpg","datePublished":"2023-09-14T21:24:08+00:00","dateModified":"2023-09-14T21:24:10+00:00","description":"Voces de la Comuna 15","breadcrumb":{"@id":"https:\/\/vocesdelacomuna15.com.ar\/press\/la-noche-de-la-educacion-por-primera-vez-recrean-a-sarmiento-con-inteligencia-artificial\/#breadcrumb"},"inLanguage":"es-AR","potentialAction":[{"@type":"ReadAction","target":["https:\/\/vocesdelacomuna15.com.ar\/press\/la-noche-de-la-educacion-por-primera-vez-recrean-a-sarmiento-con-inteligencia-artificial\/"]}]},{"@type":"ImageObject","inLanguage":"es-AR","@id":"https:\/\/vocesdelacomuna15.com.ar\/press\/la-noche-de-la-educacion-por-primera-vez-recrean-a-sarmiento-con-inteligencia-artificial\/#primaryimage","url":"https:\/\/vocesdelacomuna15.com.ar\/wp-content\/uploads\/2023\/09\/sarmiento.jpg","contentUrl":"https:\/\/vocesdelacomuna15.com.ar\/wp-content\/uploads\/2023\/09\/sarmiento.jpg","width":1200,"height":800},{"@type":"BreadcrumbList","@id":"https:\/\/vocesdelacomuna15.com.ar\/press\/la-noche-de-la-educacion-por-primera-vez-recrean-a-sarmiento-con-inteligencia-artificial\/#breadcrumb","itemListElement":[{"@type":"ListItem","position":1,"name":"Inicio","item":"https:\/\/vocesdelacomuna15.com.ar\/press\/"},{"@type":"ListItem","position":2,"name":"La Noche de la Educaci\u00f3n: Por primera vez, recrean a Sarmiento con inteligencia artificial"}]},{"@type":"WebSite","@id":"https:\/\/vocesdelacomuna15.com.ar\/press\/#website","url":"https:\/\/vocesdelacomuna15.com.ar\/press\/","name":"Voces de la Comuna 15","description":"Sitio web de noticias","publisher":{"@id":"https:\/\/vocesdelacomuna15.com.ar\/press\/#organization"},"potentialAction":[{"@type":"SearchAction","target":{"@type":"EntryPoint","urlTemplate":"https:\/\/vocesdelacomuna15.com.ar\/press\/?s={search_term_string}"},"query-input":{"@type":"PropertyValueSpecification","valueRequired":true,"valueName":"search_term_string"}}],"inLanguage":"es-AR"},{"@type":"Organization","@id":"https:\/\/vocesdelacomuna15.com.ar\/press\/#organization","name":"Voces de la Comuna 15","url":"https:\/\/vocesdelacomuna15.com.ar\/press\/","logo":{"@type":"ImageObject","inLanguage":"es-AR","@id":"https:\/\/vocesdelacomuna15.com.ar\/press\/#\/schema\/logo\/image\/","url":"https:\/\/vocesdelacomuna15.com.ar\/wp-content\/uploads\/2024\/12\/cropped-logo_voces.jpg","contentUrl":"https:\/\/vocesdelacomuna15.com.ar\/wp-content\/uploads\/2024\/12\/cropped-logo_voces.jpg","width":512,"height":512,"caption":"Voces de la Comuna 15"},"image":{"@id":"https:\/\/vocesdelacomuna15.com.ar\/press\/#\/schema\/logo\/image\/"},"sameAs":["https:\/\/www.facebook.com\/VocesComuna15\/","https:\/\/x.com\/vocescomuna15"]},{"@type":"Person","@id":"https:\/\/vocesdelacomuna15.com.ar\/press\/#\/schema\/person\/4739e109db25d799cd3d139eeb509e43","name":"Federico Arguto","image":{"@type":"ImageObject","inLanguage":"es-AR","@id":"https:\/\/vocesdelacomuna15.com.ar\/wp-content\/litespeed\/avatar\/82faf979976f1bae889b8b71f8a0a7e5.jpg?ver=1777419741","url":"https:\/\/vocesdelacomuna15.com.ar\/wp-content\/litespeed\/avatar\/82faf979976f1bae889b8b71f8a0a7e5.jpg?ver=1777419741","contentUrl":"https:\/\/vocesdelacomuna15.com.ar\/wp-content\/litespeed\/avatar\/82faf979976f1bae889b8b71f8a0a7e5.jpg?ver=1777419741","caption":"Federico Arguto"},"url":"https:\/\/vocesdelacomuna15.com.ar\/press\/author\/fede\/"}]}},"_links":{"self":[{"href":"https:\/\/vocesdelacomuna15.com.ar\/press\/wp-json\/wp\/v2\/posts\/61157","targetHints":{"allow":["GET"]}}],"collection":[{"href":"https:\/\/vocesdelacomuna15.com.ar\/press\/wp-json\/wp\/v2\/posts"}],"about":[{"href":"https:\/\/vocesdelacomuna15.com.ar\/press\/wp-json\/wp\/v2\/types\/post"}],"author":[{"embeddable":true,"href":"https:\/\/vocesdelacomuna15.com.ar\/press\/wp-json\/wp\/v2\/users\/2"}],"replies":[{"embeddable":true,"href":"https:\/\/vocesdelacomuna15.com.ar\/press\/wp-json\/wp\/v2\/comments?post=61157"}],"version-history":[{"count":1,"href":"https:\/\/vocesdelacomuna15.com.ar\/press\/wp-json\/wp\/v2\/posts\/61157\/revisions"}],"predecessor-version":[{"id":61159,"href":"https:\/\/vocesdelacomuna15.com.ar\/press\/wp-json\/wp\/v2\/posts\/61157\/revisions\/61159"}],"wp:featuredmedia":[{"embeddable":true,"href":"https:\/\/vocesdelacomuna15.com.ar\/press\/wp-json\/wp\/v2\/media\/61158"}],"wp:attachment":[{"href":"https:\/\/vocesdelacomuna15.com.ar\/press\/wp-json\/wp\/v2\/media?parent=61157"}],"wp:term":[{"taxonomy":"category","embeddable":true,"href":"https:\/\/vocesdelacomuna15.com.ar\/press\/wp-json\/wp\/v2\/categories?post=61157"},{"taxonomy":"post_tag","embeddable":true,"href":"https:\/\/vocesdelacomuna15.com.ar\/press\/wp-json\/wp\/v2\/tags?post=61157"}],"curies":[{"name":"wp","href":"https:\/\/api.w.org\/{rel}","templated":true}]}}