{"id":61154,"date":"2023-09-14T17:50:22","date_gmt":"2023-09-14T20:50:22","guid":{"rendered":"https:\/\/vocesdelacomuna15.com.ar\/?p=61154"},"modified":"2023-09-14T20:23:02","modified_gmt":"2023-09-14T23:23:02","slug":"la-asocacion-cultural-y-biblioteca-florencio-sanchez-acerca-la-posibilidad-de-realizar-tramites-publicos-en-tu-barrio","status":"publish","type":"post","link":"https:\/\/vocesdelacomuna15.com.ar\/press\/la-asocacion-cultural-y-biblioteca-florencio-sanchez-acerca-la-posibilidad-de-realizar-tramites-publicos-en-tu-barrio\/","title":{"rendered":"La Asocaci\u00f3n Cultural y Biblioteca Florencio S\u00e1nchez acerca la posibilidad de realizar tr\u00e1mites p\u00fablicos en tu barrio"},"content":{"rendered":"\n<p>Este viernes 15 de septiembre de 9 a 14 hs. en la plaza 24 de Setiembre, en Avenida San Mart\u00edn al 1200, barrio de Villa Crespo en su l\u00edmite con La Paternal, se podr\u00e1 renovar o sacar DNI y otros, con organizaci\u00f3n del Gobierno de la Ciudad<\/p>\n\n\n\n<p>La Asociaci\u00f3n Cultural y Biblioteca Florencio S\u00e1nchez (ex Becci\u00fa). del barrio de La Paternal te acerca la posibilidad de realizar tr\u00e1mites p\u00fablicos en la zona, con organizaci\u00f3n por el Gobierno de la Ciudad de Buenos Aires. Este viernes 15 de setiembre de 9 a 14 hs. en la plaza 24 de Septiembre, Avenida San Mart\u00edn al 1.200 y Apolinario Figueroa (Villa Crespo, en el l\u00edmite con La Paternal) podr\u00e1s renovar o sacar tu DNI y hacer otros tr\u00e1mites.<\/p>\n\n\n\n<p>Consultas <a href=\"https:\/\/buenosaires.gob.ar\/desarrollohumanoyhabitat\/elestadoentubarrio\">https:\/\/buenosaires.gob.ar\/desarrollohumanoyhabitat\/elestadoentubarrio<\/a><\/p>\n\n\n\n<p><a href=\"https:\/\/buenosaires.gob.ar\/tramites\/dni-nuevo-ejemplar\">https:\/\/buenosaires.gob.ar\/tramites\/dni-nuevo-ejemplar<\/a><\/p>\n\n\n\n<p>Turnos tambi\u00e9n en el 147 (Boti- WhatsApp 11 5050-0147)<\/p>\n<div class=\"pvc_clear\"><\/div><p id=\"pvc_stats_61154\" class=\"pvc_stats all  \" data-element-id=\"61154\" style=\"\"><i class=\"pvc-stats-icon small\" aria-hidden=\"true\"><svg aria-hidden=\"true\" focusable=\"false\" data-prefix=\"far\" data-icon=\"chart-bar\" role=\"img\" xmlns=\"http:\/\/www.w3.org\/2000\/svg\" viewBox=\"0 0 512 512\" class=\"svg-inline--fa fa-chart-bar fa-w-16 fa-2x\"><path fill=\"currentColor\" d=\"M396.8 352h22.4c6.4 0 12.8-6.4 12.8-12.8V108.8c0-6.4-6.4-12.8-12.8-12.8h-22.4c-6.4 0-12.8 6.4-12.8 12.8v230.4c0 6.4 6.4 12.8 12.8 12.8zm-192 0h22.4c6.4 0 12.8-6.4 12.8-12.8V140.8c0-6.4-6.4-12.8-12.8-12.8h-22.4c-6.4 0-12.8 6.4-12.8 12.8v198.4c0 6.4 6.4 12.8 12.8 12.8zm96 0h22.4c6.4 0 12.8-6.4 12.8-12.8V204.8c0-6.4-6.4-12.8-12.8-12.8h-22.4c-6.4 0-12.8 6.4-12.8 12.8v134.4c0 6.4 6.4 12.8 12.8 12.8zM496 400H48V80c0-8.84-7.16-16-16-16H16C7.16 64 0 71.16 0 80v336c0 17.67 14.33 32 32 32h464c8.84 0 16-7.16 16-16v-16c0-8.84-7.16-16-16-16zm-387.2-48h22.4c6.4 0 12.8-6.4 12.8-12.8v-70.4c0-6.4-6.4-12.8-12.8-12.8h-22.4c-6.4 0-12.8 6.4-12.8 12.8v70.4c0 6.4 6.4 12.8 12.8 12.8z\" class=\"\"><\/path><\/svg><\/i> <img loading=\"lazy\" decoding=\"async\" width=\"16\" height=\"16\" alt=\"Loading\" src=\"https:\/\/vocesdelacomuna15.com.ar\/wp-content\/plugins\/page-views-count\/ajax-loader-2x.gif\" border=0 \/><\/p><div class=\"pvc_clear\"><\/div>","protected":false},"excerpt":{"rendered":"<p>Este viernes 15 de septiembre de 9 a 14 hs. en la plaza 24 de Setiembre, en Avenida San Mart\u00edn al 1200, barrio de Villa Crespo en su l\u00edmite con La Paternal, se podr\u00e1 renovar o sacar DNI y otros, con organizaci\u00f3n del Gobierno de la Ciudad La Asociaci\u00f3n Cultural y Biblioteca Florencio S\u00e1nchez (ex [&hellip;]<\/p>\n<div class=\"pvc_clear\"><\/div>\n<p id=\"pvc_stats_61154\" class=\"pvc_stats all  \" data-element-id=\"61154\" style=\"\"><i class=\"pvc-stats-icon small\" aria-hidden=\"true\"><svg aria-hidden=\"true\" focusable=\"false\" data-prefix=\"far\" data-icon=\"chart-bar\" role=\"img\" xmlns=\"http:\/\/www.w3.org\/2000\/svg\" viewBox=\"0 0 512 512\" class=\"svg-inline--fa fa-chart-bar fa-w-16 fa-2x\"><path fill=\"currentColor\" d=\"M396.8 352h22.4c6.4 0 12.8-6.4 12.8-12.8V108.8c0-6.4-6.4-12.8-12.8-12.8h-22.4c-6.4 0-12.8 6.4-12.8 12.8v230.4c0 6.4 6.4 12.8 12.8 12.8zm-192 0h22.4c6.4 0 12.8-6.4 12.8-12.8V140.8c0-6.4-6.4-12.8-12.8-12.8h-22.4c-6.4 0-12.8 6.4-12.8 12.8v198.4c0 6.4 6.4 12.8 12.8 12.8zm96 0h22.4c6.4 0 12.8-6.4 12.8-12.8V204.8c0-6.4-6.4-12.8-12.8-12.8h-22.4c-6.4 0-12.8 6.4-12.8 12.8v134.4c0 6.4 6.4 12.8 12.8 12.8zM496 400H48V80c0-8.84-7.16-16-16-16H16C7.16 64 0 71.16 0 80v336c0 17.67 14.33 32 32 32h464c8.84 0 16-7.16 16-16v-16c0-8.84-7.16-16-16-16zm-387.2-48h22.4c6.4 0 12.8-6.4 12.8-12.8v-70.4c0-6.4-6.4-12.8-12.8-12.8h-22.4c-6.4 0-12.8 6.4-12.8 12.8v70.4c0 6.4 6.4 12.8 12.8 12.8z\" class=\"\"><\/path><\/svg><\/i> <img loading=\"lazy\" decoding=\"async\" width=\"16\" height=\"16\" alt=\"Loading\" src=\"https:\/\/vocesdelacomuna15.com.ar\/wp-content\/plugins\/page-views-count\/ajax-loader-2x.gif\" border=0 \/><\/p>\n<div class=\"pvc_clear\"><\/div>\n","protected":false},"author":2,"featured_media":61155,"comment_status":"open","ping_status":"open","sticky":false,"template":"","format":"standard","meta":{"_et_pb_use_builder":"off","_et_pb_old_content":"","_et_gb_content_width":"","footnotes":""},"categories":[29],"tags":[],"class_list":["post-61154","post","type-post","status-publish","format-standard","has-post-thumbnail","hentry","category-lapa","et-has-post-format-content","et_post_format-et-post-format-standard"],"a3_pvc":{"activated":true,"total_views":96,"today_views":0},"yoast_head":"<!-- This site is optimized with the Yoast SEO plugin v27.5 - https:\/\/yoast.com\/product\/yoast-seo-wordpress\/ -->\n<title>La Asocaci\u00f3n Cultural y Biblioteca Florencio S\u00e1nchez acerca la posibilidad de realizar tr\u00e1mites p\u00fablicos en tu barrio - Voces de la Comuna 15<\/title>\n<meta name=\"description\" content=\"Voces de la Comuna 15\" \/>\n<meta name=\"robots\" content=\"index, follow, max-snippet:-1, max-image-preview:large, max-video-preview:-1\" \/>\n<link rel=\"canonical\" href=\"https:\/\/vocesdelacomuna15.com.ar\/press\/la-asocacion-cultural-y-biblioteca-florencio-sanchez-acerca-la-posibilidad-de-realizar-tramites-publicos-en-tu-barrio\/\" \/>\n<meta property=\"og:locale\" content=\"es_ES\" \/>\n<meta property=\"og:type\" content=\"article\" \/>\n<meta property=\"og:title\" content=\"La Asocaci\u00f3n Cultural y Biblioteca Florencio S\u00e1nchez acerca la posibilidad de realizar tr\u00e1mites p\u00fablicos en tu barrio - Voces de la Comuna 15\" \/>\n<meta property=\"og:description\" content=\"Voces de la Comuna 15\" \/>\n<meta property=\"og:url\" content=\"https:\/\/vocesdelacomuna15.com.ar\/press\/la-asocacion-cultural-y-biblioteca-florencio-sanchez-acerca-la-posibilidad-de-realizar-tramites-publicos-en-tu-barrio\/\" \/>\n<meta property=\"og:site_name\" content=\"Voces de la Comuna 15\" \/>\n<meta property=\"article:publisher\" content=\"https:\/\/www.facebook.com\/VocesComuna15\/\" \/>\n<meta property=\"article:published_time\" content=\"2023-09-14T20:50:22+00:00\" \/>\n<meta property=\"article:modified_time\" content=\"2023-09-14T23:23:02+00:00\" \/>\n<meta property=\"og:image\" content=\"https:\/\/vocesdelacomuna15.com.ar\/wp-content\/uploads\/2023\/09\/estado.png\" \/>\n\t<meta property=\"og:image:width\" content=\"280\" \/>\n\t<meta property=\"og:image:height\" content=\"182\" \/>\n\t<meta property=\"og:image:type\" content=\"image\/png\" \/>\n<meta name=\"author\" content=\"Federico Arguto\" \/>\n<meta name=\"twitter:card\" content=\"summary_large_image\" \/>\n<meta name=\"twitter:creator\" content=\"@vocescomuna15\" \/>\n<meta name=\"twitter:site\" content=\"@vocescomuna15\" \/>\n<meta name=\"twitter:label1\" content=\"Escrito por\" \/>\n\t<meta name=\"twitter:data1\" content=\"Federico Arguto\" \/>\n\t<meta name=\"twitter:label2\" content=\"Tiempo de lectura\" \/>\n\t<meta name=\"twitter:data2\" content=\"1 minuto\" \/>\n<script type=\"application\/ld+json\" class=\"yoast-schema-graph\">{\"@context\":\"https:\\\/\\\/schema.org\",\"@graph\":[{\"@type\":\"Article\",\"@id\":\"https:\\\/\\\/vocesdelacomuna15.com.ar\\\/press\\\/la-asocacion-cultural-y-biblioteca-florencio-sanchez-acerca-la-posibilidad-de-realizar-tramites-publicos-en-tu-barrio\\\/#article\",\"isPartOf\":{\"@id\":\"https:\\\/\\\/vocesdelacomuna15.com.ar\\\/press\\\/la-asocacion-cultural-y-biblioteca-florencio-sanchez-acerca-la-posibilidad-de-realizar-tramites-publicos-en-tu-barrio\\\/\"},\"author\":{\"name\":\"Federico Arguto\",\"@id\":\"https:\\\/\\\/vocesdelacomuna15.com.ar\\\/press\\\/#\\\/schema\\\/person\\\/4739e109db25d799cd3d139eeb509e43\"},\"headline\":\"La Asocaci\u00f3n Cultural y Biblioteca Florencio S\u00e1nchez acerca la posibilidad de realizar tr\u00e1mites p\u00fablicos en tu barrio\",\"datePublished\":\"2023-09-14T20:50:22+00:00\",\"dateModified\":\"2023-09-14T23:23:02+00:00\",\"mainEntityOfPage\":{\"@id\":\"https:\\\/\\\/vocesdelacomuna15.com.ar\\\/press\\\/la-asocacion-cultural-y-biblioteca-florencio-sanchez-acerca-la-posibilidad-de-realizar-tramites-publicos-en-tu-barrio\\\/\"},\"wordCount\":169,\"commentCount\":0,\"publisher\":{\"@id\":\"https:\\\/\\\/vocesdelacomuna15.com.ar\\\/press\\\/#organization\"},\"image\":{\"@id\":\"https:\\\/\\\/vocesdelacomuna15.com.ar\\\/press\\\/la-asocacion-cultural-y-biblioteca-florencio-sanchez-acerca-la-posibilidad-de-realizar-tramites-publicos-en-tu-barrio\\\/#primaryimage\"},\"thumbnailUrl\":\"https:\\\/\\\/vocesdelacomuna15.com.ar\\\/wp-content\\\/uploads\\\/2023\\\/09\\\/estado.png\",\"articleSection\":[\"La Paternal\"],\"inLanguage\":\"es-AR\",\"potentialAction\":[{\"@type\":\"CommentAction\",\"name\":\"Comment\",\"target\":[\"https:\\\/\\\/vocesdelacomuna15.com.ar\\\/press\\\/la-asocacion-cultural-y-biblioteca-florencio-sanchez-acerca-la-posibilidad-de-realizar-tramites-publicos-en-tu-barrio\\\/#respond\"]}]},{\"@type\":\"WebPage\",\"@id\":\"https:\\\/\\\/vocesdelacomuna15.com.ar\\\/press\\\/la-asocacion-cultural-y-biblioteca-florencio-sanchez-acerca-la-posibilidad-de-realizar-tramites-publicos-en-tu-barrio\\\/\",\"url\":\"https:\\\/\\\/vocesdelacomuna15.com.ar\\\/press\\\/la-asocacion-cultural-y-biblioteca-florencio-sanchez-acerca-la-posibilidad-de-realizar-tramites-publicos-en-tu-barrio\\\/\",\"name\":\"La Asocaci\u00f3n Cultural y Biblioteca Florencio S\u00e1nchez acerca la posibilidad de realizar tr\u00e1mites p\u00fablicos en tu barrio - Voces de la Comuna 15\",\"isPartOf\":{\"@id\":\"https:\\\/\\\/vocesdelacomuna15.com.ar\\\/press\\\/#website\"},\"primaryImageOfPage\":{\"@id\":\"https:\\\/\\\/vocesdelacomuna15.com.ar\\\/press\\\/la-asocacion-cultural-y-biblioteca-florencio-sanchez-acerca-la-posibilidad-de-realizar-tramites-publicos-en-tu-barrio\\\/#primaryimage\"},\"image\":{\"@id\":\"https:\\\/\\\/vocesdelacomuna15.com.ar\\\/press\\\/la-asocacion-cultural-y-biblioteca-florencio-sanchez-acerca-la-posibilidad-de-realizar-tramites-publicos-en-tu-barrio\\\/#primaryimage\"},\"thumbnailUrl\":\"https:\\\/\\\/vocesdelacomuna15.com.ar\\\/wp-content\\\/uploads\\\/2023\\\/09\\\/estado.png\",\"datePublished\":\"2023-09-14T20:50:22+00:00\",\"dateModified\":\"2023-09-14T23:23:02+00:00\",\"description\":\"Voces de la Comuna 15\",\"breadcrumb\":{\"@id\":\"https:\\\/\\\/vocesdelacomuna15.com.ar\\\/press\\\/la-asocacion-cultural-y-biblioteca-florencio-sanchez-acerca-la-posibilidad-de-realizar-tramites-publicos-en-tu-barrio\\\/#breadcrumb\"},\"inLanguage\":\"es-AR\",\"potentialAction\":[{\"@type\":\"ReadAction\",\"target\":[\"https:\\\/\\\/vocesdelacomuna15.com.ar\\\/press\\\/la-asocacion-cultural-y-biblioteca-florencio-sanchez-acerca-la-posibilidad-de-realizar-tramites-publicos-en-tu-barrio\\\/\"]}]},{\"@type\":\"ImageObject\",\"inLanguage\":\"es-AR\",\"@id\":\"https:\\\/\\\/vocesdelacomuna15.com.ar\\\/press\\\/la-asocacion-cultural-y-biblioteca-florencio-sanchez-acerca-la-posibilidad-de-realizar-tramites-publicos-en-tu-barrio\\\/#primaryimage\",\"url\":\"https:\\\/\\\/vocesdelacomuna15.com.ar\\\/wp-content\\\/uploads\\\/2023\\\/09\\\/estado.png\",\"contentUrl\":\"https:\\\/\\\/vocesdelacomuna15.com.ar\\\/wp-content\\\/uploads\\\/2023\\\/09\\\/estado.png\",\"width\":280,\"height\":182},{\"@type\":\"BreadcrumbList\",\"@id\":\"https:\\\/\\\/vocesdelacomuna15.com.ar\\\/press\\\/la-asocacion-cultural-y-biblioteca-florencio-sanchez-acerca-la-posibilidad-de-realizar-tramites-publicos-en-tu-barrio\\\/#breadcrumb\",\"itemListElement\":[{\"@type\":\"ListItem\",\"position\":1,\"name\":\"Inicio\",\"item\":\"https:\\\/\\\/vocesdelacomuna15.com.ar\\\/press\\\/\"},{\"@type\":\"ListItem\",\"position\":2,\"name\":\"La Asocaci\u00f3n Cultural y Biblioteca Florencio S\u00e1nchez acerca la posibilidad de realizar tr\u00e1mites p\u00fablicos en tu barrio\"}]},{\"@type\":\"WebSite\",\"@id\":\"https:\\\/\\\/vocesdelacomuna15.com.ar\\\/press\\\/#website\",\"url\":\"https:\\\/\\\/vocesdelacomuna15.com.ar\\\/press\\\/\",\"name\":\"Voces de la Comuna 15\",\"description\":\"Sitio web de noticias\",\"publisher\":{\"@id\":\"https:\\\/\\\/vocesdelacomuna15.com.ar\\\/press\\\/#organization\"},\"potentialAction\":[{\"@type\":\"SearchAction\",\"target\":{\"@type\":\"EntryPoint\",\"urlTemplate\":\"https:\\\/\\\/vocesdelacomuna15.com.ar\\\/press\\\/?s={search_term_string}\"},\"query-input\":{\"@type\":\"PropertyValueSpecification\",\"valueRequired\":true,\"valueName\":\"search_term_string\"}}],\"inLanguage\":\"es-AR\"},{\"@type\":\"Organization\",\"@id\":\"https:\\\/\\\/vocesdelacomuna15.com.ar\\\/press\\\/#organization\",\"name\":\"Voces de la Comuna 15\",\"url\":\"https:\\\/\\\/vocesdelacomuna15.com.ar\\\/press\\\/\",\"logo\":{\"@type\":\"ImageObject\",\"inLanguage\":\"es-AR\",\"@id\":\"https:\\\/\\\/vocesdelacomuna15.com.ar\\\/press\\\/#\\\/schema\\\/logo\\\/image\\\/\",\"url\":\"https:\\\/\\\/vocesdelacomuna15.com.ar\\\/wp-content\\\/uploads\\\/2024\\\/12\\\/cropped-logo_voces.jpg\",\"contentUrl\":\"https:\\\/\\\/vocesdelacomuna15.com.ar\\\/wp-content\\\/uploads\\\/2024\\\/12\\\/cropped-logo_voces.jpg\",\"width\":512,\"height\":512,\"caption\":\"Voces de la Comuna 15\"},\"image\":{\"@id\":\"https:\\\/\\\/vocesdelacomuna15.com.ar\\\/press\\\/#\\\/schema\\\/logo\\\/image\\\/\"},\"sameAs\":[\"https:\\\/\\\/www.facebook.com\\\/VocesComuna15\\\/\",\"https:\\\/\\\/x.com\\\/vocescomuna15\"]},{\"@type\":\"Person\",\"@id\":\"https:\\\/\\\/vocesdelacomuna15.com.ar\\\/press\\\/#\\\/schema\\\/person\\\/4739e109db25d799cd3d139eeb509e43\",\"name\":\"Federico Arguto\",\"image\":{\"@type\":\"ImageObject\",\"inLanguage\":\"es-AR\",\"@id\":\"https:\\\/\\\/vocesdelacomuna15.com.ar\\\/wp-content\\\/litespeed\\\/avatar\\\/82faf979976f1bae889b8b71f8a0a7e5.jpg?ver=1777419741\",\"url\":\"https:\\\/\\\/vocesdelacomuna15.com.ar\\\/wp-content\\\/litespeed\\\/avatar\\\/82faf979976f1bae889b8b71f8a0a7e5.jpg?ver=1777419741\",\"contentUrl\":\"https:\\\/\\\/vocesdelacomuna15.com.ar\\\/wp-content\\\/litespeed\\\/avatar\\\/82faf979976f1bae889b8b71f8a0a7e5.jpg?ver=1777419741\",\"caption\":\"Federico Arguto\"},\"url\":\"https:\\\/\\\/vocesdelacomuna15.com.ar\\\/press\\\/author\\\/fede\\\/\"}]}<\/script>\n<!-- \/ Yoast SEO plugin. -->","yoast_head_json":{"title":"La Asocaci\u00f3n Cultural y Biblioteca Florencio S\u00e1nchez acerca la posibilidad de realizar tr\u00e1mites p\u00fablicos en tu barrio - Voces de la Comuna 15","description":"Voces de la Comuna 15","robots":{"index":"index","follow":"follow","max-snippet":"max-snippet:-1","max-image-preview":"max-image-preview:large","max-video-preview":"max-video-preview:-1"},"canonical":"https:\/\/vocesdelacomuna15.com.ar\/press\/la-asocacion-cultural-y-biblioteca-florencio-sanchez-acerca-la-posibilidad-de-realizar-tramites-publicos-en-tu-barrio\/","og_locale":"es_ES","og_type":"article","og_title":"La Asocaci\u00f3n Cultural y Biblioteca Florencio S\u00e1nchez acerca la posibilidad de realizar tr\u00e1mites p\u00fablicos en tu barrio - Voces de la Comuna 15","og_description":"Voces de la Comuna 15","og_url":"https:\/\/vocesdelacomuna15.com.ar\/press\/la-asocacion-cultural-y-biblioteca-florencio-sanchez-acerca-la-posibilidad-de-realizar-tramites-publicos-en-tu-barrio\/","og_site_name":"Voces de la Comuna 15","article_publisher":"https:\/\/www.facebook.com\/VocesComuna15\/","article_published_time":"2023-09-14T20:50:22+00:00","article_modified_time":"2023-09-14T23:23:02+00:00","og_image":[{"width":280,"height":182,"url":"https:\/\/vocesdelacomuna15.com.ar\/wp-content\/uploads\/2023\/09\/estado.png","type":"image\/png"}],"author":"Federico Arguto","twitter_card":"summary_large_image","twitter_creator":"@vocescomuna15","twitter_site":"@vocescomuna15","twitter_misc":{"Escrito por":"Federico Arguto","Tiempo de lectura":"1 minuto"},"schema":{"@context":"https:\/\/schema.org","@graph":[{"@type":"Article","@id":"https:\/\/vocesdelacomuna15.com.ar\/press\/la-asocacion-cultural-y-biblioteca-florencio-sanchez-acerca-la-posibilidad-de-realizar-tramites-publicos-en-tu-barrio\/#article","isPartOf":{"@id":"https:\/\/vocesdelacomuna15.com.ar\/press\/la-asocacion-cultural-y-biblioteca-florencio-sanchez-acerca-la-posibilidad-de-realizar-tramites-publicos-en-tu-barrio\/"},"author":{"name":"Federico Arguto","@id":"https:\/\/vocesdelacomuna15.com.ar\/press\/#\/schema\/person\/4739e109db25d799cd3d139eeb509e43"},"headline":"La Asocaci\u00f3n Cultural y Biblioteca Florencio S\u00e1nchez acerca la posibilidad de realizar tr\u00e1mites p\u00fablicos en tu barrio","datePublished":"2023-09-14T20:50:22+00:00","dateModified":"2023-09-14T23:23:02+00:00","mainEntityOfPage":{"@id":"https:\/\/vocesdelacomuna15.com.ar\/press\/la-asocacion-cultural-y-biblioteca-florencio-sanchez-acerca-la-posibilidad-de-realizar-tramites-publicos-en-tu-barrio\/"},"wordCount":169,"commentCount":0,"publisher":{"@id":"https:\/\/vocesdelacomuna15.com.ar\/press\/#organization"},"image":{"@id":"https:\/\/vocesdelacomuna15.com.ar\/press\/la-asocacion-cultural-y-biblioteca-florencio-sanchez-acerca-la-posibilidad-de-realizar-tramites-publicos-en-tu-barrio\/#primaryimage"},"thumbnailUrl":"https:\/\/vocesdelacomuna15.com.ar\/wp-content\/uploads\/2023\/09\/estado.png","articleSection":["La Paternal"],"inLanguage":"es-AR","potentialAction":[{"@type":"CommentAction","name":"Comment","target":["https:\/\/vocesdelacomuna15.com.ar\/press\/la-asocacion-cultural-y-biblioteca-florencio-sanchez-acerca-la-posibilidad-de-realizar-tramites-publicos-en-tu-barrio\/#respond"]}]},{"@type":"WebPage","@id":"https:\/\/vocesdelacomuna15.com.ar\/press\/la-asocacion-cultural-y-biblioteca-florencio-sanchez-acerca-la-posibilidad-de-realizar-tramites-publicos-en-tu-barrio\/","url":"https:\/\/vocesdelacomuna15.com.ar\/press\/la-asocacion-cultural-y-biblioteca-florencio-sanchez-acerca-la-posibilidad-de-realizar-tramites-publicos-en-tu-barrio\/","name":"La Asocaci\u00f3n Cultural y Biblioteca Florencio S\u00e1nchez acerca la posibilidad de realizar tr\u00e1mites p\u00fablicos en tu barrio - Voces de la Comuna 15","isPartOf":{"@id":"https:\/\/vocesdelacomuna15.com.ar\/press\/#website"},"primaryImageOfPage":{"@id":"https:\/\/vocesdelacomuna15.com.ar\/press\/la-asocacion-cultural-y-biblioteca-florencio-sanchez-acerca-la-posibilidad-de-realizar-tramites-publicos-en-tu-barrio\/#primaryimage"},"image":{"@id":"https:\/\/vocesdelacomuna15.com.ar\/press\/la-asocacion-cultural-y-biblioteca-florencio-sanchez-acerca-la-posibilidad-de-realizar-tramites-publicos-en-tu-barrio\/#primaryimage"},"thumbnailUrl":"https:\/\/vocesdelacomuna15.com.ar\/wp-content\/uploads\/2023\/09\/estado.png","datePublished":"2023-09-14T20:50:22+00:00","dateModified":"2023-09-14T23:23:02+00:00","description":"Voces de la Comuna 15","breadcrumb":{"@id":"https:\/\/vocesdelacomuna15.com.ar\/press\/la-asocacion-cultural-y-biblioteca-florencio-sanchez-acerca-la-posibilidad-de-realizar-tramites-publicos-en-tu-barrio\/#breadcrumb"},"inLanguage":"es-AR","potentialAction":[{"@type":"ReadAction","target":["https:\/\/vocesdelacomuna15.com.ar\/press\/la-asocacion-cultural-y-biblioteca-florencio-sanchez-acerca-la-posibilidad-de-realizar-tramites-publicos-en-tu-barrio\/"]}]},{"@type":"ImageObject","inLanguage":"es-AR","@id":"https:\/\/vocesdelacomuna15.com.ar\/press\/la-asocacion-cultural-y-biblioteca-florencio-sanchez-acerca-la-posibilidad-de-realizar-tramites-publicos-en-tu-barrio\/#primaryimage","url":"https:\/\/vocesdelacomuna15.com.ar\/wp-content\/uploads\/2023\/09\/estado.png","contentUrl":"https:\/\/vocesdelacomuna15.com.ar\/wp-content\/uploads\/2023\/09\/estado.png","width":280,"height":182},{"@type":"BreadcrumbList","@id":"https:\/\/vocesdelacomuna15.com.ar\/press\/la-asocacion-cultural-y-biblioteca-florencio-sanchez-acerca-la-posibilidad-de-realizar-tramites-publicos-en-tu-barrio\/#breadcrumb","itemListElement":[{"@type":"ListItem","position":1,"name":"Inicio","item":"https:\/\/vocesdelacomuna15.com.ar\/press\/"},{"@type":"ListItem","position":2,"name":"La Asocaci\u00f3n Cultural y Biblioteca Florencio S\u00e1nchez acerca la posibilidad de realizar tr\u00e1mites p\u00fablicos en tu barrio"}]},{"@type":"WebSite","@id":"https:\/\/vocesdelacomuna15.com.ar\/press\/#website","url":"https:\/\/vocesdelacomuna15.com.ar\/press\/","name":"Voces de la Comuna 15","description":"Sitio web de noticias","publisher":{"@id":"https:\/\/vocesdelacomuna15.com.ar\/press\/#organization"},"potentialAction":[{"@type":"SearchAction","target":{"@type":"EntryPoint","urlTemplate":"https:\/\/vocesdelacomuna15.com.ar\/press\/?s={search_term_string}"},"query-input":{"@type":"PropertyValueSpecification","valueRequired":true,"valueName":"search_term_string"}}],"inLanguage":"es-AR"},{"@type":"Organization","@id":"https:\/\/vocesdelacomuna15.com.ar\/press\/#organization","name":"Voces de la Comuna 15","url":"https:\/\/vocesdelacomuna15.com.ar\/press\/","logo":{"@type":"ImageObject","inLanguage":"es-AR","@id":"https:\/\/vocesdelacomuna15.com.ar\/press\/#\/schema\/logo\/image\/","url":"https:\/\/vocesdelacomuna15.com.ar\/wp-content\/uploads\/2024\/12\/cropped-logo_voces.jpg","contentUrl":"https:\/\/vocesdelacomuna15.com.ar\/wp-content\/uploads\/2024\/12\/cropped-logo_voces.jpg","width":512,"height":512,"caption":"Voces de la Comuna 15"},"image":{"@id":"https:\/\/vocesdelacomuna15.com.ar\/press\/#\/schema\/logo\/image\/"},"sameAs":["https:\/\/www.facebook.com\/VocesComuna15\/","https:\/\/x.com\/vocescomuna15"]},{"@type":"Person","@id":"https:\/\/vocesdelacomuna15.com.ar\/press\/#\/schema\/person\/4739e109db25d799cd3d139eeb509e43","name":"Federico Arguto","image":{"@type":"ImageObject","inLanguage":"es-AR","@id":"https:\/\/vocesdelacomuna15.com.ar\/wp-content\/litespeed\/avatar\/82faf979976f1bae889b8b71f8a0a7e5.jpg?ver=1777419741","url":"https:\/\/vocesdelacomuna15.com.ar\/wp-content\/litespeed\/avatar\/82faf979976f1bae889b8b71f8a0a7e5.jpg?ver=1777419741","contentUrl":"https:\/\/vocesdelacomuna15.com.ar\/wp-content\/litespeed\/avatar\/82faf979976f1bae889b8b71f8a0a7e5.jpg?ver=1777419741","caption":"Federico Arguto"},"url":"https:\/\/vocesdelacomuna15.com.ar\/press\/author\/fede\/"}]}},"_links":{"self":[{"href":"https:\/\/vocesdelacomuna15.com.ar\/press\/wp-json\/wp\/v2\/posts\/61154","targetHints":{"allow":["GET"]}}],"collection":[{"href":"https:\/\/vocesdelacomuna15.com.ar\/press\/wp-json\/wp\/v2\/posts"}],"about":[{"href":"https:\/\/vocesdelacomuna15.com.ar\/press\/wp-json\/wp\/v2\/types\/post"}],"author":[{"embeddable":true,"href":"https:\/\/vocesdelacomuna15.com.ar\/press\/wp-json\/wp\/v2\/users\/2"}],"replies":[{"embeddable":true,"href":"https:\/\/vocesdelacomuna15.com.ar\/press\/wp-json\/wp\/v2\/comments?post=61154"}],"version-history":[{"count":3,"href":"https:\/\/vocesdelacomuna15.com.ar\/press\/wp-json\/wp\/v2\/posts\/61154\/revisions"}],"predecessor-version":[{"id":61168,"href":"https:\/\/vocesdelacomuna15.com.ar\/press\/wp-json\/wp\/v2\/posts\/61154\/revisions\/61168"}],"wp:featuredmedia":[{"embeddable":true,"href":"https:\/\/vocesdelacomuna15.com.ar\/press\/wp-json\/wp\/v2\/media\/61155"}],"wp:attachment":[{"href":"https:\/\/vocesdelacomuna15.com.ar\/press\/wp-json\/wp\/v2\/media?parent=61154"}],"wp:term":[{"taxonomy":"category","embeddable":true,"href":"https:\/\/vocesdelacomuna15.com.ar\/press\/wp-json\/wp\/v2\/categories?post=61154"},{"taxonomy":"post_tag","embeddable":true,"href":"https:\/\/vocesdelacomuna15.com.ar\/press\/wp-json\/wp\/v2\/tags?post=61154"}],"curies":[{"name":"wp","href":"https:\/\/api.w.org\/{rel}","templated":true}]}}