{"id":61150,"date":"2023-09-14T17:01:31","date_gmt":"2023-09-14T20:01:31","guid":{"rendered":"https:\/\/vocesdelacomuna15.com.ar\/?p=61150"},"modified":"2023-09-14T17:02:29","modified_gmt":"2023-09-14T20:02:29","slug":"cultura-en-la-comuna-15-recomendaciones-para-el-fin-de-semana-27","status":"publish","type":"post","link":"https:\/\/vocesdelacomuna15.com.ar\/press\/cultura-en-la-comuna-15-recomendaciones-para-el-fin-de-semana-27\/","title":{"rendered":"Cultura en la Comuna 15: Recomendaciones para el fin de semana"},"content":{"rendered":"\n<p>Estas son las propuestas enviadas por el sitio <a href=\"agendacultural15.com\">Agenda Cultural 15<\/a> para Parque Chas, Chacarita y otros barrios porte\u00f1os<\/p>\n\n\n\n<p>Desde <a href=\"agendacultural15.com\">Agenda Cultural 15<\/a> te vamos a enviar, una vez por semana, distintas opciones para ver y disfrutar durante el finde. Esperamos que te guste!<\/p>\n\n\n\n<p>Nos pod\u00e9s seguir en nuestras redes sociales:<\/p>\n\n\n\n<p>IG y FB: @agendacultural15<\/p>\n\n\n\n<p><strong>\u201cDesde la luna\u201d en Espacio Callej\u00f3n<\/strong><\/p>\n\n\n\n<p>Los s\u00e1bados a las 17.30hs se presenta \u201cDesde la luna\u201d en Espacio Callej\u00f3n, Humahuaca 3759, en el barrio de Almagro.<\/p>\n\n\n\n<p>C\u00e9sar espera reencontrarse con la Colo, su antiguo amor a qui\u00e9n no volvi\u00f3 a ver desde que regres\u00f3 de la guerra, pero quien llega en su lugar es una extrovertida joven quien de a poco le ir\u00e1 haciendo entender el padecimiento que tambi\u00e9n sufrieron las mujeres de los combatientes durante y despu\u00e9s del conflicto b\u00e9lico. Cerca del final se revelar\u00e1 un secreto que har\u00e1 sistema con todo lo dicho y sucedido durante la obra.<\/p>\n\n\n\n<p>Autor\u00eda y Direcci\u00f3n: Pablo Iglesias<\/p>\n\n\n\n<p>Act\u00faan: Gisele Amantegui y H\u00e9ctor Segura<\/p>\n\n\n\n<p>Entrada $3500<\/p>\n\n\n\n<p>+info: <a href=\"https:\/\/agendacultural15.com\/desde-la-luna-en-espacio-callejon\/\">https:\/\/agendacultural15.com\/desde-la-luna-en-espacio-callejon\/<\/a><\/p>\n\n\n\n<p><strong>\u201dGaspet\u201d en La Carpinteria<\/strong><\/p>\n\n\n\n<p>Los viernes a las 20hs se presenta \u201cGaspet\u201d en La Carpinter\u00eda, Jean Jaures 858, en el Abasto.<\/p>\n\n\n\n<p>Un espect\u00e1culo que combina el teatro de m\u00e1scaras, el clown y la manipulaci\u00f3n de objetos. Un \u00fanico actor en escena interpreta a una variedad de personajes para abordar el mundo de un constructor de m\u00e1scaras, introducirnos en su oficio y dar vida a sus creaciones.<\/p>\n\n\n\n<p>El protagonista nos introduce en la vida de un viejo artesano, constructor de m\u00e1scaras. El p\u00fablico llega a su taller, y all\u00ed se adentrar\u00e1 en el fascinante y misterioso mundo de las m\u00e1scaras. Gaspet, el artesano, transmite al p\u00fablico algunos de los secretos que le llegaron a trav\u00e9s de las cuatro generaciones de su familia que lo precedieron en ese oficio. Gaspet talla, modela, pinta, retoca, lija. Reflexiona sobre esas vidas y personalidades que crea con sus manos.<\/p>\n\n\n\n<p>Autor\u00eda y Actuaci\u00f3n: Marcelo Katz<\/p>\n\n\n\n<p>Entrada $4000<\/p>\n\n\n\n<p>+info: <a href=\"https:\/\/agendacultural15.com\/gaspet-en-la-carpinteria\/\">https:\/\/agendacultural15.com\/gaspet-en-la-carpinteria\/<\/a><\/p>\n\n\n\n<p><strong>Festival QUIERO<\/strong><\/p>\n\n\n\n<p>El domingo de 13 a 18hs se desarrollar\u00e1 el Festival QUIERO en el Parque Los Andes, Av. Jorge Newbery y Av. Corrientes, en el barrio de Chacarita.<\/p>\n\n\n\n<p>Habr\u00e1 espect\u00e1culos musicales con DJ L\u00eda Ghara, Las Sobrinas de Mar\u00eda Elena, Celeste D\u00fao, Miloo Moya, El Choque Urbano y Bersuit Vergarabat.<\/p>\n\n\n\n<p>Entrada gratuita<\/p>\n\n\n\n<p>+info: <a href=\"https:\/\/agendacultural15.com\/festival-quiero\/\">https:\/\/agendacultural15.com\/festival-quiero\/<\/a><\/p>\n\n\n\n<p><strong>Infancias<\/strong><\/p>\n\n\n\n<p>Menjunje T\u00edteres en El Tr\u00e9bol<\/p>\n\n\n\n<p>El domingo a las 16hs Menjunje T\u00edteres presenta Marionetas Colibr\u00ed con su espect\u00e1culo \u201cEl peque\u00f1o circo m\u00e1s grande del mundo\u201d, desde C\u00f3rdoba al club El Tr\u00e9bol, G\u00e1ndara 2840, en el barrio de Parque Chas.<\/p>\n\n\n\n<p>Entrada a la gorra<\/p>\n\n\n\n<p>+info: <a href=\"https:\/\/agendacultural15.com\/menjunje-titeres-3\/\">https:\/\/agendacultural15.com\/menjunje-titeres-3\/<\/a><\/p>\n<div class=\"pvc_clear\"><\/div><p id=\"pvc_stats_61150\" class=\"pvc_stats all  \" data-element-id=\"61150\" style=\"\"><i class=\"pvc-stats-icon small\" aria-hidden=\"true\"><svg aria-hidden=\"true\" focusable=\"false\" data-prefix=\"far\" data-icon=\"chart-bar\" role=\"img\" xmlns=\"http:\/\/www.w3.org\/2000\/svg\" viewBox=\"0 0 512 512\" class=\"svg-inline--fa fa-chart-bar fa-w-16 fa-2x\"><path fill=\"currentColor\" d=\"M396.8 352h22.4c6.4 0 12.8-6.4 12.8-12.8V108.8c0-6.4-6.4-12.8-12.8-12.8h-22.4c-6.4 0-12.8 6.4-12.8 12.8v230.4c0 6.4 6.4 12.8 12.8 12.8zm-192 0h22.4c6.4 0 12.8-6.4 12.8-12.8V140.8c0-6.4-6.4-12.8-12.8-12.8h-22.4c-6.4 0-12.8 6.4-12.8 12.8v198.4c0 6.4 6.4 12.8 12.8 12.8zm96 0h22.4c6.4 0 12.8-6.4 12.8-12.8V204.8c0-6.4-6.4-12.8-12.8-12.8h-22.4c-6.4 0-12.8 6.4-12.8 12.8v134.4c0 6.4 6.4 12.8 12.8 12.8zM496 400H48V80c0-8.84-7.16-16-16-16H16C7.16 64 0 71.16 0 80v336c0 17.67 14.33 32 32 32h464c8.84 0 16-7.16 16-16v-16c0-8.84-7.16-16-16-16zm-387.2-48h22.4c6.4 0 12.8-6.4 12.8-12.8v-70.4c0-6.4-6.4-12.8-12.8-12.8h-22.4c-6.4 0-12.8 6.4-12.8 12.8v70.4c0 6.4 6.4 12.8 12.8 12.8z\" class=\"\"><\/path><\/svg><\/i> <img loading=\"lazy\" decoding=\"async\" width=\"16\" height=\"16\" alt=\"Loading\" src=\"https:\/\/vocesdelacomuna15.com.ar\/wp-content\/plugins\/page-views-count\/ajax-loader-2x.gif\" border=0 \/><\/p><div class=\"pvc_clear\"><\/div>","protected":false},"excerpt":{"rendered":"<p>Estas son las propuestas enviadas por el sitio Agenda Cultural 15 para Parque Chas, Chacarita y otros barrios porte\u00f1os Desde Agenda Cultural 15 te vamos a enviar, una vez por semana, distintas opciones para ver y disfrutar durante el finde. Esperamos que te guste! Nos pod\u00e9s seguir en nuestras redes sociales: IG y FB: @agendacultural15 [&hellip;]<\/p>\n<div class=\"pvc_clear\"><\/div>\n<p id=\"pvc_stats_61150\" class=\"pvc_stats all  \" data-element-id=\"61150\" style=\"\"><i class=\"pvc-stats-icon small\" aria-hidden=\"true\"><svg aria-hidden=\"true\" focusable=\"false\" data-prefix=\"far\" data-icon=\"chart-bar\" role=\"img\" xmlns=\"http:\/\/www.w3.org\/2000\/svg\" viewBox=\"0 0 512 512\" class=\"svg-inline--fa fa-chart-bar fa-w-16 fa-2x\"><path fill=\"currentColor\" d=\"M396.8 352h22.4c6.4 0 12.8-6.4 12.8-12.8V108.8c0-6.4-6.4-12.8-12.8-12.8h-22.4c-6.4 0-12.8 6.4-12.8 12.8v230.4c0 6.4 6.4 12.8 12.8 12.8zm-192 0h22.4c6.4 0 12.8-6.4 12.8-12.8V140.8c0-6.4-6.4-12.8-12.8-12.8h-22.4c-6.4 0-12.8 6.4-12.8 12.8v198.4c0 6.4 6.4 12.8 12.8 12.8zm96 0h22.4c6.4 0 12.8-6.4 12.8-12.8V204.8c0-6.4-6.4-12.8-12.8-12.8h-22.4c-6.4 0-12.8 6.4-12.8 12.8v134.4c0 6.4 6.4 12.8 12.8 12.8zM496 400H48V80c0-8.84-7.16-16-16-16H16C7.16 64 0 71.16 0 80v336c0 17.67 14.33 32 32 32h464c8.84 0 16-7.16 16-16v-16c0-8.84-7.16-16-16-16zm-387.2-48h22.4c6.4 0 12.8-6.4 12.8-12.8v-70.4c0-6.4-6.4-12.8-12.8-12.8h-22.4c-6.4 0-12.8 6.4-12.8 12.8v70.4c0 6.4 6.4 12.8 12.8 12.8z\" class=\"\"><\/path><\/svg><\/i> <img loading=\"lazy\" decoding=\"async\" width=\"16\" height=\"16\" alt=\"Loading\" src=\"https:\/\/vocesdelacomuna15.com.ar\/wp-content\/plugins\/page-views-count\/ajax-loader-2x.gif\" border=0 \/><\/p>\n<div class=\"pvc_clear\"><\/div>\n","protected":false},"author":2,"featured_media":61151,"comment_status":"open","ping_status":"open","sticky":false,"template":"","format":"standard","meta":{"_et_pb_use_builder":"off","_et_pb_old_content":"","_et_gb_content_width":"","footnotes":""},"categories":[23,24,30],"tags":[],"class_list":["post-61150","post","type-post","status-publish","format-standard","has-post-thumbnail","hentry","category-chacarita","category-cultura","category-pchas","et-has-post-format-content","et_post_format-et-post-format-standard"],"a3_pvc":{"activated":true,"total_views":37,"today_views":0},"yoast_head":"<!-- This site is optimized with the Yoast SEO plugin v27.5 - https:\/\/yoast.com\/product\/yoast-seo-wordpress\/ -->\n<title>Cultura en la Comuna 15: Recomendaciones para el fin de semana - Voces de la Comuna 15<\/title>\n<meta name=\"description\" content=\"Voces de la Comuna 15\" \/>\n<meta name=\"robots\" content=\"index, follow, max-snippet:-1, max-image-preview:large, max-video-preview:-1\" \/>\n<link rel=\"canonical\" href=\"https:\/\/vocesdelacomuna15.com.ar\/press\/cultura-en-la-comuna-15-recomendaciones-para-el-fin-de-semana-27\/\" \/>\n<meta property=\"og:locale\" content=\"es_ES\" \/>\n<meta property=\"og:type\" content=\"article\" \/>\n<meta property=\"og:title\" content=\"Cultura en la Comuna 15: Recomendaciones para el fin de semana - Voces de la Comuna 15\" \/>\n<meta property=\"og:description\" content=\"Voces de la Comuna 15\" \/>\n<meta property=\"og:url\" content=\"https:\/\/vocesdelacomuna15.com.ar\/press\/cultura-en-la-comuna-15-recomendaciones-para-el-fin-de-semana-27\/\" \/>\n<meta property=\"og:site_name\" content=\"Voces de la Comuna 15\" \/>\n<meta property=\"article:publisher\" content=\"https:\/\/www.facebook.com\/VocesComuna15\/\" \/>\n<meta property=\"article:published_time\" content=\"2023-09-14T20:01:31+00:00\" \/>\n<meta property=\"article:modified_time\" content=\"2023-09-14T20:02:29+00:00\" \/>\n<meta property=\"og:image\" content=\"https:\/\/vocesdelacomuna15.com.ar\/wp-content\/uploads\/2023\/09\/quierored.png\" \/>\n\t<meta property=\"og:image:width\" content=\"477\" \/>\n\t<meta property=\"og:image:height\" content=\"626\" \/>\n\t<meta property=\"og:image:type\" content=\"image\/png\" \/>\n<meta name=\"author\" content=\"Federico Arguto\" \/>\n<meta name=\"twitter:card\" content=\"summary_large_image\" \/>\n<meta name=\"twitter:creator\" content=\"@vocescomuna15\" \/>\n<meta name=\"twitter:site\" content=\"@vocescomuna15\" \/>\n<meta name=\"twitter:label1\" content=\"Escrito por\" \/>\n\t<meta name=\"twitter:data1\" content=\"Federico Arguto\" \/>\n\t<meta name=\"twitter:label2\" content=\"Tiempo de lectura\" \/>\n\t<meta name=\"twitter:data2\" content=\"2 minutos\" \/>\n<script type=\"application\/ld+json\" class=\"yoast-schema-graph\">{\"@context\":\"https:\\\/\\\/schema.org\",\"@graph\":[{\"@type\":\"Article\",\"@id\":\"https:\\\/\\\/vocesdelacomuna15.com.ar\\\/press\\\/cultura-en-la-comuna-15-recomendaciones-para-el-fin-de-semana-27\\\/#article\",\"isPartOf\":{\"@id\":\"https:\\\/\\\/vocesdelacomuna15.com.ar\\\/press\\\/cultura-en-la-comuna-15-recomendaciones-para-el-fin-de-semana-27\\\/\"},\"author\":{\"name\":\"Federico Arguto\",\"@id\":\"https:\\\/\\\/vocesdelacomuna15.com.ar\\\/press\\\/#\\\/schema\\\/person\\\/4739e109db25d799cd3d139eeb509e43\"},\"headline\":\"Cultura en la Comuna 15: Recomendaciones para el fin de semana\",\"datePublished\":\"2023-09-14T20:01:31+00:00\",\"dateModified\":\"2023-09-14T20:02:29+00:00\",\"mainEntityOfPage\":{\"@id\":\"https:\\\/\\\/vocesdelacomuna15.com.ar\\\/press\\\/cultura-en-la-comuna-15-recomendaciones-para-el-fin-de-semana-27\\\/\"},\"wordCount\":477,\"commentCount\":0,\"publisher\":{\"@id\":\"https:\\\/\\\/vocesdelacomuna15.com.ar\\\/press\\\/#organization\"},\"image\":{\"@id\":\"https:\\\/\\\/vocesdelacomuna15.com.ar\\\/press\\\/cultura-en-la-comuna-15-recomendaciones-para-el-fin-de-semana-27\\\/#primaryimage\"},\"thumbnailUrl\":\"https:\\\/\\\/vocesdelacomuna15.com.ar\\\/wp-content\\\/uploads\\\/2023\\\/09\\\/quierored.png\",\"articleSection\":[\"Chacarita\",\"Cultura\",\"Parque chas\"],\"inLanguage\":\"es-AR\",\"potentialAction\":[{\"@type\":\"CommentAction\",\"name\":\"Comment\",\"target\":[\"https:\\\/\\\/vocesdelacomuna15.com.ar\\\/press\\\/cultura-en-la-comuna-15-recomendaciones-para-el-fin-de-semana-27\\\/#respond\"]}]},{\"@type\":\"WebPage\",\"@id\":\"https:\\\/\\\/vocesdelacomuna15.com.ar\\\/press\\\/cultura-en-la-comuna-15-recomendaciones-para-el-fin-de-semana-27\\\/\",\"url\":\"https:\\\/\\\/vocesdelacomuna15.com.ar\\\/press\\\/cultura-en-la-comuna-15-recomendaciones-para-el-fin-de-semana-27\\\/\",\"name\":\"Cultura en la Comuna 15: Recomendaciones para el fin de semana - Voces de la Comuna 15\",\"isPartOf\":{\"@id\":\"https:\\\/\\\/vocesdelacomuna15.com.ar\\\/press\\\/#website\"},\"primaryImageOfPage\":{\"@id\":\"https:\\\/\\\/vocesdelacomuna15.com.ar\\\/press\\\/cultura-en-la-comuna-15-recomendaciones-para-el-fin-de-semana-27\\\/#primaryimage\"},\"image\":{\"@id\":\"https:\\\/\\\/vocesdelacomuna15.com.ar\\\/press\\\/cultura-en-la-comuna-15-recomendaciones-para-el-fin-de-semana-27\\\/#primaryimage\"},\"thumbnailUrl\":\"https:\\\/\\\/vocesdelacomuna15.com.ar\\\/wp-content\\\/uploads\\\/2023\\\/09\\\/quierored.png\",\"datePublished\":\"2023-09-14T20:01:31+00:00\",\"dateModified\":\"2023-09-14T20:02:29+00:00\",\"description\":\"Voces de la Comuna 15\",\"breadcrumb\":{\"@id\":\"https:\\\/\\\/vocesdelacomuna15.com.ar\\\/press\\\/cultura-en-la-comuna-15-recomendaciones-para-el-fin-de-semana-27\\\/#breadcrumb\"},\"inLanguage\":\"es-AR\",\"potentialAction\":[{\"@type\":\"ReadAction\",\"target\":[\"https:\\\/\\\/vocesdelacomuna15.com.ar\\\/press\\\/cultura-en-la-comuna-15-recomendaciones-para-el-fin-de-semana-27\\\/\"]}]},{\"@type\":\"ImageObject\",\"inLanguage\":\"es-AR\",\"@id\":\"https:\\\/\\\/vocesdelacomuna15.com.ar\\\/press\\\/cultura-en-la-comuna-15-recomendaciones-para-el-fin-de-semana-27\\\/#primaryimage\",\"url\":\"https:\\\/\\\/vocesdelacomuna15.com.ar\\\/wp-content\\\/uploads\\\/2023\\\/09\\\/quierored.png\",\"contentUrl\":\"https:\\\/\\\/vocesdelacomuna15.com.ar\\\/wp-content\\\/uploads\\\/2023\\\/09\\\/quierored.png\",\"width\":477,\"height\":626},{\"@type\":\"BreadcrumbList\",\"@id\":\"https:\\\/\\\/vocesdelacomuna15.com.ar\\\/press\\\/cultura-en-la-comuna-15-recomendaciones-para-el-fin-de-semana-27\\\/#breadcrumb\",\"itemListElement\":[{\"@type\":\"ListItem\",\"position\":1,\"name\":\"Inicio\",\"item\":\"https:\\\/\\\/vocesdelacomuna15.com.ar\\\/press\\\/\"},{\"@type\":\"ListItem\",\"position\":2,\"name\":\"Cultura en la Comuna 15: Recomendaciones para el fin de semana\"}]},{\"@type\":\"WebSite\",\"@id\":\"https:\\\/\\\/vocesdelacomuna15.com.ar\\\/press\\\/#website\",\"url\":\"https:\\\/\\\/vocesdelacomuna15.com.ar\\\/press\\\/\",\"name\":\"Voces de la Comuna 15\",\"description\":\"Sitio web de noticias\",\"publisher\":{\"@id\":\"https:\\\/\\\/vocesdelacomuna15.com.ar\\\/press\\\/#organization\"},\"potentialAction\":[{\"@type\":\"SearchAction\",\"target\":{\"@type\":\"EntryPoint\",\"urlTemplate\":\"https:\\\/\\\/vocesdelacomuna15.com.ar\\\/press\\\/?s={search_term_string}\"},\"query-input\":{\"@type\":\"PropertyValueSpecification\",\"valueRequired\":true,\"valueName\":\"search_term_string\"}}],\"inLanguage\":\"es-AR\"},{\"@type\":\"Organization\",\"@id\":\"https:\\\/\\\/vocesdelacomuna15.com.ar\\\/press\\\/#organization\",\"name\":\"Voces de la Comuna 15\",\"url\":\"https:\\\/\\\/vocesdelacomuna15.com.ar\\\/press\\\/\",\"logo\":{\"@type\":\"ImageObject\",\"inLanguage\":\"es-AR\",\"@id\":\"https:\\\/\\\/vocesdelacomuna15.com.ar\\\/press\\\/#\\\/schema\\\/logo\\\/image\\\/\",\"url\":\"https:\\\/\\\/vocesdelacomuna15.com.ar\\\/wp-content\\\/uploads\\\/2024\\\/12\\\/cropped-logo_voces.jpg\",\"contentUrl\":\"https:\\\/\\\/vocesdelacomuna15.com.ar\\\/wp-content\\\/uploads\\\/2024\\\/12\\\/cropped-logo_voces.jpg\",\"width\":512,\"height\":512,\"caption\":\"Voces de la Comuna 15\"},\"image\":{\"@id\":\"https:\\\/\\\/vocesdelacomuna15.com.ar\\\/press\\\/#\\\/schema\\\/logo\\\/image\\\/\"},\"sameAs\":[\"https:\\\/\\\/www.facebook.com\\\/VocesComuna15\\\/\",\"https:\\\/\\\/x.com\\\/vocescomuna15\"]},{\"@type\":\"Person\",\"@id\":\"https:\\\/\\\/vocesdelacomuna15.com.ar\\\/press\\\/#\\\/schema\\\/person\\\/4739e109db25d799cd3d139eeb509e43\",\"name\":\"Federico Arguto\",\"image\":{\"@type\":\"ImageObject\",\"inLanguage\":\"es-AR\",\"@id\":\"https:\\\/\\\/vocesdelacomuna15.com.ar\\\/wp-content\\\/litespeed\\\/avatar\\\/82faf979976f1bae889b8b71f8a0a7e5.jpg?ver=1777419741\",\"url\":\"https:\\\/\\\/vocesdelacomuna15.com.ar\\\/wp-content\\\/litespeed\\\/avatar\\\/82faf979976f1bae889b8b71f8a0a7e5.jpg?ver=1777419741\",\"contentUrl\":\"https:\\\/\\\/vocesdelacomuna15.com.ar\\\/wp-content\\\/litespeed\\\/avatar\\\/82faf979976f1bae889b8b71f8a0a7e5.jpg?ver=1777419741\",\"caption\":\"Federico Arguto\"},\"url\":\"https:\\\/\\\/vocesdelacomuna15.com.ar\\\/press\\\/author\\\/fede\\\/\"}]}<\/script>\n<!-- \/ Yoast SEO plugin. -->","yoast_head_json":{"title":"Cultura en la Comuna 15: Recomendaciones para el fin de semana - Voces de la Comuna 15","description":"Voces de la Comuna 15","robots":{"index":"index","follow":"follow","max-snippet":"max-snippet:-1","max-image-preview":"max-image-preview:large","max-video-preview":"max-video-preview:-1"},"canonical":"https:\/\/vocesdelacomuna15.com.ar\/press\/cultura-en-la-comuna-15-recomendaciones-para-el-fin-de-semana-27\/","og_locale":"es_ES","og_type":"article","og_title":"Cultura en la Comuna 15: Recomendaciones para el fin de semana - Voces de la Comuna 15","og_description":"Voces de la Comuna 15","og_url":"https:\/\/vocesdelacomuna15.com.ar\/press\/cultura-en-la-comuna-15-recomendaciones-para-el-fin-de-semana-27\/","og_site_name":"Voces de la Comuna 15","article_publisher":"https:\/\/www.facebook.com\/VocesComuna15\/","article_published_time":"2023-09-14T20:01:31+00:00","article_modified_time":"2023-09-14T20:02:29+00:00","og_image":[{"width":477,"height":626,"url":"https:\/\/vocesdelacomuna15.com.ar\/wp-content\/uploads\/2023\/09\/quierored.png","type":"image\/png"}],"author":"Federico Arguto","twitter_card":"summary_large_image","twitter_creator":"@vocescomuna15","twitter_site":"@vocescomuna15","twitter_misc":{"Escrito por":"Federico Arguto","Tiempo de lectura":"2 minutos"},"schema":{"@context":"https:\/\/schema.org","@graph":[{"@type":"Article","@id":"https:\/\/vocesdelacomuna15.com.ar\/press\/cultura-en-la-comuna-15-recomendaciones-para-el-fin-de-semana-27\/#article","isPartOf":{"@id":"https:\/\/vocesdelacomuna15.com.ar\/press\/cultura-en-la-comuna-15-recomendaciones-para-el-fin-de-semana-27\/"},"author":{"name":"Federico Arguto","@id":"https:\/\/vocesdelacomuna15.com.ar\/press\/#\/schema\/person\/4739e109db25d799cd3d139eeb509e43"},"headline":"Cultura en la Comuna 15: Recomendaciones para el fin de semana","datePublished":"2023-09-14T20:01:31+00:00","dateModified":"2023-09-14T20:02:29+00:00","mainEntityOfPage":{"@id":"https:\/\/vocesdelacomuna15.com.ar\/press\/cultura-en-la-comuna-15-recomendaciones-para-el-fin-de-semana-27\/"},"wordCount":477,"commentCount":0,"publisher":{"@id":"https:\/\/vocesdelacomuna15.com.ar\/press\/#organization"},"image":{"@id":"https:\/\/vocesdelacomuna15.com.ar\/press\/cultura-en-la-comuna-15-recomendaciones-para-el-fin-de-semana-27\/#primaryimage"},"thumbnailUrl":"https:\/\/vocesdelacomuna15.com.ar\/wp-content\/uploads\/2023\/09\/quierored.png","articleSection":["Chacarita","Cultura","Parque chas"],"inLanguage":"es-AR","potentialAction":[{"@type":"CommentAction","name":"Comment","target":["https:\/\/vocesdelacomuna15.com.ar\/press\/cultura-en-la-comuna-15-recomendaciones-para-el-fin-de-semana-27\/#respond"]}]},{"@type":"WebPage","@id":"https:\/\/vocesdelacomuna15.com.ar\/press\/cultura-en-la-comuna-15-recomendaciones-para-el-fin-de-semana-27\/","url":"https:\/\/vocesdelacomuna15.com.ar\/press\/cultura-en-la-comuna-15-recomendaciones-para-el-fin-de-semana-27\/","name":"Cultura en la Comuna 15: Recomendaciones para el fin de semana - Voces de la Comuna 15","isPartOf":{"@id":"https:\/\/vocesdelacomuna15.com.ar\/press\/#website"},"primaryImageOfPage":{"@id":"https:\/\/vocesdelacomuna15.com.ar\/press\/cultura-en-la-comuna-15-recomendaciones-para-el-fin-de-semana-27\/#primaryimage"},"image":{"@id":"https:\/\/vocesdelacomuna15.com.ar\/press\/cultura-en-la-comuna-15-recomendaciones-para-el-fin-de-semana-27\/#primaryimage"},"thumbnailUrl":"https:\/\/vocesdelacomuna15.com.ar\/wp-content\/uploads\/2023\/09\/quierored.png","datePublished":"2023-09-14T20:01:31+00:00","dateModified":"2023-09-14T20:02:29+00:00","description":"Voces de la Comuna 15","breadcrumb":{"@id":"https:\/\/vocesdelacomuna15.com.ar\/press\/cultura-en-la-comuna-15-recomendaciones-para-el-fin-de-semana-27\/#breadcrumb"},"inLanguage":"es-AR","potentialAction":[{"@type":"ReadAction","target":["https:\/\/vocesdelacomuna15.com.ar\/press\/cultura-en-la-comuna-15-recomendaciones-para-el-fin-de-semana-27\/"]}]},{"@type":"ImageObject","inLanguage":"es-AR","@id":"https:\/\/vocesdelacomuna15.com.ar\/press\/cultura-en-la-comuna-15-recomendaciones-para-el-fin-de-semana-27\/#primaryimage","url":"https:\/\/vocesdelacomuna15.com.ar\/wp-content\/uploads\/2023\/09\/quierored.png","contentUrl":"https:\/\/vocesdelacomuna15.com.ar\/wp-content\/uploads\/2023\/09\/quierored.png","width":477,"height":626},{"@type":"BreadcrumbList","@id":"https:\/\/vocesdelacomuna15.com.ar\/press\/cultura-en-la-comuna-15-recomendaciones-para-el-fin-de-semana-27\/#breadcrumb","itemListElement":[{"@type":"ListItem","position":1,"name":"Inicio","item":"https:\/\/vocesdelacomuna15.com.ar\/press\/"},{"@type":"ListItem","position":2,"name":"Cultura en la Comuna 15: Recomendaciones para el fin de semana"}]},{"@type":"WebSite","@id":"https:\/\/vocesdelacomuna15.com.ar\/press\/#website","url":"https:\/\/vocesdelacomuna15.com.ar\/press\/","name":"Voces de la Comuna 15","description":"Sitio web de noticias","publisher":{"@id":"https:\/\/vocesdelacomuna15.com.ar\/press\/#organization"},"potentialAction":[{"@type":"SearchAction","target":{"@type":"EntryPoint","urlTemplate":"https:\/\/vocesdelacomuna15.com.ar\/press\/?s={search_term_string}"},"query-input":{"@type":"PropertyValueSpecification","valueRequired":true,"valueName":"search_term_string"}}],"inLanguage":"es-AR"},{"@type":"Organization","@id":"https:\/\/vocesdelacomuna15.com.ar\/press\/#organization","name":"Voces de la Comuna 15","url":"https:\/\/vocesdelacomuna15.com.ar\/press\/","logo":{"@type":"ImageObject","inLanguage":"es-AR","@id":"https:\/\/vocesdelacomuna15.com.ar\/press\/#\/schema\/logo\/image\/","url":"https:\/\/vocesdelacomuna15.com.ar\/wp-content\/uploads\/2024\/12\/cropped-logo_voces.jpg","contentUrl":"https:\/\/vocesdelacomuna15.com.ar\/wp-content\/uploads\/2024\/12\/cropped-logo_voces.jpg","width":512,"height":512,"caption":"Voces de la Comuna 15"},"image":{"@id":"https:\/\/vocesdelacomuna15.com.ar\/press\/#\/schema\/logo\/image\/"},"sameAs":["https:\/\/www.facebook.com\/VocesComuna15\/","https:\/\/x.com\/vocescomuna15"]},{"@type":"Person","@id":"https:\/\/vocesdelacomuna15.com.ar\/press\/#\/schema\/person\/4739e109db25d799cd3d139eeb509e43","name":"Federico Arguto","image":{"@type":"ImageObject","inLanguage":"es-AR","@id":"https:\/\/vocesdelacomuna15.com.ar\/wp-content\/litespeed\/avatar\/82faf979976f1bae889b8b71f8a0a7e5.jpg?ver=1777419741","url":"https:\/\/vocesdelacomuna15.com.ar\/wp-content\/litespeed\/avatar\/82faf979976f1bae889b8b71f8a0a7e5.jpg?ver=1777419741","contentUrl":"https:\/\/vocesdelacomuna15.com.ar\/wp-content\/litespeed\/avatar\/82faf979976f1bae889b8b71f8a0a7e5.jpg?ver=1777419741","caption":"Federico Arguto"},"url":"https:\/\/vocesdelacomuna15.com.ar\/press\/author\/fede\/"}]}},"_links":{"self":[{"href":"https:\/\/vocesdelacomuna15.com.ar\/press\/wp-json\/wp\/v2\/posts\/61150","targetHints":{"allow":["GET"]}}],"collection":[{"href":"https:\/\/vocesdelacomuna15.com.ar\/press\/wp-json\/wp\/v2\/posts"}],"about":[{"href":"https:\/\/vocesdelacomuna15.com.ar\/press\/wp-json\/wp\/v2\/types\/post"}],"author":[{"embeddable":true,"href":"https:\/\/vocesdelacomuna15.com.ar\/press\/wp-json\/wp\/v2\/users\/2"}],"replies":[{"embeddable":true,"href":"https:\/\/vocesdelacomuna15.com.ar\/press\/wp-json\/wp\/v2\/comments?post=61150"}],"version-history":[{"count":2,"href":"https:\/\/vocesdelacomuna15.com.ar\/press\/wp-json\/wp\/v2\/posts\/61150\/revisions"}],"predecessor-version":[{"id":61153,"href":"https:\/\/vocesdelacomuna15.com.ar\/press\/wp-json\/wp\/v2\/posts\/61150\/revisions\/61153"}],"wp:featuredmedia":[{"embeddable":true,"href":"https:\/\/vocesdelacomuna15.com.ar\/press\/wp-json\/wp\/v2\/media\/61151"}],"wp:attachment":[{"href":"https:\/\/vocesdelacomuna15.com.ar\/press\/wp-json\/wp\/v2\/media?parent=61150"}],"wp:term":[{"taxonomy":"category","embeddable":true,"href":"https:\/\/vocesdelacomuna15.com.ar\/press\/wp-json\/wp\/v2\/categories?post=61150"},{"taxonomy":"post_tag","embeddable":true,"href":"https:\/\/vocesdelacomuna15.com.ar\/press\/wp-json\/wp\/v2\/tags?post=61150"}],"curies":[{"name":"wp","href":"https:\/\/api.w.org\/{rel}","templated":true}]}}