{"id":61137,"date":"2023-09-14T13:23:57","date_gmt":"2023-09-14T16:23:57","guid":{"rendered":"https:\/\/vocesdelacomuna15.com.ar\/?p=61137"},"modified":"2023-09-14T13:23:58","modified_gmt":"2023-09-14T16:23:58","slug":"el-salon-de-las-banderas-y-los-talleres-de-la-ciudad-estaran-presentes-en-la-noche-de-los-museos","status":"publish","type":"post","link":"https:\/\/vocesdelacomuna15.com.ar\/press\/el-salon-de-las-banderas-y-los-talleres-de-la-ciudad-estaran-presentes-en-la-noche-de-los-museos\/","title":{"rendered":"El Sal\u00f3n de las Banderas y los Talleres de la Ciudad estar\u00e1n presentes en la Noche de los Museos"},"content":{"rendered":"\n<p>El s\u00e1bado 23 de septiembre entre las 19 y las 23 horas se podr\u00e1 visitar el espacio situado en Dorrego 690, barrio de Chacarita<\/p>\n\n\n\n<p>La Noche de los Museos tendr\u00e1 lugar el s\u00e1bado 23 de septiembre y dentro de la Comuna 15, se podr\u00e1 visitar el Sal\u00f3n de las Banderas y conocer el funcionamiento de los Talleres de la Ciudad, en el barrio de Chacarita. Ya se defini\u00f3 el cronograma de actividades y se decidi\u00f3 qu\u00e9 se exhibir\u00e1 en la muestra permanente que all\u00ed funcionar\u00e1, informaci\u00f3n que se detalla en el flyer que acompa\u00f1a esta nota.<\/p>\n\n\n\n<p>A las 19 se presentar\u00e1n los coros &#8220;Orfe\u00f3n Patricios y Musicorum&#8221;, a las 19.30 habr\u00e1 folklore a cargo del Centro de Profesores de danzas folcl\u00f3ricas argentinas, a las 20 habr\u00e1 jazz y rock a cargo de &#8220;Quonk&#8221;, a las 21 estar\u00e1 la banda militar &#8220;Tambor de Tacuar\u00ed&#8221; y a las 21.30 habr\u00e1 tango, a cargo de la Escuela Superior &#8220;A\u00edda V. Mastrazzi&#8221;. En tanto, en la muestra permanente, se podr\u00e1 visitar el Sal\u00f3n de las Banderas, ver las muestras de carpinter\u00eda, herrer\u00eda, mantenimiento de relojes de la Ciudad, habr\u00e1 un taller participativo de confecci\u00f3n de banderas, juegos interactivos de seguridad vial, habr\u00e1 una exhibici\u00f3n de motores de la flota automotor, otra muestra de la artista pl\u00e1stica Cris Andino y presentaci\u00f3n de libros, a cargo de Luis Corradi; en lo que ser\u00e1 una exhibici\u00f3n para todas las edades.<\/p>\n\n\n\n<p>Participar\u00e1 formalmente en el evento a realizarse en este espacio, la Direcci\u00f3n General de Competencias Comunales y Talleres, dependiente de la Secretar\u00eda de Atenci\u00f3n Ciudadana y Gesti\u00f3n Comunal de la Ciudad. La mencionada direcci\u00f3n incluye tanto el Sal\u00f3n de las Banderas y el Taller de Banderas como talleres de carpinter\u00eda, herrer\u00eda, m\u00e1s otras gerencias que son de la direcci\u00f3n y otras que estar\u00e1n invitadas.<\/p>\n\n\n\n<p>Adem\u00e1s de las actividades propias del Sal\u00f3n de las Banderas y los Talleres de la Ciudad se mostrar\u00e1n en el evento actividades de otras \u00e1reas de gobierno, tales como las que se llevar\u00e1n a cabo para fomentar la concientizaci\u00f3n vial. <\/p>\n\n\n\n<p>Tambi\u00e9n se mostrar\u00e1n trabajos de la Direcci\u00f3n General de Competencias Comunales y Talleres, como rejas o bancos para las plazas de la Ciudad, seg\u00fan nos detall\u00f3 la Licenciada Jesica Dzembrowski, gerente operativa de Elaboraci\u00f3n Textil y Ornamentaciones del espacio ubicado en Dorrego 690.<\/p>\n\n\n\n<p><\/p>\n\n\n\n<p>SOBRE EL SAL\u00d3N DE LAS BANDERAS<\/p>\n\n\n\n<p>En el Sal\u00f3n de las Banderas, situado actualmente en Dorrego 690 (Chacarita) se recibe durante todo el a\u00f1o a grupos de estudiantes de escuelas y distintas instituciones, difundi\u00e9ndoles conocimientos hist\u00f3ricos sobre las banderas argentinas, de la regi\u00f3n y del mundo, as\u00ed como sus formas de confecci\u00f3n y sus historias.<\/p>\n\n\n\n<p>Paralelamente all\u00ed mismo funciona el Taller de Banderas (que a la vez nutre al sal\u00f3n), que fue creado en 1946, encarg\u00e1ndose de realizar emblemas patrios a trav\u00e9s de especialistas en vexilolog\u00eda y her\u00e1ldica, dise\u00f1o, estampado y costura. Se confeccionan en este taller, banderas para colegios, plazas e instituciones p\u00fablicas y otras para escenograf\u00edas en eventos o actos ceremoniales. Cabe destacar que las banderas oficiales se desarrollan respetando la reglamentaci\u00f3n estipulada por Ley, que determina los colores exactos, las proporciones, los tipos de tela y las caracter\u00edsticas que deben tenerse en cuenta en el proceso de confecci\u00f3n. Se elaboran tanto banderas argentinas, como de la Ciudad de Buenos Aires (tambi\u00e9n los caracter\u00edsticos emblemas de los barrios porte\u00f1os), y se hacen tambi\u00e9n otras a pedido para actos de ceremonial y protocolo, como insignias de otras provincias o pa\u00edses ante visitas de autoridades extranjeras.&nbsp;<\/p>\n<div class=\"pvc_clear\"><\/div><p id=\"pvc_stats_61137\" class=\"pvc_stats all  \" data-element-id=\"61137\" style=\"\"><i class=\"pvc-stats-icon small\" aria-hidden=\"true\"><svg aria-hidden=\"true\" focusable=\"false\" data-prefix=\"far\" data-icon=\"chart-bar\" role=\"img\" xmlns=\"http:\/\/www.w3.org\/2000\/svg\" viewBox=\"0 0 512 512\" class=\"svg-inline--fa fa-chart-bar fa-w-16 fa-2x\"><path fill=\"currentColor\" d=\"M396.8 352h22.4c6.4 0 12.8-6.4 12.8-12.8V108.8c0-6.4-6.4-12.8-12.8-12.8h-22.4c-6.4 0-12.8 6.4-12.8 12.8v230.4c0 6.4 6.4 12.8 12.8 12.8zm-192 0h22.4c6.4 0 12.8-6.4 12.8-12.8V140.8c0-6.4-6.4-12.8-12.8-12.8h-22.4c-6.4 0-12.8 6.4-12.8 12.8v198.4c0 6.4 6.4 12.8 12.8 12.8zm96 0h22.4c6.4 0 12.8-6.4 12.8-12.8V204.8c0-6.4-6.4-12.8-12.8-12.8h-22.4c-6.4 0-12.8 6.4-12.8 12.8v134.4c0 6.4 6.4 12.8 12.8 12.8zM496 400H48V80c0-8.84-7.16-16-16-16H16C7.16 64 0 71.16 0 80v336c0 17.67 14.33 32 32 32h464c8.84 0 16-7.16 16-16v-16c0-8.84-7.16-16-16-16zm-387.2-48h22.4c6.4 0 12.8-6.4 12.8-12.8v-70.4c0-6.4-6.4-12.8-12.8-12.8h-22.4c-6.4 0-12.8 6.4-12.8 12.8v70.4c0 6.4 6.4 12.8 12.8 12.8z\" class=\"\"><\/path><\/svg><\/i> <img loading=\"lazy\" decoding=\"async\" width=\"16\" height=\"16\" alt=\"Loading\" src=\"https:\/\/vocesdelacomuna15.com.ar\/wp-content\/plugins\/page-views-count\/ajax-loader-2x.gif\" border=0 \/><\/p><div class=\"pvc_clear\"><\/div>","protected":false},"excerpt":{"rendered":"<p>El s\u00e1bado 23 de septiembre entre las 19 y las 23 horas se podr\u00e1 visitar el espacio situado en Dorrego 690, barrio de Chacarita La Noche de los Museos tendr\u00e1 lugar el s\u00e1bado 23 de septiembre y dentro de la Comuna 15, se podr\u00e1 visitar el Sal\u00f3n de las Banderas y conocer el funcionamiento de [&hellip;]<\/p>\n<div class=\"pvc_clear\"><\/div>\n<p id=\"pvc_stats_61137\" class=\"pvc_stats all  \" data-element-id=\"61137\" style=\"\"><i class=\"pvc-stats-icon small\" aria-hidden=\"true\"><svg aria-hidden=\"true\" focusable=\"false\" data-prefix=\"far\" data-icon=\"chart-bar\" role=\"img\" xmlns=\"http:\/\/www.w3.org\/2000\/svg\" viewBox=\"0 0 512 512\" class=\"svg-inline--fa fa-chart-bar fa-w-16 fa-2x\"><path fill=\"currentColor\" d=\"M396.8 352h22.4c6.4 0 12.8-6.4 12.8-12.8V108.8c0-6.4-6.4-12.8-12.8-12.8h-22.4c-6.4 0-12.8 6.4-12.8 12.8v230.4c0 6.4 6.4 12.8 12.8 12.8zm-192 0h22.4c6.4 0 12.8-6.4 12.8-12.8V140.8c0-6.4-6.4-12.8-12.8-12.8h-22.4c-6.4 0-12.8 6.4-12.8 12.8v198.4c0 6.4 6.4 12.8 12.8 12.8zm96 0h22.4c6.4 0 12.8-6.4 12.8-12.8V204.8c0-6.4-6.4-12.8-12.8-12.8h-22.4c-6.4 0-12.8 6.4-12.8 12.8v134.4c0 6.4 6.4 12.8 12.8 12.8zM496 400H48V80c0-8.84-7.16-16-16-16H16C7.16 64 0 71.16 0 80v336c0 17.67 14.33 32 32 32h464c8.84 0 16-7.16 16-16v-16c0-8.84-7.16-16-16-16zm-387.2-48h22.4c6.4 0 12.8-6.4 12.8-12.8v-70.4c0-6.4-6.4-12.8-12.8-12.8h-22.4c-6.4 0-12.8 6.4-12.8 12.8v70.4c0 6.4 6.4 12.8 12.8 12.8z\" class=\"\"><\/path><\/svg><\/i> <img loading=\"lazy\" decoding=\"async\" width=\"16\" height=\"16\" alt=\"Loading\" src=\"https:\/\/vocesdelacomuna15.com.ar\/wp-content\/plugins\/page-views-count\/ajax-loader-2x.gif\" border=0 \/><\/p>\n<div class=\"pvc_clear\"><\/div>\n","protected":false},"author":2,"featured_media":61149,"comment_status":"open","ping_status":"open","sticky":false,"template":"","format":"standard","meta":{"_et_pb_use_builder":"off","_et_pb_old_content":"","_et_gb_content_width":"","footnotes":""},"categories":[23,24],"tags":[],"class_list":["post-61137","post","type-post","status-publish","format-standard","has-post-thumbnail","hentry","category-chacarita","category-cultura","et-has-post-format-content","et_post_format-et-post-format-standard"],"a3_pvc":{"activated":true,"total_views":462,"today_views":0},"yoast_head":"<!-- This site is optimized with the Yoast SEO plugin v27.5 - https:\/\/yoast.com\/product\/yoast-seo-wordpress\/ -->\n<title>El Sal\u00f3n de las Banderas y los Talleres de la Ciudad estar\u00e1n presentes en la Noche de los Museos - Voces de la Comuna 15<\/title>\n<meta name=\"description\" content=\"Voces de la Comuna 15\" \/>\n<meta name=\"robots\" content=\"index, follow, max-snippet:-1, max-image-preview:large, max-video-preview:-1\" \/>\n<link rel=\"canonical\" href=\"https:\/\/vocesdelacomuna15.com.ar\/press\/el-salon-de-las-banderas-y-los-talleres-de-la-ciudad-estaran-presentes-en-la-noche-de-los-museos\/\" \/>\n<meta property=\"og:locale\" content=\"es_ES\" \/>\n<meta property=\"og:type\" content=\"article\" \/>\n<meta property=\"og:title\" content=\"El Sal\u00f3n de las Banderas y los Talleres de la Ciudad estar\u00e1n presentes en la Noche de los Museos - Voces de la Comuna 15\" \/>\n<meta property=\"og:description\" content=\"Voces de la Comuna 15\" \/>\n<meta property=\"og:url\" content=\"https:\/\/vocesdelacomuna15.com.ar\/press\/el-salon-de-las-banderas-y-los-talleres-de-la-ciudad-estaran-presentes-en-la-noche-de-los-museos\/\" \/>\n<meta property=\"og:site_name\" content=\"Voces de la Comuna 15\" \/>\n<meta property=\"article:publisher\" content=\"https:\/\/www.facebook.com\/VocesComuna15\/\" \/>\n<meta property=\"article:published_time\" content=\"2023-09-14T16:23:57+00:00\" \/>\n<meta property=\"article:modified_time\" content=\"2023-09-14T16:23:58+00:00\" \/>\n<meta property=\"og:image\" content=\"https:\/\/vocesdelacomuna15.com.ar\/wp-content\/uploads\/2023\/09\/noche.jpg\" \/>\n\t<meta property=\"og:image:width\" content=\"640\" \/>\n\t<meta property=\"og:image:height\" content=\"640\" \/>\n\t<meta property=\"og:image:type\" content=\"image\/jpeg\" \/>\n<meta name=\"author\" content=\"Federico Arguto\" \/>\n<meta name=\"twitter:card\" content=\"summary_large_image\" \/>\n<meta name=\"twitter:creator\" content=\"@vocescomuna15\" \/>\n<meta name=\"twitter:site\" content=\"@vocescomuna15\" \/>\n<meta name=\"twitter:label1\" content=\"Escrito por\" \/>\n\t<meta name=\"twitter:data1\" content=\"Federico Arguto\" \/>\n\t<meta name=\"twitter:label2\" content=\"Tiempo de lectura\" \/>\n\t<meta name=\"twitter:data2\" content=\"3 minutos\" \/>\n<script type=\"application\/ld+json\" class=\"yoast-schema-graph\">{\"@context\":\"https:\\\/\\\/schema.org\",\"@graph\":[{\"@type\":\"Article\",\"@id\":\"https:\\\/\\\/vocesdelacomuna15.com.ar\\\/press\\\/el-salon-de-las-banderas-y-los-talleres-de-la-ciudad-estaran-presentes-en-la-noche-de-los-museos\\\/#article\",\"isPartOf\":{\"@id\":\"https:\\\/\\\/vocesdelacomuna15.com.ar\\\/press\\\/el-salon-de-las-banderas-y-los-talleres-de-la-ciudad-estaran-presentes-en-la-noche-de-los-museos\\\/\"},\"author\":{\"name\":\"Federico Arguto\",\"@id\":\"https:\\\/\\\/vocesdelacomuna15.com.ar\\\/press\\\/#\\\/schema\\\/person\\\/4739e109db25d799cd3d139eeb509e43\"},\"headline\":\"El Sal\u00f3n de las Banderas y los Talleres de la Ciudad estar\u00e1n presentes en la Noche de los Museos\",\"datePublished\":\"2023-09-14T16:23:57+00:00\",\"dateModified\":\"2023-09-14T16:23:58+00:00\",\"mainEntityOfPage\":{\"@id\":\"https:\\\/\\\/vocesdelacomuna15.com.ar\\\/press\\\/el-salon-de-las-banderas-y-los-talleres-de-la-ciudad-estaran-presentes-en-la-noche-de-los-museos\\\/\"},\"wordCount\":645,\"commentCount\":0,\"publisher\":{\"@id\":\"https:\\\/\\\/vocesdelacomuna15.com.ar\\\/press\\\/#organization\"},\"image\":{\"@id\":\"https:\\\/\\\/vocesdelacomuna15.com.ar\\\/press\\\/el-salon-de-las-banderas-y-los-talleres-de-la-ciudad-estaran-presentes-en-la-noche-de-los-museos\\\/#primaryimage\"},\"thumbnailUrl\":\"https:\\\/\\\/vocesdelacomuna15.com.ar\\\/wp-content\\\/uploads\\\/2023\\\/09\\\/noche.jpg\",\"articleSection\":[\"Chacarita\",\"Cultura\"],\"inLanguage\":\"es-AR\",\"potentialAction\":[{\"@type\":\"CommentAction\",\"name\":\"Comment\",\"target\":[\"https:\\\/\\\/vocesdelacomuna15.com.ar\\\/press\\\/el-salon-de-las-banderas-y-los-talleres-de-la-ciudad-estaran-presentes-en-la-noche-de-los-museos\\\/#respond\"]}]},{\"@type\":\"WebPage\",\"@id\":\"https:\\\/\\\/vocesdelacomuna15.com.ar\\\/press\\\/el-salon-de-las-banderas-y-los-talleres-de-la-ciudad-estaran-presentes-en-la-noche-de-los-museos\\\/\",\"url\":\"https:\\\/\\\/vocesdelacomuna15.com.ar\\\/press\\\/el-salon-de-las-banderas-y-los-talleres-de-la-ciudad-estaran-presentes-en-la-noche-de-los-museos\\\/\",\"name\":\"El Sal\u00f3n de las Banderas y los Talleres de la Ciudad estar\u00e1n presentes en la Noche de los Museos - Voces de la Comuna 15\",\"isPartOf\":{\"@id\":\"https:\\\/\\\/vocesdelacomuna15.com.ar\\\/press\\\/#website\"},\"primaryImageOfPage\":{\"@id\":\"https:\\\/\\\/vocesdelacomuna15.com.ar\\\/press\\\/el-salon-de-las-banderas-y-los-talleres-de-la-ciudad-estaran-presentes-en-la-noche-de-los-museos\\\/#primaryimage\"},\"image\":{\"@id\":\"https:\\\/\\\/vocesdelacomuna15.com.ar\\\/press\\\/el-salon-de-las-banderas-y-los-talleres-de-la-ciudad-estaran-presentes-en-la-noche-de-los-museos\\\/#primaryimage\"},\"thumbnailUrl\":\"https:\\\/\\\/vocesdelacomuna15.com.ar\\\/wp-content\\\/uploads\\\/2023\\\/09\\\/noche.jpg\",\"datePublished\":\"2023-09-14T16:23:57+00:00\",\"dateModified\":\"2023-09-14T16:23:58+00:00\",\"description\":\"Voces de la Comuna 15\",\"breadcrumb\":{\"@id\":\"https:\\\/\\\/vocesdelacomuna15.com.ar\\\/press\\\/el-salon-de-las-banderas-y-los-talleres-de-la-ciudad-estaran-presentes-en-la-noche-de-los-museos\\\/#breadcrumb\"},\"inLanguage\":\"es-AR\",\"potentialAction\":[{\"@type\":\"ReadAction\",\"target\":[\"https:\\\/\\\/vocesdelacomuna15.com.ar\\\/press\\\/el-salon-de-las-banderas-y-los-talleres-de-la-ciudad-estaran-presentes-en-la-noche-de-los-museos\\\/\"]}]},{\"@type\":\"ImageObject\",\"inLanguage\":\"es-AR\",\"@id\":\"https:\\\/\\\/vocesdelacomuna15.com.ar\\\/press\\\/el-salon-de-las-banderas-y-los-talleres-de-la-ciudad-estaran-presentes-en-la-noche-de-los-museos\\\/#primaryimage\",\"url\":\"https:\\\/\\\/vocesdelacomuna15.com.ar\\\/wp-content\\\/uploads\\\/2023\\\/09\\\/noche.jpg\",\"contentUrl\":\"https:\\\/\\\/vocesdelacomuna15.com.ar\\\/wp-content\\\/uploads\\\/2023\\\/09\\\/noche.jpg\",\"width\":640,\"height\":640},{\"@type\":\"BreadcrumbList\",\"@id\":\"https:\\\/\\\/vocesdelacomuna15.com.ar\\\/press\\\/el-salon-de-las-banderas-y-los-talleres-de-la-ciudad-estaran-presentes-en-la-noche-de-los-museos\\\/#breadcrumb\",\"itemListElement\":[{\"@type\":\"ListItem\",\"position\":1,\"name\":\"Inicio\",\"item\":\"https:\\\/\\\/vocesdelacomuna15.com.ar\\\/press\\\/\"},{\"@type\":\"ListItem\",\"position\":2,\"name\":\"El Sal\u00f3n de las Banderas y los Talleres de la Ciudad estar\u00e1n presentes en la Noche de los Museos\"}]},{\"@type\":\"WebSite\",\"@id\":\"https:\\\/\\\/vocesdelacomuna15.com.ar\\\/press\\\/#website\",\"url\":\"https:\\\/\\\/vocesdelacomuna15.com.ar\\\/press\\\/\",\"name\":\"Voces de la Comuna 15\",\"description\":\"Sitio web de noticias\",\"publisher\":{\"@id\":\"https:\\\/\\\/vocesdelacomuna15.com.ar\\\/press\\\/#organization\"},\"potentialAction\":[{\"@type\":\"SearchAction\",\"target\":{\"@type\":\"EntryPoint\",\"urlTemplate\":\"https:\\\/\\\/vocesdelacomuna15.com.ar\\\/press\\\/?s={search_term_string}\"},\"query-input\":{\"@type\":\"PropertyValueSpecification\",\"valueRequired\":true,\"valueName\":\"search_term_string\"}}],\"inLanguage\":\"es-AR\"},{\"@type\":\"Organization\",\"@id\":\"https:\\\/\\\/vocesdelacomuna15.com.ar\\\/press\\\/#organization\",\"name\":\"Voces de la Comuna 15\",\"url\":\"https:\\\/\\\/vocesdelacomuna15.com.ar\\\/press\\\/\",\"logo\":{\"@type\":\"ImageObject\",\"inLanguage\":\"es-AR\",\"@id\":\"https:\\\/\\\/vocesdelacomuna15.com.ar\\\/press\\\/#\\\/schema\\\/logo\\\/image\\\/\",\"url\":\"https:\\\/\\\/vocesdelacomuna15.com.ar\\\/wp-content\\\/uploads\\\/2024\\\/12\\\/cropped-logo_voces.jpg\",\"contentUrl\":\"https:\\\/\\\/vocesdelacomuna15.com.ar\\\/wp-content\\\/uploads\\\/2024\\\/12\\\/cropped-logo_voces.jpg\",\"width\":512,\"height\":512,\"caption\":\"Voces de la Comuna 15\"},\"image\":{\"@id\":\"https:\\\/\\\/vocesdelacomuna15.com.ar\\\/press\\\/#\\\/schema\\\/logo\\\/image\\\/\"},\"sameAs\":[\"https:\\\/\\\/www.facebook.com\\\/VocesComuna15\\\/\",\"https:\\\/\\\/x.com\\\/vocescomuna15\"]},{\"@type\":\"Person\",\"@id\":\"https:\\\/\\\/vocesdelacomuna15.com.ar\\\/press\\\/#\\\/schema\\\/person\\\/4739e109db25d799cd3d139eeb509e43\",\"name\":\"Federico Arguto\",\"image\":{\"@type\":\"ImageObject\",\"inLanguage\":\"es-AR\",\"@id\":\"https:\\\/\\\/vocesdelacomuna15.com.ar\\\/wp-content\\\/litespeed\\\/avatar\\\/82faf979976f1bae889b8b71f8a0a7e5.jpg?ver=1777419741\",\"url\":\"https:\\\/\\\/vocesdelacomuna15.com.ar\\\/wp-content\\\/litespeed\\\/avatar\\\/82faf979976f1bae889b8b71f8a0a7e5.jpg?ver=1777419741\",\"contentUrl\":\"https:\\\/\\\/vocesdelacomuna15.com.ar\\\/wp-content\\\/litespeed\\\/avatar\\\/82faf979976f1bae889b8b71f8a0a7e5.jpg?ver=1777419741\",\"caption\":\"Federico Arguto\"},\"url\":\"https:\\\/\\\/vocesdelacomuna15.com.ar\\\/press\\\/author\\\/fede\\\/\"}]}<\/script>\n<!-- \/ Yoast SEO plugin. -->","yoast_head_json":{"title":"El Sal\u00f3n de las Banderas y los Talleres de la Ciudad estar\u00e1n presentes en la Noche de los Museos - Voces de la Comuna 15","description":"Voces de la Comuna 15","robots":{"index":"index","follow":"follow","max-snippet":"max-snippet:-1","max-image-preview":"max-image-preview:large","max-video-preview":"max-video-preview:-1"},"canonical":"https:\/\/vocesdelacomuna15.com.ar\/press\/el-salon-de-las-banderas-y-los-talleres-de-la-ciudad-estaran-presentes-en-la-noche-de-los-museos\/","og_locale":"es_ES","og_type":"article","og_title":"El Sal\u00f3n de las Banderas y los Talleres de la Ciudad estar\u00e1n presentes en la Noche de los Museos - Voces de la Comuna 15","og_description":"Voces de la Comuna 15","og_url":"https:\/\/vocesdelacomuna15.com.ar\/press\/el-salon-de-las-banderas-y-los-talleres-de-la-ciudad-estaran-presentes-en-la-noche-de-los-museos\/","og_site_name":"Voces de la Comuna 15","article_publisher":"https:\/\/www.facebook.com\/VocesComuna15\/","article_published_time":"2023-09-14T16:23:57+00:00","article_modified_time":"2023-09-14T16:23:58+00:00","og_image":[{"width":640,"height":640,"url":"https:\/\/vocesdelacomuna15.com.ar\/wp-content\/uploads\/2023\/09\/noche.jpg","type":"image\/jpeg"}],"author":"Federico Arguto","twitter_card":"summary_large_image","twitter_creator":"@vocescomuna15","twitter_site":"@vocescomuna15","twitter_misc":{"Escrito por":"Federico Arguto","Tiempo de lectura":"3 minutos"},"schema":{"@context":"https:\/\/schema.org","@graph":[{"@type":"Article","@id":"https:\/\/vocesdelacomuna15.com.ar\/press\/el-salon-de-las-banderas-y-los-talleres-de-la-ciudad-estaran-presentes-en-la-noche-de-los-museos\/#article","isPartOf":{"@id":"https:\/\/vocesdelacomuna15.com.ar\/press\/el-salon-de-las-banderas-y-los-talleres-de-la-ciudad-estaran-presentes-en-la-noche-de-los-museos\/"},"author":{"name":"Federico Arguto","@id":"https:\/\/vocesdelacomuna15.com.ar\/press\/#\/schema\/person\/4739e109db25d799cd3d139eeb509e43"},"headline":"El Sal\u00f3n de las Banderas y los Talleres de la Ciudad estar\u00e1n presentes en la Noche de los Museos","datePublished":"2023-09-14T16:23:57+00:00","dateModified":"2023-09-14T16:23:58+00:00","mainEntityOfPage":{"@id":"https:\/\/vocesdelacomuna15.com.ar\/press\/el-salon-de-las-banderas-y-los-talleres-de-la-ciudad-estaran-presentes-en-la-noche-de-los-museos\/"},"wordCount":645,"commentCount":0,"publisher":{"@id":"https:\/\/vocesdelacomuna15.com.ar\/press\/#organization"},"image":{"@id":"https:\/\/vocesdelacomuna15.com.ar\/press\/el-salon-de-las-banderas-y-los-talleres-de-la-ciudad-estaran-presentes-en-la-noche-de-los-museos\/#primaryimage"},"thumbnailUrl":"https:\/\/vocesdelacomuna15.com.ar\/wp-content\/uploads\/2023\/09\/noche.jpg","articleSection":["Chacarita","Cultura"],"inLanguage":"es-AR","potentialAction":[{"@type":"CommentAction","name":"Comment","target":["https:\/\/vocesdelacomuna15.com.ar\/press\/el-salon-de-las-banderas-y-los-talleres-de-la-ciudad-estaran-presentes-en-la-noche-de-los-museos\/#respond"]}]},{"@type":"WebPage","@id":"https:\/\/vocesdelacomuna15.com.ar\/press\/el-salon-de-las-banderas-y-los-talleres-de-la-ciudad-estaran-presentes-en-la-noche-de-los-museos\/","url":"https:\/\/vocesdelacomuna15.com.ar\/press\/el-salon-de-las-banderas-y-los-talleres-de-la-ciudad-estaran-presentes-en-la-noche-de-los-museos\/","name":"El Sal\u00f3n de las Banderas y los Talleres de la Ciudad estar\u00e1n presentes en la Noche de los Museos - Voces de la Comuna 15","isPartOf":{"@id":"https:\/\/vocesdelacomuna15.com.ar\/press\/#website"},"primaryImageOfPage":{"@id":"https:\/\/vocesdelacomuna15.com.ar\/press\/el-salon-de-las-banderas-y-los-talleres-de-la-ciudad-estaran-presentes-en-la-noche-de-los-museos\/#primaryimage"},"image":{"@id":"https:\/\/vocesdelacomuna15.com.ar\/press\/el-salon-de-las-banderas-y-los-talleres-de-la-ciudad-estaran-presentes-en-la-noche-de-los-museos\/#primaryimage"},"thumbnailUrl":"https:\/\/vocesdelacomuna15.com.ar\/wp-content\/uploads\/2023\/09\/noche.jpg","datePublished":"2023-09-14T16:23:57+00:00","dateModified":"2023-09-14T16:23:58+00:00","description":"Voces de la Comuna 15","breadcrumb":{"@id":"https:\/\/vocesdelacomuna15.com.ar\/press\/el-salon-de-las-banderas-y-los-talleres-de-la-ciudad-estaran-presentes-en-la-noche-de-los-museos\/#breadcrumb"},"inLanguage":"es-AR","potentialAction":[{"@type":"ReadAction","target":["https:\/\/vocesdelacomuna15.com.ar\/press\/el-salon-de-las-banderas-y-los-talleres-de-la-ciudad-estaran-presentes-en-la-noche-de-los-museos\/"]}]},{"@type":"ImageObject","inLanguage":"es-AR","@id":"https:\/\/vocesdelacomuna15.com.ar\/press\/el-salon-de-las-banderas-y-los-talleres-de-la-ciudad-estaran-presentes-en-la-noche-de-los-museos\/#primaryimage","url":"https:\/\/vocesdelacomuna15.com.ar\/wp-content\/uploads\/2023\/09\/noche.jpg","contentUrl":"https:\/\/vocesdelacomuna15.com.ar\/wp-content\/uploads\/2023\/09\/noche.jpg","width":640,"height":640},{"@type":"BreadcrumbList","@id":"https:\/\/vocesdelacomuna15.com.ar\/press\/el-salon-de-las-banderas-y-los-talleres-de-la-ciudad-estaran-presentes-en-la-noche-de-los-museos\/#breadcrumb","itemListElement":[{"@type":"ListItem","position":1,"name":"Inicio","item":"https:\/\/vocesdelacomuna15.com.ar\/press\/"},{"@type":"ListItem","position":2,"name":"El Sal\u00f3n de las Banderas y los Talleres de la Ciudad estar\u00e1n presentes en la Noche de los Museos"}]},{"@type":"WebSite","@id":"https:\/\/vocesdelacomuna15.com.ar\/press\/#website","url":"https:\/\/vocesdelacomuna15.com.ar\/press\/","name":"Voces de la Comuna 15","description":"Sitio web de noticias","publisher":{"@id":"https:\/\/vocesdelacomuna15.com.ar\/press\/#organization"},"potentialAction":[{"@type":"SearchAction","target":{"@type":"EntryPoint","urlTemplate":"https:\/\/vocesdelacomuna15.com.ar\/press\/?s={search_term_string}"},"query-input":{"@type":"PropertyValueSpecification","valueRequired":true,"valueName":"search_term_string"}}],"inLanguage":"es-AR"},{"@type":"Organization","@id":"https:\/\/vocesdelacomuna15.com.ar\/press\/#organization","name":"Voces de la Comuna 15","url":"https:\/\/vocesdelacomuna15.com.ar\/press\/","logo":{"@type":"ImageObject","inLanguage":"es-AR","@id":"https:\/\/vocesdelacomuna15.com.ar\/press\/#\/schema\/logo\/image\/","url":"https:\/\/vocesdelacomuna15.com.ar\/wp-content\/uploads\/2024\/12\/cropped-logo_voces.jpg","contentUrl":"https:\/\/vocesdelacomuna15.com.ar\/wp-content\/uploads\/2024\/12\/cropped-logo_voces.jpg","width":512,"height":512,"caption":"Voces de la Comuna 15"},"image":{"@id":"https:\/\/vocesdelacomuna15.com.ar\/press\/#\/schema\/logo\/image\/"},"sameAs":["https:\/\/www.facebook.com\/VocesComuna15\/","https:\/\/x.com\/vocescomuna15"]},{"@type":"Person","@id":"https:\/\/vocesdelacomuna15.com.ar\/press\/#\/schema\/person\/4739e109db25d799cd3d139eeb509e43","name":"Federico Arguto","image":{"@type":"ImageObject","inLanguage":"es-AR","@id":"https:\/\/vocesdelacomuna15.com.ar\/wp-content\/litespeed\/avatar\/82faf979976f1bae889b8b71f8a0a7e5.jpg?ver=1777419741","url":"https:\/\/vocesdelacomuna15.com.ar\/wp-content\/litespeed\/avatar\/82faf979976f1bae889b8b71f8a0a7e5.jpg?ver=1777419741","contentUrl":"https:\/\/vocesdelacomuna15.com.ar\/wp-content\/litespeed\/avatar\/82faf979976f1bae889b8b71f8a0a7e5.jpg?ver=1777419741","caption":"Federico Arguto"},"url":"https:\/\/vocesdelacomuna15.com.ar\/press\/author\/fede\/"}]}},"_links":{"self":[{"href":"https:\/\/vocesdelacomuna15.com.ar\/press\/wp-json\/wp\/v2\/posts\/61137","targetHints":{"allow":["GET"]}}],"collection":[{"href":"https:\/\/vocesdelacomuna15.com.ar\/press\/wp-json\/wp\/v2\/posts"}],"about":[{"href":"https:\/\/vocesdelacomuna15.com.ar\/press\/wp-json\/wp\/v2\/types\/post"}],"author":[{"embeddable":true,"href":"https:\/\/vocesdelacomuna15.com.ar\/press\/wp-json\/wp\/v2\/users\/2"}],"replies":[{"embeddable":true,"href":"https:\/\/vocesdelacomuna15.com.ar\/press\/wp-json\/wp\/v2\/comments?post=61137"}],"version-history":[{"count":3,"href":"https:\/\/vocesdelacomuna15.com.ar\/press\/wp-json\/wp\/v2\/posts\/61137\/revisions"}],"predecessor-version":[{"id":61144,"href":"https:\/\/vocesdelacomuna15.com.ar\/press\/wp-json\/wp\/v2\/posts\/61137\/revisions\/61144"}],"wp:featuredmedia":[{"embeddable":true,"href":"https:\/\/vocesdelacomuna15.com.ar\/press\/wp-json\/wp\/v2\/media\/61149"}],"wp:attachment":[{"href":"https:\/\/vocesdelacomuna15.com.ar\/press\/wp-json\/wp\/v2\/media?parent=61137"}],"wp:term":[{"taxonomy":"category","embeddable":true,"href":"https:\/\/vocesdelacomuna15.com.ar\/press\/wp-json\/wp\/v2\/categories?post=61137"},{"taxonomy":"post_tag","embeddable":true,"href":"https:\/\/vocesdelacomuna15.com.ar\/press\/wp-json\/wp\/v2\/tags?post=61137"}],"curies":[{"name":"wp","href":"https:\/\/api.w.org\/{rel}","templated":true}]}}