{"id":61130,"date":"2023-09-13T12:05:17","date_gmt":"2023-09-13T15:05:17","guid":{"rendered":"https:\/\/vocesdelacomuna15.com.ar\/?p=61130"},"modified":"2023-09-13T12:05:19","modified_gmt":"2023-09-13T15:05:19","slug":"noche-de-los-museos-las-brujas-vuelven-a-circular-por-la-linea-a-de-subte-y-abre-el-laboratorio-patrimonial-centenera","status":"publish","type":"post","link":"https:\/\/vocesdelacomuna15.com.ar\/press\/noche-de-los-museos-las-brujas-vuelven-a-circular-por-la-linea-a-de-subte-y-abre-el-laboratorio-patrimonial-centenera\/","title":{"rendered":"Noche de los Museos: Las \u201cbrujas\u201d vuelven a circular por la L\u00ednea A de Subte y abre el Laboratorio Patrimonial Centenera"},"content":{"rendered":"\n<p>Ya est\u00e1 abierta la inscripci\u00f3n para participar del recorrido a bordo de los coches La Brugeoise entre las estaciones Per\u00fa y Acoyte. Tambi\u00e9n estar\u00e1 abierto el espacio del barrio de Caballito, para descubrir los secretos de la red. Fuente: Prensa SBASE<\/p>\n\n\n\n<p>Buenos Aires, 13 de septiembre de 2022.- En el marco de la Noche de los Museos, que se celebra el s\u00e1bado 23 de septiembre, Subterr\u00e1neos de Buenos Aires S.E. convoca a los vecinos y vecinas de la ciudad a participar de un sorteo para viajar en los cl\u00e1sicos coches La Brugeoise que corrieron durante casi 100 a\u00f1os por la L\u00ednea A.<\/p>\n\n\n\n<figure class=\"wp-block-image size-large\"><img loading=\"lazy\" decoding=\"async\" width=\"1024\" height=\"683\" src=\"https:\/\/vocesdelacomuna15.com.ar\/wp-content\/uploads\/2023\/09\/Conductor-La-Brugeoise-1024x683.jpg\" alt=\"\" class=\"wp-image-61132\" srcset=\"https:\/\/vocesdelacomuna15.com.ar\/wp-content\/uploads\/2023\/09\/Conductor-La-Brugeoise-1024x683.jpg 1024w, https:\/\/vocesdelacomuna15.com.ar\/wp-content\/uploads\/2023\/09\/Conductor-La-Brugeoise-300x200.jpg 300w, https:\/\/vocesdelacomuna15.com.ar\/wp-content\/uploads\/2023\/09\/Conductor-La-Brugeoise-768x512.jpg 768w, https:\/\/vocesdelacomuna15.com.ar\/wp-content\/uploads\/2023\/09\/Conductor-La-Brugeoise-1536x1024.jpg 1536w, https:\/\/vocesdelacomuna15.com.ar\/wp-content\/uploads\/2023\/09\/Conductor-La-Brugeoise-2048x1365.jpg 2048w, https:\/\/vocesdelacomuna15.com.ar\/wp-content\/uploads\/2023\/09\/Conductor-La-Brugeoise-1080x720.jpg 1080w\" sizes=\"(max-width: 1024px) 100vw, 1024px\" \/><\/figure>\n\n\n\n<p><a><\/a>Ser\u00e1n tres recorridos entre las estaciones Per\u00fa y Acoyte, de 40 minutos de duraci\u00f3n cada uno, durante los cuales una gu\u00eda de turismo contar\u00e1 la historia tanto de los coches como de los comienzos del subte. El primero de ellos comenzar\u00e1 a las 00.30 h del domingo 24 de septiembre, luego de finalizado el servicio habitual.<\/p>\n\n\n\n<p>Los y las interesadas en participar podr\u00e1n participar del sorteo completando el formulario en https:\/\/bit.ly\/paseohistorico o ingresando desde la cuenta de Instagram @BAsubte. Tienen tiempo para hacerlo hasta las 12 horas del lunes 18 de septiembre.<\/p>\n\n\n\n<figure class=\"wp-block-image size-large\"><img loading=\"lazy\" decoding=\"async\" width=\"1024\" height=\"683\" src=\"https:\/\/vocesdelacomuna15.com.ar\/wp-content\/uploads\/2023\/09\/Paseo-La-Brugeoise-1024x683.jpg\" alt=\"\" class=\"wp-image-61133\" srcset=\"https:\/\/vocesdelacomuna15.com.ar\/wp-content\/uploads\/2023\/09\/Paseo-La-Brugeoise-1024x683.jpg 1024w, https:\/\/vocesdelacomuna15.com.ar\/wp-content\/uploads\/2023\/09\/Paseo-La-Brugeoise-300x200.jpg 300w, https:\/\/vocesdelacomuna15.com.ar\/wp-content\/uploads\/2023\/09\/Paseo-La-Brugeoise-768x512.jpg 768w, https:\/\/vocesdelacomuna15.com.ar\/wp-content\/uploads\/2023\/09\/Paseo-La-Brugeoise-1536x1024.jpg 1536w, https:\/\/vocesdelacomuna15.com.ar\/wp-content\/uploads\/2023\/09\/Paseo-La-Brugeoise-2048x1365.jpg 2048w, https:\/\/vocesdelacomuna15.com.ar\/wp-content\/uploads\/2023\/09\/Paseo-La-Brugeoise-1080x720.jpg 1080w\" sizes=\"(max-width: 1024px) 100vw, 1024px\" \/><\/figure>\n\n\n\n<p>Al mismo tiempo, desde las 19 estar\u00e1 abierto el Laboratorio Patrimonial Centenera, un espacio construido en gran medida con materiales reciclados de la red, donde se podr\u00e1 conocer la historia del subte de Buenos Aires en un recorrido did\u00e1ctico que incluye distintos ejes tem\u00e1ticos: historia, taller y sustentabilidad.\u00a0Adem\u00e1s, habr\u00e1 un simulador que emula el recorrido de la L\u00ednea A, para que jueguen los m\u00e1s chicos.<\/p>\n\n\n\n<figure class=\"wp-block-image size-large\"><img loading=\"lazy\" decoding=\"async\" width=\"1024\" height=\"576\" src=\"https:\/\/vocesdelacomuna15.com.ar\/wp-content\/uploads\/2023\/09\/Laboratorio-Patrimonial-Centenera-1024x576.jpg\" alt=\"\" class=\"wp-image-61134\" srcset=\"https:\/\/vocesdelacomuna15.com.ar\/wp-content\/uploads\/2023\/09\/Laboratorio-Patrimonial-Centenera-1024x576.jpg 1024w, https:\/\/vocesdelacomuna15.com.ar\/wp-content\/uploads\/2023\/09\/Laboratorio-Patrimonial-Centenera-300x169.jpg 300w, https:\/\/vocesdelacomuna15.com.ar\/wp-content\/uploads\/2023\/09\/Laboratorio-Patrimonial-Centenera-768x432.jpg 768w, https:\/\/vocesdelacomuna15.com.ar\/wp-content\/uploads\/2023\/09\/Laboratorio-Patrimonial-Centenera-1536x864.jpg 1536w, https:\/\/vocesdelacomuna15.com.ar\/wp-content\/uploads\/2023\/09\/Laboratorio-Patrimonial-Centenera-2048x1152.jpg 2048w, https:\/\/vocesdelacomuna15.com.ar\/wp-content\/uploads\/2023\/09\/Laboratorio-Patrimonial-Centenera-1080x607.jpg 1080w\" sizes=\"(max-width: 1024px) 100vw, 1024px\" \/><\/figure>\n\n\n\n<p>Adem\u00e1s, como todos los a\u00f1os, el subte ser\u00e1 gratuito desde las 18 del s\u00e1bado 23, para permitir a los vecinos y vecinas participar de los diferentes espacios.<\/p>\n\n\n\n<p><a><\/a>Los coches La Brugeoise, declarados Patrimonio Cultural de la Ciudad de Buenos Aires, corr\u00edan por la L\u00ednea A, la primera l\u00ednea de subte en Latinoam\u00e9rica. Fue inaugurada el 1\u00b0 de diciembre de 1913, con un recorrido que un\u00eda Plaza de Mayo con la Plaza 11 de Septiembre (actualmente Plaza Miserere).<\/p>\n<div class=\"pvc_clear\"><\/div><p id=\"pvc_stats_61130\" class=\"pvc_stats all  \" data-element-id=\"61130\" style=\"\"><i class=\"pvc-stats-icon small\" aria-hidden=\"true\"><svg aria-hidden=\"true\" focusable=\"false\" data-prefix=\"far\" data-icon=\"chart-bar\" role=\"img\" xmlns=\"http:\/\/www.w3.org\/2000\/svg\" viewBox=\"0 0 512 512\" class=\"svg-inline--fa fa-chart-bar fa-w-16 fa-2x\"><path fill=\"currentColor\" d=\"M396.8 352h22.4c6.4 0 12.8-6.4 12.8-12.8V108.8c0-6.4-6.4-12.8-12.8-12.8h-22.4c-6.4 0-12.8 6.4-12.8 12.8v230.4c0 6.4 6.4 12.8 12.8 12.8zm-192 0h22.4c6.4 0 12.8-6.4 12.8-12.8V140.8c0-6.4-6.4-12.8-12.8-12.8h-22.4c-6.4 0-12.8 6.4-12.8 12.8v198.4c0 6.4 6.4 12.8 12.8 12.8zm96 0h22.4c6.4 0 12.8-6.4 12.8-12.8V204.8c0-6.4-6.4-12.8-12.8-12.8h-22.4c-6.4 0-12.8 6.4-12.8 12.8v134.4c0 6.4 6.4 12.8 12.8 12.8zM496 400H48V80c0-8.84-7.16-16-16-16H16C7.16 64 0 71.16 0 80v336c0 17.67 14.33 32 32 32h464c8.84 0 16-7.16 16-16v-16c0-8.84-7.16-16-16-16zm-387.2-48h22.4c6.4 0 12.8-6.4 12.8-12.8v-70.4c0-6.4-6.4-12.8-12.8-12.8h-22.4c-6.4 0-12.8 6.4-12.8 12.8v70.4c0 6.4 6.4 12.8 12.8 12.8z\" class=\"\"><\/path><\/svg><\/i> <img loading=\"lazy\" decoding=\"async\" width=\"16\" height=\"16\" alt=\"Loading\" src=\"https:\/\/vocesdelacomuna15.com.ar\/wp-content\/plugins\/page-views-count\/ajax-loader-2x.gif\" border=0 \/><\/p><div class=\"pvc_clear\"><\/div>","protected":false},"excerpt":{"rendered":"<p>Ya est\u00e1 abierta la inscripci\u00f3n para participar del recorrido a bordo de los coches La Brugeoise entre las estaciones Per\u00fa y Acoyte. Tambi\u00e9n estar\u00e1 abierto el espacio del barrio de Caballito, para descubrir los secretos de la red. Fuente: Prensa SBASE Buenos Aires, 13 de septiembre de 2022.- En el marco de la Noche de [&hellip;]<\/p>\n<div class=\"pvc_clear\"><\/div>\n<p id=\"pvc_stats_61130\" class=\"pvc_stats all  \" data-element-id=\"61130\" style=\"\"><i class=\"pvc-stats-icon small\" aria-hidden=\"true\"><svg aria-hidden=\"true\" focusable=\"false\" data-prefix=\"far\" data-icon=\"chart-bar\" role=\"img\" xmlns=\"http:\/\/www.w3.org\/2000\/svg\" viewBox=\"0 0 512 512\" class=\"svg-inline--fa fa-chart-bar fa-w-16 fa-2x\"><path fill=\"currentColor\" d=\"M396.8 352h22.4c6.4 0 12.8-6.4 12.8-12.8V108.8c0-6.4-6.4-12.8-12.8-12.8h-22.4c-6.4 0-12.8 6.4-12.8 12.8v230.4c0 6.4 6.4 12.8 12.8 12.8zm-192 0h22.4c6.4 0 12.8-6.4 12.8-12.8V140.8c0-6.4-6.4-12.8-12.8-12.8h-22.4c-6.4 0-12.8 6.4-12.8 12.8v198.4c0 6.4 6.4 12.8 12.8 12.8zm96 0h22.4c6.4 0 12.8-6.4 12.8-12.8V204.8c0-6.4-6.4-12.8-12.8-12.8h-22.4c-6.4 0-12.8 6.4-12.8 12.8v134.4c0 6.4 6.4 12.8 12.8 12.8zM496 400H48V80c0-8.84-7.16-16-16-16H16C7.16 64 0 71.16 0 80v336c0 17.67 14.33 32 32 32h464c8.84 0 16-7.16 16-16v-16c0-8.84-7.16-16-16-16zm-387.2-48h22.4c6.4 0 12.8-6.4 12.8-12.8v-70.4c0-6.4-6.4-12.8-12.8-12.8h-22.4c-6.4 0-12.8 6.4-12.8 12.8v70.4c0 6.4 6.4 12.8 12.8 12.8z\" class=\"\"><\/path><\/svg><\/i> <img loading=\"lazy\" decoding=\"async\" width=\"16\" height=\"16\" alt=\"Loading\" src=\"https:\/\/vocesdelacomuna15.com.ar\/wp-content\/plugins\/page-views-count\/ajax-loader-2x.gif\" border=0 \/><\/p>\n<div class=\"pvc_clear\"><\/div>\n","protected":false},"author":2,"featured_media":61131,"comment_status":"open","ping_status":"open","sticky":false,"template":"","format":"standard","meta":{"_et_pb_use_builder":"off","_et_pb_old_content":"","_et_gb_content_width":"","footnotes":""},"categories":[8],"tags":[],"class_list":["post-61130","post","type-post","status-publish","format-standard","has-post-thumbnail","hentry","category-sociedad","et-has-post-format-content","et_post_format-et-post-format-standard"],"a3_pvc":{"activated":true,"total_views":149,"today_views":0},"yoast_head":"<!-- This site is optimized with the Yoast SEO plugin v27.5 - https:\/\/yoast.com\/product\/yoast-seo-wordpress\/ -->\n<title>Noche de los Museos: Las \u201cbrujas\u201d vuelven a circular por la L\u00ednea A de Subte y abre el Laboratorio Patrimonial Centenera - Voces de la Comuna 15<\/title>\n<meta name=\"description\" content=\"Voces de la Comuna 15\" \/>\n<meta name=\"robots\" content=\"index, follow, max-snippet:-1, max-image-preview:large, max-video-preview:-1\" \/>\n<link rel=\"canonical\" href=\"https:\/\/vocesdelacomuna15.com.ar\/press\/noche-de-los-museos-las-brujas-vuelven-a-circular-por-la-linea-a-de-subte-y-abre-el-laboratorio-patrimonial-centenera\/\" \/>\n<meta property=\"og:locale\" content=\"es_ES\" \/>\n<meta property=\"og:type\" content=\"article\" \/>\n<meta property=\"og:title\" content=\"Noche de los Museos: Las \u201cbrujas\u201d vuelven a circular por la L\u00ednea A de Subte y abre el Laboratorio Patrimonial Centenera - Voces de la Comuna 15\" \/>\n<meta property=\"og:description\" content=\"Voces de la Comuna 15\" \/>\n<meta property=\"og:url\" content=\"https:\/\/vocesdelacomuna15.com.ar\/press\/noche-de-los-museos-las-brujas-vuelven-a-circular-por-la-linea-a-de-subte-y-abre-el-laboratorio-patrimonial-centenera\/\" \/>\n<meta property=\"og:site_name\" content=\"Voces de la Comuna 15\" \/>\n<meta property=\"article:publisher\" content=\"https:\/\/www.facebook.com\/VocesComuna15\/\" \/>\n<meta property=\"article:published_time\" content=\"2023-09-13T15:05:17+00:00\" \/>\n<meta property=\"article:modified_time\" content=\"2023-09-13T15:05:19+00:00\" \/>\n<meta property=\"og:image\" content=\"https:\/\/vocesdelacomuna15.com.ar\/wp-content\/uploads\/2023\/09\/La-Brugeoise-scaled.jpg\" \/>\n\t<meta property=\"og:image:width\" content=\"2560\" \/>\n\t<meta property=\"og:image:height\" content=\"1707\" \/>\n\t<meta property=\"og:image:type\" content=\"image\/jpeg\" \/>\n<meta name=\"author\" content=\"Federico Arguto\" \/>\n<meta name=\"twitter:card\" content=\"summary_large_image\" \/>\n<meta name=\"twitter:creator\" content=\"@vocescomuna15\" \/>\n<meta name=\"twitter:site\" content=\"@vocescomuna15\" \/>\n<meta name=\"twitter:label1\" content=\"Escrito por\" \/>\n\t<meta name=\"twitter:data1\" content=\"Federico Arguto\" \/>\n\t<meta name=\"twitter:label2\" content=\"Tiempo de lectura\" \/>\n\t<meta name=\"twitter:data2\" content=\"2 minutos\" \/>\n<script type=\"application\/ld+json\" class=\"yoast-schema-graph\">{\"@context\":\"https:\\\/\\\/schema.org\",\"@graph\":[{\"@type\":\"Article\",\"@id\":\"https:\\\/\\\/vocesdelacomuna15.com.ar\\\/press\\\/noche-de-los-museos-las-brujas-vuelven-a-circular-por-la-linea-a-de-subte-y-abre-el-laboratorio-patrimonial-centenera\\\/#article\",\"isPartOf\":{\"@id\":\"https:\\\/\\\/vocesdelacomuna15.com.ar\\\/press\\\/noche-de-los-museos-las-brujas-vuelven-a-circular-por-la-linea-a-de-subte-y-abre-el-laboratorio-patrimonial-centenera\\\/\"},\"author\":{\"name\":\"Federico Arguto\",\"@id\":\"https:\\\/\\\/vocesdelacomuna15.com.ar\\\/press\\\/#\\\/schema\\\/person\\\/4739e109db25d799cd3d139eeb509e43\"},\"headline\":\"Noche de los Museos: Las \u201cbrujas\u201d vuelven a circular por la L\u00ednea A de Subte y abre el Laboratorio Patrimonial Centenera\",\"datePublished\":\"2023-09-13T15:05:17+00:00\",\"dateModified\":\"2023-09-13T15:05:19+00:00\",\"mainEntityOfPage\":{\"@id\":\"https:\\\/\\\/vocesdelacomuna15.com.ar\\\/press\\\/noche-de-los-museos-las-brujas-vuelven-a-circular-por-la-linea-a-de-subte-y-abre-el-laboratorio-patrimonial-centenera\\\/\"},\"wordCount\":373,\"commentCount\":0,\"publisher\":{\"@id\":\"https:\\\/\\\/vocesdelacomuna15.com.ar\\\/press\\\/#organization\"},\"image\":{\"@id\":\"https:\\\/\\\/vocesdelacomuna15.com.ar\\\/press\\\/noche-de-los-museos-las-brujas-vuelven-a-circular-por-la-linea-a-de-subte-y-abre-el-laboratorio-patrimonial-centenera\\\/#primaryimage\"},\"thumbnailUrl\":\"https:\\\/\\\/vocesdelacomuna15.com.ar\\\/wp-content\\\/uploads\\\/2023\\\/09\\\/La-Brugeoise-scaled.jpg\",\"articleSection\":[\"Sociedad\"],\"inLanguage\":\"es-AR\",\"potentialAction\":[{\"@type\":\"CommentAction\",\"name\":\"Comment\",\"target\":[\"https:\\\/\\\/vocesdelacomuna15.com.ar\\\/press\\\/noche-de-los-museos-las-brujas-vuelven-a-circular-por-la-linea-a-de-subte-y-abre-el-laboratorio-patrimonial-centenera\\\/#respond\"]}]},{\"@type\":\"WebPage\",\"@id\":\"https:\\\/\\\/vocesdelacomuna15.com.ar\\\/press\\\/noche-de-los-museos-las-brujas-vuelven-a-circular-por-la-linea-a-de-subte-y-abre-el-laboratorio-patrimonial-centenera\\\/\",\"url\":\"https:\\\/\\\/vocesdelacomuna15.com.ar\\\/press\\\/noche-de-los-museos-las-brujas-vuelven-a-circular-por-la-linea-a-de-subte-y-abre-el-laboratorio-patrimonial-centenera\\\/\",\"name\":\"Noche de los Museos: Las \u201cbrujas\u201d vuelven a circular por la L\u00ednea A de Subte y abre el Laboratorio Patrimonial Centenera - Voces de la Comuna 15\",\"isPartOf\":{\"@id\":\"https:\\\/\\\/vocesdelacomuna15.com.ar\\\/press\\\/#website\"},\"primaryImageOfPage\":{\"@id\":\"https:\\\/\\\/vocesdelacomuna15.com.ar\\\/press\\\/noche-de-los-museos-las-brujas-vuelven-a-circular-por-la-linea-a-de-subte-y-abre-el-laboratorio-patrimonial-centenera\\\/#primaryimage\"},\"image\":{\"@id\":\"https:\\\/\\\/vocesdelacomuna15.com.ar\\\/press\\\/noche-de-los-museos-las-brujas-vuelven-a-circular-por-la-linea-a-de-subte-y-abre-el-laboratorio-patrimonial-centenera\\\/#primaryimage\"},\"thumbnailUrl\":\"https:\\\/\\\/vocesdelacomuna15.com.ar\\\/wp-content\\\/uploads\\\/2023\\\/09\\\/La-Brugeoise-scaled.jpg\",\"datePublished\":\"2023-09-13T15:05:17+00:00\",\"dateModified\":\"2023-09-13T15:05:19+00:00\",\"description\":\"Voces de la Comuna 15\",\"breadcrumb\":{\"@id\":\"https:\\\/\\\/vocesdelacomuna15.com.ar\\\/press\\\/noche-de-los-museos-las-brujas-vuelven-a-circular-por-la-linea-a-de-subte-y-abre-el-laboratorio-patrimonial-centenera\\\/#breadcrumb\"},\"inLanguage\":\"es-AR\",\"potentialAction\":[{\"@type\":\"ReadAction\",\"target\":[\"https:\\\/\\\/vocesdelacomuna15.com.ar\\\/press\\\/noche-de-los-museos-las-brujas-vuelven-a-circular-por-la-linea-a-de-subte-y-abre-el-laboratorio-patrimonial-centenera\\\/\"]}]},{\"@type\":\"ImageObject\",\"inLanguage\":\"es-AR\",\"@id\":\"https:\\\/\\\/vocesdelacomuna15.com.ar\\\/press\\\/noche-de-los-museos-las-brujas-vuelven-a-circular-por-la-linea-a-de-subte-y-abre-el-laboratorio-patrimonial-centenera\\\/#primaryimage\",\"url\":\"https:\\\/\\\/vocesdelacomuna15.com.ar\\\/wp-content\\\/uploads\\\/2023\\\/09\\\/La-Brugeoise-scaled.jpg\",\"contentUrl\":\"https:\\\/\\\/vocesdelacomuna15.com.ar\\\/wp-content\\\/uploads\\\/2023\\\/09\\\/La-Brugeoise-scaled.jpg\",\"width\":2560,\"height\":1707},{\"@type\":\"BreadcrumbList\",\"@id\":\"https:\\\/\\\/vocesdelacomuna15.com.ar\\\/press\\\/noche-de-los-museos-las-brujas-vuelven-a-circular-por-la-linea-a-de-subte-y-abre-el-laboratorio-patrimonial-centenera\\\/#breadcrumb\",\"itemListElement\":[{\"@type\":\"ListItem\",\"position\":1,\"name\":\"Inicio\",\"item\":\"https:\\\/\\\/vocesdelacomuna15.com.ar\\\/press\\\/\"},{\"@type\":\"ListItem\",\"position\":2,\"name\":\"Noche de los Museos: Las \u201cbrujas\u201d vuelven a circular por la L\u00ednea A de Subte y abre el Laboratorio Patrimonial Centenera\"}]},{\"@type\":\"WebSite\",\"@id\":\"https:\\\/\\\/vocesdelacomuna15.com.ar\\\/press\\\/#website\",\"url\":\"https:\\\/\\\/vocesdelacomuna15.com.ar\\\/press\\\/\",\"name\":\"Voces de la Comuna 15\",\"description\":\"Sitio web de noticias\",\"publisher\":{\"@id\":\"https:\\\/\\\/vocesdelacomuna15.com.ar\\\/press\\\/#organization\"},\"potentialAction\":[{\"@type\":\"SearchAction\",\"target\":{\"@type\":\"EntryPoint\",\"urlTemplate\":\"https:\\\/\\\/vocesdelacomuna15.com.ar\\\/press\\\/?s={search_term_string}\"},\"query-input\":{\"@type\":\"PropertyValueSpecification\",\"valueRequired\":true,\"valueName\":\"search_term_string\"}}],\"inLanguage\":\"es-AR\"},{\"@type\":\"Organization\",\"@id\":\"https:\\\/\\\/vocesdelacomuna15.com.ar\\\/press\\\/#organization\",\"name\":\"Voces de la Comuna 15\",\"url\":\"https:\\\/\\\/vocesdelacomuna15.com.ar\\\/press\\\/\",\"logo\":{\"@type\":\"ImageObject\",\"inLanguage\":\"es-AR\",\"@id\":\"https:\\\/\\\/vocesdelacomuna15.com.ar\\\/press\\\/#\\\/schema\\\/logo\\\/image\\\/\",\"url\":\"https:\\\/\\\/vocesdelacomuna15.com.ar\\\/wp-content\\\/uploads\\\/2024\\\/12\\\/cropped-logo_voces.jpg\",\"contentUrl\":\"https:\\\/\\\/vocesdelacomuna15.com.ar\\\/wp-content\\\/uploads\\\/2024\\\/12\\\/cropped-logo_voces.jpg\",\"width\":512,\"height\":512,\"caption\":\"Voces de la Comuna 15\"},\"image\":{\"@id\":\"https:\\\/\\\/vocesdelacomuna15.com.ar\\\/press\\\/#\\\/schema\\\/logo\\\/image\\\/\"},\"sameAs\":[\"https:\\\/\\\/www.facebook.com\\\/VocesComuna15\\\/\",\"https:\\\/\\\/x.com\\\/vocescomuna15\"]},{\"@type\":\"Person\",\"@id\":\"https:\\\/\\\/vocesdelacomuna15.com.ar\\\/press\\\/#\\\/schema\\\/person\\\/4739e109db25d799cd3d139eeb509e43\",\"name\":\"Federico Arguto\",\"image\":{\"@type\":\"ImageObject\",\"inLanguage\":\"es-AR\",\"@id\":\"https:\\\/\\\/vocesdelacomuna15.com.ar\\\/wp-content\\\/litespeed\\\/avatar\\\/82faf979976f1bae889b8b71f8a0a7e5.jpg?ver=1777419741\",\"url\":\"https:\\\/\\\/vocesdelacomuna15.com.ar\\\/wp-content\\\/litespeed\\\/avatar\\\/82faf979976f1bae889b8b71f8a0a7e5.jpg?ver=1777419741\",\"contentUrl\":\"https:\\\/\\\/vocesdelacomuna15.com.ar\\\/wp-content\\\/litespeed\\\/avatar\\\/82faf979976f1bae889b8b71f8a0a7e5.jpg?ver=1777419741\",\"caption\":\"Federico Arguto\"},\"url\":\"https:\\\/\\\/vocesdelacomuna15.com.ar\\\/press\\\/author\\\/fede\\\/\"}]}<\/script>\n<!-- \/ Yoast SEO plugin. -->","yoast_head_json":{"title":"Noche de los Museos: Las \u201cbrujas\u201d vuelven a circular por la L\u00ednea A de Subte y abre el Laboratorio Patrimonial Centenera - Voces de la Comuna 15","description":"Voces de la Comuna 15","robots":{"index":"index","follow":"follow","max-snippet":"max-snippet:-1","max-image-preview":"max-image-preview:large","max-video-preview":"max-video-preview:-1"},"canonical":"https:\/\/vocesdelacomuna15.com.ar\/press\/noche-de-los-museos-las-brujas-vuelven-a-circular-por-la-linea-a-de-subte-y-abre-el-laboratorio-patrimonial-centenera\/","og_locale":"es_ES","og_type":"article","og_title":"Noche de los Museos: Las \u201cbrujas\u201d vuelven a circular por la L\u00ednea A de Subte y abre el Laboratorio Patrimonial Centenera - Voces de la Comuna 15","og_description":"Voces de la Comuna 15","og_url":"https:\/\/vocesdelacomuna15.com.ar\/press\/noche-de-los-museos-las-brujas-vuelven-a-circular-por-la-linea-a-de-subte-y-abre-el-laboratorio-patrimonial-centenera\/","og_site_name":"Voces de la Comuna 15","article_publisher":"https:\/\/www.facebook.com\/VocesComuna15\/","article_published_time":"2023-09-13T15:05:17+00:00","article_modified_time":"2023-09-13T15:05:19+00:00","og_image":[{"width":2560,"height":1707,"url":"https:\/\/vocesdelacomuna15.com.ar\/wp-content\/uploads\/2023\/09\/La-Brugeoise-scaled.jpg","type":"image\/jpeg"}],"author":"Federico Arguto","twitter_card":"summary_large_image","twitter_creator":"@vocescomuna15","twitter_site":"@vocescomuna15","twitter_misc":{"Escrito por":"Federico Arguto","Tiempo de lectura":"2 minutos"},"schema":{"@context":"https:\/\/schema.org","@graph":[{"@type":"Article","@id":"https:\/\/vocesdelacomuna15.com.ar\/press\/noche-de-los-museos-las-brujas-vuelven-a-circular-por-la-linea-a-de-subte-y-abre-el-laboratorio-patrimonial-centenera\/#article","isPartOf":{"@id":"https:\/\/vocesdelacomuna15.com.ar\/press\/noche-de-los-museos-las-brujas-vuelven-a-circular-por-la-linea-a-de-subte-y-abre-el-laboratorio-patrimonial-centenera\/"},"author":{"name":"Federico Arguto","@id":"https:\/\/vocesdelacomuna15.com.ar\/press\/#\/schema\/person\/4739e109db25d799cd3d139eeb509e43"},"headline":"Noche de los Museos: Las \u201cbrujas\u201d vuelven a circular por la L\u00ednea A de Subte y abre el Laboratorio Patrimonial Centenera","datePublished":"2023-09-13T15:05:17+00:00","dateModified":"2023-09-13T15:05:19+00:00","mainEntityOfPage":{"@id":"https:\/\/vocesdelacomuna15.com.ar\/press\/noche-de-los-museos-las-brujas-vuelven-a-circular-por-la-linea-a-de-subte-y-abre-el-laboratorio-patrimonial-centenera\/"},"wordCount":373,"commentCount":0,"publisher":{"@id":"https:\/\/vocesdelacomuna15.com.ar\/press\/#organization"},"image":{"@id":"https:\/\/vocesdelacomuna15.com.ar\/press\/noche-de-los-museos-las-brujas-vuelven-a-circular-por-la-linea-a-de-subte-y-abre-el-laboratorio-patrimonial-centenera\/#primaryimage"},"thumbnailUrl":"https:\/\/vocesdelacomuna15.com.ar\/wp-content\/uploads\/2023\/09\/La-Brugeoise-scaled.jpg","articleSection":["Sociedad"],"inLanguage":"es-AR","potentialAction":[{"@type":"CommentAction","name":"Comment","target":["https:\/\/vocesdelacomuna15.com.ar\/press\/noche-de-los-museos-las-brujas-vuelven-a-circular-por-la-linea-a-de-subte-y-abre-el-laboratorio-patrimonial-centenera\/#respond"]}]},{"@type":"WebPage","@id":"https:\/\/vocesdelacomuna15.com.ar\/press\/noche-de-los-museos-las-brujas-vuelven-a-circular-por-la-linea-a-de-subte-y-abre-el-laboratorio-patrimonial-centenera\/","url":"https:\/\/vocesdelacomuna15.com.ar\/press\/noche-de-los-museos-las-brujas-vuelven-a-circular-por-la-linea-a-de-subte-y-abre-el-laboratorio-patrimonial-centenera\/","name":"Noche de los Museos: Las \u201cbrujas\u201d vuelven a circular por la L\u00ednea A de Subte y abre el Laboratorio Patrimonial Centenera - Voces de la Comuna 15","isPartOf":{"@id":"https:\/\/vocesdelacomuna15.com.ar\/press\/#website"},"primaryImageOfPage":{"@id":"https:\/\/vocesdelacomuna15.com.ar\/press\/noche-de-los-museos-las-brujas-vuelven-a-circular-por-la-linea-a-de-subte-y-abre-el-laboratorio-patrimonial-centenera\/#primaryimage"},"image":{"@id":"https:\/\/vocesdelacomuna15.com.ar\/press\/noche-de-los-museos-las-brujas-vuelven-a-circular-por-la-linea-a-de-subte-y-abre-el-laboratorio-patrimonial-centenera\/#primaryimage"},"thumbnailUrl":"https:\/\/vocesdelacomuna15.com.ar\/wp-content\/uploads\/2023\/09\/La-Brugeoise-scaled.jpg","datePublished":"2023-09-13T15:05:17+00:00","dateModified":"2023-09-13T15:05:19+00:00","description":"Voces de la Comuna 15","breadcrumb":{"@id":"https:\/\/vocesdelacomuna15.com.ar\/press\/noche-de-los-museos-las-brujas-vuelven-a-circular-por-la-linea-a-de-subte-y-abre-el-laboratorio-patrimonial-centenera\/#breadcrumb"},"inLanguage":"es-AR","potentialAction":[{"@type":"ReadAction","target":["https:\/\/vocesdelacomuna15.com.ar\/press\/noche-de-los-museos-las-brujas-vuelven-a-circular-por-la-linea-a-de-subte-y-abre-el-laboratorio-patrimonial-centenera\/"]}]},{"@type":"ImageObject","inLanguage":"es-AR","@id":"https:\/\/vocesdelacomuna15.com.ar\/press\/noche-de-los-museos-las-brujas-vuelven-a-circular-por-la-linea-a-de-subte-y-abre-el-laboratorio-patrimonial-centenera\/#primaryimage","url":"https:\/\/vocesdelacomuna15.com.ar\/wp-content\/uploads\/2023\/09\/La-Brugeoise-scaled.jpg","contentUrl":"https:\/\/vocesdelacomuna15.com.ar\/wp-content\/uploads\/2023\/09\/La-Brugeoise-scaled.jpg","width":2560,"height":1707},{"@type":"BreadcrumbList","@id":"https:\/\/vocesdelacomuna15.com.ar\/press\/noche-de-los-museos-las-brujas-vuelven-a-circular-por-la-linea-a-de-subte-y-abre-el-laboratorio-patrimonial-centenera\/#breadcrumb","itemListElement":[{"@type":"ListItem","position":1,"name":"Inicio","item":"https:\/\/vocesdelacomuna15.com.ar\/press\/"},{"@type":"ListItem","position":2,"name":"Noche de los Museos: Las \u201cbrujas\u201d vuelven a circular por la L\u00ednea A de Subte y abre el Laboratorio Patrimonial Centenera"}]},{"@type":"WebSite","@id":"https:\/\/vocesdelacomuna15.com.ar\/press\/#website","url":"https:\/\/vocesdelacomuna15.com.ar\/press\/","name":"Voces de la Comuna 15","description":"Sitio web de noticias","publisher":{"@id":"https:\/\/vocesdelacomuna15.com.ar\/press\/#organization"},"potentialAction":[{"@type":"SearchAction","target":{"@type":"EntryPoint","urlTemplate":"https:\/\/vocesdelacomuna15.com.ar\/press\/?s={search_term_string}"},"query-input":{"@type":"PropertyValueSpecification","valueRequired":true,"valueName":"search_term_string"}}],"inLanguage":"es-AR"},{"@type":"Organization","@id":"https:\/\/vocesdelacomuna15.com.ar\/press\/#organization","name":"Voces de la Comuna 15","url":"https:\/\/vocesdelacomuna15.com.ar\/press\/","logo":{"@type":"ImageObject","inLanguage":"es-AR","@id":"https:\/\/vocesdelacomuna15.com.ar\/press\/#\/schema\/logo\/image\/","url":"https:\/\/vocesdelacomuna15.com.ar\/wp-content\/uploads\/2024\/12\/cropped-logo_voces.jpg","contentUrl":"https:\/\/vocesdelacomuna15.com.ar\/wp-content\/uploads\/2024\/12\/cropped-logo_voces.jpg","width":512,"height":512,"caption":"Voces de la Comuna 15"},"image":{"@id":"https:\/\/vocesdelacomuna15.com.ar\/press\/#\/schema\/logo\/image\/"},"sameAs":["https:\/\/www.facebook.com\/VocesComuna15\/","https:\/\/x.com\/vocescomuna15"]},{"@type":"Person","@id":"https:\/\/vocesdelacomuna15.com.ar\/press\/#\/schema\/person\/4739e109db25d799cd3d139eeb509e43","name":"Federico Arguto","image":{"@type":"ImageObject","inLanguage":"es-AR","@id":"https:\/\/vocesdelacomuna15.com.ar\/wp-content\/litespeed\/avatar\/82faf979976f1bae889b8b71f8a0a7e5.jpg?ver=1777419741","url":"https:\/\/vocesdelacomuna15.com.ar\/wp-content\/litespeed\/avatar\/82faf979976f1bae889b8b71f8a0a7e5.jpg?ver=1777419741","contentUrl":"https:\/\/vocesdelacomuna15.com.ar\/wp-content\/litespeed\/avatar\/82faf979976f1bae889b8b71f8a0a7e5.jpg?ver=1777419741","caption":"Federico Arguto"},"url":"https:\/\/vocesdelacomuna15.com.ar\/press\/author\/fede\/"}]}},"_links":{"self":[{"href":"https:\/\/vocesdelacomuna15.com.ar\/press\/wp-json\/wp\/v2\/posts\/61130","targetHints":{"allow":["GET"]}}],"collection":[{"href":"https:\/\/vocesdelacomuna15.com.ar\/press\/wp-json\/wp\/v2\/posts"}],"about":[{"href":"https:\/\/vocesdelacomuna15.com.ar\/press\/wp-json\/wp\/v2\/types\/post"}],"author":[{"embeddable":true,"href":"https:\/\/vocesdelacomuna15.com.ar\/press\/wp-json\/wp\/v2\/users\/2"}],"replies":[{"embeddable":true,"href":"https:\/\/vocesdelacomuna15.com.ar\/press\/wp-json\/wp\/v2\/comments?post=61130"}],"version-history":[{"count":1,"href":"https:\/\/vocesdelacomuna15.com.ar\/press\/wp-json\/wp\/v2\/posts\/61130\/revisions"}],"predecessor-version":[{"id":61135,"href":"https:\/\/vocesdelacomuna15.com.ar\/press\/wp-json\/wp\/v2\/posts\/61130\/revisions\/61135"}],"wp:featuredmedia":[{"embeddable":true,"href":"https:\/\/vocesdelacomuna15.com.ar\/press\/wp-json\/wp\/v2\/media\/61131"}],"wp:attachment":[{"href":"https:\/\/vocesdelacomuna15.com.ar\/press\/wp-json\/wp\/v2\/media?parent=61130"}],"wp:term":[{"taxonomy":"category","embeddable":true,"href":"https:\/\/vocesdelacomuna15.com.ar\/press\/wp-json\/wp\/v2\/categories?post=61130"},{"taxonomy":"post_tag","embeddable":true,"href":"https:\/\/vocesdelacomuna15.com.ar\/press\/wp-json\/wp\/v2\/tags?post=61130"}],"curies":[{"name":"wp","href":"https:\/\/api.w.org\/{rel}","templated":true}]}}