{"id":61127,"date":"2023-09-12T20:39:28","date_gmt":"2023-09-12T23:39:28","guid":{"rendered":"https:\/\/vocesdelacomuna15.com.ar\/?p=61127"},"modified":"2023-09-12T20:39:30","modified_gmt":"2023-09-12T23:39:30","slug":"tragedia-anunciada-en-caba-una-gestion-de-veredas-al-servicio-de-las-empresas-y-no-de-los-peatones","status":"publish","type":"post","link":"https:\/\/vocesdelacomuna15.com.ar\/press\/tragedia-anunciada-en-caba-una-gestion-de-veredas-al-servicio-de-las-empresas-y-no-de-los-peatones\/","title":{"rendered":"Tragedia anunciada en CABA: una gesti\u00f3n de veredas al servicio de las empresas y no de los peatones"},"content":{"rendered":"\n<p>En el d\u00eda de ayer falleci\u00f3 una jubilada de 87 a\u00f1os que se tropez\u00f3 con un pozo de varios cent\u00edmetros de profundidad cerca del cord\u00f3n de la vereda<a rel=\"noreferrer noopener\" href=\"https:\/\/manage.wix.com\/dashboard\/63580ad8-e370-4183-a1ae-f64138f1a789\/blog\/create-post?referralInfo=sidebar#_ftn1\" target=\"_blank\">[1]<\/a>. Le faltaban las baldosas y la tapa de servicios y ten\u00eda varios ca\u00f1os a la vista. Sucedi\u00f3 en la vereda de Riobamba al 700 mientras caminaba junto con su marido quien sufri\u00f3 una lesi\u00f3n en una de sus rodillas. Fuente: Rumbos Accesibilidad<\/p>\n\n\n\n<p>Link a nota original: <a href=\"https:\/\/www.rumbos.org.ar\/post\/tragedia-anunciada-en-caba-una-gestion-de-veredas-al-servicio-de-las-empresas-y-no-de-los-peatones\">https:\/\/www.rumbos.org.ar\/post\/tragedia-anunciada-en-caba-una-gestion-de-veredas-al-servicio-de-las-empresas-y-no-de-los-peatones<\/a><\/p>\n\n\n\n<p>Ante este lamentable hecho,<strong> se\u00f1alamos la desidia e inacci\u00f3n de Clara Muzzio, ministra de Espacio P\u00fablico e Higiene Urbana<\/strong><a href=\"https:\/\/manage.wix.com\/dashboard\/63580ad8-e370-4183-a1ae-f64138f1a789\/blog\/create-post?referralInfo=sidebar#_ftn2\" target=\"_blank\" rel=\"noreferrer noopener\">[2]<\/a><strong> y actual candidata a Vicejefa de Gobierno porte\u00f1o por Juntos por el Cambio. Desde el 2017 venimos denunciando la gran cantidad de peatones que se lesionan en las veredas y cruces peatonales de la ciudad.<\/strong> Muchos de ellos se lastimaron de gravedad, afectando significativamente su salud f\u00edsica y emocional, y su calidad de vida posterior.<\/p>\n\n\n\n<p><strong>A casi 6 a\u00f1os de sancionadas las leyes 5901 y 5902, que regulan la construcci\u00f3n, mantenimiento y reparaci\u00f3n de veredas, y con millonarios presupuestos destinados a tal fin, el estado de las mismas sigue igual o peor.<\/strong> Dicha normativa obliga a los frentistas a arreglar los frentes de cada lote, cuando debiera ser responsabilidad del GCBA, puesto que es espacio de uso p\u00fablico, como lo son las calles y las plazas. A su vez, advertimos que no est\u00e1n claros los criterios del gobierno de la ciudad a la hora de decidir qu\u00e9 veredas se arreglan. No se priorizan los reclamos de las personas en situaci\u00f3n de discapacidad y de los vecinos que plantean casos de riesgo. Sumado a esto, resulta evidente que el control de calidad de materiales y de obras ejecutadas por las empresas constructoras es inadecuado, cuando no, inexistente<a href=\"https:\/\/manage.wix.com\/dashboard\/63580ad8-e370-4183-a1ae-f64138f1a789\/blog\/create-post?referralInfo=sidebar#_ftn3\" target=\"_blank\" rel=\"noreferrer noopener\">[3]<\/a>.<\/p>\n\n\n\n<p><strong>\u00a1Exigimos que el Estado se haga responsable de la circulaci\u00f3n accesible y segura de los peatones!<\/strong><\/p>\n\n\n\n<p><a href=\"https:\/\/manage.wix.com\/dashboard\/63580ad8-e370-4183-a1ae-f64138f1a789\/blog\/create-post?referralInfo=sidebar#_ftnref1\" target=\"_blank\" rel=\"noreferrer noopener\">[1]<\/a> <a href=\"https:\/\/www.infobae.com\/sociedad\/policiales\/2023\/09\/11\/tragedia-a-metros-de-la-avenida-cordoba-murio-una-jubilada-de-87-anos-al-tropezar-con-un-pozo-en-una-vereda\/\" target=\"_blank\" rel=\"noreferrer noopener\">https:\/\/www.infobae.com\/sociedad\/policiales\/2023\/09\/11\/tragedia-a-metros-de-la-avenida-cordoba-murio-una-jubilada-de-87-anos-al-tropezar-con-un-pozo-en-una-vereda\/<\/a> <a href=\"https:\/\/manage.wix.com\/dashboard\/63580ad8-e370-4183-a1ae-f64138f1a789\/blog\/create-post?referralInfo=sidebar#_ftnref2\" target=\"_blank\" rel=\"noreferrer noopener\">[2]<\/a> La Direcci\u00f3n General de Obras en V\u00edas Peatonales dependiente de este ministerio centraliza la gesti\u00f3n de la construcci\u00f3n, reparaci\u00f3n y mantenimiento de las veredas. <a href=\"https:\/\/manage.wix.com\/dashboard\/63580ad8-e370-4183-a1ae-f64138f1a789\/blog\/create-post?referralInfo=sidebar#_ftnref3\" target=\"_blank\" rel=\"noreferrer noopener\">[3]<\/a> Ver m\u00e1s en INFORME 2023: Pasan los a\u00f1os y las licitaciones, pero los peatones siguen en peligro. <a href=\"https:\/\/www.rumbos.org.ar\/post\/pasan-los-a%C3%B1os-y-las-licitaciones-pero-los-peatones-siguen-en-peligro\" target=\"_blank\" rel=\"noreferrer noopener\">https:\/\/www.rumbos.org.ar\/post\/pasan-los-a%C3%B1os-y-las-licitaciones-pero-los-peatones-siguen-en-peligro<\/a><\/p>\n\n\n\n<p>Foto de portada (Rumbos Accesibilidad): Pozo cerca del cord\u00f3n de la vereda, de varios cent\u00edmetros de profundidad y con ca\u00f1os a la vista, al que le faltan las baldosas y tapa de servicios. Se encuentra en Riobamba 797, CABA.<\/p>\n<div class=\"pvc_clear\"><\/div><p id=\"pvc_stats_61127\" class=\"pvc_stats all  \" data-element-id=\"61127\" style=\"\"><i class=\"pvc-stats-icon small\" aria-hidden=\"true\"><svg aria-hidden=\"true\" focusable=\"false\" data-prefix=\"far\" data-icon=\"chart-bar\" role=\"img\" xmlns=\"http:\/\/www.w3.org\/2000\/svg\" viewBox=\"0 0 512 512\" class=\"svg-inline--fa fa-chart-bar fa-w-16 fa-2x\"><path fill=\"currentColor\" d=\"M396.8 352h22.4c6.4 0 12.8-6.4 12.8-12.8V108.8c0-6.4-6.4-12.8-12.8-12.8h-22.4c-6.4 0-12.8 6.4-12.8 12.8v230.4c0 6.4 6.4 12.8 12.8 12.8zm-192 0h22.4c6.4 0 12.8-6.4 12.8-12.8V140.8c0-6.4-6.4-12.8-12.8-12.8h-22.4c-6.4 0-12.8 6.4-12.8 12.8v198.4c0 6.4 6.4 12.8 12.8 12.8zm96 0h22.4c6.4 0 12.8-6.4 12.8-12.8V204.8c0-6.4-6.4-12.8-12.8-12.8h-22.4c-6.4 0-12.8 6.4-12.8 12.8v134.4c0 6.4 6.4 12.8 12.8 12.8zM496 400H48V80c0-8.84-7.16-16-16-16H16C7.16 64 0 71.16 0 80v336c0 17.67 14.33 32 32 32h464c8.84 0 16-7.16 16-16v-16c0-8.84-7.16-16-16-16zm-387.2-48h22.4c6.4 0 12.8-6.4 12.8-12.8v-70.4c0-6.4-6.4-12.8-12.8-12.8h-22.4c-6.4 0-12.8 6.4-12.8 12.8v70.4c0 6.4 6.4 12.8 12.8 12.8z\" class=\"\"><\/path><\/svg><\/i> <img loading=\"lazy\" decoding=\"async\" width=\"16\" height=\"16\" alt=\"Loading\" src=\"https:\/\/vocesdelacomuna15.com.ar\/wp-content\/plugins\/page-views-count\/ajax-loader-2x.gif\" border=0 \/><\/p><div class=\"pvc_clear\"><\/div>","protected":false},"excerpt":{"rendered":"<p>En el d\u00eda de ayer falleci\u00f3 una jubilada de 87 a\u00f1os que se tropez\u00f3 con un pozo de varios cent\u00edmetros de profundidad cerca del cord\u00f3n de la vereda[1]. Le faltaban las baldosas y la tapa de servicios y ten\u00eda varios ca\u00f1os a la vista. Sucedi\u00f3 en la vereda de Riobamba al 700 mientras caminaba junto [&hellip;]<\/p>\n<div class=\"pvc_clear\"><\/div>\n<p id=\"pvc_stats_61127\" class=\"pvc_stats all  \" data-element-id=\"61127\" style=\"\"><i class=\"pvc-stats-icon small\" aria-hidden=\"true\"><svg aria-hidden=\"true\" focusable=\"false\" data-prefix=\"far\" data-icon=\"chart-bar\" role=\"img\" xmlns=\"http:\/\/www.w3.org\/2000\/svg\" viewBox=\"0 0 512 512\" class=\"svg-inline--fa fa-chart-bar fa-w-16 fa-2x\"><path fill=\"currentColor\" d=\"M396.8 352h22.4c6.4 0 12.8-6.4 12.8-12.8V108.8c0-6.4-6.4-12.8-12.8-12.8h-22.4c-6.4 0-12.8 6.4-12.8 12.8v230.4c0 6.4 6.4 12.8 12.8 12.8zm-192 0h22.4c6.4 0 12.8-6.4 12.8-12.8V140.8c0-6.4-6.4-12.8-12.8-12.8h-22.4c-6.4 0-12.8 6.4-12.8 12.8v198.4c0 6.4 6.4 12.8 12.8 12.8zm96 0h22.4c6.4 0 12.8-6.4 12.8-12.8V204.8c0-6.4-6.4-12.8-12.8-12.8h-22.4c-6.4 0-12.8 6.4-12.8 12.8v134.4c0 6.4 6.4 12.8 12.8 12.8zM496 400H48V80c0-8.84-7.16-16-16-16H16C7.16 64 0 71.16 0 80v336c0 17.67 14.33 32 32 32h464c8.84 0 16-7.16 16-16v-16c0-8.84-7.16-16-16-16zm-387.2-48h22.4c6.4 0 12.8-6.4 12.8-12.8v-70.4c0-6.4-6.4-12.8-12.8-12.8h-22.4c-6.4 0-12.8 6.4-12.8 12.8v70.4c0 6.4 6.4 12.8 12.8 12.8z\" class=\"\"><\/path><\/svg><\/i> <img loading=\"lazy\" decoding=\"async\" width=\"16\" height=\"16\" alt=\"Loading\" src=\"https:\/\/vocesdelacomuna15.com.ar\/wp-content\/plugins\/page-views-count\/ajax-loader-2x.gif\" border=0 \/><\/p>\n<div class=\"pvc_clear\"><\/div>\n","protected":false},"author":2,"featured_media":61128,"comment_status":"open","ping_status":"open","sticky":false,"template":"","format":"standard","meta":{"_et_pb_use_builder":"off","_et_pb_old_content":"","_et_gb_content_width":"","footnotes":""},"categories":[26],"tags":[],"class_list":["post-61127","post","type-post","status-publish","format-standard","has-post-thumbnail","hentry","category-ciudad","et-has-post-format-content","et_post_format-et-post-format-standard"],"a3_pvc":{"activated":true,"total_views":304,"today_views":0},"yoast_head":"<!-- This site is optimized with the Yoast SEO plugin v27.5 - https:\/\/yoast.com\/product\/yoast-seo-wordpress\/ -->\n<title>Tragedia anunciada en CABA: una gesti\u00f3n de veredas al servicio de las empresas y no de los peatones - Voces de la Comuna 15<\/title>\n<meta name=\"description\" content=\"Voces de la Comuna 15\" \/>\n<meta name=\"robots\" content=\"index, follow, max-snippet:-1, max-image-preview:large, max-video-preview:-1\" \/>\n<link rel=\"canonical\" href=\"https:\/\/vocesdelacomuna15.com.ar\/press\/tragedia-anunciada-en-caba-una-gestion-de-veredas-al-servicio-de-las-empresas-y-no-de-los-peatones\/\" \/>\n<meta property=\"og:locale\" content=\"es_ES\" \/>\n<meta property=\"og:type\" content=\"article\" \/>\n<meta property=\"og:title\" content=\"Tragedia anunciada en CABA: una gesti\u00f3n de veredas al servicio de las empresas y no de los peatones - Voces de la Comuna 15\" \/>\n<meta property=\"og:description\" content=\"Voces de la Comuna 15\" \/>\n<meta property=\"og:url\" content=\"https:\/\/vocesdelacomuna15.com.ar\/press\/tragedia-anunciada-en-caba-una-gestion-de-veredas-al-servicio-de-las-empresas-y-no-de-los-peatones\/\" \/>\n<meta property=\"og:site_name\" content=\"Voces de la Comuna 15\" \/>\n<meta property=\"article:publisher\" content=\"https:\/\/www.facebook.com\/VocesComuna15\/\" \/>\n<meta property=\"article:published_time\" content=\"2023-09-12T23:39:28+00:00\" \/>\n<meta property=\"article:modified_time\" content=\"2023-09-12T23:39:30+00:00\" \/>\n<meta property=\"og:image\" content=\"https:\/\/vocesdelacomuna15.com.ar\/wp-content\/uploads\/2023\/09\/rumbos.png\" \/>\n\t<meta property=\"og:image:width\" content=\"579\" \/>\n\t<meta property=\"og:image:height\" content=\"464\" \/>\n\t<meta property=\"og:image:type\" content=\"image\/png\" \/>\n<meta name=\"author\" content=\"Federico Arguto\" \/>\n<meta name=\"twitter:card\" content=\"summary_large_image\" \/>\n<meta name=\"twitter:creator\" content=\"@vocescomuna15\" \/>\n<meta name=\"twitter:site\" content=\"@vocescomuna15\" \/>\n<meta name=\"twitter:label1\" content=\"Escrito por\" \/>\n\t<meta name=\"twitter:data1\" content=\"Federico Arguto\" \/>\n\t<meta name=\"twitter:label2\" content=\"Tiempo de lectura\" \/>\n\t<meta name=\"twitter:data2\" content=\"2 minutos\" \/>\n<script type=\"application\/ld+json\" class=\"yoast-schema-graph\">{\"@context\":\"https:\\\/\\\/schema.org\",\"@graph\":[{\"@type\":\"Article\",\"@id\":\"https:\\\/\\\/vocesdelacomuna15.com.ar\\\/press\\\/tragedia-anunciada-en-caba-una-gestion-de-veredas-al-servicio-de-las-empresas-y-no-de-los-peatones\\\/#article\",\"isPartOf\":{\"@id\":\"https:\\\/\\\/vocesdelacomuna15.com.ar\\\/press\\\/tragedia-anunciada-en-caba-una-gestion-de-veredas-al-servicio-de-las-empresas-y-no-de-los-peatones\\\/\"},\"author\":{\"name\":\"Federico Arguto\",\"@id\":\"https:\\\/\\\/vocesdelacomuna15.com.ar\\\/press\\\/#\\\/schema\\\/person\\\/4739e109db25d799cd3d139eeb509e43\"},\"headline\":\"Tragedia anunciada en CABA: una gesti\u00f3n de veredas al servicio de las empresas y no de los peatones\",\"datePublished\":\"2023-09-12T23:39:28+00:00\",\"dateModified\":\"2023-09-12T23:39:30+00:00\",\"mainEntityOfPage\":{\"@id\":\"https:\\\/\\\/vocesdelacomuna15.com.ar\\\/press\\\/tragedia-anunciada-en-caba-una-gestion-de-veredas-al-servicio-de-las-empresas-y-no-de-los-peatones\\\/\"},\"wordCount\":450,\"commentCount\":0,\"publisher\":{\"@id\":\"https:\\\/\\\/vocesdelacomuna15.com.ar\\\/press\\\/#organization\"},\"image\":{\"@id\":\"https:\\\/\\\/vocesdelacomuna15.com.ar\\\/press\\\/tragedia-anunciada-en-caba-una-gestion-de-veredas-al-servicio-de-las-empresas-y-no-de-los-peatones\\\/#primaryimage\"},\"thumbnailUrl\":\"https:\\\/\\\/vocesdelacomuna15.com.ar\\\/wp-content\\\/uploads\\\/2023\\\/09\\\/rumbos.png\",\"articleSection\":[\"Ciudad\"],\"inLanguage\":\"es-AR\",\"potentialAction\":[{\"@type\":\"CommentAction\",\"name\":\"Comment\",\"target\":[\"https:\\\/\\\/vocesdelacomuna15.com.ar\\\/press\\\/tragedia-anunciada-en-caba-una-gestion-de-veredas-al-servicio-de-las-empresas-y-no-de-los-peatones\\\/#respond\"]}]},{\"@type\":\"WebPage\",\"@id\":\"https:\\\/\\\/vocesdelacomuna15.com.ar\\\/press\\\/tragedia-anunciada-en-caba-una-gestion-de-veredas-al-servicio-de-las-empresas-y-no-de-los-peatones\\\/\",\"url\":\"https:\\\/\\\/vocesdelacomuna15.com.ar\\\/press\\\/tragedia-anunciada-en-caba-una-gestion-de-veredas-al-servicio-de-las-empresas-y-no-de-los-peatones\\\/\",\"name\":\"Tragedia anunciada en CABA: una gesti\u00f3n de veredas al servicio de las empresas y no de los peatones - Voces de la Comuna 15\",\"isPartOf\":{\"@id\":\"https:\\\/\\\/vocesdelacomuna15.com.ar\\\/press\\\/#website\"},\"primaryImageOfPage\":{\"@id\":\"https:\\\/\\\/vocesdelacomuna15.com.ar\\\/press\\\/tragedia-anunciada-en-caba-una-gestion-de-veredas-al-servicio-de-las-empresas-y-no-de-los-peatones\\\/#primaryimage\"},\"image\":{\"@id\":\"https:\\\/\\\/vocesdelacomuna15.com.ar\\\/press\\\/tragedia-anunciada-en-caba-una-gestion-de-veredas-al-servicio-de-las-empresas-y-no-de-los-peatones\\\/#primaryimage\"},\"thumbnailUrl\":\"https:\\\/\\\/vocesdelacomuna15.com.ar\\\/wp-content\\\/uploads\\\/2023\\\/09\\\/rumbos.png\",\"datePublished\":\"2023-09-12T23:39:28+00:00\",\"dateModified\":\"2023-09-12T23:39:30+00:00\",\"description\":\"Voces de la Comuna 15\",\"breadcrumb\":{\"@id\":\"https:\\\/\\\/vocesdelacomuna15.com.ar\\\/press\\\/tragedia-anunciada-en-caba-una-gestion-de-veredas-al-servicio-de-las-empresas-y-no-de-los-peatones\\\/#breadcrumb\"},\"inLanguage\":\"es-AR\",\"potentialAction\":[{\"@type\":\"ReadAction\",\"target\":[\"https:\\\/\\\/vocesdelacomuna15.com.ar\\\/press\\\/tragedia-anunciada-en-caba-una-gestion-de-veredas-al-servicio-de-las-empresas-y-no-de-los-peatones\\\/\"]}]},{\"@type\":\"ImageObject\",\"inLanguage\":\"es-AR\",\"@id\":\"https:\\\/\\\/vocesdelacomuna15.com.ar\\\/press\\\/tragedia-anunciada-en-caba-una-gestion-de-veredas-al-servicio-de-las-empresas-y-no-de-los-peatones\\\/#primaryimage\",\"url\":\"https:\\\/\\\/vocesdelacomuna15.com.ar\\\/wp-content\\\/uploads\\\/2023\\\/09\\\/rumbos.png\",\"contentUrl\":\"https:\\\/\\\/vocesdelacomuna15.com.ar\\\/wp-content\\\/uploads\\\/2023\\\/09\\\/rumbos.png\",\"width\":579,\"height\":464},{\"@type\":\"BreadcrumbList\",\"@id\":\"https:\\\/\\\/vocesdelacomuna15.com.ar\\\/press\\\/tragedia-anunciada-en-caba-una-gestion-de-veredas-al-servicio-de-las-empresas-y-no-de-los-peatones\\\/#breadcrumb\",\"itemListElement\":[{\"@type\":\"ListItem\",\"position\":1,\"name\":\"Inicio\",\"item\":\"https:\\\/\\\/vocesdelacomuna15.com.ar\\\/press\\\/\"},{\"@type\":\"ListItem\",\"position\":2,\"name\":\"Tragedia anunciada en CABA: una gesti\u00f3n de veredas al servicio de las empresas y no de los peatones\"}]},{\"@type\":\"WebSite\",\"@id\":\"https:\\\/\\\/vocesdelacomuna15.com.ar\\\/press\\\/#website\",\"url\":\"https:\\\/\\\/vocesdelacomuna15.com.ar\\\/press\\\/\",\"name\":\"Voces de la Comuna 15\",\"description\":\"Sitio web de noticias\",\"publisher\":{\"@id\":\"https:\\\/\\\/vocesdelacomuna15.com.ar\\\/press\\\/#organization\"},\"potentialAction\":[{\"@type\":\"SearchAction\",\"target\":{\"@type\":\"EntryPoint\",\"urlTemplate\":\"https:\\\/\\\/vocesdelacomuna15.com.ar\\\/press\\\/?s={search_term_string}\"},\"query-input\":{\"@type\":\"PropertyValueSpecification\",\"valueRequired\":true,\"valueName\":\"search_term_string\"}}],\"inLanguage\":\"es-AR\"},{\"@type\":\"Organization\",\"@id\":\"https:\\\/\\\/vocesdelacomuna15.com.ar\\\/press\\\/#organization\",\"name\":\"Voces de la Comuna 15\",\"url\":\"https:\\\/\\\/vocesdelacomuna15.com.ar\\\/press\\\/\",\"logo\":{\"@type\":\"ImageObject\",\"inLanguage\":\"es-AR\",\"@id\":\"https:\\\/\\\/vocesdelacomuna15.com.ar\\\/press\\\/#\\\/schema\\\/logo\\\/image\\\/\",\"url\":\"https:\\\/\\\/vocesdelacomuna15.com.ar\\\/wp-content\\\/uploads\\\/2024\\\/12\\\/cropped-logo_voces.jpg\",\"contentUrl\":\"https:\\\/\\\/vocesdelacomuna15.com.ar\\\/wp-content\\\/uploads\\\/2024\\\/12\\\/cropped-logo_voces.jpg\",\"width\":512,\"height\":512,\"caption\":\"Voces de la Comuna 15\"},\"image\":{\"@id\":\"https:\\\/\\\/vocesdelacomuna15.com.ar\\\/press\\\/#\\\/schema\\\/logo\\\/image\\\/\"},\"sameAs\":[\"https:\\\/\\\/www.facebook.com\\\/VocesComuna15\\\/\",\"https:\\\/\\\/x.com\\\/vocescomuna15\"]},{\"@type\":\"Person\",\"@id\":\"https:\\\/\\\/vocesdelacomuna15.com.ar\\\/press\\\/#\\\/schema\\\/person\\\/4739e109db25d799cd3d139eeb509e43\",\"name\":\"Federico Arguto\",\"image\":{\"@type\":\"ImageObject\",\"inLanguage\":\"es-AR\",\"@id\":\"https:\\\/\\\/vocesdelacomuna15.com.ar\\\/wp-content\\\/litespeed\\\/avatar\\\/82faf979976f1bae889b8b71f8a0a7e5.jpg?ver=1776814847\",\"url\":\"https:\\\/\\\/vocesdelacomuna15.com.ar\\\/wp-content\\\/litespeed\\\/avatar\\\/82faf979976f1bae889b8b71f8a0a7e5.jpg?ver=1776814847\",\"contentUrl\":\"https:\\\/\\\/vocesdelacomuna15.com.ar\\\/wp-content\\\/litespeed\\\/avatar\\\/82faf979976f1bae889b8b71f8a0a7e5.jpg?ver=1776814847\",\"caption\":\"Federico Arguto\"},\"url\":\"https:\\\/\\\/vocesdelacomuna15.com.ar\\\/press\\\/author\\\/fede\\\/\"}]}<\/script>\n<!-- \/ Yoast SEO plugin. -->","yoast_head_json":{"title":"Tragedia anunciada en CABA: una gesti\u00f3n de veredas al servicio de las empresas y no de los peatones - Voces de la Comuna 15","description":"Voces de la Comuna 15","robots":{"index":"index","follow":"follow","max-snippet":"max-snippet:-1","max-image-preview":"max-image-preview:large","max-video-preview":"max-video-preview:-1"},"canonical":"https:\/\/vocesdelacomuna15.com.ar\/press\/tragedia-anunciada-en-caba-una-gestion-de-veredas-al-servicio-de-las-empresas-y-no-de-los-peatones\/","og_locale":"es_ES","og_type":"article","og_title":"Tragedia anunciada en CABA: una gesti\u00f3n de veredas al servicio de las empresas y no de los peatones - Voces de la Comuna 15","og_description":"Voces de la Comuna 15","og_url":"https:\/\/vocesdelacomuna15.com.ar\/press\/tragedia-anunciada-en-caba-una-gestion-de-veredas-al-servicio-de-las-empresas-y-no-de-los-peatones\/","og_site_name":"Voces de la Comuna 15","article_publisher":"https:\/\/www.facebook.com\/VocesComuna15\/","article_published_time":"2023-09-12T23:39:28+00:00","article_modified_time":"2023-09-12T23:39:30+00:00","og_image":[{"width":579,"height":464,"url":"https:\/\/vocesdelacomuna15.com.ar\/wp-content\/uploads\/2023\/09\/rumbos.png","type":"image\/png"}],"author":"Federico Arguto","twitter_card":"summary_large_image","twitter_creator":"@vocescomuna15","twitter_site":"@vocescomuna15","twitter_misc":{"Escrito por":"Federico Arguto","Tiempo de lectura":"2 minutos"},"schema":{"@context":"https:\/\/schema.org","@graph":[{"@type":"Article","@id":"https:\/\/vocesdelacomuna15.com.ar\/press\/tragedia-anunciada-en-caba-una-gestion-de-veredas-al-servicio-de-las-empresas-y-no-de-los-peatones\/#article","isPartOf":{"@id":"https:\/\/vocesdelacomuna15.com.ar\/press\/tragedia-anunciada-en-caba-una-gestion-de-veredas-al-servicio-de-las-empresas-y-no-de-los-peatones\/"},"author":{"name":"Federico Arguto","@id":"https:\/\/vocesdelacomuna15.com.ar\/press\/#\/schema\/person\/4739e109db25d799cd3d139eeb509e43"},"headline":"Tragedia anunciada en CABA: una gesti\u00f3n de veredas al servicio de las empresas y no de los peatones","datePublished":"2023-09-12T23:39:28+00:00","dateModified":"2023-09-12T23:39:30+00:00","mainEntityOfPage":{"@id":"https:\/\/vocesdelacomuna15.com.ar\/press\/tragedia-anunciada-en-caba-una-gestion-de-veredas-al-servicio-de-las-empresas-y-no-de-los-peatones\/"},"wordCount":450,"commentCount":0,"publisher":{"@id":"https:\/\/vocesdelacomuna15.com.ar\/press\/#organization"},"image":{"@id":"https:\/\/vocesdelacomuna15.com.ar\/press\/tragedia-anunciada-en-caba-una-gestion-de-veredas-al-servicio-de-las-empresas-y-no-de-los-peatones\/#primaryimage"},"thumbnailUrl":"https:\/\/vocesdelacomuna15.com.ar\/wp-content\/uploads\/2023\/09\/rumbos.png","articleSection":["Ciudad"],"inLanguage":"es-AR","potentialAction":[{"@type":"CommentAction","name":"Comment","target":["https:\/\/vocesdelacomuna15.com.ar\/press\/tragedia-anunciada-en-caba-una-gestion-de-veredas-al-servicio-de-las-empresas-y-no-de-los-peatones\/#respond"]}]},{"@type":"WebPage","@id":"https:\/\/vocesdelacomuna15.com.ar\/press\/tragedia-anunciada-en-caba-una-gestion-de-veredas-al-servicio-de-las-empresas-y-no-de-los-peatones\/","url":"https:\/\/vocesdelacomuna15.com.ar\/press\/tragedia-anunciada-en-caba-una-gestion-de-veredas-al-servicio-de-las-empresas-y-no-de-los-peatones\/","name":"Tragedia anunciada en CABA: una gesti\u00f3n de veredas al servicio de las empresas y no de los peatones - Voces de la Comuna 15","isPartOf":{"@id":"https:\/\/vocesdelacomuna15.com.ar\/press\/#website"},"primaryImageOfPage":{"@id":"https:\/\/vocesdelacomuna15.com.ar\/press\/tragedia-anunciada-en-caba-una-gestion-de-veredas-al-servicio-de-las-empresas-y-no-de-los-peatones\/#primaryimage"},"image":{"@id":"https:\/\/vocesdelacomuna15.com.ar\/press\/tragedia-anunciada-en-caba-una-gestion-de-veredas-al-servicio-de-las-empresas-y-no-de-los-peatones\/#primaryimage"},"thumbnailUrl":"https:\/\/vocesdelacomuna15.com.ar\/wp-content\/uploads\/2023\/09\/rumbos.png","datePublished":"2023-09-12T23:39:28+00:00","dateModified":"2023-09-12T23:39:30+00:00","description":"Voces de la Comuna 15","breadcrumb":{"@id":"https:\/\/vocesdelacomuna15.com.ar\/press\/tragedia-anunciada-en-caba-una-gestion-de-veredas-al-servicio-de-las-empresas-y-no-de-los-peatones\/#breadcrumb"},"inLanguage":"es-AR","potentialAction":[{"@type":"ReadAction","target":["https:\/\/vocesdelacomuna15.com.ar\/press\/tragedia-anunciada-en-caba-una-gestion-de-veredas-al-servicio-de-las-empresas-y-no-de-los-peatones\/"]}]},{"@type":"ImageObject","inLanguage":"es-AR","@id":"https:\/\/vocesdelacomuna15.com.ar\/press\/tragedia-anunciada-en-caba-una-gestion-de-veredas-al-servicio-de-las-empresas-y-no-de-los-peatones\/#primaryimage","url":"https:\/\/vocesdelacomuna15.com.ar\/wp-content\/uploads\/2023\/09\/rumbos.png","contentUrl":"https:\/\/vocesdelacomuna15.com.ar\/wp-content\/uploads\/2023\/09\/rumbos.png","width":579,"height":464},{"@type":"BreadcrumbList","@id":"https:\/\/vocesdelacomuna15.com.ar\/press\/tragedia-anunciada-en-caba-una-gestion-de-veredas-al-servicio-de-las-empresas-y-no-de-los-peatones\/#breadcrumb","itemListElement":[{"@type":"ListItem","position":1,"name":"Inicio","item":"https:\/\/vocesdelacomuna15.com.ar\/press\/"},{"@type":"ListItem","position":2,"name":"Tragedia anunciada en CABA: una gesti\u00f3n de veredas al servicio de las empresas y no de los peatones"}]},{"@type":"WebSite","@id":"https:\/\/vocesdelacomuna15.com.ar\/press\/#website","url":"https:\/\/vocesdelacomuna15.com.ar\/press\/","name":"Voces de la Comuna 15","description":"Sitio web de noticias","publisher":{"@id":"https:\/\/vocesdelacomuna15.com.ar\/press\/#organization"},"potentialAction":[{"@type":"SearchAction","target":{"@type":"EntryPoint","urlTemplate":"https:\/\/vocesdelacomuna15.com.ar\/press\/?s={search_term_string}"},"query-input":{"@type":"PropertyValueSpecification","valueRequired":true,"valueName":"search_term_string"}}],"inLanguage":"es-AR"},{"@type":"Organization","@id":"https:\/\/vocesdelacomuna15.com.ar\/press\/#organization","name":"Voces de la Comuna 15","url":"https:\/\/vocesdelacomuna15.com.ar\/press\/","logo":{"@type":"ImageObject","inLanguage":"es-AR","@id":"https:\/\/vocesdelacomuna15.com.ar\/press\/#\/schema\/logo\/image\/","url":"https:\/\/vocesdelacomuna15.com.ar\/wp-content\/uploads\/2024\/12\/cropped-logo_voces.jpg","contentUrl":"https:\/\/vocesdelacomuna15.com.ar\/wp-content\/uploads\/2024\/12\/cropped-logo_voces.jpg","width":512,"height":512,"caption":"Voces de la Comuna 15"},"image":{"@id":"https:\/\/vocesdelacomuna15.com.ar\/press\/#\/schema\/logo\/image\/"},"sameAs":["https:\/\/www.facebook.com\/VocesComuna15\/","https:\/\/x.com\/vocescomuna15"]},{"@type":"Person","@id":"https:\/\/vocesdelacomuna15.com.ar\/press\/#\/schema\/person\/4739e109db25d799cd3d139eeb509e43","name":"Federico Arguto","image":{"@type":"ImageObject","inLanguage":"es-AR","@id":"https:\/\/vocesdelacomuna15.com.ar\/wp-content\/litespeed\/avatar\/82faf979976f1bae889b8b71f8a0a7e5.jpg?ver=1776814847","url":"https:\/\/vocesdelacomuna15.com.ar\/wp-content\/litespeed\/avatar\/82faf979976f1bae889b8b71f8a0a7e5.jpg?ver=1776814847","contentUrl":"https:\/\/vocesdelacomuna15.com.ar\/wp-content\/litespeed\/avatar\/82faf979976f1bae889b8b71f8a0a7e5.jpg?ver=1776814847","caption":"Federico Arguto"},"url":"https:\/\/vocesdelacomuna15.com.ar\/press\/author\/fede\/"}]}},"_links":{"self":[{"href":"https:\/\/vocesdelacomuna15.com.ar\/press\/wp-json\/wp\/v2\/posts\/61127","targetHints":{"allow":["GET"]}}],"collection":[{"href":"https:\/\/vocesdelacomuna15.com.ar\/press\/wp-json\/wp\/v2\/posts"}],"about":[{"href":"https:\/\/vocesdelacomuna15.com.ar\/press\/wp-json\/wp\/v2\/types\/post"}],"author":[{"embeddable":true,"href":"https:\/\/vocesdelacomuna15.com.ar\/press\/wp-json\/wp\/v2\/users\/2"}],"replies":[{"embeddable":true,"href":"https:\/\/vocesdelacomuna15.com.ar\/press\/wp-json\/wp\/v2\/comments?post=61127"}],"version-history":[{"count":1,"href":"https:\/\/vocesdelacomuna15.com.ar\/press\/wp-json\/wp\/v2\/posts\/61127\/revisions"}],"predecessor-version":[{"id":61129,"href":"https:\/\/vocesdelacomuna15.com.ar\/press\/wp-json\/wp\/v2\/posts\/61127\/revisions\/61129"}],"wp:featuredmedia":[{"embeddable":true,"href":"https:\/\/vocesdelacomuna15.com.ar\/press\/wp-json\/wp\/v2\/media\/61128"}],"wp:attachment":[{"href":"https:\/\/vocesdelacomuna15.com.ar\/press\/wp-json\/wp\/v2\/media?parent=61127"}],"wp:term":[{"taxonomy":"category","embeddable":true,"href":"https:\/\/vocesdelacomuna15.com.ar\/press\/wp-json\/wp\/v2\/categories?post=61127"},{"taxonomy":"post_tag","embeddable":true,"href":"https:\/\/vocesdelacomuna15.com.ar\/press\/wp-json\/wp\/v2\/tags?post=61127"}],"curies":[{"name":"wp","href":"https:\/\/api.w.org\/{rel}","templated":true}]}}