{"id":61119,"date":"2023-09-12T14:36:00","date_gmt":"2023-09-12T17:36:00","guid":{"rendered":"https:\/\/vocesdelacomuna15.com.ar\/?p=61119"},"modified":"2023-09-12T14:36:01","modified_gmt":"2023-09-12T17:36:01","slug":"sergio-massa-anuncio-que-el-nuevo-piso-del-impuesto-a-las-ganancias-sera-1-770-000","status":"publish","type":"post","link":"https:\/\/vocesdelacomuna15.com.ar\/press\/sergio-massa-anuncio-que-el-nuevo-piso-del-impuesto-a-las-ganancias-sera-1-770-000\/","title":{"rendered":"Sergio Massa anunci\u00f3 que el nuevo piso del Impuesto a las Ganancias ser\u00e1 $1.770.000"},"content":{"rendered":"\n<p>Tras reunirse con gremios y legisladores, el ministro de Econom\u00eda y candidato a presidente por Uni\u00f3n por la Patria realiz\u00f3 un acto en Plaza de Mayo en el que comunic\u00f3 las modificaciones en el Impuesto. Fuente: Diario Popular<\/p>\n\n\n\n<p>Link a nota original: <a href=\"https:\/\/www.diariopopular.com.ar\/politica\/sergio-massa-anuncio-que-el-nuevo-piso-del-impuesto-las-ganancias-sera-1770000-n740980\">https:\/\/www.diariopopular.com.ar\/politica\/sergio-massa-anuncio-que-el-nuevo-piso-del-impuesto-las-ganancias-sera-1770000-n740980<\/a><\/p>\n\n\n\n<p>El ministro de Econom\u00eda, <strong>Sergio Massa<\/strong>, anunci\u00f3 esta tarde (por la del lunes 11 de septiembre) que a partir del 1 de octubre pr\u00f3ximo el nuevo piso del <strong>Impuesto a las Ganancias<\/strong> subir\u00e1 hasta <strong>$1.770.000 mensuales<\/strong>, lo que reducir\u00e1 su impacto en los sueldos y las jubilaciones, todo con ajustes semestrales.As\u00ed lo hizo tras un encuentro que mantuvo en el Palacio de Hacienda con los principales dirigentes de la Confederaci\u00f3n General del Trabajo (CGT) y de la CTA y a autoridades de la C\u00e1mara de Diputados, donde se precis\u00f3 que <strong>el piso ser\u00e1 equivalente a 15 Salarios M\u00ednimos Vitales y M\u00f3viles mensuales.<\/strong><\/p>\n\n\n\n<p>Para comunicarlo, Massa realiz\u00f3 un acto en Plaza de Mayo ante una multitud de trabajadores de distintos gremios que celebraron la medida impulsada por el candidato a presidente por Uni\u00f3n por la Patria (UxP).<\/p>\n\n\n\n<p>Video (Fuente: Sergio Massa- You Tube): https:\/\/www.youtube.com\/watch?v=P3KpsEmqQqA<\/p>\n\n\n\n<p><strong>Sergio Massa <\/strong>asegur\u00f3 que la suba del impuesto a los bienes importados y la mejora en la recaudaci\u00f3n, por el impacto sobre el consumo de los recursos que ahora tendr\u00e1n disponibles los cerca de 800.000 trabajadores que dejar\u00e1n de pagar el Impuesto a las Ganancias, &#8220;van a servir para financiar la eliminaci\u00f3n del tributo&#8221;.<\/p>\n\n\n\n<p>Afirm\u00f3 que \u201cen los pr\u00f3ximos 45 d\u00edas se juega el futuro de la Argentina\u201d, al hablar en la puerta del Palacio de Hacienda frente a trabajadores de la Confederaci\u00f3n General del Trabajo y de la Central Aut\u00f3noma de Trabajadores.<\/p>\n\n\n\n<p>En ese marco, les pidi\u00f3 a los trabajadores hacer \u201ctodo el esfuerzo posible para construir el 22 de octubre el triunfo de los trabajadores, de la Argentina y el peronismo\u201d.<\/p>\n\n\n\n<figure class=\"wp-block-image size-full\"><img loading=\"lazy\" decoding=\"async\" width=\"751\" height=\"417\" src=\"https:\/\/vocesdelacomuna15.com.ar\/wp-content\/uploads\/2023\/09\/massa2.png\" alt=\"\" class=\"wp-image-61121\" srcset=\"https:\/\/vocesdelacomuna15.com.ar\/wp-content\/uploads\/2023\/09\/massa2.png 751w, https:\/\/vocesdelacomuna15.com.ar\/wp-content\/uploads\/2023\/09\/massa2-300x167.png 300w\" sizes=\"(max-width: 751px) 100vw, 751px\" \/><\/figure>\n\n\n\n<p><em>Sergio Massa, junto a l\u00edderes sindicales<\/em><\/p>\n\n\n\n<p><\/p>\n\n\n\n<p><strong>Gremio minero apoy\u00f3 decisi\u00f3n de Massa sobre Ganancias y pidi\u00f3 nueva matriz productiva<\/strong><\/p>\n\n\n\n<p><\/p>\n\n\n\n<p><strong>La Asociaci\u00f3n Obrera Minera Argentina (AOMA) <\/strong>respald\u00f3 hoy la decisi\u00f3n del ministro de Econom\u00eda y candidato presidencial de Uni\u00f3n por la Patria (UXP), <strong>Sergio Massa, <\/strong>de producir &#8220;la quita de Ganancias a los trabajadores, que es un tributo que no los favorece&#8221;, y se pronunci\u00f3 por &#8220;una matriz productiva nacional que revalorice a los trabajadores&#8221;.<\/p>\n\n\n\n<p>Un documento del gremio que lidera a nivel nacional H\u00e9ctor Laplace sostuvo que el Impuesto a las Ganancias solo &#8220;perjudica a los trabajadores&#8221;; se\u00f1al\u00f3 que hasta &#8220;el hartazgo el sindicato afirm\u00f3 que el salario no es ganancia&#8221; y respald\u00f3 la decisi\u00f3n de Massa.<\/p>\n\n\n\n<p>&#8220;En consonancia con la Confederaci\u00f3n General del Trabajo (CGT), el gremio minero adhiere a la movilizaci\u00f3n en apoyo de la quita de Ganancias en favor de la mayor\u00eda de los trabajadores. El futuro econ\u00f3mico del pa\u00eds debe tener una matriz productiva que revalorice al trabajador, por lo que derogar impuestos que lo agobian es un buen principio&#8221;, afirm\u00f3.<\/p>\n\n\n\n<p>Por su parte, el secretario adjunto del Sindicato de Mec\u00e1nicos y Afines del Automotor (Smata) y candidato a diputado nacional, <strong>Mario \u201cPaco\u201d Manrique,<\/strong> afirm\u00f3 hoy que \u201cla gran mayor\u00eda de los trabajadores&#8221; votar\u00e1 al candidato a presidente de Uni\u00f3n por la Patria, Sergio Massa, y pronostic\u00f3 que, &#8220;por sentido de supervivencia, la gente va a darse cuenta que la \u00fanica opci\u00f3n seria&#8221; en octubre es la del ministro de Econom\u00eda.<\/p>\n\n\n\n<p>\u201cCuando la gente se de cuenta de que el enojo no es buen conducente, se va a volcar a las urnas y va a saber elegir\u201d, evalu\u00f3 en di\u00e1logo con El Destape el secretario gremial de la Confederaci\u00f3n General del Trabajo de la Rep\u00fablica Argentina.<\/p>\n\n\n\n<p>En otro orden, ante la inminencia de anuncios sobre una eventual quita en el impuesto a las ganancias, el dirigente consider\u00f3 que ese tipo de modificaciones &#8220;son un paso importante hacia la eliminaci\u00f3n&#8221; de esa obligaci\u00f3n fiscal.<\/p>\n\n\n\n<p>En cuanto a las elecciones presidenciales de octubre pr\u00f3ximo, Manrique insisti\u00f3 con que el sector que representa \u201cva a votar a Massa en su gran mayor\u00eda\u201d.<\/p>\n<div class=\"pvc_clear\"><\/div><p id=\"pvc_stats_61119\" class=\"pvc_stats all  \" data-element-id=\"61119\" style=\"\"><i class=\"pvc-stats-icon small\" aria-hidden=\"true\"><svg aria-hidden=\"true\" focusable=\"false\" data-prefix=\"far\" data-icon=\"chart-bar\" role=\"img\" xmlns=\"http:\/\/www.w3.org\/2000\/svg\" viewBox=\"0 0 512 512\" class=\"svg-inline--fa fa-chart-bar fa-w-16 fa-2x\"><path fill=\"currentColor\" d=\"M396.8 352h22.4c6.4 0 12.8-6.4 12.8-12.8V108.8c0-6.4-6.4-12.8-12.8-12.8h-22.4c-6.4 0-12.8 6.4-12.8 12.8v230.4c0 6.4 6.4 12.8 12.8 12.8zm-192 0h22.4c6.4 0 12.8-6.4 12.8-12.8V140.8c0-6.4-6.4-12.8-12.8-12.8h-22.4c-6.4 0-12.8 6.4-12.8 12.8v198.4c0 6.4 6.4 12.8 12.8 12.8zm96 0h22.4c6.4 0 12.8-6.4 12.8-12.8V204.8c0-6.4-6.4-12.8-12.8-12.8h-22.4c-6.4 0-12.8 6.4-12.8 12.8v134.4c0 6.4 6.4 12.8 12.8 12.8zM496 400H48V80c0-8.84-7.16-16-16-16H16C7.16 64 0 71.16 0 80v336c0 17.67 14.33 32 32 32h464c8.84 0 16-7.16 16-16v-16c0-8.84-7.16-16-16-16zm-387.2-48h22.4c6.4 0 12.8-6.4 12.8-12.8v-70.4c0-6.4-6.4-12.8-12.8-12.8h-22.4c-6.4 0-12.8 6.4-12.8 12.8v70.4c0 6.4 6.4 12.8 12.8 12.8z\" class=\"\"><\/path><\/svg><\/i> <img loading=\"lazy\" decoding=\"async\" width=\"16\" height=\"16\" alt=\"Loading\" src=\"https:\/\/vocesdelacomuna15.com.ar\/wp-content\/plugins\/page-views-count\/ajax-loader-2x.gif\" border=0 \/><\/p><div class=\"pvc_clear\"><\/div>","protected":false},"excerpt":{"rendered":"<p>Tras reunirse con gremios y legisladores, el ministro de Econom\u00eda y candidato a presidente por Uni\u00f3n por la Patria realiz\u00f3 un acto en Plaza de Mayo en el que comunic\u00f3 las modificaciones en el Impuesto. Fuente: Diario Popular Link a nota original: https:\/\/www.diariopopular.com.ar\/politica\/sergio-massa-anuncio-que-el-nuevo-piso-del-impuesto-las-ganancias-sera-1770000-n740980 El ministro de Econom\u00eda, Sergio Massa, anunci\u00f3 esta tarde (por la del [&hellip;]<\/p>\n<div class=\"pvc_clear\"><\/div>\n<p id=\"pvc_stats_61119\" class=\"pvc_stats all  \" data-element-id=\"61119\" style=\"\"><i class=\"pvc-stats-icon small\" aria-hidden=\"true\"><svg aria-hidden=\"true\" focusable=\"false\" data-prefix=\"far\" data-icon=\"chart-bar\" role=\"img\" xmlns=\"http:\/\/www.w3.org\/2000\/svg\" viewBox=\"0 0 512 512\" class=\"svg-inline--fa fa-chart-bar fa-w-16 fa-2x\"><path fill=\"currentColor\" d=\"M396.8 352h22.4c6.4 0 12.8-6.4 12.8-12.8V108.8c0-6.4-6.4-12.8-12.8-12.8h-22.4c-6.4 0-12.8 6.4-12.8 12.8v230.4c0 6.4 6.4 12.8 12.8 12.8zm-192 0h22.4c6.4 0 12.8-6.4 12.8-12.8V140.8c0-6.4-6.4-12.8-12.8-12.8h-22.4c-6.4 0-12.8 6.4-12.8 12.8v198.4c0 6.4 6.4 12.8 12.8 12.8zm96 0h22.4c6.4 0 12.8-6.4 12.8-12.8V204.8c0-6.4-6.4-12.8-12.8-12.8h-22.4c-6.4 0-12.8 6.4-12.8 12.8v134.4c0 6.4 6.4 12.8 12.8 12.8zM496 400H48V80c0-8.84-7.16-16-16-16H16C7.16 64 0 71.16 0 80v336c0 17.67 14.33 32 32 32h464c8.84 0 16-7.16 16-16v-16c0-8.84-7.16-16-16-16zm-387.2-48h22.4c6.4 0 12.8-6.4 12.8-12.8v-70.4c0-6.4-6.4-12.8-12.8-12.8h-22.4c-6.4 0-12.8 6.4-12.8 12.8v70.4c0 6.4 6.4 12.8 12.8 12.8z\" class=\"\"><\/path><\/svg><\/i> <img loading=\"lazy\" decoding=\"async\" width=\"16\" height=\"16\" alt=\"Loading\" src=\"https:\/\/vocesdelacomuna15.com.ar\/wp-content\/plugins\/page-views-count\/ajax-loader-2x.gif\" border=0 \/><\/p>\n<div class=\"pvc_clear\"><\/div>\n","protected":false},"author":2,"featured_media":61120,"comment_status":"open","ping_status":"open","sticky":false,"template":"","format":"standard","meta":{"_et_pb_use_builder":"off","_et_pb_old_content":"","_et_gb_content_width":"","footnotes":""},"categories":[31],"tags":[],"class_list":["post-61119","post","type-post","status-publish","format-standard","has-post-thumbnail","hentry","category-politica","et-has-post-format-content","et_post_format-et-post-format-standard"],"a3_pvc":{"activated":true,"total_views":32,"today_views":0},"yoast_head":"<!-- This site is optimized with the Yoast SEO plugin v27.5 - https:\/\/yoast.com\/product\/yoast-seo-wordpress\/ -->\n<title>Sergio Massa anunci\u00f3 que el nuevo piso del Impuesto a las Ganancias ser\u00e1 $1.770.000 - Voces de la Comuna 15<\/title>\n<meta name=\"description\" content=\"Voces de la Comuna 15\" \/>\n<meta name=\"robots\" content=\"index, follow, max-snippet:-1, max-image-preview:large, max-video-preview:-1\" \/>\n<link rel=\"canonical\" href=\"https:\/\/vocesdelacomuna15.com.ar\/press\/sergio-massa-anuncio-que-el-nuevo-piso-del-impuesto-a-las-ganancias-sera-1-770-000\/\" \/>\n<meta property=\"og:locale\" content=\"es_ES\" \/>\n<meta property=\"og:type\" content=\"article\" \/>\n<meta property=\"og:title\" content=\"Sergio Massa anunci\u00f3 que el nuevo piso del Impuesto a las Ganancias ser\u00e1 $1.770.000 - Voces de la Comuna 15\" \/>\n<meta property=\"og:description\" content=\"Voces de la Comuna 15\" \/>\n<meta property=\"og:url\" content=\"https:\/\/vocesdelacomuna15.com.ar\/press\/sergio-massa-anuncio-que-el-nuevo-piso-del-impuesto-a-las-ganancias-sera-1-770-000\/\" \/>\n<meta property=\"og:site_name\" content=\"Voces de la Comuna 15\" \/>\n<meta property=\"article:publisher\" content=\"https:\/\/www.facebook.com\/VocesComuna15\/\" \/>\n<meta property=\"article:published_time\" content=\"2023-09-12T17:36:00+00:00\" \/>\n<meta property=\"article:modified_time\" content=\"2023-09-12T17:36:01+00:00\" \/>\n<meta property=\"og:image\" content=\"https:\/\/vocesdelacomuna15.com.ar\/wp-content\/uploads\/2023\/09\/massa.png\" \/>\n\t<meta property=\"og:image:width\" content=\"490\" \/>\n\t<meta property=\"og:image:height\" content=\"376\" \/>\n\t<meta property=\"og:image:type\" content=\"image\/png\" \/>\n<meta name=\"author\" content=\"Federico Arguto\" \/>\n<meta name=\"twitter:card\" content=\"summary_large_image\" \/>\n<meta name=\"twitter:creator\" content=\"@vocescomuna15\" \/>\n<meta name=\"twitter:site\" content=\"@vocescomuna15\" \/>\n<meta name=\"twitter:label1\" content=\"Escrito por\" \/>\n\t<meta name=\"twitter:data1\" content=\"Federico Arguto\" \/>\n\t<meta name=\"twitter:label2\" content=\"Tiempo de lectura\" \/>\n\t<meta name=\"twitter:data2\" content=\"4 minutos\" \/>\n<script type=\"application\/ld+json\" class=\"yoast-schema-graph\">{\"@context\":\"https:\\\/\\\/schema.org\",\"@graph\":[{\"@type\":\"Article\",\"@id\":\"https:\\\/\\\/vocesdelacomuna15.com.ar\\\/press\\\/sergio-massa-anuncio-que-el-nuevo-piso-del-impuesto-a-las-ganancias-sera-1-770-000\\\/#article\",\"isPartOf\":{\"@id\":\"https:\\\/\\\/vocesdelacomuna15.com.ar\\\/press\\\/sergio-massa-anuncio-que-el-nuevo-piso-del-impuesto-a-las-ganancias-sera-1-770-000\\\/\"},\"author\":{\"name\":\"Federico Arguto\",\"@id\":\"https:\\\/\\\/vocesdelacomuna15.com.ar\\\/press\\\/#\\\/schema\\\/person\\\/4739e109db25d799cd3d139eeb509e43\"},\"headline\":\"Sergio Massa anunci\u00f3 que el nuevo piso del Impuesto a las Ganancias ser\u00e1 $1.770.000\",\"datePublished\":\"2023-09-12T17:36:00+00:00\",\"dateModified\":\"2023-09-12T17:36:01+00:00\",\"mainEntityOfPage\":{\"@id\":\"https:\\\/\\\/vocesdelacomuna15.com.ar\\\/press\\\/sergio-massa-anuncio-que-el-nuevo-piso-del-impuesto-a-las-ganancias-sera-1-770-000\\\/\"},\"wordCount\":726,\"commentCount\":0,\"publisher\":{\"@id\":\"https:\\\/\\\/vocesdelacomuna15.com.ar\\\/press\\\/#organization\"},\"image\":{\"@id\":\"https:\\\/\\\/vocesdelacomuna15.com.ar\\\/press\\\/sergio-massa-anuncio-que-el-nuevo-piso-del-impuesto-a-las-ganancias-sera-1-770-000\\\/#primaryimage\"},\"thumbnailUrl\":\"https:\\\/\\\/vocesdelacomuna15.com.ar\\\/wp-content\\\/uploads\\\/2023\\\/09\\\/massa.png\",\"articleSection\":[\"Pol\u00edtica\"],\"inLanguage\":\"es-AR\",\"potentialAction\":[{\"@type\":\"CommentAction\",\"name\":\"Comment\",\"target\":[\"https:\\\/\\\/vocesdelacomuna15.com.ar\\\/press\\\/sergio-massa-anuncio-que-el-nuevo-piso-del-impuesto-a-las-ganancias-sera-1-770-000\\\/#respond\"]}]},{\"@type\":\"WebPage\",\"@id\":\"https:\\\/\\\/vocesdelacomuna15.com.ar\\\/press\\\/sergio-massa-anuncio-que-el-nuevo-piso-del-impuesto-a-las-ganancias-sera-1-770-000\\\/\",\"url\":\"https:\\\/\\\/vocesdelacomuna15.com.ar\\\/press\\\/sergio-massa-anuncio-que-el-nuevo-piso-del-impuesto-a-las-ganancias-sera-1-770-000\\\/\",\"name\":\"Sergio Massa anunci\u00f3 que el nuevo piso del Impuesto a las Ganancias ser\u00e1 $1.770.000 - Voces de la Comuna 15\",\"isPartOf\":{\"@id\":\"https:\\\/\\\/vocesdelacomuna15.com.ar\\\/press\\\/#website\"},\"primaryImageOfPage\":{\"@id\":\"https:\\\/\\\/vocesdelacomuna15.com.ar\\\/press\\\/sergio-massa-anuncio-que-el-nuevo-piso-del-impuesto-a-las-ganancias-sera-1-770-000\\\/#primaryimage\"},\"image\":{\"@id\":\"https:\\\/\\\/vocesdelacomuna15.com.ar\\\/press\\\/sergio-massa-anuncio-que-el-nuevo-piso-del-impuesto-a-las-ganancias-sera-1-770-000\\\/#primaryimage\"},\"thumbnailUrl\":\"https:\\\/\\\/vocesdelacomuna15.com.ar\\\/wp-content\\\/uploads\\\/2023\\\/09\\\/massa.png\",\"datePublished\":\"2023-09-12T17:36:00+00:00\",\"dateModified\":\"2023-09-12T17:36:01+00:00\",\"description\":\"Voces de la Comuna 15\",\"breadcrumb\":{\"@id\":\"https:\\\/\\\/vocesdelacomuna15.com.ar\\\/press\\\/sergio-massa-anuncio-que-el-nuevo-piso-del-impuesto-a-las-ganancias-sera-1-770-000\\\/#breadcrumb\"},\"inLanguage\":\"es-AR\",\"potentialAction\":[{\"@type\":\"ReadAction\",\"target\":[\"https:\\\/\\\/vocesdelacomuna15.com.ar\\\/press\\\/sergio-massa-anuncio-que-el-nuevo-piso-del-impuesto-a-las-ganancias-sera-1-770-000\\\/\"]}]},{\"@type\":\"ImageObject\",\"inLanguage\":\"es-AR\",\"@id\":\"https:\\\/\\\/vocesdelacomuna15.com.ar\\\/press\\\/sergio-massa-anuncio-que-el-nuevo-piso-del-impuesto-a-las-ganancias-sera-1-770-000\\\/#primaryimage\",\"url\":\"https:\\\/\\\/vocesdelacomuna15.com.ar\\\/wp-content\\\/uploads\\\/2023\\\/09\\\/massa.png\",\"contentUrl\":\"https:\\\/\\\/vocesdelacomuna15.com.ar\\\/wp-content\\\/uploads\\\/2023\\\/09\\\/massa.png\",\"width\":490,\"height\":376},{\"@type\":\"BreadcrumbList\",\"@id\":\"https:\\\/\\\/vocesdelacomuna15.com.ar\\\/press\\\/sergio-massa-anuncio-que-el-nuevo-piso-del-impuesto-a-las-ganancias-sera-1-770-000\\\/#breadcrumb\",\"itemListElement\":[{\"@type\":\"ListItem\",\"position\":1,\"name\":\"Inicio\",\"item\":\"https:\\\/\\\/vocesdelacomuna15.com.ar\\\/press\\\/\"},{\"@type\":\"ListItem\",\"position\":2,\"name\":\"Sergio Massa anunci\u00f3 que el nuevo piso del Impuesto a las Ganancias ser\u00e1 $1.770.000\"}]},{\"@type\":\"WebSite\",\"@id\":\"https:\\\/\\\/vocesdelacomuna15.com.ar\\\/press\\\/#website\",\"url\":\"https:\\\/\\\/vocesdelacomuna15.com.ar\\\/press\\\/\",\"name\":\"Voces de la Comuna 15\",\"description\":\"Sitio web de noticias\",\"publisher\":{\"@id\":\"https:\\\/\\\/vocesdelacomuna15.com.ar\\\/press\\\/#organization\"},\"potentialAction\":[{\"@type\":\"SearchAction\",\"target\":{\"@type\":\"EntryPoint\",\"urlTemplate\":\"https:\\\/\\\/vocesdelacomuna15.com.ar\\\/press\\\/?s={search_term_string}\"},\"query-input\":{\"@type\":\"PropertyValueSpecification\",\"valueRequired\":true,\"valueName\":\"search_term_string\"}}],\"inLanguage\":\"es-AR\"},{\"@type\":\"Organization\",\"@id\":\"https:\\\/\\\/vocesdelacomuna15.com.ar\\\/press\\\/#organization\",\"name\":\"Voces de la Comuna 15\",\"url\":\"https:\\\/\\\/vocesdelacomuna15.com.ar\\\/press\\\/\",\"logo\":{\"@type\":\"ImageObject\",\"inLanguage\":\"es-AR\",\"@id\":\"https:\\\/\\\/vocesdelacomuna15.com.ar\\\/press\\\/#\\\/schema\\\/logo\\\/image\\\/\",\"url\":\"https:\\\/\\\/vocesdelacomuna15.com.ar\\\/wp-content\\\/uploads\\\/2024\\\/12\\\/cropped-logo_voces.jpg\",\"contentUrl\":\"https:\\\/\\\/vocesdelacomuna15.com.ar\\\/wp-content\\\/uploads\\\/2024\\\/12\\\/cropped-logo_voces.jpg\",\"width\":512,\"height\":512,\"caption\":\"Voces de la Comuna 15\"},\"image\":{\"@id\":\"https:\\\/\\\/vocesdelacomuna15.com.ar\\\/press\\\/#\\\/schema\\\/logo\\\/image\\\/\"},\"sameAs\":[\"https:\\\/\\\/www.facebook.com\\\/VocesComuna15\\\/\",\"https:\\\/\\\/x.com\\\/vocescomuna15\"]},{\"@type\":\"Person\",\"@id\":\"https:\\\/\\\/vocesdelacomuna15.com.ar\\\/press\\\/#\\\/schema\\\/person\\\/4739e109db25d799cd3d139eeb509e43\",\"name\":\"Federico Arguto\",\"image\":{\"@type\":\"ImageObject\",\"inLanguage\":\"es-AR\",\"@id\":\"https:\\\/\\\/vocesdelacomuna15.com.ar\\\/wp-content\\\/litespeed\\\/avatar\\\/82faf979976f1bae889b8b71f8a0a7e5.jpg?ver=1777419741\",\"url\":\"https:\\\/\\\/vocesdelacomuna15.com.ar\\\/wp-content\\\/litespeed\\\/avatar\\\/82faf979976f1bae889b8b71f8a0a7e5.jpg?ver=1777419741\",\"contentUrl\":\"https:\\\/\\\/vocesdelacomuna15.com.ar\\\/wp-content\\\/litespeed\\\/avatar\\\/82faf979976f1bae889b8b71f8a0a7e5.jpg?ver=1777419741\",\"caption\":\"Federico Arguto\"},\"url\":\"https:\\\/\\\/vocesdelacomuna15.com.ar\\\/press\\\/author\\\/fede\\\/\"}]}<\/script>\n<!-- \/ Yoast SEO plugin. -->","yoast_head_json":{"title":"Sergio Massa anunci\u00f3 que el nuevo piso del Impuesto a las Ganancias ser\u00e1 $1.770.000 - Voces de la Comuna 15","description":"Voces de la Comuna 15","robots":{"index":"index","follow":"follow","max-snippet":"max-snippet:-1","max-image-preview":"max-image-preview:large","max-video-preview":"max-video-preview:-1"},"canonical":"https:\/\/vocesdelacomuna15.com.ar\/press\/sergio-massa-anuncio-que-el-nuevo-piso-del-impuesto-a-las-ganancias-sera-1-770-000\/","og_locale":"es_ES","og_type":"article","og_title":"Sergio Massa anunci\u00f3 que el nuevo piso del Impuesto a las Ganancias ser\u00e1 $1.770.000 - Voces de la Comuna 15","og_description":"Voces de la Comuna 15","og_url":"https:\/\/vocesdelacomuna15.com.ar\/press\/sergio-massa-anuncio-que-el-nuevo-piso-del-impuesto-a-las-ganancias-sera-1-770-000\/","og_site_name":"Voces de la Comuna 15","article_publisher":"https:\/\/www.facebook.com\/VocesComuna15\/","article_published_time":"2023-09-12T17:36:00+00:00","article_modified_time":"2023-09-12T17:36:01+00:00","og_image":[{"width":490,"height":376,"url":"https:\/\/vocesdelacomuna15.com.ar\/wp-content\/uploads\/2023\/09\/massa.png","type":"image\/png"}],"author":"Federico Arguto","twitter_card":"summary_large_image","twitter_creator":"@vocescomuna15","twitter_site":"@vocescomuna15","twitter_misc":{"Escrito por":"Federico Arguto","Tiempo de lectura":"4 minutos"},"schema":{"@context":"https:\/\/schema.org","@graph":[{"@type":"Article","@id":"https:\/\/vocesdelacomuna15.com.ar\/press\/sergio-massa-anuncio-que-el-nuevo-piso-del-impuesto-a-las-ganancias-sera-1-770-000\/#article","isPartOf":{"@id":"https:\/\/vocesdelacomuna15.com.ar\/press\/sergio-massa-anuncio-que-el-nuevo-piso-del-impuesto-a-las-ganancias-sera-1-770-000\/"},"author":{"name":"Federico Arguto","@id":"https:\/\/vocesdelacomuna15.com.ar\/press\/#\/schema\/person\/4739e109db25d799cd3d139eeb509e43"},"headline":"Sergio Massa anunci\u00f3 que el nuevo piso del Impuesto a las Ganancias ser\u00e1 $1.770.000","datePublished":"2023-09-12T17:36:00+00:00","dateModified":"2023-09-12T17:36:01+00:00","mainEntityOfPage":{"@id":"https:\/\/vocesdelacomuna15.com.ar\/press\/sergio-massa-anuncio-que-el-nuevo-piso-del-impuesto-a-las-ganancias-sera-1-770-000\/"},"wordCount":726,"commentCount":0,"publisher":{"@id":"https:\/\/vocesdelacomuna15.com.ar\/press\/#organization"},"image":{"@id":"https:\/\/vocesdelacomuna15.com.ar\/press\/sergio-massa-anuncio-que-el-nuevo-piso-del-impuesto-a-las-ganancias-sera-1-770-000\/#primaryimage"},"thumbnailUrl":"https:\/\/vocesdelacomuna15.com.ar\/wp-content\/uploads\/2023\/09\/massa.png","articleSection":["Pol\u00edtica"],"inLanguage":"es-AR","potentialAction":[{"@type":"CommentAction","name":"Comment","target":["https:\/\/vocesdelacomuna15.com.ar\/press\/sergio-massa-anuncio-que-el-nuevo-piso-del-impuesto-a-las-ganancias-sera-1-770-000\/#respond"]}]},{"@type":"WebPage","@id":"https:\/\/vocesdelacomuna15.com.ar\/press\/sergio-massa-anuncio-que-el-nuevo-piso-del-impuesto-a-las-ganancias-sera-1-770-000\/","url":"https:\/\/vocesdelacomuna15.com.ar\/press\/sergio-massa-anuncio-que-el-nuevo-piso-del-impuesto-a-las-ganancias-sera-1-770-000\/","name":"Sergio Massa anunci\u00f3 que el nuevo piso del Impuesto a las Ganancias ser\u00e1 $1.770.000 - Voces de la Comuna 15","isPartOf":{"@id":"https:\/\/vocesdelacomuna15.com.ar\/press\/#website"},"primaryImageOfPage":{"@id":"https:\/\/vocesdelacomuna15.com.ar\/press\/sergio-massa-anuncio-que-el-nuevo-piso-del-impuesto-a-las-ganancias-sera-1-770-000\/#primaryimage"},"image":{"@id":"https:\/\/vocesdelacomuna15.com.ar\/press\/sergio-massa-anuncio-que-el-nuevo-piso-del-impuesto-a-las-ganancias-sera-1-770-000\/#primaryimage"},"thumbnailUrl":"https:\/\/vocesdelacomuna15.com.ar\/wp-content\/uploads\/2023\/09\/massa.png","datePublished":"2023-09-12T17:36:00+00:00","dateModified":"2023-09-12T17:36:01+00:00","description":"Voces de la Comuna 15","breadcrumb":{"@id":"https:\/\/vocesdelacomuna15.com.ar\/press\/sergio-massa-anuncio-que-el-nuevo-piso-del-impuesto-a-las-ganancias-sera-1-770-000\/#breadcrumb"},"inLanguage":"es-AR","potentialAction":[{"@type":"ReadAction","target":["https:\/\/vocesdelacomuna15.com.ar\/press\/sergio-massa-anuncio-que-el-nuevo-piso-del-impuesto-a-las-ganancias-sera-1-770-000\/"]}]},{"@type":"ImageObject","inLanguage":"es-AR","@id":"https:\/\/vocesdelacomuna15.com.ar\/press\/sergio-massa-anuncio-que-el-nuevo-piso-del-impuesto-a-las-ganancias-sera-1-770-000\/#primaryimage","url":"https:\/\/vocesdelacomuna15.com.ar\/wp-content\/uploads\/2023\/09\/massa.png","contentUrl":"https:\/\/vocesdelacomuna15.com.ar\/wp-content\/uploads\/2023\/09\/massa.png","width":490,"height":376},{"@type":"BreadcrumbList","@id":"https:\/\/vocesdelacomuna15.com.ar\/press\/sergio-massa-anuncio-que-el-nuevo-piso-del-impuesto-a-las-ganancias-sera-1-770-000\/#breadcrumb","itemListElement":[{"@type":"ListItem","position":1,"name":"Inicio","item":"https:\/\/vocesdelacomuna15.com.ar\/press\/"},{"@type":"ListItem","position":2,"name":"Sergio Massa anunci\u00f3 que el nuevo piso del Impuesto a las Ganancias ser\u00e1 $1.770.000"}]},{"@type":"WebSite","@id":"https:\/\/vocesdelacomuna15.com.ar\/press\/#website","url":"https:\/\/vocesdelacomuna15.com.ar\/press\/","name":"Voces de la Comuna 15","description":"Sitio web de noticias","publisher":{"@id":"https:\/\/vocesdelacomuna15.com.ar\/press\/#organization"},"potentialAction":[{"@type":"SearchAction","target":{"@type":"EntryPoint","urlTemplate":"https:\/\/vocesdelacomuna15.com.ar\/press\/?s={search_term_string}"},"query-input":{"@type":"PropertyValueSpecification","valueRequired":true,"valueName":"search_term_string"}}],"inLanguage":"es-AR"},{"@type":"Organization","@id":"https:\/\/vocesdelacomuna15.com.ar\/press\/#organization","name":"Voces de la Comuna 15","url":"https:\/\/vocesdelacomuna15.com.ar\/press\/","logo":{"@type":"ImageObject","inLanguage":"es-AR","@id":"https:\/\/vocesdelacomuna15.com.ar\/press\/#\/schema\/logo\/image\/","url":"https:\/\/vocesdelacomuna15.com.ar\/wp-content\/uploads\/2024\/12\/cropped-logo_voces.jpg","contentUrl":"https:\/\/vocesdelacomuna15.com.ar\/wp-content\/uploads\/2024\/12\/cropped-logo_voces.jpg","width":512,"height":512,"caption":"Voces de la Comuna 15"},"image":{"@id":"https:\/\/vocesdelacomuna15.com.ar\/press\/#\/schema\/logo\/image\/"},"sameAs":["https:\/\/www.facebook.com\/VocesComuna15\/","https:\/\/x.com\/vocescomuna15"]},{"@type":"Person","@id":"https:\/\/vocesdelacomuna15.com.ar\/press\/#\/schema\/person\/4739e109db25d799cd3d139eeb509e43","name":"Federico Arguto","image":{"@type":"ImageObject","inLanguage":"es-AR","@id":"https:\/\/vocesdelacomuna15.com.ar\/wp-content\/litespeed\/avatar\/82faf979976f1bae889b8b71f8a0a7e5.jpg?ver=1777419741","url":"https:\/\/vocesdelacomuna15.com.ar\/wp-content\/litespeed\/avatar\/82faf979976f1bae889b8b71f8a0a7e5.jpg?ver=1777419741","contentUrl":"https:\/\/vocesdelacomuna15.com.ar\/wp-content\/litespeed\/avatar\/82faf979976f1bae889b8b71f8a0a7e5.jpg?ver=1777419741","caption":"Federico Arguto"},"url":"https:\/\/vocesdelacomuna15.com.ar\/press\/author\/fede\/"}]}},"_links":{"self":[{"href":"https:\/\/vocesdelacomuna15.com.ar\/press\/wp-json\/wp\/v2\/posts\/61119","targetHints":{"allow":["GET"]}}],"collection":[{"href":"https:\/\/vocesdelacomuna15.com.ar\/press\/wp-json\/wp\/v2\/posts"}],"about":[{"href":"https:\/\/vocesdelacomuna15.com.ar\/press\/wp-json\/wp\/v2\/types\/post"}],"author":[{"embeddable":true,"href":"https:\/\/vocesdelacomuna15.com.ar\/press\/wp-json\/wp\/v2\/users\/2"}],"replies":[{"embeddable":true,"href":"https:\/\/vocesdelacomuna15.com.ar\/press\/wp-json\/wp\/v2\/comments?post=61119"}],"version-history":[{"count":1,"href":"https:\/\/vocesdelacomuna15.com.ar\/press\/wp-json\/wp\/v2\/posts\/61119\/revisions"}],"predecessor-version":[{"id":61122,"href":"https:\/\/vocesdelacomuna15.com.ar\/press\/wp-json\/wp\/v2\/posts\/61119\/revisions\/61122"}],"wp:featuredmedia":[{"embeddable":true,"href":"https:\/\/vocesdelacomuna15.com.ar\/press\/wp-json\/wp\/v2\/media\/61120"}],"wp:attachment":[{"href":"https:\/\/vocesdelacomuna15.com.ar\/press\/wp-json\/wp\/v2\/media?parent=61119"}],"wp:term":[{"taxonomy":"category","embeddable":true,"href":"https:\/\/vocesdelacomuna15.com.ar\/press\/wp-json\/wp\/v2\/categories?post=61119"},{"taxonomy":"post_tag","embeddable":true,"href":"https:\/\/vocesdelacomuna15.com.ar\/press\/wp-json\/wp\/v2\/tags?post=61119"}],"curies":[{"name":"wp","href":"https:\/\/api.w.org\/{rel}","templated":true}]}}