{"id":61112,"date":"2023-09-12T13:07:30","date_gmt":"2023-09-12T16:07:30","guid":{"rendered":"https:\/\/vocesdelacomuna15.com.ar\/?p=61112"},"modified":"2023-09-12T13:07:33","modified_gmt":"2023-09-12T16:07:33","slug":"seis-detenidos-y-227-dosis-de-cocaina-secuestradas-en-allanamientos-en-el-barrio-fraga","status":"publish","type":"post","link":"https:\/\/vocesdelacomuna15.com.ar\/press\/seis-detenidos-y-227-dosis-de-cocaina-secuestradas-en-allanamientos-en-el-barrio-fraga\/","title":{"rendered":"Seis detenidos y 227 dosis de coca\u00edna secuestradas en allanamientos en el Barrio Fraga\u00a0"},"content":{"rendered":"\n<p>Tras una investigaci\u00f3n iniciada en noviembre \u00faltimo, la Polic\u00eda de la Ciudad detuvo a seis personas e incaut\u00f3 227 dosis de coca\u00edna, adem\u00e1s de marihuana, en tres allanamientos dentro del Barrio Fraga, en Chacarita. Fuente: Ministerio de Justicia y Seguridad CABA<\/p>\n\n\n\n<p>Respecto de los detenidos, d\u00edas despu\u00e9s la fiscal\u00eda logr\u00f3 con dos detenidos, sendos acuerdos de avenimiento, uno consistente en una condena a cuatro a\u00f1os de cumplimiento efectivo, pendiente de homologaci\u00f3n con el juzgado interventor.<\/p>\n\n\n\n<p>Como resultado de diferentes esas investigaciones personal de la Divisi\u00f3n Antidrogas Norte de la <strong>Polic\u00eda de la Ciudad<\/strong> junt\u00f3 suficientes pruebas en campo y f\u00edlmicas en pos de desarticular puntos de venta de drogas en el Barrio Fraga.<\/p>\n\n\n\n<p>Con esos datos los Juzgados Penal Contravencional y de Faltas 11 y 23 delegaron los tres allanamientos en la Unidad Fiscal Especializada en la Investigaci\u00f3n de Delitos Vinculados con Estupefacientes (UFEIDE), a cargo de la Dra. Cecilia Amil Mart\u00edn.<\/p>\n\n\n\n<p>Personal de Antidrogas Norte realizo los procedimientos de manera simult\u00e1nea en un kiosco y en dos viviendas, dando como resultado el secuestro de 227 dosis de coca\u00edna, una piedra de la misma sustancia para ser fraccionada, un envoltorio con 7 gramos de marihuana, otro con&nbsp; tres gramos de cogollos de la misma droga, 76.360 pesos, tres tel\u00e9fonos celulares, elementos de corte y fraccionamiento; &nbsp;una balanza de precisi\u00f3n; y cuadernos con anotaciones de las diferentes ventas<\/p>\n\n\n\n<p>Adem\u00e1s fueron detenidas seis personas, cuatro de nacionalidad peruana y dos argentinos, todos mayores de edad.<\/p>\n\n\n\n<p>Los operativos contaron con la colaboraci\u00f3n de personal de la Divisi\u00f3n Antidrogas Sur y de la Divisi\u00f3n Precursores Qu\u00edmicos de la <strong>Polic\u00eda de la Ciudad.<\/strong><\/p>\n\n\n\n<p>La autoridad judicial dispuso el secuestro de toda la droga y lo elementos para fraccionarla y pesarla, y la detenci\u00f3n de los seis imputados por infracci\u00f3n a la Ley 23.737, conocida como Ley de Drogas.<\/p>\n\n\n\n<p>En cuesti\u00f3n de horas, fueron acordados dos avenimientos con la UFEIDE, uno con una mujer detenida, por cuatro a\u00f1os de\u00a0 prisi\u00f3n de cumplimiento efectivo, que est\u00e1n a homologaci\u00f3n del juzgado.<\/p>\n\n\n\n<p>Video (Fuente: Ciudad Im\u00e1genes- You Tube):<\/p>\n\n\n\n<figure class=\"wp-block-embed is-type-video is-provider-youtube wp-block-embed-youtube wp-embed-aspect-16-9 wp-has-aspect-ratio\"><div class=\"wp-block-embed__wrapper\">\n<iframe loading=\"lazy\" title=\"ALLANAMIENTOS POR DROGAS EN VILLA FRAGA\" width=\"1080\" height=\"608\" src=\"https:\/\/www.youtube.com\/embed\/ypjmbIj-P9o?feature=oembed\" frameborder=\"0\" allow=\"accelerometer; autoplay; clipboard-write; encrypted-media; gyroscope; picture-in-picture; web-share\" allowfullscreen><\/iframe>\n<\/div><\/figure>\n<div class=\"pvc_clear\"><\/div><p id=\"pvc_stats_61112\" class=\"pvc_stats all  \" data-element-id=\"61112\" style=\"\"><i class=\"pvc-stats-icon small\" aria-hidden=\"true\"><svg aria-hidden=\"true\" focusable=\"false\" data-prefix=\"far\" data-icon=\"chart-bar\" role=\"img\" xmlns=\"http:\/\/www.w3.org\/2000\/svg\" viewBox=\"0 0 512 512\" class=\"svg-inline--fa fa-chart-bar fa-w-16 fa-2x\"><path fill=\"currentColor\" d=\"M396.8 352h22.4c6.4 0 12.8-6.4 12.8-12.8V108.8c0-6.4-6.4-12.8-12.8-12.8h-22.4c-6.4 0-12.8 6.4-12.8 12.8v230.4c0 6.4 6.4 12.8 12.8 12.8zm-192 0h22.4c6.4 0 12.8-6.4 12.8-12.8V140.8c0-6.4-6.4-12.8-12.8-12.8h-22.4c-6.4 0-12.8 6.4-12.8 12.8v198.4c0 6.4 6.4 12.8 12.8 12.8zm96 0h22.4c6.4 0 12.8-6.4 12.8-12.8V204.8c0-6.4-6.4-12.8-12.8-12.8h-22.4c-6.4 0-12.8 6.4-12.8 12.8v134.4c0 6.4 6.4 12.8 12.8 12.8zM496 400H48V80c0-8.84-7.16-16-16-16H16C7.16 64 0 71.16 0 80v336c0 17.67 14.33 32 32 32h464c8.84 0 16-7.16 16-16v-16c0-8.84-7.16-16-16-16zm-387.2-48h22.4c6.4 0 12.8-6.4 12.8-12.8v-70.4c0-6.4-6.4-12.8-12.8-12.8h-22.4c-6.4 0-12.8 6.4-12.8 12.8v70.4c0 6.4 6.4 12.8 12.8 12.8z\" class=\"\"><\/path><\/svg><\/i> <img loading=\"lazy\" decoding=\"async\" width=\"16\" height=\"16\" alt=\"Loading\" src=\"https:\/\/vocesdelacomuna15.com.ar\/wp-content\/plugins\/page-views-count\/ajax-loader-2x.gif\" border=0 \/><\/p><div class=\"pvc_clear\"><\/div>","protected":false},"excerpt":{"rendered":"<p>Tras una investigaci\u00f3n iniciada en noviembre \u00faltimo, la Polic\u00eda de la Ciudad detuvo a seis personas e incaut\u00f3 227 dosis de coca\u00edna, adem\u00e1s de marihuana, en tres allanamientos dentro del Barrio Fraga, en Chacarita. Fuente: Ministerio de Justicia y Seguridad CABA Respecto de los detenidos, d\u00edas despu\u00e9s la fiscal\u00eda logr\u00f3 con dos detenidos, sendos acuerdos [&hellip;]<\/p>\n<div class=\"pvc_clear\"><\/div>\n<p id=\"pvc_stats_61112\" class=\"pvc_stats all  \" data-element-id=\"61112\" style=\"\"><i class=\"pvc-stats-icon small\" aria-hidden=\"true\"><svg aria-hidden=\"true\" focusable=\"false\" data-prefix=\"far\" data-icon=\"chart-bar\" role=\"img\" xmlns=\"http:\/\/www.w3.org\/2000\/svg\" viewBox=\"0 0 512 512\" class=\"svg-inline--fa fa-chart-bar fa-w-16 fa-2x\"><path fill=\"currentColor\" d=\"M396.8 352h22.4c6.4 0 12.8-6.4 12.8-12.8V108.8c0-6.4-6.4-12.8-12.8-12.8h-22.4c-6.4 0-12.8 6.4-12.8 12.8v230.4c0 6.4 6.4 12.8 12.8 12.8zm-192 0h22.4c6.4 0 12.8-6.4 12.8-12.8V140.8c0-6.4-6.4-12.8-12.8-12.8h-22.4c-6.4 0-12.8 6.4-12.8 12.8v198.4c0 6.4 6.4 12.8 12.8 12.8zm96 0h22.4c6.4 0 12.8-6.4 12.8-12.8V204.8c0-6.4-6.4-12.8-12.8-12.8h-22.4c-6.4 0-12.8 6.4-12.8 12.8v134.4c0 6.4 6.4 12.8 12.8 12.8zM496 400H48V80c0-8.84-7.16-16-16-16H16C7.16 64 0 71.16 0 80v336c0 17.67 14.33 32 32 32h464c8.84 0 16-7.16 16-16v-16c0-8.84-7.16-16-16-16zm-387.2-48h22.4c6.4 0 12.8-6.4 12.8-12.8v-70.4c0-6.4-6.4-12.8-12.8-12.8h-22.4c-6.4 0-12.8 6.4-12.8 12.8v70.4c0 6.4 6.4 12.8 12.8 12.8z\" class=\"\"><\/path><\/svg><\/i> <img loading=\"lazy\" decoding=\"async\" width=\"16\" height=\"16\" alt=\"Loading\" src=\"https:\/\/vocesdelacomuna15.com.ar\/wp-content\/plugins\/page-views-count\/ajax-loader-2x.gif\" border=0 \/><\/p>\n<div class=\"pvc_clear\"><\/div>\n","protected":false},"author":2,"featured_media":61113,"comment_status":"open","ping_status":"open","sticky":false,"template":"","format":"standard","meta":{"_et_pb_use_builder":"off","_et_pb_old_content":"","_et_gb_content_width":"","footnotes":""},"categories":[23,28],"tags":[],"class_list":["post-61112","post","type-post","status-publish","format-standard","has-post-thumbnail","hentry","category-chacarita","category-policial","et-has-post-format-content","et_post_format-et-post-format-standard"],"a3_pvc":{"activated":true,"total_views":70,"today_views":0},"yoast_head":"<!-- This site is optimized with the Yoast SEO plugin v27.5 - https:\/\/yoast.com\/product\/yoast-seo-wordpress\/ -->\n<title>Seis detenidos y 227 dosis de coca\u00edna secuestradas en allanamientos en el Barrio Fraga\u00a0 - Voces de la Comuna 15<\/title>\n<meta name=\"description\" content=\"Voces de la Comuna 15\" \/>\n<meta name=\"robots\" content=\"index, follow, max-snippet:-1, max-image-preview:large, max-video-preview:-1\" \/>\n<link rel=\"canonical\" href=\"https:\/\/vocesdelacomuna15.com.ar\/press\/seis-detenidos-y-227-dosis-de-cocaina-secuestradas-en-allanamientos-en-el-barrio-fraga\/\" \/>\n<meta property=\"og:locale\" content=\"es_ES\" \/>\n<meta property=\"og:type\" content=\"article\" \/>\n<meta property=\"og:title\" content=\"Seis detenidos y 227 dosis de coca\u00edna secuestradas en allanamientos en el Barrio Fraga\u00a0 - Voces de la Comuna 15\" \/>\n<meta property=\"og:description\" content=\"Voces de la Comuna 15\" \/>\n<meta property=\"og:url\" content=\"https:\/\/vocesdelacomuna15.com.ar\/press\/seis-detenidos-y-227-dosis-de-cocaina-secuestradas-en-allanamientos-en-el-barrio-fraga\/\" \/>\n<meta property=\"og:site_name\" content=\"Voces de la Comuna 15\" \/>\n<meta property=\"article:publisher\" content=\"https:\/\/www.facebook.com\/VocesComuna15\/\" \/>\n<meta property=\"article:published_time\" content=\"2023-09-12T16:07:30+00:00\" \/>\n<meta property=\"article:modified_time\" content=\"2023-09-12T16:07:33+00:00\" \/>\n<meta property=\"og:image\" content=\"https:\/\/vocesdelacomuna15.com.ar\/wp-content\/uploads\/2023\/09\/policia.png\" \/>\n\t<meta property=\"og:image:width\" content=\"1267\" \/>\n\t<meta property=\"og:image:height\" content=\"738\" \/>\n\t<meta property=\"og:image:type\" content=\"image\/png\" \/>\n<meta name=\"author\" content=\"Federico Arguto\" \/>\n<meta name=\"twitter:card\" content=\"summary_large_image\" \/>\n<meta name=\"twitter:creator\" content=\"@vocescomuna15\" \/>\n<meta name=\"twitter:site\" content=\"@vocescomuna15\" \/>\n<meta name=\"twitter:label1\" content=\"Escrito por\" \/>\n\t<meta name=\"twitter:data1\" content=\"Federico Arguto\" \/>\n\t<meta name=\"twitter:label2\" content=\"Tiempo de lectura\" \/>\n\t<meta name=\"twitter:data2\" content=\"2 minutos\" \/>\n<script type=\"application\/ld+json\" class=\"yoast-schema-graph\">{\"@context\":\"https:\\\/\\\/schema.org\",\"@graph\":[{\"@type\":\"Article\",\"@id\":\"https:\\\/\\\/vocesdelacomuna15.com.ar\\\/press\\\/seis-detenidos-y-227-dosis-de-cocaina-secuestradas-en-allanamientos-en-el-barrio-fraga\\\/#article\",\"isPartOf\":{\"@id\":\"https:\\\/\\\/vocesdelacomuna15.com.ar\\\/press\\\/seis-detenidos-y-227-dosis-de-cocaina-secuestradas-en-allanamientos-en-el-barrio-fraga\\\/\"},\"author\":{\"name\":\"Federico Arguto\",\"@id\":\"https:\\\/\\\/vocesdelacomuna15.com.ar\\\/press\\\/#\\\/schema\\\/person\\\/4739e109db25d799cd3d139eeb509e43\"},\"headline\":\"Seis detenidos y 227 dosis de coca\u00edna secuestradas en allanamientos en el Barrio Fraga\u00a0\",\"datePublished\":\"2023-09-12T16:07:30+00:00\",\"dateModified\":\"2023-09-12T16:07:33+00:00\",\"mainEntityOfPage\":{\"@id\":\"https:\\\/\\\/vocesdelacomuna15.com.ar\\\/press\\\/seis-detenidos-y-227-dosis-de-cocaina-secuestradas-en-allanamientos-en-el-barrio-fraga\\\/\"},\"wordCount\":388,\"commentCount\":0,\"publisher\":{\"@id\":\"https:\\\/\\\/vocesdelacomuna15.com.ar\\\/press\\\/#organization\"},\"image\":{\"@id\":\"https:\\\/\\\/vocesdelacomuna15.com.ar\\\/press\\\/seis-detenidos-y-227-dosis-de-cocaina-secuestradas-en-allanamientos-en-el-barrio-fraga\\\/#primaryimage\"},\"thumbnailUrl\":\"https:\\\/\\\/vocesdelacomuna15.com.ar\\\/wp-content\\\/uploads\\\/2023\\\/09\\\/policia.png\",\"articleSection\":[\"Chacarita\",\"Policial\"],\"inLanguage\":\"es-AR\",\"potentialAction\":[{\"@type\":\"CommentAction\",\"name\":\"Comment\",\"target\":[\"https:\\\/\\\/vocesdelacomuna15.com.ar\\\/press\\\/seis-detenidos-y-227-dosis-de-cocaina-secuestradas-en-allanamientos-en-el-barrio-fraga\\\/#respond\"]}]},{\"@type\":\"WebPage\",\"@id\":\"https:\\\/\\\/vocesdelacomuna15.com.ar\\\/press\\\/seis-detenidos-y-227-dosis-de-cocaina-secuestradas-en-allanamientos-en-el-barrio-fraga\\\/\",\"url\":\"https:\\\/\\\/vocesdelacomuna15.com.ar\\\/press\\\/seis-detenidos-y-227-dosis-de-cocaina-secuestradas-en-allanamientos-en-el-barrio-fraga\\\/\",\"name\":\"Seis detenidos y 227 dosis de coca\u00edna secuestradas en allanamientos en el Barrio Fraga\u00a0 - Voces de la Comuna 15\",\"isPartOf\":{\"@id\":\"https:\\\/\\\/vocesdelacomuna15.com.ar\\\/press\\\/#website\"},\"primaryImageOfPage\":{\"@id\":\"https:\\\/\\\/vocesdelacomuna15.com.ar\\\/press\\\/seis-detenidos-y-227-dosis-de-cocaina-secuestradas-en-allanamientos-en-el-barrio-fraga\\\/#primaryimage\"},\"image\":{\"@id\":\"https:\\\/\\\/vocesdelacomuna15.com.ar\\\/press\\\/seis-detenidos-y-227-dosis-de-cocaina-secuestradas-en-allanamientos-en-el-barrio-fraga\\\/#primaryimage\"},\"thumbnailUrl\":\"https:\\\/\\\/vocesdelacomuna15.com.ar\\\/wp-content\\\/uploads\\\/2023\\\/09\\\/policia.png\",\"datePublished\":\"2023-09-12T16:07:30+00:00\",\"dateModified\":\"2023-09-12T16:07:33+00:00\",\"description\":\"Voces de la Comuna 15\",\"breadcrumb\":{\"@id\":\"https:\\\/\\\/vocesdelacomuna15.com.ar\\\/press\\\/seis-detenidos-y-227-dosis-de-cocaina-secuestradas-en-allanamientos-en-el-barrio-fraga\\\/#breadcrumb\"},\"inLanguage\":\"es-AR\",\"potentialAction\":[{\"@type\":\"ReadAction\",\"target\":[\"https:\\\/\\\/vocesdelacomuna15.com.ar\\\/press\\\/seis-detenidos-y-227-dosis-de-cocaina-secuestradas-en-allanamientos-en-el-barrio-fraga\\\/\"]}]},{\"@type\":\"ImageObject\",\"inLanguage\":\"es-AR\",\"@id\":\"https:\\\/\\\/vocesdelacomuna15.com.ar\\\/press\\\/seis-detenidos-y-227-dosis-de-cocaina-secuestradas-en-allanamientos-en-el-barrio-fraga\\\/#primaryimage\",\"url\":\"https:\\\/\\\/vocesdelacomuna15.com.ar\\\/wp-content\\\/uploads\\\/2023\\\/09\\\/policia.png\",\"contentUrl\":\"https:\\\/\\\/vocesdelacomuna15.com.ar\\\/wp-content\\\/uploads\\\/2023\\\/09\\\/policia.png\",\"width\":1267,\"height\":738},{\"@type\":\"BreadcrumbList\",\"@id\":\"https:\\\/\\\/vocesdelacomuna15.com.ar\\\/press\\\/seis-detenidos-y-227-dosis-de-cocaina-secuestradas-en-allanamientos-en-el-barrio-fraga\\\/#breadcrumb\",\"itemListElement\":[{\"@type\":\"ListItem\",\"position\":1,\"name\":\"Inicio\",\"item\":\"https:\\\/\\\/vocesdelacomuna15.com.ar\\\/press\\\/\"},{\"@type\":\"ListItem\",\"position\":2,\"name\":\"Seis detenidos y 227 dosis de coca\u00edna secuestradas en allanamientos en el Barrio Fraga\u00a0\"}]},{\"@type\":\"WebSite\",\"@id\":\"https:\\\/\\\/vocesdelacomuna15.com.ar\\\/press\\\/#website\",\"url\":\"https:\\\/\\\/vocesdelacomuna15.com.ar\\\/press\\\/\",\"name\":\"Voces de la Comuna 15\",\"description\":\"Sitio web de noticias\",\"publisher\":{\"@id\":\"https:\\\/\\\/vocesdelacomuna15.com.ar\\\/press\\\/#organization\"},\"potentialAction\":[{\"@type\":\"SearchAction\",\"target\":{\"@type\":\"EntryPoint\",\"urlTemplate\":\"https:\\\/\\\/vocesdelacomuna15.com.ar\\\/press\\\/?s={search_term_string}\"},\"query-input\":{\"@type\":\"PropertyValueSpecification\",\"valueRequired\":true,\"valueName\":\"search_term_string\"}}],\"inLanguage\":\"es-AR\"},{\"@type\":\"Organization\",\"@id\":\"https:\\\/\\\/vocesdelacomuna15.com.ar\\\/press\\\/#organization\",\"name\":\"Voces de la Comuna 15\",\"url\":\"https:\\\/\\\/vocesdelacomuna15.com.ar\\\/press\\\/\",\"logo\":{\"@type\":\"ImageObject\",\"inLanguage\":\"es-AR\",\"@id\":\"https:\\\/\\\/vocesdelacomuna15.com.ar\\\/press\\\/#\\\/schema\\\/logo\\\/image\\\/\",\"url\":\"https:\\\/\\\/vocesdelacomuna15.com.ar\\\/wp-content\\\/uploads\\\/2024\\\/12\\\/cropped-logo_voces.jpg\",\"contentUrl\":\"https:\\\/\\\/vocesdelacomuna15.com.ar\\\/wp-content\\\/uploads\\\/2024\\\/12\\\/cropped-logo_voces.jpg\",\"width\":512,\"height\":512,\"caption\":\"Voces de la Comuna 15\"},\"image\":{\"@id\":\"https:\\\/\\\/vocesdelacomuna15.com.ar\\\/press\\\/#\\\/schema\\\/logo\\\/image\\\/\"},\"sameAs\":[\"https:\\\/\\\/www.facebook.com\\\/VocesComuna15\\\/\",\"https:\\\/\\\/x.com\\\/vocescomuna15\"]},{\"@type\":\"Person\",\"@id\":\"https:\\\/\\\/vocesdelacomuna15.com.ar\\\/press\\\/#\\\/schema\\\/person\\\/4739e109db25d799cd3d139eeb509e43\",\"name\":\"Federico Arguto\",\"image\":{\"@type\":\"ImageObject\",\"inLanguage\":\"es-AR\",\"@id\":\"https:\\\/\\\/vocesdelacomuna15.com.ar\\\/wp-content\\\/litespeed\\\/avatar\\\/82faf979976f1bae889b8b71f8a0a7e5.jpg?ver=1777419741\",\"url\":\"https:\\\/\\\/vocesdelacomuna15.com.ar\\\/wp-content\\\/litespeed\\\/avatar\\\/82faf979976f1bae889b8b71f8a0a7e5.jpg?ver=1777419741\",\"contentUrl\":\"https:\\\/\\\/vocesdelacomuna15.com.ar\\\/wp-content\\\/litespeed\\\/avatar\\\/82faf979976f1bae889b8b71f8a0a7e5.jpg?ver=1777419741\",\"caption\":\"Federico Arguto\"},\"url\":\"https:\\\/\\\/vocesdelacomuna15.com.ar\\\/press\\\/author\\\/fede\\\/\"}]}<\/script>\n<!-- \/ Yoast SEO plugin. -->","yoast_head_json":{"title":"Seis detenidos y 227 dosis de coca\u00edna secuestradas en allanamientos en el Barrio Fraga\u00a0 - Voces de la Comuna 15","description":"Voces de la Comuna 15","robots":{"index":"index","follow":"follow","max-snippet":"max-snippet:-1","max-image-preview":"max-image-preview:large","max-video-preview":"max-video-preview:-1"},"canonical":"https:\/\/vocesdelacomuna15.com.ar\/press\/seis-detenidos-y-227-dosis-de-cocaina-secuestradas-en-allanamientos-en-el-barrio-fraga\/","og_locale":"es_ES","og_type":"article","og_title":"Seis detenidos y 227 dosis de coca\u00edna secuestradas en allanamientos en el Barrio Fraga\u00a0 - Voces de la Comuna 15","og_description":"Voces de la Comuna 15","og_url":"https:\/\/vocesdelacomuna15.com.ar\/press\/seis-detenidos-y-227-dosis-de-cocaina-secuestradas-en-allanamientos-en-el-barrio-fraga\/","og_site_name":"Voces de la Comuna 15","article_publisher":"https:\/\/www.facebook.com\/VocesComuna15\/","article_published_time":"2023-09-12T16:07:30+00:00","article_modified_time":"2023-09-12T16:07:33+00:00","og_image":[{"width":1267,"height":738,"url":"https:\/\/vocesdelacomuna15.com.ar\/wp-content\/uploads\/2023\/09\/policia.png","type":"image\/png"}],"author":"Federico Arguto","twitter_card":"summary_large_image","twitter_creator":"@vocescomuna15","twitter_site":"@vocescomuna15","twitter_misc":{"Escrito por":"Federico Arguto","Tiempo de lectura":"2 minutos"},"schema":{"@context":"https:\/\/schema.org","@graph":[{"@type":"Article","@id":"https:\/\/vocesdelacomuna15.com.ar\/press\/seis-detenidos-y-227-dosis-de-cocaina-secuestradas-en-allanamientos-en-el-barrio-fraga\/#article","isPartOf":{"@id":"https:\/\/vocesdelacomuna15.com.ar\/press\/seis-detenidos-y-227-dosis-de-cocaina-secuestradas-en-allanamientos-en-el-barrio-fraga\/"},"author":{"name":"Federico Arguto","@id":"https:\/\/vocesdelacomuna15.com.ar\/press\/#\/schema\/person\/4739e109db25d799cd3d139eeb509e43"},"headline":"Seis detenidos y 227 dosis de coca\u00edna secuestradas en allanamientos en el Barrio Fraga\u00a0","datePublished":"2023-09-12T16:07:30+00:00","dateModified":"2023-09-12T16:07:33+00:00","mainEntityOfPage":{"@id":"https:\/\/vocesdelacomuna15.com.ar\/press\/seis-detenidos-y-227-dosis-de-cocaina-secuestradas-en-allanamientos-en-el-barrio-fraga\/"},"wordCount":388,"commentCount":0,"publisher":{"@id":"https:\/\/vocesdelacomuna15.com.ar\/press\/#organization"},"image":{"@id":"https:\/\/vocesdelacomuna15.com.ar\/press\/seis-detenidos-y-227-dosis-de-cocaina-secuestradas-en-allanamientos-en-el-barrio-fraga\/#primaryimage"},"thumbnailUrl":"https:\/\/vocesdelacomuna15.com.ar\/wp-content\/uploads\/2023\/09\/policia.png","articleSection":["Chacarita","Policial"],"inLanguage":"es-AR","potentialAction":[{"@type":"CommentAction","name":"Comment","target":["https:\/\/vocesdelacomuna15.com.ar\/press\/seis-detenidos-y-227-dosis-de-cocaina-secuestradas-en-allanamientos-en-el-barrio-fraga\/#respond"]}]},{"@type":"WebPage","@id":"https:\/\/vocesdelacomuna15.com.ar\/press\/seis-detenidos-y-227-dosis-de-cocaina-secuestradas-en-allanamientos-en-el-barrio-fraga\/","url":"https:\/\/vocesdelacomuna15.com.ar\/press\/seis-detenidos-y-227-dosis-de-cocaina-secuestradas-en-allanamientos-en-el-barrio-fraga\/","name":"Seis detenidos y 227 dosis de coca\u00edna secuestradas en allanamientos en el Barrio Fraga\u00a0 - Voces de la Comuna 15","isPartOf":{"@id":"https:\/\/vocesdelacomuna15.com.ar\/press\/#website"},"primaryImageOfPage":{"@id":"https:\/\/vocesdelacomuna15.com.ar\/press\/seis-detenidos-y-227-dosis-de-cocaina-secuestradas-en-allanamientos-en-el-barrio-fraga\/#primaryimage"},"image":{"@id":"https:\/\/vocesdelacomuna15.com.ar\/press\/seis-detenidos-y-227-dosis-de-cocaina-secuestradas-en-allanamientos-en-el-barrio-fraga\/#primaryimage"},"thumbnailUrl":"https:\/\/vocesdelacomuna15.com.ar\/wp-content\/uploads\/2023\/09\/policia.png","datePublished":"2023-09-12T16:07:30+00:00","dateModified":"2023-09-12T16:07:33+00:00","description":"Voces de la Comuna 15","breadcrumb":{"@id":"https:\/\/vocesdelacomuna15.com.ar\/press\/seis-detenidos-y-227-dosis-de-cocaina-secuestradas-en-allanamientos-en-el-barrio-fraga\/#breadcrumb"},"inLanguage":"es-AR","potentialAction":[{"@type":"ReadAction","target":["https:\/\/vocesdelacomuna15.com.ar\/press\/seis-detenidos-y-227-dosis-de-cocaina-secuestradas-en-allanamientos-en-el-barrio-fraga\/"]}]},{"@type":"ImageObject","inLanguage":"es-AR","@id":"https:\/\/vocesdelacomuna15.com.ar\/press\/seis-detenidos-y-227-dosis-de-cocaina-secuestradas-en-allanamientos-en-el-barrio-fraga\/#primaryimage","url":"https:\/\/vocesdelacomuna15.com.ar\/wp-content\/uploads\/2023\/09\/policia.png","contentUrl":"https:\/\/vocesdelacomuna15.com.ar\/wp-content\/uploads\/2023\/09\/policia.png","width":1267,"height":738},{"@type":"BreadcrumbList","@id":"https:\/\/vocesdelacomuna15.com.ar\/press\/seis-detenidos-y-227-dosis-de-cocaina-secuestradas-en-allanamientos-en-el-barrio-fraga\/#breadcrumb","itemListElement":[{"@type":"ListItem","position":1,"name":"Inicio","item":"https:\/\/vocesdelacomuna15.com.ar\/press\/"},{"@type":"ListItem","position":2,"name":"Seis detenidos y 227 dosis de coca\u00edna secuestradas en allanamientos en el Barrio Fraga\u00a0"}]},{"@type":"WebSite","@id":"https:\/\/vocesdelacomuna15.com.ar\/press\/#website","url":"https:\/\/vocesdelacomuna15.com.ar\/press\/","name":"Voces de la Comuna 15","description":"Sitio web de noticias","publisher":{"@id":"https:\/\/vocesdelacomuna15.com.ar\/press\/#organization"},"potentialAction":[{"@type":"SearchAction","target":{"@type":"EntryPoint","urlTemplate":"https:\/\/vocesdelacomuna15.com.ar\/press\/?s={search_term_string}"},"query-input":{"@type":"PropertyValueSpecification","valueRequired":true,"valueName":"search_term_string"}}],"inLanguage":"es-AR"},{"@type":"Organization","@id":"https:\/\/vocesdelacomuna15.com.ar\/press\/#organization","name":"Voces de la Comuna 15","url":"https:\/\/vocesdelacomuna15.com.ar\/press\/","logo":{"@type":"ImageObject","inLanguage":"es-AR","@id":"https:\/\/vocesdelacomuna15.com.ar\/press\/#\/schema\/logo\/image\/","url":"https:\/\/vocesdelacomuna15.com.ar\/wp-content\/uploads\/2024\/12\/cropped-logo_voces.jpg","contentUrl":"https:\/\/vocesdelacomuna15.com.ar\/wp-content\/uploads\/2024\/12\/cropped-logo_voces.jpg","width":512,"height":512,"caption":"Voces de la Comuna 15"},"image":{"@id":"https:\/\/vocesdelacomuna15.com.ar\/press\/#\/schema\/logo\/image\/"},"sameAs":["https:\/\/www.facebook.com\/VocesComuna15\/","https:\/\/x.com\/vocescomuna15"]},{"@type":"Person","@id":"https:\/\/vocesdelacomuna15.com.ar\/press\/#\/schema\/person\/4739e109db25d799cd3d139eeb509e43","name":"Federico Arguto","image":{"@type":"ImageObject","inLanguage":"es-AR","@id":"https:\/\/vocesdelacomuna15.com.ar\/wp-content\/litespeed\/avatar\/82faf979976f1bae889b8b71f8a0a7e5.jpg?ver=1777419741","url":"https:\/\/vocesdelacomuna15.com.ar\/wp-content\/litespeed\/avatar\/82faf979976f1bae889b8b71f8a0a7e5.jpg?ver=1777419741","contentUrl":"https:\/\/vocesdelacomuna15.com.ar\/wp-content\/litespeed\/avatar\/82faf979976f1bae889b8b71f8a0a7e5.jpg?ver=1777419741","caption":"Federico Arguto"},"url":"https:\/\/vocesdelacomuna15.com.ar\/press\/author\/fede\/"}]}},"_links":{"self":[{"href":"https:\/\/vocesdelacomuna15.com.ar\/press\/wp-json\/wp\/v2\/posts\/61112","targetHints":{"allow":["GET"]}}],"collection":[{"href":"https:\/\/vocesdelacomuna15.com.ar\/press\/wp-json\/wp\/v2\/posts"}],"about":[{"href":"https:\/\/vocesdelacomuna15.com.ar\/press\/wp-json\/wp\/v2\/types\/post"}],"author":[{"embeddable":true,"href":"https:\/\/vocesdelacomuna15.com.ar\/press\/wp-json\/wp\/v2\/users\/2"}],"replies":[{"embeddable":true,"href":"https:\/\/vocesdelacomuna15.com.ar\/press\/wp-json\/wp\/v2\/comments?post=61112"}],"version-history":[{"count":1,"href":"https:\/\/vocesdelacomuna15.com.ar\/press\/wp-json\/wp\/v2\/posts\/61112\/revisions"}],"predecessor-version":[{"id":61114,"href":"https:\/\/vocesdelacomuna15.com.ar\/press\/wp-json\/wp\/v2\/posts\/61112\/revisions\/61114"}],"wp:featuredmedia":[{"embeddable":true,"href":"https:\/\/vocesdelacomuna15.com.ar\/press\/wp-json\/wp\/v2\/media\/61113"}],"wp:attachment":[{"href":"https:\/\/vocesdelacomuna15.com.ar\/press\/wp-json\/wp\/v2\/media?parent=61112"}],"wp:term":[{"taxonomy":"category","embeddable":true,"href":"https:\/\/vocesdelacomuna15.com.ar\/press\/wp-json\/wp\/v2\/categories?post=61112"},{"taxonomy":"post_tag","embeddable":true,"href":"https:\/\/vocesdelacomuna15.com.ar\/press\/wp-json\/wp\/v2\/tags?post=61112"}],"curies":[{"name":"wp","href":"https:\/\/api.w.org\/{rel}","templated":true}]}}