{"id":61104,"date":"2023-09-11T21:45:50","date_gmt":"2023-09-12T00:45:50","guid":{"rendered":"https:\/\/vocesdelacomuna15.com.ar\/?p=61104"},"modified":"2023-09-11T21:45:52","modified_gmt":"2023-09-12T00:45:52","slug":"argentinos-juniors-presento-oficialmente-a-pablo-guede-como-su-nuevo-entrenador","status":"publish","type":"post","link":"https:\/\/vocesdelacomuna15.com.ar\/press\/argentinos-juniors-presento-oficialmente-a-pablo-guede-como-su-nuevo-entrenador\/","title":{"rendered":"Argentinos Juniors present\u00f3 oficialmente a Pablo Guede como su nuevo entrenador"},"content":{"rendered":"\n<p>El flamante DT brind\u00f3 una conferencia de prensa y recorri\u00f3 las instalaciones del Centro de F\u00fatbol Profesional Sergio Daniel Batista junto al presidente de la instituci\u00f3n Cristian Malaspina y la Comisi\u00f3n Directiva<\/p>\n\n\n\n<p>En el d\u00eda de ayer el nuevo entrenador de Argentinos Juniors, Pablo Guede, que asumi\u00f3 tras la inesperada y repentina salida de Gabriel Milito; recorri\u00f3 las instalaciones del Centro de F\u00fatbol Profesional Sergio Daniel Batista junto al presidente de la instituci\u00f3n Cristian Malaspina y la Comisi\u00f3n Directiva y tras ello brind\u00f3 una conferencia de prensa en la remodelada sala del estadio Diego Armando Maradona.<\/p>\n\n\n\n<figure class=\"wp-block-image size-large\"><img loading=\"lazy\" decoding=\"async\" width=\"1024\" height=\"683\" src=\"https:\/\/vocesdelacomuna15.com.ar\/wp-content\/uploads\/2023\/09\/ceffa-1024x683.jpg\" alt=\"\" class=\"wp-image-61106\" srcset=\"https:\/\/vocesdelacomuna15.com.ar\/wp-content\/uploads\/2023\/09\/ceffa-1024x683.jpg 1024w, https:\/\/vocesdelacomuna15.com.ar\/wp-content\/uploads\/2023\/09\/ceffa-300x200.jpg 300w, https:\/\/vocesdelacomuna15.com.ar\/wp-content\/uploads\/2023\/09\/ceffa-768x512.jpg 768w, https:\/\/vocesdelacomuna15.com.ar\/wp-content\/uploads\/2023\/09\/ceffa-1536x1024.jpg 1536w, https:\/\/vocesdelacomuna15.com.ar\/wp-content\/uploads\/2023\/09\/ceffa-1080x720.jpg 1080w, https:\/\/vocesdelacomuna15.com.ar\/wp-content\/uploads\/2023\/09\/ceffa.jpg 2048w\" sizes=\"(max-width: 1024px) 100vw, 1024px\" \/><\/figure>\n\n\n\n<p><em>Recorrida de Guede por el Centro de F\u00fatbol Profesional &#8220;Sergio Daniel Batista&#8221;<\/em><\/p>\n\n\n\n<p>El nuevo DT, de 48 a\u00f1os, que como futbolista era delantero y pas\u00f3 por Deportivo Espa\u00f1ol (2 etapas) y Nueva Chicago en nuestro pa\u00eds y en Espa\u00f1a por Xerez, M\u00e1laga, Elche, Polideportivo Ejido, Motril, Real Ja\u00e9n, UD Melilla y Atl\u00e9tico Juval y como entrenador por El Palo (Espa\u00f1a), Nueva Chicago, Palestino (Chile), San Lorenzo, Colo Colo (Chile), Al Ahli (Arabia Saudita), los mexicanos Monarcas Morelia, Tijuana y Necaxa y M\u00e0laga (Espa\u00f1a); tendr\u00e1 en Argentinos como colaboradores a Gustavo Grondona (ayudante de campo), Germ\u00e1n Lanaro (ayudante de campo), Gonzalo Borean (preparador f\u00edsico) y Jos\u00e9 De La Torre Caparr\u00f3s (videoanalista) m\u00e1s del staff del club a Rodrigo Reynoso (entrenador de arqueros), Gonzalo Gador (preparador f\u00edsico) y Federico Neila (videoanalista). Guede firm\u00f3 contrato hasta el 31 de diciembre de 2027 y hoy dirigi\u00f3 su primer entrenamiento con el plantel del &#8220;Bicho&#8221;.<\/p>\n\n\n\n<figure class=\"wp-block-image size-large is-resized\"><img loading=\"lazy\" decoding=\"async\" src=\"https:\/\/vocesdelacomuna15.com.ar\/wp-content\/uploads\/2023\/09\/guede-entrenamiento-1024x683.jpg\" alt=\"\" class=\"wp-image-61107\" style=\"width:784px;height:523px\" width=\"784\" height=\"523\" srcset=\"https:\/\/vocesdelacomuna15.com.ar\/wp-content\/uploads\/2023\/09\/guede-entrenamiento-1024x683.jpg 1024w, https:\/\/vocesdelacomuna15.com.ar\/wp-content\/uploads\/2023\/09\/guede-entrenamiento-300x200.jpg 300w, https:\/\/vocesdelacomuna15.com.ar\/wp-content\/uploads\/2023\/09\/guede-entrenamiento-768x512.jpg 768w, https:\/\/vocesdelacomuna15.com.ar\/wp-content\/uploads\/2023\/09\/guede-entrenamiento-1080x721.jpg 1080w, https:\/\/vocesdelacomuna15.com.ar\/wp-content\/uploads\/2023\/09\/guede-entrenamiento.jpg 1229w\" sizes=\"(max-width: 784px) 100vw, 784px\" \/><\/figure>\n\n\n\n<p><em>Primer entrenamiento del &#8220;Profe&#8221; Pablo Guede<\/em><\/p>\n\n\n\n<p><\/p>\n\n\n\n<p>Algunas de las declaraciones en la conferencia de prensa de Pablo Guede \u2013en la que habl\u00f3 junto al presidente del club Cristian Malaspina- fueron las siguientes:<\/p>\n\n\n\n<p><strong>Sobre su idea de juego:<\/strong><\/p>\n\n\n\n<p>&#8220;Argentinos Juniors juega a algo, en este momento tiene que tratar de mantener lo bien que se te est\u00e1 trabajando futbol\u00edsticamente.\u00a0Coincide mucho mi manera de pensar con la filosof\u00eda del club por ende mi deseo de dirigir Argentinos Juniors<em>&#8220;.<\/em><\/p>\n\n\n\n<figure class=\"wp-block-image size-large\"><img loading=\"lazy\" decoding=\"async\" width=\"1024\" height=\"682\" src=\"https:\/\/vocesdelacomuna15.com.ar\/wp-content\/uploads\/2023\/09\/guede3-1024x682.jpg\" alt=\"\" class=\"wp-image-61108\" srcset=\"https:\/\/vocesdelacomuna15.com.ar\/wp-content\/uploads\/2023\/09\/guede3-1024x682.jpg 1024w, https:\/\/vocesdelacomuna15.com.ar\/wp-content\/uploads\/2023\/09\/guede3-300x200.jpg 300w, https:\/\/vocesdelacomuna15.com.ar\/wp-content\/uploads\/2023\/09\/guede3-768x512.jpg 768w, https:\/\/vocesdelacomuna15.com.ar\/wp-content\/uploads\/2023\/09\/guede3-1080x720.jpg 1080w, https:\/\/vocesdelacomuna15.com.ar\/wp-content\/uploads\/2023\/09\/guede3.jpg 1280w\" sizes=\"(max-width: 1024px) 100vw, 1024px\" \/><\/figure>\n\n\n\n<p><em>Pablo Guede, en conferencia de prensa<\/em><\/p>\n\n\n\n<p><\/p>\n\n\n\n<p><strong>Sobre el trabajo de Milito y su continuaci\u00f3n:<\/strong><\/p>\n\n\n\n<p>\u201cNo va a haber cambio de esquema, la idea es darle continuidad al trabajo de Milito.\u00a0El plantel de Argentinos Juniors tiene todo lo que busco para plasmar mi idea de juego, tiene muchos movimientos predeterminado\u201d.<\/p>\n\n\n\n<figure class=\"wp-block-image size-large\"><img loading=\"lazy\" decoding=\"async\" width=\"1024\" height=\"683\" src=\"https:\/\/vocesdelacomuna15.com.ar\/wp-content\/uploads\/2023\/09\/abrazo-1024x683.jpg\" alt=\"\" class=\"wp-image-61109\" srcset=\"https:\/\/vocesdelacomuna15.com.ar\/wp-content\/uploads\/2023\/09\/abrazo-1024x683.jpg 1024w, https:\/\/vocesdelacomuna15.com.ar\/wp-content\/uploads\/2023\/09\/abrazo-300x200.jpg 300w, https:\/\/vocesdelacomuna15.com.ar\/wp-content\/uploads\/2023\/09\/abrazo-768x512.jpg 768w, https:\/\/vocesdelacomuna15.com.ar\/wp-content\/uploads\/2023\/09\/abrazo.jpg 1080w\" sizes=\"(max-width: 1024px) 100vw, 1024px\" \/><\/figure>\n\n\n\n<p><em>Abrazo entre Pablo Guede y Cristian Malaspina en la conferencia de prensa<\/em><\/p>\n\n\n\n<p><strong><u>Sobre su afecto hacia Argentinos:<\/u><\/strong><\/p>\n\n\n\n<p>&#8220;En todos los equipos que trabaje agregaba una clausura en mi contrato en la que si me llamaba Argentinos Juniors, M\u00e1laga o San Lorenzo me iba gratis&#8221;.<\/p>\n\n\n\n<figure class=\"wp-block-image size-large\"><img loading=\"lazy\" decoding=\"async\" width=\"1024\" height=\"683\" src=\"https:\/\/vocesdelacomuna15.com.ar\/wp-content\/uploads\/2023\/09\/malaspina-1024x683.jpg\" alt=\"\" class=\"wp-image-61110\" srcset=\"https:\/\/vocesdelacomuna15.com.ar\/wp-content\/uploads\/2023\/09\/malaspina-1024x683.jpg 1024w, https:\/\/vocesdelacomuna15.com.ar\/wp-content\/uploads\/2023\/09\/malaspina-300x200.jpg 300w, https:\/\/vocesdelacomuna15.com.ar\/wp-content\/uploads\/2023\/09\/malaspina-768x512.jpg 768w, https:\/\/vocesdelacomuna15.com.ar\/wp-content\/uploads\/2023\/09\/malaspina-1080x720.jpg 1080w, https:\/\/vocesdelacomuna15.com.ar\/wp-content\/uploads\/2023\/09\/malaspina.jpg 1099w\" sizes=\"(max-width: 1024px) 100vw, 1024px\" \/><\/figure>\n\n\n\n<p><em>Cristian Malaspina se mostr\u00f3 ilusionado con la contrataci\u00f3n del flamante entrenador<\/em><\/p>\n\n\n\n<p>Por su parte, el presidente de la instituci\u00f3n Cristian Malaspina se manifest\u00f3 contento con la contrataci\u00f3n, que es una continuidad del proyecto que se ven\u00eda llevando adelante, destacando adem\u00e1s que es un entrenador que ya gan\u00f3 un t\u00edtulo en el f\u00fatbol argentino (Supercopa Argentina 2016, en la que venci\u00f3 4 a 0 a Boca en la final), lo cual es un antecedente interesante como para ilusionarse. Guede tambi\u00e9n prometi\u00f3 dar importancia a los chicos que vienen del \u201cSemillero del Mundo\u201d, manifestando que es parte de la esencia del club.<\/p>\n\n\n\n<p>Caracteres: 2.628<\/p>\n\n\n\n<p><\/p>\n\n\n\n<p>Foto de portada: Voces de la Comuna 15<\/p>\n\n\n\n<p>Fotos restantes: Prensa AAAJ<\/p>\n<div class=\"pvc_clear\"><\/div><p id=\"pvc_stats_61104\" class=\"pvc_stats all  \" data-element-id=\"61104\" style=\"\"><i class=\"pvc-stats-icon small\" aria-hidden=\"true\"><svg aria-hidden=\"true\" focusable=\"false\" data-prefix=\"far\" data-icon=\"chart-bar\" role=\"img\" xmlns=\"http:\/\/www.w3.org\/2000\/svg\" viewBox=\"0 0 512 512\" class=\"svg-inline--fa fa-chart-bar fa-w-16 fa-2x\"><path fill=\"currentColor\" d=\"M396.8 352h22.4c6.4 0 12.8-6.4 12.8-12.8V108.8c0-6.4-6.4-12.8-12.8-12.8h-22.4c-6.4 0-12.8 6.4-12.8 12.8v230.4c0 6.4 6.4 12.8 12.8 12.8zm-192 0h22.4c6.4 0 12.8-6.4 12.8-12.8V140.8c0-6.4-6.4-12.8-12.8-12.8h-22.4c-6.4 0-12.8 6.4-12.8 12.8v198.4c0 6.4 6.4 12.8 12.8 12.8zm96 0h22.4c6.4 0 12.8-6.4 12.8-12.8V204.8c0-6.4-6.4-12.8-12.8-12.8h-22.4c-6.4 0-12.8 6.4-12.8 12.8v134.4c0 6.4 6.4 12.8 12.8 12.8zM496 400H48V80c0-8.84-7.16-16-16-16H16C7.16 64 0 71.16 0 80v336c0 17.67 14.33 32 32 32h464c8.84 0 16-7.16 16-16v-16c0-8.84-7.16-16-16-16zm-387.2-48h22.4c6.4 0 12.8-6.4 12.8-12.8v-70.4c0-6.4-6.4-12.8-12.8-12.8h-22.4c-6.4 0-12.8 6.4-12.8 12.8v70.4c0 6.4 6.4 12.8 12.8 12.8z\" class=\"\"><\/path><\/svg><\/i> <img loading=\"lazy\" decoding=\"async\" width=\"16\" height=\"16\" alt=\"Loading\" src=\"https:\/\/vocesdelacomuna15.com.ar\/wp-content\/plugins\/page-views-count\/ajax-loader-2x.gif\" border=0 \/><\/p><div class=\"pvc_clear\"><\/div>","protected":false},"excerpt":{"rendered":"<p>El flamante DT brind\u00f3 una conferencia de prensa y recorri\u00f3 las instalaciones del Centro de F\u00fatbol Profesional Sergio Daniel Batista junto al presidente de la instituci\u00f3n Cristian Malaspina y la Comisi\u00f3n Directiva En el d\u00eda de ayer el nuevo entrenador de Argentinos Juniors, Pablo Guede, que asumi\u00f3 tras la inesperada y repentina salida de Gabriel [&hellip;]<\/p>\n<div class=\"pvc_clear\"><\/div>\n<p id=\"pvc_stats_61104\" class=\"pvc_stats all  \" data-element-id=\"61104\" style=\"\"><i class=\"pvc-stats-icon small\" aria-hidden=\"true\"><svg aria-hidden=\"true\" focusable=\"false\" data-prefix=\"far\" data-icon=\"chart-bar\" role=\"img\" xmlns=\"http:\/\/www.w3.org\/2000\/svg\" viewBox=\"0 0 512 512\" class=\"svg-inline--fa fa-chart-bar fa-w-16 fa-2x\"><path fill=\"currentColor\" d=\"M396.8 352h22.4c6.4 0 12.8-6.4 12.8-12.8V108.8c0-6.4-6.4-12.8-12.8-12.8h-22.4c-6.4 0-12.8 6.4-12.8 12.8v230.4c0 6.4 6.4 12.8 12.8 12.8zm-192 0h22.4c6.4 0 12.8-6.4 12.8-12.8V140.8c0-6.4-6.4-12.8-12.8-12.8h-22.4c-6.4 0-12.8 6.4-12.8 12.8v198.4c0 6.4 6.4 12.8 12.8 12.8zm96 0h22.4c6.4 0 12.8-6.4 12.8-12.8V204.8c0-6.4-6.4-12.8-12.8-12.8h-22.4c-6.4 0-12.8 6.4-12.8 12.8v134.4c0 6.4 6.4 12.8 12.8 12.8zM496 400H48V80c0-8.84-7.16-16-16-16H16C7.16 64 0 71.16 0 80v336c0 17.67 14.33 32 32 32h464c8.84 0 16-7.16 16-16v-16c0-8.84-7.16-16-16-16zm-387.2-48h22.4c6.4 0 12.8-6.4 12.8-12.8v-70.4c0-6.4-6.4-12.8-12.8-12.8h-22.4c-6.4 0-12.8 6.4-12.8 12.8v70.4c0 6.4 6.4 12.8 12.8 12.8z\" class=\"\"><\/path><\/svg><\/i> <img loading=\"lazy\" decoding=\"async\" width=\"16\" height=\"16\" alt=\"Loading\" src=\"https:\/\/vocesdelacomuna15.com.ar\/wp-content\/plugins\/page-views-count\/ajax-loader-2x.gif\" border=0 \/><\/p>\n<div class=\"pvc_clear\"><\/div>\n","protected":false},"author":2,"featured_media":61105,"comment_status":"open","ping_status":"open","sticky":false,"template":"","format":"standard","meta":{"_et_pb_use_builder":"off","_et_pb_old_content":"","_et_gb_content_width":"","footnotes":""},"categories":[27,29],"tags":[],"class_list":["post-61104","post","type-post","status-publish","format-standard","has-post-thumbnail","hentry","category-deportes","category-lapa","et-has-post-format-content","et_post_format-et-post-format-standard"],"a3_pvc":{"activated":true,"total_views":563,"today_views":0},"yoast_head":"<!-- This site is optimized with the Yoast SEO plugin v27.5 - https:\/\/yoast.com\/product\/yoast-seo-wordpress\/ -->\n<title>Argentinos Juniors present\u00f3 oficialmente a Pablo Guede como su nuevo entrenador - Voces de la Comuna 15<\/title>\n<meta name=\"description\" content=\"Voces de la Comuna 15\" \/>\n<meta name=\"robots\" content=\"index, follow, max-snippet:-1, max-image-preview:large, max-video-preview:-1\" \/>\n<link rel=\"canonical\" href=\"https:\/\/vocesdelacomuna15.com.ar\/press\/argentinos-juniors-presento-oficialmente-a-pablo-guede-como-su-nuevo-entrenador\/\" \/>\n<meta property=\"og:locale\" content=\"es_ES\" \/>\n<meta property=\"og:type\" content=\"article\" \/>\n<meta property=\"og:title\" content=\"Argentinos Juniors present\u00f3 oficialmente a Pablo Guede como su nuevo entrenador - Voces de la Comuna 15\" \/>\n<meta property=\"og:description\" content=\"Voces de la Comuna 15\" \/>\n<meta property=\"og:url\" content=\"https:\/\/vocesdelacomuna15.com.ar\/press\/argentinos-juniors-presento-oficialmente-a-pablo-guede-como-su-nuevo-entrenador\/\" \/>\n<meta property=\"og:site_name\" content=\"Voces de la Comuna 15\" \/>\n<meta property=\"article:publisher\" content=\"https:\/\/www.facebook.com\/VocesComuna15\/\" \/>\n<meta property=\"article:published_time\" content=\"2023-09-12T00:45:50+00:00\" \/>\n<meta property=\"article:modified_time\" content=\"2023-09-12T00:45:52+00:00\" \/>\n<meta property=\"og:image\" content=\"https:\/\/vocesdelacomuna15.com.ar\/wp-content\/uploads\/2023\/09\/guede-2.jpg\" \/>\n\t<meta property=\"og:image:width\" content=\"1536\" \/>\n\t<meta property=\"og:image:height\" content=\"864\" \/>\n\t<meta property=\"og:image:type\" content=\"image\/jpeg\" \/>\n<meta name=\"author\" content=\"Federico Arguto\" \/>\n<meta name=\"twitter:card\" content=\"summary_large_image\" \/>\n<meta name=\"twitter:creator\" content=\"@vocescomuna15\" \/>\n<meta name=\"twitter:site\" content=\"@vocescomuna15\" \/>\n<meta name=\"twitter:label1\" content=\"Escrito por\" \/>\n\t<meta name=\"twitter:data1\" content=\"Federico Arguto\" \/>\n\t<meta name=\"twitter:label2\" content=\"Tiempo de lectura\" \/>\n\t<meta name=\"twitter:data2\" content=\"3 minutos\" \/>\n<script type=\"application\/ld+json\" class=\"yoast-schema-graph\">{\"@context\":\"https:\\\/\\\/schema.org\",\"@graph\":[{\"@type\":\"Article\",\"@id\":\"https:\\\/\\\/vocesdelacomuna15.com.ar\\\/press\\\/argentinos-juniors-presento-oficialmente-a-pablo-guede-como-su-nuevo-entrenador\\\/#article\",\"isPartOf\":{\"@id\":\"https:\\\/\\\/vocesdelacomuna15.com.ar\\\/press\\\/argentinos-juniors-presento-oficialmente-a-pablo-guede-como-su-nuevo-entrenador\\\/\"},\"author\":{\"name\":\"Federico Arguto\",\"@id\":\"https:\\\/\\\/vocesdelacomuna15.com.ar\\\/press\\\/#\\\/schema\\\/person\\\/4739e109db25d799cd3d139eeb509e43\"},\"headline\":\"Argentinos Juniors present\u00f3 oficialmente a Pablo Guede como su nuevo entrenador\",\"datePublished\":\"2023-09-12T00:45:50+00:00\",\"dateModified\":\"2023-09-12T00:45:52+00:00\",\"mainEntityOfPage\":{\"@id\":\"https:\\\/\\\/vocesdelacomuna15.com.ar\\\/press\\\/argentinos-juniors-presento-oficialmente-a-pablo-guede-como-su-nuevo-entrenador\\\/\"},\"wordCount\":568,\"commentCount\":0,\"publisher\":{\"@id\":\"https:\\\/\\\/vocesdelacomuna15.com.ar\\\/press\\\/#organization\"},\"image\":{\"@id\":\"https:\\\/\\\/vocesdelacomuna15.com.ar\\\/press\\\/argentinos-juniors-presento-oficialmente-a-pablo-guede-como-su-nuevo-entrenador\\\/#primaryimage\"},\"thumbnailUrl\":\"https:\\\/\\\/vocesdelacomuna15.com.ar\\\/wp-content\\\/uploads\\\/2023\\\/09\\\/guede-2.jpg\",\"articleSection\":[\"Deportes\",\"La Paternal\"],\"inLanguage\":\"es-AR\",\"potentialAction\":[{\"@type\":\"CommentAction\",\"name\":\"Comment\",\"target\":[\"https:\\\/\\\/vocesdelacomuna15.com.ar\\\/press\\\/argentinos-juniors-presento-oficialmente-a-pablo-guede-como-su-nuevo-entrenador\\\/#respond\"]}]},{\"@type\":\"WebPage\",\"@id\":\"https:\\\/\\\/vocesdelacomuna15.com.ar\\\/press\\\/argentinos-juniors-presento-oficialmente-a-pablo-guede-como-su-nuevo-entrenador\\\/\",\"url\":\"https:\\\/\\\/vocesdelacomuna15.com.ar\\\/press\\\/argentinos-juniors-presento-oficialmente-a-pablo-guede-como-su-nuevo-entrenador\\\/\",\"name\":\"Argentinos Juniors present\u00f3 oficialmente a Pablo Guede como su nuevo entrenador - Voces de la Comuna 15\",\"isPartOf\":{\"@id\":\"https:\\\/\\\/vocesdelacomuna15.com.ar\\\/press\\\/#website\"},\"primaryImageOfPage\":{\"@id\":\"https:\\\/\\\/vocesdelacomuna15.com.ar\\\/press\\\/argentinos-juniors-presento-oficialmente-a-pablo-guede-como-su-nuevo-entrenador\\\/#primaryimage\"},\"image\":{\"@id\":\"https:\\\/\\\/vocesdelacomuna15.com.ar\\\/press\\\/argentinos-juniors-presento-oficialmente-a-pablo-guede-como-su-nuevo-entrenador\\\/#primaryimage\"},\"thumbnailUrl\":\"https:\\\/\\\/vocesdelacomuna15.com.ar\\\/wp-content\\\/uploads\\\/2023\\\/09\\\/guede-2.jpg\",\"datePublished\":\"2023-09-12T00:45:50+00:00\",\"dateModified\":\"2023-09-12T00:45:52+00:00\",\"description\":\"Voces de la Comuna 15\",\"breadcrumb\":{\"@id\":\"https:\\\/\\\/vocesdelacomuna15.com.ar\\\/press\\\/argentinos-juniors-presento-oficialmente-a-pablo-guede-como-su-nuevo-entrenador\\\/#breadcrumb\"},\"inLanguage\":\"es-AR\",\"potentialAction\":[{\"@type\":\"ReadAction\",\"target\":[\"https:\\\/\\\/vocesdelacomuna15.com.ar\\\/press\\\/argentinos-juniors-presento-oficialmente-a-pablo-guede-como-su-nuevo-entrenador\\\/\"]}]},{\"@type\":\"ImageObject\",\"inLanguage\":\"es-AR\",\"@id\":\"https:\\\/\\\/vocesdelacomuna15.com.ar\\\/press\\\/argentinos-juniors-presento-oficialmente-a-pablo-guede-como-su-nuevo-entrenador\\\/#primaryimage\",\"url\":\"https:\\\/\\\/vocesdelacomuna15.com.ar\\\/wp-content\\\/uploads\\\/2023\\\/09\\\/guede-2.jpg\",\"contentUrl\":\"https:\\\/\\\/vocesdelacomuna15.com.ar\\\/wp-content\\\/uploads\\\/2023\\\/09\\\/guede-2.jpg\",\"width\":1536,\"height\":864},{\"@type\":\"BreadcrumbList\",\"@id\":\"https:\\\/\\\/vocesdelacomuna15.com.ar\\\/press\\\/argentinos-juniors-presento-oficialmente-a-pablo-guede-como-su-nuevo-entrenador\\\/#breadcrumb\",\"itemListElement\":[{\"@type\":\"ListItem\",\"position\":1,\"name\":\"Inicio\",\"item\":\"https:\\\/\\\/vocesdelacomuna15.com.ar\\\/press\\\/\"},{\"@type\":\"ListItem\",\"position\":2,\"name\":\"Argentinos Juniors present\u00f3 oficialmente a Pablo Guede como su nuevo entrenador\"}]},{\"@type\":\"WebSite\",\"@id\":\"https:\\\/\\\/vocesdelacomuna15.com.ar\\\/press\\\/#website\",\"url\":\"https:\\\/\\\/vocesdelacomuna15.com.ar\\\/press\\\/\",\"name\":\"Voces de la Comuna 15\",\"description\":\"Sitio web de noticias\",\"publisher\":{\"@id\":\"https:\\\/\\\/vocesdelacomuna15.com.ar\\\/press\\\/#organization\"},\"potentialAction\":[{\"@type\":\"SearchAction\",\"target\":{\"@type\":\"EntryPoint\",\"urlTemplate\":\"https:\\\/\\\/vocesdelacomuna15.com.ar\\\/press\\\/?s={search_term_string}\"},\"query-input\":{\"@type\":\"PropertyValueSpecification\",\"valueRequired\":true,\"valueName\":\"search_term_string\"}}],\"inLanguage\":\"es-AR\"},{\"@type\":\"Organization\",\"@id\":\"https:\\\/\\\/vocesdelacomuna15.com.ar\\\/press\\\/#organization\",\"name\":\"Voces de la Comuna 15\",\"url\":\"https:\\\/\\\/vocesdelacomuna15.com.ar\\\/press\\\/\",\"logo\":{\"@type\":\"ImageObject\",\"inLanguage\":\"es-AR\",\"@id\":\"https:\\\/\\\/vocesdelacomuna15.com.ar\\\/press\\\/#\\\/schema\\\/logo\\\/image\\\/\",\"url\":\"https:\\\/\\\/vocesdelacomuna15.com.ar\\\/wp-content\\\/uploads\\\/2024\\\/12\\\/cropped-logo_voces.jpg\",\"contentUrl\":\"https:\\\/\\\/vocesdelacomuna15.com.ar\\\/wp-content\\\/uploads\\\/2024\\\/12\\\/cropped-logo_voces.jpg\",\"width\":512,\"height\":512,\"caption\":\"Voces de la Comuna 15\"},\"image\":{\"@id\":\"https:\\\/\\\/vocesdelacomuna15.com.ar\\\/press\\\/#\\\/schema\\\/logo\\\/image\\\/\"},\"sameAs\":[\"https:\\\/\\\/www.facebook.com\\\/VocesComuna15\\\/\",\"https:\\\/\\\/x.com\\\/vocescomuna15\"]},{\"@type\":\"Person\",\"@id\":\"https:\\\/\\\/vocesdelacomuna15.com.ar\\\/press\\\/#\\\/schema\\\/person\\\/4739e109db25d799cd3d139eeb509e43\",\"name\":\"Federico Arguto\",\"image\":{\"@type\":\"ImageObject\",\"inLanguage\":\"es-AR\",\"@id\":\"https:\\\/\\\/vocesdelacomuna15.com.ar\\\/wp-content\\\/litespeed\\\/avatar\\\/82faf979976f1bae889b8b71f8a0a7e5.jpg?ver=1777419741\",\"url\":\"https:\\\/\\\/vocesdelacomuna15.com.ar\\\/wp-content\\\/litespeed\\\/avatar\\\/82faf979976f1bae889b8b71f8a0a7e5.jpg?ver=1777419741\",\"contentUrl\":\"https:\\\/\\\/vocesdelacomuna15.com.ar\\\/wp-content\\\/litespeed\\\/avatar\\\/82faf979976f1bae889b8b71f8a0a7e5.jpg?ver=1777419741\",\"caption\":\"Federico Arguto\"},\"url\":\"https:\\\/\\\/vocesdelacomuna15.com.ar\\\/press\\\/author\\\/fede\\\/\"}]}<\/script>\n<!-- \/ Yoast SEO plugin. -->","yoast_head_json":{"title":"Argentinos Juniors present\u00f3 oficialmente a Pablo Guede como su nuevo entrenador - Voces de la Comuna 15","description":"Voces de la Comuna 15","robots":{"index":"index","follow":"follow","max-snippet":"max-snippet:-1","max-image-preview":"max-image-preview:large","max-video-preview":"max-video-preview:-1"},"canonical":"https:\/\/vocesdelacomuna15.com.ar\/press\/argentinos-juniors-presento-oficialmente-a-pablo-guede-como-su-nuevo-entrenador\/","og_locale":"es_ES","og_type":"article","og_title":"Argentinos Juniors present\u00f3 oficialmente a Pablo Guede como su nuevo entrenador - Voces de la Comuna 15","og_description":"Voces de la Comuna 15","og_url":"https:\/\/vocesdelacomuna15.com.ar\/press\/argentinos-juniors-presento-oficialmente-a-pablo-guede-como-su-nuevo-entrenador\/","og_site_name":"Voces de la Comuna 15","article_publisher":"https:\/\/www.facebook.com\/VocesComuna15\/","article_published_time":"2023-09-12T00:45:50+00:00","article_modified_time":"2023-09-12T00:45:52+00:00","og_image":[{"width":1536,"height":864,"url":"https:\/\/vocesdelacomuna15.com.ar\/wp-content\/uploads\/2023\/09\/guede-2.jpg","type":"image\/jpeg"}],"author":"Federico Arguto","twitter_card":"summary_large_image","twitter_creator":"@vocescomuna15","twitter_site":"@vocescomuna15","twitter_misc":{"Escrito por":"Federico Arguto","Tiempo de lectura":"3 minutos"},"schema":{"@context":"https:\/\/schema.org","@graph":[{"@type":"Article","@id":"https:\/\/vocesdelacomuna15.com.ar\/press\/argentinos-juniors-presento-oficialmente-a-pablo-guede-como-su-nuevo-entrenador\/#article","isPartOf":{"@id":"https:\/\/vocesdelacomuna15.com.ar\/press\/argentinos-juniors-presento-oficialmente-a-pablo-guede-como-su-nuevo-entrenador\/"},"author":{"name":"Federico Arguto","@id":"https:\/\/vocesdelacomuna15.com.ar\/press\/#\/schema\/person\/4739e109db25d799cd3d139eeb509e43"},"headline":"Argentinos Juniors present\u00f3 oficialmente a Pablo Guede como su nuevo entrenador","datePublished":"2023-09-12T00:45:50+00:00","dateModified":"2023-09-12T00:45:52+00:00","mainEntityOfPage":{"@id":"https:\/\/vocesdelacomuna15.com.ar\/press\/argentinos-juniors-presento-oficialmente-a-pablo-guede-como-su-nuevo-entrenador\/"},"wordCount":568,"commentCount":0,"publisher":{"@id":"https:\/\/vocesdelacomuna15.com.ar\/press\/#organization"},"image":{"@id":"https:\/\/vocesdelacomuna15.com.ar\/press\/argentinos-juniors-presento-oficialmente-a-pablo-guede-como-su-nuevo-entrenador\/#primaryimage"},"thumbnailUrl":"https:\/\/vocesdelacomuna15.com.ar\/wp-content\/uploads\/2023\/09\/guede-2.jpg","articleSection":["Deportes","La Paternal"],"inLanguage":"es-AR","potentialAction":[{"@type":"CommentAction","name":"Comment","target":["https:\/\/vocesdelacomuna15.com.ar\/press\/argentinos-juniors-presento-oficialmente-a-pablo-guede-como-su-nuevo-entrenador\/#respond"]}]},{"@type":"WebPage","@id":"https:\/\/vocesdelacomuna15.com.ar\/press\/argentinos-juniors-presento-oficialmente-a-pablo-guede-como-su-nuevo-entrenador\/","url":"https:\/\/vocesdelacomuna15.com.ar\/press\/argentinos-juniors-presento-oficialmente-a-pablo-guede-como-su-nuevo-entrenador\/","name":"Argentinos Juniors present\u00f3 oficialmente a Pablo Guede como su nuevo entrenador - Voces de la Comuna 15","isPartOf":{"@id":"https:\/\/vocesdelacomuna15.com.ar\/press\/#website"},"primaryImageOfPage":{"@id":"https:\/\/vocesdelacomuna15.com.ar\/press\/argentinos-juniors-presento-oficialmente-a-pablo-guede-como-su-nuevo-entrenador\/#primaryimage"},"image":{"@id":"https:\/\/vocesdelacomuna15.com.ar\/press\/argentinos-juniors-presento-oficialmente-a-pablo-guede-como-su-nuevo-entrenador\/#primaryimage"},"thumbnailUrl":"https:\/\/vocesdelacomuna15.com.ar\/wp-content\/uploads\/2023\/09\/guede-2.jpg","datePublished":"2023-09-12T00:45:50+00:00","dateModified":"2023-09-12T00:45:52+00:00","description":"Voces de la Comuna 15","breadcrumb":{"@id":"https:\/\/vocesdelacomuna15.com.ar\/press\/argentinos-juniors-presento-oficialmente-a-pablo-guede-como-su-nuevo-entrenador\/#breadcrumb"},"inLanguage":"es-AR","potentialAction":[{"@type":"ReadAction","target":["https:\/\/vocesdelacomuna15.com.ar\/press\/argentinos-juniors-presento-oficialmente-a-pablo-guede-como-su-nuevo-entrenador\/"]}]},{"@type":"ImageObject","inLanguage":"es-AR","@id":"https:\/\/vocesdelacomuna15.com.ar\/press\/argentinos-juniors-presento-oficialmente-a-pablo-guede-como-su-nuevo-entrenador\/#primaryimage","url":"https:\/\/vocesdelacomuna15.com.ar\/wp-content\/uploads\/2023\/09\/guede-2.jpg","contentUrl":"https:\/\/vocesdelacomuna15.com.ar\/wp-content\/uploads\/2023\/09\/guede-2.jpg","width":1536,"height":864},{"@type":"BreadcrumbList","@id":"https:\/\/vocesdelacomuna15.com.ar\/press\/argentinos-juniors-presento-oficialmente-a-pablo-guede-como-su-nuevo-entrenador\/#breadcrumb","itemListElement":[{"@type":"ListItem","position":1,"name":"Inicio","item":"https:\/\/vocesdelacomuna15.com.ar\/press\/"},{"@type":"ListItem","position":2,"name":"Argentinos Juniors present\u00f3 oficialmente a Pablo Guede como su nuevo entrenador"}]},{"@type":"WebSite","@id":"https:\/\/vocesdelacomuna15.com.ar\/press\/#website","url":"https:\/\/vocesdelacomuna15.com.ar\/press\/","name":"Voces de la Comuna 15","description":"Sitio web de noticias","publisher":{"@id":"https:\/\/vocesdelacomuna15.com.ar\/press\/#organization"},"potentialAction":[{"@type":"SearchAction","target":{"@type":"EntryPoint","urlTemplate":"https:\/\/vocesdelacomuna15.com.ar\/press\/?s={search_term_string}"},"query-input":{"@type":"PropertyValueSpecification","valueRequired":true,"valueName":"search_term_string"}}],"inLanguage":"es-AR"},{"@type":"Organization","@id":"https:\/\/vocesdelacomuna15.com.ar\/press\/#organization","name":"Voces de la Comuna 15","url":"https:\/\/vocesdelacomuna15.com.ar\/press\/","logo":{"@type":"ImageObject","inLanguage":"es-AR","@id":"https:\/\/vocesdelacomuna15.com.ar\/press\/#\/schema\/logo\/image\/","url":"https:\/\/vocesdelacomuna15.com.ar\/wp-content\/uploads\/2024\/12\/cropped-logo_voces.jpg","contentUrl":"https:\/\/vocesdelacomuna15.com.ar\/wp-content\/uploads\/2024\/12\/cropped-logo_voces.jpg","width":512,"height":512,"caption":"Voces de la Comuna 15"},"image":{"@id":"https:\/\/vocesdelacomuna15.com.ar\/press\/#\/schema\/logo\/image\/"},"sameAs":["https:\/\/www.facebook.com\/VocesComuna15\/","https:\/\/x.com\/vocescomuna15"]},{"@type":"Person","@id":"https:\/\/vocesdelacomuna15.com.ar\/press\/#\/schema\/person\/4739e109db25d799cd3d139eeb509e43","name":"Federico Arguto","image":{"@type":"ImageObject","inLanguage":"es-AR","@id":"https:\/\/vocesdelacomuna15.com.ar\/wp-content\/litespeed\/avatar\/82faf979976f1bae889b8b71f8a0a7e5.jpg?ver=1777419741","url":"https:\/\/vocesdelacomuna15.com.ar\/wp-content\/litespeed\/avatar\/82faf979976f1bae889b8b71f8a0a7e5.jpg?ver=1777419741","contentUrl":"https:\/\/vocesdelacomuna15.com.ar\/wp-content\/litespeed\/avatar\/82faf979976f1bae889b8b71f8a0a7e5.jpg?ver=1777419741","caption":"Federico Arguto"},"url":"https:\/\/vocesdelacomuna15.com.ar\/press\/author\/fede\/"}]}},"_links":{"self":[{"href":"https:\/\/vocesdelacomuna15.com.ar\/press\/wp-json\/wp\/v2\/posts\/61104","targetHints":{"allow":["GET"]}}],"collection":[{"href":"https:\/\/vocesdelacomuna15.com.ar\/press\/wp-json\/wp\/v2\/posts"}],"about":[{"href":"https:\/\/vocesdelacomuna15.com.ar\/press\/wp-json\/wp\/v2\/types\/post"}],"author":[{"embeddable":true,"href":"https:\/\/vocesdelacomuna15.com.ar\/press\/wp-json\/wp\/v2\/users\/2"}],"replies":[{"embeddable":true,"href":"https:\/\/vocesdelacomuna15.com.ar\/press\/wp-json\/wp\/v2\/comments?post=61104"}],"version-history":[{"count":1,"href":"https:\/\/vocesdelacomuna15.com.ar\/press\/wp-json\/wp\/v2\/posts\/61104\/revisions"}],"predecessor-version":[{"id":61111,"href":"https:\/\/vocesdelacomuna15.com.ar\/press\/wp-json\/wp\/v2\/posts\/61104\/revisions\/61111"}],"wp:featuredmedia":[{"embeddable":true,"href":"https:\/\/vocesdelacomuna15.com.ar\/press\/wp-json\/wp\/v2\/media\/61105"}],"wp:attachment":[{"href":"https:\/\/vocesdelacomuna15.com.ar\/press\/wp-json\/wp\/v2\/media?parent=61104"}],"wp:term":[{"taxonomy":"category","embeddable":true,"href":"https:\/\/vocesdelacomuna15.com.ar\/press\/wp-json\/wp\/v2\/categories?post=61104"},{"taxonomy":"post_tag","embeddable":true,"href":"https:\/\/vocesdelacomuna15.com.ar\/press\/wp-json\/wp\/v2\/tags?post=61104"}],"curies":[{"name":"wp","href":"https:\/\/api.w.org\/{rel}","templated":true}]}}