{"id":61092,"date":"2023-09-11T18:24:54","date_gmt":"2023-09-11T21:24:54","guid":{"rendered":"https:\/\/vocesdelacomuna15.com.ar\/?p=61092"},"modified":"2023-09-11T18:29:46","modified_gmt":"2023-09-11T21:29:46","slug":"comenzo-el-juicio-contra-el-aportante-del-pro-acusado-de-dispararle-a-dos-militantes-kirchneristas","status":"publish","type":"post","link":"https:\/\/vocesdelacomuna15.com.ar\/press\/comenzo-el-juicio-contra-el-aportante-del-pro-acusado-de-dispararle-a-dos-militantes-kirchneristas\/","title":{"rendered":"Comenz\u00f3 el juicio contra el aportante del PRO acusado de dispararle a dos militantes kirchneristas"},"content":{"rendered":"\n<p>El imputado declar\u00f3 y acept\u00f3 preguntas. Volvi\u00f3 a echarle la culpa a su hijo, de entonces 13 a\u00f1os e inimputable. Fuente: Tiempo Argentino<\/p>\n\n\n\n<p>Link a nota original: <a href=\"https:\/\/www.tiempoar.com.ar\/informacion-general\/juicio-aportante-pro\/\">https:\/\/www.tiempoar.com.ar\/informacion-general\/juicio-aportante-pro\/<\/a><\/p>\n\n\n\n<p>Tras siete a\u00f1os de dilaciones judiciales, este jueves empez\u00f3 <a href=\"https:\/\/www.tiempoar.com.ar\/informacion-general\/comienza-el-juicio-contra-el-aportante-del-pro-acusado-de-balear-a-militantes-kirchneristas-en-villa-crespo\/\" target=\"_blank\" rel=\"noreferrer noopener\">el juicio contra <strong>Alejandro Fabi\u00e1n Sidero<\/strong><\/a>, el instructor de tiro y aportante del <strong>PRO<\/strong>, acusado de haberle disparado desde su departamento, en el barrio porte\u00f1o de <strong>Villa Crespo<\/strong>, a dos militantes kirchneristas en marzo de 2016. El sospechoso opt\u00f3 por declarar ante el <strong>Tribunal Oral en lo Criminal N\u00b021 de la Ciudad de Buenos Aires<\/strong>, volvi\u00f3 a desligarse del caso y le ech\u00f3 la culpa a su hijo entonces menor de edad. Durante el debate estuvo presente el l\u00edder de<strong> Nuevo Encuentro<\/strong>, <strong>Mart\u00edn Sabbatella<\/strong>.<\/p>\n\n\n\n<p>Seg\u00fan se estableci\u00f3 durante la instrucci\u00f3n, aquella noche del 5 de marzo, alguien dispar\u00f3 al menos tres veces desde el departamento 1 del piso 12 del edificio de Gurruchaga 274 que daba hacia Padilla 829, donde se hab\u00edan concentrado unas 200 personas, la mayor\u00eda militantes y sus familias, para celebrar la inauguraci\u00f3n de un local partidario de <strong><a href=\"https:\/\/nuevoencuentro.org.ar\" target=\"_blank\" rel=\"noreferrer noopener\">Nuevo Encuentro<\/a><\/strong>. Y esos balazos partieron de una de las cuatro armas que <strong>Sidero<\/strong> ten\u00eda a su nombre en su vivienda: un rev\u00f3lver \u201cSmith &amp; Wesson\u201d modelo \u201cSpringfield\u201d calibre .32 largo.<\/p>\n\n\n\n<p>Por la balacera, resultaron heridas <strong>Daiana Yanet Soto (La C\u00e1mpora)<\/strong>, quien llevaba en brazos a su hermana menor de 4 a\u00f1os y recibi\u00f3 un impacto en el hombro; y&nbsp;<strong>Florencia Girotti<\/strong> (<strong>Nuevo Encuentro<\/strong>), a quien el balazo le atraves\u00f3 su antebrazo izquierdo. Ambas son las v\u00edctimas y est\u00e1n presentadas en el expediente como querellantes. Son las \u00fanicas que impulsan la acusaci\u00f3n ya que el fiscal<strong>&nbsp;Pablo Recchini<\/strong>&nbsp;consider\u00f3 que el caso deber\u00eda quedar impune al coincidir con la versi\u00f3n impuesta por el acusado tras seis meses detenido, cuando asever\u00f3 que su hijo, menor de edad y por lo tanto inimputable, le hab\u00eda confesado haber sido el autor.<\/p>\n\n\n\n<p>Si bien el muchacho luego se hizo cargo de haber disparado a la multitud, un juez de Menores lo absolvi\u00f3 al creer que en realidad estaba tratando de desligar a su padre del caso. As\u00ed y todo el fiscal <strong>Recchini<\/strong> mantuvo su postura y se desentendi\u00f3 de la acusaci\u00f3n.<\/p>\n\n\n\n<p><strong>Sidero<\/strong> no solo declar\u00f3 durante la primera audiencia, sino que tambi\u00e9n acept\u00f3 preguntas de las partes y de los jueces. \u00ab\u00c9l se mantuvo en su relato que viene desde la instrucci\u00f3n, acusando al hijo\u00bb, explic\u00f3 a <em><strong>Tiempo<\/strong><\/em> el abogado querellante <strong>Mariano Przybylski<\/strong>, quien aclar\u00f3: \u00abNo pudo explicar, ante preguntas concretas, si el caj\u00f3n estaba cerrado con llave y c\u00f3mo hizo el hijo para abrirlo. Hay como una laguna ah\u00ed que no lo puede explicar\u00bb. Es que siempre sostuvo que el rev\u00f3lver estaba guardado bajo llave en su propia habitaci\u00f3n mientras \u00e9l dorm\u00eda. Asegur\u00f3 que tampoco escuch\u00f3 nada extra\u00f1o. Vale decir que supuestamente, tras los disparos, el arma volvi\u00f3 a su lugar.<\/p>\n\n\n\n<p>Tambi\u00e9n se hizo menci\u00f3n a las cuatro c\u00e1maras de seguridad que hay en el interior del departamento y que el acusado reci\u00e9n aport\u00f3 cuando las im\u00e1genes estabas borradas, varios meses despu\u00e9s, cuando se confirmaron las pericias bal\u00edsticas y luego de permanecer unos seis meses detenido. \u00abEso siempre fue muy llamativo. Si a vos te est\u00e1n acusando de algo y sab\u00e9s que vos no fuiste, y ten\u00e9s c\u00e1maras de seguridad en tu casa, \u00bfpor qu\u00e9 no las aportaste antes, inmediatamente? \u00c9l nunca lo hizo\u00bb, insisti\u00f3 el abogado.<\/p>\n\n\n\n<p>Al respecto, <em><strong>Tiempo<\/strong><\/em> pudo reconstruir que <strong>Sidero<\/strong> argument\u00f3 que no las hab\u00eda presentado antes porque estaba seguro de su inocencia y hab\u00eda preferido esperar las pericias. Adem\u00e1s, dijo que la c\u00e1mara se regrababa cada 15 d\u00edas y como \u00e9l hab\u00eda ca\u00eddo preso al mes del hecho, tampoco ten\u00eda sentido haberlas aportado antes. Lo curioso es que seg\u00fan revel\u00f3 a partir de su trabajo como inform\u00e1tico, las im\u00e1genes pod\u00edan llegar a recuperarse a trav\u00e9s de un software de Estados Unidos. Sin embargo, jam\u00e1s avanz\u00f3 en ese sentido.<\/p>\n\n\n\n<figure class=\"wp-block-image size-full\"><img loading=\"lazy\" decoding=\"async\" width=\"1024\" height=\"683\" src=\"https:\/\/vocesdelacomuna15.com.ar\/wp-content\/uploads\/2023\/09\/web-juicio-baleados-local-nuevo-encuentro-1-prensa-nuevo-encuentro-1024x683-1.jpg\" alt=\"\" class=\"wp-image-61094\" srcset=\"https:\/\/vocesdelacomuna15.com.ar\/wp-content\/uploads\/2023\/09\/web-juicio-baleados-local-nuevo-encuentro-1-prensa-nuevo-encuentro-1024x683-1.jpg 1024w, https:\/\/vocesdelacomuna15.com.ar\/wp-content\/uploads\/2023\/09\/web-juicio-baleados-local-nuevo-encuentro-1-prensa-nuevo-encuentro-1024x683-1-300x200.jpg 300w, https:\/\/vocesdelacomuna15.com.ar\/wp-content\/uploads\/2023\/09\/web-juicio-baleados-local-nuevo-encuentro-1-prensa-nuevo-encuentro-1024x683-1-768x512.jpg 768w\" sizes=\"(max-width: 1024px) 100vw, 1024px\" \/><\/figure>\n\n\n\n<p>Despu\u00e9s de la declaraci\u00f3n de <strong>Sidero<\/strong>, hicieron lo propio los testigos presenciales aportados por la querella, militantes que hab\u00edan estado aquella noche y las dos v\u00edctimas. \u00abTodos fueron bastante coincidentes con que era una fiesta, que hab\u00eda mucha familia, mucha gente, que estaba todo tranquilo, con alegr\u00eda y que de repente se cort\u00f3 todo. Fue muy repentino\u00bb, precis\u00f3 el abogado, quien se\u00f1al\u00f3 que en estos testimonios se reflej\u00f3 que \u00abhab\u00eda mucha angustia porque algunos compa\u00f1eros y compa\u00f1eras sintieron que pod\u00edan haberlos matado a todos. Eso estuvo muy presente\u00bb.<\/p>\n\n\n\n<p>El juicio seguir\u00e1 la semana que viene con los testimonios de los testigos de la defensa, sobre todo familiares del acusado, y profesionales que atendieron al hijo del acusado. Se prev\u00e9 que el debate dure un total de 4 o 5 jornadas.<\/p>\n\n\n\n<h2 class=\"wp-block-heading\">\u00abFue el puntapi\u00e9 inicial de una escalada de violencia pol\u00edtica\u00bb<\/h2>\n\n\n\n<p><strong>Mart\u00edn Sabbatella<\/strong>, presidente de <strong>Nuevo Encuentro<\/strong>, habl\u00f3 esta ma\u00f1ana desde la puerta de los <strong>Tribunales<\/strong>: \u201cHoy, estamos ac\u00e1 para pedir justicia y el fin de la violencia pol\u00edtica en la Argentina. Este hecho en particular, sucedi\u00f3 cuando <strong>Macri<\/strong> acababa de asumir como presidente y desde ciertos sectores de la dirigencia exteriorizaban y exacerbarban su odio hacia el kirchnerismo. Fue el puntapi\u00e9 inicial de una escalada de violencia pol\u00edtica que alcanz\u00f3 su punto m\u00e1ximo el 1ro de septiembre de 2022, con el intento de magnicidio contra <strong>Cristina<\/strong>\u201d.<\/p>\n\n\n\n<p>\u201cA pesar de lo que quisieron hacer creer, no se trat\u00f3 de \u2018lobos solitarios\u2019, estos hechos fueron la consecuencia l\u00f3gica de a\u00f1os y a\u00f1os de un discurso de odio construido por parte de ciertos sectores de la dirigencia pol\u00edtica, el cual fue reproducido hasta el hartazgo por algunos medios de comunicaci\u00f3n. Hablan de exterminar, aniquilar y desaparecer al adversario pol\u00edtico; de \u2018extirpar la grasa militante\u2019; y en ese contexto, no podemos extra\u00f1arnos de que aparezcan personas que se crean habilitadas, y con el derecho de salir a la calle a dispararle a quienes piensan distinto\u201d, agreg\u00f3 el dirigente nacional de<strong> Nuevo Encuentro<\/strong>.&nbsp;<\/p>\n\n\n\n<p>\u201cEstamos con muchas expectativas respecto a lo que pueda suceder, porque cost\u00f3 mucho llegar al juicio oral. Sabemos que esto tambi\u00e9n puede sentar un precedente en el marco de la escalada de violencia pol\u00edtica que vive la Argentina, y por eso exigimos justicia. Estamos hablando de un hecho que milagrosamente no termin\u00f3 en tragedia\u201d, finaliz\u00f3 <strong>Sabbatella<\/strong>.<\/p>\n\n\n\n<p>Caracteres: 6.046<\/p>\n\n\n\n<p>Fotos: Prensa Nuevo Encuentro<\/p>\n<div class=\"pvc_clear\"><\/div><p id=\"pvc_stats_61092\" class=\"pvc_stats all  \" data-element-id=\"61092\" style=\"\"><i class=\"pvc-stats-icon small\" aria-hidden=\"true\"><svg aria-hidden=\"true\" focusable=\"false\" data-prefix=\"far\" data-icon=\"chart-bar\" role=\"img\" xmlns=\"http:\/\/www.w3.org\/2000\/svg\" viewBox=\"0 0 512 512\" class=\"svg-inline--fa fa-chart-bar fa-w-16 fa-2x\"><path fill=\"currentColor\" d=\"M396.8 352h22.4c6.4 0 12.8-6.4 12.8-12.8V108.8c0-6.4-6.4-12.8-12.8-12.8h-22.4c-6.4 0-12.8 6.4-12.8 12.8v230.4c0 6.4 6.4 12.8 12.8 12.8zm-192 0h22.4c6.4 0 12.8-6.4 12.8-12.8V140.8c0-6.4-6.4-12.8-12.8-12.8h-22.4c-6.4 0-12.8 6.4-12.8 12.8v198.4c0 6.4 6.4 12.8 12.8 12.8zm96 0h22.4c6.4 0 12.8-6.4 12.8-12.8V204.8c0-6.4-6.4-12.8-12.8-12.8h-22.4c-6.4 0-12.8 6.4-12.8 12.8v134.4c0 6.4 6.4 12.8 12.8 12.8zM496 400H48V80c0-8.84-7.16-16-16-16H16C7.16 64 0 71.16 0 80v336c0 17.67 14.33 32 32 32h464c8.84 0 16-7.16 16-16v-16c0-8.84-7.16-16-16-16zm-387.2-48h22.4c6.4 0 12.8-6.4 12.8-12.8v-70.4c0-6.4-6.4-12.8-12.8-12.8h-22.4c-6.4 0-12.8 6.4-12.8 12.8v70.4c0 6.4 6.4 12.8 12.8 12.8z\" class=\"\"><\/path><\/svg><\/i> <img loading=\"lazy\" decoding=\"async\" width=\"16\" height=\"16\" alt=\"Loading\" src=\"https:\/\/vocesdelacomuna15.com.ar\/wp-content\/plugins\/page-views-count\/ajax-loader-2x.gif\" border=0 \/><\/p><div class=\"pvc_clear\"><\/div>","protected":false},"excerpt":{"rendered":"<p>El imputado declar\u00f3 y acept\u00f3 preguntas. Volvi\u00f3 a echarle la culpa a su hijo, de entonces 13 a\u00f1os e inimputable. Fuente: Tiempo Argentino Link a nota original: https:\/\/www.tiempoar.com.ar\/informacion-general\/juicio-aportante-pro\/ Tras siete a\u00f1os de dilaciones judiciales, este jueves empez\u00f3 el juicio contra Alejandro Fabi\u00e1n Sidero, el instructor de tiro y aportante del PRO, acusado de haberle disparado [&hellip;]<\/p>\n<div class=\"pvc_clear\"><\/div>\n<p id=\"pvc_stats_61092\" class=\"pvc_stats all  \" data-element-id=\"61092\" style=\"\"><i class=\"pvc-stats-icon small\" aria-hidden=\"true\"><svg aria-hidden=\"true\" focusable=\"false\" data-prefix=\"far\" data-icon=\"chart-bar\" role=\"img\" xmlns=\"http:\/\/www.w3.org\/2000\/svg\" viewBox=\"0 0 512 512\" class=\"svg-inline--fa fa-chart-bar fa-w-16 fa-2x\"><path fill=\"currentColor\" d=\"M396.8 352h22.4c6.4 0 12.8-6.4 12.8-12.8V108.8c0-6.4-6.4-12.8-12.8-12.8h-22.4c-6.4 0-12.8 6.4-12.8 12.8v230.4c0 6.4 6.4 12.8 12.8 12.8zm-192 0h22.4c6.4 0 12.8-6.4 12.8-12.8V140.8c0-6.4-6.4-12.8-12.8-12.8h-22.4c-6.4 0-12.8 6.4-12.8 12.8v198.4c0 6.4 6.4 12.8 12.8 12.8zm96 0h22.4c6.4 0 12.8-6.4 12.8-12.8V204.8c0-6.4-6.4-12.8-12.8-12.8h-22.4c-6.4 0-12.8 6.4-12.8 12.8v134.4c0 6.4 6.4 12.8 12.8 12.8zM496 400H48V80c0-8.84-7.16-16-16-16H16C7.16 64 0 71.16 0 80v336c0 17.67 14.33 32 32 32h464c8.84 0 16-7.16 16-16v-16c0-8.84-7.16-16-16-16zm-387.2-48h22.4c6.4 0 12.8-6.4 12.8-12.8v-70.4c0-6.4-6.4-12.8-12.8-12.8h-22.4c-6.4 0-12.8 6.4-12.8 12.8v70.4c0 6.4 6.4 12.8 12.8 12.8z\" class=\"\"><\/path><\/svg><\/i> <img loading=\"lazy\" decoding=\"async\" width=\"16\" height=\"16\" alt=\"Loading\" src=\"https:\/\/vocesdelacomuna15.com.ar\/wp-content\/plugins\/page-views-count\/ajax-loader-2x.gif\" border=0 \/><\/p>\n<div class=\"pvc_clear\"><\/div>\n","protected":false},"author":2,"featured_media":61093,"comment_status":"open","ping_status":"open","sticky":false,"template":"","format":"standard","meta":{"_et_pb_use_builder":"off","_et_pb_old_content":"","_et_gb_content_width":"","footnotes":""},"categories":[8,32],"tags":[],"class_list":["post-61092","post","type-post","status-publish","format-standard","has-post-thumbnail","hentry","category-sociedad","category-vcre","et-has-post-format-content","et_post_format-et-post-format-standard"],"a3_pvc":{"activated":true,"total_views":20,"today_views":0},"yoast_head":"<!-- This site is optimized with the Yoast SEO plugin v27.5 - https:\/\/yoast.com\/product\/yoast-seo-wordpress\/ -->\n<title>Comenz\u00f3 el juicio contra el aportante del PRO acusado de dispararle a dos militantes kirchneristas - Voces de la Comuna 15<\/title>\n<meta name=\"description\" content=\"Voces de la Comuna 15\" \/>\n<meta name=\"robots\" content=\"index, follow, max-snippet:-1, max-image-preview:large, max-video-preview:-1\" \/>\n<link rel=\"canonical\" href=\"https:\/\/vocesdelacomuna15.com.ar\/press\/comenzo-el-juicio-contra-el-aportante-del-pro-acusado-de-dispararle-a-dos-militantes-kirchneristas\/\" \/>\n<meta property=\"og:locale\" content=\"es_ES\" \/>\n<meta property=\"og:type\" content=\"article\" \/>\n<meta property=\"og:title\" content=\"Comenz\u00f3 el juicio contra el aportante del PRO acusado de dispararle a dos militantes kirchneristas - Voces de la Comuna 15\" \/>\n<meta property=\"og:description\" content=\"Voces de la Comuna 15\" \/>\n<meta property=\"og:url\" content=\"https:\/\/vocesdelacomuna15.com.ar\/press\/comenzo-el-juicio-contra-el-aportante-del-pro-acusado-de-dispararle-a-dos-militantes-kirchneristas\/\" \/>\n<meta property=\"og:site_name\" content=\"Voces de la Comuna 15\" \/>\n<meta property=\"article:publisher\" content=\"https:\/\/www.facebook.com\/VocesComuna15\/\" \/>\n<meta property=\"article:published_time\" content=\"2023-09-11T21:24:54+00:00\" \/>\n<meta property=\"article:modified_time\" content=\"2023-09-11T21:29:46+00:00\" \/>\n<meta property=\"og:image\" content=\"https:\/\/vocesdelacomuna15.com.ar\/wp-content\/uploads\/2023\/09\/web-juicio-baleados-local-nuevo-encuentro-prensa-nuevo-encuentro-767x511-1.jpg\" \/>\n\t<meta property=\"og:image:width\" content=\"767\" \/>\n\t<meta property=\"og:image:height\" content=\"511\" \/>\n\t<meta property=\"og:image:type\" content=\"image\/jpeg\" \/>\n<meta name=\"author\" content=\"Federico Arguto\" \/>\n<meta name=\"twitter:card\" content=\"summary_large_image\" \/>\n<meta name=\"twitter:creator\" content=\"@vocescomuna15\" \/>\n<meta name=\"twitter:site\" content=\"@vocescomuna15\" \/>\n<meta name=\"twitter:label1\" content=\"Escrito por\" \/>\n\t<meta name=\"twitter:data1\" content=\"Federico Arguto\" \/>\n\t<meta name=\"twitter:label2\" content=\"Tiempo de lectura\" \/>\n\t<meta name=\"twitter:data2\" content=\"6 minutos\" \/>\n<script type=\"application\/ld+json\" class=\"yoast-schema-graph\">{\"@context\":\"https:\\\/\\\/schema.org\",\"@graph\":[{\"@type\":\"Article\",\"@id\":\"https:\\\/\\\/vocesdelacomuna15.com.ar\\\/press\\\/comenzo-el-juicio-contra-el-aportante-del-pro-acusado-de-dispararle-a-dos-militantes-kirchneristas\\\/#article\",\"isPartOf\":{\"@id\":\"https:\\\/\\\/vocesdelacomuna15.com.ar\\\/press\\\/comenzo-el-juicio-contra-el-aportante-del-pro-acusado-de-dispararle-a-dos-militantes-kirchneristas\\\/\"},\"author\":{\"name\":\"Federico Arguto\",\"@id\":\"https:\\\/\\\/vocesdelacomuna15.com.ar\\\/press\\\/#\\\/schema\\\/person\\\/4739e109db25d799cd3d139eeb509e43\"},\"headline\":\"Comenz\u00f3 el juicio contra el aportante del PRO acusado de dispararle a dos militantes kirchneristas\",\"datePublished\":\"2023-09-11T21:24:54+00:00\",\"dateModified\":\"2023-09-11T21:29:46+00:00\",\"mainEntityOfPage\":{\"@id\":\"https:\\\/\\\/vocesdelacomuna15.com.ar\\\/press\\\/comenzo-el-juicio-contra-el-aportante-del-pro-acusado-de-dispararle-a-dos-militantes-kirchneristas\\\/\"},\"wordCount\":1129,\"commentCount\":0,\"publisher\":{\"@id\":\"https:\\\/\\\/vocesdelacomuna15.com.ar\\\/press\\\/#organization\"},\"image\":{\"@id\":\"https:\\\/\\\/vocesdelacomuna15.com.ar\\\/press\\\/comenzo-el-juicio-contra-el-aportante-del-pro-acusado-de-dispararle-a-dos-militantes-kirchneristas\\\/#primaryimage\"},\"thumbnailUrl\":\"https:\\\/\\\/vocesdelacomuna15.com.ar\\\/wp-content\\\/uploads\\\/2023\\\/09\\\/web-juicio-baleados-local-nuevo-encuentro-prensa-nuevo-encuentro-767x511-1.jpg\",\"articleSection\":[\"Sociedad\",\"Villa Crespo\"],\"inLanguage\":\"es-AR\",\"potentialAction\":[{\"@type\":\"CommentAction\",\"name\":\"Comment\",\"target\":[\"https:\\\/\\\/vocesdelacomuna15.com.ar\\\/press\\\/comenzo-el-juicio-contra-el-aportante-del-pro-acusado-de-dispararle-a-dos-militantes-kirchneristas\\\/#respond\"]}]},{\"@type\":\"WebPage\",\"@id\":\"https:\\\/\\\/vocesdelacomuna15.com.ar\\\/press\\\/comenzo-el-juicio-contra-el-aportante-del-pro-acusado-de-dispararle-a-dos-militantes-kirchneristas\\\/\",\"url\":\"https:\\\/\\\/vocesdelacomuna15.com.ar\\\/press\\\/comenzo-el-juicio-contra-el-aportante-del-pro-acusado-de-dispararle-a-dos-militantes-kirchneristas\\\/\",\"name\":\"Comenz\u00f3 el juicio contra el aportante del PRO acusado de dispararle a dos militantes kirchneristas - Voces de la Comuna 15\",\"isPartOf\":{\"@id\":\"https:\\\/\\\/vocesdelacomuna15.com.ar\\\/press\\\/#website\"},\"primaryImageOfPage\":{\"@id\":\"https:\\\/\\\/vocesdelacomuna15.com.ar\\\/press\\\/comenzo-el-juicio-contra-el-aportante-del-pro-acusado-de-dispararle-a-dos-militantes-kirchneristas\\\/#primaryimage\"},\"image\":{\"@id\":\"https:\\\/\\\/vocesdelacomuna15.com.ar\\\/press\\\/comenzo-el-juicio-contra-el-aportante-del-pro-acusado-de-dispararle-a-dos-militantes-kirchneristas\\\/#primaryimage\"},\"thumbnailUrl\":\"https:\\\/\\\/vocesdelacomuna15.com.ar\\\/wp-content\\\/uploads\\\/2023\\\/09\\\/web-juicio-baleados-local-nuevo-encuentro-prensa-nuevo-encuentro-767x511-1.jpg\",\"datePublished\":\"2023-09-11T21:24:54+00:00\",\"dateModified\":\"2023-09-11T21:29:46+00:00\",\"description\":\"Voces de la Comuna 15\",\"breadcrumb\":{\"@id\":\"https:\\\/\\\/vocesdelacomuna15.com.ar\\\/press\\\/comenzo-el-juicio-contra-el-aportante-del-pro-acusado-de-dispararle-a-dos-militantes-kirchneristas\\\/#breadcrumb\"},\"inLanguage\":\"es-AR\",\"potentialAction\":[{\"@type\":\"ReadAction\",\"target\":[\"https:\\\/\\\/vocesdelacomuna15.com.ar\\\/press\\\/comenzo-el-juicio-contra-el-aportante-del-pro-acusado-de-dispararle-a-dos-militantes-kirchneristas\\\/\"]}]},{\"@type\":\"ImageObject\",\"inLanguage\":\"es-AR\",\"@id\":\"https:\\\/\\\/vocesdelacomuna15.com.ar\\\/press\\\/comenzo-el-juicio-contra-el-aportante-del-pro-acusado-de-dispararle-a-dos-militantes-kirchneristas\\\/#primaryimage\",\"url\":\"https:\\\/\\\/vocesdelacomuna15.com.ar\\\/wp-content\\\/uploads\\\/2023\\\/09\\\/web-juicio-baleados-local-nuevo-encuentro-prensa-nuevo-encuentro-767x511-1.jpg\",\"contentUrl\":\"https:\\\/\\\/vocesdelacomuna15.com.ar\\\/wp-content\\\/uploads\\\/2023\\\/09\\\/web-juicio-baleados-local-nuevo-encuentro-prensa-nuevo-encuentro-767x511-1.jpg\",\"width\":767,\"height\":511},{\"@type\":\"BreadcrumbList\",\"@id\":\"https:\\\/\\\/vocesdelacomuna15.com.ar\\\/press\\\/comenzo-el-juicio-contra-el-aportante-del-pro-acusado-de-dispararle-a-dos-militantes-kirchneristas\\\/#breadcrumb\",\"itemListElement\":[{\"@type\":\"ListItem\",\"position\":1,\"name\":\"Inicio\",\"item\":\"https:\\\/\\\/vocesdelacomuna15.com.ar\\\/press\\\/\"},{\"@type\":\"ListItem\",\"position\":2,\"name\":\"Comenz\u00f3 el juicio contra el aportante del PRO acusado de dispararle a dos militantes kirchneristas\"}]},{\"@type\":\"WebSite\",\"@id\":\"https:\\\/\\\/vocesdelacomuna15.com.ar\\\/press\\\/#website\",\"url\":\"https:\\\/\\\/vocesdelacomuna15.com.ar\\\/press\\\/\",\"name\":\"Voces de la Comuna 15\",\"description\":\"Sitio web de noticias\",\"publisher\":{\"@id\":\"https:\\\/\\\/vocesdelacomuna15.com.ar\\\/press\\\/#organization\"},\"potentialAction\":[{\"@type\":\"SearchAction\",\"target\":{\"@type\":\"EntryPoint\",\"urlTemplate\":\"https:\\\/\\\/vocesdelacomuna15.com.ar\\\/press\\\/?s={search_term_string}\"},\"query-input\":{\"@type\":\"PropertyValueSpecification\",\"valueRequired\":true,\"valueName\":\"search_term_string\"}}],\"inLanguage\":\"es-AR\"},{\"@type\":\"Organization\",\"@id\":\"https:\\\/\\\/vocesdelacomuna15.com.ar\\\/press\\\/#organization\",\"name\":\"Voces de la Comuna 15\",\"url\":\"https:\\\/\\\/vocesdelacomuna15.com.ar\\\/press\\\/\",\"logo\":{\"@type\":\"ImageObject\",\"inLanguage\":\"es-AR\",\"@id\":\"https:\\\/\\\/vocesdelacomuna15.com.ar\\\/press\\\/#\\\/schema\\\/logo\\\/image\\\/\",\"url\":\"https:\\\/\\\/vocesdelacomuna15.com.ar\\\/wp-content\\\/uploads\\\/2024\\\/12\\\/cropped-logo_voces.jpg\",\"contentUrl\":\"https:\\\/\\\/vocesdelacomuna15.com.ar\\\/wp-content\\\/uploads\\\/2024\\\/12\\\/cropped-logo_voces.jpg\",\"width\":512,\"height\":512,\"caption\":\"Voces de la Comuna 15\"},\"image\":{\"@id\":\"https:\\\/\\\/vocesdelacomuna15.com.ar\\\/press\\\/#\\\/schema\\\/logo\\\/image\\\/\"},\"sameAs\":[\"https:\\\/\\\/www.facebook.com\\\/VocesComuna15\\\/\",\"https:\\\/\\\/x.com\\\/vocescomuna15\"]},{\"@type\":\"Person\",\"@id\":\"https:\\\/\\\/vocesdelacomuna15.com.ar\\\/press\\\/#\\\/schema\\\/person\\\/4739e109db25d799cd3d139eeb509e43\",\"name\":\"Federico Arguto\",\"image\":{\"@type\":\"ImageObject\",\"inLanguage\":\"es-AR\",\"@id\":\"https:\\\/\\\/vocesdelacomuna15.com.ar\\\/wp-content\\\/litespeed\\\/avatar\\\/82faf979976f1bae889b8b71f8a0a7e5.jpg?ver=1777419741\",\"url\":\"https:\\\/\\\/vocesdelacomuna15.com.ar\\\/wp-content\\\/litespeed\\\/avatar\\\/82faf979976f1bae889b8b71f8a0a7e5.jpg?ver=1777419741\",\"contentUrl\":\"https:\\\/\\\/vocesdelacomuna15.com.ar\\\/wp-content\\\/litespeed\\\/avatar\\\/82faf979976f1bae889b8b71f8a0a7e5.jpg?ver=1777419741\",\"caption\":\"Federico Arguto\"},\"url\":\"https:\\\/\\\/vocesdelacomuna15.com.ar\\\/press\\\/author\\\/fede\\\/\"}]}<\/script>\n<!-- \/ Yoast SEO plugin. -->","yoast_head_json":{"title":"Comenz\u00f3 el juicio contra el aportante del PRO acusado de dispararle a dos militantes kirchneristas - Voces de la Comuna 15","description":"Voces de la Comuna 15","robots":{"index":"index","follow":"follow","max-snippet":"max-snippet:-1","max-image-preview":"max-image-preview:large","max-video-preview":"max-video-preview:-1"},"canonical":"https:\/\/vocesdelacomuna15.com.ar\/press\/comenzo-el-juicio-contra-el-aportante-del-pro-acusado-de-dispararle-a-dos-militantes-kirchneristas\/","og_locale":"es_ES","og_type":"article","og_title":"Comenz\u00f3 el juicio contra el aportante del PRO acusado de dispararle a dos militantes kirchneristas - Voces de la Comuna 15","og_description":"Voces de la Comuna 15","og_url":"https:\/\/vocesdelacomuna15.com.ar\/press\/comenzo-el-juicio-contra-el-aportante-del-pro-acusado-de-dispararle-a-dos-militantes-kirchneristas\/","og_site_name":"Voces de la Comuna 15","article_publisher":"https:\/\/www.facebook.com\/VocesComuna15\/","article_published_time":"2023-09-11T21:24:54+00:00","article_modified_time":"2023-09-11T21:29:46+00:00","og_image":[{"width":767,"height":511,"url":"https:\/\/vocesdelacomuna15.com.ar\/wp-content\/uploads\/2023\/09\/web-juicio-baleados-local-nuevo-encuentro-prensa-nuevo-encuentro-767x511-1.jpg","type":"image\/jpeg"}],"author":"Federico Arguto","twitter_card":"summary_large_image","twitter_creator":"@vocescomuna15","twitter_site":"@vocescomuna15","twitter_misc":{"Escrito por":"Federico Arguto","Tiempo de lectura":"6 minutos"},"schema":{"@context":"https:\/\/schema.org","@graph":[{"@type":"Article","@id":"https:\/\/vocesdelacomuna15.com.ar\/press\/comenzo-el-juicio-contra-el-aportante-del-pro-acusado-de-dispararle-a-dos-militantes-kirchneristas\/#article","isPartOf":{"@id":"https:\/\/vocesdelacomuna15.com.ar\/press\/comenzo-el-juicio-contra-el-aportante-del-pro-acusado-de-dispararle-a-dos-militantes-kirchneristas\/"},"author":{"name":"Federico Arguto","@id":"https:\/\/vocesdelacomuna15.com.ar\/press\/#\/schema\/person\/4739e109db25d799cd3d139eeb509e43"},"headline":"Comenz\u00f3 el juicio contra el aportante del PRO acusado de dispararle a dos militantes kirchneristas","datePublished":"2023-09-11T21:24:54+00:00","dateModified":"2023-09-11T21:29:46+00:00","mainEntityOfPage":{"@id":"https:\/\/vocesdelacomuna15.com.ar\/press\/comenzo-el-juicio-contra-el-aportante-del-pro-acusado-de-dispararle-a-dos-militantes-kirchneristas\/"},"wordCount":1129,"commentCount":0,"publisher":{"@id":"https:\/\/vocesdelacomuna15.com.ar\/press\/#organization"},"image":{"@id":"https:\/\/vocesdelacomuna15.com.ar\/press\/comenzo-el-juicio-contra-el-aportante-del-pro-acusado-de-dispararle-a-dos-militantes-kirchneristas\/#primaryimage"},"thumbnailUrl":"https:\/\/vocesdelacomuna15.com.ar\/wp-content\/uploads\/2023\/09\/web-juicio-baleados-local-nuevo-encuentro-prensa-nuevo-encuentro-767x511-1.jpg","articleSection":["Sociedad","Villa Crespo"],"inLanguage":"es-AR","potentialAction":[{"@type":"CommentAction","name":"Comment","target":["https:\/\/vocesdelacomuna15.com.ar\/press\/comenzo-el-juicio-contra-el-aportante-del-pro-acusado-de-dispararle-a-dos-militantes-kirchneristas\/#respond"]}]},{"@type":"WebPage","@id":"https:\/\/vocesdelacomuna15.com.ar\/press\/comenzo-el-juicio-contra-el-aportante-del-pro-acusado-de-dispararle-a-dos-militantes-kirchneristas\/","url":"https:\/\/vocesdelacomuna15.com.ar\/press\/comenzo-el-juicio-contra-el-aportante-del-pro-acusado-de-dispararle-a-dos-militantes-kirchneristas\/","name":"Comenz\u00f3 el juicio contra el aportante del PRO acusado de dispararle a dos militantes kirchneristas - Voces de la Comuna 15","isPartOf":{"@id":"https:\/\/vocesdelacomuna15.com.ar\/press\/#website"},"primaryImageOfPage":{"@id":"https:\/\/vocesdelacomuna15.com.ar\/press\/comenzo-el-juicio-contra-el-aportante-del-pro-acusado-de-dispararle-a-dos-militantes-kirchneristas\/#primaryimage"},"image":{"@id":"https:\/\/vocesdelacomuna15.com.ar\/press\/comenzo-el-juicio-contra-el-aportante-del-pro-acusado-de-dispararle-a-dos-militantes-kirchneristas\/#primaryimage"},"thumbnailUrl":"https:\/\/vocesdelacomuna15.com.ar\/wp-content\/uploads\/2023\/09\/web-juicio-baleados-local-nuevo-encuentro-prensa-nuevo-encuentro-767x511-1.jpg","datePublished":"2023-09-11T21:24:54+00:00","dateModified":"2023-09-11T21:29:46+00:00","description":"Voces de la Comuna 15","breadcrumb":{"@id":"https:\/\/vocesdelacomuna15.com.ar\/press\/comenzo-el-juicio-contra-el-aportante-del-pro-acusado-de-dispararle-a-dos-militantes-kirchneristas\/#breadcrumb"},"inLanguage":"es-AR","potentialAction":[{"@type":"ReadAction","target":["https:\/\/vocesdelacomuna15.com.ar\/press\/comenzo-el-juicio-contra-el-aportante-del-pro-acusado-de-dispararle-a-dos-militantes-kirchneristas\/"]}]},{"@type":"ImageObject","inLanguage":"es-AR","@id":"https:\/\/vocesdelacomuna15.com.ar\/press\/comenzo-el-juicio-contra-el-aportante-del-pro-acusado-de-dispararle-a-dos-militantes-kirchneristas\/#primaryimage","url":"https:\/\/vocesdelacomuna15.com.ar\/wp-content\/uploads\/2023\/09\/web-juicio-baleados-local-nuevo-encuentro-prensa-nuevo-encuentro-767x511-1.jpg","contentUrl":"https:\/\/vocesdelacomuna15.com.ar\/wp-content\/uploads\/2023\/09\/web-juicio-baleados-local-nuevo-encuentro-prensa-nuevo-encuentro-767x511-1.jpg","width":767,"height":511},{"@type":"BreadcrumbList","@id":"https:\/\/vocesdelacomuna15.com.ar\/press\/comenzo-el-juicio-contra-el-aportante-del-pro-acusado-de-dispararle-a-dos-militantes-kirchneristas\/#breadcrumb","itemListElement":[{"@type":"ListItem","position":1,"name":"Inicio","item":"https:\/\/vocesdelacomuna15.com.ar\/press\/"},{"@type":"ListItem","position":2,"name":"Comenz\u00f3 el juicio contra el aportante del PRO acusado de dispararle a dos militantes kirchneristas"}]},{"@type":"WebSite","@id":"https:\/\/vocesdelacomuna15.com.ar\/press\/#website","url":"https:\/\/vocesdelacomuna15.com.ar\/press\/","name":"Voces de la Comuna 15","description":"Sitio web de noticias","publisher":{"@id":"https:\/\/vocesdelacomuna15.com.ar\/press\/#organization"},"potentialAction":[{"@type":"SearchAction","target":{"@type":"EntryPoint","urlTemplate":"https:\/\/vocesdelacomuna15.com.ar\/press\/?s={search_term_string}"},"query-input":{"@type":"PropertyValueSpecification","valueRequired":true,"valueName":"search_term_string"}}],"inLanguage":"es-AR"},{"@type":"Organization","@id":"https:\/\/vocesdelacomuna15.com.ar\/press\/#organization","name":"Voces de la Comuna 15","url":"https:\/\/vocesdelacomuna15.com.ar\/press\/","logo":{"@type":"ImageObject","inLanguage":"es-AR","@id":"https:\/\/vocesdelacomuna15.com.ar\/press\/#\/schema\/logo\/image\/","url":"https:\/\/vocesdelacomuna15.com.ar\/wp-content\/uploads\/2024\/12\/cropped-logo_voces.jpg","contentUrl":"https:\/\/vocesdelacomuna15.com.ar\/wp-content\/uploads\/2024\/12\/cropped-logo_voces.jpg","width":512,"height":512,"caption":"Voces de la Comuna 15"},"image":{"@id":"https:\/\/vocesdelacomuna15.com.ar\/press\/#\/schema\/logo\/image\/"},"sameAs":["https:\/\/www.facebook.com\/VocesComuna15\/","https:\/\/x.com\/vocescomuna15"]},{"@type":"Person","@id":"https:\/\/vocesdelacomuna15.com.ar\/press\/#\/schema\/person\/4739e109db25d799cd3d139eeb509e43","name":"Federico Arguto","image":{"@type":"ImageObject","inLanguage":"es-AR","@id":"https:\/\/vocesdelacomuna15.com.ar\/wp-content\/litespeed\/avatar\/82faf979976f1bae889b8b71f8a0a7e5.jpg?ver=1777419741","url":"https:\/\/vocesdelacomuna15.com.ar\/wp-content\/litespeed\/avatar\/82faf979976f1bae889b8b71f8a0a7e5.jpg?ver=1777419741","contentUrl":"https:\/\/vocesdelacomuna15.com.ar\/wp-content\/litespeed\/avatar\/82faf979976f1bae889b8b71f8a0a7e5.jpg?ver=1777419741","caption":"Federico Arguto"},"url":"https:\/\/vocesdelacomuna15.com.ar\/press\/author\/fede\/"}]}},"_links":{"self":[{"href":"https:\/\/vocesdelacomuna15.com.ar\/press\/wp-json\/wp\/v2\/posts\/61092","targetHints":{"allow":["GET"]}}],"collection":[{"href":"https:\/\/vocesdelacomuna15.com.ar\/press\/wp-json\/wp\/v2\/posts"}],"about":[{"href":"https:\/\/vocesdelacomuna15.com.ar\/press\/wp-json\/wp\/v2\/types\/post"}],"author":[{"embeddable":true,"href":"https:\/\/vocesdelacomuna15.com.ar\/press\/wp-json\/wp\/v2\/users\/2"}],"replies":[{"embeddable":true,"href":"https:\/\/vocesdelacomuna15.com.ar\/press\/wp-json\/wp\/v2\/comments?post=61092"}],"version-history":[{"count":2,"href":"https:\/\/vocesdelacomuna15.com.ar\/press\/wp-json\/wp\/v2\/posts\/61092\/revisions"}],"predecessor-version":[{"id":61096,"href":"https:\/\/vocesdelacomuna15.com.ar\/press\/wp-json\/wp\/v2\/posts\/61092\/revisions\/61096"}],"wp:featuredmedia":[{"embeddable":true,"href":"https:\/\/vocesdelacomuna15.com.ar\/press\/wp-json\/wp\/v2\/media\/61093"}],"wp:attachment":[{"href":"https:\/\/vocesdelacomuna15.com.ar\/press\/wp-json\/wp\/v2\/media?parent=61092"}],"wp:term":[{"taxonomy":"category","embeddable":true,"href":"https:\/\/vocesdelacomuna15.com.ar\/press\/wp-json\/wp\/v2\/categories?post=61092"},{"taxonomy":"post_tag","embeddable":true,"href":"https:\/\/vocesdelacomuna15.com.ar\/press\/wp-json\/wp\/v2\/tags?post=61092"}],"curies":[{"name":"wp","href":"https:\/\/api.w.org\/{rel}","templated":true}]}}