{"id":60026,"date":"2023-05-29T14:43:06","date_gmt":"2023-05-29T17:43:06","guid":{"rendered":"https:\/\/vocesdelacomuna15.com.ar\/wordpress\/?p=60026"},"modified":"2023-05-29T16:26:48","modified_gmt":"2023-05-29T19:26:48","slug":"los-hogares-y-las-transformaciones-de-la-familia-en-la-ciudad-de-buenos-aires","status":"publish","type":"post","link":"https:\/\/vocesdelacomuna15.com.ar\/press\/los-hogares-y-las-transformaciones-de-la-familia-en-la-ciudad-de-buenos-aires\/","title":{"rendered":"Los hogares y las transformaciones de la familia en la Ciudad de Buenos Aires"},"content":{"rendered":"\n<p>La Doctora en Sociolog\u00eda Paula Fern\u00e1ndez Lopes describe y analiza en su libro la creciente cantidad de hogares unipersonales en este aglomerado, las caracter\u00edsticas sociodemogr\u00e1ficas de sus residentes y las condiciones de ingreso a esta particular forma de habitar la ciudad y el espacio f\u00edsico<\/p>\n\n\n\n<p>El aumento de hogares o residencias<strong> <\/strong>unipersonales, as\u00ed como estas nuevas formas de vida, estrategias de consumo y din\u00e1micas particulares&nbsp;diferentes a las que caracterizan y utilizan las familias tradicionales constituyen un evento demogr\u00e1fico de posguerra y uno de los indicadores m\u00e1s significativos de cambio social de mediados del siglo XX.&nbsp;<\/p>\n\n\n\n<p>Estas transformaciones se asocian primeramente con el proceso de Transici\u00f3n Demogr\u00e1fica<sup> <\/sup>y las mejoras en los est\u00e1ndares de salud, mayores expectativas de vida y descenso de la mortalidad, situaci\u00f3n que acrecienta las probabilidades para que muchos sujetos en la vejez terminen viviendo solos. Por otra parte, se nutren de la individualizaci\u00f3n de la sociedad y el proceso de desinstitucionalizaci\u00f3n de la familia tradicional, la vida conyugal y los roles tradicionales de g\u00e9nero. El aumento de los hogares unipersonales puede vincularse as\u00ed con el aumento de la tasa de divorcios, parejas que no desean tener descendencia, una mayor edad a la que la gente decide convivir con su pareja, postergaci\u00f3n de hijos, celibato y la creciente cantidad de personas que deciden vivir transitoria o permanentemente solas, fen\u00f3menos a menudo asociados al proceso de la Segunda Transici\u00f3n.<\/p>\n\n\n\n<p>En nuestro pa\u00eds, el porcentaje de hogares unipersonales sobre el total de los hogares ha crecido desde un 10,4% en 1980 a un 17,7% en 2010 seg\u00fan el Censo Nacional de Poblaci\u00f3n, Hogares y Viviendas del Instituto Nacional de Estad\u00edsticas y Censos (INDEC)<sup> <\/sup>. La jurisdicci\u00f3n geogr\u00e1fica que presenta hist\u00f3ricamente el mayor porcentaje de hogares unipersonales -en relaci\u00f3n con otros aglomerados de 500.000 habitantes y m\u00e1s y el total del pa\u00eds- es la Ciudad de Buenos Aires. Tal como puede observarse seg\u00fan la Encuesta Anual de Hogares (EAH) de la Direcci\u00f3n General de Estad\u00edstica y Censos (DGEyC) de la Ciudad de Buenos Aires, desde el a\u00f1o 2014 m\u00e1s de un tercio del total de los hogares se encuentran conformados por una sola persona, alcanzando un m\u00e1ximo de un 39,1% en el a\u00f1o 2022 (Ver Gr\u00e1fico 1). Estos hogares son predominantes en la zona Norte de la Ciudad de Buenos Aires, caracterizada por sus patrones socioculturales y sexuales modernos e indicadores de bienestar sociales y econ\u00f3micos favorables.<\/p>\n\n\n\n<figure class=\"wp-block-image size-full\"><img loading=\"lazy\" decoding=\"async\" width=\"392\" height=\"221\" src=\"https:\/\/vocesdelacomuna15.com.ar\/wordpress\/wp-content\/uploads\/2023\/05\/grafico.png\" alt=\"\" class=\"wp-image-60032\" srcset=\"https:\/\/vocesdelacomuna15.com.ar\/wp-content\/uploads\/2023\/05\/grafico.png 392w, https:\/\/vocesdelacomuna15.com.ar\/wp-content\/uploads\/2023\/05\/grafico-300x169.png 300w\" sizes=\"(max-width: 392px) 100vw, 392px\" \/><\/figure>\n\n\n\n<p><em>Fuente: Datos elaborados a partir de Encuesta Anual de Hogares (EAH). Direcci\u00f3n General de Estad\u00edstica y Censos (DGEyC). A\u00f1o 2022.<\/em><\/p>\n\n\n\n<p><\/p>\n\n\n\n<p>Estos datos son el disparador principal de la investigaci\u00f3n de la Doctora en Sociolog\u00eda Paula Fern\u00e1ndez Lopes cuyo libro \u201c<em>Vivir solo. Experiencias de residentes de hogares unipersonales de la Ciudad de Buenos Aires\u201d <\/em>tiene como principal objetivo caracterizar sociodemogr\u00e1ficamente a los residentes de esta ciudad y comprender las experiencias y las percepciones de los mismos. \u201cEsta investigaci\u00f3n se propone conocer la ruta de entrada al hogar unipersonal, los motivos, razones y circunstancias a partir de las cuales se produce el ingreso a este estilo de vida y tambi\u00e9n c\u00f3mo construyen su sexoafectividad y sentido de familia\u201d, sostiene la investigadora.&nbsp;<\/p>\n\n\n\n<p>Dentro de los principales hallazgos se plantea la presencia mayoritaria de adultos mayores viviendo solos en la ciudad, un segmento etario representado eminentemente por mujeres viudas. \u201cEste aspecto puede explicarse ya que la Ciudad de Buenos Aires tiene el mayor porcentaje de adultos mayores en relaci\u00f3n con otras jurisdicciones. Asimismo, la esperanza de vida al nacer es m\u00e1s alta en las mujeres que en los varones. Ahora bien, hay otro perfil de hogar unipersonal permeado mayormente por varones adultos de 36 a 64 a\u00f1os que se han separado o divorciado\u201d, a\u00f1ade la autora.&nbsp;<\/p>\n\n\n\n<p>\u201cLa situaci\u00f3n conyugal es una variable importante para analizar tambi\u00e9n c\u00f3mo se produce la entrada al hogar unipersonal, que puede darse por el deceso o la muerte de un miembro de la familia o bien la separaci\u00f3n o el divorcio. Vivir solo puede ser producto de situaciones externas y no elegidas de antemano -pero que generan acostumbramiento en el tiempo y no implican estrictamente sentimientos de soledad-. En el caso de los j\u00f3venes mayormente solteros \u2013y que aplazan cada vez m\u00e1s la entrada en primera uni\u00f3n y la procreaci\u00f3n en pos de sus estudios o carreras profesionales-, la b\u00fasqueda de independencia es el principal motor de vivir solos. Desde luego, las condiciones econ\u00f3micas facilitan la concreci\u00f3n de ese deseo a menudo tensionado por la inestabilidad laboral, la crisis habitacional y la b\u00fasqueda de estrategias para garantizar la sostenibilidad a lo largo del tiempo\u201d.&nbsp;<\/p>\n\n\n\n<p>La investigaci\u00f3n de Paula Fern\u00e1ndez Lopes considera que los lazos familiares son fundamentales en la conformaci\u00f3n de los hogares y en las representaciones de quienes viven solos en la Ciudad de Buenos Aires. \u201cLos hogares familiares nucleares siguen siendo a\u00fan mayoritarios al interior de este aglomerado. El aumento de los hogares unipersonales es un fen\u00f3meno que debe analizarse a partir de una sociedad m\u00e1s democr\u00e1tica, libre y aut\u00f3noma de anclajes tradicionales donde la familia es un marco general donde se inscriben deseos de tiempo y espacio propios, biograf\u00edas, trayectorias y expectativas individuales. Investigar los cambios en los hogares y las familias tanto en la Ciudad de Buenos Aires como en el total de nuestro pa\u00eds, no solamente ampl\u00eda el conocimiento sociodemogr\u00e1fico existente, sino que tambi\u00e9n conforma un insumo fundamental para pensar la pol\u00edtica p\u00fablica desde aspectos macroestructurales como microsociales, formas de significar el hogar y tambi\u00e9n los afectos y la sexualidad\u201d, concluye.<\/p>\n\n\n\n<p>Acerca del libro:<\/p>\n\n\n\n<figure class=\"wp-block-image size-full\"><img loading=\"lazy\" decoding=\"async\" width=\"517\" height=\"320\" src=\"https:\/\/vocesdelacomuna15.com.ar\/wordpress\/wp-content\/uploads\/2023\/05\/vivir-solo-2.png\" alt=\"\" class=\"wp-image-60033\" srcset=\"https:\/\/vocesdelacomuna15.com.ar\/wp-content\/uploads\/2023\/05\/vivir-solo-2.png 517w, https:\/\/vocesdelacomuna15.com.ar\/wp-content\/uploads\/2023\/05\/vivir-solo-2-300x186.png 300w\" sizes=\"(max-width: 517px) 100vw, 517px\" \/><\/figure>\n\n\n\n<p>Ebook: \u201cVivir solo. Experiencias de residentes de hogares unipersonales de la Ciudad de Buenos Aires\u201d. Editorial Imaginante. <\/p>\n\n\n\n<p>Tienda Virtual: <a href=\"https:\/\/www.editorialimaginante.com\/producto\/ebook-vivir-solo-experiencias-de-residentes-de-hogares-unipersonales-de-la-ciudad-de-buenos-aires-paula-daniela-fernandez-lopes\/\">https:\/\/www.editorialimaginante.com\/producto\/ebook-vivir-solo-experiencias-de-residentes-de-hogares-unipersonales-de-la-ciudad-de-buenos-aires-paula-daniela-fernandez-lopes\/<\/a><\/p>\n\n\n\n<p><\/p>\n\n\n\n<p>Referencias: <\/p>\n\n\n\n<ol class=\"wp-block-list\">\n<li>Los datos correspondientes al Censo Nacional de Poblaci\u00f3n, Hogares y Viviendas del a\u00f1o 2022 no se encuentran a\u00fan disponibles<\/li>\n\n\n\n<li>Comprende la Comuna 2 (Recoleta), 13 (Nu\u00f1ez, Belgrano y Colegiales) y 14 (Palermo).\u00a0<\/li>\n<\/ol>\n\n\n\n<p><\/p>\n\n\n\n<p>Caracteres: 5.638<\/p>\n<div class=\"pvc_clear\"><\/div><p id=\"pvc_stats_60026\" class=\"pvc_stats all  \" data-element-id=\"60026\" style=\"\"><i class=\"pvc-stats-icon small\" aria-hidden=\"true\"><svg aria-hidden=\"true\" focusable=\"false\" data-prefix=\"far\" data-icon=\"chart-bar\" role=\"img\" xmlns=\"http:\/\/www.w3.org\/2000\/svg\" viewBox=\"0 0 512 512\" class=\"svg-inline--fa fa-chart-bar fa-w-16 fa-2x\"><path fill=\"currentColor\" d=\"M396.8 352h22.4c6.4 0 12.8-6.4 12.8-12.8V108.8c0-6.4-6.4-12.8-12.8-12.8h-22.4c-6.4 0-12.8 6.4-12.8 12.8v230.4c0 6.4 6.4 12.8 12.8 12.8zm-192 0h22.4c6.4 0 12.8-6.4 12.8-12.8V140.8c0-6.4-6.4-12.8-12.8-12.8h-22.4c-6.4 0-12.8 6.4-12.8 12.8v198.4c0 6.4 6.4 12.8 12.8 12.8zm96 0h22.4c6.4 0 12.8-6.4 12.8-12.8V204.8c0-6.4-6.4-12.8-12.8-12.8h-22.4c-6.4 0-12.8 6.4-12.8 12.8v134.4c0 6.4 6.4 12.8 12.8 12.8zM496 400H48V80c0-8.84-7.16-16-16-16H16C7.16 64 0 71.16 0 80v336c0 17.67 14.33 32 32 32h464c8.84 0 16-7.16 16-16v-16c0-8.84-7.16-16-16-16zm-387.2-48h22.4c6.4 0 12.8-6.4 12.8-12.8v-70.4c0-6.4-6.4-12.8-12.8-12.8h-22.4c-6.4 0-12.8 6.4-12.8 12.8v70.4c0 6.4 6.4 12.8 12.8 12.8z\" class=\"\"><\/path><\/svg><\/i> <img loading=\"lazy\" decoding=\"async\" width=\"16\" height=\"16\" alt=\"Loading\" src=\"https:\/\/vocesdelacomuna15.com.ar\/wp-content\/plugins\/page-views-count\/ajax-loader-2x.gif\" border=0 \/><\/p><div class=\"pvc_clear\"><\/div>","protected":false},"excerpt":{"rendered":"<p>La Doctora en Sociolog\u00eda Paula Fern\u00e1ndez Lopes describe y analiza en su libro la creciente cantidad de hogares unipersonales en este aglomerado, las caracter\u00edsticas sociodemogr\u00e1ficas de sus residentes y las condiciones de ingreso a esta particular forma de habitar la ciudad y el espacio f\u00edsico El aumento de hogares o residencias unipersonales, as\u00ed como estas [&hellip;]<\/p>\n<div class=\"pvc_clear\"><\/div>\n<p id=\"pvc_stats_60026\" class=\"pvc_stats all  \" data-element-id=\"60026\" style=\"\"><i class=\"pvc-stats-icon small\" aria-hidden=\"true\"><svg aria-hidden=\"true\" focusable=\"false\" data-prefix=\"far\" data-icon=\"chart-bar\" role=\"img\" xmlns=\"http:\/\/www.w3.org\/2000\/svg\" viewBox=\"0 0 512 512\" class=\"svg-inline--fa fa-chart-bar fa-w-16 fa-2x\"><path fill=\"currentColor\" d=\"M396.8 352h22.4c6.4 0 12.8-6.4 12.8-12.8V108.8c0-6.4-6.4-12.8-12.8-12.8h-22.4c-6.4 0-12.8 6.4-12.8 12.8v230.4c0 6.4 6.4 12.8 12.8 12.8zm-192 0h22.4c6.4 0 12.8-6.4 12.8-12.8V140.8c0-6.4-6.4-12.8-12.8-12.8h-22.4c-6.4 0-12.8 6.4-12.8 12.8v198.4c0 6.4 6.4 12.8 12.8 12.8zm96 0h22.4c6.4 0 12.8-6.4 12.8-12.8V204.8c0-6.4-6.4-12.8-12.8-12.8h-22.4c-6.4 0-12.8 6.4-12.8 12.8v134.4c0 6.4 6.4 12.8 12.8 12.8zM496 400H48V80c0-8.84-7.16-16-16-16H16C7.16 64 0 71.16 0 80v336c0 17.67 14.33 32 32 32h464c8.84 0 16-7.16 16-16v-16c0-8.84-7.16-16-16-16zm-387.2-48h22.4c6.4 0 12.8-6.4 12.8-12.8v-70.4c0-6.4-6.4-12.8-12.8-12.8h-22.4c-6.4 0-12.8 6.4-12.8 12.8v70.4c0 6.4 6.4 12.8 12.8 12.8z\" class=\"\"><\/path><\/svg><\/i> <img loading=\"lazy\" decoding=\"async\" width=\"16\" height=\"16\" alt=\"Loading\" src=\"https:\/\/vocesdelacomuna15.com.ar\/wp-content\/plugins\/page-views-count\/ajax-loader-2x.gif\" border=0 \/><\/p>\n<div class=\"pvc_clear\"><\/div>\n","protected":false},"author":2,"featured_media":60029,"comment_status":"open","ping_status":"open","sticky":false,"template":"","format":"standard","meta":{"_et_pb_use_builder":"","_et_pb_old_content":"","_et_gb_content_width":"","footnotes":""},"categories":[8],"tags":[],"class_list":["post-60026","post","type-post","status-publish","format-standard","has-post-thumbnail","hentry","category-sociedad","et-has-post-format-content","et_post_format-et-post-format-standard"],"a3_pvc":{"activated":true,"total_views":82,"today_views":0},"yoast_head":"<!-- This site is optimized with the Yoast SEO plugin v27.5 - https:\/\/yoast.com\/product\/yoast-seo-wordpress\/ -->\n<title>Los hogares y las transformaciones de la familia en la Ciudad de Buenos Aires - Voces de la Comuna 15<\/title>\n<meta name=\"description\" content=\"Voces de la Comuna 15\" \/>\n<meta name=\"robots\" content=\"index, follow, max-snippet:-1, max-image-preview:large, max-video-preview:-1\" \/>\n<link rel=\"canonical\" href=\"https:\/\/vocesdelacomuna15.com.ar\/press\/los-hogares-y-las-transformaciones-de-la-familia-en-la-ciudad-de-buenos-aires\/\" \/>\n<meta property=\"og:locale\" content=\"es_ES\" \/>\n<meta property=\"og:type\" content=\"article\" \/>\n<meta property=\"og:title\" content=\"Los hogares y las transformaciones de la familia en la Ciudad de Buenos Aires - Voces de la Comuna 15\" \/>\n<meta property=\"og:description\" content=\"Voces de la Comuna 15\" \/>\n<meta property=\"og:url\" content=\"https:\/\/vocesdelacomuna15.com.ar\/press\/los-hogares-y-las-transformaciones-de-la-familia-en-la-ciudad-de-buenos-aires\/\" \/>\n<meta property=\"og:site_name\" content=\"Voces de la Comuna 15\" \/>\n<meta property=\"article:publisher\" content=\"https:\/\/www.facebook.com\/VocesComuna15\/\" \/>\n<meta property=\"article:published_time\" content=\"2023-05-29T17:43:06+00:00\" \/>\n<meta property=\"article:modified_time\" content=\"2023-05-29T19:26:48+00:00\" \/>\n<meta property=\"og:image\" content=\"https:\/\/vocesdelacomuna15.com.ar\/wp-content\/uploads\/2023\/05\/vivir-solo-red.jpg\" \/>\n\t<meta property=\"og:image:width\" content=\"468\" \/>\n\t<meta property=\"og:image:height\" content=\"594\" \/>\n\t<meta property=\"og:image:type\" content=\"image\/jpeg\" \/>\n<meta name=\"author\" content=\"Federico Arguto\" \/>\n<meta name=\"twitter:card\" content=\"summary_large_image\" \/>\n<meta name=\"twitter:creator\" content=\"@vocescomuna15\" \/>\n<meta name=\"twitter:site\" content=\"@vocescomuna15\" \/>\n<meta name=\"twitter:label1\" content=\"Escrito por\" \/>\n\t<meta name=\"twitter:data1\" content=\"Federico Arguto\" \/>\n\t<meta name=\"twitter:label2\" content=\"Tiempo de lectura\" \/>\n\t<meta name=\"twitter:data2\" content=\"5 minutos\" \/>\n<script type=\"application\/ld+json\" class=\"yoast-schema-graph\">{\"@context\":\"https:\\\/\\\/schema.org\",\"@graph\":[{\"@type\":\"Article\",\"@id\":\"https:\\\/\\\/vocesdelacomuna15.com.ar\\\/press\\\/los-hogares-y-las-transformaciones-de-la-familia-en-la-ciudad-de-buenos-aires\\\/#article\",\"isPartOf\":{\"@id\":\"https:\\\/\\\/vocesdelacomuna15.com.ar\\\/press\\\/los-hogares-y-las-transformaciones-de-la-familia-en-la-ciudad-de-buenos-aires\\\/\"},\"author\":{\"name\":\"Federico Arguto\",\"@id\":\"https:\\\/\\\/vocesdelacomuna15.com.ar\\\/press\\\/#\\\/schema\\\/person\\\/4739e109db25d799cd3d139eeb509e43\"},\"headline\":\"Los hogares y las transformaciones de la familia en la Ciudad de Buenos Aires\",\"datePublished\":\"2023-05-29T17:43:06+00:00\",\"dateModified\":\"2023-05-29T19:26:48+00:00\",\"mainEntityOfPage\":{\"@id\":\"https:\\\/\\\/vocesdelacomuna15.com.ar\\\/press\\\/los-hogares-y-las-transformaciones-de-la-familia-en-la-ciudad-de-buenos-aires\\\/\"},\"wordCount\":1051,\"commentCount\":0,\"publisher\":{\"@id\":\"https:\\\/\\\/vocesdelacomuna15.com.ar\\\/press\\\/#organization\"},\"image\":{\"@id\":\"https:\\\/\\\/vocesdelacomuna15.com.ar\\\/press\\\/los-hogares-y-las-transformaciones-de-la-familia-en-la-ciudad-de-buenos-aires\\\/#primaryimage\"},\"thumbnailUrl\":\"https:\\\/\\\/vocesdelacomuna15.com.ar\\\/wp-content\\\/uploads\\\/2023\\\/05\\\/vivir-solo-red.jpg\",\"articleSection\":[\"Sociedad\"],\"inLanguage\":\"es-AR\",\"potentialAction\":[{\"@type\":\"CommentAction\",\"name\":\"Comment\",\"target\":[\"https:\\\/\\\/vocesdelacomuna15.com.ar\\\/press\\\/los-hogares-y-las-transformaciones-de-la-familia-en-la-ciudad-de-buenos-aires\\\/#respond\"]}]},{\"@type\":\"WebPage\",\"@id\":\"https:\\\/\\\/vocesdelacomuna15.com.ar\\\/press\\\/los-hogares-y-las-transformaciones-de-la-familia-en-la-ciudad-de-buenos-aires\\\/\",\"url\":\"https:\\\/\\\/vocesdelacomuna15.com.ar\\\/press\\\/los-hogares-y-las-transformaciones-de-la-familia-en-la-ciudad-de-buenos-aires\\\/\",\"name\":\"Los hogares y las transformaciones de la familia en la Ciudad de Buenos Aires - Voces de la Comuna 15\",\"isPartOf\":{\"@id\":\"https:\\\/\\\/vocesdelacomuna15.com.ar\\\/press\\\/#website\"},\"primaryImageOfPage\":{\"@id\":\"https:\\\/\\\/vocesdelacomuna15.com.ar\\\/press\\\/los-hogares-y-las-transformaciones-de-la-familia-en-la-ciudad-de-buenos-aires\\\/#primaryimage\"},\"image\":{\"@id\":\"https:\\\/\\\/vocesdelacomuna15.com.ar\\\/press\\\/los-hogares-y-las-transformaciones-de-la-familia-en-la-ciudad-de-buenos-aires\\\/#primaryimage\"},\"thumbnailUrl\":\"https:\\\/\\\/vocesdelacomuna15.com.ar\\\/wp-content\\\/uploads\\\/2023\\\/05\\\/vivir-solo-red.jpg\",\"datePublished\":\"2023-05-29T17:43:06+00:00\",\"dateModified\":\"2023-05-29T19:26:48+00:00\",\"description\":\"Voces de la Comuna 15\",\"breadcrumb\":{\"@id\":\"https:\\\/\\\/vocesdelacomuna15.com.ar\\\/press\\\/los-hogares-y-las-transformaciones-de-la-familia-en-la-ciudad-de-buenos-aires\\\/#breadcrumb\"},\"inLanguage\":\"es-AR\",\"potentialAction\":[{\"@type\":\"ReadAction\",\"target\":[\"https:\\\/\\\/vocesdelacomuna15.com.ar\\\/press\\\/los-hogares-y-las-transformaciones-de-la-familia-en-la-ciudad-de-buenos-aires\\\/\"]}]},{\"@type\":\"ImageObject\",\"inLanguage\":\"es-AR\",\"@id\":\"https:\\\/\\\/vocesdelacomuna15.com.ar\\\/press\\\/los-hogares-y-las-transformaciones-de-la-familia-en-la-ciudad-de-buenos-aires\\\/#primaryimage\",\"url\":\"https:\\\/\\\/vocesdelacomuna15.com.ar\\\/wp-content\\\/uploads\\\/2023\\\/05\\\/vivir-solo-red.jpg\",\"contentUrl\":\"https:\\\/\\\/vocesdelacomuna15.com.ar\\\/wp-content\\\/uploads\\\/2023\\\/05\\\/vivir-solo-red.jpg\",\"width\":468,\"height\":594},{\"@type\":\"BreadcrumbList\",\"@id\":\"https:\\\/\\\/vocesdelacomuna15.com.ar\\\/press\\\/los-hogares-y-las-transformaciones-de-la-familia-en-la-ciudad-de-buenos-aires\\\/#breadcrumb\",\"itemListElement\":[{\"@type\":\"ListItem\",\"position\":1,\"name\":\"Inicio\",\"item\":\"https:\\\/\\\/vocesdelacomuna15.com.ar\\\/press\\\/\"},{\"@type\":\"ListItem\",\"position\":2,\"name\":\"Los hogares y las transformaciones de la familia en la Ciudad de Buenos Aires\"}]},{\"@type\":\"WebSite\",\"@id\":\"https:\\\/\\\/vocesdelacomuna15.com.ar\\\/press\\\/#website\",\"url\":\"https:\\\/\\\/vocesdelacomuna15.com.ar\\\/press\\\/\",\"name\":\"Voces de la Comuna 15\",\"description\":\"Sitio web de noticias\",\"publisher\":{\"@id\":\"https:\\\/\\\/vocesdelacomuna15.com.ar\\\/press\\\/#organization\"},\"potentialAction\":[{\"@type\":\"SearchAction\",\"target\":{\"@type\":\"EntryPoint\",\"urlTemplate\":\"https:\\\/\\\/vocesdelacomuna15.com.ar\\\/press\\\/?s={search_term_string}\"},\"query-input\":{\"@type\":\"PropertyValueSpecification\",\"valueRequired\":true,\"valueName\":\"search_term_string\"}}],\"inLanguage\":\"es-AR\"},{\"@type\":\"Organization\",\"@id\":\"https:\\\/\\\/vocesdelacomuna15.com.ar\\\/press\\\/#organization\",\"name\":\"Voces de la Comuna 15\",\"url\":\"https:\\\/\\\/vocesdelacomuna15.com.ar\\\/press\\\/\",\"logo\":{\"@type\":\"ImageObject\",\"inLanguage\":\"es-AR\",\"@id\":\"https:\\\/\\\/vocesdelacomuna15.com.ar\\\/press\\\/#\\\/schema\\\/logo\\\/image\\\/\",\"url\":\"https:\\\/\\\/vocesdelacomuna15.com.ar\\\/wp-content\\\/uploads\\\/2024\\\/12\\\/cropped-logo_voces.jpg\",\"contentUrl\":\"https:\\\/\\\/vocesdelacomuna15.com.ar\\\/wp-content\\\/uploads\\\/2024\\\/12\\\/cropped-logo_voces.jpg\",\"width\":512,\"height\":512,\"caption\":\"Voces de la Comuna 15\"},\"image\":{\"@id\":\"https:\\\/\\\/vocesdelacomuna15.com.ar\\\/press\\\/#\\\/schema\\\/logo\\\/image\\\/\"},\"sameAs\":[\"https:\\\/\\\/www.facebook.com\\\/VocesComuna15\\\/\",\"https:\\\/\\\/x.com\\\/vocescomuna15\"]},{\"@type\":\"Person\",\"@id\":\"https:\\\/\\\/vocesdelacomuna15.com.ar\\\/press\\\/#\\\/schema\\\/person\\\/4739e109db25d799cd3d139eeb509e43\",\"name\":\"Federico Arguto\",\"image\":{\"@type\":\"ImageObject\",\"inLanguage\":\"es-AR\",\"@id\":\"https:\\\/\\\/vocesdelacomuna15.com.ar\\\/wp-content\\\/litespeed\\\/avatar\\\/82faf979976f1bae889b8b71f8a0a7e5.jpg?ver=1777419741\",\"url\":\"https:\\\/\\\/vocesdelacomuna15.com.ar\\\/wp-content\\\/litespeed\\\/avatar\\\/82faf979976f1bae889b8b71f8a0a7e5.jpg?ver=1777419741\",\"contentUrl\":\"https:\\\/\\\/vocesdelacomuna15.com.ar\\\/wp-content\\\/litespeed\\\/avatar\\\/82faf979976f1bae889b8b71f8a0a7e5.jpg?ver=1777419741\",\"caption\":\"Federico Arguto\"},\"url\":\"https:\\\/\\\/vocesdelacomuna15.com.ar\\\/press\\\/author\\\/fede\\\/\"}]}<\/script>\n<!-- \/ Yoast SEO plugin. -->","yoast_head_json":{"title":"Los hogares y las transformaciones de la familia en la Ciudad de Buenos Aires - Voces de la Comuna 15","description":"Voces de la Comuna 15","robots":{"index":"index","follow":"follow","max-snippet":"max-snippet:-1","max-image-preview":"max-image-preview:large","max-video-preview":"max-video-preview:-1"},"canonical":"https:\/\/vocesdelacomuna15.com.ar\/press\/los-hogares-y-las-transformaciones-de-la-familia-en-la-ciudad-de-buenos-aires\/","og_locale":"es_ES","og_type":"article","og_title":"Los hogares y las transformaciones de la familia en la Ciudad de Buenos Aires - Voces de la Comuna 15","og_description":"Voces de la Comuna 15","og_url":"https:\/\/vocesdelacomuna15.com.ar\/press\/los-hogares-y-las-transformaciones-de-la-familia-en-la-ciudad-de-buenos-aires\/","og_site_name":"Voces de la Comuna 15","article_publisher":"https:\/\/www.facebook.com\/VocesComuna15\/","article_published_time":"2023-05-29T17:43:06+00:00","article_modified_time":"2023-05-29T19:26:48+00:00","og_image":[{"width":468,"height":594,"url":"https:\/\/vocesdelacomuna15.com.ar\/wp-content\/uploads\/2023\/05\/vivir-solo-red.jpg","type":"image\/jpeg"}],"author":"Federico Arguto","twitter_card":"summary_large_image","twitter_creator":"@vocescomuna15","twitter_site":"@vocescomuna15","twitter_misc":{"Escrito por":"Federico Arguto","Tiempo de lectura":"5 minutos"},"schema":{"@context":"https:\/\/schema.org","@graph":[{"@type":"Article","@id":"https:\/\/vocesdelacomuna15.com.ar\/press\/los-hogares-y-las-transformaciones-de-la-familia-en-la-ciudad-de-buenos-aires\/#article","isPartOf":{"@id":"https:\/\/vocesdelacomuna15.com.ar\/press\/los-hogares-y-las-transformaciones-de-la-familia-en-la-ciudad-de-buenos-aires\/"},"author":{"name":"Federico Arguto","@id":"https:\/\/vocesdelacomuna15.com.ar\/press\/#\/schema\/person\/4739e109db25d799cd3d139eeb509e43"},"headline":"Los hogares y las transformaciones de la familia en la Ciudad de Buenos Aires","datePublished":"2023-05-29T17:43:06+00:00","dateModified":"2023-05-29T19:26:48+00:00","mainEntityOfPage":{"@id":"https:\/\/vocesdelacomuna15.com.ar\/press\/los-hogares-y-las-transformaciones-de-la-familia-en-la-ciudad-de-buenos-aires\/"},"wordCount":1051,"commentCount":0,"publisher":{"@id":"https:\/\/vocesdelacomuna15.com.ar\/press\/#organization"},"image":{"@id":"https:\/\/vocesdelacomuna15.com.ar\/press\/los-hogares-y-las-transformaciones-de-la-familia-en-la-ciudad-de-buenos-aires\/#primaryimage"},"thumbnailUrl":"https:\/\/vocesdelacomuna15.com.ar\/wp-content\/uploads\/2023\/05\/vivir-solo-red.jpg","articleSection":["Sociedad"],"inLanguage":"es-AR","potentialAction":[{"@type":"CommentAction","name":"Comment","target":["https:\/\/vocesdelacomuna15.com.ar\/press\/los-hogares-y-las-transformaciones-de-la-familia-en-la-ciudad-de-buenos-aires\/#respond"]}]},{"@type":"WebPage","@id":"https:\/\/vocesdelacomuna15.com.ar\/press\/los-hogares-y-las-transformaciones-de-la-familia-en-la-ciudad-de-buenos-aires\/","url":"https:\/\/vocesdelacomuna15.com.ar\/press\/los-hogares-y-las-transformaciones-de-la-familia-en-la-ciudad-de-buenos-aires\/","name":"Los hogares y las transformaciones de la familia en la Ciudad de Buenos Aires - Voces de la Comuna 15","isPartOf":{"@id":"https:\/\/vocesdelacomuna15.com.ar\/press\/#website"},"primaryImageOfPage":{"@id":"https:\/\/vocesdelacomuna15.com.ar\/press\/los-hogares-y-las-transformaciones-de-la-familia-en-la-ciudad-de-buenos-aires\/#primaryimage"},"image":{"@id":"https:\/\/vocesdelacomuna15.com.ar\/press\/los-hogares-y-las-transformaciones-de-la-familia-en-la-ciudad-de-buenos-aires\/#primaryimage"},"thumbnailUrl":"https:\/\/vocesdelacomuna15.com.ar\/wp-content\/uploads\/2023\/05\/vivir-solo-red.jpg","datePublished":"2023-05-29T17:43:06+00:00","dateModified":"2023-05-29T19:26:48+00:00","description":"Voces de la Comuna 15","breadcrumb":{"@id":"https:\/\/vocesdelacomuna15.com.ar\/press\/los-hogares-y-las-transformaciones-de-la-familia-en-la-ciudad-de-buenos-aires\/#breadcrumb"},"inLanguage":"es-AR","potentialAction":[{"@type":"ReadAction","target":["https:\/\/vocesdelacomuna15.com.ar\/press\/los-hogares-y-las-transformaciones-de-la-familia-en-la-ciudad-de-buenos-aires\/"]}]},{"@type":"ImageObject","inLanguage":"es-AR","@id":"https:\/\/vocesdelacomuna15.com.ar\/press\/los-hogares-y-las-transformaciones-de-la-familia-en-la-ciudad-de-buenos-aires\/#primaryimage","url":"https:\/\/vocesdelacomuna15.com.ar\/wp-content\/uploads\/2023\/05\/vivir-solo-red.jpg","contentUrl":"https:\/\/vocesdelacomuna15.com.ar\/wp-content\/uploads\/2023\/05\/vivir-solo-red.jpg","width":468,"height":594},{"@type":"BreadcrumbList","@id":"https:\/\/vocesdelacomuna15.com.ar\/press\/los-hogares-y-las-transformaciones-de-la-familia-en-la-ciudad-de-buenos-aires\/#breadcrumb","itemListElement":[{"@type":"ListItem","position":1,"name":"Inicio","item":"https:\/\/vocesdelacomuna15.com.ar\/press\/"},{"@type":"ListItem","position":2,"name":"Los hogares y las transformaciones de la familia en la Ciudad de Buenos Aires"}]},{"@type":"WebSite","@id":"https:\/\/vocesdelacomuna15.com.ar\/press\/#website","url":"https:\/\/vocesdelacomuna15.com.ar\/press\/","name":"Voces de la Comuna 15","description":"Sitio web de noticias","publisher":{"@id":"https:\/\/vocesdelacomuna15.com.ar\/press\/#organization"},"potentialAction":[{"@type":"SearchAction","target":{"@type":"EntryPoint","urlTemplate":"https:\/\/vocesdelacomuna15.com.ar\/press\/?s={search_term_string}"},"query-input":{"@type":"PropertyValueSpecification","valueRequired":true,"valueName":"search_term_string"}}],"inLanguage":"es-AR"},{"@type":"Organization","@id":"https:\/\/vocesdelacomuna15.com.ar\/press\/#organization","name":"Voces de la Comuna 15","url":"https:\/\/vocesdelacomuna15.com.ar\/press\/","logo":{"@type":"ImageObject","inLanguage":"es-AR","@id":"https:\/\/vocesdelacomuna15.com.ar\/press\/#\/schema\/logo\/image\/","url":"https:\/\/vocesdelacomuna15.com.ar\/wp-content\/uploads\/2024\/12\/cropped-logo_voces.jpg","contentUrl":"https:\/\/vocesdelacomuna15.com.ar\/wp-content\/uploads\/2024\/12\/cropped-logo_voces.jpg","width":512,"height":512,"caption":"Voces de la Comuna 15"},"image":{"@id":"https:\/\/vocesdelacomuna15.com.ar\/press\/#\/schema\/logo\/image\/"},"sameAs":["https:\/\/www.facebook.com\/VocesComuna15\/","https:\/\/x.com\/vocescomuna15"]},{"@type":"Person","@id":"https:\/\/vocesdelacomuna15.com.ar\/press\/#\/schema\/person\/4739e109db25d799cd3d139eeb509e43","name":"Federico Arguto","image":{"@type":"ImageObject","inLanguage":"es-AR","@id":"https:\/\/vocesdelacomuna15.com.ar\/wp-content\/litespeed\/avatar\/82faf979976f1bae889b8b71f8a0a7e5.jpg?ver=1777419741","url":"https:\/\/vocesdelacomuna15.com.ar\/wp-content\/litespeed\/avatar\/82faf979976f1bae889b8b71f8a0a7e5.jpg?ver=1777419741","contentUrl":"https:\/\/vocesdelacomuna15.com.ar\/wp-content\/litespeed\/avatar\/82faf979976f1bae889b8b71f8a0a7e5.jpg?ver=1777419741","caption":"Federico Arguto"},"url":"https:\/\/vocesdelacomuna15.com.ar\/press\/author\/fede\/"}]}},"_links":{"self":[{"href":"https:\/\/vocesdelacomuna15.com.ar\/press\/wp-json\/wp\/v2\/posts\/60026","targetHints":{"allow":["GET"]}}],"collection":[{"href":"https:\/\/vocesdelacomuna15.com.ar\/press\/wp-json\/wp\/v2\/posts"}],"about":[{"href":"https:\/\/vocesdelacomuna15.com.ar\/press\/wp-json\/wp\/v2\/types\/post"}],"author":[{"embeddable":true,"href":"https:\/\/vocesdelacomuna15.com.ar\/press\/wp-json\/wp\/v2\/users\/2"}],"replies":[{"embeddable":true,"href":"https:\/\/vocesdelacomuna15.com.ar\/press\/wp-json\/wp\/v2\/comments?post=60026"}],"version-history":[{"count":3,"href":"https:\/\/vocesdelacomuna15.com.ar\/press\/wp-json\/wp\/v2\/posts\/60026\/revisions"}],"predecessor-version":[{"id":60035,"href":"https:\/\/vocesdelacomuna15.com.ar\/press\/wp-json\/wp\/v2\/posts\/60026\/revisions\/60035"}],"wp:featuredmedia":[{"embeddable":true,"href":"https:\/\/vocesdelacomuna15.com.ar\/press\/wp-json\/wp\/v2\/media\/60029"}],"wp:attachment":[{"href":"https:\/\/vocesdelacomuna15.com.ar\/press\/wp-json\/wp\/v2\/media?parent=60026"}],"wp:term":[{"taxonomy":"category","embeddable":true,"href":"https:\/\/vocesdelacomuna15.com.ar\/press\/wp-json\/wp\/v2\/categories?post=60026"},{"taxonomy":"post_tag","embeddable":true,"href":"https:\/\/vocesdelacomuna15.com.ar\/press\/wp-json\/wp\/v2\/tags?post=60026"}],"curies":[{"name":"wp","href":"https:\/\/api.w.org\/{rel}","templated":true}]}}