{"id":60016,"date":"2023-05-27T16:33:22","date_gmt":"2023-05-27T19:33:22","guid":{"rendered":"https:\/\/vocesdelacomuna15.com.ar\/wordpress\/?p=60016"},"modified":"2023-05-29T11:01:42","modified_gmt":"2023-05-29T14:01:42","slug":"el-colectivo-amparo-ambiental-chacarita-presento-en-la-legislatura-un-proyecto-de-ley-contra-el-codigo-urbanistico","status":"publish","type":"post","link":"https:\/\/vocesdelacomuna15.com.ar\/press\/el-colectivo-amparo-ambiental-chacarita-presento-en-la-legislatura-un-proyecto-de-ley-contra-el-codigo-urbanistico\/","title":{"rendered":"El colectivo Amparo Ambiental Chacarita present\u00f3 en la Legislatura un proyecto de Ley contra el C\u00f3digo Urban\u00edstico"},"content":{"rendered":"\n<p>A mediados de abril, vecinos y vecinas de Chacarita organizados en el colectivo \u201cAmparo Ambiental Chacarita\u201d present\u00f3 un proyecto en la Legislatura porte\u00f1a para que se pueda volver a los par\u00e1metros de construcci\u00f3n anteriores al a\u00f1o 2018, cuando se aprob\u00f3 el nuevo C\u00f3digo Urban\u00edstico de la Ciudad de Buenos Aires. Se trata de la cuarta organizaci\u00f3n barrial en la Ciudad que pide esta modificaci\u00f3n (Nota publicada en Voces de la Comuna 15- Mayo 2023)<\/p>\n\n\n\n<p>Las asambleas \u201cVecinos Unidos de Nu\u00f1ez\u201d y \u201cAsociaci\u00f3n Vecinal de Fomento Barrio Parque General Belgrano y Nuevo Belgrano\u201d el a\u00f1o pasado hab\u00edan logrado que se aprobara una Ley para reducir las alturas m\u00e1ximas de futuros edificios y adem\u00e1s poner l\u00edmites a la construcci\u00f3n en \u00e1reas residenciales en estos barrios. Los vecinos de Villa Ort\u00fazar, nucleados en el colectivo \u201cSomos de Ort\u00fazar\u201d tambi\u00e9n presentaron su propio proyecto para limitar en ese barrio la edificaci\u00f3n en altura, al igual que los de Villa Devoto, organizados en \u201cDevoto Unido\u201d, con colaboraci\u00f3n de otros sectores de la Comuna 11, que se agruparon en el colectivo \u201cConciencia Urbana\u201d.<\/p>\n\n\n\n<p>Este grupo de vecinos y vecinas de Chacarita, desde su cuenta de Instagram @amparoambientalchacarita invita a otros a participar del colectivo, a trav\u00e9s del mensaje: \u201c\u00abChacarita HAY RED, Compart\u00ed, arrobanos, subilo, s\u00famate, habl\u00e1 del tema en tu cuadra, trae a tu vecine amigue, particip\u00e1 de la Asamblea!\u201d .<\/p>\n\n\n\n<p><a><\/a> Desde este colectivo se cuestiona al nuevo C\u00f3digo Urban\u00edstico alegando que \u201celev\u00f3 las alturas m\u00e1ximas, elimin\u00f3 el Factor de Ocupaci\u00f3n Total (FOT), permiti\u00f3 construir edificios en las esquinas, adelant\u00f3 la l\u00ednea de frente y redujo los pulmones de manzana, perjudicando la identidad barrial y su calidad de vida\u201d. Expresaron adem\u00e1s que \u201cven a diario c\u00f3mo el barrio est\u00e1 siendo destruido ya que aumentaron de forma exponencial las demoliciones y las obras y edificios nuevos altera la calidad de vida de quienes lo habitan. Cada vez hay m\u00e1s cemento, m\u00e1s tr\u00e1fico, menos superficie absorbente,&nbsp; menos \u00e1rboles, menos cielo, cada vez hay menos luz. En Chacarita el cemento y la especulaci\u00f3n inmobiliaria avanzan sin tregua\u201d.<\/p>\n<div class=\"pvc_clear\"><\/div><p id=\"pvc_stats_60016\" class=\"pvc_stats all  \" data-element-id=\"60016\" style=\"\"><i class=\"pvc-stats-icon small\" aria-hidden=\"true\"><svg aria-hidden=\"true\" focusable=\"false\" data-prefix=\"far\" data-icon=\"chart-bar\" role=\"img\" xmlns=\"http:\/\/www.w3.org\/2000\/svg\" viewBox=\"0 0 512 512\" class=\"svg-inline--fa fa-chart-bar fa-w-16 fa-2x\"><path fill=\"currentColor\" d=\"M396.8 352h22.4c6.4 0 12.8-6.4 12.8-12.8V108.8c0-6.4-6.4-12.8-12.8-12.8h-22.4c-6.4 0-12.8 6.4-12.8 12.8v230.4c0 6.4 6.4 12.8 12.8 12.8zm-192 0h22.4c6.4 0 12.8-6.4 12.8-12.8V140.8c0-6.4-6.4-12.8-12.8-12.8h-22.4c-6.4 0-12.8 6.4-12.8 12.8v198.4c0 6.4 6.4 12.8 12.8 12.8zm96 0h22.4c6.4 0 12.8-6.4 12.8-12.8V204.8c0-6.4-6.4-12.8-12.8-12.8h-22.4c-6.4 0-12.8 6.4-12.8 12.8v134.4c0 6.4 6.4 12.8 12.8 12.8zM496 400H48V80c0-8.84-7.16-16-16-16H16C7.16 64 0 71.16 0 80v336c0 17.67 14.33 32 32 32h464c8.84 0 16-7.16 16-16v-16c0-8.84-7.16-16-16-16zm-387.2-48h22.4c6.4 0 12.8-6.4 12.8-12.8v-70.4c0-6.4-6.4-12.8-12.8-12.8h-22.4c-6.4 0-12.8 6.4-12.8 12.8v70.4c0 6.4 6.4 12.8 12.8 12.8z\" class=\"\"><\/path><\/svg><\/i> <img loading=\"lazy\" decoding=\"async\" width=\"16\" height=\"16\" alt=\"Loading\" src=\"https:\/\/vocesdelacomuna15.com.ar\/wp-content\/plugins\/page-views-count\/ajax-loader-2x.gif\" border=0 \/><\/p><div class=\"pvc_clear\"><\/div>","protected":false},"excerpt":{"rendered":"<p>A mediados de abril, vecinos y vecinas de Chacarita organizados en el colectivo \u201cAmparo Ambiental Chacarita\u201d present\u00f3 un proyecto en la Legislatura porte\u00f1a para que se pueda volver a los par\u00e1metros de construcci\u00f3n anteriores al a\u00f1o 2018, cuando se aprob\u00f3 el nuevo C\u00f3digo Urban\u00edstico de la Ciudad de Buenos Aires. Se trata de la cuarta [&hellip;]<\/p>\n<div class=\"pvc_clear\"><\/div>\n<p id=\"pvc_stats_60016\" class=\"pvc_stats all  \" data-element-id=\"60016\" style=\"\"><i class=\"pvc-stats-icon small\" aria-hidden=\"true\"><svg aria-hidden=\"true\" focusable=\"false\" data-prefix=\"far\" data-icon=\"chart-bar\" role=\"img\" xmlns=\"http:\/\/www.w3.org\/2000\/svg\" viewBox=\"0 0 512 512\" class=\"svg-inline--fa fa-chart-bar fa-w-16 fa-2x\"><path fill=\"currentColor\" d=\"M396.8 352h22.4c6.4 0 12.8-6.4 12.8-12.8V108.8c0-6.4-6.4-12.8-12.8-12.8h-22.4c-6.4 0-12.8 6.4-12.8 12.8v230.4c0 6.4 6.4 12.8 12.8 12.8zm-192 0h22.4c6.4 0 12.8-6.4 12.8-12.8V140.8c0-6.4-6.4-12.8-12.8-12.8h-22.4c-6.4 0-12.8 6.4-12.8 12.8v198.4c0 6.4 6.4 12.8 12.8 12.8zm96 0h22.4c6.4 0 12.8-6.4 12.8-12.8V204.8c0-6.4-6.4-12.8-12.8-12.8h-22.4c-6.4 0-12.8 6.4-12.8 12.8v134.4c0 6.4 6.4 12.8 12.8 12.8zM496 400H48V80c0-8.84-7.16-16-16-16H16C7.16 64 0 71.16 0 80v336c0 17.67 14.33 32 32 32h464c8.84 0 16-7.16 16-16v-16c0-8.84-7.16-16-16-16zm-387.2-48h22.4c6.4 0 12.8-6.4 12.8-12.8v-70.4c0-6.4-6.4-12.8-12.8-12.8h-22.4c-6.4 0-12.8 6.4-12.8 12.8v70.4c0 6.4 6.4 12.8 12.8 12.8z\" class=\"\"><\/path><\/svg><\/i> <img loading=\"lazy\" decoding=\"async\" width=\"16\" height=\"16\" alt=\"Loading\" src=\"https:\/\/vocesdelacomuna15.com.ar\/wp-content\/plugins\/page-views-count\/ajax-loader-2x.gif\" border=0 \/><\/p>\n<div class=\"pvc_clear\"><\/div>\n","protected":false},"author":2,"featured_media":60018,"comment_status":"closed","ping_status":"open","sticky":false,"template":"","format":"standard","meta":{"_et_pb_use_builder":"","_et_pb_old_content":"","_et_gb_content_width":"","footnotes":""},"categories":[23],"tags":[],"class_list":["post-60016","post","type-post","status-publish","format-standard","has-post-thumbnail","hentry","category-chacarita","et-has-post-format-content","et_post_format-et-post-format-standard"],"a3_pvc":{"activated":true,"total_views":141,"today_views":0},"yoast_head":"<!-- This site is optimized with the Yoast SEO plugin v27.5 - https:\/\/yoast.com\/product\/yoast-seo-wordpress\/ -->\n<title>El colectivo Amparo Ambiental Chacarita present\u00f3 en la Legislatura un proyecto de Ley contra el C\u00f3digo Urban\u00edstico - Voces de la Comuna 15<\/title>\n<meta name=\"description\" content=\"Voces de la Comuna 15\" \/>\n<meta name=\"robots\" content=\"index, follow, max-snippet:-1, max-image-preview:large, max-video-preview:-1\" \/>\n<link rel=\"canonical\" href=\"https:\/\/vocesdelacomuna15.com.ar\/press\/el-colectivo-amparo-ambiental-chacarita-presento-en-la-legislatura-un-proyecto-de-ley-contra-el-codigo-urbanistico\/\" \/>\n<meta property=\"og:locale\" content=\"es_ES\" \/>\n<meta property=\"og:type\" content=\"article\" \/>\n<meta property=\"og:title\" content=\"El colectivo Amparo Ambiental Chacarita present\u00f3 en la Legislatura un proyecto de Ley contra el C\u00f3digo Urban\u00edstico - Voces de la Comuna 15\" \/>\n<meta property=\"og:description\" content=\"Voces de la Comuna 15\" \/>\n<meta property=\"og:url\" content=\"https:\/\/vocesdelacomuna15.com.ar\/press\/el-colectivo-amparo-ambiental-chacarita-presento-en-la-legislatura-un-proyecto-de-ley-contra-el-codigo-urbanistico\/\" \/>\n<meta property=\"og:site_name\" content=\"Voces de la Comuna 15\" \/>\n<meta property=\"article:publisher\" content=\"https:\/\/www.facebook.com\/VocesComuna15\/\" \/>\n<meta property=\"article:published_time\" content=\"2023-05-27T19:33:22+00:00\" \/>\n<meta property=\"article:modified_time\" content=\"2023-05-29T14:01:42+00:00\" \/>\n<meta property=\"og:image\" content=\"https:\/\/vocesdelacomuna15.com.ar\/wp-content\/uploads\/2023\/05\/chaca.png\" \/>\n\t<meta property=\"og:image:width\" content=\"478\" \/>\n\t<meta property=\"og:image:height\" content=\"488\" \/>\n\t<meta property=\"og:image:type\" content=\"image\/png\" \/>\n<meta name=\"author\" content=\"Federico Arguto\" \/>\n<meta name=\"twitter:card\" content=\"summary_large_image\" \/>\n<meta name=\"twitter:creator\" content=\"@vocescomuna15\" \/>\n<meta name=\"twitter:site\" content=\"@vocescomuna15\" \/>\n<meta name=\"twitter:label1\" content=\"Escrito por\" \/>\n\t<meta name=\"twitter:data1\" content=\"Federico Arguto\" \/>\n\t<meta name=\"twitter:label2\" content=\"Tiempo de lectura\" \/>\n\t<meta name=\"twitter:data2\" content=\"2 minutos\" \/>\n<script type=\"application\/ld+json\" class=\"yoast-schema-graph\">{\"@context\":\"https:\\\/\\\/schema.org\",\"@graph\":[{\"@type\":\"Article\",\"@id\":\"https:\\\/\\\/vocesdelacomuna15.com.ar\\\/press\\\/el-colectivo-amparo-ambiental-chacarita-presento-en-la-legislatura-un-proyecto-de-ley-contra-el-codigo-urbanistico\\\/#article\",\"isPartOf\":{\"@id\":\"https:\\\/\\\/vocesdelacomuna15.com.ar\\\/press\\\/el-colectivo-amparo-ambiental-chacarita-presento-en-la-legislatura-un-proyecto-de-ley-contra-el-codigo-urbanistico\\\/\"},\"author\":{\"name\":\"Federico Arguto\",\"@id\":\"https:\\\/\\\/vocesdelacomuna15.com.ar\\\/press\\\/#\\\/schema\\\/person\\\/4739e109db25d799cd3d139eeb509e43\"},\"headline\":\"El colectivo Amparo Ambiental Chacarita present\u00f3 en la Legislatura un proyecto de Ley contra el C\u00f3digo Urban\u00edstico\",\"datePublished\":\"2023-05-27T19:33:22+00:00\",\"dateModified\":\"2023-05-29T14:01:42+00:00\",\"mainEntityOfPage\":{\"@id\":\"https:\\\/\\\/vocesdelacomuna15.com.ar\\\/press\\\/el-colectivo-amparo-ambiental-chacarita-presento-en-la-legislatura-un-proyecto-de-ley-contra-el-codigo-urbanistico\\\/\"},\"wordCount\":388,\"publisher\":{\"@id\":\"https:\\\/\\\/vocesdelacomuna15.com.ar\\\/press\\\/#organization\"},\"image\":{\"@id\":\"https:\\\/\\\/vocesdelacomuna15.com.ar\\\/press\\\/el-colectivo-amparo-ambiental-chacarita-presento-en-la-legislatura-un-proyecto-de-ley-contra-el-codigo-urbanistico\\\/#primaryimage\"},\"thumbnailUrl\":\"https:\\\/\\\/vocesdelacomuna15.com.ar\\\/wp-content\\\/uploads\\\/2023\\\/05\\\/chaca.png\",\"articleSection\":[\"Chacarita\"],\"inLanguage\":\"es-AR\"},{\"@type\":\"WebPage\",\"@id\":\"https:\\\/\\\/vocesdelacomuna15.com.ar\\\/press\\\/el-colectivo-amparo-ambiental-chacarita-presento-en-la-legislatura-un-proyecto-de-ley-contra-el-codigo-urbanistico\\\/\",\"url\":\"https:\\\/\\\/vocesdelacomuna15.com.ar\\\/press\\\/el-colectivo-amparo-ambiental-chacarita-presento-en-la-legislatura-un-proyecto-de-ley-contra-el-codigo-urbanistico\\\/\",\"name\":\"El colectivo Amparo Ambiental Chacarita present\u00f3 en la Legislatura un proyecto de Ley contra el C\u00f3digo Urban\u00edstico - Voces de la Comuna 15\",\"isPartOf\":{\"@id\":\"https:\\\/\\\/vocesdelacomuna15.com.ar\\\/press\\\/#website\"},\"primaryImageOfPage\":{\"@id\":\"https:\\\/\\\/vocesdelacomuna15.com.ar\\\/press\\\/el-colectivo-amparo-ambiental-chacarita-presento-en-la-legislatura-un-proyecto-de-ley-contra-el-codigo-urbanistico\\\/#primaryimage\"},\"image\":{\"@id\":\"https:\\\/\\\/vocesdelacomuna15.com.ar\\\/press\\\/el-colectivo-amparo-ambiental-chacarita-presento-en-la-legislatura-un-proyecto-de-ley-contra-el-codigo-urbanistico\\\/#primaryimage\"},\"thumbnailUrl\":\"https:\\\/\\\/vocesdelacomuna15.com.ar\\\/wp-content\\\/uploads\\\/2023\\\/05\\\/chaca.png\",\"datePublished\":\"2023-05-27T19:33:22+00:00\",\"dateModified\":\"2023-05-29T14:01:42+00:00\",\"description\":\"Voces de la Comuna 15\",\"breadcrumb\":{\"@id\":\"https:\\\/\\\/vocesdelacomuna15.com.ar\\\/press\\\/el-colectivo-amparo-ambiental-chacarita-presento-en-la-legislatura-un-proyecto-de-ley-contra-el-codigo-urbanistico\\\/#breadcrumb\"},\"inLanguage\":\"es-AR\",\"potentialAction\":[{\"@type\":\"ReadAction\",\"target\":[\"https:\\\/\\\/vocesdelacomuna15.com.ar\\\/press\\\/el-colectivo-amparo-ambiental-chacarita-presento-en-la-legislatura-un-proyecto-de-ley-contra-el-codigo-urbanistico\\\/\"]}]},{\"@type\":\"ImageObject\",\"inLanguage\":\"es-AR\",\"@id\":\"https:\\\/\\\/vocesdelacomuna15.com.ar\\\/press\\\/el-colectivo-amparo-ambiental-chacarita-presento-en-la-legislatura-un-proyecto-de-ley-contra-el-codigo-urbanistico\\\/#primaryimage\",\"url\":\"https:\\\/\\\/vocesdelacomuna15.com.ar\\\/wp-content\\\/uploads\\\/2023\\\/05\\\/chaca.png\",\"contentUrl\":\"https:\\\/\\\/vocesdelacomuna15.com.ar\\\/wp-content\\\/uploads\\\/2023\\\/05\\\/chaca.png\",\"width\":478,\"height\":488},{\"@type\":\"BreadcrumbList\",\"@id\":\"https:\\\/\\\/vocesdelacomuna15.com.ar\\\/press\\\/el-colectivo-amparo-ambiental-chacarita-presento-en-la-legislatura-un-proyecto-de-ley-contra-el-codigo-urbanistico\\\/#breadcrumb\",\"itemListElement\":[{\"@type\":\"ListItem\",\"position\":1,\"name\":\"Inicio\",\"item\":\"https:\\\/\\\/vocesdelacomuna15.com.ar\\\/press\\\/\"},{\"@type\":\"ListItem\",\"position\":2,\"name\":\"El colectivo Amparo Ambiental Chacarita present\u00f3 en la Legislatura un proyecto de Ley contra el C\u00f3digo Urban\u00edstico\"}]},{\"@type\":\"WebSite\",\"@id\":\"https:\\\/\\\/vocesdelacomuna15.com.ar\\\/press\\\/#website\",\"url\":\"https:\\\/\\\/vocesdelacomuna15.com.ar\\\/press\\\/\",\"name\":\"Voces de la Comuna 15\",\"description\":\"Sitio web de noticias\",\"publisher\":{\"@id\":\"https:\\\/\\\/vocesdelacomuna15.com.ar\\\/press\\\/#organization\"},\"potentialAction\":[{\"@type\":\"SearchAction\",\"target\":{\"@type\":\"EntryPoint\",\"urlTemplate\":\"https:\\\/\\\/vocesdelacomuna15.com.ar\\\/press\\\/?s={search_term_string}\"},\"query-input\":{\"@type\":\"PropertyValueSpecification\",\"valueRequired\":true,\"valueName\":\"search_term_string\"}}],\"inLanguage\":\"es-AR\"},{\"@type\":\"Organization\",\"@id\":\"https:\\\/\\\/vocesdelacomuna15.com.ar\\\/press\\\/#organization\",\"name\":\"Voces de la Comuna 15\",\"url\":\"https:\\\/\\\/vocesdelacomuna15.com.ar\\\/press\\\/\",\"logo\":{\"@type\":\"ImageObject\",\"inLanguage\":\"es-AR\",\"@id\":\"https:\\\/\\\/vocesdelacomuna15.com.ar\\\/press\\\/#\\\/schema\\\/logo\\\/image\\\/\",\"url\":\"https:\\\/\\\/vocesdelacomuna15.com.ar\\\/wp-content\\\/uploads\\\/2024\\\/12\\\/cropped-logo_voces.jpg\",\"contentUrl\":\"https:\\\/\\\/vocesdelacomuna15.com.ar\\\/wp-content\\\/uploads\\\/2024\\\/12\\\/cropped-logo_voces.jpg\",\"width\":512,\"height\":512,\"caption\":\"Voces de la Comuna 15\"},\"image\":{\"@id\":\"https:\\\/\\\/vocesdelacomuna15.com.ar\\\/press\\\/#\\\/schema\\\/logo\\\/image\\\/\"},\"sameAs\":[\"https:\\\/\\\/www.facebook.com\\\/VocesComuna15\\\/\",\"https:\\\/\\\/x.com\\\/vocescomuna15\"]},{\"@type\":\"Person\",\"@id\":\"https:\\\/\\\/vocesdelacomuna15.com.ar\\\/press\\\/#\\\/schema\\\/person\\\/4739e109db25d799cd3d139eeb509e43\",\"name\":\"Federico Arguto\",\"image\":{\"@type\":\"ImageObject\",\"inLanguage\":\"es-AR\",\"@id\":\"https:\\\/\\\/vocesdelacomuna15.com.ar\\\/wp-content\\\/litespeed\\\/avatar\\\/82faf979976f1bae889b8b71f8a0a7e5.jpg?ver=1777419741\",\"url\":\"https:\\\/\\\/vocesdelacomuna15.com.ar\\\/wp-content\\\/litespeed\\\/avatar\\\/82faf979976f1bae889b8b71f8a0a7e5.jpg?ver=1777419741\",\"contentUrl\":\"https:\\\/\\\/vocesdelacomuna15.com.ar\\\/wp-content\\\/litespeed\\\/avatar\\\/82faf979976f1bae889b8b71f8a0a7e5.jpg?ver=1777419741\",\"caption\":\"Federico Arguto\"},\"url\":\"https:\\\/\\\/vocesdelacomuna15.com.ar\\\/press\\\/author\\\/fede\\\/\"}]}<\/script>\n<!-- \/ Yoast SEO plugin. -->","yoast_head_json":{"title":"El colectivo Amparo Ambiental Chacarita present\u00f3 en la Legislatura un proyecto de Ley contra el C\u00f3digo Urban\u00edstico - Voces de la Comuna 15","description":"Voces de la Comuna 15","robots":{"index":"index","follow":"follow","max-snippet":"max-snippet:-1","max-image-preview":"max-image-preview:large","max-video-preview":"max-video-preview:-1"},"canonical":"https:\/\/vocesdelacomuna15.com.ar\/press\/el-colectivo-amparo-ambiental-chacarita-presento-en-la-legislatura-un-proyecto-de-ley-contra-el-codigo-urbanistico\/","og_locale":"es_ES","og_type":"article","og_title":"El colectivo Amparo Ambiental Chacarita present\u00f3 en la Legislatura un proyecto de Ley contra el C\u00f3digo Urban\u00edstico - Voces de la Comuna 15","og_description":"Voces de la Comuna 15","og_url":"https:\/\/vocesdelacomuna15.com.ar\/press\/el-colectivo-amparo-ambiental-chacarita-presento-en-la-legislatura-un-proyecto-de-ley-contra-el-codigo-urbanistico\/","og_site_name":"Voces de la Comuna 15","article_publisher":"https:\/\/www.facebook.com\/VocesComuna15\/","article_published_time":"2023-05-27T19:33:22+00:00","article_modified_time":"2023-05-29T14:01:42+00:00","og_image":[{"width":478,"height":488,"url":"https:\/\/vocesdelacomuna15.com.ar\/wp-content\/uploads\/2023\/05\/chaca.png","type":"image\/png"}],"author":"Federico Arguto","twitter_card":"summary_large_image","twitter_creator":"@vocescomuna15","twitter_site":"@vocescomuna15","twitter_misc":{"Escrito por":"Federico Arguto","Tiempo de lectura":"2 minutos"},"schema":{"@context":"https:\/\/schema.org","@graph":[{"@type":"Article","@id":"https:\/\/vocesdelacomuna15.com.ar\/press\/el-colectivo-amparo-ambiental-chacarita-presento-en-la-legislatura-un-proyecto-de-ley-contra-el-codigo-urbanistico\/#article","isPartOf":{"@id":"https:\/\/vocesdelacomuna15.com.ar\/press\/el-colectivo-amparo-ambiental-chacarita-presento-en-la-legislatura-un-proyecto-de-ley-contra-el-codigo-urbanistico\/"},"author":{"name":"Federico Arguto","@id":"https:\/\/vocesdelacomuna15.com.ar\/press\/#\/schema\/person\/4739e109db25d799cd3d139eeb509e43"},"headline":"El colectivo Amparo Ambiental Chacarita present\u00f3 en la Legislatura un proyecto de Ley contra el C\u00f3digo Urban\u00edstico","datePublished":"2023-05-27T19:33:22+00:00","dateModified":"2023-05-29T14:01:42+00:00","mainEntityOfPage":{"@id":"https:\/\/vocesdelacomuna15.com.ar\/press\/el-colectivo-amparo-ambiental-chacarita-presento-en-la-legislatura-un-proyecto-de-ley-contra-el-codigo-urbanistico\/"},"wordCount":388,"publisher":{"@id":"https:\/\/vocesdelacomuna15.com.ar\/press\/#organization"},"image":{"@id":"https:\/\/vocesdelacomuna15.com.ar\/press\/el-colectivo-amparo-ambiental-chacarita-presento-en-la-legislatura-un-proyecto-de-ley-contra-el-codigo-urbanistico\/#primaryimage"},"thumbnailUrl":"https:\/\/vocesdelacomuna15.com.ar\/wp-content\/uploads\/2023\/05\/chaca.png","articleSection":["Chacarita"],"inLanguage":"es-AR"},{"@type":"WebPage","@id":"https:\/\/vocesdelacomuna15.com.ar\/press\/el-colectivo-amparo-ambiental-chacarita-presento-en-la-legislatura-un-proyecto-de-ley-contra-el-codigo-urbanistico\/","url":"https:\/\/vocesdelacomuna15.com.ar\/press\/el-colectivo-amparo-ambiental-chacarita-presento-en-la-legislatura-un-proyecto-de-ley-contra-el-codigo-urbanistico\/","name":"El colectivo Amparo Ambiental Chacarita present\u00f3 en la Legislatura un proyecto de Ley contra el C\u00f3digo Urban\u00edstico - Voces de la Comuna 15","isPartOf":{"@id":"https:\/\/vocesdelacomuna15.com.ar\/press\/#website"},"primaryImageOfPage":{"@id":"https:\/\/vocesdelacomuna15.com.ar\/press\/el-colectivo-amparo-ambiental-chacarita-presento-en-la-legislatura-un-proyecto-de-ley-contra-el-codigo-urbanistico\/#primaryimage"},"image":{"@id":"https:\/\/vocesdelacomuna15.com.ar\/press\/el-colectivo-amparo-ambiental-chacarita-presento-en-la-legislatura-un-proyecto-de-ley-contra-el-codigo-urbanistico\/#primaryimage"},"thumbnailUrl":"https:\/\/vocesdelacomuna15.com.ar\/wp-content\/uploads\/2023\/05\/chaca.png","datePublished":"2023-05-27T19:33:22+00:00","dateModified":"2023-05-29T14:01:42+00:00","description":"Voces de la Comuna 15","breadcrumb":{"@id":"https:\/\/vocesdelacomuna15.com.ar\/press\/el-colectivo-amparo-ambiental-chacarita-presento-en-la-legislatura-un-proyecto-de-ley-contra-el-codigo-urbanistico\/#breadcrumb"},"inLanguage":"es-AR","potentialAction":[{"@type":"ReadAction","target":["https:\/\/vocesdelacomuna15.com.ar\/press\/el-colectivo-amparo-ambiental-chacarita-presento-en-la-legislatura-un-proyecto-de-ley-contra-el-codigo-urbanistico\/"]}]},{"@type":"ImageObject","inLanguage":"es-AR","@id":"https:\/\/vocesdelacomuna15.com.ar\/press\/el-colectivo-amparo-ambiental-chacarita-presento-en-la-legislatura-un-proyecto-de-ley-contra-el-codigo-urbanistico\/#primaryimage","url":"https:\/\/vocesdelacomuna15.com.ar\/wp-content\/uploads\/2023\/05\/chaca.png","contentUrl":"https:\/\/vocesdelacomuna15.com.ar\/wp-content\/uploads\/2023\/05\/chaca.png","width":478,"height":488},{"@type":"BreadcrumbList","@id":"https:\/\/vocesdelacomuna15.com.ar\/press\/el-colectivo-amparo-ambiental-chacarita-presento-en-la-legislatura-un-proyecto-de-ley-contra-el-codigo-urbanistico\/#breadcrumb","itemListElement":[{"@type":"ListItem","position":1,"name":"Inicio","item":"https:\/\/vocesdelacomuna15.com.ar\/press\/"},{"@type":"ListItem","position":2,"name":"El colectivo Amparo Ambiental Chacarita present\u00f3 en la Legislatura un proyecto de Ley contra el C\u00f3digo Urban\u00edstico"}]},{"@type":"WebSite","@id":"https:\/\/vocesdelacomuna15.com.ar\/press\/#website","url":"https:\/\/vocesdelacomuna15.com.ar\/press\/","name":"Voces de la Comuna 15","description":"Sitio web de noticias","publisher":{"@id":"https:\/\/vocesdelacomuna15.com.ar\/press\/#organization"},"potentialAction":[{"@type":"SearchAction","target":{"@type":"EntryPoint","urlTemplate":"https:\/\/vocesdelacomuna15.com.ar\/press\/?s={search_term_string}"},"query-input":{"@type":"PropertyValueSpecification","valueRequired":true,"valueName":"search_term_string"}}],"inLanguage":"es-AR"},{"@type":"Organization","@id":"https:\/\/vocesdelacomuna15.com.ar\/press\/#organization","name":"Voces de la Comuna 15","url":"https:\/\/vocesdelacomuna15.com.ar\/press\/","logo":{"@type":"ImageObject","inLanguage":"es-AR","@id":"https:\/\/vocesdelacomuna15.com.ar\/press\/#\/schema\/logo\/image\/","url":"https:\/\/vocesdelacomuna15.com.ar\/wp-content\/uploads\/2024\/12\/cropped-logo_voces.jpg","contentUrl":"https:\/\/vocesdelacomuna15.com.ar\/wp-content\/uploads\/2024\/12\/cropped-logo_voces.jpg","width":512,"height":512,"caption":"Voces de la Comuna 15"},"image":{"@id":"https:\/\/vocesdelacomuna15.com.ar\/press\/#\/schema\/logo\/image\/"},"sameAs":["https:\/\/www.facebook.com\/VocesComuna15\/","https:\/\/x.com\/vocescomuna15"]},{"@type":"Person","@id":"https:\/\/vocesdelacomuna15.com.ar\/press\/#\/schema\/person\/4739e109db25d799cd3d139eeb509e43","name":"Federico Arguto","image":{"@type":"ImageObject","inLanguage":"es-AR","@id":"https:\/\/vocesdelacomuna15.com.ar\/wp-content\/litespeed\/avatar\/82faf979976f1bae889b8b71f8a0a7e5.jpg?ver=1777419741","url":"https:\/\/vocesdelacomuna15.com.ar\/wp-content\/litespeed\/avatar\/82faf979976f1bae889b8b71f8a0a7e5.jpg?ver=1777419741","contentUrl":"https:\/\/vocesdelacomuna15.com.ar\/wp-content\/litespeed\/avatar\/82faf979976f1bae889b8b71f8a0a7e5.jpg?ver=1777419741","caption":"Federico Arguto"},"url":"https:\/\/vocesdelacomuna15.com.ar\/press\/author\/fede\/"}]}},"_links":{"self":[{"href":"https:\/\/vocesdelacomuna15.com.ar\/press\/wp-json\/wp\/v2\/posts\/60016","targetHints":{"allow":["GET"]}}],"collection":[{"href":"https:\/\/vocesdelacomuna15.com.ar\/press\/wp-json\/wp\/v2\/posts"}],"about":[{"href":"https:\/\/vocesdelacomuna15.com.ar\/press\/wp-json\/wp\/v2\/types\/post"}],"author":[{"embeddable":true,"href":"https:\/\/vocesdelacomuna15.com.ar\/press\/wp-json\/wp\/v2\/users\/2"}],"replies":[{"embeddable":true,"href":"https:\/\/vocesdelacomuna15.com.ar\/press\/wp-json\/wp\/v2\/comments?post=60016"}],"version-history":[{"count":2,"href":"https:\/\/vocesdelacomuna15.com.ar\/press\/wp-json\/wp\/v2\/posts\/60016\/revisions"}],"predecessor-version":[{"id":60025,"href":"https:\/\/vocesdelacomuna15.com.ar\/press\/wp-json\/wp\/v2\/posts\/60016\/revisions\/60025"}],"wp:featuredmedia":[{"embeddable":true,"href":"https:\/\/vocesdelacomuna15.com.ar\/press\/wp-json\/wp\/v2\/media\/60018"}],"wp:attachment":[{"href":"https:\/\/vocesdelacomuna15.com.ar\/press\/wp-json\/wp\/v2\/media?parent=60016"}],"wp:term":[{"taxonomy":"category","embeddable":true,"href":"https:\/\/vocesdelacomuna15.com.ar\/press\/wp-json\/wp\/v2\/categories?post=60016"},{"taxonomy":"post_tag","embeddable":true,"href":"https:\/\/vocesdelacomuna15.com.ar\/press\/wp-json\/wp\/v2\/tags?post=60016"}],"curies":[{"name":"wp","href":"https:\/\/api.w.org\/{rel}","templated":true}]}}