{"id":60013,"date":"2023-05-27T16:32:19","date_gmt":"2023-05-27T19:32:19","guid":{"rendered":"https:\/\/vocesdelacomuna15.com.ar\/wordpress\/?p=60013"},"modified":"2023-05-29T10:59:24","modified_gmt":"2023-05-29T13:59:24","slug":"villa-ortuzar-celebro-su-161o-aniversario","status":"publish","type":"post","link":"https:\/\/vocesdelacomuna15.com.ar\/press\/villa-ortuzar-celebro-su-161o-aniversario\/","title":{"rendered":"Villa Ort\u00fazar celebr\u00f3 su 161\u00ba aniversario"},"content":{"rendered":"\n<p>Con la consigna \u201cNo a las Torres\u201d, el s\u00e1bado 29 de abril entre las 15 y las 22 horas en la Plaza 25 de Agosto (Charlone y Heredia), el barrio de Villa Ort\u00fazar celebr\u00f3 sus 161 a\u00f1os de vida. Fue el primer aniversario del barrio tras la demolici\u00f3n del Galp\u00f3n de Ort\u00fazar, situado dentro de ese espacio verde. Convocaron los colectivos \u201cSomos de Ort\u00fazar\u201d, \u201cSomos la Malaver\u201d, \u201cEl Galp\u00f3n de Ort\u00fazar\u201d, el espacio de arte \u201cVeinticiclo\u201d, la cooperadora del Mariano Acha, la Comisi\u00f3n de la Memoria de Villa Ort\u00fazar y la Junta de Estudios Hist\u00f3ricos de Villa Ort\u00fazar. Particip\u00f3 del evento tambi\u00e9n el Consejo Consultivo Comunal de la Comuna 15 (Nota publicada en Voces de la COmuna 15- Mayo 2023)<\/p>\n\n\n\n<p>En la jornada hubo una feria de emprendedores, distintos stands para visitar (entre ellos el de la Junta de Estudios Hist\u00f3ricos de Villa Ort\u00fazar), actividades para ni\u00f1os y ni\u00f1as y tambi\u00e9n shows musicales. A las 16 horas fue turno de Carla Pugliese (nieta del \u201cMaestro\u201d) y de Alberto Aredes. A las 17 cant\u00f3 el tanguero Hern\u00e1n \u201cCucuza\u201d Castiello, quien tambi\u00e9n es vecino del barrio. Tras ello, a las 18, hubo una pe\u00f1a folcl\u00f3rica, a cargo de Marta Sa\u00f1udo. Sigui\u00f3 a las 19 el ensamble de percusi\u00f3n \u201cModo Avi\u00f3n\u201d. Finalmente tuvo su espacio \u201cVeinticiclo\u201d con los shows de Joaqu\u00edn Enriquez y Luciano Benotto a las 19.30, Amancay a las 20 y para cerrar a las 21, Tot3ro &amp; Lecu14.<\/p>\n\n\n\n<p><a><\/a> En la cuenta de Instagram de @elgalpondeortuzar se publicaron varias fotos del festejo, acompa\u00f1adas por este mensaje: \u201cEl s\u00e1bado, junto a comisionmemoriaortuzar,<a href=\"https:\/\/www.instagram.com\/coopeacha\/\"><u>@coopeacha<\/u><\/a> <a href=\"https:\/\/www.instagram.com\/juntaortuzar\/\"><u>@juntaortuzar<\/u><\/a> <a href=\"https:\/\/www.instagram.com\/somosdeortuzar\/\"><u>@somosdeortuzar<\/u><\/a> <a href=\"https:\/\/www.instagram.com\/somoslamalaver\/\"><u>@somoslamalaver<\/u><\/a> y <a href=\"https:\/\/www.instagram.com\/veinticiclo\/\"><u>@veinticiclo<\/u><\/a> ,festejamos los 161 a\u00f1os de nuestro barrio,con m\u00fasica, feria de emprendedores, much\u00edsimas actividades y m\u00e1s de 200 vecinas y vecinos. Villa Ort\u00fazar es,un barrio con una identidad propia y quienes vivimos ac\u00e1 lo elegimos todos los d\u00edas. Sin embargo, estamos siendo v\u00edctimas de un plan sistem\u00e1tico de destrucci\u00f3n por parte del Gobierno de la Ciudad. El desmantelamiento de nuestro Galp\u00f3n es solo un episodio m\u00e1s de ese plan. La modificaci\u00f3n del C\u00f3digo Urban\u00edstico incremento en un 500% la constructibilidad y Ort\u00fazar es hoy destino de grandes negociados inmobiliarios que pretenden transformar nuestro barrio. Pero somos una comunidad que no va a permitir que destruyan su forma de vida,sus v\u00ednculos ni su solidaridad<br>Por eso,armamos este festejo, que es tambi\u00e9n resistencia, encuentro y amor. Feliz cumplea\u00f1os a Villa Ortuzar y toda su comunidad\u201d.<br><br><\/p>\n\n\n\n<p>BREVE HISTORIA DEL BARRIO<\/p>\n\n\n\n<p>La Ley 1065, sancionada el 18 de septiembre de 2003 por la Legislatura de la Ciudad Aut\u00f3noma de Buenos Aires, determin\u00f3 que quede instituido como el \u201cD\u00eda de Villa Ort\u00fazar\u201d el 26 de abril, en conmemoraci\u00f3n de la fecha en que Santiago Francisco de Ort\u00fazar compr\u00f3 los terrenos de lo que es el actual barrio. Cabe destacar que los autores de la ley fueron Fernando Finvarb y Ra\u00fal Puy. El d\u00eda de Villa Ort\u00fazar se origin\u00f3 en un pedido de la Junta de Estudios Hist\u00f3ricos del barrio a trav\u00e9s de una nota de su entonces presidente, Mar\u00eda Clotilde Richieri de Lagrava, y su entonces vicepresidente, Jos\u00e9 Lu\u00eds Sardella. Villa Ort\u00fazar es un barrio peque\u00f1o, con una poblaci\u00f3n cercana a los 22.000 habitantes, dividido en dos sectores. Entre la Avenida de los Incas y La Pampa se pueden encontrar mansiones con jardines y edificios importantes mientras que desde la avenida de los Incas hacia la zona de Chacarita predominan las casas bajas y modestas, en un \u00e1rea en la que tiempo atr\u00e1s hab\u00eda muchas industrias, de las que quedaron pocas con el transcurso de los a\u00f1os. Ocupa parte de los que fueran terrenos de la \u201cChacarita de los Colegiales\u201d y posteriormente de Santiago Ort\u00fazar. Los primeros en instalarse en esta zona fueron los padres jesuitas, en el a\u00f1o 1614. M\u00e1s tarde, ya en 1827, durante el gobierno de Bernardino Rivadavia sus terrenos fueron cedidos a inmigrantes alemanes. En 1833 llegaron inmigrantes de las islas Canarias, pero no prosper\u00f3 ninguno de los emprendimientos y se retiraron. Fueron varios los due\u00f1os de los terrenos de la zona que se fueron sucediendo hasta que en 1862, el 26 de Abril, Don Santos Mugerza vendi\u00f3 a don Santiago Ort\u00fazar los terrenos. Hay otras fuentes que afirman que Ort\u00fazar hab\u00eda recibido esos terrenos como recompensa por sus servicios militares durante el gobierno de Rosas. Eran 26 manzanas entre las actuales Triunvirato, Tronador, \u00c1lvarez Thomas y Elcano. Traz\u00f3 las calles y las arbol\u00f3 con eucaliptos. Su casa fue construida entre las calles Giribone, Heredia, 14 de Julio y \u00c1lvarez Thomas; Santiago Ort\u00fazar instal\u00f3 grandes palomares y, por este motivo, al lugar se lo conoc\u00eda como \u201cEl Palomar de Villa Ortuzar\u201d En 1871 se inaugur\u00f3 el Cementerio del Oeste y en 1874 comenz\u00f3 el primer loteo de Ort\u00fazar. En 1889, el 4 de diciembre muri\u00f3 Santiago Ort\u00fazar y fue sepultado en el cementerio de Chacarita. En las primeras d\u00e9cadas del siglo XX, se increment\u00f3 notablemente la poblaci\u00f3n del barrio, ya que se produjeron numerosos loteos y fraccionamientos donde se instalaron nuevos vecinos. Fue tambi\u00e9n una zona elegida para levantar importantes industrias. All\u00ed funcion\u00f3 la Perfumer\u00eda Griet (en la calle Girardot 1618 y 1640), la firma Everton (que fabricaba plumas fuentes) y la empresa Sudamtex, una textil que funcion\u00f3 hasta 1986, que lleg\u00f3 a tener 2000 empleados. El 26 de abril qued\u00f3 instituido como el \u201cD\u00eda del Barrio de Villa Ort\u00fazar\u201d, fecha en que Santiago Francisco de Ort\u00fazar compr\u00f3 la chacra 38 en esa zona. Ort\u00fazar tambi\u00e9n don\u00f3 tres terrenos para construcci\u00f3n de la Escuela General Acha. En donde se hallaba el \u201cPalomar de Ort\u00fazar\u201d, se emplaza actualmente la plaza \u201c25 de Agosto\u201d. Los l\u00edmites del barrio de Villa Ort\u00fazar son los siguientes: La Pampa, Avenida Forest, Avenida \u00c1lvarez Thomas, Avenida Elcano, v\u00edas del ex Ferrocarril General Urquiza, Avenida Del Campo, Avenida Combatientes de Malvinas, Avenida Triunvirato.<\/p>\n<div class=\"pvc_clear\"><\/div><p id=\"pvc_stats_60013\" class=\"pvc_stats all  \" data-element-id=\"60013\" style=\"\"><i class=\"pvc-stats-icon small\" aria-hidden=\"true\"><svg aria-hidden=\"true\" focusable=\"false\" data-prefix=\"far\" data-icon=\"chart-bar\" role=\"img\" xmlns=\"http:\/\/www.w3.org\/2000\/svg\" viewBox=\"0 0 512 512\" class=\"svg-inline--fa fa-chart-bar fa-w-16 fa-2x\"><path fill=\"currentColor\" d=\"M396.8 352h22.4c6.4 0 12.8-6.4 12.8-12.8V108.8c0-6.4-6.4-12.8-12.8-12.8h-22.4c-6.4 0-12.8 6.4-12.8 12.8v230.4c0 6.4 6.4 12.8 12.8 12.8zm-192 0h22.4c6.4 0 12.8-6.4 12.8-12.8V140.8c0-6.4-6.4-12.8-12.8-12.8h-22.4c-6.4 0-12.8 6.4-12.8 12.8v198.4c0 6.4 6.4 12.8 12.8 12.8zm96 0h22.4c6.4 0 12.8-6.4 12.8-12.8V204.8c0-6.4-6.4-12.8-12.8-12.8h-22.4c-6.4 0-12.8 6.4-12.8 12.8v134.4c0 6.4 6.4 12.8 12.8 12.8zM496 400H48V80c0-8.84-7.16-16-16-16H16C7.16 64 0 71.16 0 80v336c0 17.67 14.33 32 32 32h464c8.84 0 16-7.16 16-16v-16c0-8.84-7.16-16-16-16zm-387.2-48h22.4c6.4 0 12.8-6.4 12.8-12.8v-70.4c0-6.4-6.4-12.8-12.8-12.8h-22.4c-6.4 0-12.8 6.4-12.8 12.8v70.4c0 6.4 6.4 12.8 12.8 12.8z\" class=\"\"><\/path><\/svg><\/i> <img loading=\"lazy\" decoding=\"async\" width=\"16\" height=\"16\" alt=\"Loading\" src=\"https:\/\/vocesdelacomuna15.com.ar\/wp-content\/plugins\/page-views-count\/ajax-loader-2x.gif\" border=0 \/><\/p><div class=\"pvc_clear\"><\/div>","protected":false},"excerpt":{"rendered":"<p>Con la consigna \u201cNo a las Torres\u201d, el s\u00e1bado 29 de abril entre las 15 y las 22 horas en la Plaza 25 de Agosto (Charlone y Heredia), el barrio de Villa Ort\u00fazar celebr\u00f3 sus 161 a\u00f1os de vida. Fue el primer aniversario del barrio tras la demolici\u00f3n del Galp\u00f3n de Ort\u00fazar, situado dentro de [&hellip;]<\/p>\n<div class=\"pvc_clear\"><\/div>\n<p id=\"pvc_stats_60013\" class=\"pvc_stats all  \" data-element-id=\"60013\" style=\"\"><i class=\"pvc-stats-icon small\" aria-hidden=\"true\"><svg aria-hidden=\"true\" focusable=\"false\" data-prefix=\"far\" data-icon=\"chart-bar\" role=\"img\" xmlns=\"http:\/\/www.w3.org\/2000\/svg\" viewBox=\"0 0 512 512\" class=\"svg-inline--fa fa-chart-bar fa-w-16 fa-2x\"><path fill=\"currentColor\" d=\"M396.8 352h22.4c6.4 0 12.8-6.4 12.8-12.8V108.8c0-6.4-6.4-12.8-12.8-12.8h-22.4c-6.4 0-12.8 6.4-12.8 12.8v230.4c0 6.4 6.4 12.8 12.8 12.8zm-192 0h22.4c6.4 0 12.8-6.4 12.8-12.8V140.8c0-6.4-6.4-12.8-12.8-12.8h-22.4c-6.4 0-12.8 6.4-12.8 12.8v198.4c0 6.4 6.4 12.8 12.8 12.8zm96 0h22.4c6.4 0 12.8-6.4 12.8-12.8V204.8c0-6.4-6.4-12.8-12.8-12.8h-22.4c-6.4 0-12.8 6.4-12.8 12.8v134.4c0 6.4 6.4 12.8 12.8 12.8zM496 400H48V80c0-8.84-7.16-16-16-16H16C7.16 64 0 71.16 0 80v336c0 17.67 14.33 32 32 32h464c8.84 0 16-7.16 16-16v-16c0-8.84-7.16-16-16-16zm-387.2-48h22.4c6.4 0 12.8-6.4 12.8-12.8v-70.4c0-6.4-6.4-12.8-12.8-12.8h-22.4c-6.4 0-12.8 6.4-12.8 12.8v70.4c0 6.4 6.4 12.8 12.8 12.8z\" class=\"\"><\/path><\/svg><\/i> <img loading=\"lazy\" decoding=\"async\" width=\"16\" height=\"16\" alt=\"Loading\" src=\"https:\/\/vocesdelacomuna15.com.ar\/wp-content\/plugins\/page-views-count\/ajax-loader-2x.gif\" border=0 \/><\/p>\n<div class=\"pvc_clear\"><\/div>\n","protected":false},"author":2,"featured_media":60014,"comment_status":"closed","ping_status":"open","sticky":false,"template":"","format":"standard","meta":{"_et_pb_use_builder":"","_et_pb_old_content":"","_et_gb_content_width":"","footnotes":""},"categories":[33],"tags":[],"class_list":["post-60013","post","type-post","status-publish","format-standard","has-post-thumbnail","hentry","category-vort","et-has-post-format-content","et_post_format-et-post-format-standard"],"a3_pvc":{"activated":true,"total_views":55,"today_views":0},"yoast_head":"<!-- This site is optimized with the Yoast SEO plugin v27.5 - https:\/\/yoast.com\/product\/yoast-seo-wordpress\/ -->\n<title>Villa Ort\u00fazar celebr\u00f3 su 161\u00ba aniversario - Voces de la Comuna 15<\/title>\n<meta name=\"description\" content=\"Voces de la Comuna 15\" \/>\n<meta name=\"robots\" content=\"index, follow, max-snippet:-1, max-image-preview:large, max-video-preview:-1\" \/>\n<link rel=\"canonical\" href=\"https:\/\/vocesdelacomuna15.com.ar\/press\/villa-ortuzar-celebro-su-161o-aniversario\/\" \/>\n<meta property=\"og:locale\" content=\"es_ES\" \/>\n<meta property=\"og:type\" content=\"article\" \/>\n<meta property=\"og:title\" content=\"Villa Ort\u00fazar celebr\u00f3 su 161\u00ba aniversario - Voces de la Comuna 15\" \/>\n<meta property=\"og:description\" content=\"Voces de la Comuna 15\" \/>\n<meta property=\"og:url\" content=\"https:\/\/vocesdelacomuna15.com.ar\/press\/villa-ortuzar-celebro-su-161o-aniversario\/\" \/>\n<meta property=\"og:site_name\" content=\"Voces de la Comuna 15\" \/>\n<meta property=\"article:publisher\" content=\"https:\/\/www.facebook.com\/VocesComuna15\/\" \/>\n<meta property=\"article:published_time\" content=\"2023-05-27T19:32:19+00:00\" \/>\n<meta property=\"article:modified_time\" content=\"2023-05-29T13:59:24+00:00\" \/>\n<meta property=\"og:image\" content=\"https:\/\/vocesdelacomuna15.com.ar\/wp-content\/uploads\/2023\/05\/ort2.png\" \/>\n\t<meta property=\"og:image:width\" content=\"592\" \/>\n\t<meta property=\"og:image:height\" content=\"332\" \/>\n\t<meta property=\"og:image:type\" content=\"image\/png\" \/>\n<meta name=\"author\" content=\"Federico Arguto\" \/>\n<meta name=\"twitter:card\" content=\"summary_large_image\" \/>\n<meta name=\"twitter:creator\" content=\"@vocescomuna15\" \/>\n<meta name=\"twitter:site\" content=\"@vocescomuna15\" \/>\n<meta name=\"twitter:label1\" content=\"Escrito por\" \/>\n\t<meta name=\"twitter:data1\" content=\"Federico Arguto\" \/>\n\t<meta name=\"twitter:label2\" content=\"Tiempo de lectura\" \/>\n\t<meta name=\"twitter:data2\" content=\"5 minutos\" \/>\n<script type=\"application\/ld+json\" class=\"yoast-schema-graph\">{\"@context\":\"https:\\\/\\\/schema.org\",\"@graph\":[{\"@type\":\"Article\",\"@id\":\"https:\\\/\\\/vocesdelacomuna15.com.ar\\\/press\\\/villa-ortuzar-celebro-su-161o-aniversario\\\/#article\",\"isPartOf\":{\"@id\":\"https:\\\/\\\/vocesdelacomuna15.com.ar\\\/press\\\/villa-ortuzar-celebro-su-161o-aniversario\\\/\"},\"author\":{\"name\":\"Federico Arguto\",\"@id\":\"https:\\\/\\\/vocesdelacomuna15.com.ar\\\/press\\\/#\\\/schema\\\/person\\\/4739e109db25d799cd3d139eeb509e43\"},\"headline\":\"Villa Ort\u00fazar celebr\u00f3 su 161\u00ba aniversario\",\"datePublished\":\"2023-05-27T19:32:19+00:00\",\"dateModified\":\"2023-05-29T13:59:24+00:00\",\"mainEntityOfPage\":{\"@id\":\"https:\\\/\\\/vocesdelacomuna15.com.ar\\\/press\\\/villa-ortuzar-celebro-su-161o-aniversario\\\/\"},\"wordCount\":1020,\"publisher\":{\"@id\":\"https:\\\/\\\/vocesdelacomuna15.com.ar\\\/press\\\/#organization\"},\"image\":{\"@id\":\"https:\\\/\\\/vocesdelacomuna15.com.ar\\\/press\\\/villa-ortuzar-celebro-su-161o-aniversario\\\/#primaryimage\"},\"thumbnailUrl\":\"https:\\\/\\\/vocesdelacomuna15.com.ar\\\/wp-content\\\/uploads\\\/2023\\\/05\\\/ort2.png\",\"articleSection\":[\"Villa Ort\u00fazar\"],\"inLanguage\":\"es-AR\"},{\"@type\":\"WebPage\",\"@id\":\"https:\\\/\\\/vocesdelacomuna15.com.ar\\\/press\\\/villa-ortuzar-celebro-su-161o-aniversario\\\/\",\"url\":\"https:\\\/\\\/vocesdelacomuna15.com.ar\\\/press\\\/villa-ortuzar-celebro-su-161o-aniversario\\\/\",\"name\":\"Villa Ort\u00fazar celebr\u00f3 su 161\u00ba aniversario - Voces de la Comuna 15\",\"isPartOf\":{\"@id\":\"https:\\\/\\\/vocesdelacomuna15.com.ar\\\/press\\\/#website\"},\"primaryImageOfPage\":{\"@id\":\"https:\\\/\\\/vocesdelacomuna15.com.ar\\\/press\\\/villa-ortuzar-celebro-su-161o-aniversario\\\/#primaryimage\"},\"image\":{\"@id\":\"https:\\\/\\\/vocesdelacomuna15.com.ar\\\/press\\\/villa-ortuzar-celebro-su-161o-aniversario\\\/#primaryimage\"},\"thumbnailUrl\":\"https:\\\/\\\/vocesdelacomuna15.com.ar\\\/wp-content\\\/uploads\\\/2023\\\/05\\\/ort2.png\",\"datePublished\":\"2023-05-27T19:32:19+00:00\",\"dateModified\":\"2023-05-29T13:59:24+00:00\",\"description\":\"Voces de la Comuna 15\",\"breadcrumb\":{\"@id\":\"https:\\\/\\\/vocesdelacomuna15.com.ar\\\/press\\\/villa-ortuzar-celebro-su-161o-aniversario\\\/#breadcrumb\"},\"inLanguage\":\"es-AR\",\"potentialAction\":[{\"@type\":\"ReadAction\",\"target\":[\"https:\\\/\\\/vocesdelacomuna15.com.ar\\\/press\\\/villa-ortuzar-celebro-su-161o-aniversario\\\/\"]}]},{\"@type\":\"ImageObject\",\"inLanguage\":\"es-AR\",\"@id\":\"https:\\\/\\\/vocesdelacomuna15.com.ar\\\/press\\\/villa-ortuzar-celebro-su-161o-aniversario\\\/#primaryimage\",\"url\":\"https:\\\/\\\/vocesdelacomuna15.com.ar\\\/wp-content\\\/uploads\\\/2023\\\/05\\\/ort2.png\",\"contentUrl\":\"https:\\\/\\\/vocesdelacomuna15.com.ar\\\/wp-content\\\/uploads\\\/2023\\\/05\\\/ort2.png\",\"width\":592,\"height\":332},{\"@type\":\"BreadcrumbList\",\"@id\":\"https:\\\/\\\/vocesdelacomuna15.com.ar\\\/press\\\/villa-ortuzar-celebro-su-161o-aniversario\\\/#breadcrumb\",\"itemListElement\":[{\"@type\":\"ListItem\",\"position\":1,\"name\":\"Inicio\",\"item\":\"https:\\\/\\\/vocesdelacomuna15.com.ar\\\/press\\\/\"},{\"@type\":\"ListItem\",\"position\":2,\"name\":\"Villa Ort\u00fazar celebr\u00f3 su 161\u00ba aniversario\"}]},{\"@type\":\"WebSite\",\"@id\":\"https:\\\/\\\/vocesdelacomuna15.com.ar\\\/press\\\/#website\",\"url\":\"https:\\\/\\\/vocesdelacomuna15.com.ar\\\/press\\\/\",\"name\":\"Voces de la Comuna 15\",\"description\":\"Sitio web de noticias\",\"publisher\":{\"@id\":\"https:\\\/\\\/vocesdelacomuna15.com.ar\\\/press\\\/#organization\"},\"potentialAction\":[{\"@type\":\"SearchAction\",\"target\":{\"@type\":\"EntryPoint\",\"urlTemplate\":\"https:\\\/\\\/vocesdelacomuna15.com.ar\\\/press\\\/?s={search_term_string}\"},\"query-input\":{\"@type\":\"PropertyValueSpecification\",\"valueRequired\":true,\"valueName\":\"search_term_string\"}}],\"inLanguage\":\"es-AR\"},{\"@type\":\"Organization\",\"@id\":\"https:\\\/\\\/vocesdelacomuna15.com.ar\\\/press\\\/#organization\",\"name\":\"Voces de la Comuna 15\",\"url\":\"https:\\\/\\\/vocesdelacomuna15.com.ar\\\/press\\\/\",\"logo\":{\"@type\":\"ImageObject\",\"inLanguage\":\"es-AR\",\"@id\":\"https:\\\/\\\/vocesdelacomuna15.com.ar\\\/press\\\/#\\\/schema\\\/logo\\\/image\\\/\",\"url\":\"https:\\\/\\\/vocesdelacomuna15.com.ar\\\/wp-content\\\/uploads\\\/2024\\\/12\\\/cropped-logo_voces.jpg\",\"contentUrl\":\"https:\\\/\\\/vocesdelacomuna15.com.ar\\\/wp-content\\\/uploads\\\/2024\\\/12\\\/cropped-logo_voces.jpg\",\"width\":512,\"height\":512,\"caption\":\"Voces de la Comuna 15\"},\"image\":{\"@id\":\"https:\\\/\\\/vocesdelacomuna15.com.ar\\\/press\\\/#\\\/schema\\\/logo\\\/image\\\/\"},\"sameAs\":[\"https:\\\/\\\/www.facebook.com\\\/VocesComuna15\\\/\",\"https:\\\/\\\/x.com\\\/vocescomuna15\"]},{\"@type\":\"Person\",\"@id\":\"https:\\\/\\\/vocesdelacomuna15.com.ar\\\/press\\\/#\\\/schema\\\/person\\\/4739e109db25d799cd3d139eeb509e43\",\"name\":\"Federico Arguto\",\"image\":{\"@type\":\"ImageObject\",\"inLanguage\":\"es-AR\",\"@id\":\"https:\\\/\\\/vocesdelacomuna15.com.ar\\\/wp-content\\\/litespeed\\\/avatar\\\/82faf979976f1bae889b8b71f8a0a7e5.jpg?ver=1777419741\",\"url\":\"https:\\\/\\\/vocesdelacomuna15.com.ar\\\/wp-content\\\/litespeed\\\/avatar\\\/82faf979976f1bae889b8b71f8a0a7e5.jpg?ver=1777419741\",\"contentUrl\":\"https:\\\/\\\/vocesdelacomuna15.com.ar\\\/wp-content\\\/litespeed\\\/avatar\\\/82faf979976f1bae889b8b71f8a0a7e5.jpg?ver=1777419741\",\"caption\":\"Federico Arguto\"},\"url\":\"https:\\\/\\\/vocesdelacomuna15.com.ar\\\/press\\\/author\\\/fede\\\/\"}]}<\/script>\n<!-- \/ Yoast SEO plugin. -->","yoast_head_json":{"title":"Villa Ort\u00fazar celebr\u00f3 su 161\u00ba aniversario - Voces de la Comuna 15","description":"Voces de la Comuna 15","robots":{"index":"index","follow":"follow","max-snippet":"max-snippet:-1","max-image-preview":"max-image-preview:large","max-video-preview":"max-video-preview:-1"},"canonical":"https:\/\/vocesdelacomuna15.com.ar\/press\/villa-ortuzar-celebro-su-161o-aniversario\/","og_locale":"es_ES","og_type":"article","og_title":"Villa Ort\u00fazar celebr\u00f3 su 161\u00ba aniversario - Voces de la Comuna 15","og_description":"Voces de la Comuna 15","og_url":"https:\/\/vocesdelacomuna15.com.ar\/press\/villa-ortuzar-celebro-su-161o-aniversario\/","og_site_name":"Voces de la Comuna 15","article_publisher":"https:\/\/www.facebook.com\/VocesComuna15\/","article_published_time":"2023-05-27T19:32:19+00:00","article_modified_time":"2023-05-29T13:59:24+00:00","og_image":[{"width":592,"height":332,"url":"https:\/\/vocesdelacomuna15.com.ar\/wp-content\/uploads\/2023\/05\/ort2.png","type":"image\/png"}],"author":"Federico Arguto","twitter_card":"summary_large_image","twitter_creator":"@vocescomuna15","twitter_site":"@vocescomuna15","twitter_misc":{"Escrito por":"Federico Arguto","Tiempo de lectura":"5 minutos"},"schema":{"@context":"https:\/\/schema.org","@graph":[{"@type":"Article","@id":"https:\/\/vocesdelacomuna15.com.ar\/press\/villa-ortuzar-celebro-su-161o-aniversario\/#article","isPartOf":{"@id":"https:\/\/vocesdelacomuna15.com.ar\/press\/villa-ortuzar-celebro-su-161o-aniversario\/"},"author":{"name":"Federico Arguto","@id":"https:\/\/vocesdelacomuna15.com.ar\/press\/#\/schema\/person\/4739e109db25d799cd3d139eeb509e43"},"headline":"Villa Ort\u00fazar celebr\u00f3 su 161\u00ba aniversario","datePublished":"2023-05-27T19:32:19+00:00","dateModified":"2023-05-29T13:59:24+00:00","mainEntityOfPage":{"@id":"https:\/\/vocesdelacomuna15.com.ar\/press\/villa-ortuzar-celebro-su-161o-aniversario\/"},"wordCount":1020,"publisher":{"@id":"https:\/\/vocesdelacomuna15.com.ar\/press\/#organization"},"image":{"@id":"https:\/\/vocesdelacomuna15.com.ar\/press\/villa-ortuzar-celebro-su-161o-aniversario\/#primaryimage"},"thumbnailUrl":"https:\/\/vocesdelacomuna15.com.ar\/wp-content\/uploads\/2023\/05\/ort2.png","articleSection":["Villa Ort\u00fazar"],"inLanguage":"es-AR"},{"@type":"WebPage","@id":"https:\/\/vocesdelacomuna15.com.ar\/press\/villa-ortuzar-celebro-su-161o-aniversario\/","url":"https:\/\/vocesdelacomuna15.com.ar\/press\/villa-ortuzar-celebro-su-161o-aniversario\/","name":"Villa Ort\u00fazar celebr\u00f3 su 161\u00ba aniversario - Voces de la Comuna 15","isPartOf":{"@id":"https:\/\/vocesdelacomuna15.com.ar\/press\/#website"},"primaryImageOfPage":{"@id":"https:\/\/vocesdelacomuna15.com.ar\/press\/villa-ortuzar-celebro-su-161o-aniversario\/#primaryimage"},"image":{"@id":"https:\/\/vocesdelacomuna15.com.ar\/press\/villa-ortuzar-celebro-su-161o-aniversario\/#primaryimage"},"thumbnailUrl":"https:\/\/vocesdelacomuna15.com.ar\/wp-content\/uploads\/2023\/05\/ort2.png","datePublished":"2023-05-27T19:32:19+00:00","dateModified":"2023-05-29T13:59:24+00:00","description":"Voces de la Comuna 15","breadcrumb":{"@id":"https:\/\/vocesdelacomuna15.com.ar\/press\/villa-ortuzar-celebro-su-161o-aniversario\/#breadcrumb"},"inLanguage":"es-AR","potentialAction":[{"@type":"ReadAction","target":["https:\/\/vocesdelacomuna15.com.ar\/press\/villa-ortuzar-celebro-su-161o-aniversario\/"]}]},{"@type":"ImageObject","inLanguage":"es-AR","@id":"https:\/\/vocesdelacomuna15.com.ar\/press\/villa-ortuzar-celebro-su-161o-aniversario\/#primaryimage","url":"https:\/\/vocesdelacomuna15.com.ar\/wp-content\/uploads\/2023\/05\/ort2.png","contentUrl":"https:\/\/vocesdelacomuna15.com.ar\/wp-content\/uploads\/2023\/05\/ort2.png","width":592,"height":332},{"@type":"BreadcrumbList","@id":"https:\/\/vocesdelacomuna15.com.ar\/press\/villa-ortuzar-celebro-su-161o-aniversario\/#breadcrumb","itemListElement":[{"@type":"ListItem","position":1,"name":"Inicio","item":"https:\/\/vocesdelacomuna15.com.ar\/press\/"},{"@type":"ListItem","position":2,"name":"Villa Ort\u00fazar celebr\u00f3 su 161\u00ba aniversario"}]},{"@type":"WebSite","@id":"https:\/\/vocesdelacomuna15.com.ar\/press\/#website","url":"https:\/\/vocesdelacomuna15.com.ar\/press\/","name":"Voces de la Comuna 15","description":"Sitio web de noticias","publisher":{"@id":"https:\/\/vocesdelacomuna15.com.ar\/press\/#organization"},"potentialAction":[{"@type":"SearchAction","target":{"@type":"EntryPoint","urlTemplate":"https:\/\/vocesdelacomuna15.com.ar\/press\/?s={search_term_string}"},"query-input":{"@type":"PropertyValueSpecification","valueRequired":true,"valueName":"search_term_string"}}],"inLanguage":"es-AR"},{"@type":"Organization","@id":"https:\/\/vocesdelacomuna15.com.ar\/press\/#organization","name":"Voces de la Comuna 15","url":"https:\/\/vocesdelacomuna15.com.ar\/press\/","logo":{"@type":"ImageObject","inLanguage":"es-AR","@id":"https:\/\/vocesdelacomuna15.com.ar\/press\/#\/schema\/logo\/image\/","url":"https:\/\/vocesdelacomuna15.com.ar\/wp-content\/uploads\/2024\/12\/cropped-logo_voces.jpg","contentUrl":"https:\/\/vocesdelacomuna15.com.ar\/wp-content\/uploads\/2024\/12\/cropped-logo_voces.jpg","width":512,"height":512,"caption":"Voces de la Comuna 15"},"image":{"@id":"https:\/\/vocesdelacomuna15.com.ar\/press\/#\/schema\/logo\/image\/"},"sameAs":["https:\/\/www.facebook.com\/VocesComuna15\/","https:\/\/x.com\/vocescomuna15"]},{"@type":"Person","@id":"https:\/\/vocesdelacomuna15.com.ar\/press\/#\/schema\/person\/4739e109db25d799cd3d139eeb509e43","name":"Federico Arguto","image":{"@type":"ImageObject","inLanguage":"es-AR","@id":"https:\/\/vocesdelacomuna15.com.ar\/wp-content\/litespeed\/avatar\/82faf979976f1bae889b8b71f8a0a7e5.jpg?ver=1777419741","url":"https:\/\/vocesdelacomuna15.com.ar\/wp-content\/litespeed\/avatar\/82faf979976f1bae889b8b71f8a0a7e5.jpg?ver=1777419741","contentUrl":"https:\/\/vocesdelacomuna15.com.ar\/wp-content\/litespeed\/avatar\/82faf979976f1bae889b8b71f8a0a7e5.jpg?ver=1777419741","caption":"Federico Arguto"},"url":"https:\/\/vocesdelacomuna15.com.ar\/press\/author\/fede\/"}]}},"_links":{"self":[{"href":"https:\/\/vocesdelacomuna15.com.ar\/press\/wp-json\/wp\/v2\/posts\/60013","targetHints":{"allow":["GET"]}}],"collection":[{"href":"https:\/\/vocesdelacomuna15.com.ar\/press\/wp-json\/wp\/v2\/posts"}],"about":[{"href":"https:\/\/vocesdelacomuna15.com.ar\/press\/wp-json\/wp\/v2\/types\/post"}],"author":[{"embeddable":true,"href":"https:\/\/vocesdelacomuna15.com.ar\/press\/wp-json\/wp\/v2\/users\/2"}],"replies":[{"embeddable":true,"href":"https:\/\/vocesdelacomuna15.com.ar\/press\/wp-json\/wp\/v2\/comments?post=60013"}],"version-history":[{"count":2,"href":"https:\/\/vocesdelacomuna15.com.ar\/press\/wp-json\/wp\/v2\/posts\/60013\/revisions"}],"predecessor-version":[{"id":60024,"href":"https:\/\/vocesdelacomuna15.com.ar\/press\/wp-json\/wp\/v2\/posts\/60013\/revisions\/60024"}],"wp:featuredmedia":[{"embeddable":true,"href":"https:\/\/vocesdelacomuna15.com.ar\/press\/wp-json\/wp\/v2\/media\/60014"}],"wp:attachment":[{"href":"https:\/\/vocesdelacomuna15.com.ar\/press\/wp-json\/wp\/v2\/media?parent=60013"}],"wp:term":[{"taxonomy":"category","embeddable":true,"href":"https:\/\/vocesdelacomuna15.com.ar\/press\/wp-json\/wp\/v2\/categories?post=60013"},{"taxonomy":"post_tag","embeddable":true,"href":"https:\/\/vocesdelacomuna15.com.ar\/press\/wp-json\/wp\/v2\/tags?post=60013"}],"curies":[{"name":"wp","href":"https:\/\/api.w.org\/{rel}","templated":true}]}}