{"id":60011,"date":"2023-05-27T16:29:36","date_gmt":"2023-05-27T19:29:36","guid":{"rendered":"https:\/\/vocesdelacomuna15.com.ar\/wordpress\/?p=60011"},"modified":"2023-05-29T10:57:05","modified_gmt":"2023-05-29T13:57:05","slug":"entrevista-a-norberto-zanzi-presidente-de-la-asociacion-cultural-deportiva-y-biblioteca-popular-florencio-sanchez","status":"publish","type":"post","link":"https:\/\/vocesdelacomuna15.com.ar\/press\/entrevista-a-norberto-zanzi-presidente-de-la-asociacion-cultural-deportiva-y-biblioteca-popular-florencio-sanchez\/","title":{"rendered":"Entrevista a Norberto Zanzi, presidente de la Asociaci\u00f3n Cultural Deportiva y Biblioteca Popular Florencio S\u00e1nchez"},"content":{"rendered":"\n<p>Hist\u00f3rico vecino de La Paternal, Norberto Zanzi tiene una extensa trayectoria luchando por las instituciones del barrio. Se acerc\u00f3 a la asociaci\u00f3n que hoy preside cuando esta era el lugar de encuentro para las reuniones por la recuperaci\u00f3n del Cine-Teatro Taricco \u2013causa por la que sigue militando- y tras pasar por su Comisi\u00f3n Directiva, en 2016 comenz\u00f3 a tener el cargo m\u00e1s alto en la Asociaci\u00f3n Cultural Deportiva y Biblioteca Popular Florencio S\u00e1nchez, instituci\u00f3n centenaria y situada en Granada 1660. En diciembre de 2021, en la gesti\u00f3n de Zanzi, la asamblea de socios de la asociaci\u00f3n aprob\u00f3 la reforma del estatuto de la misma, lo que fue un antes y un despu\u00e9s en la Florencio S\u00e1nchez (Nota publicada en peri\u00f3dico Voces de la Comuna 15- Mayo 2023)<\/p>\n\n\n\n<p>Aqu\u00ed reproducimos parte del di\u00e1logo que tuvimos con Zanzi en la biblioteca de la asociaci\u00f3n a fines del mes de abril:<\/p>\n\n\n\n<p><em>-Contanos brevemente la historia de la Asociaci\u00f3n Cultural, que en realidad es mas conocida por su biblioteca<\/em> (ex Juan Mar\u00eda Becci\u00fa)<em>:<\/em><\/p>\n\n\n\n<p>&#8211; \u201cEn realidad no empez\u00f3 como una biblioteca sino en el a\u00f1o 1915 como una asociaci\u00f3n cultural: \u201cFlorencio S\u00e1nchez\u201d, que es el nombre que siempre tuvo, lo que pasa que en un momento se populariz\u00f3 el nombre de la biblioteca. Hay fotos que se pueden ver de aquellos tiempos, de lo que hac\u00edan. La asociaci\u00f3n cultural estuvo en otros lugares por momentos. Era un lugar de participaci\u00f3n, un lugar social. En un momento determinado, unos socios juntaron unos libros y comenzaron a llevarlos casa por casa, eso fue un principio de biblioteca ambulante. Despu\u00e9s de eso, surgi\u00f3 la biblioteca y empez\u00f3 a crecer. Se anotaron en las reparticiones que hizo la Comisi\u00f3n Nacional de Bibliotecas Populares (CONABIP), dentro de la Direcci\u00f3n del Libro. Hicieron esa movida y qued\u00f3 un poco de lado lo que era la asociaci\u00f3n cultural y se le empez\u00f3 a dar m\u00e1s importancia a la biblioteca. As\u00ed empez\u00f3 a llamarse \u201cAsociaci\u00f3n Cultural Florencio S\u00e1nchez y Biblioteca Popular Juan Mar\u00eda Becci\u00fa\u201d. Pero a Becci\u00fa nadie lo conoc\u00eda. Dec\u00edan que era alguien que hab\u00eda donado esta casa pero qued\u00f3 comprobado de que no\u201d.<\/p>\n\n\n\n<p><em>-\u00bfQu\u00e9 cambios hubo en los \u00faltimos a\u00f1os de esta instituci\u00f3n?<\/em><\/p>\n\n\n\n<p>\u201cHace unos 10 a\u00f1os esto empez\u00f3 a cambiar y comenzamos a hacer cosas m\u00e1s sociales, aparte de la biblioteca. Se hicieron talleres para personas de m\u00e1s de 40 a\u00f1os, para reincorporaci\u00f3n laboral. Se hicieron m\u00e1s de 100 anteojos a personas que lo necesitaban, con visitas de oftalm\u00f3logos. Se realizaron talleres para chicos y empez\u00f3 a funcionar una escuela primaria para adolescentes y adultos (desde 14 a\u00f1os a cualquier edad). Vienen algunas personas que no saben leer y escribir, otros que por ejemplo que hab\u00edan terminado hasta 4to grado y retoman hasta que obtienen el t\u00edtulo oficial. Nosotros prestamos el lugar porque en realidad la escuela es del Gobierno de la Ciudad, es uno de los Centros Educativos de Nivel Primario (CENP). Nosotros ponemos las instalaciones, ellos los profesores. No son 7 a\u00f1os de primaria sino menos, la ense\u00f1anza es personalizada. En los \u00faltimos a\u00f1os hubo jornadas de vacunaci\u00f3n y castraci\u00f3n para perros y gatos. Actualmente funcionan talleres de folclore, canto, literatura y memoria. Adem\u00e1s por un acuerdo con el Instituto S\u00fayay, hay personas con discapacidad que realizan tareas como asistentes de nuestra bibliotecaria. Y hace 2 a\u00f1os incorporamos una huerta comunitaria, donde los alumnos y los profesores son los mismos. Hicimos tambi\u00e9n varias cosas estructuralmente, hay una nueva sala en la terraza y ampliamos el espacio para poner libros\u201d.<\/p>\n\n\n\n<p><em>-\u00bfCu\u00e1ntos vol\u00famenes tiene la biblioteca y con qu\u00e9 espacios cuenta?<\/em><\/p>\n\n\n\n<p>-\u201cEsta es una biblioteca con 30.000 vol\u00famenes, de todo tipo. Los socios se pueden llevar hasta 3 libros a sus casas. Los no socios pueden usar las instalaciones, venir, pedir un libro, sentarse y leerlo, traer su notebook y usar el Wi Fi, venir a estudiar, hacer una consulta. Aparte de nuestro espacio principal, tenemos otro en la terraza y tiene instalaci\u00f3n el\u00e9ctrica. Pueden venir y leer un libro en la terraza, tomar mate, ese es un nuevo espacio. Tenemos tambi\u00e9n una sala infantil con libros y juegos para chicos. La biblioteca tiene dos caracter\u00edsticas: al ser popular, es de estanter\u00edas abiertas, entr\u00e1s y eleg\u00eds el libro \u2013todos tienen carteles- o le pod\u00e9s preguntar a la bibliotecaria por algo espec\u00edfico y te orienta. Tambi\u00e9n pod\u00e9s recorrer las estanter\u00edas y elegir lo que quer\u00e9s despu\u00e9s. Los libros llegan por compra directa, compra por subsidios o donaciones. Muchas veces los socios tambi\u00e9n eligen los libros que quieren, tras contestar un mail o mediante un formulario que pueden completar por ejemplo, antes de que se haga la Feria del Libro\u201d<\/p>\n\n\n\n<p><em>-\u00bfEn qu\u00e9 consisti\u00f3 la reforma estatutaria?<\/em><\/p>\n\n\n\n<p>-\u201cHubo recientemente una reforma estatutaria, dimos de baja a todos los socios que hab\u00eda. En el padr\u00f3n hab\u00eda como 3.000 pero varios no aportaban ni ven\u00edan. Actualmente hay unos 90 socios. Si alguien quiere asociarse es muy simple: debe traer el DNI, un impuesto y la cuota es de 500 pesos mensuales. El estatuto anterior era antiguo, ten\u00eda 50 a\u00f1os, este se adapta a los tiempos actuales. Por ejemplo hab\u00eda que avisarle a un socio por carta documento que dejaba de ser socio porque no pagaba hace a\u00f1os. El nuevo dice que si quer\u00e9s ser socio ten\u00e9s que reinscribirte, sino autom\u00e1ticamente dej\u00e1s de ser socio. Hoy se simplific\u00f3 todo, la Comisi\u00f3n Directiva se redujo a 5\/6 personas m\u00e1s la Comisi\u00f3n Revisora de Cuentas que son 3 personas m\u00e1s. Antes eran en total m\u00e1s de 20. Se prev\u00e9 hacer comisiones con representantes. Puede haber por ejemplo uno de la Huerta, que participe de la Comisi\u00f3n Directiva, pero sin formar parte de esta. Lo mismo con los Talleres, que por suerte est\u00e1n haciendo que participe mucho la gente del barrio. Ahora haremos una asamblea electiva donde se elegir\u00e1 la Comisi\u00f3n Directiva. Se hace cada 2 a\u00f1os. Somos pocos en la Comisi\u00f3n Directiva y esto tiene que renovarse\u201d.<\/p>\n\n\n\n<p><em>-\u00bfC\u00f3mo se manejaron en la asociaci\u00f3n durante la pandemia?<\/em><\/p>\n\n\n\n<p>&#8211; \u201cEn la pandemia cuando estaba la cuarentena estricta, lo respetamos, no hicimos ninguna actividad. Despu\u00e9s abrimos la puerta a medias, como hab\u00edan abierto otras cosas. La gente no entraba a la biblioteca, formaba fila afuera, todo como si fuera un negocio. Atend\u00edamos detr\u00e1s de la reja, con los cuidados que hab\u00eda que tener. En un momento, se dec\u00eda que los libros pod\u00edan contagiar entonces se pon\u00edan en una caja y se guardaban hasta cumplir la cuarentena. M\u00e1s adelante cuando todo mejor\u00f3, hicimos algunos eventos en la vereda, cortando la calle. Luego, dentro de la biblioteca tambi\u00e9n. Y bueno, despu\u00e9s retomamos la actividad, hoy pr\u00e1cticamente tenemos un ritmo normal\u201d.<\/p>\n\n\n\n<p><em>-\u00bfQu\u00e9 proyectos tienen para los pr\u00f3ximos a\u00f1os?<\/em><\/p>\n\n\n\n<p>-\u201cAhora nos queremos expandir hacia la calle por eso presentamos un proyecto que se llama el \u201cPasaje Granada Verde\u201d. Fue aprobado por el Consejo Consultivo de la Comuna 15, por la Junta Comunal, ahora pasa al Ejecutivo. La idea es reducir un poco la calle, agrandar la vereda a 8 metros, hacer canteros, plantas y ese tipo de cosas. Hacer eventos en la calle y poner mesas y sillas, para extender el centro cultural hacia la calle. Que la gente pueda leer un libro tomando sol o fresco, tomando mate. Otro de nuestros proyectos es extendernos al Bajo Viaducto del Ferrocarril San Mart\u00edn. Se lo coment\u00e9 a Larreta pero es un tema que viene muy complicado. Las estaciones quedaron para la Naci\u00f3n pero el Bajo Viaducto qued\u00f3 en un gris. Parece que estaban por llegar a un acuerdo Naci\u00f3n y Ciudad, veremos qu\u00e9 novedades hay al respecto. Otra iniciativa que estamos pensando es hacer un caf\u00e9 literario. Tambi\u00e9n arrancar con audio-libros. Y llevarlos a gente que los necesite, personas con discapacidades visuales\u201d.<\/p>\n\n\n\n<p><em>-Por \u00faltimo, \u00bfC\u00f3mo va la lucha por la recuperaci\u00f3n del Cine-Teatro Taricco en La Paternal?<\/em><\/p>\n\n\n\n<p><a><\/a>\u201cEl Cine Teatro Taricco (Av. San Mart\u00edn 2377) como se sabe est\u00e1 cerrado y hace 30 a\u00f1os que el barrio viene luchando por su recuperaci\u00f3n. Despu\u00e9s de la pandemia empez\u00f3 una tercera etapa, comenzamos a reunirnos y presentamos un nuevo proyecto. Es el mismo, van agreg\u00e1ndose algunas cosas pero es pr\u00e1cticamente el mismo que hace 15 a\u00f1os. Estamos intentando concurrir a las comisiones de Cultura de la Legislatura porte\u00f1a. Ya hablamos en la de Asesores, lo haremos en la de Legisladores y bueno, despu\u00e9s es un trabajo de hormiga, golpeando la puerta de cada despacho de los legisladores. Haremos actividades en la calle para profundizar el reclamo. Si bien no hay algo concreto, se ha ganado en conocimiento, no es extra\u00f1o que la gente escuche lo que es el Taricco, el tema est\u00e1 instalado en todos lados\u201d.<\/p>\n<div class=\"pvc_clear\"><\/div><p id=\"pvc_stats_60011\" class=\"pvc_stats all  \" data-element-id=\"60011\" style=\"\"><i class=\"pvc-stats-icon small\" aria-hidden=\"true\"><svg aria-hidden=\"true\" focusable=\"false\" data-prefix=\"far\" data-icon=\"chart-bar\" role=\"img\" xmlns=\"http:\/\/www.w3.org\/2000\/svg\" viewBox=\"0 0 512 512\" class=\"svg-inline--fa fa-chart-bar fa-w-16 fa-2x\"><path fill=\"currentColor\" d=\"M396.8 352h22.4c6.4 0 12.8-6.4 12.8-12.8V108.8c0-6.4-6.4-12.8-12.8-12.8h-22.4c-6.4 0-12.8 6.4-12.8 12.8v230.4c0 6.4 6.4 12.8 12.8 12.8zm-192 0h22.4c6.4 0 12.8-6.4 12.8-12.8V140.8c0-6.4-6.4-12.8-12.8-12.8h-22.4c-6.4 0-12.8 6.4-12.8 12.8v198.4c0 6.4 6.4 12.8 12.8 12.8zm96 0h22.4c6.4 0 12.8-6.4 12.8-12.8V204.8c0-6.4-6.4-12.8-12.8-12.8h-22.4c-6.4 0-12.8 6.4-12.8 12.8v134.4c0 6.4 6.4 12.8 12.8 12.8zM496 400H48V80c0-8.84-7.16-16-16-16H16C7.16 64 0 71.16 0 80v336c0 17.67 14.33 32 32 32h464c8.84 0 16-7.16 16-16v-16c0-8.84-7.16-16-16-16zm-387.2-48h22.4c6.4 0 12.8-6.4 12.8-12.8v-70.4c0-6.4-6.4-12.8-12.8-12.8h-22.4c-6.4 0-12.8 6.4-12.8 12.8v70.4c0 6.4 6.4 12.8 12.8 12.8z\" class=\"\"><\/path><\/svg><\/i> <img loading=\"lazy\" decoding=\"async\" width=\"16\" height=\"16\" alt=\"Loading\" src=\"https:\/\/vocesdelacomuna15.com.ar\/wp-content\/plugins\/page-views-count\/ajax-loader-2x.gif\" border=0 \/><\/p><div class=\"pvc_clear\"><\/div>","protected":false},"excerpt":{"rendered":"<p>Hist\u00f3rico vecino de La Paternal, Norberto Zanzi tiene una extensa trayectoria luchando por las instituciones del barrio. Se acerc\u00f3 a la asociaci\u00f3n que hoy preside cuando esta era el lugar de encuentro para las reuniones por la recuperaci\u00f3n del Cine-Teatro Taricco \u2013causa por la que sigue militando- y tras pasar por su Comisi\u00f3n Directiva, en [&hellip;]<\/p>\n<div class=\"pvc_clear\"><\/div>\n<p id=\"pvc_stats_60011\" class=\"pvc_stats all  \" data-element-id=\"60011\" style=\"\"><i class=\"pvc-stats-icon small\" aria-hidden=\"true\"><svg aria-hidden=\"true\" focusable=\"false\" data-prefix=\"far\" data-icon=\"chart-bar\" role=\"img\" xmlns=\"http:\/\/www.w3.org\/2000\/svg\" viewBox=\"0 0 512 512\" class=\"svg-inline--fa fa-chart-bar fa-w-16 fa-2x\"><path fill=\"currentColor\" d=\"M396.8 352h22.4c6.4 0 12.8-6.4 12.8-12.8V108.8c0-6.4-6.4-12.8-12.8-12.8h-22.4c-6.4 0-12.8 6.4-12.8 12.8v230.4c0 6.4 6.4 12.8 12.8 12.8zm-192 0h22.4c6.4 0 12.8-6.4 12.8-12.8V140.8c0-6.4-6.4-12.8-12.8-12.8h-22.4c-6.4 0-12.8 6.4-12.8 12.8v198.4c0 6.4 6.4 12.8 12.8 12.8zm96 0h22.4c6.4 0 12.8-6.4 12.8-12.8V204.8c0-6.4-6.4-12.8-12.8-12.8h-22.4c-6.4 0-12.8 6.4-12.8 12.8v134.4c0 6.4 6.4 12.8 12.8 12.8zM496 400H48V80c0-8.84-7.16-16-16-16H16C7.16 64 0 71.16 0 80v336c0 17.67 14.33 32 32 32h464c8.84 0 16-7.16 16-16v-16c0-8.84-7.16-16-16-16zm-387.2-48h22.4c6.4 0 12.8-6.4 12.8-12.8v-70.4c0-6.4-6.4-12.8-12.8-12.8h-22.4c-6.4 0-12.8 6.4-12.8 12.8v70.4c0 6.4 6.4 12.8 12.8 12.8z\" class=\"\"><\/path><\/svg><\/i> <img loading=\"lazy\" decoding=\"async\" width=\"16\" height=\"16\" alt=\"Loading\" src=\"https:\/\/vocesdelacomuna15.com.ar\/wp-content\/plugins\/page-views-count\/ajax-loader-2x.gif\" border=0 \/><\/p>\n<div class=\"pvc_clear\"><\/div>\n","protected":false},"author":2,"featured_media":60020,"comment_status":"closed","ping_status":"open","sticky":false,"template":"","format":"standard","meta":{"_et_pb_use_builder":"","_et_pb_old_content":"","_et_gb_content_width":"","footnotes":""},"categories":[29,8],"tags":[],"class_list":["post-60011","post","type-post","status-publish","format-standard","has-post-thumbnail","hentry","category-lapa","category-sociedad","et-has-post-format-content","et_post_format-et-post-format-standard"],"a3_pvc":{"activated":true,"total_views":106,"today_views":0},"yoast_head":"<!-- This site is optimized with the Yoast SEO plugin v27.5 - https:\/\/yoast.com\/product\/yoast-seo-wordpress\/ -->\n<title>Entrevista a Norberto Zanzi, presidente de la Asociaci\u00f3n Cultural Deportiva y Biblioteca Popular Florencio S\u00e1nchez - Voces de la Comuna 15<\/title>\n<meta name=\"description\" content=\"Voces de la Comuna 15\" \/>\n<meta name=\"robots\" content=\"index, follow, max-snippet:-1, max-image-preview:large, max-video-preview:-1\" \/>\n<link rel=\"canonical\" href=\"https:\/\/vocesdelacomuna15.com.ar\/press\/entrevista-a-norberto-zanzi-presidente-de-la-asociacion-cultural-deportiva-y-biblioteca-popular-florencio-sanchez\/\" \/>\n<meta property=\"og:locale\" content=\"es_ES\" \/>\n<meta property=\"og:type\" content=\"article\" \/>\n<meta property=\"og:title\" content=\"Entrevista a Norberto Zanzi, presidente de la Asociaci\u00f3n Cultural Deportiva y Biblioteca Popular Florencio S\u00e1nchez - Voces de la Comuna 15\" \/>\n<meta property=\"og:description\" content=\"Voces de la Comuna 15\" \/>\n<meta property=\"og:url\" content=\"https:\/\/vocesdelacomuna15.com.ar\/press\/entrevista-a-norberto-zanzi-presidente-de-la-asociacion-cultural-deportiva-y-biblioteca-popular-florencio-sanchez\/\" \/>\n<meta property=\"og:site_name\" content=\"Voces de la Comuna 15\" \/>\n<meta property=\"article:publisher\" content=\"https:\/\/www.facebook.com\/VocesComuna15\/\" \/>\n<meta property=\"article:published_time\" content=\"2023-05-27T19:29:36+00:00\" \/>\n<meta property=\"article:modified_time\" content=\"2023-05-29T13:57:05+00:00\" \/>\n<meta property=\"og:image\" content=\"https:\/\/vocesdelacomuna15.com.ar\/wp-content\/uploads\/2023\/05\/2-1.jpg\" \/>\n\t<meta property=\"og:image:width\" content=\"780\" \/>\n\t<meta property=\"og:image:height\" content=\"1040\" \/>\n\t<meta property=\"og:image:type\" content=\"image\/jpeg\" \/>\n<meta name=\"author\" content=\"Federico Arguto\" \/>\n<meta name=\"twitter:card\" content=\"summary_large_image\" \/>\n<meta name=\"twitter:creator\" content=\"@vocescomuna15\" \/>\n<meta name=\"twitter:site\" content=\"@vocescomuna15\" \/>\n<meta name=\"twitter:label1\" content=\"Escrito por\" \/>\n\t<meta name=\"twitter:data1\" content=\"Federico Arguto\" \/>\n\t<meta name=\"twitter:label2\" content=\"Tiempo de lectura\" \/>\n\t<meta name=\"twitter:data2\" content=\"8 minutos\" \/>\n<script type=\"application\/ld+json\" class=\"yoast-schema-graph\">{\"@context\":\"https:\\\/\\\/schema.org\",\"@graph\":[{\"@type\":\"Article\",\"@id\":\"https:\\\/\\\/vocesdelacomuna15.com.ar\\\/press\\\/entrevista-a-norberto-zanzi-presidente-de-la-asociacion-cultural-deportiva-y-biblioteca-popular-florencio-sanchez\\\/#article\",\"isPartOf\":{\"@id\":\"https:\\\/\\\/vocesdelacomuna15.com.ar\\\/press\\\/entrevista-a-norberto-zanzi-presidente-de-la-asociacion-cultural-deportiva-y-biblioteca-popular-florencio-sanchez\\\/\"},\"author\":{\"name\":\"Federico Arguto\",\"@id\":\"https:\\\/\\\/vocesdelacomuna15.com.ar\\\/press\\\/#\\\/schema\\\/person\\\/4739e109db25d799cd3d139eeb509e43\"},\"headline\":\"Entrevista a Norberto Zanzi, presidente de la Asociaci\u00f3n Cultural Deportiva y Biblioteca Popular Florencio S\u00e1nchez\",\"datePublished\":\"2023-05-27T19:29:36+00:00\",\"dateModified\":\"2023-05-29T13:57:05+00:00\",\"mainEntityOfPage\":{\"@id\":\"https:\\\/\\\/vocesdelacomuna15.com.ar\\\/press\\\/entrevista-a-norberto-zanzi-presidente-de-la-asociacion-cultural-deportiva-y-biblioteca-popular-florencio-sanchez\\\/\"},\"wordCount\":1555,\"publisher\":{\"@id\":\"https:\\\/\\\/vocesdelacomuna15.com.ar\\\/press\\\/#organization\"},\"image\":{\"@id\":\"https:\\\/\\\/vocesdelacomuna15.com.ar\\\/press\\\/entrevista-a-norberto-zanzi-presidente-de-la-asociacion-cultural-deportiva-y-biblioteca-popular-florencio-sanchez\\\/#primaryimage\"},\"thumbnailUrl\":\"https:\\\/\\\/vocesdelacomuna15.com.ar\\\/wp-content\\\/uploads\\\/2023\\\/05\\\/2-1.jpg\",\"articleSection\":[\"La Paternal\",\"Sociedad\"],\"inLanguage\":\"es-AR\"},{\"@type\":\"WebPage\",\"@id\":\"https:\\\/\\\/vocesdelacomuna15.com.ar\\\/press\\\/entrevista-a-norberto-zanzi-presidente-de-la-asociacion-cultural-deportiva-y-biblioteca-popular-florencio-sanchez\\\/\",\"url\":\"https:\\\/\\\/vocesdelacomuna15.com.ar\\\/press\\\/entrevista-a-norberto-zanzi-presidente-de-la-asociacion-cultural-deportiva-y-biblioteca-popular-florencio-sanchez\\\/\",\"name\":\"Entrevista a Norberto Zanzi, presidente de la Asociaci\u00f3n Cultural Deportiva y Biblioteca Popular Florencio S\u00e1nchez - Voces de la Comuna 15\",\"isPartOf\":{\"@id\":\"https:\\\/\\\/vocesdelacomuna15.com.ar\\\/press\\\/#website\"},\"primaryImageOfPage\":{\"@id\":\"https:\\\/\\\/vocesdelacomuna15.com.ar\\\/press\\\/entrevista-a-norberto-zanzi-presidente-de-la-asociacion-cultural-deportiva-y-biblioteca-popular-florencio-sanchez\\\/#primaryimage\"},\"image\":{\"@id\":\"https:\\\/\\\/vocesdelacomuna15.com.ar\\\/press\\\/entrevista-a-norberto-zanzi-presidente-de-la-asociacion-cultural-deportiva-y-biblioteca-popular-florencio-sanchez\\\/#primaryimage\"},\"thumbnailUrl\":\"https:\\\/\\\/vocesdelacomuna15.com.ar\\\/wp-content\\\/uploads\\\/2023\\\/05\\\/2-1.jpg\",\"datePublished\":\"2023-05-27T19:29:36+00:00\",\"dateModified\":\"2023-05-29T13:57:05+00:00\",\"description\":\"Voces de la Comuna 15\",\"breadcrumb\":{\"@id\":\"https:\\\/\\\/vocesdelacomuna15.com.ar\\\/press\\\/entrevista-a-norberto-zanzi-presidente-de-la-asociacion-cultural-deportiva-y-biblioteca-popular-florencio-sanchez\\\/#breadcrumb\"},\"inLanguage\":\"es-AR\",\"potentialAction\":[{\"@type\":\"ReadAction\",\"target\":[\"https:\\\/\\\/vocesdelacomuna15.com.ar\\\/press\\\/entrevista-a-norberto-zanzi-presidente-de-la-asociacion-cultural-deportiva-y-biblioteca-popular-florencio-sanchez\\\/\"]}]},{\"@type\":\"ImageObject\",\"inLanguage\":\"es-AR\",\"@id\":\"https:\\\/\\\/vocesdelacomuna15.com.ar\\\/press\\\/entrevista-a-norberto-zanzi-presidente-de-la-asociacion-cultural-deportiva-y-biblioteca-popular-florencio-sanchez\\\/#primaryimage\",\"url\":\"https:\\\/\\\/vocesdelacomuna15.com.ar\\\/wp-content\\\/uploads\\\/2023\\\/05\\\/2-1.jpg\",\"contentUrl\":\"https:\\\/\\\/vocesdelacomuna15.com.ar\\\/wp-content\\\/uploads\\\/2023\\\/05\\\/2-1.jpg\",\"width\":780,\"height\":1040},{\"@type\":\"BreadcrumbList\",\"@id\":\"https:\\\/\\\/vocesdelacomuna15.com.ar\\\/press\\\/entrevista-a-norberto-zanzi-presidente-de-la-asociacion-cultural-deportiva-y-biblioteca-popular-florencio-sanchez\\\/#breadcrumb\",\"itemListElement\":[{\"@type\":\"ListItem\",\"position\":1,\"name\":\"Inicio\",\"item\":\"https:\\\/\\\/vocesdelacomuna15.com.ar\\\/press\\\/\"},{\"@type\":\"ListItem\",\"position\":2,\"name\":\"Entrevista a Norberto Zanzi, presidente de la Asociaci\u00f3n Cultural Deportiva y Biblioteca Popular Florencio S\u00e1nchez\"}]},{\"@type\":\"WebSite\",\"@id\":\"https:\\\/\\\/vocesdelacomuna15.com.ar\\\/press\\\/#website\",\"url\":\"https:\\\/\\\/vocesdelacomuna15.com.ar\\\/press\\\/\",\"name\":\"Voces de la Comuna 15\",\"description\":\"Sitio web de noticias\",\"publisher\":{\"@id\":\"https:\\\/\\\/vocesdelacomuna15.com.ar\\\/press\\\/#organization\"},\"potentialAction\":[{\"@type\":\"SearchAction\",\"target\":{\"@type\":\"EntryPoint\",\"urlTemplate\":\"https:\\\/\\\/vocesdelacomuna15.com.ar\\\/press\\\/?s={search_term_string}\"},\"query-input\":{\"@type\":\"PropertyValueSpecification\",\"valueRequired\":true,\"valueName\":\"search_term_string\"}}],\"inLanguage\":\"es-AR\"},{\"@type\":\"Organization\",\"@id\":\"https:\\\/\\\/vocesdelacomuna15.com.ar\\\/press\\\/#organization\",\"name\":\"Voces de la Comuna 15\",\"url\":\"https:\\\/\\\/vocesdelacomuna15.com.ar\\\/press\\\/\",\"logo\":{\"@type\":\"ImageObject\",\"inLanguage\":\"es-AR\",\"@id\":\"https:\\\/\\\/vocesdelacomuna15.com.ar\\\/press\\\/#\\\/schema\\\/logo\\\/image\\\/\",\"url\":\"https:\\\/\\\/vocesdelacomuna15.com.ar\\\/wp-content\\\/uploads\\\/2024\\\/12\\\/cropped-logo_voces.jpg\",\"contentUrl\":\"https:\\\/\\\/vocesdelacomuna15.com.ar\\\/wp-content\\\/uploads\\\/2024\\\/12\\\/cropped-logo_voces.jpg\",\"width\":512,\"height\":512,\"caption\":\"Voces de la Comuna 15\"},\"image\":{\"@id\":\"https:\\\/\\\/vocesdelacomuna15.com.ar\\\/press\\\/#\\\/schema\\\/logo\\\/image\\\/\"},\"sameAs\":[\"https:\\\/\\\/www.facebook.com\\\/VocesComuna15\\\/\",\"https:\\\/\\\/x.com\\\/vocescomuna15\"]},{\"@type\":\"Person\",\"@id\":\"https:\\\/\\\/vocesdelacomuna15.com.ar\\\/press\\\/#\\\/schema\\\/person\\\/4739e109db25d799cd3d139eeb509e43\",\"name\":\"Federico Arguto\",\"image\":{\"@type\":\"ImageObject\",\"inLanguage\":\"es-AR\",\"@id\":\"https:\\\/\\\/vocesdelacomuna15.com.ar\\\/wp-content\\\/litespeed\\\/avatar\\\/82faf979976f1bae889b8b71f8a0a7e5.jpg?ver=1777419741\",\"url\":\"https:\\\/\\\/vocesdelacomuna15.com.ar\\\/wp-content\\\/litespeed\\\/avatar\\\/82faf979976f1bae889b8b71f8a0a7e5.jpg?ver=1777419741\",\"contentUrl\":\"https:\\\/\\\/vocesdelacomuna15.com.ar\\\/wp-content\\\/litespeed\\\/avatar\\\/82faf979976f1bae889b8b71f8a0a7e5.jpg?ver=1777419741\",\"caption\":\"Federico Arguto\"},\"url\":\"https:\\\/\\\/vocesdelacomuna15.com.ar\\\/press\\\/author\\\/fede\\\/\"}]}<\/script>\n<!-- \/ Yoast SEO plugin. -->","yoast_head_json":{"title":"Entrevista a Norberto Zanzi, presidente de la Asociaci\u00f3n Cultural Deportiva y Biblioteca Popular Florencio S\u00e1nchez - Voces de la Comuna 15","description":"Voces de la Comuna 15","robots":{"index":"index","follow":"follow","max-snippet":"max-snippet:-1","max-image-preview":"max-image-preview:large","max-video-preview":"max-video-preview:-1"},"canonical":"https:\/\/vocesdelacomuna15.com.ar\/press\/entrevista-a-norberto-zanzi-presidente-de-la-asociacion-cultural-deportiva-y-biblioteca-popular-florencio-sanchez\/","og_locale":"es_ES","og_type":"article","og_title":"Entrevista a Norberto Zanzi, presidente de la Asociaci\u00f3n Cultural Deportiva y Biblioteca Popular Florencio S\u00e1nchez - Voces de la Comuna 15","og_description":"Voces de la Comuna 15","og_url":"https:\/\/vocesdelacomuna15.com.ar\/press\/entrevista-a-norberto-zanzi-presidente-de-la-asociacion-cultural-deportiva-y-biblioteca-popular-florencio-sanchez\/","og_site_name":"Voces de la Comuna 15","article_publisher":"https:\/\/www.facebook.com\/VocesComuna15\/","article_published_time":"2023-05-27T19:29:36+00:00","article_modified_time":"2023-05-29T13:57:05+00:00","og_image":[{"width":780,"height":1040,"url":"https:\/\/vocesdelacomuna15.com.ar\/wp-content\/uploads\/2023\/05\/2-1.jpg","type":"image\/jpeg"}],"author":"Federico Arguto","twitter_card":"summary_large_image","twitter_creator":"@vocescomuna15","twitter_site":"@vocescomuna15","twitter_misc":{"Escrito por":"Federico Arguto","Tiempo de lectura":"8 minutos"},"schema":{"@context":"https:\/\/schema.org","@graph":[{"@type":"Article","@id":"https:\/\/vocesdelacomuna15.com.ar\/press\/entrevista-a-norberto-zanzi-presidente-de-la-asociacion-cultural-deportiva-y-biblioteca-popular-florencio-sanchez\/#article","isPartOf":{"@id":"https:\/\/vocesdelacomuna15.com.ar\/press\/entrevista-a-norberto-zanzi-presidente-de-la-asociacion-cultural-deportiva-y-biblioteca-popular-florencio-sanchez\/"},"author":{"name":"Federico Arguto","@id":"https:\/\/vocesdelacomuna15.com.ar\/press\/#\/schema\/person\/4739e109db25d799cd3d139eeb509e43"},"headline":"Entrevista a Norberto Zanzi, presidente de la Asociaci\u00f3n Cultural Deportiva y Biblioteca Popular Florencio S\u00e1nchez","datePublished":"2023-05-27T19:29:36+00:00","dateModified":"2023-05-29T13:57:05+00:00","mainEntityOfPage":{"@id":"https:\/\/vocesdelacomuna15.com.ar\/press\/entrevista-a-norberto-zanzi-presidente-de-la-asociacion-cultural-deportiva-y-biblioteca-popular-florencio-sanchez\/"},"wordCount":1555,"publisher":{"@id":"https:\/\/vocesdelacomuna15.com.ar\/press\/#organization"},"image":{"@id":"https:\/\/vocesdelacomuna15.com.ar\/press\/entrevista-a-norberto-zanzi-presidente-de-la-asociacion-cultural-deportiva-y-biblioteca-popular-florencio-sanchez\/#primaryimage"},"thumbnailUrl":"https:\/\/vocesdelacomuna15.com.ar\/wp-content\/uploads\/2023\/05\/2-1.jpg","articleSection":["La Paternal","Sociedad"],"inLanguage":"es-AR"},{"@type":"WebPage","@id":"https:\/\/vocesdelacomuna15.com.ar\/press\/entrevista-a-norberto-zanzi-presidente-de-la-asociacion-cultural-deportiva-y-biblioteca-popular-florencio-sanchez\/","url":"https:\/\/vocesdelacomuna15.com.ar\/press\/entrevista-a-norberto-zanzi-presidente-de-la-asociacion-cultural-deportiva-y-biblioteca-popular-florencio-sanchez\/","name":"Entrevista a Norberto Zanzi, presidente de la Asociaci\u00f3n Cultural Deportiva y Biblioteca Popular Florencio S\u00e1nchez - Voces de la Comuna 15","isPartOf":{"@id":"https:\/\/vocesdelacomuna15.com.ar\/press\/#website"},"primaryImageOfPage":{"@id":"https:\/\/vocesdelacomuna15.com.ar\/press\/entrevista-a-norberto-zanzi-presidente-de-la-asociacion-cultural-deportiva-y-biblioteca-popular-florencio-sanchez\/#primaryimage"},"image":{"@id":"https:\/\/vocesdelacomuna15.com.ar\/press\/entrevista-a-norberto-zanzi-presidente-de-la-asociacion-cultural-deportiva-y-biblioteca-popular-florencio-sanchez\/#primaryimage"},"thumbnailUrl":"https:\/\/vocesdelacomuna15.com.ar\/wp-content\/uploads\/2023\/05\/2-1.jpg","datePublished":"2023-05-27T19:29:36+00:00","dateModified":"2023-05-29T13:57:05+00:00","description":"Voces de la Comuna 15","breadcrumb":{"@id":"https:\/\/vocesdelacomuna15.com.ar\/press\/entrevista-a-norberto-zanzi-presidente-de-la-asociacion-cultural-deportiva-y-biblioteca-popular-florencio-sanchez\/#breadcrumb"},"inLanguage":"es-AR","potentialAction":[{"@type":"ReadAction","target":["https:\/\/vocesdelacomuna15.com.ar\/press\/entrevista-a-norberto-zanzi-presidente-de-la-asociacion-cultural-deportiva-y-biblioteca-popular-florencio-sanchez\/"]}]},{"@type":"ImageObject","inLanguage":"es-AR","@id":"https:\/\/vocesdelacomuna15.com.ar\/press\/entrevista-a-norberto-zanzi-presidente-de-la-asociacion-cultural-deportiva-y-biblioteca-popular-florencio-sanchez\/#primaryimage","url":"https:\/\/vocesdelacomuna15.com.ar\/wp-content\/uploads\/2023\/05\/2-1.jpg","contentUrl":"https:\/\/vocesdelacomuna15.com.ar\/wp-content\/uploads\/2023\/05\/2-1.jpg","width":780,"height":1040},{"@type":"BreadcrumbList","@id":"https:\/\/vocesdelacomuna15.com.ar\/press\/entrevista-a-norberto-zanzi-presidente-de-la-asociacion-cultural-deportiva-y-biblioteca-popular-florencio-sanchez\/#breadcrumb","itemListElement":[{"@type":"ListItem","position":1,"name":"Inicio","item":"https:\/\/vocesdelacomuna15.com.ar\/press\/"},{"@type":"ListItem","position":2,"name":"Entrevista a Norberto Zanzi, presidente de la Asociaci\u00f3n Cultural Deportiva y Biblioteca Popular Florencio S\u00e1nchez"}]},{"@type":"WebSite","@id":"https:\/\/vocesdelacomuna15.com.ar\/press\/#website","url":"https:\/\/vocesdelacomuna15.com.ar\/press\/","name":"Voces de la Comuna 15","description":"Sitio web de noticias","publisher":{"@id":"https:\/\/vocesdelacomuna15.com.ar\/press\/#organization"},"potentialAction":[{"@type":"SearchAction","target":{"@type":"EntryPoint","urlTemplate":"https:\/\/vocesdelacomuna15.com.ar\/press\/?s={search_term_string}"},"query-input":{"@type":"PropertyValueSpecification","valueRequired":true,"valueName":"search_term_string"}}],"inLanguage":"es-AR"},{"@type":"Organization","@id":"https:\/\/vocesdelacomuna15.com.ar\/press\/#organization","name":"Voces de la Comuna 15","url":"https:\/\/vocesdelacomuna15.com.ar\/press\/","logo":{"@type":"ImageObject","inLanguage":"es-AR","@id":"https:\/\/vocesdelacomuna15.com.ar\/press\/#\/schema\/logo\/image\/","url":"https:\/\/vocesdelacomuna15.com.ar\/wp-content\/uploads\/2024\/12\/cropped-logo_voces.jpg","contentUrl":"https:\/\/vocesdelacomuna15.com.ar\/wp-content\/uploads\/2024\/12\/cropped-logo_voces.jpg","width":512,"height":512,"caption":"Voces de la Comuna 15"},"image":{"@id":"https:\/\/vocesdelacomuna15.com.ar\/press\/#\/schema\/logo\/image\/"},"sameAs":["https:\/\/www.facebook.com\/VocesComuna15\/","https:\/\/x.com\/vocescomuna15"]},{"@type":"Person","@id":"https:\/\/vocesdelacomuna15.com.ar\/press\/#\/schema\/person\/4739e109db25d799cd3d139eeb509e43","name":"Federico Arguto","image":{"@type":"ImageObject","inLanguage":"es-AR","@id":"https:\/\/vocesdelacomuna15.com.ar\/wp-content\/litespeed\/avatar\/82faf979976f1bae889b8b71f8a0a7e5.jpg?ver=1777419741","url":"https:\/\/vocesdelacomuna15.com.ar\/wp-content\/litespeed\/avatar\/82faf979976f1bae889b8b71f8a0a7e5.jpg?ver=1777419741","contentUrl":"https:\/\/vocesdelacomuna15.com.ar\/wp-content\/litespeed\/avatar\/82faf979976f1bae889b8b71f8a0a7e5.jpg?ver=1777419741","caption":"Federico Arguto"},"url":"https:\/\/vocesdelacomuna15.com.ar\/press\/author\/fede\/"}]}},"_links":{"self":[{"href":"https:\/\/vocesdelacomuna15.com.ar\/press\/wp-json\/wp\/v2\/posts\/60011","targetHints":{"allow":["GET"]}}],"collection":[{"href":"https:\/\/vocesdelacomuna15.com.ar\/press\/wp-json\/wp\/v2\/posts"}],"about":[{"href":"https:\/\/vocesdelacomuna15.com.ar\/press\/wp-json\/wp\/v2\/types\/post"}],"author":[{"embeddable":true,"href":"https:\/\/vocesdelacomuna15.com.ar\/press\/wp-json\/wp\/v2\/users\/2"}],"replies":[{"embeddable":true,"href":"https:\/\/vocesdelacomuna15.com.ar\/press\/wp-json\/wp\/v2\/comments?post=60011"}],"version-history":[{"count":3,"href":"https:\/\/vocesdelacomuna15.com.ar\/press\/wp-json\/wp\/v2\/posts\/60011\/revisions"}],"predecessor-version":[{"id":60023,"href":"https:\/\/vocesdelacomuna15.com.ar\/press\/wp-json\/wp\/v2\/posts\/60011\/revisions\/60023"}],"wp:featuredmedia":[{"embeddable":true,"href":"https:\/\/vocesdelacomuna15.com.ar\/press\/wp-json\/wp\/v2\/media\/60020"}],"wp:attachment":[{"href":"https:\/\/vocesdelacomuna15.com.ar\/press\/wp-json\/wp\/v2\/media?parent=60011"}],"wp:term":[{"taxonomy":"category","embeddable":true,"href":"https:\/\/vocesdelacomuna15.com.ar\/press\/wp-json\/wp\/v2\/categories?post=60011"},{"taxonomy":"post_tag","embeddable":true,"href":"https:\/\/vocesdelacomuna15.com.ar\/press\/wp-json\/wp\/v2\/tags?post=60011"}],"curies":[{"name":"wp","href":"https:\/\/api.w.org\/{rel}","templated":true}]}}