{"id":60007,"date":"2023-05-26T18:12:38","date_gmt":"2023-05-26T21:12:38","guid":{"rendered":"https:\/\/vocesdelacomuna15.com.ar\/wordpress\/?p=60007"},"modified":"2023-05-27T16:35:26","modified_gmt":"2023-05-27T19:35:26","slug":"copa-libertadores-argentinos-igualo-con-corinthians-y-quedo-cerca-de-la-clasificacion","status":"publish","type":"post","link":"https:\/\/vocesdelacomuna15.com.ar\/press\/copa-libertadores-argentinos-igualo-con-corinthians-y-quedo-cerca-de-la-clasificacion\/","title":{"rendered":"Copa Libertadores: Argentinos igual\u00f3 con Corinthians y qued\u00f3 cerca de la clasificaci\u00f3n"},"content":{"rendered":"\n<p>Fue 0-0 en La Paternal. Si bien no se logr\u00f3 el pasaje a octavos, el \u201cBicho\u201d qued\u00f3 muy cerca<\/p>\n\n\n\n<p>En un partido parejo, friccionado y jugado tras un diluvio, el mi\u00e9rcoles por la noche, Argentinos y Corinthians igualaron sin goles en un Diego Armando Maradona casi colmado. &nbsp;Si bien el \u201cBicho\u201d tuvo m\u00e1s la pelota y mas aproximaciones, las claras en el partido fueron muy pocas.<\/p>\n\n\n\n<p>Quiz\u00e1s el momento en el que Argentinos se acerc\u00f3 m\u00e1s al gol en el partido, lleg\u00f3 en el primer tiempo tras un quite de Francisco Gonz\u00e1lez Metilli dentro del \u00e1rea, que gener\u00f3 un centro que la defensa de Corinthians rechaz\u00f3 defectuosamente, terminando casi en gol en contra. El \u201cBicho\u201d tuvo otras aproximaciones, como un remate de media distancia de Miguel Torr\u00e9n que tap\u00f3 el arquero Carlos Miguel o un remate cruzado de Javier Cabrera que se fue por encima del travesa\u00f1o. Los brasile\u00f1os tuvieron una que pas\u00f3 muy cerca tras un centro desde la derecha que fue conectado dentro del \u00e1rea, pasando el remate por encima del travesa\u00f1o. El Corinthians sufri\u00f3 la lesi\u00f3n de una de sus figuras, Paulinho, el ex Barcelona, a los 27 minutos, siendo reemplazado por Roni.<\/p>\n\n\n\n<figure class=\"wp-block-image size-large\"><img loading=\"lazy\" decoding=\"async\" width=\"1024\" height=\"682\" src=\"https:\/\/vocesdelacomuna15.com.ar\/wordpress\/wp-content\/uploads\/2023\/05\/metilli-1024x682.jpg\" alt=\"\" class=\"wp-image-60009\" srcset=\"https:\/\/vocesdelacomuna15.com.ar\/wp-content\/uploads\/2023\/05\/metilli-1024x682.jpg 1024w, https:\/\/vocesdelacomuna15.com.ar\/wp-content\/uploads\/2023\/05\/metilli-300x200.jpg 300w, https:\/\/vocesdelacomuna15.com.ar\/wp-content\/uploads\/2023\/05\/metilli-768x512.jpg 768w, https:\/\/vocesdelacomuna15.com.ar\/wp-content\/uploads\/2023\/05\/metilli-1536x1023.jpg 1536w, https:\/\/vocesdelacomuna15.com.ar\/wp-content\/uploads\/2023\/05\/metilli-1080x720.jpg 1080w, https:\/\/vocesdelacomuna15.com.ar\/wp-content\/uploads\/2023\/05\/metilli.jpg 1600w\" sizes=\"(max-width: 1024px) 100vw, 1024px\" \/><figcaption class=\"wp-element-caption\">Francisco Gonz\u00e1lez Metilli se lleva la pelota ante Fausto Vera, ex &#8220;Bicho&#8221;<\/figcaption><\/figure>\n\n\n\n<p>El segundo tiempo fue con menos llegadas. Argentinos en el comienzo perdi\u00f3 la pelota, aunque mejor\u00f3 sobre el final, pese a la expulsi\u00f3n del ingresado Thiago Nuss a los 77 minutos por un codazo. Casi en el cierre del partido, tuvo una m\u00e1s Leonardo Heredia que defini\u00f3 desviado.<\/p>\n\n\n\n<p>Fue empate sin goles y si bien el resultado no le pudo dar la clasificaci\u00f3n al \u201cBicho\u201d para los octavos de final de la Copa Libertadores, qued\u00f3 muy cerca. Ahora en el Grupo \u201cE\u201d Argentinos tiene 8 puntos, Independiente del Valle 6 y Liverpool y Corinthians tienen 4. En la pr\u00f3xima fecha, Argentinos recibir\u00e1 a Liverpool de Uruguay (el mi\u00e9rcoles 7 de junio a las 19 horas), que viene de ganarle como local a Independiente del Valle por 1 a 0. De ganar el \u201cBicho\u201d quedar\u00e1 entre los 2 primeros del grupo y clasificado a los octavos de final.<\/p>\n\n\n\n<p>Ante Corinthians, Argentinos form\u00f3 con Mart\u00edn Arias; Kevin Mac Allister, Torr\u00e9n, Leonel Gonz\u00e1lez; Fabricio Dom\u00ednguez, Alan Rodr\u00edguez, Moyano, Gonz\u00e1lez Metilli, Montiel; Cabrera y Ver\u00f3n. Ingresaron en el equipo dirigido por Gabriel Milito, Heredia por Dom\u00ednguez a los 55 minutos, Nuss por Ver\u00f3n a los 66, Luciano S\u00e1nchez por Gonz\u00e1lez y Minissale por Montiel a los 93.<\/p>\n\n\n\n<p>Resumen del Partido (Fuente: Conmebol Libertadores- You Tube):<\/p>\n\n\n\n<figure class=\"wp-block-embed is-type-video is-provider-youtube wp-block-embed-youtube wp-embed-aspect-16-9 wp-has-aspect-ratio\"><div class=\"wp-block-embed__wrapper\">\n<iframe loading=\"lazy\" title=\"ARGENTINOS JUNIORS vs. CORINTHIANS | HIGHLIGHTS | CONMEBOL LIBERTADORES 2023\" width=\"1080\" height=\"608\" src=\"https:\/\/www.youtube.com\/embed\/6xLDiT56YdI?feature=oembed\" frameborder=\"0\" allow=\"accelerometer; autoplay; clipboard-write; encrypted-media; gyroscope; picture-in-picture; web-share\" allowfullscreen><\/iframe>\n<\/div><\/figure>\n\n\n\n<p>Conferencia de Prensa de Gabriel Milito y Franco Moyano (Fuente: Argentinos Juniors- You Tube):<\/p>\n\n\n\n<figure class=\"wp-block-embed is-type-video is-provider-youtube wp-block-embed-youtube wp-embed-aspect-16-9 wp-has-aspect-ratio\"><div class=\"wp-block-embed__wrapper\">\n<iframe loading=\"lazy\" title=\"CONFERENCIA: Gabriel MILITO y Franco MOYANO vs. Corinthians ?? \/ Copa Libertadores 2023 ?\" width=\"1080\" height=\"608\" src=\"https:\/\/www.youtube.com\/embed\/0DRJQ0AKyhY?feature=oembed\" frameborder=\"0\" allow=\"accelerometer; autoplay; clipboard-write; encrypted-media; gyroscope; picture-in-picture; web-share\" allowfullscreen><\/iframe>\n<\/div><\/figure>\n\n\n\n<p>Fotos: Prensa AAAJ<\/p>\n<div class=\"pvc_clear\"><\/div><p id=\"pvc_stats_60007\" class=\"pvc_stats all  \" data-element-id=\"60007\" style=\"\"><i class=\"pvc-stats-icon small\" aria-hidden=\"true\"><svg aria-hidden=\"true\" focusable=\"false\" data-prefix=\"far\" data-icon=\"chart-bar\" role=\"img\" xmlns=\"http:\/\/www.w3.org\/2000\/svg\" viewBox=\"0 0 512 512\" class=\"svg-inline--fa fa-chart-bar fa-w-16 fa-2x\"><path fill=\"currentColor\" d=\"M396.8 352h22.4c6.4 0 12.8-6.4 12.8-12.8V108.8c0-6.4-6.4-12.8-12.8-12.8h-22.4c-6.4 0-12.8 6.4-12.8 12.8v230.4c0 6.4 6.4 12.8 12.8 12.8zm-192 0h22.4c6.4 0 12.8-6.4 12.8-12.8V140.8c0-6.4-6.4-12.8-12.8-12.8h-22.4c-6.4 0-12.8 6.4-12.8 12.8v198.4c0 6.4 6.4 12.8 12.8 12.8zm96 0h22.4c6.4 0 12.8-6.4 12.8-12.8V204.8c0-6.4-6.4-12.8-12.8-12.8h-22.4c-6.4 0-12.8 6.4-12.8 12.8v134.4c0 6.4 6.4 12.8 12.8 12.8zM496 400H48V80c0-8.84-7.16-16-16-16H16C7.16 64 0 71.16 0 80v336c0 17.67 14.33 32 32 32h464c8.84 0 16-7.16 16-16v-16c0-8.84-7.16-16-16-16zm-387.2-48h22.4c6.4 0 12.8-6.4 12.8-12.8v-70.4c0-6.4-6.4-12.8-12.8-12.8h-22.4c-6.4 0-12.8 6.4-12.8 12.8v70.4c0 6.4 6.4 12.8 12.8 12.8z\" class=\"\"><\/path><\/svg><\/i> <img loading=\"lazy\" decoding=\"async\" width=\"16\" height=\"16\" alt=\"Loading\" src=\"https:\/\/vocesdelacomuna15.com.ar\/wp-content\/plugins\/page-views-count\/ajax-loader-2x.gif\" border=0 \/><\/p><div class=\"pvc_clear\"><\/div>","protected":false},"excerpt":{"rendered":"<p>Fue 0-0 en La Paternal. Si bien no se logr\u00f3 el pasaje a octavos, el \u201cBicho\u201d qued\u00f3 muy cerca En un partido parejo, friccionado y jugado tras un diluvio, el mi\u00e9rcoles por la noche, Argentinos y Corinthians igualaron sin goles en un Diego Armando Maradona casi colmado. &nbsp;Si bien el \u201cBicho\u201d tuvo m\u00e1s la pelota [&hellip;]<\/p>\n<div class=\"pvc_clear\"><\/div>\n<p id=\"pvc_stats_60007\" class=\"pvc_stats all  \" data-element-id=\"60007\" style=\"\"><i class=\"pvc-stats-icon small\" aria-hidden=\"true\"><svg aria-hidden=\"true\" focusable=\"false\" data-prefix=\"far\" data-icon=\"chart-bar\" role=\"img\" xmlns=\"http:\/\/www.w3.org\/2000\/svg\" viewBox=\"0 0 512 512\" class=\"svg-inline--fa fa-chart-bar fa-w-16 fa-2x\"><path fill=\"currentColor\" d=\"M396.8 352h22.4c6.4 0 12.8-6.4 12.8-12.8V108.8c0-6.4-6.4-12.8-12.8-12.8h-22.4c-6.4 0-12.8 6.4-12.8 12.8v230.4c0 6.4 6.4 12.8 12.8 12.8zm-192 0h22.4c6.4 0 12.8-6.4 12.8-12.8V140.8c0-6.4-6.4-12.8-12.8-12.8h-22.4c-6.4 0-12.8 6.4-12.8 12.8v198.4c0 6.4 6.4 12.8 12.8 12.8zm96 0h22.4c6.4 0 12.8-6.4 12.8-12.8V204.8c0-6.4-6.4-12.8-12.8-12.8h-22.4c-6.4 0-12.8 6.4-12.8 12.8v134.4c0 6.4 6.4 12.8 12.8 12.8zM496 400H48V80c0-8.84-7.16-16-16-16H16C7.16 64 0 71.16 0 80v336c0 17.67 14.33 32 32 32h464c8.84 0 16-7.16 16-16v-16c0-8.84-7.16-16-16-16zm-387.2-48h22.4c6.4 0 12.8-6.4 12.8-12.8v-70.4c0-6.4-6.4-12.8-12.8-12.8h-22.4c-6.4 0-12.8 6.4-12.8 12.8v70.4c0 6.4 6.4 12.8 12.8 12.8z\" class=\"\"><\/path><\/svg><\/i> <img loading=\"lazy\" decoding=\"async\" width=\"16\" height=\"16\" alt=\"Loading\" src=\"https:\/\/vocesdelacomuna15.com.ar\/wp-content\/plugins\/page-views-count\/ajax-loader-2x.gif\" border=0 \/><\/p>\n<div class=\"pvc_clear\"><\/div>\n","protected":false},"author":2,"featured_media":60008,"comment_status":"closed","ping_status":"open","sticky":false,"template":"","format":"standard","meta":{"_et_pb_use_builder":"","_et_pb_old_content":"","_et_gb_content_width":"","footnotes":""},"categories":[27,29],"tags":[],"class_list":["post-60007","post","type-post","status-publish","format-standard","has-post-thumbnail","hentry","category-deportes","category-lapa","et-has-post-format-content","et_post_format-et-post-format-standard"],"a3_pvc":{"activated":true,"total_views":41,"today_views":0},"yoast_head":"<!-- This site is optimized with the Yoast SEO plugin v27.5 - https:\/\/yoast.com\/product\/yoast-seo-wordpress\/ -->\n<title>Copa Libertadores: Argentinos igual\u00f3 con Corinthians y qued\u00f3 cerca de la clasificaci\u00f3n - Voces de la Comuna 15<\/title>\n<meta name=\"description\" content=\"Voces de la Comuna 15\" \/>\n<meta name=\"robots\" content=\"index, follow, max-snippet:-1, max-image-preview:large, max-video-preview:-1\" \/>\n<link rel=\"canonical\" href=\"https:\/\/vocesdelacomuna15.com.ar\/press\/copa-libertadores-argentinos-igualo-con-corinthians-y-quedo-cerca-de-la-clasificacion\/\" \/>\n<meta property=\"og:locale\" content=\"es_ES\" \/>\n<meta property=\"og:type\" content=\"article\" \/>\n<meta property=\"og:title\" content=\"Copa Libertadores: Argentinos igual\u00f3 con Corinthians y qued\u00f3 cerca de la clasificaci\u00f3n - Voces de la Comuna 15\" \/>\n<meta property=\"og:description\" content=\"Voces de la Comuna 15\" \/>\n<meta property=\"og:url\" content=\"https:\/\/vocesdelacomuna15.com.ar\/press\/copa-libertadores-argentinos-igualo-con-corinthians-y-quedo-cerca-de-la-clasificacion\/\" \/>\n<meta property=\"og:site_name\" content=\"Voces de la Comuna 15\" \/>\n<meta property=\"article:publisher\" content=\"https:\/\/www.facebook.com\/VocesComuna15\/\" \/>\n<meta property=\"article:published_time\" content=\"2023-05-26T21:12:38+00:00\" \/>\n<meta property=\"article:modified_time\" content=\"2023-05-27T19:35:26+00:00\" \/>\n<meta property=\"og:image\" content=\"https:\/\/vocesdelacomuna15.com.ar\/wp-content\/uploads\/2023\/05\/cabrera.jpg\" \/>\n\t<meta property=\"og:image:width\" content=\"1600\" \/>\n\t<meta property=\"og:image:height\" content=\"1067\" \/>\n\t<meta property=\"og:image:type\" content=\"image\/jpeg\" \/>\n<meta name=\"author\" content=\"Federico Arguto\" \/>\n<meta name=\"twitter:card\" content=\"summary_large_image\" \/>\n<meta name=\"twitter:creator\" content=\"@vocescomuna15\" \/>\n<meta name=\"twitter:site\" content=\"@vocescomuna15\" \/>\n<meta name=\"twitter:label1\" content=\"Escrito por\" \/>\n\t<meta name=\"twitter:data1\" content=\"Federico Arguto\" \/>\n\t<meta name=\"twitter:label2\" content=\"Tiempo de lectura\" \/>\n\t<meta name=\"twitter:data2\" content=\"2 minutos\" \/>\n<script type=\"application\/ld+json\" class=\"yoast-schema-graph\">{\"@context\":\"https:\\\/\\\/schema.org\",\"@graph\":[{\"@type\":\"Article\",\"@id\":\"https:\\\/\\\/vocesdelacomuna15.com.ar\\\/press\\\/copa-libertadores-argentinos-igualo-con-corinthians-y-quedo-cerca-de-la-clasificacion\\\/#article\",\"isPartOf\":{\"@id\":\"https:\\\/\\\/vocesdelacomuna15.com.ar\\\/press\\\/copa-libertadores-argentinos-igualo-con-corinthians-y-quedo-cerca-de-la-clasificacion\\\/\"},\"author\":{\"name\":\"Federico Arguto\",\"@id\":\"https:\\\/\\\/vocesdelacomuna15.com.ar\\\/press\\\/#\\\/schema\\\/person\\\/4739e109db25d799cd3d139eeb509e43\"},\"headline\":\"Copa Libertadores: Argentinos igual\u00f3 con Corinthians y qued\u00f3 cerca de la clasificaci\u00f3n\",\"datePublished\":\"2023-05-26T21:12:38+00:00\",\"dateModified\":\"2023-05-27T19:35:26+00:00\",\"mainEntityOfPage\":{\"@id\":\"https:\\\/\\\/vocesdelacomuna15.com.ar\\\/press\\\/copa-libertadores-argentinos-igualo-con-corinthians-y-quedo-cerca-de-la-clasificacion\\\/\"},\"wordCount\":480,\"publisher\":{\"@id\":\"https:\\\/\\\/vocesdelacomuna15.com.ar\\\/press\\\/#organization\"},\"image\":{\"@id\":\"https:\\\/\\\/vocesdelacomuna15.com.ar\\\/press\\\/copa-libertadores-argentinos-igualo-con-corinthians-y-quedo-cerca-de-la-clasificacion\\\/#primaryimage\"},\"thumbnailUrl\":\"https:\\\/\\\/vocesdelacomuna15.com.ar\\\/wp-content\\\/uploads\\\/2023\\\/05\\\/cabrera.jpg\",\"articleSection\":[\"Deportes\",\"La Paternal\"],\"inLanguage\":\"es-AR\"},{\"@type\":\"WebPage\",\"@id\":\"https:\\\/\\\/vocesdelacomuna15.com.ar\\\/press\\\/copa-libertadores-argentinos-igualo-con-corinthians-y-quedo-cerca-de-la-clasificacion\\\/\",\"url\":\"https:\\\/\\\/vocesdelacomuna15.com.ar\\\/press\\\/copa-libertadores-argentinos-igualo-con-corinthians-y-quedo-cerca-de-la-clasificacion\\\/\",\"name\":\"Copa Libertadores: Argentinos igual\u00f3 con Corinthians y qued\u00f3 cerca de la clasificaci\u00f3n - Voces de la Comuna 15\",\"isPartOf\":{\"@id\":\"https:\\\/\\\/vocesdelacomuna15.com.ar\\\/press\\\/#website\"},\"primaryImageOfPage\":{\"@id\":\"https:\\\/\\\/vocesdelacomuna15.com.ar\\\/press\\\/copa-libertadores-argentinos-igualo-con-corinthians-y-quedo-cerca-de-la-clasificacion\\\/#primaryimage\"},\"image\":{\"@id\":\"https:\\\/\\\/vocesdelacomuna15.com.ar\\\/press\\\/copa-libertadores-argentinos-igualo-con-corinthians-y-quedo-cerca-de-la-clasificacion\\\/#primaryimage\"},\"thumbnailUrl\":\"https:\\\/\\\/vocesdelacomuna15.com.ar\\\/wp-content\\\/uploads\\\/2023\\\/05\\\/cabrera.jpg\",\"datePublished\":\"2023-05-26T21:12:38+00:00\",\"dateModified\":\"2023-05-27T19:35:26+00:00\",\"description\":\"Voces de la Comuna 15\",\"breadcrumb\":{\"@id\":\"https:\\\/\\\/vocesdelacomuna15.com.ar\\\/press\\\/copa-libertadores-argentinos-igualo-con-corinthians-y-quedo-cerca-de-la-clasificacion\\\/#breadcrumb\"},\"inLanguage\":\"es-AR\",\"potentialAction\":[{\"@type\":\"ReadAction\",\"target\":[\"https:\\\/\\\/vocesdelacomuna15.com.ar\\\/press\\\/copa-libertadores-argentinos-igualo-con-corinthians-y-quedo-cerca-de-la-clasificacion\\\/\"]}]},{\"@type\":\"ImageObject\",\"inLanguage\":\"es-AR\",\"@id\":\"https:\\\/\\\/vocesdelacomuna15.com.ar\\\/press\\\/copa-libertadores-argentinos-igualo-con-corinthians-y-quedo-cerca-de-la-clasificacion\\\/#primaryimage\",\"url\":\"https:\\\/\\\/vocesdelacomuna15.com.ar\\\/wp-content\\\/uploads\\\/2023\\\/05\\\/cabrera.jpg\",\"contentUrl\":\"https:\\\/\\\/vocesdelacomuna15.com.ar\\\/wp-content\\\/uploads\\\/2023\\\/05\\\/cabrera.jpg\",\"width\":1600,\"height\":1067},{\"@type\":\"BreadcrumbList\",\"@id\":\"https:\\\/\\\/vocesdelacomuna15.com.ar\\\/press\\\/copa-libertadores-argentinos-igualo-con-corinthians-y-quedo-cerca-de-la-clasificacion\\\/#breadcrumb\",\"itemListElement\":[{\"@type\":\"ListItem\",\"position\":1,\"name\":\"Inicio\",\"item\":\"https:\\\/\\\/vocesdelacomuna15.com.ar\\\/press\\\/\"},{\"@type\":\"ListItem\",\"position\":2,\"name\":\"Copa Libertadores: Argentinos igual\u00f3 con Corinthians y qued\u00f3 cerca de la clasificaci\u00f3n\"}]},{\"@type\":\"WebSite\",\"@id\":\"https:\\\/\\\/vocesdelacomuna15.com.ar\\\/press\\\/#website\",\"url\":\"https:\\\/\\\/vocesdelacomuna15.com.ar\\\/press\\\/\",\"name\":\"Voces de la Comuna 15\",\"description\":\"Sitio web de noticias\",\"publisher\":{\"@id\":\"https:\\\/\\\/vocesdelacomuna15.com.ar\\\/press\\\/#organization\"},\"potentialAction\":[{\"@type\":\"SearchAction\",\"target\":{\"@type\":\"EntryPoint\",\"urlTemplate\":\"https:\\\/\\\/vocesdelacomuna15.com.ar\\\/press\\\/?s={search_term_string}\"},\"query-input\":{\"@type\":\"PropertyValueSpecification\",\"valueRequired\":true,\"valueName\":\"search_term_string\"}}],\"inLanguage\":\"es-AR\"},{\"@type\":\"Organization\",\"@id\":\"https:\\\/\\\/vocesdelacomuna15.com.ar\\\/press\\\/#organization\",\"name\":\"Voces de la Comuna 15\",\"url\":\"https:\\\/\\\/vocesdelacomuna15.com.ar\\\/press\\\/\",\"logo\":{\"@type\":\"ImageObject\",\"inLanguage\":\"es-AR\",\"@id\":\"https:\\\/\\\/vocesdelacomuna15.com.ar\\\/press\\\/#\\\/schema\\\/logo\\\/image\\\/\",\"url\":\"https:\\\/\\\/vocesdelacomuna15.com.ar\\\/wp-content\\\/uploads\\\/2024\\\/12\\\/cropped-logo_voces.jpg\",\"contentUrl\":\"https:\\\/\\\/vocesdelacomuna15.com.ar\\\/wp-content\\\/uploads\\\/2024\\\/12\\\/cropped-logo_voces.jpg\",\"width\":512,\"height\":512,\"caption\":\"Voces de la Comuna 15\"},\"image\":{\"@id\":\"https:\\\/\\\/vocesdelacomuna15.com.ar\\\/press\\\/#\\\/schema\\\/logo\\\/image\\\/\"},\"sameAs\":[\"https:\\\/\\\/www.facebook.com\\\/VocesComuna15\\\/\",\"https:\\\/\\\/x.com\\\/vocescomuna15\"]},{\"@type\":\"Person\",\"@id\":\"https:\\\/\\\/vocesdelacomuna15.com.ar\\\/press\\\/#\\\/schema\\\/person\\\/4739e109db25d799cd3d139eeb509e43\",\"name\":\"Federico Arguto\",\"image\":{\"@type\":\"ImageObject\",\"inLanguage\":\"es-AR\",\"@id\":\"https:\\\/\\\/vocesdelacomuna15.com.ar\\\/wp-content\\\/litespeed\\\/avatar\\\/82faf979976f1bae889b8b71f8a0a7e5.jpg?ver=1777419741\",\"url\":\"https:\\\/\\\/vocesdelacomuna15.com.ar\\\/wp-content\\\/litespeed\\\/avatar\\\/82faf979976f1bae889b8b71f8a0a7e5.jpg?ver=1777419741\",\"contentUrl\":\"https:\\\/\\\/vocesdelacomuna15.com.ar\\\/wp-content\\\/litespeed\\\/avatar\\\/82faf979976f1bae889b8b71f8a0a7e5.jpg?ver=1777419741\",\"caption\":\"Federico Arguto\"},\"url\":\"https:\\\/\\\/vocesdelacomuna15.com.ar\\\/press\\\/author\\\/fede\\\/\"}]}<\/script>\n<!-- \/ Yoast SEO plugin. -->","yoast_head_json":{"title":"Copa Libertadores: Argentinos igual\u00f3 con Corinthians y qued\u00f3 cerca de la clasificaci\u00f3n - Voces de la Comuna 15","description":"Voces de la Comuna 15","robots":{"index":"index","follow":"follow","max-snippet":"max-snippet:-1","max-image-preview":"max-image-preview:large","max-video-preview":"max-video-preview:-1"},"canonical":"https:\/\/vocesdelacomuna15.com.ar\/press\/copa-libertadores-argentinos-igualo-con-corinthians-y-quedo-cerca-de-la-clasificacion\/","og_locale":"es_ES","og_type":"article","og_title":"Copa Libertadores: Argentinos igual\u00f3 con Corinthians y qued\u00f3 cerca de la clasificaci\u00f3n - Voces de la Comuna 15","og_description":"Voces de la Comuna 15","og_url":"https:\/\/vocesdelacomuna15.com.ar\/press\/copa-libertadores-argentinos-igualo-con-corinthians-y-quedo-cerca-de-la-clasificacion\/","og_site_name":"Voces de la Comuna 15","article_publisher":"https:\/\/www.facebook.com\/VocesComuna15\/","article_published_time":"2023-05-26T21:12:38+00:00","article_modified_time":"2023-05-27T19:35:26+00:00","og_image":[{"width":1600,"height":1067,"url":"https:\/\/vocesdelacomuna15.com.ar\/wp-content\/uploads\/2023\/05\/cabrera.jpg","type":"image\/jpeg"}],"author":"Federico Arguto","twitter_card":"summary_large_image","twitter_creator":"@vocescomuna15","twitter_site":"@vocescomuna15","twitter_misc":{"Escrito por":"Federico Arguto","Tiempo de lectura":"2 minutos"},"schema":{"@context":"https:\/\/schema.org","@graph":[{"@type":"Article","@id":"https:\/\/vocesdelacomuna15.com.ar\/press\/copa-libertadores-argentinos-igualo-con-corinthians-y-quedo-cerca-de-la-clasificacion\/#article","isPartOf":{"@id":"https:\/\/vocesdelacomuna15.com.ar\/press\/copa-libertadores-argentinos-igualo-con-corinthians-y-quedo-cerca-de-la-clasificacion\/"},"author":{"name":"Federico Arguto","@id":"https:\/\/vocesdelacomuna15.com.ar\/press\/#\/schema\/person\/4739e109db25d799cd3d139eeb509e43"},"headline":"Copa Libertadores: Argentinos igual\u00f3 con Corinthians y qued\u00f3 cerca de la clasificaci\u00f3n","datePublished":"2023-05-26T21:12:38+00:00","dateModified":"2023-05-27T19:35:26+00:00","mainEntityOfPage":{"@id":"https:\/\/vocesdelacomuna15.com.ar\/press\/copa-libertadores-argentinos-igualo-con-corinthians-y-quedo-cerca-de-la-clasificacion\/"},"wordCount":480,"publisher":{"@id":"https:\/\/vocesdelacomuna15.com.ar\/press\/#organization"},"image":{"@id":"https:\/\/vocesdelacomuna15.com.ar\/press\/copa-libertadores-argentinos-igualo-con-corinthians-y-quedo-cerca-de-la-clasificacion\/#primaryimage"},"thumbnailUrl":"https:\/\/vocesdelacomuna15.com.ar\/wp-content\/uploads\/2023\/05\/cabrera.jpg","articleSection":["Deportes","La Paternal"],"inLanguage":"es-AR"},{"@type":"WebPage","@id":"https:\/\/vocesdelacomuna15.com.ar\/press\/copa-libertadores-argentinos-igualo-con-corinthians-y-quedo-cerca-de-la-clasificacion\/","url":"https:\/\/vocesdelacomuna15.com.ar\/press\/copa-libertadores-argentinos-igualo-con-corinthians-y-quedo-cerca-de-la-clasificacion\/","name":"Copa Libertadores: Argentinos igual\u00f3 con Corinthians y qued\u00f3 cerca de la clasificaci\u00f3n - Voces de la Comuna 15","isPartOf":{"@id":"https:\/\/vocesdelacomuna15.com.ar\/press\/#website"},"primaryImageOfPage":{"@id":"https:\/\/vocesdelacomuna15.com.ar\/press\/copa-libertadores-argentinos-igualo-con-corinthians-y-quedo-cerca-de-la-clasificacion\/#primaryimage"},"image":{"@id":"https:\/\/vocesdelacomuna15.com.ar\/press\/copa-libertadores-argentinos-igualo-con-corinthians-y-quedo-cerca-de-la-clasificacion\/#primaryimage"},"thumbnailUrl":"https:\/\/vocesdelacomuna15.com.ar\/wp-content\/uploads\/2023\/05\/cabrera.jpg","datePublished":"2023-05-26T21:12:38+00:00","dateModified":"2023-05-27T19:35:26+00:00","description":"Voces de la Comuna 15","breadcrumb":{"@id":"https:\/\/vocesdelacomuna15.com.ar\/press\/copa-libertadores-argentinos-igualo-con-corinthians-y-quedo-cerca-de-la-clasificacion\/#breadcrumb"},"inLanguage":"es-AR","potentialAction":[{"@type":"ReadAction","target":["https:\/\/vocesdelacomuna15.com.ar\/press\/copa-libertadores-argentinos-igualo-con-corinthians-y-quedo-cerca-de-la-clasificacion\/"]}]},{"@type":"ImageObject","inLanguage":"es-AR","@id":"https:\/\/vocesdelacomuna15.com.ar\/press\/copa-libertadores-argentinos-igualo-con-corinthians-y-quedo-cerca-de-la-clasificacion\/#primaryimage","url":"https:\/\/vocesdelacomuna15.com.ar\/wp-content\/uploads\/2023\/05\/cabrera.jpg","contentUrl":"https:\/\/vocesdelacomuna15.com.ar\/wp-content\/uploads\/2023\/05\/cabrera.jpg","width":1600,"height":1067},{"@type":"BreadcrumbList","@id":"https:\/\/vocesdelacomuna15.com.ar\/press\/copa-libertadores-argentinos-igualo-con-corinthians-y-quedo-cerca-de-la-clasificacion\/#breadcrumb","itemListElement":[{"@type":"ListItem","position":1,"name":"Inicio","item":"https:\/\/vocesdelacomuna15.com.ar\/press\/"},{"@type":"ListItem","position":2,"name":"Copa Libertadores: Argentinos igual\u00f3 con Corinthians y qued\u00f3 cerca de la clasificaci\u00f3n"}]},{"@type":"WebSite","@id":"https:\/\/vocesdelacomuna15.com.ar\/press\/#website","url":"https:\/\/vocesdelacomuna15.com.ar\/press\/","name":"Voces de la Comuna 15","description":"Sitio web de noticias","publisher":{"@id":"https:\/\/vocesdelacomuna15.com.ar\/press\/#organization"},"potentialAction":[{"@type":"SearchAction","target":{"@type":"EntryPoint","urlTemplate":"https:\/\/vocesdelacomuna15.com.ar\/press\/?s={search_term_string}"},"query-input":{"@type":"PropertyValueSpecification","valueRequired":true,"valueName":"search_term_string"}}],"inLanguage":"es-AR"},{"@type":"Organization","@id":"https:\/\/vocesdelacomuna15.com.ar\/press\/#organization","name":"Voces de la Comuna 15","url":"https:\/\/vocesdelacomuna15.com.ar\/press\/","logo":{"@type":"ImageObject","inLanguage":"es-AR","@id":"https:\/\/vocesdelacomuna15.com.ar\/press\/#\/schema\/logo\/image\/","url":"https:\/\/vocesdelacomuna15.com.ar\/wp-content\/uploads\/2024\/12\/cropped-logo_voces.jpg","contentUrl":"https:\/\/vocesdelacomuna15.com.ar\/wp-content\/uploads\/2024\/12\/cropped-logo_voces.jpg","width":512,"height":512,"caption":"Voces de la Comuna 15"},"image":{"@id":"https:\/\/vocesdelacomuna15.com.ar\/press\/#\/schema\/logo\/image\/"},"sameAs":["https:\/\/www.facebook.com\/VocesComuna15\/","https:\/\/x.com\/vocescomuna15"]},{"@type":"Person","@id":"https:\/\/vocesdelacomuna15.com.ar\/press\/#\/schema\/person\/4739e109db25d799cd3d139eeb509e43","name":"Federico Arguto","image":{"@type":"ImageObject","inLanguage":"es-AR","@id":"https:\/\/vocesdelacomuna15.com.ar\/wp-content\/litespeed\/avatar\/82faf979976f1bae889b8b71f8a0a7e5.jpg?ver=1777419741","url":"https:\/\/vocesdelacomuna15.com.ar\/wp-content\/litespeed\/avatar\/82faf979976f1bae889b8b71f8a0a7e5.jpg?ver=1777419741","contentUrl":"https:\/\/vocesdelacomuna15.com.ar\/wp-content\/litespeed\/avatar\/82faf979976f1bae889b8b71f8a0a7e5.jpg?ver=1777419741","caption":"Federico Arguto"},"url":"https:\/\/vocesdelacomuna15.com.ar\/press\/author\/fede\/"}]}},"_links":{"self":[{"href":"https:\/\/vocesdelacomuna15.com.ar\/press\/wp-json\/wp\/v2\/posts\/60007","targetHints":{"allow":["GET"]}}],"collection":[{"href":"https:\/\/vocesdelacomuna15.com.ar\/press\/wp-json\/wp\/v2\/posts"}],"about":[{"href":"https:\/\/vocesdelacomuna15.com.ar\/press\/wp-json\/wp\/v2\/types\/post"}],"author":[{"embeddable":true,"href":"https:\/\/vocesdelacomuna15.com.ar\/press\/wp-json\/wp\/v2\/users\/2"}],"replies":[{"embeddable":true,"href":"https:\/\/vocesdelacomuna15.com.ar\/press\/wp-json\/wp\/v2\/comments?post=60007"}],"version-history":[{"count":1,"href":"https:\/\/vocesdelacomuna15.com.ar\/press\/wp-json\/wp\/v2\/posts\/60007\/revisions"}],"predecessor-version":[{"id":60010,"href":"https:\/\/vocesdelacomuna15.com.ar\/press\/wp-json\/wp\/v2\/posts\/60007\/revisions\/60010"}],"wp:featuredmedia":[{"embeddable":true,"href":"https:\/\/vocesdelacomuna15.com.ar\/press\/wp-json\/wp\/v2\/media\/60008"}],"wp:attachment":[{"href":"https:\/\/vocesdelacomuna15.com.ar\/press\/wp-json\/wp\/v2\/media?parent=60007"}],"wp:term":[{"taxonomy":"category","embeddable":true,"href":"https:\/\/vocesdelacomuna15.com.ar\/press\/wp-json\/wp\/v2\/categories?post=60007"},{"taxonomy":"post_tag","embeddable":true,"href":"https:\/\/vocesdelacomuna15.com.ar\/press\/wp-json\/wp\/v2\/tags?post=60007"}],"curies":[{"name":"wp","href":"https:\/\/api.w.org\/{rel}","templated":true}]}}