{"id":60003,"date":"2023-05-29T10:33:18","date_gmt":"2023-05-29T13:33:18","guid":{"rendered":"https:\/\/vocesdelacomuna15.com.ar\/wordpress\/?p=60003"},"modified":"2023-05-24T10:38:39","modified_gmt":"2023-05-24T13:38:39","slug":"la-celebracion-de-la-semana-del-reciclaje-en-la-comunidad-educativa","status":"publish","type":"post","link":"https:\/\/vocesdelacomuna15.com.ar\/press\/la-celebracion-de-la-semana-del-reciclaje-en-la-comunidad-educativa\/","title":{"rendered":"<strong>La celebraci\u00f3n de la Semana del Reciclaje en la comunidad educativa<\/strong>"},"content":{"rendered":"\n<p>Estudiantes y docentes de escuelas verdes de la Ciudad participaron activamente en una serie de actividades con el objetivo de promover la conciencia ambiental y fomentar pr\u00e1cticas sostenibles en la comunidad educativa. Fuente: Buenosaires.gob.ar<\/p>\n\n\n\n<p>Link a nota original: <a href=\"https:\/\/buenosaires.gob.ar\/noticias\/la-celebracion-de-la-semana-del-reciclaje-en-la-comunidad-educativa\">La celebraci\u00f3n de la Semana del Reciclaje en la comunidad educativa | Buenos Aires Ciudad &#8211; Gobierno de la Ciudad Aut\u00f3noma de Buenos Aires<\/a><\/p>\n\n\n\n<p>Del&nbsp;<strong>10 al 17 de mayo se celebr\u00f3 la Semana del Reciclaje en la Ciudad<\/strong>, la cual fue establecida por la Legislatura Porte\u00f1a para destacar esta semana ya que el 10 de mayo es el D\u00eda del Recuperador Urbano y el 17 de mayo se celebra el D\u00eda Mundial del Reciclaje por lo que juntas, son una ocasi\u00f3n especial para recordar la importancia de reciclar y tomar medidas concretas para proteger nuestro planeta. Al unirnos a esta iniciativa, reafirmamos nuestro compromiso con el ambiente y nuestra responsabilidad como ciudadanos conscientes.<\/p>\n\n\n\n<p>En esta semana especial, desde el programa Escuelas Verdes se llevaron a cabo&nbsp;<strong>diversas iniciativas para sensibilizar sobre la importancia de la separaci\u00f3n de los residuos en origen y el reciclaje<\/strong>. Algunas de las actividades destacadas que se realizaron:<\/p>\n\n\n\n<ul class=\"wp-block-list\">\n<li><strong>Charla \u201cGesti\u00f3n de los residuos en la Ciudad\u201d y taller de Reutilizaci\u00f3n<\/strong>: Promotoras ambientales de la Ciudad visitaron nuestras escuelas para contar en primera persona la importancia del reciclaje, los diferentes tipos de residuos y c\u00f3mo pueden contribuir activamente a la protecci\u00f3n del ambiente. Adem\u00e1s, se realizaron talleres donde los estudiantes aprendieron a clasificar y separar adecuadamente los distintos tipos de materiales reciclables y no reciclables.&nbsp;Pod\u00e9s solicitar esta charla en tu escuela en el&nbsp;<a href=\"https:\/\/docs.google.com\/forms\/d\/e\/1FAIpQLSf6QUjhy-P5wQC6KrSkpPUKj2hq6es2zqhZpUIA5N0YNJwnfQ\/viewform\">siguiente formulario<\/a>.<\/li>\n\n\n\n<li><strong>Visita al Centro Verde de la cooperativa Madreselvas:<\/strong>&nbsp;Junto a docentes de seis escuelas de la Ciudad, recorrimos el centro verde donde las promotoras ambientales de la Cooperativa Madreselvas nos contaron sobre la gesti\u00f3n de los materiales reciclables y sobre su trabajo en la comunidad para concientizar sobre la importancia de la separaci\u00f3n en origen. Luego realizamos un recorrido por las instalaciones del Centro, donde pudimos observar c\u00f3mo se realiza la clasificaci\u00f3n por material y el enfardado que luego son vendidos a la industria del reciclaje.<\/li>\n\n\n\n<li><strong>Proyecci\u00f3n Cine Debate &#8211; Wall-E:&nbsp;<\/strong>En la Escuela Primaria Com\u00fan N.\u00b0 12 D.E. 21 se realiz\u00f3 la proyecci\u00f3n de la pel\u00edcula \u00abWall-e\u00bb junto con la coordinaci\u00f3n de un espacio de debate para reflexionar con los y las estudiantes sobre el nivel de consumo, la creciente generaci\u00f3n de residuos y sus impactos en el ambiente.<\/li>\n\n\n\n<li><strong>Actividad con el Punto Verde M\u00f3vil:<\/strong>&nbsp;A cargo del equipo de la Agencia de Protecci\u00f3n Ambiental en articulaci\u00f3n con el programa Escuelas Verdes, se realizaron actividades con el PuntoVerde M\u00f3vil para abordar la importancia de disponer de manera adecuada los residuos especiales y conocer cu\u00e1les son las herramientas para ello.&nbsp;Solicit\u00e1 esta actividad para tu escuela en el&nbsp;<a href=\"https:\/\/docs.google.com\/forms\/d\/e\/1FAIpQLScZtgS3b0DoVAuksU5CKKF1BY4ivHIv7w1Kn1Ld-aMJI8dDTg\/viewform\">siguiente formulario<\/a>.<\/li>\n\n\n\n<li><a href=\"https:\/\/www.youtube.com\/watch?v=RoyYQVzBIEI&amp;t=3s&amp;ab_channel=CanaldelaCiudad\"><strong>Concientizaci\u00f3n en los medios<\/strong><\/a><strong>:<\/strong>&nbsp;Las promotoras ambientales tambi\u00e9n realizaron una presentaci\u00f3n en el Canal y Radio de la Ciudad, contando sobre su trabajo en las cooperativas y concientizando sobre la importancia de comenzar a separar los residuos en los hogares y escuelas.<\/li>\n<\/ul>\n\n\n\n<p>Estas actividades fueron solo algunas de las muchas acciones que se llevaron a cabo durante la Semana del Reciclaje.&nbsp;De todas formas, las actividades vinculadas a consumo responsable y residuos de Escuelas Verdes no se limitan a esta semana especial.&nbsp;<strong>Escuelas Verdes contin\u00faa promoviendo la educaci\u00f3n ambiental a lo largo de todo el a\u00f1o<\/strong>. Adem\u00e1s del reciclaje y consumo responsable,&nbsp;<strong>ofrecemos capacitaciones sobre otras tem\u00e1ticas relacionadas con el ambiente<\/strong>&nbsp;y la sustentabilidad. Pod\u00e9s conocer toda la oferta disponible de talleres y capacitaciones para docentes, estudiantes, auxiliares y directivos en la&nbsp;<a href=\"https:\/\/buenosaires.gob.ar\/capacitaciones-y-talleres\">p\u00e1gina de Escuelas Verdes<\/a>.<\/p>\n\n\n\n<p><strong>Agradecemos a todos los estudiantes, docentes y colaboradores que hicieron posible el \u00e9xito de la Semana del Reciclaje<\/strong>. Su participaci\u00f3n activa y su compromiso con el cuidado del ambiente es el primer paso para un mundo m\u00e1s sustentable.<\/p>\n\n\n\n<p>Caracteres: 3.725<\/p>\n<div class=\"pvc_clear\"><\/div><p id=\"pvc_stats_60003\" class=\"pvc_stats all  \" data-element-id=\"60003\" style=\"\"><i class=\"pvc-stats-icon small\" aria-hidden=\"true\"><svg aria-hidden=\"true\" focusable=\"false\" data-prefix=\"far\" data-icon=\"chart-bar\" role=\"img\" xmlns=\"http:\/\/www.w3.org\/2000\/svg\" viewBox=\"0 0 512 512\" class=\"svg-inline--fa fa-chart-bar fa-w-16 fa-2x\"><path fill=\"currentColor\" d=\"M396.8 352h22.4c6.4 0 12.8-6.4 12.8-12.8V108.8c0-6.4-6.4-12.8-12.8-12.8h-22.4c-6.4 0-12.8 6.4-12.8 12.8v230.4c0 6.4 6.4 12.8 12.8 12.8zm-192 0h22.4c6.4 0 12.8-6.4 12.8-12.8V140.8c0-6.4-6.4-12.8-12.8-12.8h-22.4c-6.4 0-12.8 6.4-12.8 12.8v198.4c0 6.4 6.4 12.8 12.8 12.8zm96 0h22.4c6.4 0 12.8-6.4 12.8-12.8V204.8c0-6.4-6.4-12.8-12.8-12.8h-22.4c-6.4 0-12.8 6.4-12.8 12.8v134.4c0 6.4 6.4 12.8 12.8 12.8zM496 400H48V80c0-8.84-7.16-16-16-16H16C7.16 64 0 71.16 0 80v336c0 17.67 14.33 32 32 32h464c8.84 0 16-7.16 16-16v-16c0-8.84-7.16-16-16-16zm-387.2-48h22.4c6.4 0 12.8-6.4 12.8-12.8v-70.4c0-6.4-6.4-12.8-12.8-12.8h-22.4c-6.4 0-12.8 6.4-12.8 12.8v70.4c0 6.4 6.4 12.8 12.8 12.8z\" class=\"\"><\/path><\/svg><\/i> <img loading=\"lazy\" decoding=\"async\" width=\"16\" height=\"16\" alt=\"Loading\" src=\"https:\/\/vocesdelacomuna15.com.ar\/wp-content\/plugins\/page-views-count\/ajax-loader-2x.gif\" border=0 \/><\/p><div class=\"pvc_clear\"><\/div>","protected":false},"excerpt":{"rendered":"<p>Estudiantes y docentes de escuelas verdes de la Ciudad participaron activamente en una serie de actividades con el objetivo de promover la conciencia ambiental y fomentar pr\u00e1cticas sostenibles en la comunidad educativa. Fuente: Buenosaires.gob.ar Link a nota original: La celebraci\u00f3n de la Semana del Reciclaje en la comunidad educativa | Buenos Aires Ciudad &#8211; Gobierno [&hellip;]<\/p>\n<div class=\"pvc_clear\"><\/div>\n<p id=\"pvc_stats_60003\" class=\"pvc_stats all  \" data-element-id=\"60003\" style=\"\"><i class=\"pvc-stats-icon small\" aria-hidden=\"true\"><svg aria-hidden=\"true\" focusable=\"false\" data-prefix=\"far\" data-icon=\"chart-bar\" role=\"img\" xmlns=\"http:\/\/www.w3.org\/2000\/svg\" viewBox=\"0 0 512 512\" class=\"svg-inline--fa fa-chart-bar fa-w-16 fa-2x\"><path fill=\"currentColor\" d=\"M396.8 352h22.4c6.4 0 12.8-6.4 12.8-12.8V108.8c0-6.4-6.4-12.8-12.8-12.8h-22.4c-6.4 0-12.8 6.4-12.8 12.8v230.4c0 6.4 6.4 12.8 12.8 12.8zm-192 0h22.4c6.4 0 12.8-6.4 12.8-12.8V140.8c0-6.4-6.4-12.8-12.8-12.8h-22.4c-6.4 0-12.8 6.4-12.8 12.8v198.4c0 6.4 6.4 12.8 12.8 12.8zm96 0h22.4c6.4 0 12.8-6.4 12.8-12.8V204.8c0-6.4-6.4-12.8-12.8-12.8h-22.4c-6.4 0-12.8 6.4-12.8 12.8v134.4c0 6.4 6.4 12.8 12.8 12.8zM496 400H48V80c0-8.84-7.16-16-16-16H16C7.16 64 0 71.16 0 80v336c0 17.67 14.33 32 32 32h464c8.84 0 16-7.16 16-16v-16c0-8.84-7.16-16-16-16zm-387.2-48h22.4c6.4 0 12.8-6.4 12.8-12.8v-70.4c0-6.4-6.4-12.8-12.8-12.8h-22.4c-6.4 0-12.8 6.4-12.8 12.8v70.4c0 6.4 6.4 12.8 12.8 12.8z\" class=\"\"><\/path><\/svg><\/i> <img loading=\"lazy\" decoding=\"async\" width=\"16\" height=\"16\" alt=\"Loading\" src=\"https:\/\/vocesdelacomuna15.com.ar\/wp-content\/plugins\/page-views-count\/ajax-loader-2x.gif\" border=0 \/><\/p>\n<div class=\"pvc_clear\"><\/div>\n","protected":false},"author":2,"featured_media":60004,"comment_status":"open","ping_status":"open","sticky":false,"template":"","format":"standard","meta":{"_et_pb_use_builder":"","_et_pb_old_content":"","_et_gb_content_width":"","footnotes":""},"categories":[26],"tags":[],"class_list":["post-60003","post","type-post","status-publish","format-standard","has-post-thumbnail","hentry","category-ciudad","et-has-post-format-content","et_post_format-et-post-format-standard"],"a3_pvc":{"activated":true,"total_views":49,"today_views":0},"yoast_head":"<!-- This site is optimized with the Yoast SEO plugin v27.5 - https:\/\/yoast.com\/product\/yoast-seo-wordpress\/ -->\n<title>La celebraci\u00f3n de la Semana del Reciclaje en la comunidad educativa - Voces de la Comuna 15<\/title>\n<meta name=\"description\" content=\"Voces de la Comuna 15\" \/>\n<meta name=\"robots\" content=\"index, follow, max-snippet:-1, max-image-preview:large, max-video-preview:-1\" \/>\n<link rel=\"canonical\" href=\"https:\/\/vocesdelacomuna15.com.ar\/press\/la-celebracion-de-la-semana-del-reciclaje-en-la-comunidad-educativa\/\" \/>\n<meta property=\"og:locale\" content=\"es_ES\" \/>\n<meta property=\"og:type\" content=\"article\" \/>\n<meta property=\"og:title\" content=\"La celebraci\u00f3n de la Semana del Reciclaje en la comunidad educativa - Voces de la Comuna 15\" \/>\n<meta property=\"og:description\" content=\"Voces de la Comuna 15\" \/>\n<meta property=\"og:url\" content=\"https:\/\/vocesdelacomuna15.com.ar\/press\/la-celebracion-de-la-semana-del-reciclaje-en-la-comunidad-educativa\/\" \/>\n<meta property=\"og:site_name\" content=\"Voces de la Comuna 15\" \/>\n<meta property=\"article:publisher\" content=\"https:\/\/www.facebook.com\/VocesComuna15\/\" \/>\n<meta property=\"article:published_time\" content=\"2023-05-29T13:33:18+00:00\" \/>\n<meta property=\"og:image\" content=\"https:\/\/vocesdelacomuna15.com.ar\/wp-content\/uploads\/2023\/05\/reciclaje.jpeg\" \/>\n\t<meta property=\"og:image:width\" content=\"1600\" \/>\n\t<meta property=\"og:image:height\" content=\"899\" \/>\n\t<meta property=\"og:image:type\" content=\"image\/jpeg\" \/>\n<meta name=\"author\" content=\"Federico Arguto\" \/>\n<meta name=\"twitter:card\" content=\"summary_large_image\" \/>\n<meta name=\"twitter:creator\" content=\"@vocescomuna15\" \/>\n<meta name=\"twitter:site\" content=\"@vocescomuna15\" \/>\n<meta name=\"twitter:label1\" content=\"Escrito por\" \/>\n\t<meta name=\"twitter:data1\" content=\"Federico Arguto\" \/>\n\t<meta name=\"twitter:label2\" content=\"Tiempo de lectura\" \/>\n\t<meta name=\"twitter:data2\" content=\"3 minutos\" \/>\n<script type=\"application\/ld+json\" class=\"yoast-schema-graph\">{\"@context\":\"https:\\\/\\\/schema.org\",\"@graph\":[{\"@type\":\"Article\",\"@id\":\"https:\\\/\\\/vocesdelacomuna15.com.ar\\\/press\\\/la-celebracion-de-la-semana-del-reciclaje-en-la-comunidad-educativa\\\/#article\",\"isPartOf\":{\"@id\":\"https:\\\/\\\/vocesdelacomuna15.com.ar\\\/press\\\/la-celebracion-de-la-semana-del-reciclaje-en-la-comunidad-educativa\\\/\"},\"author\":{\"name\":\"Federico Arguto\",\"@id\":\"https:\\\/\\\/vocesdelacomuna15.com.ar\\\/press\\\/#\\\/schema\\\/person\\\/4739e109db25d799cd3d139eeb509e43\"},\"headline\":\"La celebraci\u00f3n de la Semana del Reciclaje en la comunidad educativa\",\"datePublished\":\"2023-05-29T13:33:18+00:00\",\"mainEntityOfPage\":{\"@id\":\"https:\\\/\\\/vocesdelacomuna15.com.ar\\\/press\\\/la-celebracion-de-la-semana-del-reciclaje-en-la-comunidad-educativa\\\/\"},\"wordCount\":707,\"commentCount\":0,\"publisher\":{\"@id\":\"https:\\\/\\\/vocesdelacomuna15.com.ar\\\/press\\\/#organization\"},\"image\":{\"@id\":\"https:\\\/\\\/vocesdelacomuna15.com.ar\\\/press\\\/la-celebracion-de-la-semana-del-reciclaje-en-la-comunidad-educativa\\\/#primaryimage\"},\"thumbnailUrl\":\"https:\\\/\\\/vocesdelacomuna15.com.ar\\\/wp-content\\\/uploads\\\/2023\\\/05\\\/reciclaje.jpeg\",\"articleSection\":[\"Ciudad\"],\"inLanguage\":\"es-AR\",\"potentialAction\":[{\"@type\":\"CommentAction\",\"name\":\"Comment\",\"target\":[\"https:\\\/\\\/vocesdelacomuna15.com.ar\\\/press\\\/la-celebracion-de-la-semana-del-reciclaje-en-la-comunidad-educativa\\\/#respond\"]}]},{\"@type\":\"WebPage\",\"@id\":\"https:\\\/\\\/vocesdelacomuna15.com.ar\\\/press\\\/la-celebracion-de-la-semana-del-reciclaje-en-la-comunidad-educativa\\\/\",\"url\":\"https:\\\/\\\/vocesdelacomuna15.com.ar\\\/press\\\/la-celebracion-de-la-semana-del-reciclaje-en-la-comunidad-educativa\\\/\",\"name\":\"La celebraci\u00f3n de la Semana del Reciclaje en la comunidad educativa - Voces de la Comuna 15\",\"isPartOf\":{\"@id\":\"https:\\\/\\\/vocesdelacomuna15.com.ar\\\/press\\\/#website\"},\"primaryImageOfPage\":{\"@id\":\"https:\\\/\\\/vocesdelacomuna15.com.ar\\\/press\\\/la-celebracion-de-la-semana-del-reciclaje-en-la-comunidad-educativa\\\/#primaryimage\"},\"image\":{\"@id\":\"https:\\\/\\\/vocesdelacomuna15.com.ar\\\/press\\\/la-celebracion-de-la-semana-del-reciclaje-en-la-comunidad-educativa\\\/#primaryimage\"},\"thumbnailUrl\":\"https:\\\/\\\/vocesdelacomuna15.com.ar\\\/wp-content\\\/uploads\\\/2023\\\/05\\\/reciclaje.jpeg\",\"datePublished\":\"2023-05-29T13:33:18+00:00\",\"description\":\"Voces de la Comuna 15\",\"breadcrumb\":{\"@id\":\"https:\\\/\\\/vocesdelacomuna15.com.ar\\\/press\\\/la-celebracion-de-la-semana-del-reciclaje-en-la-comunidad-educativa\\\/#breadcrumb\"},\"inLanguage\":\"es-AR\",\"potentialAction\":[{\"@type\":\"ReadAction\",\"target\":[\"https:\\\/\\\/vocesdelacomuna15.com.ar\\\/press\\\/la-celebracion-de-la-semana-del-reciclaje-en-la-comunidad-educativa\\\/\"]}]},{\"@type\":\"ImageObject\",\"inLanguage\":\"es-AR\",\"@id\":\"https:\\\/\\\/vocesdelacomuna15.com.ar\\\/press\\\/la-celebracion-de-la-semana-del-reciclaje-en-la-comunidad-educativa\\\/#primaryimage\",\"url\":\"https:\\\/\\\/vocesdelacomuna15.com.ar\\\/wp-content\\\/uploads\\\/2023\\\/05\\\/reciclaje.jpeg\",\"contentUrl\":\"https:\\\/\\\/vocesdelacomuna15.com.ar\\\/wp-content\\\/uploads\\\/2023\\\/05\\\/reciclaje.jpeg\",\"width\":1600,\"height\":899},{\"@type\":\"BreadcrumbList\",\"@id\":\"https:\\\/\\\/vocesdelacomuna15.com.ar\\\/press\\\/la-celebracion-de-la-semana-del-reciclaje-en-la-comunidad-educativa\\\/#breadcrumb\",\"itemListElement\":[{\"@type\":\"ListItem\",\"position\":1,\"name\":\"Inicio\",\"item\":\"https:\\\/\\\/vocesdelacomuna15.com.ar\\\/press\\\/\"},{\"@type\":\"ListItem\",\"position\":2,\"name\":\"La celebraci\u00f3n de la Semana del Reciclaje en la comunidad educativa\"}]},{\"@type\":\"WebSite\",\"@id\":\"https:\\\/\\\/vocesdelacomuna15.com.ar\\\/press\\\/#website\",\"url\":\"https:\\\/\\\/vocesdelacomuna15.com.ar\\\/press\\\/\",\"name\":\"Voces de la Comuna 15\",\"description\":\"Sitio web de noticias\",\"publisher\":{\"@id\":\"https:\\\/\\\/vocesdelacomuna15.com.ar\\\/press\\\/#organization\"},\"potentialAction\":[{\"@type\":\"SearchAction\",\"target\":{\"@type\":\"EntryPoint\",\"urlTemplate\":\"https:\\\/\\\/vocesdelacomuna15.com.ar\\\/press\\\/?s={search_term_string}\"},\"query-input\":{\"@type\":\"PropertyValueSpecification\",\"valueRequired\":true,\"valueName\":\"search_term_string\"}}],\"inLanguage\":\"es-AR\"},{\"@type\":\"Organization\",\"@id\":\"https:\\\/\\\/vocesdelacomuna15.com.ar\\\/press\\\/#organization\",\"name\":\"Voces de la Comuna 15\",\"url\":\"https:\\\/\\\/vocesdelacomuna15.com.ar\\\/press\\\/\",\"logo\":{\"@type\":\"ImageObject\",\"inLanguage\":\"es-AR\",\"@id\":\"https:\\\/\\\/vocesdelacomuna15.com.ar\\\/press\\\/#\\\/schema\\\/logo\\\/image\\\/\",\"url\":\"https:\\\/\\\/vocesdelacomuna15.com.ar\\\/wp-content\\\/uploads\\\/2024\\\/12\\\/cropped-logo_voces.jpg\",\"contentUrl\":\"https:\\\/\\\/vocesdelacomuna15.com.ar\\\/wp-content\\\/uploads\\\/2024\\\/12\\\/cropped-logo_voces.jpg\",\"width\":512,\"height\":512,\"caption\":\"Voces de la Comuna 15\"},\"image\":{\"@id\":\"https:\\\/\\\/vocesdelacomuna15.com.ar\\\/press\\\/#\\\/schema\\\/logo\\\/image\\\/\"},\"sameAs\":[\"https:\\\/\\\/www.facebook.com\\\/VocesComuna15\\\/\",\"https:\\\/\\\/x.com\\\/vocescomuna15\"]},{\"@type\":\"Person\",\"@id\":\"https:\\\/\\\/vocesdelacomuna15.com.ar\\\/press\\\/#\\\/schema\\\/person\\\/4739e109db25d799cd3d139eeb509e43\",\"name\":\"Federico Arguto\",\"image\":{\"@type\":\"ImageObject\",\"inLanguage\":\"es-AR\",\"@id\":\"https:\\\/\\\/vocesdelacomuna15.com.ar\\\/wp-content\\\/litespeed\\\/avatar\\\/82faf979976f1bae889b8b71f8a0a7e5.jpg?ver=1777419741\",\"url\":\"https:\\\/\\\/vocesdelacomuna15.com.ar\\\/wp-content\\\/litespeed\\\/avatar\\\/82faf979976f1bae889b8b71f8a0a7e5.jpg?ver=1777419741\",\"contentUrl\":\"https:\\\/\\\/vocesdelacomuna15.com.ar\\\/wp-content\\\/litespeed\\\/avatar\\\/82faf979976f1bae889b8b71f8a0a7e5.jpg?ver=1777419741\",\"caption\":\"Federico Arguto\"},\"url\":\"https:\\\/\\\/vocesdelacomuna15.com.ar\\\/press\\\/author\\\/fede\\\/\"}]}<\/script>\n<!-- \/ Yoast SEO plugin. -->","yoast_head_json":{"title":"La celebraci\u00f3n de la Semana del Reciclaje en la comunidad educativa - Voces de la Comuna 15","description":"Voces de la Comuna 15","robots":{"index":"index","follow":"follow","max-snippet":"max-snippet:-1","max-image-preview":"max-image-preview:large","max-video-preview":"max-video-preview:-1"},"canonical":"https:\/\/vocesdelacomuna15.com.ar\/press\/la-celebracion-de-la-semana-del-reciclaje-en-la-comunidad-educativa\/","og_locale":"es_ES","og_type":"article","og_title":"La celebraci\u00f3n de la Semana del Reciclaje en la comunidad educativa - Voces de la Comuna 15","og_description":"Voces de la Comuna 15","og_url":"https:\/\/vocesdelacomuna15.com.ar\/press\/la-celebracion-de-la-semana-del-reciclaje-en-la-comunidad-educativa\/","og_site_name":"Voces de la Comuna 15","article_publisher":"https:\/\/www.facebook.com\/VocesComuna15\/","article_published_time":"2023-05-29T13:33:18+00:00","og_image":[{"width":1600,"height":899,"url":"https:\/\/vocesdelacomuna15.com.ar\/wp-content\/uploads\/2023\/05\/reciclaje.jpeg","type":"image\/jpeg"}],"author":"Federico Arguto","twitter_card":"summary_large_image","twitter_creator":"@vocescomuna15","twitter_site":"@vocescomuna15","twitter_misc":{"Escrito por":"Federico Arguto","Tiempo de lectura":"3 minutos"},"schema":{"@context":"https:\/\/schema.org","@graph":[{"@type":"Article","@id":"https:\/\/vocesdelacomuna15.com.ar\/press\/la-celebracion-de-la-semana-del-reciclaje-en-la-comunidad-educativa\/#article","isPartOf":{"@id":"https:\/\/vocesdelacomuna15.com.ar\/press\/la-celebracion-de-la-semana-del-reciclaje-en-la-comunidad-educativa\/"},"author":{"name":"Federico Arguto","@id":"https:\/\/vocesdelacomuna15.com.ar\/press\/#\/schema\/person\/4739e109db25d799cd3d139eeb509e43"},"headline":"La celebraci\u00f3n de la Semana del Reciclaje en la comunidad educativa","datePublished":"2023-05-29T13:33:18+00:00","mainEntityOfPage":{"@id":"https:\/\/vocesdelacomuna15.com.ar\/press\/la-celebracion-de-la-semana-del-reciclaje-en-la-comunidad-educativa\/"},"wordCount":707,"commentCount":0,"publisher":{"@id":"https:\/\/vocesdelacomuna15.com.ar\/press\/#organization"},"image":{"@id":"https:\/\/vocesdelacomuna15.com.ar\/press\/la-celebracion-de-la-semana-del-reciclaje-en-la-comunidad-educativa\/#primaryimage"},"thumbnailUrl":"https:\/\/vocesdelacomuna15.com.ar\/wp-content\/uploads\/2023\/05\/reciclaje.jpeg","articleSection":["Ciudad"],"inLanguage":"es-AR","potentialAction":[{"@type":"CommentAction","name":"Comment","target":["https:\/\/vocesdelacomuna15.com.ar\/press\/la-celebracion-de-la-semana-del-reciclaje-en-la-comunidad-educativa\/#respond"]}]},{"@type":"WebPage","@id":"https:\/\/vocesdelacomuna15.com.ar\/press\/la-celebracion-de-la-semana-del-reciclaje-en-la-comunidad-educativa\/","url":"https:\/\/vocesdelacomuna15.com.ar\/press\/la-celebracion-de-la-semana-del-reciclaje-en-la-comunidad-educativa\/","name":"La celebraci\u00f3n de la Semana del Reciclaje en la comunidad educativa - Voces de la Comuna 15","isPartOf":{"@id":"https:\/\/vocesdelacomuna15.com.ar\/press\/#website"},"primaryImageOfPage":{"@id":"https:\/\/vocesdelacomuna15.com.ar\/press\/la-celebracion-de-la-semana-del-reciclaje-en-la-comunidad-educativa\/#primaryimage"},"image":{"@id":"https:\/\/vocesdelacomuna15.com.ar\/press\/la-celebracion-de-la-semana-del-reciclaje-en-la-comunidad-educativa\/#primaryimage"},"thumbnailUrl":"https:\/\/vocesdelacomuna15.com.ar\/wp-content\/uploads\/2023\/05\/reciclaje.jpeg","datePublished":"2023-05-29T13:33:18+00:00","description":"Voces de la Comuna 15","breadcrumb":{"@id":"https:\/\/vocesdelacomuna15.com.ar\/press\/la-celebracion-de-la-semana-del-reciclaje-en-la-comunidad-educativa\/#breadcrumb"},"inLanguage":"es-AR","potentialAction":[{"@type":"ReadAction","target":["https:\/\/vocesdelacomuna15.com.ar\/press\/la-celebracion-de-la-semana-del-reciclaje-en-la-comunidad-educativa\/"]}]},{"@type":"ImageObject","inLanguage":"es-AR","@id":"https:\/\/vocesdelacomuna15.com.ar\/press\/la-celebracion-de-la-semana-del-reciclaje-en-la-comunidad-educativa\/#primaryimage","url":"https:\/\/vocesdelacomuna15.com.ar\/wp-content\/uploads\/2023\/05\/reciclaje.jpeg","contentUrl":"https:\/\/vocesdelacomuna15.com.ar\/wp-content\/uploads\/2023\/05\/reciclaje.jpeg","width":1600,"height":899},{"@type":"BreadcrumbList","@id":"https:\/\/vocesdelacomuna15.com.ar\/press\/la-celebracion-de-la-semana-del-reciclaje-en-la-comunidad-educativa\/#breadcrumb","itemListElement":[{"@type":"ListItem","position":1,"name":"Inicio","item":"https:\/\/vocesdelacomuna15.com.ar\/press\/"},{"@type":"ListItem","position":2,"name":"La celebraci\u00f3n de la Semana del Reciclaje en la comunidad educativa"}]},{"@type":"WebSite","@id":"https:\/\/vocesdelacomuna15.com.ar\/press\/#website","url":"https:\/\/vocesdelacomuna15.com.ar\/press\/","name":"Voces de la Comuna 15","description":"Sitio web de noticias","publisher":{"@id":"https:\/\/vocesdelacomuna15.com.ar\/press\/#organization"},"potentialAction":[{"@type":"SearchAction","target":{"@type":"EntryPoint","urlTemplate":"https:\/\/vocesdelacomuna15.com.ar\/press\/?s={search_term_string}"},"query-input":{"@type":"PropertyValueSpecification","valueRequired":true,"valueName":"search_term_string"}}],"inLanguage":"es-AR"},{"@type":"Organization","@id":"https:\/\/vocesdelacomuna15.com.ar\/press\/#organization","name":"Voces de la Comuna 15","url":"https:\/\/vocesdelacomuna15.com.ar\/press\/","logo":{"@type":"ImageObject","inLanguage":"es-AR","@id":"https:\/\/vocesdelacomuna15.com.ar\/press\/#\/schema\/logo\/image\/","url":"https:\/\/vocesdelacomuna15.com.ar\/wp-content\/uploads\/2024\/12\/cropped-logo_voces.jpg","contentUrl":"https:\/\/vocesdelacomuna15.com.ar\/wp-content\/uploads\/2024\/12\/cropped-logo_voces.jpg","width":512,"height":512,"caption":"Voces de la Comuna 15"},"image":{"@id":"https:\/\/vocesdelacomuna15.com.ar\/press\/#\/schema\/logo\/image\/"},"sameAs":["https:\/\/www.facebook.com\/VocesComuna15\/","https:\/\/x.com\/vocescomuna15"]},{"@type":"Person","@id":"https:\/\/vocesdelacomuna15.com.ar\/press\/#\/schema\/person\/4739e109db25d799cd3d139eeb509e43","name":"Federico Arguto","image":{"@type":"ImageObject","inLanguage":"es-AR","@id":"https:\/\/vocesdelacomuna15.com.ar\/wp-content\/litespeed\/avatar\/82faf979976f1bae889b8b71f8a0a7e5.jpg?ver=1777419741","url":"https:\/\/vocesdelacomuna15.com.ar\/wp-content\/litespeed\/avatar\/82faf979976f1bae889b8b71f8a0a7e5.jpg?ver=1777419741","contentUrl":"https:\/\/vocesdelacomuna15.com.ar\/wp-content\/litespeed\/avatar\/82faf979976f1bae889b8b71f8a0a7e5.jpg?ver=1777419741","caption":"Federico Arguto"},"url":"https:\/\/vocesdelacomuna15.com.ar\/press\/author\/fede\/"}]}},"_links":{"self":[{"href":"https:\/\/vocesdelacomuna15.com.ar\/press\/wp-json\/wp\/v2\/posts\/60003","targetHints":{"allow":["GET"]}}],"collection":[{"href":"https:\/\/vocesdelacomuna15.com.ar\/press\/wp-json\/wp\/v2\/posts"}],"about":[{"href":"https:\/\/vocesdelacomuna15.com.ar\/press\/wp-json\/wp\/v2\/types\/post"}],"author":[{"embeddable":true,"href":"https:\/\/vocesdelacomuna15.com.ar\/press\/wp-json\/wp\/v2\/users\/2"}],"replies":[{"embeddable":true,"href":"https:\/\/vocesdelacomuna15.com.ar\/press\/wp-json\/wp\/v2\/comments?post=60003"}],"version-history":[{"count":2,"href":"https:\/\/vocesdelacomuna15.com.ar\/press\/wp-json\/wp\/v2\/posts\/60003\/revisions"}],"predecessor-version":[{"id":60006,"href":"https:\/\/vocesdelacomuna15.com.ar\/press\/wp-json\/wp\/v2\/posts\/60003\/revisions\/60006"}],"wp:featuredmedia":[{"embeddable":true,"href":"https:\/\/vocesdelacomuna15.com.ar\/press\/wp-json\/wp\/v2\/media\/60004"}],"wp:attachment":[{"href":"https:\/\/vocesdelacomuna15.com.ar\/press\/wp-json\/wp\/v2\/media?parent=60003"}],"wp:term":[{"taxonomy":"category","embeddable":true,"href":"https:\/\/vocesdelacomuna15.com.ar\/press\/wp-json\/wp\/v2\/categories?post=60003"},{"taxonomy":"post_tag","embeddable":true,"href":"https:\/\/vocesdelacomuna15.com.ar\/press\/wp-json\/wp\/v2\/tags?post=60003"}],"curies":[{"name":"wp","href":"https:\/\/api.w.org\/{rel}","templated":true}]}}