{"id":60000,"date":"2023-05-29T10:23:52","date_gmt":"2023-05-29T13:23:52","guid":{"rendered":"https:\/\/vocesdelacomuna15.com.ar\/wordpress\/?p=60000"},"modified":"2023-05-24T10:33:08","modified_gmt":"2023-05-24T13:33:08","slug":"buenos-aires-la-mejor-sede-para-congresos-y-convenciones-de-america","status":"publish","type":"post","link":"https:\/\/vocesdelacomuna15.com.ar\/press\/buenos-aires-la-mejor-sede-para-congresos-y-convenciones-de-america\/","title":{"rendered":"<strong>Buenos Aires, la mejor sede para congresos y convenciones de Am\u00e9rica<\/strong>"},"content":{"rendered":"\n<p>La capital nacional se ubic\u00f3 en la primera posici\u00f3n del ranking elaborado por la ICCA. En 2022, recibi\u00f3 66 reuniones. Fuente: Buenosaires.gob.ar<\/p>\n\n\n\n<p>Link a nota original:&nbsp;<a href=\"https:\/\/buenosaires.gob.ar\/noticias\/buenos-aires-la-mejor-sede-para-congresos-y-convenciones-de-america\">Buenos Aires, la mejor sede para congresos y convenciones de Am\u00e9rica | Buenos Aires Ciudad &#8211; Gobierno de la Ciudad Aut\u00f3noma de Buenos Aires<\/a><\/p>\n\n\n\n<p>Buenos Aires se ubic\u00f3 en la primera posici\u00f3n de Am\u00e9rica en el ranking elaborado por la Asociaci\u00f3n Internacional de Congresos y Convenciones (ICCA) en 2022, a\u00f1o en el que se desarrollaron 66 eventos homologados, y escal\u00f3 un puesto con respecto al listado anterior, en el que estuvo por detr\u00e1s de Montreal.&nbsp;En el marco de la recuperaci\u00f3n del turismo de reuniones, cabe destacar que se trata del 52% de los eventos ICCA que se realizaron en la Ciudad durante 2019.<\/p>\n\n\n\n<p>Adem\u00e1s, la capital nacional&nbsp;<strong>volvi\u00f3 a ocupar el primer lugar de Am\u00e9rica Latina por 13\u00b0 a\u00f1o consecutivo<\/strong>&nbsp;y fue la 18\u00b0 ciudad con m\u00e1s eventos ICCA en el mundo, convirti\u00e9ndose en&nbsp;<strong>la \u00fanica del continente americano en el top 20 a nivel global<\/strong>.<\/p>\n\n\n\n<p>\u201c<strong>El turismo es uno de nuestros principales motores de crecimiento, con la capacidad de generar empleos de calidad y aumentar los ingresos de nuestro pa\u00eds<\/strong>. Tambi\u00e9n tiene un impacto positivo en otras \u00e1reas, como la industria gastron\u00f3mica, el transporte y la cultura. Somos un pa\u00eds con una diversidad de paisajes y culturas que sorprende a cualquier visitante y debemos continuar trabajando para promocionar todas las provincias ya que cada una tiene grandes atractivos para ofrecer\u201d, indic\u00f3 el jefe de Gobierno, Horacio Rodr\u00edguez Larreta.<\/p>\n\n\n\n<p>De los encuentros realizados durante 2022 en la Ciudad de Buenos Aires, el 79% se hizo de manera presencial mientras que el 21% restante se llev\u00f3 adelante en formato h\u00edbrido. Cabe destacar que&nbsp;<strong>es el primer a\u00f1o luego de la pandemia en el que la mayor\u00eda de los eventos ICCA se concretaron de forma presencial<\/strong>.<\/p>\n\n\n\n<p>El balance positivo de la Ciudad de Buenos Aires se da a pesar de que Argentina, en comparaci\u00f3n al ranking de 2019, descendi\u00f3 2 posiciones a nivel continental (finaliz\u00f3 en el 5\u00b0 puesto) y 9 a nivel mundial (tras quedar en la 27\u00b0 ubicaci\u00f3n). Adem\u00e1s,<strong>&nbsp;la Capital Federal concentr\u00f3 el 63% de los eventos de todo el pa\u00eds&nbsp;<\/strong>(4 puntos porcentuales m\u00e1s que en 2019).<\/p>\n\n\n\n<p>\u201cEsta distinci\u00f3n confirma el enorme potencial que tienen nuestros destinos tur\u00edsticos en todo el pa\u00eds. Para seguir creciendo,<strong>&nbsp;tenemos que potenciar al sector con un plan de conectividad aerocomercial que nos permita atraer m\u00e1s turistas internacionales<\/strong>&nbsp;y promover que visiten ciudades de todo el pa\u00eds\u201d, indic\u00f3 Fernando Straface, secretario general y de Relaciones Internacionales de la Ciudad.<\/p>\n\n\n\n<p>\u201cEsta noticia es el resultado del arduo trabajo que venimos realizando en el ente para impulsar el turismo de reuniones en nuestra Ciudad, porque para que exista una gran cantidad de eventos ICCA, tiene que haber una infraestructura a la altura e incentivos que apunten a que el sector privado tenga facilidades econ\u00f3micas al momento de organizar encuentros. Estamos m\u00e1s que contentos con este reconocimiento de ICCA, que nos empuja a seguir apostando por este segmento, que es uno de los que generan m\u00e1s empleo dentro de nuestra industria\u201d, se\u00f1al\u00f3 Lucas Delfino, presidente del ente de Turismo de la Ciudad de Buenos Aires.<\/p>\n\n\n\n<h2 class=\"wp-block-heading\">Recuperaci\u00f3n del turismo internacional<\/h2>\n\n\n\n<p>El turismo de reuniones representa para la Ciudad de Buenos Aires un importante motor para la llegada de turistas internacionales.&nbsp;<strong>Durante 2022, ingresaron a la Ciudad m\u00e1s de 163.000 turistas de negocios<\/strong>, siendo Brasil el mercado que aport\u00f3 m\u00e1s visitantes (25%), seguido por Chile (17%) y Uruguay (8%). Adem\u00e1s, la estad\u00eda promedio de los turistas MICE es de 5,2 noches, con un 47% de visitantes que se alojan en hoteles de 4 estrellas, un 15% en hoteles de 3 estrellas y un 13% en hoteles de 5 estrellas.<\/p>\n\n\n\n<p>Con respecto al perfil de los turistas internacionales de negocios que llegan a la Ciudad de Buenos Aires, el 46% complementa su visita con actividades nocturnas, el 34% asiste a espect\u00e1culos de tango, el 32% realiza alg\u00fan city tour, y el 28% recorre museos. Adem\u00e1s, seg\u00fan un relevamiento realizado por el Observatorio Tur\u00edstico del Entur,&nbsp;<strong>el 97% manifest\u00f3 que regresar\u00eda a la Ciudad<\/strong>.<\/p>\n\n\n\n<p>Caracteres: 3.838<\/p>\n<div class=\"pvc_clear\"><\/div><p id=\"pvc_stats_60000\" class=\"pvc_stats all  \" data-element-id=\"60000\" style=\"\"><i class=\"pvc-stats-icon small\" aria-hidden=\"true\"><svg aria-hidden=\"true\" focusable=\"false\" data-prefix=\"far\" data-icon=\"chart-bar\" role=\"img\" xmlns=\"http:\/\/www.w3.org\/2000\/svg\" viewBox=\"0 0 512 512\" class=\"svg-inline--fa fa-chart-bar fa-w-16 fa-2x\"><path fill=\"currentColor\" d=\"M396.8 352h22.4c6.4 0 12.8-6.4 12.8-12.8V108.8c0-6.4-6.4-12.8-12.8-12.8h-22.4c-6.4 0-12.8 6.4-12.8 12.8v230.4c0 6.4 6.4 12.8 12.8 12.8zm-192 0h22.4c6.4 0 12.8-6.4 12.8-12.8V140.8c0-6.4-6.4-12.8-12.8-12.8h-22.4c-6.4 0-12.8 6.4-12.8 12.8v198.4c0 6.4 6.4 12.8 12.8 12.8zm96 0h22.4c6.4 0 12.8-6.4 12.8-12.8V204.8c0-6.4-6.4-12.8-12.8-12.8h-22.4c-6.4 0-12.8 6.4-12.8 12.8v134.4c0 6.4 6.4 12.8 12.8 12.8zM496 400H48V80c0-8.84-7.16-16-16-16H16C7.16 64 0 71.16 0 80v336c0 17.67 14.33 32 32 32h464c8.84 0 16-7.16 16-16v-16c0-8.84-7.16-16-16-16zm-387.2-48h22.4c6.4 0 12.8-6.4 12.8-12.8v-70.4c0-6.4-6.4-12.8-12.8-12.8h-22.4c-6.4 0-12.8 6.4-12.8 12.8v70.4c0 6.4 6.4 12.8 12.8 12.8z\" class=\"\"><\/path><\/svg><\/i> <img loading=\"lazy\" decoding=\"async\" width=\"16\" height=\"16\" alt=\"Loading\" src=\"https:\/\/vocesdelacomuna15.com.ar\/wp-content\/plugins\/page-views-count\/ajax-loader-2x.gif\" border=0 \/><\/p><div class=\"pvc_clear\"><\/div>","protected":false},"excerpt":{"rendered":"<p>La capital nacional se ubic\u00f3 en la primera posici\u00f3n del ranking elaborado por la ICCA. En 2022, recibi\u00f3 66 reuniones. Fuente: Buenosaires.gob.ar Link a nota original:&nbsp;Buenos Aires, la mejor sede para congresos y convenciones de Am\u00e9rica | Buenos Aires Ciudad &#8211; Gobierno de la Ciudad Aut\u00f3noma de Buenos Aires Buenos Aires se ubic\u00f3 en la [&hellip;]<\/p>\n<div class=\"pvc_clear\"><\/div>\n<p id=\"pvc_stats_60000\" class=\"pvc_stats all  \" data-element-id=\"60000\" style=\"\"><i class=\"pvc-stats-icon small\" aria-hidden=\"true\"><svg aria-hidden=\"true\" focusable=\"false\" data-prefix=\"far\" data-icon=\"chart-bar\" role=\"img\" xmlns=\"http:\/\/www.w3.org\/2000\/svg\" viewBox=\"0 0 512 512\" class=\"svg-inline--fa fa-chart-bar fa-w-16 fa-2x\"><path fill=\"currentColor\" d=\"M396.8 352h22.4c6.4 0 12.8-6.4 12.8-12.8V108.8c0-6.4-6.4-12.8-12.8-12.8h-22.4c-6.4 0-12.8 6.4-12.8 12.8v230.4c0 6.4 6.4 12.8 12.8 12.8zm-192 0h22.4c6.4 0 12.8-6.4 12.8-12.8V140.8c0-6.4-6.4-12.8-12.8-12.8h-22.4c-6.4 0-12.8 6.4-12.8 12.8v198.4c0 6.4 6.4 12.8 12.8 12.8zm96 0h22.4c6.4 0 12.8-6.4 12.8-12.8V204.8c0-6.4-6.4-12.8-12.8-12.8h-22.4c-6.4 0-12.8 6.4-12.8 12.8v134.4c0 6.4 6.4 12.8 12.8 12.8zM496 400H48V80c0-8.84-7.16-16-16-16H16C7.16 64 0 71.16 0 80v336c0 17.67 14.33 32 32 32h464c8.84 0 16-7.16 16-16v-16c0-8.84-7.16-16-16-16zm-387.2-48h22.4c6.4 0 12.8-6.4 12.8-12.8v-70.4c0-6.4-6.4-12.8-12.8-12.8h-22.4c-6.4 0-12.8 6.4-12.8 12.8v70.4c0 6.4 6.4 12.8 12.8 12.8z\" class=\"\"><\/path><\/svg><\/i> <img loading=\"lazy\" decoding=\"async\" width=\"16\" height=\"16\" alt=\"Loading\" src=\"https:\/\/vocesdelacomuna15.com.ar\/wp-content\/plugins\/page-views-count\/ajax-loader-2x.gif\" border=0 \/><\/p>\n<div class=\"pvc_clear\"><\/div>\n","protected":false},"author":2,"featured_media":60001,"comment_status":"open","ping_status":"open","sticky":false,"template":"","format":"standard","meta":{"_et_pb_use_builder":"","_et_pb_old_content":"","_et_gb_content_width":"","footnotes":""},"categories":[8],"tags":[],"class_list":["post-60000","post","type-post","status-publish","format-standard","has-post-thumbnail","hentry","category-sociedad","et-has-post-format-content","et_post_format-et-post-format-standard"],"a3_pvc":{"activated":true,"total_views":39,"today_views":0},"yoast_head":"<!-- This site is optimized with the Yoast SEO plugin v27.5 - https:\/\/yoast.com\/product\/yoast-seo-wordpress\/ -->\n<title>Buenos Aires, la mejor sede para congresos y convenciones de Am\u00e9rica - Voces de la Comuna 15<\/title>\n<meta name=\"description\" content=\"Voces de la Comuna 15\" \/>\n<meta name=\"robots\" content=\"index, follow, max-snippet:-1, max-image-preview:large, max-video-preview:-1\" \/>\n<link rel=\"canonical\" href=\"https:\/\/vocesdelacomuna15.com.ar\/press\/buenos-aires-la-mejor-sede-para-congresos-y-convenciones-de-america\/\" \/>\n<meta property=\"og:locale\" content=\"es_ES\" \/>\n<meta property=\"og:type\" content=\"article\" \/>\n<meta property=\"og:title\" content=\"Buenos Aires, la mejor sede para congresos y convenciones de Am\u00e9rica - Voces de la Comuna 15\" \/>\n<meta property=\"og:description\" content=\"Voces de la Comuna 15\" \/>\n<meta property=\"og:url\" content=\"https:\/\/vocesdelacomuna15.com.ar\/press\/buenos-aires-la-mejor-sede-para-congresos-y-convenciones-de-america\/\" \/>\n<meta property=\"og:site_name\" content=\"Voces de la Comuna 15\" \/>\n<meta property=\"article:publisher\" content=\"https:\/\/www.facebook.com\/VocesComuna15\/\" \/>\n<meta property=\"article:published_time\" content=\"2023-05-29T13:23:52+00:00\" \/>\n<meta property=\"og:image\" content=\"https:\/\/vocesdelacomuna15.com.ar\/wp-content\/uploads\/2023\/05\/Obelisco-Letras-BA-SNC_10-scaled.jpg\" \/>\n\t<meta property=\"og:image:width\" content=\"2560\" \/>\n\t<meta property=\"og:image:height\" content=\"1706\" \/>\n\t<meta property=\"og:image:type\" content=\"image\/jpeg\" \/>\n<meta name=\"author\" content=\"Federico Arguto\" \/>\n<meta name=\"twitter:card\" content=\"summary_large_image\" \/>\n<meta name=\"twitter:creator\" content=\"@vocescomuna15\" \/>\n<meta name=\"twitter:site\" content=\"@vocescomuna15\" \/>\n<meta name=\"twitter:label1\" content=\"Escrito por\" \/>\n\t<meta name=\"twitter:data1\" content=\"Federico Arguto\" \/>\n\t<meta name=\"twitter:label2\" content=\"Tiempo de lectura\" \/>\n\t<meta name=\"twitter:data2\" content=\"4 minutos\" \/>\n<script type=\"application\/ld+json\" class=\"yoast-schema-graph\">{\"@context\":\"https:\\\/\\\/schema.org\",\"@graph\":[{\"@type\":\"Article\",\"@id\":\"https:\\\/\\\/vocesdelacomuna15.com.ar\\\/press\\\/buenos-aires-la-mejor-sede-para-congresos-y-convenciones-de-america\\\/#article\",\"isPartOf\":{\"@id\":\"https:\\\/\\\/vocesdelacomuna15.com.ar\\\/press\\\/buenos-aires-la-mejor-sede-para-congresos-y-convenciones-de-america\\\/\"},\"author\":{\"name\":\"Federico Arguto\",\"@id\":\"https:\\\/\\\/vocesdelacomuna15.com.ar\\\/press\\\/#\\\/schema\\\/person\\\/4739e109db25d799cd3d139eeb509e43\"},\"headline\":\"Buenos Aires, la mejor sede para congresos y convenciones de Am\u00e9rica\",\"datePublished\":\"2023-05-29T13:23:52+00:00\",\"mainEntityOfPage\":{\"@id\":\"https:\\\/\\\/vocesdelacomuna15.com.ar\\\/press\\\/buenos-aires-la-mejor-sede-para-congresos-y-convenciones-de-america\\\/\"},\"wordCount\":727,\"commentCount\":0,\"publisher\":{\"@id\":\"https:\\\/\\\/vocesdelacomuna15.com.ar\\\/press\\\/#organization\"},\"image\":{\"@id\":\"https:\\\/\\\/vocesdelacomuna15.com.ar\\\/press\\\/buenos-aires-la-mejor-sede-para-congresos-y-convenciones-de-america\\\/#primaryimage\"},\"thumbnailUrl\":\"https:\\\/\\\/vocesdelacomuna15.com.ar\\\/wp-content\\\/uploads\\\/2023\\\/05\\\/Obelisco-Letras-BA-SNC_10-scaled.jpg\",\"articleSection\":[\"Sociedad\"],\"inLanguage\":\"es-AR\",\"potentialAction\":[{\"@type\":\"CommentAction\",\"name\":\"Comment\",\"target\":[\"https:\\\/\\\/vocesdelacomuna15.com.ar\\\/press\\\/buenos-aires-la-mejor-sede-para-congresos-y-convenciones-de-america\\\/#respond\"]}]},{\"@type\":\"WebPage\",\"@id\":\"https:\\\/\\\/vocesdelacomuna15.com.ar\\\/press\\\/buenos-aires-la-mejor-sede-para-congresos-y-convenciones-de-america\\\/\",\"url\":\"https:\\\/\\\/vocesdelacomuna15.com.ar\\\/press\\\/buenos-aires-la-mejor-sede-para-congresos-y-convenciones-de-america\\\/\",\"name\":\"Buenos Aires, la mejor sede para congresos y convenciones de Am\u00e9rica - Voces de la Comuna 15\",\"isPartOf\":{\"@id\":\"https:\\\/\\\/vocesdelacomuna15.com.ar\\\/press\\\/#website\"},\"primaryImageOfPage\":{\"@id\":\"https:\\\/\\\/vocesdelacomuna15.com.ar\\\/press\\\/buenos-aires-la-mejor-sede-para-congresos-y-convenciones-de-america\\\/#primaryimage\"},\"image\":{\"@id\":\"https:\\\/\\\/vocesdelacomuna15.com.ar\\\/press\\\/buenos-aires-la-mejor-sede-para-congresos-y-convenciones-de-america\\\/#primaryimage\"},\"thumbnailUrl\":\"https:\\\/\\\/vocesdelacomuna15.com.ar\\\/wp-content\\\/uploads\\\/2023\\\/05\\\/Obelisco-Letras-BA-SNC_10-scaled.jpg\",\"datePublished\":\"2023-05-29T13:23:52+00:00\",\"description\":\"Voces de la Comuna 15\",\"breadcrumb\":{\"@id\":\"https:\\\/\\\/vocesdelacomuna15.com.ar\\\/press\\\/buenos-aires-la-mejor-sede-para-congresos-y-convenciones-de-america\\\/#breadcrumb\"},\"inLanguage\":\"es-AR\",\"potentialAction\":[{\"@type\":\"ReadAction\",\"target\":[\"https:\\\/\\\/vocesdelacomuna15.com.ar\\\/press\\\/buenos-aires-la-mejor-sede-para-congresos-y-convenciones-de-america\\\/\"]}]},{\"@type\":\"ImageObject\",\"inLanguage\":\"es-AR\",\"@id\":\"https:\\\/\\\/vocesdelacomuna15.com.ar\\\/press\\\/buenos-aires-la-mejor-sede-para-congresos-y-convenciones-de-america\\\/#primaryimage\",\"url\":\"https:\\\/\\\/vocesdelacomuna15.com.ar\\\/wp-content\\\/uploads\\\/2023\\\/05\\\/Obelisco-Letras-BA-SNC_10-scaled.jpg\",\"contentUrl\":\"https:\\\/\\\/vocesdelacomuna15.com.ar\\\/wp-content\\\/uploads\\\/2023\\\/05\\\/Obelisco-Letras-BA-SNC_10-scaled.jpg\",\"width\":2560,\"height\":1706},{\"@type\":\"BreadcrumbList\",\"@id\":\"https:\\\/\\\/vocesdelacomuna15.com.ar\\\/press\\\/buenos-aires-la-mejor-sede-para-congresos-y-convenciones-de-america\\\/#breadcrumb\",\"itemListElement\":[{\"@type\":\"ListItem\",\"position\":1,\"name\":\"Inicio\",\"item\":\"https:\\\/\\\/vocesdelacomuna15.com.ar\\\/press\\\/\"},{\"@type\":\"ListItem\",\"position\":2,\"name\":\"Buenos Aires, la mejor sede para congresos y convenciones de Am\u00e9rica\"}]},{\"@type\":\"WebSite\",\"@id\":\"https:\\\/\\\/vocesdelacomuna15.com.ar\\\/press\\\/#website\",\"url\":\"https:\\\/\\\/vocesdelacomuna15.com.ar\\\/press\\\/\",\"name\":\"Voces de la Comuna 15\",\"description\":\"Sitio web de noticias\",\"publisher\":{\"@id\":\"https:\\\/\\\/vocesdelacomuna15.com.ar\\\/press\\\/#organization\"},\"potentialAction\":[{\"@type\":\"SearchAction\",\"target\":{\"@type\":\"EntryPoint\",\"urlTemplate\":\"https:\\\/\\\/vocesdelacomuna15.com.ar\\\/press\\\/?s={search_term_string}\"},\"query-input\":{\"@type\":\"PropertyValueSpecification\",\"valueRequired\":true,\"valueName\":\"search_term_string\"}}],\"inLanguage\":\"es-AR\"},{\"@type\":\"Organization\",\"@id\":\"https:\\\/\\\/vocesdelacomuna15.com.ar\\\/press\\\/#organization\",\"name\":\"Voces de la Comuna 15\",\"url\":\"https:\\\/\\\/vocesdelacomuna15.com.ar\\\/press\\\/\",\"logo\":{\"@type\":\"ImageObject\",\"inLanguage\":\"es-AR\",\"@id\":\"https:\\\/\\\/vocesdelacomuna15.com.ar\\\/press\\\/#\\\/schema\\\/logo\\\/image\\\/\",\"url\":\"https:\\\/\\\/vocesdelacomuna15.com.ar\\\/wp-content\\\/uploads\\\/2024\\\/12\\\/cropped-logo_voces.jpg\",\"contentUrl\":\"https:\\\/\\\/vocesdelacomuna15.com.ar\\\/wp-content\\\/uploads\\\/2024\\\/12\\\/cropped-logo_voces.jpg\",\"width\":512,\"height\":512,\"caption\":\"Voces de la Comuna 15\"},\"image\":{\"@id\":\"https:\\\/\\\/vocesdelacomuna15.com.ar\\\/press\\\/#\\\/schema\\\/logo\\\/image\\\/\"},\"sameAs\":[\"https:\\\/\\\/www.facebook.com\\\/VocesComuna15\\\/\",\"https:\\\/\\\/x.com\\\/vocescomuna15\"]},{\"@type\":\"Person\",\"@id\":\"https:\\\/\\\/vocesdelacomuna15.com.ar\\\/press\\\/#\\\/schema\\\/person\\\/4739e109db25d799cd3d139eeb509e43\",\"name\":\"Federico Arguto\",\"image\":{\"@type\":\"ImageObject\",\"inLanguage\":\"es-AR\",\"@id\":\"https:\\\/\\\/vocesdelacomuna15.com.ar\\\/wp-content\\\/litespeed\\\/avatar\\\/82faf979976f1bae889b8b71f8a0a7e5.jpg?ver=1777419741\",\"url\":\"https:\\\/\\\/vocesdelacomuna15.com.ar\\\/wp-content\\\/litespeed\\\/avatar\\\/82faf979976f1bae889b8b71f8a0a7e5.jpg?ver=1777419741\",\"contentUrl\":\"https:\\\/\\\/vocesdelacomuna15.com.ar\\\/wp-content\\\/litespeed\\\/avatar\\\/82faf979976f1bae889b8b71f8a0a7e5.jpg?ver=1777419741\",\"caption\":\"Federico Arguto\"},\"url\":\"https:\\\/\\\/vocesdelacomuna15.com.ar\\\/press\\\/author\\\/fede\\\/\"}]}<\/script>\n<!-- \/ Yoast SEO plugin. -->","yoast_head_json":{"title":"Buenos Aires, la mejor sede para congresos y convenciones de Am\u00e9rica - Voces de la Comuna 15","description":"Voces de la Comuna 15","robots":{"index":"index","follow":"follow","max-snippet":"max-snippet:-1","max-image-preview":"max-image-preview:large","max-video-preview":"max-video-preview:-1"},"canonical":"https:\/\/vocesdelacomuna15.com.ar\/press\/buenos-aires-la-mejor-sede-para-congresos-y-convenciones-de-america\/","og_locale":"es_ES","og_type":"article","og_title":"Buenos Aires, la mejor sede para congresos y convenciones de Am\u00e9rica - Voces de la Comuna 15","og_description":"Voces de la Comuna 15","og_url":"https:\/\/vocesdelacomuna15.com.ar\/press\/buenos-aires-la-mejor-sede-para-congresos-y-convenciones-de-america\/","og_site_name":"Voces de la Comuna 15","article_publisher":"https:\/\/www.facebook.com\/VocesComuna15\/","article_published_time":"2023-05-29T13:23:52+00:00","og_image":[{"width":2560,"height":1706,"url":"https:\/\/vocesdelacomuna15.com.ar\/wp-content\/uploads\/2023\/05\/Obelisco-Letras-BA-SNC_10-scaled.jpg","type":"image\/jpeg"}],"author":"Federico Arguto","twitter_card":"summary_large_image","twitter_creator":"@vocescomuna15","twitter_site":"@vocescomuna15","twitter_misc":{"Escrito por":"Federico Arguto","Tiempo de lectura":"4 minutos"},"schema":{"@context":"https:\/\/schema.org","@graph":[{"@type":"Article","@id":"https:\/\/vocesdelacomuna15.com.ar\/press\/buenos-aires-la-mejor-sede-para-congresos-y-convenciones-de-america\/#article","isPartOf":{"@id":"https:\/\/vocesdelacomuna15.com.ar\/press\/buenos-aires-la-mejor-sede-para-congresos-y-convenciones-de-america\/"},"author":{"name":"Federico Arguto","@id":"https:\/\/vocesdelacomuna15.com.ar\/press\/#\/schema\/person\/4739e109db25d799cd3d139eeb509e43"},"headline":"Buenos Aires, la mejor sede para congresos y convenciones de Am\u00e9rica","datePublished":"2023-05-29T13:23:52+00:00","mainEntityOfPage":{"@id":"https:\/\/vocesdelacomuna15.com.ar\/press\/buenos-aires-la-mejor-sede-para-congresos-y-convenciones-de-america\/"},"wordCount":727,"commentCount":0,"publisher":{"@id":"https:\/\/vocesdelacomuna15.com.ar\/press\/#organization"},"image":{"@id":"https:\/\/vocesdelacomuna15.com.ar\/press\/buenos-aires-la-mejor-sede-para-congresos-y-convenciones-de-america\/#primaryimage"},"thumbnailUrl":"https:\/\/vocesdelacomuna15.com.ar\/wp-content\/uploads\/2023\/05\/Obelisco-Letras-BA-SNC_10-scaled.jpg","articleSection":["Sociedad"],"inLanguage":"es-AR","potentialAction":[{"@type":"CommentAction","name":"Comment","target":["https:\/\/vocesdelacomuna15.com.ar\/press\/buenos-aires-la-mejor-sede-para-congresos-y-convenciones-de-america\/#respond"]}]},{"@type":"WebPage","@id":"https:\/\/vocesdelacomuna15.com.ar\/press\/buenos-aires-la-mejor-sede-para-congresos-y-convenciones-de-america\/","url":"https:\/\/vocesdelacomuna15.com.ar\/press\/buenos-aires-la-mejor-sede-para-congresos-y-convenciones-de-america\/","name":"Buenos Aires, la mejor sede para congresos y convenciones de Am\u00e9rica - Voces de la Comuna 15","isPartOf":{"@id":"https:\/\/vocesdelacomuna15.com.ar\/press\/#website"},"primaryImageOfPage":{"@id":"https:\/\/vocesdelacomuna15.com.ar\/press\/buenos-aires-la-mejor-sede-para-congresos-y-convenciones-de-america\/#primaryimage"},"image":{"@id":"https:\/\/vocesdelacomuna15.com.ar\/press\/buenos-aires-la-mejor-sede-para-congresos-y-convenciones-de-america\/#primaryimage"},"thumbnailUrl":"https:\/\/vocesdelacomuna15.com.ar\/wp-content\/uploads\/2023\/05\/Obelisco-Letras-BA-SNC_10-scaled.jpg","datePublished":"2023-05-29T13:23:52+00:00","description":"Voces de la Comuna 15","breadcrumb":{"@id":"https:\/\/vocesdelacomuna15.com.ar\/press\/buenos-aires-la-mejor-sede-para-congresos-y-convenciones-de-america\/#breadcrumb"},"inLanguage":"es-AR","potentialAction":[{"@type":"ReadAction","target":["https:\/\/vocesdelacomuna15.com.ar\/press\/buenos-aires-la-mejor-sede-para-congresos-y-convenciones-de-america\/"]}]},{"@type":"ImageObject","inLanguage":"es-AR","@id":"https:\/\/vocesdelacomuna15.com.ar\/press\/buenos-aires-la-mejor-sede-para-congresos-y-convenciones-de-america\/#primaryimage","url":"https:\/\/vocesdelacomuna15.com.ar\/wp-content\/uploads\/2023\/05\/Obelisco-Letras-BA-SNC_10-scaled.jpg","contentUrl":"https:\/\/vocesdelacomuna15.com.ar\/wp-content\/uploads\/2023\/05\/Obelisco-Letras-BA-SNC_10-scaled.jpg","width":2560,"height":1706},{"@type":"BreadcrumbList","@id":"https:\/\/vocesdelacomuna15.com.ar\/press\/buenos-aires-la-mejor-sede-para-congresos-y-convenciones-de-america\/#breadcrumb","itemListElement":[{"@type":"ListItem","position":1,"name":"Inicio","item":"https:\/\/vocesdelacomuna15.com.ar\/press\/"},{"@type":"ListItem","position":2,"name":"Buenos Aires, la mejor sede para congresos y convenciones de Am\u00e9rica"}]},{"@type":"WebSite","@id":"https:\/\/vocesdelacomuna15.com.ar\/press\/#website","url":"https:\/\/vocesdelacomuna15.com.ar\/press\/","name":"Voces de la Comuna 15","description":"Sitio web de noticias","publisher":{"@id":"https:\/\/vocesdelacomuna15.com.ar\/press\/#organization"},"potentialAction":[{"@type":"SearchAction","target":{"@type":"EntryPoint","urlTemplate":"https:\/\/vocesdelacomuna15.com.ar\/press\/?s={search_term_string}"},"query-input":{"@type":"PropertyValueSpecification","valueRequired":true,"valueName":"search_term_string"}}],"inLanguage":"es-AR"},{"@type":"Organization","@id":"https:\/\/vocesdelacomuna15.com.ar\/press\/#organization","name":"Voces de la Comuna 15","url":"https:\/\/vocesdelacomuna15.com.ar\/press\/","logo":{"@type":"ImageObject","inLanguage":"es-AR","@id":"https:\/\/vocesdelacomuna15.com.ar\/press\/#\/schema\/logo\/image\/","url":"https:\/\/vocesdelacomuna15.com.ar\/wp-content\/uploads\/2024\/12\/cropped-logo_voces.jpg","contentUrl":"https:\/\/vocesdelacomuna15.com.ar\/wp-content\/uploads\/2024\/12\/cropped-logo_voces.jpg","width":512,"height":512,"caption":"Voces de la Comuna 15"},"image":{"@id":"https:\/\/vocesdelacomuna15.com.ar\/press\/#\/schema\/logo\/image\/"},"sameAs":["https:\/\/www.facebook.com\/VocesComuna15\/","https:\/\/x.com\/vocescomuna15"]},{"@type":"Person","@id":"https:\/\/vocesdelacomuna15.com.ar\/press\/#\/schema\/person\/4739e109db25d799cd3d139eeb509e43","name":"Federico Arguto","image":{"@type":"ImageObject","inLanguage":"es-AR","@id":"https:\/\/vocesdelacomuna15.com.ar\/wp-content\/litespeed\/avatar\/82faf979976f1bae889b8b71f8a0a7e5.jpg?ver=1777419741","url":"https:\/\/vocesdelacomuna15.com.ar\/wp-content\/litespeed\/avatar\/82faf979976f1bae889b8b71f8a0a7e5.jpg?ver=1777419741","contentUrl":"https:\/\/vocesdelacomuna15.com.ar\/wp-content\/litespeed\/avatar\/82faf979976f1bae889b8b71f8a0a7e5.jpg?ver=1777419741","caption":"Federico Arguto"},"url":"https:\/\/vocesdelacomuna15.com.ar\/press\/author\/fede\/"}]}},"_links":{"self":[{"href":"https:\/\/vocesdelacomuna15.com.ar\/press\/wp-json\/wp\/v2\/posts\/60000","targetHints":{"allow":["GET"]}}],"collection":[{"href":"https:\/\/vocesdelacomuna15.com.ar\/press\/wp-json\/wp\/v2\/posts"}],"about":[{"href":"https:\/\/vocesdelacomuna15.com.ar\/press\/wp-json\/wp\/v2\/types\/post"}],"author":[{"embeddable":true,"href":"https:\/\/vocesdelacomuna15.com.ar\/press\/wp-json\/wp\/v2\/users\/2"}],"replies":[{"embeddable":true,"href":"https:\/\/vocesdelacomuna15.com.ar\/press\/wp-json\/wp\/v2\/comments?post=60000"}],"version-history":[{"count":1,"href":"https:\/\/vocesdelacomuna15.com.ar\/press\/wp-json\/wp\/v2\/posts\/60000\/revisions"}],"predecessor-version":[{"id":60002,"href":"https:\/\/vocesdelacomuna15.com.ar\/press\/wp-json\/wp\/v2\/posts\/60000\/revisions\/60002"}],"wp:featuredmedia":[{"embeddable":true,"href":"https:\/\/vocesdelacomuna15.com.ar\/press\/wp-json\/wp\/v2\/media\/60001"}],"wp:attachment":[{"href":"https:\/\/vocesdelacomuna15.com.ar\/press\/wp-json\/wp\/v2\/media?parent=60000"}],"wp:term":[{"taxonomy":"category","embeddable":true,"href":"https:\/\/vocesdelacomuna15.com.ar\/press\/wp-json\/wp\/v2\/categories?post=60000"},{"taxonomy":"post_tag","embeddable":true,"href":"https:\/\/vocesdelacomuna15.com.ar\/press\/wp-json\/wp\/v2\/tags?post=60000"}],"curies":[{"name":"wp","href":"https:\/\/api.w.org\/{rel}","templated":true}]}}