{"id":59994,"date":"2023-05-23T11:44:34","date_gmt":"2023-05-23T14:44:34","guid":{"rendered":"https:\/\/vocesdelacomuna15.com.ar\/wordpress\/?p=59994"},"modified":"2023-05-23T11:44:41","modified_gmt":"2023-05-23T14:44:41","slug":"12-de-las-24-provincias-redujeron-su-esfuerzo-presupuestario-en-educacion","status":"publish","type":"post","link":"https:\/\/vocesdelacomuna15.com.ar\/press\/12-de-las-24-provincias-redujeron-su-esfuerzo-presupuestario-en-educacion\/","title":{"rendered":"12 de las 24 provincias redujeron su esfuerzo presupuestario en educaci\u00f3n"},"content":{"rendered":"\n<p>Entre 2004 y 2021 cay\u00f3 la proporci\u00f3n del gasto en educaci\u00f3n con respecto al total del presupuesto provincial en m\u00e1s de la mitad de las jurisdicciones. Las mayores reducciones se dieron en CABA (-8,8 pp) y Mendoza (-7,3 pp), mientras que Salta (+8,1) y Neuqu\u00e9n (+6,6) fueron las que m\u00e1s aumentaron la proporci\u00f3n de su presupuesto destinado a educaci\u00f3n. Todas las jurisdicciones dedican m\u00e1s del 65% de su inversi\u00f3n educativa al pago de salarios. Fuente: Prensa Argentinos por la Educaci\u00f3n<\/p>\n\n\n\n<p>Link a nota original:\u00a0<a href=\"https:\/\/prensa.argentinosporlaeducacion.org\/13-de-las-24-provincias-redujeron-su-esfuerzo-presupuestario-en-educacion\">https:\/\/prensa.argentinosporlaeducacion.org\/13-de-las-24-provincias-redujeron-su-esfuerzo-presupuestario-en-educacion<\/a><\/p>\n\n\n\n<p>Entre 2004 y 2021, 12 de las 24 jurisdicciones argentinas disminuyeron la participaci\u00f3n de la educaci\u00f3n en sus presupuestos. CABA (-8,8 puntos porcentuales) y Mendoza (-7,3 pp) fueron las que m\u00e1s redujeron el financiamiento educativo como porcentaje del gasto total. En el mismo per\u00edodo, Salta (+8,1 pp) y Neuqu\u00e9n (+6,6 pp) fueron las que m\u00e1s incrementaron su esfuerzo presupuestario, al aumentar la proporci\u00f3n de su presupuesto destinado a educaci\u00f3n.<\/p>\n\n\n\n<p>Los datos surgen del informe \u201c<strong>Financiamiento educativo provincial<\/strong>\u201d, del <strong>Observatorio de Argentinos por la Educaci\u00f3n<\/strong>, con autor\u00eda de Javier Curcio (UBA\/IIEP), Mart\u00edn Nistal y V\u00edctor Volman (Observatorio de Argentinos por la Educaci\u00f3n). Teniendo en cuenta que las provincias son responsables del 75% del financiamiento educativo, el documento analiza c\u00f3mo evolucion\u00f3 el gasto educativo en las provincias, en qu\u00e9 gastaron y qu\u00e9 esfuerzo presupuestario hicieron entre 2004 y 2021. Todas las cifras se presentan actualizadas a valores constantes de marzo de 2023.<\/p>\n\n\n\n<p>El informe considera el total del gasto educativo, sin importar qu\u00e9 ministerio ejecuta el presupuesto. De acuerdo con ese indicador, en 2021 las dos jurisdicciones que dedicaron mayor proporci\u00f3n de su presupuesto a la educaci\u00f3n fueron Buenos Aires (30,8%) y Salta (28,8%). Por otro lado, las que menos presupuesto asignaron con respecto a su presupuesto total fueron CABA (16,7%) y Santa Cruz (17,6%).<\/p>\n\n\n\n<p>\u201cLa descentralizaci\u00f3n educativa dispuesta en el pa\u00eds requiere profundizar los an\u00e1lisis sobre las posibilidades de financiamiento a cargo de las provincias, que concentran una proporci\u00f3n importante de los recursos necesarios para dar cumplimiento al umbral establecido por la Ley de Educaci\u00f3n Nacional. Identificar la situaci\u00f3n de cada jurisdicci\u00f3n y las brechas existentes es crucial para asegurar el cumplimiento efectivo del derecho a la educaci\u00f3n de calidad en todo el territorio\u201d, afirma <strong>Javier Curcio<\/strong>, coautor del informe.&nbsp;<\/p>\n\n\n\n<p>Si bien todas las jurisdicciones dedican m\u00e1s del 65% de sus presupuestos educativos al pago de salarios, ese porcentaje alcanza niveles m\u00e1ximos en Chubut (91%) y Neuqu\u00e9n (86%). En el otro extremo, las que destinan menor proporci\u00f3n del presupuesto educativo a salarios son San Luis (66%), Formosa&nbsp;\u200b y CABA (69%).<\/p>\n\n\n\n<p>Entre 2004 y 2021, la provincia que m\u00e1s aument\u00f3 el gasto por alumno del sector estatal en el nivel inicial y primario es Salta (174,7%). Santa Cruz (-33,5%) es la jurisdicci\u00f3n donde m\u00e1s cay\u00f3 este indicador. En el nivel secundario, la provincia que m\u00e1s aument\u00f3 su gasto por alumno fue La Pampa (309,7%), mientras que este indicador solo se redujo en la provincia de Chubut (-4,0%) durante el per\u00edodo analizado.<\/p>\n\n\n\n<p>&#8220;Cada vez que se habla de inversi\u00f3n educativa se suele mirar al Estado nacional, pero se soslaya que la responsabilidad es de las provincias. El trabajo permite ver a todas y cada una de ellas. Adem\u00e1s, muestra distintos per\u00edodos y signos pol\u00edticos. Las ca\u00eddas en distintas provincias obligan a pensar sobre el rol que tiene la educaci\u00f3n en estas, m\u00e1s all\u00e1 del color pol\u00edtico de cada una. Por \u00faltimo, las oscilaciones (y retrocesos) muestran la dificultad de programar y sostener acciones educativas en contextos tan inestables\u201d, reflexiona <strong>Alejandro Morduchowicz<\/strong>, especialista en planeamiento educativo.<\/p>\n\n\n\n<p>\u201cEl informe permite advertir algunos problemas comunes a las diferentes jurisdicciones, como la excesiva participaci\u00f3n del componente salarial en los presupuestos educativos\u201d, se\u00f1ala <strong>Juan Doberti<\/strong>, docente e investigador de la UBA. Y agrega: \u201cEn un pa\u00eds federal, con un financiamiento compartido entre la Naci\u00f3n y las provincias, deben plantearse mecanismos para que los esfuerzos econ\u00f3micos de ambos niveles de gobierno sean complementarios y no sustitutos y, asimismo, los escasos recursos se empleen de un modo que combine la eficiencia con la equidad entre estratos sociales y regiones del pa\u00eds&#8221;.<\/p>\n\n\n\n<p>&#8220;El an\u00e1lisis del objeto del gasto resulta significativo dado que la mayor erogaci\u00f3n, por lejos, es el salario docente, seguido en la mayor\u00eda de las provincias por las transferencias al sector privado (subsidios a las escuelas de gesti\u00f3n privada). En tanto, es muy notoria la baja proporci\u00f3n de gasto destinada a la inversi\u00f3n en infraestructura (bienes de capital). Aqu\u00ed la desigualdad se presenta en forma solapada, dado que se gasta m\u00e1s en subsidiar a las escuelas de gesti\u00f3n privada que en bienes de capital de las escuelas p\u00fablicas, lo cual es posible que afecte la calidad de la prestaci\u00f3n del servicio educativo por deficiencias edilicias o falta de equipamiento&#8221;, explica <strong>Jorge Lo Cascio<\/strong>, economista y mag\u00edster en Educaci\u00f3n.<\/p>\n\n\n\n<p>Comparar el gasto por alumno con el salario promedio mensual de la jurisdicci\u00f3n es una manera de tener en cuenta las diferencias en el costo de vida. Seg\u00fan este indicador, en 2021 las provincias que m\u00e1s gastaron en el nivel inicial y primario fueron Tierra del Fuego y La Rioja (el gasto por alumno equivale al 21,4% del salario promedio mensual). En el otro extremo se encuentran San Luis (6,7%) y Santa Cruz (9,2%).&nbsp;<\/p>\n\n\n\n<p>Respecto al nivel secundario, La Rioja (30,9%) es la provincia donde el gasto por alumno estatal en 2021 representa una mayor proporci\u00f3n del salario promedio provincial, seguida de Tierra del Fuego (29,8%). Seg\u00fan este indicador, las jurisdicciones que menos gastaron fueron Santa Cruz (10,9%) y Chubut (9,6%).<\/p>\n\n\n\n<h3 class=\"wp-block-heading\"><a href=\"https:\/\/app.powerbi.com\/view?r=eyJrIjoiYjU5MDdhMzItN2MxYS00MmMyLWI1MjAtZDc0MjE5NTQyOWY3IiwidCI6ImUyMzc5MDE3LTJhODQtNDE3OS05MThlLTliYTM0MGY3YWEwZSJ9\" target=\"_blank\" rel=\"noreferrer noopener\"><strong>Clic a informe interactivo<\/strong><\/a><\/h3>\n\n\n\n<p>Contacto:<\/p>\n\n\n\n<h4 class=\"wp-block-heading\">Gimena Marques da Silva<\/h4>\n\n\n\n<h5 class=\"wp-block-heading\">Coordinadora de prensa<\/h5>\n\n\n\n<p><a href=\"mailto:gmarques@argentinosporlaeducacion.org\">gmarques@argentinosporlaeducacion.org<\/a><a href=\"tel:+54%209%2011%206047-3874\">+54 9 11 6047-3874<\/a><\/p>\n<div class=\"pvc_clear\"><\/div><p id=\"pvc_stats_59994\" class=\"pvc_stats all  \" data-element-id=\"59994\" style=\"\"><i class=\"pvc-stats-icon small\" aria-hidden=\"true\"><svg aria-hidden=\"true\" focusable=\"false\" data-prefix=\"far\" data-icon=\"chart-bar\" role=\"img\" xmlns=\"http:\/\/www.w3.org\/2000\/svg\" viewBox=\"0 0 512 512\" class=\"svg-inline--fa fa-chart-bar fa-w-16 fa-2x\"><path fill=\"currentColor\" d=\"M396.8 352h22.4c6.4 0 12.8-6.4 12.8-12.8V108.8c0-6.4-6.4-12.8-12.8-12.8h-22.4c-6.4 0-12.8 6.4-12.8 12.8v230.4c0 6.4 6.4 12.8 12.8 12.8zm-192 0h22.4c6.4 0 12.8-6.4 12.8-12.8V140.8c0-6.4-6.4-12.8-12.8-12.8h-22.4c-6.4 0-12.8 6.4-12.8 12.8v198.4c0 6.4 6.4 12.8 12.8 12.8zm96 0h22.4c6.4 0 12.8-6.4 12.8-12.8V204.8c0-6.4-6.4-12.8-12.8-12.8h-22.4c-6.4 0-12.8 6.4-12.8 12.8v134.4c0 6.4 6.4 12.8 12.8 12.8zM496 400H48V80c0-8.84-7.16-16-16-16H16C7.16 64 0 71.16 0 80v336c0 17.67 14.33 32 32 32h464c8.84 0 16-7.16 16-16v-16c0-8.84-7.16-16-16-16zm-387.2-48h22.4c6.4 0 12.8-6.4 12.8-12.8v-70.4c0-6.4-6.4-12.8-12.8-12.8h-22.4c-6.4 0-12.8 6.4-12.8 12.8v70.4c0 6.4 6.4 12.8 12.8 12.8z\" class=\"\"><\/path><\/svg><\/i> <img loading=\"lazy\" decoding=\"async\" width=\"16\" height=\"16\" alt=\"Loading\" src=\"https:\/\/vocesdelacomuna15.com.ar\/wp-content\/plugins\/page-views-count\/ajax-loader-2x.gif\" border=0 \/><\/p><div class=\"pvc_clear\"><\/div>","protected":false},"excerpt":{"rendered":"<p>Entre 2004 y 2021 cay\u00f3 la proporci\u00f3n del gasto en educaci\u00f3n con respecto al total del presupuesto provincial en m\u00e1s de la mitad de las jurisdicciones. Las mayores reducciones se dieron en CABA (-8,8 pp) y Mendoza (-7,3 pp), mientras que Salta (+8,1) y Neuqu\u00e9n (+6,6) fueron las que m\u00e1s aumentaron la proporci\u00f3n de su [&hellip;]<\/p>\n<div class=\"pvc_clear\"><\/div>\n<p id=\"pvc_stats_59994\" class=\"pvc_stats all  \" data-element-id=\"59994\" style=\"\"><i class=\"pvc-stats-icon small\" aria-hidden=\"true\"><svg aria-hidden=\"true\" focusable=\"false\" data-prefix=\"far\" data-icon=\"chart-bar\" role=\"img\" xmlns=\"http:\/\/www.w3.org\/2000\/svg\" viewBox=\"0 0 512 512\" class=\"svg-inline--fa fa-chart-bar fa-w-16 fa-2x\"><path fill=\"currentColor\" d=\"M396.8 352h22.4c6.4 0 12.8-6.4 12.8-12.8V108.8c0-6.4-6.4-12.8-12.8-12.8h-22.4c-6.4 0-12.8 6.4-12.8 12.8v230.4c0 6.4 6.4 12.8 12.8 12.8zm-192 0h22.4c6.4 0 12.8-6.4 12.8-12.8V140.8c0-6.4-6.4-12.8-12.8-12.8h-22.4c-6.4 0-12.8 6.4-12.8 12.8v198.4c0 6.4 6.4 12.8 12.8 12.8zm96 0h22.4c6.4 0 12.8-6.4 12.8-12.8V204.8c0-6.4-6.4-12.8-12.8-12.8h-22.4c-6.4 0-12.8 6.4-12.8 12.8v134.4c0 6.4 6.4 12.8 12.8 12.8zM496 400H48V80c0-8.84-7.16-16-16-16H16C7.16 64 0 71.16 0 80v336c0 17.67 14.33 32 32 32h464c8.84 0 16-7.16 16-16v-16c0-8.84-7.16-16-16-16zm-387.2-48h22.4c6.4 0 12.8-6.4 12.8-12.8v-70.4c0-6.4-6.4-12.8-12.8-12.8h-22.4c-6.4 0-12.8 6.4-12.8 12.8v70.4c0 6.4 6.4 12.8 12.8 12.8z\" class=\"\"><\/path><\/svg><\/i> <img loading=\"lazy\" decoding=\"async\" width=\"16\" height=\"16\" alt=\"Loading\" src=\"https:\/\/vocesdelacomuna15.com.ar\/wp-content\/plugins\/page-views-count\/ajax-loader-2x.gif\" border=0 \/><\/p>\n<div class=\"pvc_clear\"><\/div>\n","protected":false},"author":2,"featured_media":59995,"comment_status":"open","ping_status":"open","sticky":false,"template":"","format":"standard","meta":{"_et_pb_use_builder":"","_et_pb_old_content":"","_et_gb_content_width":"","footnotes":""},"categories":[8],"tags":[],"class_list":["post-59994","post","type-post","status-publish","format-standard","has-post-thumbnail","hentry","category-sociedad","et-has-post-format-content","et_post_format-et-post-format-standard"],"a3_pvc":{"activated":true,"total_views":62,"today_views":0},"yoast_head":"<!-- This site is optimized with the Yoast SEO plugin v27.5 - https:\/\/yoast.com\/product\/yoast-seo-wordpress\/ -->\n<title>12 de las 24 provincias redujeron su esfuerzo presupuestario en educaci\u00f3n - Voces de la Comuna 15<\/title>\n<meta name=\"description\" content=\"Voces de la Comuna 15\" \/>\n<meta name=\"robots\" content=\"index, follow, max-snippet:-1, max-image-preview:large, max-video-preview:-1\" \/>\n<link rel=\"canonical\" href=\"https:\/\/vocesdelacomuna15.com.ar\/press\/12-de-las-24-provincias-redujeron-su-esfuerzo-presupuestario-en-educacion\/\" \/>\n<meta property=\"og:locale\" content=\"es_ES\" \/>\n<meta property=\"og:type\" content=\"article\" \/>\n<meta property=\"og:title\" content=\"12 de las 24 provincias redujeron su esfuerzo presupuestario en educaci\u00f3n - Voces de la Comuna 15\" \/>\n<meta property=\"og:description\" content=\"Voces de la Comuna 15\" \/>\n<meta property=\"og:url\" content=\"https:\/\/vocesdelacomuna15.com.ar\/press\/12-de-las-24-provincias-redujeron-su-esfuerzo-presupuestario-en-educacion\/\" \/>\n<meta property=\"og:site_name\" content=\"Voces de la Comuna 15\" \/>\n<meta property=\"article:publisher\" content=\"https:\/\/www.facebook.com\/VocesComuna15\/\" \/>\n<meta property=\"article:published_time\" content=\"2023-05-23T14:44:34+00:00\" \/>\n<meta property=\"article:modified_time\" content=\"2023-05-23T14:44:41+00:00\" \/>\n<meta property=\"og:image\" content=\"https:\/\/vocesdelacomuna15.com.ar\/wp-content\/uploads\/2023\/05\/1.png\" \/>\n\t<meta property=\"og:image:width\" content=\"549\" \/>\n\t<meta property=\"og:image:height\" content=\"364\" \/>\n\t<meta property=\"og:image:type\" content=\"image\/png\" \/>\n<meta name=\"author\" content=\"Federico Arguto\" \/>\n<meta name=\"twitter:card\" content=\"summary_large_image\" \/>\n<meta name=\"twitter:creator\" content=\"@vocescomuna15\" \/>\n<meta name=\"twitter:site\" content=\"@vocescomuna15\" \/>\n<meta name=\"twitter:label1\" content=\"Escrito por\" \/>\n\t<meta name=\"twitter:data1\" content=\"Federico Arguto\" \/>\n\t<meta name=\"twitter:label2\" content=\"Tiempo de lectura\" \/>\n\t<meta name=\"twitter:data2\" content=\"5 minutos\" \/>\n<script type=\"application\/ld+json\" class=\"yoast-schema-graph\">{\"@context\":\"https:\\\/\\\/schema.org\",\"@graph\":[{\"@type\":\"Article\",\"@id\":\"https:\\\/\\\/vocesdelacomuna15.com.ar\\\/press\\\/12-de-las-24-provincias-redujeron-su-esfuerzo-presupuestario-en-educacion\\\/#article\",\"isPartOf\":{\"@id\":\"https:\\\/\\\/vocesdelacomuna15.com.ar\\\/press\\\/12-de-las-24-provincias-redujeron-su-esfuerzo-presupuestario-en-educacion\\\/\"},\"author\":{\"name\":\"Federico Arguto\",\"@id\":\"https:\\\/\\\/vocesdelacomuna15.com.ar\\\/press\\\/#\\\/schema\\\/person\\\/4739e109db25d799cd3d139eeb509e43\"},\"headline\":\"12 de las 24 provincias redujeron su esfuerzo presupuestario en educaci\u00f3n\",\"datePublished\":\"2023-05-23T14:44:34+00:00\",\"dateModified\":\"2023-05-23T14:44:41+00:00\",\"mainEntityOfPage\":{\"@id\":\"https:\\\/\\\/vocesdelacomuna15.com.ar\\\/press\\\/12-de-las-24-provincias-redujeron-su-esfuerzo-presupuestario-en-educacion\\\/\"},\"wordCount\":986,\"commentCount\":0,\"publisher\":{\"@id\":\"https:\\\/\\\/vocesdelacomuna15.com.ar\\\/press\\\/#organization\"},\"image\":{\"@id\":\"https:\\\/\\\/vocesdelacomuna15.com.ar\\\/press\\\/12-de-las-24-provincias-redujeron-su-esfuerzo-presupuestario-en-educacion\\\/#primaryimage\"},\"thumbnailUrl\":\"https:\\\/\\\/vocesdelacomuna15.com.ar\\\/wp-content\\\/uploads\\\/2023\\\/05\\\/1.png\",\"articleSection\":[\"Sociedad\"],\"inLanguage\":\"es-AR\",\"potentialAction\":[{\"@type\":\"CommentAction\",\"name\":\"Comment\",\"target\":[\"https:\\\/\\\/vocesdelacomuna15.com.ar\\\/press\\\/12-de-las-24-provincias-redujeron-su-esfuerzo-presupuestario-en-educacion\\\/#respond\"]}]},{\"@type\":\"WebPage\",\"@id\":\"https:\\\/\\\/vocesdelacomuna15.com.ar\\\/press\\\/12-de-las-24-provincias-redujeron-su-esfuerzo-presupuestario-en-educacion\\\/\",\"url\":\"https:\\\/\\\/vocesdelacomuna15.com.ar\\\/press\\\/12-de-las-24-provincias-redujeron-su-esfuerzo-presupuestario-en-educacion\\\/\",\"name\":\"12 de las 24 provincias redujeron su esfuerzo presupuestario en educaci\u00f3n - Voces de la Comuna 15\",\"isPartOf\":{\"@id\":\"https:\\\/\\\/vocesdelacomuna15.com.ar\\\/press\\\/#website\"},\"primaryImageOfPage\":{\"@id\":\"https:\\\/\\\/vocesdelacomuna15.com.ar\\\/press\\\/12-de-las-24-provincias-redujeron-su-esfuerzo-presupuestario-en-educacion\\\/#primaryimage\"},\"image\":{\"@id\":\"https:\\\/\\\/vocesdelacomuna15.com.ar\\\/press\\\/12-de-las-24-provincias-redujeron-su-esfuerzo-presupuestario-en-educacion\\\/#primaryimage\"},\"thumbnailUrl\":\"https:\\\/\\\/vocesdelacomuna15.com.ar\\\/wp-content\\\/uploads\\\/2023\\\/05\\\/1.png\",\"datePublished\":\"2023-05-23T14:44:34+00:00\",\"dateModified\":\"2023-05-23T14:44:41+00:00\",\"description\":\"Voces de la Comuna 15\",\"breadcrumb\":{\"@id\":\"https:\\\/\\\/vocesdelacomuna15.com.ar\\\/press\\\/12-de-las-24-provincias-redujeron-su-esfuerzo-presupuestario-en-educacion\\\/#breadcrumb\"},\"inLanguage\":\"es-AR\",\"potentialAction\":[{\"@type\":\"ReadAction\",\"target\":[\"https:\\\/\\\/vocesdelacomuna15.com.ar\\\/press\\\/12-de-las-24-provincias-redujeron-su-esfuerzo-presupuestario-en-educacion\\\/\"]}]},{\"@type\":\"ImageObject\",\"inLanguage\":\"es-AR\",\"@id\":\"https:\\\/\\\/vocesdelacomuna15.com.ar\\\/press\\\/12-de-las-24-provincias-redujeron-su-esfuerzo-presupuestario-en-educacion\\\/#primaryimage\",\"url\":\"https:\\\/\\\/vocesdelacomuna15.com.ar\\\/wp-content\\\/uploads\\\/2023\\\/05\\\/1.png\",\"contentUrl\":\"https:\\\/\\\/vocesdelacomuna15.com.ar\\\/wp-content\\\/uploads\\\/2023\\\/05\\\/1.png\",\"width\":549,\"height\":364},{\"@type\":\"BreadcrumbList\",\"@id\":\"https:\\\/\\\/vocesdelacomuna15.com.ar\\\/press\\\/12-de-las-24-provincias-redujeron-su-esfuerzo-presupuestario-en-educacion\\\/#breadcrumb\",\"itemListElement\":[{\"@type\":\"ListItem\",\"position\":1,\"name\":\"Inicio\",\"item\":\"https:\\\/\\\/vocesdelacomuna15.com.ar\\\/press\\\/\"},{\"@type\":\"ListItem\",\"position\":2,\"name\":\"12 de las 24 provincias redujeron su esfuerzo presupuestario en educaci\u00f3n\"}]},{\"@type\":\"WebSite\",\"@id\":\"https:\\\/\\\/vocesdelacomuna15.com.ar\\\/press\\\/#website\",\"url\":\"https:\\\/\\\/vocesdelacomuna15.com.ar\\\/press\\\/\",\"name\":\"Voces de la Comuna 15\",\"description\":\"Sitio web de noticias\",\"publisher\":{\"@id\":\"https:\\\/\\\/vocesdelacomuna15.com.ar\\\/press\\\/#organization\"},\"potentialAction\":[{\"@type\":\"SearchAction\",\"target\":{\"@type\":\"EntryPoint\",\"urlTemplate\":\"https:\\\/\\\/vocesdelacomuna15.com.ar\\\/press\\\/?s={search_term_string}\"},\"query-input\":{\"@type\":\"PropertyValueSpecification\",\"valueRequired\":true,\"valueName\":\"search_term_string\"}}],\"inLanguage\":\"es-AR\"},{\"@type\":\"Organization\",\"@id\":\"https:\\\/\\\/vocesdelacomuna15.com.ar\\\/press\\\/#organization\",\"name\":\"Voces de la Comuna 15\",\"url\":\"https:\\\/\\\/vocesdelacomuna15.com.ar\\\/press\\\/\",\"logo\":{\"@type\":\"ImageObject\",\"inLanguage\":\"es-AR\",\"@id\":\"https:\\\/\\\/vocesdelacomuna15.com.ar\\\/press\\\/#\\\/schema\\\/logo\\\/image\\\/\",\"url\":\"https:\\\/\\\/vocesdelacomuna15.com.ar\\\/wp-content\\\/uploads\\\/2024\\\/12\\\/cropped-logo_voces.jpg\",\"contentUrl\":\"https:\\\/\\\/vocesdelacomuna15.com.ar\\\/wp-content\\\/uploads\\\/2024\\\/12\\\/cropped-logo_voces.jpg\",\"width\":512,\"height\":512,\"caption\":\"Voces de la Comuna 15\"},\"image\":{\"@id\":\"https:\\\/\\\/vocesdelacomuna15.com.ar\\\/press\\\/#\\\/schema\\\/logo\\\/image\\\/\"},\"sameAs\":[\"https:\\\/\\\/www.facebook.com\\\/VocesComuna15\\\/\",\"https:\\\/\\\/x.com\\\/vocescomuna15\"]},{\"@type\":\"Person\",\"@id\":\"https:\\\/\\\/vocesdelacomuna15.com.ar\\\/press\\\/#\\\/schema\\\/person\\\/4739e109db25d799cd3d139eeb509e43\",\"name\":\"Federico Arguto\",\"image\":{\"@type\":\"ImageObject\",\"inLanguage\":\"es-AR\",\"@id\":\"https:\\\/\\\/vocesdelacomuna15.com.ar\\\/wp-content\\\/litespeed\\\/avatar\\\/82faf979976f1bae889b8b71f8a0a7e5.jpg?ver=1777419741\",\"url\":\"https:\\\/\\\/vocesdelacomuna15.com.ar\\\/wp-content\\\/litespeed\\\/avatar\\\/82faf979976f1bae889b8b71f8a0a7e5.jpg?ver=1777419741\",\"contentUrl\":\"https:\\\/\\\/vocesdelacomuna15.com.ar\\\/wp-content\\\/litespeed\\\/avatar\\\/82faf979976f1bae889b8b71f8a0a7e5.jpg?ver=1777419741\",\"caption\":\"Federico Arguto\"},\"url\":\"https:\\\/\\\/vocesdelacomuna15.com.ar\\\/press\\\/author\\\/fede\\\/\"}]}<\/script>\n<!-- \/ Yoast SEO plugin. -->","yoast_head_json":{"title":"12 de las 24 provincias redujeron su esfuerzo presupuestario en educaci\u00f3n - Voces de la Comuna 15","description":"Voces de la Comuna 15","robots":{"index":"index","follow":"follow","max-snippet":"max-snippet:-1","max-image-preview":"max-image-preview:large","max-video-preview":"max-video-preview:-1"},"canonical":"https:\/\/vocesdelacomuna15.com.ar\/press\/12-de-las-24-provincias-redujeron-su-esfuerzo-presupuestario-en-educacion\/","og_locale":"es_ES","og_type":"article","og_title":"12 de las 24 provincias redujeron su esfuerzo presupuestario en educaci\u00f3n - Voces de la Comuna 15","og_description":"Voces de la Comuna 15","og_url":"https:\/\/vocesdelacomuna15.com.ar\/press\/12-de-las-24-provincias-redujeron-su-esfuerzo-presupuestario-en-educacion\/","og_site_name":"Voces de la Comuna 15","article_publisher":"https:\/\/www.facebook.com\/VocesComuna15\/","article_published_time":"2023-05-23T14:44:34+00:00","article_modified_time":"2023-05-23T14:44:41+00:00","og_image":[{"width":549,"height":364,"url":"https:\/\/vocesdelacomuna15.com.ar\/wp-content\/uploads\/2023\/05\/1.png","type":"image\/png"}],"author":"Federico Arguto","twitter_card":"summary_large_image","twitter_creator":"@vocescomuna15","twitter_site":"@vocescomuna15","twitter_misc":{"Escrito por":"Federico Arguto","Tiempo de lectura":"5 minutos"},"schema":{"@context":"https:\/\/schema.org","@graph":[{"@type":"Article","@id":"https:\/\/vocesdelacomuna15.com.ar\/press\/12-de-las-24-provincias-redujeron-su-esfuerzo-presupuestario-en-educacion\/#article","isPartOf":{"@id":"https:\/\/vocesdelacomuna15.com.ar\/press\/12-de-las-24-provincias-redujeron-su-esfuerzo-presupuestario-en-educacion\/"},"author":{"name":"Federico Arguto","@id":"https:\/\/vocesdelacomuna15.com.ar\/press\/#\/schema\/person\/4739e109db25d799cd3d139eeb509e43"},"headline":"12 de las 24 provincias redujeron su esfuerzo presupuestario en educaci\u00f3n","datePublished":"2023-05-23T14:44:34+00:00","dateModified":"2023-05-23T14:44:41+00:00","mainEntityOfPage":{"@id":"https:\/\/vocesdelacomuna15.com.ar\/press\/12-de-las-24-provincias-redujeron-su-esfuerzo-presupuestario-en-educacion\/"},"wordCount":986,"commentCount":0,"publisher":{"@id":"https:\/\/vocesdelacomuna15.com.ar\/press\/#organization"},"image":{"@id":"https:\/\/vocesdelacomuna15.com.ar\/press\/12-de-las-24-provincias-redujeron-su-esfuerzo-presupuestario-en-educacion\/#primaryimage"},"thumbnailUrl":"https:\/\/vocesdelacomuna15.com.ar\/wp-content\/uploads\/2023\/05\/1.png","articleSection":["Sociedad"],"inLanguage":"es-AR","potentialAction":[{"@type":"CommentAction","name":"Comment","target":["https:\/\/vocesdelacomuna15.com.ar\/press\/12-de-las-24-provincias-redujeron-su-esfuerzo-presupuestario-en-educacion\/#respond"]}]},{"@type":"WebPage","@id":"https:\/\/vocesdelacomuna15.com.ar\/press\/12-de-las-24-provincias-redujeron-su-esfuerzo-presupuestario-en-educacion\/","url":"https:\/\/vocesdelacomuna15.com.ar\/press\/12-de-las-24-provincias-redujeron-su-esfuerzo-presupuestario-en-educacion\/","name":"12 de las 24 provincias redujeron su esfuerzo presupuestario en educaci\u00f3n - Voces de la Comuna 15","isPartOf":{"@id":"https:\/\/vocesdelacomuna15.com.ar\/press\/#website"},"primaryImageOfPage":{"@id":"https:\/\/vocesdelacomuna15.com.ar\/press\/12-de-las-24-provincias-redujeron-su-esfuerzo-presupuestario-en-educacion\/#primaryimage"},"image":{"@id":"https:\/\/vocesdelacomuna15.com.ar\/press\/12-de-las-24-provincias-redujeron-su-esfuerzo-presupuestario-en-educacion\/#primaryimage"},"thumbnailUrl":"https:\/\/vocesdelacomuna15.com.ar\/wp-content\/uploads\/2023\/05\/1.png","datePublished":"2023-05-23T14:44:34+00:00","dateModified":"2023-05-23T14:44:41+00:00","description":"Voces de la Comuna 15","breadcrumb":{"@id":"https:\/\/vocesdelacomuna15.com.ar\/press\/12-de-las-24-provincias-redujeron-su-esfuerzo-presupuestario-en-educacion\/#breadcrumb"},"inLanguage":"es-AR","potentialAction":[{"@type":"ReadAction","target":["https:\/\/vocesdelacomuna15.com.ar\/press\/12-de-las-24-provincias-redujeron-su-esfuerzo-presupuestario-en-educacion\/"]}]},{"@type":"ImageObject","inLanguage":"es-AR","@id":"https:\/\/vocesdelacomuna15.com.ar\/press\/12-de-las-24-provincias-redujeron-su-esfuerzo-presupuestario-en-educacion\/#primaryimage","url":"https:\/\/vocesdelacomuna15.com.ar\/wp-content\/uploads\/2023\/05\/1.png","contentUrl":"https:\/\/vocesdelacomuna15.com.ar\/wp-content\/uploads\/2023\/05\/1.png","width":549,"height":364},{"@type":"BreadcrumbList","@id":"https:\/\/vocesdelacomuna15.com.ar\/press\/12-de-las-24-provincias-redujeron-su-esfuerzo-presupuestario-en-educacion\/#breadcrumb","itemListElement":[{"@type":"ListItem","position":1,"name":"Inicio","item":"https:\/\/vocesdelacomuna15.com.ar\/press\/"},{"@type":"ListItem","position":2,"name":"12 de las 24 provincias redujeron su esfuerzo presupuestario en educaci\u00f3n"}]},{"@type":"WebSite","@id":"https:\/\/vocesdelacomuna15.com.ar\/press\/#website","url":"https:\/\/vocesdelacomuna15.com.ar\/press\/","name":"Voces de la Comuna 15","description":"Sitio web de noticias","publisher":{"@id":"https:\/\/vocesdelacomuna15.com.ar\/press\/#organization"},"potentialAction":[{"@type":"SearchAction","target":{"@type":"EntryPoint","urlTemplate":"https:\/\/vocesdelacomuna15.com.ar\/press\/?s={search_term_string}"},"query-input":{"@type":"PropertyValueSpecification","valueRequired":true,"valueName":"search_term_string"}}],"inLanguage":"es-AR"},{"@type":"Organization","@id":"https:\/\/vocesdelacomuna15.com.ar\/press\/#organization","name":"Voces de la Comuna 15","url":"https:\/\/vocesdelacomuna15.com.ar\/press\/","logo":{"@type":"ImageObject","inLanguage":"es-AR","@id":"https:\/\/vocesdelacomuna15.com.ar\/press\/#\/schema\/logo\/image\/","url":"https:\/\/vocesdelacomuna15.com.ar\/wp-content\/uploads\/2024\/12\/cropped-logo_voces.jpg","contentUrl":"https:\/\/vocesdelacomuna15.com.ar\/wp-content\/uploads\/2024\/12\/cropped-logo_voces.jpg","width":512,"height":512,"caption":"Voces de la Comuna 15"},"image":{"@id":"https:\/\/vocesdelacomuna15.com.ar\/press\/#\/schema\/logo\/image\/"},"sameAs":["https:\/\/www.facebook.com\/VocesComuna15\/","https:\/\/x.com\/vocescomuna15"]},{"@type":"Person","@id":"https:\/\/vocesdelacomuna15.com.ar\/press\/#\/schema\/person\/4739e109db25d799cd3d139eeb509e43","name":"Federico Arguto","image":{"@type":"ImageObject","inLanguage":"es-AR","@id":"https:\/\/vocesdelacomuna15.com.ar\/wp-content\/litespeed\/avatar\/82faf979976f1bae889b8b71f8a0a7e5.jpg?ver=1777419741","url":"https:\/\/vocesdelacomuna15.com.ar\/wp-content\/litespeed\/avatar\/82faf979976f1bae889b8b71f8a0a7e5.jpg?ver=1777419741","contentUrl":"https:\/\/vocesdelacomuna15.com.ar\/wp-content\/litespeed\/avatar\/82faf979976f1bae889b8b71f8a0a7e5.jpg?ver=1777419741","caption":"Federico Arguto"},"url":"https:\/\/vocesdelacomuna15.com.ar\/press\/author\/fede\/"}]}},"_links":{"self":[{"href":"https:\/\/vocesdelacomuna15.com.ar\/press\/wp-json\/wp\/v2\/posts\/59994","targetHints":{"allow":["GET"]}}],"collection":[{"href":"https:\/\/vocesdelacomuna15.com.ar\/press\/wp-json\/wp\/v2\/posts"}],"about":[{"href":"https:\/\/vocesdelacomuna15.com.ar\/press\/wp-json\/wp\/v2\/types\/post"}],"author":[{"embeddable":true,"href":"https:\/\/vocesdelacomuna15.com.ar\/press\/wp-json\/wp\/v2\/users\/2"}],"replies":[{"embeddable":true,"href":"https:\/\/vocesdelacomuna15.com.ar\/press\/wp-json\/wp\/v2\/comments?post=59994"}],"version-history":[{"count":1,"href":"https:\/\/vocesdelacomuna15.com.ar\/press\/wp-json\/wp\/v2\/posts\/59994\/revisions"}],"predecessor-version":[{"id":59996,"href":"https:\/\/vocesdelacomuna15.com.ar\/press\/wp-json\/wp\/v2\/posts\/59994\/revisions\/59996"}],"wp:featuredmedia":[{"embeddable":true,"href":"https:\/\/vocesdelacomuna15.com.ar\/press\/wp-json\/wp\/v2\/media\/59995"}],"wp:attachment":[{"href":"https:\/\/vocesdelacomuna15.com.ar\/press\/wp-json\/wp\/v2\/media?parent=59994"}],"wp:term":[{"taxonomy":"category","embeddable":true,"href":"https:\/\/vocesdelacomuna15.com.ar\/press\/wp-json\/wp\/v2\/categories?post=59994"},{"taxonomy":"post_tag","embeddable":true,"href":"https:\/\/vocesdelacomuna15.com.ar\/press\/wp-json\/wp\/v2\/tags?post=59994"}],"curies":[{"name":"wp","href":"https:\/\/api.w.org\/{rel}","templated":true}]}}