{"id":59924,"date":"2023-05-14T15:38:39","date_gmt":"2023-05-14T18:38:39","guid":{"rendered":"https:\/\/vocesdelacomuna15.com.ar\/wordpress\/?p=59924"},"modified":"2023-05-14T15:49:19","modified_gmt":"2023-05-14T18:49:19","slug":"la-busqueda-de-la-verdad","status":"publish","type":"post","link":"https:\/\/vocesdelacomuna15.com.ar\/press\/la-busqueda-de-la-verdad\/","title":{"rendered":"La B\u00fasqueda de la Verdad"},"content":{"rendered":"\n<p>Derecho para todos. Publicada en &#8220;Peri\u00f3dico Voces de la Comuna 15&#8221; (Abril 2023)<\/p>\n\n\n\n<p>Desde los inicios del Derecho se ha intentado lograr dar con la VERDAD. Sabemos que el conflicto inicia cuando uno reclama algo y el otro se niega a darlo, o expone que no est\u00e1 de acuerdo con ello.<\/p>\n\n\n\n<p>Pero \u00bfQui\u00e9n tiene la raz\u00f3n? Muchas veces contactamos a un abogado como un medio para lograr que nos den la raz\u00f3n, para sentirnos acompa\u00f1ados y con mayor poder para oponernos a lo que no queremos, o exigir lo que queremos; para que hable, defienda nuestros intereses y <strong>diga nuestra verdad<\/strong>. Abogar (hablar).<\/p>\n\n\n\n<p>Lo que ocurre es que la verdad muchas veces depende del punto de vista de donde se mire. No hay verdades absolutas, todos tienen sus razones para hacer lo que hicieron o exigir lo que exigen, todos absolutamente, desde los ciudadanos, hasta el estado mismo cuando exige desde su organismo judicial.<\/p>\n\n\n\n<p>A lo largo de la historia la b\u00fasqueda de la verdad se ha intentado por varios m\u00e9todos. La tortura es uno de los m\u00e1s conocidos y utilizados por casi todas las culturas que atravesaron la historia. La m\u00e1s conocida en nuestros d\u00edas es la <strong>SANTA INQUISICION <sub>1<\/sub><\/strong> .Este m\u00e9todo inquisidor introduce la <strong>INDAGACION<\/strong> <strong><sub>2<\/sub><\/strong><sub> &nbsp;<\/sub>que es utilizada hoy en d\u00eda por nuestro aparato jur\u00eddico penal para la b\u00fasqueda de la verdad. Es una presi\u00f3n mediante preguntas que seguir\u00e1n una pista. Se ha demostrado a lo largo de la historia que el dolor de las torturas solo lograba que la persona confiese a\u00fan sin haber cometido el delito. Es decir, comprender que para que cese un dolor cualquiera se auto determinaba culpable.<\/p>\n\n\n\n<p>De esta manera, se lograba siempre tener un culpable y funcionaba el sistema judicial a la perfecci\u00f3n, la condena era siempre para el confeso. As\u00ed nuevamente se justificara siempre el poder punitivo.<\/p>\n\n\n\n<p>&nbsp;Si bien en nuestros tiempos la tortura, est\u00e1 prohibida, (aunque es utilizada de manera ilegal en comisar\u00edas y calabozos), la indagatoria esta procesalmente admitida, reglamentada y es fundamental para que se desarrolle el proceso. <strong>A\u00fan se intenta \u201carrancar la verdad\u201d en todas sus formas<\/strong>. El ritual en la b\u00fasqueda de la verdad en un proceso, supera la normativa vigente. La investigaci\u00f3n ser\u00e1 realizada por el Ministerio Publico Fiscal, o el Juzgado en una instancia preparatoria de pruebas, se llamaran a testigos, se intervendr\u00e1n tel\u00e9fonos, redes sociales, se grabara seg\u00fan orden correspondiente y se ingresara al domicilio con potestad de revolver absolutamente todo. Tambi\u00e9n recordemos que la persona sin ser a\u00fan demostrando su inocencia o culpabilidad puede permanecer detenida si se re\u00fanen algunas caracter\u00edsticas (Por ej: peligro de fuga o entorpecimiento de la investigaci\u00f3n).<\/p>\n\n\n\n<p>&nbsp;Esto da como resultado que la persona acusada de un supuesto delito quede envuelta en todo este proceso de investigaci\u00f3n, <strong>violento, invasivo y omnipotente<\/strong> en los \u00e1mbitos incluso privados de esa persona, todo con tal de lograr la averiguaci\u00f3n de la verdad.<\/p>\n\n\n\n<p>Entonces la verdad ser\u00e1 <strong>construida <\/strong>mediante pruebas o indicios mediante un arduo proceso, donde se lograra <strong>crear entre cada prueba una convicci\u00f3n de lo ocurrido<\/strong>.<\/p>\n\n\n\n<p>En esta pelea de distorsionar y crear realidades, lejos queda la realidad de un hecho.&nbsp; Habr\u00e1 siempre, dos, tres, cuatro teor\u00edas; una por parte del ministerio p\u00fablico, otra por parte de la defensa y finalmente otra creada de las pruebas. Claramente sigue siendo un riesgo en nuestra sociedad un sistema de estas caracter\u00edsticas, porque sabemos que los testigos mienten, que las pericias no son ciencias exactas, que las razones se crean, y que si la \u00fanica finalidad estatal es justificar el aparato punitivo. Por lo tanto el resultado, siempre y casi siempre ser\u00e1, que debe haber un CULPABLE.&nbsp;<\/p>\n\n\n\n<p>Carla Florencia Gonz\u00e1lez<\/p>\n\n\n\n<p>Abogada penalista<\/p>\n\n\n\n<p><strong>1<\/strong> <em>El t\u00e9rmino&nbsp;<strong>inquisici\u00f3n<\/strong>&nbsp;(del&nbsp;<\/em><a href=\"https:\/\/es.wikipedia.org\/wiki\/Lat%C3%ADn\"><em>lat\u00edn<\/em><\/a><em>&nbsp;inquisitio, &#8220;averiguaci\u00f3n&#8221;, &#8220;investigaci\u00f3n&#8221;), en sentido amplio, es un&nbsp;<\/em><a href=\"https:\/\/es.wikipedia.org\/wiki\/Tribunal\"><em>tribunal<\/em><\/a><em>&nbsp;<\/em><a href=\"https:\/\/es.wikipedia.org\/wiki\/Religi%C3%B3n\"><em>religioso<\/em><\/a><em>&nbsp;que averigua y castiga los&nbsp;<\/em><a href=\"https:\/\/es.wikipedia.org\/wiki\/Delito\"><em>delitos<\/em><\/a><em>&nbsp;contra la&nbsp;<\/em><a href=\"https:\/\/es.wikipedia.org\/wiki\/Fe\"><em>fe<\/em><\/a><em>. M\u00e1s espec\u00edficamente, la Inquisici\u00f3n o&nbsp;<strong>Santa Inquisici\u00f3n<\/strong>&nbsp;hace referencia tanto al proceso legal como a las instituciones de la&nbsp;<\/em><a href=\"https:\/\/es.wikipedia.org\/wiki\/Iglesia_cat%C3%B3lica\"><em>Iglesia cat\u00f3lica<\/em><\/a><em>\u2026Fuente:<\/em> Wikipedia<\/p>\n\n\n\n<p><strong>2 <\/strong><em>Etimol\u00f3gicamente significa\u00a0 (seguir la pista de un animal). Indagare deriva de indago que se refer\u00eda a la acci\u00f3n de un grupo de cazadores que hac\u00edan moverse a la presa, hasta meterla dentro de un recinto. Fuente:<\/em> etimologias.dechile.net<\/p>\n\n\n\n<p><\/p>\n\n\n\n<p>Foto: Conocemiciudad.com<\/p>\n<div class=\"pvc_clear\"><\/div><p id=\"pvc_stats_59924\" class=\"pvc_stats all  \" data-element-id=\"59924\" style=\"\"><i class=\"pvc-stats-icon small\" aria-hidden=\"true\"><svg aria-hidden=\"true\" focusable=\"false\" data-prefix=\"far\" data-icon=\"chart-bar\" role=\"img\" xmlns=\"http:\/\/www.w3.org\/2000\/svg\" viewBox=\"0 0 512 512\" class=\"svg-inline--fa fa-chart-bar fa-w-16 fa-2x\"><path fill=\"currentColor\" d=\"M396.8 352h22.4c6.4 0 12.8-6.4 12.8-12.8V108.8c0-6.4-6.4-12.8-12.8-12.8h-22.4c-6.4 0-12.8 6.4-12.8 12.8v230.4c0 6.4 6.4 12.8 12.8 12.8zm-192 0h22.4c6.4 0 12.8-6.4 12.8-12.8V140.8c0-6.4-6.4-12.8-12.8-12.8h-22.4c-6.4 0-12.8 6.4-12.8 12.8v198.4c0 6.4 6.4 12.8 12.8 12.8zm96 0h22.4c6.4 0 12.8-6.4 12.8-12.8V204.8c0-6.4-6.4-12.8-12.8-12.8h-22.4c-6.4 0-12.8 6.4-12.8 12.8v134.4c0 6.4 6.4 12.8 12.8 12.8zM496 400H48V80c0-8.84-7.16-16-16-16H16C7.16 64 0 71.16 0 80v336c0 17.67 14.33 32 32 32h464c8.84 0 16-7.16 16-16v-16c0-8.84-7.16-16-16-16zm-387.2-48h22.4c6.4 0 12.8-6.4 12.8-12.8v-70.4c0-6.4-6.4-12.8-12.8-12.8h-22.4c-6.4 0-12.8 6.4-12.8 12.8v70.4c0 6.4 6.4 12.8 12.8 12.8z\" class=\"\"><\/path><\/svg><\/i> <img loading=\"lazy\" decoding=\"async\" width=\"16\" height=\"16\" alt=\"Loading\" src=\"https:\/\/vocesdelacomuna15.com.ar\/wp-content\/plugins\/page-views-count\/ajax-loader-2x.gif\" border=0 \/><\/p><div class=\"pvc_clear\"><\/div>","protected":false},"excerpt":{"rendered":"<p>Derecho para todos. Publicada en &#8220;Peri\u00f3dico Voces de la Comuna 15&#8221; (Abril 2023) Desde los inicios del Derecho se ha intentado lograr dar con la VERDAD. Sabemos que el conflicto inicia cuando uno reclama algo y el otro se niega a darlo, o expone que no est\u00e1 de acuerdo con ello. Pero \u00bfQui\u00e9n tiene la [&hellip;]<\/p>\n<div class=\"pvc_clear\"><\/div>\n<p id=\"pvc_stats_59924\" class=\"pvc_stats all  \" data-element-id=\"59924\" style=\"\"><i class=\"pvc-stats-icon small\" aria-hidden=\"true\"><svg aria-hidden=\"true\" focusable=\"false\" data-prefix=\"far\" data-icon=\"chart-bar\" role=\"img\" xmlns=\"http:\/\/www.w3.org\/2000\/svg\" viewBox=\"0 0 512 512\" class=\"svg-inline--fa fa-chart-bar fa-w-16 fa-2x\"><path fill=\"currentColor\" d=\"M396.8 352h22.4c6.4 0 12.8-6.4 12.8-12.8V108.8c0-6.4-6.4-12.8-12.8-12.8h-22.4c-6.4 0-12.8 6.4-12.8 12.8v230.4c0 6.4 6.4 12.8 12.8 12.8zm-192 0h22.4c6.4 0 12.8-6.4 12.8-12.8V140.8c0-6.4-6.4-12.8-12.8-12.8h-22.4c-6.4 0-12.8 6.4-12.8 12.8v198.4c0 6.4 6.4 12.8 12.8 12.8zm96 0h22.4c6.4 0 12.8-6.4 12.8-12.8V204.8c0-6.4-6.4-12.8-12.8-12.8h-22.4c-6.4 0-12.8 6.4-12.8 12.8v134.4c0 6.4 6.4 12.8 12.8 12.8zM496 400H48V80c0-8.84-7.16-16-16-16H16C7.16 64 0 71.16 0 80v336c0 17.67 14.33 32 32 32h464c8.84 0 16-7.16 16-16v-16c0-8.84-7.16-16-16-16zm-387.2-48h22.4c6.4 0 12.8-6.4 12.8-12.8v-70.4c0-6.4-6.4-12.8-12.8-12.8h-22.4c-6.4 0-12.8 6.4-12.8 12.8v70.4c0 6.4 6.4 12.8 12.8 12.8z\" class=\"\"><\/path><\/svg><\/i> <img loading=\"lazy\" decoding=\"async\" width=\"16\" height=\"16\" alt=\"Loading\" src=\"https:\/\/vocesdelacomuna15.com.ar\/wp-content\/plugins\/page-views-count\/ajax-loader-2x.gif\" border=0 \/><\/p>\n<div class=\"pvc_clear\"><\/div>\n","protected":false},"author":2,"featured_media":59925,"comment_status":"open","ping_status":"open","sticky":false,"template":"","format":"standard","meta":{"_et_pb_use_builder":"","_et_pb_old_content":"","_et_gb_content_width":"","footnotes":""},"categories":[8],"tags":[],"class_list":["post-59924","post","type-post","status-publish","format-standard","has-post-thumbnail","hentry","category-sociedad","et-has-post-format-content","et_post_format-et-post-format-standard"],"a3_pvc":{"activated":true,"total_views":59,"today_views":0},"yoast_head":"<!-- This site is optimized with the Yoast SEO plugin v27.5 - https:\/\/yoast.com\/product\/yoast-seo-wordpress\/ -->\n<title>La B\u00fasqueda de la Verdad - Voces de la Comuna 15<\/title>\n<meta name=\"description\" content=\"Voces de la Comuna 15\" \/>\n<meta name=\"robots\" content=\"index, follow, max-snippet:-1, max-image-preview:large, max-video-preview:-1\" \/>\n<link rel=\"canonical\" href=\"https:\/\/vocesdelacomuna15.com.ar\/press\/la-busqueda-de-la-verdad\/\" \/>\n<meta property=\"og:locale\" content=\"es_ES\" \/>\n<meta property=\"og:type\" content=\"article\" \/>\n<meta property=\"og:title\" content=\"La B\u00fasqueda de la Verdad - Voces de la Comuna 15\" \/>\n<meta property=\"og:description\" content=\"Voces de la Comuna 15\" \/>\n<meta property=\"og:url\" content=\"https:\/\/vocesdelacomuna15.com.ar\/press\/la-busqueda-de-la-verdad\/\" \/>\n<meta property=\"og:site_name\" content=\"Voces de la Comuna 15\" \/>\n<meta property=\"article:publisher\" content=\"https:\/\/www.facebook.com\/VocesComuna15\/\" \/>\n<meta property=\"article:published_time\" content=\"2023-05-14T18:38:39+00:00\" \/>\n<meta property=\"article:modified_time\" content=\"2023-05-14T18:49:19+00:00\" \/>\n<meta property=\"og:image\" content=\"https:\/\/vocesdelacomuna15.com.ar\/wp-content\/uploads\/2023\/05\/NOTA-CARLA.jpg\" \/>\n\t<meta property=\"og:image:width\" content=\"450\" \/>\n\t<meta property=\"og:image:height\" content=\"300\" \/>\n\t<meta property=\"og:image:type\" content=\"image\/jpeg\" \/>\n<meta name=\"author\" content=\"Federico Arguto\" \/>\n<meta name=\"twitter:card\" content=\"summary_large_image\" \/>\n<meta name=\"twitter:creator\" content=\"@vocescomuna15\" \/>\n<meta name=\"twitter:site\" content=\"@vocescomuna15\" \/>\n<meta name=\"twitter:label1\" content=\"Escrito por\" \/>\n\t<meta name=\"twitter:data1\" content=\"Federico Arguto\" \/>\n\t<meta name=\"twitter:label2\" content=\"Tiempo de lectura\" \/>\n\t<meta name=\"twitter:data2\" content=\"4 minutos\" \/>\n<script type=\"application\/ld+json\" class=\"yoast-schema-graph\">{\"@context\":\"https:\\\/\\\/schema.org\",\"@graph\":[{\"@type\":\"Article\",\"@id\":\"https:\\\/\\\/vocesdelacomuna15.com.ar\\\/press\\\/la-busqueda-de-la-verdad\\\/#article\",\"isPartOf\":{\"@id\":\"https:\\\/\\\/vocesdelacomuna15.com.ar\\\/press\\\/la-busqueda-de-la-verdad\\\/\"},\"author\":{\"name\":\"Federico Arguto\",\"@id\":\"https:\\\/\\\/vocesdelacomuna15.com.ar\\\/press\\\/#\\\/schema\\\/person\\\/4739e109db25d799cd3d139eeb509e43\"},\"headline\":\"La B\u00fasqueda de la Verdad\",\"datePublished\":\"2023-05-14T18:38:39+00:00\",\"dateModified\":\"2023-05-14T18:49:19+00:00\",\"mainEntityOfPage\":{\"@id\":\"https:\\\/\\\/vocesdelacomuna15.com.ar\\\/press\\\/la-busqueda-de-la-verdad\\\/\"},\"wordCount\":770,\"commentCount\":0,\"publisher\":{\"@id\":\"https:\\\/\\\/vocesdelacomuna15.com.ar\\\/press\\\/#organization\"},\"image\":{\"@id\":\"https:\\\/\\\/vocesdelacomuna15.com.ar\\\/press\\\/la-busqueda-de-la-verdad\\\/#primaryimage\"},\"thumbnailUrl\":\"https:\\\/\\\/vocesdelacomuna15.com.ar\\\/wp-content\\\/uploads\\\/2023\\\/05\\\/NOTA-CARLA.jpg\",\"articleSection\":[\"Sociedad\"],\"inLanguage\":\"es-AR\",\"potentialAction\":[{\"@type\":\"CommentAction\",\"name\":\"Comment\",\"target\":[\"https:\\\/\\\/vocesdelacomuna15.com.ar\\\/press\\\/la-busqueda-de-la-verdad\\\/#respond\"]}]},{\"@type\":\"WebPage\",\"@id\":\"https:\\\/\\\/vocesdelacomuna15.com.ar\\\/press\\\/la-busqueda-de-la-verdad\\\/\",\"url\":\"https:\\\/\\\/vocesdelacomuna15.com.ar\\\/press\\\/la-busqueda-de-la-verdad\\\/\",\"name\":\"La B\u00fasqueda de la Verdad - Voces de la Comuna 15\",\"isPartOf\":{\"@id\":\"https:\\\/\\\/vocesdelacomuna15.com.ar\\\/press\\\/#website\"},\"primaryImageOfPage\":{\"@id\":\"https:\\\/\\\/vocesdelacomuna15.com.ar\\\/press\\\/la-busqueda-de-la-verdad\\\/#primaryimage\"},\"image\":{\"@id\":\"https:\\\/\\\/vocesdelacomuna15.com.ar\\\/press\\\/la-busqueda-de-la-verdad\\\/#primaryimage\"},\"thumbnailUrl\":\"https:\\\/\\\/vocesdelacomuna15.com.ar\\\/wp-content\\\/uploads\\\/2023\\\/05\\\/NOTA-CARLA.jpg\",\"datePublished\":\"2023-05-14T18:38:39+00:00\",\"dateModified\":\"2023-05-14T18:49:19+00:00\",\"description\":\"Voces de la Comuna 15\",\"breadcrumb\":{\"@id\":\"https:\\\/\\\/vocesdelacomuna15.com.ar\\\/press\\\/la-busqueda-de-la-verdad\\\/#breadcrumb\"},\"inLanguage\":\"es-AR\",\"potentialAction\":[{\"@type\":\"ReadAction\",\"target\":[\"https:\\\/\\\/vocesdelacomuna15.com.ar\\\/press\\\/la-busqueda-de-la-verdad\\\/\"]}]},{\"@type\":\"ImageObject\",\"inLanguage\":\"es-AR\",\"@id\":\"https:\\\/\\\/vocesdelacomuna15.com.ar\\\/press\\\/la-busqueda-de-la-verdad\\\/#primaryimage\",\"url\":\"https:\\\/\\\/vocesdelacomuna15.com.ar\\\/wp-content\\\/uploads\\\/2023\\\/05\\\/NOTA-CARLA.jpg\",\"contentUrl\":\"https:\\\/\\\/vocesdelacomuna15.com.ar\\\/wp-content\\\/uploads\\\/2023\\\/05\\\/NOTA-CARLA.jpg\",\"width\":450,\"height\":300},{\"@type\":\"BreadcrumbList\",\"@id\":\"https:\\\/\\\/vocesdelacomuna15.com.ar\\\/press\\\/la-busqueda-de-la-verdad\\\/#breadcrumb\",\"itemListElement\":[{\"@type\":\"ListItem\",\"position\":1,\"name\":\"Inicio\",\"item\":\"https:\\\/\\\/vocesdelacomuna15.com.ar\\\/press\\\/\"},{\"@type\":\"ListItem\",\"position\":2,\"name\":\"La B\u00fasqueda de la Verdad\"}]},{\"@type\":\"WebSite\",\"@id\":\"https:\\\/\\\/vocesdelacomuna15.com.ar\\\/press\\\/#website\",\"url\":\"https:\\\/\\\/vocesdelacomuna15.com.ar\\\/press\\\/\",\"name\":\"Voces de la Comuna 15\",\"description\":\"Sitio web de noticias\",\"publisher\":{\"@id\":\"https:\\\/\\\/vocesdelacomuna15.com.ar\\\/press\\\/#organization\"},\"potentialAction\":[{\"@type\":\"SearchAction\",\"target\":{\"@type\":\"EntryPoint\",\"urlTemplate\":\"https:\\\/\\\/vocesdelacomuna15.com.ar\\\/press\\\/?s={search_term_string}\"},\"query-input\":{\"@type\":\"PropertyValueSpecification\",\"valueRequired\":true,\"valueName\":\"search_term_string\"}}],\"inLanguage\":\"es-AR\"},{\"@type\":\"Organization\",\"@id\":\"https:\\\/\\\/vocesdelacomuna15.com.ar\\\/press\\\/#organization\",\"name\":\"Voces de la Comuna 15\",\"url\":\"https:\\\/\\\/vocesdelacomuna15.com.ar\\\/press\\\/\",\"logo\":{\"@type\":\"ImageObject\",\"inLanguage\":\"es-AR\",\"@id\":\"https:\\\/\\\/vocesdelacomuna15.com.ar\\\/press\\\/#\\\/schema\\\/logo\\\/image\\\/\",\"url\":\"https:\\\/\\\/vocesdelacomuna15.com.ar\\\/wp-content\\\/uploads\\\/2024\\\/12\\\/cropped-logo_voces.jpg\",\"contentUrl\":\"https:\\\/\\\/vocesdelacomuna15.com.ar\\\/wp-content\\\/uploads\\\/2024\\\/12\\\/cropped-logo_voces.jpg\",\"width\":512,\"height\":512,\"caption\":\"Voces de la Comuna 15\"},\"image\":{\"@id\":\"https:\\\/\\\/vocesdelacomuna15.com.ar\\\/press\\\/#\\\/schema\\\/logo\\\/image\\\/\"},\"sameAs\":[\"https:\\\/\\\/www.facebook.com\\\/VocesComuna15\\\/\",\"https:\\\/\\\/x.com\\\/vocescomuna15\"]},{\"@type\":\"Person\",\"@id\":\"https:\\\/\\\/vocesdelacomuna15.com.ar\\\/press\\\/#\\\/schema\\\/person\\\/4739e109db25d799cd3d139eeb509e43\",\"name\":\"Federico Arguto\",\"image\":{\"@type\":\"ImageObject\",\"inLanguage\":\"es-AR\",\"@id\":\"https:\\\/\\\/vocesdelacomuna15.com.ar\\\/wp-content\\\/litespeed\\\/avatar\\\/82faf979976f1bae889b8b71f8a0a7e5.jpg?ver=1777419741\",\"url\":\"https:\\\/\\\/vocesdelacomuna15.com.ar\\\/wp-content\\\/litespeed\\\/avatar\\\/82faf979976f1bae889b8b71f8a0a7e5.jpg?ver=1777419741\",\"contentUrl\":\"https:\\\/\\\/vocesdelacomuna15.com.ar\\\/wp-content\\\/litespeed\\\/avatar\\\/82faf979976f1bae889b8b71f8a0a7e5.jpg?ver=1777419741\",\"caption\":\"Federico Arguto\"},\"url\":\"https:\\\/\\\/vocesdelacomuna15.com.ar\\\/press\\\/author\\\/fede\\\/\"}]}<\/script>\n<!-- \/ Yoast SEO plugin. -->","yoast_head_json":{"title":"La B\u00fasqueda de la Verdad - Voces de la Comuna 15","description":"Voces de la Comuna 15","robots":{"index":"index","follow":"follow","max-snippet":"max-snippet:-1","max-image-preview":"max-image-preview:large","max-video-preview":"max-video-preview:-1"},"canonical":"https:\/\/vocesdelacomuna15.com.ar\/press\/la-busqueda-de-la-verdad\/","og_locale":"es_ES","og_type":"article","og_title":"La B\u00fasqueda de la Verdad - Voces de la Comuna 15","og_description":"Voces de la Comuna 15","og_url":"https:\/\/vocesdelacomuna15.com.ar\/press\/la-busqueda-de-la-verdad\/","og_site_name":"Voces de la Comuna 15","article_publisher":"https:\/\/www.facebook.com\/VocesComuna15\/","article_published_time":"2023-05-14T18:38:39+00:00","article_modified_time":"2023-05-14T18:49:19+00:00","og_image":[{"width":450,"height":300,"url":"https:\/\/vocesdelacomuna15.com.ar\/wp-content\/uploads\/2023\/05\/NOTA-CARLA.jpg","type":"image\/jpeg"}],"author":"Federico Arguto","twitter_card":"summary_large_image","twitter_creator":"@vocescomuna15","twitter_site":"@vocescomuna15","twitter_misc":{"Escrito por":"Federico Arguto","Tiempo de lectura":"4 minutos"},"schema":{"@context":"https:\/\/schema.org","@graph":[{"@type":"Article","@id":"https:\/\/vocesdelacomuna15.com.ar\/press\/la-busqueda-de-la-verdad\/#article","isPartOf":{"@id":"https:\/\/vocesdelacomuna15.com.ar\/press\/la-busqueda-de-la-verdad\/"},"author":{"name":"Federico Arguto","@id":"https:\/\/vocesdelacomuna15.com.ar\/press\/#\/schema\/person\/4739e109db25d799cd3d139eeb509e43"},"headline":"La B\u00fasqueda de la Verdad","datePublished":"2023-05-14T18:38:39+00:00","dateModified":"2023-05-14T18:49:19+00:00","mainEntityOfPage":{"@id":"https:\/\/vocesdelacomuna15.com.ar\/press\/la-busqueda-de-la-verdad\/"},"wordCount":770,"commentCount":0,"publisher":{"@id":"https:\/\/vocesdelacomuna15.com.ar\/press\/#organization"},"image":{"@id":"https:\/\/vocesdelacomuna15.com.ar\/press\/la-busqueda-de-la-verdad\/#primaryimage"},"thumbnailUrl":"https:\/\/vocesdelacomuna15.com.ar\/wp-content\/uploads\/2023\/05\/NOTA-CARLA.jpg","articleSection":["Sociedad"],"inLanguage":"es-AR","potentialAction":[{"@type":"CommentAction","name":"Comment","target":["https:\/\/vocesdelacomuna15.com.ar\/press\/la-busqueda-de-la-verdad\/#respond"]}]},{"@type":"WebPage","@id":"https:\/\/vocesdelacomuna15.com.ar\/press\/la-busqueda-de-la-verdad\/","url":"https:\/\/vocesdelacomuna15.com.ar\/press\/la-busqueda-de-la-verdad\/","name":"La B\u00fasqueda de la Verdad - Voces de la Comuna 15","isPartOf":{"@id":"https:\/\/vocesdelacomuna15.com.ar\/press\/#website"},"primaryImageOfPage":{"@id":"https:\/\/vocesdelacomuna15.com.ar\/press\/la-busqueda-de-la-verdad\/#primaryimage"},"image":{"@id":"https:\/\/vocesdelacomuna15.com.ar\/press\/la-busqueda-de-la-verdad\/#primaryimage"},"thumbnailUrl":"https:\/\/vocesdelacomuna15.com.ar\/wp-content\/uploads\/2023\/05\/NOTA-CARLA.jpg","datePublished":"2023-05-14T18:38:39+00:00","dateModified":"2023-05-14T18:49:19+00:00","description":"Voces de la Comuna 15","breadcrumb":{"@id":"https:\/\/vocesdelacomuna15.com.ar\/press\/la-busqueda-de-la-verdad\/#breadcrumb"},"inLanguage":"es-AR","potentialAction":[{"@type":"ReadAction","target":["https:\/\/vocesdelacomuna15.com.ar\/press\/la-busqueda-de-la-verdad\/"]}]},{"@type":"ImageObject","inLanguage":"es-AR","@id":"https:\/\/vocesdelacomuna15.com.ar\/press\/la-busqueda-de-la-verdad\/#primaryimage","url":"https:\/\/vocesdelacomuna15.com.ar\/wp-content\/uploads\/2023\/05\/NOTA-CARLA.jpg","contentUrl":"https:\/\/vocesdelacomuna15.com.ar\/wp-content\/uploads\/2023\/05\/NOTA-CARLA.jpg","width":450,"height":300},{"@type":"BreadcrumbList","@id":"https:\/\/vocesdelacomuna15.com.ar\/press\/la-busqueda-de-la-verdad\/#breadcrumb","itemListElement":[{"@type":"ListItem","position":1,"name":"Inicio","item":"https:\/\/vocesdelacomuna15.com.ar\/press\/"},{"@type":"ListItem","position":2,"name":"La B\u00fasqueda de la Verdad"}]},{"@type":"WebSite","@id":"https:\/\/vocesdelacomuna15.com.ar\/press\/#website","url":"https:\/\/vocesdelacomuna15.com.ar\/press\/","name":"Voces de la Comuna 15","description":"Sitio web de noticias","publisher":{"@id":"https:\/\/vocesdelacomuna15.com.ar\/press\/#organization"},"potentialAction":[{"@type":"SearchAction","target":{"@type":"EntryPoint","urlTemplate":"https:\/\/vocesdelacomuna15.com.ar\/press\/?s={search_term_string}"},"query-input":{"@type":"PropertyValueSpecification","valueRequired":true,"valueName":"search_term_string"}}],"inLanguage":"es-AR"},{"@type":"Organization","@id":"https:\/\/vocesdelacomuna15.com.ar\/press\/#organization","name":"Voces de la Comuna 15","url":"https:\/\/vocesdelacomuna15.com.ar\/press\/","logo":{"@type":"ImageObject","inLanguage":"es-AR","@id":"https:\/\/vocesdelacomuna15.com.ar\/press\/#\/schema\/logo\/image\/","url":"https:\/\/vocesdelacomuna15.com.ar\/wp-content\/uploads\/2024\/12\/cropped-logo_voces.jpg","contentUrl":"https:\/\/vocesdelacomuna15.com.ar\/wp-content\/uploads\/2024\/12\/cropped-logo_voces.jpg","width":512,"height":512,"caption":"Voces de la Comuna 15"},"image":{"@id":"https:\/\/vocesdelacomuna15.com.ar\/press\/#\/schema\/logo\/image\/"},"sameAs":["https:\/\/www.facebook.com\/VocesComuna15\/","https:\/\/x.com\/vocescomuna15"]},{"@type":"Person","@id":"https:\/\/vocesdelacomuna15.com.ar\/press\/#\/schema\/person\/4739e109db25d799cd3d139eeb509e43","name":"Federico Arguto","image":{"@type":"ImageObject","inLanguage":"es-AR","@id":"https:\/\/vocesdelacomuna15.com.ar\/wp-content\/litespeed\/avatar\/82faf979976f1bae889b8b71f8a0a7e5.jpg?ver=1777419741","url":"https:\/\/vocesdelacomuna15.com.ar\/wp-content\/litespeed\/avatar\/82faf979976f1bae889b8b71f8a0a7e5.jpg?ver=1777419741","contentUrl":"https:\/\/vocesdelacomuna15.com.ar\/wp-content\/litespeed\/avatar\/82faf979976f1bae889b8b71f8a0a7e5.jpg?ver=1777419741","caption":"Federico Arguto"},"url":"https:\/\/vocesdelacomuna15.com.ar\/press\/author\/fede\/"}]}},"_links":{"self":[{"href":"https:\/\/vocesdelacomuna15.com.ar\/press\/wp-json\/wp\/v2\/posts\/59924","targetHints":{"allow":["GET"]}}],"collection":[{"href":"https:\/\/vocesdelacomuna15.com.ar\/press\/wp-json\/wp\/v2\/posts"}],"about":[{"href":"https:\/\/vocesdelacomuna15.com.ar\/press\/wp-json\/wp\/v2\/types\/post"}],"author":[{"embeddable":true,"href":"https:\/\/vocesdelacomuna15.com.ar\/press\/wp-json\/wp\/v2\/users\/2"}],"replies":[{"embeddable":true,"href":"https:\/\/vocesdelacomuna15.com.ar\/press\/wp-json\/wp\/v2\/comments?post=59924"}],"version-history":[{"count":2,"href":"https:\/\/vocesdelacomuna15.com.ar\/press\/wp-json\/wp\/v2\/posts\/59924\/revisions"}],"predecessor-version":[{"id":59927,"href":"https:\/\/vocesdelacomuna15.com.ar\/press\/wp-json\/wp\/v2\/posts\/59924\/revisions\/59927"}],"wp:featuredmedia":[{"embeddable":true,"href":"https:\/\/vocesdelacomuna15.com.ar\/press\/wp-json\/wp\/v2\/media\/59925"}],"wp:attachment":[{"href":"https:\/\/vocesdelacomuna15.com.ar\/press\/wp-json\/wp\/v2\/media?parent=59924"}],"wp:term":[{"taxonomy":"category","embeddable":true,"href":"https:\/\/vocesdelacomuna15.com.ar\/press\/wp-json\/wp\/v2\/categories?post=59924"},{"taxonomy":"post_tag","embeddable":true,"href":"https:\/\/vocesdelacomuna15.com.ar\/press\/wp-json\/wp\/v2\/tags?post=59924"}],"curies":[{"name":"wp","href":"https:\/\/api.w.org\/{rel}","templated":true}]}}