{"id":59918,"date":"2023-05-11T13:32:55","date_gmt":"2023-05-11T16:32:55","guid":{"rendered":"https:\/\/vocesdelacomuna15.com.ar\/wordpress\/?p=59918"},"modified":"2023-05-11T13:32:58","modified_gmt":"2023-05-11T16:32:58","slug":"cultura-en-la-comuna-15-recomendaciones-para-el-fin-de-semana-13","status":"publish","type":"post","link":"https:\/\/vocesdelacomuna15.com.ar\/press\/cultura-en-la-comuna-15-recomendaciones-para-el-fin-de-semana-13\/","title":{"rendered":"Cultura en la Comuna 15: Recomendaciones para el fin de semana"},"content":{"rendered":"\n<p>Enviadas por la web <a href=\"agendacultural15.com\">Agenda Cultural 15<\/a><\/p>\n\n\n\n<p>Replicamos aqu\u00ed las recomendaciones culturales en los barrios de Villa Crespo, Chacarita, Villa Ort\u00fazar, Parque Chas y La Paternal enviadas por el sitio web <a href=\"agendacultural15.com\">Agenda Cultural 15<\/a> :<\/p>\n\n\n\n<p>Desde Agenda Cultural 15 te vamos a enviar, una vez por semana, distintas opciones para ver y disfrutar durante el finde. Esperamos que te guste!<\/p>\n\n\n\n<p>Nos pod\u00e9s seguir en nuestras redes sociales:<\/p>\n\n\n\n<p>IG y FB: @agendacultural15<\/p>\n\n\n\n<p><strong>\u201cSi alguna vez te hace falta mi vida\u201d en El Crisol<\/strong><\/p>\n\n\n\n<p>Los viernes a las 20hs se presenta \u201cSi alguna vez te hace falta mi vida\u201d en El Crisol Teatro, Malabia 611, en el barrio de Villa Crespo.<\/p>\n\n\n\n<p>Una vieja actriz se refugia en un teatro abandonado, donde ensaya una obra para despedirse del p\u00fablico, mientras los sonidos de la iglesia vecina interrumpen su trabajo. Una periodista la propone una entrevista, y ambas desandan una historia peculiar. Despiertan los fantasmas del pasado, mientras los ensayos avanzan y se tornan compartidos. Transitan escenas de Chejov, Garc\u00eda Lorca y Florencio S\u00e1nchez, y en esa experiencia develan un secreto en com\u00fan que puede transformar sus vidas.<\/p>\n\n\n\n<p>Dramaturgia y Direcci\u00f3n: Alfredo Mart\u00edn<\/p>\n\n\n\n<p>Act\u00faan: Rosana L\u00f3pez y Elida Schinocca<\/p>\n\n\n\n<p>Entrada $2500<\/p>\n\n\n\n<p>+info: https:\/\/agendacultural15.com\/el-crisol-teatro\/<\/p>\n\n\n\n<p><strong>SACH: Se Agrand\u00f3 Chacarita #8<\/strong><\/p>\n\n\n\n<p>El s\u00e1bado y domingo de 16 a 20hs, se realizar\u00e1 la 8va. edici\u00f3n de SACH Se Agrand\u00f3 Chacarita. Artistas de los barrios de Chacarita, Villa Ort\u00fazar y Parque Chas abren sus estudios al p\u00fablico visitante.<\/p>\n\n\n\n<p>Participan 32 espacios art\u00edsticos y 140 artistas que programaron actividades como exposiciones, talleres, performance, m\u00fasica en vivo, lecturas y mucho m\u00e1s.<\/p>\n\n\n\n<p>Entrada gratuita.<\/p>\n\n\n\n<p>+info: https:\/\/agendacultural15.com\/sach-se-agrando-chacarita-6\/<\/p>\n\n\n\n<p><strong>Ferias en la Comuna 15<\/strong><\/p>\n\n\n\n<p>Este fin de semana se desarrollar\u00e1n dos ferias en la Comuna 15: la Feria de Agronom\u00eda y La Feria de Repetto, ambas con entrada libre y gratuita.<\/p>\n\n\n\n<p><strong>Feria de Agronom\u00eda<\/strong><\/p>\n\n\n\n<p>El s\u00e1bado y domingo, de 10 a 18hs, vuelve&nbsp; la Feria del Productora al Consumidor de la Facultad de Agronom\u00eda donde podr\u00e1s encontrar una enorme variedad de alimentos frescos y envasados, delicias gastron\u00f3micas, frutas y verduras de estaci\u00f3n que llegan directamente de sus productores al consumidor.<\/p>\n\n\n\n<p>La Feria es un paseo ideal para disfrutar en familia. Se podr\u00e1 entrar por la avenida San Mart\u00edn 4453 o por avenida De los Constituyentes 3454. Participar\u00e1n productores de alimentos, bebidas y artesan\u00edas. La misma, integra a 120 expositores entre los que destacan peque\u00f1os productores, emprendedores de la econom\u00eda social, gastron\u00f3micos, asociaciones y cooperativas, y los comunica directamente con el consumidor final.<\/p>\n\n\n\n<p>+info: <a href=\"https:\/\/agendacultural15.com\/feria-de-agronomia-33\/\">https:\/\/agendacultural15.com\/feria-de-agronomia-33\/<\/a><\/p>\n\n\n\n<p><strong>La Feria de Repetto<\/strong><\/p>\n\n\n\n<p>El domingo de 13 a 17hs vuelve La Feria de Repetto, N. Repetto entre Batalla del Pari y Sunchales, en el l\u00edmite de los barrios de Villa Crespo y La Paternal.<\/p>\n\n\n\n<p>La idea es disfrutar de la calle con feria artesanal, m\u00fasica en vivo, danza, teatro, lecturas, propuestas l\u00fadicas y juegos, disfrute, sorpresa y trama.<\/p>\n\n\n\n<p>Feria artesanal con m\u00e1s de 40 puestos con productos caseros, elaborados de forma manual, variados y a precios populares.<\/p>\n\n\n\n<p>+info: https:\/\/agendacultural15.com\/la-feria-de-repetto-2\/<\/p>\n<div class=\"pvc_clear\"><\/div><p id=\"pvc_stats_59918\" class=\"pvc_stats all  \" data-element-id=\"59918\" style=\"\"><i class=\"pvc-stats-icon small\" aria-hidden=\"true\"><svg aria-hidden=\"true\" focusable=\"false\" data-prefix=\"far\" data-icon=\"chart-bar\" role=\"img\" xmlns=\"http:\/\/www.w3.org\/2000\/svg\" viewBox=\"0 0 512 512\" class=\"svg-inline--fa fa-chart-bar fa-w-16 fa-2x\"><path fill=\"currentColor\" d=\"M396.8 352h22.4c6.4 0 12.8-6.4 12.8-12.8V108.8c0-6.4-6.4-12.8-12.8-12.8h-22.4c-6.4 0-12.8 6.4-12.8 12.8v230.4c0 6.4 6.4 12.8 12.8 12.8zm-192 0h22.4c6.4 0 12.8-6.4 12.8-12.8V140.8c0-6.4-6.4-12.8-12.8-12.8h-22.4c-6.4 0-12.8 6.4-12.8 12.8v198.4c0 6.4 6.4 12.8 12.8 12.8zm96 0h22.4c6.4 0 12.8-6.4 12.8-12.8V204.8c0-6.4-6.4-12.8-12.8-12.8h-22.4c-6.4 0-12.8 6.4-12.8 12.8v134.4c0 6.4 6.4 12.8 12.8 12.8zM496 400H48V80c0-8.84-7.16-16-16-16H16C7.16 64 0 71.16 0 80v336c0 17.67 14.33 32 32 32h464c8.84 0 16-7.16 16-16v-16c0-8.84-7.16-16-16-16zm-387.2-48h22.4c6.4 0 12.8-6.4 12.8-12.8v-70.4c0-6.4-6.4-12.8-12.8-12.8h-22.4c-6.4 0-12.8 6.4-12.8 12.8v70.4c0 6.4 6.4 12.8 12.8 12.8z\" class=\"\"><\/path><\/svg><\/i> <img loading=\"lazy\" decoding=\"async\" width=\"16\" height=\"16\" alt=\"Loading\" src=\"https:\/\/vocesdelacomuna15.com.ar\/wp-content\/plugins\/page-views-count\/ajax-loader-2x.gif\" border=0 \/><\/p><div class=\"pvc_clear\"><\/div>","protected":false},"excerpt":{"rendered":"<p>Enviadas por la web Agenda Cultural 15 Replicamos aqu\u00ed las recomendaciones culturales en los barrios de Villa Crespo, Chacarita, Villa Ort\u00fazar, Parque Chas y La Paternal enviadas por el sitio web Agenda Cultural 15 : Desde Agenda Cultural 15 te vamos a enviar, una vez por semana, distintas opciones para ver y disfrutar durante el [&hellip;]<\/p>\n<div class=\"pvc_clear\"><\/div>\n<p id=\"pvc_stats_59918\" class=\"pvc_stats all  \" data-element-id=\"59918\" style=\"\"><i class=\"pvc-stats-icon small\" aria-hidden=\"true\"><svg aria-hidden=\"true\" focusable=\"false\" data-prefix=\"far\" data-icon=\"chart-bar\" role=\"img\" xmlns=\"http:\/\/www.w3.org\/2000\/svg\" viewBox=\"0 0 512 512\" class=\"svg-inline--fa fa-chart-bar fa-w-16 fa-2x\"><path fill=\"currentColor\" d=\"M396.8 352h22.4c6.4 0 12.8-6.4 12.8-12.8V108.8c0-6.4-6.4-12.8-12.8-12.8h-22.4c-6.4 0-12.8 6.4-12.8 12.8v230.4c0 6.4 6.4 12.8 12.8 12.8zm-192 0h22.4c6.4 0 12.8-6.4 12.8-12.8V140.8c0-6.4-6.4-12.8-12.8-12.8h-22.4c-6.4 0-12.8 6.4-12.8 12.8v198.4c0 6.4 6.4 12.8 12.8 12.8zm96 0h22.4c6.4 0 12.8-6.4 12.8-12.8V204.8c0-6.4-6.4-12.8-12.8-12.8h-22.4c-6.4 0-12.8 6.4-12.8 12.8v134.4c0 6.4 6.4 12.8 12.8 12.8zM496 400H48V80c0-8.84-7.16-16-16-16H16C7.16 64 0 71.16 0 80v336c0 17.67 14.33 32 32 32h464c8.84 0 16-7.16 16-16v-16c0-8.84-7.16-16-16-16zm-387.2-48h22.4c6.4 0 12.8-6.4 12.8-12.8v-70.4c0-6.4-6.4-12.8-12.8-12.8h-22.4c-6.4 0-12.8 6.4-12.8 12.8v70.4c0 6.4 6.4 12.8 12.8 12.8z\" class=\"\"><\/path><\/svg><\/i> <img loading=\"lazy\" decoding=\"async\" width=\"16\" height=\"16\" alt=\"Loading\" src=\"https:\/\/vocesdelacomuna15.com.ar\/wp-content\/plugins\/page-views-count\/ajax-loader-2x.gif\" border=0 \/><\/p>\n<div class=\"pvc_clear\"><\/div>\n","protected":false},"author":2,"featured_media":59919,"comment_status":"open","ping_status":"open","sticky":false,"template":"","format":"standard","meta":{"_et_pb_use_builder":"","_et_pb_old_content":"","_et_gb_content_width":"","footnotes":""},"categories":[23,24,29,30,32,33],"tags":[],"class_list":["post-59918","post","type-post","status-publish","format-standard","has-post-thumbnail","hentry","category-chacarita","category-cultura","category-lapa","category-pchas","category-vcre","category-vort","et-has-post-format-content","et_post_format-et-post-format-standard"],"a3_pvc":{"activated":true,"total_views":59,"today_views":0},"yoast_head":"<!-- This site is optimized with the Yoast SEO plugin v27.5 - https:\/\/yoast.com\/product\/yoast-seo-wordpress\/ -->\n<title>Cultura en la Comuna 15: Recomendaciones para el fin de semana - Voces de la Comuna 15<\/title>\n<meta name=\"description\" content=\"Voces de la Comuna 15\" \/>\n<meta name=\"robots\" content=\"index, follow, max-snippet:-1, max-image-preview:large, max-video-preview:-1\" \/>\n<link rel=\"canonical\" href=\"https:\/\/vocesdelacomuna15.com.ar\/press\/cultura-en-la-comuna-15-recomendaciones-para-el-fin-de-semana-13\/\" \/>\n<meta property=\"og:locale\" content=\"es_ES\" \/>\n<meta property=\"og:type\" content=\"article\" \/>\n<meta property=\"og:title\" content=\"Cultura en la Comuna 15: Recomendaciones para el fin de semana - Voces de la Comuna 15\" \/>\n<meta property=\"og:description\" content=\"Voces de la Comuna 15\" \/>\n<meta property=\"og:url\" content=\"https:\/\/vocesdelacomuna15.com.ar\/press\/cultura-en-la-comuna-15-recomendaciones-para-el-fin-de-semana-13\/\" \/>\n<meta property=\"og:site_name\" content=\"Voces de la Comuna 15\" \/>\n<meta property=\"article:publisher\" content=\"https:\/\/www.facebook.com\/VocesComuna15\/\" \/>\n<meta property=\"article:published_time\" content=\"2023-05-11T16:32:55+00:00\" \/>\n<meta property=\"article:modified_time\" content=\"2023-05-11T16:32:58+00:00\" \/>\n<meta property=\"og:image\" content=\"https:\/\/vocesdelacomuna15.com.ar\/wp-content\/uploads\/2023\/05\/feria.jpg\" \/>\n\t<meta property=\"og:image:width\" content=\"768\" \/>\n\t<meta property=\"og:image:height\" content=\"768\" \/>\n\t<meta property=\"og:image:type\" content=\"image\/jpeg\" \/>\n<meta name=\"author\" content=\"Federico Arguto\" \/>\n<meta name=\"twitter:card\" content=\"summary_large_image\" \/>\n<meta name=\"twitter:creator\" content=\"@vocescomuna15\" \/>\n<meta name=\"twitter:site\" content=\"@vocescomuna15\" \/>\n<meta name=\"twitter:label1\" content=\"Escrito por\" \/>\n\t<meta name=\"twitter:data1\" content=\"Federico Arguto\" \/>\n\t<meta name=\"twitter:label2\" content=\"Tiempo de lectura\" \/>\n\t<meta name=\"twitter:data2\" content=\"3 minutos\" \/>\n<script type=\"application\/ld+json\" class=\"yoast-schema-graph\">{\"@context\":\"https:\\\/\\\/schema.org\",\"@graph\":[{\"@type\":\"Article\",\"@id\":\"https:\\\/\\\/vocesdelacomuna15.com.ar\\\/press\\\/cultura-en-la-comuna-15-recomendaciones-para-el-fin-de-semana-13\\\/#article\",\"isPartOf\":{\"@id\":\"https:\\\/\\\/vocesdelacomuna15.com.ar\\\/press\\\/cultura-en-la-comuna-15-recomendaciones-para-el-fin-de-semana-13\\\/\"},\"author\":{\"name\":\"Federico Arguto\",\"@id\":\"https:\\\/\\\/vocesdelacomuna15.com.ar\\\/press\\\/#\\\/schema\\\/person\\\/4739e109db25d799cd3d139eeb509e43\"},\"headline\":\"Cultura en la Comuna 15: Recomendaciones para el fin de semana\",\"datePublished\":\"2023-05-11T16:32:55+00:00\",\"dateModified\":\"2023-05-11T16:32:58+00:00\",\"mainEntityOfPage\":{\"@id\":\"https:\\\/\\\/vocesdelacomuna15.com.ar\\\/press\\\/cultura-en-la-comuna-15-recomendaciones-para-el-fin-de-semana-13\\\/\"},\"wordCount\":529,\"commentCount\":0,\"publisher\":{\"@id\":\"https:\\\/\\\/vocesdelacomuna15.com.ar\\\/press\\\/#organization\"},\"image\":{\"@id\":\"https:\\\/\\\/vocesdelacomuna15.com.ar\\\/press\\\/cultura-en-la-comuna-15-recomendaciones-para-el-fin-de-semana-13\\\/#primaryimage\"},\"thumbnailUrl\":\"https:\\\/\\\/vocesdelacomuna15.com.ar\\\/wp-content\\\/uploads\\\/2023\\\/05\\\/feria.jpg\",\"articleSection\":[\"Chacarita\",\"Cultura\",\"La Paternal\",\"Parque chas\",\"Villa Crespo\",\"Villa Ort\u00fazar\"],\"inLanguage\":\"es-AR\",\"potentialAction\":[{\"@type\":\"CommentAction\",\"name\":\"Comment\",\"target\":[\"https:\\\/\\\/vocesdelacomuna15.com.ar\\\/press\\\/cultura-en-la-comuna-15-recomendaciones-para-el-fin-de-semana-13\\\/#respond\"]}]},{\"@type\":\"WebPage\",\"@id\":\"https:\\\/\\\/vocesdelacomuna15.com.ar\\\/press\\\/cultura-en-la-comuna-15-recomendaciones-para-el-fin-de-semana-13\\\/\",\"url\":\"https:\\\/\\\/vocesdelacomuna15.com.ar\\\/press\\\/cultura-en-la-comuna-15-recomendaciones-para-el-fin-de-semana-13\\\/\",\"name\":\"Cultura en la Comuna 15: Recomendaciones para el fin de semana - Voces de la Comuna 15\",\"isPartOf\":{\"@id\":\"https:\\\/\\\/vocesdelacomuna15.com.ar\\\/press\\\/#website\"},\"primaryImageOfPage\":{\"@id\":\"https:\\\/\\\/vocesdelacomuna15.com.ar\\\/press\\\/cultura-en-la-comuna-15-recomendaciones-para-el-fin-de-semana-13\\\/#primaryimage\"},\"image\":{\"@id\":\"https:\\\/\\\/vocesdelacomuna15.com.ar\\\/press\\\/cultura-en-la-comuna-15-recomendaciones-para-el-fin-de-semana-13\\\/#primaryimage\"},\"thumbnailUrl\":\"https:\\\/\\\/vocesdelacomuna15.com.ar\\\/wp-content\\\/uploads\\\/2023\\\/05\\\/feria.jpg\",\"datePublished\":\"2023-05-11T16:32:55+00:00\",\"dateModified\":\"2023-05-11T16:32:58+00:00\",\"description\":\"Voces de la Comuna 15\",\"breadcrumb\":{\"@id\":\"https:\\\/\\\/vocesdelacomuna15.com.ar\\\/press\\\/cultura-en-la-comuna-15-recomendaciones-para-el-fin-de-semana-13\\\/#breadcrumb\"},\"inLanguage\":\"es-AR\",\"potentialAction\":[{\"@type\":\"ReadAction\",\"target\":[\"https:\\\/\\\/vocesdelacomuna15.com.ar\\\/press\\\/cultura-en-la-comuna-15-recomendaciones-para-el-fin-de-semana-13\\\/\"]}]},{\"@type\":\"ImageObject\",\"inLanguage\":\"es-AR\",\"@id\":\"https:\\\/\\\/vocesdelacomuna15.com.ar\\\/press\\\/cultura-en-la-comuna-15-recomendaciones-para-el-fin-de-semana-13\\\/#primaryimage\",\"url\":\"https:\\\/\\\/vocesdelacomuna15.com.ar\\\/wp-content\\\/uploads\\\/2023\\\/05\\\/feria.jpg\",\"contentUrl\":\"https:\\\/\\\/vocesdelacomuna15.com.ar\\\/wp-content\\\/uploads\\\/2023\\\/05\\\/feria.jpg\",\"width\":768,\"height\":768},{\"@type\":\"BreadcrumbList\",\"@id\":\"https:\\\/\\\/vocesdelacomuna15.com.ar\\\/press\\\/cultura-en-la-comuna-15-recomendaciones-para-el-fin-de-semana-13\\\/#breadcrumb\",\"itemListElement\":[{\"@type\":\"ListItem\",\"position\":1,\"name\":\"Inicio\",\"item\":\"https:\\\/\\\/vocesdelacomuna15.com.ar\\\/press\\\/\"},{\"@type\":\"ListItem\",\"position\":2,\"name\":\"Cultura en la Comuna 15: Recomendaciones para el fin de semana\"}]},{\"@type\":\"WebSite\",\"@id\":\"https:\\\/\\\/vocesdelacomuna15.com.ar\\\/press\\\/#website\",\"url\":\"https:\\\/\\\/vocesdelacomuna15.com.ar\\\/press\\\/\",\"name\":\"Voces de la Comuna 15\",\"description\":\"Sitio web de noticias\",\"publisher\":{\"@id\":\"https:\\\/\\\/vocesdelacomuna15.com.ar\\\/press\\\/#organization\"},\"potentialAction\":[{\"@type\":\"SearchAction\",\"target\":{\"@type\":\"EntryPoint\",\"urlTemplate\":\"https:\\\/\\\/vocesdelacomuna15.com.ar\\\/press\\\/?s={search_term_string}\"},\"query-input\":{\"@type\":\"PropertyValueSpecification\",\"valueRequired\":true,\"valueName\":\"search_term_string\"}}],\"inLanguage\":\"es-AR\"},{\"@type\":\"Organization\",\"@id\":\"https:\\\/\\\/vocesdelacomuna15.com.ar\\\/press\\\/#organization\",\"name\":\"Voces de la Comuna 15\",\"url\":\"https:\\\/\\\/vocesdelacomuna15.com.ar\\\/press\\\/\",\"logo\":{\"@type\":\"ImageObject\",\"inLanguage\":\"es-AR\",\"@id\":\"https:\\\/\\\/vocesdelacomuna15.com.ar\\\/press\\\/#\\\/schema\\\/logo\\\/image\\\/\",\"url\":\"https:\\\/\\\/vocesdelacomuna15.com.ar\\\/wp-content\\\/uploads\\\/2024\\\/12\\\/cropped-logo_voces.jpg\",\"contentUrl\":\"https:\\\/\\\/vocesdelacomuna15.com.ar\\\/wp-content\\\/uploads\\\/2024\\\/12\\\/cropped-logo_voces.jpg\",\"width\":512,\"height\":512,\"caption\":\"Voces de la Comuna 15\"},\"image\":{\"@id\":\"https:\\\/\\\/vocesdelacomuna15.com.ar\\\/press\\\/#\\\/schema\\\/logo\\\/image\\\/\"},\"sameAs\":[\"https:\\\/\\\/www.facebook.com\\\/VocesComuna15\\\/\",\"https:\\\/\\\/x.com\\\/vocescomuna15\"]},{\"@type\":\"Person\",\"@id\":\"https:\\\/\\\/vocesdelacomuna15.com.ar\\\/press\\\/#\\\/schema\\\/person\\\/4739e109db25d799cd3d139eeb509e43\",\"name\":\"Federico Arguto\",\"image\":{\"@type\":\"ImageObject\",\"inLanguage\":\"es-AR\",\"@id\":\"https:\\\/\\\/vocesdelacomuna15.com.ar\\\/wp-content\\\/litespeed\\\/avatar\\\/82faf979976f1bae889b8b71f8a0a7e5.jpg?ver=1777419741\",\"url\":\"https:\\\/\\\/vocesdelacomuna15.com.ar\\\/wp-content\\\/litespeed\\\/avatar\\\/82faf979976f1bae889b8b71f8a0a7e5.jpg?ver=1777419741\",\"contentUrl\":\"https:\\\/\\\/vocesdelacomuna15.com.ar\\\/wp-content\\\/litespeed\\\/avatar\\\/82faf979976f1bae889b8b71f8a0a7e5.jpg?ver=1777419741\",\"caption\":\"Federico Arguto\"},\"url\":\"https:\\\/\\\/vocesdelacomuna15.com.ar\\\/press\\\/author\\\/fede\\\/\"}]}<\/script>\n<!-- \/ Yoast SEO plugin. -->","yoast_head_json":{"title":"Cultura en la Comuna 15: Recomendaciones para el fin de semana - Voces de la Comuna 15","description":"Voces de la Comuna 15","robots":{"index":"index","follow":"follow","max-snippet":"max-snippet:-1","max-image-preview":"max-image-preview:large","max-video-preview":"max-video-preview:-1"},"canonical":"https:\/\/vocesdelacomuna15.com.ar\/press\/cultura-en-la-comuna-15-recomendaciones-para-el-fin-de-semana-13\/","og_locale":"es_ES","og_type":"article","og_title":"Cultura en la Comuna 15: Recomendaciones para el fin de semana - Voces de la Comuna 15","og_description":"Voces de la Comuna 15","og_url":"https:\/\/vocesdelacomuna15.com.ar\/press\/cultura-en-la-comuna-15-recomendaciones-para-el-fin-de-semana-13\/","og_site_name":"Voces de la Comuna 15","article_publisher":"https:\/\/www.facebook.com\/VocesComuna15\/","article_published_time":"2023-05-11T16:32:55+00:00","article_modified_time":"2023-05-11T16:32:58+00:00","og_image":[{"width":768,"height":768,"url":"https:\/\/vocesdelacomuna15.com.ar\/wp-content\/uploads\/2023\/05\/feria.jpg","type":"image\/jpeg"}],"author":"Federico Arguto","twitter_card":"summary_large_image","twitter_creator":"@vocescomuna15","twitter_site":"@vocescomuna15","twitter_misc":{"Escrito por":"Federico Arguto","Tiempo de lectura":"3 minutos"},"schema":{"@context":"https:\/\/schema.org","@graph":[{"@type":"Article","@id":"https:\/\/vocesdelacomuna15.com.ar\/press\/cultura-en-la-comuna-15-recomendaciones-para-el-fin-de-semana-13\/#article","isPartOf":{"@id":"https:\/\/vocesdelacomuna15.com.ar\/press\/cultura-en-la-comuna-15-recomendaciones-para-el-fin-de-semana-13\/"},"author":{"name":"Federico Arguto","@id":"https:\/\/vocesdelacomuna15.com.ar\/press\/#\/schema\/person\/4739e109db25d799cd3d139eeb509e43"},"headline":"Cultura en la Comuna 15: Recomendaciones para el fin de semana","datePublished":"2023-05-11T16:32:55+00:00","dateModified":"2023-05-11T16:32:58+00:00","mainEntityOfPage":{"@id":"https:\/\/vocesdelacomuna15.com.ar\/press\/cultura-en-la-comuna-15-recomendaciones-para-el-fin-de-semana-13\/"},"wordCount":529,"commentCount":0,"publisher":{"@id":"https:\/\/vocesdelacomuna15.com.ar\/press\/#organization"},"image":{"@id":"https:\/\/vocesdelacomuna15.com.ar\/press\/cultura-en-la-comuna-15-recomendaciones-para-el-fin-de-semana-13\/#primaryimage"},"thumbnailUrl":"https:\/\/vocesdelacomuna15.com.ar\/wp-content\/uploads\/2023\/05\/feria.jpg","articleSection":["Chacarita","Cultura","La Paternal","Parque chas","Villa Crespo","Villa Ort\u00fazar"],"inLanguage":"es-AR","potentialAction":[{"@type":"CommentAction","name":"Comment","target":["https:\/\/vocesdelacomuna15.com.ar\/press\/cultura-en-la-comuna-15-recomendaciones-para-el-fin-de-semana-13\/#respond"]}]},{"@type":"WebPage","@id":"https:\/\/vocesdelacomuna15.com.ar\/press\/cultura-en-la-comuna-15-recomendaciones-para-el-fin-de-semana-13\/","url":"https:\/\/vocesdelacomuna15.com.ar\/press\/cultura-en-la-comuna-15-recomendaciones-para-el-fin-de-semana-13\/","name":"Cultura en la Comuna 15: Recomendaciones para el fin de semana - Voces de la Comuna 15","isPartOf":{"@id":"https:\/\/vocesdelacomuna15.com.ar\/press\/#website"},"primaryImageOfPage":{"@id":"https:\/\/vocesdelacomuna15.com.ar\/press\/cultura-en-la-comuna-15-recomendaciones-para-el-fin-de-semana-13\/#primaryimage"},"image":{"@id":"https:\/\/vocesdelacomuna15.com.ar\/press\/cultura-en-la-comuna-15-recomendaciones-para-el-fin-de-semana-13\/#primaryimage"},"thumbnailUrl":"https:\/\/vocesdelacomuna15.com.ar\/wp-content\/uploads\/2023\/05\/feria.jpg","datePublished":"2023-05-11T16:32:55+00:00","dateModified":"2023-05-11T16:32:58+00:00","description":"Voces de la Comuna 15","breadcrumb":{"@id":"https:\/\/vocesdelacomuna15.com.ar\/press\/cultura-en-la-comuna-15-recomendaciones-para-el-fin-de-semana-13\/#breadcrumb"},"inLanguage":"es-AR","potentialAction":[{"@type":"ReadAction","target":["https:\/\/vocesdelacomuna15.com.ar\/press\/cultura-en-la-comuna-15-recomendaciones-para-el-fin-de-semana-13\/"]}]},{"@type":"ImageObject","inLanguage":"es-AR","@id":"https:\/\/vocesdelacomuna15.com.ar\/press\/cultura-en-la-comuna-15-recomendaciones-para-el-fin-de-semana-13\/#primaryimage","url":"https:\/\/vocesdelacomuna15.com.ar\/wp-content\/uploads\/2023\/05\/feria.jpg","contentUrl":"https:\/\/vocesdelacomuna15.com.ar\/wp-content\/uploads\/2023\/05\/feria.jpg","width":768,"height":768},{"@type":"BreadcrumbList","@id":"https:\/\/vocesdelacomuna15.com.ar\/press\/cultura-en-la-comuna-15-recomendaciones-para-el-fin-de-semana-13\/#breadcrumb","itemListElement":[{"@type":"ListItem","position":1,"name":"Inicio","item":"https:\/\/vocesdelacomuna15.com.ar\/press\/"},{"@type":"ListItem","position":2,"name":"Cultura en la Comuna 15: Recomendaciones para el fin de semana"}]},{"@type":"WebSite","@id":"https:\/\/vocesdelacomuna15.com.ar\/press\/#website","url":"https:\/\/vocesdelacomuna15.com.ar\/press\/","name":"Voces de la Comuna 15","description":"Sitio web de noticias","publisher":{"@id":"https:\/\/vocesdelacomuna15.com.ar\/press\/#organization"},"potentialAction":[{"@type":"SearchAction","target":{"@type":"EntryPoint","urlTemplate":"https:\/\/vocesdelacomuna15.com.ar\/press\/?s={search_term_string}"},"query-input":{"@type":"PropertyValueSpecification","valueRequired":true,"valueName":"search_term_string"}}],"inLanguage":"es-AR"},{"@type":"Organization","@id":"https:\/\/vocesdelacomuna15.com.ar\/press\/#organization","name":"Voces de la Comuna 15","url":"https:\/\/vocesdelacomuna15.com.ar\/press\/","logo":{"@type":"ImageObject","inLanguage":"es-AR","@id":"https:\/\/vocesdelacomuna15.com.ar\/press\/#\/schema\/logo\/image\/","url":"https:\/\/vocesdelacomuna15.com.ar\/wp-content\/uploads\/2024\/12\/cropped-logo_voces.jpg","contentUrl":"https:\/\/vocesdelacomuna15.com.ar\/wp-content\/uploads\/2024\/12\/cropped-logo_voces.jpg","width":512,"height":512,"caption":"Voces de la Comuna 15"},"image":{"@id":"https:\/\/vocesdelacomuna15.com.ar\/press\/#\/schema\/logo\/image\/"},"sameAs":["https:\/\/www.facebook.com\/VocesComuna15\/","https:\/\/x.com\/vocescomuna15"]},{"@type":"Person","@id":"https:\/\/vocesdelacomuna15.com.ar\/press\/#\/schema\/person\/4739e109db25d799cd3d139eeb509e43","name":"Federico Arguto","image":{"@type":"ImageObject","inLanguage":"es-AR","@id":"https:\/\/vocesdelacomuna15.com.ar\/wp-content\/litespeed\/avatar\/82faf979976f1bae889b8b71f8a0a7e5.jpg?ver=1777419741","url":"https:\/\/vocesdelacomuna15.com.ar\/wp-content\/litespeed\/avatar\/82faf979976f1bae889b8b71f8a0a7e5.jpg?ver=1777419741","contentUrl":"https:\/\/vocesdelacomuna15.com.ar\/wp-content\/litespeed\/avatar\/82faf979976f1bae889b8b71f8a0a7e5.jpg?ver=1777419741","caption":"Federico Arguto"},"url":"https:\/\/vocesdelacomuna15.com.ar\/press\/author\/fede\/"}]}},"_links":{"self":[{"href":"https:\/\/vocesdelacomuna15.com.ar\/press\/wp-json\/wp\/v2\/posts\/59918","targetHints":{"allow":["GET"]}}],"collection":[{"href":"https:\/\/vocesdelacomuna15.com.ar\/press\/wp-json\/wp\/v2\/posts"}],"about":[{"href":"https:\/\/vocesdelacomuna15.com.ar\/press\/wp-json\/wp\/v2\/types\/post"}],"author":[{"embeddable":true,"href":"https:\/\/vocesdelacomuna15.com.ar\/press\/wp-json\/wp\/v2\/users\/2"}],"replies":[{"embeddable":true,"href":"https:\/\/vocesdelacomuna15.com.ar\/press\/wp-json\/wp\/v2\/comments?post=59918"}],"version-history":[{"count":1,"href":"https:\/\/vocesdelacomuna15.com.ar\/press\/wp-json\/wp\/v2\/posts\/59918\/revisions"}],"predecessor-version":[{"id":59920,"href":"https:\/\/vocesdelacomuna15.com.ar\/press\/wp-json\/wp\/v2\/posts\/59918\/revisions\/59920"}],"wp:featuredmedia":[{"embeddable":true,"href":"https:\/\/vocesdelacomuna15.com.ar\/press\/wp-json\/wp\/v2\/media\/59919"}],"wp:attachment":[{"href":"https:\/\/vocesdelacomuna15.com.ar\/press\/wp-json\/wp\/v2\/media?parent=59918"}],"wp:term":[{"taxonomy":"category","embeddable":true,"href":"https:\/\/vocesdelacomuna15.com.ar\/press\/wp-json\/wp\/v2\/categories?post=59918"},{"taxonomy":"post_tag","embeddable":true,"href":"https:\/\/vocesdelacomuna15.com.ar\/press\/wp-json\/wp\/v2\/tags?post=59918"}],"curies":[{"name":"wp","href":"https:\/\/api.w.org\/{rel}","templated":true}]}}