{"id":59914,"date":"2023-05-10T15:44:15","date_gmt":"2023-05-10T18:44:15","guid":{"rendered":"https:\/\/vocesdelacomuna15.com.ar\/wordpress\/?p=59914"},"modified":"2023-05-10T15:44:17","modified_gmt":"2023-05-10T18:44:17","slug":"peras-y-manzanas-frescas-o-elaboradas-decoran-fruteras-y-magnificos-postres","status":"publish","type":"post","link":"https:\/\/vocesdelacomuna15.com.ar\/press\/peras-y-manzanas-frescas-o-elaboradas-decoran-fruteras-y-magnificos-postres\/","title":{"rendered":"<strong>Peras y Manzanas &#8211; Frescas o elaboradas, decoran fruteras y magn\u00edficos postres<\/strong>"},"content":{"rendered":"\n<p>Por Otilia Kusmin<\/p>\n\n\n\n<p>Las m\u00e1s populares en Argentina, son la manzana roja o deliciosa, la verde o Granny Smith y la Pera Williams. Resultan ideales para elaborar postres caseros. Y son elegidas como las frutas m\u00e1s adecuadas para elaboraciones familiares y sabrosas. Y econ\u00f3micas y jugosas en su temporada.<\/p>\n\n\n\n<p>Comencemos por la receta m\u00e1s f\u00e1cil, vistosa y deliciosa.<\/p>\n\n\n\n<p><strong><em>Peras Crocantes, tibias con helado de vainilla<\/em><\/strong><\/p>\n\n\n\n<p>Peras Williams, 3. Abrirlas al medio\u00a0cuidando quitar la l\u00ednea del ped\u00fanculo y las semillas del interior. Marcar en forma de grilla y salsear con \u00a050 g de manteca clarificada y 50 g de az\u00facar rubia.<\/p>\n\n\n\n<p>Hacer unos grumos con 100 g manteca, 100 g de az\u00facar rubia y 100 g de harina 0000.\u00a0 Dar buen fr\u00edo previo, colocar sobre las peras y hornear a 180\u00b0C\u00a0 aproximadamente 25 minutos.\u00a0 Servir bien calentitas con helado de crema de vainilla<\/p>\n\n\n\n<p><strong><em>Danesa de Manzanas<\/em><\/strong><\/p>\n\n\n\n<p>Batir a blanco Yemas, 7; Az\u00facar, 150 g; esencia de vainilla. Agregar Harina 0000 300 g, polvo para hornear 1 cdita. Colocar&nbsp; en tartera apta horno y mesa, la mitad de la preparaci\u00f3n y hornear a 180\u00b0 C. &nbsp;15 minutos. Reservar la otra mitad.<\/p>\n\n\n\n<p>Cocinar 1,5 k de manzanas Granny Smith, agregar 100 g de az\u00facar y jugo de 1 lim\u00f3n. Cocinar unos 10 minutos, entibiar y volcar sobre la base de batido cocido.<\/p>\n\n\n\n<p>Batir 7 claras con 50 g de az\u00facar. \u00a0Agregar a la mitad del batido\u00a0reservado. Volcar sobre las manzanas y cocinar a 180\u00b0 30 minutos.<\/p>\n\n\n\n<p>Batir 150 g de az\u00facar impalpable, mezclar con 1 \u00bd C de jugo de lim\u00f3n. Calentar hasta disolver el az\u00facar y comience a formar una especie de &nbsp;p\u00e1tina. Volcar sobre la Danesa y terminar la presentaci\u00f3n con este delicioso glas\u00e9 alem\u00e1n.<\/p>\n\n\n\n<p><strong><em>Strudel <\/em><\/strong><strong>de manzana<\/strong><\/p>\n\n\n\n<p>Hacer una masa tierna con 1 clara, agua tibia 50 c.c, manteca derretida, 1 Cda., \u00bd c&nbsp; de sal, Harina 0000 170 g. Procesar y colocar dentro de un polietileno y cubrir con un recipiente que se calent\u00f3 en vac\u00edo unos 5 minutos, para lograr para la masa, un descanso tibio.<\/p>\n\n\n\n<p>Lavar bien 1 kilo de manzanas Granny Smith, pelar y cortar en finas l\u00e1minas y sin semillas. Agregar 50 g de az\u00facar, 50 g de pan rallado, 150 g de pasas rubias, canela 1 cdita. Unir para aderezar el relleno. Estirar la masa bien fina, laminando desde el centro hacia los costados, procurando no romper la masa. Colocar el relleno en un costado y pintar la masa con 100 g de manteca clarificada, e ir arrollando el strudel. Cocinar a 180\u00b0 C aproximadamente 35 minutos. Terminar con az\u00facar impalpable. Si se desea, servir tibio con helado <strong>de crema americana.<\/strong><\/p>\n\n\n\n<p><strong>Nota:<\/strong> Si se adapta su elaboraci\u00f3n al sistema semi industrial, es conveniente estirar la masa en sobadora el\u00e9ctrica y ayud\u00e1rnos con f\u00e9cula de ma\u00edz, resultar\u00e1 bien fina, casi como una masa philo.<\/p>\n\n\n\n<p><strong><em>Crumble de peras y manzanas<\/em><\/strong><\/p>\n\n\n\n<p>3 Manzanas Granny Smith, 3 Peras Williams, Az\u00facar, 100 g, 1 c de canela en polvo. Pelar y cortar en l\u00e1minas. Hacer los grumos de la siguiente manera: Fundir 100 g de manteca, Unir\u00a050 g de az\u00facar, canela, 1 c. y 200 g de harina 0000. Si se desea agregar 50 g de futas secas. Colocar en un molde apto horno y mesa. Hornear 180\u00b0C, 30 minutos, \u00a0dejar enfriar bien en la heladera y cortar. Entibiar en el horno, al momento de servir.<\/p>\n\n\n\n<p><strong><em>Tarta Suiza de peras y almendras<\/em><\/strong><\/p>\n\n\n\n<p>Esta tarta es muy simple. Tienen que hacer un batido manual con lo siguiente:<\/p>\n\n\n\n<p>Levadura fresca, 10 g, Leche, 100 g, huevo 1, manteca derretida, 50 g, &nbsp;Az\u00facar, 4 C. Harina 0000, 200 g, sal, \u00bd c. ralladura de \u00bd lim\u00f3n. Colocar en una tartera de vidrio de 28 cm, la pasta de levadura, repartir bien. Pelar y rallar 3 peras, distribuir sobre el batido. Por \u00faltimo hacer los grumos con 60 g de manteca fr\u00eda, 60 g de az\u00facar, 60 g de harina 0000, 60 g de almendras picadas, ralladura de 1\/2 lim\u00f3n. Unir delicadamente sin aflojar demasiado la manteca y distribuir sobre la fruta. Dejar levar 30 minutos y luego hornear a 180\u00b0C 40 minutos.<\/p>\n\n\n\n<p><strong><em>Compota de peras, manzanas, ciruelas pasas y gajos de naranja<\/em><\/strong><\/p>\n\n\n\n<p>Lavar muy bien 200 g de naranjas, 300 g de peras y 300 g de manzanas, 100 g de ciruelas pasas sin semillas, 200 g de az\u00facar y 1 litro de agua. Cortar toda la fruta en gajos, evitando l\u00ednea de semillas y partes duras. Cocinar, hasta que el agua est\u00e9 apenas almibarada y la fruta tierna. Servir bien fr\u00eda.<\/p>\n\n\n\n<p><strong>Buen apetito, \u00a1disfruten el oto\u00f1o \u00a1&nbsp; tambi\u00e9n cocinando y merendando con la familia<\/strong><\/p>\n\n\n\n<p><strong>@otiliakusmin<\/strong><\/p>\n<div class=\"pvc_clear\"><\/div><p id=\"pvc_stats_59914\" class=\"pvc_stats all  \" data-element-id=\"59914\" style=\"\"><i class=\"pvc-stats-icon small\" aria-hidden=\"true\"><svg aria-hidden=\"true\" focusable=\"false\" data-prefix=\"far\" data-icon=\"chart-bar\" role=\"img\" xmlns=\"http:\/\/www.w3.org\/2000\/svg\" viewBox=\"0 0 512 512\" class=\"svg-inline--fa fa-chart-bar fa-w-16 fa-2x\"><path fill=\"currentColor\" d=\"M396.8 352h22.4c6.4 0 12.8-6.4 12.8-12.8V108.8c0-6.4-6.4-12.8-12.8-12.8h-22.4c-6.4 0-12.8 6.4-12.8 12.8v230.4c0 6.4 6.4 12.8 12.8 12.8zm-192 0h22.4c6.4 0 12.8-6.4 12.8-12.8V140.8c0-6.4-6.4-12.8-12.8-12.8h-22.4c-6.4 0-12.8 6.4-12.8 12.8v198.4c0 6.4 6.4 12.8 12.8 12.8zm96 0h22.4c6.4 0 12.8-6.4 12.8-12.8V204.8c0-6.4-6.4-12.8-12.8-12.8h-22.4c-6.4 0-12.8 6.4-12.8 12.8v134.4c0 6.4 6.4 12.8 12.8 12.8zM496 400H48V80c0-8.84-7.16-16-16-16H16C7.16 64 0 71.16 0 80v336c0 17.67 14.33 32 32 32h464c8.84 0 16-7.16 16-16v-16c0-8.84-7.16-16-16-16zm-387.2-48h22.4c6.4 0 12.8-6.4 12.8-12.8v-70.4c0-6.4-6.4-12.8-12.8-12.8h-22.4c-6.4 0-12.8 6.4-12.8 12.8v70.4c0 6.4 6.4 12.8 12.8 12.8z\" class=\"\"><\/path><\/svg><\/i> <img loading=\"lazy\" decoding=\"async\" width=\"16\" height=\"16\" alt=\"Loading\" src=\"https:\/\/vocesdelacomuna15.com.ar\/wp-content\/plugins\/page-views-count\/ajax-loader-2x.gif\" border=0 \/><\/p><div class=\"pvc_clear\"><\/div>","protected":false},"excerpt":{"rendered":"<p>Por Otilia Kusmin Las m\u00e1s populares en Argentina, son la manzana roja o deliciosa, la verde o Granny Smith y la Pera Williams. Resultan ideales para elaborar postres caseros. Y son elegidas como las frutas m\u00e1s adecuadas para elaboraciones familiares y sabrosas. Y econ\u00f3micas y jugosas en su temporada. Comencemos por la receta m\u00e1s f\u00e1cil, [&hellip;]<\/p>\n<div class=\"pvc_clear\"><\/div>\n<p id=\"pvc_stats_59914\" class=\"pvc_stats all  \" data-element-id=\"59914\" style=\"\"><i class=\"pvc-stats-icon small\" aria-hidden=\"true\"><svg aria-hidden=\"true\" focusable=\"false\" data-prefix=\"far\" data-icon=\"chart-bar\" role=\"img\" xmlns=\"http:\/\/www.w3.org\/2000\/svg\" viewBox=\"0 0 512 512\" class=\"svg-inline--fa fa-chart-bar fa-w-16 fa-2x\"><path fill=\"currentColor\" d=\"M396.8 352h22.4c6.4 0 12.8-6.4 12.8-12.8V108.8c0-6.4-6.4-12.8-12.8-12.8h-22.4c-6.4 0-12.8 6.4-12.8 12.8v230.4c0 6.4 6.4 12.8 12.8 12.8zm-192 0h22.4c6.4 0 12.8-6.4 12.8-12.8V140.8c0-6.4-6.4-12.8-12.8-12.8h-22.4c-6.4 0-12.8 6.4-12.8 12.8v198.4c0 6.4 6.4 12.8 12.8 12.8zm96 0h22.4c6.4 0 12.8-6.4 12.8-12.8V204.8c0-6.4-6.4-12.8-12.8-12.8h-22.4c-6.4 0-12.8 6.4-12.8 12.8v134.4c0 6.4 6.4 12.8 12.8 12.8zM496 400H48V80c0-8.84-7.16-16-16-16H16C7.16 64 0 71.16 0 80v336c0 17.67 14.33 32 32 32h464c8.84 0 16-7.16 16-16v-16c0-8.84-7.16-16-16-16zm-387.2-48h22.4c6.4 0 12.8-6.4 12.8-12.8v-70.4c0-6.4-6.4-12.8-12.8-12.8h-22.4c-6.4 0-12.8 6.4-12.8 12.8v70.4c0 6.4 6.4 12.8 12.8 12.8z\" class=\"\"><\/path><\/svg><\/i> <img loading=\"lazy\" decoding=\"async\" width=\"16\" height=\"16\" alt=\"Loading\" src=\"https:\/\/vocesdelacomuna15.com.ar\/wp-content\/plugins\/page-views-count\/ajax-loader-2x.gif\" border=0 \/><\/p>\n<div class=\"pvc_clear\"><\/div>\n","protected":false},"author":2,"featured_media":59915,"comment_status":"open","ping_status":"open","sticky":false,"template":"","format":"standard","meta":{"_et_pb_use_builder":"","_et_pb_old_content":"","_et_gb_content_width":"","footnotes":""},"categories":[39],"tags":[],"class_list":["post-59914","post","type-post","status-publish","format-standard","has-post-thumbnail","hentry","category-cocina","et-has-post-format-content","et_post_format-et-post-format-standard"],"a3_pvc":{"activated":true,"total_views":54,"today_views":0},"yoast_head":"<!-- This site is optimized with the Yoast SEO plugin v27.5 - https:\/\/yoast.com\/product\/yoast-seo-wordpress\/ -->\n<title>Peras y Manzanas - Frescas o elaboradas, decoran fruteras y magn\u00edficos postres - Voces de la Comuna 15<\/title>\n<meta name=\"description\" content=\"Voces de la Comuna 15\" \/>\n<meta name=\"robots\" content=\"index, follow, max-snippet:-1, max-image-preview:large, max-video-preview:-1\" \/>\n<link rel=\"canonical\" href=\"https:\/\/vocesdelacomuna15.com.ar\/press\/peras-y-manzanas-frescas-o-elaboradas-decoran-fruteras-y-magnificos-postres\/\" \/>\n<meta property=\"og:locale\" content=\"es_ES\" \/>\n<meta property=\"og:type\" content=\"article\" \/>\n<meta property=\"og:title\" content=\"Peras y Manzanas - Frescas o elaboradas, decoran fruteras y magn\u00edficos postres - Voces de la Comuna 15\" \/>\n<meta property=\"og:description\" content=\"Voces de la Comuna 15\" \/>\n<meta property=\"og:url\" content=\"https:\/\/vocesdelacomuna15.com.ar\/press\/peras-y-manzanas-frescas-o-elaboradas-decoran-fruteras-y-magnificos-postres\/\" \/>\n<meta property=\"og:site_name\" content=\"Voces de la Comuna 15\" \/>\n<meta property=\"article:publisher\" content=\"https:\/\/www.facebook.com\/VocesComuna15\/\" \/>\n<meta property=\"article:published_time\" content=\"2023-05-10T18:44:15+00:00\" \/>\n<meta property=\"article:modified_time\" content=\"2023-05-10T18:44:17+00:00\" \/>\n<meta property=\"og:image\" content=\"https:\/\/vocesdelacomuna15.com.ar\/wp-content\/uploads\/2023\/05\/Peras-crocantes-tipias-con-helado-de-vainilla-scaled.jpg\" \/>\n\t<meta property=\"og:image:width\" content=\"2560\" \/>\n\t<meta property=\"og:image:height\" content=\"1518\" \/>\n\t<meta property=\"og:image:type\" content=\"image\/jpeg\" \/>\n<meta name=\"author\" content=\"Federico Arguto\" \/>\n<meta name=\"twitter:card\" content=\"summary_large_image\" \/>\n<meta name=\"twitter:creator\" content=\"@vocescomuna15\" \/>\n<meta name=\"twitter:site\" content=\"@vocescomuna15\" \/>\n<meta name=\"twitter:label1\" content=\"Escrito por\" \/>\n\t<meta name=\"twitter:data1\" content=\"Federico Arguto\" \/>\n\t<meta name=\"twitter:label2\" content=\"Tiempo de lectura\" \/>\n\t<meta name=\"twitter:data2\" content=\"4 minutos\" \/>\n<script type=\"application\/ld+json\" class=\"yoast-schema-graph\">{\"@context\":\"https:\\\/\\\/schema.org\",\"@graph\":[{\"@type\":\"Article\",\"@id\":\"https:\\\/\\\/vocesdelacomuna15.com.ar\\\/press\\\/peras-y-manzanas-frescas-o-elaboradas-decoran-fruteras-y-magnificos-postres\\\/#article\",\"isPartOf\":{\"@id\":\"https:\\\/\\\/vocesdelacomuna15.com.ar\\\/press\\\/peras-y-manzanas-frescas-o-elaboradas-decoran-fruteras-y-magnificos-postres\\\/\"},\"author\":{\"name\":\"Federico Arguto\",\"@id\":\"https:\\\/\\\/vocesdelacomuna15.com.ar\\\/press\\\/#\\\/schema\\\/person\\\/4739e109db25d799cd3d139eeb509e43\"},\"headline\":\"Peras y Manzanas &#8211; Frescas o elaboradas, decoran fruteras y magn\u00edficos postres\",\"datePublished\":\"2023-05-10T18:44:15+00:00\",\"dateModified\":\"2023-05-10T18:44:17+00:00\",\"mainEntityOfPage\":{\"@id\":\"https:\\\/\\\/vocesdelacomuna15.com.ar\\\/press\\\/peras-y-manzanas-frescas-o-elaboradas-decoran-fruteras-y-magnificos-postres\\\/\"},\"wordCount\":752,\"commentCount\":0,\"publisher\":{\"@id\":\"https:\\\/\\\/vocesdelacomuna15.com.ar\\\/press\\\/#organization\"},\"image\":{\"@id\":\"https:\\\/\\\/vocesdelacomuna15.com.ar\\\/press\\\/peras-y-manzanas-frescas-o-elaboradas-decoran-fruteras-y-magnificos-postres\\\/#primaryimage\"},\"thumbnailUrl\":\"https:\\\/\\\/vocesdelacomuna15.com.ar\\\/wp-content\\\/uploads\\\/2023\\\/05\\\/Peras-crocantes-tipias-con-helado-de-vainilla-scaled.jpg\",\"articleSection\":[\"Cocina\\\/ Gastronom\u00eda\"],\"inLanguage\":\"es-AR\",\"potentialAction\":[{\"@type\":\"CommentAction\",\"name\":\"Comment\",\"target\":[\"https:\\\/\\\/vocesdelacomuna15.com.ar\\\/press\\\/peras-y-manzanas-frescas-o-elaboradas-decoran-fruteras-y-magnificos-postres\\\/#respond\"]}]},{\"@type\":\"WebPage\",\"@id\":\"https:\\\/\\\/vocesdelacomuna15.com.ar\\\/press\\\/peras-y-manzanas-frescas-o-elaboradas-decoran-fruteras-y-magnificos-postres\\\/\",\"url\":\"https:\\\/\\\/vocesdelacomuna15.com.ar\\\/press\\\/peras-y-manzanas-frescas-o-elaboradas-decoran-fruteras-y-magnificos-postres\\\/\",\"name\":\"Peras y Manzanas - Frescas o elaboradas, decoran fruteras y magn\u00edficos postres - Voces de la Comuna 15\",\"isPartOf\":{\"@id\":\"https:\\\/\\\/vocesdelacomuna15.com.ar\\\/press\\\/#website\"},\"primaryImageOfPage\":{\"@id\":\"https:\\\/\\\/vocesdelacomuna15.com.ar\\\/press\\\/peras-y-manzanas-frescas-o-elaboradas-decoran-fruteras-y-magnificos-postres\\\/#primaryimage\"},\"image\":{\"@id\":\"https:\\\/\\\/vocesdelacomuna15.com.ar\\\/press\\\/peras-y-manzanas-frescas-o-elaboradas-decoran-fruteras-y-magnificos-postres\\\/#primaryimage\"},\"thumbnailUrl\":\"https:\\\/\\\/vocesdelacomuna15.com.ar\\\/wp-content\\\/uploads\\\/2023\\\/05\\\/Peras-crocantes-tipias-con-helado-de-vainilla-scaled.jpg\",\"datePublished\":\"2023-05-10T18:44:15+00:00\",\"dateModified\":\"2023-05-10T18:44:17+00:00\",\"description\":\"Voces de la Comuna 15\",\"breadcrumb\":{\"@id\":\"https:\\\/\\\/vocesdelacomuna15.com.ar\\\/press\\\/peras-y-manzanas-frescas-o-elaboradas-decoran-fruteras-y-magnificos-postres\\\/#breadcrumb\"},\"inLanguage\":\"es-AR\",\"potentialAction\":[{\"@type\":\"ReadAction\",\"target\":[\"https:\\\/\\\/vocesdelacomuna15.com.ar\\\/press\\\/peras-y-manzanas-frescas-o-elaboradas-decoran-fruteras-y-magnificos-postres\\\/\"]}]},{\"@type\":\"ImageObject\",\"inLanguage\":\"es-AR\",\"@id\":\"https:\\\/\\\/vocesdelacomuna15.com.ar\\\/press\\\/peras-y-manzanas-frescas-o-elaboradas-decoran-fruteras-y-magnificos-postres\\\/#primaryimage\",\"url\":\"https:\\\/\\\/vocesdelacomuna15.com.ar\\\/wp-content\\\/uploads\\\/2023\\\/05\\\/Peras-crocantes-tipias-con-helado-de-vainilla-scaled.jpg\",\"contentUrl\":\"https:\\\/\\\/vocesdelacomuna15.com.ar\\\/wp-content\\\/uploads\\\/2023\\\/05\\\/Peras-crocantes-tipias-con-helado-de-vainilla-scaled.jpg\",\"width\":2560,\"height\":1518},{\"@type\":\"BreadcrumbList\",\"@id\":\"https:\\\/\\\/vocesdelacomuna15.com.ar\\\/press\\\/peras-y-manzanas-frescas-o-elaboradas-decoran-fruteras-y-magnificos-postres\\\/#breadcrumb\",\"itemListElement\":[{\"@type\":\"ListItem\",\"position\":1,\"name\":\"Inicio\",\"item\":\"https:\\\/\\\/vocesdelacomuna15.com.ar\\\/press\\\/\"},{\"@type\":\"ListItem\",\"position\":2,\"name\":\"Peras y Manzanas &#8211; Frescas o elaboradas, decoran fruteras y magn\u00edficos postres\"}]},{\"@type\":\"WebSite\",\"@id\":\"https:\\\/\\\/vocesdelacomuna15.com.ar\\\/press\\\/#website\",\"url\":\"https:\\\/\\\/vocesdelacomuna15.com.ar\\\/press\\\/\",\"name\":\"Voces de la Comuna 15\",\"description\":\"Sitio web de noticias\",\"publisher\":{\"@id\":\"https:\\\/\\\/vocesdelacomuna15.com.ar\\\/press\\\/#organization\"},\"potentialAction\":[{\"@type\":\"SearchAction\",\"target\":{\"@type\":\"EntryPoint\",\"urlTemplate\":\"https:\\\/\\\/vocesdelacomuna15.com.ar\\\/press\\\/?s={search_term_string}\"},\"query-input\":{\"@type\":\"PropertyValueSpecification\",\"valueRequired\":true,\"valueName\":\"search_term_string\"}}],\"inLanguage\":\"es-AR\"},{\"@type\":\"Organization\",\"@id\":\"https:\\\/\\\/vocesdelacomuna15.com.ar\\\/press\\\/#organization\",\"name\":\"Voces de la Comuna 15\",\"url\":\"https:\\\/\\\/vocesdelacomuna15.com.ar\\\/press\\\/\",\"logo\":{\"@type\":\"ImageObject\",\"inLanguage\":\"es-AR\",\"@id\":\"https:\\\/\\\/vocesdelacomuna15.com.ar\\\/press\\\/#\\\/schema\\\/logo\\\/image\\\/\",\"url\":\"https:\\\/\\\/vocesdelacomuna15.com.ar\\\/wp-content\\\/uploads\\\/2024\\\/12\\\/cropped-logo_voces.jpg\",\"contentUrl\":\"https:\\\/\\\/vocesdelacomuna15.com.ar\\\/wp-content\\\/uploads\\\/2024\\\/12\\\/cropped-logo_voces.jpg\",\"width\":512,\"height\":512,\"caption\":\"Voces de la Comuna 15\"},\"image\":{\"@id\":\"https:\\\/\\\/vocesdelacomuna15.com.ar\\\/press\\\/#\\\/schema\\\/logo\\\/image\\\/\"},\"sameAs\":[\"https:\\\/\\\/www.facebook.com\\\/VocesComuna15\\\/\",\"https:\\\/\\\/x.com\\\/vocescomuna15\"]},{\"@type\":\"Person\",\"@id\":\"https:\\\/\\\/vocesdelacomuna15.com.ar\\\/press\\\/#\\\/schema\\\/person\\\/4739e109db25d799cd3d139eeb509e43\",\"name\":\"Federico Arguto\",\"image\":{\"@type\":\"ImageObject\",\"inLanguage\":\"es-AR\",\"@id\":\"https:\\\/\\\/vocesdelacomuna15.com.ar\\\/wp-content\\\/litespeed\\\/avatar\\\/82faf979976f1bae889b8b71f8a0a7e5.jpg?ver=1777419741\",\"url\":\"https:\\\/\\\/vocesdelacomuna15.com.ar\\\/wp-content\\\/litespeed\\\/avatar\\\/82faf979976f1bae889b8b71f8a0a7e5.jpg?ver=1777419741\",\"contentUrl\":\"https:\\\/\\\/vocesdelacomuna15.com.ar\\\/wp-content\\\/litespeed\\\/avatar\\\/82faf979976f1bae889b8b71f8a0a7e5.jpg?ver=1777419741\",\"caption\":\"Federico Arguto\"},\"url\":\"https:\\\/\\\/vocesdelacomuna15.com.ar\\\/press\\\/author\\\/fede\\\/\"}]}<\/script>\n<!-- \/ Yoast SEO plugin. -->","yoast_head_json":{"title":"Peras y Manzanas - Frescas o elaboradas, decoran fruteras y magn\u00edficos postres - Voces de la Comuna 15","description":"Voces de la Comuna 15","robots":{"index":"index","follow":"follow","max-snippet":"max-snippet:-1","max-image-preview":"max-image-preview:large","max-video-preview":"max-video-preview:-1"},"canonical":"https:\/\/vocesdelacomuna15.com.ar\/press\/peras-y-manzanas-frescas-o-elaboradas-decoran-fruteras-y-magnificos-postres\/","og_locale":"es_ES","og_type":"article","og_title":"Peras y Manzanas - Frescas o elaboradas, decoran fruteras y magn\u00edficos postres - Voces de la Comuna 15","og_description":"Voces de la Comuna 15","og_url":"https:\/\/vocesdelacomuna15.com.ar\/press\/peras-y-manzanas-frescas-o-elaboradas-decoran-fruteras-y-magnificos-postres\/","og_site_name":"Voces de la Comuna 15","article_publisher":"https:\/\/www.facebook.com\/VocesComuna15\/","article_published_time":"2023-05-10T18:44:15+00:00","article_modified_time":"2023-05-10T18:44:17+00:00","og_image":[{"width":2560,"height":1518,"url":"https:\/\/vocesdelacomuna15.com.ar\/wp-content\/uploads\/2023\/05\/Peras-crocantes-tipias-con-helado-de-vainilla-scaled.jpg","type":"image\/jpeg"}],"author":"Federico Arguto","twitter_card":"summary_large_image","twitter_creator":"@vocescomuna15","twitter_site":"@vocescomuna15","twitter_misc":{"Escrito por":"Federico Arguto","Tiempo de lectura":"4 minutos"},"schema":{"@context":"https:\/\/schema.org","@graph":[{"@type":"Article","@id":"https:\/\/vocesdelacomuna15.com.ar\/press\/peras-y-manzanas-frescas-o-elaboradas-decoran-fruteras-y-magnificos-postres\/#article","isPartOf":{"@id":"https:\/\/vocesdelacomuna15.com.ar\/press\/peras-y-manzanas-frescas-o-elaboradas-decoran-fruteras-y-magnificos-postres\/"},"author":{"name":"Federico Arguto","@id":"https:\/\/vocesdelacomuna15.com.ar\/press\/#\/schema\/person\/4739e109db25d799cd3d139eeb509e43"},"headline":"Peras y Manzanas &#8211; Frescas o elaboradas, decoran fruteras y magn\u00edficos postres","datePublished":"2023-05-10T18:44:15+00:00","dateModified":"2023-05-10T18:44:17+00:00","mainEntityOfPage":{"@id":"https:\/\/vocesdelacomuna15.com.ar\/press\/peras-y-manzanas-frescas-o-elaboradas-decoran-fruteras-y-magnificos-postres\/"},"wordCount":752,"commentCount":0,"publisher":{"@id":"https:\/\/vocesdelacomuna15.com.ar\/press\/#organization"},"image":{"@id":"https:\/\/vocesdelacomuna15.com.ar\/press\/peras-y-manzanas-frescas-o-elaboradas-decoran-fruteras-y-magnificos-postres\/#primaryimage"},"thumbnailUrl":"https:\/\/vocesdelacomuna15.com.ar\/wp-content\/uploads\/2023\/05\/Peras-crocantes-tipias-con-helado-de-vainilla-scaled.jpg","articleSection":["Cocina\/ Gastronom\u00eda"],"inLanguage":"es-AR","potentialAction":[{"@type":"CommentAction","name":"Comment","target":["https:\/\/vocesdelacomuna15.com.ar\/press\/peras-y-manzanas-frescas-o-elaboradas-decoran-fruteras-y-magnificos-postres\/#respond"]}]},{"@type":"WebPage","@id":"https:\/\/vocesdelacomuna15.com.ar\/press\/peras-y-manzanas-frescas-o-elaboradas-decoran-fruteras-y-magnificos-postres\/","url":"https:\/\/vocesdelacomuna15.com.ar\/press\/peras-y-manzanas-frescas-o-elaboradas-decoran-fruteras-y-magnificos-postres\/","name":"Peras y Manzanas - Frescas o elaboradas, decoran fruteras y magn\u00edficos postres - Voces de la Comuna 15","isPartOf":{"@id":"https:\/\/vocesdelacomuna15.com.ar\/press\/#website"},"primaryImageOfPage":{"@id":"https:\/\/vocesdelacomuna15.com.ar\/press\/peras-y-manzanas-frescas-o-elaboradas-decoran-fruteras-y-magnificos-postres\/#primaryimage"},"image":{"@id":"https:\/\/vocesdelacomuna15.com.ar\/press\/peras-y-manzanas-frescas-o-elaboradas-decoran-fruteras-y-magnificos-postres\/#primaryimage"},"thumbnailUrl":"https:\/\/vocesdelacomuna15.com.ar\/wp-content\/uploads\/2023\/05\/Peras-crocantes-tipias-con-helado-de-vainilla-scaled.jpg","datePublished":"2023-05-10T18:44:15+00:00","dateModified":"2023-05-10T18:44:17+00:00","description":"Voces de la Comuna 15","breadcrumb":{"@id":"https:\/\/vocesdelacomuna15.com.ar\/press\/peras-y-manzanas-frescas-o-elaboradas-decoran-fruteras-y-magnificos-postres\/#breadcrumb"},"inLanguage":"es-AR","potentialAction":[{"@type":"ReadAction","target":["https:\/\/vocesdelacomuna15.com.ar\/press\/peras-y-manzanas-frescas-o-elaboradas-decoran-fruteras-y-magnificos-postres\/"]}]},{"@type":"ImageObject","inLanguage":"es-AR","@id":"https:\/\/vocesdelacomuna15.com.ar\/press\/peras-y-manzanas-frescas-o-elaboradas-decoran-fruteras-y-magnificos-postres\/#primaryimage","url":"https:\/\/vocesdelacomuna15.com.ar\/wp-content\/uploads\/2023\/05\/Peras-crocantes-tipias-con-helado-de-vainilla-scaled.jpg","contentUrl":"https:\/\/vocesdelacomuna15.com.ar\/wp-content\/uploads\/2023\/05\/Peras-crocantes-tipias-con-helado-de-vainilla-scaled.jpg","width":2560,"height":1518},{"@type":"BreadcrumbList","@id":"https:\/\/vocesdelacomuna15.com.ar\/press\/peras-y-manzanas-frescas-o-elaboradas-decoran-fruteras-y-magnificos-postres\/#breadcrumb","itemListElement":[{"@type":"ListItem","position":1,"name":"Inicio","item":"https:\/\/vocesdelacomuna15.com.ar\/press\/"},{"@type":"ListItem","position":2,"name":"Peras y Manzanas &#8211; Frescas o elaboradas, decoran fruteras y magn\u00edficos postres"}]},{"@type":"WebSite","@id":"https:\/\/vocesdelacomuna15.com.ar\/press\/#website","url":"https:\/\/vocesdelacomuna15.com.ar\/press\/","name":"Voces de la Comuna 15","description":"Sitio web de noticias","publisher":{"@id":"https:\/\/vocesdelacomuna15.com.ar\/press\/#organization"},"potentialAction":[{"@type":"SearchAction","target":{"@type":"EntryPoint","urlTemplate":"https:\/\/vocesdelacomuna15.com.ar\/press\/?s={search_term_string}"},"query-input":{"@type":"PropertyValueSpecification","valueRequired":true,"valueName":"search_term_string"}}],"inLanguage":"es-AR"},{"@type":"Organization","@id":"https:\/\/vocesdelacomuna15.com.ar\/press\/#organization","name":"Voces de la Comuna 15","url":"https:\/\/vocesdelacomuna15.com.ar\/press\/","logo":{"@type":"ImageObject","inLanguage":"es-AR","@id":"https:\/\/vocesdelacomuna15.com.ar\/press\/#\/schema\/logo\/image\/","url":"https:\/\/vocesdelacomuna15.com.ar\/wp-content\/uploads\/2024\/12\/cropped-logo_voces.jpg","contentUrl":"https:\/\/vocesdelacomuna15.com.ar\/wp-content\/uploads\/2024\/12\/cropped-logo_voces.jpg","width":512,"height":512,"caption":"Voces de la Comuna 15"},"image":{"@id":"https:\/\/vocesdelacomuna15.com.ar\/press\/#\/schema\/logo\/image\/"},"sameAs":["https:\/\/www.facebook.com\/VocesComuna15\/","https:\/\/x.com\/vocescomuna15"]},{"@type":"Person","@id":"https:\/\/vocesdelacomuna15.com.ar\/press\/#\/schema\/person\/4739e109db25d799cd3d139eeb509e43","name":"Federico Arguto","image":{"@type":"ImageObject","inLanguage":"es-AR","@id":"https:\/\/vocesdelacomuna15.com.ar\/wp-content\/litespeed\/avatar\/82faf979976f1bae889b8b71f8a0a7e5.jpg?ver=1777419741","url":"https:\/\/vocesdelacomuna15.com.ar\/wp-content\/litespeed\/avatar\/82faf979976f1bae889b8b71f8a0a7e5.jpg?ver=1777419741","contentUrl":"https:\/\/vocesdelacomuna15.com.ar\/wp-content\/litespeed\/avatar\/82faf979976f1bae889b8b71f8a0a7e5.jpg?ver=1777419741","caption":"Federico Arguto"},"url":"https:\/\/vocesdelacomuna15.com.ar\/press\/author\/fede\/"}]}},"_links":{"self":[{"href":"https:\/\/vocesdelacomuna15.com.ar\/press\/wp-json\/wp\/v2\/posts\/59914","targetHints":{"allow":["GET"]}}],"collection":[{"href":"https:\/\/vocesdelacomuna15.com.ar\/press\/wp-json\/wp\/v2\/posts"}],"about":[{"href":"https:\/\/vocesdelacomuna15.com.ar\/press\/wp-json\/wp\/v2\/types\/post"}],"author":[{"embeddable":true,"href":"https:\/\/vocesdelacomuna15.com.ar\/press\/wp-json\/wp\/v2\/users\/2"}],"replies":[{"embeddable":true,"href":"https:\/\/vocesdelacomuna15.com.ar\/press\/wp-json\/wp\/v2\/comments?post=59914"}],"version-history":[{"count":1,"href":"https:\/\/vocesdelacomuna15.com.ar\/press\/wp-json\/wp\/v2\/posts\/59914\/revisions"}],"predecessor-version":[{"id":59916,"href":"https:\/\/vocesdelacomuna15.com.ar\/press\/wp-json\/wp\/v2\/posts\/59914\/revisions\/59916"}],"wp:featuredmedia":[{"embeddable":true,"href":"https:\/\/vocesdelacomuna15.com.ar\/press\/wp-json\/wp\/v2\/media\/59915"}],"wp:attachment":[{"href":"https:\/\/vocesdelacomuna15.com.ar\/press\/wp-json\/wp\/v2\/media?parent=59914"}],"wp:term":[{"taxonomy":"category","embeddable":true,"href":"https:\/\/vocesdelacomuna15.com.ar\/press\/wp-json\/wp\/v2\/categories?post=59914"},{"taxonomy":"post_tag","embeddable":true,"href":"https:\/\/vocesdelacomuna15.com.ar\/press\/wp-json\/wp\/v2\/tags?post=59914"}],"curies":[{"name":"wp","href":"https:\/\/api.w.org\/{rel}","templated":true}]}}