{"id":59894,"date":"2023-05-09T19:28:43","date_gmt":"2023-05-09T22:28:43","guid":{"rendered":"https:\/\/vocesdelacomuna15.com.ar\/wordpress\/?p=59894"},"modified":"2023-05-10T14:53:39","modified_gmt":"2023-05-10T17:53:39","slug":"el-bicho-reacciono-sobre-el-final-y-rescato-un-empate-frente-a-independiente","status":"publish","type":"post","link":"https:\/\/vocesdelacomuna15.com.ar\/press\/el-bicho-reacciono-sobre-el-final-y-rescato-un-empate-frente-a-independiente\/","title":{"rendered":"El \u201cBicho\u201d reaccion\u00f3 sobre el final y rescat\u00f3 un empate frente a Independiente"},"content":{"rendered":"\n<p>Fue 2-2 en La Paternal. Argentinos estuvo dos goles abajo<\/p>\n\n\n\n<p>En un partidazo con todas las emociones, el s\u00e1bado por la noche en La Paternal, Argentinos Juniors igual\u00f3 con Independiente 2 a 2. El Diego Armando Maradona estuvo colmado de hinchas ilusionados por la campa\u00f1a de Argentinos en la Copa Libertadores.<\/p>\n\n\n\n<p>Este encuentro por la fecha 15 de la Liga Profesional de F\u00fatbol comenz\u00f3 con ataques del \u201cBicho\u201d, que tuvo tres claras en la primera etapa: un derechazo de Kevin Mac Allister apenas desviado, una definici\u00f3n de Gabriel \u00c1valos tras un centro desde la derecha que dio en travesa\u00f1o, en la que en el rebote, Rodrigo Cabral defini\u00f3 y Rodrigo Rey la sac\u00f3 quiz\u00e1s de adentro del arco, en una jugada dudosa y un cabezazo de Kevin Mac Allister tras un corner que desvi\u00f3 Rey, la figura del partido. Sin embargo, sobre el final del primer tiempo, a los 45 minutos, Sergio Ortiz puso en ventaja a Independiente tras una mala salida del \u201cBicho\u201d.<\/p>\n\n\n\n<p>En el segundo tiempo, a los 65, Independiente se puso 2-0 tras un penal convertido por Mart\u00edn Cauteruccio. Marco Di C\u00e9sare hab\u00eda derribado a Braian Mart\u00ednez dentro del \u00e1rea y el \u00e1rbitro Nicol\u00e1s Ram\u00edrez no dud\u00f3. Parec\u00eda liquidado para el \u201cRojo de Avellaneda\u201d pero a los 78 minutos, tras un agarr\u00f3n de Edgar Elizalde a Gast\u00f3n Ver\u00f3n que en principio pas\u00f3 inadvertido, la jugada fue al VAR y el \u00e1rbitro cobr\u00f3 penal para el \u201cBicho\u201d. \u00c1valos fusil\u00f3 a Rey para descontar. Poco despu\u00e9s, a los 83, tras una gran jugada de Francisco Gonz\u00e1lez Metilli, que termin\u00f3 en corner tras tapada de Rey; vino el centro y despu\u00e9s de una peinada, Leonardo Heredia, de cabeza puso el 2 a 2 definitivo. Pero hab\u00eda m\u00e1s: casi al final Cauteruccio tir\u00f3 por encima del travesa\u00f1o una pelota que ten\u00eda que empujar con el arco solo tras un centro (le qued\u00f3 algo atr\u00e1s). Argentinos, que fue m\u00e1s en el global, se termin\u00f3 salvando en la \u00faltima y se llev\u00f3 un punto en un partido que parec\u00eda perdido estando dos goles abajo.<\/p>\n\n\n\n<figure class=\"wp-block-image size-large\"><img loading=\"lazy\" decoding=\"async\" width=\"1024\" height=\"768\" src=\"https:\/\/vocesdelacomuna15.com.ar\/wordpress\/wp-content\/uploads\/2023\/05\/Avalos-1024x768.jpg\" alt=\"\" class=\"wp-image-59898\" srcset=\"https:\/\/vocesdelacomuna15.com.ar\/wp-content\/uploads\/2023\/05\/Avalos-1024x768.jpg 1024w, https:\/\/vocesdelacomuna15.com.ar\/wp-content\/uploads\/2023\/05\/Avalos-300x225.jpg 300w, https:\/\/vocesdelacomuna15.com.ar\/wp-content\/uploads\/2023\/05\/Avalos-768x576.jpg 768w, https:\/\/vocesdelacomuna15.com.ar\/wp-content\/uploads\/2023\/05\/Avalos-1536x1152.jpg 1536w, https:\/\/vocesdelacomuna15.com.ar\/wp-content\/uploads\/2023\/05\/Avalos-1080x810.jpg 1080w, https:\/\/vocesdelacomuna15.com.ar\/wp-content\/uploads\/2023\/05\/Avalos.jpg 1600w\" sizes=\"(max-width: 1024px) 100vw, 1024px\" \/><figcaption class=\"wp-element-caption\"><em>Gabriel \u00c1valos descuenta de penal para Argentinos<\/em><\/figcaption><\/figure>\n\n\n\n<p>Ante Independiente, el \u201cBicho\u201d form\u00f3 con: Mart\u00edn Arias; Kevin Mac Allister, Di C\u00e9sare, Leonel Gonz\u00e1lez; Cabrera, Mat\u00edas Vera, Villalba, Alan Rodr\u00edguez, Cabral; Ver\u00f3n y \u00c1valos. Ingresaron en el equipo dirigido por Gabriel Milito, Gonz\u00e1lez Metilli por Leonel Gonz\u00e1lez y Moyano por Mat\u00edas Vera a los 54 minutos y a los 79 Heredia por Ver\u00f3n, Montiel por Cabral y Redondo por Alan Rodr\u00edguez.<\/p>\n\n\n\n<figure class=\"wp-block-image size-large\"><img loading=\"lazy\" decoding=\"async\" width=\"1024\" height=\"768\" src=\"https:\/\/vocesdelacomuna15.com.ar\/wordpress\/wp-content\/uploads\/2023\/05\/Final-1024x768.jpg\" alt=\"\" class=\"wp-image-59897\" srcset=\"https:\/\/vocesdelacomuna15.com.ar\/wp-content\/uploads\/2023\/05\/Final-1024x768.jpg 1024w, https:\/\/vocesdelacomuna15.com.ar\/wp-content\/uploads\/2023\/05\/Final-300x225.jpg 300w, https:\/\/vocesdelacomuna15.com.ar\/wp-content\/uploads\/2023\/05\/Final-768x576.jpg 768w, https:\/\/vocesdelacomuna15.com.ar\/wp-content\/uploads\/2023\/05\/Final-1536x1152.jpg 1536w, https:\/\/vocesdelacomuna15.com.ar\/wp-content\/uploads\/2023\/05\/Final-1080x810.jpg 1080w, https:\/\/vocesdelacomuna15.com.ar\/wp-content\/uploads\/2023\/05\/Final.jpg 1600w\" sizes=\"(max-width: 1024px) 100vw, 1024px\" \/><figcaption class=\"wp-element-caption\"><em>Fin del partido. Igualdad 2 a 2 en La Paternal<\/em><\/figcaption><\/figure>\n\n\n\n<p>Con el empate, Argentinos qued\u00f3 11\u00b0 en la tabla con 20 puntos. El l\u00edder es River, que gan\u00f3 sobre la hora el cl\u00e1sico con Boca en esta fecha, con 37. En la pr\u00f3xima fecha el \u201cBicho\u201d visitar\u00e1 a Atl\u00e9tico Tucum\u00e1n, el viernes a las 21.30 horas.<\/p>\n\n\n\n<p>Resumen del Partido (Fuente: Liga Profesional de F\u00fatbol de la AFA- You Tube):<\/p>\n\n\n\n<figure class=\"wp-block-embed is-type-video is-provider-youtube wp-block-embed-youtube wp-embed-aspect-16-9 wp-has-aspect-ratio\"><div class=\"wp-block-embed__wrapper\">\n<iframe loading=\"lazy\" title=\"#TorneoBinance 2023 | Fecha 15 | resumen de Argentinos - Independiente\" width=\"1080\" height=\"608\" src=\"https:\/\/www.youtube.com\/embed\/3hhTwb1EYGs?start=188&#038;feature=oembed\" frameborder=\"0\" allow=\"accelerometer; autoplay; clipboard-write; encrypted-media; gyroscope; picture-in-picture; web-share\" allowfullscreen><\/iframe>\n<\/div><\/figure>\n\n\n\n<p>Conferencia de Prensa de Gabriel Milito (Fuente: Argentinos Juniors- You Tube):<\/p>\n\n\n\n<figure class=\"wp-block-embed is-type-video is-provider-youtube wp-block-embed-youtube wp-embed-aspect-16-9 wp-has-aspect-ratio\"><div class=\"wp-block-embed__wrapper\">\n<iframe loading=\"lazy\" title=\"CONFERENCIA: Gabriel Milito vs. Independiente \/ Torneo LPF Argentina 2023\" width=\"1080\" height=\"608\" src=\"https:\/\/www.youtube.com\/embed\/P59liuZ2WTU?feature=oembed\" frameborder=\"0\" allow=\"accelerometer; autoplay; clipboard-write; encrypted-media; gyroscope; picture-in-picture; web-share\" allowfullscreen><\/iframe>\n<\/div><\/figure>\n\n\n\n<p>EMPATE DE ATLANTA ANTE RIESTRA<\/p>\n\n\n\n<p>Ayer por la noche en Villa Crespo, el \u201cBohemio\u201d igual\u00f3 1 a 1 con Riestra por la Primera Nacional. Alejo Dramisino a los 2 minutos puso en ventaja al local y empat\u00f3 Jonathan Goitia a los 41 para el visitante. Con el empate Atlanta qued\u00f3 en 7\u00b0 lugar de la Zona B con 18 puntos, la cual est\u00e1 liderada por Chacarita con 27. En tanto, la Zona A, est\u00e1 comandada por Agropecuario con 26 unidades. En la pr\u00f3xima fecha el \u201cBohemio\u201d visitar\u00e1 a Ferro, el domingo a las 16.35 horas.<\/p>\n\n\n\n<figure class=\"wp-block-image size-large\"><img loading=\"lazy\" decoding=\"async\" width=\"1024\" height=\"576\" src=\"https:\/\/vocesdelacomuna15.com.ar\/wordpress\/wp-content\/uploads\/2023\/05\/atlanta-1024x576.jpg\" alt=\"\" class=\"wp-image-59895\" srcset=\"https:\/\/vocesdelacomuna15.com.ar\/wp-content\/uploads\/2023\/05\/atlanta-1024x576.jpg 1024w, https:\/\/vocesdelacomuna15.com.ar\/wp-content\/uploads\/2023\/05\/atlanta-300x169.jpg 300w, https:\/\/vocesdelacomuna15.com.ar\/wp-content\/uploads\/2023\/05\/atlanta-768x432.jpg 768w, https:\/\/vocesdelacomuna15.com.ar\/wp-content\/uploads\/2023\/05\/atlanta-1080x608.jpg 1080w, https:\/\/vocesdelacomuna15.com.ar\/wp-content\/uploads\/2023\/05\/atlanta.jpg 1280w\" sizes=\"(max-width: 1024px) 100vw, 1024px\" \/><figcaption class=\"wp-element-caption\"><em>Igualdad entre Atlanta y Riestra en Villa Crespo<\/em><\/figcaption><\/figure>\n\n\n\n<p>\u201cCOMU\u201d IGUAL\u00d3 SOBRE LA HORA Y SIGUE PUNTERO<\/p>\n\n\n\n<p>En el Alfredo Ramos el s\u00e1bado por la tarde, Comunicaciones empat\u00f3 1 a 1 con Acassuso en un encuentro en el que hubo un expulsado por bando (Germ\u00e1n Salort en el local y Juan Barbieri en el visitante). Gamba marc\u00f3 el primer gol para \u201cSsuso\u201d a los 30 minutos y lo empat\u00f3 Gim\u00e9nez a los 89 para \u201cComu\u201d. Con el resultado, el \u201cCartero\u201d qued\u00f3 puntero del Apertura de la B Metro con 24 puntos, seguido por Los Andes y San Miguel con 21 unidades. En la pr\u00f3xima fecha los de Agronom\u00eda visitar\u00e1n el domingo a las 14.35 a Talleres de Remedios de Escalada.<\/p>\n\n\n\n<figure class=\"wp-block-image size-large\"><img loading=\"lazy\" decoding=\"async\" width=\"1024\" height=\"882\" src=\"https:\/\/vocesdelacomuna15.com.ar\/wordpress\/wp-content\/uploads\/2023\/05\/comu-1024x882.jpg\" alt=\"\" class=\"wp-image-59896\" srcset=\"https:\/\/vocesdelacomuna15.com.ar\/wp-content\/uploads\/2023\/05\/comu-1024x882.jpg 1024w, https:\/\/vocesdelacomuna15.com.ar\/wp-content\/uploads\/2023\/05\/comu-300x258.jpg 300w, https:\/\/vocesdelacomuna15.com.ar\/wp-content\/uploads\/2023\/05\/comu-768x661.jpg 768w, https:\/\/vocesdelacomuna15.com.ar\/wp-content\/uploads\/2023\/05\/comu-1536x1323.jpg 1536w, https:\/\/vocesdelacomuna15.com.ar\/wp-content\/uploads\/2023\/05\/comu-2048x1764.jpg 2048w, https:\/\/vocesdelacomuna15.com.ar\/wp-content\/uploads\/2023\/05\/comu-1080x930.jpg 1080w\" sizes=\"(max-width: 1024px) 100vw, 1024px\" \/><figcaption class=\"wp-element-caption\"><em>&#8220;Comu&#8221; empat\u00f3 ante Acassuso pero sigue puntero<\/em><\/figcaption><\/figure>\n\n\n\n<p>Caracteres: 3.820<\/p>\n\n\n\n<p>Fotos Argentinos: la del campo de juego es de Prensa AAAJ y las tomadas desde la platea de \u201cVoces de la Comuna 15\u201d<\/p>\n\n\n\n<p>Foto Atlanta: Atlanta Oficial<\/p>\n\n\n\n<p>Foto Comunicaciones: Prensa Comu<\/p>\n<div class=\"pvc_clear\"><\/div><p id=\"pvc_stats_59894\" class=\"pvc_stats all  \" data-element-id=\"59894\" style=\"\"><i class=\"pvc-stats-icon small\" aria-hidden=\"true\"><svg aria-hidden=\"true\" focusable=\"false\" data-prefix=\"far\" data-icon=\"chart-bar\" role=\"img\" xmlns=\"http:\/\/www.w3.org\/2000\/svg\" viewBox=\"0 0 512 512\" class=\"svg-inline--fa fa-chart-bar fa-w-16 fa-2x\"><path fill=\"currentColor\" d=\"M396.8 352h22.4c6.4 0 12.8-6.4 12.8-12.8V108.8c0-6.4-6.4-12.8-12.8-12.8h-22.4c-6.4 0-12.8 6.4-12.8 12.8v230.4c0 6.4 6.4 12.8 12.8 12.8zm-192 0h22.4c6.4 0 12.8-6.4 12.8-12.8V140.8c0-6.4-6.4-12.8-12.8-12.8h-22.4c-6.4 0-12.8 6.4-12.8 12.8v198.4c0 6.4 6.4 12.8 12.8 12.8zm96 0h22.4c6.4 0 12.8-6.4 12.8-12.8V204.8c0-6.4-6.4-12.8-12.8-12.8h-22.4c-6.4 0-12.8 6.4-12.8 12.8v134.4c0 6.4 6.4 12.8 12.8 12.8zM496 400H48V80c0-8.84-7.16-16-16-16H16C7.16 64 0 71.16 0 80v336c0 17.67 14.33 32 32 32h464c8.84 0 16-7.16 16-16v-16c0-8.84-7.16-16-16-16zm-387.2-48h22.4c6.4 0 12.8-6.4 12.8-12.8v-70.4c0-6.4-6.4-12.8-12.8-12.8h-22.4c-6.4 0-12.8 6.4-12.8 12.8v70.4c0 6.4 6.4 12.8 12.8 12.8z\" class=\"\"><\/path><\/svg><\/i> <img loading=\"lazy\" decoding=\"async\" width=\"16\" height=\"16\" alt=\"Loading\" src=\"https:\/\/vocesdelacomuna15.com.ar\/wp-content\/plugins\/page-views-count\/ajax-loader-2x.gif\" border=0 \/><\/p><div class=\"pvc_clear\"><\/div>","protected":false},"excerpt":{"rendered":"<p>Fue 2-2 en La Paternal. Argentinos estuvo dos goles abajo En un partidazo con todas las emociones, el s\u00e1bado por la noche en La Paternal, Argentinos Juniors igual\u00f3 con Independiente 2 a 2. El Diego Armando Maradona estuvo colmado de hinchas ilusionados por la campa\u00f1a de Argentinos en la Copa Libertadores. Este encuentro por la [&hellip;]<\/p>\n<div class=\"pvc_clear\"><\/div>\n<p id=\"pvc_stats_59894\" class=\"pvc_stats all  \" data-element-id=\"59894\" style=\"\"><i class=\"pvc-stats-icon small\" aria-hidden=\"true\"><svg aria-hidden=\"true\" focusable=\"false\" data-prefix=\"far\" data-icon=\"chart-bar\" role=\"img\" xmlns=\"http:\/\/www.w3.org\/2000\/svg\" viewBox=\"0 0 512 512\" class=\"svg-inline--fa fa-chart-bar fa-w-16 fa-2x\"><path fill=\"currentColor\" d=\"M396.8 352h22.4c6.4 0 12.8-6.4 12.8-12.8V108.8c0-6.4-6.4-12.8-12.8-12.8h-22.4c-6.4 0-12.8 6.4-12.8 12.8v230.4c0 6.4 6.4 12.8 12.8 12.8zm-192 0h22.4c6.4 0 12.8-6.4 12.8-12.8V140.8c0-6.4-6.4-12.8-12.8-12.8h-22.4c-6.4 0-12.8 6.4-12.8 12.8v198.4c0 6.4 6.4 12.8 12.8 12.8zm96 0h22.4c6.4 0 12.8-6.4 12.8-12.8V204.8c0-6.4-6.4-12.8-12.8-12.8h-22.4c-6.4 0-12.8 6.4-12.8 12.8v134.4c0 6.4 6.4 12.8 12.8 12.8zM496 400H48V80c0-8.84-7.16-16-16-16H16C7.16 64 0 71.16 0 80v336c0 17.67 14.33 32 32 32h464c8.84 0 16-7.16 16-16v-16c0-8.84-7.16-16-16-16zm-387.2-48h22.4c6.4 0 12.8-6.4 12.8-12.8v-70.4c0-6.4-6.4-12.8-12.8-12.8h-22.4c-6.4 0-12.8 6.4-12.8 12.8v70.4c0 6.4 6.4 12.8 12.8 12.8z\" class=\"\"><\/path><\/svg><\/i> <img loading=\"lazy\" decoding=\"async\" width=\"16\" height=\"16\" alt=\"Loading\" src=\"https:\/\/vocesdelacomuna15.com.ar\/wp-content\/plugins\/page-views-count\/ajax-loader-2x.gif\" border=0 \/><\/p>\n<div class=\"pvc_clear\"><\/div>\n","protected":false},"author":2,"featured_media":59899,"comment_status":"open","ping_status":"open","sticky":false,"template":"","format":"standard","meta":{"_et_pb_use_builder":"","_et_pb_old_content":"","_et_gb_content_width":"","footnotes":""},"categories":[6,27,29,32],"tags":[],"class_list":["post-59894","post","type-post","status-publish","format-standard","has-post-thumbnail","hentry","category-agro","category-deportes","category-lapa","category-vcre","et-has-post-format-content","et_post_format-et-post-format-standard"],"a3_pvc":{"activated":true,"total_views":61,"today_views":0},"yoast_head":"<!-- This site is optimized with the Yoast SEO plugin v27.5 - https:\/\/yoast.com\/product\/yoast-seo-wordpress\/ -->\n<title>El \u201cBicho\u201d reaccion\u00f3 sobre el final y rescat\u00f3 un empate frente a Independiente - Voces de la Comuna 15<\/title>\n<meta name=\"description\" content=\"Voces de la Comuna 15\" \/>\n<meta name=\"robots\" content=\"index, follow, max-snippet:-1, max-image-preview:large, max-video-preview:-1\" \/>\n<link rel=\"canonical\" href=\"https:\/\/vocesdelacomuna15.com.ar\/press\/el-bicho-reacciono-sobre-el-final-y-rescato-un-empate-frente-a-independiente\/\" \/>\n<meta property=\"og:locale\" content=\"es_ES\" \/>\n<meta property=\"og:type\" content=\"article\" \/>\n<meta property=\"og:title\" content=\"El \u201cBicho\u201d reaccion\u00f3 sobre el final y rescat\u00f3 un empate frente a Independiente - Voces de la Comuna 15\" \/>\n<meta property=\"og:description\" content=\"Voces de la Comuna 15\" \/>\n<meta property=\"og:url\" content=\"https:\/\/vocesdelacomuna15.com.ar\/press\/el-bicho-reacciono-sobre-el-final-y-rescato-un-empate-frente-a-independiente\/\" \/>\n<meta property=\"og:site_name\" content=\"Voces de la Comuna 15\" \/>\n<meta property=\"article:publisher\" content=\"https:\/\/www.facebook.com\/VocesComuna15\/\" \/>\n<meta property=\"article:published_time\" content=\"2023-05-09T22:28:43+00:00\" \/>\n<meta property=\"article:modified_time\" content=\"2023-05-10T17:53:39+00:00\" \/>\n<meta property=\"og:image\" content=\"https:\/\/vocesdelacomuna15.com.ar\/wp-content\/uploads\/2023\/05\/Heredia.jpg\" \/>\n\t<meta property=\"og:image:width\" content=\"1600\" \/>\n\t<meta property=\"og:image:height\" content=\"1066\" \/>\n\t<meta property=\"og:image:type\" content=\"image\/jpeg\" \/>\n<meta name=\"author\" content=\"Federico Arguto\" \/>\n<meta name=\"twitter:card\" content=\"summary_large_image\" \/>\n<meta name=\"twitter:creator\" content=\"@vocescomuna15\" \/>\n<meta name=\"twitter:site\" content=\"@vocescomuna15\" \/>\n<meta name=\"twitter:label1\" content=\"Escrito por\" \/>\n\t<meta name=\"twitter:data1\" content=\"Federico Arguto\" \/>\n\t<meta name=\"twitter:label2\" content=\"Tiempo de lectura\" \/>\n\t<meta name=\"twitter:data2\" content=\"4 minutos\" \/>\n<script type=\"application\/ld+json\" class=\"yoast-schema-graph\">{\"@context\":\"https:\\\/\\\/schema.org\",\"@graph\":[{\"@type\":\"Article\",\"@id\":\"https:\\\/\\\/vocesdelacomuna15.com.ar\\\/press\\\/el-bicho-reacciono-sobre-el-final-y-rescato-un-empate-frente-a-independiente\\\/#article\",\"isPartOf\":{\"@id\":\"https:\\\/\\\/vocesdelacomuna15.com.ar\\\/press\\\/el-bicho-reacciono-sobre-el-final-y-rescato-un-empate-frente-a-independiente\\\/\"},\"author\":{\"name\":\"Federico Arguto\",\"@id\":\"https:\\\/\\\/vocesdelacomuna15.com.ar\\\/press\\\/#\\\/schema\\\/person\\\/4739e109db25d799cd3d139eeb509e43\"},\"headline\":\"El \u201cBicho\u201d reaccion\u00f3 sobre el final y rescat\u00f3 un empate frente a Independiente\",\"datePublished\":\"2023-05-09T22:28:43+00:00\",\"dateModified\":\"2023-05-10T17:53:39+00:00\",\"mainEntityOfPage\":{\"@id\":\"https:\\\/\\\/vocesdelacomuna15.com.ar\\\/press\\\/el-bicho-reacciono-sobre-el-final-y-rescato-un-empate-frente-a-independiente\\\/\"},\"wordCount\":792,\"commentCount\":0,\"publisher\":{\"@id\":\"https:\\\/\\\/vocesdelacomuna15.com.ar\\\/press\\\/#organization\"},\"image\":{\"@id\":\"https:\\\/\\\/vocesdelacomuna15.com.ar\\\/press\\\/el-bicho-reacciono-sobre-el-final-y-rescato-un-empate-frente-a-independiente\\\/#primaryimage\"},\"thumbnailUrl\":\"https:\\\/\\\/vocesdelacomuna15.com.ar\\\/wp-content\\\/uploads\\\/2023\\\/05\\\/Heredia.jpg\",\"articleSection\":[\"Agronom\u00eda\",\"Deportes\",\"La Paternal\",\"Villa Crespo\"],\"inLanguage\":\"es-AR\",\"potentialAction\":[{\"@type\":\"CommentAction\",\"name\":\"Comment\",\"target\":[\"https:\\\/\\\/vocesdelacomuna15.com.ar\\\/press\\\/el-bicho-reacciono-sobre-el-final-y-rescato-un-empate-frente-a-independiente\\\/#respond\"]}]},{\"@type\":\"WebPage\",\"@id\":\"https:\\\/\\\/vocesdelacomuna15.com.ar\\\/press\\\/el-bicho-reacciono-sobre-el-final-y-rescato-un-empate-frente-a-independiente\\\/\",\"url\":\"https:\\\/\\\/vocesdelacomuna15.com.ar\\\/press\\\/el-bicho-reacciono-sobre-el-final-y-rescato-un-empate-frente-a-independiente\\\/\",\"name\":\"El \u201cBicho\u201d reaccion\u00f3 sobre el final y rescat\u00f3 un empate frente a Independiente - Voces de la Comuna 15\",\"isPartOf\":{\"@id\":\"https:\\\/\\\/vocesdelacomuna15.com.ar\\\/press\\\/#website\"},\"primaryImageOfPage\":{\"@id\":\"https:\\\/\\\/vocesdelacomuna15.com.ar\\\/press\\\/el-bicho-reacciono-sobre-el-final-y-rescato-un-empate-frente-a-independiente\\\/#primaryimage\"},\"image\":{\"@id\":\"https:\\\/\\\/vocesdelacomuna15.com.ar\\\/press\\\/el-bicho-reacciono-sobre-el-final-y-rescato-un-empate-frente-a-independiente\\\/#primaryimage\"},\"thumbnailUrl\":\"https:\\\/\\\/vocesdelacomuna15.com.ar\\\/wp-content\\\/uploads\\\/2023\\\/05\\\/Heredia.jpg\",\"datePublished\":\"2023-05-09T22:28:43+00:00\",\"dateModified\":\"2023-05-10T17:53:39+00:00\",\"description\":\"Voces de la Comuna 15\",\"breadcrumb\":{\"@id\":\"https:\\\/\\\/vocesdelacomuna15.com.ar\\\/press\\\/el-bicho-reacciono-sobre-el-final-y-rescato-un-empate-frente-a-independiente\\\/#breadcrumb\"},\"inLanguage\":\"es-AR\",\"potentialAction\":[{\"@type\":\"ReadAction\",\"target\":[\"https:\\\/\\\/vocesdelacomuna15.com.ar\\\/press\\\/el-bicho-reacciono-sobre-el-final-y-rescato-un-empate-frente-a-independiente\\\/\"]}]},{\"@type\":\"ImageObject\",\"inLanguage\":\"es-AR\",\"@id\":\"https:\\\/\\\/vocesdelacomuna15.com.ar\\\/press\\\/el-bicho-reacciono-sobre-el-final-y-rescato-un-empate-frente-a-independiente\\\/#primaryimage\",\"url\":\"https:\\\/\\\/vocesdelacomuna15.com.ar\\\/wp-content\\\/uploads\\\/2023\\\/05\\\/Heredia.jpg\",\"contentUrl\":\"https:\\\/\\\/vocesdelacomuna15.com.ar\\\/wp-content\\\/uploads\\\/2023\\\/05\\\/Heredia.jpg\",\"width\":1600,\"height\":1066},{\"@type\":\"BreadcrumbList\",\"@id\":\"https:\\\/\\\/vocesdelacomuna15.com.ar\\\/press\\\/el-bicho-reacciono-sobre-el-final-y-rescato-un-empate-frente-a-independiente\\\/#breadcrumb\",\"itemListElement\":[{\"@type\":\"ListItem\",\"position\":1,\"name\":\"Inicio\",\"item\":\"https:\\\/\\\/vocesdelacomuna15.com.ar\\\/press\\\/\"},{\"@type\":\"ListItem\",\"position\":2,\"name\":\"El \u201cBicho\u201d reaccion\u00f3 sobre el final y rescat\u00f3 un empate frente a Independiente\"}]},{\"@type\":\"WebSite\",\"@id\":\"https:\\\/\\\/vocesdelacomuna15.com.ar\\\/press\\\/#website\",\"url\":\"https:\\\/\\\/vocesdelacomuna15.com.ar\\\/press\\\/\",\"name\":\"Voces de la Comuna 15\",\"description\":\"Sitio web de noticias\",\"publisher\":{\"@id\":\"https:\\\/\\\/vocesdelacomuna15.com.ar\\\/press\\\/#organization\"},\"potentialAction\":[{\"@type\":\"SearchAction\",\"target\":{\"@type\":\"EntryPoint\",\"urlTemplate\":\"https:\\\/\\\/vocesdelacomuna15.com.ar\\\/press\\\/?s={search_term_string}\"},\"query-input\":{\"@type\":\"PropertyValueSpecification\",\"valueRequired\":true,\"valueName\":\"search_term_string\"}}],\"inLanguage\":\"es-AR\"},{\"@type\":\"Organization\",\"@id\":\"https:\\\/\\\/vocesdelacomuna15.com.ar\\\/press\\\/#organization\",\"name\":\"Voces de la Comuna 15\",\"url\":\"https:\\\/\\\/vocesdelacomuna15.com.ar\\\/press\\\/\",\"logo\":{\"@type\":\"ImageObject\",\"inLanguage\":\"es-AR\",\"@id\":\"https:\\\/\\\/vocesdelacomuna15.com.ar\\\/press\\\/#\\\/schema\\\/logo\\\/image\\\/\",\"url\":\"https:\\\/\\\/vocesdelacomuna15.com.ar\\\/wp-content\\\/uploads\\\/2024\\\/12\\\/cropped-logo_voces.jpg\",\"contentUrl\":\"https:\\\/\\\/vocesdelacomuna15.com.ar\\\/wp-content\\\/uploads\\\/2024\\\/12\\\/cropped-logo_voces.jpg\",\"width\":512,\"height\":512,\"caption\":\"Voces de la Comuna 15\"},\"image\":{\"@id\":\"https:\\\/\\\/vocesdelacomuna15.com.ar\\\/press\\\/#\\\/schema\\\/logo\\\/image\\\/\"},\"sameAs\":[\"https:\\\/\\\/www.facebook.com\\\/VocesComuna15\\\/\",\"https:\\\/\\\/x.com\\\/vocescomuna15\"]},{\"@type\":\"Person\",\"@id\":\"https:\\\/\\\/vocesdelacomuna15.com.ar\\\/press\\\/#\\\/schema\\\/person\\\/4739e109db25d799cd3d139eeb509e43\",\"name\":\"Federico Arguto\",\"image\":{\"@type\":\"ImageObject\",\"inLanguage\":\"es-AR\",\"@id\":\"https:\\\/\\\/vocesdelacomuna15.com.ar\\\/wp-content\\\/litespeed\\\/avatar\\\/82faf979976f1bae889b8b71f8a0a7e5.jpg?ver=1777419741\",\"url\":\"https:\\\/\\\/vocesdelacomuna15.com.ar\\\/wp-content\\\/litespeed\\\/avatar\\\/82faf979976f1bae889b8b71f8a0a7e5.jpg?ver=1777419741\",\"contentUrl\":\"https:\\\/\\\/vocesdelacomuna15.com.ar\\\/wp-content\\\/litespeed\\\/avatar\\\/82faf979976f1bae889b8b71f8a0a7e5.jpg?ver=1777419741\",\"caption\":\"Federico Arguto\"},\"url\":\"https:\\\/\\\/vocesdelacomuna15.com.ar\\\/press\\\/author\\\/fede\\\/\"}]}<\/script>\n<!-- \/ Yoast SEO plugin. -->","yoast_head_json":{"title":"El \u201cBicho\u201d reaccion\u00f3 sobre el final y rescat\u00f3 un empate frente a Independiente - Voces de la Comuna 15","description":"Voces de la Comuna 15","robots":{"index":"index","follow":"follow","max-snippet":"max-snippet:-1","max-image-preview":"max-image-preview:large","max-video-preview":"max-video-preview:-1"},"canonical":"https:\/\/vocesdelacomuna15.com.ar\/press\/el-bicho-reacciono-sobre-el-final-y-rescato-un-empate-frente-a-independiente\/","og_locale":"es_ES","og_type":"article","og_title":"El \u201cBicho\u201d reaccion\u00f3 sobre el final y rescat\u00f3 un empate frente a Independiente - Voces de la Comuna 15","og_description":"Voces de la Comuna 15","og_url":"https:\/\/vocesdelacomuna15.com.ar\/press\/el-bicho-reacciono-sobre-el-final-y-rescato-un-empate-frente-a-independiente\/","og_site_name":"Voces de la Comuna 15","article_publisher":"https:\/\/www.facebook.com\/VocesComuna15\/","article_published_time":"2023-05-09T22:28:43+00:00","article_modified_time":"2023-05-10T17:53:39+00:00","og_image":[{"width":1600,"height":1066,"url":"https:\/\/vocesdelacomuna15.com.ar\/wp-content\/uploads\/2023\/05\/Heredia.jpg","type":"image\/jpeg"}],"author":"Federico Arguto","twitter_card":"summary_large_image","twitter_creator":"@vocescomuna15","twitter_site":"@vocescomuna15","twitter_misc":{"Escrito por":"Federico Arguto","Tiempo de lectura":"4 minutos"},"schema":{"@context":"https:\/\/schema.org","@graph":[{"@type":"Article","@id":"https:\/\/vocesdelacomuna15.com.ar\/press\/el-bicho-reacciono-sobre-el-final-y-rescato-un-empate-frente-a-independiente\/#article","isPartOf":{"@id":"https:\/\/vocesdelacomuna15.com.ar\/press\/el-bicho-reacciono-sobre-el-final-y-rescato-un-empate-frente-a-independiente\/"},"author":{"name":"Federico Arguto","@id":"https:\/\/vocesdelacomuna15.com.ar\/press\/#\/schema\/person\/4739e109db25d799cd3d139eeb509e43"},"headline":"El \u201cBicho\u201d reaccion\u00f3 sobre el final y rescat\u00f3 un empate frente a Independiente","datePublished":"2023-05-09T22:28:43+00:00","dateModified":"2023-05-10T17:53:39+00:00","mainEntityOfPage":{"@id":"https:\/\/vocesdelacomuna15.com.ar\/press\/el-bicho-reacciono-sobre-el-final-y-rescato-un-empate-frente-a-independiente\/"},"wordCount":792,"commentCount":0,"publisher":{"@id":"https:\/\/vocesdelacomuna15.com.ar\/press\/#organization"},"image":{"@id":"https:\/\/vocesdelacomuna15.com.ar\/press\/el-bicho-reacciono-sobre-el-final-y-rescato-un-empate-frente-a-independiente\/#primaryimage"},"thumbnailUrl":"https:\/\/vocesdelacomuna15.com.ar\/wp-content\/uploads\/2023\/05\/Heredia.jpg","articleSection":["Agronom\u00eda","Deportes","La Paternal","Villa Crespo"],"inLanguage":"es-AR","potentialAction":[{"@type":"CommentAction","name":"Comment","target":["https:\/\/vocesdelacomuna15.com.ar\/press\/el-bicho-reacciono-sobre-el-final-y-rescato-un-empate-frente-a-independiente\/#respond"]}]},{"@type":"WebPage","@id":"https:\/\/vocesdelacomuna15.com.ar\/press\/el-bicho-reacciono-sobre-el-final-y-rescato-un-empate-frente-a-independiente\/","url":"https:\/\/vocesdelacomuna15.com.ar\/press\/el-bicho-reacciono-sobre-el-final-y-rescato-un-empate-frente-a-independiente\/","name":"El \u201cBicho\u201d reaccion\u00f3 sobre el final y rescat\u00f3 un empate frente a Independiente - Voces de la Comuna 15","isPartOf":{"@id":"https:\/\/vocesdelacomuna15.com.ar\/press\/#website"},"primaryImageOfPage":{"@id":"https:\/\/vocesdelacomuna15.com.ar\/press\/el-bicho-reacciono-sobre-el-final-y-rescato-un-empate-frente-a-independiente\/#primaryimage"},"image":{"@id":"https:\/\/vocesdelacomuna15.com.ar\/press\/el-bicho-reacciono-sobre-el-final-y-rescato-un-empate-frente-a-independiente\/#primaryimage"},"thumbnailUrl":"https:\/\/vocesdelacomuna15.com.ar\/wp-content\/uploads\/2023\/05\/Heredia.jpg","datePublished":"2023-05-09T22:28:43+00:00","dateModified":"2023-05-10T17:53:39+00:00","description":"Voces de la Comuna 15","breadcrumb":{"@id":"https:\/\/vocesdelacomuna15.com.ar\/press\/el-bicho-reacciono-sobre-el-final-y-rescato-un-empate-frente-a-independiente\/#breadcrumb"},"inLanguage":"es-AR","potentialAction":[{"@type":"ReadAction","target":["https:\/\/vocesdelacomuna15.com.ar\/press\/el-bicho-reacciono-sobre-el-final-y-rescato-un-empate-frente-a-independiente\/"]}]},{"@type":"ImageObject","inLanguage":"es-AR","@id":"https:\/\/vocesdelacomuna15.com.ar\/press\/el-bicho-reacciono-sobre-el-final-y-rescato-un-empate-frente-a-independiente\/#primaryimage","url":"https:\/\/vocesdelacomuna15.com.ar\/wp-content\/uploads\/2023\/05\/Heredia.jpg","contentUrl":"https:\/\/vocesdelacomuna15.com.ar\/wp-content\/uploads\/2023\/05\/Heredia.jpg","width":1600,"height":1066},{"@type":"BreadcrumbList","@id":"https:\/\/vocesdelacomuna15.com.ar\/press\/el-bicho-reacciono-sobre-el-final-y-rescato-un-empate-frente-a-independiente\/#breadcrumb","itemListElement":[{"@type":"ListItem","position":1,"name":"Inicio","item":"https:\/\/vocesdelacomuna15.com.ar\/press\/"},{"@type":"ListItem","position":2,"name":"El \u201cBicho\u201d reaccion\u00f3 sobre el final y rescat\u00f3 un empate frente a Independiente"}]},{"@type":"WebSite","@id":"https:\/\/vocesdelacomuna15.com.ar\/press\/#website","url":"https:\/\/vocesdelacomuna15.com.ar\/press\/","name":"Voces de la Comuna 15","description":"Sitio web de noticias","publisher":{"@id":"https:\/\/vocesdelacomuna15.com.ar\/press\/#organization"},"potentialAction":[{"@type":"SearchAction","target":{"@type":"EntryPoint","urlTemplate":"https:\/\/vocesdelacomuna15.com.ar\/press\/?s={search_term_string}"},"query-input":{"@type":"PropertyValueSpecification","valueRequired":true,"valueName":"search_term_string"}}],"inLanguage":"es-AR"},{"@type":"Organization","@id":"https:\/\/vocesdelacomuna15.com.ar\/press\/#organization","name":"Voces de la Comuna 15","url":"https:\/\/vocesdelacomuna15.com.ar\/press\/","logo":{"@type":"ImageObject","inLanguage":"es-AR","@id":"https:\/\/vocesdelacomuna15.com.ar\/press\/#\/schema\/logo\/image\/","url":"https:\/\/vocesdelacomuna15.com.ar\/wp-content\/uploads\/2024\/12\/cropped-logo_voces.jpg","contentUrl":"https:\/\/vocesdelacomuna15.com.ar\/wp-content\/uploads\/2024\/12\/cropped-logo_voces.jpg","width":512,"height":512,"caption":"Voces de la Comuna 15"},"image":{"@id":"https:\/\/vocesdelacomuna15.com.ar\/press\/#\/schema\/logo\/image\/"},"sameAs":["https:\/\/www.facebook.com\/VocesComuna15\/","https:\/\/x.com\/vocescomuna15"]},{"@type":"Person","@id":"https:\/\/vocesdelacomuna15.com.ar\/press\/#\/schema\/person\/4739e109db25d799cd3d139eeb509e43","name":"Federico Arguto","image":{"@type":"ImageObject","inLanguage":"es-AR","@id":"https:\/\/vocesdelacomuna15.com.ar\/wp-content\/litespeed\/avatar\/82faf979976f1bae889b8b71f8a0a7e5.jpg?ver=1777419741","url":"https:\/\/vocesdelacomuna15.com.ar\/wp-content\/litespeed\/avatar\/82faf979976f1bae889b8b71f8a0a7e5.jpg?ver=1777419741","contentUrl":"https:\/\/vocesdelacomuna15.com.ar\/wp-content\/litespeed\/avatar\/82faf979976f1bae889b8b71f8a0a7e5.jpg?ver=1777419741","caption":"Federico Arguto"},"url":"https:\/\/vocesdelacomuna15.com.ar\/press\/author\/fede\/"}]}},"_links":{"self":[{"href":"https:\/\/vocesdelacomuna15.com.ar\/press\/wp-json\/wp\/v2\/posts\/59894","targetHints":{"allow":["GET"]}}],"collection":[{"href":"https:\/\/vocesdelacomuna15.com.ar\/press\/wp-json\/wp\/v2\/posts"}],"about":[{"href":"https:\/\/vocesdelacomuna15.com.ar\/press\/wp-json\/wp\/v2\/types\/post"}],"author":[{"embeddable":true,"href":"https:\/\/vocesdelacomuna15.com.ar\/press\/wp-json\/wp\/v2\/users\/2"}],"replies":[{"embeddable":true,"href":"https:\/\/vocesdelacomuna15.com.ar\/press\/wp-json\/wp\/v2\/comments?post=59894"}],"version-history":[{"count":3,"href":"https:\/\/vocesdelacomuna15.com.ar\/press\/wp-json\/wp\/v2\/posts\/59894\/revisions"}],"predecessor-version":[{"id":59906,"href":"https:\/\/vocesdelacomuna15.com.ar\/press\/wp-json\/wp\/v2\/posts\/59894\/revisions\/59906"}],"wp:featuredmedia":[{"embeddable":true,"href":"https:\/\/vocesdelacomuna15.com.ar\/press\/wp-json\/wp\/v2\/media\/59899"}],"wp:attachment":[{"href":"https:\/\/vocesdelacomuna15.com.ar\/press\/wp-json\/wp\/v2\/media?parent=59894"}],"wp:term":[{"taxonomy":"category","embeddable":true,"href":"https:\/\/vocesdelacomuna15.com.ar\/press\/wp-json\/wp\/v2\/categories?post=59894"},{"taxonomy":"post_tag","embeddable":true,"href":"https:\/\/vocesdelacomuna15.com.ar\/press\/wp-json\/wp\/v2\/tags?post=59894"}],"curies":[{"name":"wp","href":"https:\/\/api.w.org\/{rel}","templated":true}]}}