{"id":59886,"date":"2023-05-08T00:19:00","date_gmt":"2023-05-08T03:19:00","guid":{"rendered":"https:\/\/vocesdelacomuna15.com.ar\/wordpress\/?p=59886"},"modified":"2023-05-10T14:51:28","modified_gmt":"2023-05-10T17:51:28","slug":"rodriguez-larreta-anuncio-que-devolveran-a-los-vecinos-el-dinero-del-impuesto-a-las-tarjetas-de-credito","status":"publish","type":"post","link":"https:\/\/vocesdelacomuna15.com.ar\/press\/rodriguez-larreta-anuncio-que-devolveran-a-los-vecinos-el-dinero-del-impuesto-a-las-tarjetas-de-credito\/","title":{"rendered":"Rodr\u00edguez Larreta anunci\u00f3 que devolver\u00e1n a los vecinos el dinero del impuesto a las tarjetas de cr\u00e9dito"},"content":{"rendered":"\n<p>&#8220;Nadie merece pagar de su bolsillo el incumplimiento de un Gobierno nacional que se cree por encima de la ley&#8221;, afirm\u00f3 el Jefe de Gobierno. Fuente: Buenosaires.gob.ar<\/p>\n\n\n\n<p>Link a nota original:&nbsp;<a href=\"https:\/\/buenosaires.gob.ar\/noticias\/rodriguez-larreta-anuncio-que-devolveran-los-vecinos-el-dinero-del-impuesto-las-tarjetas\">https:\/\/buenosaires.gob.ar\/noticias\/rodriguez-larreta-anuncio-que-devolveran-los-vecinos-el-dinero-del-impuesto-las-tarjetas<\/a><\/p>\n\n\n\n<p>El jefe de Gobierno, <a href=\"https:\/\/www.facebook.com\/horaciorodriguezlarreta\">Horacio Rodr\u00edguez Larreta<\/a>, anunci\u00f3 hoy (por el jueves 4 de mayo) que la Ciudad <strong>devolver\u00e1 a los vecinos los importes cobrados por el Impuesto a los Sellos a las tarjetas de cr\u00e9dito<\/strong> desde que la Corte Suprema fall\u00f3 a favor del reclamo porte\u00f1o contra el Gobierno nacional por la quita unilateral de fondos de la Coparticipaci\u00f3n.&nbsp;<\/p>\n\n\n\n<p>\u201cNadie merece pagar de su bolsillo el incumplimiento de un Gobierno nacional que se cree por encima de la ley y que no hace nada para resolver los problemas que sufrimos los argentinos\u201d, sostuvo Rodr\u00edguez Larreta, acompa\u00f1ado del jefe de Gabinete, Felipe Miguel; y el ministro de Hacienda y Finanzas, Mart\u00edn Mura.&nbsp;<\/p>\n\n\n\n<p>El Jefe de Gobierno record\u00f3 que \u201cel impuesto a las tarjetas de cr\u00e9dito fue de emergencia y se tuvo que implementar cuando el Gobierno nacional le quit\u00f3 a la Ciudad los fondos de coparticipaci\u00f3n de manera inconstitucional, inconsulta y arbitraria\u201d.<\/p>\n\n\n\n<p>El reclamo iniciado por la Ciudad deriv\u00f3 en que el 22 de diciembre de 2022, la Corte Suprema de Justicia de la Naci\u00f3n dictara un fallo obligando al Gobierno nacional a devolver una parte de los fondos. &nbsp;<\/p>\n\n\n\n<p>\u201cDespu\u00e9s del fallo, cumpl\u00ed mi palabra. Dije que el impuesto era transitorio y me compromet\u00ed a eliminarlo ni bien la Corte fallara sobre la demanda que presentamos. Pero contra todo principio republicano y democr\u00e1tico, el Gobierno nacional decidi\u00f3 a los pocos d\u00edas no respetar un fallo de la Corte. Una locura\u201d, afirm\u00f3 Rodr\u00edguez Larreta.<\/p>\n\n\n\n<p>A pesar de esa negativa, el 7 de marzo se decidi\u00f3 eliminar el impuesto y el 9 de marzo el proyecto de ley fue aprobado por la Legislatura porte\u00f1a. La medida entr\u00f3 en vigencia un d\u00eda despu\u00e9s.<\/p>\n\n\n\n<p>El Jefe de Gobierno afirm\u00f3 que, m\u00e1s all\u00e1 de que la eliminaci\u00f3n del impuesto fue un alivio en un contexto de alta inflaci\u00f3n, muchos se quedaron con una sensaci\u00f3n amarga por haberlo abonado. \u201cHoy quiero anunciarles que vamos a asumir la responsabilidad y el costo de devolverle a cada persona lo que pag\u00f3 por este impuesto desde el 22 de diciembre pasado, d\u00eda en que la Corte fall\u00f3 a favor de la Ciudad, hasta el d\u00eda en que lo eliminamos, que fue el 10 de marzo\u201d, confirm\u00f3.<\/p>\n\n\n\n<p><strong>La medida se toma mientras el Gobierno nacional contin\u00faa sin girar los recursos correspondientes a la Coparticipaci\u00f3n<\/strong>, mediante el nuevo coeficiente de 2.95% determinado por la Corte. \u201cGracias a que ordenamos con prolijidad las cuentas de la Ciudad, alcanzamos el d\u00e9ficit cero y el \u00edndice de deuda m\u00e1s bajo de los \u00faltimos 10 a\u00f1os, hoy podemos dar este paso que va a llevar un nuevo alivio a millones de argentinos\u201d, explic\u00f3 Rodr\u00edguez Larreta.<\/p>\n\n\n\n<p>El Jefe de Gobierno adelant\u00f3 que en total se reintegrar\u00e1n \u201c11 mil millones de pesos que van a volver a los bolsillos de la gente\u201d. Al respecto, detall\u00f3: \u201cEl monto final var\u00eda mucho de persona a persona y depende del gasto con tarjeta de cr\u00e9dito que cada uno haya hecho. En promedio, son alrededor de 3.200 pesos por tarjeta que hab\u00edas pagado y ahora se devuelven\u201d.<\/p>\n\n\n\n<p>El reintegro se ver\u00e1 reflejado en el resumen de las tarjetas de cr\u00e9dito emitidas en la Ciudad de Buenos Aires una vez que se haya aprobado el nuevo proyecto de ley que se enviar\u00e1 este viernes a la Legislatura porte\u00f1a.&nbsp;<\/p>\n\n\n\n<p>\u201cCreo que no hay antecedentes de un gobierno que, adem\u00e1s de bajar impuestos, los devuelva a los ciudadanos. Esto es porque siempre trabajamos con una \u00fanica prioridad, que es que puedas vivir cada d\u00eda un poco mejor. De eso se trata gobernar, de buscar soluciones. Gobernar no es gritar, es arremangarse, meterse en el barro y trabajar. No es echar culpas, sino dar respuestas\u201d, remarc\u00f3 Rodr\u00edguez Larreta.<\/p>\n\n\n\n<p>Por \u00faltimo, dej\u00f3 un mensaje de cara al futuro: \u201cEste gobierno hizo todo mal y fracas\u00f3. Nos llen\u00f3 de angustia, de desesperaci\u00f3n, de incertidumbre, de miedo. Pero tengo la esperanza intacta. Se viene un cambio profundo en la Argentina y lo vamos a hacer juntos. Juntos vamos a ganarle a la inflaci\u00f3n, a la inseguridad, a la falta de trabajo. Y juntos vamos a cambiar a la Argentina para siempre\u201d.<\/p>\n\n\n\n<p>Foto: PABLO AHARONIAN\/GCBA<\/p>\n\n\n\n<p>Caracteres: 3.928<\/p>\n<div class=\"pvc_clear\"><\/div><p id=\"pvc_stats_59886\" class=\"pvc_stats all  \" data-element-id=\"59886\" style=\"\"><i class=\"pvc-stats-icon small\" aria-hidden=\"true\"><svg aria-hidden=\"true\" focusable=\"false\" data-prefix=\"far\" data-icon=\"chart-bar\" role=\"img\" xmlns=\"http:\/\/www.w3.org\/2000\/svg\" viewBox=\"0 0 512 512\" class=\"svg-inline--fa fa-chart-bar fa-w-16 fa-2x\"><path fill=\"currentColor\" d=\"M396.8 352h22.4c6.4 0 12.8-6.4 12.8-12.8V108.8c0-6.4-6.4-12.8-12.8-12.8h-22.4c-6.4 0-12.8 6.4-12.8 12.8v230.4c0 6.4 6.4 12.8 12.8 12.8zm-192 0h22.4c6.4 0 12.8-6.4 12.8-12.8V140.8c0-6.4-6.4-12.8-12.8-12.8h-22.4c-6.4 0-12.8 6.4-12.8 12.8v198.4c0 6.4 6.4 12.8 12.8 12.8zm96 0h22.4c6.4 0 12.8-6.4 12.8-12.8V204.8c0-6.4-6.4-12.8-12.8-12.8h-22.4c-6.4 0-12.8 6.4-12.8 12.8v134.4c0 6.4 6.4 12.8 12.8 12.8zM496 400H48V80c0-8.84-7.16-16-16-16H16C7.16 64 0 71.16 0 80v336c0 17.67 14.33 32 32 32h464c8.84 0 16-7.16 16-16v-16c0-8.84-7.16-16-16-16zm-387.2-48h22.4c6.4 0 12.8-6.4 12.8-12.8v-70.4c0-6.4-6.4-12.8-12.8-12.8h-22.4c-6.4 0-12.8 6.4-12.8 12.8v70.4c0 6.4 6.4 12.8 12.8 12.8z\" class=\"\"><\/path><\/svg><\/i> <img loading=\"lazy\" decoding=\"async\" width=\"16\" height=\"16\" alt=\"Loading\" src=\"https:\/\/vocesdelacomuna15.com.ar\/wp-content\/plugins\/page-views-count\/ajax-loader-2x.gif\" border=0 \/><\/p><div class=\"pvc_clear\"><\/div>","protected":false},"excerpt":{"rendered":"<p>&#8220;Nadie merece pagar de su bolsillo el incumplimiento de un Gobierno nacional que se cree por encima de la ley&#8221;, afirm\u00f3 el Jefe de Gobierno. Fuente: Buenosaires.gob.ar Link a nota original:&nbsp;https:\/\/buenosaires.gob.ar\/noticias\/rodriguez-larreta-anuncio-que-devolveran-los-vecinos-el-dinero-del-impuesto-las-tarjetas El jefe de Gobierno, Horacio Rodr\u00edguez Larreta, anunci\u00f3 hoy (por el jueves 4 de mayo) que la Ciudad devolver\u00e1 a los vecinos los importes [&hellip;]<\/p>\n<div class=\"pvc_clear\"><\/div>\n<p id=\"pvc_stats_59886\" class=\"pvc_stats all  \" data-element-id=\"59886\" style=\"\"><i class=\"pvc-stats-icon small\" aria-hidden=\"true\"><svg aria-hidden=\"true\" focusable=\"false\" data-prefix=\"far\" data-icon=\"chart-bar\" role=\"img\" xmlns=\"http:\/\/www.w3.org\/2000\/svg\" viewBox=\"0 0 512 512\" class=\"svg-inline--fa fa-chart-bar fa-w-16 fa-2x\"><path fill=\"currentColor\" d=\"M396.8 352h22.4c6.4 0 12.8-6.4 12.8-12.8V108.8c0-6.4-6.4-12.8-12.8-12.8h-22.4c-6.4 0-12.8 6.4-12.8 12.8v230.4c0 6.4 6.4 12.8 12.8 12.8zm-192 0h22.4c6.4 0 12.8-6.4 12.8-12.8V140.8c0-6.4-6.4-12.8-12.8-12.8h-22.4c-6.4 0-12.8 6.4-12.8 12.8v198.4c0 6.4 6.4 12.8 12.8 12.8zm96 0h22.4c6.4 0 12.8-6.4 12.8-12.8V204.8c0-6.4-6.4-12.8-12.8-12.8h-22.4c-6.4 0-12.8 6.4-12.8 12.8v134.4c0 6.4 6.4 12.8 12.8 12.8zM496 400H48V80c0-8.84-7.16-16-16-16H16C7.16 64 0 71.16 0 80v336c0 17.67 14.33 32 32 32h464c8.84 0 16-7.16 16-16v-16c0-8.84-7.16-16-16-16zm-387.2-48h22.4c6.4 0 12.8-6.4 12.8-12.8v-70.4c0-6.4-6.4-12.8-12.8-12.8h-22.4c-6.4 0-12.8 6.4-12.8 12.8v70.4c0 6.4 6.4 12.8 12.8 12.8z\" class=\"\"><\/path><\/svg><\/i> <img loading=\"lazy\" decoding=\"async\" width=\"16\" height=\"16\" alt=\"Loading\" src=\"https:\/\/vocesdelacomuna15.com.ar\/wp-content\/plugins\/page-views-count\/ajax-loader-2x.gif\" border=0 \/><\/p>\n<div class=\"pvc_clear\"><\/div>\n","protected":false},"author":2,"featured_media":59887,"comment_status":"open","ping_status":"open","sticky":false,"template":"","format":"standard","meta":{"_et_pb_use_builder":"","_et_pb_old_content":"","_et_gb_content_width":"","footnotes":""},"categories":[31],"tags":[],"class_list":["post-59886","post","type-post","status-publish","format-standard","has-post-thumbnail","hentry","category-politica","et-has-post-format-content","et_post_format-et-post-format-standard"],"a3_pvc":{"activated":true,"total_views":109,"today_views":0},"yoast_head":"<!-- This site is optimized with the Yoast SEO plugin v27.5 - https:\/\/yoast.com\/product\/yoast-seo-wordpress\/ -->\n<title>Rodr\u00edguez Larreta anunci\u00f3 que devolver\u00e1n a los vecinos el dinero del impuesto a las tarjetas de cr\u00e9dito - Voces de la Comuna 15<\/title>\n<meta name=\"description\" content=\"Voces de la Comuna 15\" \/>\n<meta name=\"robots\" content=\"index, follow, max-snippet:-1, max-image-preview:large, max-video-preview:-1\" \/>\n<link rel=\"canonical\" href=\"https:\/\/vocesdelacomuna15.com.ar\/press\/rodriguez-larreta-anuncio-que-devolveran-a-los-vecinos-el-dinero-del-impuesto-a-las-tarjetas-de-credito\/\" \/>\n<meta property=\"og:locale\" content=\"es_ES\" \/>\n<meta property=\"og:type\" content=\"article\" \/>\n<meta property=\"og:title\" content=\"Rodr\u00edguez Larreta anunci\u00f3 que devolver\u00e1n a los vecinos el dinero del impuesto a las tarjetas de cr\u00e9dito - Voces de la Comuna 15\" \/>\n<meta property=\"og:description\" content=\"Voces de la Comuna 15\" \/>\n<meta property=\"og:url\" content=\"https:\/\/vocesdelacomuna15.com.ar\/press\/rodriguez-larreta-anuncio-que-devolveran-a-los-vecinos-el-dinero-del-impuesto-a-las-tarjetas-de-credito\/\" \/>\n<meta property=\"og:site_name\" content=\"Voces de la Comuna 15\" \/>\n<meta property=\"article:publisher\" content=\"https:\/\/www.facebook.com\/VocesComuna15\/\" \/>\n<meta property=\"article:published_time\" content=\"2023-05-08T03:19:00+00:00\" \/>\n<meta property=\"article:modified_time\" content=\"2023-05-10T17:51:28+00:00\" \/>\n<meta property=\"og:image\" content=\"https:\/\/vocesdelacomuna15.com.ar\/wp-content\/uploads\/2023\/05\/larreta.jpeg\" \/>\n\t<meta property=\"og:image:width\" content=\"1600\" \/>\n\t<meta property=\"og:image:height\" content=\"1067\" \/>\n\t<meta property=\"og:image:type\" content=\"image\/jpeg\" \/>\n<meta name=\"author\" content=\"Federico Arguto\" \/>\n<meta name=\"twitter:card\" content=\"summary_large_image\" \/>\n<meta name=\"twitter:creator\" content=\"@vocescomuna15\" \/>\n<meta name=\"twitter:site\" content=\"@vocescomuna15\" \/>\n<meta name=\"twitter:label1\" content=\"Escrito por\" \/>\n\t<meta name=\"twitter:data1\" content=\"Federico Arguto\" \/>\n\t<meta name=\"twitter:label2\" content=\"Tiempo de lectura\" \/>\n\t<meta name=\"twitter:data2\" content=\"4 minutos\" \/>\n<script type=\"application\/ld+json\" class=\"yoast-schema-graph\">{\"@context\":\"https:\\\/\\\/schema.org\",\"@graph\":[{\"@type\":\"Article\",\"@id\":\"https:\\\/\\\/vocesdelacomuna15.com.ar\\\/press\\\/rodriguez-larreta-anuncio-que-devolveran-a-los-vecinos-el-dinero-del-impuesto-a-las-tarjetas-de-credito\\\/#article\",\"isPartOf\":{\"@id\":\"https:\\\/\\\/vocesdelacomuna15.com.ar\\\/press\\\/rodriguez-larreta-anuncio-que-devolveran-a-los-vecinos-el-dinero-del-impuesto-a-las-tarjetas-de-credito\\\/\"},\"author\":{\"name\":\"Federico Arguto\",\"@id\":\"https:\\\/\\\/vocesdelacomuna15.com.ar\\\/press\\\/#\\\/schema\\\/person\\\/4739e109db25d799cd3d139eeb509e43\"},\"headline\":\"Rodr\u00edguez Larreta anunci\u00f3 que devolver\u00e1n a los vecinos el dinero del impuesto a las tarjetas de cr\u00e9dito\",\"datePublished\":\"2023-05-08T03:19:00+00:00\",\"dateModified\":\"2023-05-10T17:51:28+00:00\",\"mainEntityOfPage\":{\"@id\":\"https:\\\/\\\/vocesdelacomuna15.com.ar\\\/press\\\/rodriguez-larreta-anuncio-que-devolveran-a-los-vecinos-el-dinero-del-impuesto-a-las-tarjetas-de-credito\\\/\"},\"wordCount\":781,\"commentCount\":0,\"publisher\":{\"@id\":\"https:\\\/\\\/vocesdelacomuna15.com.ar\\\/press\\\/#organization\"},\"image\":{\"@id\":\"https:\\\/\\\/vocesdelacomuna15.com.ar\\\/press\\\/rodriguez-larreta-anuncio-que-devolveran-a-los-vecinos-el-dinero-del-impuesto-a-las-tarjetas-de-credito\\\/#primaryimage\"},\"thumbnailUrl\":\"https:\\\/\\\/vocesdelacomuna15.com.ar\\\/wp-content\\\/uploads\\\/2023\\\/05\\\/larreta.jpeg\",\"articleSection\":[\"Pol\u00edtica\"],\"inLanguage\":\"es-AR\",\"potentialAction\":[{\"@type\":\"CommentAction\",\"name\":\"Comment\",\"target\":[\"https:\\\/\\\/vocesdelacomuna15.com.ar\\\/press\\\/rodriguez-larreta-anuncio-que-devolveran-a-los-vecinos-el-dinero-del-impuesto-a-las-tarjetas-de-credito\\\/#respond\"]}]},{\"@type\":\"WebPage\",\"@id\":\"https:\\\/\\\/vocesdelacomuna15.com.ar\\\/press\\\/rodriguez-larreta-anuncio-que-devolveran-a-los-vecinos-el-dinero-del-impuesto-a-las-tarjetas-de-credito\\\/\",\"url\":\"https:\\\/\\\/vocesdelacomuna15.com.ar\\\/press\\\/rodriguez-larreta-anuncio-que-devolveran-a-los-vecinos-el-dinero-del-impuesto-a-las-tarjetas-de-credito\\\/\",\"name\":\"Rodr\u00edguez Larreta anunci\u00f3 que devolver\u00e1n a los vecinos el dinero del impuesto a las tarjetas de cr\u00e9dito - Voces de la Comuna 15\",\"isPartOf\":{\"@id\":\"https:\\\/\\\/vocesdelacomuna15.com.ar\\\/press\\\/#website\"},\"primaryImageOfPage\":{\"@id\":\"https:\\\/\\\/vocesdelacomuna15.com.ar\\\/press\\\/rodriguez-larreta-anuncio-que-devolveran-a-los-vecinos-el-dinero-del-impuesto-a-las-tarjetas-de-credito\\\/#primaryimage\"},\"image\":{\"@id\":\"https:\\\/\\\/vocesdelacomuna15.com.ar\\\/press\\\/rodriguez-larreta-anuncio-que-devolveran-a-los-vecinos-el-dinero-del-impuesto-a-las-tarjetas-de-credito\\\/#primaryimage\"},\"thumbnailUrl\":\"https:\\\/\\\/vocesdelacomuna15.com.ar\\\/wp-content\\\/uploads\\\/2023\\\/05\\\/larreta.jpeg\",\"datePublished\":\"2023-05-08T03:19:00+00:00\",\"dateModified\":\"2023-05-10T17:51:28+00:00\",\"description\":\"Voces de la Comuna 15\",\"breadcrumb\":{\"@id\":\"https:\\\/\\\/vocesdelacomuna15.com.ar\\\/press\\\/rodriguez-larreta-anuncio-que-devolveran-a-los-vecinos-el-dinero-del-impuesto-a-las-tarjetas-de-credito\\\/#breadcrumb\"},\"inLanguage\":\"es-AR\",\"potentialAction\":[{\"@type\":\"ReadAction\",\"target\":[\"https:\\\/\\\/vocesdelacomuna15.com.ar\\\/press\\\/rodriguez-larreta-anuncio-que-devolveran-a-los-vecinos-el-dinero-del-impuesto-a-las-tarjetas-de-credito\\\/\"]}]},{\"@type\":\"ImageObject\",\"inLanguage\":\"es-AR\",\"@id\":\"https:\\\/\\\/vocesdelacomuna15.com.ar\\\/press\\\/rodriguez-larreta-anuncio-que-devolveran-a-los-vecinos-el-dinero-del-impuesto-a-las-tarjetas-de-credito\\\/#primaryimage\",\"url\":\"https:\\\/\\\/vocesdelacomuna15.com.ar\\\/wp-content\\\/uploads\\\/2023\\\/05\\\/larreta.jpeg\",\"contentUrl\":\"https:\\\/\\\/vocesdelacomuna15.com.ar\\\/wp-content\\\/uploads\\\/2023\\\/05\\\/larreta.jpeg\",\"width\":1600,\"height\":1067},{\"@type\":\"BreadcrumbList\",\"@id\":\"https:\\\/\\\/vocesdelacomuna15.com.ar\\\/press\\\/rodriguez-larreta-anuncio-que-devolveran-a-los-vecinos-el-dinero-del-impuesto-a-las-tarjetas-de-credito\\\/#breadcrumb\",\"itemListElement\":[{\"@type\":\"ListItem\",\"position\":1,\"name\":\"Inicio\",\"item\":\"https:\\\/\\\/vocesdelacomuna15.com.ar\\\/press\\\/\"},{\"@type\":\"ListItem\",\"position\":2,\"name\":\"Rodr\u00edguez Larreta anunci\u00f3 que devolver\u00e1n a los vecinos el dinero del impuesto a las tarjetas de cr\u00e9dito\"}]},{\"@type\":\"WebSite\",\"@id\":\"https:\\\/\\\/vocesdelacomuna15.com.ar\\\/press\\\/#website\",\"url\":\"https:\\\/\\\/vocesdelacomuna15.com.ar\\\/press\\\/\",\"name\":\"Voces de la Comuna 15\",\"description\":\"Sitio web de noticias\",\"publisher\":{\"@id\":\"https:\\\/\\\/vocesdelacomuna15.com.ar\\\/press\\\/#organization\"},\"potentialAction\":[{\"@type\":\"SearchAction\",\"target\":{\"@type\":\"EntryPoint\",\"urlTemplate\":\"https:\\\/\\\/vocesdelacomuna15.com.ar\\\/press\\\/?s={search_term_string}\"},\"query-input\":{\"@type\":\"PropertyValueSpecification\",\"valueRequired\":true,\"valueName\":\"search_term_string\"}}],\"inLanguage\":\"es-AR\"},{\"@type\":\"Organization\",\"@id\":\"https:\\\/\\\/vocesdelacomuna15.com.ar\\\/press\\\/#organization\",\"name\":\"Voces de la Comuna 15\",\"url\":\"https:\\\/\\\/vocesdelacomuna15.com.ar\\\/press\\\/\",\"logo\":{\"@type\":\"ImageObject\",\"inLanguage\":\"es-AR\",\"@id\":\"https:\\\/\\\/vocesdelacomuna15.com.ar\\\/press\\\/#\\\/schema\\\/logo\\\/image\\\/\",\"url\":\"https:\\\/\\\/vocesdelacomuna15.com.ar\\\/wp-content\\\/uploads\\\/2024\\\/12\\\/cropped-logo_voces.jpg\",\"contentUrl\":\"https:\\\/\\\/vocesdelacomuna15.com.ar\\\/wp-content\\\/uploads\\\/2024\\\/12\\\/cropped-logo_voces.jpg\",\"width\":512,\"height\":512,\"caption\":\"Voces de la Comuna 15\"},\"image\":{\"@id\":\"https:\\\/\\\/vocesdelacomuna15.com.ar\\\/press\\\/#\\\/schema\\\/logo\\\/image\\\/\"},\"sameAs\":[\"https:\\\/\\\/www.facebook.com\\\/VocesComuna15\\\/\",\"https:\\\/\\\/x.com\\\/vocescomuna15\"]},{\"@type\":\"Person\",\"@id\":\"https:\\\/\\\/vocesdelacomuna15.com.ar\\\/press\\\/#\\\/schema\\\/person\\\/4739e109db25d799cd3d139eeb509e43\",\"name\":\"Federico Arguto\",\"image\":{\"@type\":\"ImageObject\",\"inLanguage\":\"es-AR\",\"@id\":\"https:\\\/\\\/vocesdelacomuna15.com.ar\\\/wp-content\\\/litespeed\\\/avatar\\\/82faf979976f1bae889b8b71f8a0a7e5.jpg?ver=1777419741\",\"url\":\"https:\\\/\\\/vocesdelacomuna15.com.ar\\\/wp-content\\\/litespeed\\\/avatar\\\/82faf979976f1bae889b8b71f8a0a7e5.jpg?ver=1777419741\",\"contentUrl\":\"https:\\\/\\\/vocesdelacomuna15.com.ar\\\/wp-content\\\/litespeed\\\/avatar\\\/82faf979976f1bae889b8b71f8a0a7e5.jpg?ver=1777419741\",\"caption\":\"Federico Arguto\"},\"url\":\"https:\\\/\\\/vocesdelacomuna15.com.ar\\\/press\\\/author\\\/fede\\\/\"}]}<\/script>\n<!-- \/ Yoast SEO plugin. -->","yoast_head_json":{"title":"Rodr\u00edguez Larreta anunci\u00f3 que devolver\u00e1n a los vecinos el dinero del impuesto a las tarjetas de cr\u00e9dito - Voces de la Comuna 15","description":"Voces de la Comuna 15","robots":{"index":"index","follow":"follow","max-snippet":"max-snippet:-1","max-image-preview":"max-image-preview:large","max-video-preview":"max-video-preview:-1"},"canonical":"https:\/\/vocesdelacomuna15.com.ar\/press\/rodriguez-larreta-anuncio-que-devolveran-a-los-vecinos-el-dinero-del-impuesto-a-las-tarjetas-de-credito\/","og_locale":"es_ES","og_type":"article","og_title":"Rodr\u00edguez Larreta anunci\u00f3 que devolver\u00e1n a los vecinos el dinero del impuesto a las tarjetas de cr\u00e9dito - Voces de la Comuna 15","og_description":"Voces de la Comuna 15","og_url":"https:\/\/vocesdelacomuna15.com.ar\/press\/rodriguez-larreta-anuncio-que-devolveran-a-los-vecinos-el-dinero-del-impuesto-a-las-tarjetas-de-credito\/","og_site_name":"Voces de la Comuna 15","article_publisher":"https:\/\/www.facebook.com\/VocesComuna15\/","article_published_time":"2023-05-08T03:19:00+00:00","article_modified_time":"2023-05-10T17:51:28+00:00","og_image":[{"width":1600,"height":1067,"url":"https:\/\/vocesdelacomuna15.com.ar\/wp-content\/uploads\/2023\/05\/larreta.jpeg","type":"image\/jpeg"}],"author":"Federico Arguto","twitter_card":"summary_large_image","twitter_creator":"@vocescomuna15","twitter_site":"@vocescomuna15","twitter_misc":{"Escrito por":"Federico Arguto","Tiempo de lectura":"4 minutos"},"schema":{"@context":"https:\/\/schema.org","@graph":[{"@type":"Article","@id":"https:\/\/vocesdelacomuna15.com.ar\/press\/rodriguez-larreta-anuncio-que-devolveran-a-los-vecinos-el-dinero-del-impuesto-a-las-tarjetas-de-credito\/#article","isPartOf":{"@id":"https:\/\/vocesdelacomuna15.com.ar\/press\/rodriguez-larreta-anuncio-que-devolveran-a-los-vecinos-el-dinero-del-impuesto-a-las-tarjetas-de-credito\/"},"author":{"name":"Federico Arguto","@id":"https:\/\/vocesdelacomuna15.com.ar\/press\/#\/schema\/person\/4739e109db25d799cd3d139eeb509e43"},"headline":"Rodr\u00edguez Larreta anunci\u00f3 que devolver\u00e1n a los vecinos el dinero del impuesto a las tarjetas de cr\u00e9dito","datePublished":"2023-05-08T03:19:00+00:00","dateModified":"2023-05-10T17:51:28+00:00","mainEntityOfPage":{"@id":"https:\/\/vocesdelacomuna15.com.ar\/press\/rodriguez-larreta-anuncio-que-devolveran-a-los-vecinos-el-dinero-del-impuesto-a-las-tarjetas-de-credito\/"},"wordCount":781,"commentCount":0,"publisher":{"@id":"https:\/\/vocesdelacomuna15.com.ar\/press\/#organization"},"image":{"@id":"https:\/\/vocesdelacomuna15.com.ar\/press\/rodriguez-larreta-anuncio-que-devolveran-a-los-vecinos-el-dinero-del-impuesto-a-las-tarjetas-de-credito\/#primaryimage"},"thumbnailUrl":"https:\/\/vocesdelacomuna15.com.ar\/wp-content\/uploads\/2023\/05\/larreta.jpeg","articleSection":["Pol\u00edtica"],"inLanguage":"es-AR","potentialAction":[{"@type":"CommentAction","name":"Comment","target":["https:\/\/vocesdelacomuna15.com.ar\/press\/rodriguez-larreta-anuncio-que-devolveran-a-los-vecinos-el-dinero-del-impuesto-a-las-tarjetas-de-credito\/#respond"]}]},{"@type":"WebPage","@id":"https:\/\/vocesdelacomuna15.com.ar\/press\/rodriguez-larreta-anuncio-que-devolveran-a-los-vecinos-el-dinero-del-impuesto-a-las-tarjetas-de-credito\/","url":"https:\/\/vocesdelacomuna15.com.ar\/press\/rodriguez-larreta-anuncio-que-devolveran-a-los-vecinos-el-dinero-del-impuesto-a-las-tarjetas-de-credito\/","name":"Rodr\u00edguez Larreta anunci\u00f3 que devolver\u00e1n a los vecinos el dinero del impuesto a las tarjetas de cr\u00e9dito - Voces de la Comuna 15","isPartOf":{"@id":"https:\/\/vocesdelacomuna15.com.ar\/press\/#website"},"primaryImageOfPage":{"@id":"https:\/\/vocesdelacomuna15.com.ar\/press\/rodriguez-larreta-anuncio-que-devolveran-a-los-vecinos-el-dinero-del-impuesto-a-las-tarjetas-de-credito\/#primaryimage"},"image":{"@id":"https:\/\/vocesdelacomuna15.com.ar\/press\/rodriguez-larreta-anuncio-que-devolveran-a-los-vecinos-el-dinero-del-impuesto-a-las-tarjetas-de-credito\/#primaryimage"},"thumbnailUrl":"https:\/\/vocesdelacomuna15.com.ar\/wp-content\/uploads\/2023\/05\/larreta.jpeg","datePublished":"2023-05-08T03:19:00+00:00","dateModified":"2023-05-10T17:51:28+00:00","description":"Voces de la Comuna 15","breadcrumb":{"@id":"https:\/\/vocesdelacomuna15.com.ar\/press\/rodriguez-larreta-anuncio-que-devolveran-a-los-vecinos-el-dinero-del-impuesto-a-las-tarjetas-de-credito\/#breadcrumb"},"inLanguage":"es-AR","potentialAction":[{"@type":"ReadAction","target":["https:\/\/vocesdelacomuna15.com.ar\/press\/rodriguez-larreta-anuncio-que-devolveran-a-los-vecinos-el-dinero-del-impuesto-a-las-tarjetas-de-credito\/"]}]},{"@type":"ImageObject","inLanguage":"es-AR","@id":"https:\/\/vocesdelacomuna15.com.ar\/press\/rodriguez-larreta-anuncio-que-devolveran-a-los-vecinos-el-dinero-del-impuesto-a-las-tarjetas-de-credito\/#primaryimage","url":"https:\/\/vocesdelacomuna15.com.ar\/wp-content\/uploads\/2023\/05\/larreta.jpeg","contentUrl":"https:\/\/vocesdelacomuna15.com.ar\/wp-content\/uploads\/2023\/05\/larreta.jpeg","width":1600,"height":1067},{"@type":"BreadcrumbList","@id":"https:\/\/vocesdelacomuna15.com.ar\/press\/rodriguez-larreta-anuncio-que-devolveran-a-los-vecinos-el-dinero-del-impuesto-a-las-tarjetas-de-credito\/#breadcrumb","itemListElement":[{"@type":"ListItem","position":1,"name":"Inicio","item":"https:\/\/vocesdelacomuna15.com.ar\/press\/"},{"@type":"ListItem","position":2,"name":"Rodr\u00edguez Larreta anunci\u00f3 que devolver\u00e1n a los vecinos el dinero del impuesto a las tarjetas de cr\u00e9dito"}]},{"@type":"WebSite","@id":"https:\/\/vocesdelacomuna15.com.ar\/press\/#website","url":"https:\/\/vocesdelacomuna15.com.ar\/press\/","name":"Voces de la Comuna 15","description":"Sitio web de noticias","publisher":{"@id":"https:\/\/vocesdelacomuna15.com.ar\/press\/#organization"},"potentialAction":[{"@type":"SearchAction","target":{"@type":"EntryPoint","urlTemplate":"https:\/\/vocesdelacomuna15.com.ar\/press\/?s={search_term_string}"},"query-input":{"@type":"PropertyValueSpecification","valueRequired":true,"valueName":"search_term_string"}}],"inLanguage":"es-AR"},{"@type":"Organization","@id":"https:\/\/vocesdelacomuna15.com.ar\/press\/#organization","name":"Voces de la Comuna 15","url":"https:\/\/vocesdelacomuna15.com.ar\/press\/","logo":{"@type":"ImageObject","inLanguage":"es-AR","@id":"https:\/\/vocesdelacomuna15.com.ar\/press\/#\/schema\/logo\/image\/","url":"https:\/\/vocesdelacomuna15.com.ar\/wp-content\/uploads\/2024\/12\/cropped-logo_voces.jpg","contentUrl":"https:\/\/vocesdelacomuna15.com.ar\/wp-content\/uploads\/2024\/12\/cropped-logo_voces.jpg","width":512,"height":512,"caption":"Voces de la Comuna 15"},"image":{"@id":"https:\/\/vocesdelacomuna15.com.ar\/press\/#\/schema\/logo\/image\/"},"sameAs":["https:\/\/www.facebook.com\/VocesComuna15\/","https:\/\/x.com\/vocescomuna15"]},{"@type":"Person","@id":"https:\/\/vocesdelacomuna15.com.ar\/press\/#\/schema\/person\/4739e109db25d799cd3d139eeb509e43","name":"Federico Arguto","image":{"@type":"ImageObject","inLanguage":"es-AR","@id":"https:\/\/vocesdelacomuna15.com.ar\/wp-content\/litespeed\/avatar\/82faf979976f1bae889b8b71f8a0a7e5.jpg?ver=1777419741","url":"https:\/\/vocesdelacomuna15.com.ar\/wp-content\/litespeed\/avatar\/82faf979976f1bae889b8b71f8a0a7e5.jpg?ver=1777419741","contentUrl":"https:\/\/vocesdelacomuna15.com.ar\/wp-content\/litespeed\/avatar\/82faf979976f1bae889b8b71f8a0a7e5.jpg?ver=1777419741","caption":"Federico Arguto"},"url":"https:\/\/vocesdelacomuna15.com.ar\/press\/author\/fede\/"}]}},"_links":{"self":[{"href":"https:\/\/vocesdelacomuna15.com.ar\/press\/wp-json\/wp\/v2\/posts\/59886","targetHints":{"allow":["GET"]}}],"collection":[{"href":"https:\/\/vocesdelacomuna15.com.ar\/press\/wp-json\/wp\/v2\/posts"}],"about":[{"href":"https:\/\/vocesdelacomuna15.com.ar\/press\/wp-json\/wp\/v2\/types\/post"}],"author":[{"embeddable":true,"href":"https:\/\/vocesdelacomuna15.com.ar\/press\/wp-json\/wp\/v2\/users\/2"}],"replies":[{"embeddable":true,"href":"https:\/\/vocesdelacomuna15.com.ar\/press\/wp-json\/wp\/v2\/comments?post=59886"}],"version-history":[{"count":2,"href":"https:\/\/vocesdelacomuna15.com.ar\/press\/wp-json\/wp\/v2\/posts\/59886\/revisions"}],"predecessor-version":[{"id":59904,"href":"https:\/\/vocesdelacomuna15.com.ar\/press\/wp-json\/wp\/v2\/posts\/59886\/revisions\/59904"}],"wp:featuredmedia":[{"embeddable":true,"href":"https:\/\/vocesdelacomuna15.com.ar\/press\/wp-json\/wp\/v2\/media\/59887"}],"wp:attachment":[{"href":"https:\/\/vocesdelacomuna15.com.ar\/press\/wp-json\/wp\/v2\/media?parent=59886"}],"wp:term":[{"taxonomy":"category","embeddable":true,"href":"https:\/\/vocesdelacomuna15.com.ar\/press\/wp-json\/wp\/v2\/categories?post=59886"},{"taxonomy":"post_tag","embeddable":true,"href":"https:\/\/vocesdelacomuna15.com.ar\/press\/wp-json\/wp\/v2\/tags?post=59886"}],"curies":[{"name":"wp","href":"https:\/\/api.w.org\/{rel}","templated":true}]}}