{"id":56239,"date":"2022-04-26T14:48:44","date_gmt":"2022-04-26T17:48:44","guid":{"rendered":"http:\/\/vocesdelacomuna15.com.ar\/wordpress\/?p=56239"},"modified":"2022-04-26T14:48:49","modified_gmt":"2022-04-26T17:48:49","slug":"argentinos-igualo-con-sarmiento-en-la-final-anticipada-por-el-4to-puesto-de-la-zona-1","status":"publish","type":"post","link":"https:\/\/vocesdelacomuna15.com.ar\/press\/argentinos-igualo-con-sarmiento-en-la-final-anticipada-por-el-4to-puesto-de-la-zona-1\/","title":{"rendered":"Argentinos igual\u00f3 con Sarmiento en la final anticipada por el 4to puesto de la Zona 1"},"content":{"rendered":"\n<p>Por la Copa de la Liga. Fue 0-0 en La Paternal en un partido cerrado y con pocas llegadas<\/p>\n\n\n\n<p>El \u201cbicho\u201d igual\u00f3 ayer a la noche sin goles en el Diego Armando Maradona ante Sarmiento de Jun\u00edn, en un encuentro cerrado, con pocas llegadas claras, en el que Argentinos Juniors domin\u00f3 la posesi\u00f3n del bal\u00f3n y tuvo mayor cantidad de aproximaciones aunque el \u201cverde\u201d tuvo las chances de gol m\u00e1s claras sobre el final del partido.<\/p>\n\n\n\n<figure class=\"wp-block-image size-large\"><img loading=\"lazy\" decoding=\"async\" width=\"1024\" height=\"683\" src=\"http:\/\/vocesdelacomuna15.com.ar\/wordpress\/wp-content\/uploads\/2022\/04\/recibimiento-aaaj-1024x683.jpg\" alt=\"\" class=\"wp-image-56240\" srcset=\"https:\/\/vocesdelacomuna15.com.ar\/wp-content\/uploads\/2022\/04\/recibimiento-aaaj-1024x683.jpg 1024w, https:\/\/vocesdelacomuna15.com.ar\/wp-content\/uploads\/2022\/04\/recibimiento-aaaj-300x200.jpg 300w, https:\/\/vocesdelacomuna15.com.ar\/wp-content\/uploads\/2022\/04\/recibimiento-aaaj-768x512.jpg 768w, https:\/\/vocesdelacomuna15.com.ar\/wp-content\/uploads\/2022\/04\/recibimiento-aaaj-1536x1024.jpg 1536w, https:\/\/vocesdelacomuna15.com.ar\/wp-content\/uploads\/2022\/04\/recibimiento-aaaj-1080x720.jpg 1080w, https:\/\/vocesdelacomuna15.com.ar\/wp-content\/uploads\/2022\/04\/recibimiento-aaaj-600x400.jpg 600w, https:\/\/vocesdelacomuna15.com.ar\/wp-content\/uploads\/2022\/04\/recibimiento-aaaj.jpg 2048w\" sizes=\"(max-width: 1024px) 100vw, 1024px\" \/><figcaption>Otra vez, la hinchada del &#8220;bicho&#8221; dio un gran recibimiento al equipo<\/figcaption><\/figure>\n\n\n\n<p>En el primer tiempo ambos equipos aunque sobre todo Argentinos, intentaron remates de media y larga distancia, siendo David \u201cRatu\u201d Zalazar el jugador mas destacado del \u201cbicho\u201d, que en varias oportunidades enganch\u00f3 desde la izquierda hacia el medio terminando con remates que estuvieron cerca o fueron contenidos por Josu\u00e9 Ayala, de buena actuaci\u00f3n.<\/p>\n\n\n\n<p>En la segunda etapa Argentinos tuvo una llegada importante en la que despu\u00e9s de varios rebotes \u2013y una ca\u00edda de Gabriel \u00c1valos en la que pudo cobrarse penal- termin\u00f3 pateando al arco Nicol\u00e1s Reniero y otra vez contuvo Ayala. Mas tarde, Lisandro L\u00f3pez sac\u00f3 de pecho un cabezazo en la l\u00ednea que pod\u00eda haber terminado en gol del \u201cbicho\u201d. Y Luciano Gondou tuvo dos muy claras para el \u201cverde\u201d: una que por arriba del travesa\u00f1o tras un pique habiendo rematado muy cerca del arco y otra en la que no remat\u00f3 bien desde el costado izquierdo y se fue desviado.<\/p>\n\n\n\n<p>Con el empate, todo sigue igual en la Zona 1. Argentinos contin\u00faa 4to con 21 puntos, igual que Sarmiento pero el \u201cbicho\u201d tiene mejor diferencia de gol. Defensa y Justicia est\u00e1 5to con 19 y Gimnasia de La Plata tiene 18. Los otros clasificados por el momento en ese grupo son Racing con 28 unidades y River y Newell\u00b4s con 23. En la pr\u00f3xima jornada (solo faltan dos para terminar la fase de grupos), Argentinos visitar\u00e1 a Platense el lunes 2 de mayo a las 21.30 horas, en un partido con rivalidad tradicional.<\/p>\n\n\n\n<p>Argentinos form\u00f3 con Lanzillota; Kevin Mac Allister, Torr\u00e9n, Villalba; Zalazar, Florent\u00edn, Vera, Carabajal, Bittolo; Reniero y \u00c1valos. En el equipo dirigido por Gabriel Milito entraron a los 72 minutos Galarza por Carabajal y Coronel por Bittolo, a los 81 Nuss por Zalazar y Ver\u00f3n por Reniero.<\/p>\n\n\n\n<p>Resumen del partido (Fuente: Liga Profesional de F\u00fatbol de la AFA- You Tube):<\/p>\n\n\n\n<figure class=\"wp-block-embed is-type-video is-provider-youtube wp-block-embed-youtube wp-embed-aspect-16-9 wp-has-aspect-ratio\"><div class=\"wp-block-embed__wrapper\">\n<iframe loading=\"lazy\" title=\"#CopaBinance | Fecha 12 | resumen de Argentinos - Sarmiento\" width=\"1080\" height=\"608\" src=\"https:\/\/www.youtube.com\/embed\/Df43rkV6bRg?feature=oembed\" frameborder=\"0\" allow=\"accelerometer; autoplay; clipboard-write; encrypted-media; gyroscope; picture-in-picture\" allowfullscreen><\/iframe>\n<\/div><\/figure>\n\n\n\n<p>Conferencia de prensa (Fuente Prensa AAAJ- You Tube):<\/p>\n\n\n\n<figure class=\"wp-block-embed is-type-video is-provider-youtube wp-block-embed-youtube wp-embed-aspect-16-9 wp-has-aspect-ratio\"><div class=\"wp-block-embed__wrapper\">\n<iframe loading=\"lazy\" title=\"CONFERENCIA: Gabriel Milito vs. Sarmiento \/ LPF 2022\" width=\"1080\" height=\"608\" src=\"https:\/\/www.youtube.com\/embed\/Jnncw1LZ2L0?feature=oembed\" frameborder=\"0\" allow=\"accelerometer; autoplay; clipboard-write; encrypted-media; gyroscope; picture-in-picture\" allowfullscreen><\/iframe>\n<\/div><\/figure>\n\n\n\n<p>ATLANTA IGUAL\u00d3 EN VILLA CRESPO<\/p>\n\n\n\n<p>El pasado s\u00e1bado, el \u201cbohemio\u201d empat\u00f3 sin goles ante Estudiantes de R\u00edo Cuarto en el Le\u00f3n Kolbowski. En Atlanta fue expulsado Maximiliano Gonz\u00e1lez sobre el final del partido. Los dirigidos por Walter Erviti quedaron en el puesto 20\u00b0 de la tabla de la Primera Nacional con 15 puntos, a 2 de los \u00faltimos clasificados (Deportivo Madryn, Agropecuario y San Mart\u00edn de San Juan) a los octavos de final del reducido por el segundo ascenso a Primera. El l\u00edder sigue siendo Belgrano con 28 unidades. En la pr\u00f3xima fecha Atlanta visitar\u00e1 a Alvarado, el s\u00e1bado a las 19.30 horas.<\/p>\n\n\n\n<figure class=\"wp-block-image size-large\"><img loading=\"lazy\" decoding=\"async\" width=\"1024\" height=\"683\" src=\"http:\/\/vocesdelacomuna15.com.ar\/wordpress\/wp-content\/uploads\/2022\/04\/atlanta-3-1024x683.jpg\" alt=\"\" class=\"wp-image-56241\" srcset=\"https:\/\/vocesdelacomuna15.com.ar\/wp-content\/uploads\/2022\/04\/atlanta-3-1024x683.jpg 1024w, https:\/\/vocesdelacomuna15.com.ar\/wp-content\/uploads\/2022\/04\/atlanta-3-300x200.jpg 300w, https:\/\/vocesdelacomuna15.com.ar\/wp-content\/uploads\/2022\/04\/atlanta-3-768x512.jpg 768w, https:\/\/vocesdelacomuna15.com.ar\/wp-content\/uploads\/2022\/04\/atlanta-3-1536x1024.jpg 1536w, https:\/\/vocesdelacomuna15.com.ar\/wp-content\/uploads\/2022\/04\/atlanta-3-1080x720.jpg 1080w, https:\/\/vocesdelacomuna15.com.ar\/wp-content\/uploads\/2022\/04\/atlanta-3-600x400.jpg 600w, https:\/\/vocesdelacomuna15.com.ar\/wp-content\/uploads\/2022\/04\/atlanta-3.jpg 1599w\" sizes=\"(max-width: 1024px) 100vw, 1024px\" \/><figcaption>Atlanta igual\u00f3 en Villa Crespo ante Estudiantes de R\u00edo Cuarto<\/figcaption><\/figure>\n\n\n\n<p>COMUNICACIONES TUVO FECHA LIBRE Y SIGUE PUNTERO EN LA B METRO<\/p>\n\n\n\n<p>El \u201ccartero\u201d no jug\u00f3 el fin de semana pero sigue liderando la B Metro con 21 puntos, seguido por Deportivo Armenio, F\u00e9nix, Defensores Unidos de Z\u00e1rate e Ituzaingo, todos con 20. En la pr\u00f3xima jornada \u201cComu\u201d visitar\u00e1 a Los Andes, el viernes a las 18.05 horas.<\/p>\n\n\n\n<p>Caracteres: 3.159<\/p>\n\n\n\n<p>Foto recibimiento Argentinos: Prensa AAAJ<\/p>\n\n\n\n<p>Foto de portada: Mat\u00edas Nievas (Voces de la Comuna 15)<\/p>\n\n\n\n<p>Foto Atlanta: Atlanta Oficial<\/p>\n\n\n\n<p>Foto Comunicaciones: Prensa Comu<\/p>\n<div class=\"pvc_clear\"><\/div><p id=\"pvc_stats_56239\" class=\"pvc_stats all  \" data-element-id=\"56239\" style=\"\"><i class=\"pvc-stats-icon small\" aria-hidden=\"true\"><svg aria-hidden=\"true\" focusable=\"false\" data-prefix=\"far\" data-icon=\"chart-bar\" role=\"img\" xmlns=\"http:\/\/www.w3.org\/2000\/svg\" viewBox=\"0 0 512 512\" class=\"svg-inline--fa fa-chart-bar fa-w-16 fa-2x\"><path fill=\"currentColor\" d=\"M396.8 352h22.4c6.4 0 12.8-6.4 12.8-12.8V108.8c0-6.4-6.4-12.8-12.8-12.8h-22.4c-6.4 0-12.8 6.4-12.8 12.8v230.4c0 6.4 6.4 12.8 12.8 12.8zm-192 0h22.4c6.4 0 12.8-6.4 12.8-12.8V140.8c0-6.4-6.4-12.8-12.8-12.8h-22.4c-6.4 0-12.8 6.4-12.8 12.8v198.4c0 6.4 6.4 12.8 12.8 12.8zm96 0h22.4c6.4 0 12.8-6.4 12.8-12.8V204.8c0-6.4-6.4-12.8-12.8-12.8h-22.4c-6.4 0-12.8 6.4-12.8 12.8v134.4c0 6.4 6.4 12.8 12.8 12.8zM496 400H48V80c0-8.84-7.16-16-16-16H16C7.16 64 0 71.16 0 80v336c0 17.67 14.33 32 32 32h464c8.84 0 16-7.16 16-16v-16c0-8.84-7.16-16-16-16zm-387.2-48h22.4c6.4 0 12.8-6.4 12.8-12.8v-70.4c0-6.4-6.4-12.8-12.8-12.8h-22.4c-6.4 0-12.8 6.4-12.8 12.8v70.4c0 6.4 6.4 12.8 12.8 12.8z\" class=\"\"><\/path><\/svg><\/i> <img loading=\"lazy\" decoding=\"async\" width=\"16\" height=\"16\" alt=\"Loading\" src=\"https:\/\/vocesdelacomuna15.com.ar\/wp-content\/plugins\/page-views-count\/ajax-loader-2x.gif\" border=0 \/><\/p><div class=\"pvc_clear\"><\/div>","protected":false},"excerpt":{"rendered":"<p>Por la Copa de la Liga. Fue 0-0 en La Paternal en un partido cerrado y con pocas llegadas El \u201cbicho\u201d igual\u00f3 ayer a la noche sin goles en el Diego Armando Maradona ante Sarmiento de Jun\u00edn, en un encuentro cerrado, con pocas llegadas claras, en el que Argentinos Juniors domin\u00f3 la posesi\u00f3n del bal\u00f3n [&hellip;]<\/p>\n<div class=\"pvc_clear\"><\/div>\n<p id=\"pvc_stats_56239\" class=\"pvc_stats all  \" data-element-id=\"56239\" style=\"\"><i class=\"pvc-stats-icon small\" aria-hidden=\"true\"><svg aria-hidden=\"true\" focusable=\"false\" data-prefix=\"far\" data-icon=\"chart-bar\" role=\"img\" xmlns=\"http:\/\/www.w3.org\/2000\/svg\" viewBox=\"0 0 512 512\" class=\"svg-inline--fa fa-chart-bar fa-w-16 fa-2x\"><path fill=\"currentColor\" d=\"M396.8 352h22.4c6.4 0 12.8-6.4 12.8-12.8V108.8c0-6.4-6.4-12.8-12.8-12.8h-22.4c-6.4 0-12.8 6.4-12.8 12.8v230.4c0 6.4 6.4 12.8 12.8 12.8zm-192 0h22.4c6.4 0 12.8-6.4 12.8-12.8V140.8c0-6.4-6.4-12.8-12.8-12.8h-22.4c-6.4 0-12.8 6.4-12.8 12.8v198.4c0 6.4 6.4 12.8 12.8 12.8zm96 0h22.4c6.4 0 12.8-6.4 12.8-12.8V204.8c0-6.4-6.4-12.8-12.8-12.8h-22.4c-6.4 0-12.8 6.4-12.8 12.8v134.4c0 6.4 6.4 12.8 12.8 12.8zM496 400H48V80c0-8.84-7.16-16-16-16H16C7.16 64 0 71.16 0 80v336c0 17.67 14.33 32 32 32h464c8.84 0 16-7.16 16-16v-16c0-8.84-7.16-16-16-16zm-387.2-48h22.4c6.4 0 12.8-6.4 12.8-12.8v-70.4c0-6.4-6.4-12.8-12.8-12.8h-22.4c-6.4 0-12.8 6.4-12.8 12.8v70.4c0 6.4 6.4 12.8 12.8 12.8z\" class=\"\"><\/path><\/svg><\/i> <img loading=\"lazy\" decoding=\"async\" width=\"16\" height=\"16\" alt=\"Loading\" src=\"https:\/\/vocesdelacomuna15.com.ar\/wp-content\/plugins\/page-views-count\/ajax-loader-2x.gif\" border=0 \/><\/p>\n<div class=\"pvc_clear\"><\/div>\n","protected":false},"author":2,"featured_media":56242,"comment_status":"open","ping_status":"open","sticky":false,"template":"","format":"standard","meta":{"_et_pb_use_builder":"","_et_pb_old_content":"","_et_gb_content_width":"","footnotes":""},"categories":[6,27,29,32],"tags":[],"class_list":["post-56239","post","type-post","status-publish","format-standard","has-post-thumbnail","hentry","category-agro","category-deportes","category-lapa","category-vcre","et-has-post-format-content","et_post_format-et-post-format-standard"],"a3_pvc":{"activated":true,"total_views":314,"today_views":0},"yoast_head":"<!-- This site is optimized with the Yoast SEO plugin v27.5 - https:\/\/yoast.com\/product\/yoast-seo-wordpress\/ -->\n<title>Argentinos igual\u00f3 con Sarmiento en la final anticipada por el 4to puesto de la Zona 1 - Voces de la Comuna 15<\/title>\n<meta name=\"description\" content=\"Voces de la Comuna 15\" \/>\n<meta name=\"robots\" content=\"index, follow, max-snippet:-1, max-image-preview:large, max-video-preview:-1\" \/>\n<link rel=\"canonical\" href=\"https:\/\/vocesdelacomuna15.com.ar\/press\/argentinos-igualo-con-sarmiento-en-la-final-anticipada-por-el-4to-puesto-de-la-zona-1\/\" \/>\n<meta property=\"og:locale\" content=\"es_ES\" \/>\n<meta property=\"og:type\" content=\"article\" \/>\n<meta property=\"og:title\" content=\"Argentinos igual\u00f3 con Sarmiento en la final anticipada por el 4to puesto de la Zona 1 - Voces de la Comuna 15\" \/>\n<meta property=\"og:description\" content=\"Voces de la Comuna 15\" \/>\n<meta property=\"og:url\" content=\"https:\/\/vocesdelacomuna15.com.ar\/press\/argentinos-igualo-con-sarmiento-en-la-final-anticipada-por-el-4to-puesto-de-la-zona-1\/\" \/>\n<meta property=\"og:site_name\" content=\"Voces de la Comuna 15\" \/>\n<meta property=\"article:publisher\" content=\"https:\/\/www.facebook.com\/VocesComuna15\/\" \/>\n<meta property=\"article:published_time\" content=\"2022-04-26T17:48:44+00:00\" \/>\n<meta property=\"article:modified_time\" content=\"2022-04-26T17:48:49+00:00\" \/>\n<meta property=\"og:image\" content=\"https:\/\/vocesdelacomuna15.com.ar\/wp-content\/uploads\/2022\/04\/aaaj1-1.jpg\" \/>\n\t<meta property=\"og:image:width\" content=\"1600\" \/>\n\t<meta property=\"og:image:height\" content=\"900\" \/>\n\t<meta property=\"og:image:type\" content=\"image\/jpeg\" \/>\n<meta name=\"author\" content=\"Federico Arguto\" \/>\n<meta name=\"twitter:card\" content=\"summary_large_image\" \/>\n<meta name=\"twitter:creator\" content=\"@vocescomuna15\" \/>\n<meta name=\"twitter:site\" content=\"@vocescomuna15\" \/>\n<meta name=\"twitter:label1\" content=\"Escrito por\" \/>\n\t<meta name=\"twitter:data1\" content=\"Federico Arguto\" \/>\n\t<meta name=\"twitter:label2\" content=\"Tiempo de lectura\" \/>\n\t<meta name=\"twitter:data2\" content=\"3 minutos\" \/>\n<script type=\"application\/ld+json\" class=\"yoast-schema-graph\">{\"@context\":\"https:\\\/\\\/schema.org\",\"@graph\":[{\"@type\":\"Article\",\"@id\":\"https:\\\/\\\/vocesdelacomuna15.com.ar\\\/press\\\/argentinos-igualo-con-sarmiento-en-la-final-anticipada-por-el-4to-puesto-de-la-zona-1\\\/#article\",\"isPartOf\":{\"@id\":\"https:\\\/\\\/vocesdelacomuna15.com.ar\\\/press\\\/argentinos-igualo-con-sarmiento-en-la-final-anticipada-por-el-4to-puesto-de-la-zona-1\\\/\"},\"author\":{\"name\":\"Federico Arguto\",\"@id\":\"https:\\\/\\\/vocesdelacomuna15.com.ar\\\/press\\\/#\\\/schema\\\/person\\\/4739e109db25d799cd3d139eeb509e43\"},\"headline\":\"Argentinos igual\u00f3 con Sarmiento en la final anticipada por el 4to puesto de la Zona 1\",\"datePublished\":\"2022-04-26T17:48:44+00:00\",\"dateModified\":\"2022-04-26T17:48:49+00:00\",\"mainEntityOfPage\":{\"@id\":\"https:\\\/\\\/vocesdelacomuna15.com.ar\\\/press\\\/argentinos-igualo-con-sarmiento-en-la-final-anticipada-por-el-4to-puesto-de-la-zona-1\\\/\"},\"wordCount\":641,\"commentCount\":0,\"publisher\":{\"@id\":\"https:\\\/\\\/vocesdelacomuna15.com.ar\\\/press\\\/#organization\"},\"image\":{\"@id\":\"https:\\\/\\\/vocesdelacomuna15.com.ar\\\/press\\\/argentinos-igualo-con-sarmiento-en-la-final-anticipada-por-el-4to-puesto-de-la-zona-1\\\/#primaryimage\"},\"thumbnailUrl\":\"https:\\\/\\\/vocesdelacomuna15.com.ar\\\/wp-content\\\/uploads\\\/2022\\\/04\\\/aaaj1-1.jpg\",\"articleSection\":[\"Agronom\u00eda\",\"Deportes\",\"La Paternal\",\"Villa Crespo\"],\"inLanguage\":\"es-AR\",\"potentialAction\":[{\"@type\":\"CommentAction\",\"name\":\"Comment\",\"target\":[\"https:\\\/\\\/vocesdelacomuna15.com.ar\\\/press\\\/argentinos-igualo-con-sarmiento-en-la-final-anticipada-por-el-4to-puesto-de-la-zona-1\\\/#respond\"]}]},{\"@type\":\"WebPage\",\"@id\":\"https:\\\/\\\/vocesdelacomuna15.com.ar\\\/press\\\/argentinos-igualo-con-sarmiento-en-la-final-anticipada-por-el-4to-puesto-de-la-zona-1\\\/\",\"url\":\"https:\\\/\\\/vocesdelacomuna15.com.ar\\\/press\\\/argentinos-igualo-con-sarmiento-en-la-final-anticipada-por-el-4to-puesto-de-la-zona-1\\\/\",\"name\":\"Argentinos igual\u00f3 con Sarmiento en la final anticipada por el 4to puesto de la Zona 1 - Voces de la Comuna 15\",\"isPartOf\":{\"@id\":\"https:\\\/\\\/vocesdelacomuna15.com.ar\\\/press\\\/#website\"},\"primaryImageOfPage\":{\"@id\":\"https:\\\/\\\/vocesdelacomuna15.com.ar\\\/press\\\/argentinos-igualo-con-sarmiento-en-la-final-anticipada-por-el-4to-puesto-de-la-zona-1\\\/#primaryimage\"},\"image\":{\"@id\":\"https:\\\/\\\/vocesdelacomuna15.com.ar\\\/press\\\/argentinos-igualo-con-sarmiento-en-la-final-anticipada-por-el-4to-puesto-de-la-zona-1\\\/#primaryimage\"},\"thumbnailUrl\":\"https:\\\/\\\/vocesdelacomuna15.com.ar\\\/wp-content\\\/uploads\\\/2022\\\/04\\\/aaaj1-1.jpg\",\"datePublished\":\"2022-04-26T17:48:44+00:00\",\"dateModified\":\"2022-04-26T17:48:49+00:00\",\"description\":\"Voces de la Comuna 15\",\"breadcrumb\":{\"@id\":\"https:\\\/\\\/vocesdelacomuna15.com.ar\\\/press\\\/argentinos-igualo-con-sarmiento-en-la-final-anticipada-por-el-4to-puesto-de-la-zona-1\\\/#breadcrumb\"},\"inLanguage\":\"es-AR\",\"potentialAction\":[{\"@type\":\"ReadAction\",\"target\":[\"https:\\\/\\\/vocesdelacomuna15.com.ar\\\/press\\\/argentinos-igualo-con-sarmiento-en-la-final-anticipada-por-el-4to-puesto-de-la-zona-1\\\/\"]}]},{\"@type\":\"ImageObject\",\"inLanguage\":\"es-AR\",\"@id\":\"https:\\\/\\\/vocesdelacomuna15.com.ar\\\/press\\\/argentinos-igualo-con-sarmiento-en-la-final-anticipada-por-el-4to-puesto-de-la-zona-1\\\/#primaryimage\",\"url\":\"https:\\\/\\\/vocesdelacomuna15.com.ar\\\/wp-content\\\/uploads\\\/2022\\\/04\\\/aaaj1-1.jpg\",\"contentUrl\":\"https:\\\/\\\/vocesdelacomuna15.com.ar\\\/wp-content\\\/uploads\\\/2022\\\/04\\\/aaaj1-1.jpg\",\"width\":1600,\"height\":900},{\"@type\":\"BreadcrumbList\",\"@id\":\"https:\\\/\\\/vocesdelacomuna15.com.ar\\\/press\\\/argentinos-igualo-con-sarmiento-en-la-final-anticipada-por-el-4to-puesto-de-la-zona-1\\\/#breadcrumb\",\"itemListElement\":[{\"@type\":\"ListItem\",\"position\":1,\"name\":\"Inicio\",\"item\":\"https:\\\/\\\/vocesdelacomuna15.com.ar\\\/press\\\/\"},{\"@type\":\"ListItem\",\"position\":2,\"name\":\"Argentinos igual\u00f3 con Sarmiento en la final anticipada por el 4to puesto de la Zona 1\"}]},{\"@type\":\"WebSite\",\"@id\":\"https:\\\/\\\/vocesdelacomuna15.com.ar\\\/press\\\/#website\",\"url\":\"https:\\\/\\\/vocesdelacomuna15.com.ar\\\/press\\\/\",\"name\":\"Voces de la Comuna 15\",\"description\":\"Sitio web de noticias\",\"publisher\":{\"@id\":\"https:\\\/\\\/vocesdelacomuna15.com.ar\\\/press\\\/#organization\"},\"potentialAction\":[{\"@type\":\"SearchAction\",\"target\":{\"@type\":\"EntryPoint\",\"urlTemplate\":\"https:\\\/\\\/vocesdelacomuna15.com.ar\\\/press\\\/?s={search_term_string}\"},\"query-input\":{\"@type\":\"PropertyValueSpecification\",\"valueRequired\":true,\"valueName\":\"search_term_string\"}}],\"inLanguage\":\"es-AR\"},{\"@type\":\"Organization\",\"@id\":\"https:\\\/\\\/vocesdelacomuna15.com.ar\\\/press\\\/#organization\",\"name\":\"Voces de la Comuna 15\",\"url\":\"https:\\\/\\\/vocesdelacomuna15.com.ar\\\/press\\\/\",\"logo\":{\"@type\":\"ImageObject\",\"inLanguage\":\"es-AR\",\"@id\":\"https:\\\/\\\/vocesdelacomuna15.com.ar\\\/press\\\/#\\\/schema\\\/logo\\\/image\\\/\",\"url\":\"https:\\\/\\\/vocesdelacomuna15.com.ar\\\/wp-content\\\/uploads\\\/2024\\\/12\\\/cropped-logo_voces.jpg\",\"contentUrl\":\"https:\\\/\\\/vocesdelacomuna15.com.ar\\\/wp-content\\\/uploads\\\/2024\\\/12\\\/cropped-logo_voces.jpg\",\"width\":512,\"height\":512,\"caption\":\"Voces de la Comuna 15\"},\"image\":{\"@id\":\"https:\\\/\\\/vocesdelacomuna15.com.ar\\\/press\\\/#\\\/schema\\\/logo\\\/image\\\/\"},\"sameAs\":[\"https:\\\/\\\/www.facebook.com\\\/VocesComuna15\\\/\",\"https:\\\/\\\/x.com\\\/vocescomuna15\"]},{\"@type\":\"Person\",\"@id\":\"https:\\\/\\\/vocesdelacomuna15.com.ar\\\/press\\\/#\\\/schema\\\/person\\\/4739e109db25d799cd3d139eeb509e43\",\"name\":\"Federico Arguto\",\"image\":{\"@type\":\"ImageObject\",\"inLanguage\":\"es-AR\",\"@id\":\"https:\\\/\\\/vocesdelacomuna15.com.ar\\\/wp-content\\\/litespeed\\\/avatar\\\/82faf979976f1bae889b8b71f8a0a7e5.jpg?ver=1777419741\",\"url\":\"https:\\\/\\\/vocesdelacomuna15.com.ar\\\/wp-content\\\/litespeed\\\/avatar\\\/82faf979976f1bae889b8b71f8a0a7e5.jpg?ver=1777419741\",\"contentUrl\":\"https:\\\/\\\/vocesdelacomuna15.com.ar\\\/wp-content\\\/litespeed\\\/avatar\\\/82faf979976f1bae889b8b71f8a0a7e5.jpg?ver=1777419741\",\"caption\":\"Federico Arguto\"},\"url\":\"https:\\\/\\\/vocesdelacomuna15.com.ar\\\/press\\\/author\\\/fede\\\/\"}]}<\/script>\n<!-- \/ Yoast SEO plugin. -->","yoast_head_json":{"title":"Argentinos igual\u00f3 con Sarmiento en la final anticipada por el 4to puesto de la Zona 1 - Voces de la Comuna 15","description":"Voces de la Comuna 15","robots":{"index":"index","follow":"follow","max-snippet":"max-snippet:-1","max-image-preview":"max-image-preview:large","max-video-preview":"max-video-preview:-1"},"canonical":"https:\/\/vocesdelacomuna15.com.ar\/press\/argentinos-igualo-con-sarmiento-en-la-final-anticipada-por-el-4to-puesto-de-la-zona-1\/","og_locale":"es_ES","og_type":"article","og_title":"Argentinos igual\u00f3 con Sarmiento en la final anticipada por el 4to puesto de la Zona 1 - Voces de la Comuna 15","og_description":"Voces de la Comuna 15","og_url":"https:\/\/vocesdelacomuna15.com.ar\/press\/argentinos-igualo-con-sarmiento-en-la-final-anticipada-por-el-4to-puesto-de-la-zona-1\/","og_site_name":"Voces de la Comuna 15","article_publisher":"https:\/\/www.facebook.com\/VocesComuna15\/","article_published_time":"2022-04-26T17:48:44+00:00","article_modified_time":"2022-04-26T17:48:49+00:00","og_image":[{"width":1600,"height":900,"url":"https:\/\/vocesdelacomuna15.com.ar\/wp-content\/uploads\/2022\/04\/aaaj1-1.jpg","type":"image\/jpeg"}],"author":"Federico Arguto","twitter_card":"summary_large_image","twitter_creator":"@vocescomuna15","twitter_site":"@vocescomuna15","twitter_misc":{"Escrito por":"Federico Arguto","Tiempo de lectura":"3 minutos"},"schema":{"@context":"https:\/\/schema.org","@graph":[{"@type":"Article","@id":"https:\/\/vocesdelacomuna15.com.ar\/press\/argentinos-igualo-con-sarmiento-en-la-final-anticipada-por-el-4to-puesto-de-la-zona-1\/#article","isPartOf":{"@id":"https:\/\/vocesdelacomuna15.com.ar\/press\/argentinos-igualo-con-sarmiento-en-la-final-anticipada-por-el-4to-puesto-de-la-zona-1\/"},"author":{"name":"Federico Arguto","@id":"https:\/\/vocesdelacomuna15.com.ar\/press\/#\/schema\/person\/4739e109db25d799cd3d139eeb509e43"},"headline":"Argentinos igual\u00f3 con Sarmiento en la final anticipada por el 4to puesto de la Zona 1","datePublished":"2022-04-26T17:48:44+00:00","dateModified":"2022-04-26T17:48:49+00:00","mainEntityOfPage":{"@id":"https:\/\/vocesdelacomuna15.com.ar\/press\/argentinos-igualo-con-sarmiento-en-la-final-anticipada-por-el-4to-puesto-de-la-zona-1\/"},"wordCount":641,"commentCount":0,"publisher":{"@id":"https:\/\/vocesdelacomuna15.com.ar\/press\/#organization"},"image":{"@id":"https:\/\/vocesdelacomuna15.com.ar\/press\/argentinos-igualo-con-sarmiento-en-la-final-anticipada-por-el-4to-puesto-de-la-zona-1\/#primaryimage"},"thumbnailUrl":"https:\/\/vocesdelacomuna15.com.ar\/wp-content\/uploads\/2022\/04\/aaaj1-1.jpg","articleSection":["Agronom\u00eda","Deportes","La Paternal","Villa Crespo"],"inLanguage":"es-AR","potentialAction":[{"@type":"CommentAction","name":"Comment","target":["https:\/\/vocesdelacomuna15.com.ar\/press\/argentinos-igualo-con-sarmiento-en-la-final-anticipada-por-el-4to-puesto-de-la-zona-1\/#respond"]}]},{"@type":"WebPage","@id":"https:\/\/vocesdelacomuna15.com.ar\/press\/argentinos-igualo-con-sarmiento-en-la-final-anticipada-por-el-4to-puesto-de-la-zona-1\/","url":"https:\/\/vocesdelacomuna15.com.ar\/press\/argentinos-igualo-con-sarmiento-en-la-final-anticipada-por-el-4to-puesto-de-la-zona-1\/","name":"Argentinos igual\u00f3 con Sarmiento en la final anticipada por el 4to puesto de la Zona 1 - Voces de la Comuna 15","isPartOf":{"@id":"https:\/\/vocesdelacomuna15.com.ar\/press\/#website"},"primaryImageOfPage":{"@id":"https:\/\/vocesdelacomuna15.com.ar\/press\/argentinos-igualo-con-sarmiento-en-la-final-anticipada-por-el-4to-puesto-de-la-zona-1\/#primaryimage"},"image":{"@id":"https:\/\/vocesdelacomuna15.com.ar\/press\/argentinos-igualo-con-sarmiento-en-la-final-anticipada-por-el-4to-puesto-de-la-zona-1\/#primaryimage"},"thumbnailUrl":"https:\/\/vocesdelacomuna15.com.ar\/wp-content\/uploads\/2022\/04\/aaaj1-1.jpg","datePublished":"2022-04-26T17:48:44+00:00","dateModified":"2022-04-26T17:48:49+00:00","description":"Voces de la Comuna 15","breadcrumb":{"@id":"https:\/\/vocesdelacomuna15.com.ar\/press\/argentinos-igualo-con-sarmiento-en-la-final-anticipada-por-el-4to-puesto-de-la-zona-1\/#breadcrumb"},"inLanguage":"es-AR","potentialAction":[{"@type":"ReadAction","target":["https:\/\/vocesdelacomuna15.com.ar\/press\/argentinos-igualo-con-sarmiento-en-la-final-anticipada-por-el-4to-puesto-de-la-zona-1\/"]}]},{"@type":"ImageObject","inLanguage":"es-AR","@id":"https:\/\/vocesdelacomuna15.com.ar\/press\/argentinos-igualo-con-sarmiento-en-la-final-anticipada-por-el-4to-puesto-de-la-zona-1\/#primaryimage","url":"https:\/\/vocesdelacomuna15.com.ar\/wp-content\/uploads\/2022\/04\/aaaj1-1.jpg","contentUrl":"https:\/\/vocesdelacomuna15.com.ar\/wp-content\/uploads\/2022\/04\/aaaj1-1.jpg","width":1600,"height":900},{"@type":"BreadcrumbList","@id":"https:\/\/vocesdelacomuna15.com.ar\/press\/argentinos-igualo-con-sarmiento-en-la-final-anticipada-por-el-4to-puesto-de-la-zona-1\/#breadcrumb","itemListElement":[{"@type":"ListItem","position":1,"name":"Inicio","item":"https:\/\/vocesdelacomuna15.com.ar\/press\/"},{"@type":"ListItem","position":2,"name":"Argentinos igual\u00f3 con Sarmiento en la final anticipada por el 4to puesto de la Zona 1"}]},{"@type":"WebSite","@id":"https:\/\/vocesdelacomuna15.com.ar\/press\/#website","url":"https:\/\/vocesdelacomuna15.com.ar\/press\/","name":"Voces de la Comuna 15","description":"Sitio web de noticias","publisher":{"@id":"https:\/\/vocesdelacomuna15.com.ar\/press\/#organization"},"potentialAction":[{"@type":"SearchAction","target":{"@type":"EntryPoint","urlTemplate":"https:\/\/vocesdelacomuna15.com.ar\/press\/?s={search_term_string}"},"query-input":{"@type":"PropertyValueSpecification","valueRequired":true,"valueName":"search_term_string"}}],"inLanguage":"es-AR"},{"@type":"Organization","@id":"https:\/\/vocesdelacomuna15.com.ar\/press\/#organization","name":"Voces de la Comuna 15","url":"https:\/\/vocesdelacomuna15.com.ar\/press\/","logo":{"@type":"ImageObject","inLanguage":"es-AR","@id":"https:\/\/vocesdelacomuna15.com.ar\/press\/#\/schema\/logo\/image\/","url":"https:\/\/vocesdelacomuna15.com.ar\/wp-content\/uploads\/2024\/12\/cropped-logo_voces.jpg","contentUrl":"https:\/\/vocesdelacomuna15.com.ar\/wp-content\/uploads\/2024\/12\/cropped-logo_voces.jpg","width":512,"height":512,"caption":"Voces de la Comuna 15"},"image":{"@id":"https:\/\/vocesdelacomuna15.com.ar\/press\/#\/schema\/logo\/image\/"},"sameAs":["https:\/\/www.facebook.com\/VocesComuna15\/","https:\/\/x.com\/vocescomuna15"]},{"@type":"Person","@id":"https:\/\/vocesdelacomuna15.com.ar\/press\/#\/schema\/person\/4739e109db25d799cd3d139eeb509e43","name":"Federico Arguto","image":{"@type":"ImageObject","inLanguage":"es-AR","@id":"https:\/\/vocesdelacomuna15.com.ar\/wp-content\/litespeed\/avatar\/82faf979976f1bae889b8b71f8a0a7e5.jpg?ver=1777419741","url":"https:\/\/vocesdelacomuna15.com.ar\/wp-content\/litespeed\/avatar\/82faf979976f1bae889b8b71f8a0a7e5.jpg?ver=1777419741","contentUrl":"https:\/\/vocesdelacomuna15.com.ar\/wp-content\/litespeed\/avatar\/82faf979976f1bae889b8b71f8a0a7e5.jpg?ver=1777419741","caption":"Federico Arguto"},"url":"https:\/\/vocesdelacomuna15.com.ar\/press\/author\/fede\/"}]}},"_links":{"self":[{"href":"https:\/\/vocesdelacomuna15.com.ar\/press\/wp-json\/wp\/v2\/posts\/56239","targetHints":{"allow":["GET"]}}],"collection":[{"href":"https:\/\/vocesdelacomuna15.com.ar\/press\/wp-json\/wp\/v2\/posts"}],"about":[{"href":"https:\/\/vocesdelacomuna15.com.ar\/press\/wp-json\/wp\/v2\/types\/post"}],"author":[{"embeddable":true,"href":"https:\/\/vocesdelacomuna15.com.ar\/press\/wp-json\/wp\/v2\/users\/2"}],"replies":[{"embeddable":true,"href":"https:\/\/vocesdelacomuna15.com.ar\/press\/wp-json\/wp\/v2\/comments?post=56239"}],"version-history":[{"count":1,"href":"https:\/\/vocesdelacomuna15.com.ar\/press\/wp-json\/wp\/v2\/posts\/56239\/revisions"}],"predecessor-version":[{"id":56243,"href":"https:\/\/vocesdelacomuna15.com.ar\/press\/wp-json\/wp\/v2\/posts\/56239\/revisions\/56243"}],"wp:featuredmedia":[{"embeddable":true,"href":"https:\/\/vocesdelacomuna15.com.ar\/press\/wp-json\/wp\/v2\/media\/56242"}],"wp:attachment":[{"href":"https:\/\/vocesdelacomuna15.com.ar\/press\/wp-json\/wp\/v2\/media?parent=56239"}],"wp:term":[{"taxonomy":"category","embeddable":true,"href":"https:\/\/vocesdelacomuna15.com.ar\/press\/wp-json\/wp\/v2\/categories?post=56239"},{"taxonomy":"post_tag","embeddable":true,"href":"https:\/\/vocesdelacomuna15.com.ar\/press\/wp-json\/wp\/v2\/tags?post=56239"}],"curies":[{"name":"wp","href":"https:\/\/api.w.org\/{rel}","templated":true}]}}