{"id":56197,"date":"2022-04-25T00:47:00","date_gmt":"2022-04-25T03:47:00","guid":{"rendered":"http:\/\/vocesdelacomuna15.com.ar\/wordpress\/?p=56197"},"modified":"2022-04-25T23:46:36","modified_gmt":"2022-04-26T02:46:36","slug":"de-la-paternal-a-mataderos-contemplando-el-final-del-mercado-de-hacienda-de-liniers","status":"publish","type":"post","link":"https:\/\/vocesdelacomuna15.com.ar\/press\/de-la-paternal-a-mataderos-contemplando-el-final-del-mercado-de-hacienda-de-liniers\/","title":{"rendered":"De La Paternal a Mataderos. Contemplando el final del Mercado de Hacienda de Liniers"},"content":{"rendered":"\n<p>Fuente: Peri\u00f3dico Voces de la Comuna 15 (Por Ezequiel Semo)<\/p>\n\n\n\n<p>\u201c(&#8230;) da tono de actualidad e inter\u00e9s a una visita por aquel mundo pintoresco y extra\u00f1o, que (&#8230;) se agita y act\u00faa en el vasto per\u00edmetro de los Corrales, que van pronto a pasar, como otras cosas t\u00edpicas del Buenos Aires antiguo, a la categor\u00eda melanc\u00f3lica de tapera, barridos por el progreso. Representando a este respecto por los Nuevos Mataderos de Liniers\u201d. <strong>A. Bartolom\u00e9 Mitre y Vedia. <em>&#8220;Los Corrales, p\u00e1gina sangrienta&#8221;<\/em>, en Caras Caretas N\u00ba 22. &nbsp;Buenos Aires, 4 de marzo de 1899.<\/strong><\/p>\n\n\n\n<p><em>&#8220;Cuando uno muere, no muere \u00e9l: muere el mundo que conoci\u00f3, muere lo que vio, muere lo que le contaron (&#8230;). Se va con \u00e9l una mirada, una memoria, tu propia historia&#8221;.<\/em><\/p>\n\n\n\n<p><strong>Arturo P\u00e9rez-Reverte<\/strong><\/p>\n\n\n\n<p>Pensado y construido a finales del siglo XIX, inaugurado a principios del siglo XX, los nuevos mataderos y el mercado de hacienda&nbsp; fueron instalados desde sus inicios en los m\u00e1rgenes de una ciudad que comenzaba a desarrollarse y crecer ya fuera del centro primitivo y colonial.&nbsp; Hoy, ya entrados en el siglo XXI, vemos que el Mercado de Hacienda de Liniers sigue ah\u00ed, un poco desvencijado pero con una presencia estoica. Como me dijo en una de las visitas Oscar Badolato, cafetero del Mercado, el barrio entero troc\u00f3 su nombre por el de Mataderos pero el mercado sigue siendo \u201cDe Liniers\u201d.&nbsp; Tal es su fuerza de pervivencia en el tiempo.<\/p>\n\n\n\n<figure class=\"wp-block-image size-large\"><img loading=\"lazy\" decoding=\"async\" width=\"1024\" height=\"683\" src=\"http:\/\/vocesdelacomuna15.com.ar\/wordpress\/wp-content\/uploads\/2022\/04\/badolatoa-1024x683.jpg\" alt=\"\" class=\"wp-image-56199\" srcset=\"https:\/\/vocesdelacomuna15.com.ar\/wp-content\/uploads\/2022\/04\/badolatoa-1024x683.jpg 1024w, https:\/\/vocesdelacomuna15.com.ar\/wp-content\/uploads\/2022\/04\/badolatoa-300x200.jpg 300w, https:\/\/vocesdelacomuna15.com.ar\/wp-content\/uploads\/2022\/04\/badolatoa-768x512.jpg 768w, https:\/\/vocesdelacomuna15.com.ar\/wp-content\/uploads\/2022\/04\/badolatoa-1536x1024.jpg 1536w, https:\/\/vocesdelacomuna15.com.ar\/wp-content\/uploads\/2022\/04\/badolatoa-1080x720.jpg 1080w, https:\/\/vocesdelacomuna15.com.ar\/wp-content\/uploads\/2022\/04\/badolatoa-600x400.jpg 600w, https:\/\/vocesdelacomuna15.com.ar\/wp-content\/uploads\/2022\/04\/badolatoa.jpg 1800w\" sizes=\"(max-width: 1024px) 100vw, 1024px\" \/><figcaption>El resero David Badolato. 05\/04\/2022<\/figcaption><\/figure>\n\n\n\n<p>Sabiendo que era inminente su cierre y mudanza a un nuevo predio en Ca\u00f1uelas (Provincia de Buenos Aires), ahora como el MAG &#8211; Mercado Agro Ganadero-&nbsp; entre agosto de 2021 y abril de 2022 fui en varias oportunidades hasta el barrio de Mataderos para ingresar al mercado con la intenci\u00f3n de observar, escuchar, leer, oler, registrar: ser testigo de los estertores de este pedazo de historia que est\u00e1 por extinguirse (\u00bfO transformarse?) luego de 121 a\u00f1os de vida. Creo que por medio del arte pude llegar a vivir y ser parte del final de su existencia, de su longeva historia.<\/p>\n\n\n\n<figure class=\"wp-block-image size-large\"><img loading=\"lazy\" decoding=\"async\" width=\"1024\" height=\"1024\" src=\"http:\/\/vocesdelacomuna15.com.ar\/wordpress\/wp-content\/uploads\/2022\/04\/ramon-gomez-1024x1024.jpg\" alt=\"\" class=\"wp-image-56205\" srcset=\"https:\/\/vocesdelacomuna15.com.ar\/wp-content\/uploads\/2022\/04\/ramon-gomez-1024x1024.jpg 1024w, https:\/\/vocesdelacomuna15.com.ar\/wp-content\/uploads\/2022\/04\/ramon-gomez-300x300.jpg 300w, https:\/\/vocesdelacomuna15.com.ar\/wp-content\/uploads\/2022\/04\/ramon-gomez-150x150.jpg 150w, https:\/\/vocesdelacomuna15.com.ar\/wp-content\/uploads\/2022\/04\/ramon-gomez-768x768.jpg 768w, https:\/\/vocesdelacomuna15.com.ar\/wp-content\/uploads\/2022\/04\/ramon-gomez-1536x1536.jpg 1536w, https:\/\/vocesdelacomuna15.com.ar\/wp-content\/uploads\/2022\/04\/ramon-gomez-2048x2048.jpg 2048w, https:\/\/vocesdelacomuna15.com.ar\/wp-content\/uploads\/2022\/04\/ramon-gomez-1080x1080.jpg 1080w, https:\/\/vocesdelacomuna15.com.ar\/wp-content\/uploads\/2022\/04\/ramon-gomez-440x440.jpg 440w, https:\/\/vocesdelacomuna15.com.ar\/wp-content\/uploads\/2022\/04\/ramon-gomez-600x600.jpg 600w, https:\/\/vocesdelacomuna15.com.ar\/wp-content\/uploads\/2022\/04\/ramon-gomez-100x100.jpg 100w\" sizes=\"(max-width: 1024px) 100vw, 1024px\" \/><figcaption>Ram\u00f3n Gomez, mi gu\u00eda en el mercado de hacienda, posa con una de las puertitas de madera. Agosto 2021. Foto:Ezequiel Semo<\/figcaption><\/figure>\n\n\n\n<p>En este tiempo charle con sus trabajadores, tom\u00e9 fotos, pregunt\u00e9 y observ\u00e9, encontr\u00e9 una herradura en medio de un c\u00famulo de bosta, me llev\u00e9 impregnado en la ropa su perfume: el penetrante olor a orina y bosta del ganado, vi el cielo gigante y el vuelo de las bandadas de palomas entre las pasarelas, escuche el ruido del agua desbordando los bebederos de los corrales, mire a los ojos a los animales, conoc\u00ed las ruinas ferroviarias, instalaciones que serv\u00edan al transporte de ganado por ferrocarril. &nbsp;<\/p>\n\n\n\n<p>De La Paternal a Mataderos, de Mataderos a La Paternal. &nbsp;Comparto estas tres cr\u00f3nicas que escrib\u00ed.<\/p>\n\n\n\n<p><strong><u>Lo peque\u00f1o del gigante<\/u><\/strong><\/p>\n\n\n\n<p>121 a\u00f1os de historia, tuvo dos estaciones de tren, tiene dos colosales tanques de agua, recuerdos que mencionan el record de 30.000 animales ingresando en una jornada, en \u00e9l funcion\u00f3 el Frigor\u00edfico Lisandro De La Torre, \u00faltimo matadero de la Ciudad de Buenos Aires, m\u00e1s de cinco especies han convivido en las 34 hect\u00e1reas: bovinos, porcinos, ovinos, insectos, aves, humanos, caninos y equinos, m\u00e1s de dos mil corrales, muchas avenidas, le dio la identidad a un barrio, una inmensa campana de bronce. <\/p>\n\n\n\n<p>Sin embargo el Mercado de Hacienda de Liniers es tambi\u00e9n en sus peque\u00f1os detalles. En lo m\u00ednimo est\u00e1 su vitalidad. Les puedo contar que la primera vez que lo visit\u00e9, en la base de un inmenso c\u00famulo de bosta, encontr\u00e9 una herradura pero prefiero contarles sobre las \u00a0puertitas que uno va cruzando cuando deambula, atraviesa el mercado. Desiguales en tama\u00f1o y forma, son pesadas, macizas. Con distintos herrajes y al parecer (a la mirada del lego) instaladas de forma caprichosa. Crujen al abrirse, chillan y se cierran con fiaca, rebotan al golpear. <\/p>\n\n\n\n<figure class=\"wp-block-image size-large\"><img loading=\"lazy\" decoding=\"async\" width=\"1024\" height=\"768\" src=\"http:\/\/vocesdelacomuna15.com.ar\/wordpress\/wp-content\/uploads\/2022\/04\/f-1024x768.jpg\" alt=\"\" class=\"wp-image-56234\" srcset=\"https:\/\/vocesdelacomuna15.com.ar\/wp-content\/uploads\/2022\/04\/f-1024x768.jpg 1024w, https:\/\/vocesdelacomuna15.com.ar\/wp-content\/uploads\/2022\/04\/f-300x225.jpg 300w, https:\/\/vocesdelacomuna15.com.ar\/wp-content\/uploads\/2022\/04\/f-768x576.jpg 768w, https:\/\/vocesdelacomuna15.com.ar\/wp-content\/uploads\/2022\/04\/f-1536x1152.jpg 1536w, https:\/\/vocesdelacomuna15.com.ar\/wp-content\/uploads\/2022\/04\/f-1080x810.jpg 1080w, https:\/\/vocesdelacomuna15.com.ar\/wp-content\/uploads\/2022\/04\/f-600x450.jpg 600w, https:\/\/vocesdelacomuna15.com.ar\/wp-content\/uploads\/2022\/04\/f.jpg 1560w\" sizes=\"(max-width: 1024px) 100vw, 1024px\" \/><figcaption>En la base de uno de estos c\u00famulos de bosta procesada, mientras charlaba con Chiquito y Ram\u00f3n, encontr\u00e9 la herradura que vemos. 27\/08\/2021<\/figcaption><\/figure>\n\n\n\n<p>Ellas comunican espacios, permiten atajos: \u00bfSurgieron por una necesidad?, en el sitio especifico donde est\u00e1n, \u00bfPor algo?, \u00bfQui\u00e9n las habr\u00e1 realizado?, \u00bfEstar\u00e1n hechas con restos de corrales?, \u00bfQui\u00e9n las habr\u00e1 atravesado?, \u00bfQui\u00e9n se acordar\u00e1 de ellas?.<\/p>\n\n\n\n<figure class=\"wp-block-image size-large\"><img loading=\"lazy\" decoding=\"async\" width=\"1024\" height=\"683\" src=\"http:\/\/vocesdelacomuna15.com.ar\/wordpress\/wp-content\/uploads\/2022\/04\/fotod-1024x683.jpg\" alt=\"\" class=\"wp-image-56203\" srcset=\"https:\/\/vocesdelacomuna15.com.ar\/wp-content\/uploads\/2022\/04\/fotod-1024x683.jpg 1024w, https:\/\/vocesdelacomuna15.com.ar\/wp-content\/uploads\/2022\/04\/fotod-300x200.jpg 300w, https:\/\/vocesdelacomuna15.com.ar\/wp-content\/uploads\/2022\/04\/fotod-768x512.jpg 768w, https:\/\/vocesdelacomuna15.com.ar\/wp-content\/uploads\/2022\/04\/fotod-1536x1024.jpg 1536w, https:\/\/vocesdelacomuna15.com.ar\/wp-content\/uploads\/2022\/04\/fotod-1080x720.jpg 1080w, https:\/\/vocesdelacomuna15.com.ar\/wp-content\/uploads\/2022\/04\/fotod-600x400.jpg 600w, https:\/\/vocesdelacomuna15.com.ar\/wp-content\/uploads\/2022\/04\/fotod.jpg 1800w\" sizes=\"(max-width: 1024px) 100vw, 1024px\" \/><figcaption>Distintas vistas del ganado<\/figcaption><\/figure>\n\n\n\n<p><strong><u>Un descanso en lo de Bocha <\/u><\/strong><strong><u><\/u><\/strong><\/p>\n\n\n\n<p>Rub\u00e9n y Dar\u00edo <a href=\"https:\/\/www.facebook.com\/rdd.diaz?__cft__%5b0%5d=AZU2vJ00_g8OxBNw171QP6jUaN9apHfpIJ9_hjVPRbqiIVk_4WBHTT1mTOaP7PrPLbVC7yVNNm4dloHyQtikOGb6Bu7oLMfg3YLk8jp3_f8-0ZSq_YrXJiYnQspG5PHBTBY&amp;__tn__=-%5dK-R\">D\u00edaz<\/a>, &nbsp;padre e hijo, se toman unas gaseosas luego de una jornada laboral.<\/p>\n\n\n\n<p>La cita es en <em>el boliche de Bocha<\/em>. Lo atiende <a href=\"https:\/\/www.facebook.com\/javier.piorno.7545?__cft__%5b0%5d=AZU2vJ00_g8OxBNw171QP6jUaN9apHfpIJ9_hjVPRbqiIVk_4WBHTT1mTOaP7PrPLbVC7yVNNm4dloHyQtikOGb6Bu7oLMfg3YLk8jp3_f8-0ZSq_YrXJiYnQspG5PHBTBY&amp;__tn__=-%5dK-R\">Javi Piorno<\/a>, tercera generaci\u00f3n dedicada a la gastronom\u00eda en el mercado. <\/p>\n\n\n\n<figure class=\"wp-block-image size-large\"><img loading=\"lazy\" decoding=\"async\" width=\"719\" height=\"1024\" src=\"http:\/\/vocesdelacomuna15.com.ar\/wordpress\/wp-content\/uploads\/2022\/04\/piorno-719x1024.jpg\" alt=\"\" class=\"wp-image-56207\" srcset=\"https:\/\/vocesdelacomuna15.com.ar\/wp-content\/uploads\/2022\/04\/piorno-719x1024.jpg 719w, https:\/\/vocesdelacomuna15.com.ar\/wp-content\/uploads\/2022\/04\/piorno-211x300.jpg 211w, https:\/\/vocesdelacomuna15.com.ar\/wp-content\/uploads\/2022\/04\/piorno-768x1093.jpg 768w, https:\/\/vocesdelacomuna15.com.ar\/wp-content\/uploads\/2022\/04\/piorno-1079x1536.jpg 1079w, https:\/\/vocesdelacomuna15.com.ar\/wp-content\/uploads\/2022\/04\/piorno-1080x1537.jpg 1080w, https:\/\/vocesdelacomuna15.com.ar\/wp-content\/uploads\/2022\/04\/piorno-600x854.jpg 600w, https:\/\/vocesdelacomuna15.com.ar\/wp-content\/uploads\/2022\/04\/piorno.jpg 1200w\" sizes=\"(max-width: 719px) 100vw, 719px\" \/><figcaption>Arriba, Javier Piorno posa en el mostrador del Boliche <em>&#8220;LO DE BOCHA&#8221;. <\/em>Abajo,&nbsp;los reseros&nbsp;Rub\u00e9n y Dar\u00edo D\u00edaz, &nbsp;padre e hijo, se toman unas gaseosas luego de una jornada laboral. 26\/11\/2021. Foto: Ezequiel Semo.<\/figcaption><\/figure>\n\n\n\n<p>Javier me cont\u00f3:<\/p>\n\n\n\n<p>&#8220;El boliche lo empez\u00f3 mi abuelo hace much\u00edsimos a\u00f1os. Primero arranc\u00f3 con la bici, que era un triciclo grande, y \u00e9l cocinaba los codillos de cerdo. Lo hac\u00eda en una olla, ten\u00eda la garrafita, todo\u2026 Le sacaba la carne y hac\u00eda s\u00e1ndwiches de codillo de cerdo. Iba por ah\u00ed, dentro del mercado, vendiendo. Y despu\u00e9s, un d\u00eda, lo topo un animal, le tiro todo y ah\u00ed lo vio Benito Pujol, que es el de la casilla, de la consignataria Pujol y le dio un lugar, que es donde estamos nosotros ahora. Hasta el d\u00eda de hoy. Mi abuelo era Enrique Piorno y Pujol le dio este lugar. Y ac\u00e1 empez\u00f3 vendiendo s\u00e1ndwiches de fiambre con gaseosas. Despu\u00e9s m\u00e1s o menos a los doce a\u00f1os empez\u00f3 mi viejo con \u00e9l y un t\u00edo m\u00edo, el hermano de mi pap\u00e1. Mi viejo se llama Enrique Piorno tambi\u00e9n, y trabaj\u00f3 &nbsp;hasta casi jubilarse. Hasta los setenta a\u00f1os m\u00e1s o menos, y dej\u00f3 de venir. M\u00e1s o menos en el 90 y pico ingresan mis hermanos. Ariel y Miguel Piorno, ellos trabajaron ac\u00e1 vendiendo s\u00e1ndwiches, gaseosas y cerveza. En el 96 mi viejo empez\u00f3 con la parrilla. Vendi\u00f3 matambre, vac\u00edo y chorizo hasta m\u00e1s o menos el a\u00f1o 2020, que yo dej\u00e9 de hacer por la merma de gente, la merma de entrada. Yo arranqu\u00e9 en el boliche m\u00e1s o menos en el 99, ven\u00eda a la ma\u00f1ana al mercado y despu\u00e9s termin\u00e9 el secundario en turno noche. Todos tuvimos vaivenes, nos hemos ido a trabajar a otros lados pero bueno, siempre volvimos&#8221;.<\/p>\n\n\n\n<figure class=\"wp-block-image size-large\"><img loading=\"lazy\" decoding=\"async\" width=\"1024\" height=\"683\" src=\"http:\/\/vocesdelacomuna15.com.ar\/wordpress\/wp-content\/uploads\/2022\/04\/diazc-1-1024x683.jpg\" alt=\"\" class=\"wp-image-56202\" srcset=\"https:\/\/vocesdelacomuna15.com.ar\/wp-content\/uploads\/2022\/04\/diazc-1-1024x683.jpg 1024w, https:\/\/vocesdelacomuna15.com.ar\/wp-content\/uploads\/2022\/04\/diazc-1-300x200.jpg 300w, https:\/\/vocesdelacomuna15.com.ar\/wp-content\/uploads\/2022\/04\/diazc-1-768x512.jpg 768w, https:\/\/vocesdelacomuna15.com.ar\/wp-content\/uploads\/2022\/04\/diazc-1-1536x1024.jpg 1536w, https:\/\/vocesdelacomuna15.com.ar\/wp-content\/uploads\/2022\/04\/diazc-1-1080x720.jpg 1080w, https:\/\/vocesdelacomuna15.com.ar\/wp-content\/uploads\/2022\/04\/diazc-1-600x400.jpg 600w, https:\/\/vocesdelacomuna15.com.ar\/wp-content\/uploads\/2022\/04\/diazc-1.jpg 1800w\" sizes=\"(max-width: 1024px) 100vw, 1024px\" \/><figcaption>Rub\u00e9n &#8220;El linyera&#8221; Diaz arrea dos toros Angus hacia la balanza. Sector Gananor Pujol. 26\/11\/2022<\/figcaption><\/figure>\n\n\n\n<p><strong><u>La furia de los toros <\/u><\/strong>&nbsp;<\/p>\n\n\n\n<p>Vaquillonas, novillos, vacas lecheras, toros y hasta b\u00fafalos de agua. En mis visitas al mercado quise tambi\u00e9n documentar a los animales. Registrar a los que pod\u00eda, preguntar sobre ellos. De su existencia, de &nbsp;ellos, luego no queda absolutamente nada. El ganado (Primero bovino, porcino y ovino, hoy solo bovino) es otra gran parte de la historia del mercado: su procedencia de distintos puntos del pa\u00eds, su relaci\u00f3n con los reseros, su olor, las mosquitas que vienen con ellos, la sorpresa al ver alguno astado, las miradas, las pesta\u00f1as, los torpes resbalones, su suerte. <\/p>\n\n\n\n<figure class=\"wp-block-image size-large\"><img loading=\"lazy\" decoding=\"async\" width=\"683\" height=\"1024\" src=\"http:\/\/vocesdelacomuna15.com.ar\/wordpress\/wp-content\/uploads\/2022\/04\/angus-683x1024.jpg\" alt=\"\" class=\"wp-image-56206\" srcset=\"https:\/\/vocesdelacomuna15.com.ar\/wp-content\/uploads\/2022\/04\/angus-683x1024.jpg 683w, https:\/\/vocesdelacomuna15.com.ar\/wp-content\/uploads\/2022\/04\/angus-200x300.jpg 200w, https:\/\/vocesdelacomuna15.com.ar\/wp-content\/uploads\/2022\/04\/angus-768x1152.jpg 768w, https:\/\/vocesdelacomuna15.com.ar\/wp-content\/uploads\/2022\/04\/angus-1024x1536.jpg 1024w, https:\/\/vocesdelacomuna15.com.ar\/wp-content\/uploads\/2022\/04\/angus-1080x1620.jpg 1080w, https:\/\/vocesdelacomuna15.com.ar\/wp-content\/uploads\/2022\/04\/angus-600x900.jpg 600w, https:\/\/vocesdelacomuna15.com.ar\/wp-content\/uploads\/2022\/04\/angus.jpg 1200w\" sizes=\"(max-width: 683px) 100vw, 683px\" \/><figcaption>Toros Angus.&nbsp;Uno de ellos hab\u00eda roto el corral N\u00b021 la madrugada del 26 de noviembre de 2021. Foto: Ezequiel Semo<\/figcaption><\/figure>\n\n\n\n<p>En mi cuarta visita fotografi\u00e9 a dos toros, si no me equivoco Angus. Uno de ellos hab\u00eda roto el corral N\u00b0 21 la madrugada del 26 de noviembre de 2021. Sector Gananor- Pujol.<\/p>\n\n\n\n<figure class=\"wp-block-image size-large\"><img loading=\"lazy\" decoding=\"async\" width=\"1024\" height=\"683\" src=\"http:\/\/vocesdelacomuna15.com.ar\/wordpress\/wp-content\/uploads\/2022\/04\/asise-1024x683.jpg\" alt=\"\" class=\"wp-image-56204\" srcset=\"https:\/\/vocesdelacomuna15.com.ar\/wp-content\/uploads\/2022\/04\/asise-1024x683.jpg 1024w, https:\/\/vocesdelacomuna15.com.ar\/wp-content\/uploads\/2022\/04\/asise-300x200.jpg 300w, https:\/\/vocesdelacomuna15.com.ar\/wp-content\/uploads\/2022\/04\/asise-768x512.jpg 768w, https:\/\/vocesdelacomuna15.com.ar\/wp-content\/uploads\/2022\/04\/asise-1536x1024.jpg 1536w, https:\/\/vocesdelacomuna15.com.ar\/wp-content\/uploads\/2022\/04\/asise-1080x720.jpg 1080w, https:\/\/vocesdelacomuna15.com.ar\/wp-content\/uploads\/2022\/04\/asise-600x400.jpg 600w, https:\/\/vocesdelacomuna15.com.ar\/wp-content\/uploads\/2022\/04\/asise.jpg 1800w\" sizes=\"(max-width: 1024px) 100vw, 1024px\" \/><figcaption>Adolfo &#8220;Chiquito&#8221; Asis. 27\/08\/2021<\/figcaption><\/figure>\n\n\n\n<p><strong>Agradecimiento:<\/strong> Al periodista Matias Longoni, a Eduardo Crouzel Gerente del CCPP, a Laura Ford y Ram\u00f3n G\u00f3mez, a los gauchos del asfalto Facundo Denegri, Rub\u00e9n y Dar\u00edo D\u00edaz, \u00c1ngel Gonz\u00e1lez, Adolfo \u201cChiquito\u201d Asis, Flia. Vilaro y David Badolato, a la banda del atracadero y a los trabajadores de la oficina de atracaderos. A Gustavo Salvini, quien trabaj\u00f3 entre 1959 y 1972 en la estaci\u00f3n Mataderos del FCDFS.<\/p>\n\n\n\n<figure class=\"wp-block-image size-large\"><img loading=\"lazy\" decoding=\"async\" width=\"1024\" height=\"683\" src=\"http:\/\/vocesdelacomuna15.com.ar\/wordpress\/wp-content\/uploads\/2022\/04\/denegrib-1024x683.jpg\" alt=\"\" class=\"wp-image-56200\" srcset=\"https:\/\/vocesdelacomuna15.com.ar\/wp-content\/uploads\/2022\/04\/denegrib-1024x683.jpg 1024w, https:\/\/vocesdelacomuna15.com.ar\/wp-content\/uploads\/2022\/04\/denegrib-300x200.jpg 300w, https:\/\/vocesdelacomuna15.com.ar\/wp-content\/uploads\/2022\/04\/denegrib-768x512.jpg 768w, https:\/\/vocesdelacomuna15.com.ar\/wp-content\/uploads\/2022\/04\/denegrib-1536x1024.jpg 1536w, https:\/\/vocesdelacomuna15.com.ar\/wp-content\/uploads\/2022\/04\/denegrib-1080x720.jpg 1080w, https:\/\/vocesdelacomuna15.com.ar\/wp-content\/uploads\/2022\/04\/denegrib-600x400.jpg 600w, https:\/\/vocesdelacomuna15.com.ar\/wp-content\/uploads\/2022\/04\/denegrib.jpg 1800w\" sizes=\"(max-width: 1024px) 100vw, 1024px\" \/><figcaption>El resero Facundo Denegri. en su casila 05\/04\/2022<\/figcaption><\/figure>\n\n\n\n<p><strong>Ezequiel Semo es artista visual, investigador. Accion\u00f3 quince a\u00f1os en el proyecto art\u00edstico ABTE &#8211; Agrupaci\u00f3n Boletos Tipo Edmondson-. Es fundador del Archivo Textil Ferroviario. Lo encuentran en las redes: Ezequiel Semo en FB e IG y No <em>demuelan la estaci\u00f3n La paternal<\/em> en FB. Contacto: ezequielsemo@gmail.com<\/strong><\/p>\n\n\n\n<p><strong>Epigrafe correspondiente a la foto de portada:<\/strong> Llevando la hacienda ya vendida por una de las avenidas o mangas a uno de los atracaderos<\/p>\n\n\n\n<p>Caracteres: 6.239<\/p>\n<div class=\"pvc_clear\"><\/div><p id=\"pvc_stats_56197\" class=\"pvc_stats all  \" data-element-id=\"56197\" style=\"\"><i class=\"pvc-stats-icon small\" aria-hidden=\"true\"><svg aria-hidden=\"true\" focusable=\"false\" data-prefix=\"far\" data-icon=\"chart-bar\" role=\"img\" xmlns=\"http:\/\/www.w3.org\/2000\/svg\" viewBox=\"0 0 512 512\" class=\"svg-inline--fa fa-chart-bar fa-w-16 fa-2x\"><path fill=\"currentColor\" d=\"M396.8 352h22.4c6.4 0 12.8-6.4 12.8-12.8V108.8c0-6.4-6.4-12.8-12.8-12.8h-22.4c-6.4 0-12.8 6.4-12.8 12.8v230.4c0 6.4 6.4 12.8 12.8 12.8zm-192 0h22.4c6.4 0 12.8-6.4 12.8-12.8V140.8c0-6.4-6.4-12.8-12.8-12.8h-22.4c-6.4 0-12.8 6.4-12.8 12.8v198.4c0 6.4 6.4 12.8 12.8 12.8zm96 0h22.4c6.4 0 12.8-6.4 12.8-12.8V204.8c0-6.4-6.4-12.8-12.8-12.8h-22.4c-6.4 0-12.8 6.4-12.8 12.8v134.4c0 6.4 6.4 12.8 12.8 12.8zM496 400H48V80c0-8.84-7.16-16-16-16H16C7.16 64 0 71.16 0 80v336c0 17.67 14.33 32 32 32h464c8.84 0 16-7.16 16-16v-16c0-8.84-7.16-16-16-16zm-387.2-48h22.4c6.4 0 12.8-6.4 12.8-12.8v-70.4c0-6.4-6.4-12.8-12.8-12.8h-22.4c-6.4 0-12.8 6.4-12.8 12.8v70.4c0 6.4 6.4 12.8 12.8 12.8z\" class=\"\"><\/path><\/svg><\/i> <img loading=\"lazy\" decoding=\"async\" width=\"16\" height=\"16\" alt=\"Loading\" src=\"https:\/\/vocesdelacomuna15.com.ar\/wp-content\/plugins\/page-views-count\/ajax-loader-2x.gif\" border=0 \/><\/p><div class=\"pvc_clear\"><\/div>","protected":false},"excerpt":{"rendered":"<p>Fuente: Peri\u00f3dico Voces de la Comuna 15 (Por Ezequiel Semo) \u201c(&#8230;) da tono de actualidad e inter\u00e9s a una visita por aquel mundo pintoresco y extra\u00f1o, que (&#8230;) se agita y act\u00faa en el vasto per\u00edmetro de los Corrales, que van pronto a pasar, como otras cosas t\u00edpicas del Buenos Aires antiguo, a la categor\u00eda [&hellip;]<\/p>\n<div class=\"pvc_clear\"><\/div>\n<p id=\"pvc_stats_56197\" class=\"pvc_stats all  \" data-element-id=\"56197\" style=\"\"><i class=\"pvc-stats-icon small\" aria-hidden=\"true\"><svg aria-hidden=\"true\" focusable=\"false\" data-prefix=\"far\" data-icon=\"chart-bar\" role=\"img\" xmlns=\"http:\/\/www.w3.org\/2000\/svg\" viewBox=\"0 0 512 512\" class=\"svg-inline--fa fa-chart-bar fa-w-16 fa-2x\"><path fill=\"currentColor\" d=\"M396.8 352h22.4c6.4 0 12.8-6.4 12.8-12.8V108.8c0-6.4-6.4-12.8-12.8-12.8h-22.4c-6.4 0-12.8 6.4-12.8 12.8v230.4c0 6.4 6.4 12.8 12.8 12.8zm-192 0h22.4c6.4 0 12.8-6.4 12.8-12.8V140.8c0-6.4-6.4-12.8-12.8-12.8h-22.4c-6.4 0-12.8 6.4-12.8 12.8v198.4c0 6.4 6.4 12.8 12.8 12.8zm96 0h22.4c6.4 0 12.8-6.4 12.8-12.8V204.8c0-6.4-6.4-12.8-12.8-12.8h-22.4c-6.4 0-12.8 6.4-12.8 12.8v134.4c0 6.4 6.4 12.8 12.8 12.8zM496 400H48V80c0-8.84-7.16-16-16-16H16C7.16 64 0 71.16 0 80v336c0 17.67 14.33 32 32 32h464c8.84 0 16-7.16 16-16v-16c0-8.84-7.16-16-16-16zm-387.2-48h22.4c6.4 0 12.8-6.4 12.8-12.8v-70.4c0-6.4-6.4-12.8-12.8-12.8h-22.4c-6.4 0-12.8 6.4-12.8 12.8v70.4c0 6.4 6.4 12.8 12.8 12.8z\" class=\"\"><\/path><\/svg><\/i> <img loading=\"lazy\" decoding=\"async\" width=\"16\" height=\"16\" alt=\"Loading\" src=\"https:\/\/vocesdelacomuna15.com.ar\/wp-content\/plugins\/page-views-count\/ajax-loader-2x.gif\" border=0 \/><\/p>\n<div class=\"pvc_clear\"><\/div>\n","protected":false},"author":2,"featured_media":56211,"comment_status":"open","ping_status":"open","sticky":false,"template":"","format":"standard","meta":{"_et_pb_use_builder":"","_et_pb_old_content":"","_et_gb_content_width":"","footnotes":""},"categories":[26,29],"tags":[],"class_list":["post-56197","post","type-post","status-publish","format-standard","has-post-thumbnail","hentry","category-ciudad","category-lapa","et-has-post-format-content","et_post_format-et-post-format-standard"],"a3_pvc":{"activated":true,"total_views":538,"today_views":0},"yoast_head":"<!-- This site is optimized with the Yoast SEO plugin v27.5 - https:\/\/yoast.com\/product\/yoast-seo-wordpress\/ -->\n<title>De La Paternal a Mataderos. Contemplando el final del Mercado de Hacienda de Liniers - Voces de la Comuna 15<\/title>\n<meta name=\"description\" content=\"Voces de la Comuna 15\" \/>\n<meta name=\"robots\" content=\"index, follow, max-snippet:-1, max-image-preview:large, max-video-preview:-1\" \/>\n<link rel=\"canonical\" href=\"https:\/\/vocesdelacomuna15.com.ar\/press\/de-la-paternal-a-mataderos-contemplando-el-final-del-mercado-de-hacienda-de-liniers\/\" \/>\n<meta property=\"og:locale\" content=\"es_ES\" \/>\n<meta property=\"og:type\" content=\"article\" \/>\n<meta property=\"og:title\" content=\"De La Paternal a Mataderos. Contemplando el final del Mercado de Hacienda de Liniers - Voces de la Comuna 15\" \/>\n<meta property=\"og:description\" content=\"Voces de la Comuna 15\" \/>\n<meta property=\"og:url\" content=\"https:\/\/vocesdelacomuna15.com.ar\/press\/de-la-paternal-a-mataderos-contemplando-el-final-del-mercado-de-hacienda-de-liniers\/\" \/>\n<meta property=\"og:site_name\" content=\"Voces de la Comuna 15\" \/>\n<meta property=\"article:publisher\" content=\"https:\/\/www.facebook.com\/VocesComuna15\/\" \/>\n<meta property=\"article:published_time\" content=\"2022-04-25T03:47:00+00:00\" \/>\n<meta property=\"article:modified_time\" content=\"2022-04-26T02:46:36+00:00\" \/>\n<meta property=\"og:image\" content=\"https:\/\/vocesdelacomuna15.com.ar\/wp-content\/uploads\/2022\/04\/haciendared.png\" \/>\n\t<meta property=\"og:image:width\" content=\"520\" \/>\n\t<meta property=\"og:image:height\" content=\"612\" \/>\n\t<meta property=\"og:image:type\" content=\"image\/png\" \/>\n<meta name=\"author\" content=\"Federico Arguto\" \/>\n<meta name=\"twitter:card\" content=\"summary_large_image\" \/>\n<meta name=\"twitter:creator\" content=\"@vocescomuna15\" \/>\n<meta name=\"twitter:site\" content=\"@vocescomuna15\" \/>\n<meta name=\"twitter:label1\" content=\"Escrito por\" \/>\n\t<meta name=\"twitter:data1\" content=\"Federico Arguto\" \/>\n\t<meta name=\"twitter:label2\" content=\"Tiempo de lectura\" \/>\n\t<meta name=\"twitter:data2\" content=\"7 minutos\" \/>\n<script type=\"application\/ld+json\" class=\"yoast-schema-graph\">{\"@context\":\"https:\\\/\\\/schema.org\",\"@graph\":[{\"@type\":\"Article\",\"@id\":\"https:\\\/\\\/vocesdelacomuna15.com.ar\\\/press\\\/de-la-paternal-a-mataderos-contemplando-el-final-del-mercado-de-hacienda-de-liniers\\\/#article\",\"isPartOf\":{\"@id\":\"https:\\\/\\\/vocesdelacomuna15.com.ar\\\/press\\\/de-la-paternal-a-mataderos-contemplando-el-final-del-mercado-de-hacienda-de-liniers\\\/\"},\"author\":{\"name\":\"Federico Arguto\",\"@id\":\"https:\\\/\\\/vocesdelacomuna15.com.ar\\\/press\\\/#\\\/schema\\\/person\\\/4739e109db25d799cd3d139eeb509e43\"},\"headline\":\"De La Paternal a Mataderos. Contemplando el final del Mercado de Hacienda de Liniers\",\"datePublished\":\"2022-04-25T03:47:00+00:00\",\"dateModified\":\"2022-04-26T02:46:36+00:00\",\"mainEntityOfPage\":{\"@id\":\"https:\\\/\\\/vocesdelacomuna15.com.ar\\\/press\\\/de-la-paternal-a-mataderos-contemplando-el-final-del-mercado-de-hacienda-de-liniers\\\/\"},\"wordCount\":1456,\"commentCount\":0,\"publisher\":{\"@id\":\"https:\\\/\\\/vocesdelacomuna15.com.ar\\\/press\\\/#organization\"},\"image\":{\"@id\":\"https:\\\/\\\/vocesdelacomuna15.com.ar\\\/press\\\/de-la-paternal-a-mataderos-contemplando-el-final-del-mercado-de-hacienda-de-liniers\\\/#primaryimage\"},\"thumbnailUrl\":\"https:\\\/\\\/vocesdelacomuna15.com.ar\\\/wp-content\\\/uploads\\\/2022\\\/04\\\/haciendared.png\",\"articleSection\":[\"Ciudad\",\"La Paternal\"],\"inLanguage\":\"es-AR\",\"potentialAction\":[{\"@type\":\"CommentAction\",\"name\":\"Comment\",\"target\":[\"https:\\\/\\\/vocesdelacomuna15.com.ar\\\/press\\\/de-la-paternal-a-mataderos-contemplando-el-final-del-mercado-de-hacienda-de-liniers\\\/#respond\"]}]},{\"@type\":\"WebPage\",\"@id\":\"https:\\\/\\\/vocesdelacomuna15.com.ar\\\/press\\\/de-la-paternal-a-mataderos-contemplando-el-final-del-mercado-de-hacienda-de-liniers\\\/\",\"url\":\"https:\\\/\\\/vocesdelacomuna15.com.ar\\\/press\\\/de-la-paternal-a-mataderos-contemplando-el-final-del-mercado-de-hacienda-de-liniers\\\/\",\"name\":\"De La Paternal a Mataderos. Contemplando el final del Mercado de Hacienda de Liniers - Voces de la Comuna 15\",\"isPartOf\":{\"@id\":\"https:\\\/\\\/vocesdelacomuna15.com.ar\\\/press\\\/#website\"},\"primaryImageOfPage\":{\"@id\":\"https:\\\/\\\/vocesdelacomuna15.com.ar\\\/press\\\/de-la-paternal-a-mataderos-contemplando-el-final-del-mercado-de-hacienda-de-liniers\\\/#primaryimage\"},\"image\":{\"@id\":\"https:\\\/\\\/vocesdelacomuna15.com.ar\\\/press\\\/de-la-paternal-a-mataderos-contemplando-el-final-del-mercado-de-hacienda-de-liniers\\\/#primaryimage\"},\"thumbnailUrl\":\"https:\\\/\\\/vocesdelacomuna15.com.ar\\\/wp-content\\\/uploads\\\/2022\\\/04\\\/haciendared.png\",\"datePublished\":\"2022-04-25T03:47:00+00:00\",\"dateModified\":\"2022-04-26T02:46:36+00:00\",\"description\":\"Voces de la Comuna 15\",\"breadcrumb\":{\"@id\":\"https:\\\/\\\/vocesdelacomuna15.com.ar\\\/press\\\/de-la-paternal-a-mataderos-contemplando-el-final-del-mercado-de-hacienda-de-liniers\\\/#breadcrumb\"},\"inLanguage\":\"es-AR\",\"potentialAction\":[{\"@type\":\"ReadAction\",\"target\":[\"https:\\\/\\\/vocesdelacomuna15.com.ar\\\/press\\\/de-la-paternal-a-mataderos-contemplando-el-final-del-mercado-de-hacienda-de-liniers\\\/\"]}]},{\"@type\":\"ImageObject\",\"inLanguage\":\"es-AR\",\"@id\":\"https:\\\/\\\/vocesdelacomuna15.com.ar\\\/press\\\/de-la-paternal-a-mataderos-contemplando-el-final-del-mercado-de-hacienda-de-liniers\\\/#primaryimage\",\"url\":\"https:\\\/\\\/vocesdelacomuna15.com.ar\\\/wp-content\\\/uploads\\\/2022\\\/04\\\/haciendared.png\",\"contentUrl\":\"https:\\\/\\\/vocesdelacomuna15.com.ar\\\/wp-content\\\/uploads\\\/2022\\\/04\\\/haciendared.png\",\"width\":520,\"height\":612},{\"@type\":\"BreadcrumbList\",\"@id\":\"https:\\\/\\\/vocesdelacomuna15.com.ar\\\/press\\\/de-la-paternal-a-mataderos-contemplando-el-final-del-mercado-de-hacienda-de-liniers\\\/#breadcrumb\",\"itemListElement\":[{\"@type\":\"ListItem\",\"position\":1,\"name\":\"Inicio\",\"item\":\"https:\\\/\\\/vocesdelacomuna15.com.ar\\\/press\\\/\"},{\"@type\":\"ListItem\",\"position\":2,\"name\":\"De La Paternal a Mataderos. Contemplando el final del Mercado de Hacienda de Liniers\"}]},{\"@type\":\"WebSite\",\"@id\":\"https:\\\/\\\/vocesdelacomuna15.com.ar\\\/press\\\/#website\",\"url\":\"https:\\\/\\\/vocesdelacomuna15.com.ar\\\/press\\\/\",\"name\":\"Voces de la Comuna 15\",\"description\":\"Sitio web de noticias\",\"publisher\":{\"@id\":\"https:\\\/\\\/vocesdelacomuna15.com.ar\\\/press\\\/#organization\"},\"potentialAction\":[{\"@type\":\"SearchAction\",\"target\":{\"@type\":\"EntryPoint\",\"urlTemplate\":\"https:\\\/\\\/vocesdelacomuna15.com.ar\\\/press\\\/?s={search_term_string}\"},\"query-input\":{\"@type\":\"PropertyValueSpecification\",\"valueRequired\":true,\"valueName\":\"search_term_string\"}}],\"inLanguage\":\"es-AR\"},{\"@type\":\"Organization\",\"@id\":\"https:\\\/\\\/vocesdelacomuna15.com.ar\\\/press\\\/#organization\",\"name\":\"Voces de la Comuna 15\",\"url\":\"https:\\\/\\\/vocesdelacomuna15.com.ar\\\/press\\\/\",\"logo\":{\"@type\":\"ImageObject\",\"inLanguage\":\"es-AR\",\"@id\":\"https:\\\/\\\/vocesdelacomuna15.com.ar\\\/press\\\/#\\\/schema\\\/logo\\\/image\\\/\",\"url\":\"https:\\\/\\\/vocesdelacomuna15.com.ar\\\/wp-content\\\/uploads\\\/2024\\\/12\\\/cropped-logo_voces.jpg\",\"contentUrl\":\"https:\\\/\\\/vocesdelacomuna15.com.ar\\\/wp-content\\\/uploads\\\/2024\\\/12\\\/cropped-logo_voces.jpg\",\"width\":512,\"height\":512,\"caption\":\"Voces de la Comuna 15\"},\"image\":{\"@id\":\"https:\\\/\\\/vocesdelacomuna15.com.ar\\\/press\\\/#\\\/schema\\\/logo\\\/image\\\/\"},\"sameAs\":[\"https:\\\/\\\/www.facebook.com\\\/VocesComuna15\\\/\",\"https:\\\/\\\/x.com\\\/vocescomuna15\"]},{\"@type\":\"Person\",\"@id\":\"https:\\\/\\\/vocesdelacomuna15.com.ar\\\/press\\\/#\\\/schema\\\/person\\\/4739e109db25d799cd3d139eeb509e43\",\"name\":\"Federico Arguto\",\"image\":{\"@type\":\"ImageObject\",\"inLanguage\":\"es-AR\",\"@id\":\"https:\\\/\\\/vocesdelacomuna15.com.ar\\\/wp-content\\\/litespeed\\\/avatar\\\/82faf979976f1bae889b8b71f8a0a7e5.jpg?ver=1777419741\",\"url\":\"https:\\\/\\\/vocesdelacomuna15.com.ar\\\/wp-content\\\/litespeed\\\/avatar\\\/82faf979976f1bae889b8b71f8a0a7e5.jpg?ver=1777419741\",\"contentUrl\":\"https:\\\/\\\/vocesdelacomuna15.com.ar\\\/wp-content\\\/litespeed\\\/avatar\\\/82faf979976f1bae889b8b71f8a0a7e5.jpg?ver=1777419741\",\"caption\":\"Federico Arguto\"},\"url\":\"https:\\\/\\\/vocesdelacomuna15.com.ar\\\/press\\\/author\\\/fede\\\/\"}]}<\/script>\n<!-- \/ Yoast SEO plugin. -->","yoast_head_json":{"title":"De La Paternal a Mataderos. Contemplando el final del Mercado de Hacienda de Liniers - Voces de la Comuna 15","description":"Voces de la Comuna 15","robots":{"index":"index","follow":"follow","max-snippet":"max-snippet:-1","max-image-preview":"max-image-preview:large","max-video-preview":"max-video-preview:-1"},"canonical":"https:\/\/vocesdelacomuna15.com.ar\/press\/de-la-paternal-a-mataderos-contemplando-el-final-del-mercado-de-hacienda-de-liniers\/","og_locale":"es_ES","og_type":"article","og_title":"De La Paternal a Mataderos. Contemplando el final del Mercado de Hacienda de Liniers - Voces de la Comuna 15","og_description":"Voces de la Comuna 15","og_url":"https:\/\/vocesdelacomuna15.com.ar\/press\/de-la-paternal-a-mataderos-contemplando-el-final-del-mercado-de-hacienda-de-liniers\/","og_site_name":"Voces de la Comuna 15","article_publisher":"https:\/\/www.facebook.com\/VocesComuna15\/","article_published_time":"2022-04-25T03:47:00+00:00","article_modified_time":"2022-04-26T02:46:36+00:00","og_image":[{"width":520,"height":612,"url":"https:\/\/vocesdelacomuna15.com.ar\/wp-content\/uploads\/2022\/04\/haciendared.png","type":"image\/png"}],"author":"Federico Arguto","twitter_card":"summary_large_image","twitter_creator":"@vocescomuna15","twitter_site":"@vocescomuna15","twitter_misc":{"Escrito por":"Federico Arguto","Tiempo de lectura":"7 minutos"},"schema":{"@context":"https:\/\/schema.org","@graph":[{"@type":"Article","@id":"https:\/\/vocesdelacomuna15.com.ar\/press\/de-la-paternal-a-mataderos-contemplando-el-final-del-mercado-de-hacienda-de-liniers\/#article","isPartOf":{"@id":"https:\/\/vocesdelacomuna15.com.ar\/press\/de-la-paternal-a-mataderos-contemplando-el-final-del-mercado-de-hacienda-de-liniers\/"},"author":{"name":"Federico Arguto","@id":"https:\/\/vocesdelacomuna15.com.ar\/press\/#\/schema\/person\/4739e109db25d799cd3d139eeb509e43"},"headline":"De La Paternal a Mataderos. Contemplando el final del Mercado de Hacienda de Liniers","datePublished":"2022-04-25T03:47:00+00:00","dateModified":"2022-04-26T02:46:36+00:00","mainEntityOfPage":{"@id":"https:\/\/vocesdelacomuna15.com.ar\/press\/de-la-paternal-a-mataderos-contemplando-el-final-del-mercado-de-hacienda-de-liniers\/"},"wordCount":1456,"commentCount":0,"publisher":{"@id":"https:\/\/vocesdelacomuna15.com.ar\/press\/#organization"},"image":{"@id":"https:\/\/vocesdelacomuna15.com.ar\/press\/de-la-paternal-a-mataderos-contemplando-el-final-del-mercado-de-hacienda-de-liniers\/#primaryimage"},"thumbnailUrl":"https:\/\/vocesdelacomuna15.com.ar\/wp-content\/uploads\/2022\/04\/haciendared.png","articleSection":["Ciudad","La Paternal"],"inLanguage":"es-AR","potentialAction":[{"@type":"CommentAction","name":"Comment","target":["https:\/\/vocesdelacomuna15.com.ar\/press\/de-la-paternal-a-mataderos-contemplando-el-final-del-mercado-de-hacienda-de-liniers\/#respond"]}]},{"@type":"WebPage","@id":"https:\/\/vocesdelacomuna15.com.ar\/press\/de-la-paternal-a-mataderos-contemplando-el-final-del-mercado-de-hacienda-de-liniers\/","url":"https:\/\/vocesdelacomuna15.com.ar\/press\/de-la-paternal-a-mataderos-contemplando-el-final-del-mercado-de-hacienda-de-liniers\/","name":"De La Paternal a Mataderos. Contemplando el final del Mercado de Hacienda de Liniers - Voces de la Comuna 15","isPartOf":{"@id":"https:\/\/vocesdelacomuna15.com.ar\/press\/#website"},"primaryImageOfPage":{"@id":"https:\/\/vocesdelacomuna15.com.ar\/press\/de-la-paternal-a-mataderos-contemplando-el-final-del-mercado-de-hacienda-de-liniers\/#primaryimage"},"image":{"@id":"https:\/\/vocesdelacomuna15.com.ar\/press\/de-la-paternal-a-mataderos-contemplando-el-final-del-mercado-de-hacienda-de-liniers\/#primaryimage"},"thumbnailUrl":"https:\/\/vocesdelacomuna15.com.ar\/wp-content\/uploads\/2022\/04\/haciendared.png","datePublished":"2022-04-25T03:47:00+00:00","dateModified":"2022-04-26T02:46:36+00:00","description":"Voces de la Comuna 15","breadcrumb":{"@id":"https:\/\/vocesdelacomuna15.com.ar\/press\/de-la-paternal-a-mataderos-contemplando-el-final-del-mercado-de-hacienda-de-liniers\/#breadcrumb"},"inLanguage":"es-AR","potentialAction":[{"@type":"ReadAction","target":["https:\/\/vocesdelacomuna15.com.ar\/press\/de-la-paternal-a-mataderos-contemplando-el-final-del-mercado-de-hacienda-de-liniers\/"]}]},{"@type":"ImageObject","inLanguage":"es-AR","@id":"https:\/\/vocesdelacomuna15.com.ar\/press\/de-la-paternal-a-mataderos-contemplando-el-final-del-mercado-de-hacienda-de-liniers\/#primaryimage","url":"https:\/\/vocesdelacomuna15.com.ar\/wp-content\/uploads\/2022\/04\/haciendared.png","contentUrl":"https:\/\/vocesdelacomuna15.com.ar\/wp-content\/uploads\/2022\/04\/haciendared.png","width":520,"height":612},{"@type":"BreadcrumbList","@id":"https:\/\/vocesdelacomuna15.com.ar\/press\/de-la-paternal-a-mataderos-contemplando-el-final-del-mercado-de-hacienda-de-liniers\/#breadcrumb","itemListElement":[{"@type":"ListItem","position":1,"name":"Inicio","item":"https:\/\/vocesdelacomuna15.com.ar\/press\/"},{"@type":"ListItem","position":2,"name":"De La Paternal a Mataderos. Contemplando el final del Mercado de Hacienda de Liniers"}]},{"@type":"WebSite","@id":"https:\/\/vocesdelacomuna15.com.ar\/press\/#website","url":"https:\/\/vocesdelacomuna15.com.ar\/press\/","name":"Voces de la Comuna 15","description":"Sitio web de noticias","publisher":{"@id":"https:\/\/vocesdelacomuna15.com.ar\/press\/#organization"},"potentialAction":[{"@type":"SearchAction","target":{"@type":"EntryPoint","urlTemplate":"https:\/\/vocesdelacomuna15.com.ar\/press\/?s={search_term_string}"},"query-input":{"@type":"PropertyValueSpecification","valueRequired":true,"valueName":"search_term_string"}}],"inLanguage":"es-AR"},{"@type":"Organization","@id":"https:\/\/vocesdelacomuna15.com.ar\/press\/#organization","name":"Voces de la Comuna 15","url":"https:\/\/vocesdelacomuna15.com.ar\/press\/","logo":{"@type":"ImageObject","inLanguage":"es-AR","@id":"https:\/\/vocesdelacomuna15.com.ar\/press\/#\/schema\/logo\/image\/","url":"https:\/\/vocesdelacomuna15.com.ar\/wp-content\/uploads\/2024\/12\/cropped-logo_voces.jpg","contentUrl":"https:\/\/vocesdelacomuna15.com.ar\/wp-content\/uploads\/2024\/12\/cropped-logo_voces.jpg","width":512,"height":512,"caption":"Voces de la Comuna 15"},"image":{"@id":"https:\/\/vocesdelacomuna15.com.ar\/press\/#\/schema\/logo\/image\/"},"sameAs":["https:\/\/www.facebook.com\/VocesComuna15\/","https:\/\/x.com\/vocescomuna15"]},{"@type":"Person","@id":"https:\/\/vocesdelacomuna15.com.ar\/press\/#\/schema\/person\/4739e109db25d799cd3d139eeb509e43","name":"Federico Arguto","image":{"@type":"ImageObject","inLanguage":"es-AR","@id":"https:\/\/vocesdelacomuna15.com.ar\/wp-content\/litespeed\/avatar\/82faf979976f1bae889b8b71f8a0a7e5.jpg?ver=1777419741","url":"https:\/\/vocesdelacomuna15.com.ar\/wp-content\/litespeed\/avatar\/82faf979976f1bae889b8b71f8a0a7e5.jpg?ver=1777419741","contentUrl":"https:\/\/vocesdelacomuna15.com.ar\/wp-content\/litespeed\/avatar\/82faf979976f1bae889b8b71f8a0a7e5.jpg?ver=1777419741","caption":"Federico Arguto"},"url":"https:\/\/vocesdelacomuna15.com.ar\/press\/author\/fede\/"}]}},"_links":{"self":[{"href":"https:\/\/vocesdelacomuna15.com.ar\/press\/wp-json\/wp\/v2\/posts\/56197","targetHints":{"allow":["GET"]}}],"collection":[{"href":"https:\/\/vocesdelacomuna15.com.ar\/press\/wp-json\/wp\/v2\/posts"}],"about":[{"href":"https:\/\/vocesdelacomuna15.com.ar\/press\/wp-json\/wp\/v2\/types\/post"}],"author":[{"embeddable":true,"href":"https:\/\/vocesdelacomuna15.com.ar\/press\/wp-json\/wp\/v2\/users\/2"}],"replies":[{"embeddable":true,"href":"https:\/\/vocesdelacomuna15.com.ar\/press\/wp-json\/wp\/v2\/comments?post=56197"}],"version-history":[{"count":3,"href":"https:\/\/vocesdelacomuna15.com.ar\/press\/wp-json\/wp\/v2\/posts\/56197\/revisions"}],"predecessor-version":[{"id":56235,"href":"https:\/\/vocesdelacomuna15.com.ar\/press\/wp-json\/wp\/v2\/posts\/56197\/revisions\/56235"}],"wp:featuredmedia":[{"embeddable":true,"href":"https:\/\/vocesdelacomuna15.com.ar\/press\/wp-json\/wp\/v2\/media\/56211"}],"wp:attachment":[{"href":"https:\/\/vocesdelacomuna15.com.ar\/press\/wp-json\/wp\/v2\/media?parent=56197"}],"wp:term":[{"taxonomy":"category","embeddable":true,"href":"https:\/\/vocesdelacomuna15.com.ar\/press\/wp-json\/wp\/v2\/categories?post=56197"},{"taxonomy":"post_tag","embeddable":true,"href":"https:\/\/vocesdelacomuna15.com.ar\/press\/wp-json\/wp\/v2\/tags?post=56197"}],"curies":[{"name":"wp","href":"https:\/\/api.w.org\/{rel}","templated":true}]}}