{"id":56182,"date":"2022-04-25T00:14:00","date_gmt":"2022-04-25T03:14:00","guid":{"rendered":"http:\/\/vocesdelacomuna15.com.ar\/wordpress\/?p=56182"},"modified":"2022-04-25T00:39:14","modified_gmt":"2022-04-25T03:39:14","slug":"anunciaron-el-plan-ba-costa%ef%bf%bc","status":"publish","type":"post","link":"https:\/\/vocesdelacomuna15.com.ar\/press\/anunciaron-el-plan-ba-costa%ef%bf%bc\/","title":{"rendered":"Anunciaron el Plan BA Costa"},"content":{"rendered":"\n<p>Para tratar de recuperar la costa del R\u00edo de La Plata. Tendr\u00e1 un recordatorio a las v\u00edctimas y heridos del atentado a la AMIA, perpetrado el 18 de julio de 1994, entre el Parque de la Memoria y la Ciudad Universitaria, sede de las facultades de Arquitectura y Dise\u00f1o, Ciencias Exactas, el Instituto de Astronom\u00eda y F\u00edsica del Espacio, el Instituto de Geocronolog\u00eda y Geolog\u00eda Isot\u00f3pica<\/p>\n\n\n\n<p>Por Edgardo Marano<\/p>\n\n\n\n<p>El jefe de Gobierno de la Ciudad de Buenos Aires, Horacio Rodr\u00edguez Larreta, anunci\u00f3 el jueves 21 de abril, un \u201cplan integral para recuperar la costa porte\u00f1a\u201d.<\/p>\n\n\n\n<p>\u201cTenemos un plan para transformar toda la costa y ofrecerle una nueva cara de la Ciudad a los argentinos y a los turistas internacionales que nos visitan. Entre abril y octubre, vamos a avanzar con varios proyectos\u201d, dijo el mandatario porte\u00f1o.<\/p>\n\n\n\n<p>Entre los anuncios se encuentra la construcci\u00f3n de un memorial por AMIA en un nuevo espacio verde entre el Parque de la Memoria y Ciudad Universitaria.<\/p>\n\n\n\n<figure class=\"wp-block-image size-full\"><img loading=\"lazy\" decoding=\"async\" width=\"700\" height=\"394\" src=\"http:\/\/vocesdelacomuna15.com.ar\/wordpress\/wp-content\/uploads\/2022\/04\/ba_costa_ubicaciones_ba_costa_baja.jpg\" alt=\"\" class=\"wp-image-56184\" srcset=\"https:\/\/vocesdelacomuna15.com.ar\/wp-content\/uploads\/2022\/04\/ba_costa_ubicaciones_ba_costa_baja.jpg 700w, https:\/\/vocesdelacomuna15.com.ar\/wp-content\/uploads\/2022\/04\/ba_costa_ubicaciones_ba_costa_baja-300x169.jpg 300w, https:\/\/vocesdelacomuna15.com.ar\/wp-content\/uploads\/2022\/04\/ba_costa_ubicaciones_ba_costa_baja-600x338.jpg 600w\" sizes=\"(max-width: 700px) 100vw, 700px\" \/><\/figure>\n\n\n\n<p>Sobre el homenaje a las v\u00edctimas del atentado terrorista, se precis\u00f3: \u201cLa creaci\u00f3n de un nuevo espacio p\u00fablico y un memorial en honor a la v\u00edctimas de la AMIA. Vamos a rellenar 3000 m2 de costa con los escombros del edificio y a sumar un parque\u201d.<\/p>\n\n\n\n<p>\u201cEso va a ser una recuperaci\u00f3n de terreno ganado al r\u00edo, con parte de los escombros de lo que qued\u00f3 de la AMIA\u201d, detall\u00f3 hoy el jefe de Gobierno porte\u00f1o, Horacio Rodr\u00edguez Larreta, al presentar el Plan Integral BA Costa.<\/p>\n\n\n\n<p>EL PLAN BA COSTA<\/p>\n\n\n\n<p>BA Costa, el plan integral para recuperar la costa de la Ciudad de Buenos Aires que consiste en el desarrollo de un gran paseo frente al r\u00edo a lo largo de los 25 kil\u00f3metros de borde costero, desde av. General Paz hasta el Riachuelo.<\/p>\n\n\n\n<figure class=\"wp-block-image size-full\"><img loading=\"lazy\" decoding=\"async\" width=\"700\" height=\"394\" src=\"http:\/\/vocesdelacomuna15.com.ar\/wordpress\/wp-content\/uploads\/2022\/04\/RENDER-CERCA-BA-COSTA.jpg\" alt=\"\" class=\"wp-image-56185\" srcset=\"https:\/\/vocesdelacomuna15.com.ar\/wp-content\/uploads\/2022\/04\/RENDER-CERCA-BA-COSTA.jpg 700w, https:\/\/vocesdelacomuna15.com.ar\/wp-content\/uploads\/2022\/04\/RENDER-CERCA-BA-COSTA-300x169.jpg 300w, https:\/\/vocesdelacomuna15.com.ar\/wp-content\/uploads\/2022\/04\/RENDER-CERCA-BA-COSTA-600x338.jpg 600w\" sizes=\"(max-width: 700px) 100vw, 700px\" \/><\/figure>\n\n\n\n<p>\u201cLo que buscamos es que Buenos Aires mire al r\u00edo. Siempre escuchamos esa hist\u00f3rica frase de que le damos la espalda al r\u00edo, que no lo aprovechamos, y la verdad es que era as\u00ed. No ten\u00edamos salida al r\u00edo, y justamente lo que queremos es, de alguna manera, dar vuelta la Ciudad y que aprovechemos el ser una ciudad de r\u00edo, una ciudad con puerto\u201d, fundament\u00f3 Horacio Rodr\u00edguez Larreta.<\/p>\n\n\n\n<p>El Jefe de Gobierno asegur\u00f3 que \u201cesto requiere un plan, que de alguna manera contin\u00faa el plan que se viene llevando adelante, donde empezamos con esta que es la salida del Arroyo Vega al r\u00edo, que permiti\u00f3 reducir mucho el riesgo de inundaci\u00f3n en Belgrano, en Blanco Encalada y Cabildo\u201d.<\/p>\n\n\n\n<p>Luego, seg\u00fan explic\u00f3, viene \u201clo que llamamos Buenos Aires Playa, donde van a ser tres hect\u00e1reas ganadas al r\u00edo, con arena, donde va a haber parques, un paseo costero, van a poder venir a disfrutar del r\u00edo\u201d.<\/p>\n\n\n\n<p>\u201cDespu\u00e9s viene el parque del Vega, que es toda esta zona, y son 5 hect\u00e1reas de espacio verde nuevo, libre y gratuito en la Ciudad de Buenos Aires, con posiblemente de las mejores vistas que podemos tener en la Ciudad\u201d, agreg\u00f3.<\/p>\n\n\n\n<p>Tambi\u00e9n mencion\u00f3 \u201clo que llamamos el Distrito Joven, donde estamos promoviendo que boliches, restaurantes, bares, se ubiquen en esta zona porque al no haber viviendas cercanas no se genera esa molestia que a veces supone tener un boliche en el medio de la Ciudad\u201d.<\/p>\n\n\n\n<p>\u201cDespu\u00e9s tenemos todo el proyecto de 8 hect\u00e1reas verdes nuevas en la zona de Costa Salguero, que empieza donde hoy est\u00e1 el golf\u201d, a\u00f1adi\u00f3.<\/p>\n\n\n\n<p>\u201cLo que le cambia la vida a la gente son proyectos como este. Venimos hace mucho tiempo recuperando y mejorando el espacio p\u00fablico en la Ciudad. Como ven, a lo largo de toda la Ciudad los parques est\u00e1n bien mantenidos, la gente los cuida y los disfruta como nunca\u201d, destac\u00f3 Rodr\u00edguez Larreta.<\/p>\n\n\n\n<p>Y concluy\u00f3: \u201cEn el primer mandato, de 2015 a 2019, solamente ah\u00ed sumamos 110 hect\u00e1reas verdes. En esta segunda etapa, incluyendo este proyecto, son otras casi 100 hect\u00e1reas\u201d. Para este proyecto, se recuperar\u00e1n 110 de hect\u00e1reas (ha) en las que se crear\u00e1n nuevos parques, paseos comerciales y \u00e1reas de recreaci\u00f3n y esparcimiento, inform\u00f3 el GCBA.<\/p>\n\n\n\n<figure class=\"wp-block-image size-full\"><img loading=\"lazy\" decoding=\"async\" width=\"700\" height=\"394\" src=\"http:\/\/vocesdelacomuna15.com.ar\/wordpress\/wp-content\/uploads\/2022\/04\/RENDER-BA-COSTA.jpeg\" alt=\"\" class=\"wp-image-56186\" srcset=\"https:\/\/vocesdelacomuna15.com.ar\/wp-content\/uploads\/2022\/04\/RENDER-BA-COSTA.jpeg 700w, https:\/\/vocesdelacomuna15.com.ar\/wp-content\/uploads\/2022\/04\/RENDER-BA-COSTA-300x169.jpeg 300w, https:\/\/vocesdelacomuna15.com.ar\/wp-content\/uploads\/2022\/04\/RENDER-BA-COSTA-600x338.jpeg 600w\" sizes=\"(max-width: 700px) 100vw, 700px\" \/><\/figure>\n\n\n\n<p>Caracteres: 3.443 <\/p>\n\n\n\n<p>Fotos: Buenosaires.gob.ar<\/p>\n<div class=\"pvc_clear\"><\/div><p id=\"pvc_stats_56182\" class=\"pvc_stats all  \" data-element-id=\"56182\" style=\"\"><i class=\"pvc-stats-icon small\" aria-hidden=\"true\"><svg aria-hidden=\"true\" focusable=\"false\" data-prefix=\"far\" data-icon=\"chart-bar\" role=\"img\" xmlns=\"http:\/\/www.w3.org\/2000\/svg\" viewBox=\"0 0 512 512\" class=\"svg-inline--fa fa-chart-bar fa-w-16 fa-2x\"><path fill=\"currentColor\" d=\"M396.8 352h22.4c6.4 0 12.8-6.4 12.8-12.8V108.8c0-6.4-6.4-12.8-12.8-12.8h-22.4c-6.4 0-12.8 6.4-12.8 12.8v230.4c0 6.4 6.4 12.8 12.8 12.8zm-192 0h22.4c6.4 0 12.8-6.4 12.8-12.8V140.8c0-6.4-6.4-12.8-12.8-12.8h-22.4c-6.4 0-12.8 6.4-12.8 12.8v198.4c0 6.4 6.4 12.8 12.8 12.8zm96 0h22.4c6.4 0 12.8-6.4 12.8-12.8V204.8c0-6.4-6.4-12.8-12.8-12.8h-22.4c-6.4 0-12.8 6.4-12.8 12.8v134.4c0 6.4 6.4 12.8 12.8 12.8zM496 400H48V80c0-8.84-7.16-16-16-16H16C7.16 64 0 71.16 0 80v336c0 17.67 14.33 32 32 32h464c8.84 0 16-7.16 16-16v-16c0-8.84-7.16-16-16-16zm-387.2-48h22.4c6.4 0 12.8-6.4 12.8-12.8v-70.4c0-6.4-6.4-12.8-12.8-12.8h-22.4c-6.4 0-12.8 6.4-12.8 12.8v70.4c0 6.4 6.4 12.8 12.8 12.8z\" class=\"\"><\/path><\/svg><\/i> <img loading=\"lazy\" decoding=\"async\" width=\"16\" height=\"16\" alt=\"Loading\" src=\"https:\/\/vocesdelacomuna15.com.ar\/wp-content\/plugins\/page-views-count\/ajax-loader-2x.gif\" border=0 \/><\/p><div class=\"pvc_clear\"><\/div>","protected":false},"excerpt":{"rendered":"<p>Para tratar de recuperar la costa del R\u00edo de La Plata. Tendr\u00e1 un recordatorio a las v\u00edctimas y heridos del atentado a la AMIA, perpetrado el 18 de julio de 1994, entre el Parque de la Memoria y la Ciudad Universitaria, sede de las facultades de Arquitectura y Dise\u00f1o, Ciencias Exactas, el Instituto de Astronom\u00eda [&hellip;]<\/p>\n<div class=\"pvc_clear\"><\/div>\n<p id=\"pvc_stats_56182\" class=\"pvc_stats all  \" data-element-id=\"56182\" style=\"\"><i class=\"pvc-stats-icon small\" aria-hidden=\"true\"><svg aria-hidden=\"true\" focusable=\"false\" data-prefix=\"far\" data-icon=\"chart-bar\" role=\"img\" xmlns=\"http:\/\/www.w3.org\/2000\/svg\" viewBox=\"0 0 512 512\" class=\"svg-inline--fa fa-chart-bar fa-w-16 fa-2x\"><path fill=\"currentColor\" d=\"M396.8 352h22.4c6.4 0 12.8-6.4 12.8-12.8V108.8c0-6.4-6.4-12.8-12.8-12.8h-22.4c-6.4 0-12.8 6.4-12.8 12.8v230.4c0 6.4 6.4 12.8 12.8 12.8zm-192 0h22.4c6.4 0 12.8-6.4 12.8-12.8V140.8c0-6.4-6.4-12.8-12.8-12.8h-22.4c-6.4 0-12.8 6.4-12.8 12.8v198.4c0 6.4 6.4 12.8 12.8 12.8zm96 0h22.4c6.4 0 12.8-6.4 12.8-12.8V204.8c0-6.4-6.4-12.8-12.8-12.8h-22.4c-6.4 0-12.8 6.4-12.8 12.8v134.4c0 6.4 6.4 12.8 12.8 12.8zM496 400H48V80c0-8.84-7.16-16-16-16H16C7.16 64 0 71.16 0 80v336c0 17.67 14.33 32 32 32h464c8.84 0 16-7.16 16-16v-16c0-8.84-7.16-16-16-16zm-387.2-48h22.4c6.4 0 12.8-6.4 12.8-12.8v-70.4c0-6.4-6.4-12.8-12.8-12.8h-22.4c-6.4 0-12.8 6.4-12.8 12.8v70.4c0 6.4 6.4 12.8 12.8 12.8z\" class=\"\"><\/path><\/svg><\/i> <img loading=\"lazy\" decoding=\"async\" width=\"16\" height=\"16\" alt=\"Loading\" src=\"https:\/\/vocesdelacomuna15.com.ar\/wp-content\/plugins\/page-views-count\/ajax-loader-2x.gif\" border=0 \/><\/p>\n<div class=\"pvc_clear\"><\/div>\n","protected":false},"author":2,"featured_media":56183,"comment_status":"open","ping_status":"open","sticky":false,"template":"","format":"standard","meta":{"_et_pb_use_builder":"","_et_pb_old_content":"","_et_gb_content_width":"","footnotes":""},"categories":[26],"tags":[],"class_list":["post-56182","post","type-post","status-publish","format-standard","has-post-thumbnail","hentry","category-ciudad","et-has-post-format-content","et_post_format-et-post-format-standard"],"a3_pvc":{"activated":true,"total_views":203,"today_views":0},"yoast_head":"<!-- This site is optimized with the Yoast SEO plugin v27.5 - https:\/\/yoast.com\/product\/yoast-seo-wordpress\/ -->\n<title>Anunciaron el Plan BA Costa - Voces de la Comuna 15<\/title>\n<meta name=\"description\" content=\"Voces de la Comuna 15\" \/>\n<meta name=\"robots\" content=\"index, follow, max-snippet:-1, max-image-preview:large, max-video-preview:-1\" \/>\n<link rel=\"canonical\" href=\"https:\/\/vocesdelacomuna15.com.ar\/press\/anunciaron-el-plan-ba-costa\ufffc\/\" \/>\n<meta property=\"og:locale\" content=\"es_ES\" \/>\n<meta property=\"og:type\" content=\"article\" \/>\n<meta property=\"og:title\" content=\"Anunciaron el Plan BA Costa - Voces de la Comuna 15\" \/>\n<meta property=\"og:description\" content=\"Voces de la Comuna 15\" \/>\n<meta property=\"og:url\" content=\"https:\/\/vocesdelacomuna15.com.ar\/press\/anunciaron-el-plan-ba-costa\ufffc\/\" \/>\n<meta property=\"og:site_name\" content=\"Voces de la Comuna 15\" \/>\n<meta property=\"article:publisher\" content=\"https:\/\/www.facebook.com\/VocesComuna15\/\" \/>\n<meta property=\"article:published_time\" content=\"2022-04-25T03:14:00+00:00\" \/>\n<meta property=\"article:modified_time\" content=\"2022-04-25T03:39:14+00:00\" \/>\n<meta property=\"og:image\" content=\"https:\/\/vocesdelacomuna15.com.ar\/wp-content\/uploads\/2022\/04\/LARRETA-BA-COSTA.jpeg\" \/>\n\t<meta property=\"og:image:width\" content=\"700\" \/>\n\t<meta property=\"og:image:height\" content=\"466\" \/>\n\t<meta property=\"og:image:type\" content=\"image\/jpeg\" \/>\n<meta name=\"author\" content=\"Federico Arguto\" \/>\n<meta name=\"twitter:card\" content=\"summary_large_image\" \/>\n<meta name=\"twitter:creator\" content=\"@vocescomuna15\" \/>\n<meta name=\"twitter:site\" content=\"@vocescomuna15\" \/>\n<meta name=\"twitter:label1\" content=\"Escrito por\" \/>\n\t<meta name=\"twitter:data1\" content=\"Federico Arguto\" \/>\n\t<meta name=\"twitter:label2\" content=\"Tiempo de lectura\" \/>\n\t<meta name=\"twitter:data2\" content=\"4 minutos\" \/>\n<script type=\"application\/ld+json\" class=\"yoast-schema-graph\">{\"@context\":\"https:\\\/\\\/schema.org\",\"@graph\":[{\"@type\":\"Article\",\"@id\":\"https:\\\/\\\/vocesdelacomuna15.com.ar\\\/press\\\/anunciaron-el-plan-ba-costa%ef%bf%bc\\\/#article\",\"isPartOf\":{\"@id\":\"https:\\\/\\\/vocesdelacomuna15.com.ar\\\/press\\\/anunciaron-el-plan-ba-costa%ef%bf%bc\\\/\"},\"author\":{\"name\":\"Federico Arguto\",\"@id\":\"https:\\\/\\\/vocesdelacomuna15.com.ar\\\/press\\\/#\\\/schema\\\/person\\\/4739e109db25d799cd3d139eeb509e43\"},\"headline\":\"Anunciaron el Plan BA Costa\",\"datePublished\":\"2022-04-25T03:14:00+00:00\",\"dateModified\":\"2022-04-25T03:39:14+00:00\",\"mainEntityOfPage\":{\"@id\":\"https:\\\/\\\/vocesdelacomuna15.com.ar\\\/press\\\/anunciaron-el-plan-ba-costa%ef%bf%bc\\\/\"},\"wordCount\":718,\"commentCount\":0,\"publisher\":{\"@id\":\"https:\\\/\\\/vocesdelacomuna15.com.ar\\\/press\\\/#organization\"},\"image\":{\"@id\":\"https:\\\/\\\/vocesdelacomuna15.com.ar\\\/press\\\/anunciaron-el-plan-ba-costa%ef%bf%bc\\\/#primaryimage\"},\"thumbnailUrl\":\"https:\\\/\\\/vocesdelacomuna15.com.ar\\\/wp-content\\\/uploads\\\/2022\\\/04\\\/LARRETA-BA-COSTA.jpeg\",\"articleSection\":[\"Ciudad\"],\"inLanguage\":\"es-AR\",\"potentialAction\":[{\"@type\":\"CommentAction\",\"name\":\"Comment\",\"target\":[\"https:\\\/\\\/vocesdelacomuna15.com.ar\\\/press\\\/anunciaron-el-plan-ba-costa%ef%bf%bc\\\/#respond\"]}]},{\"@type\":\"WebPage\",\"@id\":\"https:\\\/\\\/vocesdelacomuna15.com.ar\\\/press\\\/anunciaron-el-plan-ba-costa%ef%bf%bc\\\/\",\"url\":\"https:\\\/\\\/vocesdelacomuna15.com.ar\\\/press\\\/anunciaron-el-plan-ba-costa%ef%bf%bc\\\/\",\"name\":\"Anunciaron el Plan BA Costa - Voces de la Comuna 15\",\"isPartOf\":{\"@id\":\"https:\\\/\\\/vocesdelacomuna15.com.ar\\\/press\\\/#website\"},\"primaryImageOfPage\":{\"@id\":\"https:\\\/\\\/vocesdelacomuna15.com.ar\\\/press\\\/anunciaron-el-plan-ba-costa%ef%bf%bc\\\/#primaryimage\"},\"image\":{\"@id\":\"https:\\\/\\\/vocesdelacomuna15.com.ar\\\/press\\\/anunciaron-el-plan-ba-costa%ef%bf%bc\\\/#primaryimage\"},\"thumbnailUrl\":\"https:\\\/\\\/vocesdelacomuna15.com.ar\\\/wp-content\\\/uploads\\\/2022\\\/04\\\/LARRETA-BA-COSTA.jpeg\",\"datePublished\":\"2022-04-25T03:14:00+00:00\",\"dateModified\":\"2022-04-25T03:39:14+00:00\",\"description\":\"Voces de la Comuna 15\",\"breadcrumb\":{\"@id\":\"https:\\\/\\\/vocesdelacomuna15.com.ar\\\/press\\\/anunciaron-el-plan-ba-costa%ef%bf%bc\\\/#breadcrumb\"},\"inLanguage\":\"es-AR\",\"potentialAction\":[{\"@type\":\"ReadAction\",\"target\":[\"https:\\\/\\\/vocesdelacomuna15.com.ar\\\/press\\\/anunciaron-el-plan-ba-costa%ef%bf%bc\\\/\"]}]},{\"@type\":\"ImageObject\",\"inLanguage\":\"es-AR\",\"@id\":\"https:\\\/\\\/vocesdelacomuna15.com.ar\\\/press\\\/anunciaron-el-plan-ba-costa%ef%bf%bc\\\/#primaryimage\",\"url\":\"https:\\\/\\\/vocesdelacomuna15.com.ar\\\/wp-content\\\/uploads\\\/2022\\\/04\\\/LARRETA-BA-COSTA.jpeg\",\"contentUrl\":\"https:\\\/\\\/vocesdelacomuna15.com.ar\\\/wp-content\\\/uploads\\\/2022\\\/04\\\/LARRETA-BA-COSTA.jpeg\",\"width\":700,\"height\":466},{\"@type\":\"BreadcrumbList\",\"@id\":\"https:\\\/\\\/vocesdelacomuna15.com.ar\\\/press\\\/anunciaron-el-plan-ba-costa%ef%bf%bc\\\/#breadcrumb\",\"itemListElement\":[{\"@type\":\"ListItem\",\"position\":1,\"name\":\"Inicio\",\"item\":\"https:\\\/\\\/vocesdelacomuna15.com.ar\\\/press\\\/\"},{\"@type\":\"ListItem\",\"position\":2,\"name\":\"Anunciaron el Plan BA Costa\"}]},{\"@type\":\"WebSite\",\"@id\":\"https:\\\/\\\/vocesdelacomuna15.com.ar\\\/press\\\/#website\",\"url\":\"https:\\\/\\\/vocesdelacomuna15.com.ar\\\/press\\\/\",\"name\":\"Voces de la Comuna 15\",\"description\":\"Sitio web de noticias\",\"publisher\":{\"@id\":\"https:\\\/\\\/vocesdelacomuna15.com.ar\\\/press\\\/#organization\"},\"potentialAction\":[{\"@type\":\"SearchAction\",\"target\":{\"@type\":\"EntryPoint\",\"urlTemplate\":\"https:\\\/\\\/vocesdelacomuna15.com.ar\\\/press\\\/?s={search_term_string}\"},\"query-input\":{\"@type\":\"PropertyValueSpecification\",\"valueRequired\":true,\"valueName\":\"search_term_string\"}}],\"inLanguage\":\"es-AR\"},{\"@type\":\"Organization\",\"@id\":\"https:\\\/\\\/vocesdelacomuna15.com.ar\\\/press\\\/#organization\",\"name\":\"Voces de la Comuna 15\",\"url\":\"https:\\\/\\\/vocesdelacomuna15.com.ar\\\/press\\\/\",\"logo\":{\"@type\":\"ImageObject\",\"inLanguage\":\"es-AR\",\"@id\":\"https:\\\/\\\/vocesdelacomuna15.com.ar\\\/press\\\/#\\\/schema\\\/logo\\\/image\\\/\",\"url\":\"https:\\\/\\\/vocesdelacomuna15.com.ar\\\/wp-content\\\/uploads\\\/2024\\\/12\\\/cropped-logo_voces.jpg\",\"contentUrl\":\"https:\\\/\\\/vocesdelacomuna15.com.ar\\\/wp-content\\\/uploads\\\/2024\\\/12\\\/cropped-logo_voces.jpg\",\"width\":512,\"height\":512,\"caption\":\"Voces de la Comuna 15\"},\"image\":{\"@id\":\"https:\\\/\\\/vocesdelacomuna15.com.ar\\\/press\\\/#\\\/schema\\\/logo\\\/image\\\/\"},\"sameAs\":[\"https:\\\/\\\/www.facebook.com\\\/VocesComuna15\\\/\",\"https:\\\/\\\/x.com\\\/vocescomuna15\"]},{\"@type\":\"Person\",\"@id\":\"https:\\\/\\\/vocesdelacomuna15.com.ar\\\/press\\\/#\\\/schema\\\/person\\\/4739e109db25d799cd3d139eeb509e43\",\"name\":\"Federico Arguto\",\"image\":{\"@type\":\"ImageObject\",\"inLanguage\":\"es-AR\",\"@id\":\"https:\\\/\\\/vocesdelacomuna15.com.ar\\\/wp-content\\\/litespeed\\\/avatar\\\/82faf979976f1bae889b8b71f8a0a7e5.jpg?ver=1777419741\",\"url\":\"https:\\\/\\\/vocesdelacomuna15.com.ar\\\/wp-content\\\/litespeed\\\/avatar\\\/82faf979976f1bae889b8b71f8a0a7e5.jpg?ver=1777419741\",\"contentUrl\":\"https:\\\/\\\/vocesdelacomuna15.com.ar\\\/wp-content\\\/litespeed\\\/avatar\\\/82faf979976f1bae889b8b71f8a0a7e5.jpg?ver=1777419741\",\"caption\":\"Federico Arguto\"},\"url\":\"https:\\\/\\\/vocesdelacomuna15.com.ar\\\/press\\\/author\\\/fede\\\/\"}]}<\/script>\n<!-- \/ Yoast SEO plugin. -->","yoast_head_json":{"title":"Anunciaron el Plan BA Costa - Voces de la Comuna 15","description":"Voces de la Comuna 15","robots":{"index":"index","follow":"follow","max-snippet":"max-snippet:-1","max-image-preview":"max-image-preview:large","max-video-preview":"max-video-preview:-1"},"canonical":"https:\/\/vocesdelacomuna15.com.ar\/press\/anunciaron-el-plan-ba-costa\ufffc\/","og_locale":"es_ES","og_type":"article","og_title":"Anunciaron el Plan BA Costa - Voces de la Comuna 15","og_description":"Voces de la Comuna 15","og_url":"https:\/\/vocesdelacomuna15.com.ar\/press\/anunciaron-el-plan-ba-costa\ufffc\/","og_site_name":"Voces de la Comuna 15","article_publisher":"https:\/\/www.facebook.com\/VocesComuna15\/","article_published_time":"2022-04-25T03:14:00+00:00","article_modified_time":"2022-04-25T03:39:14+00:00","og_image":[{"width":700,"height":466,"url":"https:\/\/vocesdelacomuna15.com.ar\/wp-content\/uploads\/2022\/04\/LARRETA-BA-COSTA.jpeg","type":"image\/jpeg"}],"author":"Federico Arguto","twitter_card":"summary_large_image","twitter_creator":"@vocescomuna15","twitter_site":"@vocescomuna15","twitter_misc":{"Escrito por":"Federico Arguto","Tiempo de lectura":"4 minutos"},"schema":{"@context":"https:\/\/schema.org","@graph":[{"@type":"Article","@id":"https:\/\/vocesdelacomuna15.com.ar\/press\/anunciaron-el-plan-ba-costa%ef%bf%bc\/#article","isPartOf":{"@id":"https:\/\/vocesdelacomuna15.com.ar\/press\/anunciaron-el-plan-ba-costa%ef%bf%bc\/"},"author":{"name":"Federico Arguto","@id":"https:\/\/vocesdelacomuna15.com.ar\/press\/#\/schema\/person\/4739e109db25d799cd3d139eeb509e43"},"headline":"Anunciaron el Plan BA Costa","datePublished":"2022-04-25T03:14:00+00:00","dateModified":"2022-04-25T03:39:14+00:00","mainEntityOfPage":{"@id":"https:\/\/vocesdelacomuna15.com.ar\/press\/anunciaron-el-plan-ba-costa%ef%bf%bc\/"},"wordCount":718,"commentCount":0,"publisher":{"@id":"https:\/\/vocesdelacomuna15.com.ar\/press\/#organization"},"image":{"@id":"https:\/\/vocesdelacomuna15.com.ar\/press\/anunciaron-el-plan-ba-costa%ef%bf%bc\/#primaryimage"},"thumbnailUrl":"https:\/\/vocesdelacomuna15.com.ar\/wp-content\/uploads\/2022\/04\/LARRETA-BA-COSTA.jpeg","articleSection":["Ciudad"],"inLanguage":"es-AR","potentialAction":[{"@type":"CommentAction","name":"Comment","target":["https:\/\/vocesdelacomuna15.com.ar\/press\/anunciaron-el-plan-ba-costa%ef%bf%bc\/#respond"]}]},{"@type":"WebPage","@id":"https:\/\/vocesdelacomuna15.com.ar\/press\/anunciaron-el-plan-ba-costa%ef%bf%bc\/","url":"https:\/\/vocesdelacomuna15.com.ar\/press\/anunciaron-el-plan-ba-costa%ef%bf%bc\/","name":"Anunciaron el Plan BA Costa - Voces de la Comuna 15","isPartOf":{"@id":"https:\/\/vocesdelacomuna15.com.ar\/press\/#website"},"primaryImageOfPage":{"@id":"https:\/\/vocesdelacomuna15.com.ar\/press\/anunciaron-el-plan-ba-costa%ef%bf%bc\/#primaryimage"},"image":{"@id":"https:\/\/vocesdelacomuna15.com.ar\/press\/anunciaron-el-plan-ba-costa%ef%bf%bc\/#primaryimage"},"thumbnailUrl":"https:\/\/vocesdelacomuna15.com.ar\/wp-content\/uploads\/2022\/04\/LARRETA-BA-COSTA.jpeg","datePublished":"2022-04-25T03:14:00+00:00","dateModified":"2022-04-25T03:39:14+00:00","description":"Voces de la Comuna 15","breadcrumb":{"@id":"https:\/\/vocesdelacomuna15.com.ar\/press\/anunciaron-el-plan-ba-costa%ef%bf%bc\/#breadcrumb"},"inLanguage":"es-AR","potentialAction":[{"@type":"ReadAction","target":["https:\/\/vocesdelacomuna15.com.ar\/press\/anunciaron-el-plan-ba-costa%ef%bf%bc\/"]}]},{"@type":"ImageObject","inLanguage":"es-AR","@id":"https:\/\/vocesdelacomuna15.com.ar\/press\/anunciaron-el-plan-ba-costa%ef%bf%bc\/#primaryimage","url":"https:\/\/vocesdelacomuna15.com.ar\/wp-content\/uploads\/2022\/04\/LARRETA-BA-COSTA.jpeg","contentUrl":"https:\/\/vocesdelacomuna15.com.ar\/wp-content\/uploads\/2022\/04\/LARRETA-BA-COSTA.jpeg","width":700,"height":466},{"@type":"BreadcrumbList","@id":"https:\/\/vocesdelacomuna15.com.ar\/press\/anunciaron-el-plan-ba-costa%ef%bf%bc\/#breadcrumb","itemListElement":[{"@type":"ListItem","position":1,"name":"Inicio","item":"https:\/\/vocesdelacomuna15.com.ar\/press\/"},{"@type":"ListItem","position":2,"name":"Anunciaron el Plan BA Costa"}]},{"@type":"WebSite","@id":"https:\/\/vocesdelacomuna15.com.ar\/press\/#website","url":"https:\/\/vocesdelacomuna15.com.ar\/press\/","name":"Voces de la Comuna 15","description":"Sitio web de noticias","publisher":{"@id":"https:\/\/vocesdelacomuna15.com.ar\/press\/#organization"},"potentialAction":[{"@type":"SearchAction","target":{"@type":"EntryPoint","urlTemplate":"https:\/\/vocesdelacomuna15.com.ar\/press\/?s={search_term_string}"},"query-input":{"@type":"PropertyValueSpecification","valueRequired":true,"valueName":"search_term_string"}}],"inLanguage":"es-AR"},{"@type":"Organization","@id":"https:\/\/vocesdelacomuna15.com.ar\/press\/#organization","name":"Voces de la Comuna 15","url":"https:\/\/vocesdelacomuna15.com.ar\/press\/","logo":{"@type":"ImageObject","inLanguage":"es-AR","@id":"https:\/\/vocesdelacomuna15.com.ar\/press\/#\/schema\/logo\/image\/","url":"https:\/\/vocesdelacomuna15.com.ar\/wp-content\/uploads\/2024\/12\/cropped-logo_voces.jpg","contentUrl":"https:\/\/vocesdelacomuna15.com.ar\/wp-content\/uploads\/2024\/12\/cropped-logo_voces.jpg","width":512,"height":512,"caption":"Voces de la Comuna 15"},"image":{"@id":"https:\/\/vocesdelacomuna15.com.ar\/press\/#\/schema\/logo\/image\/"},"sameAs":["https:\/\/www.facebook.com\/VocesComuna15\/","https:\/\/x.com\/vocescomuna15"]},{"@type":"Person","@id":"https:\/\/vocesdelacomuna15.com.ar\/press\/#\/schema\/person\/4739e109db25d799cd3d139eeb509e43","name":"Federico Arguto","image":{"@type":"ImageObject","inLanguage":"es-AR","@id":"https:\/\/vocesdelacomuna15.com.ar\/wp-content\/litespeed\/avatar\/82faf979976f1bae889b8b71f8a0a7e5.jpg?ver=1777419741","url":"https:\/\/vocesdelacomuna15.com.ar\/wp-content\/litespeed\/avatar\/82faf979976f1bae889b8b71f8a0a7e5.jpg?ver=1777419741","contentUrl":"https:\/\/vocesdelacomuna15.com.ar\/wp-content\/litespeed\/avatar\/82faf979976f1bae889b8b71f8a0a7e5.jpg?ver=1777419741","caption":"Federico Arguto"},"url":"https:\/\/vocesdelacomuna15.com.ar\/press\/author\/fede\/"}]}},"_links":{"self":[{"href":"https:\/\/vocesdelacomuna15.com.ar\/press\/wp-json\/wp\/v2\/posts\/56182","targetHints":{"allow":["GET"]}}],"collection":[{"href":"https:\/\/vocesdelacomuna15.com.ar\/press\/wp-json\/wp\/v2\/posts"}],"about":[{"href":"https:\/\/vocesdelacomuna15.com.ar\/press\/wp-json\/wp\/v2\/types\/post"}],"author":[{"embeddable":true,"href":"https:\/\/vocesdelacomuna15.com.ar\/press\/wp-json\/wp\/v2\/users\/2"}],"replies":[{"embeddable":true,"href":"https:\/\/vocesdelacomuna15.com.ar\/press\/wp-json\/wp\/v2\/comments?post=56182"}],"version-history":[{"count":2,"href":"https:\/\/vocesdelacomuna15.com.ar\/press\/wp-json\/wp\/v2\/posts\/56182\/revisions"}],"predecessor-version":[{"id":56188,"href":"https:\/\/vocesdelacomuna15.com.ar\/press\/wp-json\/wp\/v2\/posts\/56182\/revisions\/56188"}],"wp:featuredmedia":[{"embeddable":true,"href":"https:\/\/vocesdelacomuna15.com.ar\/press\/wp-json\/wp\/v2\/media\/56183"}],"wp:attachment":[{"href":"https:\/\/vocesdelacomuna15.com.ar\/press\/wp-json\/wp\/v2\/media?parent=56182"}],"wp:term":[{"taxonomy":"category","embeddable":true,"href":"https:\/\/vocesdelacomuna15.com.ar\/press\/wp-json\/wp\/v2\/categories?post=56182"},{"taxonomy":"post_tag","embeddable":true,"href":"https:\/\/vocesdelacomuna15.com.ar\/press\/wp-json\/wp\/v2\/tags?post=56182"}],"curies":[{"name":"wp","href":"https:\/\/api.w.org\/{rel}","templated":true}]}}