{"id":56086,"date":"2022-04-11T17:48:13","date_gmt":"2022-04-11T20:48:13","guid":{"rendered":"http:\/\/vocesdelacomuna15.com.ar\/wordpress\/?p=56086"},"modified":"2022-04-11T17:54:42","modified_gmt":"2022-04-11T20:54:42","slug":"el-bicho-dio-pelea-en-el-monumental-pero-termino-cayendo-ante-river","status":"publish","type":"post","link":"https:\/\/vocesdelacomuna15.com.ar\/press\/el-bicho-dio-pelea-en-el-monumental-pero-termino-cayendo-ante-river\/","title":{"rendered":"El \u201cbicho\u201d dio pelea en el Monumental pero termin\u00f3 cayendo ante River"},"content":{"rendered":"\n<p>Por 4 a 2 en un partido muy entretenido<\/p>\n\n\n\n<p>Argentinos Juniors se jugaba una parada complicada anoche en el Monumental ante el River de Marcelo Gallardo, en un partido clave por la clasificaci\u00f3n para la ronda final de la Copa de la Liga. El \u201cbicho\u201d no arranc\u00f3 de la mejor forma ya que a los 8 minutos ya iba perdiendo por 2 a 0 con dos golazos de los \u201cmillonarios\u201d. En el primero Mat\u00edas Su\u00e1rez entr\u00f3 gambeteando y la pic\u00f3 ante la salida de Federico Lanzillota a los 2 minutos. En el segundo, Enzo Fern\u00e1ndez remato desde larga distancia y sali\u00f3 una bomba que con un efecto al final del recorrido se meti\u00f3 en el arco de \u201cLanzi\u201d. River sigui\u00f3 llegando y era dominador del partido. En la mitad del primer tiempo el \u00e1rbitro Yael Falc\u00f3n P\u00e9rez cobr\u00f3 penal para River por mano de Lucas Villalba, pero el VAR demostr\u00f3 que esta hab\u00eda sido fuera del \u00e1rea. La jugada termin\u00f3 en un tiro libre de Juli\u00e1n \u00c1lvarez (quien iba a patear el penal que no fue) bien tapado por Lanzillota con una volada.<\/p>\n\n\n\n<p>Sin embargo, el equipo dirigido por Gabriel Milito logr\u00f3 reaccionar y descont\u00f3 a los 38 minutos con gol de cabeza de Gabriel \u00c1valos, despu\u00e9s de una pelota peleada por Nicol\u00e1s Reniero y un centro desde la izquierda de Mariano B\u00edttolo. <\/p>\n\n\n\n<figure class=\"wp-block-image size-large\"><img loading=\"lazy\" decoding=\"async\" width=\"1024\" height=\"683\" src=\"http:\/\/vocesdelacomuna15.com.ar\/wordpress\/wp-content\/uploads\/2022\/04\/avalosgol-1024x683.jpg\" alt=\"\" class=\"wp-image-56088\" srcset=\"https:\/\/vocesdelacomuna15.com.ar\/wp-content\/uploads\/2022\/04\/avalosgol-1024x683.jpg 1024w, https:\/\/vocesdelacomuna15.com.ar\/wp-content\/uploads\/2022\/04\/avalosgol-300x200.jpg 300w, https:\/\/vocesdelacomuna15.com.ar\/wp-content\/uploads\/2022\/04\/avalosgol-768x512.jpg 768w, https:\/\/vocesdelacomuna15.com.ar\/wp-content\/uploads\/2022\/04\/avalosgol-1080x720.jpg 1080w, https:\/\/vocesdelacomuna15.com.ar\/wp-content\/uploads\/2022\/04\/avalosgol-600x400.jpg 600w, https:\/\/vocesdelacomuna15.com.ar\/wp-content\/uploads\/2022\/04\/avalosgol.jpg 1478w\" sizes=\"(max-width: 1024px) 100vw, 1024px\" \/><figcaption>Gabriel \u00c1valos descont\u00f3 de cabeza para Argentinos<\/figcaption><\/figure>\n\n\n\n<p>Comenzado el segundo tiempo, a los 49 minutos, Argentinos logr\u00f3 el empate despu\u00e9s de una pelota parada que fue a un costado a la cabeza de \u00c1valos, que la meti\u00f3 al meti\u00f3 para que Villalba de derecha remate y la pelota ingrese pese al fallido rechazo de un defensor de River. Incluso el \u201cbicho\u201d pudo ponerse en ventaja con un remate a quemarropa de \u00c1valos (despu\u00e9s de que Javier Cabrera le bajara la pelota de cabeza), pero Franco Armani lo impidi\u00f3 con una gran atajada.<\/p>\n\n\n\n<figure class=\"wp-block-image size-full\"><img loading=\"lazy\" decoding=\"async\" width=\"612\" height=\"379\" src=\"http:\/\/vocesdelacomuna15.com.ar\/wordpress\/wp-content\/uploads\/2022\/04\/villalba.jpg\" alt=\"\" class=\"wp-image-56089\" srcset=\"https:\/\/vocesdelacomuna15.com.ar\/wp-content\/uploads\/2022\/04\/villalba.jpg 612w, https:\/\/vocesdelacomuna15.com.ar\/wp-content\/uploads\/2022\/04\/villalba-300x186.jpg 300w, https:\/\/vocesdelacomuna15.com.ar\/wp-content\/uploads\/2022\/04\/villalba-600x372.jpg 600w\" sizes=\"(max-width: 612px) 100vw, 612px\" \/><figcaption>Lucas Villalba grita el gol con el que el &#8220;bicho&#8221; lograba la igualdad<\/figcaption><\/figure>\n\n\n\n<p>Luego hubo un quiebre en el partido, cuando River se puso 3-2 a los 67 minutos tras una gran jugada en la que Juli\u00e1n \u00c1lvarez entr\u00f3 gambeteando al \u00e1rea de Argentinos, remat\u00f3 al arco y la pelota pegaba en la mano de Miguel Torr\u00e9n, desviando el disparo. Fue expulsi\u00f3n para el capit\u00e1n del \u201cbicho\u201d y penal, que fue convertido por Juan Fernando Quintero, con buena ejecuci\u00f3n, estando Lanzillota cerca de evitarlo. Ah\u00ed ya se complicar\u00edan las cosas para Argentinos que con uno menos hizo lo que pudo. A los 88 minutos, River liquid\u00f3 el pleito despu\u00e9s de un contraataque que termin\u00f3 con un pase en profundidad a Andr\u00e9s Herrera que defini\u00f3 cruzado a un costado para poner el 4-2 definitivo.<\/p>\n\n\n\n<p>Con la derrota, el \u201cbicho\u201d qued\u00f3 7\u00b0 en la Zona 1 la de Copa de la Liga con 14 puntos. Racing lidera el grupo con 21 unidades, seguido por River con 19 y por Defensa y Justicia y Uni\u00f3n con 17. Debajo de los 4 por el momento clasificados, est\u00e1 Newell\u00b4s con 16 y Banfield, Argentinos y Sarmiento con 14, entre los que pelean la clasificaci\u00f3n. En la pr\u00f3xima jornada, la 10\u00b0, el \u201cbicho\u201d recibir\u00e1 a Talleres en La Paternal, el domingo a las 16.30 horas. Quedan 5 partidos para terminar la primera ronda y Argentinos se jugar\u00e1 la clasificaci\u00f3n en estos \u00faltimos encuentros.<\/p>\n\n\n\n<p>Resumen del partido (Fuente: Liga Profesional de F\u00fatbol de la AFA- You Tube):<\/p>\n\n\n\n<figure class=\"wp-block-embed is-type-video is-provider-youtube wp-block-embed-youtube wp-embed-aspect-16-9 wp-has-aspect-ratio\"><div class=\"wp-block-embed__wrapper\">\n<iframe loading=\"lazy\" title=\"#CopaBinance | Fecha 9 | resumen de River - Argentinos\" width=\"1080\" height=\"608\" src=\"https:\/\/www.youtube.com\/embed\/tB2vMMf_0Jo?feature=oembed\" frameborder=\"0\" allow=\"accelerometer; autoplay; clipboard-write; encrypted-media; gyroscope; picture-in-picture\" allowfullscreen><\/iframe>\n<\/div><\/figure>\n\n\n\n<p>Conferencia de Prensa (Fuente: AAAJ Oficial- You Tube):<\/p>\n\n\n\n<figure class=\"wp-block-embed is-type-video is-provider-youtube wp-block-embed-youtube wp-embed-aspect-16-9 wp-has-aspect-ratio\"><div class=\"wp-block-embed__wrapper\">\n<iframe loading=\"lazy\" title=\"CONFERENCIA: Gabriel Milito vs. River \/ LPF 2022\" width=\"1080\" height=\"608\" src=\"https:\/\/www.youtube.com\/embed\/MJVsDtF2m-8?feature=oembed\" frameborder=\"0\" allow=\"accelerometer; autoplay; clipboard-write; encrypted-media; gyroscope; picture-in-picture\" allowfullscreen><\/iframe>\n<\/div><\/figure>\n\n\n\n<p><em><strong>FORMACIONES:<\/strong><\/em><em><\/em><\/p>\n\n\n\n<p>Argentinos Juniors: Federico Lanzillota; Kevin Mac Allister, Miguel Torr\u00e9n y Lucas Villalba; Javier Cabrera, Gabriel Florent\u00edn (Mat\u00edas Galarza 68\u00b4), Fausto Vera, Gabriel Carabajal (Mateo Coronel 72\u00b4) y Mariano Bittolo (David Zalazar 72\u00b4); Nicol\u00e1s Reniero (Pablo Minnisale 68\u00b4) y Gabriel \u00c1valos (Gast\u00f3n Ver\u00f3n 82\u00b4). DT: Gabriel Milito.<\/p>\n\n\n\n<p>River Plate: Franco Armani; Marcelo Herrera, Paulo D\u00edaz, David Mart\u00ednez y El\u00edas G\u00f3mez (Milton Casco 81\u00b4); Enzo Fern\u00e1ndez (Tom\u00e1s Pocchetino 90\u00b4), Bruno Zuculini, Agust\u00edn Palavecino (Nicol\u00e1s De La Cruz 45\u00b4); Esequiel Barco (Juan Fernando Quintero 29\u00b4), Mat\u00edas Su\u00e1rez (Braian Romero 45\u00b4) y Juli\u00e1n Alvarez. DT: Marcelo Gallardo<\/p>\n\n\n\n<p>Goles: Mat\u00edas Su\u00e1rez 5&#8242; (RIV), Enzo Fern\u00e1ndez 9&#8242; (RIV), Gabriel \u00c1valos 39\u2019 (AAAJ), Lucas Villalba 50\u2019 (AAAJ), Juan Fernando Quinteros 67\u2019-p- (RIV), Marcelo Herrera 89\u2019 (RIV).<\/p>\n\n\n\n<p>Tarjetas amarillas: Gabriel Florent\u00edn 12&#8242; (AAAJ), Lucas Villalba 24&#8242; (AAAJ), Miguel Torr\u00e9n 26\u2019 (AAAJ), Mat\u00edas Galarza 90+2&#8242; (AAAJ)<\/p>\n\n\n\n<p>Tarjetas rojas: Miguel Torr\u00e9n 65&#8242; (AAAJ)<\/p>\n\n\n\n<p><\/p>\n\n\n\n<p><\/p>\n\n\n\n<p>EMPATE DE ATLANTA ANTE DEPORTIVO MOR\u00d3N EN LA PRIMERA NACIONAL<\/p>\n\n\n\n<p>El \u201cbohemio\u201d empat\u00f3 el s\u00e1bado pasado por la fecha 10 de la segunda categor\u00eda del f\u00fatbol argentino ante Deportivo Mor\u00f3n por 1-1 en el Le\u00f3n Kolbowsky. Mat\u00edas Molina puso arriba al \u201cbohemio\u201d a los 51 minutos y lo igual\u00f3 Mateo Levato a los 62 para los visitantes.<\/p>\n\n\n\n<figure class=\"wp-block-image size-large\"><img loading=\"lazy\" decoding=\"async\" width=\"1024\" height=\"683\" src=\"http:\/\/vocesdelacomuna15.com.ar\/wordpress\/wp-content\/uploads\/2022\/04\/atlanta-1-1024x683.jpg\" alt=\"\" class=\"wp-image-56090\" srcset=\"https:\/\/vocesdelacomuna15.com.ar\/wp-content\/uploads\/2022\/04\/atlanta-1-1024x683.jpg 1024w, https:\/\/vocesdelacomuna15.com.ar\/wp-content\/uploads\/2022\/04\/atlanta-1-300x200.jpg 300w, https:\/\/vocesdelacomuna15.com.ar\/wp-content\/uploads\/2022\/04\/atlanta-1-768x512.jpg 768w, https:\/\/vocesdelacomuna15.com.ar\/wp-content\/uploads\/2022\/04\/atlanta-1-1536x1024.jpg 1536w, https:\/\/vocesdelacomuna15.com.ar\/wp-content\/uploads\/2022\/04\/atlanta-1-1080x720.jpg 1080w, https:\/\/vocesdelacomuna15.com.ar\/wp-content\/uploads\/2022\/04\/atlanta-1-600x400.jpg 600w, https:\/\/vocesdelacomuna15.com.ar\/wp-content\/uploads\/2022\/04\/atlanta-1.jpg 1599w\" sizes=\"(max-width: 1024px) 100vw, 1024px\" \/><figcaption>El &#8220;bohemio&#8221; no pudo vencer a Mor\u00f3n en el Le\u00f3n Kolbowsky<\/figcaption><\/figure>\n\n\n\n<p>Con el empate Atlanta qued\u00f3 en el puesto 10\u00b0 de la tabla con 14 puntos, liderada por Belgrano con 22. Por el momento, el \u201cbohemio\u201d est\u00e1 entrando en los octavos de final del reducido por el segundo ascenso a Primera. En la pr\u00f3xima fecha, Atlanta visitar\u00e1 a Deportivo Madryn el s\u00e1bado a las 15.30 horas.<\/p>\n\n\n\n<p>Resumen del partido (Fuente: Los Goles de Atlanta- You Tube)<\/p>\n\n\n\n<figure class=\"wp-block-embed is-type-video is-provider-youtube wp-block-embed-youtube wp-embed-aspect-16-9 wp-has-aspect-ratio\"><div class=\"wp-block-embed__wrapper\">\n<iframe loading=\"lazy\" title=\"Atlanta - Deportivo Mor\u00f3n [1-1] | RESUMEN | Primera Nacional Fecha 10\" width=\"1080\" height=\"608\" src=\"https:\/\/www.youtube.com\/embed\/Lt7QFv_L8hc?feature=oembed\" frameborder=\"0\" allow=\"accelerometer; autoplay; clipboard-write; encrypted-media; gyroscope; picture-in-picture\" allowfullscreen><\/iframe>\n<\/div><\/figure>\n\n\n\n<p><\/p>\n\n\n\n<p><\/p>\n\n\n\n<p>COMUNICACIONES SIGUE PUNTERO EN LA B METRO<\/p>\n\n\n\n<p>El \u201ccartero\u201d contin\u00faa en lo las alto de una de las terceras divisiones del f\u00fatbol argentino. Esta tarde igual\u00f3 2 a 2 ante J.J. Urquiza como visitante. Los de Loma Hermosa comenzaron 2-0 arriba con dos tantos de Franco Vedoya a los 17 y 34 minutos pero los de Agronom\u00eda lo igualar\u00edan en el primer tiempo con goles de Diego Casoppero a los 40 y de Rodrigo Lastra a los 44.<\/p>\n\n\n\n<figure class=\"wp-block-image size-full\"><img loading=\"lazy\" decoding=\"async\" width=\"888\" height=\"878\" src=\"http:\/\/vocesdelacomuna15.com.ar\/wordpress\/wp-content\/uploads\/2022\/04\/comu-1.jpg\" alt=\"\" class=\"wp-image-56091\" srcset=\"https:\/\/vocesdelacomuna15.com.ar\/wp-content\/uploads\/2022\/04\/comu-1.jpg 888w, https:\/\/vocesdelacomuna15.com.ar\/wp-content\/uploads\/2022\/04\/comu-1-300x297.jpg 300w, https:\/\/vocesdelacomuna15.com.ar\/wp-content\/uploads\/2022\/04\/comu-1-768x759.jpg 768w, https:\/\/vocesdelacomuna15.com.ar\/wp-content\/uploads\/2022\/04\/comu-1-600x593.jpg 600w, https:\/\/vocesdelacomuna15.com.ar\/wp-content\/uploads\/2022\/04\/comu-1-100x100.jpg 100w\" sizes=\"(max-width: 888px) 100vw, 888px\" \/><figcaption>&#8220;Comu&#8221; logr\u00f3 empatarlo en el primer tiempo tras un 0-2<\/figcaption><\/figure>\n\n\n\n<p>Comunicaciones es ahora \u00fanico l\u00edder con 18 puntos, seguido por Ituzaingo con 17 (que hoy tambi\u00e9n igual\u00f3 con Acassuso 2 a 2). En tercer lugar est\u00e1 Deportivo Armenio con 16 unidades y un partido menos. En la pr\u00f3xima jornada, la 10, Comunicaciones recibir\u00e1 a Ca\u00f1uelas en el Alfredo Ramos en fecha a confirmar.<\/p>\n\n\n\n<p>Fotos Argentinos: Prensa AAAJ<\/p>\n\n\n\n<p>Foto Atlanta: Atlanta Oficial<\/p>\n\n\n\n<p>Foto Comunicaciones: Prensa Comu<\/p>\n\n\n\n<p>Caracteres: 5.559<\/p>\n<div class=\"pvc_clear\"><\/div><p id=\"pvc_stats_56086\" class=\"pvc_stats all  \" data-element-id=\"56086\" style=\"\"><i class=\"pvc-stats-icon small\" aria-hidden=\"true\"><svg aria-hidden=\"true\" focusable=\"false\" data-prefix=\"far\" data-icon=\"chart-bar\" role=\"img\" xmlns=\"http:\/\/www.w3.org\/2000\/svg\" viewBox=\"0 0 512 512\" class=\"svg-inline--fa fa-chart-bar fa-w-16 fa-2x\"><path fill=\"currentColor\" d=\"M396.8 352h22.4c6.4 0 12.8-6.4 12.8-12.8V108.8c0-6.4-6.4-12.8-12.8-12.8h-22.4c-6.4 0-12.8 6.4-12.8 12.8v230.4c0 6.4 6.4 12.8 12.8 12.8zm-192 0h22.4c6.4 0 12.8-6.4 12.8-12.8V140.8c0-6.4-6.4-12.8-12.8-12.8h-22.4c-6.4 0-12.8 6.4-12.8 12.8v198.4c0 6.4 6.4 12.8 12.8 12.8zm96 0h22.4c6.4 0 12.8-6.4 12.8-12.8V204.8c0-6.4-6.4-12.8-12.8-12.8h-22.4c-6.4 0-12.8 6.4-12.8 12.8v134.4c0 6.4 6.4 12.8 12.8 12.8zM496 400H48V80c0-8.84-7.16-16-16-16H16C7.16 64 0 71.16 0 80v336c0 17.67 14.33 32 32 32h464c8.84 0 16-7.16 16-16v-16c0-8.84-7.16-16-16-16zm-387.2-48h22.4c6.4 0 12.8-6.4 12.8-12.8v-70.4c0-6.4-6.4-12.8-12.8-12.8h-22.4c-6.4 0-12.8 6.4-12.8 12.8v70.4c0 6.4 6.4 12.8 12.8 12.8z\" class=\"\"><\/path><\/svg><\/i> <img loading=\"lazy\" decoding=\"async\" width=\"16\" height=\"16\" alt=\"Loading\" src=\"https:\/\/vocesdelacomuna15.com.ar\/wp-content\/plugins\/page-views-count\/ajax-loader-2x.gif\" border=0 \/><\/p><div class=\"pvc_clear\"><\/div>","protected":false},"excerpt":{"rendered":"<p>Por 4 a 2 en un partido muy entretenido Argentinos Juniors se jugaba una parada complicada anoche en el Monumental ante el River de Marcelo Gallardo, en un partido clave por la clasificaci\u00f3n para la ronda final de la Copa de la Liga. El \u201cbicho\u201d no arranc\u00f3 de la mejor forma ya que a los [&hellip;]<\/p>\n<div class=\"pvc_clear\"><\/div>\n<p id=\"pvc_stats_56086\" class=\"pvc_stats all  \" data-element-id=\"56086\" style=\"\"><i class=\"pvc-stats-icon small\" aria-hidden=\"true\"><svg aria-hidden=\"true\" focusable=\"false\" data-prefix=\"far\" data-icon=\"chart-bar\" role=\"img\" xmlns=\"http:\/\/www.w3.org\/2000\/svg\" viewBox=\"0 0 512 512\" class=\"svg-inline--fa fa-chart-bar fa-w-16 fa-2x\"><path fill=\"currentColor\" d=\"M396.8 352h22.4c6.4 0 12.8-6.4 12.8-12.8V108.8c0-6.4-6.4-12.8-12.8-12.8h-22.4c-6.4 0-12.8 6.4-12.8 12.8v230.4c0 6.4 6.4 12.8 12.8 12.8zm-192 0h22.4c6.4 0 12.8-6.4 12.8-12.8V140.8c0-6.4-6.4-12.8-12.8-12.8h-22.4c-6.4 0-12.8 6.4-12.8 12.8v198.4c0 6.4 6.4 12.8 12.8 12.8zm96 0h22.4c6.4 0 12.8-6.4 12.8-12.8V204.8c0-6.4-6.4-12.8-12.8-12.8h-22.4c-6.4 0-12.8 6.4-12.8 12.8v134.4c0 6.4 6.4 12.8 12.8 12.8zM496 400H48V80c0-8.84-7.16-16-16-16H16C7.16 64 0 71.16 0 80v336c0 17.67 14.33 32 32 32h464c8.84 0 16-7.16 16-16v-16c0-8.84-7.16-16-16-16zm-387.2-48h22.4c6.4 0 12.8-6.4 12.8-12.8v-70.4c0-6.4-6.4-12.8-12.8-12.8h-22.4c-6.4 0-12.8 6.4-12.8 12.8v70.4c0 6.4 6.4 12.8 12.8 12.8z\" class=\"\"><\/path><\/svg><\/i> <img loading=\"lazy\" decoding=\"async\" width=\"16\" height=\"16\" alt=\"Loading\" src=\"https:\/\/vocesdelacomuna15.com.ar\/wp-content\/plugins\/page-views-count\/ajax-loader-2x.gif\" border=0 \/><\/p>\n<div class=\"pvc_clear\"><\/div>\n","protected":false},"author":2,"featured_media":56093,"comment_status":"open","ping_status":"open","sticky":false,"template":"","format":"standard","meta":{"_et_pb_use_builder":"","_et_pb_old_content":"","_et_gb_content_width":"","footnotes":""},"categories":[6,27,29,32],"tags":[],"class_list":["post-56086","post","type-post","status-publish","format-standard","has-post-thumbnail","hentry","category-agro","category-deportes","category-lapa","category-vcre","et-has-post-format-content","et_post_format-et-post-format-standard"],"a3_pvc":{"activated":true,"total_views":374,"today_views":0},"yoast_head":"<!-- This site is optimized with the Yoast SEO plugin v27.5 - https:\/\/yoast.com\/product\/yoast-seo-wordpress\/ -->\n<title>El \u201cbicho\u201d dio pelea en el Monumental pero termin\u00f3 cayendo ante River - Voces de la Comuna 15<\/title>\n<meta name=\"description\" content=\"Voces de la Comuna 15\" \/>\n<meta name=\"robots\" content=\"index, follow, max-snippet:-1, max-image-preview:large, max-video-preview:-1\" \/>\n<link rel=\"canonical\" href=\"https:\/\/vocesdelacomuna15.com.ar\/press\/el-bicho-dio-pelea-en-el-monumental-pero-termino-cayendo-ante-river\/\" \/>\n<meta property=\"og:locale\" content=\"es_ES\" \/>\n<meta property=\"og:type\" content=\"article\" \/>\n<meta property=\"og:title\" content=\"El \u201cbicho\u201d dio pelea en el Monumental pero termin\u00f3 cayendo ante River - Voces de la Comuna 15\" \/>\n<meta property=\"og:description\" content=\"Voces de la Comuna 15\" \/>\n<meta property=\"og:url\" content=\"https:\/\/vocesdelacomuna15.com.ar\/press\/el-bicho-dio-pelea-en-el-monumental-pero-termino-cayendo-ante-river\/\" \/>\n<meta property=\"og:site_name\" content=\"Voces de la Comuna 15\" \/>\n<meta property=\"article:publisher\" content=\"https:\/\/www.facebook.com\/VocesComuna15\/\" \/>\n<meta property=\"article:published_time\" content=\"2022-04-11T20:48:13+00:00\" \/>\n<meta property=\"article:modified_time\" content=\"2022-04-11T20:54:42+00:00\" \/>\n<meta property=\"og:image\" content=\"https:\/\/vocesdelacomuna15.com.ar\/wp-content\/uploads\/2022\/04\/avalosred.png\" \/>\n\t<meta property=\"og:image:width\" content=\"735\" \/>\n\t<meta property=\"og:image:height\" content=\"487\" \/>\n\t<meta property=\"og:image:type\" content=\"image\/png\" \/>\n<meta name=\"author\" content=\"Federico Arguto\" \/>\n<meta name=\"twitter:card\" content=\"summary_large_image\" \/>\n<meta name=\"twitter:creator\" content=\"@vocescomuna15\" \/>\n<meta name=\"twitter:site\" content=\"@vocescomuna15\" \/>\n<meta name=\"twitter:label1\" content=\"Escrito por\" \/>\n\t<meta name=\"twitter:data1\" content=\"Federico Arguto\" \/>\n\t<meta name=\"twitter:label2\" content=\"Tiempo de lectura\" \/>\n\t<meta name=\"twitter:data2\" content=\"5 minutos\" \/>\n<script type=\"application\/ld+json\" class=\"yoast-schema-graph\">{\"@context\":\"https:\\\/\\\/schema.org\",\"@graph\":[{\"@type\":\"Article\",\"@id\":\"https:\\\/\\\/vocesdelacomuna15.com.ar\\\/press\\\/el-bicho-dio-pelea-en-el-monumental-pero-termino-cayendo-ante-river\\\/#article\",\"isPartOf\":{\"@id\":\"https:\\\/\\\/vocesdelacomuna15.com.ar\\\/press\\\/el-bicho-dio-pelea-en-el-monumental-pero-termino-cayendo-ante-river\\\/\"},\"author\":{\"name\":\"Federico Arguto\",\"@id\":\"https:\\\/\\\/vocesdelacomuna15.com.ar\\\/press\\\/#\\\/schema\\\/person\\\/4739e109db25d799cd3d139eeb509e43\"},\"headline\":\"El \u201cbicho\u201d dio pelea en el Monumental pero termin\u00f3 cayendo ante River\",\"datePublished\":\"2022-04-11T20:48:13+00:00\",\"dateModified\":\"2022-04-11T20:54:42+00:00\",\"mainEntityOfPage\":{\"@id\":\"https:\\\/\\\/vocesdelacomuna15.com.ar\\\/press\\\/el-bicho-dio-pelea-en-el-monumental-pero-termino-cayendo-ante-river\\\/\"},\"wordCount\":1053,\"commentCount\":0,\"publisher\":{\"@id\":\"https:\\\/\\\/vocesdelacomuna15.com.ar\\\/press\\\/#organization\"},\"image\":{\"@id\":\"https:\\\/\\\/vocesdelacomuna15.com.ar\\\/press\\\/el-bicho-dio-pelea-en-el-monumental-pero-termino-cayendo-ante-river\\\/#primaryimage\"},\"thumbnailUrl\":\"https:\\\/\\\/vocesdelacomuna15.com.ar\\\/wp-content\\\/uploads\\\/2022\\\/04\\\/avalosred.png\",\"articleSection\":[\"Agronom\u00eda\",\"Deportes\",\"La Paternal\",\"Villa Crespo\"],\"inLanguage\":\"es-AR\",\"potentialAction\":[{\"@type\":\"CommentAction\",\"name\":\"Comment\",\"target\":[\"https:\\\/\\\/vocesdelacomuna15.com.ar\\\/press\\\/el-bicho-dio-pelea-en-el-monumental-pero-termino-cayendo-ante-river\\\/#respond\"]}]},{\"@type\":\"WebPage\",\"@id\":\"https:\\\/\\\/vocesdelacomuna15.com.ar\\\/press\\\/el-bicho-dio-pelea-en-el-monumental-pero-termino-cayendo-ante-river\\\/\",\"url\":\"https:\\\/\\\/vocesdelacomuna15.com.ar\\\/press\\\/el-bicho-dio-pelea-en-el-monumental-pero-termino-cayendo-ante-river\\\/\",\"name\":\"El \u201cbicho\u201d dio pelea en el Monumental pero termin\u00f3 cayendo ante River - Voces de la Comuna 15\",\"isPartOf\":{\"@id\":\"https:\\\/\\\/vocesdelacomuna15.com.ar\\\/press\\\/#website\"},\"primaryImageOfPage\":{\"@id\":\"https:\\\/\\\/vocesdelacomuna15.com.ar\\\/press\\\/el-bicho-dio-pelea-en-el-monumental-pero-termino-cayendo-ante-river\\\/#primaryimage\"},\"image\":{\"@id\":\"https:\\\/\\\/vocesdelacomuna15.com.ar\\\/press\\\/el-bicho-dio-pelea-en-el-monumental-pero-termino-cayendo-ante-river\\\/#primaryimage\"},\"thumbnailUrl\":\"https:\\\/\\\/vocesdelacomuna15.com.ar\\\/wp-content\\\/uploads\\\/2022\\\/04\\\/avalosred.png\",\"datePublished\":\"2022-04-11T20:48:13+00:00\",\"dateModified\":\"2022-04-11T20:54:42+00:00\",\"description\":\"Voces de la Comuna 15\",\"breadcrumb\":{\"@id\":\"https:\\\/\\\/vocesdelacomuna15.com.ar\\\/press\\\/el-bicho-dio-pelea-en-el-monumental-pero-termino-cayendo-ante-river\\\/#breadcrumb\"},\"inLanguage\":\"es-AR\",\"potentialAction\":[{\"@type\":\"ReadAction\",\"target\":[\"https:\\\/\\\/vocesdelacomuna15.com.ar\\\/press\\\/el-bicho-dio-pelea-en-el-monumental-pero-termino-cayendo-ante-river\\\/\"]}]},{\"@type\":\"ImageObject\",\"inLanguage\":\"es-AR\",\"@id\":\"https:\\\/\\\/vocesdelacomuna15.com.ar\\\/press\\\/el-bicho-dio-pelea-en-el-monumental-pero-termino-cayendo-ante-river\\\/#primaryimage\",\"url\":\"https:\\\/\\\/vocesdelacomuna15.com.ar\\\/wp-content\\\/uploads\\\/2022\\\/04\\\/avalosred.png\",\"contentUrl\":\"https:\\\/\\\/vocesdelacomuna15.com.ar\\\/wp-content\\\/uploads\\\/2022\\\/04\\\/avalosred.png\",\"width\":735,\"height\":487},{\"@type\":\"BreadcrumbList\",\"@id\":\"https:\\\/\\\/vocesdelacomuna15.com.ar\\\/press\\\/el-bicho-dio-pelea-en-el-monumental-pero-termino-cayendo-ante-river\\\/#breadcrumb\",\"itemListElement\":[{\"@type\":\"ListItem\",\"position\":1,\"name\":\"Inicio\",\"item\":\"https:\\\/\\\/vocesdelacomuna15.com.ar\\\/press\\\/\"},{\"@type\":\"ListItem\",\"position\":2,\"name\":\"El \u201cbicho\u201d dio pelea en el Monumental pero termin\u00f3 cayendo ante River\"}]},{\"@type\":\"WebSite\",\"@id\":\"https:\\\/\\\/vocesdelacomuna15.com.ar\\\/press\\\/#website\",\"url\":\"https:\\\/\\\/vocesdelacomuna15.com.ar\\\/press\\\/\",\"name\":\"Voces de la Comuna 15\",\"description\":\"Sitio web de noticias\",\"publisher\":{\"@id\":\"https:\\\/\\\/vocesdelacomuna15.com.ar\\\/press\\\/#organization\"},\"potentialAction\":[{\"@type\":\"SearchAction\",\"target\":{\"@type\":\"EntryPoint\",\"urlTemplate\":\"https:\\\/\\\/vocesdelacomuna15.com.ar\\\/press\\\/?s={search_term_string}\"},\"query-input\":{\"@type\":\"PropertyValueSpecification\",\"valueRequired\":true,\"valueName\":\"search_term_string\"}}],\"inLanguage\":\"es-AR\"},{\"@type\":\"Organization\",\"@id\":\"https:\\\/\\\/vocesdelacomuna15.com.ar\\\/press\\\/#organization\",\"name\":\"Voces de la Comuna 15\",\"url\":\"https:\\\/\\\/vocesdelacomuna15.com.ar\\\/press\\\/\",\"logo\":{\"@type\":\"ImageObject\",\"inLanguage\":\"es-AR\",\"@id\":\"https:\\\/\\\/vocesdelacomuna15.com.ar\\\/press\\\/#\\\/schema\\\/logo\\\/image\\\/\",\"url\":\"https:\\\/\\\/vocesdelacomuna15.com.ar\\\/wp-content\\\/uploads\\\/2024\\\/12\\\/cropped-logo_voces.jpg\",\"contentUrl\":\"https:\\\/\\\/vocesdelacomuna15.com.ar\\\/wp-content\\\/uploads\\\/2024\\\/12\\\/cropped-logo_voces.jpg\",\"width\":512,\"height\":512,\"caption\":\"Voces de la Comuna 15\"},\"image\":{\"@id\":\"https:\\\/\\\/vocesdelacomuna15.com.ar\\\/press\\\/#\\\/schema\\\/logo\\\/image\\\/\"},\"sameAs\":[\"https:\\\/\\\/www.facebook.com\\\/VocesComuna15\\\/\",\"https:\\\/\\\/x.com\\\/vocescomuna15\"]},{\"@type\":\"Person\",\"@id\":\"https:\\\/\\\/vocesdelacomuna15.com.ar\\\/press\\\/#\\\/schema\\\/person\\\/4739e109db25d799cd3d139eeb509e43\",\"name\":\"Federico Arguto\",\"image\":{\"@type\":\"ImageObject\",\"inLanguage\":\"es-AR\",\"@id\":\"https:\\\/\\\/vocesdelacomuna15.com.ar\\\/wp-content\\\/litespeed\\\/avatar\\\/82faf979976f1bae889b8b71f8a0a7e5.jpg?ver=1777419741\",\"url\":\"https:\\\/\\\/vocesdelacomuna15.com.ar\\\/wp-content\\\/litespeed\\\/avatar\\\/82faf979976f1bae889b8b71f8a0a7e5.jpg?ver=1777419741\",\"contentUrl\":\"https:\\\/\\\/vocesdelacomuna15.com.ar\\\/wp-content\\\/litespeed\\\/avatar\\\/82faf979976f1bae889b8b71f8a0a7e5.jpg?ver=1777419741\",\"caption\":\"Federico Arguto\"},\"url\":\"https:\\\/\\\/vocesdelacomuna15.com.ar\\\/press\\\/author\\\/fede\\\/\"}]}<\/script>\n<!-- \/ Yoast SEO plugin. -->","yoast_head_json":{"title":"El \u201cbicho\u201d dio pelea en el Monumental pero termin\u00f3 cayendo ante River - Voces de la Comuna 15","description":"Voces de la Comuna 15","robots":{"index":"index","follow":"follow","max-snippet":"max-snippet:-1","max-image-preview":"max-image-preview:large","max-video-preview":"max-video-preview:-1"},"canonical":"https:\/\/vocesdelacomuna15.com.ar\/press\/el-bicho-dio-pelea-en-el-monumental-pero-termino-cayendo-ante-river\/","og_locale":"es_ES","og_type":"article","og_title":"El \u201cbicho\u201d dio pelea en el Monumental pero termin\u00f3 cayendo ante River - Voces de la Comuna 15","og_description":"Voces de la Comuna 15","og_url":"https:\/\/vocesdelacomuna15.com.ar\/press\/el-bicho-dio-pelea-en-el-monumental-pero-termino-cayendo-ante-river\/","og_site_name":"Voces de la Comuna 15","article_publisher":"https:\/\/www.facebook.com\/VocesComuna15\/","article_published_time":"2022-04-11T20:48:13+00:00","article_modified_time":"2022-04-11T20:54:42+00:00","og_image":[{"width":735,"height":487,"url":"https:\/\/vocesdelacomuna15.com.ar\/wp-content\/uploads\/2022\/04\/avalosred.png","type":"image\/png"}],"author":"Federico Arguto","twitter_card":"summary_large_image","twitter_creator":"@vocescomuna15","twitter_site":"@vocescomuna15","twitter_misc":{"Escrito por":"Federico Arguto","Tiempo de lectura":"5 minutos"},"schema":{"@context":"https:\/\/schema.org","@graph":[{"@type":"Article","@id":"https:\/\/vocesdelacomuna15.com.ar\/press\/el-bicho-dio-pelea-en-el-monumental-pero-termino-cayendo-ante-river\/#article","isPartOf":{"@id":"https:\/\/vocesdelacomuna15.com.ar\/press\/el-bicho-dio-pelea-en-el-monumental-pero-termino-cayendo-ante-river\/"},"author":{"name":"Federico Arguto","@id":"https:\/\/vocesdelacomuna15.com.ar\/press\/#\/schema\/person\/4739e109db25d799cd3d139eeb509e43"},"headline":"El \u201cbicho\u201d dio pelea en el Monumental pero termin\u00f3 cayendo ante River","datePublished":"2022-04-11T20:48:13+00:00","dateModified":"2022-04-11T20:54:42+00:00","mainEntityOfPage":{"@id":"https:\/\/vocesdelacomuna15.com.ar\/press\/el-bicho-dio-pelea-en-el-monumental-pero-termino-cayendo-ante-river\/"},"wordCount":1053,"commentCount":0,"publisher":{"@id":"https:\/\/vocesdelacomuna15.com.ar\/press\/#organization"},"image":{"@id":"https:\/\/vocesdelacomuna15.com.ar\/press\/el-bicho-dio-pelea-en-el-monumental-pero-termino-cayendo-ante-river\/#primaryimage"},"thumbnailUrl":"https:\/\/vocesdelacomuna15.com.ar\/wp-content\/uploads\/2022\/04\/avalosred.png","articleSection":["Agronom\u00eda","Deportes","La Paternal","Villa Crespo"],"inLanguage":"es-AR","potentialAction":[{"@type":"CommentAction","name":"Comment","target":["https:\/\/vocesdelacomuna15.com.ar\/press\/el-bicho-dio-pelea-en-el-monumental-pero-termino-cayendo-ante-river\/#respond"]}]},{"@type":"WebPage","@id":"https:\/\/vocesdelacomuna15.com.ar\/press\/el-bicho-dio-pelea-en-el-monumental-pero-termino-cayendo-ante-river\/","url":"https:\/\/vocesdelacomuna15.com.ar\/press\/el-bicho-dio-pelea-en-el-monumental-pero-termino-cayendo-ante-river\/","name":"El \u201cbicho\u201d dio pelea en el Monumental pero termin\u00f3 cayendo ante River - Voces de la Comuna 15","isPartOf":{"@id":"https:\/\/vocesdelacomuna15.com.ar\/press\/#website"},"primaryImageOfPage":{"@id":"https:\/\/vocesdelacomuna15.com.ar\/press\/el-bicho-dio-pelea-en-el-monumental-pero-termino-cayendo-ante-river\/#primaryimage"},"image":{"@id":"https:\/\/vocesdelacomuna15.com.ar\/press\/el-bicho-dio-pelea-en-el-monumental-pero-termino-cayendo-ante-river\/#primaryimage"},"thumbnailUrl":"https:\/\/vocesdelacomuna15.com.ar\/wp-content\/uploads\/2022\/04\/avalosred.png","datePublished":"2022-04-11T20:48:13+00:00","dateModified":"2022-04-11T20:54:42+00:00","description":"Voces de la Comuna 15","breadcrumb":{"@id":"https:\/\/vocesdelacomuna15.com.ar\/press\/el-bicho-dio-pelea-en-el-monumental-pero-termino-cayendo-ante-river\/#breadcrumb"},"inLanguage":"es-AR","potentialAction":[{"@type":"ReadAction","target":["https:\/\/vocesdelacomuna15.com.ar\/press\/el-bicho-dio-pelea-en-el-monumental-pero-termino-cayendo-ante-river\/"]}]},{"@type":"ImageObject","inLanguage":"es-AR","@id":"https:\/\/vocesdelacomuna15.com.ar\/press\/el-bicho-dio-pelea-en-el-monumental-pero-termino-cayendo-ante-river\/#primaryimage","url":"https:\/\/vocesdelacomuna15.com.ar\/wp-content\/uploads\/2022\/04\/avalosred.png","contentUrl":"https:\/\/vocesdelacomuna15.com.ar\/wp-content\/uploads\/2022\/04\/avalosred.png","width":735,"height":487},{"@type":"BreadcrumbList","@id":"https:\/\/vocesdelacomuna15.com.ar\/press\/el-bicho-dio-pelea-en-el-monumental-pero-termino-cayendo-ante-river\/#breadcrumb","itemListElement":[{"@type":"ListItem","position":1,"name":"Inicio","item":"https:\/\/vocesdelacomuna15.com.ar\/press\/"},{"@type":"ListItem","position":2,"name":"El \u201cbicho\u201d dio pelea en el Monumental pero termin\u00f3 cayendo ante River"}]},{"@type":"WebSite","@id":"https:\/\/vocesdelacomuna15.com.ar\/press\/#website","url":"https:\/\/vocesdelacomuna15.com.ar\/press\/","name":"Voces de la Comuna 15","description":"Sitio web de noticias","publisher":{"@id":"https:\/\/vocesdelacomuna15.com.ar\/press\/#organization"},"potentialAction":[{"@type":"SearchAction","target":{"@type":"EntryPoint","urlTemplate":"https:\/\/vocesdelacomuna15.com.ar\/press\/?s={search_term_string}"},"query-input":{"@type":"PropertyValueSpecification","valueRequired":true,"valueName":"search_term_string"}}],"inLanguage":"es-AR"},{"@type":"Organization","@id":"https:\/\/vocesdelacomuna15.com.ar\/press\/#organization","name":"Voces de la Comuna 15","url":"https:\/\/vocesdelacomuna15.com.ar\/press\/","logo":{"@type":"ImageObject","inLanguage":"es-AR","@id":"https:\/\/vocesdelacomuna15.com.ar\/press\/#\/schema\/logo\/image\/","url":"https:\/\/vocesdelacomuna15.com.ar\/wp-content\/uploads\/2024\/12\/cropped-logo_voces.jpg","contentUrl":"https:\/\/vocesdelacomuna15.com.ar\/wp-content\/uploads\/2024\/12\/cropped-logo_voces.jpg","width":512,"height":512,"caption":"Voces de la Comuna 15"},"image":{"@id":"https:\/\/vocesdelacomuna15.com.ar\/press\/#\/schema\/logo\/image\/"},"sameAs":["https:\/\/www.facebook.com\/VocesComuna15\/","https:\/\/x.com\/vocescomuna15"]},{"@type":"Person","@id":"https:\/\/vocesdelacomuna15.com.ar\/press\/#\/schema\/person\/4739e109db25d799cd3d139eeb509e43","name":"Federico Arguto","image":{"@type":"ImageObject","inLanguage":"es-AR","@id":"https:\/\/vocesdelacomuna15.com.ar\/wp-content\/litespeed\/avatar\/82faf979976f1bae889b8b71f8a0a7e5.jpg?ver=1777419741","url":"https:\/\/vocesdelacomuna15.com.ar\/wp-content\/litespeed\/avatar\/82faf979976f1bae889b8b71f8a0a7e5.jpg?ver=1777419741","contentUrl":"https:\/\/vocesdelacomuna15.com.ar\/wp-content\/litespeed\/avatar\/82faf979976f1bae889b8b71f8a0a7e5.jpg?ver=1777419741","caption":"Federico Arguto"},"url":"https:\/\/vocesdelacomuna15.com.ar\/press\/author\/fede\/"}]}},"_links":{"self":[{"href":"https:\/\/vocesdelacomuna15.com.ar\/press\/wp-json\/wp\/v2\/posts\/56086","targetHints":{"allow":["GET"]}}],"collection":[{"href":"https:\/\/vocesdelacomuna15.com.ar\/press\/wp-json\/wp\/v2\/posts"}],"about":[{"href":"https:\/\/vocesdelacomuna15.com.ar\/press\/wp-json\/wp\/v2\/types\/post"}],"author":[{"embeddable":true,"href":"https:\/\/vocesdelacomuna15.com.ar\/press\/wp-json\/wp\/v2\/users\/2"}],"replies":[{"embeddable":true,"href":"https:\/\/vocesdelacomuna15.com.ar\/press\/wp-json\/wp\/v2\/comments?post=56086"}],"version-history":[{"count":3,"href":"https:\/\/vocesdelacomuna15.com.ar\/press\/wp-json\/wp\/v2\/posts\/56086\/revisions"}],"predecessor-version":[{"id":56097,"href":"https:\/\/vocesdelacomuna15.com.ar\/press\/wp-json\/wp\/v2\/posts\/56086\/revisions\/56097"}],"wp:featuredmedia":[{"embeddable":true,"href":"https:\/\/vocesdelacomuna15.com.ar\/press\/wp-json\/wp\/v2\/media\/56093"}],"wp:attachment":[{"href":"https:\/\/vocesdelacomuna15.com.ar\/press\/wp-json\/wp\/v2\/media?parent=56086"}],"wp:term":[{"taxonomy":"category","embeddable":true,"href":"https:\/\/vocesdelacomuna15.com.ar\/press\/wp-json\/wp\/v2\/categories?post=56086"},{"taxonomy":"post_tag","embeddable":true,"href":"https:\/\/vocesdelacomuna15.com.ar\/press\/wp-json\/wp\/v2\/tags?post=56086"}],"curies":[{"name":"wp","href":"https:\/\/api.w.org\/{rel}","templated":true}]}}