{"id":56009,"date":"2022-04-01T19:07:48","date_gmt":"2022-04-01T22:07:48","guid":{"rendered":"http:\/\/vocesdelacomuna15.com.ar\/wordpress\/?p=56009"},"modified":"2022-04-01T19:10:14","modified_gmt":"2022-04-01T22:10:14","slug":"malena-galmarini-carlos-bianco-y-agustin-simone-firmaron-convenios-para-continuar-llevando-agua-potable-y-cloacas-a-los-barrios-populares-del-conurbano","status":"publish","type":"post","link":"https:\/\/vocesdelacomuna15.com.ar\/press\/malena-galmarini-carlos-bianco-y-agustin-simone-firmaron-convenios-para-continuar-llevando-agua-potable-y-cloacas-a-los-barrios-populares-del-conurbano\/","title":{"rendered":"Malena Galmarini, Carlos Bianco y Agust\u00edn Simone firmaron convenios para continuar llevando agua potable y cloacas a los barrios populares del conurbano"},"content":{"rendered":"\n<p>La presidenta de AySA, Malena Galmarini, mantuvo una reuni\u00f3n de trabajo junto al Jefe de Asesores del Gobernador de la Provincia de Buenos Aires, Carlos Bianco, y el Ministro de H\u00e1bitat y Desarrollo Urbano de la Provincia, Agust\u00edn Simone, para seguir trabajando en los proyectos para vincular a los barrios populares bonaerenses a las redes de agua potable y cloacas. Tambi\u00e9n particip\u00f3 Romina Barrios, la Directora Ejecutiva del Organismo Provincial de Integraci\u00f3n Social y Urbana (OPISU), que lleva adelante las obras<\/p>\n\n\n\n<p>Durante el encuentro, los representantes de los diferentes organismos avanzaron con el acuerdo para establecer un convenio marco espec\u00edfico de contrataci\u00f3n, ejecuci\u00f3n, inspecci\u00f3n, supervisi\u00f3n t\u00e9cnica y control de las obras de redes y conexiones domiciliarias de los barrios Puerta de Hierro, San Petersburgo, 17 de Marzo y 17 de Marzo Bis ubicados en el partido de La Matanza, y el barrio Villa Itat\u00ed, en Quilmes, adem\u00e1s de otros barrios en Almirante Brown.<\/p>\n\n\n\n<p>Al finalizar la reuni\u00f3n, Malena Galmarini se\u00f1al\u00f3: \u201cIndependientemente de los barrios donde estamos trabajando, ambos, tanto OPISU, la Provincia de Buenos Aires, como nosotros -con ayuda del BID y del Banco Mundial- estamos empezando a hacer conexiones domiciliarias. Siempre digo, si hacemos grandes obras o muchas obras, y enterramos muchos ca\u00f1os, pero despu\u00e9s las familias o los hogares no pueden conectarse, es una ficci\u00f3n. Nosotros, nosotras lo que estamos buscando es impacto real en la vida de la gente\u201d.<\/p>\n\n\n\n<p>Carlos Bianco, manifest\u00f3 que, \u201cel saldo de esta reuni\u00f3n es muy positivo. Es una relaci\u00f3n de trabajo que venimos teniendo&nbsp; desde la Provincia desde el comienzo de la gesti\u00f3n. Repasamos todas las obras que se est\u00e1n ejecutando en conjunto con el Opisu, y tambi\u00e9n firmando convenios para avanzar en distintas obras para mejorarle las condiciones materiales de vida a todos los bonaerenses\u201d.<\/p>\n\n\n\n<p>Por su parte, el ministro de H\u00e1bitat bonaerense dijo: \u201cFirmamos convenios con OPISU pero tambi\u00e9n repasando una cantidad de obras de que tenemos dentro del Ministerio de H\u00e1bitat. Hablamos de diversos temas, conexiones domiciliarias, proyectos nuevos en vivienda que estamos trabajando en conjunto con AySA, as\u00ed que muy contentos. Hablamos de la Matanza, de Almirante Brown, de varios municipios donde estamos trabajando con AySA, haciendo nuevas casas y nuevas viviendas. Todas las viviendas que estamos haciendo ya vienen con las conexiones de agua y de cloaca.\u201d<\/p>\n\n\n\n<p>Romina Barrios puntualiz\u00f3: \u201cSe trata de proyectos muy grandes y para nosotros sigue siendo muy importante la capacidad de trabajar con AySA y priorizar las infraestructuras de servicios p\u00fablicos en nuestro barrios populares. En este marco terminamos de cerrar los convenios de cuatro barrios de la Matanza: San Petesburgo, Puerta de Hierro, 17 de Marzo y 17 de Marzo Bis, y en Villa Itat\u00ed en Quilmes donde ya tenemos obras que se est\u00e1n licitando y otras prontas a licitarse\u201d.<\/p>\n\n\n\n<p>Galmarini finaliz\u00f3 remarcando que: \u201cel impacto real es tener el ca\u00f1o en la canilla de la cocina, o en el inodoro del ba\u00f1o. Si no, desde el Estado Nacional y el Estado Provincial estamos haciendo enormes esfuerzos, grand\u00edsimas inversiones, hist\u00f3ricas, te dir\u00eda yo, en t\u00e9rminos de agua y saneamiento, pero la gente no lo ve. Lo que queremos es que la gente vea, sienta, tenga esperanza, pueda cumplir con la expectativa de que Argentina es un pa\u00eds donde se puede vivir mejor\u201d.<\/p>\n\n\n\n<p>De la reuni\u00f3n que se llev\u00f3 adelante en las oficinas de la empresa, tambi\u00e9n participaron por parte de AySA: Alberto Freire, director general operativo; Fernando Calatroni, director general t\u00e9cnico; Mario Russo, director de Relaciones Gubernamentales; Rodolfo Rojas, director de Desarrollo con la Comunidad y Mario Robustelli, jefe de apoyo t\u00e9cnico.<\/p>\n\n\n\n<p>Link descarga al video: <a href=\"https:\/\/we.tl\/t-b3y277qN0j\">https:\/\/we.tl\/t-b3y277qN0j<\/a><\/p>\n<div class=\"pvc_clear\"><\/div><p id=\"pvc_stats_56009\" class=\"pvc_stats all  \" data-element-id=\"56009\" style=\"\"><i class=\"pvc-stats-icon small\" aria-hidden=\"true\"><svg aria-hidden=\"true\" focusable=\"false\" data-prefix=\"far\" data-icon=\"chart-bar\" role=\"img\" xmlns=\"http:\/\/www.w3.org\/2000\/svg\" viewBox=\"0 0 512 512\" class=\"svg-inline--fa fa-chart-bar fa-w-16 fa-2x\"><path fill=\"currentColor\" d=\"M396.8 352h22.4c6.4 0 12.8-6.4 12.8-12.8V108.8c0-6.4-6.4-12.8-12.8-12.8h-22.4c-6.4 0-12.8 6.4-12.8 12.8v230.4c0 6.4 6.4 12.8 12.8 12.8zm-192 0h22.4c6.4 0 12.8-6.4 12.8-12.8V140.8c0-6.4-6.4-12.8-12.8-12.8h-22.4c-6.4 0-12.8 6.4-12.8 12.8v198.4c0 6.4 6.4 12.8 12.8 12.8zm96 0h22.4c6.4 0 12.8-6.4 12.8-12.8V204.8c0-6.4-6.4-12.8-12.8-12.8h-22.4c-6.4 0-12.8 6.4-12.8 12.8v134.4c0 6.4 6.4 12.8 12.8 12.8zM496 400H48V80c0-8.84-7.16-16-16-16H16C7.16 64 0 71.16 0 80v336c0 17.67 14.33 32 32 32h464c8.84 0 16-7.16 16-16v-16c0-8.84-7.16-16-16-16zm-387.2-48h22.4c6.4 0 12.8-6.4 12.8-12.8v-70.4c0-6.4-6.4-12.8-12.8-12.8h-22.4c-6.4 0-12.8 6.4-12.8 12.8v70.4c0 6.4 6.4 12.8 12.8 12.8z\" class=\"\"><\/path><\/svg><\/i> <img loading=\"lazy\" decoding=\"async\" width=\"16\" height=\"16\" alt=\"Loading\" src=\"https:\/\/vocesdelacomuna15.com.ar\/wp-content\/plugins\/page-views-count\/ajax-loader-2x.gif\" border=0 \/><\/p><div class=\"pvc_clear\"><\/div>","protected":false},"excerpt":{"rendered":"<p>La presidenta de AySA, Malena Galmarini, mantuvo una reuni\u00f3n de trabajo junto al Jefe de Asesores del Gobernador de la Provincia de Buenos Aires, Carlos Bianco, y el Ministro de H\u00e1bitat y Desarrollo Urbano de la Provincia, Agust\u00edn Simone, para seguir trabajando en los proyectos para vincular a los barrios populares bonaerenses a las redes [&hellip;]<\/p>\n<div class=\"pvc_clear\"><\/div>\n<p id=\"pvc_stats_56009\" class=\"pvc_stats all  \" data-element-id=\"56009\" style=\"\"><i class=\"pvc-stats-icon small\" aria-hidden=\"true\"><svg aria-hidden=\"true\" focusable=\"false\" data-prefix=\"far\" data-icon=\"chart-bar\" role=\"img\" xmlns=\"http:\/\/www.w3.org\/2000\/svg\" viewBox=\"0 0 512 512\" class=\"svg-inline--fa fa-chart-bar fa-w-16 fa-2x\"><path fill=\"currentColor\" d=\"M396.8 352h22.4c6.4 0 12.8-6.4 12.8-12.8V108.8c0-6.4-6.4-12.8-12.8-12.8h-22.4c-6.4 0-12.8 6.4-12.8 12.8v230.4c0 6.4 6.4 12.8 12.8 12.8zm-192 0h22.4c6.4 0 12.8-6.4 12.8-12.8V140.8c0-6.4-6.4-12.8-12.8-12.8h-22.4c-6.4 0-12.8 6.4-12.8 12.8v198.4c0 6.4 6.4 12.8 12.8 12.8zm96 0h22.4c6.4 0 12.8-6.4 12.8-12.8V204.8c0-6.4-6.4-12.8-12.8-12.8h-22.4c-6.4 0-12.8 6.4-12.8 12.8v134.4c0 6.4 6.4 12.8 12.8 12.8zM496 400H48V80c0-8.84-7.16-16-16-16H16C7.16 64 0 71.16 0 80v336c0 17.67 14.33 32 32 32h464c8.84 0 16-7.16 16-16v-16c0-8.84-7.16-16-16-16zm-387.2-48h22.4c6.4 0 12.8-6.4 12.8-12.8v-70.4c0-6.4-6.4-12.8-12.8-12.8h-22.4c-6.4 0-12.8 6.4-12.8 12.8v70.4c0 6.4 6.4 12.8 12.8 12.8z\" class=\"\"><\/path><\/svg><\/i> <img loading=\"lazy\" decoding=\"async\" width=\"16\" height=\"16\" alt=\"Loading\" src=\"https:\/\/vocesdelacomuna15.com.ar\/wp-content\/plugins\/page-views-count\/ajax-loader-2x.gif\" border=0 \/><\/p>\n<div class=\"pvc_clear\"><\/div>\n","protected":false},"author":2,"featured_media":56010,"comment_status":"open","ping_status":"open","sticky":false,"template":"","format":"standard","meta":{"_et_pb_use_builder":"","_et_pb_old_content":"","_et_gb_content_width":"","footnotes":""},"categories":[31],"tags":[],"class_list":["post-56009","post","type-post","status-publish","format-standard","has-post-thumbnail","hentry","category-politica","et-has-post-format-content","et_post_format-et-post-format-standard"],"a3_pvc":{"activated":true,"total_views":419,"today_views":0},"yoast_head":"<!-- This site is optimized with the Yoast SEO plugin v27.5 - https:\/\/yoast.com\/product\/yoast-seo-wordpress\/ -->\n<title>Malena Galmarini, Carlos Bianco y Agust\u00edn Simone firmaron convenios para continuar llevando agua potable y cloacas a los barrios populares del conurbano - Voces de la Comuna 15<\/title>\n<meta name=\"description\" content=\"Voces de la Comuna 15\" \/>\n<meta name=\"robots\" content=\"index, follow, max-snippet:-1, max-image-preview:large, max-video-preview:-1\" \/>\n<link rel=\"canonical\" href=\"https:\/\/vocesdelacomuna15.com.ar\/press\/malena-galmarini-carlos-bianco-y-agustin-simone-firmaron-convenios-para-continuar-llevando-agua-potable-y-cloacas-a-los-barrios-populares-del-conurbano\/\" \/>\n<meta property=\"og:locale\" content=\"es_ES\" \/>\n<meta property=\"og:type\" content=\"article\" \/>\n<meta property=\"og:title\" content=\"Malena Galmarini, Carlos Bianco y Agust\u00edn Simone firmaron convenios para continuar llevando agua potable y cloacas a los barrios populares del conurbano - Voces de la Comuna 15\" \/>\n<meta property=\"og:description\" content=\"Voces de la Comuna 15\" \/>\n<meta property=\"og:url\" content=\"https:\/\/vocesdelacomuna15.com.ar\/press\/malena-galmarini-carlos-bianco-y-agustin-simone-firmaron-convenios-para-continuar-llevando-agua-potable-y-cloacas-a-los-barrios-populares-del-conurbano\/\" \/>\n<meta property=\"og:site_name\" content=\"Voces de la Comuna 15\" \/>\n<meta property=\"article:publisher\" content=\"https:\/\/www.facebook.com\/VocesComuna15\/\" \/>\n<meta property=\"article:published_time\" content=\"2022-04-01T22:07:48+00:00\" \/>\n<meta property=\"article:modified_time\" content=\"2022-04-01T22:10:14+00:00\" \/>\n<meta property=\"og:image\" content=\"https:\/\/vocesdelacomuna15.com.ar\/wp-content\/uploads\/2022\/04\/aysa1.jpg\" \/>\n\t<meta property=\"og:image:width\" content=\"1024\" \/>\n\t<meta property=\"og:image:height\" content=\"683\" \/>\n\t<meta property=\"og:image:type\" content=\"image\/jpeg\" \/>\n<meta name=\"author\" content=\"Federico Arguto\" \/>\n<meta name=\"twitter:card\" content=\"summary_large_image\" \/>\n<meta name=\"twitter:creator\" content=\"@vocescomuna15\" \/>\n<meta name=\"twitter:site\" content=\"@vocescomuna15\" \/>\n<meta name=\"twitter:label1\" content=\"Escrito por\" \/>\n\t<meta name=\"twitter:data1\" content=\"Federico Arguto\" \/>\n\t<meta name=\"twitter:label2\" content=\"Tiempo de lectura\" \/>\n\t<meta name=\"twitter:data2\" content=\"3 minutos\" \/>\n<script type=\"application\/ld+json\" class=\"yoast-schema-graph\">{\"@context\":\"https:\\\/\\\/schema.org\",\"@graph\":[{\"@type\":\"Article\",\"@id\":\"https:\\\/\\\/vocesdelacomuna15.com.ar\\\/press\\\/malena-galmarini-carlos-bianco-y-agustin-simone-firmaron-convenios-para-continuar-llevando-agua-potable-y-cloacas-a-los-barrios-populares-del-conurbano\\\/#article\",\"isPartOf\":{\"@id\":\"https:\\\/\\\/vocesdelacomuna15.com.ar\\\/press\\\/malena-galmarini-carlos-bianco-y-agustin-simone-firmaron-convenios-para-continuar-llevando-agua-potable-y-cloacas-a-los-barrios-populares-del-conurbano\\\/\"},\"author\":{\"name\":\"Federico Arguto\",\"@id\":\"https:\\\/\\\/vocesdelacomuna15.com.ar\\\/press\\\/#\\\/schema\\\/person\\\/4739e109db25d799cd3d139eeb509e43\"},\"headline\":\"Malena Galmarini, Carlos Bianco y Agust\u00edn Simone firmaron convenios para continuar llevando agua potable y cloacas a los barrios populares del conurbano\",\"datePublished\":\"2022-04-01T22:07:48+00:00\",\"dateModified\":\"2022-04-01T22:10:14+00:00\",\"mainEntityOfPage\":{\"@id\":\"https:\\\/\\\/vocesdelacomuna15.com.ar\\\/press\\\/malena-galmarini-carlos-bianco-y-agustin-simone-firmaron-convenios-para-continuar-llevando-agua-potable-y-cloacas-a-los-barrios-populares-del-conurbano\\\/\"},\"wordCount\":660,\"commentCount\":0,\"publisher\":{\"@id\":\"https:\\\/\\\/vocesdelacomuna15.com.ar\\\/press\\\/#organization\"},\"image\":{\"@id\":\"https:\\\/\\\/vocesdelacomuna15.com.ar\\\/press\\\/malena-galmarini-carlos-bianco-y-agustin-simone-firmaron-convenios-para-continuar-llevando-agua-potable-y-cloacas-a-los-barrios-populares-del-conurbano\\\/#primaryimage\"},\"thumbnailUrl\":\"https:\\\/\\\/vocesdelacomuna15.com.ar\\\/wp-content\\\/uploads\\\/2022\\\/04\\\/aysa1.jpg\",\"articleSection\":[\"Pol\u00edtica\"],\"inLanguage\":\"es-AR\",\"potentialAction\":[{\"@type\":\"CommentAction\",\"name\":\"Comment\",\"target\":[\"https:\\\/\\\/vocesdelacomuna15.com.ar\\\/press\\\/malena-galmarini-carlos-bianco-y-agustin-simone-firmaron-convenios-para-continuar-llevando-agua-potable-y-cloacas-a-los-barrios-populares-del-conurbano\\\/#respond\"]}]},{\"@type\":\"WebPage\",\"@id\":\"https:\\\/\\\/vocesdelacomuna15.com.ar\\\/press\\\/malena-galmarini-carlos-bianco-y-agustin-simone-firmaron-convenios-para-continuar-llevando-agua-potable-y-cloacas-a-los-barrios-populares-del-conurbano\\\/\",\"url\":\"https:\\\/\\\/vocesdelacomuna15.com.ar\\\/press\\\/malena-galmarini-carlos-bianco-y-agustin-simone-firmaron-convenios-para-continuar-llevando-agua-potable-y-cloacas-a-los-barrios-populares-del-conurbano\\\/\",\"name\":\"Malena Galmarini, Carlos Bianco y Agust\u00edn Simone firmaron convenios para continuar llevando agua potable y cloacas a los barrios populares del conurbano - Voces de la Comuna 15\",\"isPartOf\":{\"@id\":\"https:\\\/\\\/vocesdelacomuna15.com.ar\\\/press\\\/#website\"},\"primaryImageOfPage\":{\"@id\":\"https:\\\/\\\/vocesdelacomuna15.com.ar\\\/press\\\/malena-galmarini-carlos-bianco-y-agustin-simone-firmaron-convenios-para-continuar-llevando-agua-potable-y-cloacas-a-los-barrios-populares-del-conurbano\\\/#primaryimage\"},\"image\":{\"@id\":\"https:\\\/\\\/vocesdelacomuna15.com.ar\\\/press\\\/malena-galmarini-carlos-bianco-y-agustin-simone-firmaron-convenios-para-continuar-llevando-agua-potable-y-cloacas-a-los-barrios-populares-del-conurbano\\\/#primaryimage\"},\"thumbnailUrl\":\"https:\\\/\\\/vocesdelacomuna15.com.ar\\\/wp-content\\\/uploads\\\/2022\\\/04\\\/aysa1.jpg\",\"datePublished\":\"2022-04-01T22:07:48+00:00\",\"dateModified\":\"2022-04-01T22:10:14+00:00\",\"description\":\"Voces de la Comuna 15\",\"breadcrumb\":{\"@id\":\"https:\\\/\\\/vocesdelacomuna15.com.ar\\\/press\\\/malena-galmarini-carlos-bianco-y-agustin-simone-firmaron-convenios-para-continuar-llevando-agua-potable-y-cloacas-a-los-barrios-populares-del-conurbano\\\/#breadcrumb\"},\"inLanguage\":\"es-AR\",\"potentialAction\":[{\"@type\":\"ReadAction\",\"target\":[\"https:\\\/\\\/vocesdelacomuna15.com.ar\\\/press\\\/malena-galmarini-carlos-bianco-y-agustin-simone-firmaron-convenios-para-continuar-llevando-agua-potable-y-cloacas-a-los-barrios-populares-del-conurbano\\\/\"]}]},{\"@type\":\"ImageObject\",\"inLanguage\":\"es-AR\",\"@id\":\"https:\\\/\\\/vocesdelacomuna15.com.ar\\\/press\\\/malena-galmarini-carlos-bianco-y-agustin-simone-firmaron-convenios-para-continuar-llevando-agua-potable-y-cloacas-a-los-barrios-populares-del-conurbano\\\/#primaryimage\",\"url\":\"https:\\\/\\\/vocesdelacomuna15.com.ar\\\/wp-content\\\/uploads\\\/2022\\\/04\\\/aysa1.jpg\",\"contentUrl\":\"https:\\\/\\\/vocesdelacomuna15.com.ar\\\/wp-content\\\/uploads\\\/2022\\\/04\\\/aysa1.jpg\",\"width\":1024,\"height\":683},{\"@type\":\"BreadcrumbList\",\"@id\":\"https:\\\/\\\/vocesdelacomuna15.com.ar\\\/press\\\/malena-galmarini-carlos-bianco-y-agustin-simone-firmaron-convenios-para-continuar-llevando-agua-potable-y-cloacas-a-los-barrios-populares-del-conurbano\\\/#breadcrumb\",\"itemListElement\":[{\"@type\":\"ListItem\",\"position\":1,\"name\":\"Inicio\",\"item\":\"https:\\\/\\\/vocesdelacomuna15.com.ar\\\/press\\\/\"},{\"@type\":\"ListItem\",\"position\":2,\"name\":\"Malena Galmarini, Carlos Bianco y Agust\u00edn Simone firmaron convenios para continuar llevando agua potable y cloacas a los barrios populares del conurbano\"}]},{\"@type\":\"WebSite\",\"@id\":\"https:\\\/\\\/vocesdelacomuna15.com.ar\\\/press\\\/#website\",\"url\":\"https:\\\/\\\/vocesdelacomuna15.com.ar\\\/press\\\/\",\"name\":\"Voces de la Comuna 15\",\"description\":\"Sitio web de noticias\",\"publisher\":{\"@id\":\"https:\\\/\\\/vocesdelacomuna15.com.ar\\\/press\\\/#organization\"},\"potentialAction\":[{\"@type\":\"SearchAction\",\"target\":{\"@type\":\"EntryPoint\",\"urlTemplate\":\"https:\\\/\\\/vocesdelacomuna15.com.ar\\\/press\\\/?s={search_term_string}\"},\"query-input\":{\"@type\":\"PropertyValueSpecification\",\"valueRequired\":true,\"valueName\":\"search_term_string\"}}],\"inLanguage\":\"es-AR\"},{\"@type\":\"Organization\",\"@id\":\"https:\\\/\\\/vocesdelacomuna15.com.ar\\\/press\\\/#organization\",\"name\":\"Voces de la Comuna 15\",\"url\":\"https:\\\/\\\/vocesdelacomuna15.com.ar\\\/press\\\/\",\"logo\":{\"@type\":\"ImageObject\",\"inLanguage\":\"es-AR\",\"@id\":\"https:\\\/\\\/vocesdelacomuna15.com.ar\\\/press\\\/#\\\/schema\\\/logo\\\/image\\\/\",\"url\":\"https:\\\/\\\/vocesdelacomuna15.com.ar\\\/wp-content\\\/uploads\\\/2024\\\/12\\\/cropped-logo_voces.jpg\",\"contentUrl\":\"https:\\\/\\\/vocesdelacomuna15.com.ar\\\/wp-content\\\/uploads\\\/2024\\\/12\\\/cropped-logo_voces.jpg\",\"width\":512,\"height\":512,\"caption\":\"Voces de la Comuna 15\"},\"image\":{\"@id\":\"https:\\\/\\\/vocesdelacomuna15.com.ar\\\/press\\\/#\\\/schema\\\/logo\\\/image\\\/\"},\"sameAs\":[\"https:\\\/\\\/www.facebook.com\\\/VocesComuna15\\\/\",\"https:\\\/\\\/x.com\\\/vocescomuna15\"]},{\"@type\":\"Person\",\"@id\":\"https:\\\/\\\/vocesdelacomuna15.com.ar\\\/press\\\/#\\\/schema\\\/person\\\/4739e109db25d799cd3d139eeb509e43\",\"name\":\"Federico Arguto\",\"image\":{\"@type\":\"ImageObject\",\"inLanguage\":\"es-AR\",\"@id\":\"https:\\\/\\\/vocesdelacomuna15.com.ar\\\/wp-content\\\/litespeed\\\/avatar\\\/82faf979976f1bae889b8b71f8a0a7e5.jpg?ver=1777419741\",\"url\":\"https:\\\/\\\/vocesdelacomuna15.com.ar\\\/wp-content\\\/litespeed\\\/avatar\\\/82faf979976f1bae889b8b71f8a0a7e5.jpg?ver=1777419741\",\"contentUrl\":\"https:\\\/\\\/vocesdelacomuna15.com.ar\\\/wp-content\\\/litespeed\\\/avatar\\\/82faf979976f1bae889b8b71f8a0a7e5.jpg?ver=1777419741\",\"caption\":\"Federico Arguto\"},\"url\":\"https:\\\/\\\/vocesdelacomuna15.com.ar\\\/press\\\/author\\\/fede\\\/\"}]}<\/script>\n<!-- \/ Yoast SEO plugin. -->","yoast_head_json":{"title":"Malena Galmarini, Carlos Bianco y Agust\u00edn Simone firmaron convenios para continuar llevando agua potable y cloacas a los barrios populares del conurbano - Voces de la Comuna 15","description":"Voces de la Comuna 15","robots":{"index":"index","follow":"follow","max-snippet":"max-snippet:-1","max-image-preview":"max-image-preview:large","max-video-preview":"max-video-preview:-1"},"canonical":"https:\/\/vocesdelacomuna15.com.ar\/press\/malena-galmarini-carlos-bianco-y-agustin-simone-firmaron-convenios-para-continuar-llevando-agua-potable-y-cloacas-a-los-barrios-populares-del-conurbano\/","og_locale":"es_ES","og_type":"article","og_title":"Malena Galmarini, Carlos Bianco y Agust\u00edn Simone firmaron convenios para continuar llevando agua potable y cloacas a los barrios populares del conurbano - Voces de la Comuna 15","og_description":"Voces de la Comuna 15","og_url":"https:\/\/vocesdelacomuna15.com.ar\/press\/malena-galmarini-carlos-bianco-y-agustin-simone-firmaron-convenios-para-continuar-llevando-agua-potable-y-cloacas-a-los-barrios-populares-del-conurbano\/","og_site_name":"Voces de la Comuna 15","article_publisher":"https:\/\/www.facebook.com\/VocesComuna15\/","article_published_time":"2022-04-01T22:07:48+00:00","article_modified_time":"2022-04-01T22:10:14+00:00","og_image":[{"width":1024,"height":683,"url":"https:\/\/vocesdelacomuna15.com.ar\/wp-content\/uploads\/2022\/04\/aysa1.jpg","type":"image\/jpeg"}],"author":"Federico Arguto","twitter_card":"summary_large_image","twitter_creator":"@vocescomuna15","twitter_site":"@vocescomuna15","twitter_misc":{"Escrito por":"Federico Arguto","Tiempo de lectura":"3 minutos"},"schema":{"@context":"https:\/\/schema.org","@graph":[{"@type":"Article","@id":"https:\/\/vocesdelacomuna15.com.ar\/press\/malena-galmarini-carlos-bianco-y-agustin-simone-firmaron-convenios-para-continuar-llevando-agua-potable-y-cloacas-a-los-barrios-populares-del-conurbano\/#article","isPartOf":{"@id":"https:\/\/vocesdelacomuna15.com.ar\/press\/malena-galmarini-carlos-bianco-y-agustin-simone-firmaron-convenios-para-continuar-llevando-agua-potable-y-cloacas-a-los-barrios-populares-del-conurbano\/"},"author":{"name":"Federico Arguto","@id":"https:\/\/vocesdelacomuna15.com.ar\/press\/#\/schema\/person\/4739e109db25d799cd3d139eeb509e43"},"headline":"Malena Galmarini, Carlos Bianco y Agust\u00edn Simone firmaron convenios para continuar llevando agua potable y cloacas a los barrios populares del conurbano","datePublished":"2022-04-01T22:07:48+00:00","dateModified":"2022-04-01T22:10:14+00:00","mainEntityOfPage":{"@id":"https:\/\/vocesdelacomuna15.com.ar\/press\/malena-galmarini-carlos-bianco-y-agustin-simone-firmaron-convenios-para-continuar-llevando-agua-potable-y-cloacas-a-los-barrios-populares-del-conurbano\/"},"wordCount":660,"commentCount":0,"publisher":{"@id":"https:\/\/vocesdelacomuna15.com.ar\/press\/#organization"},"image":{"@id":"https:\/\/vocesdelacomuna15.com.ar\/press\/malena-galmarini-carlos-bianco-y-agustin-simone-firmaron-convenios-para-continuar-llevando-agua-potable-y-cloacas-a-los-barrios-populares-del-conurbano\/#primaryimage"},"thumbnailUrl":"https:\/\/vocesdelacomuna15.com.ar\/wp-content\/uploads\/2022\/04\/aysa1.jpg","articleSection":["Pol\u00edtica"],"inLanguage":"es-AR","potentialAction":[{"@type":"CommentAction","name":"Comment","target":["https:\/\/vocesdelacomuna15.com.ar\/press\/malena-galmarini-carlos-bianco-y-agustin-simone-firmaron-convenios-para-continuar-llevando-agua-potable-y-cloacas-a-los-barrios-populares-del-conurbano\/#respond"]}]},{"@type":"WebPage","@id":"https:\/\/vocesdelacomuna15.com.ar\/press\/malena-galmarini-carlos-bianco-y-agustin-simone-firmaron-convenios-para-continuar-llevando-agua-potable-y-cloacas-a-los-barrios-populares-del-conurbano\/","url":"https:\/\/vocesdelacomuna15.com.ar\/press\/malena-galmarini-carlos-bianco-y-agustin-simone-firmaron-convenios-para-continuar-llevando-agua-potable-y-cloacas-a-los-barrios-populares-del-conurbano\/","name":"Malena Galmarini, Carlos Bianco y Agust\u00edn Simone firmaron convenios para continuar llevando agua potable y cloacas a los barrios populares del conurbano - Voces de la Comuna 15","isPartOf":{"@id":"https:\/\/vocesdelacomuna15.com.ar\/press\/#website"},"primaryImageOfPage":{"@id":"https:\/\/vocesdelacomuna15.com.ar\/press\/malena-galmarini-carlos-bianco-y-agustin-simone-firmaron-convenios-para-continuar-llevando-agua-potable-y-cloacas-a-los-barrios-populares-del-conurbano\/#primaryimage"},"image":{"@id":"https:\/\/vocesdelacomuna15.com.ar\/press\/malena-galmarini-carlos-bianco-y-agustin-simone-firmaron-convenios-para-continuar-llevando-agua-potable-y-cloacas-a-los-barrios-populares-del-conurbano\/#primaryimage"},"thumbnailUrl":"https:\/\/vocesdelacomuna15.com.ar\/wp-content\/uploads\/2022\/04\/aysa1.jpg","datePublished":"2022-04-01T22:07:48+00:00","dateModified":"2022-04-01T22:10:14+00:00","description":"Voces de la Comuna 15","breadcrumb":{"@id":"https:\/\/vocesdelacomuna15.com.ar\/press\/malena-galmarini-carlos-bianco-y-agustin-simone-firmaron-convenios-para-continuar-llevando-agua-potable-y-cloacas-a-los-barrios-populares-del-conurbano\/#breadcrumb"},"inLanguage":"es-AR","potentialAction":[{"@type":"ReadAction","target":["https:\/\/vocesdelacomuna15.com.ar\/press\/malena-galmarini-carlos-bianco-y-agustin-simone-firmaron-convenios-para-continuar-llevando-agua-potable-y-cloacas-a-los-barrios-populares-del-conurbano\/"]}]},{"@type":"ImageObject","inLanguage":"es-AR","@id":"https:\/\/vocesdelacomuna15.com.ar\/press\/malena-galmarini-carlos-bianco-y-agustin-simone-firmaron-convenios-para-continuar-llevando-agua-potable-y-cloacas-a-los-barrios-populares-del-conurbano\/#primaryimage","url":"https:\/\/vocesdelacomuna15.com.ar\/wp-content\/uploads\/2022\/04\/aysa1.jpg","contentUrl":"https:\/\/vocesdelacomuna15.com.ar\/wp-content\/uploads\/2022\/04\/aysa1.jpg","width":1024,"height":683},{"@type":"BreadcrumbList","@id":"https:\/\/vocesdelacomuna15.com.ar\/press\/malena-galmarini-carlos-bianco-y-agustin-simone-firmaron-convenios-para-continuar-llevando-agua-potable-y-cloacas-a-los-barrios-populares-del-conurbano\/#breadcrumb","itemListElement":[{"@type":"ListItem","position":1,"name":"Inicio","item":"https:\/\/vocesdelacomuna15.com.ar\/press\/"},{"@type":"ListItem","position":2,"name":"Malena Galmarini, Carlos Bianco y Agust\u00edn Simone firmaron convenios para continuar llevando agua potable y cloacas a los barrios populares del conurbano"}]},{"@type":"WebSite","@id":"https:\/\/vocesdelacomuna15.com.ar\/press\/#website","url":"https:\/\/vocesdelacomuna15.com.ar\/press\/","name":"Voces de la Comuna 15","description":"Sitio web de noticias","publisher":{"@id":"https:\/\/vocesdelacomuna15.com.ar\/press\/#organization"},"potentialAction":[{"@type":"SearchAction","target":{"@type":"EntryPoint","urlTemplate":"https:\/\/vocesdelacomuna15.com.ar\/press\/?s={search_term_string}"},"query-input":{"@type":"PropertyValueSpecification","valueRequired":true,"valueName":"search_term_string"}}],"inLanguage":"es-AR"},{"@type":"Organization","@id":"https:\/\/vocesdelacomuna15.com.ar\/press\/#organization","name":"Voces de la Comuna 15","url":"https:\/\/vocesdelacomuna15.com.ar\/press\/","logo":{"@type":"ImageObject","inLanguage":"es-AR","@id":"https:\/\/vocesdelacomuna15.com.ar\/press\/#\/schema\/logo\/image\/","url":"https:\/\/vocesdelacomuna15.com.ar\/wp-content\/uploads\/2024\/12\/cropped-logo_voces.jpg","contentUrl":"https:\/\/vocesdelacomuna15.com.ar\/wp-content\/uploads\/2024\/12\/cropped-logo_voces.jpg","width":512,"height":512,"caption":"Voces de la Comuna 15"},"image":{"@id":"https:\/\/vocesdelacomuna15.com.ar\/press\/#\/schema\/logo\/image\/"},"sameAs":["https:\/\/www.facebook.com\/VocesComuna15\/","https:\/\/x.com\/vocescomuna15"]},{"@type":"Person","@id":"https:\/\/vocesdelacomuna15.com.ar\/press\/#\/schema\/person\/4739e109db25d799cd3d139eeb509e43","name":"Federico Arguto","image":{"@type":"ImageObject","inLanguage":"es-AR","@id":"https:\/\/vocesdelacomuna15.com.ar\/wp-content\/litespeed\/avatar\/82faf979976f1bae889b8b71f8a0a7e5.jpg?ver=1777419741","url":"https:\/\/vocesdelacomuna15.com.ar\/wp-content\/litespeed\/avatar\/82faf979976f1bae889b8b71f8a0a7e5.jpg?ver=1777419741","contentUrl":"https:\/\/vocesdelacomuna15.com.ar\/wp-content\/litespeed\/avatar\/82faf979976f1bae889b8b71f8a0a7e5.jpg?ver=1777419741","caption":"Federico Arguto"},"url":"https:\/\/vocesdelacomuna15.com.ar\/press\/author\/fede\/"}]}},"_links":{"self":[{"href":"https:\/\/vocesdelacomuna15.com.ar\/press\/wp-json\/wp\/v2\/posts\/56009","targetHints":{"allow":["GET"]}}],"collection":[{"href":"https:\/\/vocesdelacomuna15.com.ar\/press\/wp-json\/wp\/v2\/posts"}],"about":[{"href":"https:\/\/vocesdelacomuna15.com.ar\/press\/wp-json\/wp\/v2\/types\/post"}],"author":[{"embeddable":true,"href":"https:\/\/vocesdelacomuna15.com.ar\/press\/wp-json\/wp\/v2\/users\/2"}],"replies":[{"embeddable":true,"href":"https:\/\/vocesdelacomuna15.com.ar\/press\/wp-json\/wp\/v2\/comments?post=56009"}],"version-history":[{"count":2,"href":"https:\/\/vocesdelacomuna15.com.ar\/press\/wp-json\/wp\/v2\/posts\/56009\/revisions"}],"predecessor-version":[{"id":56012,"href":"https:\/\/vocesdelacomuna15.com.ar\/press\/wp-json\/wp\/v2\/posts\/56009\/revisions\/56012"}],"wp:featuredmedia":[{"embeddable":true,"href":"https:\/\/vocesdelacomuna15.com.ar\/press\/wp-json\/wp\/v2\/media\/56010"}],"wp:attachment":[{"href":"https:\/\/vocesdelacomuna15.com.ar\/press\/wp-json\/wp\/v2\/media?parent=56009"}],"wp:term":[{"taxonomy":"category","embeddable":true,"href":"https:\/\/vocesdelacomuna15.com.ar\/press\/wp-json\/wp\/v2\/categories?post=56009"},{"taxonomy":"post_tag","embeddable":true,"href":"https:\/\/vocesdelacomuna15.com.ar\/press\/wp-json\/wp\/v2\/tags?post=56009"}],"curies":[{"name":"wp","href":"https:\/\/api.w.org\/{rel}","templated":true}]}}