{"id":55987,"date":"2022-03-31T15:22:38","date_gmt":"2022-03-31T18:22:38","guid":{"rendered":"http:\/\/vocesdelacomuna15.com.ar\/wordpress\/?p=55987"},"modified":"2022-03-31T15:25:19","modified_gmt":"2022-03-31T18:25:19","slug":"el-frente-de-todos-de-la-comuna-15-realizara-un-acto-a-40-anos-de-la-guerra-de-malvinas","status":"publish","type":"post","link":"https:\/\/vocesdelacomuna15.com.ar\/press\/el-frente-de-todos-de-la-comuna-15-realizara-un-acto-a-40-anos-de-la-guerra-de-malvinas\/","title":{"rendered":"El Frente de Todos de la Comuna 15 realizar\u00e1 un acto a 40 a\u00f1os de la Guerra de Malvinas"},"content":{"rendered":"\n<p>Este s\u00e1bado, 2 de abril, distintas agrupaciones del Frente de Todos de la Comuna 15, organizar\u00e1n un acto en homenaje a los ex combatientes de Malvinas, en el barrio de La Paternal<\/p>\n\n\n\n<p>El Frente de Todos de la Comuna 15 junto a organizaciones barriales invitan al acto en conmemoraci\u00f3n a los 40 a\u00f1os de la Guerra de Malvinas, este s\u00e1bado 2 de abril a las 11.30hs en la esquina de la avenida San Mart\u00edn y Punta Arenas, en el barrio de La Paternal.<\/p>\n\n\n\n<p>Durante la actividad se reivindicar\u00e1 la soberan\u00eda argentina sobre las Islas Malvinas, Georgias del Sur, Sandwich del Sur y los espacios mar\u00edtimos circundantes, y se homenajear\u00e1 a los ex combatientes, los h\u00e9roes que dieron su vida por la Patria.<\/p>\n\n\n\n<p>Entre las actividades se inaugurar\u00e1 un mural alusivo que fue pintado por el artista Sergio \u201cFito\u201d; se descubrir\u00e1 una placa que homenajea a los ca\u00eddos en combate; habr\u00e1 lectura de poemas, exposici\u00f3n de fotos, m\u00fasica en vivo con la percusi\u00f3n de La Catarsis y folclore.<\/p>\n\n\n\n<p>\u201cInvitamos a los vecinos y vecinas a participar de esta jornada y gritar bien fuerte: Las Malvinas son argentinas!\u201d, expresan desde el Frente de Todos de la Comuna 15.<\/p>\n\n\n\n<p>Las agrupaciones que organizan la actividad son: La C\u00e1mpora, Lxs Irrompibles, Peronismo por la Ciudad, Nueva Comuna y El Hormiguero; y el espacio cultural Biblioteca al paso Artigas.&nbsp;<\/p>\n\n\n\n<p>Dafne Strobino Niedermaier<\/p>\n\n\n\n<p>Cel. 15-5037-6918<\/p>\n\n\n\n<p><a href=\"http:\/\/www.agendacultural15.com\/\" target=\"_blank\" rel=\"noreferrer noopener\">www.agendacultural15.com<\/a><\/p>\n\n\n\n<p><a href=\"http:\/\/www.nueva-ciudad.com.ar\/\" target=\"_blank\" rel=\"noreferrer noopener\">www.nueva-ciudad.com.ar<\/a><\/p>\n\n\n\n<p><a href=\"http:\/\/www.comunicacionlocal.com.ar\/\" target=\"_blank\" rel=\"noreferrer noopener\">www.comunicacionlocal.com.ar<\/a><\/p>\n\n\n\n<p><a href=\"http:\/\/www.nuestrobarrioweb.com.ar\/\" target=\"_blank\" rel=\"noreferrer noopener\">www.nuestrobarrioweb.com.ar<\/a><\/p>\n<div class=\"pvc_clear\"><\/div><p id=\"pvc_stats_55987\" class=\"pvc_stats all  \" data-element-id=\"55987\" style=\"\"><i class=\"pvc-stats-icon small\" aria-hidden=\"true\"><svg aria-hidden=\"true\" focusable=\"false\" data-prefix=\"far\" data-icon=\"chart-bar\" role=\"img\" xmlns=\"http:\/\/www.w3.org\/2000\/svg\" viewBox=\"0 0 512 512\" class=\"svg-inline--fa fa-chart-bar fa-w-16 fa-2x\"><path fill=\"currentColor\" d=\"M396.8 352h22.4c6.4 0 12.8-6.4 12.8-12.8V108.8c0-6.4-6.4-12.8-12.8-12.8h-22.4c-6.4 0-12.8 6.4-12.8 12.8v230.4c0 6.4 6.4 12.8 12.8 12.8zm-192 0h22.4c6.4 0 12.8-6.4 12.8-12.8V140.8c0-6.4-6.4-12.8-12.8-12.8h-22.4c-6.4 0-12.8 6.4-12.8 12.8v198.4c0 6.4 6.4 12.8 12.8 12.8zm96 0h22.4c6.4 0 12.8-6.4 12.8-12.8V204.8c0-6.4-6.4-12.8-12.8-12.8h-22.4c-6.4 0-12.8 6.4-12.8 12.8v134.4c0 6.4 6.4 12.8 12.8 12.8zM496 400H48V80c0-8.84-7.16-16-16-16H16C7.16 64 0 71.16 0 80v336c0 17.67 14.33 32 32 32h464c8.84 0 16-7.16 16-16v-16c0-8.84-7.16-16-16-16zm-387.2-48h22.4c6.4 0 12.8-6.4 12.8-12.8v-70.4c0-6.4-6.4-12.8-12.8-12.8h-22.4c-6.4 0-12.8 6.4-12.8 12.8v70.4c0 6.4 6.4 12.8 12.8 12.8z\" class=\"\"><\/path><\/svg><\/i> <img loading=\"lazy\" decoding=\"async\" width=\"16\" height=\"16\" alt=\"Loading\" src=\"https:\/\/vocesdelacomuna15.com.ar\/wp-content\/plugins\/page-views-count\/ajax-loader-2x.gif\" border=0 \/><\/p><div class=\"pvc_clear\"><\/div>","protected":false},"excerpt":{"rendered":"<p>Este s\u00e1bado, 2 de abril, distintas agrupaciones del Frente de Todos de la Comuna 15, organizar\u00e1n un acto en homenaje a los ex combatientes de Malvinas, en el barrio de La Paternal El Frente de Todos de la Comuna 15 junto a organizaciones barriales invitan al acto en conmemoraci\u00f3n a los 40 a\u00f1os de la [&hellip;]<\/p>\n<div class=\"pvc_clear\"><\/div>\n<p id=\"pvc_stats_55987\" class=\"pvc_stats all  \" data-element-id=\"55987\" style=\"\"><i class=\"pvc-stats-icon small\" aria-hidden=\"true\"><svg aria-hidden=\"true\" focusable=\"false\" data-prefix=\"far\" data-icon=\"chart-bar\" role=\"img\" xmlns=\"http:\/\/www.w3.org\/2000\/svg\" viewBox=\"0 0 512 512\" class=\"svg-inline--fa fa-chart-bar fa-w-16 fa-2x\"><path fill=\"currentColor\" d=\"M396.8 352h22.4c6.4 0 12.8-6.4 12.8-12.8V108.8c0-6.4-6.4-12.8-12.8-12.8h-22.4c-6.4 0-12.8 6.4-12.8 12.8v230.4c0 6.4 6.4 12.8 12.8 12.8zm-192 0h22.4c6.4 0 12.8-6.4 12.8-12.8V140.8c0-6.4-6.4-12.8-12.8-12.8h-22.4c-6.4 0-12.8 6.4-12.8 12.8v198.4c0 6.4 6.4 12.8 12.8 12.8zm96 0h22.4c6.4 0 12.8-6.4 12.8-12.8V204.8c0-6.4-6.4-12.8-12.8-12.8h-22.4c-6.4 0-12.8 6.4-12.8 12.8v134.4c0 6.4 6.4 12.8 12.8 12.8zM496 400H48V80c0-8.84-7.16-16-16-16H16C7.16 64 0 71.16 0 80v336c0 17.67 14.33 32 32 32h464c8.84 0 16-7.16 16-16v-16c0-8.84-7.16-16-16-16zm-387.2-48h22.4c6.4 0 12.8-6.4 12.8-12.8v-70.4c0-6.4-6.4-12.8-12.8-12.8h-22.4c-6.4 0-12.8 6.4-12.8 12.8v70.4c0 6.4 6.4 12.8 12.8 12.8z\" class=\"\"><\/path><\/svg><\/i> <img loading=\"lazy\" decoding=\"async\" width=\"16\" height=\"16\" alt=\"Loading\" src=\"https:\/\/vocesdelacomuna15.com.ar\/wp-content\/plugins\/page-views-count\/ajax-loader-2x.gif\" border=0 \/><\/p>\n<div class=\"pvc_clear\"><\/div>\n","protected":false},"author":2,"featured_media":55988,"comment_status":"open","ping_status":"open","sticky":false,"template":"","format":"standard","meta":{"_et_pb_use_builder":"","_et_pb_old_content":"","_et_gb_content_width":"","footnotes":""},"categories":[29,8],"tags":[],"class_list":["post-55987","post","type-post","status-publish","format-standard","has-post-thumbnail","hentry","category-lapa","category-sociedad","et-has-post-format-content","et_post_format-et-post-format-standard"],"a3_pvc":{"activated":true,"total_views":171,"today_views":0},"yoast_head":"<!-- This site is optimized with the Yoast SEO plugin v27.5 - https:\/\/yoast.com\/product\/yoast-seo-wordpress\/ -->\n<title>El Frente de Todos de la Comuna 15 realizar\u00e1 un acto a 40 a\u00f1os de la Guerra de Malvinas - Voces de la Comuna 15<\/title>\n<meta name=\"description\" content=\"Voces de la Comuna 15\" \/>\n<meta name=\"robots\" content=\"index, follow, max-snippet:-1, max-image-preview:large, max-video-preview:-1\" \/>\n<link rel=\"canonical\" href=\"https:\/\/vocesdelacomuna15.com.ar\/press\/el-frente-de-todos-de-la-comuna-15-realizara-un-acto-a-40-anos-de-la-guerra-de-malvinas\/\" \/>\n<meta property=\"og:locale\" content=\"es_ES\" \/>\n<meta property=\"og:type\" content=\"article\" \/>\n<meta property=\"og:title\" content=\"El Frente de Todos de la Comuna 15 realizar\u00e1 un acto a 40 a\u00f1os de la Guerra de Malvinas - Voces de la Comuna 15\" \/>\n<meta property=\"og:description\" content=\"Voces de la Comuna 15\" \/>\n<meta property=\"og:url\" content=\"https:\/\/vocesdelacomuna15.com.ar\/press\/el-frente-de-todos-de-la-comuna-15-realizara-un-acto-a-40-anos-de-la-guerra-de-malvinas\/\" \/>\n<meta property=\"og:site_name\" content=\"Voces de la Comuna 15\" \/>\n<meta property=\"article:publisher\" content=\"https:\/\/www.facebook.com\/VocesComuna15\/\" \/>\n<meta property=\"article:published_time\" content=\"2022-03-31T18:22:38+00:00\" \/>\n<meta property=\"article:modified_time\" content=\"2022-03-31T18:25:19+00:00\" \/>\n<meta property=\"og:image\" content=\"https:\/\/vocesdelacomuna15.com.ar\/wp-content\/uploads\/2022\/03\/Malvinas-Argentinas.jpg\" \/>\n\t<meta property=\"og:image:width\" content=\"1200\" \/>\n\t<meta property=\"og:image:height\" content=\"790\" \/>\n\t<meta property=\"og:image:type\" content=\"image\/jpeg\" \/>\n<meta name=\"author\" content=\"Federico Arguto\" \/>\n<meta name=\"twitter:card\" content=\"summary_large_image\" \/>\n<meta name=\"twitter:creator\" content=\"@vocescomuna15\" \/>\n<meta name=\"twitter:site\" content=\"@vocescomuna15\" \/>\n<meta name=\"twitter:label1\" content=\"Escrito por\" \/>\n\t<meta name=\"twitter:data1\" content=\"Federico Arguto\" \/>\n\t<meta name=\"twitter:label2\" content=\"Tiempo de lectura\" \/>\n\t<meta name=\"twitter:data2\" content=\"1 minuto\" \/>\n<script type=\"application\/ld+json\" class=\"yoast-schema-graph\">{\"@context\":\"https:\\\/\\\/schema.org\",\"@graph\":[{\"@type\":\"Article\",\"@id\":\"https:\\\/\\\/vocesdelacomuna15.com.ar\\\/press\\\/el-frente-de-todos-de-la-comuna-15-realizara-un-acto-a-40-anos-de-la-guerra-de-malvinas\\\/#article\",\"isPartOf\":{\"@id\":\"https:\\\/\\\/vocesdelacomuna15.com.ar\\\/press\\\/el-frente-de-todos-de-la-comuna-15-realizara-un-acto-a-40-anos-de-la-guerra-de-malvinas\\\/\"},\"author\":{\"name\":\"Federico Arguto\",\"@id\":\"https:\\\/\\\/vocesdelacomuna15.com.ar\\\/press\\\/#\\\/schema\\\/person\\\/4739e109db25d799cd3d139eeb509e43\"},\"headline\":\"El Frente de Todos de la Comuna 15 realizar\u00e1 un acto a 40 a\u00f1os de la Guerra de Malvinas\",\"datePublished\":\"2022-03-31T18:22:38+00:00\",\"dateModified\":\"2022-03-31T18:25:19+00:00\",\"mainEntityOfPage\":{\"@id\":\"https:\\\/\\\/vocesdelacomuna15.com.ar\\\/press\\\/el-frente-de-todos-de-la-comuna-15-realizara-un-acto-a-40-anos-de-la-guerra-de-malvinas\\\/\"},\"wordCount\":272,\"commentCount\":0,\"publisher\":{\"@id\":\"https:\\\/\\\/vocesdelacomuna15.com.ar\\\/press\\\/#organization\"},\"image\":{\"@id\":\"https:\\\/\\\/vocesdelacomuna15.com.ar\\\/press\\\/el-frente-de-todos-de-la-comuna-15-realizara-un-acto-a-40-anos-de-la-guerra-de-malvinas\\\/#primaryimage\"},\"thumbnailUrl\":\"https:\\\/\\\/vocesdelacomuna15.com.ar\\\/wp-content\\\/uploads\\\/2022\\\/03\\\/Malvinas-Argentinas.jpg\",\"articleSection\":[\"La Paternal\",\"Sociedad\"],\"inLanguage\":\"es-AR\",\"potentialAction\":[{\"@type\":\"CommentAction\",\"name\":\"Comment\",\"target\":[\"https:\\\/\\\/vocesdelacomuna15.com.ar\\\/press\\\/el-frente-de-todos-de-la-comuna-15-realizara-un-acto-a-40-anos-de-la-guerra-de-malvinas\\\/#respond\"]}]},{\"@type\":\"WebPage\",\"@id\":\"https:\\\/\\\/vocesdelacomuna15.com.ar\\\/press\\\/el-frente-de-todos-de-la-comuna-15-realizara-un-acto-a-40-anos-de-la-guerra-de-malvinas\\\/\",\"url\":\"https:\\\/\\\/vocesdelacomuna15.com.ar\\\/press\\\/el-frente-de-todos-de-la-comuna-15-realizara-un-acto-a-40-anos-de-la-guerra-de-malvinas\\\/\",\"name\":\"El Frente de Todos de la Comuna 15 realizar\u00e1 un acto a 40 a\u00f1os de la Guerra de Malvinas - Voces de la Comuna 15\",\"isPartOf\":{\"@id\":\"https:\\\/\\\/vocesdelacomuna15.com.ar\\\/press\\\/#website\"},\"primaryImageOfPage\":{\"@id\":\"https:\\\/\\\/vocesdelacomuna15.com.ar\\\/press\\\/el-frente-de-todos-de-la-comuna-15-realizara-un-acto-a-40-anos-de-la-guerra-de-malvinas\\\/#primaryimage\"},\"image\":{\"@id\":\"https:\\\/\\\/vocesdelacomuna15.com.ar\\\/press\\\/el-frente-de-todos-de-la-comuna-15-realizara-un-acto-a-40-anos-de-la-guerra-de-malvinas\\\/#primaryimage\"},\"thumbnailUrl\":\"https:\\\/\\\/vocesdelacomuna15.com.ar\\\/wp-content\\\/uploads\\\/2022\\\/03\\\/Malvinas-Argentinas.jpg\",\"datePublished\":\"2022-03-31T18:22:38+00:00\",\"dateModified\":\"2022-03-31T18:25:19+00:00\",\"description\":\"Voces de la Comuna 15\",\"breadcrumb\":{\"@id\":\"https:\\\/\\\/vocesdelacomuna15.com.ar\\\/press\\\/el-frente-de-todos-de-la-comuna-15-realizara-un-acto-a-40-anos-de-la-guerra-de-malvinas\\\/#breadcrumb\"},\"inLanguage\":\"es-AR\",\"potentialAction\":[{\"@type\":\"ReadAction\",\"target\":[\"https:\\\/\\\/vocesdelacomuna15.com.ar\\\/press\\\/el-frente-de-todos-de-la-comuna-15-realizara-un-acto-a-40-anos-de-la-guerra-de-malvinas\\\/\"]}]},{\"@type\":\"ImageObject\",\"inLanguage\":\"es-AR\",\"@id\":\"https:\\\/\\\/vocesdelacomuna15.com.ar\\\/press\\\/el-frente-de-todos-de-la-comuna-15-realizara-un-acto-a-40-anos-de-la-guerra-de-malvinas\\\/#primaryimage\",\"url\":\"https:\\\/\\\/vocesdelacomuna15.com.ar\\\/wp-content\\\/uploads\\\/2022\\\/03\\\/Malvinas-Argentinas.jpg\",\"contentUrl\":\"https:\\\/\\\/vocesdelacomuna15.com.ar\\\/wp-content\\\/uploads\\\/2022\\\/03\\\/Malvinas-Argentinas.jpg\",\"width\":1200,\"height\":790},{\"@type\":\"BreadcrumbList\",\"@id\":\"https:\\\/\\\/vocesdelacomuna15.com.ar\\\/press\\\/el-frente-de-todos-de-la-comuna-15-realizara-un-acto-a-40-anos-de-la-guerra-de-malvinas\\\/#breadcrumb\",\"itemListElement\":[{\"@type\":\"ListItem\",\"position\":1,\"name\":\"Inicio\",\"item\":\"https:\\\/\\\/vocesdelacomuna15.com.ar\\\/press\\\/\"},{\"@type\":\"ListItem\",\"position\":2,\"name\":\"El Frente de Todos de la Comuna 15 realizar\u00e1 un acto a 40 a\u00f1os de la Guerra de Malvinas\"}]},{\"@type\":\"WebSite\",\"@id\":\"https:\\\/\\\/vocesdelacomuna15.com.ar\\\/press\\\/#website\",\"url\":\"https:\\\/\\\/vocesdelacomuna15.com.ar\\\/press\\\/\",\"name\":\"Voces de la Comuna 15\",\"description\":\"Sitio web de noticias\",\"publisher\":{\"@id\":\"https:\\\/\\\/vocesdelacomuna15.com.ar\\\/press\\\/#organization\"},\"potentialAction\":[{\"@type\":\"SearchAction\",\"target\":{\"@type\":\"EntryPoint\",\"urlTemplate\":\"https:\\\/\\\/vocesdelacomuna15.com.ar\\\/press\\\/?s={search_term_string}\"},\"query-input\":{\"@type\":\"PropertyValueSpecification\",\"valueRequired\":true,\"valueName\":\"search_term_string\"}}],\"inLanguage\":\"es-AR\"},{\"@type\":\"Organization\",\"@id\":\"https:\\\/\\\/vocesdelacomuna15.com.ar\\\/press\\\/#organization\",\"name\":\"Voces de la Comuna 15\",\"url\":\"https:\\\/\\\/vocesdelacomuna15.com.ar\\\/press\\\/\",\"logo\":{\"@type\":\"ImageObject\",\"inLanguage\":\"es-AR\",\"@id\":\"https:\\\/\\\/vocesdelacomuna15.com.ar\\\/press\\\/#\\\/schema\\\/logo\\\/image\\\/\",\"url\":\"https:\\\/\\\/vocesdelacomuna15.com.ar\\\/wp-content\\\/uploads\\\/2024\\\/12\\\/cropped-logo_voces.jpg\",\"contentUrl\":\"https:\\\/\\\/vocesdelacomuna15.com.ar\\\/wp-content\\\/uploads\\\/2024\\\/12\\\/cropped-logo_voces.jpg\",\"width\":512,\"height\":512,\"caption\":\"Voces de la Comuna 15\"},\"image\":{\"@id\":\"https:\\\/\\\/vocesdelacomuna15.com.ar\\\/press\\\/#\\\/schema\\\/logo\\\/image\\\/\"},\"sameAs\":[\"https:\\\/\\\/www.facebook.com\\\/VocesComuna15\\\/\",\"https:\\\/\\\/x.com\\\/vocescomuna15\"]},{\"@type\":\"Person\",\"@id\":\"https:\\\/\\\/vocesdelacomuna15.com.ar\\\/press\\\/#\\\/schema\\\/person\\\/4739e109db25d799cd3d139eeb509e43\",\"name\":\"Federico Arguto\",\"image\":{\"@type\":\"ImageObject\",\"inLanguage\":\"es-AR\",\"@id\":\"https:\\\/\\\/vocesdelacomuna15.com.ar\\\/wp-content\\\/litespeed\\\/avatar\\\/82faf979976f1bae889b8b71f8a0a7e5.jpg?ver=1777419741\",\"url\":\"https:\\\/\\\/vocesdelacomuna15.com.ar\\\/wp-content\\\/litespeed\\\/avatar\\\/82faf979976f1bae889b8b71f8a0a7e5.jpg?ver=1777419741\",\"contentUrl\":\"https:\\\/\\\/vocesdelacomuna15.com.ar\\\/wp-content\\\/litespeed\\\/avatar\\\/82faf979976f1bae889b8b71f8a0a7e5.jpg?ver=1777419741\",\"caption\":\"Federico Arguto\"},\"url\":\"https:\\\/\\\/vocesdelacomuna15.com.ar\\\/press\\\/author\\\/fede\\\/\"}]}<\/script>\n<!-- \/ Yoast SEO plugin. -->","yoast_head_json":{"title":"El Frente de Todos de la Comuna 15 realizar\u00e1 un acto a 40 a\u00f1os de la Guerra de Malvinas - Voces de la Comuna 15","description":"Voces de la Comuna 15","robots":{"index":"index","follow":"follow","max-snippet":"max-snippet:-1","max-image-preview":"max-image-preview:large","max-video-preview":"max-video-preview:-1"},"canonical":"https:\/\/vocesdelacomuna15.com.ar\/press\/el-frente-de-todos-de-la-comuna-15-realizara-un-acto-a-40-anos-de-la-guerra-de-malvinas\/","og_locale":"es_ES","og_type":"article","og_title":"El Frente de Todos de la Comuna 15 realizar\u00e1 un acto a 40 a\u00f1os de la Guerra de Malvinas - Voces de la Comuna 15","og_description":"Voces de la Comuna 15","og_url":"https:\/\/vocesdelacomuna15.com.ar\/press\/el-frente-de-todos-de-la-comuna-15-realizara-un-acto-a-40-anos-de-la-guerra-de-malvinas\/","og_site_name":"Voces de la Comuna 15","article_publisher":"https:\/\/www.facebook.com\/VocesComuna15\/","article_published_time":"2022-03-31T18:22:38+00:00","article_modified_time":"2022-03-31T18:25:19+00:00","og_image":[{"width":1200,"height":790,"url":"https:\/\/vocesdelacomuna15.com.ar\/wp-content\/uploads\/2022\/03\/Malvinas-Argentinas.jpg","type":"image\/jpeg"}],"author":"Federico Arguto","twitter_card":"summary_large_image","twitter_creator":"@vocescomuna15","twitter_site":"@vocescomuna15","twitter_misc":{"Escrito por":"Federico Arguto","Tiempo de lectura":"1 minuto"},"schema":{"@context":"https:\/\/schema.org","@graph":[{"@type":"Article","@id":"https:\/\/vocesdelacomuna15.com.ar\/press\/el-frente-de-todos-de-la-comuna-15-realizara-un-acto-a-40-anos-de-la-guerra-de-malvinas\/#article","isPartOf":{"@id":"https:\/\/vocesdelacomuna15.com.ar\/press\/el-frente-de-todos-de-la-comuna-15-realizara-un-acto-a-40-anos-de-la-guerra-de-malvinas\/"},"author":{"name":"Federico Arguto","@id":"https:\/\/vocesdelacomuna15.com.ar\/press\/#\/schema\/person\/4739e109db25d799cd3d139eeb509e43"},"headline":"El Frente de Todos de la Comuna 15 realizar\u00e1 un acto a 40 a\u00f1os de la Guerra de Malvinas","datePublished":"2022-03-31T18:22:38+00:00","dateModified":"2022-03-31T18:25:19+00:00","mainEntityOfPage":{"@id":"https:\/\/vocesdelacomuna15.com.ar\/press\/el-frente-de-todos-de-la-comuna-15-realizara-un-acto-a-40-anos-de-la-guerra-de-malvinas\/"},"wordCount":272,"commentCount":0,"publisher":{"@id":"https:\/\/vocesdelacomuna15.com.ar\/press\/#organization"},"image":{"@id":"https:\/\/vocesdelacomuna15.com.ar\/press\/el-frente-de-todos-de-la-comuna-15-realizara-un-acto-a-40-anos-de-la-guerra-de-malvinas\/#primaryimage"},"thumbnailUrl":"https:\/\/vocesdelacomuna15.com.ar\/wp-content\/uploads\/2022\/03\/Malvinas-Argentinas.jpg","articleSection":["La Paternal","Sociedad"],"inLanguage":"es-AR","potentialAction":[{"@type":"CommentAction","name":"Comment","target":["https:\/\/vocesdelacomuna15.com.ar\/press\/el-frente-de-todos-de-la-comuna-15-realizara-un-acto-a-40-anos-de-la-guerra-de-malvinas\/#respond"]}]},{"@type":"WebPage","@id":"https:\/\/vocesdelacomuna15.com.ar\/press\/el-frente-de-todos-de-la-comuna-15-realizara-un-acto-a-40-anos-de-la-guerra-de-malvinas\/","url":"https:\/\/vocesdelacomuna15.com.ar\/press\/el-frente-de-todos-de-la-comuna-15-realizara-un-acto-a-40-anos-de-la-guerra-de-malvinas\/","name":"El Frente de Todos de la Comuna 15 realizar\u00e1 un acto a 40 a\u00f1os de la Guerra de Malvinas - Voces de la Comuna 15","isPartOf":{"@id":"https:\/\/vocesdelacomuna15.com.ar\/press\/#website"},"primaryImageOfPage":{"@id":"https:\/\/vocesdelacomuna15.com.ar\/press\/el-frente-de-todos-de-la-comuna-15-realizara-un-acto-a-40-anos-de-la-guerra-de-malvinas\/#primaryimage"},"image":{"@id":"https:\/\/vocesdelacomuna15.com.ar\/press\/el-frente-de-todos-de-la-comuna-15-realizara-un-acto-a-40-anos-de-la-guerra-de-malvinas\/#primaryimage"},"thumbnailUrl":"https:\/\/vocesdelacomuna15.com.ar\/wp-content\/uploads\/2022\/03\/Malvinas-Argentinas.jpg","datePublished":"2022-03-31T18:22:38+00:00","dateModified":"2022-03-31T18:25:19+00:00","description":"Voces de la Comuna 15","breadcrumb":{"@id":"https:\/\/vocesdelacomuna15.com.ar\/press\/el-frente-de-todos-de-la-comuna-15-realizara-un-acto-a-40-anos-de-la-guerra-de-malvinas\/#breadcrumb"},"inLanguage":"es-AR","potentialAction":[{"@type":"ReadAction","target":["https:\/\/vocesdelacomuna15.com.ar\/press\/el-frente-de-todos-de-la-comuna-15-realizara-un-acto-a-40-anos-de-la-guerra-de-malvinas\/"]}]},{"@type":"ImageObject","inLanguage":"es-AR","@id":"https:\/\/vocesdelacomuna15.com.ar\/press\/el-frente-de-todos-de-la-comuna-15-realizara-un-acto-a-40-anos-de-la-guerra-de-malvinas\/#primaryimage","url":"https:\/\/vocesdelacomuna15.com.ar\/wp-content\/uploads\/2022\/03\/Malvinas-Argentinas.jpg","contentUrl":"https:\/\/vocesdelacomuna15.com.ar\/wp-content\/uploads\/2022\/03\/Malvinas-Argentinas.jpg","width":1200,"height":790},{"@type":"BreadcrumbList","@id":"https:\/\/vocesdelacomuna15.com.ar\/press\/el-frente-de-todos-de-la-comuna-15-realizara-un-acto-a-40-anos-de-la-guerra-de-malvinas\/#breadcrumb","itemListElement":[{"@type":"ListItem","position":1,"name":"Inicio","item":"https:\/\/vocesdelacomuna15.com.ar\/press\/"},{"@type":"ListItem","position":2,"name":"El Frente de Todos de la Comuna 15 realizar\u00e1 un acto a 40 a\u00f1os de la Guerra de Malvinas"}]},{"@type":"WebSite","@id":"https:\/\/vocesdelacomuna15.com.ar\/press\/#website","url":"https:\/\/vocesdelacomuna15.com.ar\/press\/","name":"Voces de la Comuna 15","description":"Sitio web de noticias","publisher":{"@id":"https:\/\/vocesdelacomuna15.com.ar\/press\/#organization"},"potentialAction":[{"@type":"SearchAction","target":{"@type":"EntryPoint","urlTemplate":"https:\/\/vocesdelacomuna15.com.ar\/press\/?s={search_term_string}"},"query-input":{"@type":"PropertyValueSpecification","valueRequired":true,"valueName":"search_term_string"}}],"inLanguage":"es-AR"},{"@type":"Organization","@id":"https:\/\/vocesdelacomuna15.com.ar\/press\/#organization","name":"Voces de la Comuna 15","url":"https:\/\/vocesdelacomuna15.com.ar\/press\/","logo":{"@type":"ImageObject","inLanguage":"es-AR","@id":"https:\/\/vocesdelacomuna15.com.ar\/press\/#\/schema\/logo\/image\/","url":"https:\/\/vocesdelacomuna15.com.ar\/wp-content\/uploads\/2024\/12\/cropped-logo_voces.jpg","contentUrl":"https:\/\/vocesdelacomuna15.com.ar\/wp-content\/uploads\/2024\/12\/cropped-logo_voces.jpg","width":512,"height":512,"caption":"Voces de la Comuna 15"},"image":{"@id":"https:\/\/vocesdelacomuna15.com.ar\/press\/#\/schema\/logo\/image\/"},"sameAs":["https:\/\/www.facebook.com\/VocesComuna15\/","https:\/\/x.com\/vocescomuna15"]},{"@type":"Person","@id":"https:\/\/vocesdelacomuna15.com.ar\/press\/#\/schema\/person\/4739e109db25d799cd3d139eeb509e43","name":"Federico Arguto","image":{"@type":"ImageObject","inLanguage":"es-AR","@id":"https:\/\/vocesdelacomuna15.com.ar\/wp-content\/litespeed\/avatar\/82faf979976f1bae889b8b71f8a0a7e5.jpg?ver=1777419741","url":"https:\/\/vocesdelacomuna15.com.ar\/wp-content\/litespeed\/avatar\/82faf979976f1bae889b8b71f8a0a7e5.jpg?ver=1777419741","contentUrl":"https:\/\/vocesdelacomuna15.com.ar\/wp-content\/litespeed\/avatar\/82faf979976f1bae889b8b71f8a0a7e5.jpg?ver=1777419741","caption":"Federico Arguto"},"url":"https:\/\/vocesdelacomuna15.com.ar\/press\/author\/fede\/"}]}},"_links":{"self":[{"href":"https:\/\/vocesdelacomuna15.com.ar\/press\/wp-json\/wp\/v2\/posts\/55987","targetHints":{"allow":["GET"]}}],"collection":[{"href":"https:\/\/vocesdelacomuna15.com.ar\/press\/wp-json\/wp\/v2\/posts"}],"about":[{"href":"https:\/\/vocesdelacomuna15.com.ar\/press\/wp-json\/wp\/v2\/types\/post"}],"author":[{"embeddable":true,"href":"https:\/\/vocesdelacomuna15.com.ar\/press\/wp-json\/wp\/v2\/users\/2"}],"replies":[{"embeddable":true,"href":"https:\/\/vocesdelacomuna15.com.ar\/press\/wp-json\/wp\/v2\/comments?post=55987"}],"version-history":[{"count":1,"href":"https:\/\/vocesdelacomuna15.com.ar\/press\/wp-json\/wp\/v2\/posts\/55987\/revisions"}],"predecessor-version":[{"id":55989,"href":"https:\/\/vocesdelacomuna15.com.ar\/press\/wp-json\/wp\/v2\/posts\/55987\/revisions\/55989"}],"wp:featuredmedia":[{"embeddable":true,"href":"https:\/\/vocesdelacomuna15.com.ar\/press\/wp-json\/wp\/v2\/media\/55988"}],"wp:attachment":[{"href":"https:\/\/vocesdelacomuna15.com.ar\/press\/wp-json\/wp\/v2\/media?parent=55987"}],"wp:term":[{"taxonomy":"category","embeddable":true,"href":"https:\/\/vocesdelacomuna15.com.ar\/press\/wp-json\/wp\/v2\/categories?post=55987"},{"taxonomy":"post_tag","embeddable":true,"href":"https:\/\/vocesdelacomuna15.com.ar\/press\/wp-json\/wp\/v2\/tags?post=55987"}],"curies":[{"name":"wp","href":"https:\/\/api.w.org\/{rel}","templated":true}]}}