{"id":55913,"date":"2022-03-28T01:57:00","date_gmt":"2022-03-28T04:57:00","guid":{"rendered":"http:\/\/vocesdelacomuna15.com.ar\/wordpress\/?p=55913"},"modified":"2022-03-21T14:04:13","modified_gmt":"2022-03-21T17:04:13","slug":"pasarela-gourmet-en-chacarita-siete-propuestas-de-bares-y-restaurantes-imprescindibles-para-gozar-sobre-la-calle-jorge-newbery","status":"publish","type":"post","link":"https:\/\/vocesdelacomuna15.com.ar\/press\/pasarela-gourmet-en-chacarita-siete-propuestas-de-bares-y-restaurantes-imprescindibles-para-gozar-sobre-la-calle-jorge-newbery\/","title":{"rendered":"Pasarela gourmet en Chacarita: siete propuestas de bares y restaurantes imprescindibles para gozar sobre la calle Jorge Newbery"},"content":{"rendered":"\n<p>En doscientos metros, esta avenida se convirti\u00f3 en uno de los circuitos con m\u00e1s onda para salir a comer y beber en Buenos Aires\/Cultura, tapas, cocina mexicana, verm\u00fa y hasta un bar de whiskies\/Su particular ambiente bohemio, con estilo y muy relajado\/\u00bfQu\u00e9 ofrece cada coordenada, cu\u00e1ndo ir y cu\u00e1les son sus platos estrella? Fuente: Malevamag.com (Por Luc\u00eda Faraone)<\/p>\n\n\n\n<p>Link a nota original: <a href=\"https:\/\/malevamag.com\/pasarela-gourmet-en-chacarita-en-buenos-aires-siete-propuestas-imprescindibles-para-gozar-sobre-la-calle-jorge-newbery\/\">https:\/\/malevamag.com\/pasarela-gourmet-en-chacarita-en-buenos-aires-siete-propuestas-imprescindibles-para-gozar-sobre-la-calle-jorge-newbery\/<\/a><\/p>\n\n\n\n<p>Quien se atrev\u00eda a pensar que la cuadra de su casa no se pod\u00eda convertir en el pr\u00f3ximo ojo de la movida, que tire la primera piedra. <strong>\u00a1A no subestimar las calles de Buenos Aires!<\/strong> Ya estamos en condiciones de declarar que, en esta ciudad, <strong>hasta la m\u00e1s remota calzada puede transformarse en un abrir y cerrar de ojos en el centro de la cultura y gastronom\u00eda porte\u00f1as. Engalanate que MALEVA te lleva a dar una vuelta por Jorge Newbery, la estrella de Chacarita<\/strong> que nuclea lo m\u00e1s legendario y moderno del barrio <strong>a lo largo de 200 metros.<\/strong><\/p>\n\n\n\n<p><strong>1) Lutero Bar: la trinchera de la cultura y de las tapas \/ Av. Jorge Newbery 3801&nbsp;<\/strong><\/p>\n\n\n\n<p>Te acerc\u00e1s a Lutero, ves las lucecitas en la vereda y ya empez\u00e1s a respirar <strong>un aire que es bohemio, fresco y cool al mismo tiempo. Esa misma atm\u00f3sfera enamor\u00f3 a Juan y Vanda, sus due\u00f1os, quienes afirman \u201cno haber dado vueltas al momento de decidirse\u201d<\/strong> por una ubicaci\u00f3n para su emprendimiento culinario. En esta esquina le hacen el aguante al barrio de Chacarita desde el d\u00eda uno y se presta como hogar de lindos eventos art\u00edsticos ya sean musicales o visuales. Ojo: ac\u00e1 no s\u00f3lo se reivindica una y otra vez el esp\u00edritu insumiso del vecindario, tambi\u00e9n se le rinde <strong>un justo tributo a esa forma t\u00edpica espa\u00f1ola de comer y compartir que heredamos en suelo argentino llamada \u201ctapeo\u201d.<\/strong><\/p>\n\n\n\n<figure class=\"wp-block-image size-full\"><img loading=\"lazy\" decoding=\"async\" width=\"806\" height=\"538\" src=\"http:\/\/vocesdelacomuna15.com.ar\/wordpress\/wp-content\/uploads\/2022\/03\/lutero.jpg\" alt=\"\" class=\"wp-image-55914\" srcset=\"https:\/\/vocesdelacomuna15.com.ar\/wp-content\/uploads\/2022\/03\/lutero.jpg 806w, https:\/\/vocesdelacomuna15.com.ar\/wp-content\/uploads\/2022\/03\/lutero-300x200.jpg 300w, https:\/\/vocesdelacomuna15.com.ar\/wp-content\/uploads\/2022\/03\/lutero-768x513.jpg 768w, https:\/\/vocesdelacomuna15.com.ar\/wp-content\/uploads\/2022\/03\/lutero-600x400.jpg 600w\" sizes=\"(max-width: 806px) 100vw, 806px\" \/><\/figure>\n\n\n\n<p>Los primog\u00e9nitos de este simp\u00e1tico punto de encuentro, tienen algunos \u201ccaballitos de batalla\u201d para recomendarte: <strong>la provoleta, la fain\u00e1 al verdeo, el s\u00e1ndwich de bondiola braseada y sus infalibles pizzas.<\/strong> Sin embargo, Lutero cuenta con <strong>una propuesta gastron\u00f3mica tan copada que adem\u00e1s ofrece opciones m\u00e1s \u201c\u00e9tnicas\u201d para tu paso por esta esquina. \u00a1Aqu\u00ed pod\u00e9s tambi\u00e9n deleitarte con boios, knishes y \u201csambuzak\u201d, las famosas empanaditas jud\u00edas!<\/strong> Esta intersecci\u00f3n del barrio te espera con su carta de vinos y sus brazos bien abiertos para disfrutar de una gran velada.<\/p>\n\n\n\n<p><strong>2) Sif\u00f3n soder\u00eda&nbsp;&amp; plancha: el b\u00fanker de la retroman\u00eda (\u00a1y de los grandes encuentros!) \/&nbsp; Av. Jorge Newbery 3881&nbsp;<\/strong><\/p>\n\n\n\n<p>En este sitio no hay lugar para la nostalgia, sino para un excelente momento culinario cargado de buena onda. Si ten\u00e9s dudas, mir\u00e1 el ambiente que ya lo dice todo: <strong>el patio con sillas playeras seguramente es lo m\u00e1s parecido a esa casa de la Costa Atl\u00e1ntica que alquil\u00e1s con tu manada verano tras verano<\/strong>. Ac\u00e1, el \u00fanico tiempo que importa es el que se disfruta en compa\u00f1\u00eda con un aperitivo en la mano. <strong>\u00bfEl componente infaltable? \u00a1La soda, obvio! Y si sos una persona genuinamente fan del \u201cagua con gas\u201d, hay inmejorables noticias: su envase es el m\u00edtico \u201cvidrio\u201d.<\/strong> Si te apetece un tinto o un verm\u00fa, ya sab\u00e9s con qu\u00e9 sale.<\/p>\n\n\n\n<figure class=\"wp-block-image size-full\"><img loading=\"lazy\" decoding=\"async\" width=\"683\" height=\"1024\" src=\"http:\/\/vocesdelacomuna15.com.ar\/wordpress\/wp-content\/uploads\/2022\/03\/sifon.jpg\" alt=\"\" class=\"wp-image-55915\" srcset=\"https:\/\/vocesdelacomuna15.com.ar\/wp-content\/uploads\/2022\/03\/sifon.jpg 683w, https:\/\/vocesdelacomuna15.com.ar\/wp-content\/uploads\/2022\/03\/sifon-200x300.jpg 200w, https:\/\/vocesdelacomuna15.com.ar\/wp-content\/uploads\/2022\/03\/sifon-600x900.jpg 600w\" sizes=\"(max-width: 683px) 100vw, 683px\" \/><\/figure>\n\n\n\n<p>Adem\u00e1s, los refrescantes tragos y las entretenidas charlas vienen con un tercer complemento clave para el atardecer perfecto: <strong>appetizers y platitos para gozar entre burbujas<\/strong>. Hac\u00e9 lugar en la mesa para las m\u00e1s variopintas preparaciones reci\u00e9n salidas de las calientes planchas de Sif\u00f3n. <strong>Si ten\u00e9s antojo de gastronom\u00eda \u00abyankee\u00bb, ac\u00e1 pod\u00e9s pedirte un buen s\u00e1ndwich de bondiola braseada con coleslaw, pepinillos y mostaza.<\/strong> Si, por el contrario, se te hace agua (con gas) la boca<strong> por un cl\u00e1sico argento, prob\u00e1 las empanadas fritas de osobuco.<\/strong> En <strong>Sif\u00f3n<\/strong>, la carta es corta pero osada. \u00a1Nada que una soda no pueda afrontar!<\/p>\n\n\n\n<p><strong>3) Sede, central de whisky: donde lo \u201cold fashioned\u201d jam\u00e1s pasa de moda \/ Guevara 421&nbsp;<\/strong><\/p>\n\n\n\n<p>Cae el sol y lo \u00fanico de tonalidades ambarinas y cobrizas que prevalece en la tardecita porte\u00f1a es el whisky de <strong>SEDE<\/strong>. Un lugar sobre Guevara casi llegando a su cruce con J. Newbery que est\u00e1 preparado para recibir personas predispuestas a pasarla espectacular con un vaso en mano colmado de la t\u00edpica bebida escocesa y, por qu\u00e9 no, con un acompa\u00f1amiento salado bien a tono con el aroma y finura del tradicional cocktail. <strong>Morcilla hojaldrada, coliflores crocantes, fain\u00e1 canchera\u2026 la elecci\u00f3n est\u00e1 compleja, pero deliciosa. Y si ten\u00e9s paladar dulce, marche ese flan de batata y dulce de leche con crema de canela. Todo parecer\u00eda ser un viaje de ida cuyo motor es el whisky.<\/strong><\/p>\n\n\n\n<figure class=\"wp-block-image size-full\"><img loading=\"lazy\" decoding=\"async\" width=\"900\" height=\"600\" src=\"http:\/\/vocesdelacomuna15.com.ar\/wordpress\/wp-content\/uploads\/2022\/03\/sede.jpg\" alt=\"\" class=\"wp-image-55916\" srcset=\"https:\/\/vocesdelacomuna15.com.ar\/wp-content\/uploads\/2022\/03\/sede.jpg 900w, https:\/\/vocesdelacomuna15.com.ar\/wp-content\/uploads\/2022\/03\/sede-300x200.jpg 300w, https:\/\/vocesdelacomuna15.com.ar\/wp-content\/uploads\/2022\/03\/sede-768x512.jpg 768w, https:\/\/vocesdelacomuna15.com.ar\/wp-content\/uploads\/2022\/03\/sede-600x400.jpg 600w\" sizes=\"(max-width: 900px) 100vw, 900px\" \/><\/figure>\n\n\n\n<p><strong>Lo m\u00e1s lindo, es que SEDE no le teme a compartir su esp\u00edritu con otros sitios de la zona y alrededores: por lo general, siempre \u201cest\u00e1 en una\u201d junto a SIF\u00d3N (su hermano y vecino de la manzana)<\/strong>. En otra oportunidad, tambi\u00e9n hizo lo suyo con <strong>Anafe<\/strong> (<strong>el proyecto que comenz\u00f3 a puertas cerradas y la termin\u00f3 rompiendo en Colegiales<\/strong>). El desenlace de estas historias es magn\u00edfico; uno que te habilita a hacer un sensacional maridaje con lo mejor del whisky y audaces propuestas gastron\u00f3micas.<\/p>\n\n\n\n<p><strong>4) Ul\u00faa \u00a1Y&nbsp;que viva M\u00e9xico, cabrones! Para sentirse en una vereda trendy de Polanco \/ Av. Jorge Newbery 3791<\/strong><\/p>\n\n\n\n<p><strong>\u00bfAntojo de comida centroamericana casera y canchera a la vez?<\/strong> \u00a1Estacion\u00e1 por ac\u00e1! UL\u00daA parece u<strong>na propuesta importada directamente del trendy barrio de Polanco, en el coraz\u00f3n del D.F., con un estilo moderno y sobrio pero con la calidez \u2013 \u00a1y el ardor! \u2013 de la t\u00edpica cocina mexicana<\/strong>. Los<strong> chiles, las tortillas de ma\u00edz y los ingredientes del mar<\/strong> son ingeniosamente montados para acercar a los comensales a la cultura de su madre patria. Obvio que su magia atraviesa l\u00edmites geogr\u00e1ficos: <strong>las hojas de shiso o \u201calbahaca japonesa\u201d, el kimchi y preparaciones como \u201cmayonesa nikkei\u201d en sus platos<\/strong>, revelan el deje oriental que subyace en toda su gastronom\u00eda<strong> Mex y bien cool<\/strong>.<\/p>\n\n\n\n<figure class=\"wp-block-image size-full\"><img loading=\"lazy\" decoding=\"async\" width=\"480\" height=\"719\" src=\"http:\/\/vocesdelacomuna15.com.ar\/wordpress\/wp-content\/uploads\/2022\/03\/ULUA-5.jpg\" alt=\"\" class=\"wp-image-55917\" srcset=\"https:\/\/vocesdelacomuna15.com.ar\/wp-content\/uploads\/2022\/03\/ULUA-5.jpg 480w, https:\/\/vocesdelacomuna15.com.ar\/wp-content\/uploads\/2022\/03\/ULUA-5-200x300.jpg 200w\" sizes=\"(max-width: 480px) 100vw, 480px\" \/><\/figure>\n\n\n\n<p>Adem\u00e1s, si hay algo atractivo de sobra que envuelve a este sitio, es que logra difundir su meti\u00e9 y el amor por sus or\u00edgenes de un modo ameno y humilde ya sea a trav\u00e9s de sus posteos de redes sociales o de sus eventos culinarios especiales perfectamente pensados. <strong>As\u00ed es como uno se entera antes de llegar a UL\u00daA que, en lo que respecta a sus modos de cocci\u00f3n, \u201cse aprovecha la totalidad del ingrediente\u201d<\/strong>. Aqu\u00ed, se ponen al desnudo las ra\u00edces de una gastronom\u00eda que enciende paladares y buenos momentos, con margaritas y mezcal en mano.<\/p>\n\n\n\n<p><strong>5) Roll\u2019in Lu\u00ed Alimentos: la cocina amiga del planeta \/ Av. Jorge Newbery 3674&nbsp;<\/strong><\/p>\n\n\n\n<p>F\u00edsicamente, este rinconcito es peque\u00f1o y abre \u00fanicamente los mediod\u00edas de la semana (a excepci\u00f3n de domingos). A\u00fan as\u00ed, cuando se levanta la persiana, su buena onda se vislumbra hasta en el cartel de men\u00fa: si los afters fueran a las 12 pm, probablemente estar\u00edamos todos gozando ac\u00e1. Ingredientes simples, combinaciones alucinantes envueltas en wraps o al plato (\u00a1atenti si lo tuyo es la ensalada!) y todo servido bien completo.<strong> Los falafel (que se llevan las palmas) y los abundantes rolls colmados de frescura, coronan a Roll\u2019in Lu\u00ed como el campe\u00f3n de la cocina natural de la calle J. Newbery y probablemente de todo Buenos Aires.<\/strong><\/p>\n\n\n\n<figure class=\"wp-block-image size-full\"><img loading=\"lazy\" decoding=\"async\" width=\"600\" height=\"600\" src=\"http:\/\/vocesdelacomuna15.com.ar\/wordpress\/wp-content\/uploads\/2022\/03\/roll-in.jpg\" alt=\"\" class=\"wp-image-55918\" srcset=\"https:\/\/vocesdelacomuna15.com.ar\/wp-content\/uploads\/2022\/03\/roll-in.jpg 600w, https:\/\/vocesdelacomuna15.com.ar\/wp-content\/uploads\/2022\/03\/roll-in-300x300.jpg 300w, https:\/\/vocesdelacomuna15.com.ar\/wp-content\/uploads\/2022\/03\/roll-in-150x150.jpg 150w, https:\/\/vocesdelacomuna15.com.ar\/wp-content\/uploads\/2022\/03\/roll-in-440x440.jpg 440w, https:\/\/vocesdelacomuna15.com.ar\/wp-content\/uploads\/2022\/03\/roll-in-100x100.jpg 100w\" sizes=\"(max-width: 600px) 100vw, 600px\" \/><\/figure>\n\n\n\n<p>Lo bueno no termina ah\u00ed:<strong> este modesto sitio es una estrella del barrio tanto por su relaci\u00f3n precio-calidad como por su oferta consciente no solo en el plano culinario, sino adem\u00e1s en la forma de acercarla a sus comensales.<\/strong> \u00bfA qu\u00e9 nos referimos? A que Roll\u2019in Lu\u00ed promueve un <strong>\u201cconsumo responsable de pl\u00e1stico\u201d<\/strong>. Por eso, propone que lleves tu contenedor de comida para evitar que tu plato fresco sea servido en un envase descartable de corta vida \u00fatil. Una gran filosof\u00eda que acompa\u00f1a una gran cocina.<\/p>\n\n\n\n<p><strong>6) Bar Guevar Deli Gourmet: la revancha de lo casero \/ Av. Jorge Newbery 3902&nbsp;<\/strong><\/p>\n\n\n\n<p>Todos tenemos un lugarcito al que vamos una y otra vez porque nos sentimos \u201ccomo en casa\u201d. Y <strong>Bar&nbsp; Guevar est\u00e1 ah\u00ed, al pie del ca\u00f1\u00f3n en pleno Chaca, para dar cobijo y rienda suelta a tu anhelo de cocina hogare\u00f1a.<\/strong> Si tu alimentaci\u00f3n es vegana, vegetariana o carn\u00edvora, para vos los anafes de esta luminosa esquina se encienden y te ofrecen ese \u201cmen\u00fa de siempre\u201d con una linda vuelta de tuerca. <strong>As\u00ed es que pod\u00e9s pedirte risotto de queso azul, queso parmesano y nueces, pizza casera integral con semillas tostadas, o incluso una milanesa a la fugazzeta con unas buenas papas. BarGuevar elabora a diario opciones muy sanas<\/strong> y otras tantas un poco m\u00e1s jugadas para llenar panzas y dejar corazones contentos.<\/p>\n\n\n\n<figure class=\"wp-block-image size-full\"><img loading=\"lazy\" decoding=\"async\" width=\"800\" height=\"399\" src=\"http:\/\/vocesdelacomuna15.com.ar\/wordpress\/wp-content\/uploads\/2022\/03\/BarGuevar.png\" alt=\"\" class=\"wp-image-55919\" srcset=\"https:\/\/vocesdelacomuna15.com.ar\/wp-content\/uploads\/2022\/03\/BarGuevar.png 800w, https:\/\/vocesdelacomuna15.com.ar\/wp-content\/uploads\/2022\/03\/BarGuevar-300x150.png 300w, https:\/\/vocesdelacomuna15.com.ar\/wp-content\/uploads\/2022\/03\/BarGuevar-768x383.png 768w, https:\/\/vocesdelacomuna15.com.ar\/wp-content\/uploads\/2022\/03\/BarGuevar-600x299.png 600w\" sizes=\"(max-width: 800px) 100vw, 800px\" \/><\/figure>\n\n\n\n<p>Agendate tambi\u00e9n este rinc\u00f3n para esos d\u00edas de invierno g\u00e9lidos, pues BarGuevar no deja de ser un bodeg\u00f3n que recibe <strong>con mucho amor a la hirviente tradici\u00f3n argenta de lentejas con carne y chorizo colorado<\/strong>. \u00a1Esta esquina salva las papas en cualquier estaci\u00f3n del a\u00f1o!<\/p>\n\n\n\n<p><strong>7) Almac\u00e9n Comunal: la redefinici\u00f3n del deli gourmet \/ Guevara 405<\/strong><\/p>\n\n\n\n<p>Un coraz\u00f3n de ne\u00f3n irradia buena energ\u00eda desde la pared de Almac\u00e9n Comunal, <strong>la canchera esquina que no para de crecer desde 2017 y que ya es marca registrada de Chaca<\/strong>. Probablemente, esa imagen decorativa es el reflejo perfecto de lo que le suceder\u00e1 al tuyo cuando pruebes las fascinantes combinaciones de ingredientes en sus platos. <strong>Vas a flipar con su fain\u00e1 con palta, hinojos en conserva y kale. Y no nos hacemos cargo si perd\u00e9s la cabeza con esta otra junta del bien: pollo de campo frito en pan de molde + jalea de jalape\u00f1os + mayonesa de cilantro.<\/strong> Ahora imaginate esa mise-en-sc\u00e8ne con birra y de la mano de tu mejor compa\u00f1\u00eda. \u00a1Un paisaje inmejorable!<\/p>\n\n\n\n<figure class=\"wp-block-image size-full\"><img loading=\"lazy\" decoding=\"async\" width=\"768\" height=\"1024\" src=\"http:\/\/vocesdelacomuna15.com.ar\/wordpress\/wp-content\/uploads\/2022\/03\/Almacen-Comunal-3-768x1024-1.jpg\" alt=\"\" class=\"wp-image-55920\" srcset=\"https:\/\/vocesdelacomuna15.com.ar\/wp-content\/uploads\/2022\/03\/Almacen-Comunal-3-768x1024-1.jpg 768w, https:\/\/vocesdelacomuna15.com.ar\/wp-content\/uploads\/2022\/03\/Almacen-Comunal-3-768x1024-1-225x300.jpg 225w, https:\/\/vocesdelacomuna15.com.ar\/wp-content\/uploads\/2022\/03\/Almacen-Comunal-3-768x1024-1-600x800.jpg 600w\" sizes=\"(max-width: 768px) 100vw, 768px\" \/><\/figure>\n\n\n\n<p>\u00bfLo mejor? Almac\u00e9n Comunal tiene un esp\u00edritu comunitario y jovial.<strong> Desde su cocina, apuestan a grandes alianzas con cl\u00e1sicos como Salvaje Bakery (quien aporta su expertise en pizzas y panes de masa madre) y La Fuerza Verm\u00fa (que acerca a esta esquina la frescura de sus bebidas)<\/strong> .Todo aquello que se elabora y ofrece en esta intersecci\u00f3n de Guevara y Jorge Newbery, tiene un car\u00e1cter provocador y desafiante para el paladar. <strong>\u00a1Hasta sus blends cafeteros, que se pueden acompa\u00f1ar con alfajor de man\u00ed y dulce de leche! Sin lugar a dudas, tiene un alma rebelde que va de la mano con Chacarita.<\/strong><\/p>\n\n\n\n<p>Caracteres: 9.328<\/p>\n\n\n\n<p>Fotos: Malevamag.com<\/p>\n<div class=\"pvc_clear\"><\/div><p id=\"pvc_stats_55913\" class=\"pvc_stats all  \" data-element-id=\"55913\" style=\"\"><i class=\"pvc-stats-icon small\" aria-hidden=\"true\"><svg aria-hidden=\"true\" focusable=\"false\" data-prefix=\"far\" data-icon=\"chart-bar\" role=\"img\" xmlns=\"http:\/\/www.w3.org\/2000\/svg\" viewBox=\"0 0 512 512\" class=\"svg-inline--fa fa-chart-bar fa-w-16 fa-2x\"><path fill=\"currentColor\" d=\"M396.8 352h22.4c6.4 0 12.8-6.4 12.8-12.8V108.8c0-6.4-6.4-12.8-12.8-12.8h-22.4c-6.4 0-12.8 6.4-12.8 12.8v230.4c0 6.4 6.4 12.8 12.8 12.8zm-192 0h22.4c6.4 0 12.8-6.4 12.8-12.8V140.8c0-6.4-6.4-12.8-12.8-12.8h-22.4c-6.4 0-12.8 6.4-12.8 12.8v198.4c0 6.4 6.4 12.8 12.8 12.8zm96 0h22.4c6.4 0 12.8-6.4 12.8-12.8V204.8c0-6.4-6.4-12.8-12.8-12.8h-22.4c-6.4 0-12.8 6.4-12.8 12.8v134.4c0 6.4 6.4 12.8 12.8 12.8zM496 400H48V80c0-8.84-7.16-16-16-16H16C7.16 64 0 71.16 0 80v336c0 17.67 14.33 32 32 32h464c8.84 0 16-7.16 16-16v-16c0-8.84-7.16-16-16-16zm-387.2-48h22.4c6.4 0 12.8-6.4 12.8-12.8v-70.4c0-6.4-6.4-12.8-12.8-12.8h-22.4c-6.4 0-12.8 6.4-12.8 12.8v70.4c0 6.4 6.4 12.8 12.8 12.8z\" class=\"\"><\/path><\/svg><\/i> <img loading=\"lazy\" decoding=\"async\" width=\"16\" height=\"16\" alt=\"Loading\" src=\"https:\/\/vocesdelacomuna15.com.ar\/wp-content\/plugins\/page-views-count\/ajax-loader-2x.gif\" border=0 \/><\/p><div class=\"pvc_clear\"><\/div>","protected":false},"excerpt":{"rendered":"<p>En doscientos metros, esta avenida se convirti\u00f3 en uno de los circuitos con m\u00e1s onda para salir a comer y beber en Buenos Aires\/Cultura, tapas, cocina mexicana, verm\u00fa y hasta un bar de whiskies\/Su particular ambiente bohemio, con estilo y muy relajado\/\u00bfQu\u00e9 ofrece cada coordenada, cu\u00e1ndo ir y cu\u00e1les son sus platos estrella? Fuente: Malevamag.com [&hellip;]<\/p>\n<div class=\"pvc_clear\"><\/div>\n<p id=\"pvc_stats_55913\" class=\"pvc_stats all  \" data-element-id=\"55913\" style=\"\"><i class=\"pvc-stats-icon small\" aria-hidden=\"true\"><svg aria-hidden=\"true\" focusable=\"false\" data-prefix=\"far\" data-icon=\"chart-bar\" role=\"img\" xmlns=\"http:\/\/www.w3.org\/2000\/svg\" viewBox=\"0 0 512 512\" class=\"svg-inline--fa fa-chart-bar fa-w-16 fa-2x\"><path fill=\"currentColor\" d=\"M396.8 352h22.4c6.4 0 12.8-6.4 12.8-12.8V108.8c0-6.4-6.4-12.8-12.8-12.8h-22.4c-6.4 0-12.8 6.4-12.8 12.8v230.4c0 6.4 6.4 12.8 12.8 12.8zm-192 0h22.4c6.4 0 12.8-6.4 12.8-12.8V140.8c0-6.4-6.4-12.8-12.8-12.8h-22.4c-6.4 0-12.8 6.4-12.8 12.8v198.4c0 6.4 6.4 12.8 12.8 12.8zm96 0h22.4c6.4 0 12.8-6.4 12.8-12.8V204.8c0-6.4-6.4-12.8-12.8-12.8h-22.4c-6.4 0-12.8 6.4-12.8 12.8v134.4c0 6.4 6.4 12.8 12.8 12.8zM496 400H48V80c0-8.84-7.16-16-16-16H16C7.16 64 0 71.16 0 80v336c0 17.67 14.33 32 32 32h464c8.84 0 16-7.16 16-16v-16c0-8.84-7.16-16-16-16zm-387.2-48h22.4c6.4 0 12.8-6.4 12.8-12.8v-70.4c0-6.4-6.4-12.8-12.8-12.8h-22.4c-6.4 0-12.8 6.4-12.8 12.8v70.4c0 6.4 6.4 12.8 12.8 12.8z\" class=\"\"><\/path><\/svg><\/i> <img loading=\"lazy\" decoding=\"async\" width=\"16\" height=\"16\" alt=\"Loading\" src=\"https:\/\/vocesdelacomuna15.com.ar\/wp-content\/plugins\/page-views-count\/ajax-loader-2x.gif\" border=0 \/><\/p>\n<div class=\"pvc_clear\"><\/div>\n","protected":false},"author":2,"featured_media":55922,"comment_status":"open","ping_status":"open","sticky":false,"template":"","format":"standard","meta":{"_et_pb_use_builder":"","_et_pb_old_content":"","_et_gb_content_width":"","footnotes":""},"categories":[23,39],"tags":[],"class_list":["post-55913","post","type-post","status-publish","format-standard","has-post-thumbnail","hentry","category-chacarita","category-cocina","et-has-post-format-content","et_post_format-et-post-format-standard"],"a3_pvc":{"activated":true,"total_views":446,"today_views":0},"yoast_head":"<!-- This site is optimized with the Yoast SEO plugin v27.5 - https:\/\/yoast.com\/product\/yoast-seo-wordpress\/ -->\n<title>Pasarela gourmet en Chacarita: siete propuestas de bares y restaurantes imprescindibles para gozar sobre la calle Jorge Newbery - Voces de la Comuna 15<\/title>\n<meta name=\"description\" content=\"Voces de la Comuna 15\" \/>\n<meta name=\"robots\" content=\"index, follow, max-snippet:-1, max-image-preview:large, max-video-preview:-1\" \/>\n<link rel=\"canonical\" href=\"https:\/\/vocesdelacomuna15.com.ar\/press\/pasarela-gourmet-en-chacarita-siete-propuestas-de-bares-y-restaurantes-imprescindibles-para-gozar-sobre-la-calle-jorge-newbery\/\" \/>\n<meta property=\"og:locale\" content=\"es_ES\" \/>\n<meta property=\"og:type\" content=\"article\" \/>\n<meta property=\"og:title\" content=\"Pasarela gourmet en Chacarita: siete propuestas de bares y restaurantes imprescindibles para gozar sobre la calle Jorge Newbery - Voces de la Comuna 15\" \/>\n<meta property=\"og:description\" content=\"Voces de la Comuna 15\" \/>\n<meta property=\"og:url\" content=\"https:\/\/vocesdelacomuna15.com.ar\/press\/pasarela-gourmet-en-chacarita-siete-propuestas-de-bares-y-restaurantes-imprescindibles-para-gozar-sobre-la-calle-jorge-newbery\/\" \/>\n<meta property=\"og:site_name\" content=\"Voces de la Comuna 15\" \/>\n<meta property=\"article:publisher\" content=\"https:\/\/www.facebook.com\/VocesComuna15\/\" \/>\n<meta property=\"article:published_time\" content=\"2022-03-28T04:57:00+00:00\" \/>\n<meta property=\"og:image\" content=\"https:\/\/vocesdelacomuna15.com.ar\/wp-content\/uploads\/2022\/03\/lutero-1.jpg\" \/>\n\t<meta property=\"og:image:width\" content=\"806\" \/>\n\t<meta property=\"og:image:height\" content=\"538\" \/>\n\t<meta property=\"og:image:type\" content=\"image\/jpeg\" \/>\n<meta name=\"author\" content=\"Federico Arguto\" \/>\n<meta name=\"twitter:card\" content=\"summary_large_image\" \/>\n<meta name=\"twitter:creator\" content=\"@vocescomuna15\" \/>\n<meta name=\"twitter:site\" content=\"@vocescomuna15\" \/>\n<meta name=\"twitter:label1\" content=\"Escrito por\" \/>\n\t<meta name=\"twitter:data1\" content=\"Federico Arguto\" \/>\n\t<meta name=\"twitter:label2\" content=\"Tiempo de lectura\" \/>\n\t<meta name=\"twitter:data2\" content=\"9 minutos\" \/>\n<script type=\"application\/ld+json\" class=\"yoast-schema-graph\">{\"@context\":\"https:\\\/\\\/schema.org\",\"@graph\":[{\"@type\":\"Article\",\"@id\":\"https:\\\/\\\/vocesdelacomuna15.com.ar\\\/press\\\/pasarela-gourmet-en-chacarita-siete-propuestas-de-bares-y-restaurantes-imprescindibles-para-gozar-sobre-la-calle-jorge-newbery\\\/#article\",\"isPartOf\":{\"@id\":\"https:\\\/\\\/vocesdelacomuna15.com.ar\\\/press\\\/pasarela-gourmet-en-chacarita-siete-propuestas-de-bares-y-restaurantes-imprescindibles-para-gozar-sobre-la-calle-jorge-newbery\\\/\"},\"author\":{\"name\":\"Federico Arguto\",\"@id\":\"https:\\\/\\\/vocesdelacomuna15.com.ar\\\/press\\\/#\\\/schema\\\/person\\\/4739e109db25d799cd3d139eeb509e43\"},\"headline\":\"Pasarela gourmet en Chacarita: siete propuestas de bares y restaurantes imprescindibles para gozar sobre la calle Jorge Newbery\",\"datePublished\":\"2022-03-28T04:57:00+00:00\",\"mainEntityOfPage\":{\"@id\":\"https:\\\/\\\/vocesdelacomuna15.com.ar\\\/press\\\/pasarela-gourmet-en-chacarita-siete-propuestas-de-bares-y-restaurantes-imprescindibles-para-gozar-sobre-la-calle-jorge-newbery\\\/\"},\"wordCount\":1824,\"commentCount\":0,\"publisher\":{\"@id\":\"https:\\\/\\\/vocesdelacomuna15.com.ar\\\/press\\\/#organization\"},\"image\":{\"@id\":\"https:\\\/\\\/vocesdelacomuna15.com.ar\\\/press\\\/pasarela-gourmet-en-chacarita-siete-propuestas-de-bares-y-restaurantes-imprescindibles-para-gozar-sobre-la-calle-jorge-newbery\\\/#primaryimage\"},\"thumbnailUrl\":\"https:\\\/\\\/vocesdelacomuna15.com.ar\\\/wp-content\\\/uploads\\\/2022\\\/03\\\/lutero-1.jpg\",\"articleSection\":[\"Chacarita\",\"Cocina\\\/ Gastronom\u00eda\"],\"inLanguage\":\"es-AR\",\"potentialAction\":[{\"@type\":\"CommentAction\",\"name\":\"Comment\",\"target\":[\"https:\\\/\\\/vocesdelacomuna15.com.ar\\\/press\\\/pasarela-gourmet-en-chacarita-siete-propuestas-de-bares-y-restaurantes-imprescindibles-para-gozar-sobre-la-calle-jorge-newbery\\\/#respond\"]}]},{\"@type\":\"WebPage\",\"@id\":\"https:\\\/\\\/vocesdelacomuna15.com.ar\\\/press\\\/pasarela-gourmet-en-chacarita-siete-propuestas-de-bares-y-restaurantes-imprescindibles-para-gozar-sobre-la-calle-jorge-newbery\\\/\",\"url\":\"https:\\\/\\\/vocesdelacomuna15.com.ar\\\/press\\\/pasarela-gourmet-en-chacarita-siete-propuestas-de-bares-y-restaurantes-imprescindibles-para-gozar-sobre-la-calle-jorge-newbery\\\/\",\"name\":\"Pasarela gourmet en Chacarita: siete propuestas de bares y restaurantes imprescindibles para gozar sobre la calle Jorge Newbery - Voces de la Comuna 15\",\"isPartOf\":{\"@id\":\"https:\\\/\\\/vocesdelacomuna15.com.ar\\\/press\\\/#website\"},\"primaryImageOfPage\":{\"@id\":\"https:\\\/\\\/vocesdelacomuna15.com.ar\\\/press\\\/pasarela-gourmet-en-chacarita-siete-propuestas-de-bares-y-restaurantes-imprescindibles-para-gozar-sobre-la-calle-jorge-newbery\\\/#primaryimage\"},\"image\":{\"@id\":\"https:\\\/\\\/vocesdelacomuna15.com.ar\\\/press\\\/pasarela-gourmet-en-chacarita-siete-propuestas-de-bares-y-restaurantes-imprescindibles-para-gozar-sobre-la-calle-jorge-newbery\\\/#primaryimage\"},\"thumbnailUrl\":\"https:\\\/\\\/vocesdelacomuna15.com.ar\\\/wp-content\\\/uploads\\\/2022\\\/03\\\/lutero-1.jpg\",\"datePublished\":\"2022-03-28T04:57:00+00:00\",\"description\":\"Voces de la Comuna 15\",\"breadcrumb\":{\"@id\":\"https:\\\/\\\/vocesdelacomuna15.com.ar\\\/press\\\/pasarela-gourmet-en-chacarita-siete-propuestas-de-bares-y-restaurantes-imprescindibles-para-gozar-sobre-la-calle-jorge-newbery\\\/#breadcrumb\"},\"inLanguage\":\"es-AR\",\"potentialAction\":[{\"@type\":\"ReadAction\",\"target\":[\"https:\\\/\\\/vocesdelacomuna15.com.ar\\\/press\\\/pasarela-gourmet-en-chacarita-siete-propuestas-de-bares-y-restaurantes-imprescindibles-para-gozar-sobre-la-calle-jorge-newbery\\\/\"]}]},{\"@type\":\"ImageObject\",\"inLanguage\":\"es-AR\",\"@id\":\"https:\\\/\\\/vocesdelacomuna15.com.ar\\\/press\\\/pasarela-gourmet-en-chacarita-siete-propuestas-de-bares-y-restaurantes-imprescindibles-para-gozar-sobre-la-calle-jorge-newbery\\\/#primaryimage\",\"url\":\"https:\\\/\\\/vocesdelacomuna15.com.ar\\\/wp-content\\\/uploads\\\/2022\\\/03\\\/lutero-1.jpg\",\"contentUrl\":\"https:\\\/\\\/vocesdelacomuna15.com.ar\\\/wp-content\\\/uploads\\\/2022\\\/03\\\/lutero-1.jpg\",\"width\":806,\"height\":538},{\"@type\":\"BreadcrumbList\",\"@id\":\"https:\\\/\\\/vocesdelacomuna15.com.ar\\\/press\\\/pasarela-gourmet-en-chacarita-siete-propuestas-de-bares-y-restaurantes-imprescindibles-para-gozar-sobre-la-calle-jorge-newbery\\\/#breadcrumb\",\"itemListElement\":[{\"@type\":\"ListItem\",\"position\":1,\"name\":\"Inicio\",\"item\":\"https:\\\/\\\/vocesdelacomuna15.com.ar\\\/press\\\/\"},{\"@type\":\"ListItem\",\"position\":2,\"name\":\"Pasarela gourmet en Chacarita: siete propuestas de bares y restaurantes imprescindibles para gozar sobre la calle Jorge Newbery\"}]},{\"@type\":\"WebSite\",\"@id\":\"https:\\\/\\\/vocesdelacomuna15.com.ar\\\/press\\\/#website\",\"url\":\"https:\\\/\\\/vocesdelacomuna15.com.ar\\\/press\\\/\",\"name\":\"Voces de la Comuna 15\",\"description\":\"Sitio web de noticias\",\"publisher\":{\"@id\":\"https:\\\/\\\/vocesdelacomuna15.com.ar\\\/press\\\/#organization\"},\"potentialAction\":[{\"@type\":\"SearchAction\",\"target\":{\"@type\":\"EntryPoint\",\"urlTemplate\":\"https:\\\/\\\/vocesdelacomuna15.com.ar\\\/press\\\/?s={search_term_string}\"},\"query-input\":{\"@type\":\"PropertyValueSpecification\",\"valueRequired\":true,\"valueName\":\"search_term_string\"}}],\"inLanguage\":\"es-AR\"},{\"@type\":\"Organization\",\"@id\":\"https:\\\/\\\/vocesdelacomuna15.com.ar\\\/press\\\/#organization\",\"name\":\"Voces de la Comuna 15\",\"url\":\"https:\\\/\\\/vocesdelacomuna15.com.ar\\\/press\\\/\",\"logo\":{\"@type\":\"ImageObject\",\"inLanguage\":\"es-AR\",\"@id\":\"https:\\\/\\\/vocesdelacomuna15.com.ar\\\/press\\\/#\\\/schema\\\/logo\\\/image\\\/\",\"url\":\"https:\\\/\\\/vocesdelacomuna15.com.ar\\\/wp-content\\\/uploads\\\/2024\\\/12\\\/cropped-logo_voces.jpg\",\"contentUrl\":\"https:\\\/\\\/vocesdelacomuna15.com.ar\\\/wp-content\\\/uploads\\\/2024\\\/12\\\/cropped-logo_voces.jpg\",\"width\":512,\"height\":512,\"caption\":\"Voces de la Comuna 15\"},\"image\":{\"@id\":\"https:\\\/\\\/vocesdelacomuna15.com.ar\\\/press\\\/#\\\/schema\\\/logo\\\/image\\\/\"},\"sameAs\":[\"https:\\\/\\\/www.facebook.com\\\/VocesComuna15\\\/\",\"https:\\\/\\\/x.com\\\/vocescomuna15\"]},{\"@type\":\"Person\",\"@id\":\"https:\\\/\\\/vocesdelacomuna15.com.ar\\\/press\\\/#\\\/schema\\\/person\\\/4739e109db25d799cd3d139eeb509e43\",\"name\":\"Federico Arguto\",\"image\":{\"@type\":\"ImageObject\",\"inLanguage\":\"es-AR\",\"@id\":\"https:\\\/\\\/vocesdelacomuna15.com.ar\\\/wp-content\\\/litespeed\\\/avatar\\\/82faf979976f1bae889b8b71f8a0a7e5.jpg?ver=1777419741\",\"url\":\"https:\\\/\\\/vocesdelacomuna15.com.ar\\\/wp-content\\\/litespeed\\\/avatar\\\/82faf979976f1bae889b8b71f8a0a7e5.jpg?ver=1777419741\",\"contentUrl\":\"https:\\\/\\\/vocesdelacomuna15.com.ar\\\/wp-content\\\/litespeed\\\/avatar\\\/82faf979976f1bae889b8b71f8a0a7e5.jpg?ver=1777419741\",\"caption\":\"Federico Arguto\"},\"url\":\"https:\\\/\\\/vocesdelacomuna15.com.ar\\\/press\\\/author\\\/fede\\\/\"}]}<\/script>\n<!-- \/ Yoast SEO plugin. -->","yoast_head_json":{"title":"Pasarela gourmet en Chacarita: siete propuestas de bares y restaurantes imprescindibles para gozar sobre la calle Jorge Newbery - Voces de la Comuna 15","description":"Voces de la Comuna 15","robots":{"index":"index","follow":"follow","max-snippet":"max-snippet:-1","max-image-preview":"max-image-preview:large","max-video-preview":"max-video-preview:-1"},"canonical":"https:\/\/vocesdelacomuna15.com.ar\/press\/pasarela-gourmet-en-chacarita-siete-propuestas-de-bares-y-restaurantes-imprescindibles-para-gozar-sobre-la-calle-jorge-newbery\/","og_locale":"es_ES","og_type":"article","og_title":"Pasarela gourmet en Chacarita: siete propuestas de bares y restaurantes imprescindibles para gozar sobre la calle Jorge Newbery - Voces de la Comuna 15","og_description":"Voces de la Comuna 15","og_url":"https:\/\/vocesdelacomuna15.com.ar\/press\/pasarela-gourmet-en-chacarita-siete-propuestas-de-bares-y-restaurantes-imprescindibles-para-gozar-sobre-la-calle-jorge-newbery\/","og_site_name":"Voces de la Comuna 15","article_publisher":"https:\/\/www.facebook.com\/VocesComuna15\/","article_published_time":"2022-03-28T04:57:00+00:00","og_image":[{"width":806,"height":538,"url":"https:\/\/vocesdelacomuna15.com.ar\/wp-content\/uploads\/2022\/03\/lutero-1.jpg","type":"image\/jpeg"}],"author":"Federico Arguto","twitter_card":"summary_large_image","twitter_creator":"@vocescomuna15","twitter_site":"@vocescomuna15","twitter_misc":{"Escrito por":"Federico Arguto","Tiempo de lectura":"9 minutos"},"schema":{"@context":"https:\/\/schema.org","@graph":[{"@type":"Article","@id":"https:\/\/vocesdelacomuna15.com.ar\/press\/pasarela-gourmet-en-chacarita-siete-propuestas-de-bares-y-restaurantes-imprescindibles-para-gozar-sobre-la-calle-jorge-newbery\/#article","isPartOf":{"@id":"https:\/\/vocesdelacomuna15.com.ar\/press\/pasarela-gourmet-en-chacarita-siete-propuestas-de-bares-y-restaurantes-imprescindibles-para-gozar-sobre-la-calle-jorge-newbery\/"},"author":{"name":"Federico Arguto","@id":"https:\/\/vocesdelacomuna15.com.ar\/press\/#\/schema\/person\/4739e109db25d799cd3d139eeb509e43"},"headline":"Pasarela gourmet en Chacarita: siete propuestas de bares y restaurantes imprescindibles para gozar sobre la calle Jorge Newbery","datePublished":"2022-03-28T04:57:00+00:00","mainEntityOfPage":{"@id":"https:\/\/vocesdelacomuna15.com.ar\/press\/pasarela-gourmet-en-chacarita-siete-propuestas-de-bares-y-restaurantes-imprescindibles-para-gozar-sobre-la-calle-jorge-newbery\/"},"wordCount":1824,"commentCount":0,"publisher":{"@id":"https:\/\/vocesdelacomuna15.com.ar\/press\/#organization"},"image":{"@id":"https:\/\/vocesdelacomuna15.com.ar\/press\/pasarela-gourmet-en-chacarita-siete-propuestas-de-bares-y-restaurantes-imprescindibles-para-gozar-sobre-la-calle-jorge-newbery\/#primaryimage"},"thumbnailUrl":"https:\/\/vocesdelacomuna15.com.ar\/wp-content\/uploads\/2022\/03\/lutero-1.jpg","articleSection":["Chacarita","Cocina\/ Gastronom\u00eda"],"inLanguage":"es-AR","potentialAction":[{"@type":"CommentAction","name":"Comment","target":["https:\/\/vocesdelacomuna15.com.ar\/press\/pasarela-gourmet-en-chacarita-siete-propuestas-de-bares-y-restaurantes-imprescindibles-para-gozar-sobre-la-calle-jorge-newbery\/#respond"]}]},{"@type":"WebPage","@id":"https:\/\/vocesdelacomuna15.com.ar\/press\/pasarela-gourmet-en-chacarita-siete-propuestas-de-bares-y-restaurantes-imprescindibles-para-gozar-sobre-la-calle-jorge-newbery\/","url":"https:\/\/vocesdelacomuna15.com.ar\/press\/pasarela-gourmet-en-chacarita-siete-propuestas-de-bares-y-restaurantes-imprescindibles-para-gozar-sobre-la-calle-jorge-newbery\/","name":"Pasarela gourmet en Chacarita: siete propuestas de bares y restaurantes imprescindibles para gozar sobre la calle Jorge Newbery - Voces de la Comuna 15","isPartOf":{"@id":"https:\/\/vocesdelacomuna15.com.ar\/press\/#website"},"primaryImageOfPage":{"@id":"https:\/\/vocesdelacomuna15.com.ar\/press\/pasarela-gourmet-en-chacarita-siete-propuestas-de-bares-y-restaurantes-imprescindibles-para-gozar-sobre-la-calle-jorge-newbery\/#primaryimage"},"image":{"@id":"https:\/\/vocesdelacomuna15.com.ar\/press\/pasarela-gourmet-en-chacarita-siete-propuestas-de-bares-y-restaurantes-imprescindibles-para-gozar-sobre-la-calle-jorge-newbery\/#primaryimage"},"thumbnailUrl":"https:\/\/vocesdelacomuna15.com.ar\/wp-content\/uploads\/2022\/03\/lutero-1.jpg","datePublished":"2022-03-28T04:57:00+00:00","description":"Voces de la Comuna 15","breadcrumb":{"@id":"https:\/\/vocesdelacomuna15.com.ar\/press\/pasarela-gourmet-en-chacarita-siete-propuestas-de-bares-y-restaurantes-imprescindibles-para-gozar-sobre-la-calle-jorge-newbery\/#breadcrumb"},"inLanguage":"es-AR","potentialAction":[{"@type":"ReadAction","target":["https:\/\/vocesdelacomuna15.com.ar\/press\/pasarela-gourmet-en-chacarita-siete-propuestas-de-bares-y-restaurantes-imprescindibles-para-gozar-sobre-la-calle-jorge-newbery\/"]}]},{"@type":"ImageObject","inLanguage":"es-AR","@id":"https:\/\/vocesdelacomuna15.com.ar\/press\/pasarela-gourmet-en-chacarita-siete-propuestas-de-bares-y-restaurantes-imprescindibles-para-gozar-sobre-la-calle-jorge-newbery\/#primaryimage","url":"https:\/\/vocesdelacomuna15.com.ar\/wp-content\/uploads\/2022\/03\/lutero-1.jpg","contentUrl":"https:\/\/vocesdelacomuna15.com.ar\/wp-content\/uploads\/2022\/03\/lutero-1.jpg","width":806,"height":538},{"@type":"BreadcrumbList","@id":"https:\/\/vocesdelacomuna15.com.ar\/press\/pasarela-gourmet-en-chacarita-siete-propuestas-de-bares-y-restaurantes-imprescindibles-para-gozar-sobre-la-calle-jorge-newbery\/#breadcrumb","itemListElement":[{"@type":"ListItem","position":1,"name":"Inicio","item":"https:\/\/vocesdelacomuna15.com.ar\/press\/"},{"@type":"ListItem","position":2,"name":"Pasarela gourmet en Chacarita: siete propuestas de bares y restaurantes imprescindibles para gozar sobre la calle Jorge Newbery"}]},{"@type":"WebSite","@id":"https:\/\/vocesdelacomuna15.com.ar\/press\/#website","url":"https:\/\/vocesdelacomuna15.com.ar\/press\/","name":"Voces de la Comuna 15","description":"Sitio web de noticias","publisher":{"@id":"https:\/\/vocesdelacomuna15.com.ar\/press\/#organization"},"potentialAction":[{"@type":"SearchAction","target":{"@type":"EntryPoint","urlTemplate":"https:\/\/vocesdelacomuna15.com.ar\/press\/?s={search_term_string}"},"query-input":{"@type":"PropertyValueSpecification","valueRequired":true,"valueName":"search_term_string"}}],"inLanguage":"es-AR"},{"@type":"Organization","@id":"https:\/\/vocesdelacomuna15.com.ar\/press\/#organization","name":"Voces de la Comuna 15","url":"https:\/\/vocesdelacomuna15.com.ar\/press\/","logo":{"@type":"ImageObject","inLanguage":"es-AR","@id":"https:\/\/vocesdelacomuna15.com.ar\/press\/#\/schema\/logo\/image\/","url":"https:\/\/vocesdelacomuna15.com.ar\/wp-content\/uploads\/2024\/12\/cropped-logo_voces.jpg","contentUrl":"https:\/\/vocesdelacomuna15.com.ar\/wp-content\/uploads\/2024\/12\/cropped-logo_voces.jpg","width":512,"height":512,"caption":"Voces de la Comuna 15"},"image":{"@id":"https:\/\/vocesdelacomuna15.com.ar\/press\/#\/schema\/logo\/image\/"},"sameAs":["https:\/\/www.facebook.com\/VocesComuna15\/","https:\/\/x.com\/vocescomuna15"]},{"@type":"Person","@id":"https:\/\/vocesdelacomuna15.com.ar\/press\/#\/schema\/person\/4739e109db25d799cd3d139eeb509e43","name":"Federico Arguto","image":{"@type":"ImageObject","inLanguage":"es-AR","@id":"https:\/\/vocesdelacomuna15.com.ar\/wp-content\/litespeed\/avatar\/82faf979976f1bae889b8b71f8a0a7e5.jpg?ver=1777419741","url":"https:\/\/vocesdelacomuna15.com.ar\/wp-content\/litespeed\/avatar\/82faf979976f1bae889b8b71f8a0a7e5.jpg?ver=1777419741","contentUrl":"https:\/\/vocesdelacomuna15.com.ar\/wp-content\/litespeed\/avatar\/82faf979976f1bae889b8b71f8a0a7e5.jpg?ver=1777419741","caption":"Federico Arguto"},"url":"https:\/\/vocesdelacomuna15.com.ar\/press\/author\/fede\/"}]}},"_links":{"self":[{"href":"https:\/\/vocesdelacomuna15.com.ar\/press\/wp-json\/wp\/v2\/posts\/55913","targetHints":{"allow":["GET"]}}],"collection":[{"href":"https:\/\/vocesdelacomuna15.com.ar\/press\/wp-json\/wp\/v2\/posts"}],"about":[{"href":"https:\/\/vocesdelacomuna15.com.ar\/press\/wp-json\/wp\/v2\/types\/post"}],"author":[{"embeddable":true,"href":"https:\/\/vocesdelacomuna15.com.ar\/press\/wp-json\/wp\/v2\/users\/2"}],"replies":[{"embeddable":true,"href":"https:\/\/vocesdelacomuna15.com.ar\/press\/wp-json\/wp\/v2\/comments?post=55913"}],"version-history":[{"count":2,"href":"https:\/\/vocesdelacomuna15.com.ar\/press\/wp-json\/wp\/v2\/posts\/55913\/revisions"}],"predecessor-version":[{"id":55923,"href":"https:\/\/vocesdelacomuna15.com.ar\/press\/wp-json\/wp\/v2\/posts\/55913\/revisions\/55923"}],"wp:featuredmedia":[{"embeddable":true,"href":"https:\/\/vocesdelacomuna15.com.ar\/press\/wp-json\/wp\/v2\/media\/55922"}],"wp:attachment":[{"href":"https:\/\/vocesdelacomuna15.com.ar\/press\/wp-json\/wp\/v2\/media?parent=55913"}],"wp:term":[{"taxonomy":"category","embeddable":true,"href":"https:\/\/vocesdelacomuna15.com.ar\/press\/wp-json\/wp\/v2\/categories?post=55913"},{"taxonomy":"post_tag","embeddable":true,"href":"https:\/\/vocesdelacomuna15.com.ar\/press\/wp-json\/wp\/v2\/tags?post=55913"}],"curies":[{"name":"wp","href":"https:\/\/api.w.org\/{rel}","templated":true}]}}