{"id":55906,"date":"2022-03-28T01:40:00","date_gmt":"2022-03-28T04:40:00","guid":{"rendered":"http:\/\/vocesdelacomuna15.com.ar\/wordpress\/?p=55906"},"modified":"2022-03-28T16:36:06","modified_gmt":"2022-03-28T19:36:06","slug":"acto-homenaje-por-la-recuperacion-de-la-ex-liga-israelita-para-el-funcionamiento-del-cesac-22","status":"publish","type":"post","link":"https:\/\/vocesdelacomuna15.com.ar\/press\/acto-homenaje-por-la-recuperacion-de-la-ex-liga-israelita-para-el-funcionamiento-del-cesac-22\/","title":{"rendered":"Acto homenaje por la recuperaci\u00f3n de la ex Liga Israelita, para el funcionamiento del CeSAC 22"},"content":{"rendered":"\n<p>Fue organizado por la Red de Salud de La Paternal. En 2017 se inaugur\u00f3 oficialmente despu\u00e9s de que en 2006 se declarara en quiebra y se clausurara la \u201cLiga Israelita\u201d que all\u00ed funcionaba como centro de salud. El 9 de marzo se realiz\u00f3 este evento para hacer memoria del gran trabajo que realiz\u00f3 la comunidad del barrio para hacer posible esta recuperaci\u00f3n. Fuente: Peri\u00f3dico Voces de la Comuna 15<\/p>\n\n\n\n<p>Unas cien personas se hicieron presentes en la tarde\/noche del mi\u00e9rcoles 9 de marzo en el Centro de Salud y Acci\u00f3n Comunitaria N\u00b022, situado en Fragata Sarmiento 2152, barrio de La Paternal; para un acto homenaje celebrando la recuperaci\u00f3n \u2013se dio en diciembre 2017 con el trabajo de la comunidad del barrio- de lo que hab\u00eda sido la Liga Israelita Argentina de Prevenci\u00f3n, Diagn\u00f3stico y Tratamiento de la Salud Familiar y Comunitaria (antes llamada Liga Israelita Argentina de Lucha contra la Tuberculosis), que se hab\u00eda declarado en quiebra y posteriormente clausurado en mayo de 2006. Ahora funciona all\u00ed el CeSAC 22, que fue mudado de su vieja ubicaci\u00f3n en Guzm\u00e1n al 90, frente al Parque Los Andes.<\/p>\n\n\n\n<p>Fue en el marco de la semana en que se conmemor\u00f3 el nacimiento de Ram\u00f3n Carrillo (7 marzo), quien supo ser ministro de un modelo de salud social y tambi\u00e9n el D\u00eda Internacional de la Mujer Trabajadora (8 de marzo). Este reconocimiento se hizo con el lema de \u201cun Modelo de Atenci\u00f3n Primaria con Participaci\u00f3n Comunitaria\u201d y fue organizado por la Red de Salud de La Paternal. El acto se llev\u00f3 a cabo en la galer\u00eda de entrada del CeSAC 22 y se hicieron presentes la comunera de la Comuna 15 Jazm\u00edn Tello (Frente de Todos) y el ex juntista Carlos \u201cLito\u201d Grisafi, del mismo partido pol\u00edtico, que luch\u00f3 muchos a\u00f1os por la recuperaci\u00f3n de este centro. Tambi\u00e9n asistieron miembros de organizaciones sociales y pol\u00edticas, del Consejo Consultivo Comunal de la Comuna 15 y vecinos y vecinas del barrio.<\/p>\n\n\n\n<figure class=\"wp-block-image size-large\"><img loading=\"lazy\" decoding=\"async\" width=\"1024\" height=\"768\" src=\"http:\/\/vocesdelacomuna15.com.ar\/wordpress\/wp-content\/uploads\/2022\/03\/4-1024x768.jpg\" alt=\"\" class=\"wp-image-55908\" srcset=\"https:\/\/vocesdelacomuna15.com.ar\/wp-content\/uploads\/2022\/03\/4-1024x768.jpg 1024w, https:\/\/vocesdelacomuna15.com.ar\/wp-content\/uploads\/2022\/03\/4-300x225.jpg 300w, https:\/\/vocesdelacomuna15.com.ar\/wp-content\/uploads\/2022\/03\/4-768x576.jpg 768w, https:\/\/vocesdelacomuna15.com.ar\/wp-content\/uploads\/2022\/03\/4-1536x1152.jpg 1536w, https:\/\/vocesdelacomuna15.com.ar\/wp-content\/uploads\/2022\/03\/4-1080x810.jpg 1080w, https:\/\/vocesdelacomuna15.com.ar\/wp-content\/uploads\/2022\/03\/4-600x450.jpg 600w, https:\/\/vocesdelacomuna15.com.ar\/wp-content\/uploads\/2022\/03\/4.jpg 1600w\" sizes=\"(max-width: 1024px) 100vw, 1024px\" \/><\/figure>\n\n\n\n<p>Las palabras de apertura del homenaje estuvieron a cargo del director del CeSAC 22, Federico Pettinicchio, y posteriormente habl\u00f3 Gabriel Rosenstein, m\u00e9dico del hospital Torn\u00fa y referente de la Red de Salud de La Paternal. Felicit\u00f3 inicialmente al colectivo de lucha que trabaj\u00f3 por la recuperaci\u00f3n de la ex Liga. Luego hizo referencia al aniversario del nacimiento de Ram\u00f3n Carrillo, quien supo ser ministro de Salud de la Naci\u00f3n entre 1949 y 1954. Dijo que fue \u201cnuestro ministro de Salud eterno\u201d y que supo construir \u201cun sistema de salud fundamentado en la medicina social y la prevenci\u00f3n\u201d. Continu\u00f3 haciendo referencia a la lucha de las mujeres en el marco del 8 de marzo, diciendo: \u201cEsta Liga que se fund\u00f3 en el a\u00f1o 1916 tuvo la participaci\u00f3n destacada y fundamental de Rebeca Feldman y Mar\u00eda Bielinsky, que fueron lo que en esa \u00e9poca se denominaba higienistas, que era la \u00fanica alternativa que se ten\u00eda frente a la tuberculosis, de asistir a los pacientes, de alimentarlos y darles condiciones dignas\u201d. Destac\u00f3 adem\u00e1s a \u201clas compa\u00f1eras promotoras de La&nbsp;Carbonilla y del Play\u00f3n de Chacarita\u201d, varias de ellas presentes en el evento. Agreg\u00f3 que \u201cEsto fue originariamente una propuesta de la comunidad jud\u00eda inmigrante a principios del siglo XX\u201d, remarcando que hoy muchas de las promotoras comprometidas con el sistema de salud tambi\u00e9n son migrantes. Finalmente, Rosestein expres\u00f3 que para poder lograr la participaci\u00f3n de la comunidad en el proceso de salud, constituyeron una mesa de gesti\u00f3n.<\/p>\n\n\n\n<p>Tras las palabras del m\u00e9dico del Torn\u00fa volvi\u00f3 a hablar el director del CeSAC Federico Pettinichio, que hizo referencia a los tiempos en que el CeSAC 22 funcionaba en otro edificio, estando dirigido por mujeres hasta el a\u00f1o 2014 (Ang\u00e9lica Lamas, Claudia Nevisardi y durante 20 a\u00f1os Liliana Wagner), destacando tambi\u00e9n a Claudia L\u00f3pez Mosteiro, una de las primeras trabajadoras del centro que sigue trabajando actualmente all\u00ed. Explic\u00f3 adem\u00e1s que el centro funcion\u00f3 a\u00f1os atr\u00e1s en el subsuelo de la Iglesia de Todos los Santos y \u00c1nimas, de la calle Otero, cuando el padre Trusso ofreci\u00f3 ese espacio. Luego, por la demanda, se necesitaron lugares m\u00e1s amplios y gracias al trabajo vecinal y de asociaciones civiles que vienen acompa\u00f1ando hace 33 a\u00f1os, pudieron conseguirse esos distintos espacios.<\/p>\n\n\n\n<p>Posteriormente tuvo la palabra Gast\u00f3n Atia, de la Asociaci\u00f3n Civil Tierra, Techo y Trabajo, que detall\u00f3: \u201cConseguimos el lugar en Guzm\u00e1n 90 para que all\u00e1 se formara lo que todos llamamos la salita; con el tiempo eso qued\u00f3 chico, y con el trabajo que se hab\u00eda hecho en la Liga Israelita y con los vecinos que participaban, se recuper\u00f3 este espacio y hoy en d\u00eda se puede tener este centro de salud que es un ejemplo de infraestructura, de los servicios que tiene y de la participaci\u00f3n de la comunidad\u201d.<\/p>\n\n\n\n<p>A continuaci\u00f3n Claudia L\u00f3pez Mosteiro opin\u00f3 que este encuentro era necesario para \u201ccontar la historia de este Centro de Salud y la historia del colectivo que luch\u00f3 para conseguir este edificio porque esto forma parte de la memoria de la instituci\u00f3n y de las instituciones\u201d Finalmente, despu\u00e9s de las palabras de los oradores, quienes asistieron al acto pudieron visitar la sala de espera, en donde se mostraron dos tableros que muestran cronol\u00f3gicamente como fueron funcionando el CeSAC 22 y la Liga Israelita a lo largo de su historia, hasta que el primero pas\u00f3 a funcionar donde estaba el segundo.<\/p>\n\n\n\n<figure class=\"wp-block-image size-large\"><img loading=\"lazy\" decoding=\"async\" width=\"1024\" height=\"768\" src=\"http:\/\/vocesdelacomuna15.com.ar\/wordpress\/wp-content\/uploads\/2022\/03\/1-1024x768.jpg\" alt=\"\" class=\"wp-image-55909\" srcset=\"https:\/\/vocesdelacomuna15.com.ar\/wp-content\/uploads\/2022\/03\/1-1024x768.jpg 1024w, https:\/\/vocesdelacomuna15.com.ar\/wp-content\/uploads\/2022\/03\/1-300x225.jpg 300w, https:\/\/vocesdelacomuna15.com.ar\/wp-content\/uploads\/2022\/03\/1-768x576.jpg 768w, https:\/\/vocesdelacomuna15.com.ar\/wp-content\/uploads\/2022\/03\/1-1536x1152.jpg 1536w, https:\/\/vocesdelacomuna15.com.ar\/wp-content\/uploads\/2022\/03\/1-1080x810.jpg 1080w, https:\/\/vocesdelacomuna15.com.ar\/wp-content\/uploads\/2022\/03\/1-600x450.jpg 600w, https:\/\/vocesdelacomuna15.com.ar\/wp-content\/uploads\/2022\/03\/1.jpg 1600w\" sizes=\"(max-width: 1024px) 100vw, 1024px\" \/><\/figure>\n\n\n\n<p>BREVE RESE\u00d1A DE LA RECUPERACI\u00d3N DEL CESAC 22<\/p>\n\n\n\n<p>La ex Liga Israelita pudo recuperarse gracias al trabajo de vecinos participativos como Clara Brafman, Gustavo Spektor, Norberto Zanzi y Adriana Sesia, entre otros. A comienzos\u00a0 de 2006, despu\u00e9s de haber cumplido 90 a\u00f1os y casi 40 en La Paternal, se declar\u00f3 en quiebra la Liga Israelita Argentina de Prevenci\u00f3n, Diagn\u00f3stico y Tratamiento de la Salud Familiar y Comunitaria. El 16 de mayo se clausur\u00f3 el edificio de Fragata Sarmiento 2152 y se fij\u00f3 el remate para el 10 de diciembre de 2007. En ese a\u00f1o, en el mes de julio, se form\u00f3 \u201cSalvemos a la Liga\u201d, formada por vecinos autoconvocados, organizaciones barriales, sociales, pol\u00edticas y culturales; que prepararon un proyecto que planteaba que el Gobierno de la Ciudad comprara el edificio y estableciera all\u00ed un centro de salud p\u00fablico y gratuito. <\/p>\n\n\n\n<p>Tras ello la legisladora Beatriz Baltroc prseent\u00f3 el 4 de diciembre de 2007 un proyecto de Ley para declarar a la Liga y sujeto a expropiaci\u00f3n el predio donde hab\u00eda funcionado la misma.\u00a0Los vecinos se reunieron con Juan Roberto Garibotto, Juez de la causa, para pedirle que detuviera el remate. El magistrado se neg\u00f3 y los vecinos siguieron moviliz\u00e1ndose. Ese 10 de diciembre, cuando el martillero Lorenzo Ezcurra Bustillo proced\u00eda para subastar en inmueble en la Corporaci\u00f3n de Rematadores fue interrumpido por el grupo de vecinos que entonaron el Himno Nacional Argentino, afirmando que se trataba de un proceso ilegal. Tras ello varios legisladores presentaron un escrito donde se detallaba que el proyecto estaba en tratamiento parlamentario, con el fin de que se detuviera la causa y no se llamara a un nuevo remate del edificio. <\/p>\n\n\n\n<p>En marzo de 2009 se aprob\u00f3 por unanimidad la Ley N\u00b0 3.011, que declaraba de utilidad p\u00fablica y sujeto a expropiaci\u00f3n el predio de la calle Fragata Presidente Sarmiento y dispon\u00eda que se instalara en ese lugar un CeSAC. El tiempo pasaba y no hab\u00eda novedades, pero los vecinos segu\u00edan moviliz\u00e1ndose y realizando actividades para la recuperaci\u00f3n. En 2011 hab\u00eda preocupaci\u00f3n ya que se iban a cumplir 3 a\u00f1os de la aprobaci\u00f3n de la Ley 3.011 y si para esa fecha no se efectivizaba, el edificio pod\u00eda ir nuevamente a remate. <\/p>\n\n\n\n<p>Finalmente, el 26 de abril de ese a\u00f1o, en la Legislatura se prorrog\u00f3 por dos a\u00f1os la vigencia de la ley y dispuso tambi\u00e9n que esa pr\u00f3rroga fuera retroactiva al 20 de abril, fecha en que hab\u00eda vencido el plazo previsto por la Ley N\u00ba 328 de Expropiaciones. El 15 de diciembre de ese a\u00f1o la entonces vicejefa de Gobierno de la Ciudad, Mar\u00eda Eugenia Vidal, dio a conocer que el Ejecutivo porte\u00f1o hab\u00eda decidido adquirir el inmueble donde hab\u00eda funcionado la ex Liga e instalar un centro de salud all\u00ed. En diciembre de 2013 se hizo efectivo el dep\u00f3sito de la suma acordada con el juez de la quiebra para la compra del inmueble, por parte del Gobierno de la Ciudad. Las obras comenzaron a principios de 2014 y finalmente el 15 de diciembre de 2017 qued\u00f3 inaugurado oficialmente el Centro de Salud y Acci\u00f3n Comunitaria (CeSac) 22, de La Paternal, con un edificio remodelado, en Fragata Sarmiento 2152. Estuvo presente el entonces y actual Jefe de Gobierno porte\u00f1o, Horacio Rodr\u00edguez Larreta y la entonces ministra de Salud y actual legisladora, Ana Mar\u00eda Bou P\u00e9rez. Tras la inauguraci\u00f3n oficial, se hizo un festejo organizado por el Colectivo de Recuperaci\u00f3n de la Liga, donde estuvo presente Federico Pettinicchio y la hist\u00f3rica Clara Brafman, integrante del primer grupo de vecinos autoconvocados para la recuperaci\u00f3n de este centro que hoy es una realidad.<\/p>\n\n\n\n<figure class=\"wp-block-image size-large\"><img loading=\"lazy\" decoding=\"async\" width=\"1024\" height=\"768\" src=\"http:\/\/vocesdelacomuna15.com.ar\/wordpress\/wp-content\/uploads\/2022\/03\/2-1024x768.jpg\" alt=\"\" class=\"wp-image-55910\" srcset=\"https:\/\/vocesdelacomuna15.com.ar\/wp-content\/uploads\/2022\/03\/2-1024x768.jpg 1024w, https:\/\/vocesdelacomuna15.com.ar\/wp-content\/uploads\/2022\/03\/2-300x225.jpg 300w, https:\/\/vocesdelacomuna15.com.ar\/wp-content\/uploads\/2022\/03\/2-768x576.jpg 768w, https:\/\/vocesdelacomuna15.com.ar\/wp-content\/uploads\/2022\/03\/2-1536x1152.jpg 1536w, https:\/\/vocesdelacomuna15.com.ar\/wp-content\/uploads\/2022\/03\/2-1080x810.jpg 1080w, https:\/\/vocesdelacomuna15.com.ar\/wp-content\/uploads\/2022\/03\/2-600x450.jpg 600w, https:\/\/vocesdelacomuna15.com.ar\/wp-content\/uploads\/2022\/03\/2.jpg 1600w\" sizes=\"(max-width: 1024px) 100vw, 1024px\" \/><\/figure>\n\n\n\n<p>LAS PALABRAS DE NORBERTO ZANZI<\/p>\n\n\n\n<p>Este vecino de La Paternal, que por muchos a\u00f1os luch\u00f3 para la recuperaci\u00f3n de la ex Liga Israelita y sigue vinculado al CeSAC 22, nos envi\u00f3 con emoci\u00f3n estas palabras sobre la lucha por la Liga:<\/p>\n\n\n\n<p>En el 2006 una vecina, Clara Brafman, da el alerta de que la Liga hab\u00eda cerrado. Gustavo Spektor convoca a reuniones con la participaci\u00f3n de muchos vecinos. Vamos despacho por despacho para hablar con los 60 legisladores de la Ciudad pidiendo la expropiaci\u00f3n y miles de vecinos firman apoyando la iniciativa.<\/p>\n\n\n\n<p>El juez r\u00e1pidamente la envi\u00f3 a remate. Un lugar con doble frente y mucho fondo, es codiciado por constructores de torres. Deb\u00edamos parar el remate. El juez se niega, por lo que hab\u00eda que poner el cuerpo. As\u00ed bajo la presi\u00f3n de la polic\u00eda y en especial de los voraces oferentes, se cant\u00f3 el himno en pleno remate y se explic\u00f3 que vendr\u00eda la Ley de expropiaci\u00f3n, que aprobada en el 2009 no se efectiviza y prescribe. &nbsp;Me reun\u00ed con el Hospital Torn\u00fa, el CeSAC 34, el hospital Lagleyze, la farmacia Anika, el club La Paternal (no particip\u00f3 el Cesac 22) y organizamos en noviembre del 2011 algo in\u00e9dito: \u201cMedicina preventiva en la calle\u201d, sobre Fragata Sarmiento. Hubo aplicaci\u00f3n de vacunas, control de la masa corporal, de diabetes, presi\u00f3n arterial y talleres para cientos de personas. Si bien se reactiv\u00f3 la lucha faltaba organizar un grupo. Convocamos a los nuevos Juntistas y se unieron nuevos integrantes, que ahora recordaron esta lucha. Con la importante participaci\u00f3n de los doctores Boggiano y Battistella, del Ministerio de Salud, hoy tenemos un centro de salud de excelencia, con muchas especialidades.<\/p>\n\n\n\n<p>Caracteres: 10.082<\/p>\n<div class=\"pvc_clear\"><\/div><p id=\"pvc_stats_55906\" class=\"pvc_stats all  \" data-element-id=\"55906\" style=\"\"><i class=\"pvc-stats-icon small\" aria-hidden=\"true\"><svg aria-hidden=\"true\" focusable=\"false\" data-prefix=\"far\" data-icon=\"chart-bar\" role=\"img\" xmlns=\"http:\/\/www.w3.org\/2000\/svg\" viewBox=\"0 0 512 512\" class=\"svg-inline--fa fa-chart-bar fa-w-16 fa-2x\"><path fill=\"currentColor\" d=\"M396.8 352h22.4c6.4 0 12.8-6.4 12.8-12.8V108.8c0-6.4-6.4-12.8-12.8-12.8h-22.4c-6.4 0-12.8 6.4-12.8 12.8v230.4c0 6.4 6.4 12.8 12.8 12.8zm-192 0h22.4c6.4 0 12.8-6.4 12.8-12.8V140.8c0-6.4-6.4-12.8-12.8-12.8h-22.4c-6.4 0-12.8 6.4-12.8 12.8v198.4c0 6.4 6.4 12.8 12.8 12.8zm96 0h22.4c6.4 0 12.8-6.4 12.8-12.8V204.8c0-6.4-6.4-12.8-12.8-12.8h-22.4c-6.4 0-12.8 6.4-12.8 12.8v134.4c0 6.4 6.4 12.8 12.8 12.8zM496 400H48V80c0-8.84-7.16-16-16-16H16C7.16 64 0 71.16 0 80v336c0 17.67 14.33 32 32 32h464c8.84 0 16-7.16 16-16v-16c0-8.84-7.16-16-16-16zm-387.2-48h22.4c6.4 0 12.8-6.4 12.8-12.8v-70.4c0-6.4-6.4-12.8-12.8-12.8h-22.4c-6.4 0-12.8 6.4-12.8 12.8v70.4c0 6.4 6.4 12.8 12.8 12.8z\" class=\"\"><\/path><\/svg><\/i> <img loading=\"lazy\" decoding=\"async\" width=\"16\" height=\"16\" alt=\"Loading\" src=\"https:\/\/vocesdelacomuna15.com.ar\/wp-content\/plugins\/page-views-count\/ajax-loader-2x.gif\" border=0 \/><\/p><div class=\"pvc_clear\"><\/div>","protected":false},"excerpt":{"rendered":"<p>Fue organizado por la Red de Salud de La Paternal. En 2017 se inaugur\u00f3 oficialmente despu\u00e9s de que en 2006 se declarara en quiebra y se clausurara la \u201cLiga Israelita\u201d que all\u00ed funcionaba como centro de salud. El 9 de marzo se realiz\u00f3 este evento para hacer memoria del gran trabajo que realiz\u00f3 la comunidad [&hellip;]<\/p>\n<div class=\"pvc_clear\"><\/div>\n<p id=\"pvc_stats_55906\" class=\"pvc_stats all  \" data-element-id=\"55906\" style=\"\"><i class=\"pvc-stats-icon small\" aria-hidden=\"true\"><svg aria-hidden=\"true\" focusable=\"false\" data-prefix=\"far\" data-icon=\"chart-bar\" role=\"img\" xmlns=\"http:\/\/www.w3.org\/2000\/svg\" viewBox=\"0 0 512 512\" class=\"svg-inline--fa fa-chart-bar fa-w-16 fa-2x\"><path fill=\"currentColor\" d=\"M396.8 352h22.4c6.4 0 12.8-6.4 12.8-12.8V108.8c0-6.4-6.4-12.8-12.8-12.8h-22.4c-6.4 0-12.8 6.4-12.8 12.8v230.4c0 6.4 6.4 12.8 12.8 12.8zm-192 0h22.4c6.4 0 12.8-6.4 12.8-12.8V140.8c0-6.4-6.4-12.8-12.8-12.8h-22.4c-6.4 0-12.8 6.4-12.8 12.8v198.4c0 6.4 6.4 12.8 12.8 12.8zm96 0h22.4c6.4 0 12.8-6.4 12.8-12.8V204.8c0-6.4-6.4-12.8-12.8-12.8h-22.4c-6.4 0-12.8 6.4-12.8 12.8v134.4c0 6.4 6.4 12.8 12.8 12.8zM496 400H48V80c0-8.84-7.16-16-16-16H16C7.16 64 0 71.16 0 80v336c0 17.67 14.33 32 32 32h464c8.84 0 16-7.16 16-16v-16c0-8.84-7.16-16-16-16zm-387.2-48h22.4c6.4 0 12.8-6.4 12.8-12.8v-70.4c0-6.4-6.4-12.8-12.8-12.8h-22.4c-6.4 0-12.8 6.4-12.8 12.8v70.4c0 6.4 6.4 12.8 12.8 12.8z\" class=\"\"><\/path><\/svg><\/i> <img loading=\"lazy\" decoding=\"async\" width=\"16\" height=\"16\" alt=\"Loading\" src=\"https:\/\/vocesdelacomuna15.com.ar\/wp-content\/plugins\/page-views-count\/ajax-loader-2x.gif\" border=0 \/><\/p>\n<div class=\"pvc_clear\"><\/div>\n","protected":false},"author":2,"featured_media":55907,"comment_status":"open","ping_status":"open","sticky":false,"template":"","format":"standard","meta":{"_et_pb_use_builder":"","_et_pb_old_content":"","_et_gb_content_width":"","footnotes":""},"categories":[29,8],"tags":[],"class_list":["post-55906","post","type-post","status-publish","format-standard","has-post-thumbnail","hentry","category-lapa","category-sociedad","et-has-post-format-content","et_post_format-et-post-format-standard"],"a3_pvc":{"activated":true,"total_views":703,"today_views":0},"yoast_head":"<!-- This site is optimized with the Yoast SEO plugin v27.5 - https:\/\/yoast.com\/product\/yoast-seo-wordpress\/ -->\n<title>Acto homenaje por la recuperaci\u00f3n de la ex Liga Israelita, para el funcionamiento del CeSAC 22 - Voces de la Comuna 15<\/title>\n<meta name=\"description\" content=\"Voces de la Comuna 15\" \/>\n<meta name=\"robots\" content=\"index, follow, max-snippet:-1, max-image-preview:large, max-video-preview:-1\" \/>\n<link rel=\"canonical\" href=\"https:\/\/vocesdelacomuna15.com.ar\/press\/acto-homenaje-por-la-recuperacion-de-la-ex-liga-israelita-para-el-funcionamiento-del-cesac-22\/\" \/>\n<meta property=\"og:locale\" content=\"es_ES\" \/>\n<meta property=\"og:type\" content=\"article\" \/>\n<meta property=\"og:title\" content=\"Acto homenaje por la recuperaci\u00f3n de la ex Liga Israelita, para el funcionamiento del CeSAC 22 - Voces de la Comuna 15\" \/>\n<meta property=\"og:description\" content=\"Voces de la Comuna 15\" \/>\n<meta property=\"og:url\" content=\"https:\/\/vocesdelacomuna15.com.ar\/press\/acto-homenaje-por-la-recuperacion-de-la-ex-liga-israelita-para-el-funcionamiento-del-cesac-22\/\" \/>\n<meta property=\"og:site_name\" content=\"Voces de la Comuna 15\" \/>\n<meta property=\"article:publisher\" content=\"https:\/\/www.facebook.com\/VocesComuna15\/\" \/>\n<meta property=\"article:published_time\" content=\"2022-03-28T04:40:00+00:00\" \/>\n<meta property=\"article:modified_time\" content=\"2022-03-28T19:36:06+00:00\" \/>\n<meta property=\"og:image\" content=\"https:\/\/vocesdelacomuna15.com.ar\/wp-content\/uploads\/2022\/03\/3.jpg\" \/>\n\t<meta property=\"og:image:width\" content=\"1600\" \/>\n\t<meta property=\"og:image:height\" content=\"1200\" \/>\n\t<meta property=\"og:image:type\" content=\"image\/jpeg\" \/>\n<meta name=\"author\" content=\"Federico Arguto\" \/>\n<meta name=\"twitter:card\" content=\"summary_large_image\" \/>\n<meta name=\"twitter:creator\" content=\"@vocescomuna15\" \/>\n<meta name=\"twitter:site\" content=\"@vocescomuna15\" \/>\n<meta name=\"twitter:label1\" content=\"Escrito por\" \/>\n\t<meta name=\"twitter:data1\" content=\"Federico Arguto\" \/>\n\t<meta name=\"twitter:label2\" content=\"Tiempo de lectura\" \/>\n\t<meta name=\"twitter:data2\" content=\"9 minutos\" \/>\n<script type=\"application\/ld+json\" class=\"yoast-schema-graph\">{\"@context\":\"https:\\\/\\\/schema.org\",\"@graph\":[{\"@type\":\"Article\",\"@id\":\"https:\\\/\\\/vocesdelacomuna15.com.ar\\\/press\\\/acto-homenaje-por-la-recuperacion-de-la-ex-liga-israelita-para-el-funcionamiento-del-cesac-22\\\/#article\",\"isPartOf\":{\"@id\":\"https:\\\/\\\/vocesdelacomuna15.com.ar\\\/press\\\/acto-homenaje-por-la-recuperacion-de-la-ex-liga-israelita-para-el-funcionamiento-del-cesac-22\\\/\"},\"author\":{\"name\":\"Federico Arguto\",\"@id\":\"https:\\\/\\\/vocesdelacomuna15.com.ar\\\/press\\\/#\\\/schema\\\/person\\\/4739e109db25d799cd3d139eeb509e43\"},\"headline\":\"Acto homenaje por la recuperaci\u00f3n de la ex Liga Israelita, para el funcionamiento del CeSAC 22\",\"datePublished\":\"2022-03-28T04:40:00+00:00\",\"dateModified\":\"2022-03-28T19:36:06+00:00\",\"mainEntityOfPage\":{\"@id\":\"https:\\\/\\\/vocesdelacomuna15.com.ar\\\/press\\\/acto-homenaje-por-la-recuperacion-de-la-ex-liga-israelita-para-el-funcionamiento-del-cesac-22\\\/\"},\"wordCount\":1849,\"commentCount\":0,\"publisher\":{\"@id\":\"https:\\\/\\\/vocesdelacomuna15.com.ar\\\/press\\\/#organization\"},\"image\":{\"@id\":\"https:\\\/\\\/vocesdelacomuna15.com.ar\\\/press\\\/acto-homenaje-por-la-recuperacion-de-la-ex-liga-israelita-para-el-funcionamiento-del-cesac-22\\\/#primaryimage\"},\"thumbnailUrl\":\"https:\\\/\\\/vocesdelacomuna15.com.ar\\\/wp-content\\\/uploads\\\/2022\\\/03\\\/3.jpg\",\"articleSection\":[\"La Paternal\",\"Sociedad\"],\"inLanguage\":\"es-AR\",\"potentialAction\":[{\"@type\":\"CommentAction\",\"name\":\"Comment\",\"target\":[\"https:\\\/\\\/vocesdelacomuna15.com.ar\\\/press\\\/acto-homenaje-por-la-recuperacion-de-la-ex-liga-israelita-para-el-funcionamiento-del-cesac-22\\\/#respond\"]}]},{\"@type\":\"WebPage\",\"@id\":\"https:\\\/\\\/vocesdelacomuna15.com.ar\\\/press\\\/acto-homenaje-por-la-recuperacion-de-la-ex-liga-israelita-para-el-funcionamiento-del-cesac-22\\\/\",\"url\":\"https:\\\/\\\/vocesdelacomuna15.com.ar\\\/press\\\/acto-homenaje-por-la-recuperacion-de-la-ex-liga-israelita-para-el-funcionamiento-del-cesac-22\\\/\",\"name\":\"Acto homenaje por la recuperaci\u00f3n de la ex Liga Israelita, para el funcionamiento del CeSAC 22 - Voces de la Comuna 15\",\"isPartOf\":{\"@id\":\"https:\\\/\\\/vocesdelacomuna15.com.ar\\\/press\\\/#website\"},\"primaryImageOfPage\":{\"@id\":\"https:\\\/\\\/vocesdelacomuna15.com.ar\\\/press\\\/acto-homenaje-por-la-recuperacion-de-la-ex-liga-israelita-para-el-funcionamiento-del-cesac-22\\\/#primaryimage\"},\"image\":{\"@id\":\"https:\\\/\\\/vocesdelacomuna15.com.ar\\\/press\\\/acto-homenaje-por-la-recuperacion-de-la-ex-liga-israelita-para-el-funcionamiento-del-cesac-22\\\/#primaryimage\"},\"thumbnailUrl\":\"https:\\\/\\\/vocesdelacomuna15.com.ar\\\/wp-content\\\/uploads\\\/2022\\\/03\\\/3.jpg\",\"datePublished\":\"2022-03-28T04:40:00+00:00\",\"dateModified\":\"2022-03-28T19:36:06+00:00\",\"description\":\"Voces de la Comuna 15\",\"breadcrumb\":{\"@id\":\"https:\\\/\\\/vocesdelacomuna15.com.ar\\\/press\\\/acto-homenaje-por-la-recuperacion-de-la-ex-liga-israelita-para-el-funcionamiento-del-cesac-22\\\/#breadcrumb\"},\"inLanguage\":\"es-AR\",\"potentialAction\":[{\"@type\":\"ReadAction\",\"target\":[\"https:\\\/\\\/vocesdelacomuna15.com.ar\\\/press\\\/acto-homenaje-por-la-recuperacion-de-la-ex-liga-israelita-para-el-funcionamiento-del-cesac-22\\\/\"]}]},{\"@type\":\"ImageObject\",\"inLanguage\":\"es-AR\",\"@id\":\"https:\\\/\\\/vocesdelacomuna15.com.ar\\\/press\\\/acto-homenaje-por-la-recuperacion-de-la-ex-liga-israelita-para-el-funcionamiento-del-cesac-22\\\/#primaryimage\",\"url\":\"https:\\\/\\\/vocesdelacomuna15.com.ar\\\/wp-content\\\/uploads\\\/2022\\\/03\\\/3.jpg\",\"contentUrl\":\"https:\\\/\\\/vocesdelacomuna15.com.ar\\\/wp-content\\\/uploads\\\/2022\\\/03\\\/3.jpg\",\"width\":1600,\"height\":1200},{\"@type\":\"BreadcrumbList\",\"@id\":\"https:\\\/\\\/vocesdelacomuna15.com.ar\\\/press\\\/acto-homenaje-por-la-recuperacion-de-la-ex-liga-israelita-para-el-funcionamiento-del-cesac-22\\\/#breadcrumb\",\"itemListElement\":[{\"@type\":\"ListItem\",\"position\":1,\"name\":\"Inicio\",\"item\":\"https:\\\/\\\/vocesdelacomuna15.com.ar\\\/press\\\/\"},{\"@type\":\"ListItem\",\"position\":2,\"name\":\"Acto homenaje por la recuperaci\u00f3n de la ex Liga Israelita, para el funcionamiento del CeSAC 22\"}]},{\"@type\":\"WebSite\",\"@id\":\"https:\\\/\\\/vocesdelacomuna15.com.ar\\\/press\\\/#website\",\"url\":\"https:\\\/\\\/vocesdelacomuna15.com.ar\\\/press\\\/\",\"name\":\"Voces de la Comuna 15\",\"description\":\"Sitio web de noticias\",\"publisher\":{\"@id\":\"https:\\\/\\\/vocesdelacomuna15.com.ar\\\/press\\\/#organization\"},\"potentialAction\":[{\"@type\":\"SearchAction\",\"target\":{\"@type\":\"EntryPoint\",\"urlTemplate\":\"https:\\\/\\\/vocesdelacomuna15.com.ar\\\/press\\\/?s={search_term_string}\"},\"query-input\":{\"@type\":\"PropertyValueSpecification\",\"valueRequired\":true,\"valueName\":\"search_term_string\"}}],\"inLanguage\":\"es-AR\"},{\"@type\":\"Organization\",\"@id\":\"https:\\\/\\\/vocesdelacomuna15.com.ar\\\/press\\\/#organization\",\"name\":\"Voces de la Comuna 15\",\"url\":\"https:\\\/\\\/vocesdelacomuna15.com.ar\\\/press\\\/\",\"logo\":{\"@type\":\"ImageObject\",\"inLanguage\":\"es-AR\",\"@id\":\"https:\\\/\\\/vocesdelacomuna15.com.ar\\\/press\\\/#\\\/schema\\\/logo\\\/image\\\/\",\"url\":\"https:\\\/\\\/vocesdelacomuna15.com.ar\\\/wp-content\\\/uploads\\\/2024\\\/12\\\/cropped-logo_voces.jpg\",\"contentUrl\":\"https:\\\/\\\/vocesdelacomuna15.com.ar\\\/wp-content\\\/uploads\\\/2024\\\/12\\\/cropped-logo_voces.jpg\",\"width\":512,\"height\":512,\"caption\":\"Voces de la Comuna 15\"},\"image\":{\"@id\":\"https:\\\/\\\/vocesdelacomuna15.com.ar\\\/press\\\/#\\\/schema\\\/logo\\\/image\\\/\"},\"sameAs\":[\"https:\\\/\\\/www.facebook.com\\\/VocesComuna15\\\/\",\"https:\\\/\\\/x.com\\\/vocescomuna15\"]},{\"@type\":\"Person\",\"@id\":\"https:\\\/\\\/vocesdelacomuna15.com.ar\\\/press\\\/#\\\/schema\\\/person\\\/4739e109db25d799cd3d139eeb509e43\",\"name\":\"Federico Arguto\",\"image\":{\"@type\":\"ImageObject\",\"inLanguage\":\"es-AR\",\"@id\":\"https:\\\/\\\/vocesdelacomuna15.com.ar\\\/wp-content\\\/litespeed\\\/avatar\\\/82faf979976f1bae889b8b71f8a0a7e5.jpg?ver=1777419741\",\"url\":\"https:\\\/\\\/vocesdelacomuna15.com.ar\\\/wp-content\\\/litespeed\\\/avatar\\\/82faf979976f1bae889b8b71f8a0a7e5.jpg?ver=1777419741\",\"contentUrl\":\"https:\\\/\\\/vocesdelacomuna15.com.ar\\\/wp-content\\\/litespeed\\\/avatar\\\/82faf979976f1bae889b8b71f8a0a7e5.jpg?ver=1777419741\",\"caption\":\"Federico Arguto\"},\"url\":\"https:\\\/\\\/vocesdelacomuna15.com.ar\\\/press\\\/author\\\/fede\\\/\"}]}<\/script>\n<!-- \/ Yoast SEO plugin. -->","yoast_head_json":{"title":"Acto homenaje por la recuperaci\u00f3n de la ex Liga Israelita, para el funcionamiento del CeSAC 22 - Voces de la Comuna 15","description":"Voces de la Comuna 15","robots":{"index":"index","follow":"follow","max-snippet":"max-snippet:-1","max-image-preview":"max-image-preview:large","max-video-preview":"max-video-preview:-1"},"canonical":"https:\/\/vocesdelacomuna15.com.ar\/press\/acto-homenaje-por-la-recuperacion-de-la-ex-liga-israelita-para-el-funcionamiento-del-cesac-22\/","og_locale":"es_ES","og_type":"article","og_title":"Acto homenaje por la recuperaci\u00f3n de la ex Liga Israelita, para el funcionamiento del CeSAC 22 - Voces de la Comuna 15","og_description":"Voces de la Comuna 15","og_url":"https:\/\/vocesdelacomuna15.com.ar\/press\/acto-homenaje-por-la-recuperacion-de-la-ex-liga-israelita-para-el-funcionamiento-del-cesac-22\/","og_site_name":"Voces de la Comuna 15","article_publisher":"https:\/\/www.facebook.com\/VocesComuna15\/","article_published_time":"2022-03-28T04:40:00+00:00","article_modified_time":"2022-03-28T19:36:06+00:00","og_image":[{"width":1600,"height":1200,"url":"https:\/\/vocesdelacomuna15.com.ar\/wp-content\/uploads\/2022\/03\/3.jpg","type":"image\/jpeg"}],"author":"Federico Arguto","twitter_card":"summary_large_image","twitter_creator":"@vocescomuna15","twitter_site":"@vocescomuna15","twitter_misc":{"Escrito por":"Federico Arguto","Tiempo de lectura":"9 minutos"},"schema":{"@context":"https:\/\/schema.org","@graph":[{"@type":"Article","@id":"https:\/\/vocesdelacomuna15.com.ar\/press\/acto-homenaje-por-la-recuperacion-de-la-ex-liga-israelita-para-el-funcionamiento-del-cesac-22\/#article","isPartOf":{"@id":"https:\/\/vocesdelacomuna15.com.ar\/press\/acto-homenaje-por-la-recuperacion-de-la-ex-liga-israelita-para-el-funcionamiento-del-cesac-22\/"},"author":{"name":"Federico Arguto","@id":"https:\/\/vocesdelacomuna15.com.ar\/press\/#\/schema\/person\/4739e109db25d799cd3d139eeb509e43"},"headline":"Acto homenaje por la recuperaci\u00f3n de la ex Liga Israelita, para el funcionamiento del CeSAC 22","datePublished":"2022-03-28T04:40:00+00:00","dateModified":"2022-03-28T19:36:06+00:00","mainEntityOfPage":{"@id":"https:\/\/vocesdelacomuna15.com.ar\/press\/acto-homenaje-por-la-recuperacion-de-la-ex-liga-israelita-para-el-funcionamiento-del-cesac-22\/"},"wordCount":1849,"commentCount":0,"publisher":{"@id":"https:\/\/vocesdelacomuna15.com.ar\/press\/#organization"},"image":{"@id":"https:\/\/vocesdelacomuna15.com.ar\/press\/acto-homenaje-por-la-recuperacion-de-la-ex-liga-israelita-para-el-funcionamiento-del-cesac-22\/#primaryimage"},"thumbnailUrl":"https:\/\/vocesdelacomuna15.com.ar\/wp-content\/uploads\/2022\/03\/3.jpg","articleSection":["La Paternal","Sociedad"],"inLanguage":"es-AR","potentialAction":[{"@type":"CommentAction","name":"Comment","target":["https:\/\/vocesdelacomuna15.com.ar\/press\/acto-homenaje-por-la-recuperacion-de-la-ex-liga-israelita-para-el-funcionamiento-del-cesac-22\/#respond"]}]},{"@type":"WebPage","@id":"https:\/\/vocesdelacomuna15.com.ar\/press\/acto-homenaje-por-la-recuperacion-de-la-ex-liga-israelita-para-el-funcionamiento-del-cesac-22\/","url":"https:\/\/vocesdelacomuna15.com.ar\/press\/acto-homenaje-por-la-recuperacion-de-la-ex-liga-israelita-para-el-funcionamiento-del-cesac-22\/","name":"Acto homenaje por la recuperaci\u00f3n de la ex Liga Israelita, para el funcionamiento del CeSAC 22 - Voces de la Comuna 15","isPartOf":{"@id":"https:\/\/vocesdelacomuna15.com.ar\/press\/#website"},"primaryImageOfPage":{"@id":"https:\/\/vocesdelacomuna15.com.ar\/press\/acto-homenaje-por-la-recuperacion-de-la-ex-liga-israelita-para-el-funcionamiento-del-cesac-22\/#primaryimage"},"image":{"@id":"https:\/\/vocesdelacomuna15.com.ar\/press\/acto-homenaje-por-la-recuperacion-de-la-ex-liga-israelita-para-el-funcionamiento-del-cesac-22\/#primaryimage"},"thumbnailUrl":"https:\/\/vocesdelacomuna15.com.ar\/wp-content\/uploads\/2022\/03\/3.jpg","datePublished":"2022-03-28T04:40:00+00:00","dateModified":"2022-03-28T19:36:06+00:00","description":"Voces de la Comuna 15","breadcrumb":{"@id":"https:\/\/vocesdelacomuna15.com.ar\/press\/acto-homenaje-por-la-recuperacion-de-la-ex-liga-israelita-para-el-funcionamiento-del-cesac-22\/#breadcrumb"},"inLanguage":"es-AR","potentialAction":[{"@type":"ReadAction","target":["https:\/\/vocesdelacomuna15.com.ar\/press\/acto-homenaje-por-la-recuperacion-de-la-ex-liga-israelita-para-el-funcionamiento-del-cesac-22\/"]}]},{"@type":"ImageObject","inLanguage":"es-AR","@id":"https:\/\/vocesdelacomuna15.com.ar\/press\/acto-homenaje-por-la-recuperacion-de-la-ex-liga-israelita-para-el-funcionamiento-del-cesac-22\/#primaryimage","url":"https:\/\/vocesdelacomuna15.com.ar\/wp-content\/uploads\/2022\/03\/3.jpg","contentUrl":"https:\/\/vocesdelacomuna15.com.ar\/wp-content\/uploads\/2022\/03\/3.jpg","width":1600,"height":1200},{"@type":"BreadcrumbList","@id":"https:\/\/vocesdelacomuna15.com.ar\/press\/acto-homenaje-por-la-recuperacion-de-la-ex-liga-israelita-para-el-funcionamiento-del-cesac-22\/#breadcrumb","itemListElement":[{"@type":"ListItem","position":1,"name":"Inicio","item":"https:\/\/vocesdelacomuna15.com.ar\/press\/"},{"@type":"ListItem","position":2,"name":"Acto homenaje por la recuperaci\u00f3n de la ex Liga Israelita, para el funcionamiento del CeSAC 22"}]},{"@type":"WebSite","@id":"https:\/\/vocesdelacomuna15.com.ar\/press\/#website","url":"https:\/\/vocesdelacomuna15.com.ar\/press\/","name":"Voces de la Comuna 15","description":"Sitio web de noticias","publisher":{"@id":"https:\/\/vocesdelacomuna15.com.ar\/press\/#organization"},"potentialAction":[{"@type":"SearchAction","target":{"@type":"EntryPoint","urlTemplate":"https:\/\/vocesdelacomuna15.com.ar\/press\/?s={search_term_string}"},"query-input":{"@type":"PropertyValueSpecification","valueRequired":true,"valueName":"search_term_string"}}],"inLanguage":"es-AR"},{"@type":"Organization","@id":"https:\/\/vocesdelacomuna15.com.ar\/press\/#organization","name":"Voces de la Comuna 15","url":"https:\/\/vocesdelacomuna15.com.ar\/press\/","logo":{"@type":"ImageObject","inLanguage":"es-AR","@id":"https:\/\/vocesdelacomuna15.com.ar\/press\/#\/schema\/logo\/image\/","url":"https:\/\/vocesdelacomuna15.com.ar\/wp-content\/uploads\/2024\/12\/cropped-logo_voces.jpg","contentUrl":"https:\/\/vocesdelacomuna15.com.ar\/wp-content\/uploads\/2024\/12\/cropped-logo_voces.jpg","width":512,"height":512,"caption":"Voces de la Comuna 15"},"image":{"@id":"https:\/\/vocesdelacomuna15.com.ar\/press\/#\/schema\/logo\/image\/"},"sameAs":["https:\/\/www.facebook.com\/VocesComuna15\/","https:\/\/x.com\/vocescomuna15"]},{"@type":"Person","@id":"https:\/\/vocesdelacomuna15.com.ar\/press\/#\/schema\/person\/4739e109db25d799cd3d139eeb509e43","name":"Federico Arguto","image":{"@type":"ImageObject","inLanguage":"es-AR","@id":"https:\/\/vocesdelacomuna15.com.ar\/wp-content\/litespeed\/avatar\/82faf979976f1bae889b8b71f8a0a7e5.jpg?ver=1777419741","url":"https:\/\/vocesdelacomuna15.com.ar\/wp-content\/litespeed\/avatar\/82faf979976f1bae889b8b71f8a0a7e5.jpg?ver=1777419741","contentUrl":"https:\/\/vocesdelacomuna15.com.ar\/wp-content\/litespeed\/avatar\/82faf979976f1bae889b8b71f8a0a7e5.jpg?ver=1777419741","caption":"Federico Arguto"},"url":"https:\/\/vocesdelacomuna15.com.ar\/press\/author\/fede\/"}]}},"_links":{"self":[{"href":"https:\/\/vocesdelacomuna15.com.ar\/press\/wp-json\/wp\/v2\/posts\/55906","targetHints":{"allow":["GET"]}}],"collection":[{"href":"https:\/\/vocesdelacomuna15.com.ar\/press\/wp-json\/wp\/v2\/posts"}],"about":[{"href":"https:\/\/vocesdelacomuna15.com.ar\/press\/wp-json\/wp\/v2\/types\/post"}],"author":[{"embeddable":true,"href":"https:\/\/vocesdelacomuna15.com.ar\/press\/wp-json\/wp\/v2\/users\/2"}],"replies":[{"embeddable":true,"href":"https:\/\/vocesdelacomuna15.com.ar\/press\/wp-json\/wp\/v2\/comments?post=55906"}],"version-history":[{"count":2,"href":"https:\/\/vocesdelacomuna15.com.ar\/press\/wp-json\/wp\/v2\/posts\/55906\/revisions"}],"predecessor-version":[{"id":55979,"href":"https:\/\/vocesdelacomuna15.com.ar\/press\/wp-json\/wp\/v2\/posts\/55906\/revisions\/55979"}],"wp:featuredmedia":[{"embeddable":true,"href":"https:\/\/vocesdelacomuna15.com.ar\/press\/wp-json\/wp\/v2\/media\/55907"}],"wp:attachment":[{"href":"https:\/\/vocesdelacomuna15.com.ar\/press\/wp-json\/wp\/v2\/media?parent=55906"}],"wp:term":[{"taxonomy":"category","embeddable":true,"href":"https:\/\/vocesdelacomuna15.com.ar\/press\/wp-json\/wp\/v2\/categories?post=55906"},{"taxonomy":"post_tag","embeddable":true,"href":"https:\/\/vocesdelacomuna15.com.ar\/press\/wp-json\/wp\/v2\/tags?post=55906"}],"curies":[{"name":"wp","href":"https:\/\/api.w.org\/{rel}","templated":true}]}}