{"id":54903,"date":"2021-10-25T12:27:13","date_gmt":"2021-10-25T15:27:13","guid":{"rendered":"http:\/\/vocesdelacomuna15.com.ar\/wordpress\/?p=54903"},"modified":"2021-10-25T12:27:21","modified_gmt":"2021-10-25T15:27:21","slug":"se-conocieron-los-ganadores-de-los-premios-estimulo-del-registro-de-medios-vecinales-de-caba","status":"publish","type":"post","link":"https:\/\/vocesdelacomuna15.com.ar\/press\/se-conocieron-los-ganadores-de-los-premios-estimulo-del-registro-de-medios-vecinales-de-caba\/","title":{"rendered":"Se conocieron los ganadores de los \u201cPremios Est\u00edmulo\u201d del Registro de Medios Vecinales de CABA"},"content":{"rendered":"\n<p>Fomentan la calidad en la producci\u00f3n editorial de los distintos medios barriales, premiando a los que se destacan en cada soporte. Son otorgados por la Secretar\u00eda de Comunicaci\u00f3n Social del Gobierno de la Ciudad de Buenos Aires<\/p>\n\n\n\n<p>Anualmente se\nentregan los premios \u201cEst\u00edmulo a la calidad en la Producci\u00f3n Editorial\u201d, con la\nfinalidad de promover el esp\u00edritu period\u00edstico en cada medio vecinal,\nreconociendo a quienes se destacan en cada soporte dentro de los integrantes\ndel Registro de Medios Vecinales de Comunicaci\u00f3n Social del Gobierno de la\nCiudad de Buenos Aires, del que forma parte desde 2019 el peri\u00f3dico \u201cVoces de\nla Comuna 15\u201d (este medio opt\u00f3 por no presentarse a la convocatoria del premio\nen esta ocasi\u00f3n).<\/p>\n\n\n\n<p>Se definen los\nganadores mediante un jurado integrado por tres legisladores de la Comisi\u00f3n de\nComunicaci\u00f3n Social de la Legislatura de la Ciudad Aut\u00f3noma de Buenos Aires,\ntres representantes del \u00e1mbito acad\u00e9mico de la comunicaci\u00f3n social y tres\nrepresentantes del \u00e1mbito de los medios de comunicaci\u00f3n masiva. Todos ellos son\nconvocados por la autoridad de aplicaci\u00f3n y deben fundamentar la elecci\u00f3n de\ncada medio elegido.<\/p>\n\n\n\n<p>En esta ocasi\u00f3n\nlos integrantes del jurado fueron los siguientes: Diputada Lorena Pokoik,\nFabi\u00e1n Dabul. Lic. Mariana Corti (Soporte Gr\u00e1fico); Dip. Marcelo Guouman,\nSalvador D\u00b4Aquila, Lic. Guillermina Piazza (Soporte Prod. Radial); Dip. Esteban\nGarrido, Lic. Esperanza Vega, Juan Belli (Soporte Web). Tambi\u00e9n colabor\u00f3 la\nComisi\u00f3n de Comunicaci\u00f3n Social de la Legislatura de la Ciudad.<\/p>\n\n\n\n<p>Estos fueron\nlos ganadores de los Premios Est\u00edmulo del Registro de Medios Vecinales de\nComunicaci\u00f3n Social del Gobierno de la Ciudad de Buenos Aires:<\/p>\n\n\n\n<p><strong>Medios\nGr\u00e1ficos:<\/strong><br>\nEl Grito del Sur, Revista El Abasto, Mundo Palermo<\/p>\n\n\n\n<p><strong>Soporte\nDigital:<\/strong><br>\nwww.elgritodelsur.com.ar, www.lacomuna12.com.ar, www.nuevociclo.com.ar,\nwww.noticiasvecinales.com.ar<\/p>\n\n\n\n<p><strong>Producciones\nRadiales:<\/strong><br>\nParen las Rotativas, C\u00f3digo de Barras, Punto Seguido<\/p>\n\n\n\n<p><strong>Emisora:<\/strong><br>\nAM Onda Latina<\/p>\n\n\n\n<p><strong>Nuevas\nTecnolog\u00edas:<\/strong> Barricada TV<\/p>\n\n\n\n<p>Foto: Revista El\nAbasto (Aclaraci\u00f3n: <em>La foto es de modo ilustrativa: el legislador Marcelo\nGuoman, la coordinadora del Registro de Medios Vecinales del GCBA Barbara\nTric\u00e1rico y Mar\u00eda Patricia Vischi como presentadora durante la entrega de los\npremios 2017).<\/em><\/p>\n\n\n\n<p><em>Caracteres:\n1.757<\/em><\/p>\n<div class=\"pvc_clear\"><\/div><p id=\"pvc_stats_54903\" class=\"pvc_stats all  \" data-element-id=\"54903\" style=\"\"><i class=\"pvc-stats-icon small\" aria-hidden=\"true\"><svg aria-hidden=\"true\" focusable=\"false\" data-prefix=\"far\" data-icon=\"chart-bar\" role=\"img\" xmlns=\"http:\/\/www.w3.org\/2000\/svg\" viewBox=\"0 0 512 512\" class=\"svg-inline--fa fa-chart-bar fa-w-16 fa-2x\"><path fill=\"currentColor\" d=\"M396.8 352h22.4c6.4 0 12.8-6.4 12.8-12.8V108.8c0-6.4-6.4-12.8-12.8-12.8h-22.4c-6.4 0-12.8 6.4-12.8 12.8v230.4c0 6.4 6.4 12.8 12.8 12.8zm-192 0h22.4c6.4 0 12.8-6.4 12.8-12.8V140.8c0-6.4-6.4-12.8-12.8-12.8h-22.4c-6.4 0-12.8 6.4-12.8 12.8v198.4c0 6.4 6.4 12.8 12.8 12.8zm96 0h22.4c6.4 0 12.8-6.4 12.8-12.8V204.8c0-6.4-6.4-12.8-12.8-12.8h-22.4c-6.4 0-12.8 6.4-12.8 12.8v134.4c0 6.4 6.4 12.8 12.8 12.8zM496 400H48V80c0-8.84-7.16-16-16-16H16C7.16 64 0 71.16 0 80v336c0 17.67 14.33 32 32 32h464c8.84 0 16-7.16 16-16v-16c0-8.84-7.16-16-16-16zm-387.2-48h22.4c6.4 0 12.8-6.4 12.8-12.8v-70.4c0-6.4-6.4-12.8-12.8-12.8h-22.4c-6.4 0-12.8 6.4-12.8 12.8v70.4c0 6.4 6.4 12.8 12.8 12.8z\" class=\"\"><\/path><\/svg><\/i> <img loading=\"lazy\" decoding=\"async\" width=\"16\" height=\"16\" alt=\"Loading\" src=\"https:\/\/vocesdelacomuna15.com.ar\/wp-content\/plugins\/page-views-count\/ajax-loader-2x.gif\" border=0 \/><\/p><div class=\"pvc_clear\"><\/div>","protected":false},"excerpt":{"rendered":"<p>Fomentan la calidad en la producci\u00f3n editorial de los distintos medios barriales, premiando a los que se destacan en cada soporte. Son otorgados por la Secretar\u00eda de Comunicaci\u00f3n Social del Gobierno de la Ciudad de Buenos Aires Anualmente se entregan los premios \u201cEst\u00edmulo a la calidad en la Producci\u00f3n Editorial\u201d, con la finalidad de promover [&hellip;]<\/p>\n<div class=\"pvc_clear\"><\/div>\n<p id=\"pvc_stats_54903\" class=\"pvc_stats all  \" data-element-id=\"54903\" style=\"\"><i class=\"pvc-stats-icon small\" aria-hidden=\"true\"><svg aria-hidden=\"true\" focusable=\"false\" data-prefix=\"far\" data-icon=\"chart-bar\" role=\"img\" xmlns=\"http:\/\/www.w3.org\/2000\/svg\" viewBox=\"0 0 512 512\" class=\"svg-inline--fa fa-chart-bar fa-w-16 fa-2x\"><path fill=\"currentColor\" d=\"M396.8 352h22.4c6.4 0 12.8-6.4 12.8-12.8V108.8c0-6.4-6.4-12.8-12.8-12.8h-22.4c-6.4 0-12.8 6.4-12.8 12.8v230.4c0 6.4 6.4 12.8 12.8 12.8zm-192 0h22.4c6.4 0 12.8-6.4 12.8-12.8V140.8c0-6.4-6.4-12.8-12.8-12.8h-22.4c-6.4 0-12.8 6.4-12.8 12.8v198.4c0 6.4 6.4 12.8 12.8 12.8zm96 0h22.4c6.4 0 12.8-6.4 12.8-12.8V204.8c0-6.4-6.4-12.8-12.8-12.8h-22.4c-6.4 0-12.8 6.4-12.8 12.8v134.4c0 6.4 6.4 12.8 12.8 12.8zM496 400H48V80c0-8.84-7.16-16-16-16H16C7.16 64 0 71.16 0 80v336c0 17.67 14.33 32 32 32h464c8.84 0 16-7.16 16-16v-16c0-8.84-7.16-16-16-16zm-387.2-48h22.4c6.4 0 12.8-6.4 12.8-12.8v-70.4c0-6.4-6.4-12.8-12.8-12.8h-22.4c-6.4 0-12.8 6.4-12.8 12.8v70.4c0 6.4 6.4 12.8 12.8 12.8z\" class=\"\"><\/path><\/svg><\/i> <img loading=\"lazy\" decoding=\"async\" width=\"16\" height=\"16\" alt=\"Loading\" src=\"https:\/\/vocesdelacomuna15.com.ar\/wp-content\/plugins\/page-views-count\/ajax-loader-2x.gif\" border=0 \/><\/p>\n<div class=\"pvc_clear\"><\/div>\n","protected":false},"author":2,"featured_media":54904,"comment_status":"open","ping_status":"open","sticky":false,"template":"","format":"standard","meta":{"_et_pb_use_builder":"off","_et_pb_old_content":"","_et_gb_content_width":"","footnotes":""},"categories":[26],"tags":[],"class_list":["post-54903","post","type-post","status-publish","format-standard","has-post-thumbnail","hentry","category-ciudad","et-has-post-format-content","et_post_format-et-post-format-standard"],"a3_pvc":{"activated":true,"total_views":204,"today_views":0},"yoast_head":"<!-- This site is optimized with the Yoast SEO plugin v27.5 - https:\/\/yoast.com\/product\/yoast-seo-wordpress\/ -->\n<title>Se conocieron los ganadores de los \u201cPremios Est\u00edmulo\u201d del Registro de Medios Vecinales de CABA - Voces de la Comuna 15<\/title>\n<meta name=\"description\" content=\"Voces de la Comuna 15\" \/>\n<meta name=\"robots\" content=\"index, follow, max-snippet:-1, max-image-preview:large, max-video-preview:-1\" \/>\n<link rel=\"canonical\" href=\"https:\/\/vocesdelacomuna15.com.ar\/press\/se-conocieron-los-ganadores-de-los-premios-estimulo-del-registro-de-medios-vecinales-de-caba\/\" \/>\n<meta property=\"og:locale\" content=\"es_ES\" \/>\n<meta property=\"og:type\" content=\"article\" \/>\n<meta property=\"og:title\" content=\"Se conocieron los ganadores de los \u201cPremios Est\u00edmulo\u201d del Registro de Medios Vecinales de CABA - Voces de la Comuna 15\" \/>\n<meta property=\"og:description\" content=\"Voces de la Comuna 15\" \/>\n<meta property=\"og:url\" content=\"https:\/\/vocesdelacomuna15.com.ar\/press\/se-conocieron-los-ganadores-de-los-premios-estimulo-del-registro-de-medios-vecinales-de-caba\/\" \/>\n<meta property=\"og:site_name\" content=\"Voces de la Comuna 15\" \/>\n<meta property=\"article:publisher\" content=\"https:\/\/www.facebook.com\/VocesComuna15\/\" \/>\n<meta property=\"article:published_time\" content=\"2021-10-25T15:27:13+00:00\" \/>\n<meta property=\"article:modified_time\" content=\"2021-10-25T15:27:21+00:00\" \/>\n<meta property=\"og:image\" content=\"https:\/\/vocesdelacomuna15.com.ar\/wp-content\/uploads\/2021\/10\/Estimulo_2017.jpg\" \/>\n\t<meta property=\"og:image:width\" content=\"900\" \/>\n\t<meta property=\"og:image:height\" content=\"548\" \/>\n\t<meta property=\"og:image:type\" content=\"image\/jpeg\" \/>\n<meta name=\"author\" content=\"Federico Arguto\" \/>\n<meta name=\"twitter:card\" content=\"summary_large_image\" \/>\n<meta name=\"twitter:creator\" content=\"@vocescomuna15\" \/>\n<meta name=\"twitter:site\" content=\"@vocescomuna15\" \/>\n<meta name=\"twitter:label1\" content=\"Escrito por\" \/>\n\t<meta name=\"twitter:data1\" content=\"Federico Arguto\" \/>\n\t<meta name=\"twitter:label2\" content=\"Tiempo de lectura\" \/>\n\t<meta name=\"twitter:data2\" content=\"2 minutos\" \/>\n<script type=\"application\/ld+json\" class=\"yoast-schema-graph\">{\"@context\":\"https:\\\/\\\/schema.org\",\"@graph\":[{\"@type\":\"Article\",\"@id\":\"https:\\\/\\\/vocesdelacomuna15.com.ar\\\/press\\\/se-conocieron-los-ganadores-de-los-premios-estimulo-del-registro-de-medios-vecinales-de-caba\\\/#article\",\"isPartOf\":{\"@id\":\"https:\\\/\\\/vocesdelacomuna15.com.ar\\\/press\\\/se-conocieron-los-ganadores-de-los-premios-estimulo-del-registro-de-medios-vecinales-de-caba\\\/\"},\"author\":{\"name\":\"Federico Arguto\",\"@id\":\"https:\\\/\\\/vocesdelacomuna15.com.ar\\\/press\\\/#\\\/schema\\\/person\\\/4739e109db25d799cd3d139eeb509e43\"},\"headline\":\"Se conocieron los ganadores de los \u201cPremios Est\u00edmulo\u201d del Registro de Medios Vecinales de CABA\",\"datePublished\":\"2021-10-25T15:27:13+00:00\",\"dateModified\":\"2021-10-25T15:27:21+00:00\",\"mainEntityOfPage\":{\"@id\":\"https:\\\/\\\/vocesdelacomuna15.com.ar\\\/press\\\/se-conocieron-los-ganadores-de-los-premios-estimulo-del-registro-de-medios-vecinales-de-caba\\\/\"},\"wordCount\":393,\"commentCount\":0,\"publisher\":{\"@id\":\"https:\\\/\\\/vocesdelacomuna15.com.ar\\\/press\\\/#organization\"},\"image\":{\"@id\":\"https:\\\/\\\/vocesdelacomuna15.com.ar\\\/press\\\/se-conocieron-los-ganadores-de-los-premios-estimulo-del-registro-de-medios-vecinales-de-caba\\\/#primaryimage\"},\"thumbnailUrl\":\"https:\\\/\\\/vocesdelacomuna15.com.ar\\\/wp-content\\\/uploads\\\/2021\\\/10\\\/Estimulo_2017.jpg\",\"articleSection\":[\"Ciudad\"],\"inLanguage\":\"es-AR\",\"potentialAction\":[{\"@type\":\"CommentAction\",\"name\":\"Comment\",\"target\":[\"https:\\\/\\\/vocesdelacomuna15.com.ar\\\/press\\\/se-conocieron-los-ganadores-de-los-premios-estimulo-del-registro-de-medios-vecinales-de-caba\\\/#respond\"]}]},{\"@type\":\"WebPage\",\"@id\":\"https:\\\/\\\/vocesdelacomuna15.com.ar\\\/press\\\/se-conocieron-los-ganadores-de-los-premios-estimulo-del-registro-de-medios-vecinales-de-caba\\\/\",\"url\":\"https:\\\/\\\/vocesdelacomuna15.com.ar\\\/press\\\/se-conocieron-los-ganadores-de-los-premios-estimulo-del-registro-de-medios-vecinales-de-caba\\\/\",\"name\":\"Se conocieron los ganadores de los \u201cPremios Est\u00edmulo\u201d del Registro de Medios Vecinales de CABA - Voces de la Comuna 15\",\"isPartOf\":{\"@id\":\"https:\\\/\\\/vocesdelacomuna15.com.ar\\\/press\\\/#website\"},\"primaryImageOfPage\":{\"@id\":\"https:\\\/\\\/vocesdelacomuna15.com.ar\\\/press\\\/se-conocieron-los-ganadores-de-los-premios-estimulo-del-registro-de-medios-vecinales-de-caba\\\/#primaryimage\"},\"image\":{\"@id\":\"https:\\\/\\\/vocesdelacomuna15.com.ar\\\/press\\\/se-conocieron-los-ganadores-de-los-premios-estimulo-del-registro-de-medios-vecinales-de-caba\\\/#primaryimage\"},\"thumbnailUrl\":\"https:\\\/\\\/vocesdelacomuna15.com.ar\\\/wp-content\\\/uploads\\\/2021\\\/10\\\/Estimulo_2017.jpg\",\"datePublished\":\"2021-10-25T15:27:13+00:00\",\"dateModified\":\"2021-10-25T15:27:21+00:00\",\"description\":\"Voces de la Comuna 15\",\"breadcrumb\":{\"@id\":\"https:\\\/\\\/vocesdelacomuna15.com.ar\\\/press\\\/se-conocieron-los-ganadores-de-los-premios-estimulo-del-registro-de-medios-vecinales-de-caba\\\/#breadcrumb\"},\"inLanguage\":\"es-AR\",\"potentialAction\":[{\"@type\":\"ReadAction\",\"target\":[\"https:\\\/\\\/vocesdelacomuna15.com.ar\\\/press\\\/se-conocieron-los-ganadores-de-los-premios-estimulo-del-registro-de-medios-vecinales-de-caba\\\/\"]}]},{\"@type\":\"ImageObject\",\"inLanguage\":\"es-AR\",\"@id\":\"https:\\\/\\\/vocesdelacomuna15.com.ar\\\/press\\\/se-conocieron-los-ganadores-de-los-premios-estimulo-del-registro-de-medios-vecinales-de-caba\\\/#primaryimage\",\"url\":\"https:\\\/\\\/vocesdelacomuna15.com.ar\\\/wp-content\\\/uploads\\\/2021\\\/10\\\/Estimulo_2017.jpg\",\"contentUrl\":\"https:\\\/\\\/vocesdelacomuna15.com.ar\\\/wp-content\\\/uploads\\\/2021\\\/10\\\/Estimulo_2017.jpg\",\"width\":900,\"height\":548,\"caption\":\"????????????????????????????????????\"},{\"@type\":\"BreadcrumbList\",\"@id\":\"https:\\\/\\\/vocesdelacomuna15.com.ar\\\/press\\\/se-conocieron-los-ganadores-de-los-premios-estimulo-del-registro-de-medios-vecinales-de-caba\\\/#breadcrumb\",\"itemListElement\":[{\"@type\":\"ListItem\",\"position\":1,\"name\":\"Inicio\",\"item\":\"https:\\\/\\\/vocesdelacomuna15.com.ar\\\/press\\\/\"},{\"@type\":\"ListItem\",\"position\":2,\"name\":\"Se conocieron los ganadores de los \u201cPremios Est\u00edmulo\u201d del Registro de Medios Vecinales de CABA\"}]},{\"@type\":\"WebSite\",\"@id\":\"https:\\\/\\\/vocesdelacomuna15.com.ar\\\/press\\\/#website\",\"url\":\"https:\\\/\\\/vocesdelacomuna15.com.ar\\\/press\\\/\",\"name\":\"Voces de la Comuna 15\",\"description\":\"Sitio web de noticias\",\"publisher\":{\"@id\":\"https:\\\/\\\/vocesdelacomuna15.com.ar\\\/press\\\/#organization\"},\"potentialAction\":[{\"@type\":\"SearchAction\",\"target\":{\"@type\":\"EntryPoint\",\"urlTemplate\":\"https:\\\/\\\/vocesdelacomuna15.com.ar\\\/press\\\/?s={search_term_string}\"},\"query-input\":{\"@type\":\"PropertyValueSpecification\",\"valueRequired\":true,\"valueName\":\"search_term_string\"}}],\"inLanguage\":\"es-AR\"},{\"@type\":\"Organization\",\"@id\":\"https:\\\/\\\/vocesdelacomuna15.com.ar\\\/press\\\/#organization\",\"name\":\"Voces de la Comuna 15\",\"url\":\"https:\\\/\\\/vocesdelacomuna15.com.ar\\\/press\\\/\",\"logo\":{\"@type\":\"ImageObject\",\"inLanguage\":\"es-AR\",\"@id\":\"https:\\\/\\\/vocesdelacomuna15.com.ar\\\/press\\\/#\\\/schema\\\/logo\\\/image\\\/\",\"url\":\"https:\\\/\\\/vocesdelacomuna15.com.ar\\\/wp-content\\\/uploads\\\/2024\\\/12\\\/cropped-logo_voces.jpg\",\"contentUrl\":\"https:\\\/\\\/vocesdelacomuna15.com.ar\\\/wp-content\\\/uploads\\\/2024\\\/12\\\/cropped-logo_voces.jpg\",\"width\":512,\"height\":512,\"caption\":\"Voces de la Comuna 15\"},\"image\":{\"@id\":\"https:\\\/\\\/vocesdelacomuna15.com.ar\\\/press\\\/#\\\/schema\\\/logo\\\/image\\\/\"},\"sameAs\":[\"https:\\\/\\\/www.facebook.com\\\/VocesComuna15\\\/\",\"https:\\\/\\\/x.com\\\/vocescomuna15\"]},{\"@type\":\"Person\",\"@id\":\"https:\\\/\\\/vocesdelacomuna15.com.ar\\\/press\\\/#\\\/schema\\\/person\\\/4739e109db25d799cd3d139eeb509e43\",\"name\":\"Federico Arguto\",\"image\":{\"@type\":\"ImageObject\",\"inLanguage\":\"es-AR\",\"@id\":\"https:\\\/\\\/vocesdelacomuna15.com.ar\\\/wp-content\\\/litespeed\\\/avatar\\\/82faf979976f1bae889b8b71f8a0a7e5.jpg?ver=1777419741\",\"url\":\"https:\\\/\\\/vocesdelacomuna15.com.ar\\\/wp-content\\\/litespeed\\\/avatar\\\/82faf979976f1bae889b8b71f8a0a7e5.jpg?ver=1777419741\",\"contentUrl\":\"https:\\\/\\\/vocesdelacomuna15.com.ar\\\/wp-content\\\/litespeed\\\/avatar\\\/82faf979976f1bae889b8b71f8a0a7e5.jpg?ver=1777419741\",\"caption\":\"Federico Arguto\"},\"url\":\"https:\\\/\\\/vocesdelacomuna15.com.ar\\\/press\\\/author\\\/fede\\\/\"}]}<\/script>\n<!-- \/ Yoast SEO plugin. -->","yoast_head_json":{"title":"Se conocieron los ganadores de los \u201cPremios Est\u00edmulo\u201d del Registro de Medios Vecinales de CABA - Voces de la Comuna 15","description":"Voces de la Comuna 15","robots":{"index":"index","follow":"follow","max-snippet":"max-snippet:-1","max-image-preview":"max-image-preview:large","max-video-preview":"max-video-preview:-1"},"canonical":"https:\/\/vocesdelacomuna15.com.ar\/press\/se-conocieron-los-ganadores-de-los-premios-estimulo-del-registro-de-medios-vecinales-de-caba\/","og_locale":"es_ES","og_type":"article","og_title":"Se conocieron los ganadores de los \u201cPremios Est\u00edmulo\u201d del Registro de Medios Vecinales de CABA - Voces de la Comuna 15","og_description":"Voces de la Comuna 15","og_url":"https:\/\/vocesdelacomuna15.com.ar\/press\/se-conocieron-los-ganadores-de-los-premios-estimulo-del-registro-de-medios-vecinales-de-caba\/","og_site_name":"Voces de la Comuna 15","article_publisher":"https:\/\/www.facebook.com\/VocesComuna15\/","article_published_time":"2021-10-25T15:27:13+00:00","article_modified_time":"2021-10-25T15:27:21+00:00","og_image":[{"width":900,"height":548,"url":"https:\/\/vocesdelacomuna15.com.ar\/wp-content\/uploads\/2021\/10\/Estimulo_2017.jpg","type":"image\/jpeg"}],"author":"Federico Arguto","twitter_card":"summary_large_image","twitter_creator":"@vocescomuna15","twitter_site":"@vocescomuna15","twitter_misc":{"Escrito por":"Federico Arguto","Tiempo de lectura":"2 minutos"},"schema":{"@context":"https:\/\/schema.org","@graph":[{"@type":"Article","@id":"https:\/\/vocesdelacomuna15.com.ar\/press\/se-conocieron-los-ganadores-de-los-premios-estimulo-del-registro-de-medios-vecinales-de-caba\/#article","isPartOf":{"@id":"https:\/\/vocesdelacomuna15.com.ar\/press\/se-conocieron-los-ganadores-de-los-premios-estimulo-del-registro-de-medios-vecinales-de-caba\/"},"author":{"name":"Federico Arguto","@id":"https:\/\/vocesdelacomuna15.com.ar\/press\/#\/schema\/person\/4739e109db25d799cd3d139eeb509e43"},"headline":"Se conocieron los ganadores de los \u201cPremios Est\u00edmulo\u201d del Registro de Medios Vecinales de CABA","datePublished":"2021-10-25T15:27:13+00:00","dateModified":"2021-10-25T15:27:21+00:00","mainEntityOfPage":{"@id":"https:\/\/vocesdelacomuna15.com.ar\/press\/se-conocieron-los-ganadores-de-los-premios-estimulo-del-registro-de-medios-vecinales-de-caba\/"},"wordCount":393,"commentCount":0,"publisher":{"@id":"https:\/\/vocesdelacomuna15.com.ar\/press\/#organization"},"image":{"@id":"https:\/\/vocesdelacomuna15.com.ar\/press\/se-conocieron-los-ganadores-de-los-premios-estimulo-del-registro-de-medios-vecinales-de-caba\/#primaryimage"},"thumbnailUrl":"https:\/\/vocesdelacomuna15.com.ar\/wp-content\/uploads\/2021\/10\/Estimulo_2017.jpg","articleSection":["Ciudad"],"inLanguage":"es-AR","potentialAction":[{"@type":"CommentAction","name":"Comment","target":["https:\/\/vocesdelacomuna15.com.ar\/press\/se-conocieron-los-ganadores-de-los-premios-estimulo-del-registro-de-medios-vecinales-de-caba\/#respond"]}]},{"@type":"WebPage","@id":"https:\/\/vocesdelacomuna15.com.ar\/press\/se-conocieron-los-ganadores-de-los-premios-estimulo-del-registro-de-medios-vecinales-de-caba\/","url":"https:\/\/vocesdelacomuna15.com.ar\/press\/se-conocieron-los-ganadores-de-los-premios-estimulo-del-registro-de-medios-vecinales-de-caba\/","name":"Se conocieron los ganadores de los \u201cPremios Est\u00edmulo\u201d del Registro de Medios Vecinales de CABA - Voces de la Comuna 15","isPartOf":{"@id":"https:\/\/vocesdelacomuna15.com.ar\/press\/#website"},"primaryImageOfPage":{"@id":"https:\/\/vocesdelacomuna15.com.ar\/press\/se-conocieron-los-ganadores-de-los-premios-estimulo-del-registro-de-medios-vecinales-de-caba\/#primaryimage"},"image":{"@id":"https:\/\/vocesdelacomuna15.com.ar\/press\/se-conocieron-los-ganadores-de-los-premios-estimulo-del-registro-de-medios-vecinales-de-caba\/#primaryimage"},"thumbnailUrl":"https:\/\/vocesdelacomuna15.com.ar\/wp-content\/uploads\/2021\/10\/Estimulo_2017.jpg","datePublished":"2021-10-25T15:27:13+00:00","dateModified":"2021-10-25T15:27:21+00:00","description":"Voces de la Comuna 15","breadcrumb":{"@id":"https:\/\/vocesdelacomuna15.com.ar\/press\/se-conocieron-los-ganadores-de-los-premios-estimulo-del-registro-de-medios-vecinales-de-caba\/#breadcrumb"},"inLanguage":"es-AR","potentialAction":[{"@type":"ReadAction","target":["https:\/\/vocesdelacomuna15.com.ar\/press\/se-conocieron-los-ganadores-de-los-premios-estimulo-del-registro-de-medios-vecinales-de-caba\/"]}]},{"@type":"ImageObject","inLanguage":"es-AR","@id":"https:\/\/vocesdelacomuna15.com.ar\/press\/se-conocieron-los-ganadores-de-los-premios-estimulo-del-registro-de-medios-vecinales-de-caba\/#primaryimage","url":"https:\/\/vocesdelacomuna15.com.ar\/wp-content\/uploads\/2021\/10\/Estimulo_2017.jpg","contentUrl":"https:\/\/vocesdelacomuna15.com.ar\/wp-content\/uploads\/2021\/10\/Estimulo_2017.jpg","width":900,"height":548,"caption":"????????????????????????????????????"},{"@type":"BreadcrumbList","@id":"https:\/\/vocesdelacomuna15.com.ar\/press\/se-conocieron-los-ganadores-de-los-premios-estimulo-del-registro-de-medios-vecinales-de-caba\/#breadcrumb","itemListElement":[{"@type":"ListItem","position":1,"name":"Inicio","item":"https:\/\/vocesdelacomuna15.com.ar\/press\/"},{"@type":"ListItem","position":2,"name":"Se conocieron los ganadores de los \u201cPremios Est\u00edmulo\u201d del Registro de Medios Vecinales de CABA"}]},{"@type":"WebSite","@id":"https:\/\/vocesdelacomuna15.com.ar\/press\/#website","url":"https:\/\/vocesdelacomuna15.com.ar\/press\/","name":"Voces de la Comuna 15","description":"Sitio web de noticias","publisher":{"@id":"https:\/\/vocesdelacomuna15.com.ar\/press\/#organization"},"potentialAction":[{"@type":"SearchAction","target":{"@type":"EntryPoint","urlTemplate":"https:\/\/vocesdelacomuna15.com.ar\/press\/?s={search_term_string}"},"query-input":{"@type":"PropertyValueSpecification","valueRequired":true,"valueName":"search_term_string"}}],"inLanguage":"es-AR"},{"@type":"Organization","@id":"https:\/\/vocesdelacomuna15.com.ar\/press\/#organization","name":"Voces de la Comuna 15","url":"https:\/\/vocesdelacomuna15.com.ar\/press\/","logo":{"@type":"ImageObject","inLanguage":"es-AR","@id":"https:\/\/vocesdelacomuna15.com.ar\/press\/#\/schema\/logo\/image\/","url":"https:\/\/vocesdelacomuna15.com.ar\/wp-content\/uploads\/2024\/12\/cropped-logo_voces.jpg","contentUrl":"https:\/\/vocesdelacomuna15.com.ar\/wp-content\/uploads\/2024\/12\/cropped-logo_voces.jpg","width":512,"height":512,"caption":"Voces de la Comuna 15"},"image":{"@id":"https:\/\/vocesdelacomuna15.com.ar\/press\/#\/schema\/logo\/image\/"},"sameAs":["https:\/\/www.facebook.com\/VocesComuna15\/","https:\/\/x.com\/vocescomuna15"]},{"@type":"Person","@id":"https:\/\/vocesdelacomuna15.com.ar\/press\/#\/schema\/person\/4739e109db25d799cd3d139eeb509e43","name":"Federico Arguto","image":{"@type":"ImageObject","inLanguage":"es-AR","@id":"https:\/\/vocesdelacomuna15.com.ar\/wp-content\/litespeed\/avatar\/82faf979976f1bae889b8b71f8a0a7e5.jpg?ver=1777419741","url":"https:\/\/vocesdelacomuna15.com.ar\/wp-content\/litespeed\/avatar\/82faf979976f1bae889b8b71f8a0a7e5.jpg?ver=1777419741","contentUrl":"https:\/\/vocesdelacomuna15.com.ar\/wp-content\/litespeed\/avatar\/82faf979976f1bae889b8b71f8a0a7e5.jpg?ver=1777419741","caption":"Federico Arguto"},"url":"https:\/\/vocesdelacomuna15.com.ar\/press\/author\/fede\/"}]}},"_links":{"self":[{"href":"https:\/\/vocesdelacomuna15.com.ar\/press\/wp-json\/wp\/v2\/posts\/54903","targetHints":{"allow":["GET"]}}],"collection":[{"href":"https:\/\/vocesdelacomuna15.com.ar\/press\/wp-json\/wp\/v2\/posts"}],"about":[{"href":"https:\/\/vocesdelacomuna15.com.ar\/press\/wp-json\/wp\/v2\/types\/post"}],"author":[{"embeddable":true,"href":"https:\/\/vocesdelacomuna15.com.ar\/press\/wp-json\/wp\/v2\/users\/2"}],"replies":[{"embeddable":true,"href":"https:\/\/vocesdelacomuna15.com.ar\/press\/wp-json\/wp\/v2\/comments?post=54903"}],"version-history":[{"count":1,"href":"https:\/\/vocesdelacomuna15.com.ar\/press\/wp-json\/wp\/v2\/posts\/54903\/revisions"}],"predecessor-version":[{"id":54905,"href":"https:\/\/vocesdelacomuna15.com.ar\/press\/wp-json\/wp\/v2\/posts\/54903\/revisions\/54905"}],"wp:featuredmedia":[{"embeddable":true,"href":"https:\/\/vocesdelacomuna15.com.ar\/press\/wp-json\/wp\/v2\/media\/54904"}],"wp:attachment":[{"href":"https:\/\/vocesdelacomuna15.com.ar\/press\/wp-json\/wp\/v2\/media?parent=54903"}],"wp:term":[{"taxonomy":"category","embeddable":true,"href":"https:\/\/vocesdelacomuna15.com.ar\/press\/wp-json\/wp\/v2\/categories?post=54903"},{"taxonomy":"post_tag","embeddable":true,"href":"https:\/\/vocesdelacomuna15.com.ar\/press\/wp-json\/wp\/v2\/tags?post=54903"}],"curies":[{"name":"wp","href":"https:\/\/api.w.org\/{rel}","templated":true}]}}