{"id":54871,"date":"2021-10-25T00:17:23","date_gmt":"2021-10-25T03:17:23","guid":{"rendered":"http:\/\/vocesdelacomuna15.com.ar\/wordpress\/?p=54871"},"modified":"2021-10-21T12:19:12","modified_gmt":"2021-10-21T15:19:12","slug":"el-min-de-justicia-y-seguridad-incorpora-la-app-hablalo-para-asistir-a-personas-que-tienen-discapacidad-en-su-comunicacion","status":"publish","type":"post","link":"https:\/\/vocesdelacomuna15.com.ar\/press\/el-min-de-justicia-y-seguridad-incorpora-la-app-hablalo-para-asistir-a-personas-que-tienen-discapacidad-en-su-comunicacion\/","title":{"rendered":"El Min. de Justicia y Seguridad incorpora la app &#8220;H\u00e1blalo&#8221; para asistir a personas que tienen discapacidad en su comunicaci\u00f3n"},"content":{"rendered":"\n<p> El Ministerio de Justicia y Seguridad incorporar\u00e1 para los miembros del Sistema Integral de Seguridad P\u00fablica la aplicaci\u00f3n &#8220;H\u00e1blalo&#8221;, que comenz\u00f3 a instalarse en los dispositivos provistos para Polic\u00edas de la Ciudad, Agentes de Prevenci\u00f3n, Bomberos y Agentes de Tr\u00e1nsito, con el objetivo de traducir a un formato audible lo que el usuario quiere expresar y luego convertir en texto lo que el interlocutor responde oralmente. Fuente: Ministerio de Justicia y Seguridad CABA <\/p>\n\n\n\n<p>De esta manera, los efectivos contar\u00e1n con una nueva\nherramienta de comunicaci\u00f3n que les permitir\u00e1 responder a personas con\ncualquier tipo de discapacidad -alrededor del 8% de los ciudadanos- en su\ncomunicaci\u00f3n para que puedan expresarse ante cualquier emergencia o necesidad\nde asistencia y\/o gu\u00eda.<\/p>\n\n\n\n<p>La aplicaci\u00f3n incluye botones de acceso r\u00e1pido con frases\nde emergencia como &#8220;\u00bfD\u00f3nde est\u00e1 la comisar\u00eda m\u00e1s cercana?&#8221;, &#8220;\u00bfSe\nsiente mal?&#8221; o \u00bfEst\u00e1 perdido?&#8221; y tambi\u00e9n permite resaltar el texto\nescuchado, agrandar o achicar la letra y hasta consultar el historial de frases\nescritas.&nbsp;<\/p>\n\n\n\n<p>El acuerdo firmado con Asteroid Technologies incluye una\noptimizaci\u00f3n de su soluci\u00f3n H\u00e1blaloforBusiness incorporando opciones\npreestablecidas para facilitar la comunicaci\u00f3n de estas personas sin requerir\nconectividad; a trav\u00e9s de la cual podr\u00e1n escribir cualquier consulta sobre una\nemergencia, y los efectivos\/as contestar\u00e1n oralmente, mientras la respuesta se\nver\u00e1 reflejada en forma de texto en el dispositivo.<\/p>\n\n\n\n<p>A nivel global, hay m\u00e1s de 500 millones de personas que\ntienen alg\u00fan tipo de dificultad para comunicarse. Con el fin de ayudarlas,\nAsteroid Technologies-fundada por Mateo Salvatto junto a sus socios-,\ndesarrollaron &#8220;H\u00e1blalo&#8221;, una aplicaci\u00f3n dise\u00f1ada que asiste a\npersonas con discapacidades o dificultades que afectan su comunicaci\u00f3n. La app\nfunciona como una multiherramienta sin conexi\u00f3n a internet y ya asiste a m\u00e1s de\n150.000 personas con diferentes discapacidades comunicativas en los 5\ncontinentes, y funciona de forma gratuita en 59 idiomas.<\/p>\n\n\n\n<p>&#8220;Pensar una pol\u00edtica integral de seguridad no es\ns\u00f3lo actuar en tareas de prevenci\u00f3n e investigaci\u00f3n, sino desplegar\nherramientas que brinden inclusi\u00f3n y protecci\u00f3n a todos los sectores de la\nsociedad. Es reflexionar permanentemente en qu\u00e9 podemos innovar y a qui\u00e9n\npodemos asistir mejor&#8221;, afirm\u00f3 el ministro de Justicia y Seguridad,\nMarcelo D&#8217;Alessandro.<\/p>\n\n\n\n<p>&#8220;Por eso, incorporar una aplicaci\u00f3n como &#8216;H\u00e1blalo&#8217;\nva en ese camino: es un paso trascendental para que los polic\u00edas, bomberos y\nmiembros del Sistema de Seguridad de la Ciudad puedan comunicarse f\u00e1cilmente\ncon personas con hipoacusia, sordera o que tengan dificultades para expresarse\nverbalmente&#8221;, agreg\u00f3.<\/p>\n\n\n\n<p>&#8220;Es realmente un verdadero honor para m\u00ed y para todo\nel equipo de Asteroid anunciar esta alianza que venimos trabajando hace tanto\ntiempo junto al GCBA. La incorporaci\u00f3n de &#8216;H\u00e1blalo&#8217; como herramienta de\ninclusi\u00f3n comunicacional en los dispositivos m\u00f3viles de todos los efectivos del\nSistema Integral de Seguridad P\u00fablica no s\u00f3lo es un gran paso para nuestro\nproyecto, sino un enorme salto para los est\u00e1ndares globales de inclusi\u00f3n. Esta\nalianza marca un precedente incre\u00edble&#8230;A partir de ahora los ciudadanos con\ndiscapacidades comunicacionales van a poder confirmar plenamente en que todos\nlos miembros de las distintas fuerzas van a poder asistirlos como se merecen,\nest\u00e9n donde est\u00e9n. Agradecemos enormemente al GCBA por tomar esta decisi\u00f3n de\nacompa\u00f1arnos en esta gran aventura, y esperemos que esto sea s\u00f3lo el inicio de\nuna gran revoluci\u00f3n de inclusi\u00f3n que se geste de Buenos Aires para el\nmundo&#8221;, se\u00f1al\u00f3 Mateo Salvatto.<\/p>\n\n\n\n<p>Acerca de &#8220;H\u00e1blalo&#8221;<\/p>\n\n\n\n<p>La app &#8220;H\u00e1blalo&#8221; fue creada para ayudar a\npersonas con problemas de comunicaci\u00f3n. Es un software capaz de subtitular el\nmundo para quienes no pueden o\u00edr y darle una voz a quienes no pueden hablar.<\/p>\n\n\n\n<p>Adem\u00e1s, incluye m\u00faltiples herramientas desarrolladas con\ny para personas con distintas discapacidades, para hacer su vida m\u00e1s f\u00e1cil. La\ninterfaz ha sido creada junto a usuarios y expertos con amplios conocimientos\nen las tem\u00e1ticas y patolog\u00edas tratadas. Se trata de una aplicaci\u00f3n gratuita que\npuede operar de forma aut\u00f3noma y sin necesidad a conexi\u00f3n a internet.&nbsp;<\/p>\n\n\n\n<p>Acerca de Asteroid Technologies<\/p>\n\n\n\n<p>Es una empresa enfocada en el desarrollo de nuevas tecnolog\u00edas que potencien la inclusi\u00f3n. Busca no s\u00f3lo desarrollar proyectos y productos innovadores para gobiernos y el sector privado, sino tambi\u00e9n, aportar a la sociedad, utilizando su capacidad para brindar una mejor calidad de vida a las personas. Tiene el compromiso de invertir gran parte de sus ganancias en investigaci\u00f3n y desarrollo de productos gratuitos que ayuden a la comunidad. Sus socios son Mateo Salvatto, Sergio Cantarovici, Sebasti\u00e1n Vigliola y Laura Muchnik.&nbsp;<\/p>\n\n\n\n<p>Presentaci\u00f3n de la App &#8220;Hablalo&#8221;:<\/p>\n\n\n\n<figure class=\"wp-block-embed-youtube wp-block-embed is-type-video is-provider-youtube wp-embed-aspect-16-9 wp-has-aspect-ratio\"><div class=\"wp-block-embed__wrapper\">\n<iframe loading=\"lazy\" title=\"Presentaci\u00f3n de la aplicaci\u00f3n &quot;H\u00e1blalo&quot;\" width=\"1080\" height=\"608\" src=\"https:\/\/www.youtube.com\/embed\/bw08E26X1FM?feature=oembed\" frameborder=\"0\" allow=\"accelerometer; autoplay; clipboard-write; encrypted-media; gyroscope; picture-in-picture\" allowfullscreen><\/iframe>\n<\/div><\/figure>\n\n\n\n<p>Foto y Video: Ministerio de Justicia y Seguridad CABA<\/p>\n\n\n\n<p>Caracteres: 4.273<\/p>\n<div class=\"pvc_clear\"><\/div><p id=\"pvc_stats_54871\" class=\"pvc_stats all  \" data-element-id=\"54871\" style=\"\"><i class=\"pvc-stats-icon small\" aria-hidden=\"true\"><svg aria-hidden=\"true\" focusable=\"false\" data-prefix=\"far\" data-icon=\"chart-bar\" role=\"img\" xmlns=\"http:\/\/www.w3.org\/2000\/svg\" viewBox=\"0 0 512 512\" class=\"svg-inline--fa fa-chart-bar fa-w-16 fa-2x\"><path fill=\"currentColor\" d=\"M396.8 352h22.4c6.4 0 12.8-6.4 12.8-12.8V108.8c0-6.4-6.4-12.8-12.8-12.8h-22.4c-6.4 0-12.8 6.4-12.8 12.8v230.4c0 6.4 6.4 12.8 12.8 12.8zm-192 0h22.4c6.4 0 12.8-6.4 12.8-12.8V140.8c0-6.4-6.4-12.8-12.8-12.8h-22.4c-6.4 0-12.8 6.4-12.8 12.8v198.4c0 6.4 6.4 12.8 12.8 12.8zm96 0h22.4c6.4 0 12.8-6.4 12.8-12.8V204.8c0-6.4-6.4-12.8-12.8-12.8h-22.4c-6.4 0-12.8 6.4-12.8 12.8v134.4c0 6.4 6.4 12.8 12.8 12.8zM496 400H48V80c0-8.84-7.16-16-16-16H16C7.16 64 0 71.16 0 80v336c0 17.67 14.33 32 32 32h464c8.84 0 16-7.16 16-16v-16c0-8.84-7.16-16-16-16zm-387.2-48h22.4c6.4 0 12.8-6.4 12.8-12.8v-70.4c0-6.4-6.4-12.8-12.8-12.8h-22.4c-6.4 0-12.8 6.4-12.8 12.8v70.4c0 6.4 6.4 12.8 12.8 12.8z\" class=\"\"><\/path><\/svg><\/i> <img loading=\"lazy\" decoding=\"async\" width=\"16\" height=\"16\" alt=\"Loading\" src=\"https:\/\/vocesdelacomuna15.com.ar\/wp-content\/plugins\/page-views-count\/ajax-loader-2x.gif\" border=0 \/><\/p><div class=\"pvc_clear\"><\/div>","protected":false},"excerpt":{"rendered":"<p>El Ministerio de Justicia y Seguridad incorporar\u00e1 para los miembros del Sistema Integral de Seguridad P\u00fablica la aplicaci\u00f3n &#8220;H\u00e1blalo&#8221;, que comenz\u00f3 a instalarse en los dispositivos provistos para Polic\u00edas de la Ciudad, Agentes de Prevenci\u00f3n, Bomberos y Agentes de Tr\u00e1nsito, con el objetivo de traducir a un formato audible lo que el usuario quiere expresar [&hellip;]<\/p>\n<div class=\"pvc_clear\"><\/div>\n<p id=\"pvc_stats_54871\" class=\"pvc_stats all  \" data-element-id=\"54871\" style=\"\"><i class=\"pvc-stats-icon small\" aria-hidden=\"true\"><svg aria-hidden=\"true\" focusable=\"false\" data-prefix=\"far\" data-icon=\"chart-bar\" role=\"img\" xmlns=\"http:\/\/www.w3.org\/2000\/svg\" viewBox=\"0 0 512 512\" class=\"svg-inline--fa fa-chart-bar fa-w-16 fa-2x\"><path fill=\"currentColor\" d=\"M396.8 352h22.4c6.4 0 12.8-6.4 12.8-12.8V108.8c0-6.4-6.4-12.8-12.8-12.8h-22.4c-6.4 0-12.8 6.4-12.8 12.8v230.4c0 6.4 6.4 12.8 12.8 12.8zm-192 0h22.4c6.4 0 12.8-6.4 12.8-12.8V140.8c0-6.4-6.4-12.8-12.8-12.8h-22.4c-6.4 0-12.8 6.4-12.8 12.8v198.4c0 6.4 6.4 12.8 12.8 12.8zm96 0h22.4c6.4 0 12.8-6.4 12.8-12.8V204.8c0-6.4-6.4-12.8-12.8-12.8h-22.4c-6.4 0-12.8 6.4-12.8 12.8v134.4c0 6.4 6.4 12.8 12.8 12.8zM496 400H48V80c0-8.84-7.16-16-16-16H16C7.16 64 0 71.16 0 80v336c0 17.67 14.33 32 32 32h464c8.84 0 16-7.16 16-16v-16c0-8.84-7.16-16-16-16zm-387.2-48h22.4c6.4 0 12.8-6.4 12.8-12.8v-70.4c0-6.4-6.4-12.8-12.8-12.8h-22.4c-6.4 0-12.8 6.4-12.8 12.8v70.4c0 6.4 6.4 12.8 12.8 12.8z\" class=\"\"><\/path><\/svg><\/i> <img loading=\"lazy\" decoding=\"async\" width=\"16\" height=\"16\" alt=\"Loading\" src=\"https:\/\/vocesdelacomuna15.com.ar\/wp-content\/plugins\/page-views-count\/ajax-loader-2x.gif\" border=0 \/><\/p>\n<div class=\"pvc_clear\"><\/div>\n","protected":false},"author":2,"featured_media":54875,"comment_status":"open","ping_status":"open","sticky":false,"template":"","format":"standard","meta":{"_et_pb_use_builder":"off","_et_pb_old_content":"","_et_gb_content_width":"","footnotes":""},"categories":[26],"tags":[],"class_list":["post-54871","post","type-post","status-publish","format-standard","has-post-thumbnail","hentry","category-ciudad","et-has-post-format-content","et_post_format-et-post-format-standard"],"a3_pvc":{"activated":true,"total_views":200,"today_views":0},"yoast_head":"<!-- This site is optimized with the Yoast SEO plugin v27.5 - https:\/\/yoast.com\/product\/yoast-seo-wordpress\/ -->\n<title>El Min. de Justicia y Seguridad incorpora la app &quot;H\u00e1blalo&quot; para asistir a personas que tienen discapacidad en su comunicaci\u00f3n - Voces de la Comuna 15<\/title>\n<meta name=\"description\" content=\"Voces de la Comuna 15\" \/>\n<meta name=\"robots\" content=\"index, follow, max-snippet:-1, max-image-preview:large, max-video-preview:-1\" \/>\n<link rel=\"canonical\" href=\"https:\/\/vocesdelacomuna15.com.ar\/press\/el-min-de-justicia-y-seguridad-incorpora-la-app-hablalo-para-asistir-a-personas-que-tienen-discapacidad-en-su-comunicacion\/\" \/>\n<meta property=\"og:locale\" content=\"es_ES\" \/>\n<meta property=\"og:type\" content=\"article\" \/>\n<meta property=\"og:title\" content=\"El Min. de Justicia y Seguridad incorpora la app &quot;H\u00e1blalo&quot; para asistir a personas que tienen discapacidad en su comunicaci\u00f3n - Voces de la Comuna 15\" \/>\n<meta property=\"og:description\" content=\"Voces de la Comuna 15\" \/>\n<meta property=\"og:url\" content=\"https:\/\/vocesdelacomuna15.com.ar\/press\/el-min-de-justicia-y-seguridad-incorpora-la-app-hablalo-para-asistir-a-personas-que-tienen-discapacidad-en-su-comunicacion\/\" \/>\n<meta property=\"og:site_name\" content=\"Voces de la Comuna 15\" \/>\n<meta property=\"article:publisher\" content=\"https:\/\/www.facebook.com\/VocesComuna15\/\" \/>\n<meta property=\"article:published_time\" content=\"2021-10-25T03:17:23+00:00\" \/>\n<meta property=\"og:image\" content=\"https:\/\/vocesdelacomuna15.com.ar\/wp-content\/uploads\/2021\/10\/hablalo2110.png\" \/>\n\t<meta property=\"og:image:width\" content=\"891\" \/>\n\t<meta property=\"og:image:height\" content=\"612\" \/>\n\t<meta property=\"og:image:type\" content=\"image\/png\" \/>\n<meta name=\"author\" content=\"Federico Arguto\" \/>\n<meta name=\"twitter:card\" content=\"summary_large_image\" \/>\n<meta name=\"twitter:creator\" content=\"@vocescomuna15\" \/>\n<meta name=\"twitter:site\" content=\"@vocescomuna15\" \/>\n<meta name=\"twitter:label1\" content=\"Escrito por\" \/>\n\t<meta name=\"twitter:data1\" content=\"Federico Arguto\" \/>\n\t<meta name=\"twitter:label2\" content=\"Tiempo de lectura\" \/>\n\t<meta name=\"twitter:data2\" content=\"4 minutos\" \/>\n<script type=\"application\/ld+json\" class=\"yoast-schema-graph\">{\"@context\":\"https:\\\/\\\/schema.org\",\"@graph\":[{\"@type\":\"Article\",\"@id\":\"https:\\\/\\\/vocesdelacomuna15.com.ar\\\/press\\\/el-min-de-justicia-y-seguridad-incorpora-la-app-hablalo-para-asistir-a-personas-que-tienen-discapacidad-en-su-comunicacion\\\/#article\",\"isPartOf\":{\"@id\":\"https:\\\/\\\/vocesdelacomuna15.com.ar\\\/press\\\/el-min-de-justicia-y-seguridad-incorpora-la-app-hablalo-para-asistir-a-personas-que-tienen-discapacidad-en-su-comunicacion\\\/\"},\"author\":{\"name\":\"Federico Arguto\",\"@id\":\"https:\\\/\\\/vocesdelacomuna15.com.ar\\\/press\\\/#\\\/schema\\\/person\\\/4739e109db25d799cd3d139eeb509e43\"},\"headline\":\"El Min. de Justicia y Seguridad incorpora la app &#8220;H\u00e1blalo&#8221; para asistir a personas que tienen discapacidad en su comunicaci\u00f3n\",\"datePublished\":\"2021-10-25T03:17:23+00:00\",\"mainEntityOfPage\":{\"@id\":\"https:\\\/\\\/vocesdelacomuna15.com.ar\\\/press\\\/el-min-de-justicia-y-seguridad-incorpora-la-app-hablalo-para-asistir-a-personas-que-tienen-discapacidad-en-su-comunicacion\\\/\"},\"wordCount\":852,\"commentCount\":0,\"publisher\":{\"@id\":\"https:\\\/\\\/vocesdelacomuna15.com.ar\\\/press\\\/#organization\"},\"image\":{\"@id\":\"https:\\\/\\\/vocesdelacomuna15.com.ar\\\/press\\\/el-min-de-justicia-y-seguridad-incorpora-la-app-hablalo-para-asistir-a-personas-que-tienen-discapacidad-en-su-comunicacion\\\/#primaryimage\"},\"thumbnailUrl\":\"https:\\\/\\\/vocesdelacomuna15.com.ar\\\/wp-content\\\/uploads\\\/2021\\\/10\\\/hablalo2110.png\",\"articleSection\":[\"Ciudad\"],\"inLanguage\":\"es-AR\",\"potentialAction\":[{\"@type\":\"CommentAction\",\"name\":\"Comment\",\"target\":[\"https:\\\/\\\/vocesdelacomuna15.com.ar\\\/press\\\/el-min-de-justicia-y-seguridad-incorpora-la-app-hablalo-para-asistir-a-personas-que-tienen-discapacidad-en-su-comunicacion\\\/#respond\"]}]},{\"@type\":\"WebPage\",\"@id\":\"https:\\\/\\\/vocesdelacomuna15.com.ar\\\/press\\\/el-min-de-justicia-y-seguridad-incorpora-la-app-hablalo-para-asistir-a-personas-que-tienen-discapacidad-en-su-comunicacion\\\/\",\"url\":\"https:\\\/\\\/vocesdelacomuna15.com.ar\\\/press\\\/el-min-de-justicia-y-seguridad-incorpora-la-app-hablalo-para-asistir-a-personas-que-tienen-discapacidad-en-su-comunicacion\\\/\",\"name\":\"El Min. de Justicia y Seguridad incorpora la app \\\"H\u00e1blalo\\\" para asistir a personas que tienen discapacidad en su comunicaci\u00f3n - Voces de la Comuna 15\",\"isPartOf\":{\"@id\":\"https:\\\/\\\/vocesdelacomuna15.com.ar\\\/press\\\/#website\"},\"primaryImageOfPage\":{\"@id\":\"https:\\\/\\\/vocesdelacomuna15.com.ar\\\/press\\\/el-min-de-justicia-y-seguridad-incorpora-la-app-hablalo-para-asistir-a-personas-que-tienen-discapacidad-en-su-comunicacion\\\/#primaryimage\"},\"image\":{\"@id\":\"https:\\\/\\\/vocesdelacomuna15.com.ar\\\/press\\\/el-min-de-justicia-y-seguridad-incorpora-la-app-hablalo-para-asistir-a-personas-que-tienen-discapacidad-en-su-comunicacion\\\/#primaryimage\"},\"thumbnailUrl\":\"https:\\\/\\\/vocesdelacomuna15.com.ar\\\/wp-content\\\/uploads\\\/2021\\\/10\\\/hablalo2110.png\",\"datePublished\":\"2021-10-25T03:17:23+00:00\",\"description\":\"Voces de la Comuna 15\",\"breadcrumb\":{\"@id\":\"https:\\\/\\\/vocesdelacomuna15.com.ar\\\/press\\\/el-min-de-justicia-y-seguridad-incorpora-la-app-hablalo-para-asistir-a-personas-que-tienen-discapacidad-en-su-comunicacion\\\/#breadcrumb\"},\"inLanguage\":\"es-AR\",\"potentialAction\":[{\"@type\":\"ReadAction\",\"target\":[\"https:\\\/\\\/vocesdelacomuna15.com.ar\\\/press\\\/el-min-de-justicia-y-seguridad-incorpora-la-app-hablalo-para-asistir-a-personas-que-tienen-discapacidad-en-su-comunicacion\\\/\"]}]},{\"@type\":\"ImageObject\",\"inLanguage\":\"es-AR\",\"@id\":\"https:\\\/\\\/vocesdelacomuna15.com.ar\\\/press\\\/el-min-de-justicia-y-seguridad-incorpora-la-app-hablalo-para-asistir-a-personas-que-tienen-discapacidad-en-su-comunicacion\\\/#primaryimage\",\"url\":\"https:\\\/\\\/vocesdelacomuna15.com.ar\\\/wp-content\\\/uploads\\\/2021\\\/10\\\/hablalo2110.png\",\"contentUrl\":\"https:\\\/\\\/vocesdelacomuna15.com.ar\\\/wp-content\\\/uploads\\\/2021\\\/10\\\/hablalo2110.png\",\"width\":891,\"height\":612},{\"@type\":\"BreadcrumbList\",\"@id\":\"https:\\\/\\\/vocesdelacomuna15.com.ar\\\/press\\\/el-min-de-justicia-y-seguridad-incorpora-la-app-hablalo-para-asistir-a-personas-que-tienen-discapacidad-en-su-comunicacion\\\/#breadcrumb\",\"itemListElement\":[{\"@type\":\"ListItem\",\"position\":1,\"name\":\"Inicio\",\"item\":\"https:\\\/\\\/vocesdelacomuna15.com.ar\\\/press\\\/\"},{\"@type\":\"ListItem\",\"position\":2,\"name\":\"El Min. de Justicia y Seguridad incorpora la app &#8220;H\u00e1blalo&#8221; para asistir a personas que tienen discapacidad en su comunicaci\u00f3n\"}]},{\"@type\":\"WebSite\",\"@id\":\"https:\\\/\\\/vocesdelacomuna15.com.ar\\\/press\\\/#website\",\"url\":\"https:\\\/\\\/vocesdelacomuna15.com.ar\\\/press\\\/\",\"name\":\"Voces de la Comuna 15\",\"description\":\"Sitio web de noticias\",\"publisher\":{\"@id\":\"https:\\\/\\\/vocesdelacomuna15.com.ar\\\/press\\\/#organization\"},\"potentialAction\":[{\"@type\":\"SearchAction\",\"target\":{\"@type\":\"EntryPoint\",\"urlTemplate\":\"https:\\\/\\\/vocesdelacomuna15.com.ar\\\/press\\\/?s={search_term_string}\"},\"query-input\":{\"@type\":\"PropertyValueSpecification\",\"valueRequired\":true,\"valueName\":\"search_term_string\"}}],\"inLanguage\":\"es-AR\"},{\"@type\":\"Organization\",\"@id\":\"https:\\\/\\\/vocesdelacomuna15.com.ar\\\/press\\\/#organization\",\"name\":\"Voces de la Comuna 15\",\"url\":\"https:\\\/\\\/vocesdelacomuna15.com.ar\\\/press\\\/\",\"logo\":{\"@type\":\"ImageObject\",\"inLanguage\":\"es-AR\",\"@id\":\"https:\\\/\\\/vocesdelacomuna15.com.ar\\\/press\\\/#\\\/schema\\\/logo\\\/image\\\/\",\"url\":\"https:\\\/\\\/vocesdelacomuna15.com.ar\\\/wp-content\\\/uploads\\\/2024\\\/12\\\/cropped-logo_voces.jpg\",\"contentUrl\":\"https:\\\/\\\/vocesdelacomuna15.com.ar\\\/wp-content\\\/uploads\\\/2024\\\/12\\\/cropped-logo_voces.jpg\",\"width\":512,\"height\":512,\"caption\":\"Voces de la Comuna 15\"},\"image\":{\"@id\":\"https:\\\/\\\/vocesdelacomuna15.com.ar\\\/press\\\/#\\\/schema\\\/logo\\\/image\\\/\"},\"sameAs\":[\"https:\\\/\\\/www.facebook.com\\\/VocesComuna15\\\/\",\"https:\\\/\\\/x.com\\\/vocescomuna15\"]},{\"@type\":\"Person\",\"@id\":\"https:\\\/\\\/vocesdelacomuna15.com.ar\\\/press\\\/#\\\/schema\\\/person\\\/4739e109db25d799cd3d139eeb509e43\",\"name\":\"Federico Arguto\",\"image\":{\"@type\":\"ImageObject\",\"inLanguage\":\"es-AR\",\"@id\":\"https:\\\/\\\/vocesdelacomuna15.com.ar\\\/wp-content\\\/litespeed\\\/avatar\\\/82faf979976f1bae889b8b71f8a0a7e5.jpg?ver=1777419741\",\"url\":\"https:\\\/\\\/vocesdelacomuna15.com.ar\\\/wp-content\\\/litespeed\\\/avatar\\\/82faf979976f1bae889b8b71f8a0a7e5.jpg?ver=1777419741\",\"contentUrl\":\"https:\\\/\\\/vocesdelacomuna15.com.ar\\\/wp-content\\\/litespeed\\\/avatar\\\/82faf979976f1bae889b8b71f8a0a7e5.jpg?ver=1777419741\",\"caption\":\"Federico Arguto\"},\"url\":\"https:\\\/\\\/vocesdelacomuna15.com.ar\\\/press\\\/author\\\/fede\\\/\"}]}<\/script>\n<!-- \/ Yoast SEO plugin. -->","yoast_head_json":{"title":"El Min. de Justicia y Seguridad incorpora la app \"H\u00e1blalo\" para asistir a personas que tienen discapacidad en su comunicaci\u00f3n - Voces de la Comuna 15","description":"Voces de la Comuna 15","robots":{"index":"index","follow":"follow","max-snippet":"max-snippet:-1","max-image-preview":"max-image-preview:large","max-video-preview":"max-video-preview:-1"},"canonical":"https:\/\/vocesdelacomuna15.com.ar\/press\/el-min-de-justicia-y-seguridad-incorpora-la-app-hablalo-para-asistir-a-personas-que-tienen-discapacidad-en-su-comunicacion\/","og_locale":"es_ES","og_type":"article","og_title":"El Min. de Justicia y Seguridad incorpora la app \"H\u00e1blalo\" para asistir a personas que tienen discapacidad en su comunicaci\u00f3n - Voces de la Comuna 15","og_description":"Voces de la Comuna 15","og_url":"https:\/\/vocesdelacomuna15.com.ar\/press\/el-min-de-justicia-y-seguridad-incorpora-la-app-hablalo-para-asistir-a-personas-que-tienen-discapacidad-en-su-comunicacion\/","og_site_name":"Voces de la Comuna 15","article_publisher":"https:\/\/www.facebook.com\/VocesComuna15\/","article_published_time":"2021-10-25T03:17:23+00:00","og_image":[{"width":891,"height":612,"url":"https:\/\/vocesdelacomuna15.com.ar\/wp-content\/uploads\/2021\/10\/hablalo2110.png","type":"image\/png"}],"author":"Federico Arguto","twitter_card":"summary_large_image","twitter_creator":"@vocescomuna15","twitter_site":"@vocescomuna15","twitter_misc":{"Escrito por":"Federico Arguto","Tiempo de lectura":"4 minutos"},"schema":{"@context":"https:\/\/schema.org","@graph":[{"@type":"Article","@id":"https:\/\/vocesdelacomuna15.com.ar\/press\/el-min-de-justicia-y-seguridad-incorpora-la-app-hablalo-para-asistir-a-personas-que-tienen-discapacidad-en-su-comunicacion\/#article","isPartOf":{"@id":"https:\/\/vocesdelacomuna15.com.ar\/press\/el-min-de-justicia-y-seguridad-incorpora-la-app-hablalo-para-asistir-a-personas-que-tienen-discapacidad-en-su-comunicacion\/"},"author":{"name":"Federico Arguto","@id":"https:\/\/vocesdelacomuna15.com.ar\/press\/#\/schema\/person\/4739e109db25d799cd3d139eeb509e43"},"headline":"El Min. de Justicia y Seguridad incorpora la app &#8220;H\u00e1blalo&#8221; para asistir a personas que tienen discapacidad en su comunicaci\u00f3n","datePublished":"2021-10-25T03:17:23+00:00","mainEntityOfPage":{"@id":"https:\/\/vocesdelacomuna15.com.ar\/press\/el-min-de-justicia-y-seguridad-incorpora-la-app-hablalo-para-asistir-a-personas-que-tienen-discapacidad-en-su-comunicacion\/"},"wordCount":852,"commentCount":0,"publisher":{"@id":"https:\/\/vocesdelacomuna15.com.ar\/press\/#organization"},"image":{"@id":"https:\/\/vocesdelacomuna15.com.ar\/press\/el-min-de-justicia-y-seguridad-incorpora-la-app-hablalo-para-asistir-a-personas-que-tienen-discapacidad-en-su-comunicacion\/#primaryimage"},"thumbnailUrl":"https:\/\/vocesdelacomuna15.com.ar\/wp-content\/uploads\/2021\/10\/hablalo2110.png","articleSection":["Ciudad"],"inLanguage":"es-AR","potentialAction":[{"@type":"CommentAction","name":"Comment","target":["https:\/\/vocesdelacomuna15.com.ar\/press\/el-min-de-justicia-y-seguridad-incorpora-la-app-hablalo-para-asistir-a-personas-que-tienen-discapacidad-en-su-comunicacion\/#respond"]}]},{"@type":"WebPage","@id":"https:\/\/vocesdelacomuna15.com.ar\/press\/el-min-de-justicia-y-seguridad-incorpora-la-app-hablalo-para-asistir-a-personas-que-tienen-discapacidad-en-su-comunicacion\/","url":"https:\/\/vocesdelacomuna15.com.ar\/press\/el-min-de-justicia-y-seguridad-incorpora-la-app-hablalo-para-asistir-a-personas-que-tienen-discapacidad-en-su-comunicacion\/","name":"El Min. de Justicia y Seguridad incorpora la app \"H\u00e1blalo\" para asistir a personas que tienen discapacidad en su comunicaci\u00f3n - Voces de la Comuna 15","isPartOf":{"@id":"https:\/\/vocesdelacomuna15.com.ar\/press\/#website"},"primaryImageOfPage":{"@id":"https:\/\/vocesdelacomuna15.com.ar\/press\/el-min-de-justicia-y-seguridad-incorpora-la-app-hablalo-para-asistir-a-personas-que-tienen-discapacidad-en-su-comunicacion\/#primaryimage"},"image":{"@id":"https:\/\/vocesdelacomuna15.com.ar\/press\/el-min-de-justicia-y-seguridad-incorpora-la-app-hablalo-para-asistir-a-personas-que-tienen-discapacidad-en-su-comunicacion\/#primaryimage"},"thumbnailUrl":"https:\/\/vocesdelacomuna15.com.ar\/wp-content\/uploads\/2021\/10\/hablalo2110.png","datePublished":"2021-10-25T03:17:23+00:00","description":"Voces de la Comuna 15","breadcrumb":{"@id":"https:\/\/vocesdelacomuna15.com.ar\/press\/el-min-de-justicia-y-seguridad-incorpora-la-app-hablalo-para-asistir-a-personas-que-tienen-discapacidad-en-su-comunicacion\/#breadcrumb"},"inLanguage":"es-AR","potentialAction":[{"@type":"ReadAction","target":["https:\/\/vocesdelacomuna15.com.ar\/press\/el-min-de-justicia-y-seguridad-incorpora-la-app-hablalo-para-asistir-a-personas-que-tienen-discapacidad-en-su-comunicacion\/"]}]},{"@type":"ImageObject","inLanguage":"es-AR","@id":"https:\/\/vocesdelacomuna15.com.ar\/press\/el-min-de-justicia-y-seguridad-incorpora-la-app-hablalo-para-asistir-a-personas-que-tienen-discapacidad-en-su-comunicacion\/#primaryimage","url":"https:\/\/vocesdelacomuna15.com.ar\/wp-content\/uploads\/2021\/10\/hablalo2110.png","contentUrl":"https:\/\/vocesdelacomuna15.com.ar\/wp-content\/uploads\/2021\/10\/hablalo2110.png","width":891,"height":612},{"@type":"BreadcrumbList","@id":"https:\/\/vocesdelacomuna15.com.ar\/press\/el-min-de-justicia-y-seguridad-incorpora-la-app-hablalo-para-asistir-a-personas-que-tienen-discapacidad-en-su-comunicacion\/#breadcrumb","itemListElement":[{"@type":"ListItem","position":1,"name":"Inicio","item":"https:\/\/vocesdelacomuna15.com.ar\/press\/"},{"@type":"ListItem","position":2,"name":"El Min. de Justicia y Seguridad incorpora la app &#8220;H\u00e1blalo&#8221; para asistir a personas que tienen discapacidad en su comunicaci\u00f3n"}]},{"@type":"WebSite","@id":"https:\/\/vocesdelacomuna15.com.ar\/press\/#website","url":"https:\/\/vocesdelacomuna15.com.ar\/press\/","name":"Voces de la Comuna 15","description":"Sitio web de noticias","publisher":{"@id":"https:\/\/vocesdelacomuna15.com.ar\/press\/#organization"},"potentialAction":[{"@type":"SearchAction","target":{"@type":"EntryPoint","urlTemplate":"https:\/\/vocesdelacomuna15.com.ar\/press\/?s={search_term_string}"},"query-input":{"@type":"PropertyValueSpecification","valueRequired":true,"valueName":"search_term_string"}}],"inLanguage":"es-AR"},{"@type":"Organization","@id":"https:\/\/vocesdelacomuna15.com.ar\/press\/#organization","name":"Voces de la Comuna 15","url":"https:\/\/vocesdelacomuna15.com.ar\/press\/","logo":{"@type":"ImageObject","inLanguage":"es-AR","@id":"https:\/\/vocesdelacomuna15.com.ar\/press\/#\/schema\/logo\/image\/","url":"https:\/\/vocesdelacomuna15.com.ar\/wp-content\/uploads\/2024\/12\/cropped-logo_voces.jpg","contentUrl":"https:\/\/vocesdelacomuna15.com.ar\/wp-content\/uploads\/2024\/12\/cropped-logo_voces.jpg","width":512,"height":512,"caption":"Voces de la Comuna 15"},"image":{"@id":"https:\/\/vocesdelacomuna15.com.ar\/press\/#\/schema\/logo\/image\/"},"sameAs":["https:\/\/www.facebook.com\/VocesComuna15\/","https:\/\/x.com\/vocescomuna15"]},{"@type":"Person","@id":"https:\/\/vocesdelacomuna15.com.ar\/press\/#\/schema\/person\/4739e109db25d799cd3d139eeb509e43","name":"Federico Arguto","image":{"@type":"ImageObject","inLanguage":"es-AR","@id":"https:\/\/vocesdelacomuna15.com.ar\/wp-content\/litespeed\/avatar\/82faf979976f1bae889b8b71f8a0a7e5.jpg?ver=1777419741","url":"https:\/\/vocesdelacomuna15.com.ar\/wp-content\/litespeed\/avatar\/82faf979976f1bae889b8b71f8a0a7e5.jpg?ver=1777419741","contentUrl":"https:\/\/vocesdelacomuna15.com.ar\/wp-content\/litespeed\/avatar\/82faf979976f1bae889b8b71f8a0a7e5.jpg?ver=1777419741","caption":"Federico Arguto"},"url":"https:\/\/vocesdelacomuna15.com.ar\/press\/author\/fede\/"}]}},"_links":{"self":[{"href":"https:\/\/vocesdelacomuna15.com.ar\/press\/wp-json\/wp\/v2\/posts\/54871","targetHints":{"allow":["GET"]}}],"collection":[{"href":"https:\/\/vocesdelacomuna15.com.ar\/press\/wp-json\/wp\/v2\/posts"}],"about":[{"href":"https:\/\/vocesdelacomuna15.com.ar\/press\/wp-json\/wp\/v2\/types\/post"}],"author":[{"embeddable":true,"href":"https:\/\/vocesdelacomuna15.com.ar\/press\/wp-json\/wp\/v2\/users\/2"}],"replies":[{"embeddable":true,"href":"https:\/\/vocesdelacomuna15.com.ar\/press\/wp-json\/wp\/v2\/comments?post=54871"}],"version-history":[{"count":2,"href":"https:\/\/vocesdelacomuna15.com.ar\/press\/wp-json\/wp\/v2\/posts\/54871\/revisions"}],"predecessor-version":[{"id":54876,"href":"https:\/\/vocesdelacomuna15.com.ar\/press\/wp-json\/wp\/v2\/posts\/54871\/revisions\/54876"}],"wp:featuredmedia":[{"embeddable":true,"href":"https:\/\/vocesdelacomuna15.com.ar\/press\/wp-json\/wp\/v2\/media\/54875"}],"wp:attachment":[{"href":"https:\/\/vocesdelacomuna15.com.ar\/press\/wp-json\/wp\/v2\/media?parent=54871"}],"wp:term":[{"taxonomy":"category","embeddable":true,"href":"https:\/\/vocesdelacomuna15.com.ar\/press\/wp-json\/wp\/v2\/categories?post=54871"},{"taxonomy":"post_tag","embeddable":true,"href":"https:\/\/vocesdelacomuna15.com.ar\/press\/wp-json\/wp\/v2\/tags?post=54871"}],"curies":[{"name":"wp","href":"https:\/\/api.w.org\/{rel}","templated":true}]}}