{"id":54854,"date":"2021-10-25T04:57:33","date_gmt":"2021-10-25T07:57:33","guid":{"rendered":"http:\/\/vocesdelacomuna15.com.ar\/wordpress\/?p=54854"},"modified":"2021-10-19T17:09:31","modified_gmt":"2021-10-19T20:09:31","slug":"alberto-impacto-melian-dirigio-un-entrenamiento-de-boxeo-en-el-club-villa-modelo","status":"publish","type":"post","link":"https:\/\/vocesdelacomuna15.com.ar\/press\/alberto-impacto-melian-dirigio-un-entrenamiento-de-boxeo-en-el-club-villa-modelo\/","title":{"rendered":"Alberto \u201cImpacto\u201d Meli\u00e1n dirigi\u00f3 un entrenamiento de boxeo en el Club Villa Modelo"},"content":{"rendered":"\n<p> El p\u00fagil nacido en C\u00f3rdoba y criado en La Paternal estuvo el s\u00e1bado 25 de septiembre&nbsp;en la instituci\u00f3n de Parque Chas, situada en Arismendi 2686. All\u00ed supervis\u00f3 un entrenamiento de boxeo junto al profesor del club. Fuente: Peri\u00f3dico Voces de la Comuna 15 <\/p>\n\n\n\n<p>El boxeador argentino de peso gallo Alberto \u201cImpacto\u201d Meli\u00e1n (31), quien particip\u00f3 dos veces en los Juegos Ol\u00edmpicos (Londres 2012 y R\u00edo de Janeiro 2016), habiendo sido tambi\u00e9n medalla de plata en los Juegos Sudamericanos de Medell\u00edn 2010 y campe\u00f3n argentino de la categor\u00eda \u201csupergallo\u201d en 2018, entre otros de sus logros; visit\u00f3 el s\u00e1bado 25 de septiembre por la ma\u00f1ana el Club Villa Modelo de Parque Chas, dirigiendo all\u00ed un entrenamiento de boxeo junto al profesor de la instituci\u00f3n.<\/p>\n\n\n\n<figure class=\"wp-block-image\"><img loading=\"lazy\" decoding=\"async\" width=\"1024\" height=\"768\" src=\"http:\/\/vocesdelacomuna15.com.ar\/wordpress\/wp-content\/uploads\/2021\/10\/MELIAN-1-1024x768.jpg\" alt=\"\" class=\"wp-image-54856\" srcset=\"https:\/\/vocesdelacomuna15.com.ar\/wp-content\/uploads\/2021\/10\/MELIAN-1-1024x768.jpg 1024w, https:\/\/vocesdelacomuna15.com.ar\/wp-content\/uploads\/2021\/10\/MELIAN-1-300x225.jpg 300w, https:\/\/vocesdelacomuna15.com.ar\/wp-content\/uploads\/2021\/10\/MELIAN-1-768x576.jpg 768w, https:\/\/vocesdelacomuna15.com.ar\/wp-content\/uploads\/2021\/10\/MELIAN-1-1080x810.jpg 1080w, https:\/\/vocesdelacomuna15.com.ar\/wp-content\/uploads\/2021\/10\/MELIAN-1-600x450.jpg 600w, https:\/\/vocesdelacomuna15.com.ar\/wp-content\/uploads\/2021\/10\/MELIAN-1.jpg 1600w\" sizes=\"(max-width: 1024px) 100vw, 1024px\" \/><figcaption>Alberto Meli\u00e1n en el entrenamiento de boxeo del club Villa Modelo<\/figcaption><\/figure>\n\n\n\n<p>\u201cVoces de la Comuna 15\u201d se\nacerc\u00f3 al club, situado en Arismendi 2686 y le hizo una breve entrevista en\nmedio del entrenamiento. Aprovechamos la ocasi\u00f3n para agradecer tanto a los\ndirectivos de Villa Modelo como al mismo Meli\u00e1n por el reportaje brindado en el\ncomedor del club.<\/p>\n\n\n\n<p>\u201cRecib\u00ed la invitaci\u00f3n de\nGerm\u00e1n Palladino \u2013ex comunero de la Comuna 15 por el Frente de Todos y ahora\ndirigente de Villa Modelo- y me dijo para venir, charlar ac\u00e1 con los chicos,\npresenciar una clase y acompa\u00f1ar al profe de boxeo y s\u00ed, yo encantado. Me\ncontaron la historia del club, yo hab\u00eda preguntado al respecto para saber de qu\u00e9\nse trataba y Germ\u00e1n me cont\u00f3 que sus familiares lo hab\u00edan fundado. Eso me llam\u00f3\nmucho la atenci\u00f3n as\u00ed que arreglamos para venir este s\u00e1bado. Y ac\u00e1 estoy, muy\ncontento, las instalaciones son muy lindas ac\u00e1 en el Club Villa Modelo de\nParque Chas y agradecido con la gente, con Liliana que me recibi\u00f3, que es la\npresidenta del club. Me contaron que el club en un momento estaba a la deriva,\nque lo hab\u00eda agarrado gente que no era de bien y ellos lo levantaron. Hoy se ve\nac\u00e1 gente de todas las edades, varones, mujeres. Me comentaron que quieren\norganizar exhibiciones de boxeo, me pareci\u00f3 muy buena idea y estoy encantado de\nvenir y de ayudar. La gente me recibi\u00f3 muy bien\u201d.<\/p>\n\n\n\n<p>Continuando con la charla,\n\u201cImpacto\u201d nos agreg\u00f3 sobre su actualidad box\u00edstica: \u201cAhora estoy esperando que\nme confirmen una fecha para boxear. Hace poco terminamos de trabajar con el\npromotor con el que estaba trabajando y hoy en d\u00eda esperando propuestas. Tanto\nde peleas nacionales como internacionales, pero tranquilo y analizando cual es\nla mejor propuesta.&nbsp; A m\u00ed me gusta pelear en Argentina m\u00e1s que nada por el\ntema del p\u00fablico, yo hice tres peleas desde que se habilitaron despu\u00e9s de que\narranc\u00f3 la pandemia, que fueron sin p\u00fablico. Ahora se est\u00e1 levantando eso, va a\npoder volver el p\u00fablico y realmente me interesa. La pandemia nos afect\u00f3 a\ntodos, estuve parado entre 10 y 11 meses, pero bueno, yo soy de salir a correr\ny en un momento ni siquiera se pod\u00eda eso. A veces sub\u00eda y bajaba las escaleras\nen casa. Hoy en d\u00eda es diferente y estoy activo con el boxeo ac\u00e1 en la\nArgentina\u201d.<\/p>\n\n\n\n<p>Con entusiasmo, Meli\u00e1n, nacido en Villa Dolores (C\u00f3rdoba) pero criado en La Paternal e hincha fan\u00e1tico de Argentinos Juniors, nos coment\u00f3: \u201cSiempre que recibo invitaciones de pibes del barrio trato de estar y venir, poder charlar, como pas\u00f3 con la historia del club que me contaron que me result\u00f3 muy interesante. Ellos tambi\u00e9n conocen m\u00e1s de m\u00ed, les cont\u00e9 an\u00e9cdotas de cuando estuve en Estados Unidos. o en los Juegos Ol\u00edmpicos.<\/p>\n\n\n\n<figure class=\"wp-block-image\"><img loading=\"lazy\" decoding=\"async\" width=\"1024\" height=\"768\" src=\"http:\/\/vocesdelacomuna15.com.ar\/wordpress\/wp-content\/uploads\/2021\/10\/MELIAN-3-1024x768.jpg\" alt=\"\" class=\"wp-image-54857\" srcset=\"https:\/\/vocesdelacomuna15.com.ar\/wp-content\/uploads\/2021\/10\/MELIAN-3-1024x768.jpg 1024w, https:\/\/vocesdelacomuna15.com.ar\/wp-content\/uploads\/2021\/10\/MELIAN-3-300x225.jpg 300w, https:\/\/vocesdelacomuna15.com.ar\/wp-content\/uploads\/2021\/10\/MELIAN-3-768x576.jpg 768w, https:\/\/vocesdelacomuna15.com.ar\/wp-content\/uploads\/2021\/10\/MELIAN-3-1080x810.jpg 1080w, https:\/\/vocesdelacomuna15.com.ar\/wp-content\/uploads\/2021\/10\/MELIAN-3-600x450.jpg 600w, https:\/\/vocesdelacomuna15.com.ar\/wp-content\/uploads\/2021\/10\/MELIAN-3.jpg 1600w\" sizes=\"(max-width: 1024px) 100vw, 1024px\" \/><figcaption>&#8220;Impacto&#8221; dio una entrevista exclusiva a &#8220;Voces de la Comuna 15&#8221; en el Club Villa Modelo<\/figcaption><\/figure>\n\n\n\n<p>Finalmente Alberto nos cont\u00f3 c\u00f3mo lo contactaron para visitar el club y sus impresiones sobre el entrenamiento de boxeo: \u201cGerm\u00e1n se contact\u00f3 conmigo hace tres semanas, charlamos y le dije que si no llegaba a estar afuera o en alguna provincia me sumaba encantado. Est\u00e1 bueno compartir el conocimiento de uno con la gente que practica boxeo, tambi\u00e9n con el profe, intercambiamos charlas de c\u00f3mo se tira un golpe, su estilo para ense\u00f1ar, de c\u00f3mo lo ense\u00f1a \u00e9l, como lo ense\u00f1a otro. En estos momentos estoy entrenando en el Club Boch\u00edn de Liniers, estamos esperando fecha para combate y estoy muy agradecido de estar ac\u00e1, con toda la gente y compartiendo este momento, an\u00e9cdotas, eso es lo lindo. Cuando me present\u00f3 el profe me aplaudieron y robarle un aplauso a la gente a uno lo llena y lo motiva\u201d. <\/p>\n\n\n\n<p>Caracteres: 3.881 <\/p>\n<div class=\"pvc_clear\"><\/div><p id=\"pvc_stats_54854\" class=\"pvc_stats all  \" data-element-id=\"54854\" style=\"\"><i class=\"pvc-stats-icon small\" aria-hidden=\"true\"><svg aria-hidden=\"true\" focusable=\"false\" data-prefix=\"far\" data-icon=\"chart-bar\" role=\"img\" xmlns=\"http:\/\/www.w3.org\/2000\/svg\" viewBox=\"0 0 512 512\" class=\"svg-inline--fa fa-chart-bar fa-w-16 fa-2x\"><path fill=\"currentColor\" d=\"M396.8 352h22.4c6.4 0 12.8-6.4 12.8-12.8V108.8c0-6.4-6.4-12.8-12.8-12.8h-22.4c-6.4 0-12.8 6.4-12.8 12.8v230.4c0 6.4 6.4 12.8 12.8 12.8zm-192 0h22.4c6.4 0 12.8-6.4 12.8-12.8V140.8c0-6.4-6.4-12.8-12.8-12.8h-22.4c-6.4 0-12.8 6.4-12.8 12.8v198.4c0 6.4 6.4 12.8 12.8 12.8zm96 0h22.4c6.4 0 12.8-6.4 12.8-12.8V204.8c0-6.4-6.4-12.8-12.8-12.8h-22.4c-6.4 0-12.8 6.4-12.8 12.8v134.4c0 6.4 6.4 12.8 12.8 12.8zM496 400H48V80c0-8.84-7.16-16-16-16H16C7.16 64 0 71.16 0 80v336c0 17.67 14.33 32 32 32h464c8.84 0 16-7.16 16-16v-16c0-8.84-7.16-16-16-16zm-387.2-48h22.4c6.4 0 12.8-6.4 12.8-12.8v-70.4c0-6.4-6.4-12.8-12.8-12.8h-22.4c-6.4 0-12.8 6.4-12.8 12.8v70.4c0 6.4 6.4 12.8 12.8 12.8z\" class=\"\"><\/path><\/svg><\/i> <img loading=\"lazy\" decoding=\"async\" width=\"16\" height=\"16\" alt=\"Loading\" src=\"https:\/\/vocesdelacomuna15.com.ar\/wp-content\/plugins\/page-views-count\/ajax-loader-2x.gif\" border=0 \/><\/p><div class=\"pvc_clear\"><\/div>","protected":false},"excerpt":{"rendered":"<p>El p\u00fagil nacido en C\u00f3rdoba y criado en La Paternal estuvo el s\u00e1bado 25 de septiembre&nbsp;en la instituci\u00f3n de Parque Chas, situada en Arismendi 2686. All\u00ed supervis\u00f3 un entrenamiento de boxeo junto al profesor del club. Fuente: Peri\u00f3dico Voces de la Comuna 15 El boxeador argentino de peso gallo Alberto \u201cImpacto\u201d Meli\u00e1n (31), quien particip\u00f3 [&hellip;]<\/p>\n<div class=\"pvc_clear\"><\/div>\n<p id=\"pvc_stats_54854\" class=\"pvc_stats all  \" data-element-id=\"54854\" style=\"\"><i class=\"pvc-stats-icon small\" aria-hidden=\"true\"><svg aria-hidden=\"true\" focusable=\"false\" data-prefix=\"far\" data-icon=\"chart-bar\" role=\"img\" xmlns=\"http:\/\/www.w3.org\/2000\/svg\" viewBox=\"0 0 512 512\" class=\"svg-inline--fa fa-chart-bar fa-w-16 fa-2x\"><path fill=\"currentColor\" d=\"M396.8 352h22.4c6.4 0 12.8-6.4 12.8-12.8V108.8c0-6.4-6.4-12.8-12.8-12.8h-22.4c-6.4 0-12.8 6.4-12.8 12.8v230.4c0 6.4 6.4 12.8 12.8 12.8zm-192 0h22.4c6.4 0 12.8-6.4 12.8-12.8V140.8c0-6.4-6.4-12.8-12.8-12.8h-22.4c-6.4 0-12.8 6.4-12.8 12.8v198.4c0 6.4 6.4 12.8 12.8 12.8zm96 0h22.4c6.4 0 12.8-6.4 12.8-12.8V204.8c0-6.4-6.4-12.8-12.8-12.8h-22.4c-6.4 0-12.8 6.4-12.8 12.8v134.4c0 6.4 6.4 12.8 12.8 12.8zM496 400H48V80c0-8.84-7.16-16-16-16H16C7.16 64 0 71.16 0 80v336c0 17.67 14.33 32 32 32h464c8.84 0 16-7.16 16-16v-16c0-8.84-7.16-16-16-16zm-387.2-48h22.4c6.4 0 12.8-6.4 12.8-12.8v-70.4c0-6.4-6.4-12.8-12.8-12.8h-22.4c-6.4 0-12.8 6.4-12.8 12.8v70.4c0 6.4 6.4 12.8 12.8 12.8z\" class=\"\"><\/path><\/svg><\/i> <img loading=\"lazy\" decoding=\"async\" width=\"16\" height=\"16\" alt=\"Loading\" src=\"https:\/\/vocesdelacomuna15.com.ar\/wp-content\/plugins\/page-views-count\/ajax-loader-2x.gif\" border=0 \/><\/p>\n<div class=\"pvc_clear\"><\/div>\n","protected":false},"author":2,"featured_media":54859,"comment_status":"open","ping_status":"open","sticky":false,"template":"","format":"standard","meta":{"_et_pb_use_builder":"off","_et_pb_old_content":"","_et_gb_content_width":"","footnotes":""},"categories":[27,29,30],"tags":[],"class_list":["post-54854","post","type-post","status-publish","format-standard","has-post-thumbnail","hentry","category-deportes","category-lapa","category-pchas","et-has-post-format-content","et_post_format-et-post-format-standard"],"a3_pvc":{"activated":true,"total_views":206,"today_views":0},"yoast_head":"<!-- This site is optimized with the Yoast SEO plugin v27.5 - https:\/\/yoast.com\/product\/yoast-seo-wordpress\/ -->\n<title>Alberto \u201cImpacto\u201d Meli\u00e1n dirigi\u00f3 un entrenamiento de boxeo en el Club Villa Modelo - Voces de la Comuna 15<\/title>\n<meta name=\"description\" content=\"Voces de la Comuna 15\" \/>\n<meta name=\"robots\" content=\"index, follow, max-snippet:-1, max-image-preview:large, max-video-preview:-1\" \/>\n<link rel=\"canonical\" href=\"https:\/\/vocesdelacomuna15.com.ar\/press\/alberto-impacto-melian-dirigio-un-entrenamiento-de-boxeo-en-el-club-villa-modelo\/\" \/>\n<meta property=\"og:locale\" content=\"es_ES\" \/>\n<meta property=\"og:type\" content=\"article\" \/>\n<meta property=\"og:title\" content=\"Alberto \u201cImpacto\u201d Meli\u00e1n dirigi\u00f3 un entrenamiento de boxeo en el Club Villa Modelo - Voces de la Comuna 15\" \/>\n<meta property=\"og:description\" content=\"Voces de la Comuna 15\" \/>\n<meta property=\"og:url\" content=\"https:\/\/vocesdelacomuna15.com.ar\/press\/alberto-impacto-melian-dirigio-un-entrenamiento-de-boxeo-en-el-club-villa-modelo\/\" \/>\n<meta property=\"og:site_name\" content=\"Voces de la Comuna 15\" \/>\n<meta property=\"article:publisher\" content=\"https:\/\/www.facebook.com\/VocesComuna15\/\" \/>\n<meta property=\"article:published_time\" content=\"2021-10-25T07:57:33+00:00\" \/>\n<meta property=\"og:image\" content=\"https:\/\/vocesdelacomuna15.com.ar\/wp-content\/uploads\/2021\/10\/impacto1910.png\" \/>\n\t<meta property=\"og:image:width\" content=\"378\" \/>\n\t<meta property=\"og:image:height\" content=\"578\" \/>\n\t<meta property=\"og:image:type\" content=\"image\/png\" \/>\n<meta name=\"author\" content=\"Federico Arguto\" \/>\n<meta name=\"twitter:card\" content=\"summary_large_image\" \/>\n<meta name=\"twitter:creator\" content=\"@vocescomuna15\" \/>\n<meta name=\"twitter:site\" content=\"@vocescomuna15\" \/>\n<meta name=\"twitter:label1\" content=\"Escrito por\" \/>\n\t<meta name=\"twitter:data1\" content=\"Federico Arguto\" \/>\n\t<meta name=\"twitter:label2\" content=\"Tiempo de lectura\" \/>\n\t<meta name=\"twitter:data2\" content=\"4 minutos\" \/>\n<script type=\"application\/ld+json\" class=\"yoast-schema-graph\">{\"@context\":\"https:\\\/\\\/schema.org\",\"@graph\":[{\"@type\":\"Article\",\"@id\":\"https:\\\/\\\/vocesdelacomuna15.com.ar\\\/press\\\/alberto-impacto-melian-dirigio-un-entrenamiento-de-boxeo-en-el-club-villa-modelo\\\/#article\",\"isPartOf\":{\"@id\":\"https:\\\/\\\/vocesdelacomuna15.com.ar\\\/press\\\/alberto-impacto-melian-dirigio-un-entrenamiento-de-boxeo-en-el-club-villa-modelo\\\/\"},\"author\":{\"name\":\"Federico Arguto\",\"@id\":\"https:\\\/\\\/vocesdelacomuna15.com.ar\\\/press\\\/#\\\/schema\\\/person\\\/4739e109db25d799cd3d139eeb509e43\"},\"headline\":\"Alberto \u201cImpacto\u201d Meli\u00e1n dirigi\u00f3 un entrenamiento de boxeo en el Club Villa Modelo\",\"datePublished\":\"2021-10-25T07:57:33+00:00\",\"mainEntityOfPage\":{\"@id\":\"https:\\\/\\\/vocesdelacomuna15.com.ar\\\/press\\\/alberto-impacto-melian-dirigio-un-entrenamiento-de-boxeo-en-el-club-villa-modelo\\\/\"},\"wordCount\":807,\"commentCount\":0,\"publisher\":{\"@id\":\"https:\\\/\\\/vocesdelacomuna15.com.ar\\\/press\\\/#organization\"},\"image\":{\"@id\":\"https:\\\/\\\/vocesdelacomuna15.com.ar\\\/press\\\/alberto-impacto-melian-dirigio-un-entrenamiento-de-boxeo-en-el-club-villa-modelo\\\/#primaryimage\"},\"thumbnailUrl\":\"https:\\\/\\\/vocesdelacomuna15.com.ar\\\/wp-content\\\/uploads\\\/2021\\\/10\\\/impacto1910.png\",\"articleSection\":[\"Deportes\",\"La Paternal\",\"Parque chas\"],\"inLanguage\":\"es-AR\",\"potentialAction\":[{\"@type\":\"CommentAction\",\"name\":\"Comment\",\"target\":[\"https:\\\/\\\/vocesdelacomuna15.com.ar\\\/press\\\/alberto-impacto-melian-dirigio-un-entrenamiento-de-boxeo-en-el-club-villa-modelo\\\/#respond\"]}]},{\"@type\":\"WebPage\",\"@id\":\"https:\\\/\\\/vocesdelacomuna15.com.ar\\\/press\\\/alberto-impacto-melian-dirigio-un-entrenamiento-de-boxeo-en-el-club-villa-modelo\\\/\",\"url\":\"https:\\\/\\\/vocesdelacomuna15.com.ar\\\/press\\\/alberto-impacto-melian-dirigio-un-entrenamiento-de-boxeo-en-el-club-villa-modelo\\\/\",\"name\":\"Alberto \u201cImpacto\u201d Meli\u00e1n dirigi\u00f3 un entrenamiento de boxeo en el Club Villa Modelo - Voces de la Comuna 15\",\"isPartOf\":{\"@id\":\"https:\\\/\\\/vocesdelacomuna15.com.ar\\\/press\\\/#website\"},\"primaryImageOfPage\":{\"@id\":\"https:\\\/\\\/vocesdelacomuna15.com.ar\\\/press\\\/alberto-impacto-melian-dirigio-un-entrenamiento-de-boxeo-en-el-club-villa-modelo\\\/#primaryimage\"},\"image\":{\"@id\":\"https:\\\/\\\/vocesdelacomuna15.com.ar\\\/press\\\/alberto-impacto-melian-dirigio-un-entrenamiento-de-boxeo-en-el-club-villa-modelo\\\/#primaryimage\"},\"thumbnailUrl\":\"https:\\\/\\\/vocesdelacomuna15.com.ar\\\/wp-content\\\/uploads\\\/2021\\\/10\\\/impacto1910.png\",\"datePublished\":\"2021-10-25T07:57:33+00:00\",\"description\":\"Voces de la Comuna 15\",\"breadcrumb\":{\"@id\":\"https:\\\/\\\/vocesdelacomuna15.com.ar\\\/press\\\/alberto-impacto-melian-dirigio-un-entrenamiento-de-boxeo-en-el-club-villa-modelo\\\/#breadcrumb\"},\"inLanguage\":\"es-AR\",\"potentialAction\":[{\"@type\":\"ReadAction\",\"target\":[\"https:\\\/\\\/vocesdelacomuna15.com.ar\\\/press\\\/alberto-impacto-melian-dirigio-un-entrenamiento-de-boxeo-en-el-club-villa-modelo\\\/\"]}]},{\"@type\":\"ImageObject\",\"inLanguage\":\"es-AR\",\"@id\":\"https:\\\/\\\/vocesdelacomuna15.com.ar\\\/press\\\/alberto-impacto-melian-dirigio-un-entrenamiento-de-boxeo-en-el-club-villa-modelo\\\/#primaryimage\",\"url\":\"https:\\\/\\\/vocesdelacomuna15.com.ar\\\/wp-content\\\/uploads\\\/2021\\\/10\\\/impacto1910.png\",\"contentUrl\":\"https:\\\/\\\/vocesdelacomuna15.com.ar\\\/wp-content\\\/uploads\\\/2021\\\/10\\\/impacto1910.png\",\"width\":378,\"height\":578},{\"@type\":\"BreadcrumbList\",\"@id\":\"https:\\\/\\\/vocesdelacomuna15.com.ar\\\/press\\\/alberto-impacto-melian-dirigio-un-entrenamiento-de-boxeo-en-el-club-villa-modelo\\\/#breadcrumb\",\"itemListElement\":[{\"@type\":\"ListItem\",\"position\":1,\"name\":\"Inicio\",\"item\":\"https:\\\/\\\/vocesdelacomuna15.com.ar\\\/press\\\/\"},{\"@type\":\"ListItem\",\"position\":2,\"name\":\"Alberto \u201cImpacto\u201d Meli\u00e1n dirigi\u00f3 un entrenamiento de boxeo en el Club Villa Modelo\"}]},{\"@type\":\"WebSite\",\"@id\":\"https:\\\/\\\/vocesdelacomuna15.com.ar\\\/press\\\/#website\",\"url\":\"https:\\\/\\\/vocesdelacomuna15.com.ar\\\/press\\\/\",\"name\":\"Voces de la Comuna 15\",\"description\":\"Sitio web de noticias\",\"publisher\":{\"@id\":\"https:\\\/\\\/vocesdelacomuna15.com.ar\\\/press\\\/#organization\"},\"potentialAction\":[{\"@type\":\"SearchAction\",\"target\":{\"@type\":\"EntryPoint\",\"urlTemplate\":\"https:\\\/\\\/vocesdelacomuna15.com.ar\\\/press\\\/?s={search_term_string}\"},\"query-input\":{\"@type\":\"PropertyValueSpecification\",\"valueRequired\":true,\"valueName\":\"search_term_string\"}}],\"inLanguage\":\"es-AR\"},{\"@type\":\"Organization\",\"@id\":\"https:\\\/\\\/vocesdelacomuna15.com.ar\\\/press\\\/#organization\",\"name\":\"Voces de la Comuna 15\",\"url\":\"https:\\\/\\\/vocesdelacomuna15.com.ar\\\/press\\\/\",\"logo\":{\"@type\":\"ImageObject\",\"inLanguage\":\"es-AR\",\"@id\":\"https:\\\/\\\/vocesdelacomuna15.com.ar\\\/press\\\/#\\\/schema\\\/logo\\\/image\\\/\",\"url\":\"https:\\\/\\\/vocesdelacomuna15.com.ar\\\/wp-content\\\/uploads\\\/2024\\\/12\\\/cropped-logo_voces.jpg\",\"contentUrl\":\"https:\\\/\\\/vocesdelacomuna15.com.ar\\\/wp-content\\\/uploads\\\/2024\\\/12\\\/cropped-logo_voces.jpg\",\"width\":512,\"height\":512,\"caption\":\"Voces de la Comuna 15\"},\"image\":{\"@id\":\"https:\\\/\\\/vocesdelacomuna15.com.ar\\\/press\\\/#\\\/schema\\\/logo\\\/image\\\/\"},\"sameAs\":[\"https:\\\/\\\/www.facebook.com\\\/VocesComuna15\\\/\",\"https:\\\/\\\/x.com\\\/vocescomuna15\"]},{\"@type\":\"Person\",\"@id\":\"https:\\\/\\\/vocesdelacomuna15.com.ar\\\/press\\\/#\\\/schema\\\/person\\\/4739e109db25d799cd3d139eeb509e43\",\"name\":\"Federico Arguto\",\"image\":{\"@type\":\"ImageObject\",\"inLanguage\":\"es-AR\",\"@id\":\"https:\\\/\\\/vocesdelacomuna15.com.ar\\\/wp-content\\\/litespeed\\\/avatar\\\/82faf979976f1bae889b8b71f8a0a7e5.jpg?ver=1777419741\",\"url\":\"https:\\\/\\\/vocesdelacomuna15.com.ar\\\/wp-content\\\/litespeed\\\/avatar\\\/82faf979976f1bae889b8b71f8a0a7e5.jpg?ver=1777419741\",\"contentUrl\":\"https:\\\/\\\/vocesdelacomuna15.com.ar\\\/wp-content\\\/litespeed\\\/avatar\\\/82faf979976f1bae889b8b71f8a0a7e5.jpg?ver=1777419741\",\"caption\":\"Federico Arguto\"},\"url\":\"https:\\\/\\\/vocesdelacomuna15.com.ar\\\/press\\\/author\\\/fede\\\/\"}]}<\/script>\n<!-- \/ Yoast SEO plugin. -->","yoast_head_json":{"title":"Alberto \u201cImpacto\u201d Meli\u00e1n dirigi\u00f3 un entrenamiento de boxeo en el Club Villa Modelo - Voces de la Comuna 15","description":"Voces de la Comuna 15","robots":{"index":"index","follow":"follow","max-snippet":"max-snippet:-1","max-image-preview":"max-image-preview:large","max-video-preview":"max-video-preview:-1"},"canonical":"https:\/\/vocesdelacomuna15.com.ar\/press\/alberto-impacto-melian-dirigio-un-entrenamiento-de-boxeo-en-el-club-villa-modelo\/","og_locale":"es_ES","og_type":"article","og_title":"Alberto \u201cImpacto\u201d Meli\u00e1n dirigi\u00f3 un entrenamiento de boxeo en el Club Villa Modelo - Voces de la Comuna 15","og_description":"Voces de la Comuna 15","og_url":"https:\/\/vocesdelacomuna15.com.ar\/press\/alberto-impacto-melian-dirigio-un-entrenamiento-de-boxeo-en-el-club-villa-modelo\/","og_site_name":"Voces de la Comuna 15","article_publisher":"https:\/\/www.facebook.com\/VocesComuna15\/","article_published_time":"2021-10-25T07:57:33+00:00","og_image":[{"width":378,"height":578,"url":"https:\/\/vocesdelacomuna15.com.ar\/wp-content\/uploads\/2021\/10\/impacto1910.png","type":"image\/png"}],"author":"Federico Arguto","twitter_card":"summary_large_image","twitter_creator":"@vocescomuna15","twitter_site":"@vocescomuna15","twitter_misc":{"Escrito por":"Federico Arguto","Tiempo de lectura":"4 minutos"},"schema":{"@context":"https:\/\/schema.org","@graph":[{"@type":"Article","@id":"https:\/\/vocesdelacomuna15.com.ar\/press\/alberto-impacto-melian-dirigio-un-entrenamiento-de-boxeo-en-el-club-villa-modelo\/#article","isPartOf":{"@id":"https:\/\/vocesdelacomuna15.com.ar\/press\/alberto-impacto-melian-dirigio-un-entrenamiento-de-boxeo-en-el-club-villa-modelo\/"},"author":{"name":"Federico Arguto","@id":"https:\/\/vocesdelacomuna15.com.ar\/press\/#\/schema\/person\/4739e109db25d799cd3d139eeb509e43"},"headline":"Alberto \u201cImpacto\u201d Meli\u00e1n dirigi\u00f3 un entrenamiento de boxeo en el Club Villa Modelo","datePublished":"2021-10-25T07:57:33+00:00","mainEntityOfPage":{"@id":"https:\/\/vocesdelacomuna15.com.ar\/press\/alberto-impacto-melian-dirigio-un-entrenamiento-de-boxeo-en-el-club-villa-modelo\/"},"wordCount":807,"commentCount":0,"publisher":{"@id":"https:\/\/vocesdelacomuna15.com.ar\/press\/#organization"},"image":{"@id":"https:\/\/vocesdelacomuna15.com.ar\/press\/alberto-impacto-melian-dirigio-un-entrenamiento-de-boxeo-en-el-club-villa-modelo\/#primaryimage"},"thumbnailUrl":"https:\/\/vocesdelacomuna15.com.ar\/wp-content\/uploads\/2021\/10\/impacto1910.png","articleSection":["Deportes","La Paternal","Parque chas"],"inLanguage":"es-AR","potentialAction":[{"@type":"CommentAction","name":"Comment","target":["https:\/\/vocesdelacomuna15.com.ar\/press\/alberto-impacto-melian-dirigio-un-entrenamiento-de-boxeo-en-el-club-villa-modelo\/#respond"]}]},{"@type":"WebPage","@id":"https:\/\/vocesdelacomuna15.com.ar\/press\/alberto-impacto-melian-dirigio-un-entrenamiento-de-boxeo-en-el-club-villa-modelo\/","url":"https:\/\/vocesdelacomuna15.com.ar\/press\/alberto-impacto-melian-dirigio-un-entrenamiento-de-boxeo-en-el-club-villa-modelo\/","name":"Alberto \u201cImpacto\u201d Meli\u00e1n dirigi\u00f3 un entrenamiento de boxeo en el Club Villa Modelo - Voces de la Comuna 15","isPartOf":{"@id":"https:\/\/vocesdelacomuna15.com.ar\/press\/#website"},"primaryImageOfPage":{"@id":"https:\/\/vocesdelacomuna15.com.ar\/press\/alberto-impacto-melian-dirigio-un-entrenamiento-de-boxeo-en-el-club-villa-modelo\/#primaryimage"},"image":{"@id":"https:\/\/vocesdelacomuna15.com.ar\/press\/alberto-impacto-melian-dirigio-un-entrenamiento-de-boxeo-en-el-club-villa-modelo\/#primaryimage"},"thumbnailUrl":"https:\/\/vocesdelacomuna15.com.ar\/wp-content\/uploads\/2021\/10\/impacto1910.png","datePublished":"2021-10-25T07:57:33+00:00","description":"Voces de la Comuna 15","breadcrumb":{"@id":"https:\/\/vocesdelacomuna15.com.ar\/press\/alberto-impacto-melian-dirigio-un-entrenamiento-de-boxeo-en-el-club-villa-modelo\/#breadcrumb"},"inLanguage":"es-AR","potentialAction":[{"@type":"ReadAction","target":["https:\/\/vocesdelacomuna15.com.ar\/press\/alberto-impacto-melian-dirigio-un-entrenamiento-de-boxeo-en-el-club-villa-modelo\/"]}]},{"@type":"ImageObject","inLanguage":"es-AR","@id":"https:\/\/vocesdelacomuna15.com.ar\/press\/alberto-impacto-melian-dirigio-un-entrenamiento-de-boxeo-en-el-club-villa-modelo\/#primaryimage","url":"https:\/\/vocesdelacomuna15.com.ar\/wp-content\/uploads\/2021\/10\/impacto1910.png","contentUrl":"https:\/\/vocesdelacomuna15.com.ar\/wp-content\/uploads\/2021\/10\/impacto1910.png","width":378,"height":578},{"@type":"BreadcrumbList","@id":"https:\/\/vocesdelacomuna15.com.ar\/press\/alberto-impacto-melian-dirigio-un-entrenamiento-de-boxeo-en-el-club-villa-modelo\/#breadcrumb","itemListElement":[{"@type":"ListItem","position":1,"name":"Inicio","item":"https:\/\/vocesdelacomuna15.com.ar\/press\/"},{"@type":"ListItem","position":2,"name":"Alberto \u201cImpacto\u201d Meli\u00e1n dirigi\u00f3 un entrenamiento de boxeo en el Club Villa Modelo"}]},{"@type":"WebSite","@id":"https:\/\/vocesdelacomuna15.com.ar\/press\/#website","url":"https:\/\/vocesdelacomuna15.com.ar\/press\/","name":"Voces de la Comuna 15","description":"Sitio web de noticias","publisher":{"@id":"https:\/\/vocesdelacomuna15.com.ar\/press\/#organization"},"potentialAction":[{"@type":"SearchAction","target":{"@type":"EntryPoint","urlTemplate":"https:\/\/vocesdelacomuna15.com.ar\/press\/?s={search_term_string}"},"query-input":{"@type":"PropertyValueSpecification","valueRequired":true,"valueName":"search_term_string"}}],"inLanguage":"es-AR"},{"@type":"Organization","@id":"https:\/\/vocesdelacomuna15.com.ar\/press\/#organization","name":"Voces de la Comuna 15","url":"https:\/\/vocesdelacomuna15.com.ar\/press\/","logo":{"@type":"ImageObject","inLanguage":"es-AR","@id":"https:\/\/vocesdelacomuna15.com.ar\/press\/#\/schema\/logo\/image\/","url":"https:\/\/vocesdelacomuna15.com.ar\/wp-content\/uploads\/2024\/12\/cropped-logo_voces.jpg","contentUrl":"https:\/\/vocesdelacomuna15.com.ar\/wp-content\/uploads\/2024\/12\/cropped-logo_voces.jpg","width":512,"height":512,"caption":"Voces de la Comuna 15"},"image":{"@id":"https:\/\/vocesdelacomuna15.com.ar\/press\/#\/schema\/logo\/image\/"},"sameAs":["https:\/\/www.facebook.com\/VocesComuna15\/","https:\/\/x.com\/vocescomuna15"]},{"@type":"Person","@id":"https:\/\/vocesdelacomuna15.com.ar\/press\/#\/schema\/person\/4739e109db25d799cd3d139eeb509e43","name":"Federico Arguto","image":{"@type":"ImageObject","inLanguage":"es-AR","@id":"https:\/\/vocesdelacomuna15.com.ar\/wp-content\/litespeed\/avatar\/82faf979976f1bae889b8b71f8a0a7e5.jpg?ver=1777419741","url":"https:\/\/vocesdelacomuna15.com.ar\/wp-content\/litespeed\/avatar\/82faf979976f1bae889b8b71f8a0a7e5.jpg?ver=1777419741","contentUrl":"https:\/\/vocesdelacomuna15.com.ar\/wp-content\/litespeed\/avatar\/82faf979976f1bae889b8b71f8a0a7e5.jpg?ver=1777419741","caption":"Federico Arguto"},"url":"https:\/\/vocesdelacomuna15.com.ar\/press\/author\/fede\/"}]}},"_links":{"self":[{"href":"https:\/\/vocesdelacomuna15.com.ar\/press\/wp-json\/wp\/v2\/posts\/54854","targetHints":{"allow":["GET"]}}],"collection":[{"href":"https:\/\/vocesdelacomuna15.com.ar\/press\/wp-json\/wp\/v2\/posts"}],"about":[{"href":"https:\/\/vocesdelacomuna15.com.ar\/press\/wp-json\/wp\/v2\/types\/post"}],"author":[{"embeddable":true,"href":"https:\/\/vocesdelacomuna15.com.ar\/press\/wp-json\/wp\/v2\/users\/2"}],"replies":[{"embeddable":true,"href":"https:\/\/vocesdelacomuna15.com.ar\/press\/wp-json\/wp\/v2\/comments?post=54854"}],"version-history":[{"count":3,"href":"https:\/\/vocesdelacomuna15.com.ar\/press\/wp-json\/wp\/v2\/posts\/54854\/revisions"}],"predecessor-version":[{"id":54861,"href":"https:\/\/vocesdelacomuna15.com.ar\/press\/wp-json\/wp\/v2\/posts\/54854\/revisions\/54861"}],"wp:featuredmedia":[{"embeddable":true,"href":"https:\/\/vocesdelacomuna15.com.ar\/press\/wp-json\/wp\/v2\/media\/54859"}],"wp:attachment":[{"href":"https:\/\/vocesdelacomuna15.com.ar\/press\/wp-json\/wp\/v2\/media?parent=54854"}],"wp:term":[{"taxonomy":"category","embeddable":true,"href":"https:\/\/vocesdelacomuna15.com.ar\/press\/wp-json\/wp\/v2\/categories?post=54854"},{"taxonomy":"post_tag","embeddable":true,"href":"https:\/\/vocesdelacomuna15.com.ar\/press\/wp-json\/wp\/v2\/tags?post=54854"}],"curies":[{"name":"wp","href":"https:\/\/api.w.org\/{rel}","templated":true}]}}