{"id":54851,"date":"2021-10-25T04:47:06","date_gmt":"2021-10-25T07:47:06","guid":{"rendered":"http:\/\/vocesdelacomuna15.com.ar\/wordpress\/?p=54851"},"modified":"2021-10-19T16:53:19","modified_gmt":"2021-10-19T19:53:19","slug":"sin-horas-libres-y-con-clases-obligatorias-los-sabados-asi-sera-la-escuela-2022-en-caba","status":"publish","type":"post","link":"https:\/\/vocesdelacomuna15.com.ar\/press\/sin-horas-libres-y-con-clases-obligatorias-los-sabados-asi-sera-la-escuela-2022-en-caba\/","title":{"rendered":"Sin horas libres y con clases obligatorias los s\u00e1bados: as\u00ed ser\u00e1 la escuela 2022 en CABA"},"content":{"rendered":"\n<p>Los preceptores deber\u00e1n dar contenidos cuando no haya profesores y todos los docentes deber\u00e1n asistir a cursos de capacitaci\u00f3n. Fuente: Minuto Uno<\/p>\n\n\n\n<p>Link a nota original: <a href=\"https:\/\/www.minutouno.com\/sociedad\/educacion\/sin-horas-libres-y-clases-obligatorias-los-sabados-asi-sera-la-escuela-2022-caba-n5297975\">https:\/\/www.minutouno.com\/sociedad\/educacion\/sin-horas-libres-y-clases-obligatorias-los-sabados-asi-sera-la-escuela-2022-caba-n5297975<\/a><\/p>\n\n\n\n<p>El Gobierno porte\u00f1o anunci\u00f3 el cronograma del Ciclo\nLectivo 2022 que incluye m\u00e1s d\u00edas de clases. <strong>El a\u00f1o pr\u00f3ximo ser\u00e1n 192\nd\u00edas, superando as\u00ed en 12 jornadas a las 180 establecidas en el calendario\nobligatorio<\/strong>. Para lograrlo, el regreso de los estudiantes a las aulas\nser\u00e1 el 21 de febrero.<\/p>\n\n\n\n<p>Adem\u00e1s, el Ministerio de <a href=\"https:\/\/www.minutouno.com\/educacion-a104\">Educaci\u00f3n<\/a> presenta nuevas\niniciativas con el objetivo de generar m\u00e1s y mejores instancias de aprendizaje\npara todos los alumnos, entre las que se destacan: el programa Aprovechar Cada\nHora Libre; la Jornada Extendida; clases los s\u00e1bados; y Escuela de Verano e\nInvierno.<\/p>\n\n\n\n<p>.Capacitaci\u00f3n obligatoria para 24 mil <a href=\"https:\/\/www.minutouno.com\/docentes-a5129264\">docentes<\/a> de gesti\u00f3n estatal y privada: los docentes asistir\u00e1n a jornadas de\nformaci\u00f3n que ser\u00e1n masivas, presenciales y obligatorias<\/p>\n\n\n\n<p>.Aprovechar Cada Hora Libre: 2.600 preceptores ser\u00e1n\ncapacitados en pos de brindarles herramientas \u00fatiles para detectar r\u00e1pidamente\nposibles problemas de aprendizaje; trabajar en el aspecto socio-vincular de los\nalumnos; en la importancia del bienestar emocional y de un buen clima escolar<\/p>\n\n\n\n<p>.Jornada extendida obligatoria para 6\u00b0 y 7\u00b0<\/p>\n\n\n\n<p>.Inicio anticipado de clases el 21 de febrero: los\ndocentes regresar\u00e1n a la escuela el lunes 7 de febrero, al tiempo que los\nchicos comenzar\u00e1n el Ciclo Lectivo el lunes 21 del mismo mes<\/p>\n\n\n\n<p>.Clases los s\u00e1bados: en 2022, la asistencia ser\u00e1\nobligatoria para todos los estudiantes de 1\u00ba a\u00f1o de secundaria que se\nencuentren en Promoci\u00f3n Acompa\u00f1ada.<\/p>\n\n\n\n<p>.Escuela de Verano e Invierno: tienen el prop\u00f3sito de\nintensificar la ense\u00f1anza de los contenidos priorizados durante los recesos\nescolares para aquellos alumnos que lo necesiten.<\/p>\n\n\n\n<p>Caracteres: 1.595<\/p>\n\n\n\n<p>Foto: Minuto Uno<\/p>\n<div class=\"pvc_clear\"><\/div><p id=\"pvc_stats_54851\" class=\"pvc_stats all  \" data-element-id=\"54851\" style=\"\"><i class=\"pvc-stats-icon small\" aria-hidden=\"true\"><svg aria-hidden=\"true\" focusable=\"false\" data-prefix=\"far\" data-icon=\"chart-bar\" role=\"img\" xmlns=\"http:\/\/www.w3.org\/2000\/svg\" viewBox=\"0 0 512 512\" class=\"svg-inline--fa fa-chart-bar fa-w-16 fa-2x\"><path fill=\"currentColor\" d=\"M396.8 352h22.4c6.4 0 12.8-6.4 12.8-12.8V108.8c0-6.4-6.4-12.8-12.8-12.8h-22.4c-6.4 0-12.8 6.4-12.8 12.8v230.4c0 6.4 6.4 12.8 12.8 12.8zm-192 0h22.4c6.4 0 12.8-6.4 12.8-12.8V140.8c0-6.4-6.4-12.8-12.8-12.8h-22.4c-6.4 0-12.8 6.4-12.8 12.8v198.4c0 6.4 6.4 12.8 12.8 12.8zm96 0h22.4c6.4 0 12.8-6.4 12.8-12.8V204.8c0-6.4-6.4-12.8-12.8-12.8h-22.4c-6.4 0-12.8 6.4-12.8 12.8v134.4c0 6.4 6.4 12.8 12.8 12.8zM496 400H48V80c0-8.84-7.16-16-16-16H16C7.16 64 0 71.16 0 80v336c0 17.67 14.33 32 32 32h464c8.84 0 16-7.16 16-16v-16c0-8.84-7.16-16-16-16zm-387.2-48h22.4c6.4 0 12.8-6.4 12.8-12.8v-70.4c0-6.4-6.4-12.8-12.8-12.8h-22.4c-6.4 0-12.8 6.4-12.8 12.8v70.4c0 6.4 6.4 12.8 12.8 12.8z\" class=\"\"><\/path><\/svg><\/i> <img loading=\"lazy\" decoding=\"async\" width=\"16\" height=\"16\" alt=\"Loading\" src=\"https:\/\/vocesdelacomuna15.com.ar\/wp-content\/plugins\/page-views-count\/ajax-loader-2x.gif\" border=0 \/><\/p><div class=\"pvc_clear\"><\/div>","protected":false},"excerpt":{"rendered":"<p>Los preceptores deber\u00e1n dar contenidos cuando no haya profesores y todos los docentes deber\u00e1n asistir a cursos de capacitaci\u00f3n. Fuente: Minuto Uno Link a nota original: https:\/\/www.minutouno.com\/sociedad\/educacion\/sin-horas-libres-y-clases-obligatorias-los-sabados-asi-sera-la-escuela-2022-caba-n5297975 El Gobierno porte\u00f1o anunci\u00f3 el cronograma del Ciclo Lectivo 2022 que incluye m\u00e1s d\u00edas de clases. El a\u00f1o pr\u00f3ximo ser\u00e1n 192 d\u00edas, superando as\u00ed en 12 jornadas a [&hellip;]<\/p>\n<div class=\"pvc_clear\"><\/div>\n<p id=\"pvc_stats_54851\" class=\"pvc_stats all  \" data-element-id=\"54851\" style=\"\"><i class=\"pvc-stats-icon small\" aria-hidden=\"true\"><svg aria-hidden=\"true\" focusable=\"false\" data-prefix=\"far\" data-icon=\"chart-bar\" role=\"img\" xmlns=\"http:\/\/www.w3.org\/2000\/svg\" viewBox=\"0 0 512 512\" class=\"svg-inline--fa fa-chart-bar fa-w-16 fa-2x\"><path fill=\"currentColor\" d=\"M396.8 352h22.4c6.4 0 12.8-6.4 12.8-12.8V108.8c0-6.4-6.4-12.8-12.8-12.8h-22.4c-6.4 0-12.8 6.4-12.8 12.8v230.4c0 6.4 6.4 12.8 12.8 12.8zm-192 0h22.4c6.4 0 12.8-6.4 12.8-12.8V140.8c0-6.4-6.4-12.8-12.8-12.8h-22.4c-6.4 0-12.8 6.4-12.8 12.8v198.4c0 6.4 6.4 12.8 12.8 12.8zm96 0h22.4c6.4 0 12.8-6.4 12.8-12.8V204.8c0-6.4-6.4-12.8-12.8-12.8h-22.4c-6.4 0-12.8 6.4-12.8 12.8v134.4c0 6.4 6.4 12.8 12.8 12.8zM496 400H48V80c0-8.84-7.16-16-16-16H16C7.16 64 0 71.16 0 80v336c0 17.67 14.33 32 32 32h464c8.84 0 16-7.16 16-16v-16c0-8.84-7.16-16-16-16zm-387.2-48h22.4c6.4 0 12.8-6.4 12.8-12.8v-70.4c0-6.4-6.4-12.8-12.8-12.8h-22.4c-6.4 0-12.8 6.4-12.8 12.8v70.4c0 6.4 6.4 12.8 12.8 12.8z\" class=\"\"><\/path><\/svg><\/i> <img loading=\"lazy\" decoding=\"async\" width=\"16\" height=\"16\" alt=\"Loading\" src=\"https:\/\/vocesdelacomuna15.com.ar\/wp-content\/plugins\/page-views-count\/ajax-loader-2x.gif\" border=0 \/><\/p>\n<div class=\"pvc_clear\"><\/div>\n","protected":false},"author":2,"featured_media":54852,"comment_status":"open","ping_status":"open","sticky":false,"template":"","format":"standard","meta":{"_et_pb_use_builder":"off","_et_pb_old_content":"","_et_gb_content_width":"","footnotes":""},"categories":[26],"tags":[],"class_list":["post-54851","post","type-post","status-publish","format-standard","has-post-thumbnail","hentry","category-ciudad","et-has-post-format-content","et_post_format-et-post-format-standard"],"a3_pvc":{"activated":true,"total_views":222,"today_views":0},"yoast_head":"<!-- This site is optimized with the Yoast SEO plugin v27.5 - https:\/\/yoast.com\/product\/yoast-seo-wordpress\/ -->\n<title>Sin horas libres y con clases obligatorias los s\u00e1bados: as\u00ed ser\u00e1 la escuela 2022 en CABA - Voces de la Comuna 15<\/title>\n<meta name=\"description\" content=\"Voces de la Comuna 15\" \/>\n<meta name=\"robots\" content=\"index, follow, max-snippet:-1, max-image-preview:large, max-video-preview:-1\" \/>\n<link rel=\"canonical\" href=\"https:\/\/vocesdelacomuna15.com.ar\/press\/sin-horas-libres-y-con-clases-obligatorias-los-sabados-asi-sera-la-escuela-2022-en-caba\/\" \/>\n<meta property=\"og:locale\" content=\"es_ES\" \/>\n<meta property=\"og:type\" content=\"article\" \/>\n<meta property=\"og:title\" content=\"Sin horas libres y con clases obligatorias los s\u00e1bados: as\u00ed ser\u00e1 la escuela 2022 en CABA - Voces de la Comuna 15\" \/>\n<meta property=\"og:description\" content=\"Voces de la Comuna 15\" \/>\n<meta property=\"og:url\" content=\"https:\/\/vocesdelacomuna15.com.ar\/press\/sin-horas-libres-y-con-clases-obligatorias-los-sabados-asi-sera-la-escuela-2022-en-caba\/\" \/>\n<meta property=\"og:site_name\" content=\"Voces de la Comuna 15\" \/>\n<meta property=\"article:publisher\" content=\"https:\/\/www.facebook.com\/VocesComuna15\/\" \/>\n<meta property=\"article:published_time\" content=\"2021-10-25T07:47:06+00:00\" \/>\n<meta property=\"og:image\" content=\"https:\/\/vocesdelacomuna15.com.ar\/wp-content\/uploads\/2021\/10\/clases1910.png\" \/>\n\t<meta property=\"og:image:width\" content=\"655\" \/>\n\t<meta property=\"og:image:height\" content=\"429\" \/>\n\t<meta property=\"og:image:type\" content=\"image\/png\" \/>\n<meta name=\"author\" content=\"Federico Arguto\" \/>\n<meta name=\"twitter:card\" content=\"summary_large_image\" \/>\n<meta name=\"twitter:creator\" content=\"@vocescomuna15\" \/>\n<meta name=\"twitter:site\" content=\"@vocescomuna15\" \/>\n<meta name=\"twitter:label1\" content=\"Escrito por\" \/>\n\t<meta name=\"twitter:data1\" content=\"Federico Arguto\" \/>\n\t<meta name=\"twitter:label2\" content=\"Tiempo de lectura\" \/>\n\t<meta name=\"twitter:data2\" content=\"2 minutos\" \/>\n<script type=\"application\/ld+json\" class=\"yoast-schema-graph\">{\"@context\":\"https:\\\/\\\/schema.org\",\"@graph\":[{\"@type\":\"Article\",\"@id\":\"https:\\\/\\\/vocesdelacomuna15.com.ar\\\/press\\\/sin-horas-libres-y-con-clases-obligatorias-los-sabados-asi-sera-la-escuela-2022-en-caba\\\/#article\",\"isPartOf\":{\"@id\":\"https:\\\/\\\/vocesdelacomuna15.com.ar\\\/press\\\/sin-horas-libres-y-con-clases-obligatorias-los-sabados-asi-sera-la-escuela-2022-en-caba\\\/\"},\"author\":{\"name\":\"Federico Arguto\",\"@id\":\"https:\\\/\\\/vocesdelacomuna15.com.ar\\\/press\\\/#\\\/schema\\\/person\\\/4739e109db25d799cd3d139eeb509e43\"},\"headline\":\"Sin horas libres y con clases obligatorias los s\u00e1bados: as\u00ed ser\u00e1 la escuela 2022 en CABA\",\"datePublished\":\"2021-10-25T07:47:06+00:00\",\"mainEntityOfPage\":{\"@id\":\"https:\\\/\\\/vocesdelacomuna15.com.ar\\\/press\\\/sin-horas-libres-y-con-clases-obligatorias-los-sabados-asi-sera-la-escuela-2022-en-caba\\\/\"},\"wordCount\":321,\"commentCount\":0,\"publisher\":{\"@id\":\"https:\\\/\\\/vocesdelacomuna15.com.ar\\\/press\\\/#organization\"},\"image\":{\"@id\":\"https:\\\/\\\/vocesdelacomuna15.com.ar\\\/press\\\/sin-horas-libres-y-con-clases-obligatorias-los-sabados-asi-sera-la-escuela-2022-en-caba\\\/#primaryimage\"},\"thumbnailUrl\":\"https:\\\/\\\/vocesdelacomuna15.com.ar\\\/wp-content\\\/uploads\\\/2021\\\/10\\\/clases1910.png\",\"articleSection\":[\"Ciudad\"],\"inLanguage\":\"es-AR\",\"potentialAction\":[{\"@type\":\"CommentAction\",\"name\":\"Comment\",\"target\":[\"https:\\\/\\\/vocesdelacomuna15.com.ar\\\/press\\\/sin-horas-libres-y-con-clases-obligatorias-los-sabados-asi-sera-la-escuela-2022-en-caba\\\/#respond\"]}]},{\"@type\":\"WebPage\",\"@id\":\"https:\\\/\\\/vocesdelacomuna15.com.ar\\\/press\\\/sin-horas-libres-y-con-clases-obligatorias-los-sabados-asi-sera-la-escuela-2022-en-caba\\\/\",\"url\":\"https:\\\/\\\/vocesdelacomuna15.com.ar\\\/press\\\/sin-horas-libres-y-con-clases-obligatorias-los-sabados-asi-sera-la-escuela-2022-en-caba\\\/\",\"name\":\"Sin horas libres y con clases obligatorias los s\u00e1bados: as\u00ed ser\u00e1 la escuela 2022 en CABA - Voces de la Comuna 15\",\"isPartOf\":{\"@id\":\"https:\\\/\\\/vocesdelacomuna15.com.ar\\\/press\\\/#website\"},\"primaryImageOfPage\":{\"@id\":\"https:\\\/\\\/vocesdelacomuna15.com.ar\\\/press\\\/sin-horas-libres-y-con-clases-obligatorias-los-sabados-asi-sera-la-escuela-2022-en-caba\\\/#primaryimage\"},\"image\":{\"@id\":\"https:\\\/\\\/vocesdelacomuna15.com.ar\\\/press\\\/sin-horas-libres-y-con-clases-obligatorias-los-sabados-asi-sera-la-escuela-2022-en-caba\\\/#primaryimage\"},\"thumbnailUrl\":\"https:\\\/\\\/vocesdelacomuna15.com.ar\\\/wp-content\\\/uploads\\\/2021\\\/10\\\/clases1910.png\",\"datePublished\":\"2021-10-25T07:47:06+00:00\",\"description\":\"Voces de la Comuna 15\",\"breadcrumb\":{\"@id\":\"https:\\\/\\\/vocesdelacomuna15.com.ar\\\/press\\\/sin-horas-libres-y-con-clases-obligatorias-los-sabados-asi-sera-la-escuela-2022-en-caba\\\/#breadcrumb\"},\"inLanguage\":\"es-AR\",\"potentialAction\":[{\"@type\":\"ReadAction\",\"target\":[\"https:\\\/\\\/vocesdelacomuna15.com.ar\\\/press\\\/sin-horas-libres-y-con-clases-obligatorias-los-sabados-asi-sera-la-escuela-2022-en-caba\\\/\"]}]},{\"@type\":\"ImageObject\",\"inLanguage\":\"es-AR\",\"@id\":\"https:\\\/\\\/vocesdelacomuna15.com.ar\\\/press\\\/sin-horas-libres-y-con-clases-obligatorias-los-sabados-asi-sera-la-escuela-2022-en-caba\\\/#primaryimage\",\"url\":\"https:\\\/\\\/vocesdelacomuna15.com.ar\\\/wp-content\\\/uploads\\\/2021\\\/10\\\/clases1910.png\",\"contentUrl\":\"https:\\\/\\\/vocesdelacomuna15.com.ar\\\/wp-content\\\/uploads\\\/2021\\\/10\\\/clases1910.png\",\"width\":655,\"height\":429},{\"@type\":\"BreadcrumbList\",\"@id\":\"https:\\\/\\\/vocesdelacomuna15.com.ar\\\/press\\\/sin-horas-libres-y-con-clases-obligatorias-los-sabados-asi-sera-la-escuela-2022-en-caba\\\/#breadcrumb\",\"itemListElement\":[{\"@type\":\"ListItem\",\"position\":1,\"name\":\"Inicio\",\"item\":\"https:\\\/\\\/vocesdelacomuna15.com.ar\\\/press\\\/\"},{\"@type\":\"ListItem\",\"position\":2,\"name\":\"Sin horas libres y con clases obligatorias los s\u00e1bados: as\u00ed ser\u00e1 la escuela 2022 en CABA\"}]},{\"@type\":\"WebSite\",\"@id\":\"https:\\\/\\\/vocesdelacomuna15.com.ar\\\/press\\\/#website\",\"url\":\"https:\\\/\\\/vocesdelacomuna15.com.ar\\\/press\\\/\",\"name\":\"Voces de la Comuna 15\",\"description\":\"Sitio web de noticias\",\"publisher\":{\"@id\":\"https:\\\/\\\/vocesdelacomuna15.com.ar\\\/press\\\/#organization\"},\"potentialAction\":[{\"@type\":\"SearchAction\",\"target\":{\"@type\":\"EntryPoint\",\"urlTemplate\":\"https:\\\/\\\/vocesdelacomuna15.com.ar\\\/press\\\/?s={search_term_string}\"},\"query-input\":{\"@type\":\"PropertyValueSpecification\",\"valueRequired\":true,\"valueName\":\"search_term_string\"}}],\"inLanguage\":\"es-AR\"},{\"@type\":\"Organization\",\"@id\":\"https:\\\/\\\/vocesdelacomuna15.com.ar\\\/press\\\/#organization\",\"name\":\"Voces de la Comuna 15\",\"url\":\"https:\\\/\\\/vocesdelacomuna15.com.ar\\\/press\\\/\",\"logo\":{\"@type\":\"ImageObject\",\"inLanguage\":\"es-AR\",\"@id\":\"https:\\\/\\\/vocesdelacomuna15.com.ar\\\/press\\\/#\\\/schema\\\/logo\\\/image\\\/\",\"url\":\"https:\\\/\\\/vocesdelacomuna15.com.ar\\\/wp-content\\\/uploads\\\/2024\\\/12\\\/cropped-logo_voces.jpg\",\"contentUrl\":\"https:\\\/\\\/vocesdelacomuna15.com.ar\\\/wp-content\\\/uploads\\\/2024\\\/12\\\/cropped-logo_voces.jpg\",\"width\":512,\"height\":512,\"caption\":\"Voces de la Comuna 15\"},\"image\":{\"@id\":\"https:\\\/\\\/vocesdelacomuna15.com.ar\\\/press\\\/#\\\/schema\\\/logo\\\/image\\\/\"},\"sameAs\":[\"https:\\\/\\\/www.facebook.com\\\/VocesComuna15\\\/\",\"https:\\\/\\\/x.com\\\/vocescomuna15\"]},{\"@type\":\"Person\",\"@id\":\"https:\\\/\\\/vocesdelacomuna15.com.ar\\\/press\\\/#\\\/schema\\\/person\\\/4739e109db25d799cd3d139eeb509e43\",\"name\":\"Federico Arguto\",\"image\":{\"@type\":\"ImageObject\",\"inLanguage\":\"es-AR\",\"@id\":\"https:\\\/\\\/vocesdelacomuna15.com.ar\\\/wp-content\\\/litespeed\\\/avatar\\\/82faf979976f1bae889b8b71f8a0a7e5.jpg?ver=1777419741\",\"url\":\"https:\\\/\\\/vocesdelacomuna15.com.ar\\\/wp-content\\\/litespeed\\\/avatar\\\/82faf979976f1bae889b8b71f8a0a7e5.jpg?ver=1777419741\",\"contentUrl\":\"https:\\\/\\\/vocesdelacomuna15.com.ar\\\/wp-content\\\/litespeed\\\/avatar\\\/82faf979976f1bae889b8b71f8a0a7e5.jpg?ver=1777419741\",\"caption\":\"Federico Arguto\"},\"url\":\"https:\\\/\\\/vocesdelacomuna15.com.ar\\\/press\\\/author\\\/fede\\\/\"}]}<\/script>\n<!-- \/ Yoast SEO plugin. -->","yoast_head_json":{"title":"Sin horas libres y con clases obligatorias los s\u00e1bados: as\u00ed ser\u00e1 la escuela 2022 en CABA - Voces de la Comuna 15","description":"Voces de la Comuna 15","robots":{"index":"index","follow":"follow","max-snippet":"max-snippet:-1","max-image-preview":"max-image-preview:large","max-video-preview":"max-video-preview:-1"},"canonical":"https:\/\/vocesdelacomuna15.com.ar\/press\/sin-horas-libres-y-con-clases-obligatorias-los-sabados-asi-sera-la-escuela-2022-en-caba\/","og_locale":"es_ES","og_type":"article","og_title":"Sin horas libres y con clases obligatorias los s\u00e1bados: as\u00ed ser\u00e1 la escuela 2022 en CABA - Voces de la Comuna 15","og_description":"Voces de la Comuna 15","og_url":"https:\/\/vocesdelacomuna15.com.ar\/press\/sin-horas-libres-y-con-clases-obligatorias-los-sabados-asi-sera-la-escuela-2022-en-caba\/","og_site_name":"Voces de la Comuna 15","article_publisher":"https:\/\/www.facebook.com\/VocesComuna15\/","article_published_time":"2021-10-25T07:47:06+00:00","og_image":[{"width":655,"height":429,"url":"https:\/\/vocesdelacomuna15.com.ar\/wp-content\/uploads\/2021\/10\/clases1910.png","type":"image\/png"}],"author":"Federico Arguto","twitter_card":"summary_large_image","twitter_creator":"@vocescomuna15","twitter_site":"@vocescomuna15","twitter_misc":{"Escrito por":"Federico Arguto","Tiempo de lectura":"2 minutos"},"schema":{"@context":"https:\/\/schema.org","@graph":[{"@type":"Article","@id":"https:\/\/vocesdelacomuna15.com.ar\/press\/sin-horas-libres-y-con-clases-obligatorias-los-sabados-asi-sera-la-escuela-2022-en-caba\/#article","isPartOf":{"@id":"https:\/\/vocesdelacomuna15.com.ar\/press\/sin-horas-libres-y-con-clases-obligatorias-los-sabados-asi-sera-la-escuela-2022-en-caba\/"},"author":{"name":"Federico Arguto","@id":"https:\/\/vocesdelacomuna15.com.ar\/press\/#\/schema\/person\/4739e109db25d799cd3d139eeb509e43"},"headline":"Sin horas libres y con clases obligatorias los s\u00e1bados: as\u00ed ser\u00e1 la escuela 2022 en CABA","datePublished":"2021-10-25T07:47:06+00:00","mainEntityOfPage":{"@id":"https:\/\/vocesdelacomuna15.com.ar\/press\/sin-horas-libres-y-con-clases-obligatorias-los-sabados-asi-sera-la-escuela-2022-en-caba\/"},"wordCount":321,"commentCount":0,"publisher":{"@id":"https:\/\/vocesdelacomuna15.com.ar\/press\/#organization"},"image":{"@id":"https:\/\/vocesdelacomuna15.com.ar\/press\/sin-horas-libres-y-con-clases-obligatorias-los-sabados-asi-sera-la-escuela-2022-en-caba\/#primaryimage"},"thumbnailUrl":"https:\/\/vocesdelacomuna15.com.ar\/wp-content\/uploads\/2021\/10\/clases1910.png","articleSection":["Ciudad"],"inLanguage":"es-AR","potentialAction":[{"@type":"CommentAction","name":"Comment","target":["https:\/\/vocesdelacomuna15.com.ar\/press\/sin-horas-libres-y-con-clases-obligatorias-los-sabados-asi-sera-la-escuela-2022-en-caba\/#respond"]}]},{"@type":"WebPage","@id":"https:\/\/vocesdelacomuna15.com.ar\/press\/sin-horas-libres-y-con-clases-obligatorias-los-sabados-asi-sera-la-escuela-2022-en-caba\/","url":"https:\/\/vocesdelacomuna15.com.ar\/press\/sin-horas-libres-y-con-clases-obligatorias-los-sabados-asi-sera-la-escuela-2022-en-caba\/","name":"Sin horas libres y con clases obligatorias los s\u00e1bados: as\u00ed ser\u00e1 la escuela 2022 en CABA - Voces de la Comuna 15","isPartOf":{"@id":"https:\/\/vocesdelacomuna15.com.ar\/press\/#website"},"primaryImageOfPage":{"@id":"https:\/\/vocesdelacomuna15.com.ar\/press\/sin-horas-libres-y-con-clases-obligatorias-los-sabados-asi-sera-la-escuela-2022-en-caba\/#primaryimage"},"image":{"@id":"https:\/\/vocesdelacomuna15.com.ar\/press\/sin-horas-libres-y-con-clases-obligatorias-los-sabados-asi-sera-la-escuela-2022-en-caba\/#primaryimage"},"thumbnailUrl":"https:\/\/vocesdelacomuna15.com.ar\/wp-content\/uploads\/2021\/10\/clases1910.png","datePublished":"2021-10-25T07:47:06+00:00","description":"Voces de la Comuna 15","breadcrumb":{"@id":"https:\/\/vocesdelacomuna15.com.ar\/press\/sin-horas-libres-y-con-clases-obligatorias-los-sabados-asi-sera-la-escuela-2022-en-caba\/#breadcrumb"},"inLanguage":"es-AR","potentialAction":[{"@type":"ReadAction","target":["https:\/\/vocesdelacomuna15.com.ar\/press\/sin-horas-libres-y-con-clases-obligatorias-los-sabados-asi-sera-la-escuela-2022-en-caba\/"]}]},{"@type":"ImageObject","inLanguage":"es-AR","@id":"https:\/\/vocesdelacomuna15.com.ar\/press\/sin-horas-libres-y-con-clases-obligatorias-los-sabados-asi-sera-la-escuela-2022-en-caba\/#primaryimage","url":"https:\/\/vocesdelacomuna15.com.ar\/wp-content\/uploads\/2021\/10\/clases1910.png","contentUrl":"https:\/\/vocesdelacomuna15.com.ar\/wp-content\/uploads\/2021\/10\/clases1910.png","width":655,"height":429},{"@type":"BreadcrumbList","@id":"https:\/\/vocesdelacomuna15.com.ar\/press\/sin-horas-libres-y-con-clases-obligatorias-los-sabados-asi-sera-la-escuela-2022-en-caba\/#breadcrumb","itemListElement":[{"@type":"ListItem","position":1,"name":"Inicio","item":"https:\/\/vocesdelacomuna15.com.ar\/press\/"},{"@type":"ListItem","position":2,"name":"Sin horas libres y con clases obligatorias los s\u00e1bados: as\u00ed ser\u00e1 la escuela 2022 en CABA"}]},{"@type":"WebSite","@id":"https:\/\/vocesdelacomuna15.com.ar\/press\/#website","url":"https:\/\/vocesdelacomuna15.com.ar\/press\/","name":"Voces de la Comuna 15","description":"Sitio web de noticias","publisher":{"@id":"https:\/\/vocesdelacomuna15.com.ar\/press\/#organization"},"potentialAction":[{"@type":"SearchAction","target":{"@type":"EntryPoint","urlTemplate":"https:\/\/vocesdelacomuna15.com.ar\/press\/?s={search_term_string}"},"query-input":{"@type":"PropertyValueSpecification","valueRequired":true,"valueName":"search_term_string"}}],"inLanguage":"es-AR"},{"@type":"Organization","@id":"https:\/\/vocesdelacomuna15.com.ar\/press\/#organization","name":"Voces de la Comuna 15","url":"https:\/\/vocesdelacomuna15.com.ar\/press\/","logo":{"@type":"ImageObject","inLanguage":"es-AR","@id":"https:\/\/vocesdelacomuna15.com.ar\/press\/#\/schema\/logo\/image\/","url":"https:\/\/vocesdelacomuna15.com.ar\/wp-content\/uploads\/2024\/12\/cropped-logo_voces.jpg","contentUrl":"https:\/\/vocesdelacomuna15.com.ar\/wp-content\/uploads\/2024\/12\/cropped-logo_voces.jpg","width":512,"height":512,"caption":"Voces de la Comuna 15"},"image":{"@id":"https:\/\/vocesdelacomuna15.com.ar\/press\/#\/schema\/logo\/image\/"},"sameAs":["https:\/\/www.facebook.com\/VocesComuna15\/","https:\/\/x.com\/vocescomuna15"]},{"@type":"Person","@id":"https:\/\/vocesdelacomuna15.com.ar\/press\/#\/schema\/person\/4739e109db25d799cd3d139eeb509e43","name":"Federico Arguto","image":{"@type":"ImageObject","inLanguage":"es-AR","@id":"https:\/\/vocesdelacomuna15.com.ar\/wp-content\/litespeed\/avatar\/82faf979976f1bae889b8b71f8a0a7e5.jpg?ver=1777419741","url":"https:\/\/vocesdelacomuna15.com.ar\/wp-content\/litespeed\/avatar\/82faf979976f1bae889b8b71f8a0a7e5.jpg?ver=1777419741","contentUrl":"https:\/\/vocesdelacomuna15.com.ar\/wp-content\/litespeed\/avatar\/82faf979976f1bae889b8b71f8a0a7e5.jpg?ver=1777419741","caption":"Federico Arguto"},"url":"https:\/\/vocesdelacomuna15.com.ar\/press\/author\/fede\/"}]}},"_links":{"self":[{"href":"https:\/\/vocesdelacomuna15.com.ar\/press\/wp-json\/wp\/v2\/posts\/54851","targetHints":{"allow":["GET"]}}],"collection":[{"href":"https:\/\/vocesdelacomuna15.com.ar\/press\/wp-json\/wp\/v2\/posts"}],"about":[{"href":"https:\/\/vocesdelacomuna15.com.ar\/press\/wp-json\/wp\/v2\/types\/post"}],"author":[{"embeddable":true,"href":"https:\/\/vocesdelacomuna15.com.ar\/press\/wp-json\/wp\/v2\/users\/2"}],"replies":[{"embeddable":true,"href":"https:\/\/vocesdelacomuna15.com.ar\/press\/wp-json\/wp\/v2\/comments?post=54851"}],"version-history":[{"count":1,"href":"https:\/\/vocesdelacomuna15.com.ar\/press\/wp-json\/wp\/v2\/posts\/54851\/revisions"}],"predecessor-version":[{"id":54853,"href":"https:\/\/vocesdelacomuna15.com.ar\/press\/wp-json\/wp\/v2\/posts\/54851\/revisions\/54853"}],"wp:featuredmedia":[{"embeddable":true,"href":"https:\/\/vocesdelacomuna15.com.ar\/press\/wp-json\/wp\/v2\/media\/54852"}],"wp:attachment":[{"href":"https:\/\/vocesdelacomuna15.com.ar\/press\/wp-json\/wp\/v2\/media?parent=54851"}],"wp:term":[{"taxonomy":"category","embeddable":true,"href":"https:\/\/vocesdelacomuna15.com.ar\/press\/wp-json\/wp\/v2\/categories?post=54851"},{"taxonomy":"post_tag","embeddable":true,"href":"https:\/\/vocesdelacomuna15.com.ar\/press\/wp-json\/wp\/v2\/tags?post=54851"}],"curies":[{"name":"wp","href":"https:\/\/api.w.org\/{rel}","templated":true}]}}