{"id":54846,"date":"2021-10-19T16:44:39","date_gmt":"2021-10-19T19:44:39","guid":{"rendered":"http:\/\/vocesdelacomuna15.com.ar\/wordpress\/?p=54846"},"modified":"2021-10-19T16:44:46","modified_gmt":"2021-10-19T19:44:46","slug":"derrota-de-argentinos-ante-atletico-en-tucuman-con-lluvia-de-goles","status":"publish","type":"post","link":"https:\/\/vocesdelacomuna15.com.ar\/press\/derrota-de-argentinos-ante-atletico-en-tucuman-con-lluvia-de-goles\/","title":{"rendered":"Derrota de Argentinos ante Atl\u00e9tico en Tucum\u00e1n con lluvia de goles"},"content":{"rendered":"\n<p>Segunda ca\u00edda al hilo del equipo de Gabriel Milito por la Liga Profesional de F\u00fatbol de la AFA<\/p>\n\n\n\n<p>En una tarde\ncalurosa en Tucum\u00e1n, el domingo hubo lluvia de goles en un partido en el que\nArgentinos Juniors cay\u00f3 ante Atl\u00e9tico por 4 a 3. Fue la segunda derrota al hilo\nde los de La Paternal, que ven\u00edan de perder como locales por 2 a 0 ante Defensa\ny Justicia. Tendr\u00e1n revancha este jueves, cuando reciban por la tarde a Col\u00f3n\nde Santa Fe.<\/p>\n\n\n\n<p>El \u201cbicho\u201d sufri\u00f3 el primer golpe de forma tempranera cuando despu\u00e9s de un tiro libre jugado r\u00e1pido desde la banda derecha y un par de toques, Ramiro Ruiz Rodriguez la coloc\u00f3 al primer palo para el 1-0 de los locales. A los 16 minutos, Argentinos tendr\u00eda la chance para empatarlo con un penal pero Cristian Lucchetti le adivin\u00f3 el palo a Gabriel \u00c1valos, que tir\u00f3 a colocar abajo a la izquierda del arquero.\u00a0 Poco despu\u00e9s el mismo \u00c1valos tendr\u00eda un mano a mano que pas\u00f3 por encima del travesa\u00f1o.\u00a0 A los 30 llegar\u00eda el segundo del \u201cdecano\u201d cuando tras un contraataque y un centro bajo desde la izquierda, Ramiro Carrera la empujaba con un Federico Lanzillota ya muy jugado.<\/p>\n\n\n\n<figure class=\"wp-block-image\"><img loading=\"lazy\" decoding=\"async\" width=\"760\" height=\"544\" src=\"http:\/\/vocesdelacomuna15.com.ar\/wordpress\/wp-content\/uploads\/2021\/10\/cad3-1910.jpg\" alt=\"\" class=\"wp-image-54848\" srcset=\"https:\/\/vocesdelacomuna15.com.ar\/wp-content\/uploads\/2021\/10\/cad3-1910.jpg 760w, https:\/\/vocesdelacomuna15.com.ar\/wp-content\/uploads\/2021\/10\/cad3-1910-300x215.jpg 300w, https:\/\/vocesdelacomuna15.com.ar\/wp-content\/uploads\/2021\/10\/cad3-1910-600x429.jpg 600w\" sizes=\"(max-width: 760px) 100vw, 760px\" \/><figcaption>El &#8220;bicho&#8221; no pudo ante el &#8220;decano&#8221; en Tucum\u00e1n<\/figcaption><\/figure>\n\n\n\n<p>Ya en la segunda etapa a los 54 minutos, despu\u00e9s de un saque de arco de Lucchetti y una recepci\u00f3n, la pelota le quedar\u00eda picando a Augusto Lotti, que romp\u00eda el arco para el 3-0 para Atl\u00e9tico Tucum\u00e1n. El partido parec\u00eda liquidado pero a los 76 minutos Argentinos comenz\u00f3 una remontada, cuando Nicol\u00e1s Reniero, con un remate de zurda, descontaba y luego a los 77, Mateo Coronel tras apilar jugadores y con un remate rasante de derecha, descontar\u00eda nuevamente para el 2-3. Pero la esperanza le dur\u00f3 poco al \u201cbicho\u201d ya que\u00a0 a los 79, despu\u00e9s de un tiro libre desde la izquierda, Marcelo Ort\u00edz la conectar\u00eda de cabeza para el 4-2 para los locales. Finalmente, ya en tiempo de descuento, tras un tiro libre desde la banda izquierda, Kevin Mac Allister la paraba solo y la colocaba con un derechazo cruzado para el 3-4 definitivo, poniendo el \u00faltimo descuento para Argentinos que no tuvo m\u00e1s oportunidades.<\/p>\n\n\n\n<p>Los dirigidos por\nGabriel Milito plantaron para este partido un 5-3-2 formando con Chaves;\nRomero, Kevin Mac Allister, Minissale, Quintana, Villalba; Jonathan G\u00f3mez,\nKalinski, Florent\u00edn; Reniero y \u00c1valos. Ingresaron a los 45 minutos Diego Sosa\npor Minissale y Carabajal por Kalinski, a los 68 Luciano G\u00f3mez por Jonathan\nG\u00f3mez y Coronel por \u00c1valos y a los 86 Ovando por Romero. Con la derrota, el\n\u201cbicho\u201d qued\u00f3 en el 13\u00ba puesto de la tabla de Primera con 21 puntos, con 5\nganados, 6 empates y&nbsp; 5 derrotas. El\nl\u00edder es River con 36 unidades, seguido por Talleres de C\u00f3rdoba con 32. En la\npr\u00f3xima jornada se enfrentar\u00e1n en C\u00f3rdoba, Talleres ante River.<\/p>\n\n\n\n<p>Resumen del\nPartido (Fuente: Liga Profesional de F\u00fatbol de la AFA- YouTube): <\/p>\n\n\n\n<figure class=\"wp-block-embed-youtube wp-block-embed is-type-video is-provider-youtube wp-embed-aspect-16-9 wp-has-aspect-ratio\"><div class=\"wp-block-embed__wrapper\">\n<iframe loading=\"lazy\" title=\"#TorneoSocios | Fecha 16 | resumen de Atl\u00e9tico Tucum\u00e1n - Argentinos\" width=\"1080\" height=\"608\" src=\"https:\/\/www.youtube.com\/embed\/p36wv_G2pU0?feature=oembed\" frameborder=\"0\" allow=\"accelerometer; autoplay; clipboard-write; encrypted-media; gyroscope; picture-in-picture\" allowfullscreen><\/iframe>\n<\/div><\/figure>\n\n\n\n<p>Conferencia de\nPrensa (Fuente: Prensa AAAJ- YouTube):<\/p>\n\n\n\n<figure class=\"wp-block-embed-youtube wp-block-embed is-type-video is-provider-youtube wp-embed-aspect-16-9 wp-has-aspect-ratio\"><div class=\"wp-block-embed__wrapper\">\n<iframe loading=\"lazy\" title=\"Conferencia de Prensa - Gabriel Milito vs. Atl\u00e9tico de Tucum\u00e1n\" width=\"1080\" height=\"608\" src=\"https:\/\/www.youtube.com\/embed\/T1BA2jo3HtM?feature=oembed\" frameborder=\"0\" allow=\"accelerometer; autoplay; clipboard-write; encrypted-media; gyroscope; picture-in-picture\" allowfullscreen><\/iframe>\n<\/div><\/figure>\n\n\n\n<p>ATLANTA IGUAL\u00d3 SIN GOLES CON TIGRE EN VILLA CRESPO<\/p>\n\n\n\n<p>El \u201cbohemio\u201d empat\u00f3 0 a 0 con Tigre el lunes por la tarde en el Le\u00f3n Kolbowsky. Con el empate, Atlanta se encuentra en la 8\u00ba posici\u00f3n de la Zona A del torneo de Primera Nacional con 35 puntos (8 ganados, 11 empates y 10 perdidos).\u00a0 Este grupo est\u00e1 liderado por Almirante Brown con 55 unidades. El \u201cbohemio\u201d qued\u00f3 a 13 puntos de Tigre, que con 48 es el \u00faltimo de los clasificados de la zona al reducido por el segundo ascenso. La Zona B, en tanto, es liderada por Barracas Central con 48 unidades. En la pr\u00f3xima jornada, este domingo, Atlanta visitar\u00e1 a Alvarado en Mar del Plata a las 17 horas.<\/p>\n\n\n\n<figure class=\"wp-block-image\"><img loading=\"lazy\" decoding=\"async\" width=\"1024\" height=\"681\" src=\"http:\/\/vocesdelacomuna15.com.ar\/wordpress\/wp-content\/uploads\/2021\/10\/atlanta-1910-1024x681.jpg\" alt=\"\" class=\"wp-image-54849\" srcset=\"https:\/\/vocesdelacomuna15.com.ar\/wp-content\/uploads\/2021\/10\/atlanta-1910-1024x681.jpg 1024w, https:\/\/vocesdelacomuna15.com.ar\/wp-content\/uploads\/2021\/10\/atlanta-1910-300x200.jpg 300w, https:\/\/vocesdelacomuna15.com.ar\/wp-content\/uploads\/2021\/10\/atlanta-1910-768x511.jpg 768w, https:\/\/vocesdelacomuna15.com.ar\/wp-content\/uploads\/2021\/10\/atlanta-1910-1080x718.jpg 1080w, https:\/\/vocesdelacomuna15.com.ar\/wp-content\/uploads\/2021\/10\/atlanta-1910-600x399.jpg 600w, https:\/\/vocesdelacomuna15.com.ar\/wp-content\/uploads\/2021\/10\/atlanta-1910.jpg 1600w\" sizes=\"(max-width: 1024px) 100vw, 1024px\" \/><figcaption>Atlanta y Tigre no se sacaron ventajas en un 0 a 0 en Villa Crespo<\/figcaption><\/figure>\n\n\n\n<p>COMUNICACIONES TUVO FECHA LIBRE<\/p>\n\n\n\n<p>El \u201ccartero\u201d de Agronom\u00eda tuvo jornada libre en la fecha 14 de la B Metro\ny cuando restan 3 fechas para terminar el Clausura, por la fecha 15 recibir\u00e1 a\nUAI Urquiza el s\u00e1bado a las 15 horas.<\/p>\n\n\n\n<p>Fotos Argentinos: Cadena 3 <\/p>\n\n\n\n<p>Foto Atlanta: Atlanta Oficial <\/p>\n\n\n\n<p>Caracteres: 3.656<\/p>\n<div class=\"pvc_clear\"><\/div><p id=\"pvc_stats_54846\" class=\"pvc_stats all  \" data-element-id=\"54846\" style=\"\"><i class=\"pvc-stats-icon small\" aria-hidden=\"true\"><svg aria-hidden=\"true\" focusable=\"false\" data-prefix=\"far\" data-icon=\"chart-bar\" role=\"img\" xmlns=\"http:\/\/www.w3.org\/2000\/svg\" viewBox=\"0 0 512 512\" class=\"svg-inline--fa fa-chart-bar fa-w-16 fa-2x\"><path fill=\"currentColor\" d=\"M396.8 352h22.4c6.4 0 12.8-6.4 12.8-12.8V108.8c0-6.4-6.4-12.8-12.8-12.8h-22.4c-6.4 0-12.8 6.4-12.8 12.8v230.4c0 6.4 6.4 12.8 12.8 12.8zm-192 0h22.4c6.4 0 12.8-6.4 12.8-12.8V140.8c0-6.4-6.4-12.8-12.8-12.8h-22.4c-6.4 0-12.8 6.4-12.8 12.8v198.4c0 6.4 6.4 12.8 12.8 12.8zm96 0h22.4c6.4 0 12.8-6.4 12.8-12.8V204.8c0-6.4-6.4-12.8-12.8-12.8h-22.4c-6.4 0-12.8 6.4-12.8 12.8v134.4c0 6.4 6.4 12.8 12.8 12.8zM496 400H48V80c0-8.84-7.16-16-16-16H16C7.16 64 0 71.16 0 80v336c0 17.67 14.33 32 32 32h464c8.84 0 16-7.16 16-16v-16c0-8.84-7.16-16-16-16zm-387.2-48h22.4c6.4 0 12.8-6.4 12.8-12.8v-70.4c0-6.4-6.4-12.8-12.8-12.8h-22.4c-6.4 0-12.8 6.4-12.8 12.8v70.4c0 6.4 6.4 12.8 12.8 12.8z\" class=\"\"><\/path><\/svg><\/i> <img loading=\"lazy\" decoding=\"async\" width=\"16\" height=\"16\" alt=\"Loading\" src=\"https:\/\/vocesdelacomuna15.com.ar\/wp-content\/plugins\/page-views-count\/ajax-loader-2x.gif\" border=0 \/><\/p><div class=\"pvc_clear\"><\/div>","protected":false},"excerpt":{"rendered":"<p>Segunda ca\u00edda al hilo del equipo de Gabriel Milito por la Liga Profesional de F\u00fatbol de la AFA En una tarde calurosa en Tucum\u00e1n, el domingo hubo lluvia de goles en un partido en el que Argentinos Juniors cay\u00f3 ante Atl\u00e9tico por 4 a 3. Fue la segunda derrota al hilo de los de La [&hellip;]<\/p>\n<div class=\"pvc_clear\"><\/div>\n<p id=\"pvc_stats_54846\" class=\"pvc_stats all  \" data-element-id=\"54846\" style=\"\"><i class=\"pvc-stats-icon small\" aria-hidden=\"true\"><svg aria-hidden=\"true\" focusable=\"false\" data-prefix=\"far\" data-icon=\"chart-bar\" role=\"img\" xmlns=\"http:\/\/www.w3.org\/2000\/svg\" viewBox=\"0 0 512 512\" class=\"svg-inline--fa fa-chart-bar fa-w-16 fa-2x\"><path fill=\"currentColor\" d=\"M396.8 352h22.4c6.4 0 12.8-6.4 12.8-12.8V108.8c0-6.4-6.4-12.8-12.8-12.8h-22.4c-6.4 0-12.8 6.4-12.8 12.8v230.4c0 6.4 6.4 12.8 12.8 12.8zm-192 0h22.4c6.4 0 12.8-6.4 12.8-12.8V140.8c0-6.4-6.4-12.8-12.8-12.8h-22.4c-6.4 0-12.8 6.4-12.8 12.8v198.4c0 6.4 6.4 12.8 12.8 12.8zm96 0h22.4c6.4 0 12.8-6.4 12.8-12.8V204.8c0-6.4-6.4-12.8-12.8-12.8h-22.4c-6.4 0-12.8 6.4-12.8 12.8v134.4c0 6.4 6.4 12.8 12.8 12.8zM496 400H48V80c0-8.84-7.16-16-16-16H16C7.16 64 0 71.16 0 80v336c0 17.67 14.33 32 32 32h464c8.84 0 16-7.16 16-16v-16c0-8.84-7.16-16-16-16zm-387.2-48h22.4c6.4 0 12.8-6.4 12.8-12.8v-70.4c0-6.4-6.4-12.8-12.8-12.8h-22.4c-6.4 0-12.8 6.4-12.8 12.8v70.4c0 6.4 6.4 12.8 12.8 12.8z\" class=\"\"><\/path><\/svg><\/i> <img loading=\"lazy\" decoding=\"async\" width=\"16\" height=\"16\" alt=\"Loading\" src=\"https:\/\/vocesdelacomuna15.com.ar\/wp-content\/plugins\/page-views-count\/ajax-loader-2x.gif\" border=0 \/><\/p>\n<div class=\"pvc_clear\"><\/div>\n","protected":false},"author":2,"featured_media":54847,"comment_status":"open","ping_status":"open","sticky":false,"template":"","format":"standard","meta":{"_et_pb_use_builder":"off","_et_pb_old_content":"","_et_gb_content_width":"","footnotes":""},"categories":[6,27,29,32],"tags":[],"class_list":["post-54846","post","type-post","status-publish","format-standard","has-post-thumbnail","hentry","category-agro","category-deportes","category-lapa","category-vcre","et-has-post-format-content","et_post_format-et-post-format-standard"],"a3_pvc":{"activated":true,"total_views":155,"today_views":0},"yoast_head":"<!-- This site is optimized with the Yoast SEO plugin v27.5 - https:\/\/yoast.com\/product\/yoast-seo-wordpress\/ -->\n<title>Derrota de Argentinos ante Atl\u00e9tico en Tucum\u00e1n con lluvia de goles - Voces de la Comuna 15<\/title>\n<meta name=\"description\" content=\"Voces de la Comuna 15\" \/>\n<meta name=\"robots\" content=\"index, follow, max-snippet:-1, max-image-preview:large, max-video-preview:-1\" \/>\n<link rel=\"canonical\" href=\"https:\/\/vocesdelacomuna15.com.ar\/press\/derrota-de-argentinos-ante-atletico-en-tucuman-con-lluvia-de-goles\/\" \/>\n<meta property=\"og:locale\" content=\"es_ES\" \/>\n<meta property=\"og:type\" content=\"article\" \/>\n<meta property=\"og:title\" content=\"Derrota de Argentinos ante Atl\u00e9tico en Tucum\u00e1n con lluvia de goles - Voces de la Comuna 15\" \/>\n<meta property=\"og:description\" content=\"Voces de la Comuna 15\" \/>\n<meta property=\"og:url\" content=\"https:\/\/vocesdelacomuna15.com.ar\/press\/derrota-de-argentinos-ante-atletico-en-tucuman-con-lluvia-de-goles\/\" \/>\n<meta property=\"og:site_name\" content=\"Voces de la Comuna 15\" \/>\n<meta property=\"article:publisher\" content=\"https:\/\/www.facebook.com\/VocesComuna15\/\" \/>\n<meta property=\"article:published_time\" content=\"2021-10-19T19:44:39+00:00\" \/>\n<meta property=\"article:modified_time\" content=\"2021-10-19T19:44:46+00:00\" \/>\n<meta property=\"og:image\" content=\"https:\/\/vocesdelacomuna15.com.ar\/wp-content\/uploads\/2021\/10\/cad32-1910.jpg\" \/>\n\t<meta property=\"og:image:width\" content=\"760\" \/>\n\t<meta property=\"og:image:height\" content=\"525\" \/>\n\t<meta property=\"og:image:type\" content=\"image\/jpeg\" \/>\n<meta name=\"author\" content=\"Federico Arguto\" \/>\n<meta name=\"twitter:card\" content=\"summary_large_image\" \/>\n<meta name=\"twitter:creator\" content=\"@vocescomuna15\" \/>\n<meta name=\"twitter:site\" content=\"@vocescomuna15\" \/>\n<meta name=\"twitter:label1\" content=\"Escrito por\" \/>\n\t<meta name=\"twitter:data1\" content=\"Federico Arguto\" \/>\n\t<meta name=\"twitter:label2\" content=\"Tiempo de lectura\" \/>\n\t<meta name=\"twitter:data2\" content=\"4 minutos\" \/>\n<script type=\"application\/ld+json\" class=\"yoast-schema-graph\">{\"@context\":\"https:\\\/\\\/schema.org\",\"@graph\":[{\"@type\":\"Article\",\"@id\":\"https:\\\/\\\/vocesdelacomuna15.com.ar\\\/press\\\/derrota-de-argentinos-ante-atletico-en-tucuman-con-lluvia-de-goles\\\/#article\",\"isPartOf\":{\"@id\":\"https:\\\/\\\/vocesdelacomuna15.com.ar\\\/press\\\/derrota-de-argentinos-ante-atletico-en-tucuman-con-lluvia-de-goles\\\/\"},\"author\":{\"name\":\"Federico Arguto\",\"@id\":\"https:\\\/\\\/vocesdelacomuna15.com.ar\\\/press\\\/#\\\/schema\\\/person\\\/4739e109db25d799cd3d139eeb509e43\"},\"headline\":\"Derrota de Argentinos ante Atl\u00e9tico en Tucum\u00e1n con lluvia de goles\",\"datePublished\":\"2021-10-19T19:44:39+00:00\",\"dateModified\":\"2021-10-19T19:44:46+00:00\",\"mainEntityOfPage\":{\"@id\":\"https:\\\/\\\/vocesdelacomuna15.com.ar\\\/press\\\/derrota-de-argentinos-ante-atletico-en-tucuman-con-lluvia-de-goles\\\/\"},\"wordCount\":730,\"commentCount\":0,\"publisher\":{\"@id\":\"https:\\\/\\\/vocesdelacomuna15.com.ar\\\/press\\\/#organization\"},\"image\":{\"@id\":\"https:\\\/\\\/vocesdelacomuna15.com.ar\\\/press\\\/derrota-de-argentinos-ante-atletico-en-tucuman-con-lluvia-de-goles\\\/#primaryimage\"},\"thumbnailUrl\":\"https:\\\/\\\/vocesdelacomuna15.com.ar\\\/wp-content\\\/uploads\\\/2021\\\/10\\\/cad32-1910.jpg\",\"articleSection\":[\"Agronom\u00eda\",\"Deportes\",\"La Paternal\",\"Villa Crespo\"],\"inLanguage\":\"es-AR\",\"potentialAction\":[{\"@type\":\"CommentAction\",\"name\":\"Comment\",\"target\":[\"https:\\\/\\\/vocesdelacomuna15.com.ar\\\/press\\\/derrota-de-argentinos-ante-atletico-en-tucuman-con-lluvia-de-goles\\\/#respond\"]}]},{\"@type\":\"WebPage\",\"@id\":\"https:\\\/\\\/vocesdelacomuna15.com.ar\\\/press\\\/derrota-de-argentinos-ante-atletico-en-tucuman-con-lluvia-de-goles\\\/\",\"url\":\"https:\\\/\\\/vocesdelacomuna15.com.ar\\\/press\\\/derrota-de-argentinos-ante-atletico-en-tucuman-con-lluvia-de-goles\\\/\",\"name\":\"Derrota de Argentinos ante Atl\u00e9tico en Tucum\u00e1n con lluvia de goles - Voces de la Comuna 15\",\"isPartOf\":{\"@id\":\"https:\\\/\\\/vocesdelacomuna15.com.ar\\\/press\\\/#website\"},\"primaryImageOfPage\":{\"@id\":\"https:\\\/\\\/vocesdelacomuna15.com.ar\\\/press\\\/derrota-de-argentinos-ante-atletico-en-tucuman-con-lluvia-de-goles\\\/#primaryimage\"},\"image\":{\"@id\":\"https:\\\/\\\/vocesdelacomuna15.com.ar\\\/press\\\/derrota-de-argentinos-ante-atletico-en-tucuman-con-lluvia-de-goles\\\/#primaryimage\"},\"thumbnailUrl\":\"https:\\\/\\\/vocesdelacomuna15.com.ar\\\/wp-content\\\/uploads\\\/2021\\\/10\\\/cad32-1910.jpg\",\"datePublished\":\"2021-10-19T19:44:39+00:00\",\"dateModified\":\"2021-10-19T19:44:46+00:00\",\"description\":\"Voces de la Comuna 15\",\"breadcrumb\":{\"@id\":\"https:\\\/\\\/vocesdelacomuna15.com.ar\\\/press\\\/derrota-de-argentinos-ante-atletico-en-tucuman-con-lluvia-de-goles\\\/#breadcrumb\"},\"inLanguage\":\"es-AR\",\"potentialAction\":[{\"@type\":\"ReadAction\",\"target\":[\"https:\\\/\\\/vocesdelacomuna15.com.ar\\\/press\\\/derrota-de-argentinos-ante-atletico-en-tucuman-con-lluvia-de-goles\\\/\"]}]},{\"@type\":\"ImageObject\",\"inLanguage\":\"es-AR\",\"@id\":\"https:\\\/\\\/vocesdelacomuna15.com.ar\\\/press\\\/derrota-de-argentinos-ante-atletico-en-tucuman-con-lluvia-de-goles\\\/#primaryimage\",\"url\":\"https:\\\/\\\/vocesdelacomuna15.com.ar\\\/wp-content\\\/uploads\\\/2021\\\/10\\\/cad32-1910.jpg\",\"contentUrl\":\"https:\\\/\\\/vocesdelacomuna15.com.ar\\\/wp-content\\\/uploads\\\/2021\\\/10\\\/cad32-1910.jpg\",\"width\":760,\"height\":525},{\"@type\":\"BreadcrumbList\",\"@id\":\"https:\\\/\\\/vocesdelacomuna15.com.ar\\\/press\\\/derrota-de-argentinos-ante-atletico-en-tucuman-con-lluvia-de-goles\\\/#breadcrumb\",\"itemListElement\":[{\"@type\":\"ListItem\",\"position\":1,\"name\":\"Inicio\",\"item\":\"https:\\\/\\\/vocesdelacomuna15.com.ar\\\/press\\\/\"},{\"@type\":\"ListItem\",\"position\":2,\"name\":\"Derrota de Argentinos ante Atl\u00e9tico en Tucum\u00e1n con lluvia de goles\"}]},{\"@type\":\"WebSite\",\"@id\":\"https:\\\/\\\/vocesdelacomuna15.com.ar\\\/press\\\/#website\",\"url\":\"https:\\\/\\\/vocesdelacomuna15.com.ar\\\/press\\\/\",\"name\":\"Voces de la Comuna 15\",\"description\":\"Sitio web de noticias\",\"publisher\":{\"@id\":\"https:\\\/\\\/vocesdelacomuna15.com.ar\\\/press\\\/#organization\"},\"potentialAction\":[{\"@type\":\"SearchAction\",\"target\":{\"@type\":\"EntryPoint\",\"urlTemplate\":\"https:\\\/\\\/vocesdelacomuna15.com.ar\\\/press\\\/?s={search_term_string}\"},\"query-input\":{\"@type\":\"PropertyValueSpecification\",\"valueRequired\":true,\"valueName\":\"search_term_string\"}}],\"inLanguage\":\"es-AR\"},{\"@type\":\"Organization\",\"@id\":\"https:\\\/\\\/vocesdelacomuna15.com.ar\\\/press\\\/#organization\",\"name\":\"Voces de la Comuna 15\",\"url\":\"https:\\\/\\\/vocesdelacomuna15.com.ar\\\/press\\\/\",\"logo\":{\"@type\":\"ImageObject\",\"inLanguage\":\"es-AR\",\"@id\":\"https:\\\/\\\/vocesdelacomuna15.com.ar\\\/press\\\/#\\\/schema\\\/logo\\\/image\\\/\",\"url\":\"https:\\\/\\\/vocesdelacomuna15.com.ar\\\/wp-content\\\/uploads\\\/2024\\\/12\\\/cropped-logo_voces.jpg\",\"contentUrl\":\"https:\\\/\\\/vocesdelacomuna15.com.ar\\\/wp-content\\\/uploads\\\/2024\\\/12\\\/cropped-logo_voces.jpg\",\"width\":512,\"height\":512,\"caption\":\"Voces de la Comuna 15\"},\"image\":{\"@id\":\"https:\\\/\\\/vocesdelacomuna15.com.ar\\\/press\\\/#\\\/schema\\\/logo\\\/image\\\/\"},\"sameAs\":[\"https:\\\/\\\/www.facebook.com\\\/VocesComuna15\\\/\",\"https:\\\/\\\/x.com\\\/vocescomuna15\"]},{\"@type\":\"Person\",\"@id\":\"https:\\\/\\\/vocesdelacomuna15.com.ar\\\/press\\\/#\\\/schema\\\/person\\\/4739e109db25d799cd3d139eeb509e43\",\"name\":\"Federico Arguto\",\"image\":{\"@type\":\"ImageObject\",\"inLanguage\":\"es-AR\",\"@id\":\"https:\\\/\\\/vocesdelacomuna15.com.ar\\\/wp-content\\\/litespeed\\\/avatar\\\/82faf979976f1bae889b8b71f8a0a7e5.jpg?ver=1777419741\",\"url\":\"https:\\\/\\\/vocesdelacomuna15.com.ar\\\/wp-content\\\/litespeed\\\/avatar\\\/82faf979976f1bae889b8b71f8a0a7e5.jpg?ver=1777419741\",\"contentUrl\":\"https:\\\/\\\/vocesdelacomuna15.com.ar\\\/wp-content\\\/litespeed\\\/avatar\\\/82faf979976f1bae889b8b71f8a0a7e5.jpg?ver=1777419741\",\"caption\":\"Federico Arguto\"},\"url\":\"https:\\\/\\\/vocesdelacomuna15.com.ar\\\/press\\\/author\\\/fede\\\/\"}]}<\/script>\n<!-- \/ Yoast SEO plugin. -->","yoast_head_json":{"title":"Derrota de Argentinos ante Atl\u00e9tico en Tucum\u00e1n con lluvia de goles - Voces de la Comuna 15","description":"Voces de la Comuna 15","robots":{"index":"index","follow":"follow","max-snippet":"max-snippet:-1","max-image-preview":"max-image-preview:large","max-video-preview":"max-video-preview:-1"},"canonical":"https:\/\/vocesdelacomuna15.com.ar\/press\/derrota-de-argentinos-ante-atletico-en-tucuman-con-lluvia-de-goles\/","og_locale":"es_ES","og_type":"article","og_title":"Derrota de Argentinos ante Atl\u00e9tico en Tucum\u00e1n con lluvia de goles - Voces de la Comuna 15","og_description":"Voces de la Comuna 15","og_url":"https:\/\/vocesdelacomuna15.com.ar\/press\/derrota-de-argentinos-ante-atletico-en-tucuman-con-lluvia-de-goles\/","og_site_name":"Voces de la Comuna 15","article_publisher":"https:\/\/www.facebook.com\/VocesComuna15\/","article_published_time":"2021-10-19T19:44:39+00:00","article_modified_time":"2021-10-19T19:44:46+00:00","og_image":[{"width":760,"height":525,"url":"https:\/\/vocesdelacomuna15.com.ar\/wp-content\/uploads\/2021\/10\/cad32-1910.jpg","type":"image\/jpeg"}],"author":"Federico Arguto","twitter_card":"summary_large_image","twitter_creator":"@vocescomuna15","twitter_site":"@vocescomuna15","twitter_misc":{"Escrito por":"Federico Arguto","Tiempo de lectura":"4 minutos"},"schema":{"@context":"https:\/\/schema.org","@graph":[{"@type":"Article","@id":"https:\/\/vocesdelacomuna15.com.ar\/press\/derrota-de-argentinos-ante-atletico-en-tucuman-con-lluvia-de-goles\/#article","isPartOf":{"@id":"https:\/\/vocesdelacomuna15.com.ar\/press\/derrota-de-argentinos-ante-atletico-en-tucuman-con-lluvia-de-goles\/"},"author":{"name":"Federico Arguto","@id":"https:\/\/vocesdelacomuna15.com.ar\/press\/#\/schema\/person\/4739e109db25d799cd3d139eeb509e43"},"headline":"Derrota de Argentinos ante Atl\u00e9tico en Tucum\u00e1n con lluvia de goles","datePublished":"2021-10-19T19:44:39+00:00","dateModified":"2021-10-19T19:44:46+00:00","mainEntityOfPage":{"@id":"https:\/\/vocesdelacomuna15.com.ar\/press\/derrota-de-argentinos-ante-atletico-en-tucuman-con-lluvia-de-goles\/"},"wordCount":730,"commentCount":0,"publisher":{"@id":"https:\/\/vocesdelacomuna15.com.ar\/press\/#organization"},"image":{"@id":"https:\/\/vocesdelacomuna15.com.ar\/press\/derrota-de-argentinos-ante-atletico-en-tucuman-con-lluvia-de-goles\/#primaryimage"},"thumbnailUrl":"https:\/\/vocesdelacomuna15.com.ar\/wp-content\/uploads\/2021\/10\/cad32-1910.jpg","articleSection":["Agronom\u00eda","Deportes","La Paternal","Villa Crespo"],"inLanguage":"es-AR","potentialAction":[{"@type":"CommentAction","name":"Comment","target":["https:\/\/vocesdelacomuna15.com.ar\/press\/derrota-de-argentinos-ante-atletico-en-tucuman-con-lluvia-de-goles\/#respond"]}]},{"@type":"WebPage","@id":"https:\/\/vocesdelacomuna15.com.ar\/press\/derrota-de-argentinos-ante-atletico-en-tucuman-con-lluvia-de-goles\/","url":"https:\/\/vocesdelacomuna15.com.ar\/press\/derrota-de-argentinos-ante-atletico-en-tucuman-con-lluvia-de-goles\/","name":"Derrota de Argentinos ante Atl\u00e9tico en Tucum\u00e1n con lluvia de goles - Voces de la Comuna 15","isPartOf":{"@id":"https:\/\/vocesdelacomuna15.com.ar\/press\/#website"},"primaryImageOfPage":{"@id":"https:\/\/vocesdelacomuna15.com.ar\/press\/derrota-de-argentinos-ante-atletico-en-tucuman-con-lluvia-de-goles\/#primaryimage"},"image":{"@id":"https:\/\/vocesdelacomuna15.com.ar\/press\/derrota-de-argentinos-ante-atletico-en-tucuman-con-lluvia-de-goles\/#primaryimage"},"thumbnailUrl":"https:\/\/vocesdelacomuna15.com.ar\/wp-content\/uploads\/2021\/10\/cad32-1910.jpg","datePublished":"2021-10-19T19:44:39+00:00","dateModified":"2021-10-19T19:44:46+00:00","description":"Voces de la Comuna 15","breadcrumb":{"@id":"https:\/\/vocesdelacomuna15.com.ar\/press\/derrota-de-argentinos-ante-atletico-en-tucuman-con-lluvia-de-goles\/#breadcrumb"},"inLanguage":"es-AR","potentialAction":[{"@type":"ReadAction","target":["https:\/\/vocesdelacomuna15.com.ar\/press\/derrota-de-argentinos-ante-atletico-en-tucuman-con-lluvia-de-goles\/"]}]},{"@type":"ImageObject","inLanguage":"es-AR","@id":"https:\/\/vocesdelacomuna15.com.ar\/press\/derrota-de-argentinos-ante-atletico-en-tucuman-con-lluvia-de-goles\/#primaryimage","url":"https:\/\/vocesdelacomuna15.com.ar\/wp-content\/uploads\/2021\/10\/cad32-1910.jpg","contentUrl":"https:\/\/vocesdelacomuna15.com.ar\/wp-content\/uploads\/2021\/10\/cad32-1910.jpg","width":760,"height":525},{"@type":"BreadcrumbList","@id":"https:\/\/vocesdelacomuna15.com.ar\/press\/derrota-de-argentinos-ante-atletico-en-tucuman-con-lluvia-de-goles\/#breadcrumb","itemListElement":[{"@type":"ListItem","position":1,"name":"Inicio","item":"https:\/\/vocesdelacomuna15.com.ar\/press\/"},{"@type":"ListItem","position":2,"name":"Derrota de Argentinos ante Atl\u00e9tico en Tucum\u00e1n con lluvia de goles"}]},{"@type":"WebSite","@id":"https:\/\/vocesdelacomuna15.com.ar\/press\/#website","url":"https:\/\/vocesdelacomuna15.com.ar\/press\/","name":"Voces de la Comuna 15","description":"Sitio web de noticias","publisher":{"@id":"https:\/\/vocesdelacomuna15.com.ar\/press\/#organization"},"potentialAction":[{"@type":"SearchAction","target":{"@type":"EntryPoint","urlTemplate":"https:\/\/vocesdelacomuna15.com.ar\/press\/?s={search_term_string}"},"query-input":{"@type":"PropertyValueSpecification","valueRequired":true,"valueName":"search_term_string"}}],"inLanguage":"es-AR"},{"@type":"Organization","@id":"https:\/\/vocesdelacomuna15.com.ar\/press\/#organization","name":"Voces de la Comuna 15","url":"https:\/\/vocesdelacomuna15.com.ar\/press\/","logo":{"@type":"ImageObject","inLanguage":"es-AR","@id":"https:\/\/vocesdelacomuna15.com.ar\/press\/#\/schema\/logo\/image\/","url":"https:\/\/vocesdelacomuna15.com.ar\/wp-content\/uploads\/2024\/12\/cropped-logo_voces.jpg","contentUrl":"https:\/\/vocesdelacomuna15.com.ar\/wp-content\/uploads\/2024\/12\/cropped-logo_voces.jpg","width":512,"height":512,"caption":"Voces de la Comuna 15"},"image":{"@id":"https:\/\/vocesdelacomuna15.com.ar\/press\/#\/schema\/logo\/image\/"},"sameAs":["https:\/\/www.facebook.com\/VocesComuna15\/","https:\/\/x.com\/vocescomuna15"]},{"@type":"Person","@id":"https:\/\/vocesdelacomuna15.com.ar\/press\/#\/schema\/person\/4739e109db25d799cd3d139eeb509e43","name":"Federico Arguto","image":{"@type":"ImageObject","inLanguage":"es-AR","@id":"https:\/\/vocesdelacomuna15.com.ar\/wp-content\/litespeed\/avatar\/82faf979976f1bae889b8b71f8a0a7e5.jpg?ver=1777419741","url":"https:\/\/vocesdelacomuna15.com.ar\/wp-content\/litespeed\/avatar\/82faf979976f1bae889b8b71f8a0a7e5.jpg?ver=1777419741","contentUrl":"https:\/\/vocesdelacomuna15.com.ar\/wp-content\/litespeed\/avatar\/82faf979976f1bae889b8b71f8a0a7e5.jpg?ver=1777419741","caption":"Federico Arguto"},"url":"https:\/\/vocesdelacomuna15.com.ar\/press\/author\/fede\/"}]}},"_links":{"self":[{"href":"https:\/\/vocesdelacomuna15.com.ar\/press\/wp-json\/wp\/v2\/posts\/54846","targetHints":{"allow":["GET"]}}],"collection":[{"href":"https:\/\/vocesdelacomuna15.com.ar\/press\/wp-json\/wp\/v2\/posts"}],"about":[{"href":"https:\/\/vocesdelacomuna15.com.ar\/press\/wp-json\/wp\/v2\/types\/post"}],"author":[{"embeddable":true,"href":"https:\/\/vocesdelacomuna15.com.ar\/press\/wp-json\/wp\/v2\/users\/2"}],"replies":[{"embeddable":true,"href":"https:\/\/vocesdelacomuna15.com.ar\/press\/wp-json\/wp\/v2\/comments?post=54846"}],"version-history":[{"count":1,"href":"https:\/\/vocesdelacomuna15.com.ar\/press\/wp-json\/wp\/v2\/posts\/54846\/revisions"}],"predecessor-version":[{"id":54850,"href":"https:\/\/vocesdelacomuna15.com.ar\/press\/wp-json\/wp\/v2\/posts\/54846\/revisions\/54850"}],"wp:featuredmedia":[{"embeddable":true,"href":"https:\/\/vocesdelacomuna15.com.ar\/press\/wp-json\/wp\/v2\/media\/54847"}],"wp:attachment":[{"href":"https:\/\/vocesdelacomuna15.com.ar\/press\/wp-json\/wp\/v2\/media?parent=54846"}],"wp:term":[{"taxonomy":"category","embeddable":true,"href":"https:\/\/vocesdelacomuna15.com.ar\/press\/wp-json\/wp\/v2\/categories?post=54846"},{"taxonomy":"post_tag","embeddable":true,"href":"https:\/\/vocesdelacomuna15.com.ar\/press\/wp-json\/wp\/v2\/tags?post=54846"}],"curies":[{"name":"wp","href":"https:\/\/api.w.org\/{rel}","templated":true}]}}