{"id":54839,"date":"2021-10-19T15:14:55","date_gmt":"2021-10-19T18:14:55","guid":{"rendered":"http:\/\/vocesdelacomuna15.com.ar\/wordpress\/?p=54839"},"modified":"2021-10-19T15:15:00","modified_gmt":"2021-10-19T18:15:00","slug":"barbijo-en-la-ciudad-desde-manana-no-sera-obligatorio-su-uso-al-aire-libre-ni-en-los-recreos","status":"publish","type":"post","link":"https:\/\/vocesdelacomuna15.com.ar\/press\/barbijo-en-la-ciudad-desde-manana-no-sera-obligatorio-su-uso-al-aire-libre-ni-en-los-recreos\/","title":{"rendered":"Barbijo en la Ciudad: desde ma\u00f1ana no ser\u00e1 obligatorio su uso al aire libre ni en los recreos"},"content":{"rendered":"\n<p> El jefe de Gobierno porte\u00f1o, Horacio Rodr\u00edguez Larreta, inform\u00f3 tambi\u00e9n que ya no habr\u00e1 capacidades m\u00e1ximas en trenes, subtes y colectivos y que no se tomar\u00e1 la temperatura antes de ingresar a lugares cerrados. Fuente: La Naci\u00f3n <\/p>\n\n\n\n<p>Link a nota original: https:\/\/www.lanacion.com.ar\/sociedad\/tapabocas-la-ciudad-anuncia-la-eliminacion-de-su-uso-al-aire-libre-y-en-los-recreos-de-los-colegios-nid19102021\/<\/p>\n\n\n\n<p>Cuando la ministra de Salud de la Naci\u00f3n, Carla Vizzotti,\nanunci\u00f3 para el inicio de este mes que&nbsp;<a href=\"https:\/\/www.lanacion.com.ar\/politica\/en-vivo-juan-manzur-se-muestra-con-carla-vizzotti-en-su-primera-conferencia-de-gestion-nid21092021\/\">la utilizaci\u00f3n de barbijos dejaba de ser obligatoria<\/a>&nbsp;al aire libre, en la ciudad de Buenos Aires fueron\ncautos y prefirieron&nbsp;<strong>esperar hasta&nbsp;<\/strong><a href=\"https:\/\/www.lanacion.com.ar\/sociedad\/ya-hay-casi-70-de-vacunados-con-dos-dosis-en-la-ciudad-se-viene-el-fin-del-barbijo-al-aire-libre-nid18102021\/\"><strong>que el 70% de la poblaci\u00f3n porte\u00f1a<\/strong><\/a><strong>&nbsp;haya completado su\nesquema de vacunaci\u00f3n.<\/strong><\/p>\n\n\n\n<p>Como\nhoy se alcanzar\u00e1 ese hito, el jefe de Gobierno&nbsp;<strong>Horacio Rodr\u00edguez\nLarreta<\/strong>&nbsp;inform\u00f3 desde el vacunatorio que funciona en River\nPlate&nbsp;<strong>flexibilizaciones en el uso del tapabocas: a partir de\nma\u00f1ana ya no ser\u00e1 obligatorio al aire libre y tampoco durante las actividades\nen espacios abiertos en las escuelas p\u00fablicas y privadas.&nbsp;<\/strong>Sin\nembargo, se mantiene el barbijo dentro de las aulas.<\/p>\n\n\n\n<p>El\ngobierno porte\u00f1o tambi\u00e9n anticip\u00f3 que desde hoy&nbsp;<strong>ya no habr\u00e1\ncapacidades m\u00e1ximas en en trenes, subtes y colectivos<\/strong>, pero en estos\nespacios continuar\u00e1 vigente la obligaci\u00f3n de colocarse tapabocas y la\nrecomendaci\u00f3n de mantener las ventanillas bajas para optimizar la ventilaci\u00f3n.<\/p>\n\n\n\n<p>Asimismo,&nbsp;<strong>en\nlugares cerrados como colegios y locales comerciales dejar\u00e1 de exigirse que se\ntome la temperatura a las personas que pretenden ingresar.<\/strong><\/p>\n\n\n\n<p><strong>\u201cLa situaci\u00f3n\nsanitaria de la Ciudad sigue evolucionando de manera saludable\u201d,<\/strong>&nbsp;asegur\u00f3&nbsp;<a href=\"https:\/\/www.lanacion.com.ar\/politica\/horacio-rodriguez-larreta-desmintio-una-convocatoria-del-gobierno-a-dialogar-despues-de-las-nid19102021\/\">Rodr\u00edguez Larreta<\/a>, con un\npromedio de 142 casos de Covid-19 diarios.<\/p>\n\n\n\n<p>Presente\nen el anuncio, el ministro de Salud de la Capital,&nbsp;<strong>Fern\u00e1n Quir\u00f3s<\/strong>,\ndestac\u00f3 el \u201calt\u00edsimo\u201d n\u00famero de vacunaci\u00f3n que alcanz\u00f3 la Ciudad -con 78,8% de\nlos porte\u00f1os que ya tienen una dosis y 69,11%, dos-.<\/p>\n\n\n\n<p>\u201cDa\nmucha protecci\u00f3n para que no haya enfermedades graves y mortales.&nbsp;<strong>Nos\nvamos a concentrar en que las personas puedan recuperar sus actividades\ncotidianas de forma cuidada<\/strong>\u201d, indic\u00f3 el funcionario, que tambi\u00e9n se refiri\u00f3\na la&nbsp;<strong>variante delta<\/strong>, de mayor contagiosidad: \u201cSabemos que\ncircula en la Argentina y en la Ciudad. En todo este tiempo hemos logrado que\nsi hubiese aumento de casos, sean situaciones cl\u00ednicas leves y no requieran\ninternaci\u00f3n ni generen da\u00f1os fatales\u201d.<\/p>\n\n\n\n<p>El\nbarbijo en los colegios<\/p>\n\n\n\n<p>La eliminaci\u00f3n del uso del tabapocas en las escuelas\ndurante los recreos es<strong>&nbsp;un gui\u00f1o a los Padres Organizados<\/strong>&nbsp;-un\ngrupo que se cre\u00f3 para exigir la vuelta a la presencialidad en los colegios\ndurante la pandemia-, que reclamaban esto al menos para las instituciones de\nnivel inicial y primarias.<\/p>\n\n\n\n<p><strong>\u201cNo podemos\nterminar el a\u00f1o con chicos que pasan hasta ocho horas con el barbijo puesto\nmientras los adultos podemos ir a los bares, discotecas y canchas sin usarlos.<\/strong>&nbsp;Esperamos\nuna pronta resoluci\u00f3n de un tema que parece naturalizado, pero que est\u00e1\ntrayendo&nbsp;<strong>consecuencias negativas<\/strong>&nbsp;para chicos en\ndesarrollo: el habla y la comunicaci\u00f3n, la socializaci\u00f3n, el aprendizaje de la\nlecto-escritura y la comunicaci\u00f3n de sus emociones\u201d, sostuvieron desde Padres\nOrganizados en un comunicado donde se\u00f1alaron tambi\u00e9n que le hicieron este\nplanteo el martes pasado a la ministra de Educaci\u00f3n<strong>&nbsp;Soledad Acu\u00f1a.<\/strong><\/p>\n\n\n\n<p>La&nbsp;<strong>pol\u00edtica\neducativa durante la crisis de coronavirus<\/strong>&nbsp;fue uno de los\nprincipales focos de tensi\u00f3n entre la administraci\u00f3n de Juntos por el Cambio en\nla Ciudad con las gestiones del Frente de Todos en la Naci\u00f3n y la Provincia.<\/p>\n\n\n\n<p>El\nconflicto que incluy\u00f3 dardos hacia ambos lados de la Avenida General Paz no\nsolo se desat\u00f3 por la vuelta a clases anticipada en la Capital -un tema que\nlleg\u00f3 a la Corte Suprema de Justicia-, sino que se profundiz\u00f3 en el momento en\nque Rodr\u00edguez Larreta impuls\u00f3 la ampliaci\u00f3n de las burbujas en las aulas y se\nmeti\u00f3 de lleno en la campa\u00f1a para las elecciones legislativas de este a\u00f1o.<\/p>\n\n\n\n<p>Una a una, las flexibilizaciones en la Ciudad:<\/p>\n\n\n\n<p>. Uso del tapabocas en lugares cerrados y abiertos<\/p>\n\n\n\n<p>. Fin de la obligatoriedad del uso de tapabocas en\nespacios abiertos desde ma\u00f1ana, 20 de octubre<\/p>\n\n\n\n<p>, Contin\u00faa el uso obligatorio del tapabocas en lugares\ncerrados, en el transporte p\u00fablico y en espacios abiertos donde haya\nconcentraciones de personas<\/p>\n\n\n\n<p>. Ya no ser\u00e1 obligatoria la toma de temperatura antes de\ningresar a espacios cerrados como escuelas o locales comerciales<\/p>\n\n\n\n<p>. Protocolos sanitarios en las escuelas<\/p>\n\n\n\n<p>. Actividades al aire libre sin uso del tapabocas en las\nescuelas para todos los alumnos<\/p>\n\n\n\n<p>. Continuar\u00e1 el uso obligatorio del tapabocas en las\naulas para los estudiantes de todos los niveles<\/p>\n\n\n\n<p>. Transporte publico: Se elimina la capacidad m\u00e1xima de pasajeros establecida para trenes, subtes y colectivos. El uso de tapabocas continuar\u00e1 siendo obligatorio<\/p>\n\n\n\n<p>Foto: La Naci\u00f3n<\/p>\n<div class=\"pvc_clear\"><\/div><p id=\"pvc_stats_54839\" class=\"pvc_stats all  \" data-element-id=\"54839\" style=\"\"><i class=\"pvc-stats-icon small\" aria-hidden=\"true\"><svg aria-hidden=\"true\" focusable=\"false\" data-prefix=\"far\" data-icon=\"chart-bar\" role=\"img\" xmlns=\"http:\/\/www.w3.org\/2000\/svg\" viewBox=\"0 0 512 512\" class=\"svg-inline--fa fa-chart-bar fa-w-16 fa-2x\"><path fill=\"currentColor\" d=\"M396.8 352h22.4c6.4 0 12.8-6.4 12.8-12.8V108.8c0-6.4-6.4-12.8-12.8-12.8h-22.4c-6.4 0-12.8 6.4-12.8 12.8v230.4c0 6.4 6.4 12.8 12.8 12.8zm-192 0h22.4c6.4 0 12.8-6.4 12.8-12.8V140.8c0-6.4-6.4-12.8-12.8-12.8h-22.4c-6.4 0-12.8 6.4-12.8 12.8v198.4c0 6.4 6.4 12.8 12.8 12.8zm96 0h22.4c6.4 0 12.8-6.4 12.8-12.8V204.8c0-6.4-6.4-12.8-12.8-12.8h-22.4c-6.4 0-12.8 6.4-12.8 12.8v134.4c0 6.4 6.4 12.8 12.8 12.8zM496 400H48V80c0-8.84-7.16-16-16-16H16C7.16 64 0 71.16 0 80v336c0 17.67 14.33 32 32 32h464c8.84 0 16-7.16 16-16v-16c0-8.84-7.16-16-16-16zm-387.2-48h22.4c6.4 0 12.8-6.4 12.8-12.8v-70.4c0-6.4-6.4-12.8-12.8-12.8h-22.4c-6.4 0-12.8 6.4-12.8 12.8v70.4c0 6.4 6.4 12.8 12.8 12.8z\" class=\"\"><\/path><\/svg><\/i> <img loading=\"lazy\" decoding=\"async\" width=\"16\" height=\"16\" alt=\"Loading\" src=\"https:\/\/vocesdelacomuna15.com.ar\/wp-content\/plugins\/page-views-count\/ajax-loader-2x.gif\" border=0 \/><\/p><div class=\"pvc_clear\"><\/div>","protected":false},"excerpt":{"rendered":"<p>El jefe de Gobierno porte\u00f1o, Horacio Rodr\u00edguez Larreta, inform\u00f3 tambi\u00e9n que ya no habr\u00e1 capacidades m\u00e1ximas en trenes, subtes y colectivos y que no se tomar\u00e1 la temperatura antes de ingresar a lugares cerrados. Fuente: La Naci\u00f3n Link a nota original: https:\/\/www.lanacion.com.ar\/sociedad\/tapabocas-la-ciudad-anuncia-la-eliminacion-de-su-uso-al-aire-libre-y-en-los-recreos-de-los-colegios-nid19102021\/ Cuando la ministra de Salud de la Naci\u00f3n, Carla Vizzotti, anunci\u00f3 para el [&hellip;]<\/p>\n<div class=\"pvc_clear\"><\/div>\n<p id=\"pvc_stats_54839\" class=\"pvc_stats all  \" data-element-id=\"54839\" style=\"\"><i class=\"pvc-stats-icon small\" aria-hidden=\"true\"><svg aria-hidden=\"true\" focusable=\"false\" data-prefix=\"far\" data-icon=\"chart-bar\" role=\"img\" xmlns=\"http:\/\/www.w3.org\/2000\/svg\" viewBox=\"0 0 512 512\" class=\"svg-inline--fa fa-chart-bar fa-w-16 fa-2x\"><path fill=\"currentColor\" d=\"M396.8 352h22.4c6.4 0 12.8-6.4 12.8-12.8V108.8c0-6.4-6.4-12.8-12.8-12.8h-22.4c-6.4 0-12.8 6.4-12.8 12.8v230.4c0 6.4 6.4 12.8 12.8 12.8zm-192 0h22.4c6.4 0 12.8-6.4 12.8-12.8V140.8c0-6.4-6.4-12.8-12.8-12.8h-22.4c-6.4 0-12.8 6.4-12.8 12.8v198.4c0 6.4 6.4 12.8 12.8 12.8zm96 0h22.4c6.4 0 12.8-6.4 12.8-12.8V204.8c0-6.4-6.4-12.8-12.8-12.8h-22.4c-6.4 0-12.8 6.4-12.8 12.8v134.4c0 6.4 6.4 12.8 12.8 12.8zM496 400H48V80c0-8.84-7.16-16-16-16H16C7.16 64 0 71.16 0 80v336c0 17.67 14.33 32 32 32h464c8.84 0 16-7.16 16-16v-16c0-8.84-7.16-16-16-16zm-387.2-48h22.4c6.4 0 12.8-6.4 12.8-12.8v-70.4c0-6.4-6.4-12.8-12.8-12.8h-22.4c-6.4 0-12.8 6.4-12.8 12.8v70.4c0 6.4 6.4 12.8 12.8 12.8z\" class=\"\"><\/path><\/svg><\/i> <img loading=\"lazy\" decoding=\"async\" width=\"16\" height=\"16\" alt=\"Loading\" src=\"https:\/\/vocesdelacomuna15.com.ar\/wp-content\/plugins\/page-views-count\/ajax-loader-2x.gif\" border=0 \/><\/p>\n<div class=\"pvc_clear\"><\/div>\n","protected":false},"author":2,"featured_media":54840,"comment_status":"open","ping_status":"open","sticky":false,"template":"","format":"standard","meta":{"_et_pb_use_builder":"off","_et_pb_old_content":"","_et_gb_content_width":"","footnotes":""},"categories":[26],"tags":[],"class_list":["post-54839","post","type-post","status-publish","format-standard","has-post-thumbnail","hentry","category-ciudad","et-has-post-format-content","et_post_format-et-post-format-standard"],"a3_pvc":{"activated":true,"total_views":213,"today_views":0},"yoast_head":"<!-- This site is optimized with the Yoast SEO plugin v27.5 - https:\/\/yoast.com\/product\/yoast-seo-wordpress\/ -->\n<title>Barbijo en la Ciudad: desde ma\u00f1ana no ser\u00e1 obligatorio su uso al aire libre ni en los recreos - Voces de la Comuna 15<\/title>\n<meta name=\"description\" content=\"Voces de la Comuna 15\" \/>\n<meta name=\"robots\" content=\"index, follow, max-snippet:-1, max-image-preview:large, max-video-preview:-1\" \/>\n<link rel=\"canonical\" href=\"https:\/\/vocesdelacomuna15.com.ar\/press\/barbijo-en-la-ciudad-desde-manana-no-sera-obligatorio-su-uso-al-aire-libre-ni-en-los-recreos\/\" \/>\n<meta property=\"og:locale\" content=\"es_ES\" \/>\n<meta property=\"og:type\" content=\"article\" \/>\n<meta property=\"og:title\" content=\"Barbijo en la Ciudad: desde ma\u00f1ana no ser\u00e1 obligatorio su uso al aire libre ni en los recreos - Voces de la Comuna 15\" \/>\n<meta property=\"og:description\" content=\"Voces de la Comuna 15\" \/>\n<meta property=\"og:url\" content=\"https:\/\/vocesdelacomuna15.com.ar\/press\/barbijo-en-la-ciudad-desde-manana-no-sera-obligatorio-su-uso-al-aire-libre-ni-en-los-recreos\/\" \/>\n<meta property=\"og:site_name\" content=\"Voces de la Comuna 15\" \/>\n<meta property=\"article:publisher\" content=\"https:\/\/www.facebook.com\/VocesComuna15\/\" \/>\n<meta property=\"article:published_time\" content=\"2021-10-19T18:14:55+00:00\" \/>\n<meta property=\"article:modified_time\" content=\"2021-10-19T18:15:00+00:00\" \/>\n<meta property=\"og:image\" content=\"https:\/\/vocesdelacomuna15.com.ar\/wp-content\/uploads\/2021\/10\/larretita1910.jpg\" \/>\n\t<meta property=\"og:image:width\" content=\"879\" \/>\n\t<meta property=\"og:image:height\" content=\"586\" \/>\n\t<meta property=\"og:image:type\" content=\"image\/jpeg\" \/>\n<meta name=\"author\" content=\"Federico Arguto\" \/>\n<meta name=\"twitter:card\" content=\"summary_large_image\" \/>\n<meta name=\"twitter:creator\" content=\"@vocescomuna15\" \/>\n<meta name=\"twitter:site\" content=\"@vocescomuna15\" \/>\n<meta name=\"twitter:label1\" content=\"Escrito por\" \/>\n\t<meta name=\"twitter:data1\" content=\"Federico Arguto\" \/>\n\t<meta name=\"twitter:label2\" content=\"Tiempo de lectura\" \/>\n\t<meta name=\"twitter:data2\" content=\"4 minutos\" \/>\n<script type=\"application\/ld+json\" class=\"yoast-schema-graph\">{\"@context\":\"https:\\\/\\\/schema.org\",\"@graph\":[{\"@type\":\"Article\",\"@id\":\"https:\\\/\\\/vocesdelacomuna15.com.ar\\\/press\\\/barbijo-en-la-ciudad-desde-manana-no-sera-obligatorio-su-uso-al-aire-libre-ni-en-los-recreos\\\/#article\",\"isPartOf\":{\"@id\":\"https:\\\/\\\/vocesdelacomuna15.com.ar\\\/press\\\/barbijo-en-la-ciudad-desde-manana-no-sera-obligatorio-su-uso-al-aire-libre-ni-en-los-recreos\\\/\"},\"author\":{\"name\":\"Federico Arguto\",\"@id\":\"https:\\\/\\\/vocesdelacomuna15.com.ar\\\/press\\\/#\\\/schema\\\/person\\\/4739e109db25d799cd3d139eeb509e43\"},\"headline\":\"Barbijo en la Ciudad: desde ma\u00f1ana no ser\u00e1 obligatorio su uso al aire libre ni en los recreos\",\"datePublished\":\"2021-10-19T18:14:55+00:00\",\"dateModified\":\"2021-10-19T18:15:00+00:00\",\"mainEntityOfPage\":{\"@id\":\"https:\\\/\\\/vocesdelacomuna15.com.ar\\\/press\\\/barbijo-en-la-ciudad-desde-manana-no-sera-obligatorio-su-uso-al-aire-libre-ni-en-los-recreos\\\/\"},\"wordCount\":850,\"commentCount\":0,\"publisher\":{\"@id\":\"https:\\\/\\\/vocesdelacomuna15.com.ar\\\/press\\\/#organization\"},\"image\":{\"@id\":\"https:\\\/\\\/vocesdelacomuna15.com.ar\\\/press\\\/barbijo-en-la-ciudad-desde-manana-no-sera-obligatorio-su-uso-al-aire-libre-ni-en-los-recreos\\\/#primaryimage\"},\"thumbnailUrl\":\"https:\\\/\\\/vocesdelacomuna15.com.ar\\\/wp-content\\\/uploads\\\/2021\\\/10\\\/larretita1910.jpg\",\"articleSection\":[\"Ciudad\"],\"inLanguage\":\"es-AR\",\"potentialAction\":[{\"@type\":\"CommentAction\",\"name\":\"Comment\",\"target\":[\"https:\\\/\\\/vocesdelacomuna15.com.ar\\\/press\\\/barbijo-en-la-ciudad-desde-manana-no-sera-obligatorio-su-uso-al-aire-libre-ni-en-los-recreos\\\/#respond\"]}]},{\"@type\":\"WebPage\",\"@id\":\"https:\\\/\\\/vocesdelacomuna15.com.ar\\\/press\\\/barbijo-en-la-ciudad-desde-manana-no-sera-obligatorio-su-uso-al-aire-libre-ni-en-los-recreos\\\/\",\"url\":\"https:\\\/\\\/vocesdelacomuna15.com.ar\\\/press\\\/barbijo-en-la-ciudad-desde-manana-no-sera-obligatorio-su-uso-al-aire-libre-ni-en-los-recreos\\\/\",\"name\":\"Barbijo en la Ciudad: desde ma\u00f1ana no ser\u00e1 obligatorio su uso al aire libre ni en los recreos - Voces de la Comuna 15\",\"isPartOf\":{\"@id\":\"https:\\\/\\\/vocesdelacomuna15.com.ar\\\/press\\\/#website\"},\"primaryImageOfPage\":{\"@id\":\"https:\\\/\\\/vocesdelacomuna15.com.ar\\\/press\\\/barbijo-en-la-ciudad-desde-manana-no-sera-obligatorio-su-uso-al-aire-libre-ni-en-los-recreos\\\/#primaryimage\"},\"image\":{\"@id\":\"https:\\\/\\\/vocesdelacomuna15.com.ar\\\/press\\\/barbijo-en-la-ciudad-desde-manana-no-sera-obligatorio-su-uso-al-aire-libre-ni-en-los-recreos\\\/#primaryimage\"},\"thumbnailUrl\":\"https:\\\/\\\/vocesdelacomuna15.com.ar\\\/wp-content\\\/uploads\\\/2021\\\/10\\\/larretita1910.jpg\",\"datePublished\":\"2021-10-19T18:14:55+00:00\",\"dateModified\":\"2021-10-19T18:15:00+00:00\",\"description\":\"Voces de la Comuna 15\",\"breadcrumb\":{\"@id\":\"https:\\\/\\\/vocesdelacomuna15.com.ar\\\/press\\\/barbijo-en-la-ciudad-desde-manana-no-sera-obligatorio-su-uso-al-aire-libre-ni-en-los-recreos\\\/#breadcrumb\"},\"inLanguage\":\"es-AR\",\"potentialAction\":[{\"@type\":\"ReadAction\",\"target\":[\"https:\\\/\\\/vocesdelacomuna15.com.ar\\\/press\\\/barbijo-en-la-ciudad-desde-manana-no-sera-obligatorio-su-uso-al-aire-libre-ni-en-los-recreos\\\/\"]}]},{\"@type\":\"ImageObject\",\"inLanguage\":\"es-AR\",\"@id\":\"https:\\\/\\\/vocesdelacomuna15.com.ar\\\/press\\\/barbijo-en-la-ciudad-desde-manana-no-sera-obligatorio-su-uso-al-aire-libre-ni-en-los-recreos\\\/#primaryimage\",\"url\":\"https:\\\/\\\/vocesdelacomuna15.com.ar\\\/wp-content\\\/uploads\\\/2021\\\/10\\\/larretita1910.jpg\",\"contentUrl\":\"https:\\\/\\\/vocesdelacomuna15.com.ar\\\/wp-content\\\/uploads\\\/2021\\\/10\\\/larretita1910.jpg\",\"width\":879,\"height\":586},{\"@type\":\"BreadcrumbList\",\"@id\":\"https:\\\/\\\/vocesdelacomuna15.com.ar\\\/press\\\/barbijo-en-la-ciudad-desde-manana-no-sera-obligatorio-su-uso-al-aire-libre-ni-en-los-recreos\\\/#breadcrumb\",\"itemListElement\":[{\"@type\":\"ListItem\",\"position\":1,\"name\":\"Inicio\",\"item\":\"https:\\\/\\\/vocesdelacomuna15.com.ar\\\/press\\\/\"},{\"@type\":\"ListItem\",\"position\":2,\"name\":\"Barbijo en la Ciudad: desde ma\u00f1ana no ser\u00e1 obligatorio su uso al aire libre ni en los recreos\"}]},{\"@type\":\"WebSite\",\"@id\":\"https:\\\/\\\/vocesdelacomuna15.com.ar\\\/press\\\/#website\",\"url\":\"https:\\\/\\\/vocesdelacomuna15.com.ar\\\/press\\\/\",\"name\":\"Voces de la Comuna 15\",\"description\":\"Sitio web de noticias\",\"publisher\":{\"@id\":\"https:\\\/\\\/vocesdelacomuna15.com.ar\\\/press\\\/#organization\"},\"potentialAction\":[{\"@type\":\"SearchAction\",\"target\":{\"@type\":\"EntryPoint\",\"urlTemplate\":\"https:\\\/\\\/vocesdelacomuna15.com.ar\\\/press\\\/?s={search_term_string}\"},\"query-input\":{\"@type\":\"PropertyValueSpecification\",\"valueRequired\":true,\"valueName\":\"search_term_string\"}}],\"inLanguage\":\"es-AR\"},{\"@type\":\"Organization\",\"@id\":\"https:\\\/\\\/vocesdelacomuna15.com.ar\\\/press\\\/#organization\",\"name\":\"Voces de la Comuna 15\",\"url\":\"https:\\\/\\\/vocesdelacomuna15.com.ar\\\/press\\\/\",\"logo\":{\"@type\":\"ImageObject\",\"inLanguage\":\"es-AR\",\"@id\":\"https:\\\/\\\/vocesdelacomuna15.com.ar\\\/press\\\/#\\\/schema\\\/logo\\\/image\\\/\",\"url\":\"https:\\\/\\\/vocesdelacomuna15.com.ar\\\/wp-content\\\/uploads\\\/2024\\\/12\\\/cropped-logo_voces.jpg\",\"contentUrl\":\"https:\\\/\\\/vocesdelacomuna15.com.ar\\\/wp-content\\\/uploads\\\/2024\\\/12\\\/cropped-logo_voces.jpg\",\"width\":512,\"height\":512,\"caption\":\"Voces de la Comuna 15\"},\"image\":{\"@id\":\"https:\\\/\\\/vocesdelacomuna15.com.ar\\\/press\\\/#\\\/schema\\\/logo\\\/image\\\/\"},\"sameAs\":[\"https:\\\/\\\/www.facebook.com\\\/VocesComuna15\\\/\",\"https:\\\/\\\/x.com\\\/vocescomuna15\"]},{\"@type\":\"Person\",\"@id\":\"https:\\\/\\\/vocesdelacomuna15.com.ar\\\/press\\\/#\\\/schema\\\/person\\\/4739e109db25d799cd3d139eeb509e43\",\"name\":\"Federico Arguto\",\"image\":{\"@type\":\"ImageObject\",\"inLanguage\":\"es-AR\",\"@id\":\"https:\\\/\\\/vocesdelacomuna15.com.ar\\\/wp-content\\\/litespeed\\\/avatar\\\/82faf979976f1bae889b8b71f8a0a7e5.jpg?ver=1777419741\",\"url\":\"https:\\\/\\\/vocesdelacomuna15.com.ar\\\/wp-content\\\/litespeed\\\/avatar\\\/82faf979976f1bae889b8b71f8a0a7e5.jpg?ver=1777419741\",\"contentUrl\":\"https:\\\/\\\/vocesdelacomuna15.com.ar\\\/wp-content\\\/litespeed\\\/avatar\\\/82faf979976f1bae889b8b71f8a0a7e5.jpg?ver=1777419741\",\"caption\":\"Federico Arguto\"},\"url\":\"https:\\\/\\\/vocesdelacomuna15.com.ar\\\/press\\\/author\\\/fede\\\/\"}]}<\/script>\n<!-- \/ Yoast SEO plugin. -->","yoast_head_json":{"title":"Barbijo en la Ciudad: desde ma\u00f1ana no ser\u00e1 obligatorio su uso al aire libre ni en los recreos - Voces de la Comuna 15","description":"Voces de la Comuna 15","robots":{"index":"index","follow":"follow","max-snippet":"max-snippet:-1","max-image-preview":"max-image-preview:large","max-video-preview":"max-video-preview:-1"},"canonical":"https:\/\/vocesdelacomuna15.com.ar\/press\/barbijo-en-la-ciudad-desde-manana-no-sera-obligatorio-su-uso-al-aire-libre-ni-en-los-recreos\/","og_locale":"es_ES","og_type":"article","og_title":"Barbijo en la Ciudad: desde ma\u00f1ana no ser\u00e1 obligatorio su uso al aire libre ni en los recreos - Voces de la Comuna 15","og_description":"Voces de la Comuna 15","og_url":"https:\/\/vocesdelacomuna15.com.ar\/press\/barbijo-en-la-ciudad-desde-manana-no-sera-obligatorio-su-uso-al-aire-libre-ni-en-los-recreos\/","og_site_name":"Voces de la Comuna 15","article_publisher":"https:\/\/www.facebook.com\/VocesComuna15\/","article_published_time":"2021-10-19T18:14:55+00:00","article_modified_time":"2021-10-19T18:15:00+00:00","og_image":[{"width":879,"height":586,"url":"https:\/\/vocesdelacomuna15.com.ar\/wp-content\/uploads\/2021\/10\/larretita1910.jpg","type":"image\/jpeg"}],"author":"Federico Arguto","twitter_card":"summary_large_image","twitter_creator":"@vocescomuna15","twitter_site":"@vocescomuna15","twitter_misc":{"Escrito por":"Federico Arguto","Tiempo de lectura":"4 minutos"},"schema":{"@context":"https:\/\/schema.org","@graph":[{"@type":"Article","@id":"https:\/\/vocesdelacomuna15.com.ar\/press\/barbijo-en-la-ciudad-desde-manana-no-sera-obligatorio-su-uso-al-aire-libre-ni-en-los-recreos\/#article","isPartOf":{"@id":"https:\/\/vocesdelacomuna15.com.ar\/press\/barbijo-en-la-ciudad-desde-manana-no-sera-obligatorio-su-uso-al-aire-libre-ni-en-los-recreos\/"},"author":{"name":"Federico Arguto","@id":"https:\/\/vocesdelacomuna15.com.ar\/press\/#\/schema\/person\/4739e109db25d799cd3d139eeb509e43"},"headline":"Barbijo en la Ciudad: desde ma\u00f1ana no ser\u00e1 obligatorio su uso al aire libre ni en los recreos","datePublished":"2021-10-19T18:14:55+00:00","dateModified":"2021-10-19T18:15:00+00:00","mainEntityOfPage":{"@id":"https:\/\/vocesdelacomuna15.com.ar\/press\/barbijo-en-la-ciudad-desde-manana-no-sera-obligatorio-su-uso-al-aire-libre-ni-en-los-recreos\/"},"wordCount":850,"commentCount":0,"publisher":{"@id":"https:\/\/vocesdelacomuna15.com.ar\/press\/#organization"},"image":{"@id":"https:\/\/vocesdelacomuna15.com.ar\/press\/barbijo-en-la-ciudad-desde-manana-no-sera-obligatorio-su-uso-al-aire-libre-ni-en-los-recreos\/#primaryimage"},"thumbnailUrl":"https:\/\/vocesdelacomuna15.com.ar\/wp-content\/uploads\/2021\/10\/larretita1910.jpg","articleSection":["Ciudad"],"inLanguage":"es-AR","potentialAction":[{"@type":"CommentAction","name":"Comment","target":["https:\/\/vocesdelacomuna15.com.ar\/press\/barbijo-en-la-ciudad-desde-manana-no-sera-obligatorio-su-uso-al-aire-libre-ni-en-los-recreos\/#respond"]}]},{"@type":"WebPage","@id":"https:\/\/vocesdelacomuna15.com.ar\/press\/barbijo-en-la-ciudad-desde-manana-no-sera-obligatorio-su-uso-al-aire-libre-ni-en-los-recreos\/","url":"https:\/\/vocesdelacomuna15.com.ar\/press\/barbijo-en-la-ciudad-desde-manana-no-sera-obligatorio-su-uso-al-aire-libre-ni-en-los-recreos\/","name":"Barbijo en la Ciudad: desde ma\u00f1ana no ser\u00e1 obligatorio su uso al aire libre ni en los recreos - Voces de la Comuna 15","isPartOf":{"@id":"https:\/\/vocesdelacomuna15.com.ar\/press\/#website"},"primaryImageOfPage":{"@id":"https:\/\/vocesdelacomuna15.com.ar\/press\/barbijo-en-la-ciudad-desde-manana-no-sera-obligatorio-su-uso-al-aire-libre-ni-en-los-recreos\/#primaryimage"},"image":{"@id":"https:\/\/vocesdelacomuna15.com.ar\/press\/barbijo-en-la-ciudad-desde-manana-no-sera-obligatorio-su-uso-al-aire-libre-ni-en-los-recreos\/#primaryimage"},"thumbnailUrl":"https:\/\/vocesdelacomuna15.com.ar\/wp-content\/uploads\/2021\/10\/larretita1910.jpg","datePublished":"2021-10-19T18:14:55+00:00","dateModified":"2021-10-19T18:15:00+00:00","description":"Voces de la Comuna 15","breadcrumb":{"@id":"https:\/\/vocesdelacomuna15.com.ar\/press\/barbijo-en-la-ciudad-desde-manana-no-sera-obligatorio-su-uso-al-aire-libre-ni-en-los-recreos\/#breadcrumb"},"inLanguage":"es-AR","potentialAction":[{"@type":"ReadAction","target":["https:\/\/vocesdelacomuna15.com.ar\/press\/barbijo-en-la-ciudad-desde-manana-no-sera-obligatorio-su-uso-al-aire-libre-ni-en-los-recreos\/"]}]},{"@type":"ImageObject","inLanguage":"es-AR","@id":"https:\/\/vocesdelacomuna15.com.ar\/press\/barbijo-en-la-ciudad-desde-manana-no-sera-obligatorio-su-uso-al-aire-libre-ni-en-los-recreos\/#primaryimage","url":"https:\/\/vocesdelacomuna15.com.ar\/wp-content\/uploads\/2021\/10\/larretita1910.jpg","contentUrl":"https:\/\/vocesdelacomuna15.com.ar\/wp-content\/uploads\/2021\/10\/larretita1910.jpg","width":879,"height":586},{"@type":"BreadcrumbList","@id":"https:\/\/vocesdelacomuna15.com.ar\/press\/barbijo-en-la-ciudad-desde-manana-no-sera-obligatorio-su-uso-al-aire-libre-ni-en-los-recreos\/#breadcrumb","itemListElement":[{"@type":"ListItem","position":1,"name":"Inicio","item":"https:\/\/vocesdelacomuna15.com.ar\/press\/"},{"@type":"ListItem","position":2,"name":"Barbijo en la Ciudad: desde ma\u00f1ana no ser\u00e1 obligatorio su uso al aire libre ni en los recreos"}]},{"@type":"WebSite","@id":"https:\/\/vocesdelacomuna15.com.ar\/press\/#website","url":"https:\/\/vocesdelacomuna15.com.ar\/press\/","name":"Voces de la Comuna 15","description":"Sitio web de noticias","publisher":{"@id":"https:\/\/vocesdelacomuna15.com.ar\/press\/#organization"},"potentialAction":[{"@type":"SearchAction","target":{"@type":"EntryPoint","urlTemplate":"https:\/\/vocesdelacomuna15.com.ar\/press\/?s={search_term_string}"},"query-input":{"@type":"PropertyValueSpecification","valueRequired":true,"valueName":"search_term_string"}}],"inLanguage":"es-AR"},{"@type":"Organization","@id":"https:\/\/vocesdelacomuna15.com.ar\/press\/#organization","name":"Voces de la Comuna 15","url":"https:\/\/vocesdelacomuna15.com.ar\/press\/","logo":{"@type":"ImageObject","inLanguage":"es-AR","@id":"https:\/\/vocesdelacomuna15.com.ar\/press\/#\/schema\/logo\/image\/","url":"https:\/\/vocesdelacomuna15.com.ar\/wp-content\/uploads\/2024\/12\/cropped-logo_voces.jpg","contentUrl":"https:\/\/vocesdelacomuna15.com.ar\/wp-content\/uploads\/2024\/12\/cropped-logo_voces.jpg","width":512,"height":512,"caption":"Voces de la Comuna 15"},"image":{"@id":"https:\/\/vocesdelacomuna15.com.ar\/press\/#\/schema\/logo\/image\/"},"sameAs":["https:\/\/www.facebook.com\/VocesComuna15\/","https:\/\/x.com\/vocescomuna15"]},{"@type":"Person","@id":"https:\/\/vocesdelacomuna15.com.ar\/press\/#\/schema\/person\/4739e109db25d799cd3d139eeb509e43","name":"Federico Arguto","image":{"@type":"ImageObject","inLanguage":"es-AR","@id":"https:\/\/vocesdelacomuna15.com.ar\/wp-content\/litespeed\/avatar\/82faf979976f1bae889b8b71f8a0a7e5.jpg?ver=1777419741","url":"https:\/\/vocesdelacomuna15.com.ar\/wp-content\/litespeed\/avatar\/82faf979976f1bae889b8b71f8a0a7e5.jpg?ver=1777419741","contentUrl":"https:\/\/vocesdelacomuna15.com.ar\/wp-content\/litespeed\/avatar\/82faf979976f1bae889b8b71f8a0a7e5.jpg?ver=1777419741","caption":"Federico Arguto"},"url":"https:\/\/vocesdelacomuna15.com.ar\/press\/author\/fede\/"}]}},"_links":{"self":[{"href":"https:\/\/vocesdelacomuna15.com.ar\/press\/wp-json\/wp\/v2\/posts\/54839","targetHints":{"allow":["GET"]}}],"collection":[{"href":"https:\/\/vocesdelacomuna15.com.ar\/press\/wp-json\/wp\/v2\/posts"}],"about":[{"href":"https:\/\/vocesdelacomuna15.com.ar\/press\/wp-json\/wp\/v2\/types\/post"}],"author":[{"embeddable":true,"href":"https:\/\/vocesdelacomuna15.com.ar\/press\/wp-json\/wp\/v2\/users\/2"}],"replies":[{"embeddable":true,"href":"https:\/\/vocesdelacomuna15.com.ar\/press\/wp-json\/wp\/v2\/comments?post=54839"}],"version-history":[{"count":1,"href":"https:\/\/vocesdelacomuna15.com.ar\/press\/wp-json\/wp\/v2\/posts\/54839\/revisions"}],"predecessor-version":[{"id":54841,"href":"https:\/\/vocesdelacomuna15.com.ar\/press\/wp-json\/wp\/v2\/posts\/54839\/revisions\/54841"}],"wp:featuredmedia":[{"embeddable":true,"href":"https:\/\/vocesdelacomuna15.com.ar\/press\/wp-json\/wp\/v2\/media\/54840"}],"wp:attachment":[{"href":"https:\/\/vocesdelacomuna15.com.ar\/press\/wp-json\/wp\/v2\/media?parent=54839"}],"wp:term":[{"taxonomy":"category","embeddable":true,"href":"https:\/\/vocesdelacomuna15.com.ar\/press\/wp-json\/wp\/v2\/categories?post=54839"},{"taxonomy":"post_tag","embeddable":true,"href":"https:\/\/vocesdelacomuna15.com.ar\/press\/wp-json\/wp\/v2\/tags?post=54839"}],"curies":[{"name":"wp","href":"https:\/\/api.w.org\/{rel}","templated":true}]}}