{"id":54832,"date":"2021-10-18T00:01:48","date_gmt":"2021-10-18T03:01:48","guid":{"rendered":"http:\/\/vocesdelacomuna15.com.ar\/wordpress\/?p=54832"},"modified":"2021-10-18T00:40:29","modified_gmt":"2021-10-18T03:40:29","slug":"recomendaciones-teatrales-para-octubre","status":"publish","type":"post","link":"https:\/\/vocesdelacomuna15.com.ar\/press\/recomendaciones-teatrales-para-octubre\/","title":{"rendered":"Recomendaciones teatrales para octubre"},"content":{"rendered":"\n<p>Fuente: Peri\u00f3dico Voces de la Comuna 15 (Por Manuel Germano)<\/p>\n\n\n\n<p>Los teatros vuelven a funcionar a toda m\u00e1quina y las opciones empiezan a multiplicarse, sobre todo en el circuito alternativo. Si bien las entradas han sufrido una escalada en los precios (el circuito comercial tiene entradas de 2000 en adelante), el off ofrece muy buenas opciones a precios m\u00e1s m\u00f3dicos ($700 aproximadamente), para que los amantes del teatro puedan disfrutar de muy buenas \ufb01cciones.<\/p>\n\n\n\n<p>Los protocolos sanitarios siguen\nvigentes, el uso de barbijo en funci\u00f3n es obligatorio,\nse coloca gel antes de entrar y se toma la temperatura. El teatro es seguro y cada vez m\u00e1s gente se anima a volver.<\/p>\n\n\n\n<p>Les recomiendo las siguientes obras del circuito alternativo para disfrutar en las salas:<\/p>\n\n\n\n<p><strong>&#8220;Algo de Ricardo&#8221;, de Gabriel Calder\u00f3n<\/strong><\/p>\n\n\n\n<p>\u201cAlgo de Ricardo\u201d es una obra para un solo actor, convocado para protagonizar Ricardo III de Shakespeare. Oportunidad que esper\u00f3 toda su vida, pero esta vez son el elenco y el director quienes no est\u00e1n a la altura del desaf\u00edo, sin embargo, esto no ser\u00e1 un obst\u00e1culo que lo detenga para llegar al estreno, por lo que su mundo se convertir\u00e1 en un lugar injusto, donde habr\u00e1 que matar para sobrevivir. Pero el poder acarrea soledad. Y descubrirlo lo llevar\u00e1 a tomar una decisi\u00f3n que lo convertir\u00e1 en fugitivo de s\u00ed mismo, dej\u00e1ndolo atrapado ah\u00ed donde los sue\u00f1os transcurrir\u00e1n a dos metros sobre su cabeza.<\/p>\n\n\n\n<p><strong>Datos de inter\u00e9s<\/strong>: Entrada general desde $800, pueden adquirirse \u00fanicamente online a trav\u00e9s de Alternativa teatral. FUNCIONES: Domingos 19 hs. (desde el 26\/9) La Carpinter\u00eda Teatro: Jean Jaures 858. Instagram @algodericardo&nbsp;&nbsp; \/&nbsp;&nbsp;&nbsp;&nbsp;&nbsp;&nbsp;&nbsp;&nbsp;&nbsp;&nbsp;&nbsp; Facebook: &nbsp;<a href=\"https:\/\/www.facebook.com\/AlgodeRicardo2020\/\">https:\/ www.facebook.com\/AlgodeRicardo2020\/<\/a><\/p>\n\n\n\n<p><strong>&#8220;Edipo en Ezeiza&#8221;, de Pompeto Audivert<\/strong><\/p>\n\n\n\n<p>Comedia metaf\u00edsica sobre c\u00f3mo una familia intenta, a trav\u00e9s del interrogatorio, dar con su paradero en la escena nacional perdida. En los restos fragmentados de un paisaje nacional que var\u00eda a cada momento, la familia se somete a feroces interrogatorios con el \ufb01n de descubrir al traidor disfrazado, al enemigo in\ufb01ltrado. A m\u00e1s de un metro no se ve nada. El padre, la madre y el hijo son versiones incompletas y af\u00e1sicas de un proyecto colectivo que&nbsp; se&nbsp; ha frustrado. Desde el picnic de Ezeiza las identidades familiares se han trastocado y ya no es posible a\ufb01rmar una causa com\u00fan ni una direcci\u00f3n. La lucha contin\u00faa por otros medios en un plano de realidad inenarrable.<\/p>\n\n\n\n<figure class=\"wp-block-image\"><img loading=\"lazy\" decoding=\"async\" width=\"1024\" height=\"682\" src=\"http:\/\/vocesdelacomuna15.com.ar\/wordpress\/wp-content\/uploads\/2021\/10\/edipo-1024x682.jpg\" alt=\"\" class=\"wp-image-54834\" srcset=\"https:\/\/vocesdelacomuna15.com.ar\/wp-content\/uploads\/2021\/10\/edipo-1024x682.jpg 1024w, https:\/\/vocesdelacomuna15.com.ar\/wp-content\/uploads\/2021\/10\/edipo-300x200.jpg 300w, https:\/\/vocesdelacomuna15.com.ar\/wp-content\/uploads\/2021\/10\/edipo-768x512.jpg 768w, https:\/\/vocesdelacomuna15.com.ar\/wp-content\/uploads\/2021\/10\/edipo-1080x720.jpg 1080w, https:\/\/vocesdelacomuna15.com.ar\/wp-content\/uploads\/2021\/10\/edipo-600x400.jpg 600w\" sizes=\"(max-width: 1024px) 100vw, 1024px\" \/><\/figure>\n\n\n\n<p><strong>Datos de inter\u00e9s<\/strong>: Desde el 5 de septiembre, Funciones: domingos a las 16 hs, D\u00f3nde: Teatro El Picadero, Direcci\u00f3n: Pasaje Santos Disc\u00e9polo 1857, C.A.B.A. Entradas en la boleter\u00eda del teatro y por PlateaNet: ENTRADAS POR PLATEANET: <a href=\"https:\/\/www.plateanet.com\/obra\/21274?obra=EDIPO-EN-EZEIZA\">https:\/ www.plateanet.com\/obra\/21274?obra=EDIPO-EN-EZEIZA<\/a> Valor: $ 1400. Duraci\u00f3n: 70 minutos. Web: <a href=\"http:\/\/www.teatropicadero.com.ar\/\">www.teatropicadero.com.ar<\/a>. Descuentos: Club La Naci\u00f3n\/ 365.<\/p>\n\n\n\n<p><\/p>\n\n\n\n<p><strong>\u201cOlvidame\u201d, de Marco Antonio de la Parra (Adaptaci\u00f3n y direcci\u00f3n Dario Duk\u00e1h<\/strong><\/p>\n\n\n\n<p>La\nimpunidad de los amantes es in\ufb01nita, solos sin darse cuenta buscan su castigo&#8230;&#8221;\nAmbos viven como si comprendieran que todo lo que se opone a su amor lo intensi\ufb01ca para exaltarlo in\ufb01nitamente. Necesitan uno del otro para\nsentirse vivos y saber que pueden seguir adelante con una vida que se&nbsp;\nle impuso&#8230;. En la ausencia\ndel otro, es el recuerdo de esos momentos los que los mantiene vivos..Amantes atemporales que no pueden escapar a su destino\ntr\u00e1gico. Viven una y otra vez el \ufb01nal anunciado del amor prohibido. No pueden evitarlo y todo vuelve a empezar.\nSon imposibles pero ah\u00ed est\u00e1n, siendo imposibles juntos y dejando\nlo posible para otro d\u00eda.<\/p>\n\n\n\n<p>Datos de inter\u00e9s: Funciones: martes 20 hs. (nuevo horario\ndesde el 19&nbsp;\nde octubre).\nDuraci\u00f3n: 60 minutos. ESPACIO CALLEJ\u00d3N: Humahuaca 3759, CABA. Tel\u00e9fonos: 4862-1167. Web: <a href=\"http:\/\/espaciocallejon.com\/\">http:\/ espaciocallejon.com\/<\/a>. <\/p>\n\n\n\n<p>Entradas por Alternativa Teatral: <\/p>\n\n\n\n<p><a href=\"https:\/\/publico.alternativateatral.com\/entradas75386-olvidame?o=14\">https:\/ publico.alternativateatral.com\/entradas75386-olvidame?o=14<\/a>.<\/p>\n\n\n\n<p>Entradas: $ 700<\/p>\n\n\n\n<p><strong>\u201c\u00bfTen\u00edas fr\u00edo?\u201d, de Natalia Casielles<\/strong><\/p>\n\n\n\n<p>El despliegue de palabras que intentan recuperar\nun sentido. La imposibilidad de reconstruir, narrar la experiencia propia y ajena durante\nla \u00faltima dictadura c\u00edvico militar en\nArgentina. Un territorio con\ufb01gurado en capas, estratos geol\u00f3gicos en los que hurgar. Frases,\npoemas, sue\u00f1os, cuentos, articulan el corpus dram\u00e1tico de esta obra. El texto concibi\u00f3 su imaginario\nmediante los relatos de les int\u00e9rpretes, la mirada de Laura Yusem y el entretejido con las textualidades: El\nnarrador de Walter Benjamin, La\nrevoluci\u00f3n es un sue\u00f1o eterno de Andr\u00e9s Rivera, En mi nombre. Historias\nde identidades restituidas de \u00c1ngela Pradelli\ny Hoy de Juan Gelman.<\/p>\n\n\n\n<p>Funciones: s\u00e1bados 21 hs. y viernes 19 y 26 de noviembre. No habr\u00e1 funciones los s\u00e1bados 6 y 13 de noviembre. Duraci\u00f3n: 50 minutos. Casa Sof\u00eda: Fitz Roy 1327 CABA. Web: www.casasofia.org.ar \/ @casaculturalsofia. Entrada: $700<\/p>\n\n\n\n<p>Aclaraci\u00f3n: La foto de portada corresponde a &#8220;Algo de Ricardo&#8221;<\/p>\n\n\n\n<p>Caracteres: 4.669<\/p>\n<div class=\"pvc_clear\"><\/div><p id=\"pvc_stats_54832\" class=\"pvc_stats all  \" data-element-id=\"54832\" style=\"\"><i class=\"pvc-stats-icon small\" aria-hidden=\"true\"><svg aria-hidden=\"true\" focusable=\"false\" data-prefix=\"far\" data-icon=\"chart-bar\" role=\"img\" xmlns=\"http:\/\/www.w3.org\/2000\/svg\" viewBox=\"0 0 512 512\" class=\"svg-inline--fa fa-chart-bar fa-w-16 fa-2x\"><path fill=\"currentColor\" d=\"M396.8 352h22.4c6.4 0 12.8-6.4 12.8-12.8V108.8c0-6.4-6.4-12.8-12.8-12.8h-22.4c-6.4 0-12.8 6.4-12.8 12.8v230.4c0 6.4 6.4 12.8 12.8 12.8zm-192 0h22.4c6.4 0 12.8-6.4 12.8-12.8V140.8c0-6.4-6.4-12.8-12.8-12.8h-22.4c-6.4 0-12.8 6.4-12.8 12.8v198.4c0 6.4 6.4 12.8 12.8 12.8zm96 0h22.4c6.4 0 12.8-6.4 12.8-12.8V204.8c0-6.4-6.4-12.8-12.8-12.8h-22.4c-6.4 0-12.8 6.4-12.8 12.8v134.4c0 6.4 6.4 12.8 12.8 12.8zM496 400H48V80c0-8.84-7.16-16-16-16H16C7.16 64 0 71.16 0 80v336c0 17.67 14.33 32 32 32h464c8.84 0 16-7.16 16-16v-16c0-8.84-7.16-16-16-16zm-387.2-48h22.4c6.4 0 12.8-6.4 12.8-12.8v-70.4c0-6.4-6.4-12.8-12.8-12.8h-22.4c-6.4 0-12.8 6.4-12.8 12.8v70.4c0 6.4 6.4 12.8 12.8 12.8z\" class=\"\"><\/path><\/svg><\/i> <img loading=\"lazy\" decoding=\"async\" width=\"16\" height=\"16\" alt=\"Loading\" src=\"https:\/\/vocesdelacomuna15.com.ar\/wp-content\/plugins\/page-views-count\/ajax-loader-2x.gif\" border=0 \/><\/p><div class=\"pvc_clear\"><\/div>","protected":false},"excerpt":{"rendered":"<p>Fuente: Peri\u00f3dico Voces de la Comuna 15 (Por Manuel Germano) Los teatros vuelven a funcionar a toda m\u00e1quina y las opciones empiezan a multiplicarse, sobre todo en el circuito alternativo. Si bien las entradas han sufrido una escalada en los precios (el circuito comercial tiene entradas de 2000 en adelante), el off ofrece muy buenas [&hellip;]<\/p>\n<div class=\"pvc_clear\"><\/div>\n<p id=\"pvc_stats_54832\" class=\"pvc_stats all  \" data-element-id=\"54832\" style=\"\"><i class=\"pvc-stats-icon small\" aria-hidden=\"true\"><svg aria-hidden=\"true\" focusable=\"false\" data-prefix=\"far\" data-icon=\"chart-bar\" role=\"img\" xmlns=\"http:\/\/www.w3.org\/2000\/svg\" viewBox=\"0 0 512 512\" class=\"svg-inline--fa fa-chart-bar fa-w-16 fa-2x\"><path fill=\"currentColor\" d=\"M396.8 352h22.4c6.4 0 12.8-6.4 12.8-12.8V108.8c0-6.4-6.4-12.8-12.8-12.8h-22.4c-6.4 0-12.8 6.4-12.8 12.8v230.4c0 6.4 6.4 12.8 12.8 12.8zm-192 0h22.4c6.4 0 12.8-6.4 12.8-12.8V140.8c0-6.4-6.4-12.8-12.8-12.8h-22.4c-6.4 0-12.8 6.4-12.8 12.8v198.4c0 6.4 6.4 12.8 12.8 12.8zm96 0h22.4c6.4 0 12.8-6.4 12.8-12.8V204.8c0-6.4-6.4-12.8-12.8-12.8h-22.4c-6.4 0-12.8 6.4-12.8 12.8v134.4c0 6.4 6.4 12.8 12.8 12.8zM496 400H48V80c0-8.84-7.16-16-16-16H16C7.16 64 0 71.16 0 80v336c0 17.67 14.33 32 32 32h464c8.84 0 16-7.16 16-16v-16c0-8.84-7.16-16-16-16zm-387.2-48h22.4c6.4 0 12.8-6.4 12.8-12.8v-70.4c0-6.4-6.4-12.8-12.8-12.8h-22.4c-6.4 0-12.8 6.4-12.8 12.8v70.4c0 6.4 6.4 12.8 12.8 12.8z\" class=\"\"><\/path><\/svg><\/i> <img loading=\"lazy\" decoding=\"async\" width=\"16\" height=\"16\" alt=\"Loading\" src=\"https:\/\/vocesdelacomuna15.com.ar\/wp-content\/plugins\/page-views-count\/ajax-loader-2x.gif\" border=0 \/><\/p>\n<div class=\"pvc_clear\"><\/div>\n","protected":false},"author":2,"featured_media":54833,"comment_status":"open","ping_status":"open","sticky":false,"template":"","format":"standard","meta":{"_et_pb_use_builder":"off","_et_pb_old_content":"","_et_gb_content_width":"","footnotes":""},"categories":[24],"tags":[],"class_list":["post-54832","post","type-post","status-publish","format-standard","has-post-thumbnail","hentry","category-cultura","et-has-post-format-content","et_post_format-et-post-format-standard"],"a3_pvc":{"activated":true,"total_views":370,"today_views":0},"yoast_head":"<!-- This site is optimized with the Yoast SEO plugin v27.5 - https:\/\/yoast.com\/product\/yoast-seo-wordpress\/ -->\n<title>Recomendaciones teatrales para octubre - Voces de la Comuna 15<\/title>\n<meta name=\"description\" content=\"Voces de la Comuna 15\" \/>\n<meta name=\"robots\" content=\"index, follow, max-snippet:-1, max-image-preview:large, max-video-preview:-1\" \/>\n<link rel=\"canonical\" href=\"https:\/\/vocesdelacomuna15.com.ar\/press\/recomendaciones-teatrales-para-octubre\/\" \/>\n<meta property=\"og:locale\" content=\"es_ES\" \/>\n<meta property=\"og:type\" content=\"article\" \/>\n<meta property=\"og:title\" content=\"Recomendaciones teatrales para octubre - Voces de la Comuna 15\" \/>\n<meta property=\"og:description\" content=\"Voces de la Comuna 15\" \/>\n<meta property=\"og:url\" content=\"https:\/\/vocesdelacomuna15.com.ar\/press\/recomendaciones-teatrales-para-octubre\/\" \/>\n<meta property=\"og:site_name\" content=\"Voces de la Comuna 15\" \/>\n<meta property=\"article:publisher\" content=\"https:\/\/www.facebook.com\/VocesComuna15\/\" \/>\n<meta property=\"article:published_time\" content=\"2021-10-18T03:01:48+00:00\" \/>\n<meta property=\"article:modified_time\" content=\"2021-10-18T03:40:29+00:00\" \/>\n<meta property=\"og:image\" content=\"https:\/\/vocesdelacomuna15.com.ar\/wp-content\/uploads\/2021\/10\/ricardo.jpg\" \/>\n\t<meta property=\"og:image:width\" content=\"1900\" \/>\n\t<meta property=\"og:image:height\" content=\"1263\" \/>\n\t<meta property=\"og:image:type\" content=\"image\/jpeg\" \/>\n<meta name=\"author\" content=\"Federico Arguto\" \/>\n<meta name=\"twitter:card\" content=\"summary_large_image\" \/>\n<meta name=\"twitter:creator\" content=\"@vocescomuna15\" \/>\n<meta name=\"twitter:site\" content=\"@vocescomuna15\" \/>\n<meta name=\"twitter:label1\" content=\"Escrito por\" \/>\n\t<meta name=\"twitter:data1\" content=\"Federico Arguto\" \/>\n\t<meta name=\"twitter:label2\" content=\"Tiempo de lectura\" \/>\n\t<meta name=\"twitter:data2\" content=\"4 minutos\" \/>\n<script type=\"application\/ld+json\" class=\"yoast-schema-graph\">{\"@context\":\"https:\\\/\\\/schema.org\",\"@graph\":[{\"@type\":\"Article\",\"@id\":\"https:\\\/\\\/vocesdelacomuna15.com.ar\\\/press\\\/recomendaciones-teatrales-para-octubre\\\/#article\",\"isPartOf\":{\"@id\":\"https:\\\/\\\/vocesdelacomuna15.com.ar\\\/press\\\/recomendaciones-teatrales-para-octubre\\\/\"},\"author\":{\"name\":\"Federico Arguto\",\"@id\":\"https:\\\/\\\/vocesdelacomuna15.com.ar\\\/press\\\/#\\\/schema\\\/person\\\/4739e109db25d799cd3d139eeb509e43\"},\"headline\":\"Recomendaciones teatrales para octubre\",\"datePublished\":\"2021-10-18T03:01:48+00:00\",\"dateModified\":\"2021-10-18T03:40:29+00:00\",\"mainEntityOfPage\":{\"@id\":\"https:\\\/\\\/vocesdelacomuna15.com.ar\\\/press\\\/recomendaciones-teatrales-para-octubre\\\/\"},\"wordCount\":834,\"commentCount\":0,\"publisher\":{\"@id\":\"https:\\\/\\\/vocesdelacomuna15.com.ar\\\/press\\\/#organization\"},\"image\":{\"@id\":\"https:\\\/\\\/vocesdelacomuna15.com.ar\\\/press\\\/recomendaciones-teatrales-para-octubre\\\/#primaryimage\"},\"thumbnailUrl\":\"https:\\\/\\\/vocesdelacomuna15.com.ar\\\/wp-content\\\/uploads\\\/2021\\\/10\\\/ricardo.jpg\",\"articleSection\":[\"Cultura\"],\"inLanguage\":\"es-AR\",\"potentialAction\":[{\"@type\":\"CommentAction\",\"name\":\"Comment\",\"target\":[\"https:\\\/\\\/vocesdelacomuna15.com.ar\\\/press\\\/recomendaciones-teatrales-para-octubre\\\/#respond\"]}]},{\"@type\":\"WebPage\",\"@id\":\"https:\\\/\\\/vocesdelacomuna15.com.ar\\\/press\\\/recomendaciones-teatrales-para-octubre\\\/\",\"url\":\"https:\\\/\\\/vocesdelacomuna15.com.ar\\\/press\\\/recomendaciones-teatrales-para-octubre\\\/\",\"name\":\"Recomendaciones teatrales para octubre - Voces de la Comuna 15\",\"isPartOf\":{\"@id\":\"https:\\\/\\\/vocesdelacomuna15.com.ar\\\/press\\\/#website\"},\"primaryImageOfPage\":{\"@id\":\"https:\\\/\\\/vocesdelacomuna15.com.ar\\\/press\\\/recomendaciones-teatrales-para-octubre\\\/#primaryimage\"},\"image\":{\"@id\":\"https:\\\/\\\/vocesdelacomuna15.com.ar\\\/press\\\/recomendaciones-teatrales-para-octubre\\\/#primaryimage\"},\"thumbnailUrl\":\"https:\\\/\\\/vocesdelacomuna15.com.ar\\\/wp-content\\\/uploads\\\/2021\\\/10\\\/ricardo.jpg\",\"datePublished\":\"2021-10-18T03:01:48+00:00\",\"dateModified\":\"2021-10-18T03:40:29+00:00\",\"description\":\"Voces de la Comuna 15\",\"breadcrumb\":{\"@id\":\"https:\\\/\\\/vocesdelacomuna15.com.ar\\\/press\\\/recomendaciones-teatrales-para-octubre\\\/#breadcrumb\"},\"inLanguage\":\"es-AR\",\"potentialAction\":[{\"@type\":\"ReadAction\",\"target\":[\"https:\\\/\\\/vocesdelacomuna15.com.ar\\\/press\\\/recomendaciones-teatrales-para-octubre\\\/\"]}]},{\"@type\":\"ImageObject\",\"inLanguage\":\"es-AR\",\"@id\":\"https:\\\/\\\/vocesdelacomuna15.com.ar\\\/press\\\/recomendaciones-teatrales-para-octubre\\\/#primaryimage\",\"url\":\"https:\\\/\\\/vocesdelacomuna15.com.ar\\\/wp-content\\\/uploads\\\/2021\\\/10\\\/ricardo.jpg\",\"contentUrl\":\"https:\\\/\\\/vocesdelacomuna15.com.ar\\\/wp-content\\\/uploads\\\/2021\\\/10\\\/ricardo.jpg\",\"width\":1900,\"height\":1263},{\"@type\":\"BreadcrumbList\",\"@id\":\"https:\\\/\\\/vocesdelacomuna15.com.ar\\\/press\\\/recomendaciones-teatrales-para-octubre\\\/#breadcrumb\",\"itemListElement\":[{\"@type\":\"ListItem\",\"position\":1,\"name\":\"Inicio\",\"item\":\"https:\\\/\\\/vocesdelacomuna15.com.ar\\\/press\\\/\"},{\"@type\":\"ListItem\",\"position\":2,\"name\":\"Recomendaciones teatrales para octubre\"}]},{\"@type\":\"WebSite\",\"@id\":\"https:\\\/\\\/vocesdelacomuna15.com.ar\\\/press\\\/#website\",\"url\":\"https:\\\/\\\/vocesdelacomuna15.com.ar\\\/press\\\/\",\"name\":\"Voces de la Comuna 15\",\"description\":\"Sitio web de noticias\",\"publisher\":{\"@id\":\"https:\\\/\\\/vocesdelacomuna15.com.ar\\\/press\\\/#organization\"},\"potentialAction\":[{\"@type\":\"SearchAction\",\"target\":{\"@type\":\"EntryPoint\",\"urlTemplate\":\"https:\\\/\\\/vocesdelacomuna15.com.ar\\\/press\\\/?s={search_term_string}\"},\"query-input\":{\"@type\":\"PropertyValueSpecification\",\"valueRequired\":true,\"valueName\":\"search_term_string\"}}],\"inLanguage\":\"es-AR\"},{\"@type\":\"Organization\",\"@id\":\"https:\\\/\\\/vocesdelacomuna15.com.ar\\\/press\\\/#organization\",\"name\":\"Voces de la Comuna 15\",\"url\":\"https:\\\/\\\/vocesdelacomuna15.com.ar\\\/press\\\/\",\"logo\":{\"@type\":\"ImageObject\",\"inLanguage\":\"es-AR\",\"@id\":\"https:\\\/\\\/vocesdelacomuna15.com.ar\\\/press\\\/#\\\/schema\\\/logo\\\/image\\\/\",\"url\":\"https:\\\/\\\/vocesdelacomuna15.com.ar\\\/wp-content\\\/uploads\\\/2024\\\/12\\\/cropped-logo_voces.jpg\",\"contentUrl\":\"https:\\\/\\\/vocesdelacomuna15.com.ar\\\/wp-content\\\/uploads\\\/2024\\\/12\\\/cropped-logo_voces.jpg\",\"width\":512,\"height\":512,\"caption\":\"Voces de la Comuna 15\"},\"image\":{\"@id\":\"https:\\\/\\\/vocesdelacomuna15.com.ar\\\/press\\\/#\\\/schema\\\/logo\\\/image\\\/\"},\"sameAs\":[\"https:\\\/\\\/www.facebook.com\\\/VocesComuna15\\\/\",\"https:\\\/\\\/x.com\\\/vocescomuna15\"]},{\"@type\":\"Person\",\"@id\":\"https:\\\/\\\/vocesdelacomuna15.com.ar\\\/press\\\/#\\\/schema\\\/person\\\/4739e109db25d799cd3d139eeb509e43\",\"name\":\"Federico Arguto\",\"image\":{\"@type\":\"ImageObject\",\"inLanguage\":\"es-AR\",\"@id\":\"https:\\\/\\\/vocesdelacomuna15.com.ar\\\/wp-content\\\/litespeed\\\/avatar\\\/82faf979976f1bae889b8b71f8a0a7e5.jpg?ver=1777419741\",\"url\":\"https:\\\/\\\/vocesdelacomuna15.com.ar\\\/wp-content\\\/litespeed\\\/avatar\\\/82faf979976f1bae889b8b71f8a0a7e5.jpg?ver=1777419741\",\"contentUrl\":\"https:\\\/\\\/vocesdelacomuna15.com.ar\\\/wp-content\\\/litespeed\\\/avatar\\\/82faf979976f1bae889b8b71f8a0a7e5.jpg?ver=1777419741\",\"caption\":\"Federico Arguto\"},\"url\":\"https:\\\/\\\/vocesdelacomuna15.com.ar\\\/press\\\/author\\\/fede\\\/\"}]}<\/script>\n<!-- \/ Yoast SEO plugin. -->","yoast_head_json":{"title":"Recomendaciones teatrales para octubre - Voces de la Comuna 15","description":"Voces de la Comuna 15","robots":{"index":"index","follow":"follow","max-snippet":"max-snippet:-1","max-image-preview":"max-image-preview:large","max-video-preview":"max-video-preview:-1"},"canonical":"https:\/\/vocesdelacomuna15.com.ar\/press\/recomendaciones-teatrales-para-octubre\/","og_locale":"es_ES","og_type":"article","og_title":"Recomendaciones teatrales para octubre - Voces de la Comuna 15","og_description":"Voces de la Comuna 15","og_url":"https:\/\/vocesdelacomuna15.com.ar\/press\/recomendaciones-teatrales-para-octubre\/","og_site_name":"Voces de la Comuna 15","article_publisher":"https:\/\/www.facebook.com\/VocesComuna15\/","article_published_time":"2021-10-18T03:01:48+00:00","article_modified_time":"2021-10-18T03:40:29+00:00","og_image":[{"width":1900,"height":1263,"url":"https:\/\/vocesdelacomuna15.com.ar\/wp-content\/uploads\/2021\/10\/ricardo.jpg","type":"image\/jpeg"}],"author":"Federico Arguto","twitter_card":"summary_large_image","twitter_creator":"@vocescomuna15","twitter_site":"@vocescomuna15","twitter_misc":{"Escrito por":"Federico Arguto","Tiempo de lectura":"4 minutos"},"schema":{"@context":"https:\/\/schema.org","@graph":[{"@type":"Article","@id":"https:\/\/vocesdelacomuna15.com.ar\/press\/recomendaciones-teatrales-para-octubre\/#article","isPartOf":{"@id":"https:\/\/vocesdelacomuna15.com.ar\/press\/recomendaciones-teatrales-para-octubre\/"},"author":{"name":"Federico Arguto","@id":"https:\/\/vocesdelacomuna15.com.ar\/press\/#\/schema\/person\/4739e109db25d799cd3d139eeb509e43"},"headline":"Recomendaciones teatrales para octubre","datePublished":"2021-10-18T03:01:48+00:00","dateModified":"2021-10-18T03:40:29+00:00","mainEntityOfPage":{"@id":"https:\/\/vocesdelacomuna15.com.ar\/press\/recomendaciones-teatrales-para-octubre\/"},"wordCount":834,"commentCount":0,"publisher":{"@id":"https:\/\/vocesdelacomuna15.com.ar\/press\/#organization"},"image":{"@id":"https:\/\/vocesdelacomuna15.com.ar\/press\/recomendaciones-teatrales-para-octubre\/#primaryimage"},"thumbnailUrl":"https:\/\/vocesdelacomuna15.com.ar\/wp-content\/uploads\/2021\/10\/ricardo.jpg","articleSection":["Cultura"],"inLanguage":"es-AR","potentialAction":[{"@type":"CommentAction","name":"Comment","target":["https:\/\/vocesdelacomuna15.com.ar\/press\/recomendaciones-teatrales-para-octubre\/#respond"]}]},{"@type":"WebPage","@id":"https:\/\/vocesdelacomuna15.com.ar\/press\/recomendaciones-teatrales-para-octubre\/","url":"https:\/\/vocesdelacomuna15.com.ar\/press\/recomendaciones-teatrales-para-octubre\/","name":"Recomendaciones teatrales para octubre - Voces de la Comuna 15","isPartOf":{"@id":"https:\/\/vocesdelacomuna15.com.ar\/press\/#website"},"primaryImageOfPage":{"@id":"https:\/\/vocesdelacomuna15.com.ar\/press\/recomendaciones-teatrales-para-octubre\/#primaryimage"},"image":{"@id":"https:\/\/vocesdelacomuna15.com.ar\/press\/recomendaciones-teatrales-para-octubre\/#primaryimage"},"thumbnailUrl":"https:\/\/vocesdelacomuna15.com.ar\/wp-content\/uploads\/2021\/10\/ricardo.jpg","datePublished":"2021-10-18T03:01:48+00:00","dateModified":"2021-10-18T03:40:29+00:00","description":"Voces de la Comuna 15","breadcrumb":{"@id":"https:\/\/vocesdelacomuna15.com.ar\/press\/recomendaciones-teatrales-para-octubre\/#breadcrumb"},"inLanguage":"es-AR","potentialAction":[{"@type":"ReadAction","target":["https:\/\/vocesdelacomuna15.com.ar\/press\/recomendaciones-teatrales-para-octubre\/"]}]},{"@type":"ImageObject","inLanguage":"es-AR","@id":"https:\/\/vocesdelacomuna15.com.ar\/press\/recomendaciones-teatrales-para-octubre\/#primaryimage","url":"https:\/\/vocesdelacomuna15.com.ar\/wp-content\/uploads\/2021\/10\/ricardo.jpg","contentUrl":"https:\/\/vocesdelacomuna15.com.ar\/wp-content\/uploads\/2021\/10\/ricardo.jpg","width":1900,"height":1263},{"@type":"BreadcrumbList","@id":"https:\/\/vocesdelacomuna15.com.ar\/press\/recomendaciones-teatrales-para-octubre\/#breadcrumb","itemListElement":[{"@type":"ListItem","position":1,"name":"Inicio","item":"https:\/\/vocesdelacomuna15.com.ar\/press\/"},{"@type":"ListItem","position":2,"name":"Recomendaciones teatrales para octubre"}]},{"@type":"WebSite","@id":"https:\/\/vocesdelacomuna15.com.ar\/press\/#website","url":"https:\/\/vocesdelacomuna15.com.ar\/press\/","name":"Voces de la Comuna 15","description":"Sitio web de noticias","publisher":{"@id":"https:\/\/vocesdelacomuna15.com.ar\/press\/#organization"},"potentialAction":[{"@type":"SearchAction","target":{"@type":"EntryPoint","urlTemplate":"https:\/\/vocesdelacomuna15.com.ar\/press\/?s={search_term_string}"},"query-input":{"@type":"PropertyValueSpecification","valueRequired":true,"valueName":"search_term_string"}}],"inLanguage":"es-AR"},{"@type":"Organization","@id":"https:\/\/vocesdelacomuna15.com.ar\/press\/#organization","name":"Voces de la Comuna 15","url":"https:\/\/vocesdelacomuna15.com.ar\/press\/","logo":{"@type":"ImageObject","inLanguage":"es-AR","@id":"https:\/\/vocesdelacomuna15.com.ar\/press\/#\/schema\/logo\/image\/","url":"https:\/\/vocesdelacomuna15.com.ar\/wp-content\/uploads\/2024\/12\/cropped-logo_voces.jpg","contentUrl":"https:\/\/vocesdelacomuna15.com.ar\/wp-content\/uploads\/2024\/12\/cropped-logo_voces.jpg","width":512,"height":512,"caption":"Voces de la Comuna 15"},"image":{"@id":"https:\/\/vocesdelacomuna15.com.ar\/press\/#\/schema\/logo\/image\/"},"sameAs":["https:\/\/www.facebook.com\/VocesComuna15\/","https:\/\/x.com\/vocescomuna15"]},{"@type":"Person","@id":"https:\/\/vocesdelacomuna15.com.ar\/press\/#\/schema\/person\/4739e109db25d799cd3d139eeb509e43","name":"Federico Arguto","image":{"@type":"ImageObject","inLanguage":"es-AR","@id":"https:\/\/vocesdelacomuna15.com.ar\/wp-content\/litespeed\/avatar\/82faf979976f1bae889b8b71f8a0a7e5.jpg?ver=1777419741","url":"https:\/\/vocesdelacomuna15.com.ar\/wp-content\/litespeed\/avatar\/82faf979976f1bae889b8b71f8a0a7e5.jpg?ver=1777419741","contentUrl":"https:\/\/vocesdelacomuna15.com.ar\/wp-content\/litespeed\/avatar\/82faf979976f1bae889b8b71f8a0a7e5.jpg?ver=1777419741","caption":"Federico Arguto"},"url":"https:\/\/vocesdelacomuna15.com.ar\/press\/author\/fede\/"}]}},"_links":{"self":[{"href":"https:\/\/vocesdelacomuna15.com.ar\/press\/wp-json\/wp\/v2\/posts\/54832","targetHints":{"allow":["GET"]}}],"collection":[{"href":"https:\/\/vocesdelacomuna15.com.ar\/press\/wp-json\/wp\/v2\/posts"}],"about":[{"href":"https:\/\/vocesdelacomuna15.com.ar\/press\/wp-json\/wp\/v2\/types\/post"}],"author":[{"embeddable":true,"href":"https:\/\/vocesdelacomuna15.com.ar\/press\/wp-json\/wp\/v2\/users\/2"}],"replies":[{"embeddable":true,"href":"https:\/\/vocesdelacomuna15.com.ar\/press\/wp-json\/wp\/v2\/comments?post=54832"}],"version-history":[{"count":3,"href":"https:\/\/vocesdelacomuna15.com.ar\/press\/wp-json\/wp\/v2\/posts\/54832\/revisions"}],"predecessor-version":[{"id":54837,"href":"https:\/\/vocesdelacomuna15.com.ar\/press\/wp-json\/wp\/v2\/posts\/54832\/revisions\/54837"}],"wp:featuredmedia":[{"embeddable":true,"href":"https:\/\/vocesdelacomuna15.com.ar\/press\/wp-json\/wp\/v2\/media\/54833"}],"wp:attachment":[{"href":"https:\/\/vocesdelacomuna15.com.ar\/press\/wp-json\/wp\/v2\/media?parent=54832"}],"wp:term":[{"taxonomy":"category","embeddable":true,"href":"https:\/\/vocesdelacomuna15.com.ar\/press\/wp-json\/wp\/v2\/categories?post=54832"},{"taxonomy":"post_tag","embeddable":true,"href":"https:\/\/vocesdelacomuna15.com.ar\/press\/wp-json\/wp\/v2\/tags?post=54832"}],"curies":[{"name":"wp","href":"https:\/\/api.w.org\/{rel}","templated":true}]}}