{"id":54822,"date":"2021-10-14T12:18:44","date_gmt":"2021-10-14T15:18:44","guid":{"rendered":"http:\/\/vocesdelacomuna15.com.ar\/wordpress\/?p=54822"},"modified":"2021-10-14T12:18:51","modified_gmt":"2021-10-14T15:18:51","slug":"cayo-el-desguazador-de-paternal-policia-de-la-ciudad-hallo-lujoso-auto-aleman-robado-en-lomas-de-zamora","status":"publish","type":"post","link":"https:\/\/vocesdelacomuna15.com.ar\/press\/cayo-el-desguazador-de-paternal-policia-de-la-ciudad-hallo-lujoso-auto-aleman-robado-en-lomas-de-zamora\/","title":{"rendered":"Cay\u00f3 el desguazador de Paternal: Polic\u00eda de la Ciudad hall\u00f3 lujoso auto alem\u00e1n robado en Lomas de Zamora"},"content":{"rendered":"\n<p>La Polic\u00eda de la Ciudad detuvo al due\u00f1o de un taller mec\u00e1nico en Paternal tras hallar un lujoso auto alem\u00e1n cuando era desguazado, horas despu\u00e9s de haber sido robado en la localidad bonaerense de Lomas de Zamora. Fuente: Ministerio de Justicia y Seguridad CABA<\/p>\n\n\n\n<p>El detenido, de 29 a\u00f1os, adujo que un cliente le hab\u00eda\ndejado auto horas antes, pero los oficiales de la Comisar\u00eda Vecinal 15 A de la <strong>Polic\u00eda\nde la Ciudad<\/strong>&nbsp;descubrieron que&nbsp; ya hab\u00eda hecho un inventario\ncon los valores de las autopartes extra\u00eddas de la camioneta BMW x1 blanca para\nponerlos a reventa, adem\u00e1s de encontrar partes de otros autos, tambi\u00e9n de alta\ngama, entre ellos doce computadores ECU.<\/p>\n\n\n\n<p>La intervenci\u00f3n de la Divisi\u00f3n de Operaciones de esa\ncomisar\u00eda se inici\u00f3 cuando el Departamento de Emergencias Policiales (DEP)\ndesplaz\u00f3 a los oficiales para entrevistarse con personal de una empresa de\ngeolocalizadores, que refiri\u00f3 que buscaba una BMW X1 blanca que hab\u00eda sido\nrobada hora antes en Lomas de Zamora &nbsp;y el sistema le se\u00f1alaba que se\nencontraba en inmediaciones de la cuadra de Paz Sold\u00e1n al 5100.<\/p>\n\n\n\n<p>Tras un rastrillaje, apareci\u00f3 hombre que sali\u00f3 de una\nfinca,&nbsp;preguntando a los presentes si buscaban alg\u00fan auto en particular y\nante la respuesta, admiti\u00f3 que tal veh\u00edculo se encontraba en su taller.<\/p>\n\n\n\n<p>El mec\u00e1nico adujo que un hombre, del cual dijo no tener\ndato alguno, se lo hab\u00eda dejado la noche anterior para reparaci\u00f3n de chapa y\npintura, la parte electr\u00f3nica y mec\u00e1nica.<\/p>\n\n\n\n<p>Ante ello, los oficiales hicieron la consulta a la\nFiscal\u00eda en turno que desestim\u00f3 hecho de flagrancia y deriv\u00f3 el caso al Juzgado\nNacional en lo Criminal y Correccional 48, a cargo doctor Javier S\u00e1nchez\nSarmiento, secretaria 145, del doctor Fabi\u00e1n Xavier Patricio De la Torre, que\ninteriorizado de lo ocurrido y&nbsp; que el veh\u00edculo ten\u00eda pedido de secuestro\ndel 6 de octubre por parte de la UFI 8 del Departamento Judicial de Lomas de\nZamora, &nbsp;dispuso&nbsp; la detenci\u00f3n del imputado, su traslado a la\nalcaid\u00eda 15 e implantar consigna frente al taller para proceder a un\nallanamiento y el secuestro del auto y todo material para la causa.<\/p>\n\n\n\n<p>Horas despu\u00e9s el Juzgado orden\u00f3 el allanamiento, que fue\ncumplido por el personal de la Comisar\u00eda Vecinal 15 A de la <strong>Polic\u00eda de\nla Ciudad,<\/strong> hallando la camioneta BMW X1 a medio desguazar, ya que le\nhab\u00edan sacado casi toda la parte delantera, entre ellos el block del motor, la\ntapa de cilindros, la caja de cambios, y la tapa de v\u00e1lvulas, y parte del\nhabit\u00e1culo de manejo.<\/p>\n\n\n\n<p>Todas las piezas que hab\u00edan sido extra\u00eddas estaban dentro\ndel taller y varias de ellas figuraban en una lista, elaborada en un cuaderno,\ncon valores ya asignados para la venta de esas autopartes.<\/p>\n\n\n\n<p>Pero los polic\u00edas tambi\u00e9n hallaron numerosas autopartes\nde otros veh\u00edculos de alta gama, piezas de motor, como blocks, cajas de\ncambios, frentes de est\u00e9reos y de acondicionadores de aire y doce ECU.<\/p>\n\n\n\n<p>Tambi\u00e9n los oficiales decomisaron dispositivos\nelectr\u00f3nicos para escaneo de los autos, varias amoladoras para corte y\nnotebooks.<\/p>\n\n\n\n<p>Todo el material incautado fue derivado por orden del Juzgado a pericias y establecimiento de procedencia.<\/p>\n\n\n\n<figure class=\"wp-block-embed-youtube wp-block-embed is-type-video is-provider-youtube wp-embed-aspect-16-9 wp-has-aspect-ratio\"><div class=\"wp-block-embed__wrapper\">\n<iframe loading=\"lazy\" title=\"Operativo en taller meca\u0301nico de La Paternal\" width=\"1080\" height=\"608\" src=\"https:\/\/www.youtube.com\/embed\/JCLCUcerAQw?feature=oembed\" frameborder=\"0\" allow=\"accelerometer; autoplay; clipboard-write; encrypted-media; gyroscope; picture-in-picture\" allowfullscreen><\/iframe>\n<\/div><\/figure>\n\n\n\n<p>Foto y Video: Ministerio de Justicia y Seguridad CABA<\/p>\n<div class=\"pvc_clear\"><\/div><p id=\"pvc_stats_54822\" class=\"pvc_stats all  \" data-element-id=\"54822\" style=\"\"><i class=\"pvc-stats-icon small\" aria-hidden=\"true\"><svg aria-hidden=\"true\" focusable=\"false\" data-prefix=\"far\" data-icon=\"chart-bar\" role=\"img\" xmlns=\"http:\/\/www.w3.org\/2000\/svg\" viewBox=\"0 0 512 512\" class=\"svg-inline--fa fa-chart-bar fa-w-16 fa-2x\"><path fill=\"currentColor\" d=\"M396.8 352h22.4c6.4 0 12.8-6.4 12.8-12.8V108.8c0-6.4-6.4-12.8-12.8-12.8h-22.4c-6.4 0-12.8 6.4-12.8 12.8v230.4c0 6.4 6.4 12.8 12.8 12.8zm-192 0h22.4c6.4 0 12.8-6.4 12.8-12.8V140.8c0-6.4-6.4-12.8-12.8-12.8h-22.4c-6.4 0-12.8 6.4-12.8 12.8v198.4c0 6.4 6.4 12.8 12.8 12.8zm96 0h22.4c6.4 0 12.8-6.4 12.8-12.8V204.8c0-6.4-6.4-12.8-12.8-12.8h-22.4c-6.4 0-12.8 6.4-12.8 12.8v134.4c0 6.4 6.4 12.8 12.8 12.8zM496 400H48V80c0-8.84-7.16-16-16-16H16C7.16 64 0 71.16 0 80v336c0 17.67 14.33 32 32 32h464c8.84 0 16-7.16 16-16v-16c0-8.84-7.16-16-16-16zm-387.2-48h22.4c6.4 0 12.8-6.4 12.8-12.8v-70.4c0-6.4-6.4-12.8-12.8-12.8h-22.4c-6.4 0-12.8 6.4-12.8 12.8v70.4c0 6.4 6.4 12.8 12.8 12.8z\" class=\"\"><\/path><\/svg><\/i> <img loading=\"lazy\" decoding=\"async\" width=\"16\" height=\"16\" alt=\"Loading\" src=\"https:\/\/vocesdelacomuna15.com.ar\/wp-content\/plugins\/page-views-count\/ajax-loader-2x.gif\" border=0 \/><\/p><div class=\"pvc_clear\"><\/div>","protected":false},"excerpt":{"rendered":"<p>La Polic\u00eda de la Ciudad detuvo al due\u00f1o de un taller mec\u00e1nico en Paternal tras hallar un lujoso auto alem\u00e1n cuando era desguazado, horas despu\u00e9s de haber sido robado en la localidad bonaerense de Lomas de Zamora. Fuente: Ministerio de Justicia y Seguridad CABA El detenido, de 29 a\u00f1os, adujo que un cliente le hab\u00eda [&hellip;]<\/p>\n<div class=\"pvc_clear\"><\/div>\n<p id=\"pvc_stats_54822\" class=\"pvc_stats all  \" data-element-id=\"54822\" style=\"\"><i class=\"pvc-stats-icon small\" aria-hidden=\"true\"><svg aria-hidden=\"true\" focusable=\"false\" data-prefix=\"far\" data-icon=\"chart-bar\" role=\"img\" xmlns=\"http:\/\/www.w3.org\/2000\/svg\" viewBox=\"0 0 512 512\" class=\"svg-inline--fa fa-chart-bar fa-w-16 fa-2x\"><path fill=\"currentColor\" d=\"M396.8 352h22.4c6.4 0 12.8-6.4 12.8-12.8V108.8c0-6.4-6.4-12.8-12.8-12.8h-22.4c-6.4 0-12.8 6.4-12.8 12.8v230.4c0 6.4 6.4 12.8 12.8 12.8zm-192 0h22.4c6.4 0 12.8-6.4 12.8-12.8V140.8c0-6.4-6.4-12.8-12.8-12.8h-22.4c-6.4 0-12.8 6.4-12.8 12.8v198.4c0 6.4 6.4 12.8 12.8 12.8zm96 0h22.4c6.4 0 12.8-6.4 12.8-12.8V204.8c0-6.4-6.4-12.8-12.8-12.8h-22.4c-6.4 0-12.8 6.4-12.8 12.8v134.4c0 6.4 6.4 12.8 12.8 12.8zM496 400H48V80c0-8.84-7.16-16-16-16H16C7.16 64 0 71.16 0 80v336c0 17.67 14.33 32 32 32h464c8.84 0 16-7.16 16-16v-16c0-8.84-7.16-16-16-16zm-387.2-48h22.4c6.4 0 12.8-6.4 12.8-12.8v-70.4c0-6.4-6.4-12.8-12.8-12.8h-22.4c-6.4 0-12.8 6.4-12.8 12.8v70.4c0 6.4 6.4 12.8 12.8 12.8z\" class=\"\"><\/path><\/svg><\/i> <img loading=\"lazy\" decoding=\"async\" width=\"16\" height=\"16\" alt=\"Loading\" src=\"https:\/\/vocesdelacomuna15.com.ar\/wp-content\/plugins\/page-views-count\/ajax-loader-2x.gif\" border=0 \/><\/p>\n<div class=\"pvc_clear\"><\/div>\n","protected":false},"author":2,"featured_media":54823,"comment_status":"open","ping_status":"open","sticky":false,"template":"","format":"standard","meta":{"_et_pb_use_builder":"off","_et_pb_old_content":"","_et_gb_content_width":"","footnotes":""},"categories":[29,28],"tags":[],"class_list":["post-54822","post","type-post","status-publish","format-standard","has-post-thumbnail","hentry","category-lapa","category-policial","et-has-post-format-content","et_post_format-et-post-format-standard"],"a3_pvc":{"activated":true,"total_views":339,"today_views":0},"yoast_head":"<!-- This site is optimized with the Yoast SEO plugin v27.5 - https:\/\/yoast.com\/product\/yoast-seo-wordpress\/ -->\n<title>Cay\u00f3 el desguazador de Paternal: Polic\u00eda de la Ciudad hall\u00f3 lujoso auto alem\u00e1n robado en Lomas de Zamora - Voces de la Comuna 15<\/title>\n<meta name=\"description\" content=\"Voces de la Comuna 15\" \/>\n<meta name=\"robots\" content=\"index, follow, max-snippet:-1, max-image-preview:large, max-video-preview:-1\" \/>\n<link rel=\"canonical\" href=\"https:\/\/vocesdelacomuna15.com.ar\/press\/cayo-el-desguazador-de-paternal-policia-de-la-ciudad-hallo-lujoso-auto-aleman-robado-en-lomas-de-zamora\/\" \/>\n<meta property=\"og:locale\" content=\"es_ES\" \/>\n<meta property=\"og:type\" content=\"article\" \/>\n<meta property=\"og:title\" content=\"Cay\u00f3 el desguazador de Paternal: Polic\u00eda de la Ciudad hall\u00f3 lujoso auto alem\u00e1n robado en Lomas de Zamora - Voces de la Comuna 15\" \/>\n<meta property=\"og:description\" content=\"Voces de la Comuna 15\" \/>\n<meta property=\"og:url\" content=\"https:\/\/vocesdelacomuna15.com.ar\/press\/cayo-el-desguazador-de-paternal-policia-de-la-ciudad-hallo-lujoso-auto-aleman-robado-en-lomas-de-zamora\/\" \/>\n<meta property=\"og:site_name\" content=\"Voces de la Comuna 15\" \/>\n<meta property=\"article:publisher\" content=\"https:\/\/www.facebook.com\/VocesComuna15\/\" \/>\n<meta property=\"article:published_time\" content=\"2021-10-14T15:18:44+00:00\" \/>\n<meta property=\"article:modified_time\" content=\"2021-10-14T15:18:51+00:00\" \/>\n<meta property=\"og:image\" content=\"https:\/\/vocesdelacomuna15.com.ar\/wp-content\/uploads\/2021\/10\/poli1410.jpg\" \/>\n\t<meta property=\"og:image:width\" content=\"1599\" \/>\n\t<meta property=\"og:image:height\" content=\"758\" \/>\n\t<meta property=\"og:image:type\" content=\"image\/jpeg\" \/>\n<meta name=\"author\" content=\"Federico Arguto\" \/>\n<meta name=\"twitter:card\" content=\"summary_large_image\" \/>\n<meta name=\"twitter:creator\" content=\"@vocescomuna15\" \/>\n<meta name=\"twitter:site\" content=\"@vocescomuna15\" \/>\n<meta name=\"twitter:label1\" content=\"Escrito por\" \/>\n\t<meta name=\"twitter:data1\" content=\"Federico Arguto\" \/>\n\t<meta name=\"twitter:label2\" content=\"Tiempo de lectura\" \/>\n\t<meta name=\"twitter:data2\" content=\"3 minutos\" \/>\n<script type=\"application\/ld+json\" class=\"yoast-schema-graph\">{\"@context\":\"https:\\\/\\\/schema.org\",\"@graph\":[{\"@type\":\"Article\",\"@id\":\"https:\\\/\\\/vocesdelacomuna15.com.ar\\\/press\\\/cayo-el-desguazador-de-paternal-policia-de-la-ciudad-hallo-lujoso-auto-aleman-robado-en-lomas-de-zamora\\\/#article\",\"isPartOf\":{\"@id\":\"https:\\\/\\\/vocesdelacomuna15.com.ar\\\/press\\\/cayo-el-desguazador-de-paternal-policia-de-la-ciudad-hallo-lujoso-auto-aleman-robado-en-lomas-de-zamora\\\/\"},\"author\":{\"name\":\"Federico Arguto\",\"@id\":\"https:\\\/\\\/vocesdelacomuna15.com.ar\\\/press\\\/#\\\/schema\\\/person\\\/4739e109db25d799cd3d139eeb509e43\"},\"headline\":\"Cay\u00f3 el desguazador de Paternal: Polic\u00eda de la Ciudad hall\u00f3 lujoso auto alem\u00e1n robado en Lomas de Zamora\",\"datePublished\":\"2021-10-14T15:18:44+00:00\",\"dateModified\":\"2021-10-14T15:18:51+00:00\",\"mainEntityOfPage\":{\"@id\":\"https:\\\/\\\/vocesdelacomuna15.com.ar\\\/press\\\/cayo-el-desguazador-de-paternal-policia-de-la-ciudad-hallo-lujoso-auto-aleman-robado-en-lomas-de-zamora\\\/\"},\"wordCount\":606,\"commentCount\":0,\"publisher\":{\"@id\":\"https:\\\/\\\/vocesdelacomuna15.com.ar\\\/press\\\/#organization\"},\"image\":{\"@id\":\"https:\\\/\\\/vocesdelacomuna15.com.ar\\\/press\\\/cayo-el-desguazador-de-paternal-policia-de-la-ciudad-hallo-lujoso-auto-aleman-robado-en-lomas-de-zamora\\\/#primaryimage\"},\"thumbnailUrl\":\"https:\\\/\\\/vocesdelacomuna15.com.ar\\\/wp-content\\\/uploads\\\/2021\\\/10\\\/poli1410.jpg\",\"articleSection\":[\"La Paternal\",\"Policial\"],\"inLanguage\":\"es-AR\",\"potentialAction\":[{\"@type\":\"CommentAction\",\"name\":\"Comment\",\"target\":[\"https:\\\/\\\/vocesdelacomuna15.com.ar\\\/press\\\/cayo-el-desguazador-de-paternal-policia-de-la-ciudad-hallo-lujoso-auto-aleman-robado-en-lomas-de-zamora\\\/#respond\"]}]},{\"@type\":\"WebPage\",\"@id\":\"https:\\\/\\\/vocesdelacomuna15.com.ar\\\/press\\\/cayo-el-desguazador-de-paternal-policia-de-la-ciudad-hallo-lujoso-auto-aleman-robado-en-lomas-de-zamora\\\/\",\"url\":\"https:\\\/\\\/vocesdelacomuna15.com.ar\\\/press\\\/cayo-el-desguazador-de-paternal-policia-de-la-ciudad-hallo-lujoso-auto-aleman-robado-en-lomas-de-zamora\\\/\",\"name\":\"Cay\u00f3 el desguazador de Paternal: Polic\u00eda de la Ciudad hall\u00f3 lujoso auto alem\u00e1n robado en Lomas de Zamora - Voces de la Comuna 15\",\"isPartOf\":{\"@id\":\"https:\\\/\\\/vocesdelacomuna15.com.ar\\\/press\\\/#website\"},\"primaryImageOfPage\":{\"@id\":\"https:\\\/\\\/vocesdelacomuna15.com.ar\\\/press\\\/cayo-el-desguazador-de-paternal-policia-de-la-ciudad-hallo-lujoso-auto-aleman-robado-en-lomas-de-zamora\\\/#primaryimage\"},\"image\":{\"@id\":\"https:\\\/\\\/vocesdelacomuna15.com.ar\\\/press\\\/cayo-el-desguazador-de-paternal-policia-de-la-ciudad-hallo-lujoso-auto-aleman-robado-en-lomas-de-zamora\\\/#primaryimage\"},\"thumbnailUrl\":\"https:\\\/\\\/vocesdelacomuna15.com.ar\\\/wp-content\\\/uploads\\\/2021\\\/10\\\/poli1410.jpg\",\"datePublished\":\"2021-10-14T15:18:44+00:00\",\"dateModified\":\"2021-10-14T15:18:51+00:00\",\"description\":\"Voces de la Comuna 15\",\"breadcrumb\":{\"@id\":\"https:\\\/\\\/vocesdelacomuna15.com.ar\\\/press\\\/cayo-el-desguazador-de-paternal-policia-de-la-ciudad-hallo-lujoso-auto-aleman-robado-en-lomas-de-zamora\\\/#breadcrumb\"},\"inLanguage\":\"es-AR\",\"potentialAction\":[{\"@type\":\"ReadAction\",\"target\":[\"https:\\\/\\\/vocesdelacomuna15.com.ar\\\/press\\\/cayo-el-desguazador-de-paternal-policia-de-la-ciudad-hallo-lujoso-auto-aleman-robado-en-lomas-de-zamora\\\/\"]}]},{\"@type\":\"ImageObject\",\"inLanguage\":\"es-AR\",\"@id\":\"https:\\\/\\\/vocesdelacomuna15.com.ar\\\/press\\\/cayo-el-desguazador-de-paternal-policia-de-la-ciudad-hallo-lujoso-auto-aleman-robado-en-lomas-de-zamora\\\/#primaryimage\",\"url\":\"https:\\\/\\\/vocesdelacomuna15.com.ar\\\/wp-content\\\/uploads\\\/2021\\\/10\\\/poli1410.jpg\",\"contentUrl\":\"https:\\\/\\\/vocesdelacomuna15.com.ar\\\/wp-content\\\/uploads\\\/2021\\\/10\\\/poli1410.jpg\",\"width\":1599,\"height\":758},{\"@type\":\"BreadcrumbList\",\"@id\":\"https:\\\/\\\/vocesdelacomuna15.com.ar\\\/press\\\/cayo-el-desguazador-de-paternal-policia-de-la-ciudad-hallo-lujoso-auto-aleman-robado-en-lomas-de-zamora\\\/#breadcrumb\",\"itemListElement\":[{\"@type\":\"ListItem\",\"position\":1,\"name\":\"Inicio\",\"item\":\"https:\\\/\\\/vocesdelacomuna15.com.ar\\\/press\\\/\"},{\"@type\":\"ListItem\",\"position\":2,\"name\":\"Cay\u00f3 el desguazador de Paternal: Polic\u00eda de la Ciudad hall\u00f3 lujoso auto alem\u00e1n robado en Lomas de Zamora\"}]},{\"@type\":\"WebSite\",\"@id\":\"https:\\\/\\\/vocesdelacomuna15.com.ar\\\/press\\\/#website\",\"url\":\"https:\\\/\\\/vocesdelacomuna15.com.ar\\\/press\\\/\",\"name\":\"Voces de la Comuna 15\",\"description\":\"Sitio web de noticias\",\"publisher\":{\"@id\":\"https:\\\/\\\/vocesdelacomuna15.com.ar\\\/press\\\/#organization\"},\"potentialAction\":[{\"@type\":\"SearchAction\",\"target\":{\"@type\":\"EntryPoint\",\"urlTemplate\":\"https:\\\/\\\/vocesdelacomuna15.com.ar\\\/press\\\/?s={search_term_string}\"},\"query-input\":{\"@type\":\"PropertyValueSpecification\",\"valueRequired\":true,\"valueName\":\"search_term_string\"}}],\"inLanguage\":\"es-AR\"},{\"@type\":\"Organization\",\"@id\":\"https:\\\/\\\/vocesdelacomuna15.com.ar\\\/press\\\/#organization\",\"name\":\"Voces de la Comuna 15\",\"url\":\"https:\\\/\\\/vocesdelacomuna15.com.ar\\\/press\\\/\",\"logo\":{\"@type\":\"ImageObject\",\"inLanguage\":\"es-AR\",\"@id\":\"https:\\\/\\\/vocesdelacomuna15.com.ar\\\/press\\\/#\\\/schema\\\/logo\\\/image\\\/\",\"url\":\"https:\\\/\\\/vocesdelacomuna15.com.ar\\\/wp-content\\\/uploads\\\/2024\\\/12\\\/cropped-logo_voces.jpg\",\"contentUrl\":\"https:\\\/\\\/vocesdelacomuna15.com.ar\\\/wp-content\\\/uploads\\\/2024\\\/12\\\/cropped-logo_voces.jpg\",\"width\":512,\"height\":512,\"caption\":\"Voces de la Comuna 15\"},\"image\":{\"@id\":\"https:\\\/\\\/vocesdelacomuna15.com.ar\\\/press\\\/#\\\/schema\\\/logo\\\/image\\\/\"},\"sameAs\":[\"https:\\\/\\\/www.facebook.com\\\/VocesComuna15\\\/\",\"https:\\\/\\\/x.com\\\/vocescomuna15\"]},{\"@type\":\"Person\",\"@id\":\"https:\\\/\\\/vocesdelacomuna15.com.ar\\\/press\\\/#\\\/schema\\\/person\\\/4739e109db25d799cd3d139eeb509e43\",\"name\":\"Federico Arguto\",\"image\":{\"@type\":\"ImageObject\",\"inLanguage\":\"es-AR\",\"@id\":\"https:\\\/\\\/vocesdelacomuna15.com.ar\\\/wp-content\\\/litespeed\\\/avatar\\\/82faf979976f1bae889b8b71f8a0a7e5.jpg?ver=1777419741\",\"url\":\"https:\\\/\\\/vocesdelacomuna15.com.ar\\\/wp-content\\\/litespeed\\\/avatar\\\/82faf979976f1bae889b8b71f8a0a7e5.jpg?ver=1777419741\",\"contentUrl\":\"https:\\\/\\\/vocesdelacomuna15.com.ar\\\/wp-content\\\/litespeed\\\/avatar\\\/82faf979976f1bae889b8b71f8a0a7e5.jpg?ver=1777419741\",\"caption\":\"Federico Arguto\"},\"url\":\"https:\\\/\\\/vocesdelacomuna15.com.ar\\\/press\\\/author\\\/fede\\\/\"}]}<\/script>\n<!-- \/ Yoast SEO plugin. -->","yoast_head_json":{"title":"Cay\u00f3 el desguazador de Paternal: Polic\u00eda de la Ciudad hall\u00f3 lujoso auto alem\u00e1n robado en Lomas de Zamora - Voces de la Comuna 15","description":"Voces de la Comuna 15","robots":{"index":"index","follow":"follow","max-snippet":"max-snippet:-1","max-image-preview":"max-image-preview:large","max-video-preview":"max-video-preview:-1"},"canonical":"https:\/\/vocesdelacomuna15.com.ar\/press\/cayo-el-desguazador-de-paternal-policia-de-la-ciudad-hallo-lujoso-auto-aleman-robado-en-lomas-de-zamora\/","og_locale":"es_ES","og_type":"article","og_title":"Cay\u00f3 el desguazador de Paternal: Polic\u00eda de la Ciudad hall\u00f3 lujoso auto alem\u00e1n robado en Lomas de Zamora - Voces de la Comuna 15","og_description":"Voces de la Comuna 15","og_url":"https:\/\/vocesdelacomuna15.com.ar\/press\/cayo-el-desguazador-de-paternal-policia-de-la-ciudad-hallo-lujoso-auto-aleman-robado-en-lomas-de-zamora\/","og_site_name":"Voces de la Comuna 15","article_publisher":"https:\/\/www.facebook.com\/VocesComuna15\/","article_published_time":"2021-10-14T15:18:44+00:00","article_modified_time":"2021-10-14T15:18:51+00:00","og_image":[{"width":1599,"height":758,"url":"https:\/\/vocesdelacomuna15.com.ar\/wp-content\/uploads\/2021\/10\/poli1410.jpg","type":"image\/jpeg"}],"author":"Federico Arguto","twitter_card":"summary_large_image","twitter_creator":"@vocescomuna15","twitter_site":"@vocescomuna15","twitter_misc":{"Escrito por":"Federico Arguto","Tiempo de lectura":"3 minutos"},"schema":{"@context":"https:\/\/schema.org","@graph":[{"@type":"Article","@id":"https:\/\/vocesdelacomuna15.com.ar\/press\/cayo-el-desguazador-de-paternal-policia-de-la-ciudad-hallo-lujoso-auto-aleman-robado-en-lomas-de-zamora\/#article","isPartOf":{"@id":"https:\/\/vocesdelacomuna15.com.ar\/press\/cayo-el-desguazador-de-paternal-policia-de-la-ciudad-hallo-lujoso-auto-aleman-robado-en-lomas-de-zamora\/"},"author":{"name":"Federico Arguto","@id":"https:\/\/vocesdelacomuna15.com.ar\/press\/#\/schema\/person\/4739e109db25d799cd3d139eeb509e43"},"headline":"Cay\u00f3 el desguazador de Paternal: Polic\u00eda de la Ciudad hall\u00f3 lujoso auto alem\u00e1n robado en Lomas de Zamora","datePublished":"2021-10-14T15:18:44+00:00","dateModified":"2021-10-14T15:18:51+00:00","mainEntityOfPage":{"@id":"https:\/\/vocesdelacomuna15.com.ar\/press\/cayo-el-desguazador-de-paternal-policia-de-la-ciudad-hallo-lujoso-auto-aleman-robado-en-lomas-de-zamora\/"},"wordCount":606,"commentCount":0,"publisher":{"@id":"https:\/\/vocesdelacomuna15.com.ar\/press\/#organization"},"image":{"@id":"https:\/\/vocesdelacomuna15.com.ar\/press\/cayo-el-desguazador-de-paternal-policia-de-la-ciudad-hallo-lujoso-auto-aleman-robado-en-lomas-de-zamora\/#primaryimage"},"thumbnailUrl":"https:\/\/vocesdelacomuna15.com.ar\/wp-content\/uploads\/2021\/10\/poli1410.jpg","articleSection":["La Paternal","Policial"],"inLanguage":"es-AR","potentialAction":[{"@type":"CommentAction","name":"Comment","target":["https:\/\/vocesdelacomuna15.com.ar\/press\/cayo-el-desguazador-de-paternal-policia-de-la-ciudad-hallo-lujoso-auto-aleman-robado-en-lomas-de-zamora\/#respond"]}]},{"@type":"WebPage","@id":"https:\/\/vocesdelacomuna15.com.ar\/press\/cayo-el-desguazador-de-paternal-policia-de-la-ciudad-hallo-lujoso-auto-aleman-robado-en-lomas-de-zamora\/","url":"https:\/\/vocesdelacomuna15.com.ar\/press\/cayo-el-desguazador-de-paternal-policia-de-la-ciudad-hallo-lujoso-auto-aleman-robado-en-lomas-de-zamora\/","name":"Cay\u00f3 el desguazador de Paternal: Polic\u00eda de la Ciudad hall\u00f3 lujoso auto alem\u00e1n robado en Lomas de Zamora - Voces de la Comuna 15","isPartOf":{"@id":"https:\/\/vocesdelacomuna15.com.ar\/press\/#website"},"primaryImageOfPage":{"@id":"https:\/\/vocesdelacomuna15.com.ar\/press\/cayo-el-desguazador-de-paternal-policia-de-la-ciudad-hallo-lujoso-auto-aleman-robado-en-lomas-de-zamora\/#primaryimage"},"image":{"@id":"https:\/\/vocesdelacomuna15.com.ar\/press\/cayo-el-desguazador-de-paternal-policia-de-la-ciudad-hallo-lujoso-auto-aleman-robado-en-lomas-de-zamora\/#primaryimage"},"thumbnailUrl":"https:\/\/vocesdelacomuna15.com.ar\/wp-content\/uploads\/2021\/10\/poli1410.jpg","datePublished":"2021-10-14T15:18:44+00:00","dateModified":"2021-10-14T15:18:51+00:00","description":"Voces de la Comuna 15","breadcrumb":{"@id":"https:\/\/vocesdelacomuna15.com.ar\/press\/cayo-el-desguazador-de-paternal-policia-de-la-ciudad-hallo-lujoso-auto-aleman-robado-en-lomas-de-zamora\/#breadcrumb"},"inLanguage":"es-AR","potentialAction":[{"@type":"ReadAction","target":["https:\/\/vocesdelacomuna15.com.ar\/press\/cayo-el-desguazador-de-paternal-policia-de-la-ciudad-hallo-lujoso-auto-aleman-robado-en-lomas-de-zamora\/"]}]},{"@type":"ImageObject","inLanguage":"es-AR","@id":"https:\/\/vocesdelacomuna15.com.ar\/press\/cayo-el-desguazador-de-paternal-policia-de-la-ciudad-hallo-lujoso-auto-aleman-robado-en-lomas-de-zamora\/#primaryimage","url":"https:\/\/vocesdelacomuna15.com.ar\/wp-content\/uploads\/2021\/10\/poli1410.jpg","contentUrl":"https:\/\/vocesdelacomuna15.com.ar\/wp-content\/uploads\/2021\/10\/poli1410.jpg","width":1599,"height":758},{"@type":"BreadcrumbList","@id":"https:\/\/vocesdelacomuna15.com.ar\/press\/cayo-el-desguazador-de-paternal-policia-de-la-ciudad-hallo-lujoso-auto-aleman-robado-en-lomas-de-zamora\/#breadcrumb","itemListElement":[{"@type":"ListItem","position":1,"name":"Inicio","item":"https:\/\/vocesdelacomuna15.com.ar\/press\/"},{"@type":"ListItem","position":2,"name":"Cay\u00f3 el desguazador de Paternal: Polic\u00eda de la Ciudad hall\u00f3 lujoso auto alem\u00e1n robado en Lomas de Zamora"}]},{"@type":"WebSite","@id":"https:\/\/vocesdelacomuna15.com.ar\/press\/#website","url":"https:\/\/vocesdelacomuna15.com.ar\/press\/","name":"Voces de la Comuna 15","description":"Sitio web de noticias","publisher":{"@id":"https:\/\/vocesdelacomuna15.com.ar\/press\/#organization"},"potentialAction":[{"@type":"SearchAction","target":{"@type":"EntryPoint","urlTemplate":"https:\/\/vocesdelacomuna15.com.ar\/press\/?s={search_term_string}"},"query-input":{"@type":"PropertyValueSpecification","valueRequired":true,"valueName":"search_term_string"}}],"inLanguage":"es-AR"},{"@type":"Organization","@id":"https:\/\/vocesdelacomuna15.com.ar\/press\/#organization","name":"Voces de la Comuna 15","url":"https:\/\/vocesdelacomuna15.com.ar\/press\/","logo":{"@type":"ImageObject","inLanguage":"es-AR","@id":"https:\/\/vocesdelacomuna15.com.ar\/press\/#\/schema\/logo\/image\/","url":"https:\/\/vocesdelacomuna15.com.ar\/wp-content\/uploads\/2024\/12\/cropped-logo_voces.jpg","contentUrl":"https:\/\/vocesdelacomuna15.com.ar\/wp-content\/uploads\/2024\/12\/cropped-logo_voces.jpg","width":512,"height":512,"caption":"Voces de la Comuna 15"},"image":{"@id":"https:\/\/vocesdelacomuna15.com.ar\/press\/#\/schema\/logo\/image\/"},"sameAs":["https:\/\/www.facebook.com\/VocesComuna15\/","https:\/\/x.com\/vocescomuna15"]},{"@type":"Person","@id":"https:\/\/vocesdelacomuna15.com.ar\/press\/#\/schema\/person\/4739e109db25d799cd3d139eeb509e43","name":"Federico Arguto","image":{"@type":"ImageObject","inLanguage":"es-AR","@id":"https:\/\/vocesdelacomuna15.com.ar\/wp-content\/litespeed\/avatar\/82faf979976f1bae889b8b71f8a0a7e5.jpg?ver=1777419741","url":"https:\/\/vocesdelacomuna15.com.ar\/wp-content\/litespeed\/avatar\/82faf979976f1bae889b8b71f8a0a7e5.jpg?ver=1777419741","contentUrl":"https:\/\/vocesdelacomuna15.com.ar\/wp-content\/litespeed\/avatar\/82faf979976f1bae889b8b71f8a0a7e5.jpg?ver=1777419741","caption":"Federico Arguto"},"url":"https:\/\/vocesdelacomuna15.com.ar\/press\/author\/fede\/"}]}},"_links":{"self":[{"href":"https:\/\/vocesdelacomuna15.com.ar\/press\/wp-json\/wp\/v2\/posts\/54822","targetHints":{"allow":["GET"]}}],"collection":[{"href":"https:\/\/vocesdelacomuna15.com.ar\/press\/wp-json\/wp\/v2\/posts"}],"about":[{"href":"https:\/\/vocesdelacomuna15.com.ar\/press\/wp-json\/wp\/v2\/types\/post"}],"author":[{"embeddable":true,"href":"https:\/\/vocesdelacomuna15.com.ar\/press\/wp-json\/wp\/v2\/users\/2"}],"replies":[{"embeddable":true,"href":"https:\/\/vocesdelacomuna15.com.ar\/press\/wp-json\/wp\/v2\/comments?post=54822"}],"version-history":[{"count":1,"href":"https:\/\/vocesdelacomuna15.com.ar\/press\/wp-json\/wp\/v2\/posts\/54822\/revisions"}],"predecessor-version":[{"id":54824,"href":"https:\/\/vocesdelacomuna15.com.ar\/press\/wp-json\/wp\/v2\/posts\/54822\/revisions\/54824"}],"wp:featuredmedia":[{"embeddable":true,"href":"https:\/\/vocesdelacomuna15.com.ar\/press\/wp-json\/wp\/v2\/media\/54823"}],"wp:attachment":[{"href":"https:\/\/vocesdelacomuna15.com.ar\/press\/wp-json\/wp\/v2\/media?parent=54822"}],"wp:term":[{"taxonomy":"category","embeddable":true,"href":"https:\/\/vocesdelacomuna15.com.ar\/press\/wp-json\/wp\/v2\/categories?post=54822"},{"taxonomy":"post_tag","embeddable":true,"href":"https:\/\/vocesdelacomuna15.com.ar\/press\/wp-json\/wp\/v2\/tags?post=54822"}],"curies":[{"name":"wp","href":"https:\/\/api.w.org\/{rel}","templated":true}]}}