{"id":54806,"date":"2021-10-11T20:03:17","date_gmt":"2021-10-11T23:03:17","guid":{"rendered":"http:\/\/vocesdelacomuna15.com.ar\/wordpress\/?p=54806"},"modified":"2021-10-11T20:03:26","modified_gmt":"2021-10-11T23:03:26","slug":"los-hinchas-volvieron-a-la-paternal-pero-argentinos-no-pudo-con-defensa-y-justicia","status":"publish","type":"post","link":"https:\/\/vocesdelacomuna15.com.ar\/press\/los-hinchas-volvieron-a-la-paternal-pero-argentinos-no-pudo-con-defensa-y-justicia\/","title":{"rendered":"Los hinchas volvieron a La Paternal pero Argentinos no pudo con Defensa y Justicia"},"content":{"rendered":"\n<p> Derrota por 2 a 0 en el Autocr\u00e9dito Diego Armando Maradona <\/p>\n\n\n\n<p>Bichos y bichas volvieron a Boyac\u00e1 despu\u00e9s de m\u00e1s de un a\u00f1o y medio sin p\u00fablico debido a las restricciones por la pandemia de COVID-19. Socios y socias de Argentinos que cumplieron con los requisitos exigidos por las autoridades pudieron volver al Autocr\u00e9dito Diego Armando Maradona, con un aforo m\u00e1ximo del 50%, que a diferencia de lo que sucedi\u00f3 en otros estadios, se respet\u00f3 correctamente. Esa fue la gran noticia del s\u00e1bado por la tarde en La Paternal, ya que en lo f\u00fatbol\u00edstico, el \u201cbicho\u201d, que ven\u00eda de dos victorias importantes, no tuvo un buen partido y fue superado por Defensa y Justicia por 2 a 0 con tantos de Nicol\u00e1s Tripicchio y Walter Bou. <\/p>\n\n\n\n<figure class=\"wp-block-image\"><img loading=\"lazy\" decoding=\"async\" width=\"1024\" height=\"683\" src=\"http:\/\/vocesdelacomuna15.com.ar\/wordpress\/wp-content\/uploads\/2021\/10\/estadio1110-1024x683.jpg\" alt=\"\" class=\"wp-image-54808\" srcset=\"https:\/\/vocesdelacomuna15.com.ar\/wp-content\/uploads\/2021\/10\/estadio1110-1024x683.jpg 1024w, https:\/\/vocesdelacomuna15.com.ar\/wp-content\/uploads\/2021\/10\/estadio1110-300x200.jpg 300w, https:\/\/vocesdelacomuna15.com.ar\/wp-content\/uploads\/2021\/10\/estadio1110-768x512.jpg 768w, https:\/\/vocesdelacomuna15.com.ar\/wp-content\/uploads\/2021\/10\/estadio1110-1080x720.jpg 1080w, https:\/\/vocesdelacomuna15.com.ar\/wp-content\/uploads\/2021\/10\/estadio1110-600x400.jpg 600w, https:\/\/vocesdelacomuna15.com.ar\/wp-content\/uploads\/2021\/10\/estadio1110.jpg 2048w\" sizes=\"(max-width: 1024px) 100vw, 1024px\" \/><figcaption>Despu\u00e9s de un a\u00f1o y medio, la gente pudo volver a Boyac\u00e1<\/figcaption><\/figure>\n\n\n\n<p>En el primer tiempo, Argentinos tuvo su llegada m\u00e1s clara, con un cabezazo que conect\u00f3 Nicol\u00e1s Reniero tras un centro desde la banda izquierda, que termin\u00f3 desviado. Pese a que el \u201cbicho\u201d monopoliz\u00f3 el bal\u00f3n durante el partido \u2013llegando a un 64% de posesi\u00f3n- no logr\u00f3 llegar con claridad al arco defendido por Luis Unsain. En el segundo tiempo llegaron los goles del \u201chalc\u00f3n\u201d de Varela. El primero fue a los 65 minutos tras un tiro libre desde la izquierda, que conect\u00f3 de cabeza Tripicchio sin marca, cambi\u00e1ndola de direcci\u00f3n. El segundo tanto llegar\u00eda a los 82 minutos luego de un contraataque en el que despu\u00e9s de un rechazo en el \u00e1rea del \u201chalc\u00f3n\u201d, Walter Bou gan\u00f3 una pelota despu\u00e9s de lucharla casi en mitad de cancha y despu\u00e9s de avanzar con el bal\u00f3n construy\u00f3 una gran pared con Francisco Pizzini que termin\u00f3 en gol del mismo Bou, que la empuj\u00f3 con el arco libre. Al poco tiempo Bou saldr\u00eda lesionado, al igual que Pablo Minissale, el central de Argentinos que debi\u00f3 salir a los 63 minutos. Hay que recordar que el \u201cbicho\u201d tuvo varias bajas para este partido: Miguel Torr\u00e9n, Jonathan Sandoval y Javier Cabrera por lesiones, m\u00e1s Kevin Mac Allister por acumulaci\u00f3n de amarillas; aparte del arquero Lucas Chaves, al que le quedan a\u00fan varios meses de recuperaci\u00f3n.<\/p>\n\n\n\n<figure class=\"wp-block-image\"><img loading=\"lazy\" decoding=\"async\" width=\"1024\" height=\"683\" src=\"http:\/\/vocesdelacomuna15.com.ar\/wordpress\/wp-content\/uploads\/2021\/10\/bicho1-1024x683.jpg\" alt=\"\" class=\"wp-image-54809\" srcset=\"https:\/\/vocesdelacomuna15.com.ar\/wp-content\/uploads\/2021\/10\/bicho1-1024x683.jpg 1024w, https:\/\/vocesdelacomuna15.com.ar\/wp-content\/uploads\/2021\/10\/bicho1-300x200.jpg 300w, https:\/\/vocesdelacomuna15.com.ar\/wp-content\/uploads\/2021\/10\/bicho1-768x512.jpg 768w, https:\/\/vocesdelacomuna15.com.ar\/wp-content\/uploads\/2021\/10\/bicho1-1080x720.jpg 1080w, https:\/\/vocesdelacomuna15.com.ar\/wp-content\/uploads\/2021\/10\/bicho1-600x400.jpg 600w, https:\/\/vocesdelacomuna15.com.ar\/wp-content\/uploads\/2021\/10\/bicho1.jpg 2048w\" sizes=\"(max-width: 1024px) 100vw, 1024px\" \/><figcaption>As\u00ed los hinchas recibieron al &#8220;bicho&#8221;<\/figcaption><\/figure>\n\n\n\n<p>Argentinos form\u00f3\ncon Lanzillota; Luciano G\u00f3mez, Minissale, Villalba, El\u00edas G\u00f3mez; Kalinski,\nMoyano, Carabajal; Diego Sosa, Reniero y Florent\u00edn. Ingresaron en el equipo\ndirigido por Gabriel Milito, Di C\u00e9sare por Minissale a los 63 minutos, \u00c1valos\n(que volvi\u00f3 despu\u00e9s de su lesi\u00f3n) por Diego Sosa y Jonathan G\u00f3mez por Carabajal\na los 66 y Herrera por Kalinski y Quintana por Villalba a los 77.<\/p>\n\n\n\n<p>Con la derrota,\nel \u201cbicho\u201d qued\u00f3 en el 13\u00ba puesto en la tabla de Primera con 21 puntos (5\nganados, 6 empates y 4 derrotas) y el l\u00edder es River con 33 unidades. En la\npr\u00f3xima fecha, la 16, Argentinos visitar\u00e1 a Atl\u00e9tico Tucum\u00e1n el domingo a las\n15.45.<\/p>\n\n\n\n<p>Resumen del\npartido (Fuente: Liga Profesional de la AFA- You Tube):<\/p>\n\n\n\n<figure class=\"wp-block-embed-youtube wp-block-embed is-type-video is-provider-youtube wp-embed-aspect-16-9 wp-has-aspect-ratio\"><div class=\"wp-block-embed__wrapper\">\n<iframe loading=\"lazy\" title=\"#TorneoSocios | Fecha 15 | resumen de Argentinos - Defensa\" width=\"1080\" height=\"608\" src=\"https:\/\/www.youtube.com\/embed\/0VMnzu6TNL4?feature=oembed\" frameborder=\"0\" allow=\"accelerometer; autoplay; clipboard-write; encrypted-media; gyroscope; picture-in-picture\" allowfullscreen><\/iframe>\n<\/div><\/figure>\n\n\n\n<p>Conferencia de\nPrensa (Fuente: AAAJ Oficial- You Tube):<\/p>\n\n\n\n<figure class=\"wp-block-embed-youtube wp-block-embed is-type-video is-provider-youtube wp-embed-aspect-16-9 wp-has-aspect-ratio\"><div class=\"wp-block-embed__wrapper\">\n<iframe loading=\"lazy\" title=\"Conferencia de Prensa - Gabriel Milito vs. Defensa y Justicia\" width=\"1080\" height=\"608\" src=\"https:\/\/www.youtube.com\/embed\/3W80hY714Ko?feature=oembed\" frameborder=\"0\" allow=\"accelerometer; autoplay; clipboard-write; encrypted-media; gyroscope; picture-in-picture\" allowfullscreen><\/iframe>\n<\/div><\/figure>\n\n\n\n<p>ATLANTA SUFRI\u00d3\nUNA AG\u00d3NICA DERROTA ANTE QUILMES<\/p>\n\n\n\n<p>El \u201cbohemio\u201d sufri\u00f3 un nuevo traspi\u00e9 en la Primera Nacional el s\u00e1bado por la tarde en el Sur del Gran Buenos Aires. Los de Walter Erviti comenzaron ganando a los 8 minutos con tanto de Ignacio Colombini pero en el segundo tiempo el \u201ccervecero\u201d lo dio vuelta con goles de Mariano Pavone a los 51 minutos y Federico Anselmo de penal a los 90. Atlanta sufri\u00f3 dos expulsiones: la de Valent\u00edn Perales a los 62 minutos y la de Mart\u00edn L\u00f3pez en tiempo de descuento.<\/p>\n\n\n\n<figure class=\"wp-block-image\"><img loading=\"lazy\" decoding=\"async\" width=\"1024\" height=\"681\" src=\"http:\/\/vocesdelacomuna15.com.ar\/wordpress\/wp-content\/uploads\/2021\/10\/atlanta-1110-1024x681.jpg\" alt=\"\" class=\"wp-image-54810\" srcset=\"https:\/\/vocesdelacomuna15.com.ar\/wp-content\/uploads\/2021\/10\/atlanta-1110-1024x681.jpg 1024w, https:\/\/vocesdelacomuna15.com.ar\/wp-content\/uploads\/2021\/10\/atlanta-1110-300x199.jpg 300w, https:\/\/vocesdelacomuna15.com.ar\/wp-content\/uploads\/2021\/10\/atlanta-1110-768x511.jpg 768w, https:\/\/vocesdelacomuna15.com.ar\/wp-content\/uploads\/2021\/10\/atlanta-1110-1080x718.jpg 1080w, https:\/\/vocesdelacomuna15.com.ar\/wp-content\/uploads\/2021\/10\/atlanta-1110-600x399.jpg 600w, https:\/\/vocesdelacomuna15.com.ar\/wp-content\/uploads\/2021\/10\/atlanta-1110.jpg 1504w\" sizes=\"(max-width: 1024px) 100vw, 1024px\" \/><figcaption>El &#8220;bohemio&#8221; sufri\u00f3 una nueva derrota en Quilmes<\/figcaption><\/figure>\n\n\n\n<p>Con la derrota, Atlanta\nqued\u00f3 8\u00ba con 34 puntos (8 ganados, 10 empates y 10 derrotas) en la Zona A de la\nPrimera Nacional, que est\u00e1 liderada por Almirante Brown con 51 unidades. El \u201cbohemio\u201d\nqued\u00f3 a 12 puntos de Tigre, \u00faltimo de los clasificados de la Zona A al reducido\npor el segundo ascenso. La Zona B, en tanto, est\u00e1 comandada por G\u00fcemes de\nSantiago del Estero, con 45 puntos. En la pr\u00f3xima fecha, la 30, Atlanta\nrecibir\u00e1 a Tigre. Ser\u00e1 el lunes 18 a las 15.35 horas.<\/p>\n\n\n\n<p>Resumen del\npartido (Fuente: Los Goles de Atlanta- You Tube):<\/p>\n\n\n\n<figure class=\"wp-block-embed-youtube wp-block-embed is-type-video is-provider-youtube wp-embed-aspect-16-9 wp-has-aspect-ratio\"><div class=\"wp-block-embed__wrapper\">\n<iframe loading=\"lazy\" title=\"Quilmes 2 Atlanta 1 - Primera Nacional\" width=\"1080\" height=\"608\" src=\"https:\/\/www.youtube.com\/embed\/OvOiGVO50xc?feature=oembed\" frameborder=\"0\" allow=\"accelerometer; autoplay; clipboard-write; encrypted-media; gyroscope; picture-in-picture\" allowfullscreen><\/iframe>\n<\/div><\/figure>\n\n\n\n<p>COMUNICACIONES\nIGUAL\u00d3 COMO VISITANTE ANTE DEPORTIVO ARMENIO<\/p>\n\n\n\n<p>El \u201ccartero\u201d empat\u00f3 el s\u00e1bado por el Clausura de la B Metro por 1 a 1 en Ingeniero Maschwitz ante Deportivo Armenio. El local comenz\u00f3 ganando con gol de Patr\u00f3n a los 14 minutos y lo igual\u00f3 para los de Agronom\u00eda Rodrigo Acosta a los 43. Con el empate, los \u201ccarteros\u201d quedaron en el 9\u00ba lugar de la tabla con 15 unidades (4 ganados, 3 empates y 6 perdidos). El l\u00edder es Colegiales con 26 unidades. En la tabla acumulada entre Apertura y Clausura por el reducido al segundo ascenso, Comunicaciones tiene 36 puntos y est\u00e1 a 6 del \u00faltimo de los clasificados, que es Defensores Unidos de Z\u00e1rate con 42. En la siguiente fecha, la 14 del Clausura, a disputarse el pr\u00f3ximo fin de semana, Comunicaciones tendr\u00e1 fecha libre.<\/p>\n\n\n\n<figure class=\"wp-block-image\"><img loading=\"lazy\" decoding=\"async\" width=\"849\" height=\"589\" src=\"http:\/\/vocesdelacomuna15.com.ar\/wordpress\/wp-content\/uploads\/2021\/10\/comu1110.jpg\" alt=\"\" class=\"wp-image-54811\" srcset=\"https:\/\/vocesdelacomuna15.com.ar\/wp-content\/uploads\/2021\/10\/comu1110.jpg 849w, https:\/\/vocesdelacomuna15.com.ar\/wp-content\/uploads\/2021\/10\/comu1110-300x208.jpg 300w, https:\/\/vocesdelacomuna15.com.ar\/wp-content\/uploads\/2021\/10\/comu1110-768x533.jpg 768w, https:\/\/vocesdelacomuna15.com.ar\/wp-content\/uploads\/2021\/10\/comu1110-600x416.jpg 600w\" sizes=\"(max-width: 849px) 100vw, 849px\" \/><figcaption>El &#8220;cartero&#8221; igual\u00f3 en Maschwitz ante Deportivo Armenio<\/figcaption><\/figure>\n\n\n\n<p>Resumen del\npartido (Fuente: Siempre con Comu- You Tube):<\/p>\n\n\n\n<figure class=\"wp-block-embed-youtube wp-block-embed is-type-video is-provider-youtube wp-embed-aspect-16-9 wp-has-aspect-ratio\"><div class=\"wp-block-embed__wrapper\">\n<iframe loading=\"lazy\" title=\"[F\u00fatbol] Deportivo Armenio 1 vs. Comunicaciones 1\" width=\"1080\" height=\"608\" src=\"https:\/\/www.youtube.com\/embed\/FEt52yqWEvQ?start=2&#038;feature=oembed\" frameborder=\"0\" allow=\"accelerometer; autoplay; clipboard-write; encrypted-media; gyroscope; picture-in-picture\" allowfullscreen><\/iframe>\n<\/div><\/figure>\n\n\n\n<p>Caracteres: 4.725<\/p>\n\n\n\n<p>Fotos Argentinos\n(interior de la nota): Prensa AAAJ<\/p>\n\n\n\n<p>Foto Atlanta:\nAtlanta Oficial<\/p>\n\n\n\n<p>Foto\nComunicaciones: Prensa Comu<\/p>\n<div class=\"pvc_clear\"><\/div><p id=\"pvc_stats_54806\" class=\"pvc_stats all  \" data-element-id=\"54806\" style=\"\"><i class=\"pvc-stats-icon small\" aria-hidden=\"true\"><svg aria-hidden=\"true\" focusable=\"false\" data-prefix=\"far\" data-icon=\"chart-bar\" role=\"img\" xmlns=\"http:\/\/www.w3.org\/2000\/svg\" viewBox=\"0 0 512 512\" class=\"svg-inline--fa fa-chart-bar fa-w-16 fa-2x\"><path fill=\"currentColor\" d=\"M396.8 352h22.4c6.4 0 12.8-6.4 12.8-12.8V108.8c0-6.4-6.4-12.8-12.8-12.8h-22.4c-6.4 0-12.8 6.4-12.8 12.8v230.4c0 6.4 6.4 12.8 12.8 12.8zm-192 0h22.4c6.4 0 12.8-6.4 12.8-12.8V140.8c0-6.4-6.4-12.8-12.8-12.8h-22.4c-6.4 0-12.8 6.4-12.8 12.8v198.4c0 6.4 6.4 12.8 12.8 12.8zm96 0h22.4c6.4 0 12.8-6.4 12.8-12.8V204.8c0-6.4-6.4-12.8-12.8-12.8h-22.4c-6.4 0-12.8 6.4-12.8 12.8v134.4c0 6.4 6.4 12.8 12.8 12.8zM496 400H48V80c0-8.84-7.16-16-16-16H16C7.16 64 0 71.16 0 80v336c0 17.67 14.33 32 32 32h464c8.84 0 16-7.16 16-16v-16c0-8.84-7.16-16-16-16zm-387.2-48h22.4c6.4 0 12.8-6.4 12.8-12.8v-70.4c0-6.4-6.4-12.8-12.8-12.8h-22.4c-6.4 0-12.8 6.4-12.8 12.8v70.4c0 6.4 6.4 12.8 12.8 12.8z\" class=\"\"><\/path><\/svg><\/i> <img loading=\"lazy\" decoding=\"async\" width=\"16\" height=\"16\" alt=\"Loading\" src=\"https:\/\/vocesdelacomuna15.com.ar\/wp-content\/plugins\/page-views-count\/ajax-loader-2x.gif\" border=0 \/><\/p><div class=\"pvc_clear\"><\/div>","protected":false},"excerpt":{"rendered":"<p>Derrota por 2 a 0 en el Autocr\u00e9dito Diego Armando Maradona Bichos y bichas volvieron a Boyac\u00e1 despu\u00e9s de m\u00e1s de un a\u00f1o y medio sin p\u00fablico debido a las restricciones por la pandemia de COVID-19. Socios y socias de Argentinos que cumplieron con los requisitos exigidos por las autoridades pudieron volver al Autocr\u00e9dito Diego [&hellip;]<\/p>\n<div class=\"pvc_clear\"><\/div>\n<p id=\"pvc_stats_54806\" class=\"pvc_stats all  \" data-element-id=\"54806\" style=\"\"><i class=\"pvc-stats-icon small\" aria-hidden=\"true\"><svg aria-hidden=\"true\" focusable=\"false\" data-prefix=\"far\" data-icon=\"chart-bar\" role=\"img\" xmlns=\"http:\/\/www.w3.org\/2000\/svg\" viewBox=\"0 0 512 512\" class=\"svg-inline--fa fa-chart-bar fa-w-16 fa-2x\"><path fill=\"currentColor\" d=\"M396.8 352h22.4c6.4 0 12.8-6.4 12.8-12.8V108.8c0-6.4-6.4-12.8-12.8-12.8h-22.4c-6.4 0-12.8 6.4-12.8 12.8v230.4c0 6.4 6.4 12.8 12.8 12.8zm-192 0h22.4c6.4 0 12.8-6.4 12.8-12.8V140.8c0-6.4-6.4-12.8-12.8-12.8h-22.4c-6.4 0-12.8 6.4-12.8 12.8v198.4c0 6.4 6.4 12.8 12.8 12.8zm96 0h22.4c6.4 0 12.8-6.4 12.8-12.8V204.8c0-6.4-6.4-12.8-12.8-12.8h-22.4c-6.4 0-12.8 6.4-12.8 12.8v134.4c0 6.4 6.4 12.8 12.8 12.8zM496 400H48V80c0-8.84-7.16-16-16-16H16C7.16 64 0 71.16 0 80v336c0 17.67 14.33 32 32 32h464c8.84 0 16-7.16 16-16v-16c0-8.84-7.16-16-16-16zm-387.2-48h22.4c6.4 0 12.8-6.4 12.8-12.8v-70.4c0-6.4-6.4-12.8-12.8-12.8h-22.4c-6.4 0-12.8 6.4-12.8 12.8v70.4c0 6.4 6.4 12.8 12.8 12.8z\" class=\"\"><\/path><\/svg><\/i> <img loading=\"lazy\" decoding=\"async\" width=\"16\" height=\"16\" alt=\"Loading\" src=\"https:\/\/vocesdelacomuna15.com.ar\/wp-content\/plugins\/page-views-count\/ajax-loader-2x.gif\" border=0 \/><\/p>\n<div class=\"pvc_clear\"><\/div>\n","protected":false},"author":2,"featured_media":54807,"comment_status":"open","ping_status":"open","sticky":false,"template":"","format":"standard","meta":{"_et_pb_use_builder":"off","_et_pb_old_content":"","_et_gb_content_width":"","footnotes":""},"categories":[6,27,29,32],"tags":[],"class_list":["post-54806","post","type-post","status-publish","format-standard","has-post-thumbnail","hentry","category-agro","category-deportes","category-lapa","category-vcre","et-has-post-format-content","et_post_format-et-post-format-standard"],"a3_pvc":{"activated":true,"total_views":278,"today_views":0},"yoast_head":"<!-- This site is optimized with the Yoast SEO plugin v27.5 - https:\/\/yoast.com\/product\/yoast-seo-wordpress\/ -->\n<title>Los hinchas volvieron a La Paternal pero Argentinos no pudo con Defensa y Justicia - Voces de la Comuna 15<\/title>\n<meta name=\"description\" content=\"Voces de la Comuna 15\" \/>\n<meta name=\"robots\" content=\"index, follow, max-snippet:-1, max-image-preview:large, max-video-preview:-1\" \/>\n<link rel=\"canonical\" href=\"https:\/\/vocesdelacomuna15.com.ar\/press\/los-hinchas-volvieron-a-la-paternal-pero-argentinos-no-pudo-con-defensa-y-justicia\/\" \/>\n<meta property=\"og:locale\" content=\"es_ES\" \/>\n<meta property=\"og:type\" content=\"article\" \/>\n<meta property=\"og:title\" content=\"Los hinchas volvieron a La Paternal pero Argentinos no pudo con Defensa y Justicia - Voces de la Comuna 15\" \/>\n<meta property=\"og:description\" content=\"Voces de la Comuna 15\" \/>\n<meta property=\"og:url\" content=\"https:\/\/vocesdelacomuna15.com.ar\/press\/los-hinchas-volvieron-a-la-paternal-pero-argentinos-no-pudo-con-defensa-y-justicia\/\" \/>\n<meta property=\"og:site_name\" content=\"Voces de la Comuna 15\" \/>\n<meta property=\"article:publisher\" content=\"https:\/\/www.facebook.com\/VocesComuna15\/\" \/>\n<meta property=\"article:published_time\" content=\"2021-10-11T23:03:17+00:00\" \/>\n<meta property=\"article:modified_time\" content=\"2021-10-11T23:03:26+00:00\" \/>\n<meta property=\"og:image\" content=\"https:\/\/vocesdelacomuna15.com.ar\/wp-content\/uploads\/2021\/10\/foto-nievas-1110.jpg\" \/>\n\t<meta property=\"og:image:width\" content=\"1600\" \/>\n\t<meta property=\"og:image:height\" content=\"900\" \/>\n\t<meta property=\"og:image:type\" content=\"image\/jpeg\" \/>\n<meta name=\"author\" content=\"Federico Arguto\" \/>\n<meta name=\"twitter:card\" content=\"summary_large_image\" \/>\n<meta name=\"twitter:creator\" content=\"@vocescomuna15\" \/>\n<meta name=\"twitter:site\" content=\"@vocescomuna15\" \/>\n<meta name=\"twitter:label1\" content=\"Escrito por\" \/>\n\t<meta name=\"twitter:data1\" content=\"Federico Arguto\" \/>\n\t<meta name=\"twitter:label2\" content=\"Tiempo de lectura\" \/>\n\t<meta name=\"twitter:data2\" content=\"5 minutos\" \/>\n<script type=\"application\/ld+json\" class=\"yoast-schema-graph\">{\"@context\":\"https:\\\/\\\/schema.org\",\"@graph\":[{\"@type\":\"Article\",\"@id\":\"https:\\\/\\\/vocesdelacomuna15.com.ar\\\/press\\\/los-hinchas-volvieron-a-la-paternal-pero-argentinos-no-pudo-con-defensa-y-justicia\\\/#article\",\"isPartOf\":{\"@id\":\"https:\\\/\\\/vocesdelacomuna15.com.ar\\\/press\\\/los-hinchas-volvieron-a-la-paternal-pero-argentinos-no-pudo-con-defensa-y-justicia\\\/\"},\"author\":{\"name\":\"Federico Arguto\",\"@id\":\"https:\\\/\\\/vocesdelacomuna15.com.ar\\\/press\\\/#\\\/schema\\\/person\\\/4739e109db25d799cd3d139eeb509e43\"},\"headline\":\"Los hinchas volvieron a La Paternal pero Argentinos no pudo con Defensa y Justicia\",\"datePublished\":\"2021-10-11T23:03:17+00:00\",\"dateModified\":\"2021-10-11T23:03:26+00:00\",\"mainEntityOfPage\":{\"@id\":\"https:\\\/\\\/vocesdelacomuna15.com.ar\\\/press\\\/los-hinchas-volvieron-a-la-paternal-pero-argentinos-no-pudo-con-defensa-y-justicia\\\/\"},\"wordCount\":924,\"commentCount\":0,\"publisher\":{\"@id\":\"https:\\\/\\\/vocesdelacomuna15.com.ar\\\/press\\\/#organization\"},\"image\":{\"@id\":\"https:\\\/\\\/vocesdelacomuna15.com.ar\\\/press\\\/los-hinchas-volvieron-a-la-paternal-pero-argentinos-no-pudo-con-defensa-y-justicia\\\/#primaryimage\"},\"thumbnailUrl\":\"https:\\\/\\\/vocesdelacomuna15.com.ar\\\/wp-content\\\/uploads\\\/2021\\\/10\\\/foto-nievas-1110.jpg\",\"articleSection\":[\"Agronom\u00eda\",\"Deportes\",\"La Paternal\",\"Villa Crespo\"],\"inLanguage\":\"es-AR\",\"potentialAction\":[{\"@type\":\"CommentAction\",\"name\":\"Comment\",\"target\":[\"https:\\\/\\\/vocesdelacomuna15.com.ar\\\/press\\\/los-hinchas-volvieron-a-la-paternal-pero-argentinos-no-pudo-con-defensa-y-justicia\\\/#respond\"]}]},{\"@type\":\"WebPage\",\"@id\":\"https:\\\/\\\/vocesdelacomuna15.com.ar\\\/press\\\/los-hinchas-volvieron-a-la-paternal-pero-argentinos-no-pudo-con-defensa-y-justicia\\\/\",\"url\":\"https:\\\/\\\/vocesdelacomuna15.com.ar\\\/press\\\/los-hinchas-volvieron-a-la-paternal-pero-argentinos-no-pudo-con-defensa-y-justicia\\\/\",\"name\":\"Los hinchas volvieron a La Paternal pero Argentinos no pudo con Defensa y Justicia - Voces de la Comuna 15\",\"isPartOf\":{\"@id\":\"https:\\\/\\\/vocesdelacomuna15.com.ar\\\/press\\\/#website\"},\"primaryImageOfPage\":{\"@id\":\"https:\\\/\\\/vocesdelacomuna15.com.ar\\\/press\\\/los-hinchas-volvieron-a-la-paternal-pero-argentinos-no-pudo-con-defensa-y-justicia\\\/#primaryimage\"},\"image\":{\"@id\":\"https:\\\/\\\/vocesdelacomuna15.com.ar\\\/press\\\/los-hinchas-volvieron-a-la-paternal-pero-argentinos-no-pudo-con-defensa-y-justicia\\\/#primaryimage\"},\"thumbnailUrl\":\"https:\\\/\\\/vocesdelacomuna15.com.ar\\\/wp-content\\\/uploads\\\/2021\\\/10\\\/foto-nievas-1110.jpg\",\"datePublished\":\"2021-10-11T23:03:17+00:00\",\"dateModified\":\"2021-10-11T23:03:26+00:00\",\"description\":\"Voces de la Comuna 15\",\"breadcrumb\":{\"@id\":\"https:\\\/\\\/vocesdelacomuna15.com.ar\\\/press\\\/los-hinchas-volvieron-a-la-paternal-pero-argentinos-no-pudo-con-defensa-y-justicia\\\/#breadcrumb\"},\"inLanguage\":\"es-AR\",\"potentialAction\":[{\"@type\":\"ReadAction\",\"target\":[\"https:\\\/\\\/vocesdelacomuna15.com.ar\\\/press\\\/los-hinchas-volvieron-a-la-paternal-pero-argentinos-no-pudo-con-defensa-y-justicia\\\/\"]}]},{\"@type\":\"ImageObject\",\"inLanguage\":\"es-AR\",\"@id\":\"https:\\\/\\\/vocesdelacomuna15.com.ar\\\/press\\\/los-hinchas-volvieron-a-la-paternal-pero-argentinos-no-pudo-con-defensa-y-justicia\\\/#primaryimage\",\"url\":\"https:\\\/\\\/vocesdelacomuna15.com.ar\\\/wp-content\\\/uploads\\\/2021\\\/10\\\/foto-nievas-1110.jpg\",\"contentUrl\":\"https:\\\/\\\/vocesdelacomuna15.com.ar\\\/wp-content\\\/uploads\\\/2021\\\/10\\\/foto-nievas-1110.jpg\",\"width\":1600,\"height\":900},{\"@type\":\"BreadcrumbList\",\"@id\":\"https:\\\/\\\/vocesdelacomuna15.com.ar\\\/press\\\/los-hinchas-volvieron-a-la-paternal-pero-argentinos-no-pudo-con-defensa-y-justicia\\\/#breadcrumb\",\"itemListElement\":[{\"@type\":\"ListItem\",\"position\":1,\"name\":\"Inicio\",\"item\":\"https:\\\/\\\/vocesdelacomuna15.com.ar\\\/press\\\/\"},{\"@type\":\"ListItem\",\"position\":2,\"name\":\"Los hinchas volvieron a La Paternal pero Argentinos no pudo con Defensa y Justicia\"}]},{\"@type\":\"WebSite\",\"@id\":\"https:\\\/\\\/vocesdelacomuna15.com.ar\\\/press\\\/#website\",\"url\":\"https:\\\/\\\/vocesdelacomuna15.com.ar\\\/press\\\/\",\"name\":\"Voces de la Comuna 15\",\"description\":\"Sitio web de noticias\",\"publisher\":{\"@id\":\"https:\\\/\\\/vocesdelacomuna15.com.ar\\\/press\\\/#organization\"},\"potentialAction\":[{\"@type\":\"SearchAction\",\"target\":{\"@type\":\"EntryPoint\",\"urlTemplate\":\"https:\\\/\\\/vocesdelacomuna15.com.ar\\\/press\\\/?s={search_term_string}\"},\"query-input\":{\"@type\":\"PropertyValueSpecification\",\"valueRequired\":true,\"valueName\":\"search_term_string\"}}],\"inLanguage\":\"es-AR\"},{\"@type\":\"Organization\",\"@id\":\"https:\\\/\\\/vocesdelacomuna15.com.ar\\\/press\\\/#organization\",\"name\":\"Voces de la Comuna 15\",\"url\":\"https:\\\/\\\/vocesdelacomuna15.com.ar\\\/press\\\/\",\"logo\":{\"@type\":\"ImageObject\",\"inLanguage\":\"es-AR\",\"@id\":\"https:\\\/\\\/vocesdelacomuna15.com.ar\\\/press\\\/#\\\/schema\\\/logo\\\/image\\\/\",\"url\":\"https:\\\/\\\/vocesdelacomuna15.com.ar\\\/wp-content\\\/uploads\\\/2024\\\/12\\\/cropped-logo_voces.jpg\",\"contentUrl\":\"https:\\\/\\\/vocesdelacomuna15.com.ar\\\/wp-content\\\/uploads\\\/2024\\\/12\\\/cropped-logo_voces.jpg\",\"width\":512,\"height\":512,\"caption\":\"Voces de la Comuna 15\"},\"image\":{\"@id\":\"https:\\\/\\\/vocesdelacomuna15.com.ar\\\/press\\\/#\\\/schema\\\/logo\\\/image\\\/\"},\"sameAs\":[\"https:\\\/\\\/www.facebook.com\\\/VocesComuna15\\\/\",\"https:\\\/\\\/x.com\\\/vocescomuna15\"]},{\"@type\":\"Person\",\"@id\":\"https:\\\/\\\/vocesdelacomuna15.com.ar\\\/press\\\/#\\\/schema\\\/person\\\/4739e109db25d799cd3d139eeb509e43\",\"name\":\"Federico Arguto\",\"image\":{\"@type\":\"ImageObject\",\"inLanguage\":\"es-AR\",\"@id\":\"https:\\\/\\\/vocesdelacomuna15.com.ar\\\/wp-content\\\/litespeed\\\/avatar\\\/82faf979976f1bae889b8b71f8a0a7e5.jpg?ver=1777419741\",\"url\":\"https:\\\/\\\/vocesdelacomuna15.com.ar\\\/wp-content\\\/litespeed\\\/avatar\\\/82faf979976f1bae889b8b71f8a0a7e5.jpg?ver=1777419741\",\"contentUrl\":\"https:\\\/\\\/vocesdelacomuna15.com.ar\\\/wp-content\\\/litespeed\\\/avatar\\\/82faf979976f1bae889b8b71f8a0a7e5.jpg?ver=1777419741\",\"caption\":\"Federico Arguto\"},\"url\":\"https:\\\/\\\/vocesdelacomuna15.com.ar\\\/press\\\/author\\\/fede\\\/\"}]}<\/script>\n<!-- \/ Yoast SEO plugin. -->","yoast_head_json":{"title":"Los hinchas volvieron a La Paternal pero Argentinos no pudo con Defensa y Justicia - Voces de la Comuna 15","description":"Voces de la Comuna 15","robots":{"index":"index","follow":"follow","max-snippet":"max-snippet:-1","max-image-preview":"max-image-preview:large","max-video-preview":"max-video-preview:-1"},"canonical":"https:\/\/vocesdelacomuna15.com.ar\/press\/los-hinchas-volvieron-a-la-paternal-pero-argentinos-no-pudo-con-defensa-y-justicia\/","og_locale":"es_ES","og_type":"article","og_title":"Los hinchas volvieron a La Paternal pero Argentinos no pudo con Defensa y Justicia - Voces de la Comuna 15","og_description":"Voces de la Comuna 15","og_url":"https:\/\/vocesdelacomuna15.com.ar\/press\/los-hinchas-volvieron-a-la-paternal-pero-argentinos-no-pudo-con-defensa-y-justicia\/","og_site_name":"Voces de la Comuna 15","article_publisher":"https:\/\/www.facebook.com\/VocesComuna15\/","article_published_time":"2021-10-11T23:03:17+00:00","article_modified_time":"2021-10-11T23:03:26+00:00","og_image":[{"width":1600,"height":900,"url":"https:\/\/vocesdelacomuna15.com.ar\/wp-content\/uploads\/2021\/10\/foto-nievas-1110.jpg","type":"image\/jpeg"}],"author":"Federico Arguto","twitter_card":"summary_large_image","twitter_creator":"@vocescomuna15","twitter_site":"@vocescomuna15","twitter_misc":{"Escrito por":"Federico Arguto","Tiempo de lectura":"5 minutos"},"schema":{"@context":"https:\/\/schema.org","@graph":[{"@type":"Article","@id":"https:\/\/vocesdelacomuna15.com.ar\/press\/los-hinchas-volvieron-a-la-paternal-pero-argentinos-no-pudo-con-defensa-y-justicia\/#article","isPartOf":{"@id":"https:\/\/vocesdelacomuna15.com.ar\/press\/los-hinchas-volvieron-a-la-paternal-pero-argentinos-no-pudo-con-defensa-y-justicia\/"},"author":{"name":"Federico Arguto","@id":"https:\/\/vocesdelacomuna15.com.ar\/press\/#\/schema\/person\/4739e109db25d799cd3d139eeb509e43"},"headline":"Los hinchas volvieron a La Paternal pero Argentinos no pudo con Defensa y Justicia","datePublished":"2021-10-11T23:03:17+00:00","dateModified":"2021-10-11T23:03:26+00:00","mainEntityOfPage":{"@id":"https:\/\/vocesdelacomuna15.com.ar\/press\/los-hinchas-volvieron-a-la-paternal-pero-argentinos-no-pudo-con-defensa-y-justicia\/"},"wordCount":924,"commentCount":0,"publisher":{"@id":"https:\/\/vocesdelacomuna15.com.ar\/press\/#organization"},"image":{"@id":"https:\/\/vocesdelacomuna15.com.ar\/press\/los-hinchas-volvieron-a-la-paternal-pero-argentinos-no-pudo-con-defensa-y-justicia\/#primaryimage"},"thumbnailUrl":"https:\/\/vocesdelacomuna15.com.ar\/wp-content\/uploads\/2021\/10\/foto-nievas-1110.jpg","articleSection":["Agronom\u00eda","Deportes","La Paternal","Villa Crespo"],"inLanguage":"es-AR","potentialAction":[{"@type":"CommentAction","name":"Comment","target":["https:\/\/vocesdelacomuna15.com.ar\/press\/los-hinchas-volvieron-a-la-paternal-pero-argentinos-no-pudo-con-defensa-y-justicia\/#respond"]}]},{"@type":"WebPage","@id":"https:\/\/vocesdelacomuna15.com.ar\/press\/los-hinchas-volvieron-a-la-paternal-pero-argentinos-no-pudo-con-defensa-y-justicia\/","url":"https:\/\/vocesdelacomuna15.com.ar\/press\/los-hinchas-volvieron-a-la-paternal-pero-argentinos-no-pudo-con-defensa-y-justicia\/","name":"Los hinchas volvieron a La Paternal pero Argentinos no pudo con Defensa y Justicia - Voces de la Comuna 15","isPartOf":{"@id":"https:\/\/vocesdelacomuna15.com.ar\/press\/#website"},"primaryImageOfPage":{"@id":"https:\/\/vocesdelacomuna15.com.ar\/press\/los-hinchas-volvieron-a-la-paternal-pero-argentinos-no-pudo-con-defensa-y-justicia\/#primaryimage"},"image":{"@id":"https:\/\/vocesdelacomuna15.com.ar\/press\/los-hinchas-volvieron-a-la-paternal-pero-argentinos-no-pudo-con-defensa-y-justicia\/#primaryimage"},"thumbnailUrl":"https:\/\/vocesdelacomuna15.com.ar\/wp-content\/uploads\/2021\/10\/foto-nievas-1110.jpg","datePublished":"2021-10-11T23:03:17+00:00","dateModified":"2021-10-11T23:03:26+00:00","description":"Voces de la Comuna 15","breadcrumb":{"@id":"https:\/\/vocesdelacomuna15.com.ar\/press\/los-hinchas-volvieron-a-la-paternal-pero-argentinos-no-pudo-con-defensa-y-justicia\/#breadcrumb"},"inLanguage":"es-AR","potentialAction":[{"@type":"ReadAction","target":["https:\/\/vocesdelacomuna15.com.ar\/press\/los-hinchas-volvieron-a-la-paternal-pero-argentinos-no-pudo-con-defensa-y-justicia\/"]}]},{"@type":"ImageObject","inLanguage":"es-AR","@id":"https:\/\/vocesdelacomuna15.com.ar\/press\/los-hinchas-volvieron-a-la-paternal-pero-argentinos-no-pudo-con-defensa-y-justicia\/#primaryimage","url":"https:\/\/vocesdelacomuna15.com.ar\/wp-content\/uploads\/2021\/10\/foto-nievas-1110.jpg","contentUrl":"https:\/\/vocesdelacomuna15.com.ar\/wp-content\/uploads\/2021\/10\/foto-nievas-1110.jpg","width":1600,"height":900},{"@type":"BreadcrumbList","@id":"https:\/\/vocesdelacomuna15.com.ar\/press\/los-hinchas-volvieron-a-la-paternal-pero-argentinos-no-pudo-con-defensa-y-justicia\/#breadcrumb","itemListElement":[{"@type":"ListItem","position":1,"name":"Inicio","item":"https:\/\/vocesdelacomuna15.com.ar\/press\/"},{"@type":"ListItem","position":2,"name":"Los hinchas volvieron a La Paternal pero Argentinos no pudo con Defensa y Justicia"}]},{"@type":"WebSite","@id":"https:\/\/vocesdelacomuna15.com.ar\/press\/#website","url":"https:\/\/vocesdelacomuna15.com.ar\/press\/","name":"Voces de la Comuna 15","description":"Sitio web de noticias","publisher":{"@id":"https:\/\/vocesdelacomuna15.com.ar\/press\/#organization"},"potentialAction":[{"@type":"SearchAction","target":{"@type":"EntryPoint","urlTemplate":"https:\/\/vocesdelacomuna15.com.ar\/press\/?s={search_term_string}"},"query-input":{"@type":"PropertyValueSpecification","valueRequired":true,"valueName":"search_term_string"}}],"inLanguage":"es-AR"},{"@type":"Organization","@id":"https:\/\/vocesdelacomuna15.com.ar\/press\/#organization","name":"Voces de la Comuna 15","url":"https:\/\/vocesdelacomuna15.com.ar\/press\/","logo":{"@type":"ImageObject","inLanguage":"es-AR","@id":"https:\/\/vocesdelacomuna15.com.ar\/press\/#\/schema\/logo\/image\/","url":"https:\/\/vocesdelacomuna15.com.ar\/wp-content\/uploads\/2024\/12\/cropped-logo_voces.jpg","contentUrl":"https:\/\/vocesdelacomuna15.com.ar\/wp-content\/uploads\/2024\/12\/cropped-logo_voces.jpg","width":512,"height":512,"caption":"Voces de la Comuna 15"},"image":{"@id":"https:\/\/vocesdelacomuna15.com.ar\/press\/#\/schema\/logo\/image\/"},"sameAs":["https:\/\/www.facebook.com\/VocesComuna15\/","https:\/\/x.com\/vocescomuna15"]},{"@type":"Person","@id":"https:\/\/vocesdelacomuna15.com.ar\/press\/#\/schema\/person\/4739e109db25d799cd3d139eeb509e43","name":"Federico Arguto","image":{"@type":"ImageObject","inLanguage":"es-AR","@id":"https:\/\/vocesdelacomuna15.com.ar\/wp-content\/litespeed\/avatar\/82faf979976f1bae889b8b71f8a0a7e5.jpg?ver=1777419741","url":"https:\/\/vocesdelacomuna15.com.ar\/wp-content\/litespeed\/avatar\/82faf979976f1bae889b8b71f8a0a7e5.jpg?ver=1777419741","contentUrl":"https:\/\/vocesdelacomuna15.com.ar\/wp-content\/litespeed\/avatar\/82faf979976f1bae889b8b71f8a0a7e5.jpg?ver=1777419741","caption":"Federico Arguto"},"url":"https:\/\/vocesdelacomuna15.com.ar\/press\/author\/fede\/"}]}},"_links":{"self":[{"href":"https:\/\/vocesdelacomuna15.com.ar\/press\/wp-json\/wp\/v2\/posts\/54806","targetHints":{"allow":["GET"]}}],"collection":[{"href":"https:\/\/vocesdelacomuna15.com.ar\/press\/wp-json\/wp\/v2\/posts"}],"about":[{"href":"https:\/\/vocesdelacomuna15.com.ar\/press\/wp-json\/wp\/v2\/types\/post"}],"author":[{"embeddable":true,"href":"https:\/\/vocesdelacomuna15.com.ar\/press\/wp-json\/wp\/v2\/users\/2"}],"replies":[{"embeddable":true,"href":"https:\/\/vocesdelacomuna15.com.ar\/press\/wp-json\/wp\/v2\/comments?post=54806"}],"version-history":[{"count":1,"href":"https:\/\/vocesdelacomuna15.com.ar\/press\/wp-json\/wp\/v2\/posts\/54806\/revisions"}],"predecessor-version":[{"id":54812,"href":"https:\/\/vocesdelacomuna15.com.ar\/press\/wp-json\/wp\/v2\/posts\/54806\/revisions\/54812"}],"wp:featuredmedia":[{"embeddable":true,"href":"https:\/\/vocesdelacomuna15.com.ar\/press\/wp-json\/wp\/v2\/media\/54807"}],"wp:attachment":[{"href":"https:\/\/vocesdelacomuna15.com.ar\/press\/wp-json\/wp\/v2\/media?parent=54806"}],"wp:term":[{"taxonomy":"category","embeddable":true,"href":"https:\/\/vocesdelacomuna15.com.ar\/press\/wp-json\/wp\/v2\/categories?post=54806"},{"taxonomy":"post_tag","embeddable":true,"href":"https:\/\/vocesdelacomuna15.com.ar\/press\/wp-json\/wp\/v2\/tags?post=54806"}],"curies":[{"name":"wp","href":"https:\/\/api.w.org\/{rel}","templated":true}]}}