{"id":54801,"date":"2021-10-11T14:11:06","date_gmt":"2021-10-11T17:11:06","guid":{"rendered":"http:\/\/vocesdelacomuna15.com.ar\/wordpress\/?p=54801"},"modified":"2021-10-08T14:22:55","modified_gmt":"2021-10-08T17:22:55","slug":"parque-de-agronomia-la-universidad-de-buenos-aires-enrejo-caminos-del-tercer-pulmon-verde-porteno","status":"publish","type":"post","link":"https:\/\/vocesdelacomuna15.com.ar\/press\/parque-de-agronomia-la-universidad-de-buenos-aires-enrejo-caminos-del-tercer-pulmon-verde-porteno\/","title":{"rendered":"Parque de Agronom\u00eda: la Universidad de Buenos Aires enrej\u00f3 caminos del tercer pulm\u00f3n verde porte\u00f1o"},"content":{"rendered":"\n<p>Fuente: Diario Z<\/p>\n\n\n\n<p>Link a nota original:&nbsp;<a href=\"https:\/\/diarioz.com.ar\/2021\/10\/05\/parque-de-agronomia-la-universidad-de-buenos-aires-enrejo-caminos-del-tercer-pulmon-verde-de-la-ciudad\/\">https:\/\/diarioz.com.ar\/2021\/10\/05\/parque-de-agronomia-la-universidad-de-buenos-aires-enrejo-caminos-del-tercer-pulmon-verde-de-la-ciudad\/<\/a><\/p>\n\n\n\n<p><em><strong>Por Valentina Herraz. Especial para Diario Z<\/strong><\/em><\/p>\n\n\n\n<p>Las autoridades de la Universidad de Buenos Aires\nenrejaron caminos internos del Parque Agronom\u00eda de modo de impedir el tr\u00e1nsito\nde los vecinos que habitualmente utilizan ese gran espacio verde, el tercer\npulm\u00f3n de la Ciudad por sus dimensiones y riqueza arb\u00f3rea. El parque rodea las\nFacultades de Agronom\u00eda y la de Veterinaria y tiene entrada por la avenida San\nMart\u00edn 4453 y, del otro lado, por Avenida de los Constituyentes 3474.<\/p>\n\n\n\n<p>El parque hab\u00eda reabierto despu\u00e9s de un a\u00f1o y medio de\npermanecer cerrado con el pretexto de que la Universidad de Buenos Aires no\npod\u00eda hacerse cargo de los controles que exig\u00eda la pandemia. Cuando se habilit\u00f3\nel regreso a todos los espacios p\u00fablicos y la pandemia dej\u00f3 de funcionar como excusa,\nla UBA no modific\u00f3 su actitud.<\/p>\n\n\n\n<p>Con gazebos, actividades culturales, juntada de firmas,\ncartas al jefe de Gobierno y movilizaciones, los vecinos difundieron el\nproblema hasta que el Gobierno de la Ciudad debi\u00f3 admitir que la zonificaci\u00f3n\nparque del predio lo hace un espacio de libre acceso al p\u00fablico. El parque\ndeb\u00eda ser lo que fue siempre: un espacio colmado de grupos de amigos, familias\nde picnic, m\u00fasicos de guitarra o percusi\u00f3n, ciclistas y corredores.<\/p>\n\n\n\n<p>Reci\u00e9n a partir del 28 de agosto la UBA reabri\u00f3 el parque\npero advirti\u00f3 que lo har\u00eda exclusivamente s\u00e1bados y domingos de 7 a 20.30. Los\nreclamos de los vecinos de volver al r\u00e9gimen habitual fueron deso\u00eddos. Y ya\nhace un par de semanas los visitantes denunciaron que la UBA estaba bloqueando\ncalles internas limitando los espacios para la libre circulaci\u00f3n.<\/p>\n\n\n\n<p>Este fin de semana, finalmente, el parque amaneci\u00f3\nenrejado. Quienes se acercaban a disfrutar del d\u00eda soleado se encontraron con\nque el lugar que utilizaron por d\u00e9cadas ya no era accesible. \u201c<strong>Estos portones\nviolan el estatuto del rectorado de la UBA y los c\u00f3digos de Urbanizaci\u00f3n de la\nciudad. Cuando una instituci\u00f3n p\u00fablica cree que es privada pasan estas cosas<\/strong>\u201d,\ncuestionaron desde la agrupaci\u00f3n de vecinos Agronodetodxs.<\/p>\n\n\n\n<p>El cierre del Parque impacta en la comunidad que utiliza\nel espacio verde para realizar actividad f\u00edsica y recreativa, adem\u00e1s de usarlo\ncomo v\u00eda de conexi\u00f3n entre los barrios aleda\u00f1os de Agronom\u00eda, Villa del Parque,\nDevoto, Paternal, Parque Chas, Villa Pueyrred\u00f3n y Villa Ort\u00fazar.<\/p>\n\n\n\n<p><strong>Un poco de historia<\/strong><\/p>\n\n\n\n<p>El Parque Agronom\u00eda fue creado por decreto de Julio\nArgentino Roca en una zona de quintas y cultivos ante el crecimiento\ndemogr\u00e1fico de la zona norte y oeste de la Ciudad, con los siguientes\nfundamentos: \u201cHace indispensable que los poderes p\u00fablicos se preocupen de\nproveer a esa parte del vecindario de un parque amplio y c\u00f3modo, donde puedan\nlos habitantes del municipio encontrar un desahogo, en condiciones que guarden\narmon\u00eda con los progresos del resto de la ciudad\u201d.<\/p>\n\n\n\n<p>Hacia 1900 el parque ten\u00eda 185 hect\u00e1reas de las cuales\nquedan alrededor de 60. Los terrenos fueron siendo cedidos para usos educativos\ny del sistema de salud de instituciones nacionales o municipales.<\/p>\n\n\n\n<p>En 1963 el gobierno le cedi\u00f3 los t\u00edtulos de propiedad a\nla Universidad de Buenos Aires pero manteniendo la tipificaci\u00f3n parque, de uso\np\u00fablico.<\/p>\n\n\n\n<p>Durante la pandemia, la UBA puso en juego el t\u00edtulo de\npropiedad para bloquear el acceso a la comunidad. Una actitud incomprensible en\nmomentos en que se valoriz\u00f3 la importancia del espacio p\u00fablico para la salud\nf\u00edsica y mental de la poblaci\u00f3n.<\/p>\n\n\n\n<p>Los vecinos han anunciado que presentar\u00e1n las miles de\nfirmas contra el cierre que juntaron ante la Justicia.<\/p>\n\n\n\n<p>Caracteres: 3.432<\/p>\n\n\n\n<p>Fuente y Foto: Diario Z<\/p>\n<div class=\"pvc_clear\"><\/div><p id=\"pvc_stats_54801\" class=\"pvc_stats all  \" data-element-id=\"54801\" style=\"\"><i class=\"pvc-stats-icon small\" aria-hidden=\"true\"><svg aria-hidden=\"true\" focusable=\"false\" data-prefix=\"far\" data-icon=\"chart-bar\" role=\"img\" xmlns=\"http:\/\/www.w3.org\/2000\/svg\" viewBox=\"0 0 512 512\" class=\"svg-inline--fa fa-chart-bar fa-w-16 fa-2x\"><path fill=\"currentColor\" d=\"M396.8 352h22.4c6.4 0 12.8-6.4 12.8-12.8V108.8c0-6.4-6.4-12.8-12.8-12.8h-22.4c-6.4 0-12.8 6.4-12.8 12.8v230.4c0 6.4 6.4 12.8 12.8 12.8zm-192 0h22.4c6.4 0 12.8-6.4 12.8-12.8V140.8c0-6.4-6.4-12.8-12.8-12.8h-22.4c-6.4 0-12.8 6.4-12.8 12.8v198.4c0 6.4 6.4 12.8 12.8 12.8zm96 0h22.4c6.4 0 12.8-6.4 12.8-12.8V204.8c0-6.4-6.4-12.8-12.8-12.8h-22.4c-6.4 0-12.8 6.4-12.8 12.8v134.4c0 6.4 6.4 12.8 12.8 12.8zM496 400H48V80c0-8.84-7.16-16-16-16H16C7.16 64 0 71.16 0 80v336c0 17.67 14.33 32 32 32h464c8.84 0 16-7.16 16-16v-16c0-8.84-7.16-16-16-16zm-387.2-48h22.4c6.4 0 12.8-6.4 12.8-12.8v-70.4c0-6.4-6.4-12.8-12.8-12.8h-22.4c-6.4 0-12.8 6.4-12.8 12.8v70.4c0 6.4 6.4 12.8 12.8 12.8z\" class=\"\"><\/path><\/svg><\/i> <img loading=\"lazy\" decoding=\"async\" width=\"16\" height=\"16\" alt=\"Loading\" src=\"https:\/\/vocesdelacomuna15.com.ar\/wp-content\/plugins\/page-views-count\/ajax-loader-2x.gif\" border=0 \/><\/p><div class=\"pvc_clear\"><\/div>","protected":false},"excerpt":{"rendered":"<p>Fuente: Diario Z Link a nota original:&nbsp;https:\/\/diarioz.com.ar\/2021\/10\/05\/parque-de-agronomia-la-universidad-de-buenos-aires-enrejo-caminos-del-tercer-pulmon-verde-de-la-ciudad\/ Por Valentina Herraz. Especial para Diario Z Las autoridades de la Universidad de Buenos Aires enrejaron caminos internos del Parque Agronom\u00eda de modo de impedir el tr\u00e1nsito de los vecinos que habitualmente utilizan ese gran espacio verde, el tercer pulm\u00f3n de la Ciudad por sus dimensiones y riqueza [&hellip;]<\/p>\n<div class=\"pvc_clear\"><\/div>\n<p id=\"pvc_stats_54801\" class=\"pvc_stats all  \" data-element-id=\"54801\" style=\"\"><i class=\"pvc-stats-icon small\" aria-hidden=\"true\"><svg aria-hidden=\"true\" focusable=\"false\" data-prefix=\"far\" data-icon=\"chart-bar\" role=\"img\" xmlns=\"http:\/\/www.w3.org\/2000\/svg\" viewBox=\"0 0 512 512\" class=\"svg-inline--fa fa-chart-bar fa-w-16 fa-2x\"><path fill=\"currentColor\" d=\"M396.8 352h22.4c6.4 0 12.8-6.4 12.8-12.8V108.8c0-6.4-6.4-12.8-12.8-12.8h-22.4c-6.4 0-12.8 6.4-12.8 12.8v230.4c0 6.4 6.4 12.8 12.8 12.8zm-192 0h22.4c6.4 0 12.8-6.4 12.8-12.8V140.8c0-6.4-6.4-12.8-12.8-12.8h-22.4c-6.4 0-12.8 6.4-12.8 12.8v198.4c0 6.4 6.4 12.8 12.8 12.8zm96 0h22.4c6.4 0 12.8-6.4 12.8-12.8V204.8c0-6.4-6.4-12.8-12.8-12.8h-22.4c-6.4 0-12.8 6.4-12.8 12.8v134.4c0 6.4 6.4 12.8 12.8 12.8zM496 400H48V80c0-8.84-7.16-16-16-16H16C7.16 64 0 71.16 0 80v336c0 17.67 14.33 32 32 32h464c8.84 0 16-7.16 16-16v-16c0-8.84-7.16-16-16-16zm-387.2-48h22.4c6.4 0 12.8-6.4 12.8-12.8v-70.4c0-6.4-6.4-12.8-12.8-12.8h-22.4c-6.4 0-12.8 6.4-12.8 12.8v70.4c0 6.4 6.4 12.8 12.8 12.8z\" class=\"\"><\/path><\/svg><\/i> <img loading=\"lazy\" decoding=\"async\" width=\"16\" height=\"16\" alt=\"Loading\" src=\"https:\/\/vocesdelacomuna15.com.ar\/wp-content\/plugins\/page-views-count\/ajax-loader-2x.gif\" border=0 \/><\/p>\n<div class=\"pvc_clear\"><\/div>\n","protected":false},"author":2,"featured_media":54802,"comment_status":"open","ping_status":"open","sticky":false,"template":"","format":"standard","meta":{"_et_pb_use_builder":"off","_et_pb_old_content":"","_et_gb_content_width":"","footnotes":""},"categories":[6,8],"tags":[],"class_list":["post-54801","post","type-post","status-publish","format-standard","has-post-thumbnail","hentry","category-agro","category-sociedad","et-has-post-format-content","et_post_format-et-post-format-standard"],"a3_pvc":{"activated":true,"total_views":434,"today_views":0},"yoast_head":"<!-- This site is optimized with the Yoast SEO plugin v27.5 - https:\/\/yoast.com\/product\/yoast-seo-wordpress\/ -->\n<title>Parque de Agronom\u00eda: la Universidad de Buenos Aires enrej\u00f3 caminos del tercer pulm\u00f3n verde porte\u00f1o - Voces de la Comuna 15<\/title>\n<meta name=\"description\" content=\"Voces de la Comuna 15\" \/>\n<meta name=\"robots\" content=\"index, follow, max-snippet:-1, max-image-preview:large, max-video-preview:-1\" \/>\n<link rel=\"canonical\" href=\"https:\/\/vocesdelacomuna15.com.ar\/press\/parque-de-agronomia-la-universidad-de-buenos-aires-enrejo-caminos-del-tercer-pulmon-verde-porteno\/\" \/>\n<meta property=\"og:locale\" content=\"es_ES\" \/>\n<meta property=\"og:type\" content=\"article\" \/>\n<meta property=\"og:title\" content=\"Parque de Agronom\u00eda: la Universidad de Buenos Aires enrej\u00f3 caminos del tercer pulm\u00f3n verde porte\u00f1o - Voces de la Comuna 15\" \/>\n<meta property=\"og:description\" content=\"Voces de la Comuna 15\" \/>\n<meta property=\"og:url\" content=\"https:\/\/vocesdelacomuna15.com.ar\/press\/parque-de-agronomia-la-universidad-de-buenos-aires-enrejo-caminos-del-tercer-pulmon-verde-porteno\/\" \/>\n<meta property=\"og:site_name\" content=\"Voces de la Comuna 15\" \/>\n<meta property=\"article:publisher\" content=\"https:\/\/www.facebook.com\/VocesComuna15\/\" \/>\n<meta property=\"article:published_time\" content=\"2021-10-11T17:11:06+00:00\" \/>\n<meta property=\"og:image\" content=\"https:\/\/vocesdelacomuna15.com.ar\/wp-content\/uploads\/2021\/10\/agro810.png\" \/>\n\t<meta property=\"og:image:width\" content=\"747\" \/>\n\t<meta property=\"og:image:height\" content=\"416\" \/>\n\t<meta property=\"og:image:type\" content=\"image\/png\" \/>\n<meta name=\"author\" content=\"Federico Arguto\" \/>\n<meta name=\"twitter:card\" content=\"summary_large_image\" \/>\n<meta name=\"twitter:creator\" content=\"@vocescomuna15\" \/>\n<meta name=\"twitter:site\" content=\"@vocescomuna15\" \/>\n<meta name=\"twitter:label1\" content=\"Escrito por\" \/>\n\t<meta name=\"twitter:data1\" content=\"Federico Arguto\" \/>\n\t<meta name=\"twitter:label2\" content=\"Tiempo de lectura\" \/>\n\t<meta name=\"twitter:data2\" content=\"3 minutos\" \/>\n<script type=\"application\/ld+json\" class=\"yoast-schema-graph\">{\"@context\":\"https:\\\/\\\/schema.org\",\"@graph\":[{\"@type\":\"Article\",\"@id\":\"https:\\\/\\\/vocesdelacomuna15.com.ar\\\/press\\\/parque-de-agronomia-la-universidad-de-buenos-aires-enrejo-caminos-del-tercer-pulmon-verde-porteno\\\/#article\",\"isPartOf\":{\"@id\":\"https:\\\/\\\/vocesdelacomuna15.com.ar\\\/press\\\/parque-de-agronomia-la-universidad-de-buenos-aires-enrejo-caminos-del-tercer-pulmon-verde-porteno\\\/\"},\"author\":{\"name\":\"Federico Arguto\",\"@id\":\"https:\\\/\\\/vocesdelacomuna15.com.ar\\\/press\\\/#\\\/schema\\\/person\\\/4739e109db25d799cd3d139eeb509e43\"},\"headline\":\"Parque de Agronom\u00eda: la Universidad de Buenos Aires enrej\u00f3 caminos del tercer pulm\u00f3n verde porte\u00f1o\",\"datePublished\":\"2021-10-11T17:11:06+00:00\",\"mainEntityOfPage\":{\"@id\":\"https:\\\/\\\/vocesdelacomuna15.com.ar\\\/press\\\/parque-de-agronomia-la-universidad-de-buenos-aires-enrejo-caminos-del-tercer-pulmon-verde-porteno\\\/\"},\"wordCount\":657,\"commentCount\":0,\"publisher\":{\"@id\":\"https:\\\/\\\/vocesdelacomuna15.com.ar\\\/press\\\/#organization\"},\"image\":{\"@id\":\"https:\\\/\\\/vocesdelacomuna15.com.ar\\\/press\\\/parque-de-agronomia-la-universidad-de-buenos-aires-enrejo-caminos-del-tercer-pulmon-verde-porteno\\\/#primaryimage\"},\"thumbnailUrl\":\"https:\\\/\\\/vocesdelacomuna15.com.ar\\\/wp-content\\\/uploads\\\/2021\\\/10\\\/agro810.png\",\"articleSection\":[\"Agronom\u00eda\",\"Sociedad\"],\"inLanguage\":\"es-AR\",\"potentialAction\":[{\"@type\":\"CommentAction\",\"name\":\"Comment\",\"target\":[\"https:\\\/\\\/vocesdelacomuna15.com.ar\\\/press\\\/parque-de-agronomia-la-universidad-de-buenos-aires-enrejo-caminos-del-tercer-pulmon-verde-porteno\\\/#respond\"]}]},{\"@type\":\"WebPage\",\"@id\":\"https:\\\/\\\/vocesdelacomuna15.com.ar\\\/press\\\/parque-de-agronomia-la-universidad-de-buenos-aires-enrejo-caminos-del-tercer-pulmon-verde-porteno\\\/\",\"url\":\"https:\\\/\\\/vocesdelacomuna15.com.ar\\\/press\\\/parque-de-agronomia-la-universidad-de-buenos-aires-enrejo-caminos-del-tercer-pulmon-verde-porteno\\\/\",\"name\":\"Parque de Agronom\u00eda: la Universidad de Buenos Aires enrej\u00f3 caminos del tercer pulm\u00f3n verde porte\u00f1o - Voces de la Comuna 15\",\"isPartOf\":{\"@id\":\"https:\\\/\\\/vocesdelacomuna15.com.ar\\\/press\\\/#website\"},\"primaryImageOfPage\":{\"@id\":\"https:\\\/\\\/vocesdelacomuna15.com.ar\\\/press\\\/parque-de-agronomia-la-universidad-de-buenos-aires-enrejo-caminos-del-tercer-pulmon-verde-porteno\\\/#primaryimage\"},\"image\":{\"@id\":\"https:\\\/\\\/vocesdelacomuna15.com.ar\\\/press\\\/parque-de-agronomia-la-universidad-de-buenos-aires-enrejo-caminos-del-tercer-pulmon-verde-porteno\\\/#primaryimage\"},\"thumbnailUrl\":\"https:\\\/\\\/vocesdelacomuna15.com.ar\\\/wp-content\\\/uploads\\\/2021\\\/10\\\/agro810.png\",\"datePublished\":\"2021-10-11T17:11:06+00:00\",\"description\":\"Voces de la Comuna 15\",\"breadcrumb\":{\"@id\":\"https:\\\/\\\/vocesdelacomuna15.com.ar\\\/press\\\/parque-de-agronomia-la-universidad-de-buenos-aires-enrejo-caminos-del-tercer-pulmon-verde-porteno\\\/#breadcrumb\"},\"inLanguage\":\"es-AR\",\"potentialAction\":[{\"@type\":\"ReadAction\",\"target\":[\"https:\\\/\\\/vocesdelacomuna15.com.ar\\\/press\\\/parque-de-agronomia-la-universidad-de-buenos-aires-enrejo-caminos-del-tercer-pulmon-verde-porteno\\\/\"]}]},{\"@type\":\"ImageObject\",\"inLanguage\":\"es-AR\",\"@id\":\"https:\\\/\\\/vocesdelacomuna15.com.ar\\\/press\\\/parque-de-agronomia-la-universidad-de-buenos-aires-enrejo-caminos-del-tercer-pulmon-verde-porteno\\\/#primaryimage\",\"url\":\"https:\\\/\\\/vocesdelacomuna15.com.ar\\\/wp-content\\\/uploads\\\/2021\\\/10\\\/agro810.png\",\"contentUrl\":\"https:\\\/\\\/vocesdelacomuna15.com.ar\\\/wp-content\\\/uploads\\\/2021\\\/10\\\/agro810.png\",\"width\":747,\"height\":416},{\"@type\":\"BreadcrumbList\",\"@id\":\"https:\\\/\\\/vocesdelacomuna15.com.ar\\\/press\\\/parque-de-agronomia-la-universidad-de-buenos-aires-enrejo-caminos-del-tercer-pulmon-verde-porteno\\\/#breadcrumb\",\"itemListElement\":[{\"@type\":\"ListItem\",\"position\":1,\"name\":\"Inicio\",\"item\":\"https:\\\/\\\/vocesdelacomuna15.com.ar\\\/press\\\/\"},{\"@type\":\"ListItem\",\"position\":2,\"name\":\"Parque de Agronom\u00eda: la Universidad de Buenos Aires enrej\u00f3 caminos del tercer pulm\u00f3n verde porte\u00f1o\"}]},{\"@type\":\"WebSite\",\"@id\":\"https:\\\/\\\/vocesdelacomuna15.com.ar\\\/press\\\/#website\",\"url\":\"https:\\\/\\\/vocesdelacomuna15.com.ar\\\/press\\\/\",\"name\":\"Voces de la Comuna 15\",\"description\":\"Sitio web de noticias\",\"publisher\":{\"@id\":\"https:\\\/\\\/vocesdelacomuna15.com.ar\\\/press\\\/#organization\"},\"potentialAction\":[{\"@type\":\"SearchAction\",\"target\":{\"@type\":\"EntryPoint\",\"urlTemplate\":\"https:\\\/\\\/vocesdelacomuna15.com.ar\\\/press\\\/?s={search_term_string}\"},\"query-input\":{\"@type\":\"PropertyValueSpecification\",\"valueRequired\":true,\"valueName\":\"search_term_string\"}}],\"inLanguage\":\"es-AR\"},{\"@type\":\"Organization\",\"@id\":\"https:\\\/\\\/vocesdelacomuna15.com.ar\\\/press\\\/#organization\",\"name\":\"Voces de la Comuna 15\",\"url\":\"https:\\\/\\\/vocesdelacomuna15.com.ar\\\/press\\\/\",\"logo\":{\"@type\":\"ImageObject\",\"inLanguage\":\"es-AR\",\"@id\":\"https:\\\/\\\/vocesdelacomuna15.com.ar\\\/press\\\/#\\\/schema\\\/logo\\\/image\\\/\",\"url\":\"https:\\\/\\\/vocesdelacomuna15.com.ar\\\/wp-content\\\/uploads\\\/2024\\\/12\\\/cropped-logo_voces.jpg\",\"contentUrl\":\"https:\\\/\\\/vocesdelacomuna15.com.ar\\\/wp-content\\\/uploads\\\/2024\\\/12\\\/cropped-logo_voces.jpg\",\"width\":512,\"height\":512,\"caption\":\"Voces de la Comuna 15\"},\"image\":{\"@id\":\"https:\\\/\\\/vocesdelacomuna15.com.ar\\\/press\\\/#\\\/schema\\\/logo\\\/image\\\/\"},\"sameAs\":[\"https:\\\/\\\/www.facebook.com\\\/VocesComuna15\\\/\",\"https:\\\/\\\/x.com\\\/vocescomuna15\"]},{\"@type\":\"Person\",\"@id\":\"https:\\\/\\\/vocesdelacomuna15.com.ar\\\/press\\\/#\\\/schema\\\/person\\\/4739e109db25d799cd3d139eeb509e43\",\"name\":\"Federico Arguto\",\"image\":{\"@type\":\"ImageObject\",\"inLanguage\":\"es-AR\",\"@id\":\"https:\\\/\\\/vocesdelacomuna15.com.ar\\\/wp-content\\\/litespeed\\\/avatar\\\/82faf979976f1bae889b8b71f8a0a7e5.jpg?ver=1777419741\",\"url\":\"https:\\\/\\\/vocesdelacomuna15.com.ar\\\/wp-content\\\/litespeed\\\/avatar\\\/82faf979976f1bae889b8b71f8a0a7e5.jpg?ver=1777419741\",\"contentUrl\":\"https:\\\/\\\/vocesdelacomuna15.com.ar\\\/wp-content\\\/litespeed\\\/avatar\\\/82faf979976f1bae889b8b71f8a0a7e5.jpg?ver=1777419741\",\"caption\":\"Federico Arguto\"},\"url\":\"https:\\\/\\\/vocesdelacomuna15.com.ar\\\/press\\\/author\\\/fede\\\/\"}]}<\/script>\n<!-- \/ Yoast SEO plugin. -->","yoast_head_json":{"title":"Parque de Agronom\u00eda: la Universidad de Buenos Aires enrej\u00f3 caminos del tercer pulm\u00f3n verde porte\u00f1o - Voces de la Comuna 15","description":"Voces de la Comuna 15","robots":{"index":"index","follow":"follow","max-snippet":"max-snippet:-1","max-image-preview":"max-image-preview:large","max-video-preview":"max-video-preview:-1"},"canonical":"https:\/\/vocesdelacomuna15.com.ar\/press\/parque-de-agronomia-la-universidad-de-buenos-aires-enrejo-caminos-del-tercer-pulmon-verde-porteno\/","og_locale":"es_ES","og_type":"article","og_title":"Parque de Agronom\u00eda: la Universidad de Buenos Aires enrej\u00f3 caminos del tercer pulm\u00f3n verde porte\u00f1o - Voces de la Comuna 15","og_description":"Voces de la Comuna 15","og_url":"https:\/\/vocesdelacomuna15.com.ar\/press\/parque-de-agronomia-la-universidad-de-buenos-aires-enrejo-caminos-del-tercer-pulmon-verde-porteno\/","og_site_name":"Voces de la Comuna 15","article_publisher":"https:\/\/www.facebook.com\/VocesComuna15\/","article_published_time":"2021-10-11T17:11:06+00:00","og_image":[{"width":747,"height":416,"url":"https:\/\/vocesdelacomuna15.com.ar\/wp-content\/uploads\/2021\/10\/agro810.png","type":"image\/png"}],"author":"Federico Arguto","twitter_card":"summary_large_image","twitter_creator":"@vocescomuna15","twitter_site":"@vocescomuna15","twitter_misc":{"Escrito por":"Federico Arguto","Tiempo de lectura":"3 minutos"},"schema":{"@context":"https:\/\/schema.org","@graph":[{"@type":"Article","@id":"https:\/\/vocesdelacomuna15.com.ar\/press\/parque-de-agronomia-la-universidad-de-buenos-aires-enrejo-caminos-del-tercer-pulmon-verde-porteno\/#article","isPartOf":{"@id":"https:\/\/vocesdelacomuna15.com.ar\/press\/parque-de-agronomia-la-universidad-de-buenos-aires-enrejo-caminos-del-tercer-pulmon-verde-porteno\/"},"author":{"name":"Federico Arguto","@id":"https:\/\/vocesdelacomuna15.com.ar\/press\/#\/schema\/person\/4739e109db25d799cd3d139eeb509e43"},"headline":"Parque de Agronom\u00eda: la Universidad de Buenos Aires enrej\u00f3 caminos del tercer pulm\u00f3n verde porte\u00f1o","datePublished":"2021-10-11T17:11:06+00:00","mainEntityOfPage":{"@id":"https:\/\/vocesdelacomuna15.com.ar\/press\/parque-de-agronomia-la-universidad-de-buenos-aires-enrejo-caminos-del-tercer-pulmon-verde-porteno\/"},"wordCount":657,"commentCount":0,"publisher":{"@id":"https:\/\/vocesdelacomuna15.com.ar\/press\/#organization"},"image":{"@id":"https:\/\/vocesdelacomuna15.com.ar\/press\/parque-de-agronomia-la-universidad-de-buenos-aires-enrejo-caminos-del-tercer-pulmon-verde-porteno\/#primaryimage"},"thumbnailUrl":"https:\/\/vocesdelacomuna15.com.ar\/wp-content\/uploads\/2021\/10\/agro810.png","articleSection":["Agronom\u00eda","Sociedad"],"inLanguage":"es-AR","potentialAction":[{"@type":"CommentAction","name":"Comment","target":["https:\/\/vocesdelacomuna15.com.ar\/press\/parque-de-agronomia-la-universidad-de-buenos-aires-enrejo-caminos-del-tercer-pulmon-verde-porteno\/#respond"]}]},{"@type":"WebPage","@id":"https:\/\/vocesdelacomuna15.com.ar\/press\/parque-de-agronomia-la-universidad-de-buenos-aires-enrejo-caminos-del-tercer-pulmon-verde-porteno\/","url":"https:\/\/vocesdelacomuna15.com.ar\/press\/parque-de-agronomia-la-universidad-de-buenos-aires-enrejo-caminos-del-tercer-pulmon-verde-porteno\/","name":"Parque de Agronom\u00eda: la Universidad de Buenos Aires enrej\u00f3 caminos del tercer pulm\u00f3n verde porte\u00f1o - Voces de la Comuna 15","isPartOf":{"@id":"https:\/\/vocesdelacomuna15.com.ar\/press\/#website"},"primaryImageOfPage":{"@id":"https:\/\/vocesdelacomuna15.com.ar\/press\/parque-de-agronomia-la-universidad-de-buenos-aires-enrejo-caminos-del-tercer-pulmon-verde-porteno\/#primaryimage"},"image":{"@id":"https:\/\/vocesdelacomuna15.com.ar\/press\/parque-de-agronomia-la-universidad-de-buenos-aires-enrejo-caminos-del-tercer-pulmon-verde-porteno\/#primaryimage"},"thumbnailUrl":"https:\/\/vocesdelacomuna15.com.ar\/wp-content\/uploads\/2021\/10\/agro810.png","datePublished":"2021-10-11T17:11:06+00:00","description":"Voces de la Comuna 15","breadcrumb":{"@id":"https:\/\/vocesdelacomuna15.com.ar\/press\/parque-de-agronomia-la-universidad-de-buenos-aires-enrejo-caminos-del-tercer-pulmon-verde-porteno\/#breadcrumb"},"inLanguage":"es-AR","potentialAction":[{"@type":"ReadAction","target":["https:\/\/vocesdelacomuna15.com.ar\/press\/parque-de-agronomia-la-universidad-de-buenos-aires-enrejo-caminos-del-tercer-pulmon-verde-porteno\/"]}]},{"@type":"ImageObject","inLanguage":"es-AR","@id":"https:\/\/vocesdelacomuna15.com.ar\/press\/parque-de-agronomia-la-universidad-de-buenos-aires-enrejo-caminos-del-tercer-pulmon-verde-porteno\/#primaryimage","url":"https:\/\/vocesdelacomuna15.com.ar\/wp-content\/uploads\/2021\/10\/agro810.png","contentUrl":"https:\/\/vocesdelacomuna15.com.ar\/wp-content\/uploads\/2021\/10\/agro810.png","width":747,"height":416},{"@type":"BreadcrumbList","@id":"https:\/\/vocesdelacomuna15.com.ar\/press\/parque-de-agronomia-la-universidad-de-buenos-aires-enrejo-caminos-del-tercer-pulmon-verde-porteno\/#breadcrumb","itemListElement":[{"@type":"ListItem","position":1,"name":"Inicio","item":"https:\/\/vocesdelacomuna15.com.ar\/press\/"},{"@type":"ListItem","position":2,"name":"Parque de Agronom\u00eda: la Universidad de Buenos Aires enrej\u00f3 caminos del tercer pulm\u00f3n verde porte\u00f1o"}]},{"@type":"WebSite","@id":"https:\/\/vocesdelacomuna15.com.ar\/press\/#website","url":"https:\/\/vocesdelacomuna15.com.ar\/press\/","name":"Voces de la Comuna 15","description":"Sitio web de noticias","publisher":{"@id":"https:\/\/vocesdelacomuna15.com.ar\/press\/#organization"},"potentialAction":[{"@type":"SearchAction","target":{"@type":"EntryPoint","urlTemplate":"https:\/\/vocesdelacomuna15.com.ar\/press\/?s={search_term_string}"},"query-input":{"@type":"PropertyValueSpecification","valueRequired":true,"valueName":"search_term_string"}}],"inLanguage":"es-AR"},{"@type":"Organization","@id":"https:\/\/vocesdelacomuna15.com.ar\/press\/#organization","name":"Voces de la Comuna 15","url":"https:\/\/vocesdelacomuna15.com.ar\/press\/","logo":{"@type":"ImageObject","inLanguage":"es-AR","@id":"https:\/\/vocesdelacomuna15.com.ar\/press\/#\/schema\/logo\/image\/","url":"https:\/\/vocesdelacomuna15.com.ar\/wp-content\/uploads\/2024\/12\/cropped-logo_voces.jpg","contentUrl":"https:\/\/vocesdelacomuna15.com.ar\/wp-content\/uploads\/2024\/12\/cropped-logo_voces.jpg","width":512,"height":512,"caption":"Voces de la Comuna 15"},"image":{"@id":"https:\/\/vocesdelacomuna15.com.ar\/press\/#\/schema\/logo\/image\/"},"sameAs":["https:\/\/www.facebook.com\/VocesComuna15\/","https:\/\/x.com\/vocescomuna15"]},{"@type":"Person","@id":"https:\/\/vocesdelacomuna15.com.ar\/press\/#\/schema\/person\/4739e109db25d799cd3d139eeb509e43","name":"Federico Arguto","image":{"@type":"ImageObject","inLanguage":"es-AR","@id":"https:\/\/vocesdelacomuna15.com.ar\/wp-content\/litespeed\/avatar\/82faf979976f1bae889b8b71f8a0a7e5.jpg?ver=1777419741","url":"https:\/\/vocesdelacomuna15.com.ar\/wp-content\/litespeed\/avatar\/82faf979976f1bae889b8b71f8a0a7e5.jpg?ver=1777419741","contentUrl":"https:\/\/vocesdelacomuna15.com.ar\/wp-content\/litespeed\/avatar\/82faf979976f1bae889b8b71f8a0a7e5.jpg?ver=1777419741","caption":"Federico Arguto"},"url":"https:\/\/vocesdelacomuna15.com.ar\/press\/author\/fede\/"}]}},"_links":{"self":[{"href":"https:\/\/vocesdelacomuna15.com.ar\/press\/wp-json\/wp\/v2\/posts\/54801","targetHints":{"allow":["GET"]}}],"collection":[{"href":"https:\/\/vocesdelacomuna15.com.ar\/press\/wp-json\/wp\/v2\/posts"}],"about":[{"href":"https:\/\/vocesdelacomuna15.com.ar\/press\/wp-json\/wp\/v2\/types\/post"}],"author":[{"embeddable":true,"href":"https:\/\/vocesdelacomuna15.com.ar\/press\/wp-json\/wp\/v2\/users\/2"}],"replies":[{"embeddable":true,"href":"https:\/\/vocesdelacomuna15.com.ar\/press\/wp-json\/wp\/v2\/comments?post=54801"}],"version-history":[{"count":1,"href":"https:\/\/vocesdelacomuna15.com.ar\/press\/wp-json\/wp\/v2\/posts\/54801\/revisions"}],"predecessor-version":[{"id":54803,"href":"https:\/\/vocesdelacomuna15.com.ar\/press\/wp-json\/wp\/v2\/posts\/54801\/revisions\/54803"}],"wp:featuredmedia":[{"embeddable":true,"href":"https:\/\/vocesdelacomuna15.com.ar\/press\/wp-json\/wp\/v2\/media\/54802"}],"wp:attachment":[{"href":"https:\/\/vocesdelacomuna15.com.ar\/press\/wp-json\/wp\/v2\/media?parent=54801"}],"wp:term":[{"taxonomy":"category","embeddable":true,"href":"https:\/\/vocesdelacomuna15.com.ar\/press\/wp-json\/wp\/v2\/categories?post=54801"},{"taxonomy":"post_tag","embeddable":true,"href":"https:\/\/vocesdelacomuna15.com.ar\/press\/wp-json\/wp\/v2\/tags?post=54801"}],"curies":[{"name":"wp","href":"https:\/\/api.w.org\/{rel}","templated":true}]}}