{"id":54798,"date":"2021-10-11T13:45:18","date_gmt":"2021-10-11T16:45:18","guid":{"rendered":"http:\/\/vocesdelacomuna15.com.ar\/wordpress\/?p=54798"},"modified":"2021-10-08T13:52:40","modified_gmt":"2021-10-08T16:52:40","slug":"entregaron-las-firmas-de-la-peticion-para-crear-un-parque-publico-en-costa-salguero","status":"publish","type":"post","link":"https:\/\/vocesdelacomuna15.com.ar\/press\/entregaron-las-firmas-de-la-peticion-para-crear-un-parque-publico-en-costa-salguero\/","title":{"rendered":"Entregaron las firmas de la petici\u00f3n para crear un parque p\u00fablico en Costa Salguero"},"content":{"rendered":"\n<p>La propuesta busca plantear una alternativa a la construcci\u00f3n de torres y deber\u00e1 ser considerada por el Legislativo si se superaron las 40 mil adhesiones. Fuente: T\u00e9lam (Publicada el 5 de octubre)<\/p>\n\n\n\n<p>Link a nota original: https:\/\/www.telam.com.ar\/notas\/202110\/570760-costa-salguero-peticion-parque-publico.html<\/p>\n\n\n\n<p>Organizaciones sociales, pol\u00edticas y ambientales\nentregaron este martes al bloque del Frente de Todos (FdT) en la Legislatura\nporte\u00f1a las <strong>decenas de miles de firmas que recolectaron para presentar\nel proyecto de ley que propone crear un parque p\u00fablico en Costa Salguero<\/strong>\ny <strong>frenar as\u00ed la construcci\u00f3n de edificios privados de lujo en ese\npredio ribere\u00f1o.<\/strong><br>\n<br>\nLos diputados del FdT deber\u00e1n, ahora, controlar que todas las planillas que\ncontienen las firmas est\u00e9n en condiciones de ser presentadas formalmente en la\nLegislatura y,<strong> si llegan a las 40.000, el oficialismo local se ver\u00e1\nobligado a tratar el proyecto en el recinto de sesiones.<\/strong><br>\n<br>\n&#8220;En la confusi\u00f3n, lo \u00fanico que trae claridad es la opini\u00f3n de la\nciudadan\u00eda&#8221;, dijo el senador nacional del FdT por la Ciudad de Buenos\nAires, Mariano Recalde, quien impulsa, junto a los legisladores locales, el\nproyecto de ley para crear un parque p\u00fablico en Costa Salguero.<\/p>\n\n\n\n<p>Para Costa Salguero, un predio de 17 hect\u00e1reas a orillas\ndel R\u00edo de la Plata en la Costanera Norte de la ciudad, hay dos propuestas en\npugna: una que impulsa la construcci\u00f3n de un conjunto de edificios y otro que propone\nla creaci\u00f3n de un parque p\u00fablico.<\/p>\n\n\n\n<p>Las\ndos propuestas<\/p>\n\n\n\n<p><br>\nLa primera propuesta la impulsa el jefe de Gobierno porte\u00f1o, Horacio Rodr\u00edguez\nLarreta, a trav\u00e9s de la venta de una parte del predio para habilitar all\u00ed la\nconstrucci\u00f3n de un conjunto de edificios de hasta diez pisos, cuyo valor se\nestima en 9.000 d\u00f3lares por metro cuadrado.<br>\n<br>\nLa segunda es propiciada por diferentes organizaciones de la sociedad civil,\njunto al FdT, que proponen crear un gran parque verde de acceso irrestricto.<br>\n<br>\n&#8220;Tuvimos esta iniciativa con el objetivo de que no decaiga la enorme\ndemostraci\u00f3n de participaci\u00f3n popular que se dio en la audiencia p\u00fablica, en la\nque la ciudadan\u00eda se expres\u00f3 en contra del proyecto de ley que busca construir\nedificios&#8221;, agreg\u00f3 Recalde durante una conferencia de prensa ofrecida este\nmediod\u00eda en la Legislatura porte\u00f1a.<\/p>\n\n\n\n<p><strong>El verano pasado, entre noviembre de 2020 y enero de este a\u00f1o, la\nLegislatura tuvo la audiencia p\u00fablica m\u00e1s larga de su historia,<\/strong> con unos 2.000 participantes, de los cuales, seg\u00fan\ndiferentes relevamientos, el 98 por ciento se opuso a la construcci\u00f3n de\nedificios privados en Costa Salguero.<br>\n<br>\nLas tierras conocidas como Costa Salguero son propiedad del Estado porte\u00f1o,\npero est\u00e1n concesionadas hace m\u00e1s de 30 a\u00f1os a privados -actualmente a la empresa\nTelemetrix- que lo utilizaron principalmente como centro de eventos y\nexposiciones.<br>\n<br>\nAdem\u00e1s de la venta de una parte del terreno,<strong> el Gobierno de la Ciudad\nimpulsa una ley de &#8220;rezonificaci\u00f3n<\/strong>&#8221; para habilitar all\u00ed\nconstrucciones de hasta 32 metros de altura, la que obtuvo una primera votaci\u00f3n\ny fue debatida en audiencia p\u00fablica, por lo que s\u00f3lo resta, para su aprobaci\u00f3n\ndefinitiva, una segunda votaci\u00f3n por parte de los legisladores.<br>\n<br>\nEn la Legislatura porte\u00f1a, el interbloque oficialista est\u00e1 integrado por Vamos\nJuntos -que responde a Rodr\u00edguez Larreta-, UCR-Evoluci\u00f3n -cuyo referente es el\nsenador Mart\u00edn Lousteau-, Partido Socialista y GEN, y suma as\u00ed 38 bancas, de un\ntotal de 60, por lo que cuenta con la mayor\u00eda necesaria para frenar el\ntratamiento de proyectos que le son adversos.<br>\n<br>\nSin embargo, de acuerdo a las leyes locales,<strong> los proyectos de ley\npresentados mediante iniciativa popular deben ser tratados de manera\nobligatoria en el recinto de sesiones, siempre y cuando est\u00e9n respaldados por\nel 1,5 por ciento del electorado local.<\/strong><br>\n<br>\nPor eso,<strong> desde el FdT afirman que buscan reunir 40.000 firmas y estiman\nque ya las tienen.<\/strong><br>\n<br>\nSin embargo, de acuerdo a los datos del Ministerio de Gobierno porte\u00f1o, en el\ndistrito hay 2.551.690 electores, por lo que bastar\u00eda con 38.275 firmas.<br>\n<br>\nLas agrupaciones que acercaron hoy las firmas a la Legislatura son: el\nColectivo de Arquitectas en Defensa de las Tierras P\u00fablicas (CdA), la Alianza\npor el Clima, Ecohouse, J\u00f3venes por el Clima, Red de Univertsitaries por la\nCrisis Clim\u00e1tica y Menos Cemento M\u00e1s Verde.<br>\n<br>\nB\u00e1rbara Rossen, del CdA, dijo en la conferencia de prensa que hay &#8220;una\noportunidad hist\u00f3rica de recomponer la relaci\u00f3n de la ciudad con su r\u00edo, de\nincrementar las \u00e1reas verdes y de entender que los espacios verdes no son un\ngasto, sino una inversi\u00f3n en salud y en calidad de vida&#8221;.<br>\n<br>\n&#8220;Las tierras p\u00fablicas son de todos y tenemos derecho a disfrutarlas&#8221;,\nagreg\u00f3.<br>\n<br>\nRosa Aboy, tambi\u00e9n de Colectivo de Arquitectas, dijo por su parte que\n&#8220;esta iniciativa popular va a demostrar que la salida es colectiva, y que\nla \u00fanica pol\u00edtica urbana no puede ser la segregaci\u00f3n social&#8221;.<br>\n<br>\n&#8220;Aplicar este tipo de pol\u00edticas, como privatizar la tierra p\u00fablica y hacer\nviviendas de lujo sobre la costa, s\u00f3lo profundiza esas diferencias tan enormes\nque existen entre el norte y el sur, en una ciudad tan rica como Buenos\nAires&#8221;, agreg\u00f3.<br>\n<br>\nTambi\u00e9n se juntaron firmas desde el FdT, a trav\u00e9s del bloque de legisladores\nporte\u00f1os y de diputados nacionales por la Ciudad de Buenos Aires.<\/p>\n\n\n\n<p>Caracteres: 4.916<\/p>\n\n\n\n<p>Foto: T\u00e9lam<\/p>\n<div class=\"pvc_clear\"><\/div><p id=\"pvc_stats_54798\" class=\"pvc_stats all  \" data-element-id=\"54798\" style=\"\"><i class=\"pvc-stats-icon small\" aria-hidden=\"true\"><svg aria-hidden=\"true\" focusable=\"false\" data-prefix=\"far\" data-icon=\"chart-bar\" role=\"img\" xmlns=\"http:\/\/www.w3.org\/2000\/svg\" viewBox=\"0 0 512 512\" class=\"svg-inline--fa fa-chart-bar fa-w-16 fa-2x\"><path fill=\"currentColor\" d=\"M396.8 352h22.4c6.4 0 12.8-6.4 12.8-12.8V108.8c0-6.4-6.4-12.8-12.8-12.8h-22.4c-6.4 0-12.8 6.4-12.8 12.8v230.4c0 6.4 6.4 12.8 12.8 12.8zm-192 0h22.4c6.4 0 12.8-6.4 12.8-12.8V140.8c0-6.4-6.4-12.8-12.8-12.8h-22.4c-6.4 0-12.8 6.4-12.8 12.8v198.4c0 6.4 6.4 12.8 12.8 12.8zm96 0h22.4c6.4 0 12.8-6.4 12.8-12.8V204.8c0-6.4-6.4-12.8-12.8-12.8h-22.4c-6.4 0-12.8 6.4-12.8 12.8v134.4c0 6.4 6.4 12.8 12.8 12.8zM496 400H48V80c0-8.84-7.16-16-16-16H16C7.16 64 0 71.16 0 80v336c0 17.67 14.33 32 32 32h464c8.84 0 16-7.16 16-16v-16c0-8.84-7.16-16-16-16zm-387.2-48h22.4c6.4 0 12.8-6.4 12.8-12.8v-70.4c0-6.4-6.4-12.8-12.8-12.8h-22.4c-6.4 0-12.8 6.4-12.8 12.8v70.4c0 6.4 6.4 12.8 12.8 12.8z\" class=\"\"><\/path><\/svg><\/i> <img loading=\"lazy\" decoding=\"async\" width=\"16\" height=\"16\" alt=\"Loading\" src=\"https:\/\/vocesdelacomuna15.com.ar\/wp-content\/plugins\/page-views-count\/ajax-loader-2x.gif\" border=0 \/><\/p><div class=\"pvc_clear\"><\/div>","protected":false},"excerpt":{"rendered":"<p>La propuesta busca plantear una alternativa a la construcci\u00f3n de torres y deber\u00e1 ser considerada por el Legislativo si se superaron las 40 mil adhesiones. Fuente: T\u00e9lam (Publicada el 5 de octubre) Link a nota original: https:\/\/www.telam.com.ar\/notas\/202110\/570760-costa-salguero-peticion-parque-publico.html Organizaciones sociales, pol\u00edticas y ambientales entregaron este martes al bloque del Frente de Todos (FdT) en la Legislatura [&hellip;]<\/p>\n<div class=\"pvc_clear\"><\/div>\n<p id=\"pvc_stats_54798\" class=\"pvc_stats all  \" data-element-id=\"54798\" style=\"\"><i class=\"pvc-stats-icon small\" aria-hidden=\"true\"><svg aria-hidden=\"true\" focusable=\"false\" data-prefix=\"far\" data-icon=\"chart-bar\" role=\"img\" xmlns=\"http:\/\/www.w3.org\/2000\/svg\" viewBox=\"0 0 512 512\" class=\"svg-inline--fa fa-chart-bar fa-w-16 fa-2x\"><path fill=\"currentColor\" d=\"M396.8 352h22.4c6.4 0 12.8-6.4 12.8-12.8V108.8c0-6.4-6.4-12.8-12.8-12.8h-22.4c-6.4 0-12.8 6.4-12.8 12.8v230.4c0 6.4 6.4 12.8 12.8 12.8zm-192 0h22.4c6.4 0 12.8-6.4 12.8-12.8V140.8c0-6.4-6.4-12.8-12.8-12.8h-22.4c-6.4 0-12.8 6.4-12.8 12.8v198.4c0 6.4 6.4 12.8 12.8 12.8zm96 0h22.4c6.4 0 12.8-6.4 12.8-12.8V204.8c0-6.4-6.4-12.8-12.8-12.8h-22.4c-6.4 0-12.8 6.4-12.8 12.8v134.4c0 6.4 6.4 12.8 12.8 12.8zM496 400H48V80c0-8.84-7.16-16-16-16H16C7.16 64 0 71.16 0 80v336c0 17.67 14.33 32 32 32h464c8.84 0 16-7.16 16-16v-16c0-8.84-7.16-16-16-16zm-387.2-48h22.4c6.4 0 12.8-6.4 12.8-12.8v-70.4c0-6.4-6.4-12.8-12.8-12.8h-22.4c-6.4 0-12.8 6.4-12.8 12.8v70.4c0 6.4 6.4 12.8 12.8 12.8z\" class=\"\"><\/path><\/svg><\/i> <img loading=\"lazy\" decoding=\"async\" width=\"16\" height=\"16\" alt=\"Loading\" src=\"https:\/\/vocesdelacomuna15.com.ar\/wp-content\/plugins\/page-views-count\/ajax-loader-2x.gif\" border=0 \/><\/p>\n<div class=\"pvc_clear\"><\/div>\n","protected":false},"author":2,"featured_media":54799,"comment_status":"open","ping_status":"open","sticky":false,"template":"","format":"standard","meta":{"_et_pb_use_builder":"off","_et_pb_old_content":"","_et_gb_content_width":"","footnotes":""},"categories":[26],"tags":[],"class_list":["post-54798","post","type-post","status-publish","format-standard","has-post-thumbnail","hentry","category-ciudad","et-has-post-format-content","et_post_format-et-post-format-standard"],"a3_pvc":{"activated":true,"total_views":189,"today_views":0},"yoast_head":"<!-- This site is optimized with the Yoast SEO plugin v27.5 - https:\/\/yoast.com\/product\/yoast-seo-wordpress\/ -->\n<title>Entregaron las firmas de la petici\u00f3n para crear un parque p\u00fablico en Costa Salguero - Voces de la Comuna 15<\/title>\n<meta name=\"description\" content=\"Voces de la Comuna 15\" \/>\n<meta name=\"robots\" content=\"index, follow, max-snippet:-1, max-image-preview:large, max-video-preview:-1\" \/>\n<link rel=\"canonical\" href=\"https:\/\/vocesdelacomuna15.com.ar\/press\/entregaron-las-firmas-de-la-peticion-para-crear-un-parque-publico-en-costa-salguero\/\" \/>\n<meta property=\"og:locale\" content=\"es_ES\" \/>\n<meta property=\"og:type\" content=\"article\" \/>\n<meta property=\"og:title\" content=\"Entregaron las firmas de la petici\u00f3n para crear un parque p\u00fablico en Costa Salguero - Voces de la Comuna 15\" \/>\n<meta property=\"og:description\" content=\"Voces de la Comuna 15\" \/>\n<meta property=\"og:url\" content=\"https:\/\/vocesdelacomuna15.com.ar\/press\/entregaron-las-firmas-de-la-peticion-para-crear-un-parque-publico-en-costa-salguero\/\" \/>\n<meta property=\"og:site_name\" content=\"Voces de la Comuna 15\" \/>\n<meta property=\"article:publisher\" content=\"https:\/\/www.facebook.com\/VocesComuna15\/\" \/>\n<meta property=\"article:published_time\" content=\"2021-10-11T16:45:18+00:00\" \/>\n<meta property=\"og:image\" content=\"https:\/\/vocesdelacomuna15.com.ar\/wp-content\/uploads\/2021\/10\/costa0810.jpg\" \/>\n\t<meta property=\"og:image:width\" content=\"1004\" \/>\n\t<meta property=\"og:image:height\" content=\"565\" \/>\n\t<meta property=\"og:image:type\" content=\"image\/jpeg\" \/>\n<meta name=\"author\" content=\"Federico Arguto\" \/>\n<meta name=\"twitter:card\" content=\"summary_large_image\" \/>\n<meta name=\"twitter:creator\" content=\"@vocescomuna15\" \/>\n<meta name=\"twitter:site\" content=\"@vocescomuna15\" \/>\n<meta name=\"twitter:label1\" content=\"Escrito por\" \/>\n\t<meta name=\"twitter:data1\" content=\"Federico Arguto\" \/>\n\t<meta name=\"twitter:label2\" content=\"Tiempo de lectura\" \/>\n\t<meta name=\"twitter:data2\" content=\"5 minutos\" \/>\n<script type=\"application\/ld+json\" class=\"yoast-schema-graph\">{\"@context\":\"https:\\\/\\\/schema.org\",\"@graph\":[{\"@type\":\"Article\",\"@id\":\"https:\\\/\\\/vocesdelacomuna15.com.ar\\\/press\\\/entregaron-las-firmas-de-la-peticion-para-crear-un-parque-publico-en-costa-salguero\\\/#article\",\"isPartOf\":{\"@id\":\"https:\\\/\\\/vocesdelacomuna15.com.ar\\\/press\\\/entregaron-las-firmas-de-la-peticion-para-crear-un-parque-publico-en-costa-salguero\\\/\"},\"author\":{\"name\":\"Federico Arguto\",\"@id\":\"https:\\\/\\\/vocesdelacomuna15.com.ar\\\/press\\\/#\\\/schema\\\/person\\\/4739e109db25d799cd3d139eeb509e43\"},\"headline\":\"Entregaron las firmas de la petici\u00f3n para crear un parque p\u00fablico en Costa Salguero\",\"datePublished\":\"2021-10-11T16:45:18+00:00\",\"mainEntityOfPage\":{\"@id\":\"https:\\\/\\\/vocesdelacomuna15.com.ar\\\/press\\\/entregaron-las-firmas-de-la-peticion-para-crear-un-parque-publico-en-costa-salguero\\\/\"},\"wordCount\":932,\"commentCount\":0,\"publisher\":{\"@id\":\"https:\\\/\\\/vocesdelacomuna15.com.ar\\\/press\\\/#organization\"},\"image\":{\"@id\":\"https:\\\/\\\/vocesdelacomuna15.com.ar\\\/press\\\/entregaron-las-firmas-de-la-peticion-para-crear-un-parque-publico-en-costa-salguero\\\/#primaryimage\"},\"thumbnailUrl\":\"https:\\\/\\\/vocesdelacomuna15.com.ar\\\/wp-content\\\/uploads\\\/2021\\\/10\\\/costa0810.jpg\",\"articleSection\":[\"Ciudad\"],\"inLanguage\":\"es-AR\",\"potentialAction\":[{\"@type\":\"CommentAction\",\"name\":\"Comment\",\"target\":[\"https:\\\/\\\/vocesdelacomuna15.com.ar\\\/press\\\/entregaron-las-firmas-de-la-peticion-para-crear-un-parque-publico-en-costa-salguero\\\/#respond\"]}]},{\"@type\":\"WebPage\",\"@id\":\"https:\\\/\\\/vocesdelacomuna15.com.ar\\\/press\\\/entregaron-las-firmas-de-la-peticion-para-crear-un-parque-publico-en-costa-salguero\\\/\",\"url\":\"https:\\\/\\\/vocesdelacomuna15.com.ar\\\/press\\\/entregaron-las-firmas-de-la-peticion-para-crear-un-parque-publico-en-costa-salguero\\\/\",\"name\":\"Entregaron las firmas de la petici\u00f3n para crear un parque p\u00fablico en Costa Salguero - Voces de la Comuna 15\",\"isPartOf\":{\"@id\":\"https:\\\/\\\/vocesdelacomuna15.com.ar\\\/press\\\/#website\"},\"primaryImageOfPage\":{\"@id\":\"https:\\\/\\\/vocesdelacomuna15.com.ar\\\/press\\\/entregaron-las-firmas-de-la-peticion-para-crear-un-parque-publico-en-costa-salguero\\\/#primaryimage\"},\"image\":{\"@id\":\"https:\\\/\\\/vocesdelacomuna15.com.ar\\\/press\\\/entregaron-las-firmas-de-la-peticion-para-crear-un-parque-publico-en-costa-salguero\\\/#primaryimage\"},\"thumbnailUrl\":\"https:\\\/\\\/vocesdelacomuna15.com.ar\\\/wp-content\\\/uploads\\\/2021\\\/10\\\/costa0810.jpg\",\"datePublished\":\"2021-10-11T16:45:18+00:00\",\"description\":\"Voces de la Comuna 15\",\"breadcrumb\":{\"@id\":\"https:\\\/\\\/vocesdelacomuna15.com.ar\\\/press\\\/entregaron-las-firmas-de-la-peticion-para-crear-un-parque-publico-en-costa-salguero\\\/#breadcrumb\"},\"inLanguage\":\"es-AR\",\"potentialAction\":[{\"@type\":\"ReadAction\",\"target\":[\"https:\\\/\\\/vocesdelacomuna15.com.ar\\\/press\\\/entregaron-las-firmas-de-la-peticion-para-crear-un-parque-publico-en-costa-salguero\\\/\"]}]},{\"@type\":\"ImageObject\",\"inLanguage\":\"es-AR\",\"@id\":\"https:\\\/\\\/vocesdelacomuna15.com.ar\\\/press\\\/entregaron-las-firmas-de-la-peticion-para-crear-un-parque-publico-en-costa-salguero\\\/#primaryimage\",\"url\":\"https:\\\/\\\/vocesdelacomuna15.com.ar\\\/wp-content\\\/uploads\\\/2021\\\/10\\\/costa0810.jpg\",\"contentUrl\":\"https:\\\/\\\/vocesdelacomuna15.com.ar\\\/wp-content\\\/uploads\\\/2021\\\/10\\\/costa0810.jpg\",\"width\":1004,\"height\":565},{\"@type\":\"BreadcrumbList\",\"@id\":\"https:\\\/\\\/vocesdelacomuna15.com.ar\\\/press\\\/entregaron-las-firmas-de-la-peticion-para-crear-un-parque-publico-en-costa-salguero\\\/#breadcrumb\",\"itemListElement\":[{\"@type\":\"ListItem\",\"position\":1,\"name\":\"Inicio\",\"item\":\"https:\\\/\\\/vocesdelacomuna15.com.ar\\\/press\\\/\"},{\"@type\":\"ListItem\",\"position\":2,\"name\":\"Entregaron las firmas de la petici\u00f3n para crear un parque p\u00fablico en Costa Salguero\"}]},{\"@type\":\"WebSite\",\"@id\":\"https:\\\/\\\/vocesdelacomuna15.com.ar\\\/press\\\/#website\",\"url\":\"https:\\\/\\\/vocesdelacomuna15.com.ar\\\/press\\\/\",\"name\":\"Voces de la Comuna 15\",\"description\":\"Sitio web de noticias\",\"publisher\":{\"@id\":\"https:\\\/\\\/vocesdelacomuna15.com.ar\\\/press\\\/#organization\"},\"potentialAction\":[{\"@type\":\"SearchAction\",\"target\":{\"@type\":\"EntryPoint\",\"urlTemplate\":\"https:\\\/\\\/vocesdelacomuna15.com.ar\\\/press\\\/?s={search_term_string}\"},\"query-input\":{\"@type\":\"PropertyValueSpecification\",\"valueRequired\":true,\"valueName\":\"search_term_string\"}}],\"inLanguage\":\"es-AR\"},{\"@type\":\"Organization\",\"@id\":\"https:\\\/\\\/vocesdelacomuna15.com.ar\\\/press\\\/#organization\",\"name\":\"Voces de la Comuna 15\",\"url\":\"https:\\\/\\\/vocesdelacomuna15.com.ar\\\/press\\\/\",\"logo\":{\"@type\":\"ImageObject\",\"inLanguage\":\"es-AR\",\"@id\":\"https:\\\/\\\/vocesdelacomuna15.com.ar\\\/press\\\/#\\\/schema\\\/logo\\\/image\\\/\",\"url\":\"https:\\\/\\\/vocesdelacomuna15.com.ar\\\/wp-content\\\/uploads\\\/2024\\\/12\\\/cropped-logo_voces.jpg\",\"contentUrl\":\"https:\\\/\\\/vocesdelacomuna15.com.ar\\\/wp-content\\\/uploads\\\/2024\\\/12\\\/cropped-logo_voces.jpg\",\"width\":512,\"height\":512,\"caption\":\"Voces de la Comuna 15\"},\"image\":{\"@id\":\"https:\\\/\\\/vocesdelacomuna15.com.ar\\\/press\\\/#\\\/schema\\\/logo\\\/image\\\/\"},\"sameAs\":[\"https:\\\/\\\/www.facebook.com\\\/VocesComuna15\\\/\",\"https:\\\/\\\/x.com\\\/vocescomuna15\"]},{\"@type\":\"Person\",\"@id\":\"https:\\\/\\\/vocesdelacomuna15.com.ar\\\/press\\\/#\\\/schema\\\/person\\\/4739e109db25d799cd3d139eeb509e43\",\"name\":\"Federico Arguto\",\"image\":{\"@type\":\"ImageObject\",\"inLanguage\":\"es-AR\",\"@id\":\"https:\\\/\\\/vocesdelacomuna15.com.ar\\\/wp-content\\\/litespeed\\\/avatar\\\/82faf979976f1bae889b8b71f8a0a7e5.jpg?ver=1777419741\",\"url\":\"https:\\\/\\\/vocesdelacomuna15.com.ar\\\/wp-content\\\/litespeed\\\/avatar\\\/82faf979976f1bae889b8b71f8a0a7e5.jpg?ver=1777419741\",\"contentUrl\":\"https:\\\/\\\/vocesdelacomuna15.com.ar\\\/wp-content\\\/litespeed\\\/avatar\\\/82faf979976f1bae889b8b71f8a0a7e5.jpg?ver=1777419741\",\"caption\":\"Federico Arguto\"},\"url\":\"https:\\\/\\\/vocesdelacomuna15.com.ar\\\/press\\\/author\\\/fede\\\/\"}]}<\/script>\n<!-- \/ Yoast SEO plugin. -->","yoast_head_json":{"title":"Entregaron las firmas de la petici\u00f3n para crear un parque p\u00fablico en Costa Salguero - Voces de la Comuna 15","description":"Voces de la Comuna 15","robots":{"index":"index","follow":"follow","max-snippet":"max-snippet:-1","max-image-preview":"max-image-preview:large","max-video-preview":"max-video-preview:-1"},"canonical":"https:\/\/vocesdelacomuna15.com.ar\/press\/entregaron-las-firmas-de-la-peticion-para-crear-un-parque-publico-en-costa-salguero\/","og_locale":"es_ES","og_type":"article","og_title":"Entregaron las firmas de la petici\u00f3n para crear un parque p\u00fablico en Costa Salguero - Voces de la Comuna 15","og_description":"Voces de la Comuna 15","og_url":"https:\/\/vocesdelacomuna15.com.ar\/press\/entregaron-las-firmas-de-la-peticion-para-crear-un-parque-publico-en-costa-salguero\/","og_site_name":"Voces de la Comuna 15","article_publisher":"https:\/\/www.facebook.com\/VocesComuna15\/","article_published_time":"2021-10-11T16:45:18+00:00","og_image":[{"width":1004,"height":565,"url":"https:\/\/vocesdelacomuna15.com.ar\/wp-content\/uploads\/2021\/10\/costa0810.jpg","type":"image\/jpeg"}],"author":"Federico Arguto","twitter_card":"summary_large_image","twitter_creator":"@vocescomuna15","twitter_site":"@vocescomuna15","twitter_misc":{"Escrito por":"Federico Arguto","Tiempo de lectura":"5 minutos"},"schema":{"@context":"https:\/\/schema.org","@graph":[{"@type":"Article","@id":"https:\/\/vocesdelacomuna15.com.ar\/press\/entregaron-las-firmas-de-la-peticion-para-crear-un-parque-publico-en-costa-salguero\/#article","isPartOf":{"@id":"https:\/\/vocesdelacomuna15.com.ar\/press\/entregaron-las-firmas-de-la-peticion-para-crear-un-parque-publico-en-costa-salguero\/"},"author":{"name":"Federico Arguto","@id":"https:\/\/vocesdelacomuna15.com.ar\/press\/#\/schema\/person\/4739e109db25d799cd3d139eeb509e43"},"headline":"Entregaron las firmas de la petici\u00f3n para crear un parque p\u00fablico en Costa Salguero","datePublished":"2021-10-11T16:45:18+00:00","mainEntityOfPage":{"@id":"https:\/\/vocesdelacomuna15.com.ar\/press\/entregaron-las-firmas-de-la-peticion-para-crear-un-parque-publico-en-costa-salguero\/"},"wordCount":932,"commentCount":0,"publisher":{"@id":"https:\/\/vocesdelacomuna15.com.ar\/press\/#organization"},"image":{"@id":"https:\/\/vocesdelacomuna15.com.ar\/press\/entregaron-las-firmas-de-la-peticion-para-crear-un-parque-publico-en-costa-salguero\/#primaryimage"},"thumbnailUrl":"https:\/\/vocesdelacomuna15.com.ar\/wp-content\/uploads\/2021\/10\/costa0810.jpg","articleSection":["Ciudad"],"inLanguage":"es-AR","potentialAction":[{"@type":"CommentAction","name":"Comment","target":["https:\/\/vocesdelacomuna15.com.ar\/press\/entregaron-las-firmas-de-la-peticion-para-crear-un-parque-publico-en-costa-salguero\/#respond"]}]},{"@type":"WebPage","@id":"https:\/\/vocesdelacomuna15.com.ar\/press\/entregaron-las-firmas-de-la-peticion-para-crear-un-parque-publico-en-costa-salguero\/","url":"https:\/\/vocesdelacomuna15.com.ar\/press\/entregaron-las-firmas-de-la-peticion-para-crear-un-parque-publico-en-costa-salguero\/","name":"Entregaron las firmas de la petici\u00f3n para crear un parque p\u00fablico en Costa Salguero - Voces de la Comuna 15","isPartOf":{"@id":"https:\/\/vocesdelacomuna15.com.ar\/press\/#website"},"primaryImageOfPage":{"@id":"https:\/\/vocesdelacomuna15.com.ar\/press\/entregaron-las-firmas-de-la-peticion-para-crear-un-parque-publico-en-costa-salguero\/#primaryimage"},"image":{"@id":"https:\/\/vocesdelacomuna15.com.ar\/press\/entregaron-las-firmas-de-la-peticion-para-crear-un-parque-publico-en-costa-salguero\/#primaryimage"},"thumbnailUrl":"https:\/\/vocesdelacomuna15.com.ar\/wp-content\/uploads\/2021\/10\/costa0810.jpg","datePublished":"2021-10-11T16:45:18+00:00","description":"Voces de la Comuna 15","breadcrumb":{"@id":"https:\/\/vocesdelacomuna15.com.ar\/press\/entregaron-las-firmas-de-la-peticion-para-crear-un-parque-publico-en-costa-salguero\/#breadcrumb"},"inLanguage":"es-AR","potentialAction":[{"@type":"ReadAction","target":["https:\/\/vocesdelacomuna15.com.ar\/press\/entregaron-las-firmas-de-la-peticion-para-crear-un-parque-publico-en-costa-salguero\/"]}]},{"@type":"ImageObject","inLanguage":"es-AR","@id":"https:\/\/vocesdelacomuna15.com.ar\/press\/entregaron-las-firmas-de-la-peticion-para-crear-un-parque-publico-en-costa-salguero\/#primaryimage","url":"https:\/\/vocesdelacomuna15.com.ar\/wp-content\/uploads\/2021\/10\/costa0810.jpg","contentUrl":"https:\/\/vocesdelacomuna15.com.ar\/wp-content\/uploads\/2021\/10\/costa0810.jpg","width":1004,"height":565},{"@type":"BreadcrumbList","@id":"https:\/\/vocesdelacomuna15.com.ar\/press\/entregaron-las-firmas-de-la-peticion-para-crear-un-parque-publico-en-costa-salguero\/#breadcrumb","itemListElement":[{"@type":"ListItem","position":1,"name":"Inicio","item":"https:\/\/vocesdelacomuna15.com.ar\/press\/"},{"@type":"ListItem","position":2,"name":"Entregaron las firmas de la petici\u00f3n para crear un parque p\u00fablico en Costa Salguero"}]},{"@type":"WebSite","@id":"https:\/\/vocesdelacomuna15.com.ar\/press\/#website","url":"https:\/\/vocesdelacomuna15.com.ar\/press\/","name":"Voces de la Comuna 15","description":"Sitio web de noticias","publisher":{"@id":"https:\/\/vocesdelacomuna15.com.ar\/press\/#organization"},"potentialAction":[{"@type":"SearchAction","target":{"@type":"EntryPoint","urlTemplate":"https:\/\/vocesdelacomuna15.com.ar\/press\/?s={search_term_string}"},"query-input":{"@type":"PropertyValueSpecification","valueRequired":true,"valueName":"search_term_string"}}],"inLanguage":"es-AR"},{"@type":"Organization","@id":"https:\/\/vocesdelacomuna15.com.ar\/press\/#organization","name":"Voces de la Comuna 15","url":"https:\/\/vocesdelacomuna15.com.ar\/press\/","logo":{"@type":"ImageObject","inLanguage":"es-AR","@id":"https:\/\/vocesdelacomuna15.com.ar\/press\/#\/schema\/logo\/image\/","url":"https:\/\/vocesdelacomuna15.com.ar\/wp-content\/uploads\/2024\/12\/cropped-logo_voces.jpg","contentUrl":"https:\/\/vocesdelacomuna15.com.ar\/wp-content\/uploads\/2024\/12\/cropped-logo_voces.jpg","width":512,"height":512,"caption":"Voces de la Comuna 15"},"image":{"@id":"https:\/\/vocesdelacomuna15.com.ar\/press\/#\/schema\/logo\/image\/"},"sameAs":["https:\/\/www.facebook.com\/VocesComuna15\/","https:\/\/x.com\/vocescomuna15"]},{"@type":"Person","@id":"https:\/\/vocesdelacomuna15.com.ar\/press\/#\/schema\/person\/4739e109db25d799cd3d139eeb509e43","name":"Federico Arguto","image":{"@type":"ImageObject","inLanguage":"es-AR","@id":"https:\/\/vocesdelacomuna15.com.ar\/wp-content\/litespeed\/avatar\/82faf979976f1bae889b8b71f8a0a7e5.jpg?ver=1777419741","url":"https:\/\/vocesdelacomuna15.com.ar\/wp-content\/litespeed\/avatar\/82faf979976f1bae889b8b71f8a0a7e5.jpg?ver=1777419741","contentUrl":"https:\/\/vocesdelacomuna15.com.ar\/wp-content\/litespeed\/avatar\/82faf979976f1bae889b8b71f8a0a7e5.jpg?ver=1777419741","caption":"Federico Arguto"},"url":"https:\/\/vocesdelacomuna15.com.ar\/press\/author\/fede\/"}]}},"_links":{"self":[{"href":"https:\/\/vocesdelacomuna15.com.ar\/press\/wp-json\/wp\/v2\/posts\/54798","targetHints":{"allow":["GET"]}}],"collection":[{"href":"https:\/\/vocesdelacomuna15.com.ar\/press\/wp-json\/wp\/v2\/posts"}],"about":[{"href":"https:\/\/vocesdelacomuna15.com.ar\/press\/wp-json\/wp\/v2\/types\/post"}],"author":[{"embeddable":true,"href":"https:\/\/vocesdelacomuna15.com.ar\/press\/wp-json\/wp\/v2\/users\/2"}],"replies":[{"embeddable":true,"href":"https:\/\/vocesdelacomuna15.com.ar\/press\/wp-json\/wp\/v2\/comments?post=54798"}],"version-history":[{"count":1,"href":"https:\/\/vocesdelacomuna15.com.ar\/press\/wp-json\/wp\/v2\/posts\/54798\/revisions"}],"predecessor-version":[{"id":54800,"href":"https:\/\/vocesdelacomuna15.com.ar\/press\/wp-json\/wp\/v2\/posts\/54798\/revisions\/54800"}],"wp:featuredmedia":[{"embeddable":true,"href":"https:\/\/vocesdelacomuna15.com.ar\/press\/wp-json\/wp\/v2\/media\/54799"}],"wp:attachment":[{"href":"https:\/\/vocesdelacomuna15.com.ar\/press\/wp-json\/wp\/v2\/media?parent=54798"}],"wp:term":[{"taxonomy":"category","embeddable":true,"href":"https:\/\/vocesdelacomuna15.com.ar\/press\/wp-json\/wp\/v2\/categories?post=54798"},{"taxonomy":"post_tag","embeddable":true,"href":"https:\/\/vocesdelacomuna15.com.ar\/press\/wp-json\/wp\/v2\/tags?post=54798"}],"curies":[{"name":"wp","href":"https:\/\/api.w.org\/{rel}","templated":true}]}}