{"id":54779,"date":"2021-10-05T17:56:05","date_gmt":"2021-10-05T20:56:05","guid":{"rendered":"http:\/\/vocesdelacomuna15.com.ar\/wordpress\/?p=54779"},"modified":"2021-10-05T17:56:12","modified_gmt":"2021-10-05T20:56:12","slug":"vecinos-de-villa-crespo-reclamaron-por-la-terminacion-de-la-estacion-villa-crespo-del-san-martin","status":"publish","type":"post","link":"https:\/\/vocesdelacomuna15.com.ar\/press\/vecinos-de-villa-crespo-reclamaron-por-la-terminacion-de-la-estacion-villa-crespo-del-san-martin\/","title":{"rendered":"Vecinos de Villa Crespo reclamaron por la terminaci\u00f3n de la estaci\u00f3n Villa Crespo del San Mart\u00edn"},"content":{"rendered":"\n<p><em>El pasado viernes por la tarde, vecinos y vecinas de Villa Crespo y Chacarita realizaron un banderazo con radio abierta para reclamar por las obras inconclusas por parte del Gobierno de la Ciudad de la estaci\u00f3n Villa Crespo del Ferrocarril San Mart\u00edn. Nota: Dafne Strobino Niedermaier<\/em><\/p>\n\n\n\n<p>La finalizaci\u00f3n de las obras del Viaducto San Mart\u00edn y de las estaciones La Paternal y Villa Crespo\/Chacarita contin\u00faa demor\u00e1ndose. El s\u00e1bado 25 de septiembre se cumplieron cuatro a\u00f1os de que el tren pasa, pero no para. A dos a\u00f1os de las promesas de campa\u00f1a del actual jefe de Gobierno, Horacio Rodr\u00edguez Larreta, los y las vecinas siguen esperando que se finalicen las obras y se reabran las estaciones inconclusas.<\/p>\n\n\n\n<p>Es por eso que el pasado\nviernes por la tarde, organizaciones pol\u00edticas y sociales de la Comuna 15,\njunto a vecinos y vecinas de los barrios de Chacarita y Villa Crespo realizaron\nun banderazo y radio abierta sobre la avenida Corrientes entre Dorrego y Humboldt\npara visibilizar esta situaci\u00f3n: a la Comuna 15 la dejaron sin tren.<\/p>\n\n\n\n<p>Luis C\u00faneo, referente de la\nagrupaci\u00f3n Nueva Comuna dijo que \u201cLa elevaci\u00f3n de los ferrocarriles San Mart\u00edn\ny Mitre fue una inversi\u00f3n desmesurada para una obra que nadie hab\u00eda reclamado\nni demandado. Hoy, despu\u00e9s de 4 a\u00f1os, las estaciones Villa Crespo y La Paternal\nsiguen cerradas, nuestros barrios se llenaron de nuevos bald\u00edos y los terrenos\ndel bajo viaducto se encuentran en estado de abandono. Exigimos al jefe de\nGobierno Horacio Rodr\u00edguez Larreta que termine con las inconclusas obras del\nviaducto San Mart\u00edn. Que le devuelva a la Comuna 15 el tren y abra en forma\ninmediata las estaciones de Villa Crespo y La Paternal\u201d. <\/p>\n\n\n\n<p>A la radio abierta se sumaron diferentes voces como la del comunero por el Frente de Todos en la Comuna 3 Miguel Varela y la ex legisladora Mar\u00eda Jos\u00e9 Lubertino. La velada estuvo acompa\u00f1ada al ritmo de la murga Destacados por la Alegr\u00eda de Villa Crespo.<\/p>\n\n\n\n<figure class=\"wp-block-image\"><img loading=\"lazy\" decoding=\"async\" width=\"1024\" height=\"768\" src=\"http:\/\/vocesdelacomuna15.com.ar\/wordpress\/wp-content\/uploads\/2021\/10\/20211001_185931-1024x768.jpg\" alt=\"\" class=\"wp-image-54782\" srcset=\"https:\/\/vocesdelacomuna15.com.ar\/wp-content\/uploads\/2021\/10\/20211001_185931-1024x768.jpg 1024w, https:\/\/vocesdelacomuna15.com.ar\/wp-content\/uploads\/2021\/10\/20211001_185931-300x225.jpg 300w, https:\/\/vocesdelacomuna15.com.ar\/wp-content\/uploads\/2021\/10\/20211001_185931-768x576.jpg 768w, https:\/\/vocesdelacomuna15.com.ar\/wp-content\/uploads\/2021\/10\/20211001_185931-1080x810.jpg 1080w, https:\/\/vocesdelacomuna15.com.ar\/wp-content\/uploads\/2021\/10\/20211001_185931-600x450.jpg 600w\" sizes=\"(max-width: 1024px) 100vw, 1024px\" \/><\/figure>\n\n\n\n<p>En tanto el comunero por el Frente de Todos Leonardo Lucchese expres\u00f3 que \u201cEn 2019 Larreta anunciaba la inauguraci\u00f3n de estas estaciones, sin embargo, hoy en d\u00eda siguen cerradas y el Gobierno de la Ciudad no da respuesta. El cierre de las estaciones es una problem\u00e1tica que afecta a usuarios, vecinos, vecinas y comerciantes. En lugar de generar respuestas, el Gobierno porte\u00f1o propone concesionar la obra del bajo viaducto, ignorando el reclamo de vecinos y vecinas y perpetuando sus negociados para pocos\u201d.<\/p>\n\n\n\n<figure class=\"wp-block-image\"><img loading=\"lazy\" decoding=\"async\" width=\"1024\" height=\"768\" src=\"http:\/\/vocesdelacomuna15.com.ar\/wordpress\/wp-content\/uploads\/2021\/10\/20211001_183145-1024x768.jpg\" alt=\"\" class=\"wp-image-54783\" srcset=\"https:\/\/vocesdelacomuna15.com.ar\/wp-content\/uploads\/2021\/10\/20211001_183145-1024x768.jpg 1024w, https:\/\/vocesdelacomuna15.com.ar\/wp-content\/uploads\/2021\/10\/20211001_183145-300x225.jpg 300w, https:\/\/vocesdelacomuna15.com.ar\/wp-content\/uploads\/2021\/10\/20211001_183145-768x576.jpg 768w, https:\/\/vocesdelacomuna15.com.ar\/wp-content\/uploads\/2021\/10\/20211001_183145-1080x810.jpg 1080w, https:\/\/vocesdelacomuna15.com.ar\/wp-content\/uploads\/2021\/10\/20211001_183145-600x450.jpg 600w\" sizes=\"(max-width: 1024px) 100vw, 1024px\" \/><\/figure>\n\n\n\n<p>Todo comenz\u00f3 durante el\ngobierno de Mauricio Macri cuando Naci\u00f3n traspas\u00f3 las obras de los viaductos de\nlos trenes Mitre y San Mart\u00edn a la Ciudad. La elevaci\u00f3n de las v\u00edas fue, junto\nal Paseo del Bajo, una parte central de la campa\u00f1a electoral de 2019.<\/p>\n\n\n\n<p>El Viaducto San Mart\u00edn se\ninaugur\u00f3 con bombos y platillos el 10 de julio de 2019 durante la campa\u00f1a para\nlas PASO. Sin embargo, la postal que se ve ahora son calles cortadas, obradores\nabandonados, carteles que anuncian la obra, estructuras de gr\u00faas, escombros y\nbasura. Lo que sucedi\u00f3 fue que la Ciudad tom\u00f3 la pol\u00e9mica decisi\u00f3n de suspender\nlos trabajos.<\/p>\n\n\n\n<p>La UTE Green-Rottio, que ten\u00eda\na cargo la obra, comenz\u00f3 con problemas financieros a pesar de los pagos\npuntuales que realizaba el gobierno de Rodr\u00edguez Larreta. El concurso\npreventivo no tard\u00f3 en llegar dejando una deuda de m\u00e1s de $400 millones (a\nseptiembre 2019), perjudicando a 50 PyMEs que Green-Rottio subcontrataba para\nla realizaci\u00f3n de las obras.<\/p>\n\n\n\n<p>Al comienzo de las obras el\nGobierno porte\u00f1o contrat\u00f3 colectivos para que los pasajeros puedan hacer el\ntramo que les faltaba, part\u00eda de Villa del Parque y llegaban hasta Palermo,\npero, tras la ficticia inauguraci\u00f3n, este servicio se dio de baja.<\/p>\n\n\n\n<p>En 2020, desde el Gobierno de\nla Ciudad aseguraron que \u201cno se considera prioritario terminar las obras de las\nestaciones Villa Crespo y La Paternal\u201d. La excusa esta vez fue por la quita del\n1.8 de la Coparticipaci\u00f3n Federal y por la pandemia de Covid-19.<\/p>\n\n\n\n<p>Lo cierto es que mucho antes\nde la pandemia de coronavirus las obras estaban abandonadas. Y ante este\nabandono, el Gobierno de la Ciudad decidi\u00f3 este a\u00f1o que le devolver\u00eda las obras\nal Estado nacional para que termine lo que Rodr\u00edguez Larreta no pudo. &#8220;M\u00e1s\nall\u00e1 de lo que corresponda la gente necesita usar esas estaciones y nuestra\nprioridad es que se termine, por eso estamos evaluando qu\u00e9 hacer&#8221;, dijeron\ndesde Naci\u00f3n.<\/p>\n\n\n\n<p>La Ciudad no quiere el dinero\npara terminar las obras, sino que directamente la Naci\u00f3n se haga cargo de\nlicitarlas, un proceso que puede llevar varios meses. Desde el Ministerio de\nTransporte que conduce Alexis Guerrera explicaron que estuvieron evaluando el\nestado de las obras en Villa Crespo y La Paternal y se encontraron que est\u00e1n en\nestado de abandono, algo que se repite en otras paradas del ferrocarril San\nMart\u00edn.<\/p>\n\n\n\n<p>En las estaciones La Paternal y Villa Crespo-Chacarita queda pendiente completar la construcci\u00f3n de escaleras y losas de and\u00e9n, instalaciones (sanitarias, el\u00e9ctricas de iluminaci\u00f3n, de incendio, de calefacci\u00f3n), mobiliario urbano, provisi\u00f3n de cubiertas, y puesta en servicio y habilitaci\u00f3n de ascensores y escaleras mec\u00e1nicas. Adem\u00e1s, falta terminar reparaciones de muros, ejecuci\u00f3n de descargas pluviales, colocaci\u00f3n de paneles ac\u00fasticos, reparaciones de vigas, columnas y dinteles, y demolici\u00f3n de estructuras provisorias relacionadas con la posterior desmovilizaci\u00f3n de obra que comenz\u00f3 en junio de 2017.<\/p>\n\n\n\n<figure class=\"wp-block-image\"><img loading=\"lazy\" decoding=\"async\" width=\"1024\" height=\"601\" src=\"http:\/\/vocesdelacomuna15.com.ar\/wordpress\/wp-content\/uploads\/2021\/10\/IMG-20211001-WA0062-1024x601.jpg\" alt=\"\" class=\"wp-image-54785\" srcset=\"https:\/\/vocesdelacomuna15.com.ar\/wp-content\/uploads\/2021\/10\/IMG-20211001-WA0062.jpg 1024w, https:\/\/vocesdelacomuna15.com.ar\/wp-content\/uploads\/2021\/10\/IMG-20211001-WA0062-300x176.jpg 300w, https:\/\/vocesdelacomuna15.com.ar\/wp-content\/uploads\/2021\/10\/IMG-20211001-WA0062-768x451.jpg 768w, https:\/\/vocesdelacomuna15.com.ar\/wp-content\/uploads\/2021\/10\/IMG-20211001-WA0062-600x352.jpg 600w\" sizes=\"(max-width: 1024px) 100vw, 1024px\" \/><\/figure>\n\n\n\n<p>Tambi\u00e9n participaron de la\nactividad la comunera Jazm\u00edn Tello; La C\u00e1mpora; el colectivo de vecinos de No a\nlas Torres en La Isla de La Paternal; Peronismo Militante; la Asamblea de Juan\nB. Justo y Corrientes; Vecinos Inquietos de La Paternal; el colectivo Dos Mil\nTres; la Asamblea Permanente por el Derecho a la Salud; Pol\u00edtica Obrera. <\/p>\n\n\n\n<p><strong>Dafne Strobino Niedermaier<\/strong><\/p>\n\n\n\n<p>Cel. 15-5037-6918<\/p>\n\n\n\n<p><a href=\"http:\/\/www.agendacultural15.com\/\" target=\"_blank\" rel=\"noreferrer noopener\">www.agendacultural15.com<\/a><\/p>\n\n\n\n<p><a href=\"http:\/\/www.nueva-ciudad.com.ar\/\" target=\"_blank\" rel=\"noreferrer noopener\">www.nueva-ciudad.com.ar<\/a><\/p>\n\n\n\n<p><a href=\"http:\/\/www.comunicacionlocal.com.ar\/\" target=\"_blank\" rel=\"noreferrer noopener\">www.comunicacionlocal.com.ar<\/a><\/p>\n\n\n\n<p><a href=\"http:\/\/www.nuestrobarrioweb.com.ar\/\" target=\"_blank\" rel=\"noreferrer noopener\">www.nuestrobarrioweb.com.ar<\/a><\/p>\n<div class=\"pvc_clear\"><\/div><p id=\"pvc_stats_54779\" class=\"pvc_stats all  \" data-element-id=\"54779\" style=\"\"><i class=\"pvc-stats-icon small\" aria-hidden=\"true\"><svg aria-hidden=\"true\" focusable=\"false\" data-prefix=\"far\" data-icon=\"chart-bar\" role=\"img\" xmlns=\"http:\/\/www.w3.org\/2000\/svg\" viewBox=\"0 0 512 512\" class=\"svg-inline--fa fa-chart-bar fa-w-16 fa-2x\"><path fill=\"currentColor\" d=\"M396.8 352h22.4c6.4 0 12.8-6.4 12.8-12.8V108.8c0-6.4-6.4-12.8-12.8-12.8h-22.4c-6.4 0-12.8 6.4-12.8 12.8v230.4c0 6.4 6.4 12.8 12.8 12.8zm-192 0h22.4c6.4 0 12.8-6.4 12.8-12.8V140.8c0-6.4-6.4-12.8-12.8-12.8h-22.4c-6.4 0-12.8 6.4-12.8 12.8v198.4c0 6.4 6.4 12.8 12.8 12.8zm96 0h22.4c6.4 0 12.8-6.4 12.8-12.8V204.8c0-6.4-6.4-12.8-12.8-12.8h-22.4c-6.4 0-12.8 6.4-12.8 12.8v134.4c0 6.4 6.4 12.8 12.8 12.8zM496 400H48V80c0-8.84-7.16-16-16-16H16C7.16 64 0 71.16 0 80v336c0 17.67 14.33 32 32 32h464c8.84 0 16-7.16 16-16v-16c0-8.84-7.16-16-16-16zm-387.2-48h22.4c6.4 0 12.8-6.4 12.8-12.8v-70.4c0-6.4-6.4-12.8-12.8-12.8h-22.4c-6.4 0-12.8 6.4-12.8 12.8v70.4c0 6.4 6.4 12.8 12.8 12.8z\" class=\"\"><\/path><\/svg><\/i> <img loading=\"lazy\" decoding=\"async\" width=\"16\" height=\"16\" alt=\"Loading\" src=\"https:\/\/vocesdelacomuna15.com.ar\/wp-content\/plugins\/page-views-count\/ajax-loader-2x.gif\" border=0 \/><\/p><div class=\"pvc_clear\"><\/div>","protected":false},"excerpt":{"rendered":"<p>El pasado viernes por la tarde, vecinos y vecinas de Villa Crespo y Chacarita realizaron un banderazo con radio abierta para reclamar por las obras inconclusas por parte del Gobierno de la Ciudad de la estaci\u00f3n Villa Crespo del Ferrocarril San Mart\u00edn. Nota: Dafne Strobino Niedermaier La finalizaci\u00f3n de las obras del Viaducto San Mart\u00edn [&hellip;]<\/p>\n<div class=\"pvc_clear\"><\/div>\n<p id=\"pvc_stats_54779\" class=\"pvc_stats all  \" data-element-id=\"54779\" style=\"\"><i class=\"pvc-stats-icon small\" aria-hidden=\"true\"><svg aria-hidden=\"true\" focusable=\"false\" data-prefix=\"far\" data-icon=\"chart-bar\" role=\"img\" xmlns=\"http:\/\/www.w3.org\/2000\/svg\" viewBox=\"0 0 512 512\" class=\"svg-inline--fa fa-chart-bar fa-w-16 fa-2x\"><path fill=\"currentColor\" d=\"M396.8 352h22.4c6.4 0 12.8-6.4 12.8-12.8V108.8c0-6.4-6.4-12.8-12.8-12.8h-22.4c-6.4 0-12.8 6.4-12.8 12.8v230.4c0 6.4 6.4 12.8 12.8 12.8zm-192 0h22.4c6.4 0 12.8-6.4 12.8-12.8V140.8c0-6.4-6.4-12.8-12.8-12.8h-22.4c-6.4 0-12.8 6.4-12.8 12.8v198.4c0 6.4 6.4 12.8 12.8 12.8zm96 0h22.4c6.4 0 12.8-6.4 12.8-12.8V204.8c0-6.4-6.4-12.8-12.8-12.8h-22.4c-6.4 0-12.8 6.4-12.8 12.8v134.4c0 6.4 6.4 12.8 12.8 12.8zM496 400H48V80c0-8.84-7.16-16-16-16H16C7.16 64 0 71.16 0 80v336c0 17.67 14.33 32 32 32h464c8.84 0 16-7.16 16-16v-16c0-8.84-7.16-16-16-16zm-387.2-48h22.4c6.4 0 12.8-6.4 12.8-12.8v-70.4c0-6.4-6.4-12.8-12.8-12.8h-22.4c-6.4 0-12.8 6.4-12.8 12.8v70.4c0 6.4 6.4 12.8 12.8 12.8z\" class=\"\"><\/path><\/svg><\/i> <img loading=\"lazy\" decoding=\"async\" width=\"16\" height=\"16\" alt=\"Loading\" src=\"https:\/\/vocesdelacomuna15.com.ar\/wp-content\/plugins\/page-views-count\/ajax-loader-2x.gif\" border=0 \/><\/p>\n<div class=\"pvc_clear\"><\/div>\n","protected":false},"author":2,"featured_media":54781,"comment_status":"open","ping_status":"open","sticky":false,"template":"","format":"standard","meta":{"_et_pb_use_builder":"off","_et_pb_old_content":"","_et_gb_content_width":"","footnotes":""},"categories":[23,29,8,32],"tags":[],"class_list":["post-54779","post","type-post","status-publish","format-standard","has-post-thumbnail","hentry","category-chacarita","category-lapa","category-sociedad","category-vcre","et-has-post-format-content","et_post_format-et-post-format-standard"],"a3_pvc":{"activated":true,"total_views":464,"today_views":0},"yoast_head":"<!-- This site is optimized with the Yoast SEO plugin v27.5 - https:\/\/yoast.com\/product\/yoast-seo-wordpress\/ -->\n<title>Vecinos de Villa Crespo reclamaron por la terminaci\u00f3n de la estaci\u00f3n Villa Crespo del San Mart\u00edn - Voces de la Comuna 15<\/title>\n<meta name=\"description\" content=\"Voces de la Comuna 15\" \/>\n<meta name=\"robots\" content=\"index, follow, max-snippet:-1, max-image-preview:large, max-video-preview:-1\" \/>\n<link rel=\"canonical\" href=\"https:\/\/vocesdelacomuna15.com.ar\/press\/vecinos-de-villa-crespo-reclamaron-por-la-terminacion-de-la-estacion-villa-crespo-del-san-martin\/\" \/>\n<meta property=\"og:locale\" content=\"es_ES\" \/>\n<meta property=\"og:type\" content=\"article\" \/>\n<meta property=\"og:title\" content=\"Vecinos de Villa Crespo reclamaron por la terminaci\u00f3n de la estaci\u00f3n Villa Crespo del San Mart\u00edn - Voces de la Comuna 15\" \/>\n<meta property=\"og:description\" content=\"Voces de la Comuna 15\" \/>\n<meta property=\"og:url\" content=\"https:\/\/vocesdelacomuna15.com.ar\/press\/vecinos-de-villa-crespo-reclamaron-por-la-terminacion-de-la-estacion-villa-crespo-del-san-martin\/\" \/>\n<meta property=\"og:site_name\" content=\"Voces de la Comuna 15\" \/>\n<meta property=\"article:publisher\" content=\"https:\/\/www.facebook.com\/VocesComuna15\/\" \/>\n<meta property=\"article:published_time\" content=\"2021-10-05T20:56:05+00:00\" \/>\n<meta property=\"article:modified_time\" content=\"2021-10-05T20:56:12+00:00\" \/>\n<meta property=\"og:image\" content=\"https:\/\/vocesdelacomuna15.com.ar\/wp-content\/uploads\/2021\/10\/20211001_1909430.jpg\" \/>\n\t<meta property=\"og:image:width\" content=\"2576\" \/>\n\t<meta property=\"og:image:height\" content=\"1932\" \/>\n\t<meta property=\"og:image:type\" content=\"image\/jpeg\" \/>\n<meta name=\"author\" content=\"Federico Arguto\" \/>\n<meta name=\"twitter:card\" content=\"summary_large_image\" \/>\n<meta name=\"twitter:creator\" content=\"@vocescomuna15\" \/>\n<meta name=\"twitter:site\" content=\"@vocescomuna15\" \/>\n<meta name=\"twitter:label1\" content=\"Escrito por\" \/>\n\t<meta name=\"twitter:data1\" content=\"Federico Arguto\" \/>\n\t<meta name=\"twitter:label2\" content=\"Tiempo de lectura\" \/>\n\t<meta name=\"twitter:data2\" content=\"5 minutos\" \/>\n<script type=\"application\/ld+json\" class=\"yoast-schema-graph\">{\"@context\":\"https:\\\/\\\/schema.org\",\"@graph\":[{\"@type\":\"Article\",\"@id\":\"https:\\\/\\\/vocesdelacomuna15.com.ar\\\/press\\\/vecinos-de-villa-crespo-reclamaron-por-la-terminacion-de-la-estacion-villa-crespo-del-san-martin\\\/#article\",\"isPartOf\":{\"@id\":\"https:\\\/\\\/vocesdelacomuna15.com.ar\\\/press\\\/vecinos-de-villa-crespo-reclamaron-por-la-terminacion-de-la-estacion-villa-crespo-del-san-martin\\\/\"},\"author\":{\"name\":\"Federico Arguto\",\"@id\":\"https:\\\/\\\/vocesdelacomuna15.com.ar\\\/press\\\/#\\\/schema\\\/person\\\/4739e109db25d799cd3d139eeb509e43\"},\"headline\":\"Vecinos de Villa Crespo reclamaron por la terminaci\u00f3n de la estaci\u00f3n Villa Crespo del San Mart\u00edn\",\"datePublished\":\"2021-10-05T20:56:05+00:00\",\"dateModified\":\"2021-10-05T20:56:12+00:00\",\"mainEntityOfPage\":{\"@id\":\"https:\\\/\\\/vocesdelacomuna15.com.ar\\\/press\\\/vecinos-de-villa-crespo-reclamaron-por-la-terminacion-de-la-estacion-villa-crespo-del-san-martin\\\/\"},\"wordCount\":1038,\"commentCount\":0,\"publisher\":{\"@id\":\"https:\\\/\\\/vocesdelacomuna15.com.ar\\\/press\\\/#organization\"},\"image\":{\"@id\":\"https:\\\/\\\/vocesdelacomuna15.com.ar\\\/press\\\/vecinos-de-villa-crespo-reclamaron-por-la-terminacion-de-la-estacion-villa-crespo-del-san-martin\\\/#primaryimage\"},\"thumbnailUrl\":\"https:\\\/\\\/vocesdelacomuna15.com.ar\\\/wp-content\\\/uploads\\\/2021\\\/10\\\/20211001_1909430.jpg\",\"articleSection\":[\"Chacarita\",\"La Paternal\",\"Sociedad\",\"Villa Crespo\"],\"inLanguage\":\"es-AR\",\"potentialAction\":[{\"@type\":\"CommentAction\",\"name\":\"Comment\",\"target\":[\"https:\\\/\\\/vocesdelacomuna15.com.ar\\\/press\\\/vecinos-de-villa-crespo-reclamaron-por-la-terminacion-de-la-estacion-villa-crespo-del-san-martin\\\/#respond\"]}]},{\"@type\":\"WebPage\",\"@id\":\"https:\\\/\\\/vocesdelacomuna15.com.ar\\\/press\\\/vecinos-de-villa-crespo-reclamaron-por-la-terminacion-de-la-estacion-villa-crespo-del-san-martin\\\/\",\"url\":\"https:\\\/\\\/vocesdelacomuna15.com.ar\\\/press\\\/vecinos-de-villa-crespo-reclamaron-por-la-terminacion-de-la-estacion-villa-crespo-del-san-martin\\\/\",\"name\":\"Vecinos de Villa Crespo reclamaron por la terminaci\u00f3n de la estaci\u00f3n Villa Crespo del San Mart\u00edn - Voces de la Comuna 15\",\"isPartOf\":{\"@id\":\"https:\\\/\\\/vocesdelacomuna15.com.ar\\\/press\\\/#website\"},\"primaryImageOfPage\":{\"@id\":\"https:\\\/\\\/vocesdelacomuna15.com.ar\\\/press\\\/vecinos-de-villa-crespo-reclamaron-por-la-terminacion-de-la-estacion-villa-crespo-del-san-martin\\\/#primaryimage\"},\"image\":{\"@id\":\"https:\\\/\\\/vocesdelacomuna15.com.ar\\\/press\\\/vecinos-de-villa-crespo-reclamaron-por-la-terminacion-de-la-estacion-villa-crespo-del-san-martin\\\/#primaryimage\"},\"thumbnailUrl\":\"https:\\\/\\\/vocesdelacomuna15.com.ar\\\/wp-content\\\/uploads\\\/2021\\\/10\\\/20211001_1909430.jpg\",\"datePublished\":\"2021-10-05T20:56:05+00:00\",\"dateModified\":\"2021-10-05T20:56:12+00:00\",\"description\":\"Voces de la Comuna 15\",\"breadcrumb\":{\"@id\":\"https:\\\/\\\/vocesdelacomuna15.com.ar\\\/press\\\/vecinos-de-villa-crespo-reclamaron-por-la-terminacion-de-la-estacion-villa-crespo-del-san-martin\\\/#breadcrumb\"},\"inLanguage\":\"es-AR\",\"potentialAction\":[{\"@type\":\"ReadAction\",\"target\":[\"https:\\\/\\\/vocesdelacomuna15.com.ar\\\/press\\\/vecinos-de-villa-crespo-reclamaron-por-la-terminacion-de-la-estacion-villa-crespo-del-san-martin\\\/\"]}]},{\"@type\":\"ImageObject\",\"inLanguage\":\"es-AR\",\"@id\":\"https:\\\/\\\/vocesdelacomuna15.com.ar\\\/press\\\/vecinos-de-villa-crespo-reclamaron-por-la-terminacion-de-la-estacion-villa-crespo-del-san-martin\\\/#primaryimage\",\"url\":\"https:\\\/\\\/vocesdelacomuna15.com.ar\\\/wp-content\\\/uploads\\\/2021\\\/10\\\/20211001_1909430.jpg\",\"contentUrl\":\"https:\\\/\\\/vocesdelacomuna15.com.ar\\\/wp-content\\\/uploads\\\/2021\\\/10\\\/20211001_1909430.jpg\",\"width\":2576,\"height\":1932},{\"@type\":\"BreadcrumbList\",\"@id\":\"https:\\\/\\\/vocesdelacomuna15.com.ar\\\/press\\\/vecinos-de-villa-crespo-reclamaron-por-la-terminacion-de-la-estacion-villa-crespo-del-san-martin\\\/#breadcrumb\",\"itemListElement\":[{\"@type\":\"ListItem\",\"position\":1,\"name\":\"Inicio\",\"item\":\"https:\\\/\\\/vocesdelacomuna15.com.ar\\\/press\\\/\"},{\"@type\":\"ListItem\",\"position\":2,\"name\":\"Vecinos de Villa Crespo reclamaron por la terminaci\u00f3n de la estaci\u00f3n Villa Crespo del San Mart\u00edn\"}]},{\"@type\":\"WebSite\",\"@id\":\"https:\\\/\\\/vocesdelacomuna15.com.ar\\\/press\\\/#website\",\"url\":\"https:\\\/\\\/vocesdelacomuna15.com.ar\\\/press\\\/\",\"name\":\"Voces de la Comuna 15\",\"description\":\"Sitio web de noticias\",\"publisher\":{\"@id\":\"https:\\\/\\\/vocesdelacomuna15.com.ar\\\/press\\\/#organization\"},\"potentialAction\":[{\"@type\":\"SearchAction\",\"target\":{\"@type\":\"EntryPoint\",\"urlTemplate\":\"https:\\\/\\\/vocesdelacomuna15.com.ar\\\/press\\\/?s={search_term_string}\"},\"query-input\":{\"@type\":\"PropertyValueSpecification\",\"valueRequired\":true,\"valueName\":\"search_term_string\"}}],\"inLanguage\":\"es-AR\"},{\"@type\":\"Organization\",\"@id\":\"https:\\\/\\\/vocesdelacomuna15.com.ar\\\/press\\\/#organization\",\"name\":\"Voces de la Comuna 15\",\"url\":\"https:\\\/\\\/vocesdelacomuna15.com.ar\\\/press\\\/\",\"logo\":{\"@type\":\"ImageObject\",\"inLanguage\":\"es-AR\",\"@id\":\"https:\\\/\\\/vocesdelacomuna15.com.ar\\\/press\\\/#\\\/schema\\\/logo\\\/image\\\/\",\"url\":\"https:\\\/\\\/vocesdelacomuna15.com.ar\\\/wp-content\\\/uploads\\\/2024\\\/12\\\/cropped-logo_voces.jpg\",\"contentUrl\":\"https:\\\/\\\/vocesdelacomuna15.com.ar\\\/wp-content\\\/uploads\\\/2024\\\/12\\\/cropped-logo_voces.jpg\",\"width\":512,\"height\":512,\"caption\":\"Voces de la Comuna 15\"},\"image\":{\"@id\":\"https:\\\/\\\/vocesdelacomuna15.com.ar\\\/press\\\/#\\\/schema\\\/logo\\\/image\\\/\"},\"sameAs\":[\"https:\\\/\\\/www.facebook.com\\\/VocesComuna15\\\/\",\"https:\\\/\\\/x.com\\\/vocescomuna15\"]},{\"@type\":\"Person\",\"@id\":\"https:\\\/\\\/vocesdelacomuna15.com.ar\\\/press\\\/#\\\/schema\\\/person\\\/4739e109db25d799cd3d139eeb509e43\",\"name\":\"Federico Arguto\",\"image\":{\"@type\":\"ImageObject\",\"inLanguage\":\"es-AR\",\"@id\":\"https:\\\/\\\/vocesdelacomuna15.com.ar\\\/wp-content\\\/litespeed\\\/avatar\\\/82faf979976f1bae889b8b71f8a0a7e5.jpg?ver=1777419741\",\"url\":\"https:\\\/\\\/vocesdelacomuna15.com.ar\\\/wp-content\\\/litespeed\\\/avatar\\\/82faf979976f1bae889b8b71f8a0a7e5.jpg?ver=1777419741\",\"contentUrl\":\"https:\\\/\\\/vocesdelacomuna15.com.ar\\\/wp-content\\\/litespeed\\\/avatar\\\/82faf979976f1bae889b8b71f8a0a7e5.jpg?ver=1777419741\",\"caption\":\"Federico Arguto\"},\"url\":\"https:\\\/\\\/vocesdelacomuna15.com.ar\\\/press\\\/author\\\/fede\\\/\"}]}<\/script>\n<!-- \/ Yoast SEO plugin. -->","yoast_head_json":{"title":"Vecinos de Villa Crespo reclamaron por la terminaci\u00f3n de la estaci\u00f3n Villa Crespo del San Mart\u00edn - Voces de la Comuna 15","description":"Voces de la Comuna 15","robots":{"index":"index","follow":"follow","max-snippet":"max-snippet:-1","max-image-preview":"max-image-preview:large","max-video-preview":"max-video-preview:-1"},"canonical":"https:\/\/vocesdelacomuna15.com.ar\/press\/vecinos-de-villa-crespo-reclamaron-por-la-terminacion-de-la-estacion-villa-crespo-del-san-martin\/","og_locale":"es_ES","og_type":"article","og_title":"Vecinos de Villa Crespo reclamaron por la terminaci\u00f3n de la estaci\u00f3n Villa Crespo del San Mart\u00edn - Voces de la Comuna 15","og_description":"Voces de la Comuna 15","og_url":"https:\/\/vocesdelacomuna15.com.ar\/press\/vecinos-de-villa-crespo-reclamaron-por-la-terminacion-de-la-estacion-villa-crespo-del-san-martin\/","og_site_name":"Voces de la Comuna 15","article_publisher":"https:\/\/www.facebook.com\/VocesComuna15\/","article_published_time":"2021-10-05T20:56:05+00:00","article_modified_time":"2021-10-05T20:56:12+00:00","og_image":[{"width":2576,"height":1932,"url":"https:\/\/vocesdelacomuna15.com.ar\/wp-content\/uploads\/2021\/10\/20211001_1909430.jpg","type":"image\/jpeg"}],"author":"Federico Arguto","twitter_card":"summary_large_image","twitter_creator":"@vocescomuna15","twitter_site":"@vocescomuna15","twitter_misc":{"Escrito por":"Federico Arguto","Tiempo de lectura":"5 minutos"},"schema":{"@context":"https:\/\/schema.org","@graph":[{"@type":"Article","@id":"https:\/\/vocesdelacomuna15.com.ar\/press\/vecinos-de-villa-crespo-reclamaron-por-la-terminacion-de-la-estacion-villa-crespo-del-san-martin\/#article","isPartOf":{"@id":"https:\/\/vocesdelacomuna15.com.ar\/press\/vecinos-de-villa-crespo-reclamaron-por-la-terminacion-de-la-estacion-villa-crespo-del-san-martin\/"},"author":{"name":"Federico Arguto","@id":"https:\/\/vocesdelacomuna15.com.ar\/press\/#\/schema\/person\/4739e109db25d799cd3d139eeb509e43"},"headline":"Vecinos de Villa Crespo reclamaron por la terminaci\u00f3n de la estaci\u00f3n Villa Crespo del San Mart\u00edn","datePublished":"2021-10-05T20:56:05+00:00","dateModified":"2021-10-05T20:56:12+00:00","mainEntityOfPage":{"@id":"https:\/\/vocesdelacomuna15.com.ar\/press\/vecinos-de-villa-crespo-reclamaron-por-la-terminacion-de-la-estacion-villa-crespo-del-san-martin\/"},"wordCount":1038,"commentCount":0,"publisher":{"@id":"https:\/\/vocesdelacomuna15.com.ar\/press\/#organization"},"image":{"@id":"https:\/\/vocesdelacomuna15.com.ar\/press\/vecinos-de-villa-crespo-reclamaron-por-la-terminacion-de-la-estacion-villa-crespo-del-san-martin\/#primaryimage"},"thumbnailUrl":"https:\/\/vocesdelacomuna15.com.ar\/wp-content\/uploads\/2021\/10\/20211001_1909430.jpg","articleSection":["Chacarita","La Paternal","Sociedad","Villa Crespo"],"inLanguage":"es-AR","potentialAction":[{"@type":"CommentAction","name":"Comment","target":["https:\/\/vocesdelacomuna15.com.ar\/press\/vecinos-de-villa-crespo-reclamaron-por-la-terminacion-de-la-estacion-villa-crespo-del-san-martin\/#respond"]}]},{"@type":"WebPage","@id":"https:\/\/vocesdelacomuna15.com.ar\/press\/vecinos-de-villa-crespo-reclamaron-por-la-terminacion-de-la-estacion-villa-crespo-del-san-martin\/","url":"https:\/\/vocesdelacomuna15.com.ar\/press\/vecinos-de-villa-crespo-reclamaron-por-la-terminacion-de-la-estacion-villa-crespo-del-san-martin\/","name":"Vecinos de Villa Crespo reclamaron por la terminaci\u00f3n de la estaci\u00f3n Villa Crespo del San Mart\u00edn - Voces de la Comuna 15","isPartOf":{"@id":"https:\/\/vocesdelacomuna15.com.ar\/press\/#website"},"primaryImageOfPage":{"@id":"https:\/\/vocesdelacomuna15.com.ar\/press\/vecinos-de-villa-crespo-reclamaron-por-la-terminacion-de-la-estacion-villa-crespo-del-san-martin\/#primaryimage"},"image":{"@id":"https:\/\/vocesdelacomuna15.com.ar\/press\/vecinos-de-villa-crespo-reclamaron-por-la-terminacion-de-la-estacion-villa-crespo-del-san-martin\/#primaryimage"},"thumbnailUrl":"https:\/\/vocesdelacomuna15.com.ar\/wp-content\/uploads\/2021\/10\/20211001_1909430.jpg","datePublished":"2021-10-05T20:56:05+00:00","dateModified":"2021-10-05T20:56:12+00:00","description":"Voces de la Comuna 15","breadcrumb":{"@id":"https:\/\/vocesdelacomuna15.com.ar\/press\/vecinos-de-villa-crespo-reclamaron-por-la-terminacion-de-la-estacion-villa-crespo-del-san-martin\/#breadcrumb"},"inLanguage":"es-AR","potentialAction":[{"@type":"ReadAction","target":["https:\/\/vocesdelacomuna15.com.ar\/press\/vecinos-de-villa-crespo-reclamaron-por-la-terminacion-de-la-estacion-villa-crespo-del-san-martin\/"]}]},{"@type":"ImageObject","inLanguage":"es-AR","@id":"https:\/\/vocesdelacomuna15.com.ar\/press\/vecinos-de-villa-crespo-reclamaron-por-la-terminacion-de-la-estacion-villa-crespo-del-san-martin\/#primaryimage","url":"https:\/\/vocesdelacomuna15.com.ar\/wp-content\/uploads\/2021\/10\/20211001_1909430.jpg","contentUrl":"https:\/\/vocesdelacomuna15.com.ar\/wp-content\/uploads\/2021\/10\/20211001_1909430.jpg","width":2576,"height":1932},{"@type":"BreadcrumbList","@id":"https:\/\/vocesdelacomuna15.com.ar\/press\/vecinos-de-villa-crespo-reclamaron-por-la-terminacion-de-la-estacion-villa-crespo-del-san-martin\/#breadcrumb","itemListElement":[{"@type":"ListItem","position":1,"name":"Inicio","item":"https:\/\/vocesdelacomuna15.com.ar\/press\/"},{"@type":"ListItem","position":2,"name":"Vecinos de Villa Crespo reclamaron por la terminaci\u00f3n de la estaci\u00f3n Villa Crespo del San Mart\u00edn"}]},{"@type":"WebSite","@id":"https:\/\/vocesdelacomuna15.com.ar\/press\/#website","url":"https:\/\/vocesdelacomuna15.com.ar\/press\/","name":"Voces de la Comuna 15","description":"Sitio web de noticias","publisher":{"@id":"https:\/\/vocesdelacomuna15.com.ar\/press\/#organization"},"potentialAction":[{"@type":"SearchAction","target":{"@type":"EntryPoint","urlTemplate":"https:\/\/vocesdelacomuna15.com.ar\/press\/?s={search_term_string}"},"query-input":{"@type":"PropertyValueSpecification","valueRequired":true,"valueName":"search_term_string"}}],"inLanguage":"es-AR"},{"@type":"Organization","@id":"https:\/\/vocesdelacomuna15.com.ar\/press\/#organization","name":"Voces de la Comuna 15","url":"https:\/\/vocesdelacomuna15.com.ar\/press\/","logo":{"@type":"ImageObject","inLanguage":"es-AR","@id":"https:\/\/vocesdelacomuna15.com.ar\/press\/#\/schema\/logo\/image\/","url":"https:\/\/vocesdelacomuna15.com.ar\/wp-content\/uploads\/2024\/12\/cropped-logo_voces.jpg","contentUrl":"https:\/\/vocesdelacomuna15.com.ar\/wp-content\/uploads\/2024\/12\/cropped-logo_voces.jpg","width":512,"height":512,"caption":"Voces de la Comuna 15"},"image":{"@id":"https:\/\/vocesdelacomuna15.com.ar\/press\/#\/schema\/logo\/image\/"},"sameAs":["https:\/\/www.facebook.com\/VocesComuna15\/","https:\/\/x.com\/vocescomuna15"]},{"@type":"Person","@id":"https:\/\/vocesdelacomuna15.com.ar\/press\/#\/schema\/person\/4739e109db25d799cd3d139eeb509e43","name":"Federico Arguto","image":{"@type":"ImageObject","inLanguage":"es-AR","@id":"https:\/\/vocesdelacomuna15.com.ar\/wp-content\/litespeed\/avatar\/82faf979976f1bae889b8b71f8a0a7e5.jpg?ver=1777419741","url":"https:\/\/vocesdelacomuna15.com.ar\/wp-content\/litespeed\/avatar\/82faf979976f1bae889b8b71f8a0a7e5.jpg?ver=1777419741","contentUrl":"https:\/\/vocesdelacomuna15.com.ar\/wp-content\/litespeed\/avatar\/82faf979976f1bae889b8b71f8a0a7e5.jpg?ver=1777419741","caption":"Federico Arguto"},"url":"https:\/\/vocesdelacomuna15.com.ar\/press\/author\/fede\/"}]}},"_links":{"self":[{"href":"https:\/\/vocesdelacomuna15.com.ar\/press\/wp-json\/wp\/v2\/posts\/54779","targetHints":{"allow":["GET"]}}],"collection":[{"href":"https:\/\/vocesdelacomuna15.com.ar\/press\/wp-json\/wp\/v2\/posts"}],"about":[{"href":"https:\/\/vocesdelacomuna15.com.ar\/press\/wp-json\/wp\/v2\/types\/post"}],"author":[{"embeddable":true,"href":"https:\/\/vocesdelacomuna15.com.ar\/press\/wp-json\/wp\/v2\/users\/2"}],"replies":[{"embeddable":true,"href":"https:\/\/vocesdelacomuna15.com.ar\/press\/wp-json\/wp\/v2\/comments?post=54779"}],"version-history":[{"count":1,"href":"https:\/\/vocesdelacomuna15.com.ar\/press\/wp-json\/wp\/v2\/posts\/54779\/revisions"}],"predecessor-version":[{"id":54788,"href":"https:\/\/vocesdelacomuna15.com.ar\/press\/wp-json\/wp\/v2\/posts\/54779\/revisions\/54788"}],"wp:featuredmedia":[{"embeddable":true,"href":"https:\/\/vocesdelacomuna15.com.ar\/press\/wp-json\/wp\/v2\/media\/54781"}],"wp:attachment":[{"href":"https:\/\/vocesdelacomuna15.com.ar\/press\/wp-json\/wp\/v2\/media?parent=54779"}],"wp:term":[{"taxonomy":"category","embeddable":true,"href":"https:\/\/vocesdelacomuna15.com.ar\/press\/wp-json\/wp\/v2\/categories?post=54779"},{"taxonomy":"post_tag","embeddable":true,"href":"https:\/\/vocesdelacomuna15.com.ar\/press\/wp-json\/wp\/v2\/tags?post=54779"}],"curies":[{"name":"wp","href":"https:\/\/api.w.org\/{rel}","templated":true}]}}